{"id":1110,"date":"2015-09-04T08:07:28","date_gmt":"2015-09-04T08:07:28","guid":{"rendered":"https:\/\/teatrulreginamaria.ro\/2015\/09\/04\/prima-premiera-a-stagiunii-seara-de-ajun\/"},"modified":"2015-09-04T08:07:28","modified_gmt":"2015-09-04T08:07:28","slug":"the-first-premiere-of-the-season-on-the-eve","status":"publish","type":"post","link":"https:\/\/www.teatrulreginamaria.ro\/en\/prima-premiera-a-stagiunii-seara-de-ajun\/","title":{"rendered":"FIRST PREMIERE OF THE SEASON \u2013 THE EVENING OF AJUN"},"content":{"rendered":"<p style=\"text-align: justify;\" align=\"center\"><a href=\"https:\/\/www.teatrulreginamaria.ro\/en\/band-josif-vulcan\/files\/2015\/09\/elf.jpg\/\"><\/a>The &quot;Regina Maria&quot; Theater invites you to the premiere of the show &quot;Seara de ajun&quot;, which will take place on Tuesday, September 8, at 7:00 PM, at Moara de R\u0103s\u0103rit. &quot;Seara de ajun&quot;, a contemporary text by Anthony Neilson, is staged by director Ovidiu Cai\u0163a, who is in his second collaboration with the theater, the first project realized here being the show BILOXI BLUES in the 2011-2012 season, which enjoyed extraordinary success.<\/p>\n<p><!--more--><\/p>\n<p style=\"text-align: justify;\">The author of the dramatic text,<strong> Anthony Neilson <\/strong>(born 1967 in Edinburgh), is a Scottish playwright and director, known as a visceral force in contemporary theatre. A proponent of theatre that calls things by their proper names, he has created provocative plays and performances, tackling themes such as sex, violence and mental illness.<\/p>\n<p style=\"text-align: justify;\">\u201e&quot;The Night Before Christmas&quot; is a hilarious anti-pantomime that, starting from the pretext of some commercial clich\u00e9s related to the Christmas holiday: gifts, toys, elves, lights, magic dust, wishes, penetrates a reality different from the apparent magic of the holiday, namely, that of disillusioned people, who are on the verge of completely losing their faith and the desire to fight for their dreams. In such a reality, Christmas is demystified, emptied of its magical background, and only retains its commercial form. For this reason, the appearance of a (possible) elf sparks a whole controversy. The entire conflict revolves around the uncertainty of the identity of this miraculous intruder: is he or is he Santa Claus&#039;s elf? On the other hand, the question arises whether the three people - the owner of the toy store Gary, his skeptical friend Simon and the prostitute Cherry - will regain their hope.<\/p>\n<p style=\"text-align: justify;\">The cast includes the following actors: R\u0103zvan Vicoveanu, Alin Stanciu, Andrei Sab\u0103u and Mihaela Gherdan. The next performance of the show will take place on Thursday, September 10, at 7:00 PM, at Moara R\u0103s\u0103rit.<\/p>\n<p style=\"text-align: justify;\">Tickets went on sale at the theater&#039;s Ticket Agency from Monday to Friday between 10:00 and 16:00, and on Saturday and Sunday between 10:00 and 13:00 and online at <span style=\"color: #ff0000;\"><a href=\"http:\/\/www.biletmaster.ro\/\"><span style=\"color: #ff0000;\">www.biletmaster.ro<\/span><\/a><\/span>. Starting from September 1, the Ticket Agency returns to its normal schedule, namely: Monday to Friday between 10:00 and 19:00, and on weekends between 10:00 and 13:00. For additional information and ticket reservations, please call the phone number: 0259\/440.742.<\/p>\n<p style=\"text-align: justify;\">We are waiting for you at the theater!<\/p>","protected":false},"excerpt":{"rendered":"<p>Teatrul \u201eRegina Maria\u201d v\u0103 invit\u0103 la premiera spectacolului \u201eSeara de ajun\u201d, care va avea loc mar\u0163i, 8 septembrie, de la ora 19:00, la Moara de R\u0103s\u0103rit. \u201eSeara de ajun\u201d, un text contemporan de Anthony Neilson, este pus \u00een scen\u0103 de regizorul Ovidiu Cai\u0163a, care se afl\u0103 la cea de-a doua colaborare cu teatrul, primul proiect [&hellip;]<\/p>\n","protected":false},"author":6,"featured_media":0,"comment_status":"open","ping_status":"open","sticky":false,"template":"","format":"standard","meta":{"_acf_changed":false,"footnotes":""},"categories":[22],"tags":[],"class_list":["post-1110","post","type-post","status-publish","format-standard","hentry","category-noutati-trupa-iosif-vulcan"],"aioseo_notices":[],"aioseo_head":"\n\t\t<!-- All in One SEO Pro 5.0.1.1 - aioseo.com -->\n\t<meta name=\"description\" content=\"Teatrul \u201eRegina Maria\u201d v\u0103 invit\u0103 la premiera spectacolului \u201eSeara de ajun\u201d, care va avea loc mar\u0163i, 8 septembrie, de la ora 19:00, la Moara de R\u0103s\u0103rit. \u201eSeara de ajun\u201d, un text contemporan de Anthony Neilson, este pus \u00een scen\u0103 de regizorul Ovidiu Cai\u0163a, care se afl\u0103 la cea de-a doua colaborare cu teatrul, primul proiect\" \/>\n\t<meta name=\"robots\" content=\"max-image-preview:large\" \/>\n\t<meta name=\"author\" content=\"Teatrul Regina Maria\"\/>\n\t<link rel=\"canonical\" href=\"https:\/\/www.teatrulreginamaria.ro\/en\/prima-premiera-a-stagiunii-seara-de-ajun\/\" \/>\n\t<meta name=\"generator\" content=\"All in One SEO Pro (AIOSEO) 5.0.1.1\" \/>\n\t\t<meta property=\"og:locale\" content=\"en_GB\" \/>\n\t\t<meta property=\"og:site_name\" content=\"Teatrul Regina Maria Oradea - Trupa Iosif Vulcan \u0219i Trupa Arcadia\" \/>\n\t\t<meta property=\"og:type\" content=\"article\" \/>\n\t\t<meta property=\"og:title\" content=\"PRIMA PREMIER\u0102 A STAGIUNII \u2013 SEARA DE AJUN - Teatrul Regina Maria Oradea\" \/>\n\t\t<meta property=\"og:description\" content=\"Teatrul \u201eRegina Maria\u201d v\u0103 invit\u0103 la premiera spectacolului \u201eSeara de ajun\u201d, care va avea loc mar\u0163i, 8 septembrie, de la ora 19:00, la Moara de R\u0103s\u0103rit. \u201eSeara de ajun\u201d, un text contemporan de Anthony Neilson, este pus \u00een scen\u0103 de regizorul Ovidiu Cai\u0163a, care se afl\u0103 la cea de-a doua colaborare cu teatrul, primul proiect\" \/>\n\t\t<meta property=\"og:url\" content=\"https:\/\/www.teatrulreginamaria.ro\/en\/prima-premiera-a-stagiunii-seara-de-ajun\/\" \/>\n\t\t<meta property=\"og:image\" content=\"https:\/\/www.teatrulreginamaria.ro\/wp-content\/uploads\/2025\/03\/trm-istoric-01.jpg\" \/>\n\t\t<meta property=\"og:image:secure_url\" content=\"https:\/\/www.teatrulreginamaria.ro\/wp-content\/uploads\/2025\/03\/trm-istoric-01.jpg\" \/>\n\t\t<meta property=\"og:image:width\" content=\"1200\" \/>\n\t\t<meta property=\"og:image:height\" content=\"800\" \/>\n\t\t<meta property=\"article:published_time\" content=\"2015-09-04T08:07:28+00:00\" \/>\n\t\t<meta property=\"article:modified_time\" content=\"2015-09-04T08:07:28+00:00\" \/>\n\t\t<meta property=\"article:publisher\" content=\"https:\/\/www.facebook.com\/TRMTrupaIosifVulcan\/\" \/>\n\t\t<meta name=\"twitter:card\" content=\"summary_large_image\" \/>\n\t\t<meta name=\"twitter:site\" content=\"@TRMOradea\" \/>\n\t\t<meta name=\"twitter:title\" content=\"PRIMA PREMIER\u0102 A STAGIUNII \u2013 SEARA DE AJUN - Teatrul Regina Maria Oradea\" \/>\n\t\t<meta name=\"twitter:description\" content=\"Teatrul \u201eRegina Maria\u201d v\u0103 invit\u0103 la premiera spectacolului \u201eSeara de ajun\u201d, care va avea loc mar\u0163i, 8 septembrie, de la ora 19:00, la Moara de R\u0103s\u0103rit. \u201eSeara de ajun\u201d, un text contemporan de Anthony Neilson, este pus \u00een scen\u0103 de regizorul Ovidiu Cai\u0163a, care se afl\u0103 la cea de-a doua colaborare cu teatrul, primul proiect\" \/>\n\t\t<meta name=\"twitter:creator\" content=\"@TRMOradea\" \/>\n\t\t<meta name=\"twitter:image\" content=\"https:\/\/www.teatrulreginamaria.ro\/wp-content\/uploads\/2025\/03\/trm-istoric-01.jpg\" \/>\n\t\t<script type=\"application\/ld+json\" class=\"aioseo-schema\">\n\t\t\t{\"@context\":\"https:\\\/\\\/schema.org\",\"@graph\":[{\"@type\":\"BlogPosting\",\"@id\":\"https:\\\/\\\/www.teatrulreginamaria.ro\\\/en\\\/prima-premiera-a-stagiunii-seara-de-ajun\\\/#blogposting\",\"name\":\"PRIMA PREMIER\\u0102 A STAGIUNII \\u2013 SEARA DE AJUN - Teatrul Regina Maria Oradea\",\"headline\":\"PRIMA PREMIER\\u0102 A STAGIUNII &#8211; SEARA DE AJUN\",\"author\":{\"@id\":\"https:\\\/\\\/www.teatrulreginamaria.ro\\\/en\\\/author\\\/w3bmaster\\\/#author\"},\"publisher\":{\"@id\":\"https:\\\/\\\/www.teatrulreginamaria.ro\\\/en\\\/#organization\"},\"image\":{\"@type\":\"ImageObject\",\"url\":\"https:\\\/\\\/www.teatrulreginamaria.ro\\\/wp-content\\\/uploads\\\/2025\\\/06\\\/logo-trm-01-dark.png\",\"@id\":\"https:\\\/\\\/www.teatrulreginamaria.ro\\\/en\\\/#articleImage\",\"width\":300,\"height\":148},\"datePublished\":\"2015-09-04T08:07:28+03:00\",\"dateModified\":\"2015-09-04T08:07:28+03:00\",\"inLanguage\":\"en-GB\",\"mainEntityOfPage\":{\"@id\":\"https:\\\/\\\/www.teatrulreginamaria.ro\\\/en\\\/prima-premiera-a-stagiunii-seara-de-ajun\\\/#webpage\"},\"isPartOf\":{\"@id\":\"https:\\\/\\\/www.teatrulreginamaria.ro\\\/en\\\/prima-premiera-a-stagiunii-seara-de-ajun\\\/#webpage\"},\"articleSection\":\"Nout\\u0103\\u021bi - Trupa Iosif Vulcan\"},{\"@type\":\"BreadcrumbList\",\"@id\":\"https:\\\/\\\/www.teatrulreginamaria.ro\\\/en\\\/prima-premiera-a-stagiunii-seara-de-ajun\\\/#breadcrumblist\",\"itemListElement\":[{\"@type\":\"ListItem\",\"@id\":\"https:\\\/\\\/www.teatrulreginamaria.ro\\\/en#listItem\",\"position\":1,\"name\":\"Home\",\"item\":\"https:\\\/\\\/www.teatrulreginamaria.ro\\\/en\",\"nextItem\":{\"@type\":\"ListItem\",\"@id\":\"https:\\\/\\\/www.teatrulreginamaria.ro\\\/en\\\/categorie\\\/noutati\\\/#listItem\",\"name\":\"Nout\\u0103\\u021bi\"}},{\"@type\":\"ListItem\",\"@id\":\"https:\\\/\\\/www.teatrulreginamaria.ro\\\/en\\\/categorie\\\/noutati\\\/#listItem\",\"position\":2,\"name\":\"Nout\\u0103\\u021bi\",\"item\":\"https:\\\/\\\/www.teatrulreginamaria.ro\\\/en\\\/categorie\\\/noutati\\\/\",\"nextItem\":{\"@type\":\"ListItem\",\"@id\":\"https:\\\/\\\/www.teatrulreginamaria.ro\\\/en\\\/categorie\\\/noutati\\\/noutati-trupa-iosif-vulcan\\\/#listItem\",\"name\":\"Nout\\u0103\\u021bi - Trupa Iosif Vulcan\"},\"previousItem\":{\"@type\":\"ListItem\",\"@id\":\"https:\\\/\\\/www.teatrulreginamaria.ro\\\/en#listItem\",\"name\":\"Home\"}},{\"@type\":\"ListItem\",\"@id\":\"https:\\\/\\\/www.teatrulreginamaria.ro\\\/en\\\/categorie\\\/noutati\\\/noutati-trupa-iosif-vulcan\\\/#listItem\",\"position\":3,\"name\":\"Nout\\u0103\\u021bi - Trupa Iosif Vulcan\",\"item\":\"https:\\\/\\\/www.teatrulreginamaria.ro\\\/en\\\/categorie\\\/noutati\\\/noutati-trupa-iosif-vulcan\\\/\",\"nextItem\":{\"@type\":\"ListItem\",\"@id\":\"https:\\\/\\\/www.teatrulreginamaria.ro\\\/en\\\/prima-premiera-a-stagiunii-seara-de-ajun\\\/#listItem\",\"name\":\"PRIMA PREMIER\\u0102 A STAGIUNII &#8211; SEARA DE AJUN\"},\"previousItem\":{\"@type\":\"ListItem\",\"@id\":\"https:\\\/\\\/www.teatrulreginamaria.ro\\\/en\\\/categorie\\\/noutati\\\/#listItem\",\"name\":\"Nout\\u0103\\u021bi\"}},{\"@type\":\"ListItem\",\"@id\":\"https:\\\/\\\/www.teatrulreginamaria.ro\\\/en\\\/prima-premiera-a-stagiunii-seara-de-ajun\\\/#listItem\",\"position\":4,\"name\":\"PRIMA PREMIER\\u0102 A STAGIUNII &#8211; SEARA DE AJUN\",\"previousItem\":{\"@type\":\"ListItem\",\"@id\":\"https:\\\/\\\/www.teatrulreginamaria.ro\\\/en\\\/categorie\\\/noutati\\\/noutati-trupa-iosif-vulcan\\\/#listItem\",\"name\":\"Nout\\u0103\\u021bi - Trupa Iosif Vulcan\"}}]},{\"@type\":\"Organization\",\"@id\":\"https:\\\/\\\/www.teatrulreginamaria.ro\\\/en\\\/#organization\",\"name\":\"Teatrul Regina Maria Oradea\",\"description\":\"Trupa Iosif Vulcan \\u0219i Trupa Arcadia\",\"url\":\"https:\\\/\\\/www.teatrulreginamaria.ro\\\/en\\\/\",\"email\":\"marketing@teatrulreginamaria.ro\",\"telephone\":\"+40359411534\",\"numberOfEmployees\":{\"@type\":\"QuantitativeValue\",\"minValue\":0,\"maxValue\":150},\"logo\":{\"@type\":\"ImageObject\",\"url\":\"https:\\\/\\\/www.teatrulreginamaria.ro\\\/wp-content\\\/uploads\\\/2025\\\/06\\\/logo-trm-01-dark.png\",\"@id\":\"https:\\\/\\\/www.teatrulreginamaria.ro\\\/en\\\/prima-premiera-a-stagiunii-seara-de-ajun\\\/#organizationLogo\",\"width\":300,\"height\":148},\"image\":{\"@id\":\"https:\\\/\\\/www.teatrulreginamaria.ro\\\/en\\\/prima-premiera-a-stagiunii-seara-de-ajun\\\/#organizationLogo\"},\"sameAs\":[\"https:\\\/\\\/www.facebook.com\\\/TRMTrupaIosifVulcan\\\/\",\"https:\\\/\\\/x.com\\\/TRMOradea\",\"https:\\\/\\\/www.instagram.com\\\/teatrul_regina_maria\\\/\",\"https:\\\/\\\/www.youtube.com\\\/c\\\/TeatrulReginaMariaOradea\",\"https:\\\/\\\/www.linkedin.com\\\/company\\\/teatrul-regina-maria\"]},{\"@type\":\"Person\",\"@id\":\"https:\\\/\\\/www.teatrulreginamaria.ro\\\/en\\\/author\\\/w3bmaster\\\/#author\",\"url\":\"https:\\\/\\\/www.teatrulreginamaria.ro\\\/en\\\/author\\\/w3bmaster\\\/\",\"name\":\"Teatrul Regina Maria\",\"image\":{\"@type\":\"ImageObject\",\"@id\":\"https:\\\/\\\/www.teatrulreginamaria.ro\\\/en\\\/prima-premiera-a-stagiunii-seara-de-ajun\\\/#authorImage\",\"url\":\"https:\\\/\\\/secure.gravatar.com\\\/avatar\\\/5884139d508ae3f0bafe45e60563b48a9640146d3b08ccc6278c305ff9329305?s=96&d=mm&r=g\",\"width\":96,\"height\":96,\"caption\":\"Teatrul Regina Maria\"}},{\"@type\":\"WebPage\",\"@id\":\"https:\\\/\\\/www.teatrulreginamaria.ro\\\/en\\\/prima-premiera-a-stagiunii-seara-de-ajun\\\/#webpage\",\"url\":\"https:\\\/\\\/www.teatrulreginamaria.ro\\\/en\\\/prima-premiera-a-stagiunii-seara-de-ajun\\\/\",\"name\":\"PRIMA PREMIER\\u0102 A STAGIUNII \\u2013 SEARA DE AJUN - Teatrul Regina Maria Oradea\",\"description\":\"Teatrul \\u201eRegina Maria\\u201d v\\u0103 invit\\u0103 la premiera spectacolului \\u201eSeara de ajun\\u201d, care va avea loc mar\\u0163i, 8 septembrie, de la ora 19:00, la Moara de R\\u0103s\\u0103rit. \\u201eSeara de ajun\\u201d, un text contemporan de Anthony Neilson, este pus \\u00een scen\\u0103 de regizorul Ovidiu Cai\\u0163a, care se afl\\u0103 la cea de-a doua colaborare cu teatrul, primul proiect\",\"inLanguage\":\"en-GB\",\"isPartOf\":{\"@id\":\"https:\\\/\\\/www.teatrulreginamaria.ro\\\/en\\\/#website\"},\"breadcrumb\":{\"@id\":\"https:\\\/\\\/www.teatrulreginamaria.ro\\\/en\\\/prima-premiera-a-stagiunii-seara-de-ajun\\\/#breadcrumblist\"},\"author\":{\"@id\":\"https:\\\/\\\/www.teatrulreginamaria.ro\\\/en\\\/author\\\/w3bmaster\\\/#author\"},\"creator\":{\"@id\":\"https:\\\/\\\/www.teatrulreginamaria.ro\\\/en\\\/author\\\/w3bmaster\\\/#author\"},\"datePublished\":\"2015-09-04T08:07:28+03:00\",\"dateModified\":\"2015-09-04T08:07:28+03:00\"},{\"@type\":\"WebSite\",\"@id\":\"https:\\\/\\\/www.teatrulreginamaria.ro\\\/en\\\/#website\",\"url\":\"https:\\\/\\\/www.teatrulreginamaria.ro\\\/en\\\/\",\"name\":\"Teatrul Regina Maria Oradea\",\"alternateName\":\"TRM Oradea\",\"description\":\"Trupa Iosif Vulcan \\u0219i Trupa Arcadia\",\"inLanguage\":\"en-GB\",\"publisher\":{\"@id\":\"https:\\\/\\\/www.teatrulreginamaria.ro\\\/en\\\/#organization\"}}]}\n\t\t<\/script>\n\t\t<!-- All in One SEO Pro -->\r\n\t\t<title>PRIMA PREMIER\u0102 A STAGIUNII \u2013 SEARA DE AJUN - Teatrul Regina Maria Oradea<\/title>\n\n","aioseo_head_json":{"title":"FIRST PREMIERE OF THE SEASON \u2013 THE EVENING OF AJUN - Regina Maria Theatre Oradea","description":"The &quot;Regina Maria&quot; Theatre invites you to the premiere of the show &quot;Seara de ajun&quot;, which will take place on Tuesday, September 8, at 7:00 PM, at Moara de R\u0103s\u0103rit. &quot;Seara de ajun&quot;, a contemporary text by Anthony Neilson, is staged by director Ovidiu Cai\u0163a, who is in his second collaboration with the theatre, his first project","canonical_url":"https:\/\/www.teatrulreginamaria.ro\/en\/prima-premiera-a-stagiunii-seara-de-ajun\/","robots":"max-image-preview:large","keywords":"","webmasterTools":{"miscellaneous":""},"schema":{"@context":"https:\/\/schema.org","@graph":[{"@type":"BlogPosting","@id":"https:\/\/www.teatrulreginamaria.ro\/en\/prima-premiera-a-stagiunii-seara-de-ajun\/#blogposting","name":"PRIMA PREMIER\u0102 A STAGIUNII \u2013 SEARA DE AJUN - Teatrul Regina Maria Oradea","headline":"PRIMA PREMIER\u0102 A STAGIUNII &#8211; SEARA DE AJUN","author":{"@id":"https:\/\/www.teatrulreginamaria.ro\/en\/author\/w3bmaster\/#author"},"publisher":{"@id":"https:\/\/www.teatrulreginamaria.ro\/en\/#organization"},"image":{"@type":"ImageObject","url":"https:\/\/www.teatrulreginamaria.ro\/wp-content\/uploads\/2025\/06\/logo-trm-01-dark.png","@id":"https:\/\/www.teatrulreginamaria.ro\/en\/#articleImage","width":300,"height":148},"datePublished":"2015-09-04T08:07:28+03:00","dateModified":"2015-09-04T08:07:28+03:00","inLanguage":"en-GB","mainEntityOfPage":{"@id":"https:\/\/www.teatrulreginamaria.ro\/en\/prima-premiera-a-stagiunii-seara-de-ajun\/#webpage"},"isPartOf":{"@id":"https:\/\/www.teatrulreginamaria.ro\/en\/prima-premiera-a-stagiunii-seara-de-ajun\/#webpage"},"articleSection":"Nout\u0103\u021bi - Trupa Iosif Vulcan"},{"@type":"BreadcrumbList","@id":"https:\/\/www.teatrulreginamaria.ro\/en\/prima-premiera-a-stagiunii-seara-de-ajun\/#breadcrumblist","itemListElement":[{"@type":"ListItem","@id":"https:\/\/www.teatrulreginamaria.ro\/en#listItem","position":1,"name":"Home","item":"https:\/\/www.teatrulreginamaria.ro\/en","nextItem":{"@type":"ListItem","@id":"https:\/\/www.teatrulreginamaria.ro\/en\/categorie\/noutati\/#listItem","name":"Nout\u0103\u021bi"}},{"@type":"ListItem","@id":"https:\/\/www.teatrulreginamaria.ro\/en\/categorie\/noutati\/#listItem","position":2,"name":"Nout\u0103\u021bi","item":"https:\/\/www.teatrulreginamaria.ro\/en\/categorie\/noutati\/","nextItem":{"@type":"ListItem","@id":"https:\/\/www.teatrulreginamaria.ro\/en\/categorie\/noutati\/noutati-trupa-iosif-vulcan\/#listItem","name":"Nout\u0103\u021bi - Trupa Iosif Vulcan"},"previousItem":{"@type":"ListItem","@id":"https:\/\/www.teatrulreginamaria.ro\/en#listItem","name":"Home"}},{"@type":"ListItem","@id":"https:\/\/www.teatrulreginamaria.ro\/en\/categorie\/noutati\/noutati-trupa-iosif-vulcan\/#listItem","position":3,"name":"Nout\u0103\u021bi - Trupa Iosif Vulcan","item":"https:\/\/www.teatrulreginamaria.ro\/en\/categorie\/noutati\/noutati-trupa-iosif-vulcan\/","nextItem":{"@type":"ListItem","@id":"https:\/\/www.teatrulreginamaria.ro\/en\/prima-premiera-a-stagiunii-seara-de-ajun\/#listItem","name":"PRIMA PREMIER\u0102 A STAGIUNII &#8211; SEARA DE AJUN"},"previousItem":{"@type":"ListItem","@id":"https:\/\/www.teatrulreginamaria.ro\/en\/categorie\/noutati\/#listItem","name":"Nout\u0103\u021bi"}},{"@type":"ListItem","@id":"https:\/\/www.teatrulreginamaria.ro\/en\/prima-premiera-a-stagiunii-seara-de-ajun\/#listItem","position":4,"name":"PRIMA PREMIER\u0102 A STAGIUNII &#8211; SEARA DE AJUN","previousItem":{"@type":"ListItem","@id":"https:\/\/www.teatrulreginamaria.ro\/en\/categorie\/noutati\/noutati-trupa-iosif-vulcan\/#listItem","name":"Nout\u0103\u021bi - Trupa Iosif Vulcan"}}]},{"@type":"Organization","@id":"https:\/\/www.teatrulreginamaria.ro\/en\/#organization","name":"Teatrul Regina Maria Oradea","description":"Trupa Iosif Vulcan \u0219i Trupa Arcadia","url":"https:\/\/www.teatrulreginamaria.ro\/en\/","email":"marketing@teatrulreginamaria.ro","telephone":"+40359411534","numberOfEmployees":{"@type":"QuantitativeValue","minValue":0,"maxValue":150},"logo":{"@type":"ImageObject","url":"https:\/\/www.teatrulreginamaria.ro\/wp-content\/uploads\/2025\/06\/logo-trm-01-dark.png","@id":"https:\/\/www.teatrulreginamaria.ro\/en\/prima-premiera-a-stagiunii-seara-de-ajun\/#organizationLogo","width":300,"height":148},"image":{"@id":"https:\/\/www.teatrulreginamaria.ro\/en\/prima-premiera-a-stagiunii-seara-de-ajun\/#organizationLogo"},"sameAs":["https:\/\/www.facebook.com\/TRMTrupaIosifVulcan\/","https:\/\/x.com\/TRMOradea","https:\/\/www.instagram.com\/teatrul_regina_maria\/","https:\/\/www.youtube.com\/c\/TeatrulReginaMariaOradea","https:\/\/www.linkedin.com\/company\/teatrul-regina-maria"]},{"@type":"Person","@id":"https:\/\/www.teatrulreginamaria.ro\/en\/author\/w3bmaster\/#author","url":"https:\/\/www.teatrulreginamaria.ro\/en\/author\/w3bmaster\/","name":"Teatrul Regina Maria","image":{"@type":"ImageObject","@id":"https:\/\/www.teatrulreginamaria.ro\/en\/prima-premiera-a-stagiunii-seara-de-ajun\/#authorImage","url":"https:\/\/secure.gravatar.com\/avatar\/5884139d508ae3f0bafe45e60563b48a9640146d3b08ccc6278c305ff9329305?s=96&d=mm&r=g","width":96,"height":96,"caption":"Teatrul Regina Maria"}},{"@type":"WebPage","@id":"https:\/\/www.teatrulreginamaria.ro\/en\/prima-premiera-a-stagiunii-seara-de-ajun\/#webpage","url":"https:\/\/www.teatrulreginamaria.ro\/en\/prima-premiera-a-stagiunii-seara-de-ajun\/","name":"PRIMA PREMIER\u0102 A STAGIUNII \u2013 SEARA DE AJUN - Teatrul Regina Maria Oradea","description":"Teatrul \u201eRegina Maria\u201d v\u0103 invit\u0103 la premiera spectacolului \u201eSeara de ajun\u201d, care va avea loc mar\u0163i, 8 septembrie, de la ora 19:00, la Moara de R\u0103s\u0103rit. \u201eSeara de ajun\u201d, un text contemporan de Anthony Neilson, este pus \u00een scen\u0103 de regizorul Ovidiu Cai\u0163a, care se afl\u0103 la cea de-a doua colaborare cu teatrul, primul proiect","inLanguage":"en-GB","isPartOf":{"@id":"https:\/\/www.teatrulreginamaria.ro\/en\/#website"},"breadcrumb":{"@id":"https:\/\/www.teatrulreginamaria.ro\/en\/prima-premiera-a-stagiunii-seara-de-ajun\/#breadcrumblist"},"author":{"@id":"https:\/\/www.teatrulreginamaria.ro\/en\/author\/w3bmaster\/#author"},"creator":{"@id":"https:\/\/www.teatrulreginamaria.ro\/en\/author\/w3bmaster\/#author"},"datePublished":"2015-09-04T08:07:28+03:00","dateModified":"2015-09-04T08:07:28+03:00"},{"@type":"WebSite","@id":"https:\/\/www.teatrulreginamaria.ro\/en\/#website","url":"https:\/\/www.teatrulreginamaria.ro\/en\/","name":"Teatrul Regina Maria Oradea","alternateName":"TRM Oradea","description":"Trupa Iosif Vulcan \u0219i Trupa Arcadia","inLanguage":"en-GB","publisher":{"@id":"https:\/\/www.teatrulreginamaria.ro\/en\/#organization"}}]},"og:locale":"en_GB","og:site_name":"Teatrul Regina Maria Oradea - Trupa Iosif Vulcan \u0219i Trupa Arcadia","og:type":"article","og:title":"PRIMA PREMIER\u0102 A STAGIUNII \u2013 SEARA DE AJUN - Teatrul Regina Maria Oradea","og:description":"Teatrul \u201eRegina Maria\u201d v\u0103 invit\u0103 la premiera spectacolului \u201eSeara de ajun\u201d, care va avea loc mar\u0163i, 8 septembrie, de la ora 19:00, la Moara de R\u0103s\u0103rit. \u201eSeara de ajun\u201d, un text contemporan de Anthony Neilson, este pus \u00een scen\u0103 de regizorul Ovidiu Cai\u0163a, care se afl\u0103 la cea de-a doua colaborare cu teatrul, primul proiect","og:url":"https:\/\/www.teatrulreginamaria.ro\/en\/prima-premiera-a-stagiunii-seara-de-ajun\/","og:image":"https:\/\/www.teatrulreginamaria.ro\/wp-content\/uploads\/2025\/03\/trm-istoric-01.jpg","og:image:secure_url":"https:\/\/www.teatrulreginamaria.ro\/wp-content\/uploads\/2025\/03\/trm-istoric-01.jpg","og:image:width":1200,"og:image:height":800,"article:published_time":"2015-09-04T08:07:28+00:00","article:modified_time":"2015-09-04T08:07:28+00:00","article:publisher":"https:\/\/www.facebook.com\/TRMTrupaIosifVulcan\/","twitter:card":"summary_large_image","twitter:site":"@TRMOradea","twitter:title":"PRIMA PREMIER\u0102 A STAGIUNII \u2013 SEARA DE AJUN - Teatrul Regina Maria Oradea","twitter:description":"Teatrul \u201eRegina Maria\u201d v\u0103 invit\u0103 la premiera spectacolului \u201eSeara de ajun\u201d, care va avea loc mar\u0163i, 8 septembrie, de la ora 19:00, la Moara de R\u0103s\u0103rit. \u201eSeara de ajun\u201d, un text contemporan de Anthony Neilson, este pus \u00een scen\u0103 de regizorul Ovidiu Cai\u0163a, care se afl\u0103 la cea de-a doua colaborare cu teatrul, primul proiect","twitter:creator":"@TRMOradea","twitter:image":"https:\/\/www.teatrulreginamaria.ro\/wp-content\/uploads\/2025\/03\/trm-istoric-01.jpg"},"aioseo_meta_data":{"post_id":"1110","title":null,"description":null,"keywords":null,"keyphrases":null,"primary_term":null,"canonical_url":null,"og_title":null,"og_description":null,"og_object_type":"default","og_image_type":"default","og_image_url":null,"og_image_width":null,"og_image_height":null,"og_image_custom_url":null,"og_image_custom_fields":null,"og_video":null,"og_custom_url":null,"og_article_section":null,"og_article_tags":null,"twitter_use_og":false,"twitter_card":"default","twitter_image_type":"default","twitter_image_url":null,"twitter_image_custom_url":null,"twitter_image_custom_fields":null,"twitter_title":null,"twitter_description":null,"schema":{"blockGraphs":[],"customGraphs":[],"default":{"data":{"Article":[],"Course":[],"Dataset":[],"FAQPage":[],"Movie":[],"Person":[],"Product":[],"ProductReview":[],"Car":[],"Recipe":[],"Service":[],"SoftwareApplication":[],"WebPage":[]},"graphName":"","isEnabled":true},"graphs":[]},"schema_type":"default","schema_type_options":null,"pillar_content":false,"robots_default":true,"robots_noindex":false,"robots_noarchive":false,"robots_nosnippet":false,"robots_nofollow":false,"robots_noimageindex":false,"robots_noodp":false,"robots_notranslate":false,"robots_max_snippet":null,"robots_max_videopreview":null,"robots_max_imagepreview":"large","priority":null,"frequency":null,"local_seo":null,"seo_analyzer_scan_date":"2026-05-13 00:51:39","breadcrumb_settings":null,"limit_modified_date":false,"reviewed_by":null,"open_ai":null,"ai":null,"created":"2025-04-09 17:40:56","updated":"2026-05-13 00:51:39","focus_keyword":null,"additional_keywords":null,"truseo_locale":null},"aioseo_breadcrumb":"<div class=\"aioseo-breadcrumbs\"><span class=\"aioseo-breadcrumb\">\n\t<a href=\"https:\/\/www.teatrulreginamaria.ro\/en\" title=\"Home\">Home<\/a>\n<\/span><span class=\"aioseo-breadcrumb-separator\">&raquo;<\/span><span class=\"aioseo-breadcrumb\">\n\t<a href=\"https:\/\/www.teatrulreginamaria.ro\/en\/categorie\/noutati\/\" title=\"Nout\u0103\u021bi\">Nout\u0103\u021bi<\/a>\n<\/span><span class=\"aioseo-breadcrumb-separator\">&raquo;<\/span><span class=\"aioseo-breadcrumb\">\n\t<a href=\"https:\/\/www.teatrulreginamaria.ro\/en\/categorie\/noutati\/noutati-trupa-iosif-vulcan\/\" title=\"Nout\u0103\u021bi - Trupa Iosif Vulcan\">Nout\u0103\u021bi - Trupa Iosif Vulcan<\/a>\n<\/span><span class=\"aioseo-breadcrumb-separator\">&raquo;<\/span><span class=\"aioseo-breadcrumb\">\n\tPRIMA PREMIER\u0102 A STAGIUNII \u2013 SEARA DE AJUN\n<\/span><\/div>","aioseo_breadcrumb_json":[{"label":"Home","link":"https:\/\/www.teatrulreginamaria.ro\/en"},{"label":"Nout\u0103\u021bi","link":"https:\/\/www.teatrulreginamaria.ro\/en\/categorie\/noutati\/"},{"label":"Nout\u0103\u021bi - Trupa Iosif Vulcan","link":"https:\/\/www.teatrulreginamaria.ro\/en\/categorie\/noutati\/noutati-trupa-iosif-vulcan\/"},{"label":"PRIMA PREMIER\u0102 A STAGIUNII &#8211; SEARA DE AJUN","link":"https:\/\/www.teatrulreginamaria.ro\/en\/prima-premiera-a-stagiunii-seara-de-ajun\/"}],"acf":[],"_links":{"self":[{"href":"https:\/\/www.teatrulreginamaria.ro\/en\/wp-json\/wp\/v2\/posts\/1110","targetHints":{"allow":["GET"]}}],"collection":[{"href":"https:\/\/www.teatrulreginamaria.ro\/en\/wp-json\/wp\/v2\/posts"}],"about":[{"href":"https:\/\/www.teatrulreginamaria.ro\/en\/wp-json\/wp\/v2\/types\/post"}],"author":[{"embeddable":true,"href":"https:\/\/www.teatrulreginamaria.ro\/en\/wp-json\/wp\/v2\/users\/6"}],"replies":[{"embeddable":true,"href":"https:\/\/www.teatrulreginamaria.ro\/en\/wp-json\/wp\/v2\/comments?post=1110"}],"version-history":[{"count":0,"href":"https:\/\/www.teatrulreginamaria.ro\/en\/wp-json\/wp\/v2\/posts\/1110\/revisions"}],"wp:attachment":[{"href":"https:\/\/www.teatrulreginamaria.ro\/en\/wp-json\/wp\/v2\/media?parent=1110"}],"wp:term":[{"taxonomy":"category","embeddable":true,"href":"https:\/\/www.teatrulreginamaria.ro\/en\/wp-json\/wp\/v2\/categories?post=1110"},{"taxonomy":"post_tag","embeddable":true,"href":"https:\/\/www.teatrulreginamaria.ro\/en\/wp-json\/wp\/v2\/tags?post=1110"}],"curies":[{"name":"wp","href":"https:\/\/api.w.org\/{rel}","templated":true}]}}