{"id":1121,"date":"2015-10-05T10:06:05","date_gmt":"2015-10-05T10:06:05","guid":{"rendered":"https:\/\/teatrulreginamaria.ro\/2015\/10\/05\/caramitru-malaele-cate-n-luna-si-in-stele-la-oradea\/"},"modified":"2015-10-05T10:06:05","modified_gmt":"2015-10-05T10:06:05","slug":"caramitru-malaele-in-the-moon-and-in-the-stars-in-oradea","status":"publish","type":"post","link":"https:\/\/www.teatrulreginamaria.ro\/en\/caramitru-malaele-cate-n-luna-si-in-stele-la-oradea\/","title":{"rendered":"CARAMITRU, M\u0102L\u0102ELE \u2013 IN THE MOON AND IN THE STARS \u2013 IN ORADEA"},"content":{"rendered":"<p align=\"JUSTIFY\"><a href=\"https:\/\/www.teatrulreginamaria.ro\/en\/band-josif-vulcan\/files\/2015\/10\/caramitru-malaele-caten-luna-si-in-stele.jpg\/\"><\/a>The Regina Maria Theater has the honor of hosting on Monday, October 26, from 7:00 PM, at the Great Hall, a show that was a resounding success with the audience, in which you will have the opportunity to meet two great legends of Romanian theater: &quot;Caramitru-M\u0103l\u0103ele, c\u0103te&#039;n lun\u0103 \u015fi \u00een stele&quot;.<\/p>\n<p><!--more--><\/p>\n<p align=\"JUSTIFY\">The show is animated by the dialogue through which the two actors confront each other, each in their own characteristic style, thus offering an extraordinary demonstration of choice words and subtle humor.\u00a0<em>Caramitru recites stirringly, imagining, with intelligence and ingenuity, responses tailored to a volcanic, irresistible and humorous Hora\u021biu M\u0103l\u0103ele \u2013 demonstrations of virtuosity in a verbal duel whose witnesses are often Shakespeare, Top\u00e2rceanu or Nichita. (synopsis)<\/em><\/p>\n<p align=\"JUSTIFY\">This whole picture is perfectly complemented by the charming music of cellist Adrian Naidin, who impresses not only with the delicate chords of classical music, but also with those of contemporary jazz, world music and pop.<\/p>\n<p align=\"JUSTIFY\">The success of the show is confirmed at each performance, because, now in its fifth season, it has been performed to a sold-out house every time, both at performances in Bucharest and during scheduled tours in the country.<\/p>\n<p lang=\"ro-RO\" align=\"JUSTIFY\">Tickets are on sale at the Regina Maria Theatre Ticket Agency from Monday to Friday between 10:00 and 19:00, and on weekends between 10:00 and 13:00. You can also purchase tickets one hour before the show. For additional information and ticket reservations, please call: 0259\/440.742.<\/p>\n<p lang=\"ro-RO\" style=\"text-align: justify;\" align=\"JUSTIFY\">We are waiting for you at the theater!<\/p>","protected":false},"excerpt":{"rendered":"<p>The Regina Maria Theater has the honor of hosting on Monday, October 26, from 7:00 PM, at the Great Hall, a show that was a resounding success with the audience, in which you will have the opportunity to meet two great legends of Romanian theater: &quot;Caramitru-M\u0103l\u0103ele, c\u0103te&#039;n lun\u0103 \u015fi \u00een stele&quot;.<\/p>","protected":false},"author":6,"featured_media":0,"comment_status":"open","ping_status":"open","sticky":false,"template":"","format":"standard","meta":{"_acf_changed":false,"footnotes":""},"categories":[22],"tags":[],"class_list":["post-1121","post","type-post","status-publish","format-standard","hentry","category-noutati-trupa-iosif-vulcan"],"aioseo_notices":[],"aioseo_head":"\n\t\t<!-- All in One SEO Pro 5.0.1.1 - aioseo.com -->\n\t<meta name=\"description\" content=\"Teatrul Regina Maria are onoarea s\u0103 g\u0103zduiasc\u0103 luni, 26 octombrie, de la ora 19:00, la Sala Mare, un spectacol care a avut un succes fulminant la public, \u00een care ve\u0163i avea ocazia s\u0103 v\u0103 \u00eent\u00e2lni\u0163i cu dou\u0103 mari legende ale teatrului rom\u00e2nesc: \u201eCaramitru-M\u0103l\u0103ele, c\u00e2te&#039;n lun\u0103 \u015fi \u00een stele\u201d. Spectacolul este animat de dialogul prin care\" \/>\n\t<meta name=\"robots\" content=\"max-image-preview:large\" \/>\n\t<meta name=\"author\" content=\"Teatrul Regina Maria\"\/>\n\t<link rel=\"canonical\" href=\"https:\/\/www.teatrulreginamaria.ro\/en\/caramitru-malaele-cate-n-luna-si-in-stele-la-oradea\/\" \/>\n\t<meta name=\"generator\" content=\"All in One SEO Pro (AIOSEO) 5.0.1.1\" \/>\n\t\t<meta property=\"og:locale\" content=\"en_GB\" \/>\n\t\t<meta property=\"og:site_name\" content=\"Teatrul Regina Maria Oradea - Trupa Iosif Vulcan \u0219i Trupa Arcadia\" \/>\n\t\t<meta property=\"og:type\" content=\"article\" \/>\n\t\t<meta property=\"og:title\" content=\"CARAMITRU, M\u0102L\u0102ELE \u2013 C\u00c2TE-N LUN\u0102 \u0218I \u00ceN STELE \u2013 LA ORADEA - Teatrul Regina Maria Oradea\" \/>\n\t\t<meta property=\"og:description\" content=\"Teatrul Regina Maria are onoarea s\u0103 g\u0103zduiasc\u0103 luni, 26 octombrie, de la ora 19:00, la Sala Mare, un spectacol care a avut un succes fulminant la public, \u00een care ve\u0163i avea ocazia s\u0103 v\u0103 \u00eent\u00e2lni\u0163i cu dou\u0103 mari legende ale teatrului rom\u00e2nesc: \u201eCaramitru-M\u0103l\u0103ele, c\u00e2te&#039;n lun\u0103 \u015fi \u00een stele\u201d. Spectacolul este animat de dialogul prin care\" \/>\n\t\t<meta property=\"og:url\" content=\"https:\/\/www.teatrulreginamaria.ro\/en\/caramitru-malaele-cate-n-luna-si-in-stele-la-oradea\/\" \/>\n\t\t<meta property=\"og:image\" content=\"https:\/\/www.teatrulreginamaria.ro\/wp-content\/uploads\/2025\/03\/trm-istoric-01.jpg\" \/>\n\t\t<meta property=\"og:image:secure_url\" content=\"https:\/\/www.teatrulreginamaria.ro\/wp-content\/uploads\/2025\/03\/trm-istoric-01.jpg\" \/>\n\t\t<meta property=\"og:image:width\" content=\"1200\" \/>\n\t\t<meta property=\"og:image:height\" content=\"800\" \/>\n\t\t<meta property=\"article:published_time\" content=\"2015-10-05T10:06:05+00:00\" \/>\n\t\t<meta property=\"article:modified_time\" content=\"2015-10-05T10:06:05+00:00\" \/>\n\t\t<meta property=\"article:publisher\" content=\"https:\/\/www.facebook.com\/TRMTrupaIosifVulcan\/\" \/>\n\t\t<meta name=\"twitter:card\" content=\"summary_large_image\" \/>\n\t\t<meta name=\"twitter:site\" content=\"@TRMOradea\" \/>\n\t\t<meta name=\"twitter:title\" content=\"CARAMITRU, M\u0102L\u0102ELE \u2013 C\u00c2TE-N LUN\u0102 \u0218I \u00ceN STELE \u2013 LA ORADEA - Teatrul Regina Maria Oradea\" \/>\n\t\t<meta name=\"twitter:description\" content=\"Teatrul Regina Maria are onoarea s\u0103 g\u0103zduiasc\u0103 luni, 26 octombrie, de la ora 19:00, la Sala Mare, un spectacol care a avut un succes fulminant la public, \u00een care ve\u0163i avea ocazia s\u0103 v\u0103 \u00eent\u00e2lni\u0163i cu dou\u0103 mari legende ale teatrului rom\u00e2nesc: \u201eCaramitru-M\u0103l\u0103ele, c\u00e2te&#039;n lun\u0103 \u015fi \u00een stele\u201d. Spectacolul este animat de dialogul prin care\" \/>\n\t\t<meta name=\"twitter:creator\" content=\"@TRMOradea\" \/>\n\t\t<meta name=\"twitter:image\" content=\"https:\/\/www.teatrulreginamaria.ro\/wp-content\/uploads\/2025\/03\/trm-istoric-01.jpg\" \/>\n\t\t<script type=\"application\/ld+json\" class=\"aioseo-schema\">\n\t\t\t{\"@context\":\"https:\\\/\\\/schema.org\",\"@graph\":[{\"@type\":\"BlogPosting\",\"@id\":\"https:\\\/\\\/www.teatrulreginamaria.ro\\\/en\\\/caramitru-malaele-cate-n-luna-si-in-stele-la-oradea\\\/#blogposting\",\"name\":\"CARAMITRU, M\\u0102L\\u0102ELE \\u2013 C\\u00c2TE-N LUN\\u0102 \\u0218I \\u00ceN STELE \\u2013 LA ORADEA - Teatrul Regina Maria Oradea\",\"headline\":\"CARAMITRU, M\\u0102L\\u0102ELE &#8211; C\\u00c2TE-N LUN\\u0102 \\u0218I \\u00ceN STELE &#8211; LA ORADEA\",\"author\":{\"@id\":\"https:\\\/\\\/www.teatrulreginamaria.ro\\\/en\\\/author\\\/w3bmaster\\\/#author\"},\"publisher\":{\"@id\":\"https:\\\/\\\/www.teatrulreginamaria.ro\\\/en\\\/#organization\"},\"image\":{\"@type\":\"ImageObject\",\"url\":\"https:\\\/\\\/www.teatrulreginamaria.ro\\\/wp-content\\\/uploads\\\/2025\\\/06\\\/logo-trm-01-dark.png\",\"@id\":\"https:\\\/\\\/www.teatrulreginamaria.ro\\\/en\\\/#articleImage\",\"width\":300,\"height\":148},\"datePublished\":\"2015-10-05T10:06:05+03:00\",\"dateModified\":\"2015-10-05T10:06:05+03:00\",\"inLanguage\":\"en-GB\",\"mainEntityOfPage\":{\"@id\":\"https:\\\/\\\/www.teatrulreginamaria.ro\\\/en\\\/caramitru-malaele-cate-n-luna-si-in-stele-la-oradea\\\/#webpage\"},\"isPartOf\":{\"@id\":\"https:\\\/\\\/www.teatrulreginamaria.ro\\\/en\\\/caramitru-malaele-cate-n-luna-si-in-stele-la-oradea\\\/#webpage\"},\"articleSection\":\"Nout\\u0103\\u021bi - Trupa Iosif Vulcan\"},{\"@type\":\"BreadcrumbList\",\"@id\":\"https:\\\/\\\/www.teatrulreginamaria.ro\\\/en\\\/caramitru-malaele-cate-n-luna-si-in-stele-la-oradea\\\/#breadcrumblist\",\"itemListElement\":[{\"@type\":\"ListItem\",\"@id\":\"https:\\\/\\\/www.teatrulreginamaria.ro\\\/en#listItem\",\"position\":1,\"name\":\"Home\",\"item\":\"https:\\\/\\\/www.teatrulreginamaria.ro\\\/en\",\"nextItem\":{\"@type\":\"ListItem\",\"@id\":\"https:\\\/\\\/www.teatrulreginamaria.ro\\\/en\\\/categorie\\\/noutati\\\/#listItem\",\"name\":\"Nout\\u0103\\u021bi\"}},{\"@type\":\"ListItem\",\"@id\":\"https:\\\/\\\/www.teatrulreginamaria.ro\\\/en\\\/categorie\\\/noutati\\\/#listItem\",\"position\":2,\"name\":\"Nout\\u0103\\u021bi\",\"item\":\"https:\\\/\\\/www.teatrulreginamaria.ro\\\/en\\\/categorie\\\/noutati\\\/\",\"nextItem\":{\"@type\":\"ListItem\",\"@id\":\"https:\\\/\\\/www.teatrulreginamaria.ro\\\/en\\\/categorie\\\/noutati\\\/noutati-trupa-iosif-vulcan\\\/#listItem\",\"name\":\"Nout\\u0103\\u021bi - Trupa Iosif Vulcan\"},\"previousItem\":{\"@type\":\"ListItem\",\"@id\":\"https:\\\/\\\/www.teatrulreginamaria.ro\\\/en#listItem\",\"name\":\"Home\"}},{\"@type\":\"ListItem\",\"@id\":\"https:\\\/\\\/www.teatrulreginamaria.ro\\\/en\\\/categorie\\\/noutati\\\/noutati-trupa-iosif-vulcan\\\/#listItem\",\"position\":3,\"name\":\"Nout\\u0103\\u021bi - Trupa Iosif Vulcan\",\"item\":\"https:\\\/\\\/www.teatrulreginamaria.ro\\\/en\\\/categorie\\\/noutati\\\/noutati-trupa-iosif-vulcan\\\/\",\"nextItem\":{\"@type\":\"ListItem\",\"@id\":\"https:\\\/\\\/www.teatrulreginamaria.ro\\\/en\\\/caramitru-malaele-cate-n-luna-si-in-stele-la-oradea\\\/#listItem\",\"name\":\"CARAMITRU, M\\u0102L\\u0102ELE &#8211; C\\u00c2TE-N LUN\\u0102 \\u0218I \\u00ceN STELE &#8211; LA ORADEA\"},\"previousItem\":{\"@type\":\"ListItem\",\"@id\":\"https:\\\/\\\/www.teatrulreginamaria.ro\\\/en\\\/categorie\\\/noutati\\\/#listItem\",\"name\":\"Nout\\u0103\\u021bi\"}},{\"@type\":\"ListItem\",\"@id\":\"https:\\\/\\\/www.teatrulreginamaria.ro\\\/en\\\/caramitru-malaele-cate-n-luna-si-in-stele-la-oradea\\\/#listItem\",\"position\":4,\"name\":\"CARAMITRU, M\\u0102L\\u0102ELE &#8211; C\\u00c2TE-N LUN\\u0102 \\u0218I \\u00ceN STELE &#8211; LA ORADEA\",\"previousItem\":{\"@type\":\"ListItem\",\"@id\":\"https:\\\/\\\/www.teatrulreginamaria.ro\\\/en\\\/categorie\\\/noutati\\\/noutati-trupa-iosif-vulcan\\\/#listItem\",\"name\":\"Nout\\u0103\\u021bi - Trupa Iosif Vulcan\"}}]},{\"@type\":\"Organization\",\"@id\":\"https:\\\/\\\/www.teatrulreginamaria.ro\\\/en\\\/#organization\",\"name\":\"Teatrul Regina Maria Oradea\",\"description\":\"Trupa Iosif Vulcan \\u0219i Trupa Arcadia\",\"url\":\"https:\\\/\\\/www.teatrulreginamaria.ro\\\/en\\\/\",\"email\":\"marketing@teatrulreginamaria.ro\",\"telephone\":\"+40359411534\",\"numberOfEmployees\":{\"@type\":\"QuantitativeValue\",\"minValue\":0,\"maxValue\":150},\"logo\":{\"@type\":\"ImageObject\",\"url\":\"https:\\\/\\\/www.teatrulreginamaria.ro\\\/wp-content\\\/uploads\\\/2025\\\/06\\\/logo-trm-01-dark.png\",\"@id\":\"https:\\\/\\\/www.teatrulreginamaria.ro\\\/en\\\/caramitru-malaele-cate-n-luna-si-in-stele-la-oradea\\\/#organizationLogo\",\"width\":300,\"height\":148},\"image\":{\"@id\":\"https:\\\/\\\/www.teatrulreginamaria.ro\\\/en\\\/caramitru-malaele-cate-n-luna-si-in-stele-la-oradea\\\/#organizationLogo\"},\"sameAs\":[\"https:\\\/\\\/www.facebook.com\\\/TRMTrupaIosifVulcan\\\/\",\"https:\\\/\\\/x.com\\\/TRMOradea\",\"https:\\\/\\\/www.instagram.com\\\/teatrul_regina_maria\\\/\",\"https:\\\/\\\/www.youtube.com\\\/c\\\/TeatrulReginaMariaOradea\",\"https:\\\/\\\/www.linkedin.com\\\/company\\\/teatrul-regina-maria\"]},{\"@type\":\"Person\",\"@id\":\"https:\\\/\\\/www.teatrulreginamaria.ro\\\/en\\\/author\\\/w3bmaster\\\/#author\",\"url\":\"https:\\\/\\\/www.teatrulreginamaria.ro\\\/en\\\/author\\\/w3bmaster\\\/\",\"name\":\"Teatrul Regina Maria\",\"image\":{\"@type\":\"ImageObject\",\"@id\":\"https:\\\/\\\/www.teatrulreginamaria.ro\\\/en\\\/caramitru-malaele-cate-n-luna-si-in-stele-la-oradea\\\/#authorImage\",\"url\":\"https:\\\/\\\/secure.gravatar.com\\\/avatar\\\/5884139d508ae3f0bafe45e60563b48a9640146d3b08ccc6278c305ff9329305?s=96&d=mm&r=g\",\"width\":96,\"height\":96,\"caption\":\"Teatrul Regina Maria\"}},{\"@type\":\"WebPage\",\"@id\":\"https:\\\/\\\/www.teatrulreginamaria.ro\\\/en\\\/caramitru-malaele-cate-n-luna-si-in-stele-la-oradea\\\/#webpage\",\"url\":\"https:\\\/\\\/www.teatrulreginamaria.ro\\\/en\\\/caramitru-malaele-cate-n-luna-si-in-stele-la-oradea\\\/\",\"name\":\"CARAMITRU, M\\u0102L\\u0102ELE \\u2013 C\\u00c2TE-N LUN\\u0102 \\u0218I \\u00ceN STELE \\u2013 LA ORADEA - Teatrul Regina Maria Oradea\",\"description\":\"Teatrul Regina Maria are onoarea s\\u0103 g\\u0103zduiasc\\u0103 luni, 26 octombrie, de la ora 19:00, la Sala Mare, un spectacol care a avut un succes fulminant la public, \\u00een care ve\\u0163i avea ocazia s\\u0103 v\\u0103 \\u00eent\\u00e2lni\\u0163i cu dou\\u0103 mari legende ale teatrului rom\\u00e2nesc: \\u201eCaramitru-M\\u0103l\\u0103ele, c\\u00e2te'n lun\\u0103 \\u015fi \\u00een stele\\u201d. Spectacolul este animat de dialogul prin care\",\"inLanguage\":\"en-GB\",\"isPartOf\":{\"@id\":\"https:\\\/\\\/www.teatrulreginamaria.ro\\\/en\\\/#website\"},\"breadcrumb\":{\"@id\":\"https:\\\/\\\/www.teatrulreginamaria.ro\\\/en\\\/caramitru-malaele-cate-n-luna-si-in-stele-la-oradea\\\/#breadcrumblist\"},\"author\":{\"@id\":\"https:\\\/\\\/www.teatrulreginamaria.ro\\\/en\\\/author\\\/w3bmaster\\\/#author\"},\"creator\":{\"@id\":\"https:\\\/\\\/www.teatrulreginamaria.ro\\\/en\\\/author\\\/w3bmaster\\\/#author\"},\"datePublished\":\"2015-10-05T10:06:05+03:00\",\"dateModified\":\"2015-10-05T10:06:05+03:00\"},{\"@type\":\"WebSite\",\"@id\":\"https:\\\/\\\/www.teatrulreginamaria.ro\\\/en\\\/#website\",\"url\":\"https:\\\/\\\/www.teatrulreginamaria.ro\\\/en\\\/\",\"name\":\"Teatrul Regina Maria Oradea\",\"alternateName\":\"TRM Oradea\",\"description\":\"Trupa Iosif Vulcan \\u0219i Trupa Arcadia\",\"inLanguage\":\"en-GB\",\"publisher\":{\"@id\":\"https:\\\/\\\/www.teatrulreginamaria.ro\\\/en\\\/#organization\"}}]}\n\t\t<\/script>\n\t\t<!-- All in One SEO Pro -->\r\n\t\t<title>CARAMITRU, M\u0102L\u0102ELE \u2013 C\u00c2TE-N LUN\u0102 \u0218I \u00ceN STELE \u2013 LA ORADEA - Teatrul Regina Maria Oradea<\/title>\n\n","aioseo_head_json":{"title":"CARAMITRU, M\u0102L\u0102ELE \u2013 ONE IN THE MOON AND IN THE STARS \u2013 IN ORADEA - Regina Maria Theatre Oradea","description":"The Regina Maria Theatre has the honor of hosting on Monday, October 26, from 7:00 PM, at the Great Hall, a show that was a huge success with the audience, in which you will have the opportunity to meet two great legends of Romanian theatre: &quot;Caramitru-M\u0103l\u0103ele, c\u0103t\u0103&#039;n lun\u0103 \u015fi \u00een stele&quot;. The show is animated by the dialogue through which","canonical_url":"https:\/\/www.teatrulreginamaria.ro\/en\/caramitru-malaele-cate-n-luna-si-in-stele-la-oradea\/","robots":"max-image-preview:large","keywords":"","webmasterTools":{"miscellaneous":""},"schema":{"@context":"https:\/\/schema.org","@graph":[{"@type":"BlogPosting","@id":"https:\/\/www.teatrulreginamaria.ro\/en\/caramitru-malaele-cate-n-luna-si-in-stele-la-oradea\/#blogposting","name":"CARAMITRU, M\u0102L\u0102ELE \u2013 C\u00c2TE-N LUN\u0102 \u0218I \u00ceN STELE \u2013 LA ORADEA - Teatrul Regina Maria Oradea","headline":"CARAMITRU, M\u0102L\u0102ELE &#8211; C\u00c2TE-N LUN\u0102 \u0218I \u00ceN STELE &#8211; LA ORADEA","author":{"@id":"https:\/\/www.teatrulreginamaria.ro\/en\/author\/w3bmaster\/#author"},"publisher":{"@id":"https:\/\/www.teatrulreginamaria.ro\/en\/#organization"},"image":{"@type":"ImageObject","url":"https:\/\/www.teatrulreginamaria.ro\/wp-content\/uploads\/2025\/06\/logo-trm-01-dark.png","@id":"https:\/\/www.teatrulreginamaria.ro\/en\/#articleImage","width":300,"height":148},"datePublished":"2015-10-05T10:06:05+03:00","dateModified":"2015-10-05T10:06:05+03:00","inLanguage":"en-GB","mainEntityOfPage":{"@id":"https:\/\/www.teatrulreginamaria.ro\/en\/caramitru-malaele-cate-n-luna-si-in-stele-la-oradea\/#webpage"},"isPartOf":{"@id":"https:\/\/www.teatrulreginamaria.ro\/en\/caramitru-malaele-cate-n-luna-si-in-stele-la-oradea\/#webpage"},"articleSection":"Nout\u0103\u021bi - Trupa Iosif Vulcan"},{"@type":"BreadcrumbList","@id":"https:\/\/www.teatrulreginamaria.ro\/en\/caramitru-malaele-cate-n-luna-si-in-stele-la-oradea\/#breadcrumblist","itemListElement":[{"@type":"ListItem","@id":"https:\/\/www.teatrulreginamaria.ro\/en#listItem","position":1,"name":"Home","item":"https:\/\/www.teatrulreginamaria.ro\/en","nextItem":{"@type":"ListItem","@id":"https:\/\/www.teatrulreginamaria.ro\/en\/categorie\/noutati\/#listItem","name":"Nout\u0103\u021bi"}},{"@type":"ListItem","@id":"https:\/\/www.teatrulreginamaria.ro\/en\/categorie\/noutati\/#listItem","position":2,"name":"Nout\u0103\u021bi","item":"https:\/\/www.teatrulreginamaria.ro\/en\/categorie\/noutati\/","nextItem":{"@type":"ListItem","@id":"https:\/\/www.teatrulreginamaria.ro\/en\/categorie\/noutati\/noutati-trupa-iosif-vulcan\/#listItem","name":"Nout\u0103\u021bi - Trupa Iosif Vulcan"},"previousItem":{"@type":"ListItem","@id":"https:\/\/www.teatrulreginamaria.ro\/en#listItem","name":"Home"}},{"@type":"ListItem","@id":"https:\/\/www.teatrulreginamaria.ro\/en\/categorie\/noutati\/noutati-trupa-iosif-vulcan\/#listItem","position":3,"name":"Nout\u0103\u021bi - Trupa Iosif Vulcan","item":"https:\/\/www.teatrulreginamaria.ro\/en\/categorie\/noutati\/noutati-trupa-iosif-vulcan\/","nextItem":{"@type":"ListItem","@id":"https:\/\/www.teatrulreginamaria.ro\/en\/caramitru-malaele-cate-n-luna-si-in-stele-la-oradea\/#listItem","name":"CARAMITRU, M\u0102L\u0102ELE &#8211; C\u00c2TE-N LUN\u0102 \u0218I \u00ceN STELE &#8211; LA ORADEA"},"previousItem":{"@type":"ListItem","@id":"https:\/\/www.teatrulreginamaria.ro\/en\/categorie\/noutati\/#listItem","name":"Nout\u0103\u021bi"}},{"@type":"ListItem","@id":"https:\/\/www.teatrulreginamaria.ro\/en\/caramitru-malaele-cate-n-luna-si-in-stele-la-oradea\/#listItem","position":4,"name":"CARAMITRU, M\u0102L\u0102ELE &#8211; C\u00c2TE-N LUN\u0102 \u0218I \u00ceN STELE &#8211; LA ORADEA","previousItem":{"@type":"ListItem","@id":"https:\/\/www.teatrulreginamaria.ro\/en\/categorie\/noutati\/noutati-trupa-iosif-vulcan\/#listItem","name":"Nout\u0103\u021bi - Trupa Iosif Vulcan"}}]},{"@type":"Organization","@id":"https:\/\/www.teatrulreginamaria.ro\/en\/#organization","name":"Teatrul Regina Maria Oradea","description":"Trupa Iosif Vulcan \u0219i Trupa Arcadia","url":"https:\/\/www.teatrulreginamaria.ro\/en\/","email":"marketing@teatrulreginamaria.ro","telephone":"+40359411534","numberOfEmployees":{"@type":"QuantitativeValue","minValue":0,"maxValue":150},"logo":{"@type":"ImageObject","url":"https:\/\/www.teatrulreginamaria.ro\/wp-content\/uploads\/2025\/06\/logo-trm-01-dark.png","@id":"https:\/\/www.teatrulreginamaria.ro\/en\/caramitru-malaele-cate-n-luna-si-in-stele-la-oradea\/#organizationLogo","width":300,"height":148},"image":{"@id":"https:\/\/www.teatrulreginamaria.ro\/en\/caramitru-malaele-cate-n-luna-si-in-stele-la-oradea\/#organizationLogo"},"sameAs":["https:\/\/www.facebook.com\/TRMTrupaIosifVulcan\/","https:\/\/x.com\/TRMOradea","https:\/\/www.instagram.com\/teatrul_regina_maria\/","https:\/\/www.youtube.com\/c\/TeatrulReginaMariaOradea","https:\/\/www.linkedin.com\/company\/teatrul-regina-maria"]},{"@type":"Person","@id":"https:\/\/www.teatrulreginamaria.ro\/en\/author\/w3bmaster\/#author","url":"https:\/\/www.teatrulreginamaria.ro\/en\/author\/w3bmaster\/","name":"Teatrul Regina Maria","image":{"@type":"ImageObject","@id":"https:\/\/www.teatrulreginamaria.ro\/en\/caramitru-malaele-cate-n-luna-si-in-stele-la-oradea\/#authorImage","url":"https:\/\/secure.gravatar.com\/avatar\/5884139d508ae3f0bafe45e60563b48a9640146d3b08ccc6278c305ff9329305?s=96&d=mm&r=g","width":96,"height":96,"caption":"Teatrul Regina Maria"}},{"@type":"WebPage","@id":"https:\/\/www.teatrulreginamaria.ro\/en\/caramitru-malaele-cate-n-luna-si-in-stele-la-oradea\/#webpage","url":"https:\/\/www.teatrulreginamaria.ro\/en\/caramitru-malaele-cate-n-luna-si-in-stele-la-oradea\/","name":"CARAMITRU, M\u0102L\u0102ELE \u2013 C\u00c2TE-N LUN\u0102 \u0218I \u00ceN STELE \u2013 LA ORADEA - Teatrul Regina Maria Oradea","description":"Teatrul Regina Maria are onoarea s\u0103 g\u0103zduiasc\u0103 luni, 26 octombrie, de la ora 19:00, la Sala Mare, un spectacol care a avut un succes fulminant la public, \u00een care ve\u0163i avea ocazia s\u0103 v\u0103 \u00eent\u00e2lni\u0163i cu dou\u0103 mari legende ale teatrului rom\u00e2nesc: \u201eCaramitru-M\u0103l\u0103ele, c\u00e2te'n lun\u0103 \u015fi \u00een stele\u201d. Spectacolul este animat de dialogul prin care","inLanguage":"en-GB","isPartOf":{"@id":"https:\/\/www.teatrulreginamaria.ro\/en\/#website"},"breadcrumb":{"@id":"https:\/\/www.teatrulreginamaria.ro\/en\/caramitru-malaele-cate-n-luna-si-in-stele-la-oradea\/#breadcrumblist"},"author":{"@id":"https:\/\/www.teatrulreginamaria.ro\/en\/author\/w3bmaster\/#author"},"creator":{"@id":"https:\/\/www.teatrulreginamaria.ro\/en\/author\/w3bmaster\/#author"},"datePublished":"2015-10-05T10:06:05+03:00","dateModified":"2015-10-05T10:06:05+03:00"},{"@type":"WebSite","@id":"https:\/\/www.teatrulreginamaria.ro\/en\/#website","url":"https:\/\/www.teatrulreginamaria.ro\/en\/","name":"Teatrul Regina Maria Oradea","alternateName":"TRM Oradea","description":"Trupa Iosif Vulcan \u0219i Trupa Arcadia","inLanguage":"en-GB","publisher":{"@id":"https:\/\/www.teatrulreginamaria.ro\/en\/#organization"}}]},"og:locale":"en_GB","og:site_name":"Teatrul Regina Maria Oradea - Trupa Iosif Vulcan \u0219i Trupa Arcadia","og:type":"article","og:title":"CARAMITRU, M\u0102L\u0102ELE \u2013 C\u00c2TE-N LUN\u0102 \u0218I \u00ceN STELE \u2013 LA ORADEA - Teatrul Regina Maria Oradea","og:description":"Teatrul Regina Maria are onoarea s\u0103 g\u0103zduiasc\u0103 luni, 26 octombrie, de la ora 19:00, la Sala Mare, un spectacol care a avut un succes fulminant la public, \u00een care ve\u0163i avea ocazia s\u0103 v\u0103 \u00eent\u00e2lni\u0163i cu dou\u0103 mari legende ale teatrului rom\u00e2nesc: \u201eCaramitru-M\u0103l\u0103ele, c\u00e2te'n lun\u0103 \u015fi \u00een stele\u201d. Spectacolul este animat de dialogul prin care","og:url":"https:\/\/www.teatrulreginamaria.ro\/en\/caramitru-malaele-cate-n-luna-si-in-stele-la-oradea\/","og:image":"https:\/\/www.teatrulreginamaria.ro\/wp-content\/uploads\/2025\/03\/trm-istoric-01.jpg","og:image:secure_url":"https:\/\/www.teatrulreginamaria.ro\/wp-content\/uploads\/2025\/03\/trm-istoric-01.jpg","og:image:width":1200,"og:image:height":800,"article:published_time":"2015-10-05T10:06:05+00:00","article:modified_time":"2015-10-05T10:06:05+00:00","article:publisher":"https:\/\/www.facebook.com\/TRMTrupaIosifVulcan\/","twitter:card":"summary_large_image","twitter:site":"@TRMOradea","twitter:title":"CARAMITRU, M\u0102L\u0102ELE \u2013 C\u00c2TE-N LUN\u0102 \u0218I \u00ceN STELE \u2013 LA ORADEA - Teatrul Regina Maria Oradea","twitter:description":"Teatrul Regina Maria are onoarea s\u0103 g\u0103zduiasc\u0103 luni, 26 octombrie, de la ora 19:00, la Sala Mare, un spectacol care a avut un succes fulminant la public, \u00een care ve\u0163i avea ocazia s\u0103 v\u0103 \u00eent\u00e2lni\u0163i cu dou\u0103 mari legende ale teatrului rom\u00e2nesc: \u201eCaramitru-M\u0103l\u0103ele, c\u00e2te'n lun\u0103 \u015fi \u00een stele\u201d. Spectacolul este animat de dialogul prin care","twitter:creator":"@TRMOradea","twitter:image":"https:\/\/www.teatrulreginamaria.ro\/wp-content\/uploads\/2025\/03\/trm-istoric-01.jpg"},"aioseo_meta_data":{"post_id":"1121","title":null,"description":null,"keywords":null,"keyphrases":null,"primary_term":null,"canonical_url":null,"og_title":null,"og_description":null,"og_object_type":"default","og_image_type":"default","og_image_url":null,"og_image_width":null,"og_image_height":null,"og_image_custom_url":null,"og_image_custom_fields":null,"og_video":null,"og_custom_url":null,"og_article_section":null,"og_article_tags":null,"twitter_use_og":false,"twitter_card":"default","twitter_image_type":"default","twitter_image_url":null,"twitter_image_custom_url":null,"twitter_image_custom_fields":null,"twitter_title":null,"twitter_description":null,"schema":{"blockGraphs":[],"customGraphs":[],"default":{"data":{"Article":[],"Course":[],"Dataset":[],"FAQPage":[],"Movie":[],"Person":[],"Product":[],"ProductReview":[],"Car":[],"Recipe":[],"Service":[],"SoftwareApplication":[],"WebPage":[]},"graphName":"","isEnabled":true},"graphs":[]},"schema_type":"default","schema_type_options":null,"pillar_content":false,"robots_default":true,"robots_noindex":false,"robots_noarchive":false,"robots_nosnippet":false,"robots_nofollow":false,"robots_noimageindex":false,"robots_noodp":false,"robots_notranslate":false,"robots_max_snippet":null,"robots_max_videopreview":null,"robots_max_imagepreview":"large","priority":null,"frequency":null,"local_seo":null,"seo_analyzer_scan_date":"2026-05-13 00:56:46","breadcrumb_settings":null,"limit_modified_date":false,"reviewed_by":null,"open_ai":null,"ai":null,"created":"2025-04-09 17:40:56","updated":"2026-05-13 00:56:46","focus_keyword":null,"additional_keywords":null,"truseo_locale":null},"aioseo_breadcrumb":"<div class=\"aioseo-breadcrumbs\"><span class=\"aioseo-breadcrumb\">\n\t<a href=\"https:\/\/www.teatrulreginamaria.ro\/en\" title=\"Home\">Home<\/a>\n<\/span><span class=\"aioseo-breadcrumb-separator\">&raquo;<\/span><span class=\"aioseo-breadcrumb\">\n\t<a href=\"https:\/\/www.teatrulreginamaria.ro\/en\/categorie\/noutati\/\" title=\"Nout\u0103\u021bi\">Nout\u0103\u021bi<\/a>\n<\/span><span class=\"aioseo-breadcrumb-separator\">&raquo;<\/span><span class=\"aioseo-breadcrumb\">\n\t<a href=\"https:\/\/www.teatrulreginamaria.ro\/en\/categorie\/noutati\/noutati-trupa-iosif-vulcan\/\" title=\"Nout\u0103\u021bi - Trupa Iosif Vulcan\">Nout\u0103\u021bi - Trupa Iosif Vulcan<\/a>\n<\/span><span class=\"aioseo-breadcrumb-separator\">&raquo;<\/span><span class=\"aioseo-breadcrumb\">\n\tCARAMITRU, M\u0102L\u0102ELE \u2013 C\u00c2TE-N LUN\u0102 \u0218I \u00ceN STELE \u2013 LA ORADEA\n<\/span><\/div>","aioseo_breadcrumb_json":[{"label":"Home","link":"https:\/\/www.teatrulreginamaria.ro\/en"},{"label":"Nout\u0103\u021bi","link":"https:\/\/www.teatrulreginamaria.ro\/en\/categorie\/noutati\/"},{"label":"Nout\u0103\u021bi - Trupa Iosif Vulcan","link":"https:\/\/www.teatrulreginamaria.ro\/en\/categorie\/noutati\/noutati-trupa-iosif-vulcan\/"},{"label":"CARAMITRU, M\u0102L\u0102ELE &#8211; C\u00c2TE-N LUN\u0102 \u0218I \u00ceN STELE &#8211; LA ORADEA","link":"https:\/\/www.teatrulreginamaria.ro\/en\/caramitru-malaele-cate-n-luna-si-in-stele-la-oradea\/"}],"acf":[],"_links":{"self":[{"href":"https:\/\/www.teatrulreginamaria.ro\/en\/wp-json\/wp\/v2\/posts\/1121","targetHints":{"allow":["GET"]}}],"collection":[{"href":"https:\/\/www.teatrulreginamaria.ro\/en\/wp-json\/wp\/v2\/posts"}],"about":[{"href":"https:\/\/www.teatrulreginamaria.ro\/en\/wp-json\/wp\/v2\/types\/post"}],"author":[{"embeddable":true,"href":"https:\/\/www.teatrulreginamaria.ro\/en\/wp-json\/wp\/v2\/users\/6"}],"replies":[{"embeddable":true,"href":"https:\/\/www.teatrulreginamaria.ro\/en\/wp-json\/wp\/v2\/comments?post=1121"}],"version-history":[{"count":0,"href":"https:\/\/www.teatrulreginamaria.ro\/en\/wp-json\/wp\/v2\/posts\/1121\/revisions"}],"wp:attachment":[{"href":"https:\/\/www.teatrulreginamaria.ro\/en\/wp-json\/wp\/v2\/media?parent=1121"}],"wp:term":[{"taxonomy":"category","embeddable":true,"href":"https:\/\/www.teatrulreginamaria.ro\/en\/wp-json\/wp\/v2\/categories?post=1121"},{"taxonomy":"post_tag","embeddable":true,"href":"https:\/\/www.teatrulreginamaria.ro\/en\/wp-json\/wp\/v2\/tags?post=1121"}],"curies":[{"name":"wp","href":"https:\/\/api.w.org\/{rel}","templated":true}]}}