{"id":1125,"date":"2015-10-30T07:02:09","date_gmt":"2015-10-30T07:02:09","guid":{"rendered":"https:\/\/teatrulreginamaria.ro\/2015\/10\/30\/spectacolul-cheia-reprogramat-in-4-noiembrie\/"},"modified":"2015-10-30T07:02:09","modified_gmt":"2015-10-30T07:02:09","slug":"the-key-show-rescheduled-for-november-4th","status":"publish","type":"post","link":"https:\/\/www.teatrulreginamaria.ro\/en\/spectacolul-cheia-reprogramat-in-4-noiembrie\/","title":{"rendered":"THE KEY SHOW \u2013 RESCHEDULED FOR NOVEMBER 4"},"content":{"rendered":"<p style=\"text-align: justify;\">Dear viewers,<\/p>\n<p style=\"text-align: justify;\">We regret to inform you that the performance of the show &quot;The Key&quot;, scheduled for tonight at 7:00 PM at the Regina Maria Theater, has been suspended based on the decision of the Romanian Government to declare October 31, November 1 and 2 days of national mourning. The government decision was taken following the tragedy in which 27 people lost their lives due to a fire that broke out in the Colectiv club in the capital.<\/p>\n<p><!--more--><\/p>\n<p style=\"text-align: justify;\">The show will be rescheduled for November 4, at 7:00 PM, at the Great Hall. Purchased tickets are valid for the performance on this date. Those who wish to return their tickets are welcome at the Theater Agency from Monday to Friday between 10:00 AM and 7:00 PM and Saturday and Sunday between 10:00 AM and 1:00 PM.<\/p>\n<p style=\"text-align: justify;\">We apologize for any inconvenience!<\/p>\n<p style=\"text-align: justify;\">We stand with those in suffering!<\/p>","protected":false},"excerpt":{"rendered":"<p>Dragi spectatori, V\u0103 inform\u0103m cu regret c\u0103 reprezenta\u021bia spectacolului \u201dCheia\u201d, programat\u0103 \u00een seara aceasta de la ora 19:00 la Teatrul Regina Maria, a fost suspendat\u0103 \u00een baza deciziei Guvernului Rom\u00e2niei de a decreta zilele de 31 octombrie, 1 \u0219i 2 noiembrie zile de doliu na\u021bional. Decizia guvernamental\u0103 a fost luat\u0103 \u00een urma tragediei \u00een care [&hellip;]<\/p>\n","protected":false},"author":6,"featured_media":0,"comment_status":"open","ping_status":"open","sticky":false,"template":"","format":"standard","meta":{"_acf_changed":false,"footnotes":""},"categories":[22],"tags":[],"class_list":["post-1125","post","type-post","status-publish","format-standard","hentry","category-noutati-trupa-iosif-vulcan"],"aioseo_notices":[],"aioseo_head":"\n\t\t<!-- All in One SEO Pro 5.0.1.1 - aioseo.com -->\n\t<meta name=\"description\" content=\"Dragi spectatori, V\u0103 inform\u0103m cu regret c\u0103 reprezenta\u021bia spectacolului \u201dCheia\u201d, programat\u0103 \u00een seara aceasta de la ora 19:00 la Teatrul Regina Maria, a fost suspendat\u0103 \u00een baza deciziei Guvernului Rom\u00e2niei de a decreta zilele de 31 octombrie, 1 \u0219i 2 noiembrie zile de doliu na\u021bional. Decizia guvernamental\u0103 a fost luat\u0103 \u00een urma tragediei \u00een care\" \/>\n\t<meta name=\"robots\" content=\"max-image-preview:large\" \/>\n\t<meta name=\"author\" content=\"Teatrul Regina Maria\"\/>\n\t<link rel=\"canonical\" href=\"https:\/\/www.teatrulreginamaria.ro\/en\/spectacolul-cheia-reprogramat-in-4-noiembrie\/\" \/>\n\t<meta name=\"generator\" content=\"All in One SEO Pro (AIOSEO) 5.0.1.1\" \/>\n\t\t<meta property=\"og:locale\" content=\"en_GB\" \/>\n\t\t<meta property=\"og:site_name\" content=\"Teatrul Regina Maria Oradea - Trupa Iosif Vulcan \u0219i Trupa Arcadia\" \/>\n\t\t<meta property=\"og:type\" content=\"article\" \/>\n\t\t<meta property=\"og:title\" content=\"SPECTACOLUL CHEIA \u2013 REPROGRAMAT \u00ceN 4 NOIEMBRIE - Teatrul Regina Maria Oradea\" \/>\n\t\t<meta property=\"og:description\" content=\"Dragi spectatori, V\u0103 inform\u0103m cu regret c\u0103 reprezenta\u021bia spectacolului \u201dCheia\u201d, programat\u0103 \u00een seara aceasta de la ora 19:00 la Teatrul Regina Maria, a fost suspendat\u0103 \u00een baza deciziei Guvernului Rom\u00e2niei de a decreta zilele de 31 octombrie, 1 \u0219i 2 noiembrie zile de doliu na\u021bional. Decizia guvernamental\u0103 a fost luat\u0103 \u00een urma tragediei \u00een care\" \/>\n\t\t<meta property=\"og:url\" content=\"https:\/\/www.teatrulreginamaria.ro\/en\/spectacolul-cheia-reprogramat-in-4-noiembrie\/\" \/>\n\t\t<meta property=\"og:image\" content=\"https:\/\/www.teatrulreginamaria.ro\/wp-content\/uploads\/2025\/03\/trm-istoric-01.jpg\" \/>\n\t\t<meta property=\"og:image:secure_url\" content=\"https:\/\/www.teatrulreginamaria.ro\/wp-content\/uploads\/2025\/03\/trm-istoric-01.jpg\" \/>\n\t\t<meta property=\"og:image:width\" content=\"1200\" \/>\n\t\t<meta property=\"og:image:height\" content=\"800\" \/>\n\t\t<meta property=\"article:published_time\" content=\"2015-10-30T07:02:09+00:00\" \/>\n\t\t<meta property=\"article:modified_time\" content=\"2015-10-30T07:02:09+00:00\" \/>\n\t\t<meta property=\"article:publisher\" content=\"https:\/\/www.facebook.com\/TRMTrupaIosifVulcan\/\" \/>\n\t\t<meta name=\"twitter:card\" content=\"summary_large_image\" \/>\n\t\t<meta name=\"twitter:site\" content=\"@TRMOradea\" \/>\n\t\t<meta name=\"twitter:title\" content=\"SPECTACOLUL CHEIA \u2013 REPROGRAMAT \u00ceN 4 NOIEMBRIE - Teatrul Regina Maria Oradea\" \/>\n\t\t<meta name=\"twitter:description\" content=\"Dragi spectatori, V\u0103 inform\u0103m cu regret c\u0103 reprezenta\u021bia spectacolului \u201dCheia\u201d, programat\u0103 \u00een seara aceasta de la ora 19:00 la Teatrul Regina Maria, a fost suspendat\u0103 \u00een baza deciziei Guvernului Rom\u00e2niei de a decreta zilele de 31 octombrie, 1 \u0219i 2 noiembrie zile de doliu na\u021bional. Decizia guvernamental\u0103 a fost luat\u0103 \u00een urma tragediei \u00een care\" \/>\n\t\t<meta name=\"twitter:creator\" content=\"@TRMOradea\" \/>\n\t\t<meta name=\"twitter:image\" content=\"https:\/\/www.teatrulreginamaria.ro\/wp-content\/uploads\/2025\/03\/trm-istoric-01.jpg\" \/>\n\t\t<script type=\"application\/ld+json\" class=\"aioseo-schema\">\n\t\t\t{\"@context\":\"https:\\\/\\\/schema.org\",\"@graph\":[{\"@type\":\"BlogPosting\",\"@id\":\"https:\\\/\\\/www.teatrulreginamaria.ro\\\/en\\\/spectacolul-cheia-reprogramat-in-4-noiembrie\\\/#blogposting\",\"name\":\"SPECTACOLUL CHEIA \\u2013 REPROGRAMAT \\u00ceN 4 NOIEMBRIE - Teatrul Regina Maria Oradea\",\"headline\":\"SPECTACOLUL CHEIA &#8211; REPROGRAMAT \\u00ceN 4 NOIEMBRIE\",\"author\":{\"@id\":\"https:\\\/\\\/www.teatrulreginamaria.ro\\\/en\\\/author\\\/w3bmaster\\\/#author\"},\"publisher\":{\"@id\":\"https:\\\/\\\/www.teatrulreginamaria.ro\\\/en\\\/#organization\"},\"image\":{\"@type\":\"ImageObject\",\"url\":\"https:\\\/\\\/www.teatrulreginamaria.ro\\\/wp-content\\\/uploads\\\/2025\\\/06\\\/logo-trm-01-dark.png\",\"@id\":\"https:\\\/\\\/www.teatrulreginamaria.ro\\\/en\\\/#articleImage\",\"width\":300,\"height\":148},\"datePublished\":\"2015-10-30T07:02:09+02:00\",\"dateModified\":\"2015-10-30T07:02:09+02:00\",\"inLanguage\":\"en-GB\",\"mainEntityOfPage\":{\"@id\":\"https:\\\/\\\/www.teatrulreginamaria.ro\\\/en\\\/spectacolul-cheia-reprogramat-in-4-noiembrie\\\/#webpage\"},\"isPartOf\":{\"@id\":\"https:\\\/\\\/www.teatrulreginamaria.ro\\\/en\\\/spectacolul-cheia-reprogramat-in-4-noiembrie\\\/#webpage\"},\"articleSection\":\"Nout\\u0103\\u021bi - Trupa Iosif Vulcan\"},{\"@type\":\"BreadcrumbList\",\"@id\":\"https:\\\/\\\/www.teatrulreginamaria.ro\\\/en\\\/spectacolul-cheia-reprogramat-in-4-noiembrie\\\/#breadcrumblist\",\"itemListElement\":[{\"@type\":\"ListItem\",\"@id\":\"https:\\\/\\\/www.teatrulreginamaria.ro\\\/en#listItem\",\"position\":1,\"name\":\"Home\",\"item\":\"https:\\\/\\\/www.teatrulreginamaria.ro\\\/en\",\"nextItem\":{\"@type\":\"ListItem\",\"@id\":\"https:\\\/\\\/www.teatrulreginamaria.ro\\\/en\\\/categorie\\\/noutati\\\/#listItem\",\"name\":\"Nout\\u0103\\u021bi\"}},{\"@type\":\"ListItem\",\"@id\":\"https:\\\/\\\/www.teatrulreginamaria.ro\\\/en\\\/categorie\\\/noutati\\\/#listItem\",\"position\":2,\"name\":\"Nout\\u0103\\u021bi\",\"item\":\"https:\\\/\\\/www.teatrulreginamaria.ro\\\/en\\\/categorie\\\/noutati\\\/\",\"nextItem\":{\"@type\":\"ListItem\",\"@id\":\"https:\\\/\\\/www.teatrulreginamaria.ro\\\/en\\\/categorie\\\/noutati\\\/noutati-trupa-iosif-vulcan\\\/#listItem\",\"name\":\"Nout\\u0103\\u021bi - Trupa Iosif Vulcan\"},\"previousItem\":{\"@type\":\"ListItem\",\"@id\":\"https:\\\/\\\/www.teatrulreginamaria.ro\\\/en#listItem\",\"name\":\"Home\"}},{\"@type\":\"ListItem\",\"@id\":\"https:\\\/\\\/www.teatrulreginamaria.ro\\\/en\\\/categorie\\\/noutati\\\/noutati-trupa-iosif-vulcan\\\/#listItem\",\"position\":3,\"name\":\"Nout\\u0103\\u021bi - Trupa Iosif Vulcan\",\"item\":\"https:\\\/\\\/www.teatrulreginamaria.ro\\\/en\\\/categorie\\\/noutati\\\/noutati-trupa-iosif-vulcan\\\/\",\"nextItem\":{\"@type\":\"ListItem\",\"@id\":\"https:\\\/\\\/www.teatrulreginamaria.ro\\\/en\\\/spectacolul-cheia-reprogramat-in-4-noiembrie\\\/#listItem\",\"name\":\"SPECTACOLUL CHEIA &#8211; REPROGRAMAT \\u00ceN 4 NOIEMBRIE\"},\"previousItem\":{\"@type\":\"ListItem\",\"@id\":\"https:\\\/\\\/www.teatrulreginamaria.ro\\\/en\\\/categorie\\\/noutati\\\/#listItem\",\"name\":\"Nout\\u0103\\u021bi\"}},{\"@type\":\"ListItem\",\"@id\":\"https:\\\/\\\/www.teatrulreginamaria.ro\\\/en\\\/spectacolul-cheia-reprogramat-in-4-noiembrie\\\/#listItem\",\"position\":4,\"name\":\"SPECTACOLUL CHEIA &#8211; REPROGRAMAT \\u00ceN 4 NOIEMBRIE\",\"previousItem\":{\"@type\":\"ListItem\",\"@id\":\"https:\\\/\\\/www.teatrulreginamaria.ro\\\/en\\\/categorie\\\/noutati\\\/noutati-trupa-iosif-vulcan\\\/#listItem\",\"name\":\"Nout\\u0103\\u021bi - Trupa Iosif Vulcan\"}}]},{\"@type\":\"Organization\",\"@id\":\"https:\\\/\\\/www.teatrulreginamaria.ro\\\/en\\\/#organization\",\"name\":\"Teatrul Regina Maria Oradea\",\"description\":\"Trupa Iosif Vulcan \\u0219i Trupa Arcadia\",\"url\":\"https:\\\/\\\/www.teatrulreginamaria.ro\\\/en\\\/\",\"email\":\"marketing@teatrulreginamaria.ro\",\"telephone\":\"+40359411534\",\"numberOfEmployees\":{\"@type\":\"QuantitativeValue\",\"minValue\":0,\"maxValue\":150},\"logo\":{\"@type\":\"ImageObject\",\"url\":\"https:\\\/\\\/www.teatrulreginamaria.ro\\\/wp-content\\\/uploads\\\/2025\\\/06\\\/logo-trm-01-dark.png\",\"@id\":\"https:\\\/\\\/www.teatrulreginamaria.ro\\\/en\\\/spectacolul-cheia-reprogramat-in-4-noiembrie\\\/#organizationLogo\",\"width\":300,\"height\":148},\"image\":{\"@id\":\"https:\\\/\\\/www.teatrulreginamaria.ro\\\/en\\\/spectacolul-cheia-reprogramat-in-4-noiembrie\\\/#organizationLogo\"},\"sameAs\":[\"https:\\\/\\\/www.facebook.com\\\/TRMTrupaIosifVulcan\\\/\",\"https:\\\/\\\/x.com\\\/TRMOradea\",\"https:\\\/\\\/www.instagram.com\\\/teatrul_regina_maria\\\/\",\"https:\\\/\\\/www.youtube.com\\\/c\\\/TeatrulReginaMariaOradea\",\"https:\\\/\\\/www.linkedin.com\\\/company\\\/teatrul-regina-maria\"]},{\"@type\":\"Person\",\"@id\":\"https:\\\/\\\/www.teatrulreginamaria.ro\\\/en\\\/author\\\/w3bmaster\\\/#author\",\"url\":\"https:\\\/\\\/www.teatrulreginamaria.ro\\\/en\\\/author\\\/w3bmaster\\\/\",\"name\":\"Teatrul Regina Maria\",\"image\":{\"@type\":\"ImageObject\",\"@id\":\"https:\\\/\\\/www.teatrulreginamaria.ro\\\/en\\\/spectacolul-cheia-reprogramat-in-4-noiembrie\\\/#authorImage\",\"url\":\"https:\\\/\\\/secure.gravatar.com\\\/avatar\\\/5884139d508ae3f0bafe45e60563b48a9640146d3b08ccc6278c305ff9329305?s=96&d=mm&r=g\",\"width\":96,\"height\":96,\"caption\":\"Teatrul Regina Maria\"}},{\"@type\":\"WebPage\",\"@id\":\"https:\\\/\\\/www.teatrulreginamaria.ro\\\/en\\\/spectacolul-cheia-reprogramat-in-4-noiembrie\\\/#webpage\",\"url\":\"https:\\\/\\\/www.teatrulreginamaria.ro\\\/en\\\/spectacolul-cheia-reprogramat-in-4-noiembrie\\\/\",\"name\":\"SPECTACOLUL CHEIA \\u2013 REPROGRAMAT \\u00ceN 4 NOIEMBRIE - Teatrul Regina Maria Oradea\",\"description\":\"Dragi spectatori, V\\u0103 inform\\u0103m cu regret c\\u0103 reprezenta\\u021bia spectacolului \\u201dCheia\\u201d, programat\\u0103 \\u00een seara aceasta de la ora 19:00 la Teatrul Regina Maria, a fost suspendat\\u0103 \\u00een baza deciziei Guvernului Rom\\u00e2niei de a decreta zilele de 31 octombrie, 1 \\u0219i 2 noiembrie zile de doliu na\\u021bional. Decizia guvernamental\\u0103 a fost luat\\u0103 \\u00een urma tragediei \\u00een care\",\"inLanguage\":\"en-GB\",\"isPartOf\":{\"@id\":\"https:\\\/\\\/www.teatrulreginamaria.ro\\\/en\\\/#website\"},\"breadcrumb\":{\"@id\":\"https:\\\/\\\/www.teatrulreginamaria.ro\\\/en\\\/spectacolul-cheia-reprogramat-in-4-noiembrie\\\/#breadcrumblist\"},\"author\":{\"@id\":\"https:\\\/\\\/www.teatrulreginamaria.ro\\\/en\\\/author\\\/w3bmaster\\\/#author\"},\"creator\":{\"@id\":\"https:\\\/\\\/www.teatrulreginamaria.ro\\\/en\\\/author\\\/w3bmaster\\\/#author\"},\"datePublished\":\"2015-10-30T07:02:09+02:00\",\"dateModified\":\"2015-10-30T07:02:09+02:00\"},{\"@type\":\"WebSite\",\"@id\":\"https:\\\/\\\/www.teatrulreginamaria.ro\\\/en\\\/#website\",\"url\":\"https:\\\/\\\/www.teatrulreginamaria.ro\\\/en\\\/\",\"name\":\"Teatrul Regina Maria Oradea\",\"alternateName\":\"TRM Oradea\",\"description\":\"Trupa Iosif Vulcan \\u0219i Trupa Arcadia\",\"inLanguage\":\"en-GB\",\"publisher\":{\"@id\":\"https:\\\/\\\/www.teatrulreginamaria.ro\\\/en\\\/#organization\"}}]}\n\t\t<\/script>\n\t\t<!-- All in One SEO Pro -->\r\n\t\t<title>SPECTACOLUL CHEIA \u2013 REPROGRAMAT \u00ceN 4 NOIEMBRIE - Teatrul Regina Maria Oradea<\/title>\n\n","aioseo_head_json":{"title":"THE KEY SHOW \u2013 RESCHEDULED FOR NOVEMBER 4 - Regina Maria Theater Oradea","description":"Dear viewers, We regret to inform you that the performance of the show &quot;The Key&quot;, scheduled for tonight at 7:00 PM at the Regina Maria Theater, has been suspended based on the decision of the Romanian Government to declare October 31, November 1 and 2 days of national mourning. The government decision was taken following the tragedy in which","canonical_url":"https:\/\/www.teatrulreginamaria.ro\/en\/spectacolul-cheia-reprogramat-in-4-noiembrie\/","robots":"max-image-preview:large","keywords":"","webmasterTools":{"miscellaneous":""},"schema":{"@context":"https:\/\/schema.org","@graph":[{"@type":"BlogPosting","@id":"https:\/\/www.teatrulreginamaria.ro\/en\/spectacolul-cheia-reprogramat-in-4-noiembrie\/#blogposting","name":"SPECTACOLUL CHEIA \u2013 REPROGRAMAT \u00ceN 4 NOIEMBRIE - Teatrul Regina Maria Oradea","headline":"SPECTACOLUL CHEIA &#8211; REPROGRAMAT \u00ceN 4 NOIEMBRIE","author":{"@id":"https:\/\/www.teatrulreginamaria.ro\/en\/author\/w3bmaster\/#author"},"publisher":{"@id":"https:\/\/www.teatrulreginamaria.ro\/en\/#organization"},"image":{"@type":"ImageObject","url":"https:\/\/www.teatrulreginamaria.ro\/wp-content\/uploads\/2025\/06\/logo-trm-01-dark.png","@id":"https:\/\/www.teatrulreginamaria.ro\/en\/#articleImage","width":300,"height":148},"datePublished":"2015-10-30T07:02:09+02:00","dateModified":"2015-10-30T07:02:09+02:00","inLanguage":"en-GB","mainEntityOfPage":{"@id":"https:\/\/www.teatrulreginamaria.ro\/en\/spectacolul-cheia-reprogramat-in-4-noiembrie\/#webpage"},"isPartOf":{"@id":"https:\/\/www.teatrulreginamaria.ro\/en\/spectacolul-cheia-reprogramat-in-4-noiembrie\/#webpage"},"articleSection":"Nout\u0103\u021bi - Trupa Iosif Vulcan"},{"@type":"BreadcrumbList","@id":"https:\/\/www.teatrulreginamaria.ro\/en\/spectacolul-cheia-reprogramat-in-4-noiembrie\/#breadcrumblist","itemListElement":[{"@type":"ListItem","@id":"https:\/\/www.teatrulreginamaria.ro\/en#listItem","position":1,"name":"Home","item":"https:\/\/www.teatrulreginamaria.ro\/en","nextItem":{"@type":"ListItem","@id":"https:\/\/www.teatrulreginamaria.ro\/en\/categorie\/noutati\/#listItem","name":"Nout\u0103\u021bi"}},{"@type":"ListItem","@id":"https:\/\/www.teatrulreginamaria.ro\/en\/categorie\/noutati\/#listItem","position":2,"name":"Nout\u0103\u021bi","item":"https:\/\/www.teatrulreginamaria.ro\/en\/categorie\/noutati\/","nextItem":{"@type":"ListItem","@id":"https:\/\/www.teatrulreginamaria.ro\/en\/categorie\/noutati\/noutati-trupa-iosif-vulcan\/#listItem","name":"Nout\u0103\u021bi - Trupa Iosif Vulcan"},"previousItem":{"@type":"ListItem","@id":"https:\/\/www.teatrulreginamaria.ro\/en#listItem","name":"Home"}},{"@type":"ListItem","@id":"https:\/\/www.teatrulreginamaria.ro\/en\/categorie\/noutati\/noutati-trupa-iosif-vulcan\/#listItem","position":3,"name":"Nout\u0103\u021bi - Trupa Iosif Vulcan","item":"https:\/\/www.teatrulreginamaria.ro\/en\/categorie\/noutati\/noutati-trupa-iosif-vulcan\/","nextItem":{"@type":"ListItem","@id":"https:\/\/www.teatrulreginamaria.ro\/en\/spectacolul-cheia-reprogramat-in-4-noiembrie\/#listItem","name":"SPECTACOLUL CHEIA &#8211; REPROGRAMAT \u00ceN 4 NOIEMBRIE"},"previousItem":{"@type":"ListItem","@id":"https:\/\/www.teatrulreginamaria.ro\/en\/categorie\/noutati\/#listItem","name":"Nout\u0103\u021bi"}},{"@type":"ListItem","@id":"https:\/\/www.teatrulreginamaria.ro\/en\/spectacolul-cheia-reprogramat-in-4-noiembrie\/#listItem","position":4,"name":"SPECTACOLUL CHEIA &#8211; REPROGRAMAT \u00ceN 4 NOIEMBRIE","previousItem":{"@type":"ListItem","@id":"https:\/\/www.teatrulreginamaria.ro\/en\/categorie\/noutati\/noutati-trupa-iosif-vulcan\/#listItem","name":"Nout\u0103\u021bi - Trupa Iosif Vulcan"}}]},{"@type":"Organization","@id":"https:\/\/www.teatrulreginamaria.ro\/en\/#organization","name":"Teatrul Regina Maria Oradea","description":"Trupa Iosif Vulcan \u0219i Trupa Arcadia","url":"https:\/\/www.teatrulreginamaria.ro\/en\/","email":"marketing@teatrulreginamaria.ro","telephone":"+40359411534","numberOfEmployees":{"@type":"QuantitativeValue","minValue":0,"maxValue":150},"logo":{"@type":"ImageObject","url":"https:\/\/www.teatrulreginamaria.ro\/wp-content\/uploads\/2025\/06\/logo-trm-01-dark.png","@id":"https:\/\/www.teatrulreginamaria.ro\/en\/spectacolul-cheia-reprogramat-in-4-noiembrie\/#organizationLogo","width":300,"height":148},"image":{"@id":"https:\/\/www.teatrulreginamaria.ro\/en\/spectacolul-cheia-reprogramat-in-4-noiembrie\/#organizationLogo"},"sameAs":["https:\/\/www.facebook.com\/TRMTrupaIosifVulcan\/","https:\/\/x.com\/TRMOradea","https:\/\/www.instagram.com\/teatrul_regina_maria\/","https:\/\/www.youtube.com\/c\/TeatrulReginaMariaOradea","https:\/\/www.linkedin.com\/company\/teatrul-regina-maria"]},{"@type":"Person","@id":"https:\/\/www.teatrulreginamaria.ro\/en\/author\/w3bmaster\/#author","url":"https:\/\/www.teatrulreginamaria.ro\/en\/author\/w3bmaster\/","name":"Teatrul Regina Maria","image":{"@type":"ImageObject","@id":"https:\/\/www.teatrulreginamaria.ro\/en\/spectacolul-cheia-reprogramat-in-4-noiembrie\/#authorImage","url":"https:\/\/secure.gravatar.com\/avatar\/5884139d508ae3f0bafe45e60563b48a9640146d3b08ccc6278c305ff9329305?s=96&d=mm&r=g","width":96,"height":96,"caption":"Teatrul Regina Maria"}},{"@type":"WebPage","@id":"https:\/\/www.teatrulreginamaria.ro\/en\/spectacolul-cheia-reprogramat-in-4-noiembrie\/#webpage","url":"https:\/\/www.teatrulreginamaria.ro\/en\/spectacolul-cheia-reprogramat-in-4-noiembrie\/","name":"SPECTACOLUL CHEIA \u2013 REPROGRAMAT \u00ceN 4 NOIEMBRIE - Teatrul Regina Maria Oradea","description":"Dragi spectatori, V\u0103 inform\u0103m cu regret c\u0103 reprezenta\u021bia spectacolului \u201dCheia\u201d, programat\u0103 \u00een seara aceasta de la ora 19:00 la Teatrul Regina Maria, a fost suspendat\u0103 \u00een baza deciziei Guvernului Rom\u00e2niei de a decreta zilele de 31 octombrie, 1 \u0219i 2 noiembrie zile de doliu na\u021bional. Decizia guvernamental\u0103 a fost luat\u0103 \u00een urma tragediei \u00een care","inLanguage":"en-GB","isPartOf":{"@id":"https:\/\/www.teatrulreginamaria.ro\/en\/#website"},"breadcrumb":{"@id":"https:\/\/www.teatrulreginamaria.ro\/en\/spectacolul-cheia-reprogramat-in-4-noiembrie\/#breadcrumblist"},"author":{"@id":"https:\/\/www.teatrulreginamaria.ro\/en\/author\/w3bmaster\/#author"},"creator":{"@id":"https:\/\/www.teatrulreginamaria.ro\/en\/author\/w3bmaster\/#author"},"datePublished":"2015-10-30T07:02:09+02:00","dateModified":"2015-10-30T07:02:09+02:00"},{"@type":"WebSite","@id":"https:\/\/www.teatrulreginamaria.ro\/en\/#website","url":"https:\/\/www.teatrulreginamaria.ro\/en\/","name":"Teatrul Regina Maria Oradea","alternateName":"TRM Oradea","description":"Trupa Iosif Vulcan \u0219i Trupa Arcadia","inLanguage":"en-GB","publisher":{"@id":"https:\/\/www.teatrulreginamaria.ro\/en\/#organization"}}]},"og:locale":"en_GB","og:site_name":"Teatrul Regina Maria Oradea - Trupa Iosif Vulcan \u0219i Trupa Arcadia","og:type":"article","og:title":"SPECTACOLUL CHEIA \u2013 REPROGRAMAT \u00ceN 4 NOIEMBRIE - Teatrul Regina Maria Oradea","og:description":"Dragi spectatori, V\u0103 inform\u0103m cu regret c\u0103 reprezenta\u021bia spectacolului \u201dCheia\u201d, programat\u0103 \u00een seara aceasta de la ora 19:00 la Teatrul Regina Maria, a fost suspendat\u0103 \u00een baza deciziei Guvernului Rom\u00e2niei de a decreta zilele de 31 octombrie, 1 \u0219i 2 noiembrie zile de doliu na\u021bional. Decizia guvernamental\u0103 a fost luat\u0103 \u00een urma tragediei \u00een care","og:url":"https:\/\/www.teatrulreginamaria.ro\/en\/spectacolul-cheia-reprogramat-in-4-noiembrie\/","og:image":"https:\/\/www.teatrulreginamaria.ro\/wp-content\/uploads\/2025\/03\/trm-istoric-01.jpg","og:image:secure_url":"https:\/\/www.teatrulreginamaria.ro\/wp-content\/uploads\/2025\/03\/trm-istoric-01.jpg","og:image:width":1200,"og:image:height":800,"article:published_time":"2015-10-30T07:02:09+00:00","article:modified_time":"2015-10-30T07:02:09+00:00","article:publisher":"https:\/\/www.facebook.com\/TRMTrupaIosifVulcan\/","twitter:card":"summary_large_image","twitter:site":"@TRMOradea","twitter:title":"SPECTACOLUL CHEIA \u2013 REPROGRAMAT \u00ceN 4 NOIEMBRIE - Teatrul Regina Maria Oradea","twitter:description":"Dragi spectatori, V\u0103 inform\u0103m cu regret c\u0103 reprezenta\u021bia spectacolului \u201dCheia\u201d, programat\u0103 \u00een seara aceasta de la ora 19:00 la Teatrul Regina Maria, a fost suspendat\u0103 \u00een baza deciziei Guvernului Rom\u00e2niei de a decreta zilele de 31 octombrie, 1 \u0219i 2 noiembrie zile de doliu na\u021bional. Decizia guvernamental\u0103 a fost luat\u0103 \u00een urma tragediei \u00een care","twitter:creator":"@TRMOradea","twitter:image":"https:\/\/www.teatrulreginamaria.ro\/wp-content\/uploads\/2025\/03\/trm-istoric-01.jpg"},"aioseo_meta_data":{"post_id":"1125","title":null,"description":null,"keywords":null,"keyphrases":null,"primary_term":null,"canonical_url":null,"og_title":null,"og_description":null,"og_object_type":"default","og_image_type":"default","og_image_url":null,"og_image_width":null,"og_image_height":null,"og_image_custom_url":null,"og_image_custom_fields":null,"og_video":null,"og_custom_url":null,"og_article_section":null,"og_article_tags":null,"twitter_use_og":false,"twitter_card":"default","twitter_image_type":"default","twitter_image_url":null,"twitter_image_custom_url":null,"twitter_image_custom_fields":null,"twitter_title":null,"twitter_description":null,"schema":{"blockGraphs":[],"customGraphs":[],"default":{"data":{"Article":[],"Course":[],"Dataset":[],"FAQPage":[],"Movie":[],"Person":[],"Product":[],"ProductReview":[],"Car":[],"Recipe":[],"Service":[],"SoftwareApplication":[],"WebPage":[]},"graphName":"","isEnabled":true},"graphs":[]},"schema_type":"default","schema_type_options":null,"pillar_content":false,"robots_default":true,"robots_noindex":false,"robots_noarchive":false,"robots_nosnippet":false,"robots_nofollow":false,"robots_noimageindex":false,"robots_noodp":false,"robots_notranslate":false,"robots_max_snippet":null,"robots_max_videopreview":null,"robots_max_imagepreview":"large","priority":null,"frequency":null,"local_seo":null,"seo_analyzer_scan_date":"2026-05-13 00:58:49","breadcrumb_settings":null,"limit_modified_date":false,"reviewed_by":null,"open_ai":null,"ai":null,"created":"2025-04-09 17:40:56","updated":"2026-05-13 00:58:49","focus_keyword":null,"additional_keywords":null,"truseo_locale":null},"aioseo_breadcrumb":"<div class=\"aioseo-breadcrumbs\"><span class=\"aioseo-breadcrumb\">\n\t<a href=\"https:\/\/www.teatrulreginamaria.ro\/en\" title=\"Home\">Home<\/a>\n<\/span><span class=\"aioseo-breadcrumb-separator\">&raquo;<\/span><span class=\"aioseo-breadcrumb\">\n\t<a href=\"https:\/\/www.teatrulreginamaria.ro\/en\/categorie\/noutati\/\" title=\"Nout\u0103\u021bi\">Nout\u0103\u021bi<\/a>\n<\/span><span class=\"aioseo-breadcrumb-separator\">&raquo;<\/span><span class=\"aioseo-breadcrumb\">\n\t<a href=\"https:\/\/www.teatrulreginamaria.ro\/en\/categorie\/noutati\/noutati-trupa-iosif-vulcan\/\" title=\"Nout\u0103\u021bi - Trupa Iosif Vulcan\">Nout\u0103\u021bi - Trupa Iosif Vulcan<\/a>\n<\/span><span class=\"aioseo-breadcrumb-separator\">&raquo;<\/span><span class=\"aioseo-breadcrumb\">\n\tSPECTACOLUL CHEIA \u2013 REPROGRAMAT \u00ceN 4 NOIEMBRIE\n<\/span><\/div>","aioseo_breadcrumb_json":[{"label":"Home","link":"https:\/\/www.teatrulreginamaria.ro\/en"},{"label":"Nout\u0103\u021bi","link":"https:\/\/www.teatrulreginamaria.ro\/en\/categorie\/noutati\/"},{"label":"Nout\u0103\u021bi - Trupa Iosif Vulcan","link":"https:\/\/www.teatrulreginamaria.ro\/en\/categorie\/noutati\/noutati-trupa-iosif-vulcan\/"},{"label":"SPECTACOLUL CHEIA &#8211; REPROGRAMAT \u00ceN 4 NOIEMBRIE","link":"https:\/\/www.teatrulreginamaria.ro\/en\/spectacolul-cheia-reprogramat-in-4-noiembrie\/"}],"acf":[],"_links":{"self":[{"href":"https:\/\/www.teatrulreginamaria.ro\/en\/wp-json\/wp\/v2\/posts\/1125","targetHints":{"allow":["GET"]}}],"collection":[{"href":"https:\/\/www.teatrulreginamaria.ro\/en\/wp-json\/wp\/v2\/posts"}],"about":[{"href":"https:\/\/www.teatrulreginamaria.ro\/en\/wp-json\/wp\/v2\/types\/post"}],"author":[{"embeddable":true,"href":"https:\/\/www.teatrulreginamaria.ro\/en\/wp-json\/wp\/v2\/users\/6"}],"replies":[{"embeddable":true,"href":"https:\/\/www.teatrulreginamaria.ro\/en\/wp-json\/wp\/v2\/comments?post=1125"}],"version-history":[{"count":0,"href":"https:\/\/www.teatrulreginamaria.ro\/en\/wp-json\/wp\/v2\/posts\/1125\/revisions"}],"wp:attachment":[{"href":"https:\/\/www.teatrulreginamaria.ro\/en\/wp-json\/wp\/v2\/media?parent=1125"}],"wp:term":[{"taxonomy":"category","embeddable":true,"href":"https:\/\/www.teatrulreginamaria.ro\/en\/wp-json\/wp\/v2\/categories?post=1125"},{"taxonomy":"post_tag","embeddable":true,"href":"https:\/\/www.teatrulreginamaria.ro\/en\/wp-json\/wp\/v2\/tags?post=1125"}],"curies":[{"name":"wp","href":"https:\/\/api.w.org\/{rel}","templated":true}]}}