{"id":1178,"date":"2016-10-01T19:20:16","date_gmt":"2016-10-01T19:20:16","guid":{"rendered":"https:\/\/teatrulreginamaria.ro\/2016\/10\/01\/premiile-celei-de-a-xxii-a-editii-a-festivalului-de-teatru-scurt-oradea\/"},"modified":"2016-10-01T19:20:16","modified_gmt":"2016-10-01T19:20:16","slug":"the-awards-of-the-22nd-edition-of-the-oradea-short-theatre-festival","status":"publish","type":"post","link":"https:\/\/www.teatrulreginamaria.ro\/en\/premiile-celei-de-a-xxii-a-editii-a-festivalului-de-teatru-scurt-oradea\/","title":{"rendered":"AWARDS OF THE XXII EDITION OF THE ORADEA SHORT THEATRE FESTIVAL"},"content":{"rendered":"<p style=\"text-align: justify;\">The 22nd edition of the Oradea Short Theatre Festival, which took place between September 25 and October 1, 2016, came to an end after a week of theatrical marathon in which we were delighted with extraordinary performances. The jury of this year&#039;s Short Theatre Festival, consisting of <strong>Mircea Morariu \u2013 <\/strong>theater critic \u2013 president of the jury, <strong>Ion Parhon<\/strong> \u2013 theater critic and <strong>Alexa Visarion<\/strong> \u2013 director and screenwriter \u2013 decided to award the following prizes:<\/p>\n<p><!--more--><\/p>\n<p style=\"text-align: justify;\"><strong><u>Best Actress Award:<\/u><\/strong><\/p>\n<p style=\"text-align: justify;\"><strong><u>Nominations:<\/u><\/strong><\/p>\n<ul style=\"text-align: justify;\">\n<li><strong>Ioana Cheregi, <\/strong>from the Northern Theatre of Satu Mare, for the role <strong>\u201d&quot;A woman&quot;\u201d<\/strong> from the show AUTOBAHN, by Neil LaBute<\/li>\n<li><strong>Joanna Jacob, <\/strong>from the German State Theatre Timi\u0219oara, for the role<strong> \u201e&quot;Magda&quot;, <\/strong>from the show IT&#039;S ACTUALLY BEAUTIFUL, by Volker Schmidt<\/li>\n<li><strong>Ana Ciontea, <\/strong>from the National Theatre &quot;IL Caragiale&quot; Bucharest, for the roles <strong>\u201d&quot;The Saleswoman&quot;, &quot;The Elegant Woman&quot;, &quot;The Lady at the Gh<\/strong><strong>AND<\/strong><strong>I&quot;\u201d<\/strong> from the show &quot;The Curious Incident of the Dog in the Night-Time&quot;, based on a novel by Mark Haddon<\/li>\n<\/ul>\n<p style=\"text-align: justify;\"><strong><u>That<\/u><\/strong><strong><u>AND<\/u><\/strong><strong><u>tigger:<\/u><\/strong><\/p>\n<p style=\"text-align: justify;\"><strong>IOANA CHEREGI, from the Northern Theatre of Satu Mare, for the role of &quot;A Woman&quot; in the show AUTOBAHN, by Neil LaBute<\/strong><\/p>\n<p style=\"text-align: justify;\"><strong><u>Best Actor Award:<\/u><\/strong><\/p>\n<p style=\"text-align: justify;\"><strong><u>Nominations:<\/u><\/strong><\/p>\n<ul style=\"text-align: justify;\">\n<li><strong>Ciprian Nicula, <\/strong>from the National Theatre &quot;IL Caragiale&quot; Bucharest, for the role <strong>\u201d&quot;Christopher John Francis Boone&quot;\u201d<\/strong> from the show &quot;The Curious Incident of the Dog in the Night-Time&quot;, based on a novel by Mark Haddon<\/li>\n<li><strong>Razvan Amitroaei, <\/strong>from the &quot;Mihai Eminescu&quot; Theater in Boto\u0219ani, for the role <strong>\u201d&quot;J\u00fcrgen&quot;\u201d<\/strong> from the show ANNIVERSARY, by Jeroen Van Den Berg<\/li>\n<li><strong>Aron Dimeny, <\/strong>Hungarian State Theatre Cluj-Napoca, for the role in the show THE OLD MAN&#039;S BOOK, based on the poem by Szil\u00e1gyi Domokos<\/li>\n<\/ul>\n<p style=\"text-align: justify;\"><strong><u>That<\/u><\/strong><strong><u>AND<\/u><\/strong><strong><u>tigger:<\/u><\/strong><\/p>\n<p style=\"text-align: justify;\"><strong>CIPRIAN NICULA, from the National Theatre<\/strong><strong>\u00de<\/strong><strong>ional &quot;IL Caragiale&quot; Bucharest<\/strong><strong>AND<\/strong><strong>for the role of &quot;Christopher John Francis Boone&quot; in the play &quot;The Curious Incident of the Dog in the Night-Time&quot;<\/strong><strong>\u00de<\/strong><strong>ii&quot;, based on a novel by Mark Haddon<\/strong><\/p>\n<p style=\"text-align: justify;\"><strong><u>Best Director Award:<\/u><\/strong><\/p>\n<p style=\"text-align: justify;\"><strong><u>Nominations:<\/u><\/strong><\/p>\n<ul style=\"text-align: justify;\">\n<li><strong>Bobi Pricop <\/strong>\u2013 for directing shows <strong>A STRANGE INCIDENT WITH A DOG AT MIDNIGHT<\/strong><strong>\u00de<\/strong><strong>II,<\/strong> based on a novel by Mark Haddon, &quot;IL Caragiale&quot; National Theatre, Bucharest and<strong> ILLUSIONS, <\/strong>by Ivan Vyrypaev, &quot;Marin Sorescu&quot; National Theatre in Craiova<\/li>\n<li><strong>Erwin <\/strong><strong>AND<\/strong><strong>im<\/strong><strong>AND<\/strong><strong>ensohn \u2013 <\/strong>for the show <strong>ANNIVERSARY,<\/strong> from the &quot;Mihai Eminescu&quot; Theater in Boto\u0219ani<\/li>\n<li><strong>Volker Schmidt \u2013 <\/strong>for the show <strong>IT&#039;S ACTUALLY BEAUTIFUL<\/strong>, German State Theatre Timi\u0219oara<\/li>\n<\/ul>\n<p style=\"text-align: justify;\"><strong><u>That<\/u><\/strong><strong><u>AND<\/u><\/strong><strong><u>tigger:<\/u><\/strong><\/p>\n<p style=\"text-align: justify;\"><strong>BOBI PRICOP \u2013 for directing the performances A STRANGE INCIDENT WITH A DOG AT MIDNIGHT<\/strong><strong>\u00de<\/strong><strong>II, based on a novel by Mark Haddon, National Theatre<\/strong><strong>\u00de<\/strong><strong>\u201dIL Caragiale\u201d National University, Bucharest<\/strong><strong>AND<\/strong><strong>IT <\/strong><strong>AND<\/strong><strong>and ILLUSIONS, by Ivan Vyrypaev, National Theatre<\/strong><strong>\u00de<\/strong><strong>&quot;Marin Sorescu&quot; National University in Craiova<\/strong><\/p>\n<p style=\"text-align: justify;\"><strong><u>Award for Best Scenography:<\/u><\/strong><\/p>\n<p style=\"text-align: justify;\"><strong><u>Nominations:<\/u><\/strong><\/p>\n<ul style=\"text-align: justify;\">\n<li><strong>Adrian Damian<\/strong>, for the show <strong>A STRANGE INCIDENT WITH A DOG AT MIDNIGHT<\/strong><strong>\u00de<\/strong><strong>yl<\/strong>, &quot;IL Caragiale&quot; National Theatre, Bucharest<\/li>\n<li><strong>Romulus Boicu, <\/strong>for the show <strong>WITH A LITTLE HELP FROM MY FRIENDS<\/strong>, Excelsior Theater, Bucharest<\/li>\n<li><strong>Carmencita Brojboiu, <\/strong>for the show <strong>THE BOOK OF THE ELDERLY<\/strong>, Hungarian State Theatre, Cluj-Napoca<\/li>\n<\/ul>\n<p style=\"text-align: justify;\"><strong><u>That<\/u><\/strong><strong><u>AND<\/u><\/strong><strong><u>tigger:<\/u><\/strong><\/p>\n<p style=\"text-align: justify;\"><strong>\u00a0CARMENCITA BROJBOIU, for the performance THE BOOK OF THE OLD, Hungarian State Theatre, Cluj-Napoca<\/strong><\/p>\n<p style=\"text-align: justify;\"><strong><u>Best Show Award:<\/u><\/strong><\/p>\n<p style=\"text-align: justify;\"><strong><u>Nominations:<\/u><\/strong><\/p>\n<ul style=\"text-align: justify;\">\n<li><strong>STRANGE INCIDENT WITH A DOG AT MIDNIGHT<\/strong><strong>\u00de<\/strong><strong>II, <\/strong>&quot;IL Caragiale&quot; National Theatre Bucharest<\/li>\n<li><strong>THE BOOK OF THE ELDERLY, <\/strong>Hungarian State Theatre Cluj-Napoca<\/li>\n<li><strong>ANNIVERSARY, <\/strong>&quot;Mihai Eminescu&quot; Theater, Boto\u0219ani<\/li>\n<\/ul>\n<p style=\"text-align: justify;\"><strong><u>That<\/u><\/strong><strong><u>AND<\/u><\/strong><strong><u>tigger:<\/u><\/strong><\/p>\n<p style=\"text-align: justify;\"><strong>\u00a0A STRANGE INCIDENT WITH A DOG AT MIDNIGHT<\/strong><strong>\u00de<\/strong><strong>II, National Theatre<\/strong><strong>\u00de<\/strong><strong>\u201dIL Caragiale\u201d National University, Bucharest<\/strong><strong>AND<\/strong><strong>IT<\/strong><\/p>\n<p style=\"text-align: justify;\"><strong><u>The special jury prize for creativity is awarded ex aequo to the following performances:<\/u><\/strong><\/p>\n<p style=\"text-align: justify;\"><strong>IN THE HEART OF THE NIGHT<\/strong><strong>\u00de<\/strong><strong>II \u2013 EPISODE LEAR, screenplay by Gavriil Pinte, with insert<\/strong><strong>\u00de<\/strong><strong>by George Banu <\/strong><strong>AND<\/strong><strong>and Monique Borie, directed by Gavriil Pinte, Regina Maria Theatre, Oradea <\/strong><\/p>\n<p style=\"text-align: justify;\"><strong>AND<\/strong><strong>and<\/strong><\/p>\n<p style=\"text-align: justify;\"><strong>AGAMEMNON, <\/strong>d<strong>by Rodrigo Garcia, directed by Andrei M\u0103jeri, &quot;Lucian Blaga&quot; National Theatre Cluj-Napoca<\/strong><\/p>\n<p style=\"text-align: justify;\">Congratulations to the winners and thank you to the Oradea audience for every theater evening spent together during this festival.<\/p>\n<p style=\"text-align: justify;\">See you again at the Regina Maria Theater performances this season!<\/p>","protected":false},"excerpt":{"rendered":"<p>Edi\u0163ia a XXII-a a Festivalului de Teatru Scurt de la Oradea, care s-a desf\u0103\u0219urat \u00een perioada 25 septembrie &#8211; 1 octombrie 2016, a ajuns la final dup\u0103 o s\u0103pt\u0103m\u00e2n\u0103 de maraton teatral \u00een care ne-am delectact cu spectacole extraordinare. Juriul Festivalului de Teatru Scurt din acest an, format din Mircea Morariu \u2013 critic de teatru [&hellip;]<\/p>\n","protected":false},"author":6,"featured_media":0,"comment_status":"open","ping_status":"open","sticky":false,"template":"","format":"standard","meta":{"_acf_changed":false,"footnotes":""},"categories":[22],"tags":[],"class_list":["post-1178","post","type-post","status-publish","format-standard","hentry","category-noutati-trupa-iosif-vulcan"],"aioseo_notices":[],"aioseo_head":"\n\t\t<!-- All in One SEO Pro 5.0.1.1 - aioseo.com -->\n\t<meta name=\"description\" content=\"Edi\u0163ia a XXII-a a Festivalului de Teatru Scurt de la Oradea, care s-a desf\u0103\u0219urat \u00een perioada 25 septembrie - 1 octombrie 2016, a ajuns la final dup\u0103 o s\u0103pt\u0103m\u00e2n\u0103 de maraton teatral \u00een care ne-am delectact cu spectacole extraordinare. Juriul Festivalului de Teatru Scurt din acest an, format din Mircea Morariu \u2013 critic de teatru\" \/>\n\t<meta name=\"robots\" content=\"max-image-preview:large\" \/>\n\t<meta name=\"author\" content=\"Teatrul Regina Maria\"\/>\n\t<link rel=\"canonical\" href=\"https:\/\/www.teatrulreginamaria.ro\/en\/premiile-celei-de-a-xxii-a-editii-a-festivalului-de-teatru-scurt-oradea\/\" \/>\n\t<meta name=\"generator\" content=\"All in One SEO Pro (AIOSEO) 5.0.1.1\" \/>\n\t\t<meta property=\"og:locale\" content=\"en_GB\" \/>\n\t\t<meta property=\"og:site_name\" content=\"Teatrul Regina Maria Oradea - Trupa Iosif Vulcan \u0219i Trupa Arcadia\" \/>\n\t\t<meta property=\"og:type\" content=\"article\" \/>\n\t\t<meta property=\"og:title\" content=\"PREMIILE CELEI DE-A XXII-A EDI\u021aII A FESTIVALULUI DE TEATRU SCURT ORADEA - Teatrul Regina Maria Oradea\" \/>\n\t\t<meta property=\"og:description\" content=\"Edi\u0163ia a XXII-a a Festivalului de Teatru Scurt de la Oradea, care s-a desf\u0103\u0219urat \u00een perioada 25 septembrie - 1 octombrie 2016, a ajuns la final dup\u0103 o s\u0103pt\u0103m\u00e2n\u0103 de maraton teatral \u00een care ne-am delectact cu spectacole extraordinare. Juriul Festivalului de Teatru Scurt din acest an, format din Mircea Morariu \u2013 critic de teatru\" \/>\n\t\t<meta property=\"og:url\" content=\"https:\/\/www.teatrulreginamaria.ro\/en\/premiile-celei-de-a-xxii-a-editii-a-festivalului-de-teatru-scurt-oradea\/\" \/>\n\t\t<meta property=\"og:image\" content=\"https:\/\/www.teatrulreginamaria.ro\/wp-content\/uploads\/2025\/03\/trm-istoric-01.jpg\" \/>\n\t\t<meta property=\"og:image:secure_url\" content=\"https:\/\/www.teatrulreginamaria.ro\/wp-content\/uploads\/2025\/03\/trm-istoric-01.jpg\" \/>\n\t\t<meta property=\"og:image:width\" content=\"1200\" \/>\n\t\t<meta property=\"og:image:height\" content=\"800\" \/>\n\t\t<meta property=\"article:published_time\" content=\"2016-10-01T19:20:16+00:00\" \/>\n\t\t<meta property=\"article:modified_time\" content=\"2016-10-01T19:20:16+00:00\" \/>\n\t\t<meta property=\"article:publisher\" content=\"https:\/\/www.facebook.com\/TRMTrupaIosifVulcan\/\" \/>\n\t\t<meta name=\"twitter:card\" content=\"summary_large_image\" \/>\n\t\t<meta name=\"twitter:site\" content=\"@TRMOradea\" \/>\n\t\t<meta name=\"twitter:title\" content=\"PREMIILE CELEI DE-A XXII-A EDI\u021aII A FESTIVALULUI DE TEATRU SCURT ORADEA - Teatrul Regina Maria Oradea\" \/>\n\t\t<meta name=\"twitter:description\" content=\"Edi\u0163ia a XXII-a a Festivalului de Teatru Scurt de la Oradea, care s-a desf\u0103\u0219urat \u00een perioada 25 septembrie - 1 octombrie 2016, a ajuns la final dup\u0103 o s\u0103pt\u0103m\u00e2n\u0103 de maraton teatral \u00een care ne-am delectact cu spectacole extraordinare. Juriul Festivalului de Teatru Scurt din acest an, format din Mircea Morariu \u2013 critic de teatru\" \/>\n\t\t<meta name=\"twitter:creator\" content=\"@TRMOradea\" \/>\n\t\t<meta name=\"twitter:image\" content=\"https:\/\/www.teatrulreginamaria.ro\/wp-content\/uploads\/2025\/03\/trm-istoric-01.jpg\" \/>\n\t\t<script type=\"application\/ld+json\" class=\"aioseo-schema\">\n\t\t\t{\"@context\":\"https:\\\/\\\/schema.org\",\"@graph\":[{\"@type\":\"BlogPosting\",\"@id\":\"https:\\\/\\\/www.teatrulreginamaria.ro\\\/en\\\/premiile-celei-de-a-xxii-a-editii-a-festivalului-de-teatru-scurt-oradea\\\/#blogposting\",\"name\":\"PREMIILE CELEI DE-A XXII-A EDI\\u021aII A FESTIVALULUI DE TEATRU SCURT ORADEA - Teatrul Regina Maria Oradea\",\"headline\":\"PREMIILE CELEI DE-A XXII-A EDI\\u021aII A FESTIVALULUI DE TEATRU SCURT ORADEA\",\"author\":{\"@id\":\"https:\\\/\\\/www.teatrulreginamaria.ro\\\/en\\\/author\\\/w3bmaster\\\/#author\"},\"publisher\":{\"@id\":\"https:\\\/\\\/www.teatrulreginamaria.ro\\\/en\\\/#organization\"},\"image\":{\"@type\":\"ImageObject\",\"url\":\"https:\\\/\\\/www.teatrulreginamaria.ro\\\/wp-content\\\/uploads\\\/2025\\\/06\\\/logo-trm-01-dark.png\",\"@id\":\"https:\\\/\\\/www.teatrulreginamaria.ro\\\/en\\\/#articleImage\",\"width\":300,\"height\":148},\"datePublished\":\"2016-10-01T19:20:16+03:00\",\"dateModified\":\"2016-10-01T19:20:16+03:00\",\"inLanguage\":\"en-GB\",\"mainEntityOfPage\":{\"@id\":\"https:\\\/\\\/www.teatrulreginamaria.ro\\\/en\\\/premiile-celei-de-a-xxii-a-editii-a-festivalului-de-teatru-scurt-oradea\\\/#webpage\"},\"isPartOf\":{\"@id\":\"https:\\\/\\\/www.teatrulreginamaria.ro\\\/en\\\/premiile-celei-de-a-xxii-a-editii-a-festivalului-de-teatru-scurt-oradea\\\/#webpage\"},\"articleSection\":\"Nout\\u0103\\u021bi - Trupa Iosif Vulcan\"},{\"@type\":\"BreadcrumbList\",\"@id\":\"https:\\\/\\\/www.teatrulreginamaria.ro\\\/en\\\/premiile-celei-de-a-xxii-a-editii-a-festivalului-de-teatru-scurt-oradea\\\/#breadcrumblist\",\"itemListElement\":[{\"@type\":\"ListItem\",\"@id\":\"https:\\\/\\\/www.teatrulreginamaria.ro\\\/en#listItem\",\"position\":1,\"name\":\"Home\",\"item\":\"https:\\\/\\\/www.teatrulreginamaria.ro\\\/en\",\"nextItem\":{\"@type\":\"ListItem\",\"@id\":\"https:\\\/\\\/www.teatrulreginamaria.ro\\\/en\\\/categorie\\\/noutati\\\/#listItem\",\"name\":\"Nout\\u0103\\u021bi\"}},{\"@type\":\"ListItem\",\"@id\":\"https:\\\/\\\/www.teatrulreginamaria.ro\\\/en\\\/categorie\\\/noutati\\\/#listItem\",\"position\":2,\"name\":\"Nout\\u0103\\u021bi\",\"item\":\"https:\\\/\\\/www.teatrulreginamaria.ro\\\/en\\\/categorie\\\/noutati\\\/\",\"nextItem\":{\"@type\":\"ListItem\",\"@id\":\"https:\\\/\\\/www.teatrulreginamaria.ro\\\/en\\\/categorie\\\/noutati\\\/noutati-trupa-iosif-vulcan\\\/#listItem\",\"name\":\"Nout\\u0103\\u021bi - Trupa Iosif Vulcan\"},\"previousItem\":{\"@type\":\"ListItem\",\"@id\":\"https:\\\/\\\/www.teatrulreginamaria.ro\\\/en#listItem\",\"name\":\"Home\"}},{\"@type\":\"ListItem\",\"@id\":\"https:\\\/\\\/www.teatrulreginamaria.ro\\\/en\\\/categorie\\\/noutati\\\/noutati-trupa-iosif-vulcan\\\/#listItem\",\"position\":3,\"name\":\"Nout\\u0103\\u021bi - Trupa Iosif Vulcan\",\"item\":\"https:\\\/\\\/www.teatrulreginamaria.ro\\\/en\\\/categorie\\\/noutati\\\/noutati-trupa-iosif-vulcan\\\/\",\"nextItem\":{\"@type\":\"ListItem\",\"@id\":\"https:\\\/\\\/www.teatrulreginamaria.ro\\\/en\\\/premiile-celei-de-a-xxii-a-editii-a-festivalului-de-teatru-scurt-oradea\\\/#listItem\",\"name\":\"PREMIILE CELEI DE-A XXII-A EDI\\u021aII A FESTIVALULUI DE TEATRU SCURT ORADEA\"},\"previousItem\":{\"@type\":\"ListItem\",\"@id\":\"https:\\\/\\\/www.teatrulreginamaria.ro\\\/en\\\/categorie\\\/noutati\\\/#listItem\",\"name\":\"Nout\\u0103\\u021bi\"}},{\"@type\":\"ListItem\",\"@id\":\"https:\\\/\\\/www.teatrulreginamaria.ro\\\/en\\\/premiile-celei-de-a-xxii-a-editii-a-festivalului-de-teatru-scurt-oradea\\\/#listItem\",\"position\":4,\"name\":\"PREMIILE CELEI DE-A XXII-A EDI\\u021aII A FESTIVALULUI DE TEATRU SCURT ORADEA\",\"previousItem\":{\"@type\":\"ListItem\",\"@id\":\"https:\\\/\\\/www.teatrulreginamaria.ro\\\/en\\\/categorie\\\/noutati\\\/noutati-trupa-iosif-vulcan\\\/#listItem\",\"name\":\"Nout\\u0103\\u021bi - Trupa Iosif Vulcan\"}}]},{\"@type\":\"Organization\",\"@id\":\"https:\\\/\\\/www.teatrulreginamaria.ro\\\/en\\\/#organization\",\"name\":\"Teatrul Regina Maria Oradea\",\"description\":\"Trupa Iosif Vulcan \\u0219i Trupa Arcadia\",\"url\":\"https:\\\/\\\/www.teatrulreginamaria.ro\\\/en\\\/\",\"email\":\"marketing@teatrulreginamaria.ro\",\"telephone\":\"+40359411534\",\"numberOfEmployees\":{\"@type\":\"QuantitativeValue\",\"minValue\":0,\"maxValue\":150},\"logo\":{\"@type\":\"ImageObject\",\"url\":\"https:\\\/\\\/www.teatrulreginamaria.ro\\\/wp-content\\\/uploads\\\/2025\\\/06\\\/logo-trm-01-dark.png\",\"@id\":\"https:\\\/\\\/www.teatrulreginamaria.ro\\\/en\\\/premiile-celei-de-a-xxii-a-editii-a-festivalului-de-teatru-scurt-oradea\\\/#organizationLogo\",\"width\":300,\"height\":148},\"image\":{\"@id\":\"https:\\\/\\\/www.teatrulreginamaria.ro\\\/en\\\/premiile-celei-de-a-xxii-a-editii-a-festivalului-de-teatru-scurt-oradea\\\/#organizationLogo\"},\"sameAs\":[\"https:\\\/\\\/www.facebook.com\\\/TRMTrupaIosifVulcan\\\/\",\"https:\\\/\\\/x.com\\\/TRMOradea\",\"https:\\\/\\\/www.instagram.com\\\/teatrul_regina_maria\\\/\",\"https:\\\/\\\/www.youtube.com\\\/c\\\/TeatrulReginaMariaOradea\",\"https:\\\/\\\/www.linkedin.com\\\/company\\\/teatrul-regina-maria\"]},{\"@type\":\"Person\",\"@id\":\"https:\\\/\\\/www.teatrulreginamaria.ro\\\/en\\\/author\\\/w3bmaster\\\/#author\",\"url\":\"https:\\\/\\\/www.teatrulreginamaria.ro\\\/en\\\/author\\\/w3bmaster\\\/\",\"name\":\"Teatrul Regina Maria\",\"image\":{\"@type\":\"ImageObject\",\"@id\":\"https:\\\/\\\/www.teatrulreginamaria.ro\\\/en\\\/premiile-celei-de-a-xxii-a-editii-a-festivalului-de-teatru-scurt-oradea\\\/#authorImage\",\"url\":\"https:\\\/\\\/secure.gravatar.com\\\/avatar\\\/5884139d508ae3f0bafe45e60563b48a9640146d3b08ccc6278c305ff9329305?s=96&d=mm&r=g\",\"width\":96,\"height\":96,\"caption\":\"Teatrul Regina Maria\"}},{\"@type\":\"WebPage\",\"@id\":\"https:\\\/\\\/www.teatrulreginamaria.ro\\\/en\\\/premiile-celei-de-a-xxii-a-editii-a-festivalului-de-teatru-scurt-oradea\\\/#webpage\",\"url\":\"https:\\\/\\\/www.teatrulreginamaria.ro\\\/en\\\/premiile-celei-de-a-xxii-a-editii-a-festivalului-de-teatru-scurt-oradea\\\/\",\"name\":\"PREMIILE CELEI DE-A XXII-A EDI\\u021aII A FESTIVALULUI DE TEATRU SCURT ORADEA - Teatrul Regina Maria Oradea\",\"description\":\"Edi\\u0163ia a XXII-a a Festivalului de Teatru Scurt de la Oradea, care s-a desf\\u0103\\u0219urat \\u00een perioada 25 septembrie - 1 octombrie 2016, a ajuns la final dup\\u0103 o s\\u0103pt\\u0103m\\u00e2n\\u0103 de maraton teatral \\u00een care ne-am delectact cu spectacole extraordinare. Juriul Festivalului de Teatru Scurt din acest an, format din Mircea Morariu \\u2013 critic de teatru\",\"inLanguage\":\"en-GB\",\"isPartOf\":{\"@id\":\"https:\\\/\\\/www.teatrulreginamaria.ro\\\/en\\\/#website\"},\"breadcrumb\":{\"@id\":\"https:\\\/\\\/www.teatrulreginamaria.ro\\\/en\\\/premiile-celei-de-a-xxii-a-editii-a-festivalului-de-teatru-scurt-oradea\\\/#breadcrumblist\"},\"author\":{\"@id\":\"https:\\\/\\\/www.teatrulreginamaria.ro\\\/en\\\/author\\\/w3bmaster\\\/#author\"},\"creator\":{\"@id\":\"https:\\\/\\\/www.teatrulreginamaria.ro\\\/en\\\/author\\\/w3bmaster\\\/#author\"},\"datePublished\":\"2016-10-01T19:20:16+03:00\",\"dateModified\":\"2016-10-01T19:20:16+03:00\"},{\"@type\":\"WebSite\",\"@id\":\"https:\\\/\\\/www.teatrulreginamaria.ro\\\/en\\\/#website\",\"url\":\"https:\\\/\\\/www.teatrulreginamaria.ro\\\/en\\\/\",\"name\":\"Teatrul Regina Maria Oradea\",\"alternateName\":\"TRM Oradea\",\"description\":\"Trupa Iosif Vulcan \\u0219i Trupa Arcadia\",\"inLanguage\":\"en-GB\",\"publisher\":{\"@id\":\"https:\\\/\\\/www.teatrulreginamaria.ro\\\/en\\\/#organization\"}}]}\n\t\t<\/script>\n\t\t<!-- All in One SEO Pro -->\r\n\t\t<title>PREMIILE CELEI DE-A XXII-A EDI\u021aII A FESTIVALULUI DE TEATRU SCURT ORADEA - Teatrul Regina Maria Oradea<\/title>\n\n","aioseo_head_json":{"title":"AWARDS OF THE XXII EDITION OF THE ORADEA SHORT THEATRE FESTIVAL - Regina Maria Theatre Oradea","description":"The 22nd edition of the Oradea Short Theatre Festival, which took place between September 25 and October 1, 2016, came to an end after a week of theatrical marathon in which we enjoyed extraordinary performances. The jury of this year&#039;s Short Theatre Festival, consisting of Mircea Morariu \u2013 theatre critic","canonical_url":"https:\/\/www.teatrulreginamaria.ro\/en\/premiile-celei-de-a-xxii-a-editii-a-festivalului-de-teatru-scurt-oradea\/","robots":"max-image-preview:large","keywords":"","webmasterTools":{"miscellaneous":""},"schema":{"@context":"https:\/\/schema.org","@graph":[{"@type":"BlogPosting","@id":"https:\/\/www.teatrulreginamaria.ro\/en\/premiile-celei-de-a-xxii-a-editii-a-festivalului-de-teatru-scurt-oradea\/#blogposting","name":"PREMIILE CELEI DE-A XXII-A EDI\u021aII A FESTIVALULUI DE TEATRU SCURT ORADEA - Teatrul Regina Maria Oradea","headline":"PREMIILE CELEI DE-A XXII-A EDI\u021aII A FESTIVALULUI DE TEATRU SCURT ORADEA","author":{"@id":"https:\/\/www.teatrulreginamaria.ro\/en\/author\/w3bmaster\/#author"},"publisher":{"@id":"https:\/\/www.teatrulreginamaria.ro\/en\/#organization"},"image":{"@type":"ImageObject","url":"https:\/\/www.teatrulreginamaria.ro\/wp-content\/uploads\/2025\/06\/logo-trm-01-dark.png","@id":"https:\/\/www.teatrulreginamaria.ro\/en\/#articleImage","width":300,"height":148},"datePublished":"2016-10-01T19:20:16+03:00","dateModified":"2016-10-01T19:20:16+03:00","inLanguage":"en-GB","mainEntityOfPage":{"@id":"https:\/\/www.teatrulreginamaria.ro\/en\/premiile-celei-de-a-xxii-a-editii-a-festivalului-de-teatru-scurt-oradea\/#webpage"},"isPartOf":{"@id":"https:\/\/www.teatrulreginamaria.ro\/en\/premiile-celei-de-a-xxii-a-editii-a-festivalului-de-teatru-scurt-oradea\/#webpage"},"articleSection":"Nout\u0103\u021bi - Trupa Iosif Vulcan"},{"@type":"BreadcrumbList","@id":"https:\/\/www.teatrulreginamaria.ro\/en\/premiile-celei-de-a-xxii-a-editii-a-festivalului-de-teatru-scurt-oradea\/#breadcrumblist","itemListElement":[{"@type":"ListItem","@id":"https:\/\/www.teatrulreginamaria.ro\/en#listItem","position":1,"name":"Home","item":"https:\/\/www.teatrulreginamaria.ro\/en","nextItem":{"@type":"ListItem","@id":"https:\/\/www.teatrulreginamaria.ro\/en\/categorie\/noutati\/#listItem","name":"Nout\u0103\u021bi"}},{"@type":"ListItem","@id":"https:\/\/www.teatrulreginamaria.ro\/en\/categorie\/noutati\/#listItem","position":2,"name":"Nout\u0103\u021bi","item":"https:\/\/www.teatrulreginamaria.ro\/en\/categorie\/noutati\/","nextItem":{"@type":"ListItem","@id":"https:\/\/www.teatrulreginamaria.ro\/en\/categorie\/noutati\/noutati-trupa-iosif-vulcan\/#listItem","name":"Nout\u0103\u021bi - Trupa Iosif Vulcan"},"previousItem":{"@type":"ListItem","@id":"https:\/\/www.teatrulreginamaria.ro\/en#listItem","name":"Home"}},{"@type":"ListItem","@id":"https:\/\/www.teatrulreginamaria.ro\/en\/categorie\/noutati\/noutati-trupa-iosif-vulcan\/#listItem","position":3,"name":"Nout\u0103\u021bi - Trupa Iosif Vulcan","item":"https:\/\/www.teatrulreginamaria.ro\/en\/categorie\/noutati\/noutati-trupa-iosif-vulcan\/","nextItem":{"@type":"ListItem","@id":"https:\/\/www.teatrulreginamaria.ro\/en\/premiile-celei-de-a-xxii-a-editii-a-festivalului-de-teatru-scurt-oradea\/#listItem","name":"PREMIILE CELEI DE-A XXII-A EDI\u021aII A FESTIVALULUI DE TEATRU SCURT ORADEA"},"previousItem":{"@type":"ListItem","@id":"https:\/\/www.teatrulreginamaria.ro\/en\/categorie\/noutati\/#listItem","name":"Nout\u0103\u021bi"}},{"@type":"ListItem","@id":"https:\/\/www.teatrulreginamaria.ro\/en\/premiile-celei-de-a-xxii-a-editii-a-festivalului-de-teatru-scurt-oradea\/#listItem","position":4,"name":"PREMIILE CELEI DE-A XXII-A EDI\u021aII A FESTIVALULUI DE TEATRU SCURT ORADEA","previousItem":{"@type":"ListItem","@id":"https:\/\/www.teatrulreginamaria.ro\/en\/categorie\/noutati\/noutati-trupa-iosif-vulcan\/#listItem","name":"Nout\u0103\u021bi - Trupa Iosif Vulcan"}}]},{"@type":"Organization","@id":"https:\/\/www.teatrulreginamaria.ro\/en\/#organization","name":"Teatrul Regina Maria Oradea","description":"Trupa Iosif Vulcan \u0219i Trupa Arcadia","url":"https:\/\/www.teatrulreginamaria.ro\/en\/","email":"marketing@teatrulreginamaria.ro","telephone":"+40359411534","numberOfEmployees":{"@type":"QuantitativeValue","minValue":0,"maxValue":150},"logo":{"@type":"ImageObject","url":"https:\/\/www.teatrulreginamaria.ro\/wp-content\/uploads\/2025\/06\/logo-trm-01-dark.png","@id":"https:\/\/www.teatrulreginamaria.ro\/en\/premiile-celei-de-a-xxii-a-editii-a-festivalului-de-teatru-scurt-oradea\/#organizationLogo","width":300,"height":148},"image":{"@id":"https:\/\/www.teatrulreginamaria.ro\/en\/premiile-celei-de-a-xxii-a-editii-a-festivalului-de-teatru-scurt-oradea\/#organizationLogo"},"sameAs":["https:\/\/www.facebook.com\/TRMTrupaIosifVulcan\/","https:\/\/x.com\/TRMOradea","https:\/\/www.instagram.com\/teatrul_regina_maria\/","https:\/\/www.youtube.com\/c\/TeatrulReginaMariaOradea","https:\/\/www.linkedin.com\/company\/teatrul-regina-maria"]},{"@type":"Person","@id":"https:\/\/www.teatrulreginamaria.ro\/en\/author\/w3bmaster\/#author","url":"https:\/\/www.teatrulreginamaria.ro\/en\/author\/w3bmaster\/","name":"Teatrul Regina Maria","image":{"@type":"ImageObject","@id":"https:\/\/www.teatrulreginamaria.ro\/en\/premiile-celei-de-a-xxii-a-editii-a-festivalului-de-teatru-scurt-oradea\/#authorImage","url":"https:\/\/secure.gravatar.com\/avatar\/5884139d508ae3f0bafe45e60563b48a9640146d3b08ccc6278c305ff9329305?s=96&d=mm&r=g","width":96,"height":96,"caption":"Teatrul Regina Maria"}},{"@type":"WebPage","@id":"https:\/\/www.teatrulreginamaria.ro\/en\/premiile-celei-de-a-xxii-a-editii-a-festivalului-de-teatru-scurt-oradea\/#webpage","url":"https:\/\/www.teatrulreginamaria.ro\/en\/premiile-celei-de-a-xxii-a-editii-a-festivalului-de-teatru-scurt-oradea\/","name":"PREMIILE CELEI DE-A XXII-A EDI\u021aII A FESTIVALULUI DE TEATRU SCURT ORADEA - Teatrul Regina Maria Oradea","description":"Edi\u0163ia a XXII-a a Festivalului de Teatru Scurt de la Oradea, care s-a desf\u0103\u0219urat \u00een perioada 25 septembrie - 1 octombrie 2016, a ajuns la final dup\u0103 o s\u0103pt\u0103m\u00e2n\u0103 de maraton teatral \u00een care ne-am delectact cu spectacole extraordinare. Juriul Festivalului de Teatru Scurt din acest an, format din Mircea Morariu \u2013 critic de teatru","inLanguage":"en-GB","isPartOf":{"@id":"https:\/\/www.teatrulreginamaria.ro\/en\/#website"},"breadcrumb":{"@id":"https:\/\/www.teatrulreginamaria.ro\/en\/premiile-celei-de-a-xxii-a-editii-a-festivalului-de-teatru-scurt-oradea\/#breadcrumblist"},"author":{"@id":"https:\/\/www.teatrulreginamaria.ro\/en\/author\/w3bmaster\/#author"},"creator":{"@id":"https:\/\/www.teatrulreginamaria.ro\/en\/author\/w3bmaster\/#author"},"datePublished":"2016-10-01T19:20:16+03:00","dateModified":"2016-10-01T19:20:16+03:00"},{"@type":"WebSite","@id":"https:\/\/www.teatrulreginamaria.ro\/en\/#website","url":"https:\/\/www.teatrulreginamaria.ro\/en\/","name":"Teatrul Regina Maria Oradea","alternateName":"TRM Oradea","description":"Trupa Iosif Vulcan \u0219i Trupa Arcadia","inLanguage":"en-GB","publisher":{"@id":"https:\/\/www.teatrulreginamaria.ro\/en\/#organization"}}]},"og:locale":"en_GB","og:site_name":"Teatrul Regina Maria Oradea - Trupa Iosif Vulcan \u0219i Trupa Arcadia","og:type":"article","og:title":"PREMIILE CELEI DE-A XXII-A EDI\u021aII A FESTIVALULUI DE TEATRU SCURT ORADEA - Teatrul Regina Maria Oradea","og:description":"Edi\u0163ia a XXII-a a Festivalului de Teatru Scurt de la Oradea, care s-a desf\u0103\u0219urat \u00een perioada 25 septembrie - 1 octombrie 2016, a ajuns la final dup\u0103 o s\u0103pt\u0103m\u00e2n\u0103 de maraton teatral \u00een care ne-am delectact cu spectacole extraordinare. Juriul Festivalului de Teatru Scurt din acest an, format din Mircea Morariu \u2013 critic de teatru","og:url":"https:\/\/www.teatrulreginamaria.ro\/en\/premiile-celei-de-a-xxii-a-editii-a-festivalului-de-teatru-scurt-oradea\/","og:image":"https:\/\/www.teatrulreginamaria.ro\/wp-content\/uploads\/2025\/03\/trm-istoric-01.jpg","og:image:secure_url":"https:\/\/www.teatrulreginamaria.ro\/wp-content\/uploads\/2025\/03\/trm-istoric-01.jpg","og:image:width":1200,"og:image:height":800,"article:published_time":"2016-10-01T19:20:16+00:00","article:modified_time":"2016-10-01T19:20:16+00:00","article:publisher":"https:\/\/www.facebook.com\/TRMTrupaIosifVulcan\/","twitter:card":"summary_large_image","twitter:site":"@TRMOradea","twitter:title":"PREMIILE CELEI DE-A XXII-A EDI\u021aII A FESTIVALULUI DE TEATRU SCURT ORADEA - Teatrul Regina Maria Oradea","twitter:description":"Edi\u0163ia a XXII-a a Festivalului de Teatru Scurt de la Oradea, care s-a desf\u0103\u0219urat \u00een perioada 25 septembrie - 1 octombrie 2016, a ajuns la final dup\u0103 o s\u0103pt\u0103m\u00e2n\u0103 de maraton teatral \u00een care ne-am delectact cu spectacole extraordinare. Juriul Festivalului de Teatru Scurt din acest an, format din Mircea Morariu \u2013 critic de teatru","twitter:creator":"@TRMOradea","twitter:image":"https:\/\/www.teatrulreginamaria.ro\/wp-content\/uploads\/2025\/03\/trm-istoric-01.jpg"},"aioseo_meta_data":{"post_id":"1178","title":null,"description":null,"keywords":null,"keyphrases":null,"primary_term":null,"canonical_url":null,"og_title":null,"og_description":null,"og_object_type":"default","og_image_type":"default","og_image_url":null,"og_image_width":null,"og_image_height":null,"og_image_custom_url":null,"og_image_custom_fields":null,"og_video":null,"og_custom_url":null,"og_article_section":null,"og_article_tags":null,"twitter_use_og":false,"twitter_card":"default","twitter_image_type":"default","twitter_image_url":null,"twitter_image_custom_url":null,"twitter_image_custom_fields":null,"twitter_title":null,"twitter_description":null,"schema":{"blockGraphs":[],"customGraphs":[],"default":{"data":{"Article":[],"Course":[],"Dataset":[],"FAQPage":[],"Movie":[],"Person":[],"Product":[],"ProductReview":[],"Car":[],"Recipe":[],"Service":[],"SoftwareApplication":[],"WebPage":[]},"graphName":"","isEnabled":true},"graphs":[]},"schema_type":"default","schema_type_options":null,"pillar_content":false,"robots_default":true,"robots_noindex":false,"robots_noarchive":false,"robots_nosnippet":false,"robots_nofollow":false,"robots_noimageindex":false,"robots_noodp":false,"robots_notranslate":false,"robots_max_snippet":null,"robots_max_videopreview":null,"robots_max_imagepreview":"large","priority":null,"frequency":null,"local_seo":null,"seo_analyzer_scan_date":"2026-05-13 01:21:52","breadcrumb_settings":null,"limit_modified_date":false,"reviewed_by":null,"open_ai":null,"ai":null,"created":"2025-04-09 17:42:39","updated":"2026-05-13 01:21:52","focus_keyword":null,"additional_keywords":null,"truseo_locale":null},"aioseo_breadcrumb":"<div class=\"aioseo-breadcrumbs\"><span class=\"aioseo-breadcrumb\">\n\t<a href=\"https:\/\/www.teatrulreginamaria.ro\/en\" title=\"Home\">Home<\/a>\n<\/span><span class=\"aioseo-breadcrumb-separator\">&raquo;<\/span><span class=\"aioseo-breadcrumb\">\n\t<a href=\"https:\/\/www.teatrulreginamaria.ro\/en\/categorie\/noutati\/\" title=\"Nout\u0103\u021bi\">Nout\u0103\u021bi<\/a>\n<\/span><span class=\"aioseo-breadcrumb-separator\">&raquo;<\/span><span class=\"aioseo-breadcrumb\">\n\t<a href=\"https:\/\/www.teatrulreginamaria.ro\/en\/categorie\/noutati\/noutati-trupa-iosif-vulcan\/\" title=\"Nout\u0103\u021bi - Trupa Iosif Vulcan\">Nout\u0103\u021bi - Trupa Iosif Vulcan<\/a>\n<\/span><span class=\"aioseo-breadcrumb-separator\">&raquo;<\/span><span class=\"aioseo-breadcrumb\">\n\tPREMIILE CELEI DE-A XXII-A EDI\u021aII A FESTIVALULUI DE TEATRU SCURT ORADEA\n<\/span><\/div>","aioseo_breadcrumb_json":[{"label":"Home","link":"https:\/\/www.teatrulreginamaria.ro\/en"},{"label":"Nout\u0103\u021bi","link":"https:\/\/www.teatrulreginamaria.ro\/en\/categorie\/noutati\/"},{"label":"Nout\u0103\u021bi - Trupa Iosif Vulcan","link":"https:\/\/www.teatrulreginamaria.ro\/en\/categorie\/noutati\/noutati-trupa-iosif-vulcan\/"},{"label":"PREMIILE CELEI DE-A XXII-A EDI\u021aII A FESTIVALULUI DE TEATRU SCURT ORADEA","link":"https:\/\/www.teatrulreginamaria.ro\/en\/premiile-celei-de-a-xxii-a-editii-a-festivalului-de-teatru-scurt-oradea\/"}],"acf":[],"_links":{"self":[{"href":"https:\/\/www.teatrulreginamaria.ro\/en\/wp-json\/wp\/v2\/posts\/1178","targetHints":{"allow":["GET"]}}],"collection":[{"href":"https:\/\/www.teatrulreginamaria.ro\/en\/wp-json\/wp\/v2\/posts"}],"about":[{"href":"https:\/\/www.teatrulreginamaria.ro\/en\/wp-json\/wp\/v2\/types\/post"}],"author":[{"embeddable":true,"href":"https:\/\/www.teatrulreginamaria.ro\/en\/wp-json\/wp\/v2\/users\/6"}],"replies":[{"embeddable":true,"href":"https:\/\/www.teatrulreginamaria.ro\/en\/wp-json\/wp\/v2\/comments?post=1178"}],"version-history":[{"count":0,"href":"https:\/\/www.teatrulreginamaria.ro\/en\/wp-json\/wp\/v2\/posts\/1178\/revisions"}],"wp:attachment":[{"href":"https:\/\/www.teatrulreginamaria.ro\/en\/wp-json\/wp\/v2\/media?parent=1178"}],"wp:term":[{"taxonomy":"category","embeddable":true,"href":"https:\/\/www.teatrulreginamaria.ro\/en\/wp-json\/wp\/v2\/categories?post=1178"},{"taxonomy":"post_tag","embeddable":true,"href":"https:\/\/www.teatrulreginamaria.ro\/en\/wp-json\/wp\/v2\/tags?post=1178"}],"curies":[{"name":"wp","href":"https:\/\/api.w.org\/{rel}","templated":true}]}}