{"id":1204,"date":"2017-07-02T12:16:10","date_gmt":"2017-07-02T12:16:10","guid":{"rendered":"https:\/\/teatrulreginamaria.ro\/2017\/07\/02\/suntem-in-vacanta\/"},"modified":"2017-07-02T12:16:10","modified_gmt":"2017-07-02T12:16:10","slug":"we-are-on-vacation","status":"publish","type":"post","link":"https:\/\/www.teatrulreginamaria.ro\/en\/suntem-in-vacanta\/","title":{"rendered":"We are on vacation!"},"content":{"rendered":"<p style=\"text-align: justify;\">Dear viewers,<\/p>\n<p style=\"text-align: justify;\">\u00a0 \u00a0 \u00a0 \u00a0 We had a rich season, with many premieres and extraordinary performances that were resumed from previous seasons, but now it&#039;s time to rest a little and go on a short vacation. We will be back soon with the preparations for the 6th edition of the ORADEA INTERNATIONAL THEATRE FESTIVAL, which will take place from September 23 to 30 and with the beginning of a new season full of theatrical surprises.<\/p>\n<p style=\"text-align: justify;\">Have a nice vacation, have a spectacular summer and see you again in the fall!<\/p>\n<p style=\"text-align: justify;\">With love,<\/p>\n<p style=\"text-align: justify;\">The Queen Maria Theatre Team<\/p>","protected":false},"excerpt":{"rendered":"<p>Dragi spectatori, \u00a0 \u00a0 \u00a0 \u00a0 Am avut o stagiune bogat\u0103, cu multe premiere \u0219i spectacole extraordinare care s-au reluat din stagiunile trecute, \u00eens\u0103 acum e timpul s\u0103 ne odihnim pu\u021bin \u0219i intr\u0103m \u00eentr-o scurt\u0103 vacan\u021b\u0103. Revenim cur\u00e2nd cu preg\u0103tirile pentru a VI-a edi\u021bie a FESTIVALULUI INTERNA\u021aIONAL DE TEATRU ORADEA, care se va desf\u0103\u0219ura \u00een [&hellip;]<\/p>\n","protected":false},"author":6,"featured_media":0,"comment_status":"open","ping_status":"open","sticky":false,"template":"","format":"standard","meta":{"_acf_changed":false,"footnotes":""},"categories":[22],"tags":[],"class_list":["post-1204","post","type-post","status-publish","format-standard","hentry","category-noutati-trupa-iosif-vulcan"],"aioseo_notices":[],"aioseo_head":"\n\t\t<!-- All in One SEO Pro 5.0.1.1 - aioseo.com -->\n\t<meta name=\"description\" content=\"Dragi spectatori, Am avut o stagiune bogat\u0103, cu multe premiere \u0219i spectacole extraordinare care s-au reluat din stagiunile trecute, \u00eens\u0103 acum e timpul s\u0103 ne odihnim pu\u021bin \u0219i intr\u0103m \u00eentr-o scurt\u0103 vacan\u021b\u0103. Revenim cur\u00e2nd cu preg\u0103tirile pentru a VI-a edi\u021bie a FESTIVALULUI INTERNA\u021aIONAL DE TEATRU ORADEA, care se va desf\u0103\u0219ura \u00een\" \/>\n\t<meta name=\"robots\" content=\"max-image-preview:large\" \/>\n\t<meta name=\"author\" content=\"Teatrul Regina Maria\"\/>\n\t<link rel=\"canonical\" href=\"https:\/\/www.teatrulreginamaria.ro\/en\/suntem-in-vacanta\/\" \/>\n\t<meta name=\"generator\" content=\"All in One SEO Pro (AIOSEO) 5.0.1.1\" \/>\n\t\t<meta property=\"og:locale\" content=\"en_GB\" \/>\n\t\t<meta property=\"og:site_name\" content=\"Teatrul Regina Maria Oradea - Trupa Iosif Vulcan \u0219i Trupa Arcadia\" \/>\n\t\t<meta property=\"og:type\" content=\"article\" \/>\n\t\t<meta property=\"og:title\" content=\"Suntem \u00een vacan\u0163\u0103! - Teatrul Regina Maria Oradea\" \/>\n\t\t<meta property=\"og:description\" content=\"Dragi spectatori, Am avut o stagiune bogat\u0103, cu multe premiere \u0219i spectacole extraordinare care s-au reluat din stagiunile trecute, \u00eens\u0103 acum e timpul s\u0103 ne odihnim pu\u021bin \u0219i intr\u0103m \u00eentr-o scurt\u0103 vacan\u021b\u0103. Revenim cur\u00e2nd cu preg\u0103tirile pentru a VI-a edi\u021bie a FESTIVALULUI INTERNA\u021aIONAL DE TEATRU ORADEA, care se va desf\u0103\u0219ura \u00een\" \/>\n\t\t<meta property=\"og:url\" content=\"https:\/\/www.teatrulreginamaria.ro\/en\/suntem-in-vacanta\/\" \/>\n\t\t<meta property=\"og:image\" content=\"https:\/\/www.teatrulreginamaria.ro\/wp-content\/uploads\/2025\/03\/trm-istoric-01.jpg\" \/>\n\t\t<meta property=\"og:image:secure_url\" content=\"https:\/\/www.teatrulreginamaria.ro\/wp-content\/uploads\/2025\/03\/trm-istoric-01.jpg\" \/>\n\t\t<meta property=\"og:image:width\" content=\"1200\" \/>\n\t\t<meta property=\"og:image:height\" content=\"800\" \/>\n\t\t<meta property=\"article:published_time\" content=\"2017-07-02T12:16:10+00:00\" \/>\n\t\t<meta property=\"article:modified_time\" content=\"2017-07-02T12:16:10+00:00\" \/>\n\t\t<meta property=\"article:publisher\" content=\"https:\/\/www.facebook.com\/TRMTrupaIosifVulcan\/\" \/>\n\t\t<meta name=\"twitter:card\" content=\"summary_large_image\" \/>\n\t\t<meta name=\"twitter:site\" content=\"@TRMOradea\" \/>\n\t\t<meta name=\"twitter:title\" content=\"Suntem \u00een vacan\u0163\u0103! - Teatrul Regina Maria Oradea\" \/>\n\t\t<meta name=\"twitter:description\" content=\"Dragi spectatori, Am avut o stagiune bogat\u0103, cu multe premiere \u0219i spectacole extraordinare care s-au reluat din stagiunile trecute, \u00eens\u0103 acum e timpul s\u0103 ne odihnim pu\u021bin \u0219i intr\u0103m \u00eentr-o scurt\u0103 vacan\u021b\u0103. Revenim cur\u00e2nd cu preg\u0103tirile pentru a VI-a edi\u021bie a FESTIVALULUI INTERNA\u021aIONAL DE TEATRU ORADEA, care se va desf\u0103\u0219ura \u00een\" \/>\n\t\t<meta name=\"twitter:creator\" content=\"@TRMOradea\" \/>\n\t\t<meta name=\"twitter:image\" content=\"https:\/\/www.teatrulreginamaria.ro\/wp-content\/uploads\/2025\/03\/trm-istoric-01.jpg\" \/>\n\t\t<script type=\"application\/ld+json\" class=\"aioseo-schema\">\n\t\t\t{\"@context\":\"https:\\\/\\\/schema.org\",\"@graph\":[{\"@type\":\"BlogPosting\",\"@id\":\"https:\\\/\\\/www.teatrulreginamaria.ro\\\/en\\\/suntem-in-vacanta\\\/#blogposting\",\"name\":\"Suntem \\u00een vacan\\u0163\\u0103! - Teatrul Regina Maria Oradea\",\"headline\":\"Suntem \\u00een vacan\\u0163\\u0103!\",\"author\":{\"@id\":\"https:\\\/\\\/www.teatrulreginamaria.ro\\\/en\\\/author\\\/w3bmaster\\\/#author\"},\"publisher\":{\"@id\":\"https:\\\/\\\/www.teatrulreginamaria.ro\\\/en\\\/#organization\"},\"image\":{\"@type\":\"ImageObject\",\"url\":\"https:\\\/\\\/www.teatrulreginamaria.ro\\\/wp-content\\\/uploads\\\/2025\\\/06\\\/logo-trm-01-dark.png\",\"@id\":\"https:\\\/\\\/www.teatrulreginamaria.ro\\\/en\\\/#articleImage\",\"width\":300,\"height\":148},\"datePublished\":\"2017-07-02T12:16:10+03:00\",\"dateModified\":\"2017-07-02T12:16:10+03:00\",\"inLanguage\":\"en-GB\",\"mainEntityOfPage\":{\"@id\":\"https:\\\/\\\/www.teatrulreginamaria.ro\\\/en\\\/suntem-in-vacanta\\\/#webpage\"},\"isPartOf\":{\"@id\":\"https:\\\/\\\/www.teatrulreginamaria.ro\\\/en\\\/suntem-in-vacanta\\\/#webpage\"},\"articleSection\":\"Nout\\u0103\\u021bi - Trupa Iosif Vulcan\"},{\"@type\":\"BreadcrumbList\",\"@id\":\"https:\\\/\\\/www.teatrulreginamaria.ro\\\/en\\\/suntem-in-vacanta\\\/#breadcrumblist\",\"itemListElement\":[{\"@type\":\"ListItem\",\"@id\":\"https:\\\/\\\/www.teatrulreginamaria.ro\\\/en#listItem\",\"position\":1,\"name\":\"Home\",\"item\":\"https:\\\/\\\/www.teatrulreginamaria.ro\\\/en\",\"nextItem\":{\"@type\":\"ListItem\",\"@id\":\"https:\\\/\\\/www.teatrulreginamaria.ro\\\/en\\\/categorie\\\/noutati\\\/#listItem\",\"name\":\"Nout\\u0103\\u021bi\"}},{\"@type\":\"ListItem\",\"@id\":\"https:\\\/\\\/www.teatrulreginamaria.ro\\\/en\\\/categorie\\\/noutati\\\/#listItem\",\"position\":2,\"name\":\"Nout\\u0103\\u021bi\",\"item\":\"https:\\\/\\\/www.teatrulreginamaria.ro\\\/en\\\/categorie\\\/noutati\\\/\",\"nextItem\":{\"@type\":\"ListItem\",\"@id\":\"https:\\\/\\\/www.teatrulreginamaria.ro\\\/en\\\/categorie\\\/noutati\\\/noutati-trupa-iosif-vulcan\\\/#listItem\",\"name\":\"Nout\\u0103\\u021bi - Trupa Iosif Vulcan\"},\"previousItem\":{\"@type\":\"ListItem\",\"@id\":\"https:\\\/\\\/www.teatrulreginamaria.ro\\\/en#listItem\",\"name\":\"Home\"}},{\"@type\":\"ListItem\",\"@id\":\"https:\\\/\\\/www.teatrulreginamaria.ro\\\/en\\\/categorie\\\/noutati\\\/noutati-trupa-iosif-vulcan\\\/#listItem\",\"position\":3,\"name\":\"Nout\\u0103\\u021bi - Trupa Iosif Vulcan\",\"item\":\"https:\\\/\\\/www.teatrulreginamaria.ro\\\/en\\\/categorie\\\/noutati\\\/noutati-trupa-iosif-vulcan\\\/\",\"nextItem\":{\"@type\":\"ListItem\",\"@id\":\"https:\\\/\\\/www.teatrulreginamaria.ro\\\/en\\\/suntem-in-vacanta\\\/#listItem\",\"name\":\"Suntem \\u00een vacan\\u0163\\u0103!\"},\"previousItem\":{\"@type\":\"ListItem\",\"@id\":\"https:\\\/\\\/www.teatrulreginamaria.ro\\\/en\\\/categorie\\\/noutati\\\/#listItem\",\"name\":\"Nout\\u0103\\u021bi\"}},{\"@type\":\"ListItem\",\"@id\":\"https:\\\/\\\/www.teatrulreginamaria.ro\\\/en\\\/suntem-in-vacanta\\\/#listItem\",\"position\":4,\"name\":\"Suntem \\u00een vacan\\u0163\\u0103!\",\"previousItem\":{\"@type\":\"ListItem\",\"@id\":\"https:\\\/\\\/www.teatrulreginamaria.ro\\\/en\\\/categorie\\\/noutati\\\/noutati-trupa-iosif-vulcan\\\/#listItem\",\"name\":\"Nout\\u0103\\u021bi - Trupa Iosif Vulcan\"}}]},{\"@type\":\"Organization\",\"@id\":\"https:\\\/\\\/www.teatrulreginamaria.ro\\\/en\\\/#organization\",\"name\":\"Teatrul Regina Maria Oradea\",\"description\":\"Trupa Iosif Vulcan \\u0219i Trupa Arcadia\",\"url\":\"https:\\\/\\\/www.teatrulreginamaria.ro\\\/en\\\/\",\"email\":\"marketing@teatrulreginamaria.ro\",\"telephone\":\"+40359411534\",\"numberOfEmployees\":{\"@type\":\"QuantitativeValue\",\"minValue\":0,\"maxValue\":150},\"logo\":{\"@type\":\"ImageObject\",\"url\":\"https:\\\/\\\/www.teatrulreginamaria.ro\\\/wp-content\\\/uploads\\\/2025\\\/06\\\/logo-trm-01-dark.png\",\"@id\":\"https:\\\/\\\/www.teatrulreginamaria.ro\\\/en\\\/suntem-in-vacanta\\\/#organizationLogo\",\"width\":300,\"height\":148},\"image\":{\"@id\":\"https:\\\/\\\/www.teatrulreginamaria.ro\\\/en\\\/suntem-in-vacanta\\\/#organizationLogo\"},\"sameAs\":[\"https:\\\/\\\/www.facebook.com\\\/TRMTrupaIosifVulcan\\\/\",\"https:\\\/\\\/x.com\\\/TRMOradea\",\"https:\\\/\\\/www.instagram.com\\\/teatrul_regina_maria\\\/\",\"https:\\\/\\\/www.youtube.com\\\/c\\\/TeatrulReginaMariaOradea\",\"https:\\\/\\\/www.linkedin.com\\\/company\\\/teatrul-regina-maria\"]},{\"@type\":\"Person\",\"@id\":\"https:\\\/\\\/www.teatrulreginamaria.ro\\\/en\\\/author\\\/w3bmaster\\\/#author\",\"url\":\"https:\\\/\\\/www.teatrulreginamaria.ro\\\/en\\\/author\\\/w3bmaster\\\/\",\"name\":\"Teatrul Regina Maria\",\"image\":{\"@type\":\"ImageObject\",\"@id\":\"https:\\\/\\\/www.teatrulreginamaria.ro\\\/en\\\/suntem-in-vacanta\\\/#authorImage\",\"url\":\"https:\\\/\\\/secure.gravatar.com\\\/avatar\\\/5884139d508ae3f0bafe45e60563b48a9640146d3b08ccc6278c305ff9329305?s=96&d=mm&r=g\",\"width\":96,\"height\":96,\"caption\":\"Teatrul Regina Maria\"}},{\"@type\":\"WebPage\",\"@id\":\"https:\\\/\\\/www.teatrulreginamaria.ro\\\/en\\\/suntem-in-vacanta\\\/#webpage\",\"url\":\"https:\\\/\\\/www.teatrulreginamaria.ro\\\/en\\\/suntem-in-vacanta\\\/\",\"name\":\"Suntem \\u00een vacan\\u0163\\u0103! - Teatrul Regina Maria Oradea\",\"description\":\"Dragi spectatori, Am avut o stagiune bogat\\u0103, cu multe premiere \\u0219i spectacole extraordinare care s-au reluat din stagiunile trecute, \\u00eens\\u0103 acum e timpul s\\u0103 ne odihnim pu\\u021bin \\u0219i intr\\u0103m \\u00eentr-o scurt\\u0103 vacan\\u021b\\u0103. Revenim cur\\u00e2nd cu preg\\u0103tirile pentru a VI-a edi\\u021bie a FESTIVALULUI INTERNA\\u021aIONAL DE TEATRU ORADEA, care se va desf\\u0103\\u0219ura \\u00een\",\"inLanguage\":\"en-GB\",\"isPartOf\":{\"@id\":\"https:\\\/\\\/www.teatrulreginamaria.ro\\\/en\\\/#website\"},\"breadcrumb\":{\"@id\":\"https:\\\/\\\/www.teatrulreginamaria.ro\\\/en\\\/suntem-in-vacanta\\\/#breadcrumblist\"},\"author\":{\"@id\":\"https:\\\/\\\/www.teatrulreginamaria.ro\\\/en\\\/author\\\/w3bmaster\\\/#author\"},\"creator\":{\"@id\":\"https:\\\/\\\/www.teatrulreginamaria.ro\\\/en\\\/author\\\/w3bmaster\\\/#author\"},\"datePublished\":\"2017-07-02T12:16:10+03:00\",\"dateModified\":\"2017-07-02T12:16:10+03:00\"},{\"@type\":\"WebSite\",\"@id\":\"https:\\\/\\\/www.teatrulreginamaria.ro\\\/en\\\/#website\",\"url\":\"https:\\\/\\\/www.teatrulreginamaria.ro\\\/en\\\/\",\"name\":\"Teatrul Regina Maria Oradea\",\"alternateName\":\"TRM Oradea\",\"description\":\"Trupa Iosif Vulcan \\u0219i Trupa Arcadia\",\"inLanguage\":\"en-GB\",\"publisher\":{\"@id\":\"https:\\\/\\\/www.teatrulreginamaria.ro\\\/en\\\/#organization\"}}]}\n\t\t<\/script>\n\t\t<!-- All in One SEO Pro -->\r\n\t\t<title>Suntem \u00een vacan\u0163\u0103! - Teatrul Regina Maria Oradea<\/title>\n\n","aioseo_head_json":{"title":"We are on vacation! - Regina Maria Theatre Oradea","description":"Dear viewers, We had a rich season, with many premieres and extraordinary performances that were resumed from previous seasons, but now it&#039;s time to rest a little and go on a short vacation. We will be back soon with the preparations for the 6th edition of the ORADEA INTERNATIONAL THEATRE FESTIVAL, which will take place in","canonical_url":"https:\/\/www.teatrulreginamaria.ro\/en\/suntem-in-vacanta\/","robots":"max-image-preview:large","keywords":"","webmasterTools":{"miscellaneous":""},"schema":{"@context":"https:\/\/schema.org","@graph":[{"@type":"BlogPosting","@id":"https:\/\/www.teatrulreginamaria.ro\/en\/suntem-in-vacanta\/#blogposting","name":"Suntem \u00een vacan\u0163\u0103! - Teatrul Regina Maria Oradea","headline":"Suntem \u00een vacan\u0163\u0103!","author":{"@id":"https:\/\/www.teatrulreginamaria.ro\/en\/author\/w3bmaster\/#author"},"publisher":{"@id":"https:\/\/www.teatrulreginamaria.ro\/en\/#organization"},"image":{"@type":"ImageObject","url":"https:\/\/www.teatrulreginamaria.ro\/wp-content\/uploads\/2025\/06\/logo-trm-01-dark.png","@id":"https:\/\/www.teatrulreginamaria.ro\/en\/#articleImage","width":300,"height":148},"datePublished":"2017-07-02T12:16:10+03:00","dateModified":"2017-07-02T12:16:10+03:00","inLanguage":"en-GB","mainEntityOfPage":{"@id":"https:\/\/www.teatrulreginamaria.ro\/en\/suntem-in-vacanta\/#webpage"},"isPartOf":{"@id":"https:\/\/www.teatrulreginamaria.ro\/en\/suntem-in-vacanta\/#webpage"},"articleSection":"Nout\u0103\u021bi - Trupa Iosif Vulcan"},{"@type":"BreadcrumbList","@id":"https:\/\/www.teatrulreginamaria.ro\/en\/suntem-in-vacanta\/#breadcrumblist","itemListElement":[{"@type":"ListItem","@id":"https:\/\/www.teatrulreginamaria.ro\/en#listItem","position":1,"name":"Home","item":"https:\/\/www.teatrulreginamaria.ro\/en","nextItem":{"@type":"ListItem","@id":"https:\/\/www.teatrulreginamaria.ro\/en\/categorie\/noutati\/#listItem","name":"Nout\u0103\u021bi"}},{"@type":"ListItem","@id":"https:\/\/www.teatrulreginamaria.ro\/en\/categorie\/noutati\/#listItem","position":2,"name":"Nout\u0103\u021bi","item":"https:\/\/www.teatrulreginamaria.ro\/en\/categorie\/noutati\/","nextItem":{"@type":"ListItem","@id":"https:\/\/www.teatrulreginamaria.ro\/en\/categorie\/noutati\/noutati-trupa-iosif-vulcan\/#listItem","name":"Nout\u0103\u021bi - Trupa Iosif Vulcan"},"previousItem":{"@type":"ListItem","@id":"https:\/\/www.teatrulreginamaria.ro\/en#listItem","name":"Home"}},{"@type":"ListItem","@id":"https:\/\/www.teatrulreginamaria.ro\/en\/categorie\/noutati\/noutati-trupa-iosif-vulcan\/#listItem","position":3,"name":"Nout\u0103\u021bi - Trupa Iosif Vulcan","item":"https:\/\/www.teatrulreginamaria.ro\/en\/categorie\/noutati\/noutati-trupa-iosif-vulcan\/","nextItem":{"@type":"ListItem","@id":"https:\/\/www.teatrulreginamaria.ro\/en\/suntem-in-vacanta\/#listItem","name":"Suntem \u00een vacan\u0163\u0103!"},"previousItem":{"@type":"ListItem","@id":"https:\/\/www.teatrulreginamaria.ro\/en\/categorie\/noutati\/#listItem","name":"Nout\u0103\u021bi"}},{"@type":"ListItem","@id":"https:\/\/www.teatrulreginamaria.ro\/en\/suntem-in-vacanta\/#listItem","position":4,"name":"Suntem \u00een vacan\u0163\u0103!","previousItem":{"@type":"ListItem","@id":"https:\/\/www.teatrulreginamaria.ro\/en\/categorie\/noutati\/noutati-trupa-iosif-vulcan\/#listItem","name":"Nout\u0103\u021bi - Trupa Iosif Vulcan"}}]},{"@type":"Organization","@id":"https:\/\/www.teatrulreginamaria.ro\/en\/#organization","name":"Teatrul Regina Maria Oradea","description":"Trupa Iosif Vulcan \u0219i Trupa Arcadia","url":"https:\/\/www.teatrulreginamaria.ro\/en\/","email":"marketing@teatrulreginamaria.ro","telephone":"+40359411534","numberOfEmployees":{"@type":"QuantitativeValue","minValue":0,"maxValue":150},"logo":{"@type":"ImageObject","url":"https:\/\/www.teatrulreginamaria.ro\/wp-content\/uploads\/2025\/06\/logo-trm-01-dark.png","@id":"https:\/\/www.teatrulreginamaria.ro\/en\/suntem-in-vacanta\/#organizationLogo","width":300,"height":148},"image":{"@id":"https:\/\/www.teatrulreginamaria.ro\/en\/suntem-in-vacanta\/#organizationLogo"},"sameAs":["https:\/\/www.facebook.com\/TRMTrupaIosifVulcan\/","https:\/\/x.com\/TRMOradea","https:\/\/www.instagram.com\/teatrul_regina_maria\/","https:\/\/www.youtube.com\/c\/TeatrulReginaMariaOradea","https:\/\/www.linkedin.com\/company\/teatrul-regina-maria"]},{"@type":"Person","@id":"https:\/\/www.teatrulreginamaria.ro\/en\/author\/w3bmaster\/#author","url":"https:\/\/www.teatrulreginamaria.ro\/en\/author\/w3bmaster\/","name":"Teatrul Regina Maria","image":{"@type":"ImageObject","@id":"https:\/\/www.teatrulreginamaria.ro\/en\/suntem-in-vacanta\/#authorImage","url":"https:\/\/secure.gravatar.com\/avatar\/5884139d508ae3f0bafe45e60563b48a9640146d3b08ccc6278c305ff9329305?s=96&d=mm&r=g","width":96,"height":96,"caption":"Teatrul Regina Maria"}},{"@type":"WebPage","@id":"https:\/\/www.teatrulreginamaria.ro\/en\/suntem-in-vacanta\/#webpage","url":"https:\/\/www.teatrulreginamaria.ro\/en\/suntem-in-vacanta\/","name":"Suntem \u00een vacan\u0163\u0103! - Teatrul Regina Maria Oradea","description":"Dragi spectatori, Am avut o stagiune bogat\u0103, cu multe premiere \u0219i spectacole extraordinare care s-au reluat din stagiunile trecute, \u00eens\u0103 acum e timpul s\u0103 ne odihnim pu\u021bin \u0219i intr\u0103m \u00eentr-o scurt\u0103 vacan\u021b\u0103. Revenim cur\u00e2nd cu preg\u0103tirile pentru a VI-a edi\u021bie a FESTIVALULUI INTERNA\u021aIONAL DE TEATRU ORADEA, care se va desf\u0103\u0219ura \u00een","inLanguage":"en-GB","isPartOf":{"@id":"https:\/\/www.teatrulreginamaria.ro\/en\/#website"},"breadcrumb":{"@id":"https:\/\/www.teatrulreginamaria.ro\/en\/suntem-in-vacanta\/#breadcrumblist"},"author":{"@id":"https:\/\/www.teatrulreginamaria.ro\/en\/author\/w3bmaster\/#author"},"creator":{"@id":"https:\/\/www.teatrulreginamaria.ro\/en\/author\/w3bmaster\/#author"},"datePublished":"2017-07-02T12:16:10+03:00","dateModified":"2017-07-02T12:16:10+03:00"},{"@type":"WebSite","@id":"https:\/\/www.teatrulreginamaria.ro\/en\/#website","url":"https:\/\/www.teatrulreginamaria.ro\/en\/","name":"Teatrul Regina Maria Oradea","alternateName":"TRM Oradea","description":"Trupa Iosif Vulcan \u0219i Trupa Arcadia","inLanguage":"en-GB","publisher":{"@id":"https:\/\/www.teatrulreginamaria.ro\/en\/#organization"}}]},"og:locale":"en_GB","og:site_name":"Teatrul Regina Maria Oradea - Trupa Iosif Vulcan \u0219i Trupa Arcadia","og:type":"article","og:title":"Suntem \u00een vacan\u0163\u0103! - Teatrul Regina Maria Oradea","og:description":"Dragi spectatori, Am avut o stagiune bogat\u0103, cu multe premiere \u0219i spectacole extraordinare care s-au reluat din stagiunile trecute, \u00eens\u0103 acum e timpul s\u0103 ne odihnim pu\u021bin \u0219i intr\u0103m \u00eentr-o scurt\u0103 vacan\u021b\u0103. Revenim cur\u00e2nd cu preg\u0103tirile pentru a VI-a edi\u021bie a FESTIVALULUI INTERNA\u021aIONAL DE TEATRU ORADEA, care se va desf\u0103\u0219ura \u00een","og:url":"https:\/\/www.teatrulreginamaria.ro\/en\/suntem-in-vacanta\/","og:image":"https:\/\/www.teatrulreginamaria.ro\/wp-content\/uploads\/2025\/03\/trm-istoric-01.jpg","og:image:secure_url":"https:\/\/www.teatrulreginamaria.ro\/wp-content\/uploads\/2025\/03\/trm-istoric-01.jpg","og:image:width":1200,"og:image:height":800,"article:published_time":"2017-07-02T12:16:10+00:00","article:modified_time":"2017-07-02T12:16:10+00:00","article:publisher":"https:\/\/www.facebook.com\/TRMTrupaIosifVulcan\/","twitter:card":"summary_large_image","twitter:site":"@TRMOradea","twitter:title":"Suntem \u00een vacan\u0163\u0103! - Teatrul Regina Maria Oradea","twitter:description":"Dragi spectatori, Am avut o stagiune bogat\u0103, cu multe premiere \u0219i spectacole extraordinare care s-au reluat din stagiunile trecute, \u00eens\u0103 acum e timpul s\u0103 ne odihnim pu\u021bin \u0219i intr\u0103m \u00eentr-o scurt\u0103 vacan\u021b\u0103. Revenim cur\u00e2nd cu preg\u0103tirile pentru a VI-a edi\u021bie a FESTIVALULUI INTERNA\u021aIONAL DE TEATRU ORADEA, care se va desf\u0103\u0219ura \u00een","twitter:creator":"@TRMOradea","twitter:image":"https:\/\/www.teatrulreginamaria.ro\/wp-content\/uploads\/2025\/03\/trm-istoric-01.jpg"},"aioseo_meta_data":{"post_id":"1204","title":null,"description":null,"keywords":null,"keyphrases":null,"primary_term":null,"canonical_url":null,"og_title":null,"og_description":null,"og_object_type":"default","og_image_type":"default","og_image_url":null,"og_image_width":null,"og_image_height":null,"og_image_custom_url":null,"og_image_custom_fields":null,"og_video":null,"og_custom_url":null,"og_article_section":null,"og_article_tags":null,"twitter_use_og":false,"twitter_card":"default","twitter_image_type":"default","twitter_image_url":null,"twitter_image_custom_url":null,"twitter_image_custom_fields":null,"twitter_title":null,"twitter_description":null,"schema":{"blockGraphs":[],"customGraphs":[],"default":{"data":{"Article":[],"Course":[],"Dataset":[],"FAQPage":[],"Movie":[],"Person":[],"Product":[],"ProductReview":[],"Car":[],"Recipe":[],"Service":[],"SoftwareApplication":[],"WebPage":[]},"graphName":"","isEnabled":true},"graphs":[]},"schema_type":"default","schema_type_options":null,"pillar_content":false,"robots_default":true,"robots_noindex":false,"robots_noarchive":false,"robots_nosnippet":false,"robots_nofollow":false,"robots_noimageindex":false,"robots_noodp":false,"robots_notranslate":false,"robots_max_snippet":null,"robots_max_videopreview":null,"robots_max_imagepreview":"large","priority":null,"frequency":null,"local_seo":null,"seo_analyzer_scan_date":"2026-05-13 01:39:39","breadcrumb_settings":null,"limit_modified_date":false,"reviewed_by":null,"open_ai":null,"ai":null,"created":"2025-04-09 17:42:40","updated":"2026-05-13 01:39:39","focus_keyword":null,"additional_keywords":null,"truseo_locale":null},"aioseo_breadcrumb":"<div class=\"aioseo-breadcrumbs\"><span class=\"aioseo-breadcrumb\">\n\t<a href=\"https:\/\/www.teatrulreginamaria.ro\/en\" title=\"Home\">Home<\/a>\n<\/span><span class=\"aioseo-breadcrumb-separator\">&raquo;<\/span><span class=\"aioseo-breadcrumb\">\n\t<a href=\"https:\/\/www.teatrulreginamaria.ro\/en\/categorie\/noutati\/\" title=\"Nout\u0103\u021bi\">Nout\u0103\u021bi<\/a>\n<\/span><span class=\"aioseo-breadcrumb-separator\">&raquo;<\/span><span class=\"aioseo-breadcrumb\">\n\t<a href=\"https:\/\/www.teatrulreginamaria.ro\/en\/categorie\/noutati\/noutati-trupa-iosif-vulcan\/\" title=\"Nout\u0103\u021bi - Trupa Iosif Vulcan\">Nout\u0103\u021bi - Trupa Iosif Vulcan<\/a>\n<\/span><span class=\"aioseo-breadcrumb-separator\">&raquo;<\/span><span class=\"aioseo-breadcrumb\">\n\tSuntem \u00een vacan\u0163\u0103!\n<\/span><\/div>","aioseo_breadcrumb_json":[{"label":"Home","link":"https:\/\/www.teatrulreginamaria.ro\/en"},{"label":"Nout\u0103\u021bi","link":"https:\/\/www.teatrulreginamaria.ro\/en\/categorie\/noutati\/"},{"label":"Nout\u0103\u021bi - Trupa Iosif Vulcan","link":"https:\/\/www.teatrulreginamaria.ro\/en\/categorie\/noutati\/noutati-trupa-iosif-vulcan\/"},{"label":"Suntem \u00een vacan\u0163\u0103!","link":"https:\/\/www.teatrulreginamaria.ro\/en\/suntem-in-vacanta\/"}],"acf":[],"_links":{"self":[{"href":"https:\/\/www.teatrulreginamaria.ro\/en\/wp-json\/wp\/v2\/posts\/1204","targetHints":{"allow":["GET"]}}],"collection":[{"href":"https:\/\/www.teatrulreginamaria.ro\/en\/wp-json\/wp\/v2\/posts"}],"about":[{"href":"https:\/\/www.teatrulreginamaria.ro\/en\/wp-json\/wp\/v2\/types\/post"}],"author":[{"embeddable":true,"href":"https:\/\/www.teatrulreginamaria.ro\/en\/wp-json\/wp\/v2\/users\/6"}],"replies":[{"embeddable":true,"href":"https:\/\/www.teatrulreginamaria.ro\/en\/wp-json\/wp\/v2\/comments?post=1204"}],"version-history":[{"count":0,"href":"https:\/\/www.teatrulreginamaria.ro\/en\/wp-json\/wp\/v2\/posts\/1204\/revisions"}],"wp:attachment":[{"href":"https:\/\/www.teatrulreginamaria.ro\/en\/wp-json\/wp\/v2\/media?parent=1204"}],"wp:term":[{"taxonomy":"category","embeddable":true,"href":"https:\/\/www.teatrulreginamaria.ro\/en\/wp-json\/wp\/v2\/categories?post=1204"},{"taxonomy":"post_tag","embeddable":true,"href":"https:\/\/www.teatrulreginamaria.ro\/en\/wp-json\/wp\/v2\/tags?post=1204"}],"curies":[{"name":"wp","href":"https:\/\/api.w.org\/{rel}","templated":true}]}}