{"id":1248,"date":"2017-10-20T07:05:37","date_gmt":"2017-10-20T07:05:37","guid":{"rendered":"https:\/\/teatrulreginamaria.ro\/2017\/10\/20\/profu-de-dranceza-a-doua-premiera-a-stagiunii-2017-2018-a-trupei-iosif-vulcan\/"},"modified":"2017-10-20T07:05:37","modified_gmt":"2017-10-20T07:05:37","slug":"profu-de-dranceza-the-second-premiere-of-the-2017-2018-season-of-the-band-iosif-vulcan","status":"publish","type":"post","link":"https:\/\/www.teatrulreginamaria.ro\/en\/profu-de-dranceza-a-doua-premiera-a-stagiunii-2017-2018-a-trupei-iosif-vulcan\/","title":{"rendered":"\u201e&quot;PROFU` DE DRANCEZ\u0102&quot; \u2013 the second premiere of the 2017 \u2013 2018 season of the Iosif Vulcan Troupe"},"content":{"rendered":"<p style=\"text-align: justify;\">The Regina Maria Theatre is pleased to announce the second premiere of this season by the Iosif Vulcan Troupe: &quot;French Teacher&quot;, adaptation by Matei Mircioane after Tudor Mu\u0219atescu, artistic direction and scenography by Dan Mirea, an organized show that will take place on Thursday, October 19, from 12:00, at the Great Hall of the Theatre.<\/p>\n<p><!--more--><\/p>\n<p style=\"text-align: justify;\">The author of the play &quot;Profu` de francez\u0103&quot;, Tudor Mu\u0219atescu, a graduate of both the Faculty of Letters and Philosophy and the Faculty of Law, was a multi-talented writer. He focused primarily on dramatic works, and critics defined him as a follower of the Caragiale comedy of morals.<\/p>\n<p style=\"text-align: justify;\">Director Dan Mirea is not at the first meeting with the Oradea troupe, having staged one of the most famous and beloved children&#039;s stories, &quot;The Wizard of Oz&quot;, in 2010. He returns after seven years with a show that this time addresses teenagers. The text &quot;The French Teacher&quot;, written by Tudor Mu\u0219atescu in 1948, acquires a contemporary character through the adaptation made by Matei Mircioane and through Dan Mirea&#039;s directorial vision. Adolescent loves, the charm of immaturity, the entertainment specific to high school years and the students&#039; collective passion for the new teacher <em><i>tall, dark-haired, with brown eyes and who speaks with an &quot;r&quot;\u201e<\/i><\/em>\u00a0are reformulated in terms specific to contemporary adolescent thinking, starting from clothing, technology, music, to behavior and social relationships.<\/p>\n<p style=\"text-align: justify;\">The action is triggered by the arrival of the French teacher, with the twelfth grade students becoming more concerned with capturing his attention than with the baccalaureate exam. This turn of events gives rise to conflicting situations, for the smoothing of which it is necessary to intervene even the headmistress, whose interest is also directed towards the young teacher.<\/p>\n<p style=\"text-align: justify;\">The naivety from which misunderstandings erupt creates the comic situation, giving rise to an original, cheerful and lively show.<\/p>\n<p style=\"text-align: justify;\">The artistic team is made up of enthusiastic and talented actors: Georgia C\u0103pr\u0103rin (Antonia Panait), Anca Sigmirean (Tania Popescu), Denisa Vlad (Anca), Sorin Ionescu (Profu&#039;), Corina Cernea (Cos\u00e2mb\u0103cescu), Alexandru Rusu (Gigi), Alin Stanciu (Anibal), Eugen Neag (Cherubim), Anda T\u0103m\u0103\u0219anu (Iunona).<\/p>\n<p style=\"text-align: justify;\">The premiere of the show &quot;French Teacher&quot; is organized for Oradea students, but we are waiting for the public on December 2, from 11:00, at the Great Hall to enjoy the show.<\/p>\n<p style=\"text-align: justify;\">Tickets are on sale at the Theatre Ticket Agency from Tuesday to Friday between 10:00 and 19:00, and on weekends between 10:00 and 13:00. You can also purchase tickets one hour before the show or online at <u>www.biletmaster.ro<\/u>For additional information and ticket reservations, please call: 0259\/440.742.<\/p>\n<p style=\"text-align: justify;\">We are waiting for you at the theater!<\/p>","protected":false},"excerpt":{"rendered":"<p>The Regina Maria Theatre is pleased to announce the second premiere of this season by the Iosif Vulcan Troupe: &quot;French Teacher&quot;, adaptation by Matei Mircioane after Tudor Mu\u0219atescu, artistic direction and scenography by Dan Mirea, an organized show that will take place on Thursday, October 19, from 12:00, at the Great Hall of the Theatre.<\/p>","protected":false},"author":6,"featured_media":0,"comment_status":"open","ping_status":"open","sticky":false,"template":"","format":"standard","meta":{"_acf_changed":false,"footnotes":""},"categories":[22],"tags":[318],"class_list":["post-1248","post","type-post","status-publish","format-standard","hentry","category-noutati-trupa-iosif-vulcan","tag-premiera"],"aioseo_notices":[],"aioseo_head":"\n\t\t<!-- All in One SEO Pro 5.0.1.1 - aioseo.com -->\n\t<meta name=\"description\" content=\"Teatrul Regina Maria are deosebita pl\u0103cere de a anun\u021ba a doua premier\u0103 din aceast\u0103 stagiune a Trupei Iosif Vulcan: \u201eProfu` de francez\u0103\u201d, adaptare de Matei Mircioane dup\u0103 Tudor Mu\u0219atescu, regia artistic\u0103 \u0219i scenografia Dan Mirea, spectacol organizat care va avea loc joi, 19 octombrie, de la ora 12:00, la Sala Mare a Teatrului. Autorul piesei\" \/>\n\t<meta name=\"robots\" content=\"max-image-preview:large\" \/>\n\t<meta name=\"author\" content=\"Teatrul Regina Maria\"\/>\n\t<link rel=\"canonical\" href=\"https:\/\/www.teatrulreginamaria.ro\/en\/profu-de-dranceza-a-doua-premiera-a-stagiunii-2017-2018-a-trupei-iosif-vulcan\/\" \/>\n\t<meta name=\"generator\" content=\"All in One SEO Pro (AIOSEO) 5.0.1.1\" \/>\n\t\t<meta property=\"og:locale\" content=\"en_GB\" \/>\n\t\t<meta property=\"og:site_name\" content=\"Teatrul Regina Maria Oradea - Trupa Iosif Vulcan \u0219i Trupa Arcadia\" \/>\n\t\t<meta property=\"og:type\" content=\"article\" \/>\n\t\t<meta property=\"og:title\" content=\"\u201ePROFU` DE DRANCEZ\u0102\u201d \u2013 a doua premier\u0103 a stagiunii 2017 \u2013 2018 a Trupei Iosif Vulcan - Teatrul Regina Maria Oradea\" \/>\n\t\t<meta property=\"og:description\" content=\"Teatrul Regina Maria are deosebita pl\u0103cere de a anun\u021ba a doua premier\u0103 din aceast\u0103 stagiune a Trupei Iosif Vulcan: \u201eProfu` de francez\u0103\u201d, adaptare de Matei Mircioane dup\u0103 Tudor Mu\u0219atescu, regia artistic\u0103 \u0219i scenografia Dan Mirea, spectacol organizat care va avea loc joi, 19 octombrie, de la ora 12:00, la Sala Mare a Teatrului. Autorul piesei\" \/>\n\t\t<meta property=\"og:url\" content=\"https:\/\/www.teatrulreginamaria.ro\/en\/profu-de-dranceza-a-doua-premiera-a-stagiunii-2017-2018-a-trupei-iosif-vulcan\/\" \/>\n\t\t<meta property=\"og:image\" content=\"https:\/\/www.teatrulreginamaria.ro\/wp-content\/uploads\/2025\/03\/trm-istoric-01.jpg\" \/>\n\t\t<meta property=\"og:image:secure_url\" content=\"https:\/\/www.teatrulreginamaria.ro\/wp-content\/uploads\/2025\/03\/trm-istoric-01.jpg\" \/>\n\t\t<meta property=\"og:image:width\" content=\"1200\" \/>\n\t\t<meta property=\"og:image:height\" content=\"800\" \/>\n\t\t<meta property=\"article:published_time\" content=\"2017-10-20T07:05:37+00:00\" \/>\n\t\t<meta property=\"article:modified_time\" content=\"2017-10-20T07:05:37+00:00\" \/>\n\t\t<meta property=\"article:publisher\" content=\"https:\/\/www.facebook.com\/TRMTrupaIosifVulcan\/\" \/>\n\t\t<meta name=\"twitter:card\" content=\"summary_large_image\" \/>\n\t\t<meta name=\"twitter:site\" content=\"@TRMOradea\" \/>\n\t\t<meta name=\"twitter:title\" content=\"\u201ePROFU` DE DRANCEZ\u0102\u201d \u2013 a doua premier\u0103 a stagiunii 2017 \u2013 2018 a Trupei Iosif Vulcan - Teatrul Regina Maria Oradea\" \/>\n\t\t<meta name=\"twitter:description\" content=\"Teatrul Regina Maria are deosebita pl\u0103cere de a anun\u021ba a doua premier\u0103 din aceast\u0103 stagiune a Trupei Iosif Vulcan: \u201eProfu` de francez\u0103\u201d, adaptare de Matei Mircioane dup\u0103 Tudor Mu\u0219atescu, regia artistic\u0103 \u0219i scenografia Dan Mirea, spectacol organizat care va avea loc joi, 19 octombrie, de la ora 12:00, la Sala Mare a Teatrului. Autorul piesei\" \/>\n\t\t<meta name=\"twitter:creator\" content=\"@TRMOradea\" \/>\n\t\t<meta name=\"twitter:image\" content=\"https:\/\/www.teatrulreginamaria.ro\/wp-content\/uploads\/2025\/03\/trm-istoric-01.jpg\" \/>\n\t\t<script type=\"application\/ld+json\" class=\"aioseo-schema\">\n\t\t\t{\"@context\":\"https:\\\/\\\/schema.org\",\"@graph\":[{\"@type\":\"BlogPosting\",\"@id\":\"https:\\\/\\\/www.teatrulreginamaria.ro\\\/en\\\/profu-de-dranceza-a-doua-premiera-a-stagiunii-2017-2018-a-trupei-iosif-vulcan\\\/#blogposting\",\"name\":\"\\u201ePROFU` DE DRANCEZ\\u0102\\u201d \\u2013 a doua premier\\u0103 a stagiunii 2017 \\u2013 2018 a Trupei Iosif Vulcan - Teatrul Regina Maria Oradea\",\"headline\":\"\\u201ePROFU` DE DRANCEZ\\u0102\\u201d \\u2013 a doua premier\\u0103 a stagiunii 2017 &#8211; 2018 a Trupei Iosif Vulcan\",\"author\":{\"@id\":\"https:\\\/\\\/www.teatrulreginamaria.ro\\\/en\\\/author\\\/w3bmaster\\\/#author\"},\"publisher\":{\"@id\":\"https:\\\/\\\/www.teatrulreginamaria.ro\\\/en\\\/#organization\"},\"image\":{\"@type\":\"ImageObject\",\"url\":\"https:\\\/\\\/www.teatrulreginamaria.ro\\\/wp-content\\\/uploads\\\/2025\\\/06\\\/logo-trm-01-dark.png\",\"@id\":\"https:\\\/\\\/www.teatrulreginamaria.ro\\\/en\\\/#articleImage\",\"width\":300,\"height\":148},\"datePublished\":\"2017-10-20T07:05:37+03:00\",\"dateModified\":\"2017-10-20T07:05:37+03:00\",\"inLanguage\":\"en-GB\",\"mainEntityOfPage\":{\"@id\":\"https:\\\/\\\/www.teatrulreginamaria.ro\\\/en\\\/profu-de-dranceza-a-doua-premiera-a-stagiunii-2017-2018-a-trupei-iosif-vulcan\\\/#webpage\"},\"isPartOf\":{\"@id\":\"https:\\\/\\\/www.teatrulreginamaria.ro\\\/en\\\/profu-de-dranceza-a-doua-premiera-a-stagiunii-2017-2018-a-trupei-iosif-vulcan\\\/#webpage\"},\"articleSection\":\"Nout\\u0103\\u021bi - Trupa Iosif Vulcan, premier\\u0103\"},{\"@type\":\"BreadcrumbList\",\"@id\":\"https:\\\/\\\/www.teatrulreginamaria.ro\\\/en\\\/profu-de-dranceza-a-doua-premiera-a-stagiunii-2017-2018-a-trupei-iosif-vulcan\\\/#breadcrumblist\",\"itemListElement\":[{\"@type\":\"ListItem\",\"@id\":\"https:\\\/\\\/www.teatrulreginamaria.ro\\\/en#listItem\",\"position\":1,\"name\":\"Home\",\"item\":\"https:\\\/\\\/www.teatrulreginamaria.ro\\\/en\",\"nextItem\":{\"@type\":\"ListItem\",\"@id\":\"https:\\\/\\\/www.teatrulreginamaria.ro\\\/en\\\/categorie\\\/noutati\\\/#listItem\",\"name\":\"Nout\\u0103\\u021bi\"}},{\"@type\":\"ListItem\",\"@id\":\"https:\\\/\\\/www.teatrulreginamaria.ro\\\/en\\\/categorie\\\/noutati\\\/#listItem\",\"position\":2,\"name\":\"Nout\\u0103\\u021bi\",\"item\":\"https:\\\/\\\/www.teatrulreginamaria.ro\\\/en\\\/categorie\\\/noutati\\\/\",\"nextItem\":{\"@type\":\"ListItem\",\"@id\":\"https:\\\/\\\/www.teatrulreginamaria.ro\\\/en\\\/categorie\\\/noutati\\\/noutati-trupa-iosif-vulcan\\\/#listItem\",\"name\":\"Nout\\u0103\\u021bi - Trupa Iosif Vulcan\"},\"previousItem\":{\"@type\":\"ListItem\",\"@id\":\"https:\\\/\\\/www.teatrulreginamaria.ro\\\/en#listItem\",\"name\":\"Home\"}},{\"@type\":\"ListItem\",\"@id\":\"https:\\\/\\\/www.teatrulreginamaria.ro\\\/en\\\/categorie\\\/noutati\\\/noutati-trupa-iosif-vulcan\\\/#listItem\",\"position\":3,\"name\":\"Nout\\u0103\\u021bi - Trupa Iosif Vulcan\",\"item\":\"https:\\\/\\\/www.teatrulreginamaria.ro\\\/en\\\/categorie\\\/noutati\\\/noutati-trupa-iosif-vulcan\\\/\",\"nextItem\":{\"@type\":\"ListItem\",\"@id\":\"https:\\\/\\\/www.teatrulreginamaria.ro\\\/en\\\/profu-de-dranceza-a-doua-premiera-a-stagiunii-2017-2018-a-trupei-iosif-vulcan\\\/#listItem\",\"name\":\"\\u201ePROFU` DE DRANCEZ\\u0102\\u201d \\u2013 a doua premier\\u0103 a stagiunii 2017 &#8211; 2018 a Trupei Iosif Vulcan\"},\"previousItem\":{\"@type\":\"ListItem\",\"@id\":\"https:\\\/\\\/www.teatrulreginamaria.ro\\\/en\\\/categorie\\\/noutati\\\/#listItem\",\"name\":\"Nout\\u0103\\u021bi\"}},{\"@type\":\"ListItem\",\"@id\":\"https:\\\/\\\/www.teatrulreginamaria.ro\\\/en\\\/profu-de-dranceza-a-doua-premiera-a-stagiunii-2017-2018-a-trupei-iosif-vulcan\\\/#listItem\",\"position\":4,\"name\":\"\\u201ePROFU` DE DRANCEZ\\u0102\\u201d \\u2013 a doua premier\\u0103 a stagiunii 2017 &#8211; 2018 a Trupei Iosif Vulcan\",\"previousItem\":{\"@type\":\"ListItem\",\"@id\":\"https:\\\/\\\/www.teatrulreginamaria.ro\\\/en\\\/categorie\\\/noutati\\\/noutati-trupa-iosif-vulcan\\\/#listItem\",\"name\":\"Nout\\u0103\\u021bi - Trupa Iosif Vulcan\"}}]},{\"@type\":\"Organization\",\"@id\":\"https:\\\/\\\/www.teatrulreginamaria.ro\\\/en\\\/#organization\",\"name\":\"Teatrul Regina Maria Oradea\",\"description\":\"Trupa Iosif Vulcan \\u0219i Trupa Arcadia\",\"url\":\"https:\\\/\\\/www.teatrulreginamaria.ro\\\/en\\\/\",\"email\":\"marketing@teatrulreginamaria.ro\",\"telephone\":\"+40359411534\",\"numberOfEmployees\":{\"@type\":\"QuantitativeValue\",\"minValue\":0,\"maxValue\":150},\"logo\":{\"@type\":\"ImageObject\",\"url\":\"https:\\\/\\\/www.teatrulreginamaria.ro\\\/wp-content\\\/uploads\\\/2025\\\/06\\\/logo-trm-01-dark.png\",\"@id\":\"https:\\\/\\\/www.teatrulreginamaria.ro\\\/en\\\/profu-de-dranceza-a-doua-premiera-a-stagiunii-2017-2018-a-trupei-iosif-vulcan\\\/#organizationLogo\",\"width\":300,\"height\":148},\"image\":{\"@id\":\"https:\\\/\\\/www.teatrulreginamaria.ro\\\/en\\\/profu-de-dranceza-a-doua-premiera-a-stagiunii-2017-2018-a-trupei-iosif-vulcan\\\/#organizationLogo\"},\"sameAs\":[\"https:\\\/\\\/www.facebook.com\\\/TRMTrupaIosifVulcan\\\/\",\"https:\\\/\\\/x.com\\\/TRMOradea\",\"https:\\\/\\\/www.instagram.com\\\/teatrul_regina_maria\\\/\",\"https:\\\/\\\/www.youtube.com\\\/c\\\/TeatrulReginaMariaOradea\",\"https:\\\/\\\/www.linkedin.com\\\/company\\\/teatrul-regina-maria\"]},{\"@type\":\"Person\",\"@id\":\"https:\\\/\\\/www.teatrulreginamaria.ro\\\/en\\\/author\\\/w3bmaster\\\/#author\",\"url\":\"https:\\\/\\\/www.teatrulreginamaria.ro\\\/en\\\/author\\\/w3bmaster\\\/\",\"name\":\"Teatrul Regina Maria\",\"image\":{\"@type\":\"ImageObject\",\"@id\":\"https:\\\/\\\/www.teatrulreginamaria.ro\\\/en\\\/profu-de-dranceza-a-doua-premiera-a-stagiunii-2017-2018-a-trupei-iosif-vulcan\\\/#authorImage\",\"url\":\"https:\\\/\\\/secure.gravatar.com\\\/avatar\\\/5884139d508ae3f0bafe45e60563b48a9640146d3b08ccc6278c305ff9329305?s=96&d=mm&r=g\",\"width\":96,\"height\":96,\"caption\":\"Teatrul Regina Maria\"}},{\"@type\":\"WebPage\",\"@id\":\"https:\\\/\\\/www.teatrulreginamaria.ro\\\/en\\\/profu-de-dranceza-a-doua-premiera-a-stagiunii-2017-2018-a-trupei-iosif-vulcan\\\/#webpage\",\"url\":\"https:\\\/\\\/www.teatrulreginamaria.ro\\\/en\\\/profu-de-dranceza-a-doua-premiera-a-stagiunii-2017-2018-a-trupei-iosif-vulcan\\\/\",\"name\":\"\\u201ePROFU` DE DRANCEZ\\u0102\\u201d \\u2013 a doua premier\\u0103 a stagiunii 2017 \\u2013 2018 a Trupei Iosif Vulcan - Teatrul Regina Maria Oradea\",\"description\":\"Teatrul Regina Maria are deosebita pl\\u0103cere de a anun\\u021ba a doua premier\\u0103 din aceast\\u0103 stagiune a Trupei Iosif Vulcan: \\u201eProfu` de francez\\u0103\\u201d, adaptare de Matei Mircioane dup\\u0103 Tudor Mu\\u0219atescu, regia artistic\\u0103 \\u0219i scenografia Dan Mirea, spectacol organizat care va avea loc joi, 19 octombrie, de la ora 12:00, la Sala Mare a Teatrului. Autorul piesei\",\"inLanguage\":\"en-GB\",\"isPartOf\":{\"@id\":\"https:\\\/\\\/www.teatrulreginamaria.ro\\\/en\\\/#website\"},\"breadcrumb\":{\"@id\":\"https:\\\/\\\/www.teatrulreginamaria.ro\\\/en\\\/profu-de-dranceza-a-doua-premiera-a-stagiunii-2017-2018-a-trupei-iosif-vulcan\\\/#breadcrumblist\"},\"author\":{\"@id\":\"https:\\\/\\\/www.teatrulreginamaria.ro\\\/en\\\/author\\\/w3bmaster\\\/#author\"},\"creator\":{\"@id\":\"https:\\\/\\\/www.teatrulreginamaria.ro\\\/en\\\/author\\\/w3bmaster\\\/#author\"},\"datePublished\":\"2017-10-20T07:05:37+03:00\",\"dateModified\":\"2017-10-20T07:05:37+03:00\"},{\"@type\":\"WebSite\",\"@id\":\"https:\\\/\\\/www.teatrulreginamaria.ro\\\/en\\\/#website\",\"url\":\"https:\\\/\\\/www.teatrulreginamaria.ro\\\/en\\\/\",\"name\":\"Teatrul Regina Maria Oradea\",\"alternateName\":\"TRM Oradea\",\"description\":\"Trupa Iosif Vulcan \\u0219i Trupa Arcadia\",\"inLanguage\":\"en-GB\",\"publisher\":{\"@id\":\"https:\\\/\\\/www.teatrulreginamaria.ro\\\/en\\\/#organization\"}}]}\n\t\t<\/script>\n\t\t<!-- All in One SEO Pro -->\r\n\t\t<title>\u201ePROFU` DE DRANCEZ\u0102\u201d \u2013 a doua premier\u0103 a stagiunii 2017 \u2013 2018 a Trupei Iosif Vulcan - Teatrul Regina Maria Oradea<\/title>\n\n","aioseo_head_json":{"title":"\u201e&quot;PROFU` DE DANCEZ\u0102&quot; \u2013 the second premiere of the 2017 \u2013 2018 season of the Iosif Vulcan Troupe - Regina Maria Theatre Oradea","description":"The Regina Maria Theatre is pleased to announce the second premiere of this season by the Iosif Vulcan Troupe: &quot;Profu` de francez\u0103&quot;, adaptation by Matei Mircioane after Tudor Mu\u0219atescu, artistic direction and scenography by Dan Mirea, a performance organized to take place on Thursday, October 19, at 12:00, at the Great Hall of the Theatre. The author of the play","canonical_url":"https:\/\/www.teatrulreginamaria.ro\/en\/profu-de-dranceza-a-doua-premiera-a-stagiunii-2017-2018-a-trupei-iosif-vulcan\/","robots":"max-image-preview:large","keywords":"","webmasterTools":{"miscellaneous":""},"schema":{"@context":"https:\/\/schema.org","@graph":[{"@type":"BlogPosting","@id":"https:\/\/www.teatrulreginamaria.ro\/en\/profu-de-dranceza-a-doua-premiera-a-stagiunii-2017-2018-a-trupei-iosif-vulcan\/#blogposting","name":"\u201ePROFU` DE DRANCEZ\u0102\u201d \u2013 a doua premier\u0103 a stagiunii 2017 \u2013 2018 a Trupei Iosif Vulcan - Teatrul Regina Maria Oradea","headline":"\u201ePROFU` DE DRANCEZ\u0102\u201d \u2013 a doua premier\u0103 a stagiunii 2017 &#8211; 2018 a Trupei Iosif Vulcan","author":{"@id":"https:\/\/www.teatrulreginamaria.ro\/en\/author\/w3bmaster\/#author"},"publisher":{"@id":"https:\/\/www.teatrulreginamaria.ro\/en\/#organization"},"image":{"@type":"ImageObject","url":"https:\/\/www.teatrulreginamaria.ro\/wp-content\/uploads\/2025\/06\/logo-trm-01-dark.png","@id":"https:\/\/www.teatrulreginamaria.ro\/en\/#articleImage","width":300,"height":148},"datePublished":"2017-10-20T07:05:37+03:00","dateModified":"2017-10-20T07:05:37+03:00","inLanguage":"en-GB","mainEntityOfPage":{"@id":"https:\/\/www.teatrulreginamaria.ro\/en\/profu-de-dranceza-a-doua-premiera-a-stagiunii-2017-2018-a-trupei-iosif-vulcan\/#webpage"},"isPartOf":{"@id":"https:\/\/www.teatrulreginamaria.ro\/en\/profu-de-dranceza-a-doua-premiera-a-stagiunii-2017-2018-a-trupei-iosif-vulcan\/#webpage"},"articleSection":"Nout\u0103\u021bi - Trupa Iosif Vulcan, premier\u0103"},{"@type":"BreadcrumbList","@id":"https:\/\/www.teatrulreginamaria.ro\/en\/profu-de-dranceza-a-doua-premiera-a-stagiunii-2017-2018-a-trupei-iosif-vulcan\/#breadcrumblist","itemListElement":[{"@type":"ListItem","@id":"https:\/\/www.teatrulreginamaria.ro\/en#listItem","position":1,"name":"Home","item":"https:\/\/www.teatrulreginamaria.ro\/en","nextItem":{"@type":"ListItem","@id":"https:\/\/www.teatrulreginamaria.ro\/en\/categorie\/noutati\/#listItem","name":"Nout\u0103\u021bi"}},{"@type":"ListItem","@id":"https:\/\/www.teatrulreginamaria.ro\/en\/categorie\/noutati\/#listItem","position":2,"name":"Nout\u0103\u021bi","item":"https:\/\/www.teatrulreginamaria.ro\/en\/categorie\/noutati\/","nextItem":{"@type":"ListItem","@id":"https:\/\/www.teatrulreginamaria.ro\/en\/categorie\/noutati\/noutati-trupa-iosif-vulcan\/#listItem","name":"Nout\u0103\u021bi - Trupa Iosif Vulcan"},"previousItem":{"@type":"ListItem","@id":"https:\/\/www.teatrulreginamaria.ro\/en#listItem","name":"Home"}},{"@type":"ListItem","@id":"https:\/\/www.teatrulreginamaria.ro\/en\/categorie\/noutati\/noutati-trupa-iosif-vulcan\/#listItem","position":3,"name":"Nout\u0103\u021bi - Trupa Iosif Vulcan","item":"https:\/\/www.teatrulreginamaria.ro\/en\/categorie\/noutati\/noutati-trupa-iosif-vulcan\/","nextItem":{"@type":"ListItem","@id":"https:\/\/www.teatrulreginamaria.ro\/en\/profu-de-dranceza-a-doua-premiera-a-stagiunii-2017-2018-a-trupei-iosif-vulcan\/#listItem","name":"\u201ePROFU` DE DRANCEZ\u0102\u201d \u2013 a doua premier\u0103 a stagiunii 2017 &#8211; 2018 a Trupei Iosif Vulcan"},"previousItem":{"@type":"ListItem","@id":"https:\/\/www.teatrulreginamaria.ro\/en\/categorie\/noutati\/#listItem","name":"Nout\u0103\u021bi"}},{"@type":"ListItem","@id":"https:\/\/www.teatrulreginamaria.ro\/en\/profu-de-dranceza-a-doua-premiera-a-stagiunii-2017-2018-a-trupei-iosif-vulcan\/#listItem","position":4,"name":"\u201ePROFU` DE DRANCEZ\u0102\u201d \u2013 a doua premier\u0103 a stagiunii 2017 &#8211; 2018 a Trupei Iosif Vulcan","previousItem":{"@type":"ListItem","@id":"https:\/\/www.teatrulreginamaria.ro\/en\/categorie\/noutati\/noutati-trupa-iosif-vulcan\/#listItem","name":"Nout\u0103\u021bi - Trupa Iosif Vulcan"}}]},{"@type":"Organization","@id":"https:\/\/www.teatrulreginamaria.ro\/en\/#organization","name":"Teatrul Regina Maria Oradea","description":"Trupa Iosif Vulcan \u0219i Trupa Arcadia","url":"https:\/\/www.teatrulreginamaria.ro\/en\/","email":"marketing@teatrulreginamaria.ro","telephone":"+40359411534","numberOfEmployees":{"@type":"QuantitativeValue","minValue":0,"maxValue":150},"logo":{"@type":"ImageObject","url":"https:\/\/www.teatrulreginamaria.ro\/wp-content\/uploads\/2025\/06\/logo-trm-01-dark.png","@id":"https:\/\/www.teatrulreginamaria.ro\/en\/profu-de-dranceza-a-doua-premiera-a-stagiunii-2017-2018-a-trupei-iosif-vulcan\/#organizationLogo","width":300,"height":148},"image":{"@id":"https:\/\/www.teatrulreginamaria.ro\/en\/profu-de-dranceza-a-doua-premiera-a-stagiunii-2017-2018-a-trupei-iosif-vulcan\/#organizationLogo"},"sameAs":["https:\/\/www.facebook.com\/TRMTrupaIosifVulcan\/","https:\/\/x.com\/TRMOradea","https:\/\/www.instagram.com\/teatrul_regina_maria\/","https:\/\/www.youtube.com\/c\/TeatrulReginaMariaOradea","https:\/\/www.linkedin.com\/company\/teatrul-regina-maria"]},{"@type":"Person","@id":"https:\/\/www.teatrulreginamaria.ro\/en\/author\/w3bmaster\/#author","url":"https:\/\/www.teatrulreginamaria.ro\/en\/author\/w3bmaster\/","name":"Teatrul Regina Maria","image":{"@type":"ImageObject","@id":"https:\/\/www.teatrulreginamaria.ro\/en\/profu-de-dranceza-a-doua-premiera-a-stagiunii-2017-2018-a-trupei-iosif-vulcan\/#authorImage","url":"https:\/\/secure.gravatar.com\/avatar\/5884139d508ae3f0bafe45e60563b48a9640146d3b08ccc6278c305ff9329305?s=96&d=mm&r=g","width":96,"height":96,"caption":"Teatrul Regina Maria"}},{"@type":"WebPage","@id":"https:\/\/www.teatrulreginamaria.ro\/en\/profu-de-dranceza-a-doua-premiera-a-stagiunii-2017-2018-a-trupei-iosif-vulcan\/#webpage","url":"https:\/\/www.teatrulreginamaria.ro\/en\/profu-de-dranceza-a-doua-premiera-a-stagiunii-2017-2018-a-trupei-iosif-vulcan\/","name":"\u201ePROFU` DE DRANCEZ\u0102\u201d \u2013 a doua premier\u0103 a stagiunii 2017 \u2013 2018 a Trupei Iosif Vulcan - Teatrul Regina Maria Oradea","description":"Teatrul Regina Maria are deosebita pl\u0103cere de a anun\u021ba a doua premier\u0103 din aceast\u0103 stagiune a Trupei Iosif Vulcan: \u201eProfu` de francez\u0103\u201d, adaptare de Matei Mircioane dup\u0103 Tudor Mu\u0219atescu, regia artistic\u0103 \u0219i scenografia Dan Mirea, spectacol organizat care va avea loc joi, 19 octombrie, de la ora 12:00, la Sala Mare a Teatrului. Autorul piesei","inLanguage":"en-GB","isPartOf":{"@id":"https:\/\/www.teatrulreginamaria.ro\/en\/#website"},"breadcrumb":{"@id":"https:\/\/www.teatrulreginamaria.ro\/en\/profu-de-dranceza-a-doua-premiera-a-stagiunii-2017-2018-a-trupei-iosif-vulcan\/#breadcrumblist"},"author":{"@id":"https:\/\/www.teatrulreginamaria.ro\/en\/author\/w3bmaster\/#author"},"creator":{"@id":"https:\/\/www.teatrulreginamaria.ro\/en\/author\/w3bmaster\/#author"},"datePublished":"2017-10-20T07:05:37+03:00","dateModified":"2017-10-20T07:05:37+03:00"},{"@type":"WebSite","@id":"https:\/\/www.teatrulreginamaria.ro\/en\/#website","url":"https:\/\/www.teatrulreginamaria.ro\/en\/","name":"Teatrul Regina Maria Oradea","alternateName":"TRM Oradea","description":"Trupa Iosif Vulcan \u0219i Trupa Arcadia","inLanguage":"en-GB","publisher":{"@id":"https:\/\/www.teatrulreginamaria.ro\/en\/#organization"}}]},"og:locale":"en_GB","og:site_name":"Teatrul Regina Maria Oradea - Trupa Iosif Vulcan \u0219i Trupa Arcadia","og:type":"article","og:title":"\u201ePROFU` DE DRANCEZ\u0102\u201d \u2013 a doua premier\u0103 a stagiunii 2017 \u2013 2018 a Trupei Iosif Vulcan - Teatrul Regina Maria Oradea","og:description":"Teatrul Regina Maria are deosebita pl\u0103cere de a anun\u021ba a doua premier\u0103 din aceast\u0103 stagiune a Trupei Iosif Vulcan: \u201eProfu` de francez\u0103\u201d, adaptare de Matei Mircioane dup\u0103 Tudor Mu\u0219atescu, regia artistic\u0103 \u0219i scenografia Dan Mirea, spectacol organizat care va avea loc joi, 19 octombrie, de la ora 12:00, la Sala Mare a Teatrului. Autorul piesei","og:url":"https:\/\/www.teatrulreginamaria.ro\/en\/profu-de-dranceza-a-doua-premiera-a-stagiunii-2017-2018-a-trupei-iosif-vulcan\/","og:image":"https:\/\/www.teatrulreginamaria.ro\/wp-content\/uploads\/2025\/03\/trm-istoric-01.jpg","og:image:secure_url":"https:\/\/www.teatrulreginamaria.ro\/wp-content\/uploads\/2025\/03\/trm-istoric-01.jpg","og:image:width":1200,"og:image:height":800,"article:published_time":"2017-10-20T07:05:37+00:00","article:modified_time":"2017-10-20T07:05:37+00:00","article:publisher":"https:\/\/www.facebook.com\/TRMTrupaIosifVulcan\/","twitter:card":"summary_large_image","twitter:site":"@TRMOradea","twitter:title":"\u201ePROFU` DE DRANCEZ\u0102\u201d \u2013 a doua premier\u0103 a stagiunii 2017 \u2013 2018 a Trupei Iosif Vulcan - Teatrul Regina Maria Oradea","twitter:description":"Teatrul Regina Maria are deosebita pl\u0103cere de a anun\u021ba a doua premier\u0103 din aceast\u0103 stagiune a Trupei Iosif Vulcan: \u201eProfu` de francez\u0103\u201d, adaptare de Matei Mircioane dup\u0103 Tudor Mu\u0219atescu, regia artistic\u0103 \u0219i scenografia Dan Mirea, spectacol organizat care va avea loc joi, 19 octombrie, de la ora 12:00, la Sala Mare a Teatrului. Autorul piesei","twitter:creator":"@TRMOradea","twitter:image":"https:\/\/www.teatrulreginamaria.ro\/wp-content\/uploads\/2025\/03\/trm-istoric-01.jpg"},"aioseo_meta_data":{"post_id":"1248","title":null,"description":null,"keywords":null,"keyphrases":null,"primary_term":null,"canonical_url":null,"og_title":null,"og_description":null,"og_object_type":"default","og_image_type":"default","og_image_url":null,"og_image_width":null,"og_image_height":null,"og_image_custom_url":null,"og_image_custom_fields":null,"og_video":null,"og_custom_url":null,"og_article_section":null,"og_article_tags":null,"twitter_use_og":false,"twitter_card":"default","twitter_image_type":"default","twitter_image_url":null,"twitter_image_custom_url":null,"twitter_image_custom_fields":null,"twitter_title":null,"twitter_description":null,"schema":{"blockGraphs":[],"customGraphs":[],"default":{"data":{"Article":[],"Course":[],"Dataset":[],"FAQPage":[],"Movie":[],"Person":[],"Product":[],"ProductReview":[],"Car":[],"Recipe":[],"Service":[],"SoftwareApplication":[],"WebPage":[]},"graphName":"","isEnabled":true},"graphs":[]},"schema_type":"default","schema_type_options":null,"pillar_content":false,"robots_default":true,"robots_noindex":false,"robots_noarchive":false,"robots_nosnippet":false,"robots_nofollow":false,"robots_noimageindex":false,"robots_noodp":false,"robots_notranslate":false,"robots_max_snippet":null,"robots_max_videopreview":null,"robots_max_imagepreview":"large","priority":null,"frequency":null,"local_seo":null,"seo_analyzer_scan_date":"2026-05-13 01:45:35","breadcrumb_settings":null,"limit_modified_date":false,"reviewed_by":null,"open_ai":null,"ai":null,"created":"2025-04-09 17:42:40","updated":"2026-05-13 01:45:35","focus_keyword":null,"additional_keywords":null,"truseo_locale":null},"aioseo_breadcrumb":"<div class=\"aioseo-breadcrumbs\"><span class=\"aioseo-breadcrumb\">\n\t<a href=\"https:\/\/www.teatrulreginamaria.ro\/en\" title=\"Home\">Home<\/a>\n<\/span><span class=\"aioseo-breadcrumb-separator\">&raquo;<\/span><span class=\"aioseo-breadcrumb\">\n\t<a href=\"https:\/\/www.teatrulreginamaria.ro\/en\/categorie\/noutati\/\" title=\"Nout\u0103\u021bi\">Nout\u0103\u021bi<\/a>\n<\/span><span class=\"aioseo-breadcrumb-separator\">&raquo;<\/span><span class=\"aioseo-breadcrumb\">\n\t<a href=\"https:\/\/www.teatrulreginamaria.ro\/en\/categorie\/noutati\/noutati-trupa-iosif-vulcan\/\" title=\"Nout\u0103\u021bi - Trupa Iosif Vulcan\">Nout\u0103\u021bi - Trupa Iosif Vulcan<\/a>\n<\/span><span class=\"aioseo-breadcrumb-separator\">&raquo;<\/span><span class=\"aioseo-breadcrumb\">\n\t\u201ePROFU` DE DRANCEZ\u0102\u201d \u2013 a doua premier\u0103 a stagiunii 2017 \u2013 2018 a Trupei Iosif Vulcan\n<\/span><\/div>","aioseo_breadcrumb_json":[{"label":"Home","link":"https:\/\/www.teatrulreginamaria.ro\/en"},{"label":"Nout\u0103\u021bi","link":"https:\/\/www.teatrulreginamaria.ro\/en\/categorie\/noutati\/"},{"label":"Nout\u0103\u021bi - Trupa Iosif Vulcan","link":"https:\/\/www.teatrulreginamaria.ro\/en\/categorie\/noutati\/noutati-trupa-iosif-vulcan\/"},{"label":"\u201ePROFU` DE DRANCEZ\u0102\u201d \u2013 a doua premier\u0103 a stagiunii 2017 &#8211; 2018 a Trupei Iosif Vulcan","link":"https:\/\/www.teatrulreginamaria.ro\/en\/profu-de-dranceza-a-doua-premiera-a-stagiunii-2017-2018-a-trupei-iosif-vulcan\/"}],"acf":[],"_links":{"self":[{"href":"https:\/\/www.teatrulreginamaria.ro\/en\/wp-json\/wp\/v2\/posts\/1248","targetHints":{"allow":["GET"]}}],"collection":[{"href":"https:\/\/www.teatrulreginamaria.ro\/en\/wp-json\/wp\/v2\/posts"}],"about":[{"href":"https:\/\/www.teatrulreginamaria.ro\/en\/wp-json\/wp\/v2\/types\/post"}],"author":[{"embeddable":true,"href":"https:\/\/www.teatrulreginamaria.ro\/en\/wp-json\/wp\/v2\/users\/6"}],"replies":[{"embeddable":true,"href":"https:\/\/www.teatrulreginamaria.ro\/en\/wp-json\/wp\/v2\/comments?post=1248"}],"version-history":[{"count":0,"href":"https:\/\/www.teatrulreginamaria.ro\/en\/wp-json\/wp\/v2\/posts\/1248\/revisions"}],"wp:attachment":[{"href":"https:\/\/www.teatrulreginamaria.ro\/en\/wp-json\/wp\/v2\/media?parent=1248"}],"wp:term":[{"taxonomy":"category","embeddable":true,"href":"https:\/\/www.teatrulreginamaria.ro\/en\/wp-json\/wp\/v2\/categories?post=1248"},{"taxonomy":"post_tag","embeddable":true,"href":"https:\/\/www.teatrulreginamaria.ro\/en\/wp-json\/wp\/v2\/tags?post=1248"}],"curies":[{"name":"wp","href":"https:\/\/api.w.org\/{rel}","templated":true}]}}