{"id":1278,"date":"2018-02-22T13:11:23","date_gmt":"2018-02-22T13:11:23","guid":{"rendered":"https:\/\/teatrulreginamaria.ro\/2018\/02\/22\/inca-o-zi-trista-pentru-colectivul-teatrului-regina-maria\/"},"modified":"2018-02-22T13:11:23","modified_gmt":"2018-02-22T13:11:23","slug":"another-sad-day-for-the-queen-maria-theater-team","status":"publish","type":"post","link":"https:\/\/www.teatrulreginamaria.ro\/en\/inca-o-zi-trista-pentru-colectivul-teatrului-regina-maria\/","title":{"rendered":"Another sad day for the Regina Maria Theater team"},"content":{"rendered":"<p style=\"text-align: justify;\">We announce with deep regret that our good colleague Jo\u00f3 Iuliu has unexpectedly passed away.<\/p>\n<p><!--more--><\/p>\n<p style=\"text-align: justify;\">He began his activity at the Oradea Theatre, as a merchandiser, in 1994, and through the responsibility and devotion shown to the duties that fell to him, he gained respect and appreciation from both his colleagues and the management. The extraordinary results he achieved professionally brought him promotion to head of production, a position he conscientiously fulfilled until he reached retirement age. But his activity did not end there. With passion and dedication, as a show organizer, he continued to get involved and promote the productions of the Regina Maria Theatre, in most schools in Oradea, arousing interest and enthusiasm among young spectators. His efforts are visible even after his departure from us: the show &quot;Ivan Turbinc\u0103&quot;, which he organized before leaving us, was played today with a full house.<\/p>\n<p style=\"text-align: justify;\">The good mood he created with his jovial character will remain in the memory of all those with whom he was a colleague or with whom he collaborated. We convey our sincere condolences to the family at this painful moment. We say goodbye with sadness and lead him on his last journey, Saturday, February 24, from 1:00 p.m., at the Steinberger Chapel.<\/p>\n<p style=\"text-align: justify;\">His departure from us leaves a void, but we are left with the memory of a man who was and will be spoken of only well.<\/p>\n<p style=\"text-align: justify;\">Journey with Light!<\/p>\n<p style=\"text-align: justify;\">___________________________________<\/p>\n<p style=\"text-align: justify;\">Ramona Gabriela Nemes <br \/>literary secretary <br \/>Queen Marie Theatre <br \/><em>e-mail: <\/em><em><a href=\"mailto:presa@teatrulreginamaria.ro\">presa@teatrulreginamaria.ro <\/a><br \/><\/em><em>website<\/em>: teatrulreginamaria.ro\u00a0\u00a0<br \/><em>tel: 0738\/772.909<\/em><\/p>\n<p style=\"text-align: justify;\">\u00a0<\/p>","protected":false},"excerpt":{"rendered":"<p>We announce with deep regret that our good colleague Jo\u00f3 Iuliu has unexpectedly passed away.<\/p>","protected":false},"author":6,"featured_media":0,"comment_status":"open","ping_status":"open","sticky":false,"template":"","format":"standard","meta":{"_acf_changed":false,"footnotes":""},"categories":[22],"tags":[],"class_list":["post-1278","post","type-post","status-publish","format-standard","hentry","category-noutati-trupa-iosif-vulcan"],"aioseo_notices":[],"aioseo_head":"\n\t\t<!-- All in One SEO Pro 5.0.1.1 - aioseo.com -->\n\t<meta name=\"description\" content=\"Anun\u021b\u0103m cu profund regret c\u0103 a plecat dintre noi, pe nea\u0219teptate, bunul nostru coleg Jo\u00f3 Iuliu. \u0218i-a \u00eenceput activitatea \u00een cadrul Teatrului din Oradea, ca merceolog, \u00een anul 1994, iar prin responsabilitatea \u0219i devotamentul manifestat fa\u021b\u0103 de atribu\u021biile care \u00eei reveneau, a c\u00e2\u0219tigat respect \u0219i apreciere at\u00e2t din partea colegilor, c\u00e2t \u0219i a conducerii. Rezultatele extraordinare\" \/>\n\t<meta name=\"robots\" content=\"max-image-preview:large\" \/>\n\t<meta name=\"author\" content=\"Teatrul Regina Maria\"\/>\n\t<link rel=\"canonical\" href=\"https:\/\/www.teatrulreginamaria.ro\/en\/inca-o-zi-trista-pentru-colectivul-teatrului-regina-maria\/\" \/>\n\t<meta name=\"generator\" content=\"All in One SEO Pro (AIOSEO) 5.0.1.1\" \/>\n\t\t<meta property=\"og:locale\" content=\"en_GB\" \/>\n\t\t<meta property=\"og:site_name\" content=\"Teatrul Regina Maria Oradea - Trupa Iosif Vulcan \u0219i Trupa Arcadia\" \/>\n\t\t<meta property=\"og:type\" content=\"article\" \/>\n\t\t<meta property=\"og:title\" content=\"\u00cenc\u0103 o zi trist\u0103 pentru colectivul Teatrului Regina Maria - Teatrul Regina Maria Oradea\" \/>\n\t\t<meta property=\"og:description\" content=\"Anun\u021b\u0103m cu profund regret c\u0103 a plecat dintre noi, pe nea\u0219teptate, bunul nostru coleg Jo\u00f3 Iuliu. \u0218i-a \u00eenceput activitatea \u00een cadrul Teatrului din Oradea, ca merceolog, \u00een anul 1994, iar prin responsabilitatea \u0219i devotamentul manifestat fa\u021b\u0103 de atribu\u021biile care \u00eei reveneau, a c\u00e2\u0219tigat respect \u0219i apreciere at\u00e2t din partea colegilor, c\u00e2t \u0219i a conducerii. Rezultatele extraordinare\" \/>\n\t\t<meta property=\"og:url\" content=\"https:\/\/www.teatrulreginamaria.ro\/en\/inca-o-zi-trista-pentru-colectivul-teatrului-regina-maria\/\" \/>\n\t\t<meta property=\"og:image\" content=\"https:\/\/www.teatrulreginamaria.ro\/wp-content\/uploads\/2025\/03\/trm-istoric-01.jpg\" \/>\n\t\t<meta property=\"og:image:secure_url\" content=\"https:\/\/www.teatrulreginamaria.ro\/wp-content\/uploads\/2025\/03\/trm-istoric-01.jpg\" \/>\n\t\t<meta property=\"og:image:width\" content=\"1200\" \/>\n\t\t<meta property=\"og:image:height\" content=\"800\" \/>\n\t\t<meta property=\"article:published_time\" content=\"2018-02-22T13:11:23+00:00\" \/>\n\t\t<meta property=\"article:modified_time\" content=\"2018-02-22T13:11:23+00:00\" \/>\n\t\t<meta property=\"article:publisher\" content=\"https:\/\/www.facebook.com\/TRMTrupaIosifVulcan\/\" \/>\n\t\t<meta name=\"twitter:card\" content=\"summary_large_image\" \/>\n\t\t<meta name=\"twitter:site\" content=\"@TRMOradea\" \/>\n\t\t<meta name=\"twitter:title\" content=\"\u00cenc\u0103 o zi trist\u0103 pentru colectivul Teatrului Regina Maria - Teatrul Regina Maria Oradea\" \/>\n\t\t<meta name=\"twitter:description\" content=\"Anun\u021b\u0103m cu profund regret c\u0103 a plecat dintre noi, pe nea\u0219teptate, bunul nostru coleg Jo\u00f3 Iuliu. \u0218i-a \u00eenceput activitatea \u00een cadrul Teatrului din Oradea, ca merceolog, \u00een anul 1994, iar prin responsabilitatea \u0219i devotamentul manifestat fa\u021b\u0103 de atribu\u021biile care \u00eei reveneau, a c\u00e2\u0219tigat respect \u0219i apreciere at\u00e2t din partea colegilor, c\u00e2t \u0219i a conducerii. Rezultatele extraordinare\" \/>\n\t\t<meta name=\"twitter:creator\" content=\"@TRMOradea\" \/>\n\t\t<meta name=\"twitter:image\" content=\"https:\/\/www.teatrulreginamaria.ro\/wp-content\/uploads\/2025\/03\/trm-istoric-01.jpg\" \/>\n\t\t<script type=\"application\/ld+json\" class=\"aioseo-schema\">\n\t\t\t{\"@context\":\"https:\\\/\\\/schema.org\",\"@graph\":[{\"@type\":\"BlogPosting\",\"@id\":\"https:\\\/\\\/www.teatrulreginamaria.ro\\\/en\\\/inca-o-zi-trista-pentru-colectivul-teatrului-regina-maria\\\/#blogposting\",\"name\":\"\\u00cenc\\u0103 o zi trist\\u0103 pentru colectivul Teatrului Regina Maria - Teatrul Regina Maria Oradea\",\"headline\":\"\\u00cenc\\u0103 o zi trist\\u0103 pentru colectivul Teatrului Regina Maria\",\"author\":{\"@id\":\"https:\\\/\\\/www.teatrulreginamaria.ro\\\/en\\\/author\\\/w3bmaster\\\/#author\"},\"publisher\":{\"@id\":\"https:\\\/\\\/www.teatrulreginamaria.ro\\\/en\\\/#organization\"},\"image\":{\"@type\":\"ImageObject\",\"url\":\"https:\\\/\\\/www.teatrulreginamaria.ro\\\/wp-content\\\/uploads\\\/2025\\\/06\\\/logo-trm-01-dark.png\",\"@id\":\"https:\\\/\\\/www.teatrulreginamaria.ro\\\/en\\\/#articleImage\",\"width\":300,\"height\":148},\"datePublished\":\"2018-02-22T13:11:23+02:00\",\"dateModified\":\"2018-02-22T13:11:23+02:00\",\"inLanguage\":\"en-GB\",\"mainEntityOfPage\":{\"@id\":\"https:\\\/\\\/www.teatrulreginamaria.ro\\\/en\\\/inca-o-zi-trista-pentru-colectivul-teatrului-regina-maria\\\/#webpage\"},\"isPartOf\":{\"@id\":\"https:\\\/\\\/www.teatrulreginamaria.ro\\\/en\\\/inca-o-zi-trista-pentru-colectivul-teatrului-regina-maria\\\/#webpage\"},\"articleSection\":\"Nout\\u0103\\u021bi - Trupa Iosif Vulcan\"},{\"@type\":\"BreadcrumbList\",\"@id\":\"https:\\\/\\\/www.teatrulreginamaria.ro\\\/en\\\/inca-o-zi-trista-pentru-colectivul-teatrului-regina-maria\\\/#breadcrumblist\",\"itemListElement\":[{\"@type\":\"ListItem\",\"@id\":\"https:\\\/\\\/www.teatrulreginamaria.ro\\\/en#listItem\",\"position\":1,\"name\":\"Home\",\"item\":\"https:\\\/\\\/www.teatrulreginamaria.ro\\\/en\",\"nextItem\":{\"@type\":\"ListItem\",\"@id\":\"https:\\\/\\\/www.teatrulreginamaria.ro\\\/en\\\/categorie\\\/noutati\\\/#listItem\",\"name\":\"Nout\\u0103\\u021bi\"}},{\"@type\":\"ListItem\",\"@id\":\"https:\\\/\\\/www.teatrulreginamaria.ro\\\/en\\\/categorie\\\/noutati\\\/#listItem\",\"position\":2,\"name\":\"Nout\\u0103\\u021bi\",\"item\":\"https:\\\/\\\/www.teatrulreginamaria.ro\\\/en\\\/categorie\\\/noutati\\\/\",\"nextItem\":{\"@type\":\"ListItem\",\"@id\":\"https:\\\/\\\/www.teatrulreginamaria.ro\\\/en\\\/categorie\\\/noutati\\\/noutati-trupa-iosif-vulcan\\\/#listItem\",\"name\":\"Nout\\u0103\\u021bi - Trupa Iosif Vulcan\"},\"previousItem\":{\"@type\":\"ListItem\",\"@id\":\"https:\\\/\\\/www.teatrulreginamaria.ro\\\/en#listItem\",\"name\":\"Home\"}},{\"@type\":\"ListItem\",\"@id\":\"https:\\\/\\\/www.teatrulreginamaria.ro\\\/en\\\/categorie\\\/noutati\\\/noutati-trupa-iosif-vulcan\\\/#listItem\",\"position\":3,\"name\":\"Nout\\u0103\\u021bi - Trupa Iosif Vulcan\",\"item\":\"https:\\\/\\\/www.teatrulreginamaria.ro\\\/en\\\/categorie\\\/noutati\\\/noutati-trupa-iosif-vulcan\\\/\",\"nextItem\":{\"@type\":\"ListItem\",\"@id\":\"https:\\\/\\\/www.teatrulreginamaria.ro\\\/en\\\/inca-o-zi-trista-pentru-colectivul-teatrului-regina-maria\\\/#listItem\",\"name\":\"\\u00cenc\\u0103 o zi trist\\u0103 pentru colectivul Teatrului Regina Maria\"},\"previousItem\":{\"@type\":\"ListItem\",\"@id\":\"https:\\\/\\\/www.teatrulreginamaria.ro\\\/en\\\/categorie\\\/noutati\\\/#listItem\",\"name\":\"Nout\\u0103\\u021bi\"}},{\"@type\":\"ListItem\",\"@id\":\"https:\\\/\\\/www.teatrulreginamaria.ro\\\/en\\\/inca-o-zi-trista-pentru-colectivul-teatrului-regina-maria\\\/#listItem\",\"position\":4,\"name\":\"\\u00cenc\\u0103 o zi trist\\u0103 pentru colectivul Teatrului Regina Maria\",\"previousItem\":{\"@type\":\"ListItem\",\"@id\":\"https:\\\/\\\/www.teatrulreginamaria.ro\\\/en\\\/categorie\\\/noutati\\\/noutati-trupa-iosif-vulcan\\\/#listItem\",\"name\":\"Nout\\u0103\\u021bi - Trupa Iosif Vulcan\"}}]},{\"@type\":\"Organization\",\"@id\":\"https:\\\/\\\/www.teatrulreginamaria.ro\\\/en\\\/#organization\",\"name\":\"Teatrul Regina Maria Oradea\",\"description\":\"Trupa Iosif Vulcan \\u0219i Trupa Arcadia\",\"url\":\"https:\\\/\\\/www.teatrulreginamaria.ro\\\/en\\\/\",\"email\":\"marketing@teatrulreginamaria.ro\",\"telephone\":\"+40359411534\",\"numberOfEmployees\":{\"@type\":\"QuantitativeValue\",\"minValue\":0,\"maxValue\":150},\"logo\":{\"@type\":\"ImageObject\",\"url\":\"https:\\\/\\\/www.teatrulreginamaria.ro\\\/wp-content\\\/uploads\\\/2025\\\/06\\\/logo-trm-01-dark.png\",\"@id\":\"https:\\\/\\\/www.teatrulreginamaria.ro\\\/en\\\/inca-o-zi-trista-pentru-colectivul-teatrului-regina-maria\\\/#organizationLogo\",\"width\":300,\"height\":148},\"image\":{\"@id\":\"https:\\\/\\\/www.teatrulreginamaria.ro\\\/en\\\/inca-o-zi-trista-pentru-colectivul-teatrului-regina-maria\\\/#organizationLogo\"},\"sameAs\":[\"https:\\\/\\\/www.facebook.com\\\/TRMTrupaIosifVulcan\\\/\",\"https:\\\/\\\/x.com\\\/TRMOradea\",\"https:\\\/\\\/www.instagram.com\\\/teatrul_regina_maria\\\/\",\"https:\\\/\\\/www.youtube.com\\\/c\\\/TeatrulReginaMariaOradea\",\"https:\\\/\\\/www.linkedin.com\\\/company\\\/teatrul-regina-maria\"]},{\"@type\":\"Person\",\"@id\":\"https:\\\/\\\/www.teatrulreginamaria.ro\\\/en\\\/author\\\/w3bmaster\\\/#author\",\"url\":\"https:\\\/\\\/www.teatrulreginamaria.ro\\\/en\\\/author\\\/w3bmaster\\\/\",\"name\":\"Teatrul Regina Maria\",\"image\":{\"@type\":\"ImageObject\",\"@id\":\"https:\\\/\\\/www.teatrulreginamaria.ro\\\/en\\\/inca-o-zi-trista-pentru-colectivul-teatrului-regina-maria\\\/#authorImage\",\"url\":\"https:\\\/\\\/secure.gravatar.com\\\/avatar\\\/5884139d508ae3f0bafe45e60563b48a9640146d3b08ccc6278c305ff9329305?s=96&d=mm&r=g\",\"width\":96,\"height\":96,\"caption\":\"Teatrul Regina Maria\"}},{\"@type\":\"WebPage\",\"@id\":\"https:\\\/\\\/www.teatrulreginamaria.ro\\\/en\\\/inca-o-zi-trista-pentru-colectivul-teatrului-regina-maria\\\/#webpage\",\"url\":\"https:\\\/\\\/www.teatrulreginamaria.ro\\\/en\\\/inca-o-zi-trista-pentru-colectivul-teatrului-regina-maria\\\/\",\"name\":\"\\u00cenc\\u0103 o zi trist\\u0103 pentru colectivul Teatrului Regina Maria - Teatrul Regina Maria Oradea\",\"description\":\"Anun\\u021b\\u0103m cu profund regret c\\u0103 a plecat dintre noi, pe nea\\u0219teptate, bunul nostru coleg Jo\\u00f3 Iuliu. \\u0218i-a \\u00eenceput activitatea \\u00een cadrul Teatrului din Oradea, ca merceolog, \\u00een anul 1994, iar prin responsabilitatea \\u0219i devotamentul manifestat fa\\u021b\\u0103 de atribu\\u021biile care \\u00eei reveneau, a c\\u00e2\\u0219tigat respect \\u0219i apreciere at\\u00e2t din partea colegilor, c\\u00e2t \\u0219i a conducerii. Rezultatele extraordinare\",\"inLanguage\":\"en-GB\",\"isPartOf\":{\"@id\":\"https:\\\/\\\/www.teatrulreginamaria.ro\\\/en\\\/#website\"},\"breadcrumb\":{\"@id\":\"https:\\\/\\\/www.teatrulreginamaria.ro\\\/en\\\/inca-o-zi-trista-pentru-colectivul-teatrului-regina-maria\\\/#breadcrumblist\"},\"author\":{\"@id\":\"https:\\\/\\\/www.teatrulreginamaria.ro\\\/en\\\/author\\\/w3bmaster\\\/#author\"},\"creator\":{\"@id\":\"https:\\\/\\\/www.teatrulreginamaria.ro\\\/en\\\/author\\\/w3bmaster\\\/#author\"},\"datePublished\":\"2018-02-22T13:11:23+02:00\",\"dateModified\":\"2018-02-22T13:11:23+02:00\"},{\"@type\":\"WebSite\",\"@id\":\"https:\\\/\\\/www.teatrulreginamaria.ro\\\/en\\\/#website\",\"url\":\"https:\\\/\\\/www.teatrulreginamaria.ro\\\/en\\\/\",\"name\":\"Teatrul Regina Maria Oradea\",\"alternateName\":\"TRM Oradea\",\"description\":\"Trupa Iosif Vulcan \\u0219i Trupa Arcadia\",\"inLanguage\":\"en-GB\",\"publisher\":{\"@id\":\"https:\\\/\\\/www.teatrulreginamaria.ro\\\/en\\\/#organization\"}}]}\n\t\t<\/script>\n\t\t<!-- All in One SEO Pro -->\r\n\t\t<title>\u00cenc\u0103 o zi trist\u0103 pentru colectivul Teatrului Regina Maria - Teatrul Regina Maria Oradea<\/title>\n\n","aioseo_head_json":{"title":"Another sad day for the Regina Maria Theater team - Regina Maria Theater Oradea","description":"We announce with deep regret that our good colleague Jo\u00f3 Iuliu has unexpectedly left us. He began his activity at the Oradea Theatre, as a merchandiser, in 1994, and through the responsibility and devotion shown to his duties, he gained respect and appreciation from both his colleagues and the management. Extraordinary results","canonical_url":"https:\/\/www.teatrulreginamaria.ro\/en\/inca-o-zi-trista-pentru-colectivul-teatrului-regina-maria\/","robots":"max-image-preview:large","keywords":"","webmasterTools":{"miscellaneous":""},"schema":{"@context":"https:\/\/schema.org","@graph":[{"@type":"BlogPosting","@id":"https:\/\/www.teatrulreginamaria.ro\/en\/inca-o-zi-trista-pentru-colectivul-teatrului-regina-maria\/#blogposting","name":"\u00cenc\u0103 o zi trist\u0103 pentru colectivul Teatrului Regina Maria - Teatrul Regina Maria Oradea","headline":"\u00cenc\u0103 o zi trist\u0103 pentru colectivul Teatrului Regina Maria","author":{"@id":"https:\/\/www.teatrulreginamaria.ro\/en\/author\/w3bmaster\/#author"},"publisher":{"@id":"https:\/\/www.teatrulreginamaria.ro\/en\/#organization"},"image":{"@type":"ImageObject","url":"https:\/\/www.teatrulreginamaria.ro\/wp-content\/uploads\/2025\/06\/logo-trm-01-dark.png","@id":"https:\/\/www.teatrulreginamaria.ro\/en\/#articleImage","width":300,"height":148},"datePublished":"2018-02-22T13:11:23+02:00","dateModified":"2018-02-22T13:11:23+02:00","inLanguage":"en-GB","mainEntityOfPage":{"@id":"https:\/\/www.teatrulreginamaria.ro\/en\/inca-o-zi-trista-pentru-colectivul-teatrului-regina-maria\/#webpage"},"isPartOf":{"@id":"https:\/\/www.teatrulreginamaria.ro\/en\/inca-o-zi-trista-pentru-colectivul-teatrului-regina-maria\/#webpage"},"articleSection":"Nout\u0103\u021bi - Trupa Iosif Vulcan"},{"@type":"BreadcrumbList","@id":"https:\/\/www.teatrulreginamaria.ro\/en\/inca-o-zi-trista-pentru-colectivul-teatrului-regina-maria\/#breadcrumblist","itemListElement":[{"@type":"ListItem","@id":"https:\/\/www.teatrulreginamaria.ro\/en#listItem","position":1,"name":"Home","item":"https:\/\/www.teatrulreginamaria.ro\/en","nextItem":{"@type":"ListItem","@id":"https:\/\/www.teatrulreginamaria.ro\/en\/categorie\/noutati\/#listItem","name":"Nout\u0103\u021bi"}},{"@type":"ListItem","@id":"https:\/\/www.teatrulreginamaria.ro\/en\/categorie\/noutati\/#listItem","position":2,"name":"Nout\u0103\u021bi","item":"https:\/\/www.teatrulreginamaria.ro\/en\/categorie\/noutati\/","nextItem":{"@type":"ListItem","@id":"https:\/\/www.teatrulreginamaria.ro\/en\/categorie\/noutati\/noutati-trupa-iosif-vulcan\/#listItem","name":"Nout\u0103\u021bi - Trupa Iosif Vulcan"},"previousItem":{"@type":"ListItem","@id":"https:\/\/www.teatrulreginamaria.ro\/en#listItem","name":"Home"}},{"@type":"ListItem","@id":"https:\/\/www.teatrulreginamaria.ro\/en\/categorie\/noutati\/noutati-trupa-iosif-vulcan\/#listItem","position":3,"name":"Nout\u0103\u021bi - Trupa Iosif Vulcan","item":"https:\/\/www.teatrulreginamaria.ro\/en\/categorie\/noutati\/noutati-trupa-iosif-vulcan\/","nextItem":{"@type":"ListItem","@id":"https:\/\/www.teatrulreginamaria.ro\/en\/inca-o-zi-trista-pentru-colectivul-teatrului-regina-maria\/#listItem","name":"\u00cenc\u0103 o zi trist\u0103 pentru colectivul Teatrului Regina Maria"},"previousItem":{"@type":"ListItem","@id":"https:\/\/www.teatrulreginamaria.ro\/en\/categorie\/noutati\/#listItem","name":"Nout\u0103\u021bi"}},{"@type":"ListItem","@id":"https:\/\/www.teatrulreginamaria.ro\/en\/inca-o-zi-trista-pentru-colectivul-teatrului-regina-maria\/#listItem","position":4,"name":"\u00cenc\u0103 o zi trist\u0103 pentru colectivul Teatrului Regina Maria","previousItem":{"@type":"ListItem","@id":"https:\/\/www.teatrulreginamaria.ro\/en\/categorie\/noutati\/noutati-trupa-iosif-vulcan\/#listItem","name":"Nout\u0103\u021bi - Trupa Iosif Vulcan"}}]},{"@type":"Organization","@id":"https:\/\/www.teatrulreginamaria.ro\/en\/#organization","name":"Teatrul Regina Maria Oradea","description":"Trupa Iosif Vulcan \u0219i Trupa Arcadia","url":"https:\/\/www.teatrulreginamaria.ro\/en\/","email":"marketing@teatrulreginamaria.ro","telephone":"+40359411534","numberOfEmployees":{"@type":"QuantitativeValue","minValue":0,"maxValue":150},"logo":{"@type":"ImageObject","url":"https:\/\/www.teatrulreginamaria.ro\/wp-content\/uploads\/2025\/06\/logo-trm-01-dark.png","@id":"https:\/\/www.teatrulreginamaria.ro\/en\/inca-o-zi-trista-pentru-colectivul-teatrului-regina-maria\/#organizationLogo","width":300,"height":148},"image":{"@id":"https:\/\/www.teatrulreginamaria.ro\/en\/inca-o-zi-trista-pentru-colectivul-teatrului-regina-maria\/#organizationLogo"},"sameAs":["https:\/\/www.facebook.com\/TRMTrupaIosifVulcan\/","https:\/\/x.com\/TRMOradea","https:\/\/www.instagram.com\/teatrul_regina_maria\/","https:\/\/www.youtube.com\/c\/TeatrulReginaMariaOradea","https:\/\/www.linkedin.com\/company\/teatrul-regina-maria"]},{"@type":"Person","@id":"https:\/\/www.teatrulreginamaria.ro\/en\/author\/w3bmaster\/#author","url":"https:\/\/www.teatrulreginamaria.ro\/en\/author\/w3bmaster\/","name":"Teatrul Regina Maria","image":{"@type":"ImageObject","@id":"https:\/\/www.teatrulreginamaria.ro\/en\/inca-o-zi-trista-pentru-colectivul-teatrului-regina-maria\/#authorImage","url":"https:\/\/secure.gravatar.com\/avatar\/5884139d508ae3f0bafe45e60563b48a9640146d3b08ccc6278c305ff9329305?s=96&d=mm&r=g","width":96,"height":96,"caption":"Teatrul Regina Maria"}},{"@type":"WebPage","@id":"https:\/\/www.teatrulreginamaria.ro\/en\/inca-o-zi-trista-pentru-colectivul-teatrului-regina-maria\/#webpage","url":"https:\/\/www.teatrulreginamaria.ro\/en\/inca-o-zi-trista-pentru-colectivul-teatrului-regina-maria\/","name":"\u00cenc\u0103 o zi trist\u0103 pentru colectivul Teatrului Regina Maria - Teatrul Regina Maria Oradea","description":"Anun\u021b\u0103m cu profund regret c\u0103 a plecat dintre noi, pe nea\u0219teptate, bunul nostru coleg Jo\u00f3 Iuliu. \u0218i-a \u00eenceput activitatea \u00een cadrul Teatrului din Oradea, ca merceolog, \u00een anul 1994, iar prin responsabilitatea \u0219i devotamentul manifestat fa\u021b\u0103 de atribu\u021biile care \u00eei reveneau, a c\u00e2\u0219tigat respect \u0219i apreciere at\u00e2t din partea colegilor, c\u00e2t \u0219i a conducerii. Rezultatele extraordinare","inLanguage":"en-GB","isPartOf":{"@id":"https:\/\/www.teatrulreginamaria.ro\/en\/#website"},"breadcrumb":{"@id":"https:\/\/www.teatrulreginamaria.ro\/en\/inca-o-zi-trista-pentru-colectivul-teatrului-regina-maria\/#breadcrumblist"},"author":{"@id":"https:\/\/www.teatrulreginamaria.ro\/en\/author\/w3bmaster\/#author"},"creator":{"@id":"https:\/\/www.teatrulreginamaria.ro\/en\/author\/w3bmaster\/#author"},"datePublished":"2018-02-22T13:11:23+02:00","dateModified":"2018-02-22T13:11:23+02:00"},{"@type":"WebSite","@id":"https:\/\/www.teatrulreginamaria.ro\/en\/#website","url":"https:\/\/www.teatrulreginamaria.ro\/en\/","name":"Teatrul Regina Maria Oradea","alternateName":"TRM Oradea","description":"Trupa Iosif Vulcan \u0219i Trupa Arcadia","inLanguage":"en-GB","publisher":{"@id":"https:\/\/www.teatrulreginamaria.ro\/en\/#organization"}}]},"og:locale":"en_GB","og:site_name":"Teatrul Regina Maria Oradea - Trupa Iosif Vulcan \u0219i Trupa Arcadia","og:type":"article","og:title":"\u00cenc\u0103 o zi trist\u0103 pentru colectivul Teatrului Regina Maria - Teatrul Regina Maria Oradea","og:description":"Anun\u021b\u0103m cu profund regret c\u0103 a plecat dintre noi, pe nea\u0219teptate, bunul nostru coleg Jo\u00f3 Iuliu. \u0218i-a \u00eenceput activitatea \u00een cadrul Teatrului din Oradea, ca merceolog, \u00een anul 1994, iar prin responsabilitatea \u0219i devotamentul manifestat fa\u021b\u0103 de atribu\u021biile care \u00eei reveneau, a c\u00e2\u0219tigat respect \u0219i apreciere at\u00e2t din partea colegilor, c\u00e2t \u0219i a conducerii. Rezultatele extraordinare","og:url":"https:\/\/www.teatrulreginamaria.ro\/en\/inca-o-zi-trista-pentru-colectivul-teatrului-regina-maria\/","og:image":"https:\/\/www.teatrulreginamaria.ro\/wp-content\/uploads\/2025\/03\/trm-istoric-01.jpg","og:image:secure_url":"https:\/\/www.teatrulreginamaria.ro\/wp-content\/uploads\/2025\/03\/trm-istoric-01.jpg","og:image:width":1200,"og:image:height":800,"article:published_time":"2018-02-22T13:11:23+00:00","article:modified_time":"2018-02-22T13:11:23+00:00","article:publisher":"https:\/\/www.facebook.com\/TRMTrupaIosifVulcan\/","twitter:card":"summary_large_image","twitter:site":"@TRMOradea","twitter:title":"\u00cenc\u0103 o zi trist\u0103 pentru colectivul Teatrului Regina Maria - Teatrul Regina Maria Oradea","twitter:description":"Anun\u021b\u0103m cu profund regret c\u0103 a plecat dintre noi, pe nea\u0219teptate, bunul nostru coleg Jo\u00f3 Iuliu. \u0218i-a \u00eenceput activitatea \u00een cadrul Teatrului din Oradea, ca merceolog, \u00een anul 1994, iar prin responsabilitatea \u0219i devotamentul manifestat fa\u021b\u0103 de atribu\u021biile care \u00eei reveneau, a c\u00e2\u0219tigat respect \u0219i apreciere at\u00e2t din partea colegilor, c\u00e2t \u0219i a conducerii. Rezultatele extraordinare","twitter:creator":"@TRMOradea","twitter:image":"https:\/\/www.teatrulreginamaria.ro\/wp-content\/uploads\/2025\/03\/trm-istoric-01.jpg"},"aioseo_meta_data":{"post_id":"1278","title":null,"description":null,"keywords":null,"keyphrases":null,"primary_term":null,"canonical_url":null,"og_title":null,"og_description":null,"og_object_type":"default","og_image_type":"default","og_image_url":null,"og_image_width":null,"og_image_height":null,"og_image_custom_url":null,"og_image_custom_fields":null,"og_video":null,"og_custom_url":null,"og_article_section":null,"og_article_tags":null,"twitter_use_og":false,"twitter_card":"default","twitter_image_type":"default","twitter_image_url":null,"twitter_image_custom_url":null,"twitter_image_custom_fields":null,"twitter_title":null,"twitter_description":null,"schema":{"blockGraphs":[],"customGraphs":[],"default":{"data":{"Article":[],"Course":[],"Dataset":[],"FAQPage":[],"Movie":[],"Person":[],"Product":[],"ProductReview":[],"Car":[],"Recipe":[],"Service":[],"SoftwareApplication":[],"WebPage":[]},"graphName":"","isEnabled":true},"graphs":[]},"schema_type":"default","schema_type_options":null,"pillar_content":false,"robots_default":true,"robots_noindex":false,"robots_noarchive":false,"robots_nosnippet":false,"robots_nofollow":false,"robots_noimageindex":false,"robots_noodp":false,"robots_notranslate":false,"robots_max_snippet":null,"robots_max_videopreview":null,"robots_max_imagepreview":"large","priority":null,"frequency":null,"local_seo":null,"seo_analyzer_scan_date":"2026-05-13 01:52:42","breadcrumb_settings":null,"limit_modified_date":false,"reviewed_by":null,"open_ai":null,"ai":null,"created":"2025-04-09 17:42:41","updated":"2026-05-13 01:52:42","focus_keyword":null,"additional_keywords":null,"truseo_locale":null},"aioseo_breadcrumb":"<div class=\"aioseo-breadcrumbs\"><span class=\"aioseo-breadcrumb\">\n\t<a href=\"https:\/\/www.teatrulreginamaria.ro\/en\" title=\"Home\">Home<\/a>\n<\/span><span class=\"aioseo-breadcrumb-separator\">&raquo;<\/span><span class=\"aioseo-breadcrumb\">\n\t<a href=\"https:\/\/www.teatrulreginamaria.ro\/en\/categorie\/noutati\/\" title=\"Nout\u0103\u021bi\">Nout\u0103\u021bi<\/a>\n<\/span><span class=\"aioseo-breadcrumb-separator\">&raquo;<\/span><span class=\"aioseo-breadcrumb\">\n\t<a href=\"https:\/\/www.teatrulreginamaria.ro\/en\/categorie\/noutati\/noutati-trupa-iosif-vulcan\/\" title=\"Nout\u0103\u021bi - Trupa Iosif Vulcan\">Nout\u0103\u021bi - Trupa Iosif Vulcan<\/a>\n<\/span><span class=\"aioseo-breadcrumb-separator\">&raquo;<\/span><span class=\"aioseo-breadcrumb\">\n\t\u00cenc\u0103 o zi trist\u0103 pentru colectivul Teatrului Regina Maria\n<\/span><\/div>","aioseo_breadcrumb_json":[{"label":"Home","link":"https:\/\/www.teatrulreginamaria.ro\/en"},{"label":"Nout\u0103\u021bi","link":"https:\/\/www.teatrulreginamaria.ro\/en\/categorie\/noutati\/"},{"label":"Nout\u0103\u021bi - Trupa Iosif Vulcan","link":"https:\/\/www.teatrulreginamaria.ro\/en\/categorie\/noutati\/noutati-trupa-iosif-vulcan\/"},{"label":"\u00cenc\u0103 o zi trist\u0103 pentru colectivul Teatrului Regina Maria","link":"https:\/\/www.teatrulreginamaria.ro\/en\/inca-o-zi-trista-pentru-colectivul-teatrului-regina-maria\/"}],"acf":[],"_links":{"self":[{"href":"https:\/\/www.teatrulreginamaria.ro\/en\/wp-json\/wp\/v2\/posts\/1278","targetHints":{"allow":["GET"]}}],"collection":[{"href":"https:\/\/www.teatrulreginamaria.ro\/en\/wp-json\/wp\/v2\/posts"}],"about":[{"href":"https:\/\/www.teatrulreginamaria.ro\/en\/wp-json\/wp\/v2\/types\/post"}],"author":[{"embeddable":true,"href":"https:\/\/www.teatrulreginamaria.ro\/en\/wp-json\/wp\/v2\/users\/6"}],"replies":[{"embeddable":true,"href":"https:\/\/www.teatrulreginamaria.ro\/en\/wp-json\/wp\/v2\/comments?post=1278"}],"version-history":[{"count":0,"href":"https:\/\/www.teatrulreginamaria.ro\/en\/wp-json\/wp\/v2\/posts\/1278\/revisions"}],"wp:attachment":[{"href":"https:\/\/www.teatrulreginamaria.ro\/en\/wp-json\/wp\/v2\/media?parent=1278"}],"wp:term":[{"taxonomy":"category","embeddable":true,"href":"https:\/\/www.teatrulreginamaria.ro\/en\/wp-json\/wp\/v2\/categories?post=1278"},{"taxonomy":"post_tag","embeddable":true,"href":"https:\/\/www.teatrulreginamaria.ro\/en\/wp-json\/wp\/v2\/tags?post=1278"}],"curies":[{"name":"wp","href":"https:\/\/api.w.org\/{rel}","templated":true}]}}