{"id":1285,"date":"2018-03-05T07:06:10","date_gmt":"2018-03-05T07:06:10","guid":{"rendered":"https:\/\/teatrulreginamaria.ro\/2018\/03\/05\/a-doua-premiera-nationala-din-acest-an-a-trupei-iosif-vulcan-f-a-d-noduri-si-placi\/"},"modified":"2018-03-05T07:06:10","modified_gmt":"2018-03-05T07:06:10","slug":"the-second-national-premiere-this-year-of-the-band-iosif-vulcan-fad-noduri-si-placi","status":"publish","type":"post","link":"https:\/\/www.teatrulreginamaria.ro\/en\/a-doua-premiera-nationala-din-acest-an-a-trupei-iosif-vulcan-f-a-d-noduri-si-placi\/","title":{"rendered":"The second national premiere of this year of the Iosif Vulcan Troupe: FAD (Noduri \u0219i placa)"},"content":{"rendered":"<p style=\"text-align: justify;\">The Regina Maria Theatre is pleased to announce the national premiere of the show &quot;\u201e<strong>FAD (Nodes and Plates)<\/strong>\u201d&quot;, by Nicola Wilson, directed by Horia Suru.<\/p>\n<p><!--more--><\/p>\n<p style=\"text-align: justify;\">The premiere will take place on Sunday, March 11, at 7:00 PM, at the Great Hall, and spectators who are unable to make it to this first performance have the opportunity to see the show on March 13, at 7:00 PM, at the Great Hall.<\/p>\n<p style=\"text-align: justify;\">The author of the play &quot;Knots and Plates&quot; is a British writer specializing in creating short texts for radio and scripts for television series, and the play &quot;Knots and Plates&quot; is the text with which she debuted in theater.<\/p>\n<p style=\"text-align: justify;\">In Romania, it is the first time that a text written by Nicola Wilson is staged, and the play &quot;Noduri \u0219i pl\u0103ci&quot; was translated from English by Ionu\u021b Grama especially for the Regina Maria Theatre project. The original title was replaced by the acronym &quot;FAD&quot;, which stands for <em>Familial Alzheimer&#039;s Disease<\/em> and refers to a subcategory of Alzheimer&#039;s disease characterized by early onset and by the fact that the gene is inherited. The name &quot;Knots and Plaques&quot;, retained as a subtitle, has the same edifying importance for the text, since knots and plaques are considered the main triggering factors of Alzheimer&#039;s disease.<\/p>\n<p style=\"text-align: justify;\">The show deals with the theme of familial Alzheimer&#039;s disease in a captivating manner, capturing moments from Vera&#039;s life, who is at different stages of her mental state and at different ages.<\/p>\n<p style=\"text-align: justify;\">The vivacity of the family atmosphere fades when she decides to reveal to her husband and children that she already has the first symptoms of this disease, but only for a moment. The trait that characterizes them all, thus surpassing the FAD gene, is the ability to consciously avoid taking anything too seriously, even at the most inopportune moments. Irony gives rise to a lightness that we only find in extremely intelligent people, as is the case with the members of this family. Thus, among Scrabble games, memory loss and parodies, their lives continue to be full of activity.<\/p>\n<p style=\"text-align: justify;\">The characters&#039; antinomic experiences are expressed through music and choreography, and the variety of unexpected situations acquires a positive and motivational tone.<\/p>\n<p style=\"text-align: justify;\">The show&#039;s creative team is made up of talented young people, whose merits are already recognized and whose creations have been noted both by the public and among specialized critics.<\/p>\n<p style=\"text-align: justify;\">The stage direction belongs to the young director Horia Suru, whose first meeting with the Oradea audience took place in 2012, when he participated in the Short Theatre Festival with the show &quot;We ARe CaMeRa&quot;, by Fritz Kate, and the set is made by the set designer Cristian Marin, who already has an impressive CV, creating the set and costumes for both theater performances and films and music videos.<\/p>\n<p style=\"text-align: justify;\">The choreography is coordinated by Arcadie Rusu, an artist whose vision and talent have already materialized in numerous shows, and the original music is the creation of Petre Ancu\u021ba.<\/p>\n<p style=\"text-align: justify;\">The team is completed by Cristian Niculescu, who does the light design.<\/p>\n<p style=\"text-align: justify;\">The cast includes the following actors: Ioana Drago\u0219 Gajdo (Vera), Georgia C\u0103pr\u0103rin (young Vera), Richard Balint (Nic), Eugen Neag (young Nic), Corina Cernea (Barbara) and Gabriela Codrea (Eva). In addition to the actors of the Iosif Vulcan Troupe, the cast will include students of the Faculty of Theatre and Television in Cluj Napoca: Cali\u021ba Nantu (Lila) and Yannick Becker (Dani), who are collaborating for the first time with the troupe in Oradea, and the young actress Carina Bunea (Gwen), whom the Oradea audience can also see in the shows &quot;In the Heart of the Night - Episode Lear&quot; and &quot;Mr. Jurdan&quot;.<\/p>\n<p style=\"text-align: justify;\">The orchestra is made up of Oradea artists Henrietta Varady (piano), Flaviu Seretoc (double bass), Alexandru Seretoc (drums) and Georgiana Mircescu (flute).<\/p>\n<p style=\"text-align: justify;\">? The show is not recommended for people under 16!<\/p>\n<p style=\"text-align: justify;\">Tickets are on sale at the Theatre Ticket Agency from Tuesday to Friday between 12:00 and 18:00, and on weekends between 10:00 and 13:00. You can also purchase tickets one hour before the show or online at <u>www.biletmaster.ro<\/u>. For additional information and ticket reservations, please call: 0372\/368.475.<\/p>\n<p style=\"text-align: justify;\">We are waiting for you at the theater!<br \/>___________________________________<\/p>\n<p style=\"text-align: justify;\">Ramona Gabriela Nemes <br \/>Queen Marie Theatre <br \/><a href=\"mailto:presa@teatrulreginamaria.ro\">presa@teatrulreginamaria.ro <\/a><br \/>teatrulreginamaria.ro <br \/>0738 772 909<\/p>","protected":false},"excerpt":{"rendered":"<p>The Regina Maria Theater is pleased to announce the national premiere of the show &quot;FAD (Noduri \u0219i p\u0103ci)&quot;, by Nicola Wilson, directed by Horia Suru.<\/p>","protected":false},"author":6,"featured_media":0,"comment_status":"open","ping_status":"open","sticky":false,"template":"","format":"standard","meta":{"_acf_changed":false,"footnotes":""},"categories":[22],"tags":[331,330],"class_list":["post-1285","post","type-post","status-publish","format-standard","hentry","category-noutati-trupa-iosif-vulcan","tag-331","tag-ziua-mondiala-a-teatrului"],"aioseo_notices":[],"aioseo_head":"\n\t\t<!-- All in One SEO Pro 5.0.1.1 - aioseo.com -->\n\t<meta name=\"description\" content=\"Teatrul Regina Maria are deosebita pl\u0103cere de a anun\u021ba premiera na\u021bional\u0103 a spectacolului \u201eF.A.D. (Noduri \u0219i pl\u0103ci)\u201d, de Nicola Wilson, regia Horia Suru. Premiera va avea loc duminic\u0103, 11 martie, de la ora 19:00, la Sala Mare, iar spectatorii care nu reu\u0219esc s\u0103 ajung\u0103 la aceast\u0103 prim\u0103 reprezenta\u021bie, au posibilitatea s\u0103 vad\u0103 spectacolul \u00een 13\" \/>\n\t<meta name=\"robots\" content=\"max-image-preview:large\" \/>\n\t<meta name=\"author\" content=\"Teatrul Regina Maria\"\/>\n\t<link rel=\"canonical\" href=\"https:\/\/www.teatrulreginamaria.ro\/en\/a-doua-premiera-nationala-din-acest-an-a-trupei-iosif-vulcan-f-a-d-noduri-si-placi\/\" \/>\n\t<meta name=\"generator\" content=\"All in One SEO Pro (AIOSEO) 5.0.1.1\" \/>\n\t\t<meta property=\"og:locale\" content=\"en_GB\" \/>\n\t\t<meta property=\"og:site_name\" content=\"Teatrul Regina Maria Oradea - Trupa Iosif Vulcan \u0219i Trupa Arcadia\" \/>\n\t\t<meta property=\"og:type\" content=\"article\" \/>\n\t\t<meta property=\"og:title\" content=\"A doua premier\u0103 na\u021bional\u0103 din acest an a Trupei Iosif Vulcan: F.A.D. (Noduri \u0219i pl\u0103ci) - Teatrul Regina Maria Oradea\" \/>\n\t\t<meta property=\"og:description\" content=\"Teatrul Regina Maria are deosebita pl\u0103cere de a anun\u021ba premiera na\u021bional\u0103 a spectacolului \u201eF.A.D. (Noduri \u0219i pl\u0103ci)\u201d, de Nicola Wilson, regia Horia Suru. Premiera va avea loc duminic\u0103, 11 martie, de la ora 19:00, la Sala Mare, iar spectatorii care nu reu\u0219esc s\u0103 ajung\u0103 la aceast\u0103 prim\u0103 reprezenta\u021bie, au posibilitatea s\u0103 vad\u0103 spectacolul \u00een 13\" \/>\n\t\t<meta property=\"og:url\" content=\"https:\/\/www.teatrulreginamaria.ro\/en\/a-doua-premiera-nationala-din-acest-an-a-trupei-iosif-vulcan-f-a-d-noduri-si-placi\/\" \/>\n\t\t<meta property=\"og:image\" content=\"https:\/\/www.teatrulreginamaria.ro\/wp-content\/uploads\/2025\/03\/trm-istoric-01.jpg\" \/>\n\t\t<meta property=\"og:image:secure_url\" content=\"https:\/\/www.teatrulreginamaria.ro\/wp-content\/uploads\/2025\/03\/trm-istoric-01.jpg\" \/>\n\t\t<meta property=\"og:image:width\" content=\"1200\" \/>\n\t\t<meta property=\"og:image:height\" content=\"800\" \/>\n\t\t<meta property=\"article:published_time\" content=\"2018-03-05T07:06:10+00:00\" \/>\n\t\t<meta property=\"article:modified_time\" content=\"2018-03-05T07:06:10+00:00\" \/>\n\t\t<meta property=\"article:publisher\" content=\"https:\/\/www.facebook.com\/TRMTrupaIosifVulcan\/\" \/>\n\t\t<meta name=\"twitter:card\" content=\"summary_large_image\" \/>\n\t\t<meta name=\"twitter:site\" content=\"@TRMOradea\" \/>\n\t\t<meta name=\"twitter:title\" content=\"A doua premier\u0103 na\u021bional\u0103 din acest an a Trupei Iosif Vulcan: F.A.D. (Noduri \u0219i pl\u0103ci) - Teatrul Regina Maria Oradea\" \/>\n\t\t<meta name=\"twitter:description\" content=\"Teatrul Regina Maria are deosebita pl\u0103cere de a anun\u021ba premiera na\u021bional\u0103 a spectacolului \u201eF.A.D. (Noduri \u0219i pl\u0103ci)\u201d, de Nicola Wilson, regia Horia Suru. Premiera va avea loc duminic\u0103, 11 martie, de la ora 19:00, la Sala Mare, iar spectatorii care nu reu\u0219esc s\u0103 ajung\u0103 la aceast\u0103 prim\u0103 reprezenta\u021bie, au posibilitatea s\u0103 vad\u0103 spectacolul \u00een 13\" \/>\n\t\t<meta name=\"twitter:creator\" content=\"@TRMOradea\" \/>\n\t\t<meta name=\"twitter:image\" content=\"https:\/\/www.teatrulreginamaria.ro\/wp-content\/uploads\/2025\/03\/trm-istoric-01.jpg\" \/>\n\t\t<script type=\"application\/ld+json\" class=\"aioseo-schema\">\n\t\t\t{\"@context\":\"https:\\\/\\\/schema.org\",\"@graph\":[{\"@type\":\"BlogPosting\",\"@id\":\"https:\\\/\\\/www.teatrulreginamaria.ro\\\/en\\\/a-doua-premiera-nationala-din-acest-an-a-trupei-iosif-vulcan-f-a-d-noduri-si-placi\\\/#blogposting\",\"name\":\"A doua premier\\u0103 na\\u021bional\\u0103 din acest an a Trupei Iosif Vulcan: F.A.D. (Noduri \\u0219i pl\\u0103ci) - Teatrul Regina Maria Oradea\",\"headline\":\"A doua premier\\u0103 na\\u021bional\\u0103 din acest an a Trupei Iosif Vulcan: F.A.D. (Noduri \\u0219i pl\\u0103ci)\",\"author\":{\"@id\":\"https:\\\/\\\/www.teatrulreginamaria.ro\\\/en\\\/author\\\/w3bmaster\\\/#author\"},\"publisher\":{\"@id\":\"https:\\\/\\\/www.teatrulreginamaria.ro\\\/en\\\/#organization\"},\"image\":{\"@type\":\"ImageObject\",\"url\":\"https:\\\/\\\/www.teatrulreginamaria.ro\\\/wp-content\\\/uploads\\\/2025\\\/06\\\/logo-trm-01-dark.png\",\"@id\":\"https:\\\/\\\/www.teatrulreginamaria.ro\\\/en\\\/#articleImage\",\"width\":300,\"height\":148},\"datePublished\":\"2018-03-05T07:06:10+02:00\",\"dateModified\":\"2018-03-05T07:06:10+02:00\",\"inLanguage\":\"en-GB\",\"mainEntityOfPage\":{\"@id\":\"https:\\\/\\\/www.teatrulreginamaria.ro\\\/en\\\/a-doua-premiera-nationala-din-acest-an-a-trupei-iosif-vulcan-f-a-d-noduri-si-placi\\\/#webpage\"},\"isPartOf\":{\"@id\":\"https:\\\/\\\/www.teatrulreginamaria.ro\\\/en\\\/a-doua-premiera-nationala-din-acest-an-a-trupei-iosif-vulcan-f-a-d-noduri-si-placi\\\/#webpage\"},\"articleSection\":\"Nout\\u0103\\u021bi - Trupa Iosif Vulcan, 2018, Ziua Mondial\\u0103 a Teatrului\"},{\"@type\":\"BreadcrumbList\",\"@id\":\"https:\\\/\\\/www.teatrulreginamaria.ro\\\/en\\\/a-doua-premiera-nationala-din-acest-an-a-trupei-iosif-vulcan-f-a-d-noduri-si-placi\\\/#breadcrumblist\",\"itemListElement\":[{\"@type\":\"ListItem\",\"@id\":\"https:\\\/\\\/www.teatrulreginamaria.ro\\\/en#listItem\",\"position\":1,\"name\":\"Home\",\"item\":\"https:\\\/\\\/www.teatrulreginamaria.ro\\\/en\",\"nextItem\":{\"@type\":\"ListItem\",\"@id\":\"https:\\\/\\\/www.teatrulreginamaria.ro\\\/en\\\/categorie\\\/noutati\\\/#listItem\",\"name\":\"Nout\\u0103\\u021bi\"}},{\"@type\":\"ListItem\",\"@id\":\"https:\\\/\\\/www.teatrulreginamaria.ro\\\/en\\\/categorie\\\/noutati\\\/#listItem\",\"position\":2,\"name\":\"Nout\\u0103\\u021bi\",\"item\":\"https:\\\/\\\/www.teatrulreginamaria.ro\\\/en\\\/categorie\\\/noutati\\\/\",\"nextItem\":{\"@type\":\"ListItem\",\"@id\":\"https:\\\/\\\/www.teatrulreginamaria.ro\\\/en\\\/categorie\\\/noutati\\\/noutati-trupa-iosif-vulcan\\\/#listItem\",\"name\":\"Nout\\u0103\\u021bi - Trupa Iosif Vulcan\"},\"previousItem\":{\"@type\":\"ListItem\",\"@id\":\"https:\\\/\\\/www.teatrulreginamaria.ro\\\/en#listItem\",\"name\":\"Home\"}},{\"@type\":\"ListItem\",\"@id\":\"https:\\\/\\\/www.teatrulreginamaria.ro\\\/en\\\/categorie\\\/noutati\\\/noutati-trupa-iosif-vulcan\\\/#listItem\",\"position\":3,\"name\":\"Nout\\u0103\\u021bi - Trupa Iosif Vulcan\",\"item\":\"https:\\\/\\\/www.teatrulreginamaria.ro\\\/en\\\/categorie\\\/noutati\\\/noutati-trupa-iosif-vulcan\\\/\",\"nextItem\":{\"@type\":\"ListItem\",\"@id\":\"https:\\\/\\\/www.teatrulreginamaria.ro\\\/en\\\/a-doua-premiera-nationala-din-acest-an-a-trupei-iosif-vulcan-f-a-d-noduri-si-placi\\\/#listItem\",\"name\":\"A doua premier\\u0103 na\\u021bional\\u0103 din acest an a Trupei Iosif Vulcan: F.A.D. (Noduri \\u0219i pl\\u0103ci)\"},\"previousItem\":{\"@type\":\"ListItem\",\"@id\":\"https:\\\/\\\/www.teatrulreginamaria.ro\\\/en\\\/categorie\\\/noutati\\\/#listItem\",\"name\":\"Nout\\u0103\\u021bi\"}},{\"@type\":\"ListItem\",\"@id\":\"https:\\\/\\\/www.teatrulreginamaria.ro\\\/en\\\/a-doua-premiera-nationala-din-acest-an-a-trupei-iosif-vulcan-f-a-d-noduri-si-placi\\\/#listItem\",\"position\":4,\"name\":\"A doua premier\\u0103 na\\u021bional\\u0103 din acest an a Trupei Iosif Vulcan: F.A.D. (Noduri \\u0219i pl\\u0103ci)\",\"previousItem\":{\"@type\":\"ListItem\",\"@id\":\"https:\\\/\\\/www.teatrulreginamaria.ro\\\/en\\\/categorie\\\/noutati\\\/noutati-trupa-iosif-vulcan\\\/#listItem\",\"name\":\"Nout\\u0103\\u021bi - Trupa Iosif Vulcan\"}}]},{\"@type\":\"Organization\",\"@id\":\"https:\\\/\\\/www.teatrulreginamaria.ro\\\/en\\\/#organization\",\"name\":\"Teatrul Regina Maria Oradea\",\"description\":\"Trupa Iosif Vulcan \\u0219i Trupa Arcadia\",\"url\":\"https:\\\/\\\/www.teatrulreginamaria.ro\\\/en\\\/\",\"email\":\"marketing@teatrulreginamaria.ro\",\"telephone\":\"+40359411534\",\"numberOfEmployees\":{\"@type\":\"QuantitativeValue\",\"minValue\":0,\"maxValue\":150},\"logo\":{\"@type\":\"ImageObject\",\"url\":\"https:\\\/\\\/www.teatrulreginamaria.ro\\\/wp-content\\\/uploads\\\/2025\\\/06\\\/logo-trm-01-dark.png\",\"@id\":\"https:\\\/\\\/www.teatrulreginamaria.ro\\\/en\\\/a-doua-premiera-nationala-din-acest-an-a-trupei-iosif-vulcan-f-a-d-noduri-si-placi\\\/#organizationLogo\",\"width\":300,\"height\":148},\"image\":{\"@id\":\"https:\\\/\\\/www.teatrulreginamaria.ro\\\/en\\\/a-doua-premiera-nationala-din-acest-an-a-trupei-iosif-vulcan-f-a-d-noduri-si-placi\\\/#organizationLogo\"},\"sameAs\":[\"https:\\\/\\\/www.facebook.com\\\/TRMTrupaIosifVulcan\\\/\",\"https:\\\/\\\/x.com\\\/TRMOradea\",\"https:\\\/\\\/www.instagram.com\\\/teatrul_regina_maria\\\/\",\"https:\\\/\\\/www.youtube.com\\\/c\\\/TeatrulReginaMariaOradea\",\"https:\\\/\\\/www.linkedin.com\\\/company\\\/teatrul-regina-maria\"]},{\"@type\":\"Person\",\"@id\":\"https:\\\/\\\/www.teatrulreginamaria.ro\\\/en\\\/author\\\/w3bmaster\\\/#author\",\"url\":\"https:\\\/\\\/www.teatrulreginamaria.ro\\\/en\\\/author\\\/w3bmaster\\\/\",\"name\":\"Teatrul Regina Maria\",\"image\":{\"@type\":\"ImageObject\",\"@id\":\"https:\\\/\\\/www.teatrulreginamaria.ro\\\/en\\\/a-doua-premiera-nationala-din-acest-an-a-trupei-iosif-vulcan-f-a-d-noduri-si-placi\\\/#authorImage\",\"url\":\"https:\\\/\\\/secure.gravatar.com\\\/avatar\\\/5884139d508ae3f0bafe45e60563b48a9640146d3b08ccc6278c305ff9329305?s=96&d=mm&r=g\",\"width\":96,\"height\":96,\"caption\":\"Teatrul Regina Maria\"}},{\"@type\":\"WebPage\",\"@id\":\"https:\\\/\\\/www.teatrulreginamaria.ro\\\/en\\\/a-doua-premiera-nationala-din-acest-an-a-trupei-iosif-vulcan-f-a-d-noduri-si-placi\\\/#webpage\",\"url\":\"https:\\\/\\\/www.teatrulreginamaria.ro\\\/en\\\/a-doua-premiera-nationala-din-acest-an-a-trupei-iosif-vulcan-f-a-d-noduri-si-placi\\\/\",\"name\":\"A doua premier\\u0103 na\\u021bional\\u0103 din acest an a Trupei Iosif Vulcan: F.A.D. (Noduri \\u0219i pl\\u0103ci) - Teatrul Regina Maria Oradea\",\"description\":\"Teatrul Regina Maria are deosebita pl\\u0103cere de a anun\\u021ba premiera na\\u021bional\\u0103 a spectacolului \\u201eF.A.D. (Noduri \\u0219i pl\\u0103ci)\\u201d, de Nicola Wilson, regia Horia Suru. Premiera va avea loc duminic\\u0103, 11 martie, de la ora 19:00, la Sala Mare, iar spectatorii care nu reu\\u0219esc s\\u0103 ajung\\u0103 la aceast\\u0103 prim\\u0103 reprezenta\\u021bie, au posibilitatea s\\u0103 vad\\u0103 spectacolul \\u00een 13\",\"inLanguage\":\"en-GB\",\"isPartOf\":{\"@id\":\"https:\\\/\\\/www.teatrulreginamaria.ro\\\/en\\\/#website\"},\"breadcrumb\":{\"@id\":\"https:\\\/\\\/www.teatrulreginamaria.ro\\\/en\\\/a-doua-premiera-nationala-din-acest-an-a-trupei-iosif-vulcan-f-a-d-noduri-si-placi\\\/#breadcrumblist\"},\"author\":{\"@id\":\"https:\\\/\\\/www.teatrulreginamaria.ro\\\/en\\\/author\\\/w3bmaster\\\/#author\"},\"creator\":{\"@id\":\"https:\\\/\\\/www.teatrulreginamaria.ro\\\/en\\\/author\\\/w3bmaster\\\/#author\"},\"datePublished\":\"2018-03-05T07:06:10+02:00\",\"dateModified\":\"2018-03-05T07:06:10+02:00\"},{\"@type\":\"WebSite\",\"@id\":\"https:\\\/\\\/www.teatrulreginamaria.ro\\\/en\\\/#website\",\"url\":\"https:\\\/\\\/www.teatrulreginamaria.ro\\\/en\\\/\",\"name\":\"Teatrul Regina Maria Oradea\",\"alternateName\":\"TRM Oradea\",\"description\":\"Trupa Iosif Vulcan \\u0219i Trupa Arcadia\",\"inLanguage\":\"en-GB\",\"publisher\":{\"@id\":\"https:\\\/\\\/www.teatrulreginamaria.ro\\\/en\\\/#organization\"}}]}\n\t\t<\/script>\n\t\t<!-- All in One SEO Pro -->\r\n\t\t<title>A doua premier\u0103 na\u021bional\u0103 din acest an a Trupei Iosif Vulcan: F.A.D. (Noduri \u0219i pl\u0103ci) - Teatrul Regina Maria Oradea<\/title>\n\n","aioseo_head_json":{"title":"The second national premiere of this year of the Iosif Vulcan Troupe: FAD (Noduri si placii) - Regina Maria Theatre Oradea","description":"The Regina Maria Theatre is pleased to announce the national premiere of the show &quot;FAD (Knots and Plates)&quot;, by Nicola Wilson, directed by Horia Suru. The premiere will take place on Sunday, March 11, at 7:00 PM, at the Great Hall, and spectators who are unable to attend this first performance have the opportunity to see the show on March 13.","canonical_url":"https:\/\/www.teatrulreginamaria.ro\/en\/a-doua-premiera-nationala-din-acest-an-a-trupei-iosif-vulcan-f-a-d-noduri-si-placi\/","robots":"max-image-preview:large","keywords":"","webmasterTools":{"miscellaneous":""},"schema":{"@context":"https:\/\/schema.org","@graph":[{"@type":"BlogPosting","@id":"https:\/\/www.teatrulreginamaria.ro\/en\/a-doua-premiera-nationala-din-acest-an-a-trupei-iosif-vulcan-f-a-d-noduri-si-placi\/#blogposting","name":"A doua premier\u0103 na\u021bional\u0103 din acest an a Trupei Iosif Vulcan: F.A.D. (Noduri \u0219i pl\u0103ci) - Teatrul Regina Maria Oradea","headline":"A doua premier\u0103 na\u021bional\u0103 din acest an a Trupei Iosif Vulcan: F.A.D. (Noduri \u0219i pl\u0103ci)","author":{"@id":"https:\/\/www.teatrulreginamaria.ro\/en\/author\/w3bmaster\/#author"},"publisher":{"@id":"https:\/\/www.teatrulreginamaria.ro\/en\/#organization"},"image":{"@type":"ImageObject","url":"https:\/\/www.teatrulreginamaria.ro\/wp-content\/uploads\/2025\/06\/logo-trm-01-dark.png","@id":"https:\/\/www.teatrulreginamaria.ro\/en\/#articleImage","width":300,"height":148},"datePublished":"2018-03-05T07:06:10+02:00","dateModified":"2018-03-05T07:06:10+02:00","inLanguage":"en-GB","mainEntityOfPage":{"@id":"https:\/\/www.teatrulreginamaria.ro\/en\/a-doua-premiera-nationala-din-acest-an-a-trupei-iosif-vulcan-f-a-d-noduri-si-placi\/#webpage"},"isPartOf":{"@id":"https:\/\/www.teatrulreginamaria.ro\/en\/a-doua-premiera-nationala-din-acest-an-a-trupei-iosif-vulcan-f-a-d-noduri-si-placi\/#webpage"},"articleSection":"Nout\u0103\u021bi - Trupa Iosif Vulcan, 2018, Ziua Mondial\u0103 a Teatrului"},{"@type":"BreadcrumbList","@id":"https:\/\/www.teatrulreginamaria.ro\/en\/a-doua-premiera-nationala-din-acest-an-a-trupei-iosif-vulcan-f-a-d-noduri-si-placi\/#breadcrumblist","itemListElement":[{"@type":"ListItem","@id":"https:\/\/www.teatrulreginamaria.ro\/en#listItem","position":1,"name":"Home","item":"https:\/\/www.teatrulreginamaria.ro\/en","nextItem":{"@type":"ListItem","@id":"https:\/\/www.teatrulreginamaria.ro\/en\/categorie\/noutati\/#listItem","name":"Nout\u0103\u021bi"}},{"@type":"ListItem","@id":"https:\/\/www.teatrulreginamaria.ro\/en\/categorie\/noutati\/#listItem","position":2,"name":"Nout\u0103\u021bi","item":"https:\/\/www.teatrulreginamaria.ro\/en\/categorie\/noutati\/","nextItem":{"@type":"ListItem","@id":"https:\/\/www.teatrulreginamaria.ro\/en\/categorie\/noutati\/noutati-trupa-iosif-vulcan\/#listItem","name":"Nout\u0103\u021bi - Trupa Iosif Vulcan"},"previousItem":{"@type":"ListItem","@id":"https:\/\/www.teatrulreginamaria.ro\/en#listItem","name":"Home"}},{"@type":"ListItem","@id":"https:\/\/www.teatrulreginamaria.ro\/en\/categorie\/noutati\/noutati-trupa-iosif-vulcan\/#listItem","position":3,"name":"Nout\u0103\u021bi - Trupa Iosif Vulcan","item":"https:\/\/www.teatrulreginamaria.ro\/en\/categorie\/noutati\/noutati-trupa-iosif-vulcan\/","nextItem":{"@type":"ListItem","@id":"https:\/\/www.teatrulreginamaria.ro\/en\/a-doua-premiera-nationala-din-acest-an-a-trupei-iosif-vulcan-f-a-d-noduri-si-placi\/#listItem","name":"A doua premier\u0103 na\u021bional\u0103 din acest an a Trupei Iosif Vulcan: F.A.D. (Noduri \u0219i pl\u0103ci)"},"previousItem":{"@type":"ListItem","@id":"https:\/\/www.teatrulreginamaria.ro\/en\/categorie\/noutati\/#listItem","name":"Nout\u0103\u021bi"}},{"@type":"ListItem","@id":"https:\/\/www.teatrulreginamaria.ro\/en\/a-doua-premiera-nationala-din-acest-an-a-trupei-iosif-vulcan-f-a-d-noduri-si-placi\/#listItem","position":4,"name":"A doua premier\u0103 na\u021bional\u0103 din acest an a Trupei Iosif Vulcan: F.A.D. (Noduri \u0219i pl\u0103ci)","previousItem":{"@type":"ListItem","@id":"https:\/\/www.teatrulreginamaria.ro\/en\/categorie\/noutati\/noutati-trupa-iosif-vulcan\/#listItem","name":"Nout\u0103\u021bi - Trupa Iosif Vulcan"}}]},{"@type":"Organization","@id":"https:\/\/www.teatrulreginamaria.ro\/en\/#organization","name":"Teatrul Regina Maria Oradea","description":"Trupa Iosif Vulcan \u0219i Trupa Arcadia","url":"https:\/\/www.teatrulreginamaria.ro\/en\/","email":"marketing@teatrulreginamaria.ro","telephone":"+40359411534","numberOfEmployees":{"@type":"QuantitativeValue","minValue":0,"maxValue":150},"logo":{"@type":"ImageObject","url":"https:\/\/www.teatrulreginamaria.ro\/wp-content\/uploads\/2025\/06\/logo-trm-01-dark.png","@id":"https:\/\/www.teatrulreginamaria.ro\/en\/a-doua-premiera-nationala-din-acest-an-a-trupei-iosif-vulcan-f-a-d-noduri-si-placi\/#organizationLogo","width":300,"height":148},"image":{"@id":"https:\/\/www.teatrulreginamaria.ro\/en\/a-doua-premiera-nationala-din-acest-an-a-trupei-iosif-vulcan-f-a-d-noduri-si-placi\/#organizationLogo"},"sameAs":["https:\/\/www.facebook.com\/TRMTrupaIosifVulcan\/","https:\/\/x.com\/TRMOradea","https:\/\/www.instagram.com\/teatrul_regina_maria\/","https:\/\/www.youtube.com\/c\/TeatrulReginaMariaOradea","https:\/\/www.linkedin.com\/company\/teatrul-regina-maria"]},{"@type":"Person","@id":"https:\/\/www.teatrulreginamaria.ro\/en\/author\/w3bmaster\/#author","url":"https:\/\/www.teatrulreginamaria.ro\/en\/author\/w3bmaster\/","name":"Teatrul Regina Maria","image":{"@type":"ImageObject","@id":"https:\/\/www.teatrulreginamaria.ro\/en\/a-doua-premiera-nationala-din-acest-an-a-trupei-iosif-vulcan-f-a-d-noduri-si-placi\/#authorImage","url":"https:\/\/secure.gravatar.com\/avatar\/5884139d508ae3f0bafe45e60563b48a9640146d3b08ccc6278c305ff9329305?s=96&d=mm&r=g","width":96,"height":96,"caption":"Teatrul Regina Maria"}},{"@type":"WebPage","@id":"https:\/\/www.teatrulreginamaria.ro\/en\/a-doua-premiera-nationala-din-acest-an-a-trupei-iosif-vulcan-f-a-d-noduri-si-placi\/#webpage","url":"https:\/\/www.teatrulreginamaria.ro\/en\/a-doua-premiera-nationala-din-acest-an-a-trupei-iosif-vulcan-f-a-d-noduri-si-placi\/","name":"A doua premier\u0103 na\u021bional\u0103 din acest an a Trupei Iosif Vulcan: F.A.D. (Noduri \u0219i pl\u0103ci) - Teatrul Regina Maria Oradea","description":"Teatrul Regina Maria are deosebita pl\u0103cere de a anun\u021ba premiera na\u021bional\u0103 a spectacolului \u201eF.A.D. (Noduri \u0219i pl\u0103ci)\u201d, de Nicola Wilson, regia Horia Suru. Premiera va avea loc duminic\u0103, 11 martie, de la ora 19:00, la Sala Mare, iar spectatorii care nu reu\u0219esc s\u0103 ajung\u0103 la aceast\u0103 prim\u0103 reprezenta\u021bie, au posibilitatea s\u0103 vad\u0103 spectacolul \u00een 13","inLanguage":"en-GB","isPartOf":{"@id":"https:\/\/www.teatrulreginamaria.ro\/en\/#website"},"breadcrumb":{"@id":"https:\/\/www.teatrulreginamaria.ro\/en\/a-doua-premiera-nationala-din-acest-an-a-trupei-iosif-vulcan-f-a-d-noduri-si-placi\/#breadcrumblist"},"author":{"@id":"https:\/\/www.teatrulreginamaria.ro\/en\/author\/w3bmaster\/#author"},"creator":{"@id":"https:\/\/www.teatrulreginamaria.ro\/en\/author\/w3bmaster\/#author"},"datePublished":"2018-03-05T07:06:10+02:00","dateModified":"2018-03-05T07:06:10+02:00"},{"@type":"WebSite","@id":"https:\/\/www.teatrulreginamaria.ro\/en\/#website","url":"https:\/\/www.teatrulreginamaria.ro\/en\/","name":"Teatrul Regina Maria Oradea","alternateName":"TRM Oradea","description":"Trupa Iosif Vulcan \u0219i Trupa Arcadia","inLanguage":"en-GB","publisher":{"@id":"https:\/\/www.teatrulreginamaria.ro\/en\/#organization"}}]},"og:locale":"en_GB","og:site_name":"Teatrul Regina Maria Oradea - Trupa Iosif Vulcan \u0219i Trupa Arcadia","og:type":"article","og:title":"A doua premier\u0103 na\u021bional\u0103 din acest an a Trupei Iosif Vulcan: F.A.D. (Noduri \u0219i pl\u0103ci) - Teatrul Regina Maria Oradea","og:description":"Teatrul Regina Maria are deosebita pl\u0103cere de a anun\u021ba premiera na\u021bional\u0103 a spectacolului \u201eF.A.D. (Noduri \u0219i pl\u0103ci)\u201d, de Nicola Wilson, regia Horia Suru. Premiera va avea loc duminic\u0103, 11 martie, de la ora 19:00, la Sala Mare, iar spectatorii care nu reu\u0219esc s\u0103 ajung\u0103 la aceast\u0103 prim\u0103 reprezenta\u021bie, au posibilitatea s\u0103 vad\u0103 spectacolul \u00een 13","og:url":"https:\/\/www.teatrulreginamaria.ro\/en\/a-doua-premiera-nationala-din-acest-an-a-trupei-iosif-vulcan-f-a-d-noduri-si-placi\/","og:image":"https:\/\/www.teatrulreginamaria.ro\/wp-content\/uploads\/2025\/03\/trm-istoric-01.jpg","og:image:secure_url":"https:\/\/www.teatrulreginamaria.ro\/wp-content\/uploads\/2025\/03\/trm-istoric-01.jpg","og:image:width":1200,"og:image:height":800,"article:published_time":"2018-03-05T07:06:10+00:00","article:modified_time":"2018-03-05T07:06:10+00:00","article:publisher":"https:\/\/www.facebook.com\/TRMTrupaIosifVulcan\/","twitter:card":"summary_large_image","twitter:site":"@TRMOradea","twitter:title":"A doua premier\u0103 na\u021bional\u0103 din acest an a Trupei Iosif Vulcan: F.A.D. (Noduri \u0219i pl\u0103ci) - Teatrul Regina Maria Oradea","twitter:description":"Teatrul Regina Maria are deosebita pl\u0103cere de a anun\u021ba premiera na\u021bional\u0103 a spectacolului \u201eF.A.D. (Noduri \u0219i pl\u0103ci)\u201d, de Nicola Wilson, regia Horia Suru. Premiera va avea loc duminic\u0103, 11 martie, de la ora 19:00, la Sala Mare, iar spectatorii care nu reu\u0219esc s\u0103 ajung\u0103 la aceast\u0103 prim\u0103 reprezenta\u021bie, au posibilitatea s\u0103 vad\u0103 spectacolul \u00een 13","twitter:creator":"@TRMOradea","twitter:image":"https:\/\/www.teatrulreginamaria.ro\/wp-content\/uploads\/2025\/03\/trm-istoric-01.jpg"},"aioseo_meta_data":{"post_id":"1285","title":null,"description":null,"keywords":null,"keyphrases":null,"primary_term":null,"canonical_url":null,"og_title":null,"og_description":null,"og_object_type":"default","og_image_type":"default","og_image_url":null,"og_image_width":null,"og_image_height":null,"og_image_custom_url":null,"og_image_custom_fields":null,"og_video":null,"og_custom_url":null,"og_article_section":null,"og_article_tags":null,"twitter_use_og":false,"twitter_card":"default","twitter_image_type":"default","twitter_image_url":null,"twitter_image_custom_url":null,"twitter_image_custom_fields":null,"twitter_title":null,"twitter_description":null,"schema":{"blockGraphs":[],"customGraphs":[],"default":{"data":{"Article":[],"Course":[],"Dataset":[],"FAQPage":[],"Movie":[],"Person":[],"Product":[],"ProductReview":[],"Car":[],"Recipe":[],"Service":[],"SoftwareApplication":[],"WebPage":[]},"graphName":"","isEnabled":true},"graphs":[]},"schema_type":"default","schema_type_options":null,"pillar_content":false,"robots_default":true,"robots_noindex":false,"robots_noarchive":false,"robots_nosnippet":false,"robots_nofollow":false,"robots_noimageindex":false,"robots_noodp":false,"robots_notranslate":false,"robots_max_snippet":null,"robots_max_videopreview":null,"robots_max_imagepreview":"large","priority":null,"frequency":null,"local_seo":null,"seo_analyzer_scan_date":"2026-05-13 01:54:36","breadcrumb_settings":null,"limit_modified_date":false,"reviewed_by":null,"open_ai":null,"ai":null,"created":"2025-04-09 17:42:41","updated":"2026-05-13 01:54:36","focus_keyword":null,"additional_keywords":null,"truseo_locale":null},"aioseo_breadcrumb":"<div class=\"aioseo-breadcrumbs\"><span class=\"aioseo-breadcrumb\">\n\t<a href=\"https:\/\/www.teatrulreginamaria.ro\/en\" title=\"Home\">Home<\/a>\n<\/span><span class=\"aioseo-breadcrumb-separator\">&raquo;<\/span><span class=\"aioseo-breadcrumb\">\n\t<a href=\"https:\/\/www.teatrulreginamaria.ro\/en\/categorie\/noutati\/\" title=\"Nout\u0103\u021bi\">Nout\u0103\u021bi<\/a>\n<\/span><span class=\"aioseo-breadcrumb-separator\">&raquo;<\/span><span class=\"aioseo-breadcrumb\">\n\t<a href=\"https:\/\/www.teatrulreginamaria.ro\/en\/categorie\/noutati\/noutati-trupa-iosif-vulcan\/\" title=\"Nout\u0103\u021bi - Trupa Iosif Vulcan\">Nout\u0103\u021bi - Trupa Iosif Vulcan<\/a>\n<\/span><span class=\"aioseo-breadcrumb-separator\">&raquo;<\/span><span class=\"aioseo-breadcrumb\">\n\tA doua premier\u0103 na\u021bional\u0103 din acest an a Trupei Iosif Vulcan: F.A.D. (Noduri \u0219i pl\u0103ci)\n<\/span><\/div>","aioseo_breadcrumb_json":[{"label":"Home","link":"https:\/\/www.teatrulreginamaria.ro\/en"},{"label":"Nout\u0103\u021bi","link":"https:\/\/www.teatrulreginamaria.ro\/en\/categorie\/noutati\/"},{"label":"Nout\u0103\u021bi - Trupa Iosif Vulcan","link":"https:\/\/www.teatrulreginamaria.ro\/en\/categorie\/noutati\/noutati-trupa-iosif-vulcan\/"},{"label":"A doua premier\u0103 na\u021bional\u0103 din acest an a Trupei Iosif Vulcan: F.A.D. (Noduri \u0219i pl\u0103ci)","link":"https:\/\/www.teatrulreginamaria.ro\/en\/a-doua-premiera-nationala-din-acest-an-a-trupei-iosif-vulcan-f-a-d-noduri-si-placi\/"}],"acf":[],"_links":{"self":[{"href":"https:\/\/www.teatrulreginamaria.ro\/en\/wp-json\/wp\/v2\/posts\/1285","targetHints":{"allow":["GET"]}}],"collection":[{"href":"https:\/\/www.teatrulreginamaria.ro\/en\/wp-json\/wp\/v2\/posts"}],"about":[{"href":"https:\/\/www.teatrulreginamaria.ro\/en\/wp-json\/wp\/v2\/types\/post"}],"author":[{"embeddable":true,"href":"https:\/\/www.teatrulreginamaria.ro\/en\/wp-json\/wp\/v2\/users\/6"}],"replies":[{"embeddable":true,"href":"https:\/\/www.teatrulreginamaria.ro\/en\/wp-json\/wp\/v2\/comments?post=1285"}],"version-history":[{"count":0,"href":"https:\/\/www.teatrulreginamaria.ro\/en\/wp-json\/wp\/v2\/posts\/1285\/revisions"}],"wp:attachment":[{"href":"https:\/\/www.teatrulreginamaria.ro\/en\/wp-json\/wp\/v2\/media?parent=1285"}],"wp:term":[{"taxonomy":"category","embeddable":true,"href":"https:\/\/www.teatrulreginamaria.ro\/en\/wp-json\/wp\/v2\/categories?post=1285"},{"taxonomy":"post_tag","embeddable":true,"href":"https:\/\/www.teatrulreginamaria.ro\/en\/wp-json\/wp\/v2\/tags?post=1285"}],"curies":[{"name":"wp","href":"https:\/\/api.w.org\/{rel}","templated":true}]}}