{"id":1344,"date":"2012-04-12T10:31:45","date_gmt":"2012-04-12T10:31:45","guid":{"rendered":"https:\/\/teatrulreginamaria.ro\/2012\/04\/12\/joc-si-cantec-romanesc-invitat-special-aurel-tamas\/"},"modified":"2012-04-12T10:31:45","modified_gmt":"2012-04-12T10:31:45","slug":"romanian-game-and-song-special-guest-aurel-tamas","status":"publish","type":"post","link":"https:\/\/www.teatrulreginamaria.ro\/en\/joc-si-cantec-romanesc-invitat-special-aurel-tamas\/","title":{"rendered":"ROMANIAN GAME AND SONG. SPECIAL GUEST: AUREL T\u0102MA\u015e"},"content":{"rendered":"<p style=\"text-align: justify;\">The Regina Maria Theater has the great pleasure of inviting you to a traditional show that will take place on Thursday, April 19, to commemorate April 20, 1919, which is a landmark day in the history of the city of Oradea. That was when the city on the Cri\u0219ul Repede was liberated and it legally became part of Greater Romania, as established by the Romanian delegates at the Great National Assembly in Alba Iulia on December 1, 1918.<\/p>\n<p><!--more--><\/p>\n<p style=\"text-align: justify;\">The liberation of the city took place on Easter Day 1919, and that is why the moment has special connotations. It can be said once again that the Romanian people were resurrected when the Romanian armies entered the city.<\/p>\n<p style=\"text-align: justify;\">In addition to a special program of Romanian dance and song with the Cri\u015fana Professional Artistic Ensemble, we have the pleasure of having the beloved soloist Aurel T\u0103ma\u015f join us, to delight us with a special program.<\/p>\n<p style=\"text-align: justify;\">Aurel T\u0103ma\u0219 He was born on April 16, 1961, growing up in the Transylvanian lands of Bor\u0219a, in Cluj County. He had his first musical experience at the age of 10, as an accordionist, and a little later, as a high school student, he founded his first orchestra where he distinguished himself as an instrumentalist and conductor. In addition to his passion for folklore, Aurel T\u0103ma\u0219 has inclinations towards light music. The change in musical style was a good omen for the album &quot;Trup de V\u00e2nt&quot; - a unique experience that took many by surprise. The public&#039;s reaction was in line with this: the album sold an impressive number of copies.<\/p>","protected":false},"excerpt":{"rendered":"<p>Teatrul Regina Maria are deosebita pl\u0103cere de a v\u0103 invita la un spectacol tradi\u0163ional care va avea loc joi, 19 aprilie, pentru a comemora ziua de 20 aprilie 1919, care este o zi de referin\u0163\u0103 pentru istoria ora\u015fului Oradea. Atunci s-a reu\u015fit eliberarea urbei de pe Cri\u015ful Repede \u015fi intrarea sa de drept \u00een componen\u0163a [&hellip;]<\/p>\n","protected":false},"author":1,"featured_media":0,"comment_status":"open","ping_status":"open","sticky":false,"template":"","format":"standard","meta":{"_acf_changed":false,"footnotes":""},"categories":[32],"tags":[],"class_list":["post-1344","post","type-post","status-publish","format-standard","hentry","category-noutati-ansamblul-crisana"],"aioseo_notices":[],"aioseo_head":"\n\t\t<!-- All in One SEO Pro 5.0.1.1 - aioseo.com -->\n\t<meta name=\"description\" content=\"Teatrul Regina Maria are deosebita pl\u0103cere de a v\u0103 invita la un spectacol tradi\u0163ional care va avea loc joi, 19 aprilie, pentru a comemora ziua de 20 aprilie 1919, care este o zi de referin\u0163\u0103 pentru istoria ora\u015fului Oradea. Atunci s-a reu\u015fit eliberarea urbei de pe Cri\u015ful Repede \u015fi intrarea sa de drept \u00een componen\u0163a\" \/>\n\t<meta name=\"robots\" content=\"max-image-preview:large\" \/>\n\t<meta name=\"author\" content=\"Teatrul Regina Maria\"\/>\n\t<link rel=\"canonical\" href=\"https:\/\/www.teatrulreginamaria.ro\/en\/joc-si-cantec-romanesc-invitat-special-aurel-tamas\/\" \/>\n\t<meta name=\"generator\" content=\"All in One SEO Pro (AIOSEO) 5.0.1.1\" \/>\n\t\t<meta property=\"og:locale\" content=\"en_GB\" \/>\n\t\t<meta property=\"og:site_name\" content=\"Teatrul Regina Maria Oradea - Trupa Iosif Vulcan \u0219i Trupa Arcadia\" \/>\n\t\t<meta property=\"og:type\" content=\"article\" \/>\n\t\t<meta property=\"og:title\" content=\"JOC \u015eI C\u00c2NTEC ROM\u00c2NESC. INVITAT SPECIAL: AUREL T\u0102MA\u015e - Teatrul Regina Maria Oradea\" \/>\n\t\t<meta property=\"og:description\" content=\"Teatrul Regina Maria are deosebita pl\u0103cere de a v\u0103 invita la un spectacol tradi\u0163ional care va avea loc joi, 19 aprilie, pentru a comemora ziua de 20 aprilie 1919, care este o zi de referin\u0163\u0103 pentru istoria ora\u015fului Oradea. Atunci s-a reu\u015fit eliberarea urbei de pe Cri\u015ful Repede \u015fi intrarea sa de drept \u00een componen\u0163a\" \/>\n\t\t<meta property=\"og:url\" content=\"https:\/\/www.teatrulreginamaria.ro\/en\/joc-si-cantec-romanesc-invitat-special-aurel-tamas\/\" \/>\n\t\t<meta property=\"og:image\" content=\"https:\/\/www.teatrulreginamaria.ro\/wp-content\/uploads\/2025\/03\/trm-istoric-01.jpg\" \/>\n\t\t<meta property=\"og:image:secure_url\" content=\"https:\/\/www.teatrulreginamaria.ro\/wp-content\/uploads\/2025\/03\/trm-istoric-01.jpg\" \/>\n\t\t<meta property=\"og:image:width\" content=\"1200\" \/>\n\t\t<meta property=\"og:image:height\" content=\"800\" \/>\n\t\t<meta property=\"article:published_time\" content=\"2012-04-12T10:31:45+00:00\" \/>\n\t\t<meta property=\"article:modified_time\" content=\"2012-04-12T10:31:45+00:00\" \/>\n\t\t<meta property=\"article:publisher\" content=\"https:\/\/www.facebook.com\/TRMTrupaIosifVulcan\/\" \/>\n\t\t<meta name=\"twitter:card\" content=\"summary_large_image\" \/>\n\t\t<meta name=\"twitter:site\" content=\"@TRMOradea\" \/>\n\t\t<meta name=\"twitter:title\" content=\"JOC \u015eI C\u00c2NTEC ROM\u00c2NESC. INVITAT SPECIAL: AUREL T\u0102MA\u015e - Teatrul Regina Maria Oradea\" \/>\n\t\t<meta name=\"twitter:description\" content=\"Teatrul Regina Maria are deosebita pl\u0103cere de a v\u0103 invita la un spectacol tradi\u0163ional care va avea loc joi, 19 aprilie, pentru a comemora ziua de 20 aprilie 1919, care este o zi de referin\u0163\u0103 pentru istoria ora\u015fului Oradea. Atunci s-a reu\u015fit eliberarea urbei de pe Cri\u015ful Repede \u015fi intrarea sa de drept \u00een componen\u0163a\" \/>\n\t\t<meta name=\"twitter:creator\" content=\"@TRMOradea\" \/>\n\t\t<meta name=\"twitter:image\" content=\"https:\/\/www.teatrulreginamaria.ro\/wp-content\/uploads\/2025\/03\/trm-istoric-01.jpg\" \/>\n\t\t<script type=\"application\/ld+json\" class=\"aioseo-schema\">\n\t\t\t{\"@context\":\"https:\\\/\\\/schema.org\",\"@graph\":[{\"@type\":\"BlogPosting\",\"@id\":\"https:\\\/\\\/www.teatrulreginamaria.ro\\\/en\\\/joc-si-cantec-romanesc-invitat-special-aurel-tamas\\\/#blogposting\",\"name\":\"JOC \\u015eI C\\u00c2NTEC ROM\\u00c2NESC. INVITAT SPECIAL: AUREL T\\u0102MA\\u015e - Teatrul Regina Maria Oradea\",\"headline\":\"JOC \\u015eI C\\u00c2NTEC ROM\\u00c2NESC. INVITAT SPECIAL: AUREL T\\u0102MA\\u015e\",\"author\":{\"@id\":\"https:\\\/\\\/www.teatrulreginamaria.ro\\\/en\\\/author\\\/iulianm\\\/#author\"},\"publisher\":{\"@id\":\"https:\\\/\\\/www.teatrulreginamaria.ro\\\/en\\\/#organization\"},\"image\":{\"@type\":\"ImageObject\",\"url\":\"https:\\\/\\\/www.teatrulreginamaria.ro\\\/wp-content\\\/uploads\\\/2025\\\/06\\\/logo-trm-01-dark.png\",\"@id\":\"https:\\\/\\\/www.teatrulreginamaria.ro\\\/en\\\/#articleImage\",\"width\":300,\"height\":148},\"datePublished\":\"2012-04-12T10:31:45+03:00\",\"dateModified\":\"2012-04-12T10:31:45+03:00\",\"inLanguage\":\"en-GB\",\"mainEntityOfPage\":{\"@id\":\"https:\\\/\\\/www.teatrulreginamaria.ro\\\/en\\\/joc-si-cantec-romanesc-invitat-special-aurel-tamas\\\/#webpage\"},\"isPartOf\":{\"@id\":\"https:\\\/\\\/www.teatrulreginamaria.ro\\\/en\\\/joc-si-cantec-romanesc-invitat-special-aurel-tamas\\\/#webpage\"},\"articleSection\":\"Nout\\u0103\\u021bi - Ansamblul Cri\\u0219ana\"},{\"@type\":\"BreadcrumbList\",\"@id\":\"https:\\\/\\\/www.teatrulreginamaria.ro\\\/en\\\/joc-si-cantec-romanesc-invitat-special-aurel-tamas\\\/#breadcrumblist\",\"itemListElement\":[{\"@type\":\"ListItem\",\"@id\":\"https:\\\/\\\/www.teatrulreginamaria.ro\\\/en#listItem\",\"position\":1,\"name\":\"Home\",\"item\":\"https:\\\/\\\/www.teatrulreginamaria.ro\\\/en\",\"nextItem\":{\"@type\":\"ListItem\",\"@id\":\"https:\\\/\\\/www.teatrulreginamaria.ro\\\/en\\\/categorie\\\/noutati\\\/#listItem\",\"name\":\"Nout\\u0103\\u021bi\"}},{\"@type\":\"ListItem\",\"@id\":\"https:\\\/\\\/www.teatrulreginamaria.ro\\\/en\\\/categorie\\\/noutati\\\/#listItem\",\"position\":2,\"name\":\"Nout\\u0103\\u021bi\",\"item\":\"https:\\\/\\\/www.teatrulreginamaria.ro\\\/en\\\/categorie\\\/noutati\\\/\",\"nextItem\":{\"@type\":\"ListItem\",\"@id\":\"https:\\\/\\\/www.teatrulreginamaria.ro\\\/en\\\/categorie\\\/noutati\\\/noutati-ansamblul-crisana\\\/#listItem\",\"name\":\"Nout\\u0103\\u021bi - Ansamblul Cri\\u0219ana\"},\"previousItem\":{\"@type\":\"ListItem\",\"@id\":\"https:\\\/\\\/www.teatrulreginamaria.ro\\\/en#listItem\",\"name\":\"Home\"}},{\"@type\":\"ListItem\",\"@id\":\"https:\\\/\\\/www.teatrulreginamaria.ro\\\/en\\\/categorie\\\/noutati\\\/noutati-ansamblul-crisana\\\/#listItem\",\"position\":3,\"name\":\"Nout\\u0103\\u021bi - Ansamblul Cri\\u0219ana\",\"item\":\"https:\\\/\\\/www.teatrulreginamaria.ro\\\/en\\\/categorie\\\/noutati\\\/noutati-ansamblul-crisana\\\/\",\"nextItem\":{\"@type\":\"ListItem\",\"@id\":\"https:\\\/\\\/www.teatrulreginamaria.ro\\\/en\\\/joc-si-cantec-romanesc-invitat-special-aurel-tamas\\\/#listItem\",\"name\":\"JOC \\u015eI C\\u00c2NTEC ROM\\u00c2NESC. INVITAT SPECIAL: AUREL T\\u0102MA\\u015e\"},\"previousItem\":{\"@type\":\"ListItem\",\"@id\":\"https:\\\/\\\/www.teatrulreginamaria.ro\\\/en\\\/categorie\\\/noutati\\\/#listItem\",\"name\":\"Nout\\u0103\\u021bi\"}},{\"@type\":\"ListItem\",\"@id\":\"https:\\\/\\\/www.teatrulreginamaria.ro\\\/en\\\/joc-si-cantec-romanesc-invitat-special-aurel-tamas\\\/#listItem\",\"position\":4,\"name\":\"JOC \\u015eI C\\u00c2NTEC ROM\\u00c2NESC. INVITAT SPECIAL: AUREL T\\u0102MA\\u015e\",\"previousItem\":{\"@type\":\"ListItem\",\"@id\":\"https:\\\/\\\/www.teatrulreginamaria.ro\\\/en\\\/categorie\\\/noutati\\\/noutati-ansamblul-crisana\\\/#listItem\",\"name\":\"Nout\\u0103\\u021bi - Ansamblul Cri\\u0219ana\"}}]},{\"@type\":\"Organization\",\"@id\":\"https:\\\/\\\/www.teatrulreginamaria.ro\\\/en\\\/#organization\",\"name\":\"Teatrul Regina Maria Oradea\",\"description\":\"Trupa Iosif Vulcan \\u0219i Trupa Arcadia\",\"url\":\"https:\\\/\\\/www.teatrulreginamaria.ro\\\/en\\\/\",\"email\":\"marketing@teatrulreginamaria.ro\",\"telephone\":\"+40359411534\",\"numberOfEmployees\":{\"@type\":\"QuantitativeValue\",\"minValue\":0,\"maxValue\":150},\"logo\":{\"@type\":\"ImageObject\",\"url\":\"https:\\\/\\\/www.teatrulreginamaria.ro\\\/wp-content\\\/uploads\\\/2025\\\/06\\\/logo-trm-01-dark.png\",\"@id\":\"https:\\\/\\\/www.teatrulreginamaria.ro\\\/en\\\/joc-si-cantec-romanesc-invitat-special-aurel-tamas\\\/#organizationLogo\",\"width\":300,\"height\":148},\"image\":{\"@id\":\"https:\\\/\\\/www.teatrulreginamaria.ro\\\/en\\\/joc-si-cantec-romanesc-invitat-special-aurel-tamas\\\/#organizationLogo\"},\"sameAs\":[\"https:\\\/\\\/www.facebook.com\\\/TRMTrupaIosifVulcan\\\/\",\"https:\\\/\\\/x.com\\\/TRMOradea\",\"https:\\\/\\\/www.instagram.com\\\/teatrul_regina_maria\\\/\",\"https:\\\/\\\/www.youtube.com\\\/c\\\/TeatrulReginaMariaOradea\",\"https:\\\/\\\/www.linkedin.com\\\/company\\\/teatrul-regina-maria\"]},{\"@type\":\"Person\",\"@id\":\"https:\\\/\\\/www.teatrulreginamaria.ro\\\/en\\\/author\\\/iulianm\\\/#author\",\"url\":\"https:\\\/\\\/www.teatrulreginamaria.ro\\\/en\\\/author\\\/iulianm\\\/\",\"name\":\"Teatrul Regina Maria\",\"image\":{\"@type\":\"ImageObject\",\"@id\":\"https:\\\/\\\/www.teatrulreginamaria.ro\\\/en\\\/joc-si-cantec-romanesc-invitat-special-aurel-tamas\\\/#authorImage\",\"url\":\"https:\\\/\\\/secure.gravatar.com\\\/avatar\\\/49af75bc1b3eb710073d2f37927ea27e6c274a29562ef49edfc6bcf11b9e941d?s=96&d=mm&r=g\",\"width\":96,\"height\":96,\"caption\":\"Teatrul Regina Maria\"}},{\"@type\":\"WebPage\",\"@id\":\"https:\\\/\\\/www.teatrulreginamaria.ro\\\/en\\\/joc-si-cantec-romanesc-invitat-special-aurel-tamas\\\/#webpage\",\"url\":\"https:\\\/\\\/www.teatrulreginamaria.ro\\\/en\\\/joc-si-cantec-romanesc-invitat-special-aurel-tamas\\\/\",\"name\":\"JOC \\u015eI C\\u00c2NTEC ROM\\u00c2NESC. INVITAT SPECIAL: AUREL T\\u0102MA\\u015e - Teatrul Regina Maria Oradea\",\"description\":\"Teatrul Regina Maria are deosebita pl\\u0103cere de a v\\u0103 invita la un spectacol tradi\\u0163ional care va avea loc joi, 19 aprilie, pentru a comemora ziua de 20 aprilie 1919, care este o zi de referin\\u0163\\u0103 pentru istoria ora\\u015fului Oradea. Atunci s-a reu\\u015fit eliberarea urbei de pe Cri\\u015ful Repede \\u015fi intrarea sa de drept \\u00een componen\\u0163a\",\"inLanguage\":\"en-GB\",\"isPartOf\":{\"@id\":\"https:\\\/\\\/www.teatrulreginamaria.ro\\\/en\\\/#website\"},\"breadcrumb\":{\"@id\":\"https:\\\/\\\/www.teatrulreginamaria.ro\\\/en\\\/joc-si-cantec-romanesc-invitat-special-aurel-tamas\\\/#breadcrumblist\"},\"author\":{\"@id\":\"https:\\\/\\\/www.teatrulreginamaria.ro\\\/en\\\/author\\\/iulianm\\\/#author\"},\"creator\":{\"@id\":\"https:\\\/\\\/www.teatrulreginamaria.ro\\\/en\\\/author\\\/iulianm\\\/#author\"},\"datePublished\":\"2012-04-12T10:31:45+03:00\",\"dateModified\":\"2012-04-12T10:31:45+03:00\"},{\"@type\":\"WebSite\",\"@id\":\"https:\\\/\\\/www.teatrulreginamaria.ro\\\/en\\\/#website\",\"url\":\"https:\\\/\\\/www.teatrulreginamaria.ro\\\/en\\\/\",\"name\":\"Teatrul Regina Maria Oradea\",\"alternateName\":\"TRM Oradea\",\"description\":\"Trupa Iosif Vulcan \\u0219i Trupa Arcadia\",\"inLanguage\":\"en-GB\",\"publisher\":{\"@id\":\"https:\\\/\\\/www.teatrulreginamaria.ro\\\/en\\\/#organization\"}}]}\n\t\t<\/script>\n\t\t<!-- All in One SEO Pro -->\r\n\t\t<title>JOC \u015eI C\u00c2NTEC ROM\u00c2NESC. INVITAT SPECIAL: AUREL T\u0102MA\u015e - Teatrul Regina Maria Oradea<\/title>\n\n","aioseo_head_json":{"title":"ROMANIAN PLAY AND SONG. SPECIAL GUEST: AUREL T\u0102MA\u015e - Regina Maria Theatre Oradea","description":"The Regina Maria Theater has the great pleasure of inviting you to a traditional show that will take place on Thursday, April 19, to commemorate April 20, 1919, which is a landmark day in the history of the city of Oradea. That was when the city on Cri\u0219ul Repede was liberated and it became a part of the Romanian state.","canonical_url":"https:\/\/www.teatrulreginamaria.ro\/en\/joc-si-cantec-romanesc-invitat-special-aurel-tamas\/","robots":"max-image-preview:large","keywords":"","webmasterTools":{"miscellaneous":""},"schema":{"@context":"https:\/\/schema.org","@graph":[{"@type":"BlogPosting","@id":"https:\/\/www.teatrulreginamaria.ro\/en\/joc-si-cantec-romanesc-invitat-special-aurel-tamas\/#blogposting","name":"JOC \u015eI C\u00c2NTEC ROM\u00c2NESC. INVITAT SPECIAL: AUREL T\u0102MA\u015e - Teatrul Regina Maria Oradea","headline":"JOC \u015eI C\u00c2NTEC ROM\u00c2NESC. INVITAT SPECIAL: AUREL T\u0102MA\u015e","author":{"@id":"https:\/\/www.teatrulreginamaria.ro\/en\/author\/iulianm\/#author"},"publisher":{"@id":"https:\/\/www.teatrulreginamaria.ro\/en\/#organization"},"image":{"@type":"ImageObject","url":"https:\/\/www.teatrulreginamaria.ro\/wp-content\/uploads\/2025\/06\/logo-trm-01-dark.png","@id":"https:\/\/www.teatrulreginamaria.ro\/en\/#articleImage","width":300,"height":148},"datePublished":"2012-04-12T10:31:45+03:00","dateModified":"2012-04-12T10:31:45+03:00","inLanguage":"en-GB","mainEntityOfPage":{"@id":"https:\/\/www.teatrulreginamaria.ro\/en\/joc-si-cantec-romanesc-invitat-special-aurel-tamas\/#webpage"},"isPartOf":{"@id":"https:\/\/www.teatrulreginamaria.ro\/en\/joc-si-cantec-romanesc-invitat-special-aurel-tamas\/#webpage"},"articleSection":"Nout\u0103\u021bi - Ansamblul Cri\u0219ana"},{"@type":"BreadcrumbList","@id":"https:\/\/www.teatrulreginamaria.ro\/en\/joc-si-cantec-romanesc-invitat-special-aurel-tamas\/#breadcrumblist","itemListElement":[{"@type":"ListItem","@id":"https:\/\/www.teatrulreginamaria.ro\/en#listItem","position":1,"name":"Home","item":"https:\/\/www.teatrulreginamaria.ro\/en","nextItem":{"@type":"ListItem","@id":"https:\/\/www.teatrulreginamaria.ro\/en\/categorie\/noutati\/#listItem","name":"Nout\u0103\u021bi"}},{"@type":"ListItem","@id":"https:\/\/www.teatrulreginamaria.ro\/en\/categorie\/noutati\/#listItem","position":2,"name":"Nout\u0103\u021bi","item":"https:\/\/www.teatrulreginamaria.ro\/en\/categorie\/noutati\/","nextItem":{"@type":"ListItem","@id":"https:\/\/www.teatrulreginamaria.ro\/en\/categorie\/noutati\/noutati-ansamblul-crisana\/#listItem","name":"Nout\u0103\u021bi - Ansamblul Cri\u0219ana"},"previousItem":{"@type":"ListItem","@id":"https:\/\/www.teatrulreginamaria.ro\/en#listItem","name":"Home"}},{"@type":"ListItem","@id":"https:\/\/www.teatrulreginamaria.ro\/en\/categorie\/noutati\/noutati-ansamblul-crisana\/#listItem","position":3,"name":"Nout\u0103\u021bi - Ansamblul Cri\u0219ana","item":"https:\/\/www.teatrulreginamaria.ro\/en\/categorie\/noutati\/noutati-ansamblul-crisana\/","nextItem":{"@type":"ListItem","@id":"https:\/\/www.teatrulreginamaria.ro\/en\/joc-si-cantec-romanesc-invitat-special-aurel-tamas\/#listItem","name":"JOC \u015eI C\u00c2NTEC ROM\u00c2NESC. INVITAT SPECIAL: AUREL T\u0102MA\u015e"},"previousItem":{"@type":"ListItem","@id":"https:\/\/www.teatrulreginamaria.ro\/en\/categorie\/noutati\/#listItem","name":"Nout\u0103\u021bi"}},{"@type":"ListItem","@id":"https:\/\/www.teatrulreginamaria.ro\/en\/joc-si-cantec-romanesc-invitat-special-aurel-tamas\/#listItem","position":4,"name":"JOC \u015eI C\u00c2NTEC ROM\u00c2NESC. INVITAT SPECIAL: AUREL T\u0102MA\u015e","previousItem":{"@type":"ListItem","@id":"https:\/\/www.teatrulreginamaria.ro\/en\/categorie\/noutati\/noutati-ansamblul-crisana\/#listItem","name":"Nout\u0103\u021bi - Ansamblul Cri\u0219ana"}}]},{"@type":"Organization","@id":"https:\/\/www.teatrulreginamaria.ro\/en\/#organization","name":"Teatrul Regina Maria Oradea","description":"Trupa Iosif Vulcan \u0219i Trupa Arcadia","url":"https:\/\/www.teatrulreginamaria.ro\/en\/","email":"marketing@teatrulreginamaria.ro","telephone":"+40359411534","numberOfEmployees":{"@type":"QuantitativeValue","minValue":0,"maxValue":150},"logo":{"@type":"ImageObject","url":"https:\/\/www.teatrulreginamaria.ro\/wp-content\/uploads\/2025\/06\/logo-trm-01-dark.png","@id":"https:\/\/www.teatrulreginamaria.ro\/en\/joc-si-cantec-romanesc-invitat-special-aurel-tamas\/#organizationLogo","width":300,"height":148},"image":{"@id":"https:\/\/www.teatrulreginamaria.ro\/en\/joc-si-cantec-romanesc-invitat-special-aurel-tamas\/#organizationLogo"},"sameAs":["https:\/\/www.facebook.com\/TRMTrupaIosifVulcan\/","https:\/\/x.com\/TRMOradea","https:\/\/www.instagram.com\/teatrul_regina_maria\/","https:\/\/www.youtube.com\/c\/TeatrulReginaMariaOradea","https:\/\/www.linkedin.com\/company\/teatrul-regina-maria"]},{"@type":"Person","@id":"https:\/\/www.teatrulreginamaria.ro\/en\/author\/iulianm\/#author","url":"https:\/\/www.teatrulreginamaria.ro\/en\/author\/iulianm\/","name":"Teatrul Regina Maria","image":{"@type":"ImageObject","@id":"https:\/\/www.teatrulreginamaria.ro\/en\/joc-si-cantec-romanesc-invitat-special-aurel-tamas\/#authorImage","url":"https:\/\/secure.gravatar.com\/avatar\/49af75bc1b3eb710073d2f37927ea27e6c274a29562ef49edfc6bcf11b9e941d?s=96&d=mm&r=g","width":96,"height":96,"caption":"Teatrul Regina Maria"}},{"@type":"WebPage","@id":"https:\/\/www.teatrulreginamaria.ro\/en\/joc-si-cantec-romanesc-invitat-special-aurel-tamas\/#webpage","url":"https:\/\/www.teatrulreginamaria.ro\/en\/joc-si-cantec-romanesc-invitat-special-aurel-tamas\/","name":"JOC \u015eI C\u00c2NTEC ROM\u00c2NESC. INVITAT SPECIAL: AUREL T\u0102MA\u015e - Teatrul Regina Maria Oradea","description":"Teatrul Regina Maria are deosebita pl\u0103cere de a v\u0103 invita la un spectacol tradi\u0163ional care va avea loc joi, 19 aprilie, pentru a comemora ziua de 20 aprilie 1919, care este o zi de referin\u0163\u0103 pentru istoria ora\u015fului Oradea. Atunci s-a reu\u015fit eliberarea urbei de pe Cri\u015ful Repede \u015fi intrarea sa de drept \u00een componen\u0163a","inLanguage":"en-GB","isPartOf":{"@id":"https:\/\/www.teatrulreginamaria.ro\/en\/#website"},"breadcrumb":{"@id":"https:\/\/www.teatrulreginamaria.ro\/en\/joc-si-cantec-romanesc-invitat-special-aurel-tamas\/#breadcrumblist"},"author":{"@id":"https:\/\/www.teatrulreginamaria.ro\/en\/author\/iulianm\/#author"},"creator":{"@id":"https:\/\/www.teatrulreginamaria.ro\/en\/author\/iulianm\/#author"},"datePublished":"2012-04-12T10:31:45+03:00","dateModified":"2012-04-12T10:31:45+03:00"},{"@type":"WebSite","@id":"https:\/\/www.teatrulreginamaria.ro\/en\/#website","url":"https:\/\/www.teatrulreginamaria.ro\/en\/","name":"Teatrul Regina Maria Oradea","alternateName":"TRM Oradea","description":"Trupa Iosif Vulcan \u0219i Trupa Arcadia","inLanguage":"en-GB","publisher":{"@id":"https:\/\/www.teatrulreginamaria.ro\/en\/#organization"}}]},"og:locale":"en_GB","og:site_name":"Teatrul Regina Maria Oradea - Trupa Iosif Vulcan \u0219i Trupa Arcadia","og:type":"article","og:title":"JOC \u015eI C\u00c2NTEC ROM\u00c2NESC. INVITAT SPECIAL: AUREL T\u0102MA\u015e - Teatrul Regina Maria Oradea","og:description":"Teatrul Regina Maria are deosebita pl\u0103cere de a v\u0103 invita la un spectacol tradi\u0163ional care va avea loc joi, 19 aprilie, pentru a comemora ziua de 20 aprilie 1919, care este o zi de referin\u0163\u0103 pentru istoria ora\u015fului Oradea. Atunci s-a reu\u015fit eliberarea urbei de pe Cri\u015ful Repede \u015fi intrarea sa de drept \u00een componen\u0163a","og:url":"https:\/\/www.teatrulreginamaria.ro\/en\/joc-si-cantec-romanesc-invitat-special-aurel-tamas\/","og:image":"https:\/\/www.teatrulreginamaria.ro\/wp-content\/uploads\/2025\/03\/trm-istoric-01.jpg","og:image:secure_url":"https:\/\/www.teatrulreginamaria.ro\/wp-content\/uploads\/2025\/03\/trm-istoric-01.jpg","og:image:width":1200,"og:image:height":800,"article:published_time":"2012-04-12T10:31:45+00:00","article:modified_time":"2012-04-12T10:31:45+00:00","article:publisher":"https:\/\/www.facebook.com\/TRMTrupaIosifVulcan\/","twitter:card":"summary_large_image","twitter:site":"@TRMOradea","twitter:title":"JOC \u015eI C\u00c2NTEC ROM\u00c2NESC. INVITAT SPECIAL: AUREL T\u0102MA\u015e - Teatrul Regina Maria Oradea","twitter:description":"Teatrul Regina Maria are deosebita pl\u0103cere de a v\u0103 invita la un spectacol tradi\u0163ional care va avea loc joi, 19 aprilie, pentru a comemora ziua de 20 aprilie 1919, care este o zi de referin\u0163\u0103 pentru istoria ora\u015fului Oradea. Atunci s-a reu\u015fit eliberarea urbei de pe Cri\u015ful Repede \u015fi intrarea sa de drept \u00een componen\u0163a","twitter:creator":"@TRMOradea","twitter:image":"https:\/\/www.teatrulreginamaria.ro\/wp-content\/uploads\/2025\/03\/trm-istoric-01.jpg"},"aioseo_meta_data":{"post_id":"1344","title":null,"description":null,"keywords":null,"keyphrases":null,"primary_term":null,"canonical_url":null,"og_title":null,"og_description":null,"og_object_type":"default","og_image_type":"default","og_image_url":null,"og_image_width":null,"og_image_height":null,"og_image_custom_url":null,"og_image_custom_fields":null,"og_video":null,"og_custom_url":null,"og_article_section":null,"og_article_tags":null,"twitter_use_og":false,"twitter_card":"default","twitter_image_type":"default","twitter_image_url":null,"twitter_image_custom_url":null,"twitter_image_custom_fields":null,"twitter_title":null,"twitter_description":null,"schema":{"blockGraphs":[],"customGraphs":[],"default":{"data":{"Article":[],"Course":[],"Dataset":[],"FAQPage":[],"Movie":[],"Person":[],"Product":[],"ProductReview":[],"Car":[],"Recipe":[],"Service":[],"SoftwareApplication":[],"WebPage":[]},"graphName":"","isEnabled":true},"graphs":[]},"schema_type":"default","schema_type_options":null,"pillar_content":false,"robots_default":true,"robots_noindex":false,"robots_noarchive":false,"robots_nosnippet":false,"robots_nofollow":false,"robots_noimageindex":false,"robots_noodp":false,"robots_notranslate":false,"robots_max_snippet":null,"robots_max_videopreview":null,"robots_max_imagepreview":"large","priority":null,"frequency":null,"local_seo":null,"seo_analyzer_scan_date":"2026-05-12 23:27:35","breadcrumb_settings":null,"limit_modified_date":false,"reviewed_by":null,"open_ai":null,"ai":null,"created":"2025-04-09 17:40:54","updated":"2026-05-12 23:27:35","focus_keyword":null,"additional_keywords":null,"truseo_locale":null},"aioseo_breadcrumb":"<div class=\"aioseo-breadcrumbs\"><span class=\"aioseo-breadcrumb\">\n\t<a href=\"https:\/\/www.teatrulreginamaria.ro\/en\" title=\"Home\">Home<\/a>\n<\/span><span class=\"aioseo-breadcrumb-separator\">&raquo;<\/span><span class=\"aioseo-breadcrumb\">\n\t<a href=\"https:\/\/www.teatrulreginamaria.ro\/en\/categorie\/noutati\/\" title=\"Nout\u0103\u021bi\">Nout\u0103\u021bi<\/a>\n<\/span><span class=\"aioseo-breadcrumb-separator\">&raquo;<\/span><span class=\"aioseo-breadcrumb\">\n\t<a href=\"https:\/\/www.teatrulreginamaria.ro\/en\/categorie\/noutati\/noutati-ansamblul-crisana\/\" title=\"Nout\u0103\u021bi - Ansamblul Cri\u0219ana\">Nout\u0103\u021bi - Ansamblul Cri\u0219ana<\/a>\n<\/span><span class=\"aioseo-breadcrumb-separator\">&raquo;<\/span><span class=\"aioseo-breadcrumb\">\n\tJOC \u015eI C\u00c2NTEC ROM\u00c2NESC. INVITAT SPECIAL: AUREL T\u0102MA\u015e\n<\/span><\/div>","aioseo_breadcrumb_json":[{"label":"Home","link":"https:\/\/www.teatrulreginamaria.ro\/en"},{"label":"Nout\u0103\u021bi","link":"https:\/\/www.teatrulreginamaria.ro\/en\/categorie\/noutati\/"},{"label":"Nout\u0103\u021bi - Ansamblul Cri\u0219ana","link":"https:\/\/www.teatrulreginamaria.ro\/en\/categorie\/noutati\/noutati-ansamblul-crisana\/"},{"label":"JOC \u015eI C\u00c2NTEC ROM\u00c2NESC. INVITAT SPECIAL: AUREL T\u0102MA\u015e","link":"https:\/\/www.teatrulreginamaria.ro\/en\/joc-si-cantec-romanesc-invitat-special-aurel-tamas\/"}],"acf":[],"_links":{"self":[{"href":"https:\/\/www.teatrulreginamaria.ro\/en\/wp-json\/wp\/v2\/posts\/1344","targetHints":{"allow":["GET"]}}],"collection":[{"href":"https:\/\/www.teatrulreginamaria.ro\/en\/wp-json\/wp\/v2\/posts"}],"about":[{"href":"https:\/\/www.teatrulreginamaria.ro\/en\/wp-json\/wp\/v2\/types\/post"}],"author":[{"embeddable":true,"href":"https:\/\/www.teatrulreginamaria.ro\/en\/wp-json\/wp\/v2\/users\/1"}],"replies":[{"embeddable":true,"href":"https:\/\/www.teatrulreginamaria.ro\/en\/wp-json\/wp\/v2\/comments?post=1344"}],"version-history":[{"count":0,"href":"https:\/\/www.teatrulreginamaria.ro\/en\/wp-json\/wp\/v2\/posts\/1344\/revisions"}],"wp:attachment":[{"href":"https:\/\/www.teatrulreginamaria.ro\/en\/wp-json\/wp\/v2\/media?parent=1344"}],"wp:term":[{"taxonomy":"category","embeddable":true,"href":"https:\/\/www.teatrulreginamaria.ro\/en\/wp-json\/wp\/v2\/categories?post=1344"},{"taxonomy":"post_tag","embeddable":true,"href":"https:\/\/www.teatrulreginamaria.ro\/en\/wp-json\/wp\/v2\/tags?post=1344"}],"curies":[{"name":"wp","href":"https:\/\/api.w.org\/{rel}","templated":true}]}}