{"id":13462,"date":"2025-05-29T11:28:41","date_gmt":"2025-05-29T08:28:41","guid":{"rendered":"https:\/\/www.teatrulreginamaria.ro\/?p=13462"},"modified":"2025-06-04T13:41:13","modified_gmt":"2025-06-04T10:41:13","slug":"press-release-conference-me-my-child-and-the-relationship-between-us","status":"publish","type":"post","link":"https:\/\/www.teatrulreginamaria.ro\/en\/comunicat-de-presa-conferinta-eu-copilul-meu-si-relatia-dintre-noi\/","title":{"rendered":"PRESS RELEASE | Conference &quot;Me, my child and the relationship between us&quot;"},"content":{"rendered":"<p class=\"wp-block-paragraph\"><strong>The Arcadia troupe of the Regina Maria Theater is pleased to invite you to the conference &quot;Me, my child and our relationship&quot;, held by psychotherapist Genina Nicolae, a mental health specialist. The event will take place on Friday, June 13, starting at 6:00 PM, at the Arcadia Hall in Oradea.<\/strong><\/p>\n\n\n\n<p class=\"wp-block-paragraph\"><strong>Genina Nicolae<\/strong> is a psychotherapist accredited in experiential and unification psychotherapy, specializing in working with adults, children, couples and families. She also has advanced training in Multigenerational Psychotraumatology, Constellation of Intention, the method &quot;Compassionate Inquiry&quot;, &quot;Somatic Experiencing&quot; and &quot;Connecting with Children&quot;.<\/p>\n\n\n\n<p class=\"wp-block-paragraph\">The conference theme focuses on <strong>the relationship between parents and children<\/strong> are in preadolescence, which is a delicate stage, characterized by profound transformations both emotionally and behaviorally. Although relational challenges are often associated with adolescence, the way this transitional period is approached has a major impact on family dynamics. Preadolescence can be perceived by parents as a time of distance, but with patience, empathy and a better understanding of the child&#039;s needs, this moment becomes an important opportunity to strengthen the bond and build a relationship based on trust and authentic communication.<\/p>\n\n\n\n<p class=\"wp-block-paragraph\">The event will be held in two parts: a theoretical section, which will explore the characteristics of preadolescence and parent-child relational dynamics, followed by an interactive question and answer (Q&amp;A) session, in which participants will be able to ask questions in a safe setting.<\/p>\n\n\n\n<p class=\"wp-block-paragraph\"><strong>Participation is free, subject to reservation.<\/strong> To secure your place, please complete the registration form available at: <a href=\"https:\/\/forms.gle\/s9yfJLGAPWx3oqgT8\">https:\/\/forms.gle\/s9yfJLGAPWx3oqgT8<\/a>.<\/p>\n\n\n\n<p class=\"wp-block-paragraph\">The registration form can also be completed by accessing the link available in the event dedicated to the conference, published on the Facebook page of <strong>Arcadia Band<\/strong>.<\/p>\n\n\n\n<p class=\"wp-block-paragraph\">We look forward to exploring together how we can build authentic bridges between parents and children!<\/p>\n\n\n\n<p class=\"wp-block-paragraph\"><\/p>","protected":false},"excerpt":{"rendered":"<p>The Arcadia troupe of the Regina Maria Theater is pleased to invite you to the conference &quot;Me, my child and our relationship&quot;, held by psychotherapist Genina Nicolae, a mental health specialist. The event will take place on Friday, June 13, starting at 6:00 PM, at the Arcadia Hall in Oradea.<\/p>","protected":false},"author":9,"featured_media":13464,"comment_status":"closed","ping_status":"closed","sticky":false,"template":"","format":"standard","meta":{"_acf_changed":false,"footnotes":""},"categories":[41,37],"tags":[],"class_list":["post-13462","post","type-post","status-publish","format-standard","has-post-thumbnail","hentry","category-noutati","category-noutati-trupa-arcadia"],"aioseo_notices":[],"aioseo_head":"\n\t\t<!-- All in One SEO Pro 5.0.1.1 - aioseo.com -->\n\t<meta name=\"description\" content=\"Trupa Arcadia a Teatrului Regina Maria are pl\u0103cerea de a v\u0103 invita la conferin\u021ba \u201eEu, copilul meu \u0219i rela\u021bia dintre noi\u201d, sus\u021binut\u0103 de psihoterapeutul Genina Nicolae, specialist \u00een s\u0103n\u0103tate mental\u0103. Evenimentul va avea loc vineri, 13 iunie, \u00eencep\u00e2nd cu ora 18:00, la Sala Arcadia din Oradea.\" \/>\n\t<meta name=\"robots\" content=\"max-image-preview:large\" \/>\n\t<meta name=\"author\" content=\"Florina Dometi\"\/>\n\t<link rel=\"canonical\" href=\"https:\/\/www.teatrulreginamaria.ro\/en\/comunicat-de-presa-conferinta-eu-copilul-meu-si-relatia-dintre-noi\/\" \/>\n\t<meta name=\"generator\" content=\"All in One SEO Pro (AIOSEO) 5.0.1.1\" \/>\n\t\t<meta property=\"og:locale\" content=\"en_GB\" \/>\n\t\t<meta property=\"og:site_name\" content=\"Teatrul Regina Maria Oradea - Trupa Iosif Vulcan \u0219i Trupa Arcadia\" \/>\n\t\t<meta property=\"og:type\" content=\"article\" \/>\n\t\t<meta property=\"og:title\" content=\"COMUNICAT DE PRES\u0102 | Conferin\u021ba \u201eEu, copilul meu \u0219i rela\u021bia dintre noi\u201d - Teatrul Regina Maria Oradea\" \/>\n\t\t<meta property=\"og:description\" content=\"Trupa Arcadia a Teatrului Regina Maria are pl\u0103cerea de a v\u0103 invita la conferin\u021ba \u201eEu, copilul meu \u0219i rela\u021bia dintre noi\u201d, sus\u021binut\u0103 de psihoterapeutul Genina Nicolae, specialist \u00een s\u0103n\u0103tate mental\u0103. Evenimentul va avea loc vineri, 13 iunie, \u00eencep\u00e2nd cu ora 18:00, la Sala Arcadia din Oradea.\" \/>\n\t\t<meta property=\"og:url\" content=\"https:\/\/www.teatrulreginamaria.ro\/en\/comunicat-de-presa-conferinta-eu-copilul-meu-si-relatia-dintre-noi\/\" \/>\n\t\t<meta property=\"og:image\" content=\"https:\/\/www.teatrulreginamaria.ro\/wp-content\/uploads\/2025\/03\/trm-istoric-01.jpg\" \/>\n\t\t<meta property=\"og:image:secure_url\" content=\"https:\/\/www.teatrulreginamaria.ro\/wp-content\/uploads\/2025\/03\/trm-istoric-01.jpg\" \/>\n\t\t<meta property=\"og:image:width\" content=\"1200\" \/>\n\t\t<meta property=\"og:image:height\" content=\"800\" \/>\n\t\t<meta property=\"article:published_time\" content=\"2025-05-29T08:28:41+00:00\" \/>\n\t\t<meta property=\"article:modified_time\" content=\"2025-06-04T10:41:13+00:00\" \/>\n\t\t<meta property=\"article:publisher\" content=\"https:\/\/www.facebook.com\/TRMTrupaIosifVulcan\/\" \/>\n\t\t<meta name=\"twitter:card\" content=\"summary_large_image\" \/>\n\t\t<meta name=\"twitter:site\" content=\"@TRMOradea\" \/>\n\t\t<meta name=\"twitter:title\" content=\"COMUNICAT DE PRES\u0102 | Conferin\u021ba \u201eEu, copilul meu \u0219i rela\u021bia dintre noi\u201d - Teatrul Regina Maria Oradea\" \/>\n\t\t<meta name=\"twitter:description\" content=\"Trupa Arcadia a Teatrului Regina Maria are pl\u0103cerea de a v\u0103 invita la conferin\u021ba \u201eEu, copilul meu \u0219i rela\u021bia dintre noi\u201d, sus\u021binut\u0103 de psihoterapeutul Genina Nicolae, specialist \u00een s\u0103n\u0103tate mental\u0103. Evenimentul va avea loc vineri, 13 iunie, \u00eencep\u00e2nd cu ora 18:00, la Sala Arcadia din Oradea.\" \/>\n\t\t<meta name=\"twitter:creator\" content=\"@TRMOradea\" \/>\n\t\t<meta name=\"twitter:image\" content=\"https:\/\/www.teatrulreginamaria.ro\/wp-content\/uploads\/2025\/03\/trm-istoric-01.jpg\" \/>\n\t\t<script type=\"application\/ld+json\" class=\"aioseo-schema\">\n\t\t\t{\"@context\":\"https:\\\/\\\/schema.org\",\"@graph\":[{\"@type\":\"BlogPosting\",\"@id\":\"https:\\\/\\\/www.teatrulreginamaria.ro\\\/en\\\/comunicat-de-presa-conferinta-eu-copilul-meu-si-relatia-dintre-noi\\\/#blogposting\",\"name\":\"COMUNICAT DE PRES\\u0102 | Conferin\\u021ba \\u201eEu, copilul meu \\u0219i rela\\u021bia dintre noi\\u201d - Teatrul Regina Maria Oradea\",\"headline\":\"COMUNICAT DE PRES\\u0102 | Conferin\\u021ba \\u201eEu, copilul meu \\u0219i rela\\u021bia dintre noi\\u201d\",\"author\":{\"@id\":\"https:\\\/\\\/www.teatrulreginamaria.ro\\\/en\\\/author\\\/florina\\\/#author\"},\"publisher\":{\"@id\":\"https:\\\/\\\/www.teatrulreginamaria.ro\\\/en\\\/#organization\"},\"image\":{\"@type\":\"ImageObject\",\"url\":\"https:\\\/\\\/www.teatrulreginamaria.ro\\\/wp-content\\\/uploads\\\/2025\\\/05\\\/Conferinta_Geanina-Nicolae-Poster.png\",\"width\":794,\"height\":1123},\"datePublished\":\"2025-05-29T11:28:41+03:00\",\"dateModified\":\"2025-06-04T13:41:13+03:00\",\"inLanguage\":\"en-GB\",\"mainEntityOfPage\":{\"@id\":\"https:\\\/\\\/www.teatrulreginamaria.ro\\\/en\\\/comunicat-de-presa-conferinta-eu-copilul-meu-si-relatia-dintre-noi\\\/#webpage\"},\"isPartOf\":{\"@id\":\"https:\\\/\\\/www.teatrulreginamaria.ro\\\/en\\\/comunicat-de-presa-conferinta-eu-copilul-meu-si-relatia-dintre-noi\\\/#webpage\"},\"articleSection\":\"Nout\\u0103\\u021bi, Nout\\u0103\\u021bi - Trupa Arcadia\"},{\"@type\":\"BreadcrumbList\",\"@id\":\"https:\\\/\\\/www.teatrulreginamaria.ro\\\/en\\\/comunicat-de-presa-conferinta-eu-copilul-meu-si-relatia-dintre-noi\\\/#breadcrumblist\",\"itemListElement\":[{\"@type\":\"ListItem\",\"@id\":\"https:\\\/\\\/www.teatrulreginamaria.ro\\\/en#listItem\",\"position\":1,\"name\":\"Home\",\"item\":\"https:\\\/\\\/www.teatrulreginamaria.ro\\\/en\",\"nextItem\":{\"@type\":\"ListItem\",\"@id\":\"https:\\\/\\\/www.teatrulreginamaria.ro\\\/en\\\/categorie\\\/noutati\\\/#listItem\",\"name\":\"Nout\\u0103\\u021bi\"}},{\"@type\":\"ListItem\",\"@id\":\"https:\\\/\\\/www.teatrulreginamaria.ro\\\/en\\\/categorie\\\/noutati\\\/#listItem\",\"position\":2,\"name\":\"Nout\\u0103\\u021bi\",\"item\":\"https:\\\/\\\/www.teatrulreginamaria.ro\\\/en\\\/categorie\\\/noutati\\\/\",\"nextItem\":{\"@type\":\"ListItem\",\"@id\":\"https:\\\/\\\/www.teatrulreginamaria.ro\\\/en\\\/categorie\\\/noutati\\\/noutati-trupa-arcadia\\\/#listItem\",\"name\":\"Nout\\u0103\\u021bi - Trupa Arcadia\"},\"previousItem\":{\"@type\":\"ListItem\",\"@id\":\"https:\\\/\\\/www.teatrulreginamaria.ro\\\/en#listItem\",\"name\":\"Home\"}},{\"@type\":\"ListItem\",\"@id\":\"https:\\\/\\\/www.teatrulreginamaria.ro\\\/en\\\/categorie\\\/noutati\\\/noutati-trupa-arcadia\\\/#listItem\",\"position\":3,\"name\":\"Nout\\u0103\\u021bi - Trupa Arcadia\",\"item\":\"https:\\\/\\\/www.teatrulreginamaria.ro\\\/en\\\/categorie\\\/noutati\\\/noutati-trupa-arcadia\\\/\",\"nextItem\":{\"@type\":\"ListItem\",\"@id\":\"https:\\\/\\\/www.teatrulreginamaria.ro\\\/en\\\/comunicat-de-presa-conferinta-eu-copilul-meu-si-relatia-dintre-noi\\\/#listItem\",\"name\":\"COMUNICAT DE PRES\\u0102 | Conferin\\u021ba \\u201eEu, copilul meu \\u0219i rela\\u021bia dintre noi\\u201d\"},\"previousItem\":{\"@type\":\"ListItem\",\"@id\":\"https:\\\/\\\/www.teatrulreginamaria.ro\\\/en\\\/categorie\\\/noutati\\\/#listItem\",\"name\":\"Nout\\u0103\\u021bi\"}},{\"@type\":\"ListItem\",\"@id\":\"https:\\\/\\\/www.teatrulreginamaria.ro\\\/en\\\/comunicat-de-presa-conferinta-eu-copilul-meu-si-relatia-dintre-noi\\\/#listItem\",\"position\":4,\"name\":\"COMUNICAT DE PRES\\u0102 | Conferin\\u021ba \\u201eEu, copilul meu \\u0219i rela\\u021bia dintre noi\\u201d\",\"previousItem\":{\"@type\":\"ListItem\",\"@id\":\"https:\\\/\\\/www.teatrulreginamaria.ro\\\/en\\\/categorie\\\/noutati\\\/noutati-trupa-arcadia\\\/#listItem\",\"name\":\"Nout\\u0103\\u021bi - Trupa Arcadia\"}}]},{\"@type\":\"Organization\",\"@id\":\"https:\\\/\\\/www.teatrulreginamaria.ro\\\/en\\\/#organization\",\"name\":\"Teatrul Regina Maria Oradea\",\"description\":\"Trupa Iosif Vulcan \\u0219i Trupa Arcadia\",\"url\":\"https:\\\/\\\/www.teatrulreginamaria.ro\\\/en\\\/\",\"email\":\"marketing@teatrulreginamaria.ro\",\"telephone\":\"+40359411534\",\"numberOfEmployees\":{\"@type\":\"QuantitativeValue\",\"minValue\":0,\"maxValue\":150},\"logo\":{\"@type\":\"ImageObject\",\"url\":\"https:\\\/\\\/www.teatrulreginamaria.ro\\\/wp-content\\\/uploads\\\/2025\\\/06\\\/logo-trm-01-dark.png\",\"@id\":\"https:\\\/\\\/www.teatrulreginamaria.ro\\\/en\\\/comunicat-de-presa-conferinta-eu-copilul-meu-si-relatia-dintre-noi\\\/#organizationLogo\",\"width\":300,\"height\":148},\"image\":{\"@id\":\"https:\\\/\\\/www.teatrulreginamaria.ro\\\/en\\\/comunicat-de-presa-conferinta-eu-copilul-meu-si-relatia-dintre-noi\\\/#organizationLogo\"},\"sameAs\":[\"https:\\\/\\\/www.facebook.com\\\/TRMTrupaIosifVulcan\\\/\",\"https:\\\/\\\/x.com\\\/TRMOradea\",\"https:\\\/\\\/www.instagram.com\\\/teatrul_regina_maria\\\/\",\"https:\\\/\\\/www.youtube.com\\\/c\\\/TeatrulReginaMariaOradea\",\"https:\\\/\\\/www.linkedin.com\\\/company\\\/teatrul-regina-maria\"]},{\"@type\":\"Person\",\"@id\":\"https:\\\/\\\/www.teatrulreginamaria.ro\\\/en\\\/author\\\/florina\\\/#author\",\"url\":\"https:\\\/\\\/www.teatrulreginamaria.ro\\\/en\\\/author\\\/florina\\\/\",\"name\":\"Florina Dometi\",\"image\":{\"@type\":\"ImageObject\",\"@id\":\"https:\\\/\\\/www.teatrulreginamaria.ro\\\/en\\\/comunicat-de-presa-conferinta-eu-copilul-meu-si-relatia-dintre-noi\\\/#authorImage\",\"url\":\"https:\\\/\\\/secure.gravatar.com\\\/avatar\\\/efc240f7aebd58d925cf11ff8d7c84e9636b0ee93a0cd22c95d272ca0ffc0289?s=96&d=mm&r=g\",\"width\":96,\"height\":96,\"caption\":\"Florina Dometi\"}},{\"@type\":\"WebPage\",\"@id\":\"https:\\\/\\\/www.teatrulreginamaria.ro\\\/en\\\/comunicat-de-presa-conferinta-eu-copilul-meu-si-relatia-dintre-noi\\\/#webpage\",\"url\":\"https:\\\/\\\/www.teatrulreginamaria.ro\\\/en\\\/comunicat-de-presa-conferinta-eu-copilul-meu-si-relatia-dintre-noi\\\/\",\"name\":\"COMUNICAT DE PRES\\u0102 | Conferin\\u021ba \\u201eEu, copilul meu \\u0219i rela\\u021bia dintre noi\\u201d - Teatrul Regina Maria Oradea\",\"description\":\"Trupa Arcadia a Teatrului Regina Maria are pl\\u0103cerea de a v\\u0103 invita la conferin\\u021ba \\u201eEu, copilul meu \\u0219i rela\\u021bia dintre noi\\u201d, sus\\u021binut\\u0103 de psihoterapeutul Genina Nicolae, specialist \\u00een s\\u0103n\\u0103tate mental\\u0103. Evenimentul va avea loc vineri, 13 iunie, \\u00eencep\\u00e2nd cu ora 18:00, la Sala Arcadia din Oradea.\",\"inLanguage\":\"en-GB\",\"isPartOf\":{\"@id\":\"https:\\\/\\\/www.teatrulreginamaria.ro\\\/en\\\/#website\"},\"breadcrumb\":{\"@id\":\"https:\\\/\\\/www.teatrulreginamaria.ro\\\/en\\\/comunicat-de-presa-conferinta-eu-copilul-meu-si-relatia-dintre-noi\\\/#breadcrumblist\"},\"author\":{\"@id\":\"https:\\\/\\\/www.teatrulreginamaria.ro\\\/en\\\/author\\\/florina\\\/#author\"},\"creator\":{\"@id\":\"https:\\\/\\\/www.teatrulreginamaria.ro\\\/en\\\/author\\\/florina\\\/#author\"},\"image\":{\"@type\":\"ImageObject\",\"url\":\"https:\\\/\\\/www.teatrulreginamaria.ro\\\/wp-content\\\/uploads\\\/2025\\\/05\\\/Conferinta_Geanina-Nicolae-Poster.png\",\"@id\":\"https:\\\/\\\/www.teatrulreginamaria.ro\\\/en\\\/comunicat-de-presa-conferinta-eu-copilul-meu-si-relatia-dintre-noi\\\/#mainImage\",\"width\":794,\"height\":1123},\"primaryImageOfPage\":{\"@id\":\"https:\\\/\\\/www.teatrulreginamaria.ro\\\/en\\\/comunicat-de-presa-conferinta-eu-copilul-meu-si-relatia-dintre-noi\\\/#mainImage\"},\"datePublished\":\"2025-05-29T11:28:41+03:00\",\"dateModified\":\"2025-06-04T13:41:13+03:00\"},{\"@type\":\"WebSite\",\"@id\":\"https:\\\/\\\/www.teatrulreginamaria.ro\\\/en\\\/#website\",\"url\":\"https:\\\/\\\/www.teatrulreginamaria.ro\\\/en\\\/\",\"name\":\"Teatrul Regina Maria Oradea\",\"alternateName\":\"TRM Oradea\",\"description\":\"Trupa Iosif Vulcan \\u0219i Trupa Arcadia\",\"inLanguage\":\"en-GB\",\"publisher\":{\"@id\":\"https:\\\/\\\/www.teatrulreginamaria.ro\\\/en\\\/#organization\"}}]}\n\t\t<\/script>\n\t\t<!-- All in One SEO Pro -->\r\n\t\t<title>COMUNICAT DE PRES\u0102 | Conferin\u021ba \u201eEu, copilul meu \u0219i rela\u021bia dintre noi\u201d - Teatrul Regina Maria Oradea<\/title>\n\n","aioseo_head_json":{"title":"PRESS RELEASE | Conference &quot;Me, my child and the relationship between us&quot; - Regina Maria Theater Oradea","description":"The Arcadia troupe of the Regina Maria Theater is pleased to invite you to the conference &quot;Me, my child and our relationship&quot;, held by psychotherapist Genina Nicolae, a mental health specialist. The event will take place on Friday, June 13, starting at 6:00 PM, at the Arcadia Hall in Oradea.","canonical_url":"https:\/\/www.teatrulreginamaria.ro\/en\/comunicat-de-presa-conferinta-eu-copilul-meu-si-relatia-dintre-noi\/","robots":"max-image-preview:large","keywords":"","webmasterTools":{"miscellaneous":""},"schema":{"@context":"https:\/\/schema.org","@graph":[{"@type":"BlogPosting","@id":"https:\/\/www.teatrulreginamaria.ro\/en\/comunicat-de-presa-conferinta-eu-copilul-meu-si-relatia-dintre-noi\/#blogposting","name":"COMUNICAT DE PRES\u0102 | Conferin\u021ba \u201eEu, copilul meu \u0219i rela\u021bia dintre noi\u201d - Teatrul Regina Maria Oradea","headline":"COMUNICAT DE PRES\u0102 | Conferin\u021ba \u201eEu, copilul meu \u0219i rela\u021bia dintre noi\u201d","author":{"@id":"https:\/\/www.teatrulreginamaria.ro\/en\/author\/florina\/#author"},"publisher":{"@id":"https:\/\/www.teatrulreginamaria.ro\/en\/#organization"},"image":{"@type":"ImageObject","url":"https:\/\/www.teatrulreginamaria.ro\/wp-content\/uploads\/2025\/05\/Conferinta_Geanina-Nicolae-Poster.png","width":794,"height":1123},"datePublished":"2025-05-29T11:28:41+03:00","dateModified":"2025-06-04T13:41:13+03:00","inLanguage":"en-GB","mainEntityOfPage":{"@id":"https:\/\/www.teatrulreginamaria.ro\/en\/comunicat-de-presa-conferinta-eu-copilul-meu-si-relatia-dintre-noi\/#webpage"},"isPartOf":{"@id":"https:\/\/www.teatrulreginamaria.ro\/en\/comunicat-de-presa-conferinta-eu-copilul-meu-si-relatia-dintre-noi\/#webpage"},"articleSection":"Nout\u0103\u021bi, Nout\u0103\u021bi - Trupa Arcadia"},{"@type":"BreadcrumbList","@id":"https:\/\/www.teatrulreginamaria.ro\/en\/comunicat-de-presa-conferinta-eu-copilul-meu-si-relatia-dintre-noi\/#breadcrumblist","itemListElement":[{"@type":"ListItem","@id":"https:\/\/www.teatrulreginamaria.ro\/en#listItem","position":1,"name":"Home","item":"https:\/\/www.teatrulreginamaria.ro\/en","nextItem":{"@type":"ListItem","@id":"https:\/\/www.teatrulreginamaria.ro\/en\/categorie\/noutati\/#listItem","name":"Nout\u0103\u021bi"}},{"@type":"ListItem","@id":"https:\/\/www.teatrulreginamaria.ro\/en\/categorie\/noutati\/#listItem","position":2,"name":"Nout\u0103\u021bi","item":"https:\/\/www.teatrulreginamaria.ro\/en\/categorie\/noutati\/","nextItem":{"@type":"ListItem","@id":"https:\/\/www.teatrulreginamaria.ro\/en\/categorie\/noutati\/noutati-trupa-arcadia\/#listItem","name":"Nout\u0103\u021bi - Trupa Arcadia"},"previousItem":{"@type":"ListItem","@id":"https:\/\/www.teatrulreginamaria.ro\/en#listItem","name":"Home"}},{"@type":"ListItem","@id":"https:\/\/www.teatrulreginamaria.ro\/en\/categorie\/noutati\/noutati-trupa-arcadia\/#listItem","position":3,"name":"Nout\u0103\u021bi - Trupa Arcadia","item":"https:\/\/www.teatrulreginamaria.ro\/en\/categorie\/noutati\/noutati-trupa-arcadia\/","nextItem":{"@type":"ListItem","@id":"https:\/\/www.teatrulreginamaria.ro\/en\/comunicat-de-presa-conferinta-eu-copilul-meu-si-relatia-dintre-noi\/#listItem","name":"COMUNICAT DE PRES\u0102 | Conferin\u021ba \u201eEu, copilul meu \u0219i rela\u021bia dintre noi\u201d"},"previousItem":{"@type":"ListItem","@id":"https:\/\/www.teatrulreginamaria.ro\/en\/categorie\/noutati\/#listItem","name":"Nout\u0103\u021bi"}},{"@type":"ListItem","@id":"https:\/\/www.teatrulreginamaria.ro\/en\/comunicat-de-presa-conferinta-eu-copilul-meu-si-relatia-dintre-noi\/#listItem","position":4,"name":"COMUNICAT DE PRES\u0102 | Conferin\u021ba \u201eEu, copilul meu \u0219i rela\u021bia dintre noi\u201d","previousItem":{"@type":"ListItem","@id":"https:\/\/www.teatrulreginamaria.ro\/en\/categorie\/noutati\/noutati-trupa-arcadia\/#listItem","name":"Nout\u0103\u021bi - Trupa Arcadia"}}]},{"@type":"Organization","@id":"https:\/\/www.teatrulreginamaria.ro\/en\/#organization","name":"Teatrul Regina Maria Oradea","description":"Trupa Iosif Vulcan \u0219i Trupa Arcadia","url":"https:\/\/www.teatrulreginamaria.ro\/en\/","email":"marketing@teatrulreginamaria.ro","telephone":"+40359411534","numberOfEmployees":{"@type":"QuantitativeValue","minValue":0,"maxValue":150},"logo":{"@type":"ImageObject","url":"https:\/\/www.teatrulreginamaria.ro\/wp-content\/uploads\/2025\/06\/logo-trm-01-dark.png","@id":"https:\/\/www.teatrulreginamaria.ro\/en\/comunicat-de-presa-conferinta-eu-copilul-meu-si-relatia-dintre-noi\/#organizationLogo","width":300,"height":148},"image":{"@id":"https:\/\/www.teatrulreginamaria.ro\/en\/comunicat-de-presa-conferinta-eu-copilul-meu-si-relatia-dintre-noi\/#organizationLogo"},"sameAs":["https:\/\/www.facebook.com\/TRMTrupaIosifVulcan\/","https:\/\/x.com\/TRMOradea","https:\/\/www.instagram.com\/teatrul_regina_maria\/","https:\/\/www.youtube.com\/c\/TeatrulReginaMariaOradea","https:\/\/www.linkedin.com\/company\/teatrul-regina-maria"]},{"@type":"Person","@id":"https:\/\/www.teatrulreginamaria.ro\/en\/author\/florina\/#author","url":"https:\/\/www.teatrulreginamaria.ro\/en\/author\/florina\/","name":"Florina Dometi","image":{"@type":"ImageObject","@id":"https:\/\/www.teatrulreginamaria.ro\/en\/comunicat-de-presa-conferinta-eu-copilul-meu-si-relatia-dintre-noi\/#authorImage","url":"https:\/\/secure.gravatar.com\/avatar\/efc240f7aebd58d925cf11ff8d7c84e9636b0ee93a0cd22c95d272ca0ffc0289?s=96&d=mm&r=g","width":96,"height":96,"caption":"Florina Dometi"}},{"@type":"WebPage","@id":"https:\/\/www.teatrulreginamaria.ro\/en\/comunicat-de-presa-conferinta-eu-copilul-meu-si-relatia-dintre-noi\/#webpage","url":"https:\/\/www.teatrulreginamaria.ro\/en\/comunicat-de-presa-conferinta-eu-copilul-meu-si-relatia-dintre-noi\/","name":"COMUNICAT DE PRES\u0102 | Conferin\u021ba \u201eEu, copilul meu \u0219i rela\u021bia dintre noi\u201d - Teatrul Regina Maria Oradea","description":"Trupa Arcadia a Teatrului Regina Maria are pl\u0103cerea de a v\u0103 invita la conferin\u021ba \u201eEu, copilul meu \u0219i rela\u021bia dintre noi\u201d, sus\u021binut\u0103 de psihoterapeutul Genina Nicolae, specialist \u00een s\u0103n\u0103tate mental\u0103. Evenimentul va avea loc vineri, 13 iunie, \u00eencep\u00e2nd cu ora 18:00, la Sala Arcadia din Oradea.","inLanguage":"en-GB","isPartOf":{"@id":"https:\/\/www.teatrulreginamaria.ro\/en\/#website"},"breadcrumb":{"@id":"https:\/\/www.teatrulreginamaria.ro\/en\/comunicat-de-presa-conferinta-eu-copilul-meu-si-relatia-dintre-noi\/#breadcrumblist"},"author":{"@id":"https:\/\/www.teatrulreginamaria.ro\/en\/author\/florina\/#author"},"creator":{"@id":"https:\/\/www.teatrulreginamaria.ro\/en\/author\/florina\/#author"},"image":{"@type":"ImageObject","url":"https:\/\/www.teatrulreginamaria.ro\/wp-content\/uploads\/2025\/05\/Conferinta_Geanina-Nicolae-Poster.png","@id":"https:\/\/www.teatrulreginamaria.ro\/en\/comunicat-de-presa-conferinta-eu-copilul-meu-si-relatia-dintre-noi\/#mainImage","width":794,"height":1123},"primaryImageOfPage":{"@id":"https:\/\/www.teatrulreginamaria.ro\/en\/comunicat-de-presa-conferinta-eu-copilul-meu-si-relatia-dintre-noi\/#mainImage"},"datePublished":"2025-05-29T11:28:41+03:00","dateModified":"2025-06-04T13:41:13+03:00"},{"@type":"WebSite","@id":"https:\/\/www.teatrulreginamaria.ro\/en\/#website","url":"https:\/\/www.teatrulreginamaria.ro\/en\/","name":"Teatrul Regina Maria Oradea","alternateName":"TRM Oradea","description":"Trupa Iosif Vulcan \u0219i Trupa Arcadia","inLanguage":"en-GB","publisher":{"@id":"https:\/\/www.teatrulreginamaria.ro\/en\/#organization"}}]},"og:locale":"en_GB","og:site_name":"Teatrul Regina Maria Oradea - Trupa Iosif Vulcan \u0219i Trupa Arcadia","og:type":"article","og:title":"COMUNICAT DE PRES\u0102 | Conferin\u021ba \u201eEu, copilul meu \u0219i rela\u021bia dintre noi\u201d - Teatrul Regina Maria Oradea","og:description":"Trupa Arcadia a Teatrului Regina Maria are pl\u0103cerea de a v\u0103 invita la conferin\u021ba \u201eEu, copilul meu \u0219i rela\u021bia dintre noi\u201d, sus\u021binut\u0103 de psihoterapeutul Genina Nicolae, specialist \u00een s\u0103n\u0103tate mental\u0103. Evenimentul va avea loc vineri, 13 iunie, \u00eencep\u00e2nd cu ora 18:00, la Sala Arcadia din Oradea.","og:url":"https:\/\/www.teatrulreginamaria.ro\/en\/comunicat-de-presa-conferinta-eu-copilul-meu-si-relatia-dintre-noi\/","og:image":"https:\/\/www.teatrulreginamaria.ro\/wp-content\/uploads\/2025\/03\/trm-istoric-01.jpg","og:image:secure_url":"https:\/\/www.teatrulreginamaria.ro\/wp-content\/uploads\/2025\/03\/trm-istoric-01.jpg","og:image:width":1200,"og:image:height":800,"article:published_time":"2025-05-29T08:28:41+00:00","article:modified_time":"2025-06-04T10:41:13+00:00","article:publisher":"https:\/\/www.facebook.com\/TRMTrupaIosifVulcan\/","twitter:card":"summary_large_image","twitter:site":"@TRMOradea","twitter:title":"COMUNICAT DE PRES\u0102 | Conferin\u021ba \u201eEu, copilul meu \u0219i rela\u021bia dintre noi\u201d - Teatrul Regina Maria Oradea","twitter:description":"Trupa Arcadia a Teatrului Regina Maria are pl\u0103cerea de a v\u0103 invita la conferin\u021ba \u201eEu, copilul meu \u0219i rela\u021bia dintre noi\u201d, sus\u021binut\u0103 de psihoterapeutul Genina Nicolae, specialist \u00een s\u0103n\u0103tate mental\u0103. Evenimentul va avea loc vineri, 13 iunie, \u00eencep\u00e2nd cu ora 18:00, la Sala Arcadia din Oradea.","twitter:creator":"@TRMOradea","twitter:image":"https:\/\/www.teatrulreginamaria.ro\/wp-content\/uploads\/2025\/03\/trm-istoric-01.jpg"},"aioseo_meta_data":{"post_id":"13462","title":null,"description":null,"keywords":null,"keyphrases":{"focus":{"keyphrase":"","score":0,"analysis":{"keyphraseInTitle":{"score":0,"maxScore":9,"error":1}}},"additional":[]},"primary_term":null,"canonical_url":null,"og_title":null,"og_description":null,"og_object_type":"default","og_image_type":"default","og_image_url":null,"og_image_width":null,"og_image_height":null,"og_image_custom_url":null,"og_image_custom_fields":null,"og_video":"","og_custom_url":null,"og_article_section":null,"og_article_tags":null,"twitter_use_og":false,"twitter_card":"default","twitter_image_type":"default","twitter_image_url":null,"twitter_image_custom_url":null,"twitter_image_custom_fields":null,"twitter_title":null,"twitter_description":null,"schema":{"blockGraphs":[],"customGraphs":[],"default":{"data":{"Article":[],"Course":[],"Dataset":[],"FAQPage":[],"Movie":[],"Person":[],"Product":[],"ProductReview":[],"Car":[],"Recipe":[],"Service":[],"SoftwareApplication":[],"WebPage":[]},"graphName":"BlogPosting","isEnabled":true},"graphs":[]},"schema_type":"default","schema_type_options":null,"pillar_content":false,"robots_default":true,"robots_noindex":false,"robots_noarchive":false,"robots_nosnippet":false,"robots_nofollow":false,"robots_noimageindex":false,"robots_noodp":false,"robots_notranslate":false,"robots_max_snippet":"-1","robots_max_videopreview":"-1","robots_max_imagepreview":"large","priority":null,"frequency":"default","local_seo":null,"seo_analyzer_scan_date":"2026-05-13 03:40:52","breadcrumb_settings":null,"limit_modified_date":false,"reviewed_by":"0","open_ai":"{\"title\":{\"suggestions\":[],\"usage\":0},\"description\":{\"suggestions\":[],\"usage\":0}}","ai":null,"created":"2025-05-29 08:07:39","updated":"2026-05-13 03:40:52","focus_keyword":null,"additional_keywords":null,"truseo_locale":null},"aioseo_breadcrumb":"<div class=\"aioseo-breadcrumbs\"><span class=\"aioseo-breadcrumb\">\n\t<a href=\"https:\/\/www.teatrulreginamaria.ro\/en\" title=\"Home\">Home<\/a>\n<\/span><span class=\"aioseo-breadcrumb-separator\">&raquo;<\/span><span class=\"aioseo-breadcrumb\">\n\t<a href=\"https:\/\/www.teatrulreginamaria.ro\/en\/categorie\/noutati\/\" title=\"Nout\u0103\u021bi\">Nout\u0103\u021bi<\/a>\n<\/span><span class=\"aioseo-breadcrumb-separator\">&raquo;<\/span><span class=\"aioseo-breadcrumb\">\n\t<a href=\"https:\/\/www.teatrulreginamaria.ro\/en\/categorie\/noutati\/noutati-trupa-arcadia\/\" title=\"Nout\u0103\u021bi - Trupa Arcadia\">Nout\u0103\u021bi - Trupa Arcadia<\/a>\n<\/span><span class=\"aioseo-breadcrumb-separator\">&raquo;<\/span><span class=\"aioseo-breadcrumb\">\n\tCOMUNICAT DE PRES\u0102 | Conferin\u021ba \u201eEu, copilul meu \u0219i rela\u021bia dintre noi\u201d\n<\/span><\/div>","aioseo_breadcrumb_json":[{"label":"Home","link":"https:\/\/www.teatrulreginamaria.ro\/en"},{"label":"Nout\u0103\u021bi","link":"https:\/\/www.teatrulreginamaria.ro\/en\/categorie\/noutati\/"},{"label":"Nout\u0103\u021bi - Trupa Arcadia","link":"https:\/\/www.teatrulreginamaria.ro\/en\/categorie\/noutati\/noutati-trupa-arcadia\/"},{"label":"COMUNICAT DE PRES\u0102 | Conferin\u021ba \u201eEu, copilul meu \u0219i rela\u021bia dintre noi\u201d","link":"https:\/\/www.teatrulreginamaria.ro\/en\/comunicat-de-presa-conferinta-eu-copilul-meu-si-relatia-dintre-noi\/"}],"acf":[],"_links":{"self":[{"href":"https:\/\/www.teatrulreginamaria.ro\/en\/wp-json\/wp\/v2\/posts\/13462","targetHints":{"allow":["GET"]}}],"collection":[{"href":"https:\/\/www.teatrulreginamaria.ro\/en\/wp-json\/wp\/v2\/posts"}],"about":[{"href":"https:\/\/www.teatrulreginamaria.ro\/en\/wp-json\/wp\/v2\/types\/post"}],"author":[{"embeddable":true,"href":"https:\/\/www.teatrulreginamaria.ro\/en\/wp-json\/wp\/v2\/users\/9"}],"replies":[{"embeddable":true,"href":"https:\/\/www.teatrulreginamaria.ro\/en\/wp-json\/wp\/v2\/comments?post=13462"}],"version-history":[{"count":3,"href":"https:\/\/www.teatrulreginamaria.ro\/en\/wp-json\/wp\/v2\/posts\/13462\/revisions"}],"predecessor-version":[{"id":13489,"href":"https:\/\/www.teatrulreginamaria.ro\/en\/wp-json\/wp\/v2\/posts\/13462\/revisions\/13489"}],"wp:featuredmedia":[{"embeddable":true,"href":"https:\/\/www.teatrulreginamaria.ro\/en\/wp-json\/wp\/v2\/media\/13464"}],"wp:attachment":[{"href":"https:\/\/www.teatrulreginamaria.ro\/en\/wp-json\/wp\/v2\/media?parent=13462"}],"wp:term":[{"taxonomy":"category","embeddable":true,"href":"https:\/\/www.teatrulreginamaria.ro\/en\/wp-json\/wp\/v2\/categories?post=13462"},{"taxonomy":"post_tag","embeddable":true,"href":"https:\/\/www.teatrulreginamaria.ro\/en\/wp-json\/wp\/v2\/tags?post=13462"}],"curies":[{"name":"wp","href":"https:\/\/api.w.org\/{rel}","templated":true}]}}