{"id":13630,"date":"2025-08-27T11:58:05","date_gmt":"2025-08-27T08:58:05","guid":{"rendered":"https:\/\/www.teatrulreginamaria.ro\/?p=13630"},"modified":"2025-08-27T12:00:17","modified_gmt":"2025-08-27T09:00:17","slug":"press-release-romanian-language-day-celebrated-through-a-cultural-journey","status":"publish","type":"post","link":"https:\/\/www.teatrulreginamaria.ro\/en\/comunicat-de-presa-ziua-limbii-romane-sarbatorita-printr-un-periplu-cultural\/","title":{"rendered":"PRESS RELEASE | Romanian Language Day celebrated through a cultural journey"},"content":{"rendered":"<p class=\"wp-block-paragraph\">The Regina Maria Theater, with the support of the Bihor County Council, in partnership with the Bihor County School Inspectorate and the Cri\u0219 Land Museum, is organizing the cultural event &quot;Gustar&#039;s 31st - Romanian Language Day&quot; on Sunday, August 31, from 6:00 PM, in the Conference Hall of the Cri\u0219 Land Museum.<\/p>\n\n\n\n<!--more-->\n\n\n\n<p class=\"wp-block-paragraph\">Romanian Language Day is celebrated every year on August 31, being established by Law 53\/2013.<\/p>\n\n\n\n<p class=\"wp-block-paragraph\">The event is dedicated to the Romanian language as a symbol of identity and cultural diversity, illustrating its journey from the first preserved writings to contemporary literature. The audience is invited to enjoy a selection of representative texts, fragments of theater, poetry, prose, letters, which highlight the beauty and evolution of the Romanian language, marked by cultural influences, but preserving tradition and authenticity.<\/p>\n\n\n\n<p class=\"wp-block-paragraph\">The event will be opened by the special guest, prof. univ. dr. habil. Florin Cioban, from the Faculty of Letters of the University of Oradea and collaborator of the Romanian Language Institute in Bucharest. He will give the introductory lecture entitled &quot;On the Romanian language, with respect&quot;.<\/p>\n\n\n\n<p class=\"wp-block-paragraph\">The artistic moment will be supported by the actors of the Regina Maria Theatre: Mirela Ni\u021b\u0103 Lupu, Sebastian Lupu (Omul Oamenilor), Georgia C\u0103pr\u0103rin, Lucia Rogoz, Anda T\u0103m\u0103\u0219anu, Ciprian Ciuciu, George Dometi and Alexandru Rusu. Also, three high school students from Oradea will take the stage, who will provide added freshness and authenticity to the show.<\/p>\n\n\n\n<p class=\"wp-block-paragraph\">&quot;Gustar&#039;s 31st - Romanian Language Day&quot; is an opportunity to reflect on the role of the Romanian language as a bridge between tradition and modernity.<\/p>\n\n\n\n<p class=\"wp-block-paragraph\">Public access to the event is free, subject to availability.<br>We look forward to seeing you!<\/p>","protected":false},"excerpt":{"rendered":"<p>The Regina Maria Theater, with the support of the Bihor County Council, in partnership with the Bihor County School Inspectorate and the Cri\u0219 Land Museum, is organizing the cultural event &quot;Gustar&#039;s 31st - Romanian Language Day&quot; on Sunday, August 31, from 6:00 PM, in the Conference Hall of the Cri\u0219 Land Museum.<\/p>","protected":false},"author":9,"featured_media":13631,"comment_status":"closed","ping_status":"closed","sticky":false,"template":"","format":"standard","meta":{"_acf_changed":false,"footnotes":""},"categories":[41],"tags":[],"class_list":["post-13630","post","type-post","status-publish","format-standard","has-post-thumbnail","hentry","category-noutati"],"aioseo_notices":[],"aioseo_head":"\n\t\t<!-- All in One SEO Pro 5.0.1.1 - aioseo.com -->\n\t<meta name=\"description\" content=\"Teatrul Regina Maria, cu sprijinul Consiliului Jude\u021bean Bihor, \u00een parteneriat cu Inspectoratul \u0218colar Jude\u021bean Bihor \u0219i Muzeul \u021a\u0103rii Cri\u0219urilor, organizeaz\u0103 duminic\u0103, 31 august, de la ora 18:00, \u00een Sala de Conferin\u021be a Muzeului \u021a\u0103rii Cri\u0219urilor, evenimentul cultural \u201e31 a lui Gustar \u2013 Ziua Limbii Rom\u00e2ne\u201d. Ziua Limbii Rom\u00e2ne este s\u0103rb\u0103torit\u0103, \u00een fiecare an, la 31\" \/>\n\t<meta name=\"robots\" content=\"max-image-preview:large\" \/>\n\t<meta name=\"author\" content=\"Florina Dometi\"\/>\n\t<link rel=\"canonical\" href=\"https:\/\/www.teatrulreginamaria.ro\/en\/comunicat-de-presa-ziua-limbii-romane-sarbatorita-printr-un-periplu-cultural\/\" \/>\n\t<meta name=\"generator\" content=\"All in One SEO Pro (AIOSEO) 5.0.1.1\" \/>\n\t\t<meta property=\"og:locale\" content=\"en_GB\" \/>\n\t\t<meta property=\"og:site_name\" content=\"Teatrul Regina Maria Oradea - Trupa Iosif Vulcan \u0219i Trupa Arcadia\" \/>\n\t\t<meta property=\"og:type\" content=\"article\" \/>\n\t\t<meta property=\"og:title\" content=\"COMUNICAT DE PRES\u0102 | Ziua Limbii Rom\u00e2ne s\u0103rb\u0103torit\u0103 printr-un periplu cultural - Teatrul Regina Maria Oradea\" \/>\n\t\t<meta property=\"og:description\" content=\"Teatrul Regina Maria, cu sprijinul Consiliului Jude\u021bean Bihor, \u00een parteneriat cu Inspectoratul \u0218colar Jude\u021bean Bihor \u0219i Muzeul \u021a\u0103rii Cri\u0219urilor, organizeaz\u0103 duminic\u0103, 31 august, de la ora 18:00, \u00een Sala de Conferin\u021be a Muzeului \u021a\u0103rii Cri\u0219urilor, evenimentul cultural \u201e31 a lui Gustar \u2013 Ziua Limbii Rom\u00e2ne\u201d. Ziua Limbii Rom\u00e2ne este s\u0103rb\u0103torit\u0103, \u00een fiecare an, la 31\" \/>\n\t\t<meta property=\"og:url\" content=\"https:\/\/www.teatrulreginamaria.ro\/en\/comunicat-de-presa-ziua-limbii-romane-sarbatorita-printr-un-periplu-cultural\/\" \/>\n\t\t<meta property=\"og:image\" content=\"https:\/\/www.teatrulreginamaria.ro\/wp-content\/uploads\/2025\/03\/trm-istoric-01.jpg\" \/>\n\t\t<meta property=\"og:image:secure_url\" content=\"https:\/\/www.teatrulreginamaria.ro\/wp-content\/uploads\/2025\/03\/trm-istoric-01.jpg\" \/>\n\t\t<meta property=\"og:image:width\" content=\"1200\" \/>\n\t\t<meta property=\"og:image:height\" content=\"800\" \/>\n\t\t<meta property=\"article:published_time\" content=\"2025-08-27T08:58:05+00:00\" \/>\n\t\t<meta property=\"article:modified_time\" content=\"2025-08-27T09:00:17+00:00\" \/>\n\t\t<meta property=\"article:publisher\" content=\"https:\/\/www.facebook.com\/TRMTrupaIosifVulcan\/\" \/>\n\t\t<meta name=\"twitter:card\" content=\"summary_large_image\" \/>\n\t\t<meta name=\"twitter:site\" content=\"@TRMOradea\" \/>\n\t\t<meta name=\"twitter:title\" content=\"COMUNICAT DE PRES\u0102 | Ziua Limbii Rom\u00e2ne s\u0103rb\u0103torit\u0103 printr-un periplu cultural - Teatrul Regina Maria Oradea\" \/>\n\t\t<meta name=\"twitter:description\" content=\"Teatrul Regina Maria, cu sprijinul Consiliului Jude\u021bean Bihor, \u00een parteneriat cu Inspectoratul \u0218colar Jude\u021bean Bihor \u0219i Muzeul \u021a\u0103rii Cri\u0219urilor, organizeaz\u0103 duminic\u0103, 31 august, de la ora 18:00, \u00een Sala de Conferin\u021be a Muzeului \u021a\u0103rii Cri\u0219urilor, evenimentul cultural \u201e31 a lui Gustar \u2013 Ziua Limbii Rom\u00e2ne\u201d. Ziua Limbii Rom\u00e2ne este s\u0103rb\u0103torit\u0103, \u00een fiecare an, la 31\" \/>\n\t\t<meta name=\"twitter:creator\" content=\"@TRMOradea\" \/>\n\t\t<meta name=\"twitter:image\" content=\"https:\/\/www.teatrulreginamaria.ro\/wp-content\/uploads\/2025\/03\/trm-istoric-01.jpg\" \/>\n\t\t<script type=\"application\/ld+json\" class=\"aioseo-schema\">\n\t\t\t{\"@context\":\"https:\\\/\\\/schema.org\",\"@graph\":[{\"@type\":\"BlogPosting\",\"@id\":\"https:\\\/\\\/www.teatrulreginamaria.ro\\\/en\\\/comunicat-de-presa-ziua-limbii-romane-sarbatorita-printr-un-periplu-cultural\\\/#blogposting\",\"name\":\"COMUNICAT DE PRES\\u0102 | Ziua Limbii Rom\\u00e2ne s\\u0103rb\\u0103torit\\u0103 printr-un periplu cultural - Teatrul Regina Maria Oradea\",\"headline\":\"COMUNICAT DE PRES\\u0102 | Ziua Limbii Rom\\u00e2ne s\\u0103rb\\u0103torit\\u0103 printr-un periplu cultural\",\"author\":{\"@id\":\"https:\\\/\\\/www.teatrulreginamaria.ro\\\/en\\\/author\\\/florina\\\/#author\"},\"publisher\":{\"@id\":\"https:\\\/\\\/www.teatrulreginamaria.ro\\\/en\\\/#organization\"},\"image\":{\"@type\":\"ImageObject\",\"url\":\"https:\\\/\\\/www.teatrulreginamaria.ro\\\/wp-content\\\/uploads\\\/2025\\\/08\\\/AFIS-ZIUA-LIMBII-ROAMANE-2025-6-MIC-scaled.jpg\",\"width\":1792,\"height\":2560},\"datePublished\":\"2025-08-27T11:58:05+03:00\",\"dateModified\":\"2025-08-27T12:00:17+03:00\",\"inLanguage\":\"en-GB\",\"mainEntityOfPage\":{\"@id\":\"https:\\\/\\\/www.teatrulreginamaria.ro\\\/en\\\/comunicat-de-presa-ziua-limbii-romane-sarbatorita-printr-un-periplu-cultural\\\/#webpage\"},\"isPartOf\":{\"@id\":\"https:\\\/\\\/www.teatrulreginamaria.ro\\\/en\\\/comunicat-de-presa-ziua-limbii-romane-sarbatorita-printr-un-periplu-cultural\\\/#webpage\"},\"articleSection\":\"Nout\\u0103\\u021bi\"},{\"@type\":\"BreadcrumbList\",\"@id\":\"https:\\\/\\\/www.teatrulreginamaria.ro\\\/en\\\/comunicat-de-presa-ziua-limbii-romane-sarbatorita-printr-un-periplu-cultural\\\/#breadcrumblist\",\"itemListElement\":[{\"@type\":\"ListItem\",\"@id\":\"https:\\\/\\\/www.teatrulreginamaria.ro\\\/en#listItem\",\"position\":1,\"name\":\"Home\",\"item\":\"https:\\\/\\\/www.teatrulreginamaria.ro\\\/en\",\"nextItem\":{\"@type\":\"ListItem\",\"@id\":\"https:\\\/\\\/www.teatrulreginamaria.ro\\\/en\\\/categorie\\\/noutati\\\/#listItem\",\"name\":\"Nout\\u0103\\u021bi\"}},{\"@type\":\"ListItem\",\"@id\":\"https:\\\/\\\/www.teatrulreginamaria.ro\\\/en\\\/categorie\\\/noutati\\\/#listItem\",\"position\":2,\"name\":\"Nout\\u0103\\u021bi\",\"item\":\"https:\\\/\\\/www.teatrulreginamaria.ro\\\/en\\\/categorie\\\/noutati\\\/\",\"nextItem\":{\"@type\":\"ListItem\",\"@id\":\"https:\\\/\\\/www.teatrulreginamaria.ro\\\/en\\\/comunicat-de-presa-ziua-limbii-romane-sarbatorita-printr-un-periplu-cultural\\\/#listItem\",\"name\":\"COMUNICAT DE PRES\\u0102 | Ziua Limbii Rom\\u00e2ne s\\u0103rb\\u0103torit\\u0103 printr-un periplu cultural\"},\"previousItem\":{\"@type\":\"ListItem\",\"@id\":\"https:\\\/\\\/www.teatrulreginamaria.ro\\\/en#listItem\",\"name\":\"Home\"}},{\"@type\":\"ListItem\",\"@id\":\"https:\\\/\\\/www.teatrulreginamaria.ro\\\/en\\\/comunicat-de-presa-ziua-limbii-romane-sarbatorita-printr-un-periplu-cultural\\\/#listItem\",\"position\":3,\"name\":\"COMUNICAT DE PRES\\u0102 | Ziua Limbii Rom\\u00e2ne s\\u0103rb\\u0103torit\\u0103 printr-un periplu cultural\",\"previousItem\":{\"@type\":\"ListItem\",\"@id\":\"https:\\\/\\\/www.teatrulreginamaria.ro\\\/en\\\/categorie\\\/noutati\\\/#listItem\",\"name\":\"Nout\\u0103\\u021bi\"}}]},{\"@type\":\"Organization\",\"@id\":\"https:\\\/\\\/www.teatrulreginamaria.ro\\\/en\\\/#organization\",\"name\":\"Teatrul Regina Maria Oradea\",\"description\":\"Trupa Iosif Vulcan \\u0219i Trupa Arcadia\",\"url\":\"https:\\\/\\\/www.teatrulreginamaria.ro\\\/en\\\/\",\"email\":\"marketing@teatrulreginamaria.ro\",\"telephone\":\"+40359411534\",\"numberOfEmployees\":{\"@type\":\"QuantitativeValue\",\"minValue\":0,\"maxValue\":150},\"logo\":{\"@type\":\"ImageObject\",\"url\":\"https:\\\/\\\/www.teatrulreginamaria.ro\\\/wp-content\\\/uploads\\\/2025\\\/06\\\/logo-trm-01-dark.png\",\"@id\":\"https:\\\/\\\/www.teatrulreginamaria.ro\\\/en\\\/comunicat-de-presa-ziua-limbii-romane-sarbatorita-printr-un-periplu-cultural\\\/#organizationLogo\",\"width\":300,\"height\":148},\"image\":{\"@id\":\"https:\\\/\\\/www.teatrulreginamaria.ro\\\/en\\\/comunicat-de-presa-ziua-limbii-romane-sarbatorita-printr-un-periplu-cultural\\\/#organizationLogo\"},\"sameAs\":[\"https:\\\/\\\/www.facebook.com\\\/TRMTrupaIosifVulcan\\\/\",\"https:\\\/\\\/x.com\\\/TRMOradea\",\"https:\\\/\\\/www.instagram.com\\\/teatrul_regina_maria\\\/\",\"https:\\\/\\\/www.youtube.com\\\/c\\\/TeatrulReginaMariaOradea\",\"https:\\\/\\\/www.linkedin.com\\\/company\\\/teatrul-regina-maria\"]},{\"@type\":\"Person\",\"@id\":\"https:\\\/\\\/www.teatrulreginamaria.ro\\\/en\\\/author\\\/florina\\\/#author\",\"url\":\"https:\\\/\\\/www.teatrulreginamaria.ro\\\/en\\\/author\\\/florina\\\/\",\"name\":\"Florina Dometi\",\"image\":{\"@type\":\"ImageObject\",\"@id\":\"https:\\\/\\\/www.teatrulreginamaria.ro\\\/en\\\/comunicat-de-presa-ziua-limbii-romane-sarbatorita-printr-un-periplu-cultural\\\/#authorImage\",\"url\":\"https:\\\/\\\/secure.gravatar.com\\\/avatar\\\/efc240f7aebd58d925cf11ff8d7c84e9636b0ee93a0cd22c95d272ca0ffc0289?s=96&d=mm&r=g\",\"width\":96,\"height\":96,\"caption\":\"Florina Dometi\"}},{\"@type\":\"WebPage\",\"@id\":\"https:\\\/\\\/www.teatrulreginamaria.ro\\\/en\\\/comunicat-de-presa-ziua-limbii-romane-sarbatorita-printr-un-periplu-cultural\\\/#webpage\",\"url\":\"https:\\\/\\\/www.teatrulreginamaria.ro\\\/en\\\/comunicat-de-presa-ziua-limbii-romane-sarbatorita-printr-un-periplu-cultural\\\/\",\"name\":\"COMUNICAT DE PRES\\u0102 | Ziua Limbii Rom\\u00e2ne s\\u0103rb\\u0103torit\\u0103 printr-un periplu cultural - Teatrul Regina Maria Oradea\",\"description\":\"Teatrul Regina Maria, cu sprijinul Consiliului Jude\\u021bean Bihor, \\u00een parteneriat cu Inspectoratul \\u0218colar Jude\\u021bean Bihor \\u0219i Muzeul \\u021a\\u0103rii Cri\\u0219urilor, organizeaz\\u0103 duminic\\u0103, 31 august, de la ora 18:00, \\u00een Sala de Conferin\\u021be a Muzeului \\u021a\\u0103rii Cri\\u0219urilor, evenimentul cultural \\u201e31 a lui Gustar \\u2013 Ziua Limbii Rom\\u00e2ne\\u201d. Ziua Limbii Rom\\u00e2ne este s\\u0103rb\\u0103torit\\u0103, \\u00een fiecare an, la 31\",\"inLanguage\":\"en-GB\",\"isPartOf\":{\"@id\":\"https:\\\/\\\/www.teatrulreginamaria.ro\\\/en\\\/#website\"},\"breadcrumb\":{\"@id\":\"https:\\\/\\\/www.teatrulreginamaria.ro\\\/en\\\/comunicat-de-presa-ziua-limbii-romane-sarbatorita-printr-un-periplu-cultural\\\/#breadcrumblist\"},\"author\":{\"@id\":\"https:\\\/\\\/www.teatrulreginamaria.ro\\\/en\\\/author\\\/florina\\\/#author\"},\"creator\":{\"@id\":\"https:\\\/\\\/www.teatrulreginamaria.ro\\\/en\\\/author\\\/florina\\\/#author\"},\"image\":{\"@type\":\"ImageObject\",\"url\":\"https:\\\/\\\/www.teatrulreginamaria.ro\\\/wp-content\\\/uploads\\\/2025\\\/08\\\/AFIS-ZIUA-LIMBII-ROAMANE-2025-6-MIC-scaled.jpg\",\"@id\":\"https:\\\/\\\/www.teatrulreginamaria.ro\\\/en\\\/comunicat-de-presa-ziua-limbii-romane-sarbatorita-printr-un-periplu-cultural\\\/#mainImage\",\"width\":1792,\"height\":2560},\"primaryImageOfPage\":{\"@id\":\"https:\\\/\\\/www.teatrulreginamaria.ro\\\/en\\\/comunicat-de-presa-ziua-limbii-romane-sarbatorita-printr-un-periplu-cultural\\\/#mainImage\"},\"datePublished\":\"2025-08-27T11:58:05+03:00\",\"dateModified\":\"2025-08-27T12:00:17+03:00\"},{\"@type\":\"WebSite\",\"@id\":\"https:\\\/\\\/www.teatrulreginamaria.ro\\\/en\\\/#website\",\"url\":\"https:\\\/\\\/www.teatrulreginamaria.ro\\\/en\\\/\",\"name\":\"Teatrul Regina Maria Oradea\",\"alternateName\":\"TRM Oradea\",\"description\":\"Trupa Iosif Vulcan \\u0219i Trupa Arcadia\",\"inLanguage\":\"en-GB\",\"publisher\":{\"@id\":\"https:\\\/\\\/www.teatrulreginamaria.ro\\\/en\\\/#organization\"}}]}\n\t\t<\/script>\n\t\t<!-- All in One SEO Pro -->\r\n\t\t<title>COMUNICAT DE PRES\u0102 | Ziua Limbii Rom\u00e2ne s\u0103rb\u0103torit\u0103 printr-un periplu cultural - Teatrul Regina Maria Oradea<\/title>\n\n","aioseo_head_json":{"title":"PRESS RELEASE | Romanian Language Day celebrated through a cultural journey - Regina Maria Theater Oradea","description":"The Regina Maria Theater, with the support of the Bihor County Council, in partnership with the Bihor County School Inspectorate and the Cri\u0219 Land Museum, organizes on Sunday, August 31, from 6:00 PM, in the Conference Hall of the Cri\u0219 Land Museum, the cultural event &quot;Gustar&#039;s 31 - Romanian Language Day&quot;. Romanian Language Day is celebrated every year on August 31.","canonical_url":"https:\/\/www.teatrulreginamaria.ro\/en\/comunicat-de-presa-ziua-limbii-romane-sarbatorita-printr-un-periplu-cultural\/","robots":"max-image-preview:large","keywords":"","webmasterTools":{"miscellaneous":""},"schema":{"@context":"https:\/\/schema.org","@graph":[{"@type":"BlogPosting","@id":"https:\/\/www.teatrulreginamaria.ro\/en\/comunicat-de-presa-ziua-limbii-romane-sarbatorita-printr-un-periplu-cultural\/#blogposting","name":"COMUNICAT DE PRES\u0102 | Ziua Limbii Rom\u00e2ne s\u0103rb\u0103torit\u0103 printr-un periplu cultural - Teatrul Regina Maria Oradea","headline":"COMUNICAT DE PRES\u0102 | Ziua Limbii Rom\u00e2ne s\u0103rb\u0103torit\u0103 printr-un periplu cultural","author":{"@id":"https:\/\/www.teatrulreginamaria.ro\/en\/author\/florina\/#author"},"publisher":{"@id":"https:\/\/www.teatrulreginamaria.ro\/en\/#organization"},"image":{"@type":"ImageObject","url":"https:\/\/www.teatrulreginamaria.ro\/wp-content\/uploads\/2025\/08\/AFIS-ZIUA-LIMBII-ROAMANE-2025-6-MIC-scaled.jpg","width":1792,"height":2560},"datePublished":"2025-08-27T11:58:05+03:00","dateModified":"2025-08-27T12:00:17+03:00","inLanguage":"en-GB","mainEntityOfPage":{"@id":"https:\/\/www.teatrulreginamaria.ro\/en\/comunicat-de-presa-ziua-limbii-romane-sarbatorita-printr-un-periplu-cultural\/#webpage"},"isPartOf":{"@id":"https:\/\/www.teatrulreginamaria.ro\/en\/comunicat-de-presa-ziua-limbii-romane-sarbatorita-printr-un-periplu-cultural\/#webpage"},"articleSection":"Nout\u0103\u021bi"},{"@type":"BreadcrumbList","@id":"https:\/\/www.teatrulreginamaria.ro\/en\/comunicat-de-presa-ziua-limbii-romane-sarbatorita-printr-un-periplu-cultural\/#breadcrumblist","itemListElement":[{"@type":"ListItem","@id":"https:\/\/www.teatrulreginamaria.ro\/en#listItem","position":1,"name":"Home","item":"https:\/\/www.teatrulreginamaria.ro\/en","nextItem":{"@type":"ListItem","@id":"https:\/\/www.teatrulreginamaria.ro\/en\/categorie\/noutati\/#listItem","name":"Nout\u0103\u021bi"}},{"@type":"ListItem","@id":"https:\/\/www.teatrulreginamaria.ro\/en\/categorie\/noutati\/#listItem","position":2,"name":"Nout\u0103\u021bi","item":"https:\/\/www.teatrulreginamaria.ro\/en\/categorie\/noutati\/","nextItem":{"@type":"ListItem","@id":"https:\/\/www.teatrulreginamaria.ro\/en\/comunicat-de-presa-ziua-limbii-romane-sarbatorita-printr-un-periplu-cultural\/#listItem","name":"COMUNICAT DE PRES\u0102 | Ziua Limbii Rom\u00e2ne s\u0103rb\u0103torit\u0103 printr-un periplu cultural"},"previousItem":{"@type":"ListItem","@id":"https:\/\/www.teatrulreginamaria.ro\/en#listItem","name":"Home"}},{"@type":"ListItem","@id":"https:\/\/www.teatrulreginamaria.ro\/en\/comunicat-de-presa-ziua-limbii-romane-sarbatorita-printr-un-periplu-cultural\/#listItem","position":3,"name":"COMUNICAT DE PRES\u0102 | Ziua Limbii Rom\u00e2ne s\u0103rb\u0103torit\u0103 printr-un periplu cultural","previousItem":{"@type":"ListItem","@id":"https:\/\/www.teatrulreginamaria.ro\/en\/categorie\/noutati\/#listItem","name":"Nout\u0103\u021bi"}}]},{"@type":"Organization","@id":"https:\/\/www.teatrulreginamaria.ro\/en\/#organization","name":"Teatrul Regina Maria Oradea","description":"Trupa Iosif Vulcan \u0219i Trupa Arcadia","url":"https:\/\/www.teatrulreginamaria.ro\/en\/","email":"marketing@teatrulreginamaria.ro","telephone":"+40359411534","numberOfEmployees":{"@type":"QuantitativeValue","minValue":0,"maxValue":150},"logo":{"@type":"ImageObject","url":"https:\/\/www.teatrulreginamaria.ro\/wp-content\/uploads\/2025\/06\/logo-trm-01-dark.png","@id":"https:\/\/www.teatrulreginamaria.ro\/en\/comunicat-de-presa-ziua-limbii-romane-sarbatorita-printr-un-periplu-cultural\/#organizationLogo","width":300,"height":148},"image":{"@id":"https:\/\/www.teatrulreginamaria.ro\/en\/comunicat-de-presa-ziua-limbii-romane-sarbatorita-printr-un-periplu-cultural\/#organizationLogo"},"sameAs":["https:\/\/www.facebook.com\/TRMTrupaIosifVulcan\/","https:\/\/x.com\/TRMOradea","https:\/\/www.instagram.com\/teatrul_regina_maria\/","https:\/\/www.youtube.com\/c\/TeatrulReginaMariaOradea","https:\/\/www.linkedin.com\/company\/teatrul-regina-maria"]},{"@type":"Person","@id":"https:\/\/www.teatrulreginamaria.ro\/en\/author\/florina\/#author","url":"https:\/\/www.teatrulreginamaria.ro\/en\/author\/florina\/","name":"Florina Dometi","image":{"@type":"ImageObject","@id":"https:\/\/www.teatrulreginamaria.ro\/en\/comunicat-de-presa-ziua-limbii-romane-sarbatorita-printr-un-periplu-cultural\/#authorImage","url":"https:\/\/secure.gravatar.com\/avatar\/efc240f7aebd58d925cf11ff8d7c84e9636b0ee93a0cd22c95d272ca0ffc0289?s=96&d=mm&r=g","width":96,"height":96,"caption":"Florina Dometi"}},{"@type":"WebPage","@id":"https:\/\/www.teatrulreginamaria.ro\/en\/comunicat-de-presa-ziua-limbii-romane-sarbatorita-printr-un-periplu-cultural\/#webpage","url":"https:\/\/www.teatrulreginamaria.ro\/en\/comunicat-de-presa-ziua-limbii-romane-sarbatorita-printr-un-periplu-cultural\/","name":"COMUNICAT DE PRES\u0102 | Ziua Limbii Rom\u00e2ne s\u0103rb\u0103torit\u0103 printr-un periplu cultural - Teatrul Regina Maria Oradea","description":"Teatrul Regina Maria, cu sprijinul Consiliului Jude\u021bean Bihor, \u00een parteneriat cu Inspectoratul \u0218colar Jude\u021bean Bihor \u0219i Muzeul \u021a\u0103rii Cri\u0219urilor, organizeaz\u0103 duminic\u0103, 31 august, de la ora 18:00, \u00een Sala de Conferin\u021be a Muzeului \u021a\u0103rii Cri\u0219urilor, evenimentul cultural \u201e31 a lui Gustar \u2013 Ziua Limbii Rom\u00e2ne\u201d. Ziua Limbii Rom\u00e2ne este s\u0103rb\u0103torit\u0103, \u00een fiecare an, la 31","inLanguage":"en-GB","isPartOf":{"@id":"https:\/\/www.teatrulreginamaria.ro\/en\/#website"},"breadcrumb":{"@id":"https:\/\/www.teatrulreginamaria.ro\/en\/comunicat-de-presa-ziua-limbii-romane-sarbatorita-printr-un-periplu-cultural\/#breadcrumblist"},"author":{"@id":"https:\/\/www.teatrulreginamaria.ro\/en\/author\/florina\/#author"},"creator":{"@id":"https:\/\/www.teatrulreginamaria.ro\/en\/author\/florina\/#author"},"image":{"@type":"ImageObject","url":"https:\/\/www.teatrulreginamaria.ro\/wp-content\/uploads\/2025\/08\/AFIS-ZIUA-LIMBII-ROAMANE-2025-6-MIC-scaled.jpg","@id":"https:\/\/www.teatrulreginamaria.ro\/en\/comunicat-de-presa-ziua-limbii-romane-sarbatorita-printr-un-periplu-cultural\/#mainImage","width":1792,"height":2560},"primaryImageOfPage":{"@id":"https:\/\/www.teatrulreginamaria.ro\/en\/comunicat-de-presa-ziua-limbii-romane-sarbatorita-printr-un-periplu-cultural\/#mainImage"},"datePublished":"2025-08-27T11:58:05+03:00","dateModified":"2025-08-27T12:00:17+03:00"},{"@type":"WebSite","@id":"https:\/\/www.teatrulreginamaria.ro\/en\/#website","url":"https:\/\/www.teatrulreginamaria.ro\/en\/","name":"Teatrul Regina Maria Oradea","alternateName":"TRM Oradea","description":"Trupa Iosif Vulcan \u0219i Trupa Arcadia","inLanguage":"en-GB","publisher":{"@id":"https:\/\/www.teatrulreginamaria.ro\/en\/#organization"}}]},"og:locale":"en_GB","og:site_name":"Teatrul Regina Maria Oradea - Trupa Iosif Vulcan \u0219i Trupa Arcadia","og:type":"article","og:title":"COMUNICAT DE PRES\u0102 | Ziua Limbii Rom\u00e2ne s\u0103rb\u0103torit\u0103 printr-un periplu cultural - Teatrul Regina Maria Oradea","og:description":"Teatrul Regina Maria, cu sprijinul Consiliului Jude\u021bean Bihor, \u00een parteneriat cu Inspectoratul \u0218colar Jude\u021bean Bihor \u0219i Muzeul \u021a\u0103rii Cri\u0219urilor, organizeaz\u0103 duminic\u0103, 31 august, de la ora 18:00, \u00een Sala de Conferin\u021be a Muzeului \u021a\u0103rii Cri\u0219urilor, evenimentul cultural \u201e31 a lui Gustar \u2013 Ziua Limbii Rom\u00e2ne\u201d. Ziua Limbii Rom\u00e2ne este s\u0103rb\u0103torit\u0103, \u00een fiecare an, la 31","og:url":"https:\/\/www.teatrulreginamaria.ro\/en\/comunicat-de-presa-ziua-limbii-romane-sarbatorita-printr-un-periplu-cultural\/","og:image":"https:\/\/www.teatrulreginamaria.ro\/wp-content\/uploads\/2025\/03\/trm-istoric-01.jpg","og:image:secure_url":"https:\/\/www.teatrulreginamaria.ro\/wp-content\/uploads\/2025\/03\/trm-istoric-01.jpg","og:image:width":1200,"og:image:height":800,"article:published_time":"2025-08-27T08:58:05+00:00","article:modified_time":"2025-08-27T09:00:17+00:00","article:publisher":"https:\/\/www.facebook.com\/TRMTrupaIosifVulcan\/","twitter:card":"summary_large_image","twitter:site":"@TRMOradea","twitter:title":"COMUNICAT DE PRES\u0102 | Ziua Limbii Rom\u00e2ne s\u0103rb\u0103torit\u0103 printr-un periplu cultural - Teatrul Regina Maria Oradea","twitter:description":"Teatrul Regina Maria, cu sprijinul Consiliului Jude\u021bean Bihor, \u00een parteneriat cu Inspectoratul \u0218colar Jude\u021bean Bihor \u0219i Muzeul \u021a\u0103rii Cri\u0219urilor, organizeaz\u0103 duminic\u0103, 31 august, de la ora 18:00, \u00een Sala de Conferin\u021be a Muzeului \u021a\u0103rii Cri\u0219urilor, evenimentul cultural \u201e31 a lui Gustar \u2013 Ziua Limbii Rom\u00e2ne\u201d. Ziua Limbii Rom\u00e2ne este s\u0103rb\u0103torit\u0103, \u00een fiecare an, la 31","twitter:creator":"@TRMOradea","twitter:image":"https:\/\/www.teatrulreginamaria.ro\/wp-content\/uploads\/2025\/03\/trm-istoric-01.jpg"},"aioseo_meta_data":{"post_id":"13630","title":null,"description":null,"keywords":null,"keyphrases":{"focus":{"keyphrase":"","score":0,"analysis":{"keyphraseInTitle":{"score":0,"maxScore":9,"error":1}}},"additional":[]},"primary_term":null,"canonical_url":null,"og_title":null,"og_description":null,"og_object_type":"default","og_image_type":"default","og_image_url":null,"og_image_width":null,"og_image_height":null,"og_image_custom_url":null,"og_image_custom_fields":null,"og_video":"","og_custom_url":null,"og_article_section":null,"og_article_tags":null,"twitter_use_og":false,"twitter_card":"default","twitter_image_type":"default","twitter_image_url":null,"twitter_image_custom_url":null,"twitter_image_custom_fields":null,"twitter_title":null,"twitter_description":null,"schema":{"blockGraphs":[],"customGraphs":[],"default":{"data":{"Article":[],"Course":[],"Dataset":[],"FAQPage":[],"Movie":[],"Person":[],"Product":[],"ProductReview":[],"Car":[],"Recipe":[],"Service":[],"SoftwareApplication":[],"WebPage":[]},"graphName":"BlogPosting","isEnabled":true},"graphs":[]},"schema_type":"default","schema_type_options":null,"pillar_content":false,"robots_default":true,"robots_noindex":false,"robots_noarchive":false,"robots_nosnippet":false,"robots_nofollow":false,"robots_noimageindex":false,"robots_noodp":false,"robots_notranslate":false,"robots_max_snippet":"-1","robots_max_videopreview":"-1","robots_max_imagepreview":"large","priority":null,"frequency":"default","local_seo":null,"seo_analyzer_scan_date":"2026-05-13 03:42:26","breadcrumb_settings":null,"limit_modified_date":false,"reviewed_by":"0","open_ai":null,"ai":{"faqs":[],"keyPoints":[],"titles":[],"descriptions":[],"socialPosts":{"email":[],"linkedin":[],"twitter":[],"facebook":[],"instagram":[]}},"created":"2025-08-27 08:55:31","updated":"2026-05-13 03:42:26","focus_keyword":null,"additional_keywords":null,"truseo_locale":null},"aioseo_breadcrumb":"<div class=\"aioseo-breadcrumbs\"><span class=\"aioseo-breadcrumb\">\n\t<a href=\"https:\/\/www.teatrulreginamaria.ro\/en\" title=\"Home\">Home<\/a>\n<\/span><span class=\"aioseo-breadcrumb-separator\">&raquo;<\/span><span class=\"aioseo-breadcrumb\">\n\t<a href=\"https:\/\/www.teatrulreginamaria.ro\/en\/categorie\/noutati\/\" title=\"Nout\u0103\u021bi\">Nout\u0103\u021bi<\/a>\n<\/span><span class=\"aioseo-breadcrumb-separator\">&raquo;<\/span><span class=\"aioseo-breadcrumb\">\n\tCOMUNICAT DE PRES\u0102 | Ziua Limbii Rom\u00e2ne s\u0103rb\u0103torit\u0103 printr-un periplu cultural\n<\/span><\/div>","aioseo_breadcrumb_json":[{"label":"Home","link":"https:\/\/www.teatrulreginamaria.ro\/en"},{"label":"Nout\u0103\u021bi","link":"https:\/\/www.teatrulreginamaria.ro\/en\/categorie\/noutati\/"},{"label":"COMUNICAT DE PRES\u0102 | Ziua Limbii Rom\u00e2ne s\u0103rb\u0103torit\u0103 printr-un periplu cultural","link":"https:\/\/www.teatrulreginamaria.ro\/en\/comunicat-de-presa-ziua-limbii-romane-sarbatorita-printr-un-periplu-cultural\/"}],"acf":[],"_links":{"self":[{"href":"https:\/\/www.teatrulreginamaria.ro\/en\/wp-json\/wp\/v2\/posts\/13630","targetHints":{"allow":["GET"]}}],"collection":[{"href":"https:\/\/www.teatrulreginamaria.ro\/en\/wp-json\/wp\/v2\/posts"}],"about":[{"href":"https:\/\/www.teatrulreginamaria.ro\/en\/wp-json\/wp\/v2\/types\/post"}],"author":[{"embeddable":true,"href":"https:\/\/www.teatrulreginamaria.ro\/en\/wp-json\/wp\/v2\/users\/9"}],"replies":[{"embeddable":true,"href":"https:\/\/www.teatrulreginamaria.ro\/en\/wp-json\/wp\/v2\/comments?post=13630"}],"version-history":[{"count":2,"href":"https:\/\/www.teatrulreginamaria.ro\/en\/wp-json\/wp\/v2\/posts\/13630\/revisions"}],"predecessor-version":[{"id":13633,"href":"https:\/\/www.teatrulreginamaria.ro\/en\/wp-json\/wp\/v2\/posts\/13630\/revisions\/13633"}],"wp:featuredmedia":[{"embeddable":true,"href":"https:\/\/www.teatrulreginamaria.ro\/en\/wp-json\/wp\/v2\/media\/13631"}],"wp:attachment":[{"href":"https:\/\/www.teatrulreginamaria.ro\/en\/wp-json\/wp\/v2\/media?parent=13630"}],"wp:term":[{"taxonomy":"category","embeddable":true,"href":"https:\/\/www.teatrulreginamaria.ro\/en\/wp-json\/wp\/v2\/categories?post=13630"},{"taxonomy":"post_tag","embeddable":true,"href":"https:\/\/www.teatrulreginamaria.ro\/en\/wp-json\/wp\/v2\/tags?post=13630"}],"curies":[{"name":"wp","href":"https:\/\/api.w.org\/{rel}","templated":true}]}}