{"id":1376,"date":"2015-10-28T08:07:39","date_gmt":"2015-10-28T08:07:39","guid":{"rendered":"https:\/\/teatrulreginamaria.ro\/2015\/10\/28\/ansamblul-crisana-la-expo-milano-2015\/"},"modified":"2015-10-28T08:07:39","modified_gmt":"2015-10-28T08:07:39","slug":"crisana-ensemble-at-expo-milano-2015","status":"publish","type":"post","link":"https:\/\/www.teatrulreginamaria.ro\/en\/ansamblul-crisana-la-expo-milano-2015\/","title":{"rendered":"THE CRI\u0218ANA ENSEMBLE \u2013 AT EXPO MILANO 2015"},"content":{"rendered":"<p style=\"text-align: justify;\"><a href=\"https:\/\/www.teatrulreginamaria.ro\/en\/ansamblul-crisana\/files\/2015\/10\/expo-milano2015.jpg\/\"><\/a>Between October 24 and 30, 2015, a small group of artists from the Cri\u015fana Professional Artistic Ensemble, consisting of dancers, instrumental artists coordinated by Adrian Miescu and vocal soloists Leontin Ciucur, Cornelia Covaciu and Otilia Harago\u015f Seghedi, represented Bihor County and Romania at the Milan World Expo 2015.<\/p>\n<p><!--more--><\/p>\n<p style=\"text-align: justify;\">Artists from Bihor will perform at the Romanian Pavilion the show: &quot;Song and Play - a Source of Health&quot;, in which they will explore all the folklore areas of Romania through song and dance.<\/p>\n<p style=\"text-align: justify;\">Expo Milano 2015 takes place from May 1 to October 31, 2015 in Italy and has as its theme &quot;Feeding the Planet, Energy for Life&quot;. The 6-month exhibition event offers visibility to Romania by highlighting its traditions, creativity, innovation and authenticity.<\/p>","protected":false},"excerpt":{"rendered":"<p>Between October 24 and 30, 2015, a small group of artists from the Cri\u015fana Professional Artistic Ensemble, consisting of dancers, instrumental artists coordinated by Adrian Miescu and vocal soloists Leontin Ciucur, Cornelia Covaciu and Otilia Harago\u015f Seghedi, represented Bihor County and Romania at the Milan World Expo 2015.<\/p>","protected":false},"author":1,"featured_media":0,"comment_status":"open","ping_status":"open","sticky":false,"template":"","format":"standard","meta":{"_acf_changed":false,"footnotes":""},"categories":[32],"tags":[],"class_list":["post-1376","post","type-post","status-publish","format-standard","hentry","category-noutati-ansamblul-crisana"],"aioseo_notices":[],"aioseo_head":"\n\t\t<!-- All in One SEO Pro 5.0.1.1 - aioseo.com -->\n\t<meta name=\"description\" content=\"\u00cen perioada 24 \u2013 30 octombrie 2015 un grup restr\u00e2ns de arti\u015fti ai Ansamblului Artistic Profesionist Cri\u015fana, format din corpul de dansatori, arti\u015fti instrumenti\u015fti coordona\u0163i de Adrian Miescu \u015fi soli\u015ftii vocali Leontin Ciucur, Cornelia Covaciu \u015fi Otilia Harago\u015f Seghedi, reprezint\u0103 jude\u0163ul Bihor \u015fi Rom\u00e2nia la Expozi\u0163ia Mondial\u0103 Milano 2015. Arti\u015ftii bihoreni vor sus\u0163ine la Pavilionul\" \/>\n\t<meta name=\"robots\" content=\"max-image-preview:large\" \/>\n\t<meta name=\"author\" content=\"Teatrul Regina Maria\"\/>\n\t<link rel=\"canonical\" href=\"https:\/\/www.teatrulreginamaria.ro\/en\/ansamblul-crisana-la-expo-milano-2015\/\" \/>\n\t<meta name=\"generator\" content=\"All in One SEO Pro (AIOSEO) 5.0.1.1\" \/>\n\t\t<meta property=\"og:locale\" content=\"en_GB\" \/>\n\t\t<meta property=\"og:site_name\" content=\"Teatrul Regina Maria Oradea - Trupa Iosif Vulcan \u0219i Trupa Arcadia\" \/>\n\t\t<meta property=\"og:type\" content=\"article\" \/>\n\t\t<meta property=\"og:title\" content=\"ANSAMBLUL CRI\u0218ANA \u2013 LA EXPO MILANO 2015 - Teatrul Regina Maria Oradea\" \/>\n\t\t<meta property=\"og:description\" content=\"\u00cen perioada 24 \u2013 30 octombrie 2015 un grup restr\u00e2ns de arti\u015fti ai Ansamblului Artistic Profesionist Cri\u015fana, format din corpul de dansatori, arti\u015fti instrumenti\u015fti coordona\u0163i de Adrian Miescu \u015fi soli\u015ftii vocali Leontin Ciucur, Cornelia Covaciu \u015fi Otilia Harago\u015f Seghedi, reprezint\u0103 jude\u0163ul Bihor \u015fi Rom\u00e2nia la Expozi\u0163ia Mondial\u0103 Milano 2015. Arti\u015ftii bihoreni vor sus\u0163ine la Pavilionul\" \/>\n\t\t<meta property=\"og:url\" content=\"https:\/\/www.teatrulreginamaria.ro\/en\/ansamblul-crisana-la-expo-milano-2015\/\" \/>\n\t\t<meta property=\"og:image\" content=\"https:\/\/www.teatrulreginamaria.ro\/wp-content\/uploads\/2025\/03\/trm-istoric-01.jpg\" \/>\n\t\t<meta property=\"og:image:secure_url\" content=\"https:\/\/www.teatrulreginamaria.ro\/wp-content\/uploads\/2025\/03\/trm-istoric-01.jpg\" \/>\n\t\t<meta property=\"og:image:width\" content=\"1200\" \/>\n\t\t<meta property=\"og:image:height\" content=\"800\" \/>\n\t\t<meta property=\"article:published_time\" content=\"2015-10-28T08:07:39+00:00\" \/>\n\t\t<meta property=\"article:modified_time\" content=\"2015-10-28T08:07:39+00:00\" \/>\n\t\t<meta property=\"article:publisher\" content=\"https:\/\/www.facebook.com\/TRMTrupaIosifVulcan\/\" \/>\n\t\t<meta name=\"twitter:card\" content=\"summary_large_image\" \/>\n\t\t<meta name=\"twitter:site\" content=\"@TRMOradea\" \/>\n\t\t<meta name=\"twitter:title\" content=\"ANSAMBLUL CRI\u0218ANA \u2013 LA EXPO MILANO 2015 - Teatrul Regina Maria Oradea\" \/>\n\t\t<meta name=\"twitter:description\" content=\"\u00cen perioada 24 \u2013 30 octombrie 2015 un grup restr\u00e2ns de arti\u015fti ai Ansamblului Artistic Profesionist Cri\u015fana, format din corpul de dansatori, arti\u015fti instrumenti\u015fti coordona\u0163i de Adrian Miescu \u015fi soli\u015ftii vocali Leontin Ciucur, Cornelia Covaciu \u015fi Otilia Harago\u015f Seghedi, reprezint\u0103 jude\u0163ul Bihor \u015fi Rom\u00e2nia la Expozi\u0163ia Mondial\u0103 Milano 2015. Arti\u015ftii bihoreni vor sus\u0163ine la Pavilionul\" \/>\n\t\t<meta name=\"twitter:creator\" content=\"@TRMOradea\" \/>\n\t\t<meta name=\"twitter:image\" content=\"https:\/\/www.teatrulreginamaria.ro\/wp-content\/uploads\/2025\/03\/trm-istoric-01.jpg\" \/>\n\t\t<script type=\"application\/ld+json\" class=\"aioseo-schema\">\n\t\t\t{\"@context\":\"https:\\\/\\\/schema.org\",\"@graph\":[{\"@type\":\"BlogPosting\",\"@id\":\"https:\\\/\\\/www.teatrulreginamaria.ro\\\/en\\\/ansamblul-crisana-la-expo-milano-2015\\\/#blogposting\",\"name\":\"ANSAMBLUL CRI\\u0218ANA \\u2013 LA EXPO MILANO 2015 - Teatrul Regina Maria Oradea\",\"headline\":\"ANSAMBLUL CRI\\u0218ANA &#8211; LA EXPO MILANO 2015\",\"author\":{\"@id\":\"https:\\\/\\\/www.teatrulreginamaria.ro\\\/en\\\/author\\\/iulianm\\\/#author\"},\"publisher\":{\"@id\":\"https:\\\/\\\/www.teatrulreginamaria.ro\\\/en\\\/#organization\"},\"image\":{\"@type\":\"ImageObject\",\"url\":\"https:\\\/\\\/www.teatrulreginamaria.ro\\\/wp-content\\\/uploads\\\/2025\\\/06\\\/logo-trm-01-dark.png\",\"@id\":\"https:\\\/\\\/www.teatrulreginamaria.ro\\\/en\\\/#articleImage\",\"width\":300,\"height\":148},\"datePublished\":\"2015-10-28T08:07:39+02:00\",\"dateModified\":\"2015-10-28T08:07:39+02:00\",\"inLanguage\":\"en-GB\",\"mainEntityOfPage\":{\"@id\":\"https:\\\/\\\/www.teatrulreginamaria.ro\\\/en\\\/ansamblul-crisana-la-expo-milano-2015\\\/#webpage\"},\"isPartOf\":{\"@id\":\"https:\\\/\\\/www.teatrulreginamaria.ro\\\/en\\\/ansamblul-crisana-la-expo-milano-2015\\\/#webpage\"},\"articleSection\":\"Nout\\u0103\\u021bi - Ansamblul Cri\\u0219ana\"},{\"@type\":\"BreadcrumbList\",\"@id\":\"https:\\\/\\\/www.teatrulreginamaria.ro\\\/en\\\/ansamblul-crisana-la-expo-milano-2015\\\/#breadcrumblist\",\"itemListElement\":[{\"@type\":\"ListItem\",\"@id\":\"https:\\\/\\\/www.teatrulreginamaria.ro\\\/en#listItem\",\"position\":1,\"name\":\"Home\",\"item\":\"https:\\\/\\\/www.teatrulreginamaria.ro\\\/en\",\"nextItem\":{\"@type\":\"ListItem\",\"@id\":\"https:\\\/\\\/www.teatrulreginamaria.ro\\\/en\\\/categorie\\\/noutati\\\/#listItem\",\"name\":\"Nout\\u0103\\u021bi\"}},{\"@type\":\"ListItem\",\"@id\":\"https:\\\/\\\/www.teatrulreginamaria.ro\\\/en\\\/categorie\\\/noutati\\\/#listItem\",\"position\":2,\"name\":\"Nout\\u0103\\u021bi\",\"item\":\"https:\\\/\\\/www.teatrulreginamaria.ro\\\/en\\\/categorie\\\/noutati\\\/\",\"nextItem\":{\"@type\":\"ListItem\",\"@id\":\"https:\\\/\\\/www.teatrulreginamaria.ro\\\/en\\\/categorie\\\/noutati\\\/noutati-ansamblul-crisana\\\/#listItem\",\"name\":\"Nout\\u0103\\u021bi - Ansamblul Cri\\u0219ana\"},\"previousItem\":{\"@type\":\"ListItem\",\"@id\":\"https:\\\/\\\/www.teatrulreginamaria.ro\\\/en#listItem\",\"name\":\"Home\"}},{\"@type\":\"ListItem\",\"@id\":\"https:\\\/\\\/www.teatrulreginamaria.ro\\\/en\\\/categorie\\\/noutati\\\/noutati-ansamblul-crisana\\\/#listItem\",\"position\":3,\"name\":\"Nout\\u0103\\u021bi - Ansamblul Cri\\u0219ana\",\"item\":\"https:\\\/\\\/www.teatrulreginamaria.ro\\\/en\\\/categorie\\\/noutati\\\/noutati-ansamblul-crisana\\\/\",\"nextItem\":{\"@type\":\"ListItem\",\"@id\":\"https:\\\/\\\/www.teatrulreginamaria.ro\\\/en\\\/ansamblul-crisana-la-expo-milano-2015\\\/#listItem\",\"name\":\"ANSAMBLUL CRI\\u0218ANA &#8211; LA EXPO MILANO 2015\"},\"previousItem\":{\"@type\":\"ListItem\",\"@id\":\"https:\\\/\\\/www.teatrulreginamaria.ro\\\/en\\\/categorie\\\/noutati\\\/#listItem\",\"name\":\"Nout\\u0103\\u021bi\"}},{\"@type\":\"ListItem\",\"@id\":\"https:\\\/\\\/www.teatrulreginamaria.ro\\\/en\\\/ansamblul-crisana-la-expo-milano-2015\\\/#listItem\",\"position\":4,\"name\":\"ANSAMBLUL CRI\\u0218ANA &#8211; LA EXPO MILANO 2015\",\"previousItem\":{\"@type\":\"ListItem\",\"@id\":\"https:\\\/\\\/www.teatrulreginamaria.ro\\\/en\\\/categorie\\\/noutati\\\/noutati-ansamblul-crisana\\\/#listItem\",\"name\":\"Nout\\u0103\\u021bi - Ansamblul Cri\\u0219ana\"}}]},{\"@type\":\"Organization\",\"@id\":\"https:\\\/\\\/www.teatrulreginamaria.ro\\\/en\\\/#organization\",\"name\":\"Teatrul Regina Maria Oradea\",\"description\":\"Trupa Iosif Vulcan \\u0219i Trupa Arcadia\",\"url\":\"https:\\\/\\\/www.teatrulreginamaria.ro\\\/en\\\/\",\"email\":\"marketing@teatrulreginamaria.ro\",\"telephone\":\"+40359411534\",\"numberOfEmployees\":{\"@type\":\"QuantitativeValue\",\"minValue\":0,\"maxValue\":150},\"logo\":{\"@type\":\"ImageObject\",\"url\":\"https:\\\/\\\/www.teatrulreginamaria.ro\\\/wp-content\\\/uploads\\\/2025\\\/06\\\/logo-trm-01-dark.png\",\"@id\":\"https:\\\/\\\/www.teatrulreginamaria.ro\\\/en\\\/ansamblul-crisana-la-expo-milano-2015\\\/#organizationLogo\",\"width\":300,\"height\":148},\"image\":{\"@id\":\"https:\\\/\\\/www.teatrulreginamaria.ro\\\/en\\\/ansamblul-crisana-la-expo-milano-2015\\\/#organizationLogo\"},\"sameAs\":[\"https:\\\/\\\/www.facebook.com\\\/TRMTrupaIosifVulcan\\\/\",\"https:\\\/\\\/x.com\\\/TRMOradea\",\"https:\\\/\\\/www.instagram.com\\\/teatrul_regina_maria\\\/\",\"https:\\\/\\\/www.youtube.com\\\/c\\\/TeatrulReginaMariaOradea\",\"https:\\\/\\\/www.linkedin.com\\\/company\\\/teatrul-regina-maria\"]},{\"@type\":\"Person\",\"@id\":\"https:\\\/\\\/www.teatrulreginamaria.ro\\\/en\\\/author\\\/iulianm\\\/#author\",\"url\":\"https:\\\/\\\/www.teatrulreginamaria.ro\\\/en\\\/author\\\/iulianm\\\/\",\"name\":\"Teatrul Regina Maria\",\"image\":{\"@type\":\"ImageObject\",\"@id\":\"https:\\\/\\\/www.teatrulreginamaria.ro\\\/en\\\/ansamblul-crisana-la-expo-milano-2015\\\/#authorImage\",\"url\":\"https:\\\/\\\/secure.gravatar.com\\\/avatar\\\/49af75bc1b3eb710073d2f37927ea27e6c274a29562ef49edfc6bcf11b9e941d?s=96&d=mm&r=g\",\"width\":96,\"height\":96,\"caption\":\"Teatrul Regina Maria\"}},{\"@type\":\"WebPage\",\"@id\":\"https:\\\/\\\/www.teatrulreginamaria.ro\\\/en\\\/ansamblul-crisana-la-expo-milano-2015\\\/#webpage\",\"url\":\"https:\\\/\\\/www.teatrulreginamaria.ro\\\/en\\\/ansamblul-crisana-la-expo-milano-2015\\\/\",\"name\":\"ANSAMBLUL CRI\\u0218ANA \\u2013 LA EXPO MILANO 2015 - Teatrul Regina Maria Oradea\",\"description\":\"\\u00cen perioada 24 \\u2013 30 octombrie 2015 un grup restr\\u00e2ns de arti\\u015fti ai Ansamblului Artistic Profesionist Cri\\u015fana, format din corpul de dansatori, arti\\u015fti instrumenti\\u015fti coordona\\u0163i de Adrian Miescu \\u015fi soli\\u015ftii vocali Leontin Ciucur, Cornelia Covaciu \\u015fi Otilia Harago\\u015f Seghedi, reprezint\\u0103 jude\\u0163ul Bihor \\u015fi Rom\\u00e2nia la Expozi\\u0163ia Mondial\\u0103 Milano 2015. Arti\\u015ftii bihoreni vor sus\\u0163ine la Pavilionul\",\"inLanguage\":\"en-GB\",\"isPartOf\":{\"@id\":\"https:\\\/\\\/www.teatrulreginamaria.ro\\\/en\\\/#website\"},\"breadcrumb\":{\"@id\":\"https:\\\/\\\/www.teatrulreginamaria.ro\\\/en\\\/ansamblul-crisana-la-expo-milano-2015\\\/#breadcrumblist\"},\"author\":{\"@id\":\"https:\\\/\\\/www.teatrulreginamaria.ro\\\/en\\\/author\\\/iulianm\\\/#author\"},\"creator\":{\"@id\":\"https:\\\/\\\/www.teatrulreginamaria.ro\\\/en\\\/author\\\/iulianm\\\/#author\"},\"datePublished\":\"2015-10-28T08:07:39+02:00\",\"dateModified\":\"2015-10-28T08:07:39+02:00\"},{\"@type\":\"WebSite\",\"@id\":\"https:\\\/\\\/www.teatrulreginamaria.ro\\\/en\\\/#website\",\"url\":\"https:\\\/\\\/www.teatrulreginamaria.ro\\\/en\\\/\",\"name\":\"Teatrul Regina Maria Oradea\",\"alternateName\":\"TRM Oradea\",\"description\":\"Trupa Iosif Vulcan \\u0219i Trupa Arcadia\",\"inLanguage\":\"en-GB\",\"publisher\":{\"@id\":\"https:\\\/\\\/www.teatrulreginamaria.ro\\\/en\\\/#organization\"}}]}\n\t\t<\/script>\n\t\t<!-- All in One SEO Pro -->\r\n\t\t<title>ANSAMBLUL CRI\u0218ANA \u2013 LA EXPO MILANO 2015 - Teatrul Regina Maria Oradea<\/title>\n\n","aioseo_head_json":{"title":"THE CRI\u0218ANA ENSEMBLE \u2013 AT EXPO MILANO 2015 - Regina Maria Theatre Oradea","description":"Between October 24 and 30, 2015, a small group of artists from the Cri\u015fana Professional Artistic Ensemble, consisting of dancers, instrumental artists coordinated by Adrian Miescu and vocal soloists Leontin Ciucur, Cornelia Covaciu and Otilia Harago\u015f Seghedi, will represent Bihor County and Romania at the Milan 2015 World Expo. The Bihor artists will perform at the Pavilion","canonical_url":"https:\/\/www.teatrulreginamaria.ro\/en\/ansamblul-crisana-la-expo-milano-2015\/","robots":"max-image-preview:large","keywords":"","webmasterTools":{"miscellaneous":""},"schema":{"@context":"https:\/\/schema.org","@graph":[{"@type":"BlogPosting","@id":"https:\/\/www.teatrulreginamaria.ro\/en\/ansamblul-crisana-la-expo-milano-2015\/#blogposting","name":"ANSAMBLUL CRI\u0218ANA \u2013 LA EXPO MILANO 2015 - Teatrul Regina Maria Oradea","headline":"ANSAMBLUL CRI\u0218ANA &#8211; LA EXPO MILANO 2015","author":{"@id":"https:\/\/www.teatrulreginamaria.ro\/en\/author\/iulianm\/#author"},"publisher":{"@id":"https:\/\/www.teatrulreginamaria.ro\/en\/#organization"},"image":{"@type":"ImageObject","url":"https:\/\/www.teatrulreginamaria.ro\/wp-content\/uploads\/2025\/06\/logo-trm-01-dark.png","@id":"https:\/\/www.teatrulreginamaria.ro\/en\/#articleImage","width":300,"height":148},"datePublished":"2015-10-28T08:07:39+02:00","dateModified":"2015-10-28T08:07:39+02:00","inLanguage":"en-GB","mainEntityOfPage":{"@id":"https:\/\/www.teatrulreginamaria.ro\/en\/ansamblul-crisana-la-expo-milano-2015\/#webpage"},"isPartOf":{"@id":"https:\/\/www.teatrulreginamaria.ro\/en\/ansamblul-crisana-la-expo-milano-2015\/#webpage"},"articleSection":"Nout\u0103\u021bi - Ansamblul Cri\u0219ana"},{"@type":"BreadcrumbList","@id":"https:\/\/www.teatrulreginamaria.ro\/en\/ansamblul-crisana-la-expo-milano-2015\/#breadcrumblist","itemListElement":[{"@type":"ListItem","@id":"https:\/\/www.teatrulreginamaria.ro\/en#listItem","position":1,"name":"Home","item":"https:\/\/www.teatrulreginamaria.ro\/en","nextItem":{"@type":"ListItem","@id":"https:\/\/www.teatrulreginamaria.ro\/en\/categorie\/noutati\/#listItem","name":"Nout\u0103\u021bi"}},{"@type":"ListItem","@id":"https:\/\/www.teatrulreginamaria.ro\/en\/categorie\/noutati\/#listItem","position":2,"name":"Nout\u0103\u021bi","item":"https:\/\/www.teatrulreginamaria.ro\/en\/categorie\/noutati\/","nextItem":{"@type":"ListItem","@id":"https:\/\/www.teatrulreginamaria.ro\/en\/categorie\/noutati\/noutati-ansamblul-crisana\/#listItem","name":"Nout\u0103\u021bi - Ansamblul Cri\u0219ana"},"previousItem":{"@type":"ListItem","@id":"https:\/\/www.teatrulreginamaria.ro\/en#listItem","name":"Home"}},{"@type":"ListItem","@id":"https:\/\/www.teatrulreginamaria.ro\/en\/categorie\/noutati\/noutati-ansamblul-crisana\/#listItem","position":3,"name":"Nout\u0103\u021bi - Ansamblul Cri\u0219ana","item":"https:\/\/www.teatrulreginamaria.ro\/en\/categorie\/noutati\/noutati-ansamblul-crisana\/","nextItem":{"@type":"ListItem","@id":"https:\/\/www.teatrulreginamaria.ro\/en\/ansamblul-crisana-la-expo-milano-2015\/#listItem","name":"ANSAMBLUL CRI\u0218ANA &#8211; LA EXPO MILANO 2015"},"previousItem":{"@type":"ListItem","@id":"https:\/\/www.teatrulreginamaria.ro\/en\/categorie\/noutati\/#listItem","name":"Nout\u0103\u021bi"}},{"@type":"ListItem","@id":"https:\/\/www.teatrulreginamaria.ro\/en\/ansamblul-crisana-la-expo-milano-2015\/#listItem","position":4,"name":"ANSAMBLUL CRI\u0218ANA &#8211; LA EXPO MILANO 2015","previousItem":{"@type":"ListItem","@id":"https:\/\/www.teatrulreginamaria.ro\/en\/categorie\/noutati\/noutati-ansamblul-crisana\/#listItem","name":"Nout\u0103\u021bi - Ansamblul Cri\u0219ana"}}]},{"@type":"Organization","@id":"https:\/\/www.teatrulreginamaria.ro\/en\/#organization","name":"Teatrul Regina Maria Oradea","description":"Trupa Iosif Vulcan \u0219i Trupa Arcadia","url":"https:\/\/www.teatrulreginamaria.ro\/en\/","email":"marketing@teatrulreginamaria.ro","telephone":"+40359411534","numberOfEmployees":{"@type":"QuantitativeValue","minValue":0,"maxValue":150},"logo":{"@type":"ImageObject","url":"https:\/\/www.teatrulreginamaria.ro\/wp-content\/uploads\/2025\/06\/logo-trm-01-dark.png","@id":"https:\/\/www.teatrulreginamaria.ro\/en\/ansamblul-crisana-la-expo-milano-2015\/#organizationLogo","width":300,"height":148},"image":{"@id":"https:\/\/www.teatrulreginamaria.ro\/en\/ansamblul-crisana-la-expo-milano-2015\/#organizationLogo"},"sameAs":["https:\/\/www.facebook.com\/TRMTrupaIosifVulcan\/","https:\/\/x.com\/TRMOradea","https:\/\/www.instagram.com\/teatrul_regina_maria\/","https:\/\/www.youtube.com\/c\/TeatrulReginaMariaOradea","https:\/\/www.linkedin.com\/company\/teatrul-regina-maria"]},{"@type":"Person","@id":"https:\/\/www.teatrulreginamaria.ro\/en\/author\/iulianm\/#author","url":"https:\/\/www.teatrulreginamaria.ro\/en\/author\/iulianm\/","name":"Teatrul Regina Maria","image":{"@type":"ImageObject","@id":"https:\/\/www.teatrulreginamaria.ro\/en\/ansamblul-crisana-la-expo-milano-2015\/#authorImage","url":"https:\/\/secure.gravatar.com\/avatar\/49af75bc1b3eb710073d2f37927ea27e6c274a29562ef49edfc6bcf11b9e941d?s=96&d=mm&r=g","width":96,"height":96,"caption":"Teatrul Regina Maria"}},{"@type":"WebPage","@id":"https:\/\/www.teatrulreginamaria.ro\/en\/ansamblul-crisana-la-expo-milano-2015\/#webpage","url":"https:\/\/www.teatrulreginamaria.ro\/en\/ansamblul-crisana-la-expo-milano-2015\/","name":"ANSAMBLUL CRI\u0218ANA \u2013 LA EXPO MILANO 2015 - Teatrul Regina Maria Oradea","description":"\u00cen perioada 24 \u2013 30 octombrie 2015 un grup restr\u00e2ns de arti\u015fti ai Ansamblului Artistic Profesionist Cri\u015fana, format din corpul de dansatori, arti\u015fti instrumenti\u015fti coordona\u0163i de Adrian Miescu \u015fi soli\u015ftii vocali Leontin Ciucur, Cornelia Covaciu \u015fi Otilia Harago\u015f Seghedi, reprezint\u0103 jude\u0163ul Bihor \u015fi Rom\u00e2nia la Expozi\u0163ia Mondial\u0103 Milano 2015. Arti\u015ftii bihoreni vor sus\u0163ine la Pavilionul","inLanguage":"en-GB","isPartOf":{"@id":"https:\/\/www.teatrulreginamaria.ro\/en\/#website"},"breadcrumb":{"@id":"https:\/\/www.teatrulreginamaria.ro\/en\/ansamblul-crisana-la-expo-milano-2015\/#breadcrumblist"},"author":{"@id":"https:\/\/www.teatrulreginamaria.ro\/en\/author\/iulianm\/#author"},"creator":{"@id":"https:\/\/www.teatrulreginamaria.ro\/en\/author\/iulianm\/#author"},"datePublished":"2015-10-28T08:07:39+02:00","dateModified":"2015-10-28T08:07:39+02:00"},{"@type":"WebSite","@id":"https:\/\/www.teatrulreginamaria.ro\/en\/#website","url":"https:\/\/www.teatrulreginamaria.ro\/en\/","name":"Teatrul Regina Maria Oradea","alternateName":"TRM Oradea","description":"Trupa Iosif Vulcan \u0219i Trupa Arcadia","inLanguage":"en-GB","publisher":{"@id":"https:\/\/www.teatrulreginamaria.ro\/en\/#organization"}}]},"og:locale":"en_GB","og:site_name":"Teatrul Regina Maria Oradea - Trupa Iosif Vulcan \u0219i Trupa Arcadia","og:type":"article","og:title":"ANSAMBLUL CRI\u0218ANA \u2013 LA EXPO MILANO 2015 - Teatrul Regina Maria Oradea","og:description":"\u00cen perioada 24 \u2013 30 octombrie 2015 un grup restr\u00e2ns de arti\u015fti ai Ansamblului Artistic Profesionist Cri\u015fana, format din corpul de dansatori, arti\u015fti instrumenti\u015fti coordona\u0163i de Adrian Miescu \u015fi soli\u015ftii vocali Leontin Ciucur, Cornelia Covaciu \u015fi Otilia Harago\u015f Seghedi, reprezint\u0103 jude\u0163ul Bihor \u015fi Rom\u00e2nia la Expozi\u0163ia Mondial\u0103 Milano 2015. Arti\u015ftii bihoreni vor sus\u0163ine la Pavilionul","og:url":"https:\/\/www.teatrulreginamaria.ro\/en\/ansamblul-crisana-la-expo-milano-2015\/","og:image":"https:\/\/www.teatrulreginamaria.ro\/wp-content\/uploads\/2025\/03\/trm-istoric-01.jpg","og:image:secure_url":"https:\/\/www.teatrulreginamaria.ro\/wp-content\/uploads\/2025\/03\/trm-istoric-01.jpg","og:image:width":1200,"og:image:height":800,"article:published_time":"2015-10-28T08:07:39+00:00","article:modified_time":"2015-10-28T08:07:39+00:00","article:publisher":"https:\/\/www.facebook.com\/TRMTrupaIosifVulcan\/","twitter:card":"summary_large_image","twitter:site":"@TRMOradea","twitter:title":"ANSAMBLUL CRI\u0218ANA \u2013 LA EXPO MILANO 2015 - Teatrul Regina Maria Oradea","twitter:description":"\u00cen perioada 24 \u2013 30 octombrie 2015 un grup restr\u00e2ns de arti\u015fti ai Ansamblului Artistic Profesionist Cri\u015fana, format din corpul de dansatori, arti\u015fti instrumenti\u015fti coordona\u0163i de Adrian Miescu \u015fi soli\u015ftii vocali Leontin Ciucur, Cornelia Covaciu \u015fi Otilia Harago\u015f Seghedi, reprezint\u0103 jude\u0163ul Bihor \u015fi Rom\u00e2nia la Expozi\u0163ia Mondial\u0103 Milano 2015. Arti\u015ftii bihoreni vor sus\u0163ine la Pavilionul","twitter:creator":"@TRMOradea","twitter:image":"https:\/\/www.teatrulreginamaria.ro\/wp-content\/uploads\/2025\/03\/trm-istoric-01.jpg"},"aioseo_meta_data":{"post_id":"1376","title":null,"description":null,"keywords":null,"keyphrases":null,"primary_term":null,"canonical_url":null,"og_title":null,"og_description":null,"og_object_type":"default","og_image_type":"default","og_image_url":null,"og_image_width":null,"og_image_height":null,"og_image_custom_url":null,"og_image_custom_fields":null,"og_video":null,"og_custom_url":null,"og_article_section":null,"og_article_tags":null,"twitter_use_og":false,"twitter_card":"default","twitter_image_type":"default","twitter_image_url":null,"twitter_image_custom_url":null,"twitter_image_custom_fields":null,"twitter_title":null,"twitter_description":null,"schema":{"blockGraphs":[],"customGraphs":[],"default":{"data":{"Article":[],"Course":[],"Dataset":[],"FAQPage":[],"Movie":[],"Person":[],"Product":[],"ProductReview":[],"Car":[],"Recipe":[],"Service":[],"SoftwareApplication":[],"WebPage":[]},"graphName":"","isEnabled":true},"graphs":[]},"schema_type":"default","schema_type_options":null,"pillar_content":false,"robots_default":true,"robots_noindex":false,"robots_noarchive":false,"robots_nosnippet":false,"robots_nofollow":false,"robots_noimageindex":false,"robots_noodp":false,"robots_notranslate":false,"robots_max_snippet":null,"robots_max_videopreview":null,"robots_max_imagepreview":"large","priority":null,"frequency":null,"local_seo":null,"seo_analyzer_scan_date":"2026-05-13 00:58:48","breadcrumb_settings":null,"limit_modified_date":false,"reviewed_by":null,"open_ai":null,"ai":null,"created":"2025-04-09 17:40:56","updated":"2026-05-13 00:58:48","focus_keyword":null,"additional_keywords":null,"truseo_locale":null},"aioseo_breadcrumb":"<div class=\"aioseo-breadcrumbs\"><span class=\"aioseo-breadcrumb\">\n\t<a href=\"https:\/\/www.teatrulreginamaria.ro\/en\" title=\"Home\">Home<\/a>\n<\/span><span class=\"aioseo-breadcrumb-separator\">&raquo;<\/span><span class=\"aioseo-breadcrumb\">\n\t<a href=\"https:\/\/www.teatrulreginamaria.ro\/en\/categorie\/noutati\/\" title=\"Nout\u0103\u021bi\">Nout\u0103\u021bi<\/a>\n<\/span><span class=\"aioseo-breadcrumb-separator\">&raquo;<\/span><span class=\"aioseo-breadcrumb\">\n\t<a href=\"https:\/\/www.teatrulreginamaria.ro\/en\/categorie\/noutati\/noutati-ansamblul-crisana\/\" title=\"Nout\u0103\u021bi - Ansamblul Cri\u0219ana\">Nout\u0103\u021bi - Ansamblul Cri\u0219ana<\/a>\n<\/span><span class=\"aioseo-breadcrumb-separator\">&raquo;<\/span><span class=\"aioseo-breadcrumb\">\n\tANSAMBLUL CRI\u0218ANA \u2013 LA EXPO MILANO 2015\n<\/span><\/div>","aioseo_breadcrumb_json":[{"label":"Home","link":"https:\/\/www.teatrulreginamaria.ro\/en"},{"label":"Nout\u0103\u021bi","link":"https:\/\/www.teatrulreginamaria.ro\/en\/categorie\/noutati\/"},{"label":"Nout\u0103\u021bi - Ansamblul Cri\u0219ana","link":"https:\/\/www.teatrulreginamaria.ro\/en\/categorie\/noutati\/noutati-ansamblul-crisana\/"},{"label":"ANSAMBLUL CRI\u0218ANA &#8211; LA EXPO MILANO 2015","link":"https:\/\/www.teatrulreginamaria.ro\/en\/ansamblul-crisana-la-expo-milano-2015\/"}],"acf":[],"_links":{"self":[{"href":"https:\/\/www.teatrulreginamaria.ro\/en\/wp-json\/wp\/v2\/posts\/1376","targetHints":{"allow":["GET"]}}],"collection":[{"href":"https:\/\/www.teatrulreginamaria.ro\/en\/wp-json\/wp\/v2\/posts"}],"about":[{"href":"https:\/\/www.teatrulreginamaria.ro\/en\/wp-json\/wp\/v2\/types\/post"}],"author":[{"embeddable":true,"href":"https:\/\/www.teatrulreginamaria.ro\/en\/wp-json\/wp\/v2\/users\/1"}],"replies":[{"embeddable":true,"href":"https:\/\/www.teatrulreginamaria.ro\/en\/wp-json\/wp\/v2\/comments?post=1376"}],"version-history":[{"count":0,"href":"https:\/\/www.teatrulreginamaria.ro\/en\/wp-json\/wp\/v2\/posts\/1376\/revisions"}],"wp:attachment":[{"href":"https:\/\/www.teatrulreginamaria.ro\/en\/wp-json\/wp\/v2\/media?parent=1376"}],"wp:term":[{"taxonomy":"category","embeddable":true,"href":"https:\/\/www.teatrulreginamaria.ro\/en\/wp-json\/wp\/v2\/categories?post=1376"},{"taxonomy":"post_tag","embeddable":true,"href":"https:\/\/www.teatrulreginamaria.ro\/en\/wp-json\/wp\/v2\/tags?post=1376"}],"curies":[{"name":"wp","href":"https:\/\/api.w.org\/{rel}","templated":true}]}}