{"id":14531,"date":"2026-02-19T12:50:45","date_gmt":"2026-02-19T10:50:45","guid":{"rendered":"https:\/\/www.teatrulreginamaria.ro\/?p=14531"},"modified":"2026-04-24T14:33:16","modified_gmt":"2026-04-24T11:33:16","slug":"i-never-understood-how-the-air-feels-like-youre-gone","status":"publish","type":"post","link":"https:\/\/www.teatrulreginamaria.ro\/en\/n-am-inteles-niciodata-cum-simte-aerul-ca-ai-plecat\/","title":{"rendered":"I NEVER UNDERSTOOD HOW THE AIR FEELS THAT YOU&#039;RE GONE"},"content":{"rendered":"<p class=\"wp-block-paragraph\">The show &quot;\u201e<strong>I never understood how the air feels when you&#039;re gone.<\/strong>\u201d&quot; is inspired by the poetic universe of Ana Blandiana and combines two central themes of her poetry: love and death, starting from the image of the couple. This is reincarnated in an androgynous form, then reduced to two, to finally dissolve into eternity and regain itself through poetry.<\/p>\n\n\n\n<p class=\"wp-block-paragraph\">With: <strong>Anda Tamasanu<\/strong> and <strong>Ciprian Ciuciu<\/strong><br><strong>Collective direction<\/strong><br>Coordinating: <strong>Florina Dometi<\/strong><br>Video art: <strong>Ciprian Ciuciu<br><\/strong>Video: <strong>Ramona Nemes<\/strong><br>Music: <strong>Khaleea\/Alexandra Koszeghi<\/strong><\/p>\n\n\n\n<p class=\"wp-block-paragraph\">Technical director: Diana S\u00eerghi<br>Sound: Olimpiu Domide<br>Lights: Sorin Precup<br>Cabin attendants: Liana Domide, Florica C\u0103vescu<br>Makeup\/Hairstylist: Dana Dragoiu<br>Props: Argentina Fodor<br>Stage technicians: Cristian Seg\u0103rceanu, Cristian Domide, Nicolae Seg\u0103rceanu, Drago\u0219 Crosman, Sorin Mudura<\/p>\n\n\n\n<p class=\"wp-block-paragraph\">The show is part of the program <a href=\"https:\/\/www.teatrulreginamaria.ro\/en\/i-am-poetry\/\" title=\"\">TRM Poetry.<\/a><\/p>\n\n\n\n<p class=\"wp-block-paragraph\">Show recommended for people over 12 years old!<br>Premiere date: March 27, 2026, Transilvania Hall<\/p>\n\n\n\n<p class=\"wp-block-paragraph\"><\/p>","protected":false},"excerpt":{"rendered":"<p>Spectacolul \u201eN-am \u00een\u021beles niciodat\u0103 cum simte aerul c\u0103 ai plecat\u201d este inspirat din universul poetic al Anei Blandiana \u0219i \u00eembin\u0103 dou\u0103 teme centrale ale poeziei sale: dragostea \u0219i moartea, pornind de la imaginea cuplului. Acesta este re\u00eentrupat \u00eentr-o form\u0103 androginic\u0103, apoi redus la doi, ca \u00eentr-un final s\u0103 se dizolve \u00een ve\u0219nicie \u0219i s\u0103 se [&hellip;]<\/p>\n","protected":false},"author":9,"featured_media":0,"comment_status":"closed","ping_status":"closed","sticky":false,"template":"","format":"standard","meta":{"_acf_changed":false,"footnotes":""},"categories":[10],"tags":[],"class_list":["post-14531","post","type-post","status-publish","format-standard","hentry","category-spectacole-trupa-iosif-vulcan"],"aioseo_notices":[],"aioseo_head":"\n\t\t<!-- All in One SEO Pro 5.0.1.1 - aioseo.com -->\n\t<meta name=\"description\" content=\"Spectacolul \u201eN-am \u00een\u021beles niciodat\u0103 cum simte aerul c\u0103 ai plecat\u201d este inspirat din universul poetic al Anei Blandiana \u0219i \u00eembin\u0103 dou\u0103 teme centrale ale poeziei sale: dragostea \u0219i moartea, pornind de la imaginea cuplului. Acesta este re\u00eentrupat \u00eentr-o form\u0103 androginic\u0103, apoi redus la doi, ca \u00eentr-un final s\u0103 se dizolve \u00een ve\u0219nicie \u0219i s\u0103 se\" \/>\n\t<meta name=\"robots\" content=\"max-image-preview:large\" \/>\n\t<meta name=\"author\" content=\"Florina Dometi\"\/>\n\t<link rel=\"canonical\" href=\"https:\/\/www.teatrulreginamaria.ro\/en\/n-am-inteles-niciodata-cum-simte-aerul-ca-ai-plecat\/\" \/>\n\t<meta name=\"generator\" content=\"All in One SEO Pro (AIOSEO) 5.0.1.1\" \/>\n\t\t<meta property=\"og:locale\" content=\"en_GB\" \/>\n\t\t<meta property=\"og:site_name\" content=\"Teatrul Regina Maria Oradea - Trupa Iosif Vulcan \u0219i Trupa Arcadia\" \/>\n\t\t<meta property=\"og:type\" content=\"article\" \/>\n\t\t<meta property=\"og:title\" content=\"N-AM \u00ceN\u021aELES NICIODAT\u0102 CUM SIMTE AERUL C\u0102 AI PLECAT - Teatrul Regina Maria Oradea\" \/>\n\t\t<meta property=\"og:description\" content=\"Spectacolul \u201eN-am \u00een\u021beles niciodat\u0103 cum simte aerul c\u0103 ai plecat\u201d este inspirat din universul poetic al Anei Blandiana \u0219i \u00eembin\u0103 dou\u0103 teme centrale ale poeziei sale: dragostea \u0219i moartea, pornind de la imaginea cuplului. Acesta este re\u00eentrupat \u00eentr-o form\u0103 androginic\u0103, apoi redus la doi, ca \u00eentr-un final s\u0103 se dizolve \u00een ve\u0219nicie \u0219i s\u0103 se\" \/>\n\t\t<meta property=\"og:url\" content=\"https:\/\/www.teatrulreginamaria.ro\/en\/n-am-inteles-niciodata-cum-simte-aerul-ca-ai-plecat\/\" \/>\n\t\t<meta property=\"og:image\" content=\"https:\/\/www.teatrulreginamaria.ro\/wp-content\/uploads\/2025\/03\/trm-istoric-01.jpg\" \/>\n\t\t<meta property=\"og:image:secure_url\" content=\"https:\/\/www.teatrulreginamaria.ro\/wp-content\/uploads\/2025\/03\/trm-istoric-01.jpg\" \/>\n\t\t<meta property=\"og:image:width\" content=\"1200\" \/>\n\t\t<meta property=\"og:image:height\" content=\"800\" \/>\n\t\t<meta property=\"article:published_time\" content=\"2026-02-19T10:50:45+00:00\" \/>\n\t\t<meta property=\"article:modified_time\" content=\"2026-04-24T11:33:16+00:00\" \/>\n\t\t<meta property=\"article:publisher\" content=\"https:\/\/www.facebook.com\/TRMTrupaIosifVulcan\/\" \/>\n\t\t<meta name=\"twitter:card\" content=\"summary_large_image\" \/>\n\t\t<meta name=\"twitter:site\" content=\"@TRMOradea\" \/>\n\t\t<meta name=\"twitter:title\" content=\"N-AM \u00ceN\u021aELES NICIODAT\u0102 CUM SIMTE AERUL C\u0102 AI PLECAT - Teatrul Regina Maria Oradea\" \/>\n\t\t<meta name=\"twitter:description\" content=\"Spectacolul \u201eN-am \u00een\u021beles niciodat\u0103 cum simte aerul c\u0103 ai plecat\u201d este inspirat din universul poetic al Anei Blandiana \u0219i \u00eembin\u0103 dou\u0103 teme centrale ale poeziei sale: dragostea \u0219i moartea, pornind de la imaginea cuplului. Acesta este re\u00eentrupat \u00eentr-o form\u0103 androginic\u0103, apoi redus la doi, ca \u00eentr-un final s\u0103 se dizolve \u00een ve\u0219nicie \u0219i s\u0103 se\" \/>\n\t\t<meta name=\"twitter:creator\" content=\"@TRMOradea\" \/>\n\t\t<meta name=\"twitter:image\" content=\"https:\/\/www.teatrulreginamaria.ro\/wp-content\/uploads\/2025\/03\/trm-istoric-01.jpg\" \/>\n\t\t<script type=\"application\/ld+json\" class=\"aioseo-schema\">\n\t\t\t{\"@context\":\"https:\\\/\\\/schema.org\",\"@graph\":[{\"@type\":\"BlogPosting\",\"@id\":\"https:\\\/\\\/www.teatrulreginamaria.ro\\\/en\\\/n-am-inteles-niciodata-cum-simte-aerul-ca-ai-plecat\\\/#blogposting\",\"name\":\"N-AM \\u00ceN\\u021aELES NICIODAT\\u0102 CUM SIMTE AERUL C\\u0102 AI PLECAT - Teatrul Regina Maria Oradea\",\"headline\":\"N-AM \\u00ceN\\u021aELES NICIODAT\\u0102 CUM SIMTE AERUL C\\u0102 AI PLECAT\",\"author\":{\"@id\":\"https:\\\/\\\/www.teatrulreginamaria.ro\\\/en\\\/author\\\/florina\\\/#author\"},\"publisher\":{\"@id\":\"https:\\\/\\\/www.teatrulreginamaria.ro\\\/en\\\/#organization\"},\"image\":{\"@type\":\"ImageObject\",\"url\":\"https:\\\/\\\/www.teatrulreginamaria.ro\\\/wp-content\\\/uploads\\\/2025\\\/06\\\/logo-trm-01-dark.png\",\"@id\":\"https:\\\/\\\/www.teatrulreginamaria.ro\\\/en\\\/#articleImage\",\"width\":300,\"height\":148},\"datePublished\":\"2026-02-19T12:50:45+02:00\",\"dateModified\":\"2026-04-24T14:33:16+03:00\",\"inLanguage\":\"en-GB\",\"mainEntityOfPage\":{\"@id\":\"https:\\\/\\\/www.teatrulreginamaria.ro\\\/en\\\/n-am-inteles-niciodata-cum-simte-aerul-ca-ai-plecat\\\/#webpage\"},\"isPartOf\":{\"@id\":\"https:\\\/\\\/www.teatrulreginamaria.ro\\\/en\\\/n-am-inteles-niciodata-cum-simte-aerul-ca-ai-plecat\\\/#webpage\"},\"articleSection\":\"Spectacole Trupa Iosif Vulcan\"},{\"@type\":\"BreadcrumbList\",\"@id\":\"https:\\\/\\\/www.teatrulreginamaria.ro\\\/en\\\/n-am-inteles-niciodata-cum-simte-aerul-ca-ai-plecat\\\/#breadcrumblist\",\"itemListElement\":[{\"@type\":\"ListItem\",\"@id\":\"https:\\\/\\\/www.teatrulreginamaria.ro\\\/en#listItem\",\"position\":1,\"name\":\"Home\",\"item\":\"https:\\\/\\\/www.teatrulreginamaria.ro\\\/en\",\"nextItem\":{\"@type\":\"ListItem\",\"@id\":\"https:\\\/\\\/www.teatrulreginamaria.ro\\\/en\\\/categorie\\\/trupa-iosif-vulcan\\\/#listItem\",\"name\":\"Trupa Iosif Vulcan\"}},{\"@type\":\"ListItem\",\"@id\":\"https:\\\/\\\/www.teatrulreginamaria.ro\\\/en\\\/categorie\\\/trupa-iosif-vulcan\\\/#listItem\",\"position\":2,\"name\":\"Trupa Iosif Vulcan\",\"item\":\"https:\\\/\\\/www.teatrulreginamaria.ro\\\/en\\\/categorie\\\/trupa-iosif-vulcan\\\/\",\"nextItem\":{\"@type\":\"ListItem\",\"@id\":\"https:\\\/\\\/www.teatrulreginamaria.ro\\\/en\\\/categorie\\\/trupa-iosif-vulcan\\\/spectacole-trupa-iosif-vulcan\\\/#listItem\",\"name\":\"Spectacole Trupa Iosif Vulcan\"},\"previousItem\":{\"@type\":\"ListItem\",\"@id\":\"https:\\\/\\\/www.teatrulreginamaria.ro\\\/en#listItem\",\"name\":\"Home\"}},{\"@type\":\"ListItem\",\"@id\":\"https:\\\/\\\/www.teatrulreginamaria.ro\\\/en\\\/categorie\\\/trupa-iosif-vulcan\\\/spectacole-trupa-iosif-vulcan\\\/#listItem\",\"position\":3,\"name\":\"Spectacole Trupa Iosif Vulcan\",\"item\":\"https:\\\/\\\/www.teatrulreginamaria.ro\\\/en\\\/categorie\\\/trupa-iosif-vulcan\\\/spectacole-trupa-iosif-vulcan\\\/\",\"nextItem\":{\"@type\":\"ListItem\",\"@id\":\"https:\\\/\\\/www.teatrulreginamaria.ro\\\/en\\\/n-am-inteles-niciodata-cum-simte-aerul-ca-ai-plecat\\\/#listItem\",\"name\":\"N-AM \\u00ceN\\u021aELES NICIODAT\\u0102 CUM SIMTE AERUL C\\u0102 AI PLECAT\"},\"previousItem\":{\"@type\":\"ListItem\",\"@id\":\"https:\\\/\\\/www.teatrulreginamaria.ro\\\/en\\\/categorie\\\/trupa-iosif-vulcan\\\/#listItem\",\"name\":\"Trupa Iosif Vulcan\"}},{\"@type\":\"ListItem\",\"@id\":\"https:\\\/\\\/www.teatrulreginamaria.ro\\\/en\\\/n-am-inteles-niciodata-cum-simte-aerul-ca-ai-plecat\\\/#listItem\",\"position\":4,\"name\":\"N-AM \\u00ceN\\u021aELES NICIODAT\\u0102 CUM SIMTE AERUL C\\u0102 AI PLECAT\",\"previousItem\":{\"@type\":\"ListItem\",\"@id\":\"https:\\\/\\\/www.teatrulreginamaria.ro\\\/en\\\/categorie\\\/trupa-iosif-vulcan\\\/spectacole-trupa-iosif-vulcan\\\/#listItem\",\"name\":\"Spectacole Trupa Iosif Vulcan\"}}]},{\"@type\":\"Organization\",\"@id\":\"https:\\\/\\\/www.teatrulreginamaria.ro\\\/en\\\/#organization\",\"name\":\"Teatrul Regina Maria Oradea\",\"description\":\"Trupa Iosif Vulcan \\u0219i Trupa Arcadia\",\"url\":\"https:\\\/\\\/www.teatrulreginamaria.ro\\\/en\\\/\",\"email\":\"marketing@teatrulreginamaria.ro\",\"telephone\":\"+40359411534\",\"numberOfEmployees\":{\"@type\":\"QuantitativeValue\",\"minValue\":0,\"maxValue\":150},\"logo\":{\"@type\":\"ImageObject\",\"url\":\"https:\\\/\\\/www.teatrulreginamaria.ro\\\/wp-content\\\/uploads\\\/2025\\\/06\\\/logo-trm-01-dark.png\",\"@id\":\"https:\\\/\\\/www.teatrulreginamaria.ro\\\/en\\\/n-am-inteles-niciodata-cum-simte-aerul-ca-ai-plecat\\\/#organizationLogo\",\"width\":300,\"height\":148},\"image\":{\"@id\":\"https:\\\/\\\/www.teatrulreginamaria.ro\\\/en\\\/n-am-inteles-niciodata-cum-simte-aerul-ca-ai-plecat\\\/#organizationLogo\"},\"sameAs\":[\"https:\\\/\\\/www.facebook.com\\\/TRMTrupaIosifVulcan\\\/\",\"https:\\\/\\\/x.com\\\/TRMOradea\",\"https:\\\/\\\/www.instagram.com\\\/teatrul_regina_maria\\\/\",\"https:\\\/\\\/www.youtube.com\\\/c\\\/TeatrulReginaMariaOradea\",\"https:\\\/\\\/www.linkedin.com\\\/company\\\/teatrul-regina-maria\"]},{\"@type\":\"Person\",\"@id\":\"https:\\\/\\\/www.teatrulreginamaria.ro\\\/en\\\/author\\\/florina\\\/#author\",\"url\":\"https:\\\/\\\/www.teatrulreginamaria.ro\\\/en\\\/author\\\/florina\\\/\",\"name\":\"Florina Dometi\",\"image\":{\"@type\":\"ImageObject\",\"@id\":\"https:\\\/\\\/www.teatrulreginamaria.ro\\\/en\\\/n-am-inteles-niciodata-cum-simte-aerul-ca-ai-plecat\\\/#authorImage\",\"url\":\"https:\\\/\\\/secure.gravatar.com\\\/avatar\\\/efc240f7aebd58d925cf11ff8d7c84e9636b0ee93a0cd22c95d272ca0ffc0289?s=96&d=mm&r=g\",\"width\":96,\"height\":96,\"caption\":\"Florina Dometi\"}},{\"@type\":\"WebPage\",\"@id\":\"https:\\\/\\\/www.teatrulreginamaria.ro\\\/en\\\/n-am-inteles-niciodata-cum-simte-aerul-ca-ai-plecat\\\/#webpage\",\"url\":\"https:\\\/\\\/www.teatrulreginamaria.ro\\\/en\\\/n-am-inteles-niciodata-cum-simte-aerul-ca-ai-plecat\\\/\",\"name\":\"N-AM \\u00ceN\\u021aELES NICIODAT\\u0102 CUM SIMTE AERUL C\\u0102 AI PLECAT - Teatrul Regina Maria Oradea\",\"description\":\"Spectacolul \\u201eN-am \\u00een\\u021beles niciodat\\u0103 cum simte aerul c\\u0103 ai plecat\\u201d este inspirat din universul poetic al Anei Blandiana \\u0219i \\u00eembin\\u0103 dou\\u0103 teme centrale ale poeziei sale: dragostea \\u0219i moartea, pornind de la imaginea cuplului. Acesta este re\\u00eentrupat \\u00eentr-o form\\u0103 androginic\\u0103, apoi redus la doi, ca \\u00eentr-un final s\\u0103 se dizolve \\u00een ve\\u0219nicie \\u0219i s\\u0103 se\",\"inLanguage\":\"en-GB\",\"isPartOf\":{\"@id\":\"https:\\\/\\\/www.teatrulreginamaria.ro\\\/en\\\/#website\"},\"breadcrumb\":{\"@id\":\"https:\\\/\\\/www.teatrulreginamaria.ro\\\/en\\\/n-am-inteles-niciodata-cum-simte-aerul-ca-ai-plecat\\\/#breadcrumblist\"},\"author\":{\"@id\":\"https:\\\/\\\/www.teatrulreginamaria.ro\\\/en\\\/author\\\/florina\\\/#author\"},\"creator\":{\"@id\":\"https:\\\/\\\/www.teatrulreginamaria.ro\\\/en\\\/author\\\/florina\\\/#author\"},\"datePublished\":\"2026-02-19T12:50:45+02:00\",\"dateModified\":\"2026-04-24T14:33:16+03:00\"},{\"@type\":\"WebSite\",\"@id\":\"https:\\\/\\\/www.teatrulreginamaria.ro\\\/en\\\/#website\",\"url\":\"https:\\\/\\\/www.teatrulreginamaria.ro\\\/en\\\/\",\"name\":\"Teatrul Regina Maria Oradea\",\"alternateName\":\"TRM Oradea\",\"description\":\"Trupa Iosif Vulcan \\u0219i Trupa Arcadia\",\"inLanguage\":\"en-GB\",\"publisher\":{\"@id\":\"https:\\\/\\\/www.teatrulreginamaria.ro\\\/en\\\/#organization\"}}]}\n\t\t<\/script>\n\t\t<!-- All in One SEO Pro -->\r\n\t\t<title>N-AM \u00ceN\u021aELES NICIODAT\u0102 CUM SIMTE AERUL C\u0102 AI PLECAT - Teatrul Regina Maria Oradea<\/title>\n\n","aioseo_head_json":{"title":"I NEVER UNDERSTOOD HOW THE AIR FEELS THAT YOU&#039;RE GONE - Regina Maria Theatre Oradea","description":"The show &quot;I Never Understood How the Air Feels When You&#039;re Gone&quot; is inspired by the poetic universe of Ana Blandiana and combines two central themes of her poetry: love and death, starting from the image of the couple. This is reincarnated in an androgynous form, then reduced to two, to finally dissolve into eternity and","canonical_url":"https:\/\/www.teatrulreginamaria.ro\/en\/n-am-inteles-niciodata-cum-simte-aerul-ca-ai-plecat\/","robots":"max-image-preview:large","keywords":"","webmasterTools":{"miscellaneous":""},"schema":{"@context":"https:\/\/schema.org","@graph":[{"@type":"BlogPosting","@id":"https:\/\/www.teatrulreginamaria.ro\/en\/n-am-inteles-niciodata-cum-simte-aerul-ca-ai-plecat\/#blogposting","name":"N-AM \u00ceN\u021aELES NICIODAT\u0102 CUM SIMTE AERUL C\u0102 AI PLECAT - Teatrul Regina Maria Oradea","headline":"N-AM \u00ceN\u021aELES NICIODAT\u0102 CUM SIMTE AERUL C\u0102 AI PLECAT","author":{"@id":"https:\/\/www.teatrulreginamaria.ro\/en\/author\/florina\/#author"},"publisher":{"@id":"https:\/\/www.teatrulreginamaria.ro\/en\/#organization"},"image":{"@type":"ImageObject","url":"https:\/\/www.teatrulreginamaria.ro\/wp-content\/uploads\/2025\/06\/logo-trm-01-dark.png","@id":"https:\/\/www.teatrulreginamaria.ro\/en\/#articleImage","width":300,"height":148},"datePublished":"2026-02-19T12:50:45+02:00","dateModified":"2026-04-24T14:33:16+03:00","inLanguage":"en-GB","mainEntityOfPage":{"@id":"https:\/\/www.teatrulreginamaria.ro\/en\/n-am-inteles-niciodata-cum-simte-aerul-ca-ai-plecat\/#webpage"},"isPartOf":{"@id":"https:\/\/www.teatrulreginamaria.ro\/en\/n-am-inteles-niciodata-cum-simte-aerul-ca-ai-plecat\/#webpage"},"articleSection":"Spectacole Trupa Iosif Vulcan"},{"@type":"BreadcrumbList","@id":"https:\/\/www.teatrulreginamaria.ro\/en\/n-am-inteles-niciodata-cum-simte-aerul-ca-ai-plecat\/#breadcrumblist","itemListElement":[{"@type":"ListItem","@id":"https:\/\/www.teatrulreginamaria.ro\/en#listItem","position":1,"name":"Home","item":"https:\/\/www.teatrulreginamaria.ro\/en","nextItem":{"@type":"ListItem","@id":"https:\/\/www.teatrulreginamaria.ro\/en\/categorie\/trupa-iosif-vulcan\/#listItem","name":"Trupa Iosif Vulcan"}},{"@type":"ListItem","@id":"https:\/\/www.teatrulreginamaria.ro\/en\/categorie\/trupa-iosif-vulcan\/#listItem","position":2,"name":"Trupa Iosif Vulcan","item":"https:\/\/www.teatrulreginamaria.ro\/en\/categorie\/trupa-iosif-vulcan\/","nextItem":{"@type":"ListItem","@id":"https:\/\/www.teatrulreginamaria.ro\/en\/categorie\/trupa-iosif-vulcan\/spectacole-trupa-iosif-vulcan\/#listItem","name":"Spectacole Trupa Iosif Vulcan"},"previousItem":{"@type":"ListItem","@id":"https:\/\/www.teatrulreginamaria.ro\/en#listItem","name":"Home"}},{"@type":"ListItem","@id":"https:\/\/www.teatrulreginamaria.ro\/en\/categorie\/trupa-iosif-vulcan\/spectacole-trupa-iosif-vulcan\/#listItem","position":3,"name":"Spectacole Trupa Iosif Vulcan","item":"https:\/\/www.teatrulreginamaria.ro\/en\/categorie\/trupa-iosif-vulcan\/spectacole-trupa-iosif-vulcan\/","nextItem":{"@type":"ListItem","@id":"https:\/\/www.teatrulreginamaria.ro\/en\/n-am-inteles-niciodata-cum-simte-aerul-ca-ai-plecat\/#listItem","name":"N-AM \u00ceN\u021aELES NICIODAT\u0102 CUM SIMTE AERUL C\u0102 AI PLECAT"},"previousItem":{"@type":"ListItem","@id":"https:\/\/www.teatrulreginamaria.ro\/en\/categorie\/trupa-iosif-vulcan\/#listItem","name":"Trupa Iosif Vulcan"}},{"@type":"ListItem","@id":"https:\/\/www.teatrulreginamaria.ro\/en\/n-am-inteles-niciodata-cum-simte-aerul-ca-ai-plecat\/#listItem","position":4,"name":"N-AM \u00ceN\u021aELES NICIODAT\u0102 CUM SIMTE AERUL C\u0102 AI PLECAT","previousItem":{"@type":"ListItem","@id":"https:\/\/www.teatrulreginamaria.ro\/en\/categorie\/trupa-iosif-vulcan\/spectacole-trupa-iosif-vulcan\/#listItem","name":"Spectacole Trupa Iosif Vulcan"}}]},{"@type":"Organization","@id":"https:\/\/www.teatrulreginamaria.ro\/en\/#organization","name":"Teatrul Regina Maria Oradea","description":"Trupa Iosif Vulcan \u0219i Trupa Arcadia","url":"https:\/\/www.teatrulreginamaria.ro\/en\/","email":"marketing@teatrulreginamaria.ro","telephone":"+40359411534","numberOfEmployees":{"@type":"QuantitativeValue","minValue":0,"maxValue":150},"logo":{"@type":"ImageObject","url":"https:\/\/www.teatrulreginamaria.ro\/wp-content\/uploads\/2025\/06\/logo-trm-01-dark.png","@id":"https:\/\/www.teatrulreginamaria.ro\/en\/n-am-inteles-niciodata-cum-simte-aerul-ca-ai-plecat\/#organizationLogo","width":300,"height":148},"image":{"@id":"https:\/\/www.teatrulreginamaria.ro\/en\/n-am-inteles-niciodata-cum-simte-aerul-ca-ai-plecat\/#organizationLogo"},"sameAs":["https:\/\/www.facebook.com\/TRMTrupaIosifVulcan\/","https:\/\/x.com\/TRMOradea","https:\/\/www.instagram.com\/teatrul_regina_maria\/","https:\/\/www.youtube.com\/c\/TeatrulReginaMariaOradea","https:\/\/www.linkedin.com\/company\/teatrul-regina-maria"]},{"@type":"Person","@id":"https:\/\/www.teatrulreginamaria.ro\/en\/author\/florina\/#author","url":"https:\/\/www.teatrulreginamaria.ro\/en\/author\/florina\/","name":"Florina Dometi","image":{"@type":"ImageObject","@id":"https:\/\/www.teatrulreginamaria.ro\/en\/n-am-inteles-niciodata-cum-simte-aerul-ca-ai-plecat\/#authorImage","url":"https:\/\/secure.gravatar.com\/avatar\/efc240f7aebd58d925cf11ff8d7c84e9636b0ee93a0cd22c95d272ca0ffc0289?s=96&d=mm&r=g","width":96,"height":96,"caption":"Florina Dometi"}},{"@type":"WebPage","@id":"https:\/\/www.teatrulreginamaria.ro\/en\/n-am-inteles-niciodata-cum-simte-aerul-ca-ai-plecat\/#webpage","url":"https:\/\/www.teatrulreginamaria.ro\/en\/n-am-inteles-niciodata-cum-simte-aerul-ca-ai-plecat\/","name":"N-AM \u00ceN\u021aELES NICIODAT\u0102 CUM SIMTE AERUL C\u0102 AI PLECAT - Teatrul Regina Maria Oradea","description":"Spectacolul \u201eN-am \u00een\u021beles niciodat\u0103 cum simte aerul c\u0103 ai plecat\u201d este inspirat din universul poetic al Anei Blandiana \u0219i \u00eembin\u0103 dou\u0103 teme centrale ale poeziei sale: dragostea \u0219i moartea, pornind de la imaginea cuplului. Acesta este re\u00eentrupat \u00eentr-o form\u0103 androginic\u0103, apoi redus la doi, ca \u00eentr-un final s\u0103 se dizolve \u00een ve\u0219nicie \u0219i s\u0103 se","inLanguage":"en-GB","isPartOf":{"@id":"https:\/\/www.teatrulreginamaria.ro\/en\/#website"},"breadcrumb":{"@id":"https:\/\/www.teatrulreginamaria.ro\/en\/n-am-inteles-niciodata-cum-simte-aerul-ca-ai-plecat\/#breadcrumblist"},"author":{"@id":"https:\/\/www.teatrulreginamaria.ro\/en\/author\/florina\/#author"},"creator":{"@id":"https:\/\/www.teatrulreginamaria.ro\/en\/author\/florina\/#author"},"datePublished":"2026-02-19T12:50:45+02:00","dateModified":"2026-04-24T14:33:16+03:00"},{"@type":"WebSite","@id":"https:\/\/www.teatrulreginamaria.ro\/en\/#website","url":"https:\/\/www.teatrulreginamaria.ro\/en\/","name":"Teatrul Regina Maria Oradea","alternateName":"TRM Oradea","description":"Trupa Iosif Vulcan \u0219i Trupa Arcadia","inLanguage":"en-GB","publisher":{"@id":"https:\/\/www.teatrulreginamaria.ro\/en\/#organization"}}]},"og:locale":"en_GB","og:site_name":"Teatrul Regina Maria Oradea - Trupa Iosif Vulcan \u0219i Trupa Arcadia","og:type":"article","og:title":"N-AM \u00ceN\u021aELES NICIODAT\u0102 CUM SIMTE AERUL C\u0102 AI PLECAT - Teatrul Regina Maria Oradea","og:description":"Spectacolul \u201eN-am \u00een\u021beles niciodat\u0103 cum simte aerul c\u0103 ai plecat\u201d este inspirat din universul poetic al Anei Blandiana \u0219i \u00eembin\u0103 dou\u0103 teme centrale ale poeziei sale: dragostea \u0219i moartea, pornind de la imaginea cuplului. Acesta este re\u00eentrupat \u00eentr-o form\u0103 androginic\u0103, apoi redus la doi, ca \u00eentr-un final s\u0103 se dizolve \u00een ve\u0219nicie \u0219i s\u0103 se","og:url":"https:\/\/www.teatrulreginamaria.ro\/en\/n-am-inteles-niciodata-cum-simte-aerul-ca-ai-plecat\/","og:image":"https:\/\/www.teatrulreginamaria.ro\/wp-content\/uploads\/2025\/03\/trm-istoric-01.jpg","og:image:secure_url":"https:\/\/www.teatrulreginamaria.ro\/wp-content\/uploads\/2025\/03\/trm-istoric-01.jpg","og:image:width":1200,"og:image:height":800,"article:published_time":"2026-02-19T10:50:45+00:00","article:modified_time":"2026-04-24T11:33:16+00:00","article:publisher":"https:\/\/www.facebook.com\/TRMTrupaIosifVulcan\/","twitter:card":"summary_large_image","twitter:site":"@TRMOradea","twitter:title":"N-AM \u00ceN\u021aELES NICIODAT\u0102 CUM SIMTE AERUL C\u0102 AI PLECAT - Teatrul Regina Maria Oradea","twitter:description":"Spectacolul \u201eN-am \u00een\u021beles niciodat\u0103 cum simte aerul c\u0103 ai plecat\u201d este inspirat din universul poetic al Anei Blandiana \u0219i \u00eembin\u0103 dou\u0103 teme centrale ale poeziei sale: dragostea \u0219i moartea, pornind de la imaginea cuplului. Acesta este re\u00eentrupat \u00eentr-o form\u0103 androginic\u0103, apoi redus la doi, ca \u00eentr-un final s\u0103 se dizolve \u00een ve\u0219nicie \u0219i s\u0103 se","twitter:creator":"@TRMOradea","twitter:image":"https:\/\/www.teatrulreginamaria.ro\/wp-content\/uploads\/2025\/03\/trm-istoric-01.jpg"},"aioseo_meta_data":{"post_id":"14531","title":null,"description":null,"keywords":null,"keyphrases":{"focus":[],"additional":[]},"primary_term":null,"canonical_url":null,"og_title":null,"og_description":null,"og_object_type":"default","og_image_type":"default","og_image_url":null,"og_image_width":null,"og_image_height":null,"og_image_custom_url":null,"og_image_custom_fields":null,"og_video":"","og_custom_url":null,"og_article_section":null,"og_article_tags":null,"twitter_use_og":false,"twitter_card":"default","twitter_image_type":"default","twitter_image_url":null,"twitter_image_custom_url":null,"twitter_image_custom_fields":null,"twitter_title":null,"twitter_description":null,"schema":{"blockGraphs":[],"customGraphs":[],"default":{"data":{"Article":[],"Course":[],"Dataset":[],"FAQPage":[],"Movie":[],"Person":[],"Product":[],"ProductReview":[],"Car":[],"Recipe":[],"Service":[],"SoftwareApplication":[],"WebPage":[]},"graphName":"BlogPosting","isEnabled":true},"graphs":[]},"schema_type":"default","schema_type_options":null,"pillar_content":false,"robots_default":true,"robots_noindex":false,"robots_noarchive":false,"robots_nosnippet":false,"robots_nofollow":false,"robots_noimageindex":false,"robots_noodp":false,"robots_notranslate":false,"robots_max_snippet":"-1","robots_max_videopreview":"-1","robots_max_imagepreview":"large","priority":null,"frequency":"default","local_seo":null,"seo_analyzer_scan_date":"2026-04-24 16:28:53","breadcrumb_settings":null,"limit_modified_date":false,"reviewed_by":"0","open_ai":null,"ai":{"faqs":[],"keyPoints":[],"schemas":[],"titles":[],"descriptions":[],"socialPosts":{"email":[],"linkedin":[],"twitter":[],"facebook":[],"instagram":[]}},"created":"2026-02-19 10:43:03","updated":"2026-08-14 23:13:02","focus_keyword":null,"additional_keywords":null,"truseo_locale":null},"aioseo_breadcrumb":"<div class=\"aioseo-breadcrumbs\"><span class=\"aioseo-breadcrumb\">\n\t<a href=\"https:\/\/www.teatrulreginamaria.ro\/en\" title=\"Home\">Home<\/a>\n<\/span><span class=\"aioseo-breadcrumb-separator\">&raquo;<\/span><span class=\"aioseo-breadcrumb\">\n\t<a href=\"https:\/\/www.teatrulreginamaria.ro\/en\/categorie\/trupa-iosif-vulcan\/\" title=\"Trupa Iosif Vulcan\">Trupa Iosif Vulcan<\/a>\n<\/span><span class=\"aioseo-breadcrumb-separator\">&raquo;<\/span><span class=\"aioseo-breadcrumb\">\n\t<a href=\"https:\/\/www.teatrulreginamaria.ro\/en\/categorie\/trupa-iosif-vulcan\/spectacole-trupa-iosif-vulcan\/\" title=\"Spectacole Trupa Iosif Vulcan\">Spectacole Trupa Iosif Vulcan<\/a>\n<\/span><span class=\"aioseo-breadcrumb-separator\">&raquo;<\/span><span class=\"aioseo-breadcrumb\">\n\tN-AM \u00ceN\u021aELES NICIODAT\u0102 CUM SIMTE AERUL C\u0102 AI PLECAT\n<\/span><\/div>","aioseo_breadcrumb_json":[{"label":"Home","link":"https:\/\/www.teatrulreginamaria.ro\/en"},{"label":"Trupa Iosif Vulcan","link":"https:\/\/www.teatrulreginamaria.ro\/en\/categorie\/trupa-iosif-vulcan\/"},{"label":"Spectacole Trupa Iosif Vulcan","link":"https:\/\/www.teatrulreginamaria.ro\/en\/categorie\/trupa-iosif-vulcan\/spectacole-trupa-iosif-vulcan\/"},{"label":"N-AM \u00ceN\u021aELES NICIODAT\u0102 CUM SIMTE AERUL C\u0102 AI PLECAT","link":"https:\/\/www.teatrulreginamaria.ro\/en\/n-am-inteles-niciodata-cum-simte-aerul-ca-ai-plecat\/"}],"acf":[],"_links":{"self":[{"href":"https:\/\/www.teatrulreginamaria.ro\/en\/wp-json\/wp\/v2\/posts\/14531","targetHints":{"allow":["GET"]}}],"collection":[{"href":"https:\/\/www.teatrulreginamaria.ro\/en\/wp-json\/wp\/v2\/posts"}],"about":[{"href":"https:\/\/www.teatrulreginamaria.ro\/en\/wp-json\/wp\/v2\/types\/post"}],"author":[{"embeddable":true,"href":"https:\/\/www.teatrulreginamaria.ro\/en\/wp-json\/wp\/v2\/users\/9"}],"replies":[{"embeddable":true,"href":"https:\/\/www.teatrulreginamaria.ro\/en\/wp-json\/wp\/v2\/comments?post=14531"}],"version-history":[{"count":3,"href":"https:\/\/www.teatrulreginamaria.ro\/en\/wp-json\/wp\/v2\/posts\/14531\/revisions"}],"predecessor-version":[{"id":14842,"href":"https:\/\/www.teatrulreginamaria.ro\/en\/wp-json\/wp\/v2\/posts\/14531\/revisions\/14842"}],"wp:attachment":[{"href":"https:\/\/www.teatrulreginamaria.ro\/en\/wp-json\/wp\/v2\/media?parent=14531"}],"wp:term":[{"taxonomy":"category","embeddable":true,"href":"https:\/\/www.teatrulreginamaria.ro\/en\/wp-json\/wp\/v2\/categories?post=14531"},{"taxonomy":"post_tag","embeddable":true,"href":"https:\/\/www.teatrulreginamaria.ro\/en\/wp-json\/wp\/v2\/tags?post=14531"}],"curies":[{"name":"wp","href":"https:\/\/api.w.org\/{rel}","templated":true}]}}