{"id":14697,"date":"2025-09-15T12:00:00","date_gmt":"2025-09-15T09:00:00","guid":{"rendered":"https:\/\/www.teatrulreginamaria.ro\/?p=14697"},"modified":"2026-03-27T12:34:17","modified_gmt":"2026-03-27T10:34:17","slug":"press-release-things-i-know-to-be-true","status":"publish","type":"post","link":"https:\/\/www.teatrulreginamaria.ro\/en\/comunicat-de-presa-lucruri-pe-care-le-stiu-ca-fiind-adevarate\/","title":{"rendered":"PRESS RELEASE | Things I Know to be True"},"content":{"rendered":"<p class=\"wp-block-paragraph\"><strong>The &quot;Iosif Vulcan&quot; troupe of the Regina Maria Theatre is preparing for the first premiere of the season, Things I Know to be True by Andrew Bovell, directed by Vlad B\u0103lan, scheduled for Tuesday and Wednesday, September 16 and 17, from 7:00 PM, at the Transilvania Hall.<\/strong><\/p>\n\n\n\n<p class=\"wp-block-paragraph\">The cast consists of actors from the Iosif Vulcan troupe <strong>Richard Balint<\/strong>, <strong>Corina Cernea<\/strong>, <strong>Denisa Irina Vlad<\/strong>, <strong>Eugene Neag<\/strong>, <strong>Cosmin Petrut <\/strong>and <strong>Giorgiana Coman<\/strong>.<\/p>\n\n\n\n<p class=\"wp-block-paragraph\">I am part of the creative team <strong>Vlad Balan<\/strong>, <strong>Gabi Albu<\/strong> and <strong>Cristina Juncu<\/strong>, those from <strong>Impress Media<\/strong> dealing with video design.<\/p>\n\n\n\n<hr class=\"wp-block-separator has-alpha-channel-opacity\"\/>\n\n\n\n<p class=\"wp-block-paragraph\">We all need a safe space, where we know we can return when life doesn&#039;t go the way we wanted it to. A place of our own, where we can protect ourselves and where things remain intact, as we&#039;ve always known them. But what happens when we find that personal shelter crumbling due to a weakness we didn&#039;t know about or chose to ignore?<\/p>\n\n\n\n<p class=\"wp-block-paragraph\">Rosie, the youngest of the Price family, is on a trip through Europe on her gap year and is forced to return home to find her balance. Here, she is welcomed by the whole family and, for a moment, everything seems unchanged: the father, who takes care of the rose garden, the mother, who has a solution for everything, Ben, who can&#039;t seem to maintain a relationship, Mark, who has always been the more withdrawn brother and Pip, who seems to live a happy life with her husband and two children. However, this image is just an illusion that is about to disappear when the unspoken things between them come to the surface, and the relational balance that proves fragile is put to the test.<\/p>\n\n\n\n<p class=\"wp-block-paragraph\">Things I Know to Be True explores the complicated family dynamics that hide behind them the sacrifices made by parents on behalf of their children, the pressure of expectations imposed on children, but also the urgent need for each one to express and defend their own truth. Beyond the intimate struggles between their own aspirations and disappointments, each family member is forced to manage the sudden and unexpected changes in the lives of others, the consequences of which cannot be healed by love alone.<\/p>\n\n\n\n<hr class=\"wp-block-separator has-alpha-channel-opacity\"\/>\n\n\n\n<p class=\"wp-block-paragraph\"><strong>Things I know to be true<\/strong><br>by Andrew Bovell<\/p>\n\n\n\n<p class=\"wp-block-paragraph\">Distribution:<br>Bob: <strong>Richard Balint<\/strong><br>Fran:<strong> Corina Cernea<\/strong><br>Pip: <strong>Denisa Irina Vlad<\/strong><br>Ben: <strong>Eugene Neag<\/strong><br>Mark: <strong>Cosmin Petrut<\/strong><br>Red: <strong>Giorgiana Coman<\/strong><\/p>\n\n\n\n<p class=\"wp-block-paragraph\">video appearances: <strong>Sofia Latcu<\/strong>, <strong>Rare\u0219 Red<\/strong>, <strong>Luca Bran<\/strong>, <strong>Caesar Sirghi<\/strong>, <strong>Elena Sirghi<\/strong>, <strong>Carina Bunea<\/strong>, <strong>Mirela Rosu<\/strong><\/p>\n\n\n\n<p class=\"wp-block-paragraph\">direction: <strong>Vlad Balan<\/strong><br>scenography:<strong> Gabi Albu<\/strong><br>original music:<strong> Cristina Juncu<\/strong><br>video design: <strong>Impress Media<\/strong><\/p>\n\n\n\n<p class=\"wp-block-paragraph\">Premiere: <strong>September 16 and 17, 2025<\/strong><br>Show recommended for people over <strong>18 years old<\/strong>!<\/p>\n\n\n\n<hr class=\"wp-block-separator has-alpha-channel-opacity\"\/>\n\n\n\n<p class=\"wp-block-paragraph\">Tickets can be purchased online, on the Poftim Cultur\u0103 platform.<\/p>\n\n\n\n<p class=\"wp-block-paragraph\">We look forward to seeing you at the theater!<\/p>","protected":false},"excerpt":{"rendered":"<p>Trupa \u201eIosif Vulcan\u201d a Teatrului Regina Maria se preg\u0103te\u0219te pentru prima premier\u0103 a stagiunii, Lucruri pe care le \u0219tiu ca fiind adev\u0103rate de Andrew Bovell, \u00een regia lui Vlad B\u0103lan, programat\u0103 mar\u021bi \u0219i miercuri, 16 \u0219i 17 septembrie, de la ora 19:00, la Sala Transilvania. Distribu\u021bia este format\u0103 din actorii trupei Iosif Vulcan Richard Balint, [&hellip;]<\/p>\n","protected":false},"author":6,"featured_media":13706,"comment_status":"closed","ping_status":"closed","sticky":false,"template":"","format":"standard","meta":{"_acf_changed":false,"footnotes":""},"categories":[41,22],"tags":[],"class_list":["post-14697","post","type-post","status-publish","format-standard","has-post-thumbnail","hentry","category-noutati","category-noutati-trupa-iosif-vulcan"],"aioseo_notices":[],"aioseo_head":"\n\t\t<!-- All in One SEO Pro 5.0.1.1 - aioseo.com -->\n\t<meta name=\"description\" content=\"Trupa \u201eIosif Vulcan\u201d a Teatrului Regina Maria se preg\u0103te\u0219te pentru prima premier\u0103 a stagiunii, Lucruri pe care le \u0219tiu ca fiind adev\u0103rate de Andrew Bovell, \u00een regia lui Vlad B\u0103lan, programat\u0103 mar\u021bi \u0219i miercuri, 16 \u0219i 17 septembrie, de la ora 19:00, la Sala Transilvania. Distribu\u021bia este format\u0103 din actorii trupei Iosif Vulcan Richard Balint,\" \/>\n\t<meta name=\"robots\" content=\"max-image-preview:large\" \/>\n\t<meta name=\"author\" content=\"Teatrul Regina Maria\"\/>\n\t<link rel=\"canonical\" href=\"https:\/\/www.teatrulreginamaria.ro\/en\/comunicat-de-presa-lucruri-pe-care-le-stiu-ca-fiind-adevarate\/\" \/>\n\t<meta name=\"generator\" content=\"All in One SEO Pro (AIOSEO) 5.0.1.1\" \/>\n\t\t<meta property=\"og:locale\" content=\"en_GB\" \/>\n\t\t<meta property=\"og:site_name\" content=\"Teatrul Regina Maria Oradea - Trupa Iosif Vulcan \u0219i Trupa Arcadia\" \/>\n\t\t<meta property=\"og:type\" content=\"article\" \/>\n\t\t<meta property=\"og:title\" content=\"COMUNICAT DE PRES\u0102 | Lucruri pe care le \u0219tiu ca fiind adev\u0103rate - Teatrul Regina Maria Oradea\" \/>\n\t\t<meta property=\"og:description\" content=\"Trupa \u201eIosif Vulcan\u201d a Teatrului Regina Maria se preg\u0103te\u0219te pentru prima premier\u0103 a stagiunii, Lucruri pe care le \u0219tiu ca fiind adev\u0103rate de Andrew Bovell, \u00een regia lui Vlad B\u0103lan, programat\u0103 mar\u021bi \u0219i miercuri, 16 \u0219i 17 septembrie, de la ora 19:00, la Sala Transilvania. Distribu\u021bia este format\u0103 din actorii trupei Iosif Vulcan Richard Balint,\" \/>\n\t\t<meta property=\"og:url\" content=\"https:\/\/www.teatrulreginamaria.ro\/en\/comunicat-de-presa-lucruri-pe-care-le-stiu-ca-fiind-adevarate\/\" \/>\n\t\t<meta property=\"og:image\" content=\"https:\/\/www.teatrulreginamaria.ro\/wp-content\/uploads\/2025\/03\/trm-istoric-01.jpg\" \/>\n\t\t<meta property=\"og:image:secure_url\" content=\"https:\/\/www.teatrulreginamaria.ro\/wp-content\/uploads\/2025\/03\/trm-istoric-01.jpg\" \/>\n\t\t<meta property=\"og:image:width\" content=\"1200\" \/>\n\t\t<meta property=\"og:image:height\" content=\"800\" \/>\n\t\t<meta property=\"article:published_time\" content=\"2025-09-15T09:00:00+00:00\" \/>\n\t\t<meta property=\"article:modified_time\" content=\"2026-03-27T10:34:17+00:00\" \/>\n\t\t<meta property=\"article:publisher\" content=\"https:\/\/www.facebook.com\/TRMTrupaIosifVulcan\/\" \/>\n\t\t<meta name=\"twitter:card\" content=\"summary_large_image\" \/>\n\t\t<meta name=\"twitter:site\" content=\"@TRMOradea\" \/>\n\t\t<meta name=\"twitter:title\" content=\"COMUNICAT DE PRES\u0102 | Lucruri pe care le \u0219tiu ca fiind adev\u0103rate - Teatrul Regina Maria Oradea\" \/>\n\t\t<meta name=\"twitter:description\" content=\"Trupa \u201eIosif Vulcan\u201d a Teatrului Regina Maria se preg\u0103te\u0219te pentru prima premier\u0103 a stagiunii, Lucruri pe care le \u0219tiu ca fiind adev\u0103rate de Andrew Bovell, \u00een regia lui Vlad B\u0103lan, programat\u0103 mar\u021bi \u0219i miercuri, 16 \u0219i 17 septembrie, de la ora 19:00, la Sala Transilvania. Distribu\u021bia este format\u0103 din actorii trupei Iosif Vulcan Richard Balint,\" \/>\n\t\t<meta name=\"twitter:creator\" content=\"@TRMOradea\" \/>\n\t\t<meta name=\"twitter:image\" content=\"https:\/\/www.teatrulreginamaria.ro\/wp-content\/uploads\/2025\/03\/trm-istoric-01.jpg\" \/>\n\t\t<script type=\"application\/ld+json\" class=\"aioseo-schema\">\n\t\t\t{\"@context\":\"https:\\\/\\\/schema.org\",\"@graph\":[{\"@type\":\"BlogPosting\",\"@id\":\"https:\\\/\\\/www.teatrulreginamaria.ro\\\/en\\\/comunicat-de-presa-lucruri-pe-care-le-stiu-ca-fiind-adevarate\\\/#blogposting\",\"name\":\"COMUNICAT DE PRES\\u0102 | Lucruri pe care le \\u0219tiu ca fiind adev\\u0103rate - Teatrul Regina Maria Oradea\",\"headline\":\"COMUNICAT DE PRES\\u0102 | Lucruri pe care le \\u0219tiu ca fiind adev\\u0103rate\",\"author\":{\"@id\":\"https:\\\/\\\/www.teatrulreginamaria.ro\\\/en\\\/author\\\/w3bmaster\\\/#author\"},\"publisher\":{\"@id\":\"https:\\\/\\\/www.teatrulreginamaria.ro\\\/en\\\/#organization\"},\"image\":{\"@type\":\"ImageObject\",\"url\":\"https:\\\/\\\/www.teatrulreginamaria.ro\\\/wp-content\\\/uploads\\\/2025\\\/08\\\/WhatsApp-Image-2025-09-15-at-091329.jpeg\",\"width\":1142,\"height\":1600},\"datePublished\":\"2025-09-15T12:00:00+03:00\",\"dateModified\":\"2026-03-27T12:34:17+02:00\",\"inLanguage\":\"en-GB\",\"mainEntityOfPage\":{\"@id\":\"https:\\\/\\\/www.teatrulreginamaria.ro\\\/en\\\/comunicat-de-presa-lucruri-pe-care-le-stiu-ca-fiind-adevarate\\\/#webpage\"},\"isPartOf\":{\"@id\":\"https:\\\/\\\/www.teatrulreginamaria.ro\\\/en\\\/comunicat-de-presa-lucruri-pe-care-le-stiu-ca-fiind-adevarate\\\/#webpage\"},\"articleSection\":\"Nout\\u0103\\u021bi, Nout\\u0103\\u021bi - Trupa Iosif Vulcan\"},{\"@type\":\"BreadcrumbList\",\"@id\":\"https:\\\/\\\/www.teatrulreginamaria.ro\\\/en\\\/comunicat-de-presa-lucruri-pe-care-le-stiu-ca-fiind-adevarate\\\/#breadcrumblist\",\"itemListElement\":[{\"@type\":\"ListItem\",\"@id\":\"https:\\\/\\\/www.teatrulreginamaria.ro\\\/en#listItem\",\"position\":1,\"name\":\"Home\",\"item\":\"https:\\\/\\\/www.teatrulreginamaria.ro\\\/en\",\"nextItem\":{\"@type\":\"ListItem\",\"@id\":\"https:\\\/\\\/www.teatrulreginamaria.ro\\\/en\\\/categorie\\\/noutati\\\/#listItem\",\"name\":\"Nout\\u0103\\u021bi\"}},{\"@type\":\"ListItem\",\"@id\":\"https:\\\/\\\/www.teatrulreginamaria.ro\\\/en\\\/categorie\\\/noutati\\\/#listItem\",\"position\":2,\"name\":\"Nout\\u0103\\u021bi\",\"item\":\"https:\\\/\\\/www.teatrulreginamaria.ro\\\/en\\\/categorie\\\/noutati\\\/\",\"nextItem\":{\"@type\":\"ListItem\",\"@id\":\"https:\\\/\\\/www.teatrulreginamaria.ro\\\/en\\\/categorie\\\/noutati\\\/noutati-trupa-iosif-vulcan\\\/#listItem\",\"name\":\"Nout\\u0103\\u021bi - Trupa Iosif Vulcan\"},\"previousItem\":{\"@type\":\"ListItem\",\"@id\":\"https:\\\/\\\/www.teatrulreginamaria.ro\\\/en#listItem\",\"name\":\"Home\"}},{\"@type\":\"ListItem\",\"@id\":\"https:\\\/\\\/www.teatrulreginamaria.ro\\\/en\\\/categorie\\\/noutati\\\/noutati-trupa-iosif-vulcan\\\/#listItem\",\"position\":3,\"name\":\"Nout\\u0103\\u021bi - Trupa Iosif Vulcan\",\"item\":\"https:\\\/\\\/www.teatrulreginamaria.ro\\\/en\\\/categorie\\\/noutati\\\/noutati-trupa-iosif-vulcan\\\/\",\"nextItem\":{\"@type\":\"ListItem\",\"@id\":\"https:\\\/\\\/www.teatrulreginamaria.ro\\\/en\\\/comunicat-de-presa-lucruri-pe-care-le-stiu-ca-fiind-adevarate\\\/#listItem\",\"name\":\"COMUNICAT DE PRES\\u0102 | Lucruri pe care le \\u0219tiu ca fiind adev\\u0103rate\"},\"previousItem\":{\"@type\":\"ListItem\",\"@id\":\"https:\\\/\\\/www.teatrulreginamaria.ro\\\/en\\\/categorie\\\/noutati\\\/#listItem\",\"name\":\"Nout\\u0103\\u021bi\"}},{\"@type\":\"ListItem\",\"@id\":\"https:\\\/\\\/www.teatrulreginamaria.ro\\\/en\\\/comunicat-de-presa-lucruri-pe-care-le-stiu-ca-fiind-adevarate\\\/#listItem\",\"position\":4,\"name\":\"COMUNICAT DE PRES\\u0102 | Lucruri pe care le \\u0219tiu ca fiind adev\\u0103rate\",\"previousItem\":{\"@type\":\"ListItem\",\"@id\":\"https:\\\/\\\/www.teatrulreginamaria.ro\\\/en\\\/categorie\\\/noutati\\\/noutati-trupa-iosif-vulcan\\\/#listItem\",\"name\":\"Nout\\u0103\\u021bi - Trupa Iosif Vulcan\"}}]},{\"@type\":\"Organization\",\"@id\":\"https:\\\/\\\/www.teatrulreginamaria.ro\\\/en\\\/#organization\",\"name\":\"Teatrul Regina Maria Oradea\",\"description\":\"Trupa Iosif Vulcan \\u0219i Trupa Arcadia\",\"url\":\"https:\\\/\\\/www.teatrulreginamaria.ro\\\/en\\\/\",\"email\":\"marketing@teatrulreginamaria.ro\",\"telephone\":\"+40359411534\",\"numberOfEmployees\":{\"@type\":\"QuantitativeValue\",\"minValue\":0,\"maxValue\":150},\"logo\":{\"@type\":\"ImageObject\",\"url\":\"https:\\\/\\\/www.teatrulreginamaria.ro\\\/wp-content\\\/uploads\\\/2025\\\/06\\\/logo-trm-01-dark.png\",\"@id\":\"https:\\\/\\\/www.teatrulreginamaria.ro\\\/en\\\/comunicat-de-presa-lucruri-pe-care-le-stiu-ca-fiind-adevarate\\\/#organizationLogo\",\"width\":300,\"height\":148},\"image\":{\"@id\":\"https:\\\/\\\/www.teatrulreginamaria.ro\\\/en\\\/comunicat-de-presa-lucruri-pe-care-le-stiu-ca-fiind-adevarate\\\/#organizationLogo\"},\"sameAs\":[\"https:\\\/\\\/www.facebook.com\\\/TRMTrupaIosifVulcan\\\/\",\"https:\\\/\\\/x.com\\\/TRMOradea\",\"https:\\\/\\\/www.instagram.com\\\/teatrul_regina_maria\\\/\",\"https:\\\/\\\/www.youtube.com\\\/c\\\/TeatrulReginaMariaOradea\",\"https:\\\/\\\/www.linkedin.com\\\/company\\\/teatrul-regina-maria\"]},{\"@type\":\"Person\",\"@id\":\"https:\\\/\\\/www.teatrulreginamaria.ro\\\/en\\\/author\\\/w3bmaster\\\/#author\",\"url\":\"https:\\\/\\\/www.teatrulreginamaria.ro\\\/en\\\/author\\\/w3bmaster\\\/\",\"name\":\"Teatrul Regina Maria\",\"image\":{\"@type\":\"ImageObject\",\"@id\":\"https:\\\/\\\/www.teatrulreginamaria.ro\\\/en\\\/comunicat-de-presa-lucruri-pe-care-le-stiu-ca-fiind-adevarate\\\/#authorImage\",\"url\":\"https:\\\/\\\/secure.gravatar.com\\\/avatar\\\/5884139d508ae3f0bafe45e60563b48a9640146d3b08ccc6278c305ff9329305?s=96&d=mm&r=g\",\"width\":96,\"height\":96,\"caption\":\"Teatrul Regina Maria\"}},{\"@type\":\"WebPage\",\"@id\":\"https:\\\/\\\/www.teatrulreginamaria.ro\\\/en\\\/comunicat-de-presa-lucruri-pe-care-le-stiu-ca-fiind-adevarate\\\/#webpage\",\"url\":\"https:\\\/\\\/www.teatrulreginamaria.ro\\\/en\\\/comunicat-de-presa-lucruri-pe-care-le-stiu-ca-fiind-adevarate\\\/\",\"name\":\"COMUNICAT DE PRES\\u0102 | Lucruri pe care le \\u0219tiu ca fiind adev\\u0103rate - Teatrul Regina Maria Oradea\",\"description\":\"Trupa \\u201eIosif Vulcan\\u201d a Teatrului Regina Maria se preg\\u0103te\\u0219te pentru prima premier\\u0103 a stagiunii, Lucruri pe care le \\u0219tiu ca fiind adev\\u0103rate de Andrew Bovell, \\u00een regia lui Vlad B\\u0103lan, programat\\u0103 mar\\u021bi \\u0219i miercuri, 16 \\u0219i 17 septembrie, de la ora 19:00, la Sala Transilvania. Distribu\\u021bia este format\\u0103 din actorii trupei Iosif Vulcan Richard Balint,\",\"inLanguage\":\"en-GB\",\"isPartOf\":{\"@id\":\"https:\\\/\\\/www.teatrulreginamaria.ro\\\/en\\\/#website\"},\"breadcrumb\":{\"@id\":\"https:\\\/\\\/www.teatrulreginamaria.ro\\\/en\\\/comunicat-de-presa-lucruri-pe-care-le-stiu-ca-fiind-adevarate\\\/#breadcrumblist\"},\"author\":{\"@id\":\"https:\\\/\\\/www.teatrulreginamaria.ro\\\/en\\\/author\\\/w3bmaster\\\/#author\"},\"creator\":{\"@id\":\"https:\\\/\\\/www.teatrulreginamaria.ro\\\/en\\\/author\\\/w3bmaster\\\/#author\"},\"image\":{\"@type\":\"ImageObject\",\"url\":\"https:\\\/\\\/www.teatrulreginamaria.ro\\\/wp-content\\\/uploads\\\/2025\\\/08\\\/WhatsApp-Image-2025-09-15-at-091329.jpeg\",\"@id\":\"https:\\\/\\\/www.teatrulreginamaria.ro\\\/en\\\/comunicat-de-presa-lucruri-pe-care-le-stiu-ca-fiind-adevarate\\\/#mainImage\",\"width\":1142,\"height\":1600},\"primaryImageOfPage\":{\"@id\":\"https:\\\/\\\/www.teatrulreginamaria.ro\\\/en\\\/comunicat-de-presa-lucruri-pe-care-le-stiu-ca-fiind-adevarate\\\/#mainImage\"},\"datePublished\":\"2025-09-15T12:00:00+03:00\",\"dateModified\":\"2026-03-27T12:34:17+02:00\"},{\"@type\":\"WebSite\",\"@id\":\"https:\\\/\\\/www.teatrulreginamaria.ro\\\/en\\\/#website\",\"url\":\"https:\\\/\\\/www.teatrulreginamaria.ro\\\/en\\\/\",\"name\":\"Teatrul Regina Maria Oradea\",\"alternateName\":\"TRM Oradea\",\"description\":\"Trupa Iosif Vulcan \\u0219i Trupa Arcadia\",\"inLanguage\":\"en-GB\",\"publisher\":{\"@id\":\"https:\\\/\\\/www.teatrulreginamaria.ro\\\/en\\\/#organization\"}}]}\n\t\t<\/script>\n\t\t<!-- All in One SEO Pro -->\r\n\t\t<title>COMUNICAT DE PRES\u0102 | Lucruri pe care le \u0219tiu ca fiind adev\u0103rate - Teatrul Regina Maria Oradea<\/title>\n\n","aioseo_head_json":{"title":"PRESS RELEASE | Things I know to be true - Regina Maria Theatre Oradea","description":"The &quot;Iosif Vulcan&quot; troupe of the Regina Maria Theatre is preparing for the first premiere of the season, Things I Know to be True by Andrew Bovell, directed by Vlad B\u0103lan, scheduled for Tuesday and Wednesday, September 16 and 17, from 7:00 PM, at the Transilvania Hall. The cast is made up of the actors of the Iosif Vulcan troupe Richard Balint,","canonical_url":"https:\/\/www.teatrulreginamaria.ro\/en\/comunicat-de-presa-lucruri-pe-care-le-stiu-ca-fiind-adevarate\/","robots":"max-image-preview:large","keywords":"","webmasterTools":{"miscellaneous":""},"schema":{"@context":"https:\/\/schema.org","@graph":[{"@type":"BlogPosting","@id":"https:\/\/www.teatrulreginamaria.ro\/en\/comunicat-de-presa-lucruri-pe-care-le-stiu-ca-fiind-adevarate\/#blogposting","name":"COMUNICAT DE PRES\u0102 | Lucruri pe care le \u0219tiu ca fiind adev\u0103rate - Teatrul Regina Maria Oradea","headline":"COMUNICAT DE PRES\u0102 | Lucruri pe care le \u0219tiu ca fiind adev\u0103rate","author":{"@id":"https:\/\/www.teatrulreginamaria.ro\/en\/author\/w3bmaster\/#author"},"publisher":{"@id":"https:\/\/www.teatrulreginamaria.ro\/en\/#organization"},"image":{"@type":"ImageObject","url":"https:\/\/www.teatrulreginamaria.ro\/wp-content\/uploads\/2025\/08\/WhatsApp-Image-2025-09-15-at-091329.jpeg","width":1142,"height":1600},"datePublished":"2025-09-15T12:00:00+03:00","dateModified":"2026-03-27T12:34:17+02:00","inLanguage":"en-GB","mainEntityOfPage":{"@id":"https:\/\/www.teatrulreginamaria.ro\/en\/comunicat-de-presa-lucruri-pe-care-le-stiu-ca-fiind-adevarate\/#webpage"},"isPartOf":{"@id":"https:\/\/www.teatrulreginamaria.ro\/en\/comunicat-de-presa-lucruri-pe-care-le-stiu-ca-fiind-adevarate\/#webpage"},"articleSection":"Nout\u0103\u021bi, Nout\u0103\u021bi - Trupa Iosif Vulcan"},{"@type":"BreadcrumbList","@id":"https:\/\/www.teatrulreginamaria.ro\/en\/comunicat-de-presa-lucruri-pe-care-le-stiu-ca-fiind-adevarate\/#breadcrumblist","itemListElement":[{"@type":"ListItem","@id":"https:\/\/www.teatrulreginamaria.ro\/en#listItem","position":1,"name":"Home","item":"https:\/\/www.teatrulreginamaria.ro\/en","nextItem":{"@type":"ListItem","@id":"https:\/\/www.teatrulreginamaria.ro\/en\/categorie\/noutati\/#listItem","name":"Nout\u0103\u021bi"}},{"@type":"ListItem","@id":"https:\/\/www.teatrulreginamaria.ro\/en\/categorie\/noutati\/#listItem","position":2,"name":"Nout\u0103\u021bi","item":"https:\/\/www.teatrulreginamaria.ro\/en\/categorie\/noutati\/","nextItem":{"@type":"ListItem","@id":"https:\/\/www.teatrulreginamaria.ro\/en\/categorie\/noutati\/noutati-trupa-iosif-vulcan\/#listItem","name":"Nout\u0103\u021bi - Trupa Iosif Vulcan"},"previousItem":{"@type":"ListItem","@id":"https:\/\/www.teatrulreginamaria.ro\/en#listItem","name":"Home"}},{"@type":"ListItem","@id":"https:\/\/www.teatrulreginamaria.ro\/en\/categorie\/noutati\/noutati-trupa-iosif-vulcan\/#listItem","position":3,"name":"Nout\u0103\u021bi - Trupa Iosif Vulcan","item":"https:\/\/www.teatrulreginamaria.ro\/en\/categorie\/noutati\/noutati-trupa-iosif-vulcan\/","nextItem":{"@type":"ListItem","@id":"https:\/\/www.teatrulreginamaria.ro\/en\/comunicat-de-presa-lucruri-pe-care-le-stiu-ca-fiind-adevarate\/#listItem","name":"COMUNICAT DE PRES\u0102 | Lucruri pe care le \u0219tiu ca fiind adev\u0103rate"},"previousItem":{"@type":"ListItem","@id":"https:\/\/www.teatrulreginamaria.ro\/en\/categorie\/noutati\/#listItem","name":"Nout\u0103\u021bi"}},{"@type":"ListItem","@id":"https:\/\/www.teatrulreginamaria.ro\/en\/comunicat-de-presa-lucruri-pe-care-le-stiu-ca-fiind-adevarate\/#listItem","position":4,"name":"COMUNICAT DE PRES\u0102 | Lucruri pe care le \u0219tiu ca fiind adev\u0103rate","previousItem":{"@type":"ListItem","@id":"https:\/\/www.teatrulreginamaria.ro\/en\/categorie\/noutati\/noutati-trupa-iosif-vulcan\/#listItem","name":"Nout\u0103\u021bi - Trupa Iosif Vulcan"}}]},{"@type":"Organization","@id":"https:\/\/www.teatrulreginamaria.ro\/en\/#organization","name":"Teatrul Regina Maria Oradea","description":"Trupa Iosif Vulcan \u0219i Trupa Arcadia","url":"https:\/\/www.teatrulreginamaria.ro\/en\/","email":"marketing@teatrulreginamaria.ro","telephone":"+40359411534","numberOfEmployees":{"@type":"QuantitativeValue","minValue":0,"maxValue":150},"logo":{"@type":"ImageObject","url":"https:\/\/www.teatrulreginamaria.ro\/wp-content\/uploads\/2025\/06\/logo-trm-01-dark.png","@id":"https:\/\/www.teatrulreginamaria.ro\/en\/comunicat-de-presa-lucruri-pe-care-le-stiu-ca-fiind-adevarate\/#organizationLogo","width":300,"height":148},"image":{"@id":"https:\/\/www.teatrulreginamaria.ro\/en\/comunicat-de-presa-lucruri-pe-care-le-stiu-ca-fiind-adevarate\/#organizationLogo"},"sameAs":["https:\/\/www.facebook.com\/TRMTrupaIosifVulcan\/","https:\/\/x.com\/TRMOradea","https:\/\/www.instagram.com\/teatrul_regina_maria\/","https:\/\/www.youtube.com\/c\/TeatrulReginaMariaOradea","https:\/\/www.linkedin.com\/company\/teatrul-regina-maria"]},{"@type":"Person","@id":"https:\/\/www.teatrulreginamaria.ro\/en\/author\/w3bmaster\/#author","url":"https:\/\/www.teatrulreginamaria.ro\/en\/author\/w3bmaster\/","name":"Teatrul Regina Maria","image":{"@type":"ImageObject","@id":"https:\/\/www.teatrulreginamaria.ro\/en\/comunicat-de-presa-lucruri-pe-care-le-stiu-ca-fiind-adevarate\/#authorImage","url":"https:\/\/secure.gravatar.com\/avatar\/5884139d508ae3f0bafe45e60563b48a9640146d3b08ccc6278c305ff9329305?s=96&d=mm&r=g","width":96,"height":96,"caption":"Teatrul Regina Maria"}},{"@type":"WebPage","@id":"https:\/\/www.teatrulreginamaria.ro\/en\/comunicat-de-presa-lucruri-pe-care-le-stiu-ca-fiind-adevarate\/#webpage","url":"https:\/\/www.teatrulreginamaria.ro\/en\/comunicat-de-presa-lucruri-pe-care-le-stiu-ca-fiind-adevarate\/","name":"COMUNICAT DE PRES\u0102 | Lucruri pe care le \u0219tiu ca fiind adev\u0103rate - Teatrul Regina Maria Oradea","description":"Trupa \u201eIosif Vulcan\u201d a Teatrului Regina Maria se preg\u0103te\u0219te pentru prima premier\u0103 a stagiunii, Lucruri pe care le \u0219tiu ca fiind adev\u0103rate de Andrew Bovell, \u00een regia lui Vlad B\u0103lan, programat\u0103 mar\u021bi \u0219i miercuri, 16 \u0219i 17 septembrie, de la ora 19:00, la Sala Transilvania. Distribu\u021bia este format\u0103 din actorii trupei Iosif Vulcan Richard Balint,","inLanguage":"en-GB","isPartOf":{"@id":"https:\/\/www.teatrulreginamaria.ro\/en\/#website"},"breadcrumb":{"@id":"https:\/\/www.teatrulreginamaria.ro\/en\/comunicat-de-presa-lucruri-pe-care-le-stiu-ca-fiind-adevarate\/#breadcrumblist"},"author":{"@id":"https:\/\/www.teatrulreginamaria.ro\/en\/author\/w3bmaster\/#author"},"creator":{"@id":"https:\/\/www.teatrulreginamaria.ro\/en\/author\/w3bmaster\/#author"},"image":{"@type":"ImageObject","url":"https:\/\/www.teatrulreginamaria.ro\/wp-content\/uploads\/2025\/08\/WhatsApp-Image-2025-09-15-at-091329.jpeg","@id":"https:\/\/www.teatrulreginamaria.ro\/en\/comunicat-de-presa-lucruri-pe-care-le-stiu-ca-fiind-adevarate\/#mainImage","width":1142,"height":1600},"primaryImageOfPage":{"@id":"https:\/\/www.teatrulreginamaria.ro\/en\/comunicat-de-presa-lucruri-pe-care-le-stiu-ca-fiind-adevarate\/#mainImage"},"datePublished":"2025-09-15T12:00:00+03:00","dateModified":"2026-03-27T12:34:17+02:00"},{"@type":"WebSite","@id":"https:\/\/www.teatrulreginamaria.ro\/en\/#website","url":"https:\/\/www.teatrulreginamaria.ro\/en\/","name":"Teatrul Regina Maria Oradea","alternateName":"TRM Oradea","description":"Trupa Iosif Vulcan \u0219i Trupa Arcadia","inLanguage":"en-GB","publisher":{"@id":"https:\/\/www.teatrulreginamaria.ro\/en\/#organization"}}]},"og:locale":"en_GB","og:site_name":"Teatrul Regina Maria Oradea - Trupa Iosif Vulcan \u0219i Trupa Arcadia","og:type":"article","og:title":"COMUNICAT DE PRES\u0102 | Lucruri pe care le \u0219tiu ca fiind adev\u0103rate - Teatrul Regina Maria Oradea","og:description":"Trupa \u201eIosif Vulcan\u201d a Teatrului Regina Maria se preg\u0103te\u0219te pentru prima premier\u0103 a stagiunii, Lucruri pe care le \u0219tiu ca fiind adev\u0103rate de Andrew Bovell, \u00een regia lui Vlad B\u0103lan, programat\u0103 mar\u021bi \u0219i miercuri, 16 \u0219i 17 septembrie, de la ora 19:00, la Sala Transilvania. Distribu\u021bia este format\u0103 din actorii trupei Iosif Vulcan Richard Balint,","og:url":"https:\/\/www.teatrulreginamaria.ro\/en\/comunicat-de-presa-lucruri-pe-care-le-stiu-ca-fiind-adevarate\/","og:image":"https:\/\/www.teatrulreginamaria.ro\/wp-content\/uploads\/2025\/03\/trm-istoric-01.jpg","og:image:secure_url":"https:\/\/www.teatrulreginamaria.ro\/wp-content\/uploads\/2025\/03\/trm-istoric-01.jpg","og:image:width":1200,"og:image:height":800,"article:published_time":"2025-09-15T09:00:00+00:00","article:modified_time":"2026-03-27T10:34:17+00:00","article:publisher":"https:\/\/www.facebook.com\/TRMTrupaIosifVulcan\/","twitter:card":"summary_large_image","twitter:site":"@TRMOradea","twitter:title":"COMUNICAT DE PRES\u0102 | Lucruri pe care le \u0219tiu ca fiind adev\u0103rate - Teatrul Regina Maria Oradea","twitter:description":"Trupa \u201eIosif Vulcan\u201d a Teatrului Regina Maria se preg\u0103te\u0219te pentru prima premier\u0103 a stagiunii, Lucruri pe care le \u0219tiu ca fiind adev\u0103rate de Andrew Bovell, \u00een regia lui Vlad B\u0103lan, programat\u0103 mar\u021bi \u0219i miercuri, 16 \u0219i 17 septembrie, de la ora 19:00, la Sala Transilvania. Distribu\u021bia este format\u0103 din actorii trupei Iosif Vulcan Richard Balint,","twitter:creator":"@TRMOradea","twitter:image":"https:\/\/www.teatrulreginamaria.ro\/wp-content\/uploads\/2025\/03\/trm-istoric-01.jpg"},"aioseo_meta_data":{"post_id":"14697","title":null,"description":null,"keywords":null,"keyphrases":{"focus":{"keyphrase":"","score":0,"analysis":{"keyphraseInTitle":{"score":0,"maxScore":9,"error":1}}},"additional":[]},"primary_term":null,"canonical_url":null,"og_title":null,"og_description":null,"og_object_type":"default","og_image_type":"default","og_image_url":null,"og_image_width":null,"og_image_height":null,"og_image_custom_url":null,"og_image_custom_fields":null,"og_video":"","og_custom_url":null,"og_article_section":null,"og_article_tags":null,"twitter_use_og":false,"twitter_card":"default","twitter_image_type":"default","twitter_image_url":null,"twitter_image_custom_url":null,"twitter_image_custom_fields":null,"twitter_title":null,"twitter_description":null,"schema":{"blockGraphs":[],"customGraphs":[],"default":{"data":{"Article":[],"Course":[],"Dataset":[],"FAQPage":[],"Movie":[],"Person":[],"Product":[],"ProductReview":[],"Car":[],"Recipe":[],"Service":[],"SoftwareApplication":[],"WebPage":[]},"graphName":"BlogPosting","isEnabled":true},"graphs":[]},"schema_type":"default","schema_type_options":null,"pillar_content":false,"robots_default":true,"robots_noindex":false,"robots_noarchive":false,"robots_nosnippet":false,"robots_nofollow":false,"robots_noimageindex":false,"robots_noodp":false,"robots_notranslate":false,"robots_max_snippet":"-1","robots_max_videopreview":"-1","robots_max_imagepreview":"large","priority":null,"frequency":"default","local_seo":null,"seo_analyzer_scan_date":"2026-03-27 10:59:15","breadcrumb_settings":null,"limit_modified_date":false,"reviewed_by":"0","open_ai":null,"ai":{"faqs":[],"keyPoints":[],"titles":[],"descriptions":[],"socialPosts":{"email":[],"linkedin":[],"twitter":[],"facebook":[],"instagram":[]}},"created":"2026-03-27 10:27:38","updated":"2026-03-27 10:59:16","focus_keyword":null,"additional_keywords":null,"truseo_locale":null},"aioseo_breadcrumb":"<div class=\"aioseo-breadcrumbs\"><span class=\"aioseo-breadcrumb\">\n\t<a href=\"https:\/\/www.teatrulreginamaria.ro\/en\" title=\"Home\">Home<\/a>\n<\/span><span class=\"aioseo-breadcrumb-separator\">&raquo;<\/span><span class=\"aioseo-breadcrumb\">\n\t<a href=\"https:\/\/www.teatrulreginamaria.ro\/en\/categorie\/noutati\/\" title=\"Nout\u0103\u021bi\">Nout\u0103\u021bi<\/a>\n<\/span><span class=\"aioseo-breadcrumb-separator\">&raquo;<\/span><span class=\"aioseo-breadcrumb\">\n\t<a href=\"https:\/\/www.teatrulreginamaria.ro\/en\/categorie\/noutati\/noutati-trupa-iosif-vulcan\/\" title=\"Nout\u0103\u021bi - Trupa Iosif Vulcan\">Nout\u0103\u021bi - Trupa Iosif Vulcan<\/a>\n<\/span><span class=\"aioseo-breadcrumb-separator\">&raquo;<\/span><span class=\"aioseo-breadcrumb\">\n\tCOMUNICAT DE PRES\u0102 | Lucruri pe care le \u0219tiu ca fiind adev\u0103rate\n<\/span><\/div>","aioseo_breadcrumb_json":[{"label":"Home","link":"https:\/\/www.teatrulreginamaria.ro\/en"},{"label":"Nout\u0103\u021bi","link":"https:\/\/www.teatrulreginamaria.ro\/en\/categorie\/noutati\/"},{"label":"Nout\u0103\u021bi - Trupa Iosif Vulcan","link":"https:\/\/www.teatrulreginamaria.ro\/en\/categorie\/noutati\/noutati-trupa-iosif-vulcan\/"},{"label":"COMUNICAT DE PRES\u0102 | Lucruri pe care le \u0219tiu ca fiind adev\u0103rate","link":"https:\/\/www.teatrulreginamaria.ro\/en\/comunicat-de-presa-lucruri-pe-care-le-stiu-ca-fiind-adevarate\/"}],"acf":[],"_links":{"self":[{"href":"https:\/\/www.teatrulreginamaria.ro\/en\/wp-json\/wp\/v2\/posts\/14697","targetHints":{"allow":["GET"]}}],"collection":[{"href":"https:\/\/www.teatrulreginamaria.ro\/en\/wp-json\/wp\/v2\/posts"}],"about":[{"href":"https:\/\/www.teatrulreginamaria.ro\/en\/wp-json\/wp\/v2\/types\/post"}],"author":[{"embeddable":true,"href":"https:\/\/www.teatrulreginamaria.ro\/en\/wp-json\/wp\/v2\/users\/6"}],"replies":[{"embeddable":true,"href":"https:\/\/www.teatrulreginamaria.ro\/en\/wp-json\/wp\/v2\/comments?post=14697"}],"version-history":[{"count":1,"href":"https:\/\/www.teatrulreginamaria.ro\/en\/wp-json\/wp\/v2\/posts\/14697\/revisions"}],"predecessor-version":[{"id":14698,"href":"https:\/\/www.teatrulreginamaria.ro\/en\/wp-json\/wp\/v2\/posts\/14697\/revisions\/14698"}],"wp:featuredmedia":[{"embeddable":true,"href":"https:\/\/www.teatrulreginamaria.ro\/en\/wp-json\/wp\/v2\/media\/13706"}],"wp:attachment":[{"href":"https:\/\/www.teatrulreginamaria.ro\/en\/wp-json\/wp\/v2\/media?parent=14697"}],"wp:term":[{"taxonomy":"category","embeddable":true,"href":"https:\/\/www.teatrulreginamaria.ro\/en\/wp-json\/wp\/v2\/categories?post=14697"},{"taxonomy":"post_tag","embeddable":true,"href":"https:\/\/www.teatrulreginamaria.ro\/en\/wp-json\/wp\/v2\/tags?post=14697"}],"curies":[{"name":"wp","href":"https:\/\/api.w.org\/{rel}","templated":true}]}}