{"id":4253,"date":"2019-09-04T09:12:00","date_gmt":"2019-09-04T09:12:00","guid":{"rendered":"https:\/\/teatrulreginamaria.ro\/2019\/09\/04\/vernisaj-expozitie-de-pictura-faust-vanity-and-despair\/"},"modified":"2019-09-04T09:12:00","modified_gmt":"2019-09-04T09:12:00","slug":"faust-painting-exhibition-opening-vanity-and-despair","status":"publish","type":"post","link":"https:\/\/www.teatrulreginamaria.ro\/en\/vernisaj-expozitie-de-pictura-faust-vanity-and-despair\/","title":{"rendered":"PAINTING EXHIBITION OPENING \u2013 FAUST: VANITY AND DESPAIR."},"content":{"rendered":"<p style=\"text-align: justify;\">\u00a0<\/p>\n<p style=\"text-align: justify;\"><span style=\"font-weight: 400;\">The Oradea City Museum-Cultural Complex in collaboration with the Brukenthal National Museum, the &quot;Radu Stanca&quot; Theater in Sibiu, the Regina Maria Theater in Oradea, the Romanian Diocese United with the Greek-Catholic Roman Catholic Diocese of Oradea, invites you to the opening of the painting exhibition<\/span><b><i> Faust: Vanity and Despair<\/i><\/b><span style=\"font-weight: 400;\">.<\/span><\/p>\n<p style=\"text-align: justify;\"><span style=\"font-weight: 400;\">Exhibits by artist Alexandru C\u00eenean. <br \/>Curators: Prof. Dr. Jan de Maere, Dr. Diana Iancu, Dr. Alexandru Chitu\u021b\u0103.\u00a0<\/span><\/p>\n<p style=\"text-align: justify;\"><span style=\"font-weight: 400;\">The event will take place on <strong>September 6, 4:00 PM at the Oradea City Museum-Cultural Complex, in the Princely Palace, building B, 1st floor, room 13<\/strong>.<\/span><\/p>\n<p style=\"text-align: justify;\"><span style=\"font-weight: 400;\">Visual artist Alexandru C\u00eenean was drawn to the challenge of an exhibition project on the dangers of human intelligence. The motif is inspired by a masterpiece of universal dramaturgy: the tragedy <\/span><i><span style=\"font-weight: 400;\">faustian<\/span><\/i><span style=\"font-weight: 400;\"> by Johann Wolfgang von Goethe. The occasion was the performances of this play directed by Silviu Purc\u0103rete, at the \u201cRadu Stanca\u201d Theatre in Sibiu. The extremely laborious project first involved the execution of a series of 20 preparatory studies, then transposed onto a double format, 120 x 120 cm. The compositions are conceived as a series of interrogations about the human soul and the condition of the actor, which focus on human emotions caused by desire and pleasure, by the pursuit of fame and greatness, captured in an ambivalent manner, as a result of the actors\u2019 confrontation with their roles and their own image, but also about death and salvation. But not only the actors, but also the director, the painter, the viewer, whoever he may be, can recognize themselves in this endeavor.<\/span><\/p>\n<p style=\"text-align: justify;\"><span style=\"font-weight: 400;\"><\/span><\/p>\n<p>\u00a0<\/p>","protected":false},"excerpt":{"rendered":"<p>\u00a0 Muzeul Ora\u015fului Oradea-Complex Cultural \u00een colaborare cu Muzeul Na\u021bional Brukenthal, Teatrul &#8222;Radu Stanca&#8221; Sibiu, Teatrul Regina Maria Oradea, Episcopia Rom\u00e2n\u0103 Unit\u0103 cu Roma Greco-Catolic\u0103 Oradea, v\u0103 invit\u0103 la vernisajul expozi\u0163iei de pictur\u0103 Faust: Vanity and Despair. Expune artistul Alexandru C\u00eenean. Curatori: prof. univ. dr. d. h. c. Jan de Maere, dr. Diana Iancu, dr. [&hellip;]<\/p>\n","protected":false},"author":6,"featured_media":4252,"comment_status":"open","ping_status":"open","sticky":false,"template":"","format":"standard","meta":{"_acf_changed":false,"footnotes":""},"categories":[22],"tags":[],"class_list":["post-4253","post","type-post","status-publish","format-standard","has-post-thumbnail","hentry","category-noutati-trupa-iosif-vulcan"],"aioseo_notices":[],"aioseo_head":"\n\t\t<!-- All in One SEO Pro 5.0.1.1 - aioseo.com -->\n\t<meta name=\"description\" content=\"Muzeul Ora\u015fului Oradea-Complex Cultural \u00een colaborare cu Muzeul Na\u021bional Brukenthal, Teatrul &quot;Radu Stanca&quot; Sibiu, Teatrul Regina Maria Oradea, Episcopia Rom\u00e2n\u0103 Unit\u0103 cu Roma Greco-Catolic\u0103 Oradea, v\u0103 invit\u0103 la vernisajul expozi\u0163iei de pictur\u0103 Faust: Vanity and Despair. Expune artistul Alexandru C\u00eenean. Curatori: prof. univ. dr. d. h. c. Jan de Maere, dr. Diana Iancu, dr.\" \/>\n\t<meta name=\"robots\" content=\"max-image-preview:large\" \/>\n\t<meta name=\"author\" content=\"Teatrul Regina Maria\"\/>\n\t<link rel=\"canonical\" href=\"https:\/\/www.teatrulreginamaria.ro\/en\/vernisaj-expozitie-de-pictura-faust-vanity-and-despair\/\" \/>\n\t<meta name=\"generator\" content=\"All in One SEO Pro (AIOSEO) 5.0.1.1\" \/>\n\t\t<meta property=\"og:locale\" content=\"en_GB\" \/>\n\t\t<meta property=\"og:site_name\" content=\"Teatrul Regina Maria Oradea - Trupa Iosif Vulcan \u0219i Trupa Arcadia\" \/>\n\t\t<meta property=\"og:type\" content=\"article\" \/>\n\t\t<meta property=\"og:title\" content=\"VERNISAJ EXPOZI\u0162IE DE PICTUR\u0102 \u2013 FAUST: VANITY AND DESPAIR. - Teatrul Regina Maria Oradea\" \/>\n\t\t<meta property=\"og:description\" content=\"Muzeul Ora\u015fului Oradea-Complex Cultural \u00een colaborare cu Muzeul Na\u021bional Brukenthal, Teatrul &quot;Radu Stanca&quot; Sibiu, Teatrul Regina Maria Oradea, Episcopia Rom\u00e2n\u0103 Unit\u0103 cu Roma Greco-Catolic\u0103 Oradea, v\u0103 invit\u0103 la vernisajul expozi\u0163iei de pictur\u0103 Faust: Vanity and Despair. Expune artistul Alexandru C\u00eenean. Curatori: prof. univ. dr. d. h. c. Jan de Maere, dr. Diana Iancu, dr.\" \/>\n\t\t<meta property=\"og:url\" content=\"https:\/\/www.teatrulreginamaria.ro\/en\/vernisaj-expozitie-de-pictura-faust-vanity-and-despair\/\" \/>\n\t\t<meta property=\"og:image\" content=\"https:\/\/www.teatrulreginamaria.ro\/wp-content\/uploads\/2025\/03\/trm-istoric-01.jpg\" \/>\n\t\t<meta property=\"og:image:secure_url\" content=\"https:\/\/www.teatrulreginamaria.ro\/wp-content\/uploads\/2025\/03\/trm-istoric-01.jpg\" \/>\n\t\t<meta property=\"og:image:width\" content=\"1200\" \/>\n\t\t<meta property=\"og:image:height\" content=\"800\" \/>\n\t\t<meta property=\"article:published_time\" content=\"2019-09-04T09:12:00+00:00\" \/>\n\t\t<meta property=\"article:modified_time\" content=\"2019-09-04T09:12:00+00:00\" \/>\n\t\t<meta property=\"article:publisher\" content=\"https:\/\/www.facebook.com\/TRMTrupaIosifVulcan\/\" \/>\n\t\t<meta name=\"twitter:card\" content=\"summary_large_image\" \/>\n\t\t<meta name=\"twitter:site\" content=\"@TRMOradea\" \/>\n\t\t<meta name=\"twitter:title\" content=\"VERNISAJ EXPOZI\u0162IE DE PICTUR\u0102 \u2013 FAUST: VANITY AND DESPAIR. - Teatrul Regina Maria Oradea\" \/>\n\t\t<meta name=\"twitter:description\" content=\"Muzeul Ora\u015fului Oradea-Complex Cultural \u00een colaborare cu Muzeul Na\u021bional Brukenthal, Teatrul &quot;Radu Stanca&quot; Sibiu, Teatrul Regina Maria Oradea, Episcopia Rom\u00e2n\u0103 Unit\u0103 cu Roma Greco-Catolic\u0103 Oradea, v\u0103 invit\u0103 la vernisajul expozi\u0163iei de pictur\u0103 Faust: Vanity and Despair. Expune artistul Alexandru C\u00eenean. Curatori: prof. univ. dr. d. h. c. Jan de Maere, dr. Diana Iancu, dr.\" \/>\n\t\t<meta name=\"twitter:creator\" content=\"@TRMOradea\" \/>\n\t\t<meta name=\"twitter:image\" content=\"https:\/\/www.teatrulreginamaria.ro\/wp-content\/uploads\/2025\/03\/trm-istoric-01.jpg\" \/>\n\t\t<script type=\"application\/ld+json\" class=\"aioseo-schema\">\n\t\t\t{\"@context\":\"https:\\\/\\\/schema.org\",\"@graph\":[{\"@type\":\"BlogPosting\",\"@id\":\"https:\\\/\\\/www.teatrulreginamaria.ro\\\/en\\\/vernisaj-expozitie-de-pictura-faust-vanity-and-despair\\\/#blogposting\",\"name\":\"VERNISAJ EXPOZI\\u0162IE DE PICTUR\\u0102 \\u2013 FAUST: VANITY AND DESPAIR. - Teatrul Regina Maria Oradea\",\"headline\":\"VERNISAJ EXPOZI\\u0162IE DE PICTUR\\u0102 &#8211; FAUST: VANITY AND DESPAIR.\",\"author\":{\"@id\":\"https:\\\/\\\/www.teatrulreginamaria.ro\\\/en\\\/author\\\/w3bmaster\\\/#author\"},\"publisher\":{\"@id\":\"https:\\\/\\\/www.teatrulreginamaria.ro\\\/en\\\/#organization\"},\"image\":{\"@type\":\"ImageObject\",\"url\":\"https:\\\/\\\/www.teatrulreginamaria.ro\\\/wp-content\\\/uploads\\\/2019\\\/09\\\/Afis_Faust_Vanity_and_Despair_60_x_____80cm-scaled.jpg\",\"width\":1920,\"height\":2560},\"datePublished\":\"2019-09-04T09:12:00+03:00\",\"dateModified\":\"2019-09-04T09:12:00+03:00\",\"inLanguage\":\"en-GB\",\"mainEntityOfPage\":{\"@id\":\"https:\\\/\\\/www.teatrulreginamaria.ro\\\/en\\\/vernisaj-expozitie-de-pictura-faust-vanity-and-despair\\\/#webpage\"},\"isPartOf\":{\"@id\":\"https:\\\/\\\/www.teatrulreginamaria.ro\\\/en\\\/vernisaj-expozitie-de-pictura-faust-vanity-and-despair\\\/#webpage\"},\"articleSection\":\"Nout\\u0103\\u021bi - Trupa Iosif Vulcan\"},{\"@type\":\"BreadcrumbList\",\"@id\":\"https:\\\/\\\/www.teatrulreginamaria.ro\\\/en\\\/vernisaj-expozitie-de-pictura-faust-vanity-and-despair\\\/#breadcrumblist\",\"itemListElement\":[{\"@type\":\"ListItem\",\"@id\":\"https:\\\/\\\/www.teatrulreginamaria.ro\\\/en#listItem\",\"position\":1,\"name\":\"Home\",\"item\":\"https:\\\/\\\/www.teatrulreginamaria.ro\\\/en\",\"nextItem\":{\"@type\":\"ListItem\",\"@id\":\"https:\\\/\\\/www.teatrulreginamaria.ro\\\/en\\\/categorie\\\/noutati\\\/#listItem\",\"name\":\"Nout\\u0103\\u021bi\"}},{\"@type\":\"ListItem\",\"@id\":\"https:\\\/\\\/www.teatrulreginamaria.ro\\\/en\\\/categorie\\\/noutati\\\/#listItem\",\"position\":2,\"name\":\"Nout\\u0103\\u021bi\",\"item\":\"https:\\\/\\\/www.teatrulreginamaria.ro\\\/en\\\/categorie\\\/noutati\\\/\",\"nextItem\":{\"@type\":\"ListItem\",\"@id\":\"https:\\\/\\\/www.teatrulreginamaria.ro\\\/en\\\/categorie\\\/noutati\\\/noutati-trupa-iosif-vulcan\\\/#listItem\",\"name\":\"Nout\\u0103\\u021bi - Trupa Iosif Vulcan\"},\"previousItem\":{\"@type\":\"ListItem\",\"@id\":\"https:\\\/\\\/www.teatrulreginamaria.ro\\\/en#listItem\",\"name\":\"Home\"}},{\"@type\":\"ListItem\",\"@id\":\"https:\\\/\\\/www.teatrulreginamaria.ro\\\/en\\\/categorie\\\/noutati\\\/noutati-trupa-iosif-vulcan\\\/#listItem\",\"position\":3,\"name\":\"Nout\\u0103\\u021bi - Trupa Iosif Vulcan\",\"item\":\"https:\\\/\\\/www.teatrulreginamaria.ro\\\/en\\\/categorie\\\/noutati\\\/noutati-trupa-iosif-vulcan\\\/\",\"nextItem\":{\"@type\":\"ListItem\",\"@id\":\"https:\\\/\\\/www.teatrulreginamaria.ro\\\/en\\\/vernisaj-expozitie-de-pictura-faust-vanity-and-despair\\\/#listItem\",\"name\":\"VERNISAJ EXPOZI\\u0162IE DE PICTUR\\u0102 &#8211; FAUST: VANITY AND DESPAIR.\"},\"previousItem\":{\"@type\":\"ListItem\",\"@id\":\"https:\\\/\\\/www.teatrulreginamaria.ro\\\/en\\\/categorie\\\/noutati\\\/#listItem\",\"name\":\"Nout\\u0103\\u021bi\"}},{\"@type\":\"ListItem\",\"@id\":\"https:\\\/\\\/www.teatrulreginamaria.ro\\\/en\\\/vernisaj-expozitie-de-pictura-faust-vanity-and-despair\\\/#listItem\",\"position\":4,\"name\":\"VERNISAJ EXPOZI\\u0162IE DE PICTUR\\u0102 &#8211; FAUST: VANITY AND DESPAIR.\",\"previousItem\":{\"@type\":\"ListItem\",\"@id\":\"https:\\\/\\\/www.teatrulreginamaria.ro\\\/en\\\/categorie\\\/noutati\\\/noutati-trupa-iosif-vulcan\\\/#listItem\",\"name\":\"Nout\\u0103\\u021bi - Trupa Iosif Vulcan\"}}]},{\"@type\":\"Organization\",\"@id\":\"https:\\\/\\\/www.teatrulreginamaria.ro\\\/en\\\/#organization\",\"name\":\"Teatrul Regina Maria Oradea\",\"description\":\"Trupa Iosif Vulcan \\u0219i Trupa Arcadia\",\"url\":\"https:\\\/\\\/www.teatrulreginamaria.ro\\\/en\\\/\",\"email\":\"marketing@teatrulreginamaria.ro\",\"telephone\":\"+40359411534\",\"numberOfEmployees\":{\"@type\":\"QuantitativeValue\",\"minValue\":0,\"maxValue\":150},\"logo\":{\"@type\":\"ImageObject\",\"url\":\"https:\\\/\\\/www.teatrulreginamaria.ro\\\/wp-content\\\/uploads\\\/2025\\\/06\\\/logo-trm-01-dark.png\",\"@id\":\"https:\\\/\\\/www.teatrulreginamaria.ro\\\/en\\\/vernisaj-expozitie-de-pictura-faust-vanity-and-despair\\\/#organizationLogo\",\"width\":300,\"height\":148},\"image\":{\"@id\":\"https:\\\/\\\/www.teatrulreginamaria.ro\\\/en\\\/vernisaj-expozitie-de-pictura-faust-vanity-and-despair\\\/#organizationLogo\"},\"sameAs\":[\"https:\\\/\\\/www.facebook.com\\\/TRMTrupaIosifVulcan\\\/\",\"https:\\\/\\\/x.com\\\/TRMOradea\",\"https:\\\/\\\/www.instagram.com\\\/teatrul_regina_maria\\\/\",\"https:\\\/\\\/www.youtube.com\\\/c\\\/TeatrulReginaMariaOradea\",\"https:\\\/\\\/www.linkedin.com\\\/company\\\/teatrul-regina-maria\"]},{\"@type\":\"Person\",\"@id\":\"https:\\\/\\\/www.teatrulreginamaria.ro\\\/en\\\/author\\\/w3bmaster\\\/#author\",\"url\":\"https:\\\/\\\/www.teatrulreginamaria.ro\\\/en\\\/author\\\/w3bmaster\\\/\",\"name\":\"Teatrul Regina Maria\",\"image\":{\"@type\":\"ImageObject\",\"@id\":\"https:\\\/\\\/www.teatrulreginamaria.ro\\\/en\\\/vernisaj-expozitie-de-pictura-faust-vanity-and-despair\\\/#authorImage\",\"url\":\"https:\\\/\\\/secure.gravatar.com\\\/avatar\\\/5884139d508ae3f0bafe45e60563b48a9640146d3b08ccc6278c305ff9329305?s=96&d=mm&r=g\",\"width\":96,\"height\":96,\"caption\":\"Teatrul Regina Maria\"}},{\"@type\":\"WebPage\",\"@id\":\"https:\\\/\\\/www.teatrulreginamaria.ro\\\/en\\\/vernisaj-expozitie-de-pictura-faust-vanity-and-despair\\\/#webpage\",\"url\":\"https:\\\/\\\/www.teatrulreginamaria.ro\\\/en\\\/vernisaj-expozitie-de-pictura-faust-vanity-and-despair\\\/\",\"name\":\"VERNISAJ EXPOZI\\u0162IE DE PICTUR\\u0102 \\u2013 FAUST: VANITY AND DESPAIR. - Teatrul Regina Maria Oradea\",\"description\":\"Muzeul Ora\\u015fului Oradea-Complex Cultural \\u00een colaborare cu Muzeul Na\\u021bional Brukenthal, Teatrul \\\"Radu Stanca\\\" Sibiu, Teatrul Regina Maria Oradea, Episcopia Rom\\u00e2n\\u0103 Unit\\u0103 cu Roma Greco-Catolic\\u0103 Oradea, v\\u0103 invit\\u0103 la vernisajul expozi\\u0163iei de pictur\\u0103 Faust: Vanity and Despair. Expune artistul Alexandru C\\u00eenean. Curatori: prof. univ. dr. d. h. c. Jan de Maere, dr. Diana Iancu, dr.\",\"inLanguage\":\"en-GB\",\"isPartOf\":{\"@id\":\"https:\\\/\\\/www.teatrulreginamaria.ro\\\/en\\\/#website\"},\"breadcrumb\":{\"@id\":\"https:\\\/\\\/www.teatrulreginamaria.ro\\\/en\\\/vernisaj-expozitie-de-pictura-faust-vanity-and-despair\\\/#breadcrumblist\"},\"author\":{\"@id\":\"https:\\\/\\\/www.teatrulreginamaria.ro\\\/en\\\/author\\\/w3bmaster\\\/#author\"},\"creator\":{\"@id\":\"https:\\\/\\\/www.teatrulreginamaria.ro\\\/en\\\/author\\\/w3bmaster\\\/#author\"},\"image\":{\"@type\":\"ImageObject\",\"url\":\"https:\\\/\\\/www.teatrulreginamaria.ro\\\/wp-content\\\/uploads\\\/2019\\\/09\\\/Afis_Faust_Vanity_and_Despair_60_x_____80cm-scaled.jpg\",\"@id\":\"https:\\\/\\\/www.teatrulreginamaria.ro\\\/en\\\/vernisaj-expozitie-de-pictura-faust-vanity-and-despair\\\/#mainImage\",\"width\":1920,\"height\":2560},\"primaryImageOfPage\":{\"@id\":\"https:\\\/\\\/www.teatrulreginamaria.ro\\\/en\\\/vernisaj-expozitie-de-pictura-faust-vanity-and-despair\\\/#mainImage\"},\"datePublished\":\"2019-09-04T09:12:00+03:00\",\"dateModified\":\"2019-09-04T09:12:00+03:00\"},{\"@type\":\"WebSite\",\"@id\":\"https:\\\/\\\/www.teatrulreginamaria.ro\\\/en\\\/#website\",\"url\":\"https:\\\/\\\/www.teatrulreginamaria.ro\\\/en\\\/\",\"name\":\"Teatrul Regina Maria Oradea\",\"alternateName\":\"TRM Oradea\",\"description\":\"Trupa Iosif Vulcan \\u0219i Trupa Arcadia\",\"inLanguage\":\"en-GB\",\"publisher\":{\"@id\":\"https:\\\/\\\/www.teatrulreginamaria.ro\\\/en\\\/#organization\"}}]}\n\t\t<\/script>\n\t\t<!-- All in One SEO Pro -->\r\n\t\t<title>VERNISAJ EXPOZI\u0162IE DE PICTUR\u0102 \u2013 FAUST: VANITY AND DESPAIR. - Teatrul Regina Maria Oradea<\/title>\n\n","aioseo_head_json":{"title":"PAINTING EXHIBITION OPENING \u2013 FAUST: VANITY AND DESPAIR. - Regina Maria Theatre Oradea","description":"Oradea City Museum-Cultural Complex in collaboration with the Brukenthal National Museum, the &quot;Radu Stanca&quot; Theater in Sibiu, the Regina Maria Theater in Oradea, the Romanian Diocese United with the Greek-Catholic Roman Empire in Oradea, invites you to the opening of the painting exhibition Faust: Vanity and Despair. Exhibited by the artist Alexandru C\u00eenean. Curators: prof. univ. dr. dhc Jan de Maere, dr. Diana Iancu, dr.","canonical_url":"https:\/\/www.teatrulreginamaria.ro\/en\/vernisaj-expozitie-de-pictura-faust-vanity-and-despair\/","robots":"max-image-preview:large","keywords":"","webmasterTools":{"miscellaneous":""},"schema":{"@context":"https:\/\/schema.org","@graph":[{"@type":"BlogPosting","@id":"https:\/\/www.teatrulreginamaria.ro\/en\/vernisaj-expozitie-de-pictura-faust-vanity-and-despair\/#blogposting","name":"VERNISAJ EXPOZI\u0162IE DE PICTUR\u0102 \u2013 FAUST: VANITY AND DESPAIR. - Teatrul Regina Maria Oradea","headline":"VERNISAJ EXPOZI\u0162IE DE PICTUR\u0102 &#8211; FAUST: VANITY AND DESPAIR.","author":{"@id":"https:\/\/www.teatrulreginamaria.ro\/en\/author\/w3bmaster\/#author"},"publisher":{"@id":"https:\/\/www.teatrulreginamaria.ro\/en\/#organization"},"image":{"@type":"ImageObject","url":"https:\/\/www.teatrulreginamaria.ro\/wp-content\/uploads\/2019\/09\/Afis_Faust_Vanity_and_Despair_60_x_____80cm-scaled.jpg","width":1920,"height":2560},"datePublished":"2019-09-04T09:12:00+03:00","dateModified":"2019-09-04T09:12:00+03:00","inLanguage":"en-GB","mainEntityOfPage":{"@id":"https:\/\/www.teatrulreginamaria.ro\/en\/vernisaj-expozitie-de-pictura-faust-vanity-and-despair\/#webpage"},"isPartOf":{"@id":"https:\/\/www.teatrulreginamaria.ro\/en\/vernisaj-expozitie-de-pictura-faust-vanity-and-despair\/#webpage"},"articleSection":"Nout\u0103\u021bi - Trupa Iosif Vulcan"},{"@type":"BreadcrumbList","@id":"https:\/\/www.teatrulreginamaria.ro\/en\/vernisaj-expozitie-de-pictura-faust-vanity-and-despair\/#breadcrumblist","itemListElement":[{"@type":"ListItem","@id":"https:\/\/www.teatrulreginamaria.ro\/en#listItem","position":1,"name":"Home","item":"https:\/\/www.teatrulreginamaria.ro\/en","nextItem":{"@type":"ListItem","@id":"https:\/\/www.teatrulreginamaria.ro\/en\/categorie\/noutati\/#listItem","name":"Nout\u0103\u021bi"}},{"@type":"ListItem","@id":"https:\/\/www.teatrulreginamaria.ro\/en\/categorie\/noutati\/#listItem","position":2,"name":"Nout\u0103\u021bi","item":"https:\/\/www.teatrulreginamaria.ro\/en\/categorie\/noutati\/","nextItem":{"@type":"ListItem","@id":"https:\/\/www.teatrulreginamaria.ro\/en\/categorie\/noutati\/noutati-trupa-iosif-vulcan\/#listItem","name":"Nout\u0103\u021bi - Trupa Iosif Vulcan"},"previousItem":{"@type":"ListItem","@id":"https:\/\/www.teatrulreginamaria.ro\/en#listItem","name":"Home"}},{"@type":"ListItem","@id":"https:\/\/www.teatrulreginamaria.ro\/en\/categorie\/noutati\/noutati-trupa-iosif-vulcan\/#listItem","position":3,"name":"Nout\u0103\u021bi - Trupa Iosif Vulcan","item":"https:\/\/www.teatrulreginamaria.ro\/en\/categorie\/noutati\/noutati-trupa-iosif-vulcan\/","nextItem":{"@type":"ListItem","@id":"https:\/\/www.teatrulreginamaria.ro\/en\/vernisaj-expozitie-de-pictura-faust-vanity-and-despair\/#listItem","name":"VERNISAJ EXPOZI\u0162IE DE PICTUR\u0102 &#8211; FAUST: VANITY AND DESPAIR."},"previousItem":{"@type":"ListItem","@id":"https:\/\/www.teatrulreginamaria.ro\/en\/categorie\/noutati\/#listItem","name":"Nout\u0103\u021bi"}},{"@type":"ListItem","@id":"https:\/\/www.teatrulreginamaria.ro\/en\/vernisaj-expozitie-de-pictura-faust-vanity-and-despair\/#listItem","position":4,"name":"VERNISAJ EXPOZI\u0162IE DE PICTUR\u0102 &#8211; FAUST: VANITY AND DESPAIR.","previousItem":{"@type":"ListItem","@id":"https:\/\/www.teatrulreginamaria.ro\/en\/categorie\/noutati\/noutati-trupa-iosif-vulcan\/#listItem","name":"Nout\u0103\u021bi - Trupa Iosif Vulcan"}}]},{"@type":"Organization","@id":"https:\/\/www.teatrulreginamaria.ro\/en\/#organization","name":"Teatrul Regina Maria Oradea","description":"Trupa Iosif Vulcan \u0219i Trupa Arcadia","url":"https:\/\/www.teatrulreginamaria.ro\/en\/","email":"marketing@teatrulreginamaria.ro","telephone":"+40359411534","numberOfEmployees":{"@type":"QuantitativeValue","minValue":0,"maxValue":150},"logo":{"@type":"ImageObject","url":"https:\/\/www.teatrulreginamaria.ro\/wp-content\/uploads\/2025\/06\/logo-trm-01-dark.png","@id":"https:\/\/www.teatrulreginamaria.ro\/en\/vernisaj-expozitie-de-pictura-faust-vanity-and-despair\/#organizationLogo","width":300,"height":148},"image":{"@id":"https:\/\/www.teatrulreginamaria.ro\/en\/vernisaj-expozitie-de-pictura-faust-vanity-and-despair\/#organizationLogo"},"sameAs":["https:\/\/www.facebook.com\/TRMTrupaIosifVulcan\/","https:\/\/x.com\/TRMOradea","https:\/\/www.instagram.com\/teatrul_regina_maria\/","https:\/\/www.youtube.com\/c\/TeatrulReginaMariaOradea","https:\/\/www.linkedin.com\/company\/teatrul-regina-maria"]},{"@type":"Person","@id":"https:\/\/www.teatrulreginamaria.ro\/en\/author\/w3bmaster\/#author","url":"https:\/\/www.teatrulreginamaria.ro\/en\/author\/w3bmaster\/","name":"Teatrul Regina Maria","image":{"@type":"ImageObject","@id":"https:\/\/www.teatrulreginamaria.ro\/en\/vernisaj-expozitie-de-pictura-faust-vanity-and-despair\/#authorImage","url":"https:\/\/secure.gravatar.com\/avatar\/5884139d508ae3f0bafe45e60563b48a9640146d3b08ccc6278c305ff9329305?s=96&d=mm&r=g","width":96,"height":96,"caption":"Teatrul Regina Maria"}},{"@type":"WebPage","@id":"https:\/\/www.teatrulreginamaria.ro\/en\/vernisaj-expozitie-de-pictura-faust-vanity-and-despair\/#webpage","url":"https:\/\/www.teatrulreginamaria.ro\/en\/vernisaj-expozitie-de-pictura-faust-vanity-and-despair\/","name":"VERNISAJ EXPOZI\u0162IE DE PICTUR\u0102 \u2013 FAUST: VANITY AND DESPAIR. - Teatrul Regina Maria Oradea","description":"Muzeul Ora\u015fului Oradea-Complex Cultural \u00een colaborare cu Muzeul Na\u021bional Brukenthal, Teatrul \"Radu Stanca\" Sibiu, Teatrul Regina Maria Oradea, Episcopia Rom\u00e2n\u0103 Unit\u0103 cu Roma Greco-Catolic\u0103 Oradea, v\u0103 invit\u0103 la vernisajul expozi\u0163iei de pictur\u0103 Faust: Vanity and Despair. Expune artistul Alexandru C\u00eenean. Curatori: prof. univ. dr. d. h. c. Jan de Maere, dr. Diana Iancu, dr.","inLanguage":"en-GB","isPartOf":{"@id":"https:\/\/www.teatrulreginamaria.ro\/en\/#website"},"breadcrumb":{"@id":"https:\/\/www.teatrulreginamaria.ro\/en\/vernisaj-expozitie-de-pictura-faust-vanity-and-despair\/#breadcrumblist"},"author":{"@id":"https:\/\/www.teatrulreginamaria.ro\/en\/author\/w3bmaster\/#author"},"creator":{"@id":"https:\/\/www.teatrulreginamaria.ro\/en\/author\/w3bmaster\/#author"},"image":{"@type":"ImageObject","url":"https:\/\/www.teatrulreginamaria.ro\/wp-content\/uploads\/2019\/09\/Afis_Faust_Vanity_and_Despair_60_x_____80cm-scaled.jpg","@id":"https:\/\/www.teatrulreginamaria.ro\/en\/vernisaj-expozitie-de-pictura-faust-vanity-and-despair\/#mainImage","width":1920,"height":2560},"primaryImageOfPage":{"@id":"https:\/\/www.teatrulreginamaria.ro\/en\/vernisaj-expozitie-de-pictura-faust-vanity-and-despair\/#mainImage"},"datePublished":"2019-09-04T09:12:00+03:00","dateModified":"2019-09-04T09:12:00+03:00"},{"@type":"WebSite","@id":"https:\/\/www.teatrulreginamaria.ro\/en\/#website","url":"https:\/\/www.teatrulreginamaria.ro\/en\/","name":"Teatrul Regina Maria Oradea","alternateName":"TRM Oradea","description":"Trupa Iosif Vulcan \u0219i Trupa Arcadia","inLanguage":"en-GB","publisher":{"@id":"https:\/\/www.teatrulreginamaria.ro\/en\/#organization"}}]},"og:locale":"en_GB","og:site_name":"Teatrul Regina Maria Oradea - Trupa Iosif Vulcan \u0219i Trupa Arcadia","og:type":"article","og:title":"VERNISAJ EXPOZI\u0162IE DE PICTUR\u0102 \u2013 FAUST: VANITY AND DESPAIR. - Teatrul Regina Maria Oradea","og:description":"Muzeul Ora\u015fului Oradea-Complex Cultural \u00een colaborare cu Muzeul Na\u021bional Brukenthal, Teatrul &quot;Radu Stanca&quot; Sibiu, Teatrul Regina Maria Oradea, Episcopia Rom\u00e2n\u0103 Unit\u0103 cu Roma Greco-Catolic\u0103 Oradea, v\u0103 invit\u0103 la vernisajul expozi\u0163iei de pictur\u0103 Faust: Vanity and Despair. Expune artistul Alexandru C\u00eenean. Curatori: prof. univ. dr. d. h. c. Jan de Maere, dr. Diana Iancu, dr.","og:url":"https:\/\/www.teatrulreginamaria.ro\/en\/vernisaj-expozitie-de-pictura-faust-vanity-and-despair\/","og:image":"https:\/\/www.teatrulreginamaria.ro\/wp-content\/uploads\/2025\/03\/trm-istoric-01.jpg","og:image:secure_url":"https:\/\/www.teatrulreginamaria.ro\/wp-content\/uploads\/2025\/03\/trm-istoric-01.jpg","og:image:width":1200,"og:image:height":800,"article:published_time":"2019-09-04T09:12:00+00:00","article:modified_time":"2019-09-04T09:12:00+00:00","article:publisher":"https:\/\/www.facebook.com\/TRMTrupaIosifVulcan\/","twitter:card":"summary_large_image","twitter:site":"@TRMOradea","twitter:title":"VERNISAJ EXPOZI\u0162IE DE PICTUR\u0102 \u2013 FAUST: VANITY AND DESPAIR. - Teatrul Regina Maria Oradea","twitter:description":"Muzeul Ora\u015fului Oradea-Complex Cultural \u00een colaborare cu Muzeul Na\u021bional Brukenthal, Teatrul &quot;Radu Stanca&quot; Sibiu, Teatrul Regina Maria Oradea, Episcopia Rom\u00e2n\u0103 Unit\u0103 cu Roma Greco-Catolic\u0103 Oradea, v\u0103 invit\u0103 la vernisajul expozi\u0163iei de pictur\u0103 Faust: Vanity and Despair. Expune artistul Alexandru C\u00eenean. Curatori: prof. univ. dr. d. h. c. Jan de Maere, dr. Diana Iancu, dr.","twitter:creator":"@TRMOradea","twitter:image":"https:\/\/www.teatrulreginamaria.ro\/wp-content\/uploads\/2025\/03\/trm-istoric-01.jpg"},"aioseo_meta_data":{"post_id":"4253","title":null,"description":null,"keywords":null,"keyphrases":null,"primary_term":null,"canonical_url":null,"og_title":null,"og_description":null,"og_object_type":"default","og_image_type":"default","og_image_url":null,"og_image_width":null,"og_image_height":null,"og_image_custom_url":null,"og_image_custom_fields":null,"og_video":null,"og_custom_url":null,"og_article_section":null,"og_article_tags":null,"twitter_use_og":false,"twitter_card":"default","twitter_image_type":"default","twitter_image_url":null,"twitter_image_custom_url":null,"twitter_image_custom_fields":null,"twitter_title":null,"twitter_description":null,"schema":{"blockGraphs":[],"customGraphs":[],"default":{"data":{"Article":[],"Course":[],"Dataset":[],"FAQPage":[],"Movie":[],"Person":[],"Product":[],"ProductReview":[],"Car":[],"Recipe":[],"Service":[],"SoftwareApplication":[],"WebPage":[]},"graphName":"","isEnabled":true},"graphs":[]},"schema_type":"default","schema_type_options":null,"pillar_content":false,"robots_default":true,"robots_noindex":false,"robots_noarchive":false,"robots_nosnippet":false,"robots_nofollow":false,"robots_noimageindex":false,"robots_noodp":false,"robots_notranslate":false,"robots_max_snippet":null,"robots_max_videopreview":null,"robots_max_imagepreview":"large","priority":null,"frequency":null,"local_seo":null,"seo_analyzer_scan_date":"2026-05-13 02:22:55","breadcrumb_settings":null,"limit_modified_date":false,"reviewed_by":null,"open_ai":null,"ai":null,"created":"2025-04-09 17:42:42","updated":"2026-05-13 02:22:55","focus_keyword":null,"additional_keywords":null,"truseo_locale":null},"aioseo_breadcrumb":"<div class=\"aioseo-breadcrumbs\"><span class=\"aioseo-breadcrumb\">\n\t<a href=\"https:\/\/www.teatrulreginamaria.ro\/en\" title=\"Home\">Home<\/a>\n<\/span><span class=\"aioseo-breadcrumb-separator\">&raquo;<\/span><span class=\"aioseo-breadcrumb\">\n\t<a href=\"https:\/\/www.teatrulreginamaria.ro\/en\/categorie\/noutati\/\" title=\"Nout\u0103\u021bi\">Nout\u0103\u021bi<\/a>\n<\/span><span class=\"aioseo-breadcrumb-separator\">&raquo;<\/span><span class=\"aioseo-breadcrumb\">\n\t<a href=\"https:\/\/www.teatrulreginamaria.ro\/en\/categorie\/noutati\/noutati-trupa-iosif-vulcan\/\" title=\"Nout\u0103\u021bi - Trupa Iosif Vulcan\">Nout\u0103\u021bi - Trupa Iosif Vulcan<\/a>\n<\/span><span class=\"aioseo-breadcrumb-separator\">&raquo;<\/span><span class=\"aioseo-breadcrumb\">\n\tVERNISAJ EXPOZI\u0162IE DE PICTUR\u0102 \u2013 FAUST: VANITY AND DESPAIR.\n<\/span><\/div>","aioseo_breadcrumb_json":[{"label":"Home","link":"https:\/\/www.teatrulreginamaria.ro\/en"},{"label":"Nout\u0103\u021bi","link":"https:\/\/www.teatrulreginamaria.ro\/en\/categorie\/noutati\/"},{"label":"Nout\u0103\u021bi - Trupa Iosif Vulcan","link":"https:\/\/www.teatrulreginamaria.ro\/en\/categorie\/noutati\/noutati-trupa-iosif-vulcan\/"},{"label":"VERNISAJ EXPOZI\u0162IE DE PICTUR\u0102 &#8211; FAUST: VANITY AND DESPAIR.","link":"https:\/\/www.teatrulreginamaria.ro\/en\/vernisaj-expozitie-de-pictura-faust-vanity-and-despair\/"}],"acf":[],"_links":{"self":[{"href":"https:\/\/www.teatrulreginamaria.ro\/en\/wp-json\/wp\/v2\/posts\/4253","targetHints":{"allow":["GET"]}}],"collection":[{"href":"https:\/\/www.teatrulreginamaria.ro\/en\/wp-json\/wp\/v2\/posts"}],"about":[{"href":"https:\/\/www.teatrulreginamaria.ro\/en\/wp-json\/wp\/v2\/types\/post"}],"author":[{"embeddable":true,"href":"https:\/\/www.teatrulreginamaria.ro\/en\/wp-json\/wp\/v2\/users\/6"}],"replies":[{"embeddable":true,"href":"https:\/\/www.teatrulreginamaria.ro\/en\/wp-json\/wp\/v2\/comments?post=4253"}],"version-history":[{"count":0,"href":"https:\/\/www.teatrulreginamaria.ro\/en\/wp-json\/wp\/v2\/posts\/4253\/revisions"}],"wp:featuredmedia":[{"embeddable":true,"href":"https:\/\/www.teatrulreginamaria.ro\/en\/wp-json\/wp\/v2\/media\/4252"}],"wp:attachment":[{"href":"https:\/\/www.teatrulreginamaria.ro\/en\/wp-json\/wp\/v2\/media?parent=4253"}],"wp:term":[{"taxonomy":"category","embeddable":true,"href":"https:\/\/www.teatrulreginamaria.ro\/en\/wp-json\/wp\/v2\/categories?post=4253"},{"taxonomy":"post_tag","embeddable":true,"href":"https:\/\/www.teatrulreginamaria.ro\/en\/wp-json\/wp\/v2\/tags?post=4253"}],"curies":[{"name":"wp","href":"https:\/\/api.w.org\/{rel}","templated":true}]}}