{"id":4424,"date":"2019-11-12T12:03:34","date_gmt":"2019-11-12T12:03:34","guid":{"rendered":"https:\/\/teatrulreginamaria.ro\/2019\/11\/12\/concert-extraordinar-din-suflet-de-roman\/"},"modified":"2019-11-12T12:03:34","modified_gmt":"2019-11-12T12:03:34","slug":"extraordinary-concert-from-the-heart-of-a-novel","status":"publish","type":"post","link":"https:\/\/www.teatrulreginamaria.ro\/en\/concert-extraordinar-din-suflet-de-roman\/","title":{"rendered":"Extraordinary Concert \u2013 &quot;From the Heart of a Romanian&quot;\u201e"},"content":{"rendered":"<p>Bihor County Council, the Regina Maria Theater and the &quot;Cri\u015fana&quot; Professional Artistic Ensemble invite you on Sunday, December 1, 2019, from 6:00 PM, to the Trade Unions&#039; Culture House in Oradea to celebrate, for the first time, together with brothers from across the Prut, Romania&#039;s National Day, through the Extraordinary Concert &quot;From the Heart of a Romanian&quot;.<\/p>\n<p>Together with the Cri\u0219ana Professional Artistic Ensemble, the renowned National Academic Folk Dance Ensemble &quot;JOC&quot; from the Republic of Moldova, performing for the first time in Oradea, will create a festive atmosphere.<\/p>\n<p>Special guests in the show will be Mirela M\u0103nescu and Adriana and Mariana Anghel, who will perform alongside Bihor artists Simona Costin, Felicia Costin, Petric\u0103 Popa, Cornelia Covaciu, Lumini\u0163a Tomu\u0163a, Cornel Borza, St\u00e2ngaciu and Leontin Ciucur.<\/p>\n<p>Accompanying the orchestra of the Professional Artistic Ensemble &quot;Cri\u015fana&quot;, led by master conductor Adrian Miescu, and the orchestra of the National Academic Folk Dance Ensemble &quot;JOC&quot;, led by Chief Conductor Vasile Goia.<\/p>\n<p>\u00a0\u00a0\u00a0\u00a0\u00a0\u00a0\u00a0\u00a0\u00a0\u00a0\u00a0 Choreographers: Ion Bencheci, assistants Daniel Sandro and Mircea D\u0103r\u0103ban and Prim \u2013 ballet master Eugen Sandu \u2013 from Chi\u0219in\u0103u.\u00a0\u00a0\u00a0\u00a0\u00a0\u00a0\u00a0\u00a0\u00a0<\/p>\n<p>\u00a0\u00a0\u00a0\u00a0\u00a0\u00a0\u00a0\u00a0\u00a0\u00a0\u00a0 Presented by: Maria Teisanu and Miruna Lazar<\/p>\n<p>\u00a0\u00a0\u00a0\u00a0\u00a0\u00a0\u00a0\u00a0\u00a0\u00a0\u00a0 Artistic director: Leontin Ciucur<\/p>\n<p>\u00a0\u00a0\u00a0\u00a0\u00a0\u00a0\u00a0\u00a0\u00a0\u00a0\u00a0 Interim Manager of the Regina Maria Theatre: Elvira R\u00eembu<\/p>\n<p>Director of the Cri\u0219ana Professional Artistic Ensemble: Leontin Ciucur<\/p>\n<p>General Director of the National Academic Folk Dance Ensemble \u201cJOC\u201d: Aliona Str\u00eembeanu.<\/p>\n<p>\u00a0\u00a0\u00a0\u00a0\u00a0\u00a0\u00a0\u00a0\u00a0\u00a0\u00a0 The price of a ticket is 25 lei. Tickets can be purchased at the Arcadia Theater Agency (Passage Vulturul Negru) and online at www.bilete.ro. For additional information and reservations, please call the phone number: 0371\/381.550.<\/p>\n<p>We look forward to seeing you!<\/p>\n<p>_________________________________________<\/p>\n<p>Leontin Ciucur<\/p>\n<p>Director of the Professional Artistic Ensemble &quot;Cri\u015fana&quot;\u201e<\/p>\n<p><\/p>","protected":false},"excerpt":{"rendered":"<p>Consiliul Jude\u0163ean Bihor, Teatrul Regina Maria \u015fi Ansamblul Artistic Profesionist \u201eCri\u015fana\u201d v\u0103 invit\u0103 duminic\u0103, 1 Decembrie 2019, de la orele 18:00, la Casa de Cultur\u0103 a Sindicatelor din Oradea pentru a s\u0103rb\u0103tori, \u00een premier\u0103, \u00eempreun\u0103 cu fra\u021bi de peste Prut, Ziua Na\u021bional\u0103 a Rom\u00e2niei, prin Concertul Extraordinar \u201eDin suflet de rom\u00e2n\u201d. \u00cempreun\u0103 cu Ansamblul Artistic [&hellip;]<\/p>\n","protected":false},"author":6,"featured_media":4418,"comment_status":"open","ping_status":"open","sticky":false,"template":"","format":"standard","meta":{"_acf_changed":false,"footnotes":""},"categories":[32],"tags":[],"class_list":["post-4424","post","type-post","status-publish","format-standard","has-post-thumbnail","hentry","category-noutati-ansamblul-crisana"],"aioseo_notices":[],"aioseo_head":"\n\t\t<!-- All in One SEO Pro 5.0.1.1 - aioseo.com -->\n\t<meta name=\"description\" content=\"Consiliul Jude\u0163ean Bihor, Teatrul Regina Maria \u015fi Ansamblul Artistic Profesionist \u201eCri\u015fana\u201d v\u0103 invit\u0103 duminic\u0103, 1 Decembrie 2019, de la orele 18:00, la Casa de Cultur\u0103 a Sindicatelor din Oradea pentru a s\u0103rb\u0103tori, \u00een premier\u0103, \u00eempreun\u0103 cu fra\u021bi de peste Prut, Ziua Na\u021bional\u0103 a Rom\u00e2niei, prin Concertul Extraordinar \u201eDin suflet de rom\u00e2n\u201d. \u00cempreun\u0103 cu Ansamblul Artistic\" \/>\n\t<meta name=\"robots\" content=\"max-image-preview:large\" \/>\n\t<meta name=\"author\" content=\"Teatrul Regina Maria\"\/>\n\t<link rel=\"canonical\" href=\"https:\/\/www.teatrulreginamaria.ro\/en\/concert-extraordinar-din-suflet-de-roman\/\" \/>\n\t<meta name=\"generator\" content=\"All in One SEO Pro (AIOSEO) 5.0.1.1\" \/>\n\t\t<meta property=\"og:locale\" content=\"en_GB\" \/>\n\t\t<meta property=\"og:site_name\" content=\"Teatrul Regina Maria Oradea - Trupa Iosif Vulcan \u0219i Trupa Arcadia\" \/>\n\t\t<meta property=\"og:type\" content=\"article\" \/>\n\t\t<meta property=\"og:title\" content=\"Concert Extraordinar \u2013 \u201eDin suflet de rom\u00e2n\u201d - Teatrul Regina Maria Oradea\" \/>\n\t\t<meta property=\"og:description\" content=\"Consiliul Jude\u0163ean Bihor, Teatrul Regina Maria \u015fi Ansamblul Artistic Profesionist \u201eCri\u015fana\u201d v\u0103 invit\u0103 duminic\u0103, 1 Decembrie 2019, de la orele 18:00, la Casa de Cultur\u0103 a Sindicatelor din Oradea pentru a s\u0103rb\u0103tori, \u00een premier\u0103, \u00eempreun\u0103 cu fra\u021bi de peste Prut, Ziua Na\u021bional\u0103 a Rom\u00e2niei, prin Concertul Extraordinar \u201eDin suflet de rom\u00e2n\u201d. \u00cempreun\u0103 cu Ansamblul Artistic\" \/>\n\t\t<meta property=\"og:url\" content=\"https:\/\/www.teatrulreginamaria.ro\/en\/concert-extraordinar-din-suflet-de-roman\/\" \/>\n\t\t<meta property=\"og:image\" content=\"https:\/\/www.teatrulreginamaria.ro\/wp-content\/uploads\/2025\/03\/trm-istoric-01.jpg\" \/>\n\t\t<meta property=\"og:image:secure_url\" content=\"https:\/\/www.teatrulreginamaria.ro\/wp-content\/uploads\/2025\/03\/trm-istoric-01.jpg\" \/>\n\t\t<meta property=\"og:image:width\" content=\"1200\" \/>\n\t\t<meta property=\"og:image:height\" content=\"800\" \/>\n\t\t<meta property=\"article:published_time\" content=\"2019-11-12T12:03:34+00:00\" \/>\n\t\t<meta property=\"article:modified_time\" content=\"2019-11-12T12:03:34+00:00\" \/>\n\t\t<meta property=\"article:publisher\" content=\"https:\/\/www.facebook.com\/TRMTrupaIosifVulcan\/\" \/>\n\t\t<meta name=\"twitter:card\" content=\"summary_large_image\" \/>\n\t\t<meta name=\"twitter:site\" content=\"@TRMOradea\" \/>\n\t\t<meta name=\"twitter:title\" content=\"Concert Extraordinar \u2013 \u201eDin suflet de rom\u00e2n\u201d - Teatrul Regina Maria Oradea\" \/>\n\t\t<meta name=\"twitter:description\" content=\"Consiliul Jude\u0163ean Bihor, Teatrul Regina Maria \u015fi Ansamblul Artistic Profesionist \u201eCri\u015fana\u201d v\u0103 invit\u0103 duminic\u0103, 1 Decembrie 2019, de la orele 18:00, la Casa de Cultur\u0103 a Sindicatelor din Oradea pentru a s\u0103rb\u0103tori, \u00een premier\u0103, \u00eempreun\u0103 cu fra\u021bi de peste Prut, Ziua Na\u021bional\u0103 a Rom\u00e2niei, prin Concertul Extraordinar \u201eDin suflet de rom\u00e2n\u201d. \u00cempreun\u0103 cu Ansamblul Artistic\" \/>\n\t\t<meta name=\"twitter:creator\" content=\"@TRMOradea\" \/>\n\t\t<meta name=\"twitter:image\" content=\"https:\/\/www.teatrulreginamaria.ro\/wp-content\/uploads\/2025\/03\/trm-istoric-01.jpg\" \/>\n\t\t<script type=\"application\/ld+json\" class=\"aioseo-schema\">\n\t\t\t{\"@context\":\"https:\\\/\\\/schema.org\",\"@graph\":[{\"@type\":\"BlogPosting\",\"@id\":\"https:\\\/\\\/www.teatrulreginamaria.ro\\\/en\\\/concert-extraordinar-din-suflet-de-roman\\\/#blogposting\",\"name\":\"Concert Extraordinar \\u2013 \\u201eDin suflet de rom\\u00e2n\\u201d - Teatrul Regina Maria Oradea\",\"headline\":\"Concert Extraordinar &#8211; \\u201eDin suflet de rom\\u00e2n\\u201d\",\"author\":{\"@id\":\"https:\\\/\\\/www.teatrulreginamaria.ro\\\/en\\\/author\\\/w3bmaster\\\/#author\"},\"publisher\":{\"@id\":\"https:\\\/\\\/www.teatrulreginamaria.ro\\\/en\\\/#organization\"},\"image\":{\"@type\":\"ImageObject\",\"url\":\"https:\\\/\\\/www.teatrulreginamaria.ro\\\/wp-content\\\/uploads\\\/2019\\\/11\\\/Joc_3-scaled.jpg\",\"width\":2560,\"height\":1433},\"datePublished\":\"2019-11-12T12:03:34+02:00\",\"dateModified\":\"2019-11-12T12:03:34+02:00\",\"inLanguage\":\"en-GB\",\"mainEntityOfPage\":{\"@id\":\"https:\\\/\\\/www.teatrulreginamaria.ro\\\/en\\\/concert-extraordinar-din-suflet-de-roman\\\/#webpage\"},\"isPartOf\":{\"@id\":\"https:\\\/\\\/www.teatrulreginamaria.ro\\\/en\\\/concert-extraordinar-din-suflet-de-roman\\\/#webpage\"},\"articleSection\":\"Nout\\u0103\\u021bi - Ansamblul Cri\\u0219ana\"},{\"@type\":\"BreadcrumbList\",\"@id\":\"https:\\\/\\\/www.teatrulreginamaria.ro\\\/en\\\/concert-extraordinar-din-suflet-de-roman\\\/#breadcrumblist\",\"itemListElement\":[{\"@type\":\"ListItem\",\"@id\":\"https:\\\/\\\/www.teatrulreginamaria.ro\\\/en#listItem\",\"position\":1,\"name\":\"Home\",\"item\":\"https:\\\/\\\/www.teatrulreginamaria.ro\\\/en\",\"nextItem\":{\"@type\":\"ListItem\",\"@id\":\"https:\\\/\\\/www.teatrulreginamaria.ro\\\/en\\\/categorie\\\/noutati\\\/#listItem\",\"name\":\"Nout\\u0103\\u021bi\"}},{\"@type\":\"ListItem\",\"@id\":\"https:\\\/\\\/www.teatrulreginamaria.ro\\\/en\\\/categorie\\\/noutati\\\/#listItem\",\"position\":2,\"name\":\"Nout\\u0103\\u021bi\",\"item\":\"https:\\\/\\\/www.teatrulreginamaria.ro\\\/en\\\/categorie\\\/noutati\\\/\",\"nextItem\":{\"@type\":\"ListItem\",\"@id\":\"https:\\\/\\\/www.teatrulreginamaria.ro\\\/en\\\/categorie\\\/noutati\\\/noutati-ansamblul-crisana\\\/#listItem\",\"name\":\"Nout\\u0103\\u021bi - Ansamblul Cri\\u0219ana\"},\"previousItem\":{\"@type\":\"ListItem\",\"@id\":\"https:\\\/\\\/www.teatrulreginamaria.ro\\\/en#listItem\",\"name\":\"Home\"}},{\"@type\":\"ListItem\",\"@id\":\"https:\\\/\\\/www.teatrulreginamaria.ro\\\/en\\\/categorie\\\/noutati\\\/noutati-ansamblul-crisana\\\/#listItem\",\"position\":3,\"name\":\"Nout\\u0103\\u021bi - Ansamblul Cri\\u0219ana\",\"item\":\"https:\\\/\\\/www.teatrulreginamaria.ro\\\/en\\\/categorie\\\/noutati\\\/noutati-ansamblul-crisana\\\/\",\"nextItem\":{\"@type\":\"ListItem\",\"@id\":\"https:\\\/\\\/www.teatrulreginamaria.ro\\\/en\\\/concert-extraordinar-din-suflet-de-roman\\\/#listItem\",\"name\":\"Concert Extraordinar &#8211; \\u201eDin suflet de rom\\u00e2n\\u201d\"},\"previousItem\":{\"@type\":\"ListItem\",\"@id\":\"https:\\\/\\\/www.teatrulreginamaria.ro\\\/en\\\/categorie\\\/noutati\\\/#listItem\",\"name\":\"Nout\\u0103\\u021bi\"}},{\"@type\":\"ListItem\",\"@id\":\"https:\\\/\\\/www.teatrulreginamaria.ro\\\/en\\\/concert-extraordinar-din-suflet-de-roman\\\/#listItem\",\"position\":4,\"name\":\"Concert Extraordinar &#8211; \\u201eDin suflet de rom\\u00e2n\\u201d\",\"previousItem\":{\"@type\":\"ListItem\",\"@id\":\"https:\\\/\\\/www.teatrulreginamaria.ro\\\/en\\\/categorie\\\/noutati\\\/noutati-ansamblul-crisana\\\/#listItem\",\"name\":\"Nout\\u0103\\u021bi - Ansamblul Cri\\u0219ana\"}}]},{\"@type\":\"Organization\",\"@id\":\"https:\\\/\\\/www.teatrulreginamaria.ro\\\/en\\\/#organization\",\"name\":\"Teatrul Regina Maria Oradea\",\"description\":\"Trupa Iosif Vulcan \\u0219i Trupa Arcadia\",\"url\":\"https:\\\/\\\/www.teatrulreginamaria.ro\\\/en\\\/\",\"email\":\"marketing@teatrulreginamaria.ro\",\"telephone\":\"+40359411534\",\"numberOfEmployees\":{\"@type\":\"QuantitativeValue\",\"minValue\":0,\"maxValue\":150},\"logo\":{\"@type\":\"ImageObject\",\"url\":\"https:\\\/\\\/www.teatrulreginamaria.ro\\\/wp-content\\\/uploads\\\/2025\\\/06\\\/logo-trm-01-dark.png\",\"@id\":\"https:\\\/\\\/www.teatrulreginamaria.ro\\\/en\\\/concert-extraordinar-din-suflet-de-roman\\\/#organizationLogo\",\"width\":300,\"height\":148},\"image\":{\"@id\":\"https:\\\/\\\/www.teatrulreginamaria.ro\\\/en\\\/concert-extraordinar-din-suflet-de-roman\\\/#organizationLogo\"},\"sameAs\":[\"https:\\\/\\\/www.facebook.com\\\/TRMTrupaIosifVulcan\\\/\",\"https:\\\/\\\/x.com\\\/TRMOradea\",\"https:\\\/\\\/www.instagram.com\\\/teatrul_regina_maria\\\/\",\"https:\\\/\\\/www.youtube.com\\\/c\\\/TeatrulReginaMariaOradea\",\"https:\\\/\\\/www.linkedin.com\\\/company\\\/teatrul-regina-maria\"]},{\"@type\":\"Person\",\"@id\":\"https:\\\/\\\/www.teatrulreginamaria.ro\\\/en\\\/author\\\/w3bmaster\\\/#author\",\"url\":\"https:\\\/\\\/www.teatrulreginamaria.ro\\\/en\\\/author\\\/w3bmaster\\\/\",\"name\":\"Teatrul Regina Maria\",\"image\":{\"@type\":\"ImageObject\",\"@id\":\"https:\\\/\\\/www.teatrulreginamaria.ro\\\/en\\\/concert-extraordinar-din-suflet-de-roman\\\/#authorImage\",\"url\":\"https:\\\/\\\/secure.gravatar.com\\\/avatar\\\/5884139d508ae3f0bafe45e60563b48a9640146d3b08ccc6278c305ff9329305?s=96&d=mm&r=g\",\"width\":96,\"height\":96,\"caption\":\"Teatrul Regina Maria\"}},{\"@type\":\"WebPage\",\"@id\":\"https:\\\/\\\/www.teatrulreginamaria.ro\\\/en\\\/concert-extraordinar-din-suflet-de-roman\\\/#webpage\",\"url\":\"https:\\\/\\\/www.teatrulreginamaria.ro\\\/en\\\/concert-extraordinar-din-suflet-de-roman\\\/\",\"name\":\"Concert Extraordinar \\u2013 \\u201eDin suflet de rom\\u00e2n\\u201d - Teatrul Regina Maria Oradea\",\"description\":\"Consiliul Jude\\u0163ean Bihor, Teatrul Regina Maria \\u015fi Ansamblul Artistic Profesionist \\u201eCri\\u015fana\\u201d v\\u0103 invit\\u0103 duminic\\u0103, 1 Decembrie 2019, de la orele 18:00, la Casa de Cultur\\u0103 a Sindicatelor din Oradea pentru a s\\u0103rb\\u0103tori, \\u00een premier\\u0103, \\u00eempreun\\u0103 cu fra\\u021bi de peste Prut, Ziua Na\\u021bional\\u0103 a Rom\\u00e2niei, prin Concertul Extraordinar \\u201eDin suflet de rom\\u00e2n\\u201d. \\u00cempreun\\u0103 cu Ansamblul Artistic\",\"inLanguage\":\"en-GB\",\"isPartOf\":{\"@id\":\"https:\\\/\\\/www.teatrulreginamaria.ro\\\/en\\\/#website\"},\"breadcrumb\":{\"@id\":\"https:\\\/\\\/www.teatrulreginamaria.ro\\\/en\\\/concert-extraordinar-din-suflet-de-roman\\\/#breadcrumblist\"},\"author\":{\"@id\":\"https:\\\/\\\/www.teatrulreginamaria.ro\\\/en\\\/author\\\/w3bmaster\\\/#author\"},\"creator\":{\"@id\":\"https:\\\/\\\/www.teatrulreginamaria.ro\\\/en\\\/author\\\/w3bmaster\\\/#author\"},\"image\":{\"@type\":\"ImageObject\",\"url\":\"https:\\\/\\\/www.teatrulreginamaria.ro\\\/wp-content\\\/uploads\\\/2019\\\/11\\\/Joc_3-scaled.jpg\",\"@id\":\"https:\\\/\\\/www.teatrulreginamaria.ro\\\/en\\\/concert-extraordinar-din-suflet-de-roman\\\/#mainImage\",\"width\":2560,\"height\":1433},\"primaryImageOfPage\":{\"@id\":\"https:\\\/\\\/www.teatrulreginamaria.ro\\\/en\\\/concert-extraordinar-din-suflet-de-roman\\\/#mainImage\"},\"datePublished\":\"2019-11-12T12:03:34+02:00\",\"dateModified\":\"2019-11-12T12:03:34+02:00\"},{\"@type\":\"WebSite\",\"@id\":\"https:\\\/\\\/www.teatrulreginamaria.ro\\\/en\\\/#website\",\"url\":\"https:\\\/\\\/www.teatrulreginamaria.ro\\\/en\\\/\",\"name\":\"Teatrul Regina Maria Oradea\",\"alternateName\":\"TRM Oradea\",\"description\":\"Trupa Iosif Vulcan \\u0219i Trupa Arcadia\",\"inLanguage\":\"en-GB\",\"publisher\":{\"@id\":\"https:\\\/\\\/www.teatrulreginamaria.ro\\\/en\\\/#organization\"}}]}\n\t\t<\/script>\n\t\t<!-- All in One SEO Pro -->\r\n\t\t<title>Concert Extraordinar \u2013 \u201eDin suflet de rom\u00e2n\u201d - Teatrul Regina Maria Oradea<\/title>\n\n","aioseo_head_json":{"title":"Extraordinary Concert \u2013 &quot;From the Heart of a Romanian&quot; - Regina Maria Theater Oradea","description":"Bihor County Council, the Regina Maria Theater and the &quot;Cri\u015fana&quot; Professional Artistic Ensemble invite you on Sunday, December 1, 2019, from 6:00 PM, to the Trade Unions&#039; Culture House in Oradea to celebrate, for the first time, together with brothers from across the Prut, the National Day of Romania, through the Extraordinary Concert &quot;From the Heart of a Romanian&quot;. Together with the Artistic Ensemble","canonical_url":"https:\/\/www.teatrulreginamaria.ro\/en\/concert-extraordinar-din-suflet-de-roman\/","robots":"max-image-preview:large","keywords":"","webmasterTools":{"miscellaneous":""},"schema":{"@context":"https:\/\/schema.org","@graph":[{"@type":"BlogPosting","@id":"https:\/\/www.teatrulreginamaria.ro\/en\/concert-extraordinar-din-suflet-de-roman\/#blogposting","name":"Concert Extraordinar \u2013 \u201eDin suflet de rom\u00e2n\u201d - Teatrul Regina Maria Oradea","headline":"Concert Extraordinar &#8211; \u201eDin suflet de rom\u00e2n\u201d","author":{"@id":"https:\/\/www.teatrulreginamaria.ro\/en\/author\/w3bmaster\/#author"},"publisher":{"@id":"https:\/\/www.teatrulreginamaria.ro\/en\/#organization"},"image":{"@type":"ImageObject","url":"https:\/\/www.teatrulreginamaria.ro\/wp-content\/uploads\/2019\/11\/Joc_3-scaled.jpg","width":2560,"height":1433},"datePublished":"2019-11-12T12:03:34+02:00","dateModified":"2019-11-12T12:03:34+02:00","inLanguage":"en-GB","mainEntityOfPage":{"@id":"https:\/\/www.teatrulreginamaria.ro\/en\/concert-extraordinar-din-suflet-de-roman\/#webpage"},"isPartOf":{"@id":"https:\/\/www.teatrulreginamaria.ro\/en\/concert-extraordinar-din-suflet-de-roman\/#webpage"},"articleSection":"Nout\u0103\u021bi - Ansamblul Cri\u0219ana"},{"@type":"BreadcrumbList","@id":"https:\/\/www.teatrulreginamaria.ro\/en\/concert-extraordinar-din-suflet-de-roman\/#breadcrumblist","itemListElement":[{"@type":"ListItem","@id":"https:\/\/www.teatrulreginamaria.ro\/en#listItem","position":1,"name":"Home","item":"https:\/\/www.teatrulreginamaria.ro\/en","nextItem":{"@type":"ListItem","@id":"https:\/\/www.teatrulreginamaria.ro\/en\/categorie\/noutati\/#listItem","name":"Nout\u0103\u021bi"}},{"@type":"ListItem","@id":"https:\/\/www.teatrulreginamaria.ro\/en\/categorie\/noutati\/#listItem","position":2,"name":"Nout\u0103\u021bi","item":"https:\/\/www.teatrulreginamaria.ro\/en\/categorie\/noutati\/","nextItem":{"@type":"ListItem","@id":"https:\/\/www.teatrulreginamaria.ro\/en\/categorie\/noutati\/noutati-ansamblul-crisana\/#listItem","name":"Nout\u0103\u021bi - Ansamblul Cri\u0219ana"},"previousItem":{"@type":"ListItem","@id":"https:\/\/www.teatrulreginamaria.ro\/en#listItem","name":"Home"}},{"@type":"ListItem","@id":"https:\/\/www.teatrulreginamaria.ro\/en\/categorie\/noutati\/noutati-ansamblul-crisana\/#listItem","position":3,"name":"Nout\u0103\u021bi - Ansamblul Cri\u0219ana","item":"https:\/\/www.teatrulreginamaria.ro\/en\/categorie\/noutati\/noutati-ansamblul-crisana\/","nextItem":{"@type":"ListItem","@id":"https:\/\/www.teatrulreginamaria.ro\/en\/concert-extraordinar-din-suflet-de-roman\/#listItem","name":"Concert Extraordinar &#8211; \u201eDin suflet de rom\u00e2n\u201d"},"previousItem":{"@type":"ListItem","@id":"https:\/\/www.teatrulreginamaria.ro\/en\/categorie\/noutati\/#listItem","name":"Nout\u0103\u021bi"}},{"@type":"ListItem","@id":"https:\/\/www.teatrulreginamaria.ro\/en\/concert-extraordinar-din-suflet-de-roman\/#listItem","position":4,"name":"Concert Extraordinar &#8211; \u201eDin suflet de rom\u00e2n\u201d","previousItem":{"@type":"ListItem","@id":"https:\/\/www.teatrulreginamaria.ro\/en\/categorie\/noutati\/noutati-ansamblul-crisana\/#listItem","name":"Nout\u0103\u021bi - Ansamblul Cri\u0219ana"}}]},{"@type":"Organization","@id":"https:\/\/www.teatrulreginamaria.ro\/en\/#organization","name":"Teatrul Regina Maria Oradea","description":"Trupa Iosif Vulcan \u0219i Trupa Arcadia","url":"https:\/\/www.teatrulreginamaria.ro\/en\/","email":"marketing@teatrulreginamaria.ro","telephone":"+40359411534","numberOfEmployees":{"@type":"QuantitativeValue","minValue":0,"maxValue":150},"logo":{"@type":"ImageObject","url":"https:\/\/www.teatrulreginamaria.ro\/wp-content\/uploads\/2025\/06\/logo-trm-01-dark.png","@id":"https:\/\/www.teatrulreginamaria.ro\/en\/concert-extraordinar-din-suflet-de-roman\/#organizationLogo","width":300,"height":148},"image":{"@id":"https:\/\/www.teatrulreginamaria.ro\/en\/concert-extraordinar-din-suflet-de-roman\/#organizationLogo"},"sameAs":["https:\/\/www.facebook.com\/TRMTrupaIosifVulcan\/","https:\/\/x.com\/TRMOradea","https:\/\/www.instagram.com\/teatrul_regina_maria\/","https:\/\/www.youtube.com\/c\/TeatrulReginaMariaOradea","https:\/\/www.linkedin.com\/company\/teatrul-regina-maria"]},{"@type":"Person","@id":"https:\/\/www.teatrulreginamaria.ro\/en\/author\/w3bmaster\/#author","url":"https:\/\/www.teatrulreginamaria.ro\/en\/author\/w3bmaster\/","name":"Teatrul Regina Maria","image":{"@type":"ImageObject","@id":"https:\/\/www.teatrulreginamaria.ro\/en\/concert-extraordinar-din-suflet-de-roman\/#authorImage","url":"https:\/\/secure.gravatar.com\/avatar\/5884139d508ae3f0bafe45e60563b48a9640146d3b08ccc6278c305ff9329305?s=96&d=mm&r=g","width":96,"height":96,"caption":"Teatrul Regina Maria"}},{"@type":"WebPage","@id":"https:\/\/www.teatrulreginamaria.ro\/en\/concert-extraordinar-din-suflet-de-roman\/#webpage","url":"https:\/\/www.teatrulreginamaria.ro\/en\/concert-extraordinar-din-suflet-de-roman\/","name":"Concert Extraordinar \u2013 \u201eDin suflet de rom\u00e2n\u201d - Teatrul Regina Maria Oradea","description":"Consiliul Jude\u0163ean Bihor, Teatrul Regina Maria \u015fi Ansamblul Artistic Profesionist \u201eCri\u015fana\u201d v\u0103 invit\u0103 duminic\u0103, 1 Decembrie 2019, de la orele 18:00, la Casa de Cultur\u0103 a Sindicatelor din Oradea pentru a s\u0103rb\u0103tori, \u00een premier\u0103, \u00eempreun\u0103 cu fra\u021bi de peste Prut, Ziua Na\u021bional\u0103 a Rom\u00e2niei, prin Concertul Extraordinar \u201eDin suflet de rom\u00e2n\u201d. \u00cempreun\u0103 cu Ansamblul Artistic","inLanguage":"en-GB","isPartOf":{"@id":"https:\/\/www.teatrulreginamaria.ro\/en\/#website"},"breadcrumb":{"@id":"https:\/\/www.teatrulreginamaria.ro\/en\/concert-extraordinar-din-suflet-de-roman\/#breadcrumblist"},"author":{"@id":"https:\/\/www.teatrulreginamaria.ro\/en\/author\/w3bmaster\/#author"},"creator":{"@id":"https:\/\/www.teatrulreginamaria.ro\/en\/author\/w3bmaster\/#author"},"image":{"@type":"ImageObject","url":"https:\/\/www.teatrulreginamaria.ro\/wp-content\/uploads\/2019\/11\/Joc_3-scaled.jpg","@id":"https:\/\/www.teatrulreginamaria.ro\/en\/concert-extraordinar-din-suflet-de-roman\/#mainImage","width":2560,"height":1433},"primaryImageOfPage":{"@id":"https:\/\/www.teatrulreginamaria.ro\/en\/concert-extraordinar-din-suflet-de-roman\/#mainImage"},"datePublished":"2019-11-12T12:03:34+02:00","dateModified":"2019-11-12T12:03:34+02:00"},{"@type":"WebSite","@id":"https:\/\/www.teatrulreginamaria.ro\/en\/#website","url":"https:\/\/www.teatrulreginamaria.ro\/en\/","name":"Teatrul Regina Maria Oradea","alternateName":"TRM Oradea","description":"Trupa Iosif Vulcan \u0219i Trupa Arcadia","inLanguage":"en-GB","publisher":{"@id":"https:\/\/www.teatrulreginamaria.ro\/en\/#organization"}}]},"og:locale":"en_GB","og:site_name":"Teatrul Regina Maria Oradea - Trupa Iosif Vulcan \u0219i Trupa Arcadia","og:type":"article","og:title":"Concert Extraordinar \u2013 \u201eDin suflet de rom\u00e2n\u201d - Teatrul Regina Maria Oradea","og:description":"Consiliul Jude\u0163ean Bihor, Teatrul Regina Maria \u015fi Ansamblul Artistic Profesionist \u201eCri\u015fana\u201d v\u0103 invit\u0103 duminic\u0103, 1 Decembrie 2019, de la orele 18:00, la Casa de Cultur\u0103 a Sindicatelor din Oradea pentru a s\u0103rb\u0103tori, \u00een premier\u0103, \u00eempreun\u0103 cu fra\u021bi de peste Prut, Ziua Na\u021bional\u0103 a Rom\u00e2niei, prin Concertul Extraordinar \u201eDin suflet de rom\u00e2n\u201d. \u00cempreun\u0103 cu Ansamblul Artistic","og:url":"https:\/\/www.teatrulreginamaria.ro\/en\/concert-extraordinar-din-suflet-de-roman\/","og:image":"https:\/\/www.teatrulreginamaria.ro\/wp-content\/uploads\/2025\/03\/trm-istoric-01.jpg","og:image:secure_url":"https:\/\/www.teatrulreginamaria.ro\/wp-content\/uploads\/2025\/03\/trm-istoric-01.jpg","og:image:width":1200,"og:image:height":800,"article:published_time":"2019-11-12T12:03:34+00:00","article:modified_time":"2019-11-12T12:03:34+00:00","article:publisher":"https:\/\/www.facebook.com\/TRMTrupaIosifVulcan\/","twitter:card":"summary_large_image","twitter:site":"@TRMOradea","twitter:title":"Concert Extraordinar \u2013 \u201eDin suflet de rom\u00e2n\u201d - Teatrul Regina Maria Oradea","twitter:description":"Consiliul Jude\u0163ean Bihor, Teatrul Regina Maria \u015fi Ansamblul Artistic Profesionist \u201eCri\u015fana\u201d v\u0103 invit\u0103 duminic\u0103, 1 Decembrie 2019, de la orele 18:00, la Casa de Cultur\u0103 a Sindicatelor din Oradea pentru a s\u0103rb\u0103tori, \u00een premier\u0103, \u00eempreun\u0103 cu fra\u021bi de peste Prut, Ziua Na\u021bional\u0103 a Rom\u00e2niei, prin Concertul Extraordinar \u201eDin suflet de rom\u00e2n\u201d. \u00cempreun\u0103 cu Ansamblul Artistic","twitter:creator":"@TRMOradea","twitter:image":"https:\/\/www.teatrulreginamaria.ro\/wp-content\/uploads\/2025\/03\/trm-istoric-01.jpg"},"aioseo_meta_data":{"post_id":"4424","title":null,"description":null,"keywords":null,"keyphrases":null,"primary_term":null,"canonical_url":null,"og_title":null,"og_description":null,"og_object_type":"default","og_image_type":"default","og_image_url":null,"og_image_width":null,"og_image_height":null,"og_image_custom_url":null,"og_image_custom_fields":null,"og_video":null,"og_custom_url":null,"og_article_section":null,"og_article_tags":null,"twitter_use_og":false,"twitter_card":"default","twitter_image_type":"default","twitter_image_url":null,"twitter_image_custom_url":null,"twitter_image_custom_fields":null,"twitter_title":null,"twitter_description":null,"schema":{"blockGraphs":[],"customGraphs":[],"default":{"data":{"Article":[],"Course":[],"Dataset":[],"FAQPage":[],"Movie":[],"Person":[],"Product":[],"ProductReview":[],"Car":[],"Recipe":[],"Service":[],"SoftwareApplication":[],"WebPage":[]},"graphName":"","isEnabled":true},"graphs":[]},"schema_type":"default","schema_type_options":null,"pillar_content":false,"robots_default":true,"robots_noindex":false,"robots_noarchive":false,"robots_nosnippet":false,"robots_nofollow":false,"robots_noimageindex":false,"robots_noodp":false,"robots_notranslate":false,"robots_max_snippet":null,"robots_max_videopreview":null,"robots_max_imagepreview":"large","priority":null,"frequency":null,"local_seo":null,"seo_analyzer_scan_date":"2026-05-13 02:24:00","breadcrumb_settings":null,"limit_modified_date":false,"reviewed_by":null,"open_ai":null,"ai":null,"created":"2025-04-09 17:42:42","updated":"2026-05-13 02:24:00","focus_keyword":null,"additional_keywords":null,"truseo_locale":null},"aioseo_breadcrumb":"<div class=\"aioseo-breadcrumbs\"><span class=\"aioseo-breadcrumb\">\n\t<a href=\"https:\/\/www.teatrulreginamaria.ro\/en\" title=\"Home\">Home<\/a>\n<\/span><span class=\"aioseo-breadcrumb-separator\">&raquo;<\/span><span class=\"aioseo-breadcrumb\">\n\t<a href=\"https:\/\/www.teatrulreginamaria.ro\/en\/categorie\/noutati\/\" title=\"Nout\u0103\u021bi\">Nout\u0103\u021bi<\/a>\n<\/span><span class=\"aioseo-breadcrumb-separator\">&raquo;<\/span><span class=\"aioseo-breadcrumb\">\n\t<a href=\"https:\/\/www.teatrulreginamaria.ro\/en\/categorie\/noutati\/noutati-ansamblul-crisana\/\" title=\"Nout\u0103\u021bi - Ansamblul Cri\u0219ana\">Nout\u0103\u021bi - Ansamblul Cri\u0219ana<\/a>\n<\/span><span class=\"aioseo-breadcrumb-separator\">&raquo;<\/span><span class=\"aioseo-breadcrumb\">\n\tConcert Extraordinar \u2013 \u201eDin suflet de rom\u00e2n\u201d\n<\/span><\/div>","aioseo_breadcrumb_json":[{"label":"Home","link":"https:\/\/www.teatrulreginamaria.ro\/en"},{"label":"Nout\u0103\u021bi","link":"https:\/\/www.teatrulreginamaria.ro\/en\/categorie\/noutati\/"},{"label":"Nout\u0103\u021bi - Ansamblul Cri\u0219ana","link":"https:\/\/www.teatrulreginamaria.ro\/en\/categorie\/noutati\/noutati-ansamblul-crisana\/"},{"label":"Concert Extraordinar &#8211; \u201eDin suflet de rom\u00e2n\u201d","link":"https:\/\/www.teatrulreginamaria.ro\/en\/concert-extraordinar-din-suflet-de-roman\/"}],"acf":[],"_links":{"self":[{"href":"https:\/\/www.teatrulreginamaria.ro\/en\/wp-json\/wp\/v2\/posts\/4424","targetHints":{"allow":["GET"]}}],"collection":[{"href":"https:\/\/www.teatrulreginamaria.ro\/en\/wp-json\/wp\/v2\/posts"}],"about":[{"href":"https:\/\/www.teatrulreginamaria.ro\/en\/wp-json\/wp\/v2\/types\/post"}],"author":[{"embeddable":true,"href":"https:\/\/www.teatrulreginamaria.ro\/en\/wp-json\/wp\/v2\/users\/6"}],"replies":[{"embeddable":true,"href":"https:\/\/www.teatrulreginamaria.ro\/en\/wp-json\/wp\/v2\/comments?post=4424"}],"version-history":[{"count":0,"href":"https:\/\/www.teatrulreginamaria.ro\/en\/wp-json\/wp\/v2\/posts\/4424\/revisions"}],"wp:featuredmedia":[{"embeddable":true,"href":"https:\/\/www.teatrulreginamaria.ro\/en\/wp-json\/wp\/v2\/media\/4418"}],"wp:attachment":[{"href":"https:\/\/www.teatrulreginamaria.ro\/en\/wp-json\/wp\/v2\/media?parent=4424"}],"wp:term":[{"taxonomy":"category","embeddable":true,"href":"https:\/\/www.teatrulreginamaria.ro\/en\/wp-json\/wp\/v2\/categories?post=4424"},{"taxonomy":"post_tag","embeddable":true,"href":"https:\/\/www.teatrulreginamaria.ro\/en\/wp-json\/wp\/v2\/tags?post=4424"}],"curies":[{"name":"wp","href":"https:\/\/api.w.org\/{rel}","templated":true}]}}