{"id":4495,"date":"2020-03-02T11:43:55","date_gmt":"2020-03-02T11:43:55","guid":{"rendered":"https:\/\/teatrulreginamaria.ro\/2020\/03\/02\/un-recital-de-muzica-si-poezie-la-teatrul-regina-maria-voci-de-primavara\/"},"modified":"2020-03-02T11:43:55","modified_gmt":"2020-03-02T11:43:55","slug":"a-music-and-poetry-recital-at-the-queen-maria-theater-voices-of-spring","status":"publish","type":"post","link":"https:\/\/www.teatrulreginamaria.ro\/en\/un-recital-de-muzica-si-poezie-la-teatrul-regina-maria-voci-de-primavara\/","title":{"rendered":"Music and poetry recital at the Regina Maria Theater \u2013 VOICES OF SPRING"},"content":{"rendered":"<p>\u00a0The Regina Maria Theater has the honor of inviting you to a special musical evening, which will take place on Wednesday, March 4, at 6:30 PM, at the Arcadia Hall: the &quot;Spring Voices&quot; recital show.<\/p>\n<p>We will travel through the lyrical universe guided by the voice of actress Gabriela Codrea, who will recite poems from Cristian B\u0103dili\u021b\u0103&#039;s love lyrics, which will be harmoniously accompanied by the voices of soprano Alina Ro\u0219ca and baritone Vlad David in an event full of emotion, in which the dialogue between poetry and music will create a warm and positive atmosphere.<\/p>\n<p><!--more--><\/p>\n<p>The following titles will be part of soprano Alina Ro\u0219ca&#039;s repertoire:<\/p>\n<ul>\n<li>\u201e&quot;Maybe we wouldn&#039;t love that much&quot; \u2013 Mauriciu Vescan<\/li>\n<li>\u201e&quot;I am the postwoman Cristinel&quot; \u2013 aria from the operetta &quot;The Bird Seller&quot; by C. Zeller<\/li>\n<li>\u201e&quot;From dear dreams, poems...&quot; by Sabin P\u0103u\u021ba<\/li>\n<li>\u201e&quot;Torna a Surriento&quot; - E. De Curtis<\/li>\n<li>The lieder cycle &quot;Tel jour, telle nuit&quot; by Francis Poulenc<\/li>\n<li>\u201e&quot;Music&quot; from the operetta &quot;The Waves of the Danube&quot; by George Grigoriu<\/li>\n<\/ul>\n<p>Baritone David Vlad will perform:<\/p>\n<ul>\n<li>\u201e&quot;Ideals&quot; by P. Tosti<\/li>\n<li>\u201e&quot;Desire&quot; by Vasile Popovici<\/li>\n<\/ul>\n<p>They will be accompanied by Henrietta Varady, who will play Erik Satie \u2013 Gnossiene No. 1, 2, 3 on the piano.<\/p>\n<p>Tickets are on sale at the Theatre Ticket Agency from Tuesday to Friday between 10:00 and 19:00 and on Saturdays between 10:00 and 13:00. You can also purchase tickets one hour before the show or online at <u>www.bilete.ro<\/u>. For additional information and ticket reservations, please call: 0359\/411.570.<\/p>\n<p>We are waiting for you at the theater!<\/p>\n<p>___________________________________________<\/p>\n<p>Ramona Gabriela Nemes<br \/>PR Secretary<\/p>","protected":false},"excerpt":{"rendered":"<p>\u00a0Teatrul Regina Maria are onoarea de a v\u0103 invita la o serat\u0103 muzical\u0103 deosebit\u0103, care va avea loc miercuri, 4 martie, de la ora 18:30, la Sala Arcadia: spectacolul-recital \u201eVoci de prim\u0103var\u0103\u201d. Vom c\u0103l\u0103tori prin universul liric ghida\u021bi de vocea actri\u021bei Gabriela Codrea, care va recita poezii din lirica de dragoste a lui Cristian B\u0103dili\u021b\u0103, [&hellip;]<\/p>\n","protected":false},"author":6,"featured_media":4492,"comment_status":"open","ping_status":"open","sticky":false,"template":"","format":"standard","meta":{"_acf_changed":false,"footnotes":""},"categories":[22],"tags":[],"class_list":["post-4495","post","type-post","status-publish","format-standard","has-post-thumbnail","hentry","category-noutati-trupa-iosif-vulcan"],"aioseo_notices":[],"aioseo_head":"\n\t\t<!-- All in One SEO Pro 5.0.1.1 - aioseo.com -->\n\t<meta name=\"description\" content=\"Teatrul Regina Maria are onoarea de a v\u0103 invita la o serat\u0103 muzical\u0103 deosebit\u0103, care va avea loc miercuri, 4 martie, de la ora 18:30, la Sala Arcadia: spectacolul-recital \u201eVoci de prim\u0103var\u0103\u201d. Vom c\u0103l\u0103tori prin universul liric ghida\u021bi de vocea actri\u021bei Gabriela Codrea, care va recita poezii din lirica de dragoste a lui Cristian B\u0103dili\u021b\u0103,\" \/>\n\t<meta name=\"robots\" content=\"max-image-preview:large\" \/>\n\t<meta name=\"author\" content=\"Teatrul Regina Maria\"\/>\n\t<link rel=\"canonical\" href=\"https:\/\/www.teatrulreginamaria.ro\/en\/un-recital-de-muzica-si-poezie-la-teatrul-regina-maria-voci-de-primavara\/\" \/>\n\t<meta name=\"generator\" content=\"All in One SEO Pro (AIOSEO) 5.0.1.1\" \/>\n\t\t<meta property=\"og:locale\" content=\"en_GB\" \/>\n\t\t<meta property=\"og:site_name\" content=\"Teatrul Regina Maria Oradea - Trupa Iosif Vulcan \u0219i Trupa Arcadia\" \/>\n\t\t<meta property=\"og:type\" content=\"article\" \/>\n\t\t<meta property=\"og:title\" content=\"Recital de muzic\u0103 \u0219i poezie la Teatrul Regina Maria \u2013 VOCI DE PRIM\u0102VAR\u0102 - Teatrul Regina Maria Oradea\" \/>\n\t\t<meta property=\"og:description\" content=\"Teatrul Regina Maria are onoarea de a v\u0103 invita la o serat\u0103 muzical\u0103 deosebit\u0103, care va avea loc miercuri, 4 martie, de la ora 18:30, la Sala Arcadia: spectacolul-recital \u201eVoci de prim\u0103var\u0103\u201d. Vom c\u0103l\u0103tori prin universul liric ghida\u021bi de vocea actri\u021bei Gabriela Codrea, care va recita poezii din lirica de dragoste a lui Cristian B\u0103dili\u021b\u0103,\" \/>\n\t\t<meta property=\"og:url\" content=\"https:\/\/www.teatrulreginamaria.ro\/en\/un-recital-de-muzica-si-poezie-la-teatrul-regina-maria-voci-de-primavara\/\" \/>\n\t\t<meta property=\"og:image\" content=\"https:\/\/www.teatrulreginamaria.ro\/wp-content\/uploads\/2025\/03\/trm-istoric-01.jpg\" \/>\n\t\t<meta property=\"og:image:secure_url\" content=\"https:\/\/www.teatrulreginamaria.ro\/wp-content\/uploads\/2025\/03\/trm-istoric-01.jpg\" \/>\n\t\t<meta property=\"og:image:width\" content=\"1200\" \/>\n\t\t<meta property=\"og:image:height\" content=\"800\" \/>\n\t\t<meta property=\"article:published_time\" content=\"2020-03-02T11:43:55+00:00\" \/>\n\t\t<meta property=\"article:modified_time\" content=\"2020-03-02T11:43:55+00:00\" \/>\n\t\t<meta property=\"article:publisher\" content=\"https:\/\/www.facebook.com\/TRMTrupaIosifVulcan\/\" \/>\n\t\t<meta name=\"twitter:card\" content=\"summary_large_image\" \/>\n\t\t<meta name=\"twitter:site\" content=\"@TRMOradea\" \/>\n\t\t<meta name=\"twitter:title\" content=\"Recital de muzic\u0103 \u0219i poezie la Teatrul Regina Maria \u2013 VOCI DE PRIM\u0102VAR\u0102 - Teatrul Regina Maria Oradea\" \/>\n\t\t<meta name=\"twitter:description\" content=\"Teatrul Regina Maria are onoarea de a v\u0103 invita la o serat\u0103 muzical\u0103 deosebit\u0103, care va avea loc miercuri, 4 martie, de la ora 18:30, la Sala Arcadia: spectacolul-recital \u201eVoci de prim\u0103var\u0103\u201d. Vom c\u0103l\u0103tori prin universul liric ghida\u021bi de vocea actri\u021bei Gabriela Codrea, care va recita poezii din lirica de dragoste a lui Cristian B\u0103dili\u021b\u0103,\" \/>\n\t\t<meta name=\"twitter:creator\" content=\"@TRMOradea\" \/>\n\t\t<meta name=\"twitter:image\" content=\"https:\/\/www.teatrulreginamaria.ro\/wp-content\/uploads\/2025\/03\/trm-istoric-01.jpg\" \/>\n\t\t<script type=\"application\/ld+json\" class=\"aioseo-schema\">\n\t\t\t{\"@context\":\"https:\\\/\\\/schema.org\",\"@graph\":[{\"@type\":\"BlogPosting\",\"@id\":\"https:\\\/\\\/www.teatrulreginamaria.ro\\\/en\\\/un-recital-de-muzica-si-poezie-la-teatrul-regina-maria-voci-de-primavara\\\/#blogposting\",\"name\":\"Recital de muzic\\u0103 \\u0219i poezie la Teatrul Regina Maria \\u2013 VOCI DE PRIM\\u0102VAR\\u0102 - Teatrul Regina Maria Oradea\",\"headline\":\"Recital de muzic\\u0103 \\u0219i poezie la Teatrul Regina Maria &#8211; \\u00a0VOCI DE PRIM\\u0102VAR\\u0102\",\"author\":{\"@id\":\"https:\\\/\\\/www.teatrulreginamaria.ro\\\/en\\\/author\\\/w3bmaster\\\/#author\"},\"publisher\":{\"@id\":\"https:\\\/\\\/www.teatrulreginamaria.ro\\\/en\\\/#organization\"},\"image\":{\"@type\":\"ImageObject\",\"url\":\"https:\\\/\\\/www.teatrulreginamaria.ro\\\/wp-content\\\/uploads\\\/2020\\\/02\\\/Afis_Voci_de_primavara_modificat_IANIS_MIC-scaled.jpg\",\"width\":1810,\"height\":2560},\"datePublished\":\"2020-03-02T11:43:55+02:00\",\"dateModified\":\"2020-03-02T11:43:55+02:00\",\"inLanguage\":\"en-GB\",\"mainEntityOfPage\":{\"@id\":\"https:\\\/\\\/www.teatrulreginamaria.ro\\\/en\\\/un-recital-de-muzica-si-poezie-la-teatrul-regina-maria-voci-de-primavara\\\/#webpage\"},\"isPartOf\":{\"@id\":\"https:\\\/\\\/www.teatrulreginamaria.ro\\\/en\\\/un-recital-de-muzica-si-poezie-la-teatrul-regina-maria-voci-de-primavara\\\/#webpage\"},\"articleSection\":\"Nout\\u0103\\u021bi - Trupa Iosif Vulcan\"},{\"@type\":\"BreadcrumbList\",\"@id\":\"https:\\\/\\\/www.teatrulreginamaria.ro\\\/en\\\/un-recital-de-muzica-si-poezie-la-teatrul-regina-maria-voci-de-primavara\\\/#breadcrumblist\",\"itemListElement\":[{\"@type\":\"ListItem\",\"@id\":\"https:\\\/\\\/www.teatrulreginamaria.ro\\\/en#listItem\",\"position\":1,\"name\":\"Home\",\"item\":\"https:\\\/\\\/www.teatrulreginamaria.ro\\\/en\",\"nextItem\":{\"@type\":\"ListItem\",\"@id\":\"https:\\\/\\\/www.teatrulreginamaria.ro\\\/en\\\/categorie\\\/noutati\\\/#listItem\",\"name\":\"Nout\\u0103\\u021bi\"}},{\"@type\":\"ListItem\",\"@id\":\"https:\\\/\\\/www.teatrulreginamaria.ro\\\/en\\\/categorie\\\/noutati\\\/#listItem\",\"position\":2,\"name\":\"Nout\\u0103\\u021bi\",\"item\":\"https:\\\/\\\/www.teatrulreginamaria.ro\\\/en\\\/categorie\\\/noutati\\\/\",\"nextItem\":{\"@type\":\"ListItem\",\"@id\":\"https:\\\/\\\/www.teatrulreginamaria.ro\\\/en\\\/categorie\\\/noutati\\\/noutati-trupa-iosif-vulcan\\\/#listItem\",\"name\":\"Nout\\u0103\\u021bi - Trupa Iosif Vulcan\"},\"previousItem\":{\"@type\":\"ListItem\",\"@id\":\"https:\\\/\\\/www.teatrulreginamaria.ro\\\/en#listItem\",\"name\":\"Home\"}},{\"@type\":\"ListItem\",\"@id\":\"https:\\\/\\\/www.teatrulreginamaria.ro\\\/en\\\/categorie\\\/noutati\\\/noutati-trupa-iosif-vulcan\\\/#listItem\",\"position\":3,\"name\":\"Nout\\u0103\\u021bi - Trupa Iosif Vulcan\",\"item\":\"https:\\\/\\\/www.teatrulreginamaria.ro\\\/en\\\/categorie\\\/noutati\\\/noutati-trupa-iosif-vulcan\\\/\",\"nextItem\":{\"@type\":\"ListItem\",\"@id\":\"https:\\\/\\\/www.teatrulreginamaria.ro\\\/en\\\/un-recital-de-muzica-si-poezie-la-teatrul-regina-maria-voci-de-primavara\\\/#listItem\",\"name\":\"Recital de muzic\\u0103 \\u0219i poezie la Teatrul Regina Maria &#8211; \\u00a0VOCI DE PRIM\\u0102VAR\\u0102\"},\"previousItem\":{\"@type\":\"ListItem\",\"@id\":\"https:\\\/\\\/www.teatrulreginamaria.ro\\\/en\\\/categorie\\\/noutati\\\/#listItem\",\"name\":\"Nout\\u0103\\u021bi\"}},{\"@type\":\"ListItem\",\"@id\":\"https:\\\/\\\/www.teatrulreginamaria.ro\\\/en\\\/un-recital-de-muzica-si-poezie-la-teatrul-regina-maria-voci-de-primavara\\\/#listItem\",\"position\":4,\"name\":\"Recital de muzic\\u0103 \\u0219i poezie la Teatrul Regina Maria &#8211; \\u00a0VOCI DE PRIM\\u0102VAR\\u0102\",\"previousItem\":{\"@type\":\"ListItem\",\"@id\":\"https:\\\/\\\/www.teatrulreginamaria.ro\\\/en\\\/categorie\\\/noutati\\\/noutati-trupa-iosif-vulcan\\\/#listItem\",\"name\":\"Nout\\u0103\\u021bi - Trupa Iosif Vulcan\"}}]},{\"@type\":\"Organization\",\"@id\":\"https:\\\/\\\/www.teatrulreginamaria.ro\\\/en\\\/#organization\",\"name\":\"Teatrul Regina Maria Oradea\",\"description\":\"Trupa Iosif Vulcan \\u0219i Trupa Arcadia\",\"url\":\"https:\\\/\\\/www.teatrulreginamaria.ro\\\/en\\\/\",\"email\":\"marketing@teatrulreginamaria.ro\",\"telephone\":\"+40359411534\",\"numberOfEmployees\":{\"@type\":\"QuantitativeValue\",\"minValue\":0,\"maxValue\":150},\"logo\":{\"@type\":\"ImageObject\",\"url\":\"https:\\\/\\\/www.teatrulreginamaria.ro\\\/wp-content\\\/uploads\\\/2025\\\/06\\\/logo-trm-01-dark.png\",\"@id\":\"https:\\\/\\\/www.teatrulreginamaria.ro\\\/en\\\/un-recital-de-muzica-si-poezie-la-teatrul-regina-maria-voci-de-primavara\\\/#organizationLogo\",\"width\":300,\"height\":148},\"image\":{\"@id\":\"https:\\\/\\\/www.teatrulreginamaria.ro\\\/en\\\/un-recital-de-muzica-si-poezie-la-teatrul-regina-maria-voci-de-primavara\\\/#organizationLogo\"},\"sameAs\":[\"https:\\\/\\\/www.facebook.com\\\/TRMTrupaIosifVulcan\\\/\",\"https:\\\/\\\/x.com\\\/TRMOradea\",\"https:\\\/\\\/www.instagram.com\\\/teatrul_regina_maria\\\/\",\"https:\\\/\\\/www.youtube.com\\\/c\\\/TeatrulReginaMariaOradea\",\"https:\\\/\\\/www.linkedin.com\\\/company\\\/teatrul-regina-maria\"]},{\"@type\":\"Person\",\"@id\":\"https:\\\/\\\/www.teatrulreginamaria.ro\\\/en\\\/author\\\/w3bmaster\\\/#author\",\"url\":\"https:\\\/\\\/www.teatrulreginamaria.ro\\\/en\\\/author\\\/w3bmaster\\\/\",\"name\":\"Teatrul Regina Maria\",\"image\":{\"@type\":\"ImageObject\",\"@id\":\"https:\\\/\\\/www.teatrulreginamaria.ro\\\/en\\\/un-recital-de-muzica-si-poezie-la-teatrul-regina-maria-voci-de-primavara\\\/#authorImage\",\"url\":\"https:\\\/\\\/secure.gravatar.com\\\/avatar\\\/5884139d508ae3f0bafe45e60563b48a9640146d3b08ccc6278c305ff9329305?s=96&d=mm&r=g\",\"width\":96,\"height\":96,\"caption\":\"Teatrul Regina Maria\"}},{\"@type\":\"WebPage\",\"@id\":\"https:\\\/\\\/www.teatrulreginamaria.ro\\\/en\\\/un-recital-de-muzica-si-poezie-la-teatrul-regina-maria-voci-de-primavara\\\/#webpage\",\"url\":\"https:\\\/\\\/www.teatrulreginamaria.ro\\\/en\\\/un-recital-de-muzica-si-poezie-la-teatrul-regina-maria-voci-de-primavara\\\/\",\"name\":\"Recital de muzic\\u0103 \\u0219i poezie la Teatrul Regina Maria \\u2013 VOCI DE PRIM\\u0102VAR\\u0102 - Teatrul Regina Maria Oradea\",\"description\":\"Teatrul Regina Maria are onoarea de a v\\u0103 invita la o serat\\u0103 muzical\\u0103 deosebit\\u0103, care va avea loc miercuri, 4 martie, de la ora 18:30, la Sala Arcadia: spectacolul-recital \\u201eVoci de prim\\u0103var\\u0103\\u201d. Vom c\\u0103l\\u0103tori prin universul liric ghida\\u021bi de vocea actri\\u021bei Gabriela Codrea, care va recita poezii din lirica de dragoste a lui Cristian B\\u0103dili\\u021b\\u0103,\",\"inLanguage\":\"en-GB\",\"isPartOf\":{\"@id\":\"https:\\\/\\\/www.teatrulreginamaria.ro\\\/en\\\/#website\"},\"breadcrumb\":{\"@id\":\"https:\\\/\\\/www.teatrulreginamaria.ro\\\/en\\\/un-recital-de-muzica-si-poezie-la-teatrul-regina-maria-voci-de-primavara\\\/#breadcrumblist\"},\"author\":{\"@id\":\"https:\\\/\\\/www.teatrulreginamaria.ro\\\/en\\\/author\\\/w3bmaster\\\/#author\"},\"creator\":{\"@id\":\"https:\\\/\\\/www.teatrulreginamaria.ro\\\/en\\\/author\\\/w3bmaster\\\/#author\"},\"image\":{\"@type\":\"ImageObject\",\"url\":\"https:\\\/\\\/www.teatrulreginamaria.ro\\\/wp-content\\\/uploads\\\/2020\\\/02\\\/Afis_Voci_de_primavara_modificat_IANIS_MIC-scaled.jpg\",\"@id\":\"https:\\\/\\\/www.teatrulreginamaria.ro\\\/en\\\/un-recital-de-muzica-si-poezie-la-teatrul-regina-maria-voci-de-primavara\\\/#mainImage\",\"width\":1810,\"height\":2560},\"primaryImageOfPage\":{\"@id\":\"https:\\\/\\\/www.teatrulreginamaria.ro\\\/en\\\/un-recital-de-muzica-si-poezie-la-teatrul-regina-maria-voci-de-primavara\\\/#mainImage\"},\"datePublished\":\"2020-03-02T11:43:55+02:00\",\"dateModified\":\"2020-03-02T11:43:55+02:00\"},{\"@type\":\"WebSite\",\"@id\":\"https:\\\/\\\/www.teatrulreginamaria.ro\\\/en\\\/#website\",\"url\":\"https:\\\/\\\/www.teatrulreginamaria.ro\\\/en\\\/\",\"name\":\"Teatrul Regina Maria Oradea\",\"alternateName\":\"TRM Oradea\",\"description\":\"Trupa Iosif Vulcan \\u0219i Trupa Arcadia\",\"inLanguage\":\"en-GB\",\"publisher\":{\"@id\":\"https:\\\/\\\/www.teatrulreginamaria.ro\\\/en\\\/#organization\"}}]}\n\t\t<\/script>\n\t\t<!-- All in One SEO Pro -->\r\n\t\t<title>Recital de muzic\u0103 \u0219i poezie la Teatrul Regina Maria \u2013 VOCI DE PRIM\u0102VAR\u0102 - Teatrul Regina Maria Oradea<\/title>\n\n","aioseo_head_json":{"title":"Music and poetry recital at the Regina Maria Theater \u2013 VOICES OF SPRING - Regina Maria Theater Oradea","description":"The Regina Maria Theater has the honor of inviting you to a special musical evening, which will take place on Wednesday, March 4, at 6:30 PM, at the Arcadia Hall: the recital-show &quot;Voices of Spring&quot;. We will travel through the lyrical universe guided by the voice of actress Gabriela Codrea, who will recite poems from the love lyrics of Cristian B\u0103dili\u021b\u0103,","canonical_url":"https:\/\/www.teatrulreginamaria.ro\/en\/un-recital-de-muzica-si-poezie-la-teatrul-regina-maria-voci-de-primavara\/","robots":"max-image-preview:large","keywords":"","webmasterTools":{"miscellaneous":""},"schema":{"@context":"https:\/\/schema.org","@graph":[{"@type":"BlogPosting","@id":"https:\/\/www.teatrulreginamaria.ro\/en\/un-recital-de-muzica-si-poezie-la-teatrul-regina-maria-voci-de-primavara\/#blogposting","name":"Recital de muzic\u0103 \u0219i poezie la Teatrul Regina Maria \u2013 VOCI DE PRIM\u0102VAR\u0102 - Teatrul Regina Maria Oradea","headline":"Recital de muzic\u0103 \u0219i poezie la Teatrul Regina Maria &#8211; \u00a0VOCI DE PRIM\u0102VAR\u0102","author":{"@id":"https:\/\/www.teatrulreginamaria.ro\/en\/author\/w3bmaster\/#author"},"publisher":{"@id":"https:\/\/www.teatrulreginamaria.ro\/en\/#organization"},"image":{"@type":"ImageObject","url":"https:\/\/www.teatrulreginamaria.ro\/wp-content\/uploads\/2020\/02\/Afis_Voci_de_primavara_modificat_IANIS_MIC-scaled.jpg","width":1810,"height":2560},"datePublished":"2020-03-02T11:43:55+02:00","dateModified":"2020-03-02T11:43:55+02:00","inLanguage":"en-GB","mainEntityOfPage":{"@id":"https:\/\/www.teatrulreginamaria.ro\/en\/un-recital-de-muzica-si-poezie-la-teatrul-regina-maria-voci-de-primavara\/#webpage"},"isPartOf":{"@id":"https:\/\/www.teatrulreginamaria.ro\/en\/un-recital-de-muzica-si-poezie-la-teatrul-regina-maria-voci-de-primavara\/#webpage"},"articleSection":"Nout\u0103\u021bi - Trupa Iosif Vulcan"},{"@type":"BreadcrumbList","@id":"https:\/\/www.teatrulreginamaria.ro\/en\/un-recital-de-muzica-si-poezie-la-teatrul-regina-maria-voci-de-primavara\/#breadcrumblist","itemListElement":[{"@type":"ListItem","@id":"https:\/\/www.teatrulreginamaria.ro\/en#listItem","position":1,"name":"Home","item":"https:\/\/www.teatrulreginamaria.ro\/en","nextItem":{"@type":"ListItem","@id":"https:\/\/www.teatrulreginamaria.ro\/en\/categorie\/noutati\/#listItem","name":"Nout\u0103\u021bi"}},{"@type":"ListItem","@id":"https:\/\/www.teatrulreginamaria.ro\/en\/categorie\/noutati\/#listItem","position":2,"name":"Nout\u0103\u021bi","item":"https:\/\/www.teatrulreginamaria.ro\/en\/categorie\/noutati\/","nextItem":{"@type":"ListItem","@id":"https:\/\/www.teatrulreginamaria.ro\/en\/categorie\/noutati\/noutati-trupa-iosif-vulcan\/#listItem","name":"Nout\u0103\u021bi - Trupa Iosif Vulcan"},"previousItem":{"@type":"ListItem","@id":"https:\/\/www.teatrulreginamaria.ro\/en#listItem","name":"Home"}},{"@type":"ListItem","@id":"https:\/\/www.teatrulreginamaria.ro\/en\/categorie\/noutati\/noutati-trupa-iosif-vulcan\/#listItem","position":3,"name":"Nout\u0103\u021bi - Trupa Iosif Vulcan","item":"https:\/\/www.teatrulreginamaria.ro\/en\/categorie\/noutati\/noutati-trupa-iosif-vulcan\/","nextItem":{"@type":"ListItem","@id":"https:\/\/www.teatrulreginamaria.ro\/en\/un-recital-de-muzica-si-poezie-la-teatrul-regina-maria-voci-de-primavara\/#listItem","name":"Recital de muzic\u0103 \u0219i poezie la Teatrul Regina Maria &#8211; \u00a0VOCI DE PRIM\u0102VAR\u0102"},"previousItem":{"@type":"ListItem","@id":"https:\/\/www.teatrulreginamaria.ro\/en\/categorie\/noutati\/#listItem","name":"Nout\u0103\u021bi"}},{"@type":"ListItem","@id":"https:\/\/www.teatrulreginamaria.ro\/en\/un-recital-de-muzica-si-poezie-la-teatrul-regina-maria-voci-de-primavara\/#listItem","position":4,"name":"Recital de muzic\u0103 \u0219i poezie la Teatrul Regina Maria &#8211; \u00a0VOCI DE PRIM\u0102VAR\u0102","previousItem":{"@type":"ListItem","@id":"https:\/\/www.teatrulreginamaria.ro\/en\/categorie\/noutati\/noutati-trupa-iosif-vulcan\/#listItem","name":"Nout\u0103\u021bi - Trupa Iosif Vulcan"}}]},{"@type":"Organization","@id":"https:\/\/www.teatrulreginamaria.ro\/en\/#organization","name":"Teatrul Regina Maria Oradea","description":"Trupa Iosif Vulcan \u0219i Trupa Arcadia","url":"https:\/\/www.teatrulreginamaria.ro\/en\/","email":"marketing@teatrulreginamaria.ro","telephone":"+40359411534","numberOfEmployees":{"@type":"QuantitativeValue","minValue":0,"maxValue":150},"logo":{"@type":"ImageObject","url":"https:\/\/www.teatrulreginamaria.ro\/wp-content\/uploads\/2025\/06\/logo-trm-01-dark.png","@id":"https:\/\/www.teatrulreginamaria.ro\/en\/un-recital-de-muzica-si-poezie-la-teatrul-regina-maria-voci-de-primavara\/#organizationLogo","width":300,"height":148},"image":{"@id":"https:\/\/www.teatrulreginamaria.ro\/en\/un-recital-de-muzica-si-poezie-la-teatrul-regina-maria-voci-de-primavara\/#organizationLogo"},"sameAs":["https:\/\/www.facebook.com\/TRMTrupaIosifVulcan\/","https:\/\/x.com\/TRMOradea","https:\/\/www.instagram.com\/teatrul_regina_maria\/","https:\/\/www.youtube.com\/c\/TeatrulReginaMariaOradea","https:\/\/www.linkedin.com\/company\/teatrul-regina-maria"]},{"@type":"Person","@id":"https:\/\/www.teatrulreginamaria.ro\/en\/author\/w3bmaster\/#author","url":"https:\/\/www.teatrulreginamaria.ro\/en\/author\/w3bmaster\/","name":"Teatrul Regina Maria","image":{"@type":"ImageObject","@id":"https:\/\/www.teatrulreginamaria.ro\/en\/un-recital-de-muzica-si-poezie-la-teatrul-regina-maria-voci-de-primavara\/#authorImage","url":"https:\/\/secure.gravatar.com\/avatar\/5884139d508ae3f0bafe45e60563b48a9640146d3b08ccc6278c305ff9329305?s=96&d=mm&r=g","width":96,"height":96,"caption":"Teatrul Regina Maria"}},{"@type":"WebPage","@id":"https:\/\/www.teatrulreginamaria.ro\/en\/un-recital-de-muzica-si-poezie-la-teatrul-regina-maria-voci-de-primavara\/#webpage","url":"https:\/\/www.teatrulreginamaria.ro\/en\/un-recital-de-muzica-si-poezie-la-teatrul-regina-maria-voci-de-primavara\/","name":"Recital de muzic\u0103 \u0219i poezie la Teatrul Regina Maria \u2013 VOCI DE PRIM\u0102VAR\u0102 - Teatrul Regina Maria Oradea","description":"Teatrul Regina Maria are onoarea de a v\u0103 invita la o serat\u0103 muzical\u0103 deosebit\u0103, care va avea loc miercuri, 4 martie, de la ora 18:30, la Sala Arcadia: spectacolul-recital \u201eVoci de prim\u0103var\u0103\u201d. Vom c\u0103l\u0103tori prin universul liric ghida\u021bi de vocea actri\u021bei Gabriela Codrea, care va recita poezii din lirica de dragoste a lui Cristian B\u0103dili\u021b\u0103,","inLanguage":"en-GB","isPartOf":{"@id":"https:\/\/www.teatrulreginamaria.ro\/en\/#website"},"breadcrumb":{"@id":"https:\/\/www.teatrulreginamaria.ro\/en\/un-recital-de-muzica-si-poezie-la-teatrul-regina-maria-voci-de-primavara\/#breadcrumblist"},"author":{"@id":"https:\/\/www.teatrulreginamaria.ro\/en\/author\/w3bmaster\/#author"},"creator":{"@id":"https:\/\/www.teatrulreginamaria.ro\/en\/author\/w3bmaster\/#author"},"image":{"@type":"ImageObject","url":"https:\/\/www.teatrulreginamaria.ro\/wp-content\/uploads\/2020\/02\/Afis_Voci_de_primavara_modificat_IANIS_MIC-scaled.jpg","@id":"https:\/\/www.teatrulreginamaria.ro\/en\/un-recital-de-muzica-si-poezie-la-teatrul-regina-maria-voci-de-primavara\/#mainImage","width":1810,"height":2560},"primaryImageOfPage":{"@id":"https:\/\/www.teatrulreginamaria.ro\/en\/un-recital-de-muzica-si-poezie-la-teatrul-regina-maria-voci-de-primavara\/#mainImage"},"datePublished":"2020-03-02T11:43:55+02:00","dateModified":"2020-03-02T11:43:55+02:00"},{"@type":"WebSite","@id":"https:\/\/www.teatrulreginamaria.ro\/en\/#website","url":"https:\/\/www.teatrulreginamaria.ro\/en\/","name":"Teatrul Regina Maria Oradea","alternateName":"TRM Oradea","description":"Trupa Iosif Vulcan \u0219i Trupa Arcadia","inLanguage":"en-GB","publisher":{"@id":"https:\/\/www.teatrulreginamaria.ro\/en\/#organization"}}]},"og:locale":"en_GB","og:site_name":"Teatrul Regina Maria Oradea - Trupa Iosif Vulcan \u0219i Trupa Arcadia","og:type":"article","og:title":"Recital de muzic\u0103 \u0219i poezie la Teatrul Regina Maria \u2013 VOCI DE PRIM\u0102VAR\u0102 - Teatrul Regina Maria Oradea","og:description":"Teatrul Regina Maria are onoarea de a v\u0103 invita la o serat\u0103 muzical\u0103 deosebit\u0103, care va avea loc miercuri, 4 martie, de la ora 18:30, la Sala Arcadia: spectacolul-recital \u201eVoci de prim\u0103var\u0103\u201d. Vom c\u0103l\u0103tori prin universul liric ghida\u021bi de vocea actri\u021bei Gabriela Codrea, care va recita poezii din lirica de dragoste a lui Cristian B\u0103dili\u021b\u0103,","og:url":"https:\/\/www.teatrulreginamaria.ro\/en\/un-recital-de-muzica-si-poezie-la-teatrul-regina-maria-voci-de-primavara\/","og:image":"https:\/\/www.teatrulreginamaria.ro\/wp-content\/uploads\/2025\/03\/trm-istoric-01.jpg","og:image:secure_url":"https:\/\/www.teatrulreginamaria.ro\/wp-content\/uploads\/2025\/03\/trm-istoric-01.jpg","og:image:width":1200,"og:image:height":800,"article:published_time":"2020-03-02T11:43:55+00:00","article:modified_time":"2020-03-02T11:43:55+00:00","article:publisher":"https:\/\/www.facebook.com\/TRMTrupaIosifVulcan\/","twitter:card":"summary_large_image","twitter:site":"@TRMOradea","twitter:title":"Recital de muzic\u0103 \u0219i poezie la Teatrul Regina Maria \u2013 VOCI DE PRIM\u0102VAR\u0102 - Teatrul Regina Maria Oradea","twitter:description":"Teatrul Regina Maria are onoarea de a v\u0103 invita la o serat\u0103 muzical\u0103 deosebit\u0103, care va avea loc miercuri, 4 martie, de la ora 18:30, la Sala Arcadia: spectacolul-recital \u201eVoci de prim\u0103var\u0103\u201d. Vom c\u0103l\u0103tori prin universul liric ghida\u021bi de vocea actri\u021bei Gabriela Codrea, care va recita poezii din lirica de dragoste a lui Cristian B\u0103dili\u021b\u0103,","twitter:creator":"@TRMOradea","twitter:image":"https:\/\/www.teatrulreginamaria.ro\/wp-content\/uploads\/2025\/03\/trm-istoric-01.jpg"},"aioseo_meta_data":{"post_id":"4495","title":null,"description":null,"keywords":null,"keyphrases":null,"primary_term":null,"canonical_url":null,"og_title":null,"og_description":null,"og_object_type":"default","og_image_type":"default","og_image_url":null,"og_image_width":null,"og_image_height":null,"og_image_custom_url":null,"og_image_custom_fields":null,"og_video":null,"og_custom_url":null,"og_article_section":null,"og_article_tags":null,"twitter_use_og":false,"twitter_card":"default","twitter_image_type":"default","twitter_image_url":null,"twitter_image_custom_url":null,"twitter_image_custom_fields":null,"twitter_title":null,"twitter_description":null,"schema":{"blockGraphs":[],"customGraphs":[],"default":{"data":{"Article":[],"Course":[],"Dataset":[],"FAQPage":[],"Movie":[],"Person":[],"Product":[],"ProductReview":[],"Car":[],"Recipe":[],"Service":[],"SoftwareApplication":[],"WebPage":[]},"graphName":"","isEnabled":true},"graphs":[]},"schema_type":"default","schema_type_options":null,"pillar_content":false,"robots_default":true,"robots_noindex":false,"robots_noarchive":false,"robots_nosnippet":false,"robots_nofollow":false,"robots_noimageindex":false,"robots_noodp":false,"robots_notranslate":false,"robots_max_snippet":null,"robots_max_videopreview":null,"robots_max_imagepreview":"large","priority":null,"frequency":null,"local_seo":null,"seo_analyzer_scan_date":"2026-05-13 02:30:40","breadcrumb_settings":null,"limit_modified_date":false,"reviewed_by":null,"open_ai":null,"ai":null,"created":"2025-04-09 17:42:42","updated":"2026-05-13 02:30:40","focus_keyword":null,"additional_keywords":null,"truseo_locale":null},"aioseo_breadcrumb":"<div class=\"aioseo-breadcrumbs\"><span class=\"aioseo-breadcrumb\">\n\t<a href=\"https:\/\/www.teatrulreginamaria.ro\/en\" title=\"Home\">Home<\/a>\n<\/span><span class=\"aioseo-breadcrumb-separator\">&raquo;<\/span><span class=\"aioseo-breadcrumb\">\n\t<a href=\"https:\/\/www.teatrulreginamaria.ro\/en\/categorie\/noutati\/\" title=\"Nout\u0103\u021bi\">Nout\u0103\u021bi<\/a>\n<\/span><span class=\"aioseo-breadcrumb-separator\">&raquo;<\/span><span class=\"aioseo-breadcrumb\">\n\t<a href=\"https:\/\/www.teatrulreginamaria.ro\/en\/categorie\/noutati\/noutati-trupa-iosif-vulcan\/\" title=\"Nout\u0103\u021bi - Trupa Iosif Vulcan\">Nout\u0103\u021bi - Trupa Iosif Vulcan<\/a>\n<\/span><span class=\"aioseo-breadcrumb-separator\">&raquo;<\/span><span class=\"aioseo-breadcrumb\">\n\tRecital de muzic\u0103 \u0219i poezie la Teatrul Regina Maria \u2013  VOCI DE PRIM\u0102VAR\u0102\n<\/span><\/div>","aioseo_breadcrumb_json":[{"label":"Home","link":"https:\/\/www.teatrulreginamaria.ro\/en"},{"label":"Nout\u0103\u021bi","link":"https:\/\/www.teatrulreginamaria.ro\/en\/categorie\/noutati\/"},{"label":"Nout\u0103\u021bi - Trupa Iosif Vulcan","link":"https:\/\/www.teatrulreginamaria.ro\/en\/categorie\/noutati\/noutati-trupa-iosif-vulcan\/"},{"label":"Recital de muzic\u0103 \u0219i poezie la Teatrul Regina Maria &#8211; \u00a0VOCI DE PRIM\u0102VAR\u0102","link":"https:\/\/www.teatrulreginamaria.ro\/en\/un-recital-de-muzica-si-poezie-la-teatrul-regina-maria-voci-de-primavara\/"}],"acf":[],"_links":{"self":[{"href":"https:\/\/www.teatrulreginamaria.ro\/en\/wp-json\/wp\/v2\/posts\/4495","targetHints":{"allow":["GET"]}}],"collection":[{"href":"https:\/\/www.teatrulreginamaria.ro\/en\/wp-json\/wp\/v2\/posts"}],"about":[{"href":"https:\/\/www.teatrulreginamaria.ro\/en\/wp-json\/wp\/v2\/types\/post"}],"author":[{"embeddable":true,"href":"https:\/\/www.teatrulreginamaria.ro\/en\/wp-json\/wp\/v2\/users\/6"}],"replies":[{"embeddable":true,"href":"https:\/\/www.teatrulreginamaria.ro\/en\/wp-json\/wp\/v2\/comments?post=4495"}],"version-history":[{"count":0,"href":"https:\/\/www.teatrulreginamaria.ro\/en\/wp-json\/wp\/v2\/posts\/4495\/revisions"}],"wp:featuredmedia":[{"embeddable":true,"href":"https:\/\/www.teatrulreginamaria.ro\/en\/wp-json\/wp\/v2\/media\/4492"}],"wp:attachment":[{"href":"https:\/\/www.teatrulreginamaria.ro\/en\/wp-json\/wp\/v2\/media?parent=4495"}],"wp:term":[{"taxonomy":"category","embeddable":true,"href":"https:\/\/www.teatrulreginamaria.ro\/en\/wp-json\/wp\/v2\/categories?post=4495"},{"taxonomy":"post_tag","embeddable":true,"href":"https:\/\/www.teatrulreginamaria.ro\/en\/wp-json\/wp\/v2\/tags?post=4495"}],"curies":[{"name":"wp","href":"https:\/\/api.w.org\/{rel}","templated":true}]}}