{"id":4514,"date":"2019-05-14T12:11:50","date_gmt":"2019-05-14T12:11:50","guid":{"rendered":"https:\/\/teatrulreginamaria.ro\/2019\/05\/14\/avalansa-sau-frica-ce-ti-ingheata-ratiunea-un-spectacol-exceptional-la-festivalul-de-teatru-nou-14-mai-2019-raluca-medeleanu-specialarad-ro\/"},"modified":"2019-05-14T12:11:50","modified_gmt":"2019-05-14T12:11:50","slug":"avalanche-or-the-fear-that-freezes-your-reason-an-exceptional-show-at-the-nou-teatr-festival-may-14-2019-raluca-medeleanu-specialarad-ro","status":"publish","type":"post","link":"https:\/\/www.teatrulreginamaria.ro\/en\/avalansa-sau-frica-ce-ti-ingheata-ratiunea-un-spectacol-exceptional-la-festivalul-de-teatru-nou-14-mai-2019-raluca-medeleanu-specialarad-ro\/","title":{"rendered":"AVALANCHE: May 14, 2019 \u2013 Raluca Medeleanu (specialarad.ro)"},"content":{"rendered":"<p style=\"text-align: justify;\">Written by: Raluca Medeleanu<br \/>Taken from: <a href=\"https:\/\/specialarad.ro\/avalansa-sau-frica-ce-ti-ingheata-ratiunea-un-spectacol-exceptional-la-festivalul-de-teatru-nou\/\">www.specialarad.ro<\/a><\/p>\n<p style=\"text-align: justify;\">The clothes that were handed to the audience \u2013 white boots and gowns \u2013 automatically foreshadowed one of the main themes of the show: birth, but also the idea of a sterile, closed environment, in which man is something foreign, an intruder, whose presence seems to not matter, has no place. Just as the audience became part of the scenery, so too did the people in the community presented in the show lose themselves in the scenery, intentionally becoming \u201enon-existent\u201d, for fear that nature would literally make them one and the same with it.<\/p>\n<p style=\"text-align: justify;\">The show &quot;Avalan\u0219a&quot;, brought to the International New Theatre Festival by the &quot;Regina Maria&quot; Theatre in Oradea, was directed by the well-known Petru Vutc\u0103r\u0103u and, surprisingly, is based on a true story. In a small, forgotten mountain village in eastern Anatolia (Asia Minor), people are only allowed to make noise for 3 months a year, the rest of the time they are forced to live in silence, because even the slightest sound could trigger an avalanche, killing them.<\/p>\n<p><!--more--><\/p>\n<p style=\"text-align: justify;\">The show starts from this premise, but the real story is just a launching pad for philosophical ideas that orbit around the feeling of fear. Fear of death, fear of change...<\/p>\n<p style=\"text-align: justify;\">When people are confronted with the atrocities of nature, they are reduced to the primordial state of animal-man, who must defend their pack at all costs. And then, what importance can the life of a single person have in the balance with the life of the entire community? During the period of avalanche danger, there must be complete silence. So a woman who is about to give birth has no place in such an environment. Both she and the child make too much noise. The importance of one life pales in comparison to the importance of saving dozens, or maybe even hundreds of lives. Fear generates strict laws, and births are controlled to the great fixed. They can only occur during the 3 months of noise, and whoever does not comply\u2026 must be silenced.<\/p>\n<p style=\"text-align: justify;\">When you live in constant fear and leave your life in the hands of leaders who also blindly follow long-written rules that seem to have always protected them, do you still have the courage to stand up and protest, when you feel that these rules are also subject to error? Or does fear completely freeze your throat and reason? Those who disagree with the rules get up and leave. As the village elders observed, &quot;Young people are different. They leave and never come back.&quot; Those who still want to live there... Silence slowly takes away any trace of humanity. Some become ice floes. Others lose their minds... But what happens to those who have the courage to change their old mentalities, to face danger, to take risks and challenge the laws? Will they manage to get through with their heads held high or will they be swallowed up by the snow forever?<\/p>\n<p style=\"text-align: justify;\">The profound script, written by Turkish playwright Tuncer Cucenoglu, came to life thanks to the talent of the actors who gave life to the characters (who had to speak their lines in a whisper, with the help of a microphone pressed to their foreheads!), the disturbing music and the exceptional, minimal but effective set design, relying more on the dazzling white of the snow and the spotlights, blue and yellow, cold and warm.<\/p>\n<p style=\"text-align: justify;\">\u201e&quot;Avalan\u0219a&quot; is that kind of show that doesn&#039;t end with the curtain, but leaves your mind wandering, even after you&#039;ve left the theater. Because, if at first the story that unfolded before your eyes seemed more than absurd, you can&#039;t stop asking yourself and asking yourself questions. Even so, if you were there, in that little village forgotten by fate, how far would you be able to go to survive? Would you submit or break the ice?<\/p>","protected":false},"excerpt":{"rendered":"<p>Scris de: Raluca MedeleanuPreluat de pe: www.specialarad.ro Straiele care le-au fost \u00eenm\u00e2nate publicului \u2013 boto\u0219ei \u0219i halate albe \u2013 ne-a prevestit automat una dintre principalele teme ale spectacolului: na\u0219terea, dar \u0219i ideea de mediu steril, \u00eenchis, \u00een care omul este ceva str\u0103in, un intrus, a c\u0103rei prezen\u021b\u0103 parc\u0103 nici nu conteaz\u0103, nu \u00ee\u0219i are locul. [&hellip;]<\/p>\n","protected":false},"author":6,"featured_media":0,"comment_status":"open","ping_status":"open","sticky":false,"template":"","format":"standard","meta":{"_acf_changed":false,"footnotes":""},"categories":[213],"tags":[],"class_list":["post-4514","post","type-post","status-publish","format-standard","hentry","category-aparitii-media"],"aioseo_notices":[],"aioseo_head":"\n\t\t<!-- All in One SEO Pro 5.0.1.1 - aioseo.com -->\n\t<meta name=\"description\" content=\"Scris de: Raluca MedeleanuPreluat de pe: www.specialarad.ro Straiele care le-au fost \u00eenm\u00e2nate publicului \u2013 boto\u0219ei \u0219i halate albe \u2013 ne-a prevestit automat una dintre principalele teme ale spectacolului: na\u0219terea, dar \u0219i ideea de mediu steril, \u00eenchis, \u00een care omul este ceva str\u0103in, un intrus, a c\u0103rei prezen\u021b\u0103 parc\u0103 nici nu conteaz\u0103, nu \u00ee\u0219i are locul.\" \/>\n\t<meta name=\"robots\" content=\"max-image-preview:large\" \/>\n\t<meta name=\"author\" content=\"Teatrul Regina Maria\"\/>\n\t<link rel=\"canonical\" href=\"https:\/\/www.teatrulreginamaria.ro\/en\/avalansa-sau-frica-ce-ti-ingheata-ratiunea-un-spectacol-exceptional-la-festivalul-de-teatru-nou-14-mai-2019-raluca-medeleanu-specialarad-ro\/\" \/>\n\t<meta name=\"generator\" content=\"All in One SEO Pro (AIOSEO) 5.0.1.1\" \/>\n\t\t<meta property=\"og:locale\" content=\"en_GB\" \/>\n\t\t<meta property=\"og:site_name\" content=\"Teatrul Regina Maria Oradea - Trupa Iosif Vulcan \u0219i Trupa Arcadia\" \/>\n\t\t<meta property=\"og:type\" content=\"article\" \/>\n\t\t<meta property=\"og:title\" content=\"AVALAN\u0218A: 14 mai 2019 \u2013 Raluca Medeleanu (specialarad.ro) - Teatrul Regina Maria Oradea\" \/>\n\t\t<meta property=\"og:description\" content=\"Scris de: Raluca MedeleanuPreluat de pe: www.specialarad.ro Straiele care le-au fost \u00eenm\u00e2nate publicului \u2013 boto\u0219ei \u0219i halate albe \u2013 ne-a prevestit automat una dintre principalele teme ale spectacolului: na\u0219terea, dar \u0219i ideea de mediu steril, \u00eenchis, \u00een care omul este ceva str\u0103in, un intrus, a c\u0103rei prezen\u021b\u0103 parc\u0103 nici nu conteaz\u0103, nu \u00ee\u0219i are locul.\" \/>\n\t\t<meta property=\"og:url\" content=\"https:\/\/www.teatrulreginamaria.ro\/en\/avalansa-sau-frica-ce-ti-ingheata-ratiunea-un-spectacol-exceptional-la-festivalul-de-teatru-nou-14-mai-2019-raluca-medeleanu-specialarad-ro\/\" \/>\n\t\t<meta property=\"og:image\" content=\"https:\/\/www.teatrulreginamaria.ro\/wp-content\/uploads\/2025\/03\/trm-istoric-01.jpg\" \/>\n\t\t<meta property=\"og:image:secure_url\" content=\"https:\/\/www.teatrulreginamaria.ro\/wp-content\/uploads\/2025\/03\/trm-istoric-01.jpg\" \/>\n\t\t<meta property=\"og:image:width\" content=\"1200\" \/>\n\t\t<meta property=\"og:image:height\" content=\"800\" \/>\n\t\t<meta property=\"article:published_time\" content=\"2019-05-14T12:11:50+00:00\" \/>\n\t\t<meta property=\"article:modified_time\" content=\"2019-05-14T12:11:50+00:00\" \/>\n\t\t<meta property=\"article:publisher\" content=\"https:\/\/www.facebook.com\/TRMTrupaIosifVulcan\/\" \/>\n\t\t<meta name=\"twitter:card\" content=\"summary_large_image\" \/>\n\t\t<meta name=\"twitter:site\" content=\"@TRMOradea\" \/>\n\t\t<meta name=\"twitter:title\" content=\"AVALAN\u0218A: 14 mai 2019 \u2013 Raluca Medeleanu (specialarad.ro) - Teatrul Regina Maria Oradea\" \/>\n\t\t<meta name=\"twitter:description\" content=\"Scris de: Raluca MedeleanuPreluat de pe: www.specialarad.ro Straiele care le-au fost \u00eenm\u00e2nate publicului \u2013 boto\u0219ei \u0219i halate albe \u2013 ne-a prevestit automat una dintre principalele teme ale spectacolului: na\u0219terea, dar \u0219i ideea de mediu steril, \u00eenchis, \u00een care omul este ceva str\u0103in, un intrus, a c\u0103rei prezen\u021b\u0103 parc\u0103 nici nu conteaz\u0103, nu \u00ee\u0219i are locul.\" \/>\n\t\t<meta name=\"twitter:creator\" content=\"@TRMOradea\" \/>\n\t\t<meta name=\"twitter:image\" content=\"https:\/\/www.teatrulreginamaria.ro\/wp-content\/uploads\/2025\/03\/trm-istoric-01.jpg\" \/>\n\t\t<script type=\"application\/ld+json\" class=\"aioseo-schema\">\n\t\t\t{\"@context\":\"https:\\\/\\\/schema.org\",\"@graph\":[{\"@type\":\"BlogPosting\",\"@id\":\"https:\\\/\\\/www.teatrulreginamaria.ro\\\/en\\\/avalansa-sau-frica-ce-ti-ingheata-ratiunea-un-spectacol-exceptional-la-festivalul-de-teatru-nou-14-mai-2019-raluca-medeleanu-specialarad-ro\\\/#blogposting\",\"name\":\"AVALAN\\u0218A: 14 mai 2019 \\u2013 Raluca Medeleanu (specialarad.ro) - Teatrul Regina Maria Oradea\",\"headline\":\"AVALAN\\u0218A: 14 mai 2019 \\u2013 Raluca Medeleanu (specialarad.ro)\",\"author\":{\"@id\":\"https:\\\/\\\/www.teatrulreginamaria.ro\\\/en\\\/author\\\/w3bmaster\\\/#author\"},\"publisher\":{\"@id\":\"https:\\\/\\\/www.teatrulreginamaria.ro\\\/en\\\/#organization\"},\"image\":{\"@type\":\"ImageObject\",\"url\":\"https:\\\/\\\/www.teatrulreginamaria.ro\\\/wp-content\\\/uploads\\\/2025\\\/06\\\/logo-trm-01-dark.png\",\"@id\":\"https:\\\/\\\/www.teatrulreginamaria.ro\\\/en\\\/#articleImage\",\"width\":300,\"height\":148},\"datePublished\":\"2019-05-14T12:11:50+03:00\",\"dateModified\":\"2019-05-14T12:11:50+03:00\",\"inLanguage\":\"en-GB\",\"mainEntityOfPage\":{\"@id\":\"https:\\\/\\\/www.teatrulreginamaria.ro\\\/en\\\/avalansa-sau-frica-ce-ti-ingheata-ratiunea-un-spectacol-exceptional-la-festivalul-de-teatru-nou-14-mai-2019-raluca-medeleanu-specialarad-ro\\\/#webpage\"},\"isPartOf\":{\"@id\":\"https:\\\/\\\/www.teatrulreginamaria.ro\\\/en\\\/avalansa-sau-frica-ce-ti-ingheata-ratiunea-un-spectacol-exceptional-la-festivalul-de-teatru-nou-14-mai-2019-raluca-medeleanu-specialarad-ro\\\/#webpage\"},\"articleSection\":\"Apari\\u021bii media\"},{\"@type\":\"BreadcrumbList\",\"@id\":\"https:\\\/\\\/www.teatrulreginamaria.ro\\\/en\\\/avalansa-sau-frica-ce-ti-ingheata-ratiunea-un-spectacol-exceptional-la-festivalul-de-teatru-nou-14-mai-2019-raluca-medeleanu-specialarad-ro\\\/#breadcrumblist\",\"itemListElement\":[{\"@type\":\"ListItem\",\"@id\":\"https:\\\/\\\/www.teatrulreginamaria.ro\\\/en#listItem\",\"position\":1,\"name\":\"Home\",\"item\":\"https:\\\/\\\/www.teatrulreginamaria.ro\\\/en\",\"nextItem\":{\"@type\":\"ListItem\",\"@id\":\"https:\\\/\\\/www.teatrulreginamaria.ro\\\/en\\\/categorie\\\/aparitii-media\\\/#listItem\",\"name\":\"Apari\\u021bii media\"}},{\"@type\":\"ListItem\",\"@id\":\"https:\\\/\\\/www.teatrulreginamaria.ro\\\/en\\\/categorie\\\/aparitii-media\\\/#listItem\",\"position\":2,\"name\":\"Apari\\u021bii media\",\"item\":\"https:\\\/\\\/www.teatrulreginamaria.ro\\\/en\\\/categorie\\\/aparitii-media\\\/\",\"nextItem\":{\"@type\":\"ListItem\",\"@id\":\"https:\\\/\\\/www.teatrulreginamaria.ro\\\/en\\\/avalansa-sau-frica-ce-ti-ingheata-ratiunea-un-spectacol-exceptional-la-festivalul-de-teatru-nou-14-mai-2019-raluca-medeleanu-specialarad-ro\\\/#listItem\",\"name\":\"AVALAN\\u0218A: 14 mai 2019 \\u2013 Raluca Medeleanu (specialarad.ro)\"},\"previousItem\":{\"@type\":\"ListItem\",\"@id\":\"https:\\\/\\\/www.teatrulreginamaria.ro\\\/en#listItem\",\"name\":\"Home\"}},{\"@type\":\"ListItem\",\"@id\":\"https:\\\/\\\/www.teatrulreginamaria.ro\\\/en\\\/avalansa-sau-frica-ce-ti-ingheata-ratiunea-un-spectacol-exceptional-la-festivalul-de-teatru-nou-14-mai-2019-raluca-medeleanu-specialarad-ro\\\/#listItem\",\"position\":3,\"name\":\"AVALAN\\u0218A: 14 mai 2019 \\u2013 Raluca Medeleanu (specialarad.ro)\",\"previousItem\":{\"@type\":\"ListItem\",\"@id\":\"https:\\\/\\\/www.teatrulreginamaria.ro\\\/en\\\/categorie\\\/aparitii-media\\\/#listItem\",\"name\":\"Apari\\u021bii media\"}}]},{\"@type\":\"Organization\",\"@id\":\"https:\\\/\\\/www.teatrulreginamaria.ro\\\/en\\\/#organization\",\"name\":\"Teatrul Regina Maria Oradea\",\"description\":\"Trupa Iosif Vulcan \\u0219i Trupa Arcadia\",\"url\":\"https:\\\/\\\/www.teatrulreginamaria.ro\\\/en\\\/\",\"email\":\"marketing@teatrulreginamaria.ro\",\"telephone\":\"+40359411534\",\"numberOfEmployees\":{\"@type\":\"QuantitativeValue\",\"minValue\":0,\"maxValue\":150},\"logo\":{\"@type\":\"ImageObject\",\"url\":\"https:\\\/\\\/www.teatrulreginamaria.ro\\\/wp-content\\\/uploads\\\/2025\\\/06\\\/logo-trm-01-dark.png\",\"@id\":\"https:\\\/\\\/www.teatrulreginamaria.ro\\\/en\\\/avalansa-sau-frica-ce-ti-ingheata-ratiunea-un-spectacol-exceptional-la-festivalul-de-teatru-nou-14-mai-2019-raluca-medeleanu-specialarad-ro\\\/#organizationLogo\",\"width\":300,\"height\":148},\"image\":{\"@id\":\"https:\\\/\\\/www.teatrulreginamaria.ro\\\/en\\\/avalansa-sau-frica-ce-ti-ingheata-ratiunea-un-spectacol-exceptional-la-festivalul-de-teatru-nou-14-mai-2019-raluca-medeleanu-specialarad-ro\\\/#organizationLogo\"},\"sameAs\":[\"https:\\\/\\\/www.facebook.com\\\/TRMTrupaIosifVulcan\\\/\",\"https:\\\/\\\/x.com\\\/TRMOradea\",\"https:\\\/\\\/www.instagram.com\\\/teatrul_regina_maria\\\/\",\"https:\\\/\\\/www.youtube.com\\\/c\\\/TeatrulReginaMariaOradea\",\"https:\\\/\\\/www.linkedin.com\\\/company\\\/teatrul-regina-maria\"]},{\"@type\":\"Person\",\"@id\":\"https:\\\/\\\/www.teatrulreginamaria.ro\\\/en\\\/author\\\/w3bmaster\\\/#author\",\"url\":\"https:\\\/\\\/www.teatrulreginamaria.ro\\\/en\\\/author\\\/w3bmaster\\\/\",\"name\":\"Teatrul Regina Maria\",\"image\":{\"@type\":\"ImageObject\",\"@id\":\"https:\\\/\\\/www.teatrulreginamaria.ro\\\/en\\\/avalansa-sau-frica-ce-ti-ingheata-ratiunea-un-spectacol-exceptional-la-festivalul-de-teatru-nou-14-mai-2019-raluca-medeleanu-specialarad-ro\\\/#authorImage\",\"url\":\"https:\\\/\\\/secure.gravatar.com\\\/avatar\\\/5884139d508ae3f0bafe45e60563b48a9640146d3b08ccc6278c305ff9329305?s=96&d=mm&r=g\",\"width\":96,\"height\":96,\"caption\":\"Teatrul Regina Maria\"}},{\"@type\":\"WebPage\",\"@id\":\"https:\\\/\\\/www.teatrulreginamaria.ro\\\/en\\\/avalansa-sau-frica-ce-ti-ingheata-ratiunea-un-spectacol-exceptional-la-festivalul-de-teatru-nou-14-mai-2019-raluca-medeleanu-specialarad-ro\\\/#webpage\",\"url\":\"https:\\\/\\\/www.teatrulreginamaria.ro\\\/en\\\/avalansa-sau-frica-ce-ti-ingheata-ratiunea-un-spectacol-exceptional-la-festivalul-de-teatru-nou-14-mai-2019-raluca-medeleanu-specialarad-ro\\\/\",\"name\":\"AVALAN\\u0218A: 14 mai 2019 \\u2013 Raluca Medeleanu (specialarad.ro) - Teatrul Regina Maria Oradea\",\"description\":\"Scris de: Raluca MedeleanuPreluat de pe: www.specialarad.ro Straiele care le-au fost \\u00eenm\\u00e2nate publicului \\u2013 boto\\u0219ei \\u0219i halate albe \\u2013 ne-a prevestit automat una dintre principalele teme ale spectacolului: na\\u0219terea, dar \\u0219i ideea de mediu steril, \\u00eenchis, \\u00een care omul este ceva str\\u0103in, un intrus, a c\\u0103rei prezen\\u021b\\u0103 parc\\u0103 nici nu conteaz\\u0103, nu \\u00ee\\u0219i are locul.\",\"inLanguage\":\"en-GB\",\"isPartOf\":{\"@id\":\"https:\\\/\\\/www.teatrulreginamaria.ro\\\/en\\\/#website\"},\"breadcrumb\":{\"@id\":\"https:\\\/\\\/www.teatrulreginamaria.ro\\\/en\\\/avalansa-sau-frica-ce-ti-ingheata-ratiunea-un-spectacol-exceptional-la-festivalul-de-teatru-nou-14-mai-2019-raluca-medeleanu-specialarad-ro\\\/#breadcrumblist\"},\"author\":{\"@id\":\"https:\\\/\\\/www.teatrulreginamaria.ro\\\/en\\\/author\\\/w3bmaster\\\/#author\"},\"creator\":{\"@id\":\"https:\\\/\\\/www.teatrulreginamaria.ro\\\/en\\\/author\\\/w3bmaster\\\/#author\"},\"datePublished\":\"2019-05-14T12:11:50+03:00\",\"dateModified\":\"2019-05-14T12:11:50+03:00\"},{\"@type\":\"WebSite\",\"@id\":\"https:\\\/\\\/www.teatrulreginamaria.ro\\\/en\\\/#website\",\"url\":\"https:\\\/\\\/www.teatrulreginamaria.ro\\\/en\\\/\",\"name\":\"Teatrul Regina Maria Oradea\",\"alternateName\":\"TRM Oradea\",\"description\":\"Trupa Iosif Vulcan \\u0219i Trupa Arcadia\",\"inLanguage\":\"en-GB\",\"publisher\":{\"@id\":\"https:\\\/\\\/www.teatrulreginamaria.ro\\\/en\\\/#organization\"}}]}\n\t\t<\/script>\n\t\t<!-- All in One SEO Pro -->\r\n\t\t<title>AVALAN\u0218A: 14 mai 2019 \u2013 Raluca Medeleanu (specialarad.ro) - Teatrul Regina Maria Oradea<\/title>\n\n","aioseo_head_json":{"title":"AVALANCHE: May 14, 2019 \u2013 Raluca Medeleanu (specialarad.ro) - Regina Maria Theatre Oradea","description":"Written by: Raluca MedeleanuTaken from: www.specialarad.ro The clothes that were handed to the audience \u2013 white boots and gowns \u2013 automatically foreshadowed one of the main themes of the show: birth, but also the idea of a sterile, closed environment, in which man is something foreign, an intruder, whose presence seems to not matter, to have no place.","canonical_url":"https:\/\/www.teatrulreginamaria.ro\/en\/avalansa-sau-frica-ce-ti-ingheata-ratiunea-un-spectacol-exceptional-la-festivalul-de-teatru-nou-14-mai-2019-raluca-medeleanu-specialarad-ro\/","robots":"max-image-preview:large","keywords":"","webmasterTools":{"miscellaneous":""},"schema":{"@context":"https:\/\/schema.org","@graph":[{"@type":"BlogPosting","@id":"https:\/\/www.teatrulreginamaria.ro\/en\/avalansa-sau-frica-ce-ti-ingheata-ratiunea-un-spectacol-exceptional-la-festivalul-de-teatru-nou-14-mai-2019-raluca-medeleanu-specialarad-ro\/#blogposting","name":"AVALAN\u0218A: 14 mai 2019 \u2013 Raluca Medeleanu (specialarad.ro) - Teatrul Regina Maria Oradea","headline":"AVALAN\u0218A: 14 mai 2019 \u2013 Raluca Medeleanu (specialarad.ro)","author":{"@id":"https:\/\/www.teatrulreginamaria.ro\/en\/author\/w3bmaster\/#author"},"publisher":{"@id":"https:\/\/www.teatrulreginamaria.ro\/en\/#organization"},"image":{"@type":"ImageObject","url":"https:\/\/www.teatrulreginamaria.ro\/wp-content\/uploads\/2025\/06\/logo-trm-01-dark.png","@id":"https:\/\/www.teatrulreginamaria.ro\/en\/#articleImage","width":300,"height":148},"datePublished":"2019-05-14T12:11:50+03:00","dateModified":"2019-05-14T12:11:50+03:00","inLanguage":"en-GB","mainEntityOfPage":{"@id":"https:\/\/www.teatrulreginamaria.ro\/en\/avalansa-sau-frica-ce-ti-ingheata-ratiunea-un-spectacol-exceptional-la-festivalul-de-teatru-nou-14-mai-2019-raluca-medeleanu-specialarad-ro\/#webpage"},"isPartOf":{"@id":"https:\/\/www.teatrulreginamaria.ro\/en\/avalansa-sau-frica-ce-ti-ingheata-ratiunea-un-spectacol-exceptional-la-festivalul-de-teatru-nou-14-mai-2019-raluca-medeleanu-specialarad-ro\/#webpage"},"articleSection":"Apari\u021bii media"},{"@type":"BreadcrumbList","@id":"https:\/\/www.teatrulreginamaria.ro\/en\/avalansa-sau-frica-ce-ti-ingheata-ratiunea-un-spectacol-exceptional-la-festivalul-de-teatru-nou-14-mai-2019-raluca-medeleanu-specialarad-ro\/#breadcrumblist","itemListElement":[{"@type":"ListItem","@id":"https:\/\/www.teatrulreginamaria.ro\/en#listItem","position":1,"name":"Home","item":"https:\/\/www.teatrulreginamaria.ro\/en","nextItem":{"@type":"ListItem","@id":"https:\/\/www.teatrulreginamaria.ro\/en\/categorie\/aparitii-media\/#listItem","name":"Apari\u021bii media"}},{"@type":"ListItem","@id":"https:\/\/www.teatrulreginamaria.ro\/en\/categorie\/aparitii-media\/#listItem","position":2,"name":"Apari\u021bii media","item":"https:\/\/www.teatrulreginamaria.ro\/en\/categorie\/aparitii-media\/","nextItem":{"@type":"ListItem","@id":"https:\/\/www.teatrulreginamaria.ro\/en\/avalansa-sau-frica-ce-ti-ingheata-ratiunea-un-spectacol-exceptional-la-festivalul-de-teatru-nou-14-mai-2019-raluca-medeleanu-specialarad-ro\/#listItem","name":"AVALAN\u0218A: 14 mai 2019 \u2013 Raluca Medeleanu (specialarad.ro)"},"previousItem":{"@type":"ListItem","@id":"https:\/\/www.teatrulreginamaria.ro\/en#listItem","name":"Home"}},{"@type":"ListItem","@id":"https:\/\/www.teatrulreginamaria.ro\/en\/avalansa-sau-frica-ce-ti-ingheata-ratiunea-un-spectacol-exceptional-la-festivalul-de-teatru-nou-14-mai-2019-raluca-medeleanu-specialarad-ro\/#listItem","position":3,"name":"AVALAN\u0218A: 14 mai 2019 \u2013 Raluca Medeleanu (specialarad.ro)","previousItem":{"@type":"ListItem","@id":"https:\/\/www.teatrulreginamaria.ro\/en\/categorie\/aparitii-media\/#listItem","name":"Apari\u021bii media"}}]},{"@type":"Organization","@id":"https:\/\/www.teatrulreginamaria.ro\/en\/#organization","name":"Teatrul Regina Maria Oradea","description":"Trupa Iosif Vulcan \u0219i Trupa Arcadia","url":"https:\/\/www.teatrulreginamaria.ro\/en\/","email":"marketing@teatrulreginamaria.ro","telephone":"+40359411534","numberOfEmployees":{"@type":"QuantitativeValue","minValue":0,"maxValue":150},"logo":{"@type":"ImageObject","url":"https:\/\/www.teatrulreginamaria.ro\/wp-content\/uploads\/2025\/06\/logo-trm-01-dark.png","@id":"https:\/\/www.teatrulreginamaria.ro\/en\/avalansa-sau-frica-ce-ti-ingheata-ratiunea-un-spectacol-exceptional-la-festivalul-de-teatru-nou-14-mai-2019-raluca-medeleanu-specialarad-ro\/#organizationLogo","width":300,"height":148},"image":{"@id":"https:\/\/www.teatrulreginamaria.ro\/en\/avalansa-sau-frica-ce-ti-ingheata-ratiunea-un-spectacol-exceptional-la-festivalul-de-teatru-nou-14-mai-2019-raluca-medeleanu-specialarad-ro\/#organizationLogo"},"sameAs":["https:\/\/www.facebook.com\/TRMTrupaIosifVulcan\/","https:\/\/x.com\/TRMOradea","https:\/\/www.instagram.com\/teatrul_regina_maria\/","https:\/\/www.youtube.com\/c\/TeatrulReginaMariaOradea","https:\/\/www.linkedin.com\/company\/teatrul-regina-maria"]},{"@type":"Person","@id":"https:\/\/www.teatrulreginamaria.ro\/en\/author\/w3bmaster\/#author","url":"https:\/\/www.teatrulreginamaria.ro\/en\/author\/w3bmaster\/","name":"Teatrul Regina Maria","image":{"@type":"ImageObject","@id":"https:\/\/www.teatrulreginamaria.ro\/en\/avalansa-sau-frica-ce-ti-ingheata-ratiunea-un-spectacol-exceptional-la-festivalul-de-teatru-nou-14-mai-2019-raluca-medeleanu-specialarad-ro\/#authorImage","url":"https:\/\/secure.gravatar.com\/avatar\/5884139d508ae3f0bafe45e60563b48a9640146d3b08ccc6278c305ff9329305?s=96&d=mm&r=g","width":96,"height":96,"caption":"Teatrul Regina Maria"}},{"@type":"WebPage","@id":"https:\/\/www.teatrulreginamaria.ro\/en\/avalansa-sau-frica-ce-ti-ingheata-ratiunea-un-spectacol-exceptional-la-festivalul-de-teatru-nou-14-mai-2019-raluca-medeleanu-specialarad-ro\/#webpage","url":"https:\/\/www.teatrulreginamaria.ro\/en\/avalansa-sau-frica-ce-ti-ingheata-ratiunea-un-spectacol-exceptional-la-festivalul-de-teatru-nou-14-mai-2019-raluca-medeleanu-specialarad-ro\/","name":"AVALAN\u0218A: 14 mai 2019 \u2013 Raluca Medeleanu (specialarad.ro) - Teatrul Regina Maria Oradea","description":"Scris de: Raluca MedeleanuPreluat de pe: www.specialarad.ro Straiele care le-au fost \u00eenm\u00e2nate publicului \u2013 boto\u0219ei \u0219i halate albe \u2013 ne-a prevestit automat una dintre principalele teme ale spectacolului: na\u0219terea, dar \u0219i ideea de mediu steril, \u00eenchis, \u00een care omul este ceva str\u0103in, un intrus, a c\u0103rei prezen\u021b\u0103 parc\u0103 nici nu conteaz\u0103, nu \u00ee\u0219i are locul.","inLanguage":"en-GB","isPartOf":{"@id":"https:\/\/www.teatrulreginamaria.ro\/en\/#website"},"breadcrumb":{"@id":"https:\/\/www.teatrulreginamaria.ro\/en\/avalansa-sau-frica-ce-ti-ingheata-ratiunea-un-spectacol-exceptional-la-festivalul-de-teatru-nou-14-mai-2019-raluca-medeleanu-specialarad-ro\/#breadcrumblist"},"author":{"@id":"https:\/\/www.teatrulreginamaria.ro\/en\/author\/w3bmaster\/#author"},"creator":{"@id":"https:\/\/www.teatrulreginamaria.ro\/en\/author\/w3bmaster\/#author"},"datePublished":"2019-05-14T12:11:50+03:00","dateModified":"2019-05-14T12:11:50+03:00"},{"@type":"WebSite","@id":"https:\/\/www.teatrulreginamaria.ro\/en\/#website","url":"https:\/\/www.teatrulreginamaria.ro\/en\/","name":"Teatrul Regina Maria Oradea","alternateName":"TRM Oradea","description":"Trupa Iosif Vulcan \u0219i Trupa Arcadia","inLanguage":"en-GB","publisher":{"@id":"https:\/\/www.teatrulreginamaria.ro\/en\/#organization"}}]},"og:locale":"en_GB","og:site_name":"Teatrul Regina Maria Oradea - Trupa Iosif Vulcan \u0219i Trupa Arcadia","og:type":"article","og:title":"AVALAN\u0218A: 14 mai 2019 \u2013 Raluca Medeleanu (specialarad.ro) - Teatrul Regina Maria Oradea","og:description":"Scris de: Raluca MedeleanuPreluat de pe: www.specialarad.ro Straiele care le-au fost \u00eenm\u00e2nate publicului \u2013 boto\u0219ei \u0219i halate albe \u2013 ne-a prevestit automat una dintre principalele teme ale spectacolului: na\u0219terea, dar \u0219i ideea de mediu steril, \u00eenchis, \u00een care omul este ceva str\u0103in, un intrus, a c\u0103rei prezen\u021b\u0103 parc\u0103 nici nu conteaz\u0103, nu \u00ee\u0219i are locul.","og:url":"https:\/\/www.teatrulreginamaria.ro\/en\/avalansa-sau-frica-ce-ti-ingheata-ratiunea-un-spectacol-exceptional-la-festivalul-de-teatru-nou-14-mai-2019-raluca-medeleanu-specialarad-ro\/","og:image":"https:\/\/www.teatrulreginamaria.ro\/wp-content\/uploads\/2025\/03\/trm-istoric-01.jpg","og:image:secure_url":"https:\/\/www.teatrulreginamaria.ro\/wp-content\/uploads\/2025\/03\/trm-istoric-01.jpg","og:image:width":1200,"og:image:height":800,"article:published_time":"2019-05-14T12:11:50+00:00","article:modified_time":"2019-05-14T12:11:50+00:00","article:publisher":"https:\/\/www.facebook.com\/TRMTrupaIosifVulcan\/","twitter:card":"summary_large_image","twitter:site":"@TRMOradea","twitter:title":"AVALAN\u0218A: 14 mai 2019 \u2013 Raluca Medeleanu (specialarad.ro) - Teatrul Regina Maria Oradea","twitter:description":"Scris de: Raluca MedeleanuPreluat de pe: www.specialarad.ro Straiele care le-au fost \u00eenm\u00e2nate publicului \u2013 boto\u0219ei \u0219i halate albe \u2013 ne-a prevestit automat una dintre principalele teme ale spectacolului: na\u0219terea, dar \u0219i ideea de mediu steril, \u00eenchis, \u00een care omul este ceva str\u0103in, un intrus, a c\u0103rei prezen\u021b\u0103 parc\u0103 nici nu conteaz\u0103, nu \u00ee\u0219i are locul.","twitter:creator":"@TRMOradea","twitter:image":"https:\/\/www.teatrulreginamaria.ro\/wp-content\/uploads\/2025\/03\/trm-istoric-01.jpg"},"aioseo_meta_data":{"post_id":"4514","title":null,"description":null,"keywords":null,"keyphrases":null,"primary_term":null,"canonical_url":null,"og_title":null,"og_description":null,"og_object_type":"default","og_image_type":"default","og_image_url":null,"og_image_width":null,"og_image_height":null,"og_image_custom_url":null,"og_image_custom_fields":null,"og_video":null,"og_custom_url":null,"og_article_section":null,"og_article_tags":null,"twitter_use_og":false,"twitter_card":"default","twitter_image_type":"default","twitter_image_url":null,"twitter_image_custom_url":null,"twitter_image_custom_fields":null,"twitter_title":null,"twitter_description":null,"schema":{"blockGraphs":[],"customGraphs":[],"default":{"data":{"Article":[],"Course":[],"Dataset":[],"FAQPage":[],"Movie":[],"Person":[],"Product":[],"ProductReview":[],"Car":[],"Recipe":[],"Service":[],"SoftwareApplication":[],"WebPage":[]},"graphName":"","isEnabled":true},"graphs":[]},"schema_type":"default","schema_type_options":null,"pillar_content":false,"robots_default":true,"robots_noindex":false,"robots_noarchive":false,"robots_nosnippet":false,"robots_nofollow":false,"robots_noimageindex":false,"robots_noodp":false,"robots_notranslate":false,"robots_max_snippet":null,"robots_max_videopreview":null,"robots_max_imagepreview":"large","priority":null,"frequency":null,"local_seo":null,"seo_analyzer_scan_date":"2026-05-13 02:21:04","breadcrumb_settings":null,"limit_modified_date":false,"reviewed_by":null,"open_ai":null,"ai":null,"created":"2025-04-09 17:42:42","updated":"2026-05-13 02:21:04","focus_keyword":null,"additional_keywords":null,"truseo_locale":null},"aioseo_breadcrumb":"<div class=\"aioseo-breadcrumbs\"><span class=\"aioseo-breadcrumb\">\n\t<a href=\"https:\/\/www.teatrulreginamaria.ro\/en\" title=\"Home\">Home<\/a>\n<\/span><span class=\"aioseo-breadcrumb-separator\">&raquo;<\/span><span class=\"aioseo-breadcrumb\">\n\t<a href=\"https:\/\/www.teatrulreginamaria.ro\/en\/categorie\/aparitii-media\/\" title=\"Apari\u021bii media\">Apari\u021bii media<\/a>\n<\/span><span class=\"aioseo-breadcrumb-separator\">&raquo;<\/span><span class=\"aioseo-breadcrumb\">\n\tAVALAN\u0218A: 14 mai 2019 \u2013 Raluca Medeleanu (specialarad.ro)\n<\/span><\/div>","aioseo_breadcrumb_json":[{"label":"Home","link":"https:\/\/www.teatrulreginamaria.ro\/en"},{"label":"Apari\u021bii media","link":"https:\/\/www.teatrulreginamaria.ro\/en\/categorie\/aparitii-media\/"},{"label":"AVALAN\u0218A: 14 mai 2019 \u2013 Raluca Medeleanu (specialarad.ro)","link":"https:\/\/www.teatrulreginamaria.ro\/en\/avalansa-sau-frica-ce-ti-ingheata-ratiunea-un-spectacol-exceptional-la-festivalul-de-teatru-nou-14-mai-2019-raluca-medeleanu-specialarad-ro\/"}],"acf":[],"_links":{"self":[{"href":"https:\/\/www.teatrulreginamaria.ro\/en\/wp-json\/wp\/v2\/posts\/4514","targetHints":{"allow":["GET"]}}],"collection":[{"href":"https:\/\/www.teatrulreginamaria.ro\/en\/wp-json\/wp\/v2\/posts"}],"about":[{"href":"https:\/\/www.teatrulreginamaria.ro\/en\/wp-json\/wp\/v2\/types\/post"}],"author":[{"embeddable":true,"href":"https:\/\/www.teatrulreginamaria.ro\/en\/wp-json\/wp\/v2\/users\/6"}],"replies":[{"embeddable":true,"href":"https:\/\/www.teatrulreginamaria.ro\/en\/wp-json\/wp\/v2\/comments?post=4514"}],"version-history":[{"count":0,"href":"https:\/\/www.teatrulreginamaria.ro\/en\/wp-json\/wp\/v2\/posts\/4514\/revisions"}],"wp:attachment":[{"href":"https:\/\/www.teatrulreginamaria.ro\/en\/wp-json\/wp\/v2\/media?parent=4514"}],"wp:term":[{"taxonomy":"category","embeddable":true,"href":"https:\/\/www.teatrulreginamaria.ro\/en\/wp-json\/wp\/v2\/categories?post=4514"},{"taxonomy":"post_tag","embeddable":true,"href":"https:\/\/www.teatrulreginamaria.ro\/en\/wp-json\/wp\/v2\/tags?post=4514"}],"curies":[{"name":"wp","href":"https:\/\/api.w.org\/{rel}","templated":true}]}}