{"id":4541,"date":"2020-06-22T05:34:20","date_gmt":"2020-06-22T05:34:20","guid":{"rendered":"https:\/\/teatrulreginamaria.ro\/2020\/06\/22\/programul-lunii-iulie-trupa-iosif-vulcan\/"},"modified":"2020-06-22T05:34:20","modified_gmt":"2020-06-22T05:34:20","slug":"july-program-of-the-iosif-vulcan-band","status":"publish","type":"post","link":"https:\/\/www.teatrulreginamaria.ro\/en\/programul-lunii-iulie-trupa-iosif-vulcan\/","title":{"rendered":"July program \u2013 Iosif Vulcan Band"},"content":{"rendered":"<p style=\"text-align: justify;\">The Regina Maria Theater has prepared a true theatrical feast for the people of Oradea this month as well.<\/p>\n<p style=\"text-align: justify;\">The first show in July is <strong>&quot;Christians&quot;<\/strong> which will take place <strong>Friday, July 3 from 8:30 PM<\/strong> on the mobile stage located in the Oradea Citadel. On the same day, from 7:00 PM, the spectators who were present at the performance on June 14, which we had to interrupt due to the weather, are expected. The show is not recommended for people under 14 years old!<\/p>\n<p> <strong>Saturday, July 4, from 7:00 PM,<\/strong> will take place <strong>online premiere of the show &quot;The Snake in the Grass&quot; <\/strong>by Alan Ayckbourn, directed by Sebastian Lupu, a dramatic, electrifying and suspenseful thriller about murder, blackmail and powerful, haunting images. The second performance will also be online, <strong>on July 26, from 7:00 p.m.<\/strong>. Tickets can only be purchased online, and the filming will be broadcast on the Regina Maria Theatre&#039;s YouTube channel. Spectators will receive the link to the filming of the show by e-mail, half an hour before the broadcast begins. <\/p>\n<p> <strong>Thursday, July 9, from 8:00 PM, Oradea Citadel<\/strong> It transforms into a small Italian town whose inhabitants give love without limits. <strong>Lovers from Ancona <\/strong>they have adapted to the times, so you will be surprised at how things have changed since you last saw them. <\/p>\n<p> Even though the impenetrable layer of clouds still persists, it&#039;s still summer and we miss a concert. Thus, <strong>Wednesday, July 15, from 8:00 PM<\/strong>, also in <strong>Oradea Fortress<\/strong>, we invite you to the show <strong>&quot;Leonce and Lena&quot; \u2013 CONCERT<\/strong>The most likeable hippies will take to the mobile stage, eager to brighten the sky and the hearts of those present with a repertoire of songs composed by Ada Milea. <\/p>\n<p> <strong>Sunday, July 19, from 8:00 PM<\/strong>, the show <strong>&quot;Hamlet&#039;s Trap&quot;<\/strong>, by Nedialko Yordanov, directed by Petru Vutc\u0103r\u0103u, will offer us some images from the lives of the artists at Prince Hamlet&#039;s court, and <strong>Thursday, July 23<\/strong>, from the same time, amateur soprano Florence Foster Jenkins will also perform on the mobile stage in the Oradea Citadel, <strong>&quot;In full glory!&quot;<\/strong>, as the viewing public has become accustomed to. <\/p>\n<p> The month of July ends with a performance of the beloved show <strong>&quot;Enigmatic Variations&quot;<\/strong>, which stars Sebastian Lupu and Petre Ghimb\u0103\u0219an, which will take place <strong>on the 30th, from 8:30 PM, at the Oradea Citadel<\/strong>.<\/p>\n<p> Due to the fact that the performances take place outdoors, we are subject to weather conditions and may have to interrupt or reschedule performances. Thus, the Regina Maria Theater reserves the right to make changes to the program!<\/p>\n<p> To ensure we are prepared for possible weather surprises, please come prepared with umbrellas and capes. <\/p>\n<p> Tickets can be purchased both online (<a href=\"http:\/\/www.bilete.ro\">www.bilete.ro<\/a>), as well as on site starting one hour before the show.<\/p>\n<p> For information about rescheduling shows, ticket validity or refunds, please contact our colleagues from the organization (between 9:00-16:30, Monday to Friday, and on Saturday and Sunday between 10:00-13:00):<\/p>\n<p> \u2022 Bianca Seg\u0103rceanu: 0752.165.001 (Arcadia Band)<br \/> \u2022 Virginia Oan\u021bo: 0753.404.257 (Iosif Vulcan Band)<\/p>\n<p style=\"text-align: justify;\">We look forward to seeing you at the shows!<\/p>","protected":false},"excerpt":{"rendered":"<p>Teatrul Regina Maria a preg\u0103tit \u015fi luna aceasta un adev\u0103rat festin teatral pentru or\u0103deni. Primul spectacol din luna iulie este \u201eCre\u0219tini\u201d care va avea loc vineri, 3 iulie de la ora 20:30 pe scena mobil\u0103 amplasat\u0103 \u00een Cetatea Oradea. \u00cen aceea\u0219i zi, de la ora 19:00, sunt a\u0219tepta\u021bi spectatorii care au fost prezen\u021bi la reprezenta\u021bia [&hellip;]<\/p>\n","protected":false},"author":6,"featured_media":0,"comment_status":"open","ping_status":"open","sticky":false,"template":"","format":"standard","meta":{"_acf_changed":false,"footnotes":""},"categories":[22],"tags":[],"class_list":["post-4541","post","type-post","status-publish","format-standard","hentry","category-noutati-trupa-iosif-vulcan"],"aioseo_notices":[],"aioseo_head":"\n\t\t<!-- All in One SEO Pro 5.0.1.1 - aioseo.com -->\n\t<meta name=\"description\" content=\"Teatrul Regina Maria a preg\u0103tit \u015fi luna aceasta un adev\u0103rat festin teatral pentru or\u0103deni. Primul spectacol din luna iulie este \u201eCre\u0219tini\u201d care va avea loc vineri, 3 iulie de la ora 20:30 pe scena mobil\u0103 amplasat\u0103 \u00een Cetatea Oradea. \u00cen aceea\u0219i zi, de la ora 19:00, sunt a\u0219tepta\u021bi spectatorii care au fost prezen\u021bi la reprezenta\u021bia\" \/>\n\t<meta name=\"robots\" content=\"max-image-preview:large\" \/>\n\t<meta name=\"author\" content=\"Teatrul Regina Maria\"\/>\n\t<link rel=\"canonical\" href=\"https:\/\/www.teatrulreginamaria.ro\/en\/programul-lunii-iulie-trupa-iosif-vulcan\/\" \/>\n\t<meta name=\"generator\" content=\"All in One SEO Pro (AIOSEO) 5.0.1.1\" \/>\n\t\t<meta property=\"og:locale\" content=\"en_GB\" \/>\n\t\t<meta property=\"og:site_name\" content=\"Teatrul Regina Maria Oradea - Trupa Iosif Vulcan \u0219i Trupa Arcadia\" \/>\n\t\t<meta property=\"og:type\" content=\"article\" \/>\n\t\t<meta property=\"og:title\" content=\"Programul lunii iulie \u2013 Trupa Iosif Vulcan - Teatrul Regina Maria Oradea\" \/>\n\t\t<meta property=\"og:description\" content=\"Teatrul Regina Maria a preg\u0103tit \u015fi luna aceasta un adev\u0103rat festin teatral pentru or\u0103deni. Primul spectacol din luna iulie este \u201eCre\u0219tini\u201d care va avea loc vineri, 3 iulie de la ora 20:30 pe scena mobil\u0103 amplasat\u0103 \u00een Cetatea Oradea. \u00cen aceea\u0219i zi, de la ora 19:00, sunt a\u0219tepta\u021bi spectatorii care au fost prezen\u021bi la reprezenta\u021bia\" \/>\n\t\t<meta property=\"og:url\" content=\"https:\/\/www.teatrulreginamaria.ro\/en\/programul-lunii-iulie-trupa-iosif-vulcan\/\" \/>\n\t\t<meta property=\"og:image\" content=\"https:\/\/www.teatrulreginamaria.ro\/wp-content\/uploads\/2025\/03\/trm-istoric-01.jpg\" \/>\n\t\t<meta property=\"og:image:secure_url\" content=\"https:\/\/www.teatrulreginamaria.ro\/wp-content\/uploads\/2025\/03\/trm-istoric-01.jpg\" \/>\n\t\t<meta property=\"og:image:width\" content=\"1200\" \/>\n\t\t<meta property=\"og:image:height\" content=\"800\" \/>\n\t\t<meta property=\"article:published_time\" content=\"2020-06-22T05:34:20+00:00\" \/>\n\t\t<meta property=\"article:modified_time\" content=\"2020-06-22T05:34:20+00:00\" \/>\n\t\t<meta property=\"article:publisher\" content=\"https:\/\/www.facebook.com\/TRMTrupaIosifVulcan\/\" \/>\n\t\t<meta name=\"twitter:card\" content=\"summary_large_image\" \/>\n\t\t<meta name=\"twitter:site\" content=\"@TRMOradea\" \/>\n\t\t<meta name=\"twitter:title\" content=\"Programul lunii iulie \u2013 Trupa Iosif Vulcan - Teatrul Regina Maria Oradea\" \/>\n\t\t<meta name=\"twitter:description\" content=\"Teatrul Regina Maria a preg\u0103tit \u015fi luna aceasta un adev\u0103rat festin teatral pentru or\u0103deni. Primul spectacol din luna iulie este \u201eCre\u0219tini\u201d care va avea loc vineri, 3 iulie de la ora 20:30 pe scena mobil\u0103 amplasat\u0103 \u00een Cetatea Oradea. \u00cen aceea\u0219i zi, de la ora 19:00, sunt a\u0219tepta\u021bi spectatorii care au fost prezen\u021bi la reprezenta\u021bia\" \/>\n\t\t<meta name=\"twitter:creator\" content=\"@TRMOradea\" \/>\n\t\t<meta name=\"twitter:image\" content=\"https:\/\/www.teatrulreginamaria.ro\/wp-content\/uploads\/2025\/03\/trm-istoric-01.jpg\" \/>\n\t\t<script type=\"application\/ld+json\" class=\"aioseo-schema\">\n\t\t\t{\"@context\":\"https:\\\/\\\/schema.org\",\"@graph\":[{\"@type\":\"BlogPosting\",\"@id\":\"https:\\\/\\\/www.teatrulreginamaria.ro\\\/en\\\/programul-lunii-iulie-trupa-iosif-vulcan\\\/#blogposting\",\"name\":\"Programul lunii iulie \\u2013 Trupa Iosif Vulcan - Teatrul Regina Maria Oradea\",\"headline\":\"Programul lunii iulie &#8211; Trupa Iosif Vulcan\",\"author\":{\"@id\":\"https:\\\/\\\/www.teatrulreginamaria.ro\\\/en\\\/author\\\/w3bmaster\\\/#author\"},\"publisher\":{\"@id\":\"https:\\\/\\\/www.teatrulreginamaria.ro\\\/en\\\/#organization\"},\"image\":{\"@type\":\"ImageObject\",\"url\":\"https:\\\/\\\/www.teatrulreginamaria.ro\\\/wp-content\\\/uploads\\\/2025\\\/06\\\/logo-trm-01-dark.png\",\"@id\":\"https:\\\/\\\/www.teatrulreginamaria.ro\\\/en\\\/#articleImage\",\"width\":300,\"height\":148},\"datePublished\":\"2020-06-22T05:34:20+03:00\",\"dateModified\":\"2020-06-22T05:34:20+03:00\",\"inLanguage\":\"en-GB\",\"mainEntityOfPage\":{\"@id\":\"https:\\\/\\\/www.teatrulreginamaria.ro\\\/en\\\/programul-lunii-iulie-trupa-iosif-vulcan\\\/#webpage\"},\"isPartOf\":{\"@id\":\"https:\\\/\\\/www.teatrulreginamaria.ro\\\/en\\\/programul-lunii-iulie-trupa-iosif-vulcan\\\/#webpage\"},\"articleSection\":\"Nout\\u0103\\u021bi - Trupa Iosif Vulcan\"},{\"@type\":\"BreadcrumbList\",\"@id\":\"https:\\\/\\\/www.teatrulreginamaria.ro\\\/en\\\/programul-lunii-iulie-trupa-iosif-vulcan\\\/#breadcrumblist\",\"itemListElement\":[{\"@type\":\"ListItem\",\"@id\":\"https:\\\/\\\/www.teatrulreginamaria.ro\\\/en#listItem\",\"position\":1,\"name\":\"Home\",\"item\":\"https:\\\/\\\/www.teatrulreginamaria.ro\\\/en\",\"nextItem\":{\"@type\":\"ListItem\",\"@id\":\"https:\\\/\\\/www.teatrulreginamaria.ro\\\/en\\\/categorie\\\/noutati\\\/#listItem\",\"name\":\"Nout\\u0103\\u021bi\"}},{\"@type\":\"ListItem\",\"@id\":\"https:\\\/\\\/www.teatrulreginamaria.ro\\\/en\\\/categorie\\\/noutati\\\/#listItem\",\"position\":2,\"name\":\"Nout\\u0103\\u021bi\",\"item\":\"https:\\\/\\\/www.teatrulreginamaria.ro\\\/en\\\/categorie\\\/noutati\\\/\",\"nextItem\":{\"@type\":\"ListItem\",\"@id\":\"https:\\\/\\\/www.teatrulreginamaria.ro\\\/en\\\/categorie\\\/noutati\\\/noutati-trupa-iosif-vulcan\\\/#listItem\",\"name\":\"Nout\\u0103\\u021bi - Trupa Iosif Vulcan\"},\"previousItem\":{\"@type\":\"ListItem\",\"@id\":\"https:\\\/\\\/www.teatrulreginamaria.ro\\\/en#listItem\",\"name\":\"Home\"}},{\"@type\":\"ListItem\",\"@id\":\"https:\\\/\\\/www.teatrulreginamaria.ro\\\/en\\\/categorie\\\/noutati\\\/noutati-trupa-iosif-vulcan\\\/#listItem\",\"position\":3,\"name\":\"Nout\\u0103\\u021bi - Trupa Iosif Vulcan\",\"item\":\"https:\\\/\\\/www.teatrulreginamaria.ro\\\/en\\\/categorie\\\/noutati\\\/noutati-trupa-iosif-vulcan\\\/\",\"nextItem\":{\"@type\":\"ListItem\",\"@id\":\"https:\\\/\\\/www.teatrulreginamaria.ro\\\/en\\\/programul-lunii-iulie-trupa-iosif-vulcan\\\/#listItem\",\"name\":\"Programul lunii iulie &#8211; Trupa Iosif Vulcan\"},\"previousItem\":{\"@type\":\"ListItem\",\"@id\":\"https:\\\/\\\/www.teatrulreginamaria.ro\\\/en\\\/categorie\\\/noutati\\\/#listItem\",\"name\":\"Nout\\u0103\\u021bi\"}},{\"@type\":\"ListItem\",\"@id\":\"https:\\\/\\\/www.teatrulreginamaria.ro\\\/en\\\/programul-lunii-iulie-trupa-iosif-vulcan\\\/#listItem\",\"position\":4,\"name\":\"Programul lunii iulie &#8211; Trupa Iosif Vulcan\",\"previousItem\":{\"@type\":\"ListItem\",\"@id\":\"https:\\\/\\\/www.teatrulreginamaria.ro\\\/en\\\/categorie\\\/noutati\\\/noutati-trupa-iosif-vulcan\\\/#listItem\",\"name\":\"Nout\\u0103\\u021bi - Trupa Iosif Vulcan\"}}]},{\"@type\":\"Organization\",\"@id\":\"https:\\\/\\\/www.teatrulreginamaria.ro\\\/en\\\/#organization\",\"name\":\"Teatrul Regina Maria Oradea\",\"description\":\"Trupa Iosif Vulcan \\u0219i Trupa Arcadia\",\"url\":\"https:\\\/\\\/www.teatrulreginamaria.ro\\\/en\\\/\",\"email\":\"marketing@teatrulreginamaria.ro\",\"telephone\":\"+40359411534\",\"numberOfEmployees\":{\"@type\":\"QuantitativeValue\",\"minValue\":0,\"maxValue\":150},\"logo\":{\"@type\":\"ImageObject\",\"url\":\"https:\\\/\\\/www.teatrulreginamaria.ro\\\/wp-content\\\/uploads\\\/2025\\\/06\\\/logo-trm-01-dark.png\",\"@id\":\"https:\\\/\\\/www.teatrulreginamaria.ro\\\/en\\\/programul-lunii-iulie-trupa-iosif-vulcan\\\/#organizationLogo\",\"width\":300,\"height\":148},\"image\":{\"@id\":\"https:\\\/\\\/www.teatrulreginamaria.ro\\\/en\\\/programul-lunii-iulie-trupa-iosif-vulcan\\\/#organizationLogo\"},\"sameAs\":[\"https:\\\/\\\/www.facebook.com\\\/TRMTrupaIosifVulcan\\\/\",\"https:\\\/\\\/x.com\\\/TRMOradea\",\"https:\\\/\\\/www.instagram.com\\\/teatrul_regina_maria\\\/\",\"https:\\\/\\\/www.youtube.com\\\/c\\\/TeatrulReginaMariaOradea\",\"https:\\\/\\\/www.linkedin.com\\\/company\\\/teatrul-regina-maria\"]},{\"@type\":\"Person\",\"@id\":\"https:\\\/\\\/www.teatrulreginamaria.ro\\\/en\\\/author\\\/w3bmaster\\\/#author\",\"url\":\"https:\\\/\\\/www.teatrulreginamaria.ro\\\/en\\\/author\\\/w3bmaster\\\/\",\"name\":\"Teatrul Regina Maria\",\"image\":{\"@type\":\"ImageObject\",\"@id\":\"https:\\\/\\\/www.teatrulreginamaria.ro\\\/en\\\/programul-lunii-iulie-trupa-iosif-vulcan\\\/#authorImage\",\"url\":\"https:\\\/\\\/secure.gravatar.com\\\/avatar\\\/5884139d508ae3f0bafe45e60563b48a9640146d3b08ccc6278c305ff9329305?s=96&d=mm&r=g\",\"width\":96,\"height\":96,\"caption\":\"Teatrul Regina Maria\"}},{\"@type\":\"WebPage\",\"@id\":\"https:\\\/\\\/www.teatrulreginamaria.ro\\\/en\\\/programul-lunii-iulie-trupa-iosif-vulcan\\\/#webpage\",\"url\":\"https:\\\/\\\/www.teatrulreginamaria.ro\\\/en\\\/programul-lunii-iulie-trupa-iosif-vulcan\\\/\",\"name\":\"Programul lunii iulie \\u2013 Trupa Iosif Vulcan - Teatrul Regina Maria Oradea\",\"description\":\"Teatrul Regina Maria a preg\\u0103tit \\u015fi luna aceasta un adev\\u0103rat festin teatral pentru or\\u0103deni. Primul spectacol din luna iulie este \\u201eCre\\u0219tini\\u201d care va avea loc vineri, 3 iulie de la ora 20:30 pe scena mobil\\u0103 amplasat\\u0103 \\u00een Cetatea Oradea. \\u00cen aceea\\u0219i zi, de la ora 19:00, sunt a\\u0219tepta\\u021bi spectatorii care au fost prezen\\u021bi la reprezenta\\u021bia\",\"inLanguage\":\"en-GB\",\"isPartOf\":{\"@id\":\"https:\\\/\\\/www.teatrulreginamaria.ro\\\/en\\\/#website\"},\"breadcrumb\":{\"@id\":\"https:\\\/\\\/www.teatrulreginamaria.ro\\\/en\\\/programul-lunii-iulie-trupa-iosif-vulcan\\\/#breadcrumblist\"},\"author\":{\"@id\":\"https:\\\/\\\/www.teatrulreginamaria.ro\\\/en\\\/author\\\/w3bmaster\\\/#author\"},\"creator\":{\"@id\":\"https:\\\/\\\/www.teatrulreginamaria.ro\\\/en\\\/author\\\/w3bmaster\\\/#author\"},\"datePublished\":\"2020-06-22T05:34:20+03:00\",\"dateModified\":\"2020-06-22T05:34:20+03:00\"},{\"@type\":\"WebSite\",\"@id\":\"https:\\\/\\\/www.teatrulreginamaria.ro\\\/en\\\/#website\",\"url\":\"https:\\\/\\\/www.teatrulreginamaria.ro\\\/en\\\/\",\"name\":\"Teatrul Regina Maria Oradea\",\"alternateName\":\"TRM Oradea\",\"description\":\"Trupa Iosif Vulcan \\u0219i Trupa Arcadia\",\"inLanguage\":\"en-GB\",\"publisher\":{\"@id\":\"https:\\\/\\\/www.teatrulreginamaria.ro\\\/en\\\/#organization\"}}]}\n\t\t<\/script>\n\t\t<!-- All in One SEO Pro -->\r\n\t\t<title>Programul lunii iulie \u2013 Trupa Iosif Vulcan - Teatrul Regina Maria Oradea<\/title>\n\n","aioseo_head_json":{"title":"July program \u2013 Iosif Vulcan Troupe - Regina Maria Theater Oradea","description":"The Regina Maria Theater has prepared a real theatrical feast for the people of Oradea this month as well. The first show of July is &quot;Christians&quot; which will take place on Friday, July 3rd at 8:30 PM on the mobile stage located in the Oradea Citadel. On the same day, from 7:00 PM, the spectators who were present at the performance are expected","canonical_url":"https:\/\/www.teatrulreginamaria.ro\/en\/programul-lunii-iulie-trupa-iosif-vulcan\/","robots":"max-image-preview:large","keywords":"","webmasterTools":{"miscellaneous":""},"schema":{"@context":"https:\/\/schema.org","@graph":[{"@type":"BlogPosting","@id":"https:\/\/www.teatrulreginamaria.ro\/en\/programul-lunii-iulie-trupa-iosif-vulcan\/#blogposting","name":"Programul lunii iulie \u2013 Trupa Iosif Vulcan - Teatrul Regina Maria Oradea","headline":"Programul lunii iulie &#8211; Trupa Iosif Vulcan","author":{"@id":"https:\/\/www.teatrulreginamaria.ro\/en\/author\/w3bmaster\/#author"},"publisher":{"@id":"https:\/\/www.teatrulreginamaria.ro\/en\/#organization"},"image":{"@type":"ImageObject","url":"https:\/\/www.teatrulreginamaria.ro\/wp-content\/uploads\/2025\/06\/logo-trm-01-dark.png","@id":"https:\/\/www.teatrulreginamaria.ro\/en\/#articleImage","width":300,"height":148},"datePublished":"2020-06-22T05:34:20+03:00","dateModified":"2020-06-22T05:34:20+03:00","inLanguage":"en-GB","mainEntityOfPage":{"@id":"https:\/\/www.teatrulreginamaria.ro\/en\/programul-lunii-iulie-trupa-iosif-vulcan\/#webpage"},"isPartOf":{"@id":"https:\/\/www.teatrulreginamaria.ro\/en\/programul-lunii-iulie-trupa-iosif-vulcan\/#webpage"},"articleSection":"Nout\u0103\u021bi - Trupa Iosif Vulcan"},{"@type":"BreadcrumbList","@id":"https:\/\/www.teatrulreginamaria.ro\/en\/programul-lunii-iulie-trupa-iosif-vulcan\/#breadcrumblist","itemListElement":[{"@type":"ListItem","@id":"https:\/\/www.teatrulreginamaria.ro\/en#listItem","position":1,"name":"Home","item":"https:\/\/www.teatrulreginamaria.ro\/en","nextItem":{"@type":"ListItem","@id":"https:\/\/www.teatrulreginamaria.ro\/en\/categorie\/noutati\/#listItem","name":"Nout\u0103\u021bi"}},{"@type":"ListItem","@id":"https:\/\/www.teatrulreginamaria.ro\/en\/categorie\/noutati\/#listItem","position":2,"name":"Nout\u0103\u021bi","item":"https:\/\/www.teatrulreginamaria.ro\/en\/categorie\/noutati\/","nextItem":{"@type":"ListItem","@id":"https:\/\/www.teatrulreginamaria.ro\/en\/categorie\/noutati\/noutati-trupa-iosif-vulcan\/#listItem","name":"Nout\u0103\u021bi - Trupa Iosif Vulcan"},"previousItem":{"@type":"ListItem","@id":"https:\/\/www.teatrulreginamaria.ro\/en#listItem","name":"Home"}},{"@type":"ListItem","@id":"https:\/\/www.teatrulreginamaria.ro\/en\/categorie\/noutati\/noutati-trupa-iosif-vulcan\/#listItem","position":3,"name":"Nout\u0103\u021bi - Trupa Iosif Vulcan","item":"https:\/\/www.teatrulreginamaria.ro\/en\/categorie\/noutati\/noutati-trupa-iosif-vulcan\/","nextItem":{"@type":"ListItem","@id":"https:\/\/www.teatrulreginamaria.ro\/en\/programul-lunii-iulie-trupa-iosif-vulcan\/#listItem","name":"Programul lunii iulie &#8211; Trupa Iosif Vulcan"},"previousItem":{"@type":"ListItem","@id":"https:\/\/www.teatrulreginamaria.ro\/en\/categorie\/noutati\/#listItem","name":"Nout\u0103\u021bi"}},{"@type":"ListItem","@id":"https:\/\/www.teatrulreginamaria.ro\/en\/programul-lunii-iulie-trupa-iosif-vulcan\/#listItem","position":4,"name":"Programul lunii iulie &#8211; Trupa Iosif Vulcan","previousItem":{"@type":"ListItem","@id":"https:\/\/www.teatrulreginamaria.ro\/en\/categorie\/noutati\/noutati-trupa-iosif-vulcan\/#listItem","name":"Nout\u0103\u021bi - Trupa Iosif Vulcan"}}]},{"@type":"Organization","@id":"https:\/\/www.teatrulreginamaria.ro\/en\/#organization","name":"Teatrul Regina Maria Oradea","description":"Trupa Iosif Vulcan \u0219i Trupa Arcadia","url":"https:\/\/www.teatrulreginamaria.ro\/en\/","email":"marketing@teatrulreginamaria.ro","telephone":"+40359411534","numberOfEmployees":{"@type":"QuantitativeValue","minValue":0,"maxValue":150},"logo":{"@type":"ImageObject","url":"https:\/\/www.teatrulreginamaria.ro\/wp-content\/uploads\/2025\/06\/logo-trm-01-dark.png","@id":"https:\/\/www.teatrulreginamaria.ro\/en\/programul-lunii-iulie-trupa-iosif-vulcan\/#organizationLogo","width":300,"height":148},"image":{"@id":"https:\/\/www.teatrulreginamaria.ro\/en\/programul-lunii-iulie-trupa-iosif-vulcan\/#organizationLogo"},"sameAs":["https:\/\/www.facebook.com\/TRMTrupaIosifVulcan\/","https:\/\/x.com\/TRMOradea","https:\/\/www.instagram.com\/teatrul_regina_maria\/","https:\/\/www.youtube.com\/c\/TeatrulReginaMariaOradea","https:\/\/www.linkedin.com\/company\/teatrul-regina-maria"]},{"@type":"Person","@id":"https:\/\/www.teatrulreginamaria.ro\/en\/author\/w3bmaster\/#author","url":"https:\/\/www.teatrulreginamaria.ro\/en\/author\/w3bmaster\/","name":"Teatrul Regina Maria","image":{"@type":"ImageObject","@id":"https:\/\/www.teatrulreginamaria.ro\/en\/programul-lunii-iulie-trupa-iosif-vulcan\/#authorImage","url":"https:\/\/secure.gravatar.com\/avatar\/5884139d508ae3f0bafe45e60563b48a9640146d3b08ccc6278c305ff9329305?s=96&d=mm&r=g","width":96,"height":96,"caption":"Teatrul Regina Maria"}},{"@type":"WebPage","@id":"https:\/\/www.teatrulreginamaria.ro\/en\/programul-lunii-iulie-trupa-iosif-vulcan\/#webpage","url":"https:\/\/www.teatrulreginamaria.ro\/en\/programul-lunii-iulie-trupa-iosif-vulcan\/","name":"Programul lunii iulie \u2013 Trupa Iosif Vulcan - Teatrul Regina Maria Oradea","description":"Teatrul Regina Maria a preg\u0103tit \u015fi luna aceasta un adev\u0103rat festin teatral pentru or\u0103deni. Primul spectacol din luna iulie este \u201eCre\u0219tini\u201d care va avea loc vineri, 3 iulie de la ora 20:30 pe scena mobil\u0103 amplasat\u0103 \u00een Cetatea Oradea. \u00cen aceea\u0219i zi, de la ora 19:00, sunt a\u0219tepta\u021bi spectatorii care au fost prezen\u021bi la reprezenta\u021bia","inLanguage":"en-GB","isPartOf":{"@id":"https:\/\/www.teatrulreginamaria.ro\/en\/#website"},"breadcrumb":{"@id":"https:\/\/www.teatrulreginamaria.ro\/en\/programul-lunii-iulie-trupa-iosif-vulcan\/#breadcrumblist"},"author":{"@id":"https:\/\/www.teatrulreginamaria.ro\/en\/author\/w3bmaster\/#author"},"creator":{"@id":"https:\/\/www.teatrulreginamaria.ro\/en\/author\/w3bmaster\/#author"},"datePublished":"2020-06-22T05:34:20+03:00","dateModified":"2020-06-22T05:34:20+03:00"},{"@type":"WebSite","@id":"https:\/\/www.teatrulreginamaria.ro\/en\/#website","url":"https:\/\/www.teatrulreginamaria.ro\/en\/","name":"Teatrul Regina Maria Oradea","alternateName":"TRM Oradea","description":"Trupa Iosif Vulcan \u0219i Trupa Arcadia","inLanguage":"en-GB","publisher":{"@id":"https:\/\/www.teatrulreginamaria.ro\/en\/#organization"}}]},"og:locale":"en_GB","og:site_name":"Teatrul Regina Maria Oradea - Trupa Iosif Vulcan \u0219i Trupa Arcadia","og:type":"article","og:title":"Programul lunii iulie \u2013 Trupa Iosif Vulcan - Teatrul Regina Maria Oradea","og:description":"Teatrul Regina Maria a preg\u0103tit \u015fi luna aceasta un adev\u0103rat festin teatral pentru or\u0103deni. Primul spectacol din luna iulie este \u201eCre\u0219tini\u201d care va avea loc vineri, 3 iulie de la ora 20:30 pe scena mobil\u0103 amplasat\u0103 \u00een Cetatea Oradea. \u00cen aceea\u0219i zi, de la ora 19:00, sunt a\u0219tepta\u021bi spectatorii care au fost prezen\u021bi la reprezenta\u021bia","og:url":"https:\/\/www.teatrulreginamaria.ro\/en\/programul-lunii-iulie-trupa-iosif-vulcan\/","og:image":"https:\/\/www.teatrulreginamaria.ro\/wp-content\/uploads\/2025\/03\/trm-istoric-01.jpg","og:image:secure_url":"https:\/\/www.teatrulreginamaria.ro\/wp-content\/uploads\/2025\/03\/trm-istoric-01.jpg","og:image:width":1200,"og:image:height":800,"article:published_time":"2020-06-22T05:34:20+00:00","article:modified_time":"2020-06-22T05:34:20+00:00","article:publisher":"https:\/\/www.facebook.com\/TRMTrupaIosifVulcan\/","twitter:card":"summary_large_image","twitter:site":"@TRMOradea","twitter:title":"Programul lunii iulie \u2013 Trupa Iosif Vulcan - Teatrul Regina Maria Oradea","twitter:description":"Teatrul Regina Maria a preg\u0103tit \u015fi luna aceasta un adev\u0103rat festin teatral pentru or\u0103deni. Primul spectacol din luna iulie este \u201eCre\u0219tini\u201d care va avea loc vineri, 3 iulie de la ora 20:30 pe scena mobil\u0103 amplasat\u0103 \u00een Cetatea Oradea. \u00cen aceea\u0219i zi, de la ora 19:00, sunt a\u0219tepta\u021bi spectatorii care au fost prezen\u021bi la reprezenta\u021bia","twitter:creator":"@TRMOradea","twitter:image":"https:\/\/www.teatrulreginamaria.ro\/wp-content\/uploads\/2025\/03\/trm-istoric-01.jpg"},"aioseo_meta_data":{"post_id":"4541","title":null,"description":null,"keywords":null,"keyphrases":null,"primary_term":null,"canonical_url":null,"og_title":null,"og_description":null,"og_object_type":"default","og_image_type":"default","og_image_url":null,"og_image_width":null,"og_image_height":null,"og_image_custom_url":null,"og_image_custom_fields":null,"og_video":null,"og_custom_url":null,"og_article_section":null,"og_article_tags":null,"twitter_use_og":false,"twitter_card":"default","twitter_image_type":"default","twitter_image_url":null,"twitter_image_custom_url":null,"twitter_image_custom_fields":null,"twitter_title":null,"twitter_description":null,"schema":{"blockGraphs":[],"customGraphs":[],"default":{"data":{"Article":[],"Course":[],"Dataset":[],"FAQPage":[],"Movie":[],"Person":[],"Product":[],"ProductReview":[],"Car":[],"Recipe":[],"Service":[],"SoftwareApplication":[],"WebPage":[]},"graphName":"","isEnabled":true},"graphs":[]},"schema_type":"default","schema_type_options":null,"pillar_content":false,"robots_default":true,"robots_noindex":false,"robots_noarchive":false,"robots_nosnippet":false,"robots_nofollow":false,"robots_noimageindex":false,"robots_noodp":false,"robots_notranslate":false,"robots_max_snippet":null,"robots_max_videopreview":null,"robots_max_imagepreview":"large","priority":null,"frequency":null,"local_seo":null,"seo_analyzer_scan_date":"2026-05-13 02:33:45","breadcrumb_settings":null,"limit_modified_date":false,"reviewed_by":null,"open_ai":null,"ai":null,"created":"2025-04-09 17:42:42","updated":"2026-05-13 02:33:45","focus_keyword":null,"additional_keywords":null,"truseo_locale":null},"aioseo_breadcrumb":"<div class=\"aioseo-breadcrumbs\"><span class=\"aioseo-breadcrumb\">\n\t<a href=\"https:\/\/www.teatrulreginamaria.ro\/en\" title=\"Home\">Home<\/a>\n<\/span><span class=\"aioseo-breadcrumb-separator\">&raquo;<\/span><span class=\"aioseo-breadcrumb\">\n\t<a href=\"https:\/\/www.teatrulreginamaria.ro\/en\/categorie\/noutati\/\" title=\"Nout\u0103\u021bi\">Nout\u0103\u021bi<\/a>\n<\/span><span class=\"aioseo-breadcrumb-separator\">&raquo;<\/span><span class=\"aioseo-breadcrumb\">\n\t<a href=\"https:\/\/www.teatrulreginamaria.ro\/en\/categorie\/noutati\/noutati-trupa-iosif-vulcan\/\" title=\"Nout\u0103\u021bi - Trupa Iosif Vulcan\">Nout\u0103\u021bi - Trupa Iosif Vulcan<\/a>\n<\/span><span class=\"aioseo-breadcrumb-separator\">&raquo;<\/span><span class=\"aioseo-breadcrumb\">\n\tProgramul lunii iulie \u2013 Trupa Iosif Vulcan\n<\/span><\/div>","aioseo_breadcrumb_json":[{"label":"Home","link":"https:\/\/www.teatrulreginamaria.ro\/en"},{"label":"Nout\u0103\u021bi","link":"https:\/\/www.teatrulreginamaria.ro\/en\/categorie\/noutati\/"},{"label":"Nout\u0103\u021bi - Trupa Iosif Vulcan","link":"https:\/\/www.teatrulreginamaria.ro\/en\/categorie\/noutati\/noutati-trupa-iosif-vulcan\/"},{"label":"Programul lunii iulie &#8211; Trupa Iosif Vulcan","link":"https:\/\/www.teatrulreginamaria.ro\/en\/programul-lunii-iulie-trupa-iosif-vulcan\/"}],"acf":[],"_links":{"self":[{"href":"https:\/\/www.teatrulreginamaria.ro\/en\/wp-json\/wp\/v2\/posts\/4541","targetHints":{"allow":["GET"]}}],"collection":[{"href":"https:\/\/www.teatrulreginamaria.ro\/en\/wp-json\/wp\/v2\/posts"}],"about":[{"href":"https:\/\/www.teatrulreginamaria.ro\/en\/wp-json\/wp\/v2\/types\/post"}],"author":[{"embeddable":true,"href":"https:\/\/www.teatrulreginamaria.ro\/en\/wp-json\/wp\/v2\/users\/6"}],"replies":[{"embeddable":true,"href":"https:\/\/www.teatrulreginamaria.ro\/en\/wp-json\/wp\/v2\/comments?post=4541"}],"version-history":[{"count":0,"href":"https:\/\/www.teatrulreginamaria.ro\/en\/wp-json\/wp\/v2\/posts\/4541\/revisions"}],"wp:attachment":[{"href":"https:\/\/www.teatrulreginamaria.ro\/en\/wp-json\/wp\/v2\/media?parent=4541"}],"wp:term":[{"taxonomy":"category","embeddable":true,"href":"https:\/\/www.teatrulreginamaria.ro\/en\/wp-json\/wp\/v2\/categories?post=4541"},{"taxonomy":"post_tag","embeddable":true,"href":"https:\/\/www.teatrulreginamaria.ro\/en\/wp-json\/wp\/v2\/tags?post=4541"}],"curies":[{"name":"wp","href":"https:\/\/api.w.org\/{rel}","templated":true}]}}