{"id":4827,"date":"2021-03-01T12:58:18","date_gmt":"2021-03-01T12:58:18","guid":{"rendered":"https:\/\/teatrulreginamaria.ro\/2021\/03\/01\/genul-acuzativ-premiera-lunii-martie\/"},"modified":"2021-03-01T12:58:18","modified_gmt":"2021-03-01T12:58:18","slug":"accusative-gender-premiere-of-march","status":"publish","type":"post","link":"https:\/\/www.teatrulreginamaria.ro\/en\/genul-acuzativ-premiera-lunii-martie\/","title":{"rendered":"ACCUSATIVE GENDER | March premiere"},"content":{"rendered":"<p style=\"text-align: justify;\">The Regina Maria Theater is pleased to announce the premiere of the show THE ACCUSATIVE GENRE, written and directed by Mimi Br\u0103nescu, a delightful tragicomedy, in which the mix of comedy and drama recreates an episode from the everyday life of an ordinary family.<\/p>\n<p style=\"text-align: justify;\">Given that Oradea has re-entered the yellow scenario and is playing again with 30% of the theater&#039;s capacity, THE ACCUSATIVE GENDER will have three consecutive performances as a premiere: <strong>Friday, March 5, Saturday, March 6 and Sunday, March 7, from 6:00 PM, at the Great Hall<\/strong>Spectators who are unable to make it to the first three performances have the opportunity to see the show on Sunday, March 28, from 6:00 PM, at the Great Hall.<\/p>\n<p><!--more--><\/p>\n<p style=\"text-align: justify;\">After the death of her husband, Marina sets out determined to take revenge for every injustice she has suffered from those close to her over time. Hysterics, slander, outbursts, painful secrets are unleashed and turn everything upside down. Nothing is forgotten and forgiven. Every mistake is recorded and penalized.<\/p>\n<p style=\"text-align: justify;\">The situations created and the dynamic dialogues are insanely humorous, the characters free themselves from formalities and hypocrisy, but they reveal serious character flaws and raise serious questions about family relationships.<\/p>\n<p style=\"text-align: justify;\"><strong>Mimi Branescu<\/strong> is an actor, playwright, screenwriter and theater director, equally recognized for each artistic activity he has undertaken. He is also the creator of the Romanian comedy series &quot;Las Fierbin\u021bi&quot;. With the show GENUL ACUZATIV we find him in a double role: that of playwright and that of theater director, an artistic doubling, to which is undoubtedly added the acting perspective, which perfects the act of creation, giving him the opportunity to look at the show from diverse and complementary angles.<\/p>\n<p style=\"text-align: justify;\">The show&#039;s scenography is signed by Oana Cernea, who is collaborating for the first time with director Mimi Br\u0103nescu, and the light design and original music belong to \u0218erban Ionescu.\u00a0<\/p>\n<p style=\"text-align: justify;\"><strong>The cast includes the following actors:<\/strong> Denisa Irina Vlad (Lena), Gabriela Codrea (Marina), Ioana Drago\u0219 Gajdo (Cati), Adela Lazar (Tania), Sorin Ionescu (Anghel), Richard Balint (Ionel) and Pavel S\u00e2rghi (Marius).<\/p>\n<p style=\"text-align: justify;\"><em>With each character, you delve deeper into yourself. Sometimes you stir deep, seemingly calm waters. That&#039;s what Marina does. Marina, who is a wound with a broken shell, never to be healed. I don&#039;t know from what recesses of his soul or of humanity Mimi pulled her out, but even now I&#039;m perplexed with wonder! I admire each character, each word, as if my children were prizewinners at the Olympics abroad!<br \/> Mimi Br\u0103nescu offered me a trip to an offshore drilling rig, paid not in installments, but in emotions! Well, how many times in your life do you get an offer like that?!<\/em>\u00a0 \u2013 Gabriela Codrea (Marina)<\/p>\n<p style=\"text-align: justify;\">The show is not recommended for people under 16 years of age!<\/p>\n<p style=\"text-align: justify;\">Tickets are already on sale and can be purchased from the Theatre Agency on Wednesday, Thursday and Friday between 2:00 PM and 7:00 PM or on Saturday and Sunday between 4:00 PM and 7:00 PM. You can also purchase tickets one hour before the show or online at <a href=\"http:\/\/www.eventim.ro\">www.eventim.ro<\/a>.<\/p>\n<p style=\"text-align: justify;\">For additional information and ticket reservations, please contact us either at 0359 452 324 or at the e-mail address <a href=\"mailto:rezervari@teatrulreginamaria.ro\">rezervari@teatrulreginamaria.ro<\/a>.<\/p>\n<p style=\"text-align: justify;\">We look forward to seeing you!<\/p>","protected":false},"excerpt":{"rendered":"<p>Teatrul Regina Maria are deosebita pl\u0103cere de a anun\u021ba premiera spectacolului GENUL ACUZATIV, text \u0219i regie: Mimi Br\u0103nescu, o tragicomedie \u00eenc\u00e2nt\u0103toare, \u00een care amestecul de comic \u0219i dramatic recreeaz\u0103 un episod desprins din via\u021ba de zi cu zi a unei familii obi\u0219nuite. Dat fiind faptul c\u0103 Oradea a reintrat \u00een scenariul galben \u0219i se joac\u0103 [&hellip;]<\/p>\n","protected":false},"author":6,"featured_media":0,"comment_status":"open","ping_status":"open","sticky":false,"template":"","format":"standard","meta":{"_acf_changed":false,"footnotes":""},"categories":[22],"tags":[],"class_list":["post-4827","post","type-post","status-publish","format-standard","hentry","category-noutati-trupa-iosif-vulcan"],"aioseo_notices":[],"aioseo_head":"\n\t\t<!-- All in One SEO Pro 5.0.1.1 - aioseo.com -->\n\t<meta name=\"description\" content=\"Teatrul Regina Maria are deosebita pl\u0103cere de a anun\u021ba premiera spectacolului GENUL ACUZATIV, text \u0219i regie: Mimi Br\u0103nescu, o tragicomedie \u00eenc\u00e2nt\u0103toare, \u00een care amestecul de comic \u0219i dramatic recreeaz\u0103 un episod desprins din via\u021ba de zi cu zi a unei familii obi\u0219nuite. Dat fiind faptul c\u0103 Oradea a reintrat \u00een scenariul galben \u0219i se joac\u0103\" \/>\n\t<meta name=\"robots\" content=\"max-image-preview:large\" \/>\n\t<meta name=\"author\" content=\"Teatrul Regina Maria\"\/>\n\t<link rel=\"canonical\" href=\"https:\/\/www.teatrulreginamaria.ro\/en\/genul-acuzativ-premiera-lunii-martie\/\" \/>\n\t<meta name=\"generator\" content=\"All in One SEO Pro (AIOSEO) 5.0.1.1\" \/>\n\t\t<meta property=\"og:locale\" content=\"en_GB\" \/>\n\t\t<meta property=\"og:site_name\" content=\"Teatrul Regina Maria Oradea - Trupa Iosif Vulcan \u0219i Trupa Arcadia\" \/>\n\t\t<meta property=\"og:type\" content=\"article\" \/>\n\t\t<meta property=\"og:title\" content=\"GENUL ACUZATIV | premiera lunii martie - Teatrul Regina Maria Oradea\" \/>\n\t\t<meta property=\"og:description\" content=\"Teatrul Regina Maria are deosebita pl\u0103cere de a anun\u021ba premiera spectacolului GENUL ACUZATIV, text \u0219i regie: Mimi Br\u0103nescu, o tragicomedie \u00eenc\u00e2nt\u0103toare, \u00een care amestecul de comic \u0219i dramatic recreeaz\u0103 un episod desprins din via\u021ba de zi cu zi a unei familii obi\u0219nuite. Dat fiind faptul c\u0103 Oradea a reintrat \u00een scenariul galben \u0219i se joac\u0103\" \/>\n\t\t<meta property=\"og:url\" content=\"https:\/\/www.teatrulreginamaria.ro\/en\/genul-acuzativ-premiera-lunii-martie\/\" \/>\n\t\t<meta property=\"og:image\" content=\"https:\/\/www.teatrulreginamaria.ro\/wp-content\/uploads\/2025\/03\/trm-istoric-01.jpg\" \/>\n\t\t<meta property=\"og:image:secure_url\" content=\"https:\/\/www.teatrulreginamaria.ro\/wp-content\/uploads\/2025\/03\/trm-istoric-01.jpg\" \/>\n\t\t<meta property=\"og:image:width\" content=\"1200\" \/>\n\t\t<meta property=\"og:image:height\" content=\"800\" \/>\n\t\t<meta property=\"article:published_time\" content=\"2021-03-01T12:58:18+00:00\" \/>\n\t\t<meta property=\"article:modified_time\" content=\"2021-03-01T12:58:18+00:00\" \/>\n\t\t<meta property=\"article:publisher\" content=\"https:\/\/www.facebook.com\/TRMTrupaIosifVulcan\/\" \/>\n\t\t<meta name=\"twitter:card\" content=\"summary_large_image\" \/>\n\t\t<meta name=\"twitter:site\" content=\"@TRMOradea\" \/>\n\t\t<meta name=\"twitter:title\" content=\"GENUL ACUZATIV | premiera lunii martie - Teatrul Regina Maria Oradea\" \/>\n\t\t<meta name=\"twitter:description\" content=\"Teatrul Regina Maria are deosebita pl\u0103cere de a anun\u021ba premiera spectacolului GENUL ACUZATIV, text \u0219i regie: Mimi Br\u0103nescu, o tragicomedie \u00eenc\u00e2nt\u0103toare, \u00een care amestecul de comic \u0219i dramatic recreeaz\u0103 un episod desprins din via\u021ba de zi cu zi a unei familii obi\u0219nuite. Dat fiind faptul c\u0103 Oradea a reintrat \u00een scenariul galben \u0219i se joac\u0103\" \/>\n\t\t<meta name=\"twitter:creator\" content=\"@TRMOradea\" \/>\n\t\t<meta name=\"twitter:image\" content=\"https:\/\/www.teatrulreginamaria.ro\/wp-content\/uploads\/2025\/03\/trm-istoric-01.jpg\" \/>\n\t\t<script type=\"application\/ld+json\" class=\"aioseo-schema\">\n\t\t\t{\"@context\":\"https:\\\/\\\/schema.org\",\"@graph\":[{\"@type\":\"BlogPosting\",\"@id\":\"https:\\\/\\\/www.teatrulreginamaria.ro\\\/en\\\/genul-acuzativ-premiera-lunii-martie\\\/#blogposting\",\"name\":\"GENUL ACUZATIV | premiera lunii martie - Teatrul Regina Maria Oradea\",\"headline\":\"GENUL ACUZATIV | premiera lunii martie\",\"author\":{\"@id\":\"https:\\\/\\\/www.teatrulreginamaria.ro\\\/en\\\/author\\\/w3bmaster\\\/#author\"},\"publisher\":{\"@id\":\"https:\\\/\\\/www.teatrulreginamaria.ro\\\/en\\\/#organization\"},\"image\":{\"@type\":\"ImageObject\",\"url\":\"https:\\\/\\\/www.teatrulreginamaria.ro\\\/wp-content\\\/uploads\\\/2025\\\/06\\\/logo-trm-01-dark.png\",\"@id\":\"https:\\\/\\\/www.teatrulreginamaria.ro\\\/en\\\/#articleImage\",\"width\":300,\"height\":148},\"datePublished\":\"2021-03-01T12:58:18+02:00\",\"dateModified\":\"2021-03-01T12:58:18+02:00\",\"inLanguage\":\"en-GB\",\"mainEntityOfPage\":{\"@id\":\"https:\\\/\\\/www.teatrulreginamaria.ro\\\/en\\\/genul-acuzativ-premiera-lunii-martie\\\/#webpage\"},\"isPartOf\":{\"@id\":\"https:\\\/\\\/www.teatrulreginamaria.ro\\\/en\\\/genul-acuzativ-premiera-lunii-martie\\\/#webpage\"},\"articleSection\":\"Nout\\u0103\\u021bi - Trupa Iosif Vulcan\"},{\"@type\":\"BreadcrumbList\",\"@id\":\"https:\\\/\\\/www.teatrulreginamaria.ro\\\/en\\\/genul-acuzativ-premiera-lunii-martie\\\/#breadcrumblist\",\"itemListElement\":[{\"@type\":\"ListItem\",\"@id\":\"https:\\\/\\\/www.teatrulreginamaria.ro\\\/en#listItem\",\"position\":1,\"name\":\"Home\",\"item\":\"https:\\\/\\\/www.teatrulreginamaria.ro\\\/en\",\"nextItem\":{\"@type\":\"ListItem\",\"@id\":\"https:\\\/\\\/www.teatrulreginamaria.ro\\\/en\\\/categorie\\\/noutati\\\/#listItem\",\"name\":\"Nout\\u0103\\u021bi\"}},{\"@type\":\"ListItem\",\"@id\":\"https:\\\/\\\/www.teatrulreginamaria.ro\\\/en\\\/categorie\\\/noutati\\\/#listItem\",\"position\":2,\"name\":\"Nout\\u0103\\u021bi\",\"item\":\"https:\\\/\\\/www.teatrulreginamaria.ro\\\/en\\\/categorie\\\/noutati\\\/\",\"nextItem\":{\"@type\":\"ListItem\",\"@id\":\"https:\\\/\\\/www.teatrulreginamaria.ro\\\/en\\\/categorie\\\/noutati\\\/noutati-trupa-iosif-vulcan\\\/#listItem\",\"name\":\"Nout\\u0103\\u021bi - Trupa Iosif Vulcan\"},\"previousItem\":{\"@type\":\"ListItem\",\"@id\":\"https:\\\/\\\/www.teatrulreginamaria.ro\\\/en#listItem\",\"name\":\"Home\"}},{\"@type\":\"ListItem\",\"@id\":\"https:\\\/\\\/www.teatrulreginamaria.ro\\\/en\\\/categorie\\\/noutati\\\/noutati-trupa-iosif-vulcan\\\/#listItem\",\"position\":3,\"name\":\"Nout\\u0103\\u021bi - Trupa Iosif Vulcan\",\"item\":\"https:\\\/\\\/www.teatrulreginamaria.ro\\\/en\\\/categorie\\\/noutati\\\/noutati-trupa-iosif-vulcan\\\/\",\"nextItem\":{\"@type\":\"ListItem\",\"@id\":\"https:\\\/\\\/www.teatrulreginamaria.ro\\\/en\\\/genul-acuzativ-premiera-lunii-martie\\\/#listItem\",\"name\":\"GENUL ACUZATIV | premiera lunii martie\"},\"previousItem\":{\"@type\":\"ListItem\",\"@id\":\"https:\\\/\\\/www.teatrulreginamaria.ro\\\/en\\\/categorie\\\/noutati\\\/#listItem\",\"name\":\"Nout\\u0103\\u021bi\"}},{\"@type\":\"ListItem\",\"@id\":\"https:\\\/\\\/www.teatrulreginamaria.ro\\\/en\\\/genul-acuzativ-premiera-lunii-martie\\\/#listItem\",\"position\":4,\"name\":\"GENUL ACUZATIV | premiera lunii martie\",\"previousItem\":{\"@type\":\"ListItem\",\"@id\":\"https:\\\/\\\/www.teatrulreginamaria.ro\\\/en\\\/categorie\\\/noutati\\\/noutati-trupa-iosif-vulcan\\\/#listItem\",\"name\":\"Nout\\u0103\\u021bi - Trupa Iosif Vulcan\"}}]},{\"@type\":\"Organization\",\"@id\":\"https:\\\/\\\/www.teatrulreginamaria.ro\\\/en\\\/#organization\",\"name\":\"Teatrul Regina Maria Oradea\",\"description\":\"Trupa Iosif Vulcan \\u0219i Trupa Arcadia\",\"url\":\"https:\\\/\\\/www.teatrulreginamaria.ro\\\/en\\\/\",\"email\":\"marketing@teatrulreginamaria.ro\",\"telephone\":\"+40359411534\",\"numberOfEmployees\":{\"@type\":\"QuantitativeValue\",\"minValue\":0,\"maxValue\":150},\"logo\":{\"@type\":\"ImageObject\",\"url\":\"https:\\\/\\\/www.teatrulreginamaria.ro\\\/wp-content\\\/uploads\\\/2025\\\/06\\\/logo-trm-01-dark.png\",\"@id\":\"https:\\\/\\\/www.teatrulreginamaria.ro\\\/en\\\/genul-acuzativ-premiera-lunii-martie\\\/#organizationLogo\",\"width\":300,\"height\":148},\"image\":{\"@id\":\"https:\\\/\\\/www.teatrulreginamaria.ro\\\/en\\\/genul-acuzativ-premiera-lunii-martie\\\/#organizationLogo\"},\"sameAs\":[\"https:\\\/\\\/www.facebook.com\\\/TRMTrupaIosifVulcan\\\/\",\"https:\\\/\\\/x.com\\\/TRMOradea\",\"https:\\\/\\\/www.instagram.com\\\/teatrul_regina_maria\\\/\",\"https:\\\/\\\/www.youtube.com\\\/c\\\/TeatrulReginaMariaOradea\",\"https:\\\/\\\/www.linkedin.com\\\/company\\\/teatrul-regina-maria\"]},{\"@type\":\"Person\",\"@id\":\"https:\\\/\\\/www.teatrulreginamaria.ro\\\/en\\\/author\\\/w3bmaster\\\/#author\",\"url\":\"https:\\\/\\\/www.teatrulreginamaria.ro\\\/en\\\/author\\\/w3bmaster\\\/\",\"name\":\"Teatrul Regina Maria\",\"image\":{\"@type\":\"ImageObject\",\"@id\":\"https:\\\/\\\/www.teatrulreginamaria.ro\\\/en\\\/genul-acuzativ-premiera-lunii-martie\\\/#authorImage\",\"url\":\"https:\\\/\\\/secure.gravatar.com\\\/avatar\\\/5884139d508ae3f0bafe45e60563b48a9640146d3b08ccc6278c305ff9329305?s=96&d=mm&r=g\",\"width\":96,\"height\":96,\"caption\":\"Teatrul Regina Maria\"}},{\"@type\":\"WebPage\",\"@id\":\"https:\\\/\\\/www.teatrulreginamaria.ro\\\/en\\\/genul-acuzativ-premiera-lunii-martie\\\/#webpage\",\"url\":\"https:\\\/\\\/www.teatrulreginamaria.ro\\\/en\\\/genul-acuzativ-premiera-lunii-martie\\\/\",\"name\":\"GENUL ACUZATIV | premiera lunii martie - Teatrul Regina Maria Oradea\",\"description\":\"Teatrul Regina Maria are deosebita pl\\u0103cere de a anun\\u021ba premiera spectacolului GENUL ACUZATIV, text \\u0219i regie: Mimi Br\\u0103nescu, o tragicomedie \\u00eenc\\u00e2nt\\u0103toare, \\u00een care amestecul de comic \\u0219i dramatic recreeaz\\u0103 un episod desprins din via\\u021ba de zi cu zi a unei familii obi\\u0219nuite. Dat fiind faptul c\\u0103 Oradea a reintrat \\u00een scenariul galben \\u0219i se joac\\u0103\",\"inLanguage\":\"en-GB\",\"isPartOf\":{\"@id\":\"https:\\\/\\\/www.teatrulreginamaria.ro\\\/en\\\/#website\"},\"breadcrumb\":{\"@id\":\"https:\\\/\\\/www.teatrulreginamaria.ro\\\/en\\\/genul-acuzativ-premiera-lunii-martie\\\/#breadcrumblist\"},\"author\":{\"@id\":\"https:\\\/\\\/www.teatrulreginamaria.ro\\\/en\\\/author\\\/w3bmaster\\\/#author\"},\"creator\":{\"@id\":\"https:\\\/\\\/www.teatrulreginamaria.ro\\\/en\\\/author\\\/w3bmaster\\\/#author\"},\"datePublished\":\"2021-03-01T12:58:18+02:00\",\"dateModified\":\"2021-03-01T12:58:18+02:00\"},{\"@type\":\"WebSite\",\"@id\":\"https:\\\/\\\/www.teatrulreginamaria.ro\\\/en\\\/#website\",\"url\":\"https:\\\/\\\/www.teatrulreginamaria.ro\\\/en\\\/\",\"name\":\"Teatrul Regina Maria Oradea\",\"alternateName\":\"TRM Oradea\",\"description\":\"Trupa Iosif Vulcan \\u0219i Trupa Arcadia\",\"inLanguage\":\"en-GB\",\"publisher\":{\"@id\":\"https:\\\/\\\/www.teatrulreginamaria.ro\\\/en\\\/#organization\"}}]}\n\t\t<\/script>\n\t\t<!-- All in One SEO Pro -->\r\n\t\t<title>GENUL ACUZATIV | premiera lunii martie - Teatrul Regina Maria Oradea<\/title>\n\n","aioseo_head_json":{"title":"ACCUSATIVE GENDER | March premiere - Regina Maria Theatre Oradea","description":"The Regina Maria Theatre is pleased to announce the premiere of the show THE ACCUSATIVE GENRE, written and directed by Mimi Br\u0103nescu, a delightful tragicomedy, in which the mix of comedy and drama recreates an episode from the everyday life of an ordinary family. Given that Oradea has re-entered the yellow scenario and is playing","canonical_url":"https:\/\/www.teatrulreginamaria.ro\/en\/genul-acuzativ-premiera-lunii-martie\/","robots":"max-image-preview:large","keywords":"","webmasterTools":{"miscellaneous":""},"schema":{"@context":"https:\/\/schema.org","@graph":[{"@type":"BlogPosting","@id":"https:\/\/www.teatrulreginamaria.ro\/en\/genul-acuzativ-premiera-lunii-martie\/#blogposting","name":"GENUL ACUZATIV | premiera lunii martie - Teatrul Regina Maria Oradea","headline":"GENUL ACUZATIV | premiera lunii martie","author":{"@id":"https:\/\/www.teatrulreginamaria.ro\/en\/author\/w3bmaster\/#author"},"publisher":{"@id":"https:\/\/www.teatrulreginamaria.ro\/en\/#organization"},"image":{"@type":"ImageObject","url":"https:\/\/www.teatrulreginamaria.ro\/wp-content\/uploads\/2025\/06\/logo-trm-01-dark.png","@id":"https:\/\/www.teatrulreginamaria.ro\/en\/#articleImage","width":300,"height":148},"datePublished":"2021-03-01T12:58:18+02:00","dateModified":"2021-03-01T12:58:18+02:00","inLanguage":"en-GB","mainEntityOfPage":{"@id":"https:\/\/www.teatrulreginamaria.ro\/en\/genul-acuzativ-premiera-lunii-martie\/#webpage"},"isPartOf":{"@id":"https:\/\/www.teatrulreginamaria.ro\/en\/genul-acuzativ-premiera-lunii-martie\/#webpage"},"articleSection":"Nout\u0103\u021bi - Trupa Iosif Vulcan"},{"@type":"BreadcrumbList","@id":"https:\/\/www.teatrulreginamaria.ro\/en\/genul-acuzativ-premiera-lunii-martie\/#breadcrumblist","itemListElement":[{"@type":"ListItem","@id":"https:\/\/www.teatrulreginamaria.ro\/en#listItem","position":1,"name":"Home","item":"https:\/\/www.teatrulreginamaria.ro\/en","nextItem":{"@type":"ListItem","@id":"https:\/\/www.teatrulreginamaria.ro\/en\/categorie\/noutati\/#listItem","name":"Nout\u0103\u021bi"}},{"@type":"ListItem","@id":"https:\/\/www.teatrulreginamaria.ro\/en\/categorie\/noutati\/#listItem","position":2,"name":"Nout\u0103\u021bi","item":"https:\/\/www.teatrulreginamaria.ro\/en\/categorie\/noutati\/","nextItem":{"@type":"ListItem","@id":"https:\/\/www.teatrulreginamaria.ro\/en\/categorie\/noutati\/noutati-trupa-iosif-vulcan\/#listItem","name":"Nout\u0103\u021bi - Trupa Iosif Vulcan"},"previousItem":{"@type":"ListItem","@id":"https:\/\/www.teatrulreginamaria.ro\/en#listItem","name":"Home"}},{"@type":"ListItem","@id":"https:\/\/www.teatrulreginamaria.ro\/en\/categorie\/noutati\/noutati-trupa-iosif-vulcan\/#listItem","position":3,"name":"Nout\u0103\u021bi - Trupa Iosif Vulcan","item":"https:\/\/www.teatrulreginamaria.ro\/en\/categorie\/noutati\/noutati-trupa-iosif-vulcan\/","nextItem":{"@type":"ListItem","@id":"https:\/\/www.teatrulreginamaria.ro\/en\/genul-acuzativ-premiera-lunii-martie\/#listItem","name":"GENUL ACUZATIV | premiera lunii martie"},"previousItem":{"@type":"ListItem","@id":"https:\/\/www.teatrulreginamaria.ro\/en\/categorie\/noutati\/#listItem","name":"Nout\u0103\u021bi"}},{"@type":"ListItem","@id":"https:\/\/www.teatrulreginamaria.ro\/en\/genul-acuzativ-premiera-lunii-martie\/#listItem","position":4,"name":"GENUL ACUZATIV | premiera lunii martie","previousItem":{"@type":"ListItem","@id":"https:\/\/www.teatrulreginamaria.ro\/en\/categorie\/noutati\/noutati-trupa-iosif-vulcan\/#listItem","name":"Nout\u0103\u021bi - Trupa Iosif Vulcan"}}]},{"@type":"Organization","@id":"https:\/\/www.teatrulreginamaria.ro\/en\/#organization","name":"Teatrul Regina Maria Oradea","description":"Trupa Iosif Vulcan \u0219i Trupa Arcadia","url":"https:\/\/www.teatrulreginamaria.ro\/en\/","email":"marketing@teatrulreginamaria.ro","telephone":"+40359411534","numberOfEmployees":{"@type":"QuantitativeValue","minValue":0,"maxValue":150},"logo":{"@type":"ImageObject","url":"https:\/\/www.teatrulreginamaria.ro\/wp-content\/uploads\/2025\/06\/logo-trm-01-dark.png","@id":"https:\/\/www.teatrulreginamaria.ro\/en\/genul-acuzativ-premiera-lunii-martie\/#organizationLogo","width":300,"height":148},"image":{"@id":"https:\/\/www.teatrulreginamaria.ro\/en\/genul-acuzativ-premiera-lunii-martie\/#organizationLogo"},"sameAs":["https:\/\/www.facebook.com\/TRMTrupaIosifVulcan\/","https:\/\/x.com\/TRMOradea","https:\/\/www.instagram.com\/teatrul_regina_maria\/","https:\/\/www.youtube.com\/c\/TeatrulReginaMariaOradea","https:\/\/www.linkedin.com\/company\/teatrul-regina-maria"]},{"@type":"Person","@id":"https:\/\/www.teatrulreginamaria.ro\/en\/author\/w3bmaster\/#author","url":"https:\/\/www.teatrulreginamaria.ro\/en\/author\/w3bmaster\/","name":"Teatrul Regina Maria","image":{"@type":"ImageObject","@id":"https:\/\/www.teatrulreginamaria.ro\/en\/genul-acuzativ-premiera-lunii-martie\/#authorImage","url":"https:\/\/secure.gravatar.com\/avatar\/5884139d508ae3f0bafe45e60563b48a9640146d3b08ccc6278c305ff9329305?s=96&d=mm&r=g","width":96,"height":96,"caption":"Teatrul Regina Maria"}},{"@type":"WebPage","@id":"https:\/\/www.teatrulreginamaria.ro\/en\/genul-acuzativ-premiera-lunii-martie\/#webpage","url":"https:\/\/www.teatrulreginamaria.ro\/en\/genul-acuzativ-premiera-lunii-martie\/","name":"GENUL ACUZATIV | premiera lunii martie - Teatrul Regina Maria Oradea","description":"Teatrul Regina Maria are deosebita pl\u0103cere de a anun\u021ba premiera spectacolului GENUL ACUZATIV, text \u0219i regie: Mimi Br\u0103nescu, o tragicomedie \u00eenc\u00e2nt\u0103toare, \u00een care amestecul de comic \u0219i dramatic recreeaz\u0103 un episod desprins din via\u021ba de zi cu zi a unei familii obi\u0219nuite. Dat fiind faptul c\u0103 Oradea a reintrat \u00een scenariul galben \u0219i se joac\u0103","inLanguage":"en-GB","isPartOf":{"@id":"https:\/\/www.teatrulreginamaria.ro\/en\/#website"},"breadcrumb":{"@id":"https:\/\/www.teatrulreginamaria.ro\/en\/genul-acuzativ-premiera-lunii-martie\/#breadcrumblist"},"author":{"@id":"https:\/\/www.teatrulreginamaria.ro\/en\/author\/w3bmaster\/#author"},"creator":{"@id":"https:\/\/www.teatrulreginamaria.ro\/en\/author\/w3bmaster\/#author"},"datePublished":"2021-03-01T12:58:18+02:00","dateModified":"2021-03-01T12:58:18+02:00"},{"@type":"WebSite","@id":"https:\/\/www.teatrulreginamaria.ro\/en\/#website","url":"https:\/\/www.teatrulreginamaria.ro\/en\/","name":"Teatrul Regina Maria Oradea","alternateName":"TRM Oradea","description":"Trupa Iosif Vulcan \u0219i Trupa Arcadia","inLanguage":"en-GB","publisher":{"@id":"https:\/\/www.teatrulreginamaria.ro\/en\/#organization"}}]},"og:locale":"en_GB","og:site_name":"Teatrul Regina Maria Oradea - Trupa Iosif Vulcan \u0219i Trupa Arcadia","og:type":"article","og:title":"GENUL ACUZATIV | premiera lunii martie - Teatrul Regina Maria Oradea","og:description":"Teatrul Regina Maria are deosebita pl\u0103cere de a anun\u021ba premiera spectacolului GENUL ACUZATIV, text \u0219i regie: Mimi Br\u0103nescu, o tragicomedie \u00eenc\u00e2nt\u0103toare, \u00een care amestecul de comic \u0219i dramatic recreeaz\u0103 un episod desprins din via\u021ba de zi cu zi a unei familii obi\u0219nuite. Dat fiind faptul c\u0103 Oradea a reintrat \u00een scenariul galben \u0219i se joac\u0103","og:url":"https:\/\/www.teatrulreginamaria.ro\/en\/genul-acuzativ-premiera-lunii-martie\/","og:image":"https:\/\/www.teatrulreginamaria.ro\/wp-content\/uploads\/2025\/03\/trm-istoric-01.jpg","og:image:secure_url":"https:\/\/www.teatrulreginamaria.ro\/wp-content\/uploads\/2025\/03\/trm-istoric-01.jpg","og:image:width":1200,"og:image:height":800,"article:published_time":"2021-03-01T12:58:18+00:00","article:modified_time":"2021-03-01T12:58:18+00:00","article:publisher":"https:\/\/www.facebook.com\/TRMTrupaIosifVulcan\/","twitter:card":"summary_large_image","twitter:site":"@TRMOradea","twitter:title":"GENUL ACUZATIV | premiera lunii martie - Teatrul Regina Maria Oradea","twitter:description":"Teatrul Regina Maria are deosebita pl\u0103cere de a anun\u021ba premiera spectacolului GENUL ACUZATIV, text \u0219i regie: Mimi Br\u0103nescu, o tragicomedie \u00eenc\u00e2nt\u0103toare, \u00een care amestecul de comic \u0219i dramatic recreeaz\u0103 un episod desprins din via\u021ba de zi cu zi a unei familii obi\u0219nuite. Dat fiind faptul c\u0103 Oradea a reintrat \u00een scenariul galben \u0219i se joac\u0103","twitter:creator":"@TRMOradea","twitter:image":"https:\/\/www.teatrulreginamaria.ro\/wp-content\/uploads\/2025\/03\/trm-istoric-01.jpg"},"aioseo_meta_data":{"post_id":"4827","title":null,"description":null,"keywords":null,"keyphrases":null,"primary_term":null,"canonical_url":null,"og_title":null,"og_description":null,"og_object_type":"default","og_image_type":"default","og_image_url":null,"og_image_width":null,"og_image_height":null,"og_image_custom_url":null,"og_image_custom_fields":null,"og_video":null,"og_custom_url":null,"og_article_section":null,"og_article_tags":null,"twitter_use_og":false,"twitter_card":"default","twitter_image_type":"default","twitter_image_url":null,"twitter_image_custom_url":null,"twitter_image_custom_fields":null,"twitter_title":null,"twitter_description":null,"schema":{"blockGraphs":[],"customGraphs":[],"default":{"data":{"Article":[],"Course":[],"Dataset":[],"FAQPage":[],"Movie":[],"Person":[],"Product":[],"ProductReview":[],"Car":[],"Recipe":[],"Service":[],"SoftwareApplication":[],"WebPage":[]},"graphName":"","isEnabled":true},"graphs":[]},"schema_type":"default","schema_type_options":null,"pillar_content":false,"robots_default":true,"robots_noindex":false,"robots_noarchive":false,"robots_nosnippet":false,"robots_nofollow":false,"robots_noimageindex":false,"robots_noodp":false,"robots_notranslate":false,"robots_max_snippet":null,"robots_max_videopreview":null,"robots_max_imagepreview":"large","priority":null,"frequency":null,"local_seo":null,"seo_analyzer_scan_date":"2026-05-13 02:42:37","breadcrumb_settings":null,"limit_modified_date":false,"reviewed_by":null,"open_ai":null,"ai":null,"created":"2025-04-09 17:42:43","updated":"2026-05-13 02:42:37","focus_keyword":null,"additional_keywords":null,"truseo_locale":null},"aioseo_breadcrumb":"<div class=\"aioseo-breadcrumbs\"><span class=\"aioseo-breadcrumb\">\n\t<a href=\"https:\/\/www.teatrulreginamaria.ro\/en\" title=\"Home\">Home<\/a>\n<\/span><span class=\"aioseo-breadcrumb-separator\">&raquo;<\/span><span class=\"aioseo-breadcrumb\">\n\t<a href=\"https:\/\/www.teatrulreginamaria.ro\/en\/categorie\/noutati\/\" title=\"Nout\u0103\u021bi\">Nout\u0103\u021bi<\/a>\n<\/span><span class=\"aioseo-breadcrumb-separator\">&raquo;<\/span><span class=\"aioseo-breadcrumb\">\n\t<a href=\"https:\/\/www.teatrulreginamaria.ro\/en\/categorie\/noutati\/noutati-trupa-iosif-vulcan\/\" title=\"Nout\u0103\u021bi - Trupa Iosif Vulcan\">Nout\u0103\u021bi - Trupa Iosif Vulcan<\/a>\n<\/span><span class=\"aioseo-breadcrumb-separator\">&raquo;<\/span><span class=\"aioseo-breadcrumb\">\n\tGENUL ACUZATIV | premiera lunii martie\n<\/span><\/div>","aioseo_breadcrumb_json":[{"label":"Home","link":"https:\/\/www.teatrulreginamaria.ro\/en"},{"label":"Nout\u0103\u021bi","link":"https:\/\/www.teatrulreginamaria.ro\/en\/categorie\/noutati\/"},{"label":"Nout\u0103\u021bi - Trupa Iosif Vulcan","link":"https:\/\/www.teatrulreginamaria.ro\/en\/categorie\/noutati\/noutati-trupa-iosif-vulcan\/"},{"label":"GENUL ACUZATIV | premiera lunii martie","link":"https:\/\/www.teatrulreginamaria.ro\/en\/genul-acuzativ-premiera-lunii-martie\/"}],"acf":[],"_links":{"self":[{"href":"https:\/\/www.teatrulreginamaria.ro\/en\/wp-json\/wp\/v2\/posts\/4827","targetHints":{"allow":["GET"]}}],"collection":[{"href":"https:\/\/www.teatrulreginamaria.ro\/en\/wp-json\/wp\/v2\/posts"}],"about":[{"href":"https:\/\/www.teatrulreginamaria.ro\/en\/wp-json\/wp\/v2\/types\/post"}],"author":[{"embeddable":true,"href":"https:\/\/www.teatrulreginamaria.ro\/en\/wp-json\/wp\/v2\/users\/6"}],"replies":[{"embeddable":true,"href":"https:\/\/www.teatrulreginamaria.ro\/en\/wp-json\/wp\/v2\/comments?post=4827"}],"version-history":[{"count":0,"href":"https:\/\/www.teatrulreginamaria.ro\/en\/wp-json\/wp\/v2\/posts\/4827\/revisions"}],"wp:attachment":[{"href":"https:\/\/www.teatrulreginamaria.ro\/en\/wp-json\/wp\/v2\/media?parent=4827"}],"wp:term":[{"taxonomy":"category","embeddable":true,"href":"https:\/\/www.teatrulreginamaria.ro\/en\/wp-json\/wp\/v2\/categories?post=4827"},{"taxonomy":"post_tag","embeddable":true,"href":"https:\/\/www.teatrulreginamaria.ro\/en\/wp-json\/wp\/v2\/tags?post=4827"}],"curies":[{"name":"wp","href":"https:\/\/api.w.org\/{rel}","templated":true}]}}