{"id":4909,"date":"2021-07-07T08:51:58","date_gmt":"2021-07-07T08:51:58","guid":{"rendered":"https:\/\/teatrulreginamaria.ro\/2021\/07\/07\/comunicat-de-presa-premiera-trupa-arcadia-baietelul-care-se-putea-musca-de-nas\/"},"modified":"2021-07-07T08:51:58","modified_gmt":"2021-07-07T08:51:58","slug":"press-release-premiere-of-the-band-arcadia-the-little-boy-who-could-bite-his-nose","status":"publish","type":"post","link":"https:\/\/www.teatrulreginamaria.ro\/en\/comunicat-de-presa-premiera-trupa-arcadia-baietelul-care-se-putea-musca-de-nas\/","title":{"rendered":"Press release \u01c0 Premiere Arcadia Troupe: &quot;The Little Boy Who Could Bite His Nose&quot;"},"content":{"rendered":"<p><strong>The Arcadia troupe of the Regina Maria Theatre invites you on Friday, July 9, from 7:00 PM and Saturday, July 10, from 10:00 AM, to Or\u0103\u0219elul Copiilor, to enjoy the outdoor summer premiere of the show &quot;The Boy Who Could Bite His Nose&quot;, by Alex Moldovan, a show by Selma Drago\u0219 (director) and Smaranda G\u0103budeanu (choreography).<\/strong><\/p>\n<p><!--more--><\/p>\n<p style=\"text-align: justify;\">Alex Moldovan is a translator and author of children&#039;s books. The success he enjoys as a writer is also proven by the fact that some of his texts are already studied in middle school. &quot;The Boy Who Could Bite His Nose&quot; is the second book he has signed, and is also his first illustrated album. As a playwright, he debuted with the Arcadia Troupe project &quot;The Boy Who Could Bite His Nose&quot;, which starts from the idea of the book of the same name. The text was dramatized especially for this project, being a world and exclusive premiere.<\/p>\n<p style=\"text-align: justify;\">The show, staged by Selma Drago\u0219, who directs, and Smaranda G\u0103budeanu, who choreographs, proposes a &quot;reversed&quot; perspective compared to other children&#039;s productions, because this time the parents are the ones who must ultimately learn the lessons.<\/p>\n<p style=\"text-align: justify;\">The story explores the contrast between two different worlds: that of the parents, who despite always being well-intentioned, become far too preoccupied with their own conceptions of what the child should be like and involuntarily neglect the child&#039;s wishes. This aspect applies, by extrapolation, to all adults, who in the text are also illustrated by a doctor, a journalist, an influencer, a few nosy neighbors, in addition to the two parents. The world of adults is superficial and quite rigid, and from up there, from their height, they no longer manage to observe details, emotions and the entire fascinating and playful universe of the child.<\/p>\n<p style=\"text-align: justify;\">The distance that appears between adults and children is perfectly captured by the giant mechanical puppets, created by R\u0103zvan Chendrean in the theater&#039;s workshops. They are about 2.5 meters high and propose a unique creative technique, which has been very little explored in Romania. The giant puppets have only a few defining gestures, otherwise being rigid, which exactly illustrates this idea of the psychological inflexibility of adults, which leads to the emotional neglect of the child.<\/p>\n<p style=\"text-align: justify;\">At the same time, another world is born on stage, that of the child, which is full of fantasy. The dolls he plays with have normal proportions and, even if they are built in a naive technique, are extraordinarily cute. The small dolls, but also the set and costumes are the creation of the set designer Oana Cernea.<\/p>\n<p style=\"text-align: justify;\">The original music is by V\u0103zduh (Adi Cimpoe\u0219u), who also collaborated with Arcadia Troupe on the show &quot;Mult aer pentru nimic&quot;. We would also like to thank Louis L&#039;\u00c9tourneau for his contribution to the orchestration of &quot;A Child is a Man&quot;.<\/p>\n<p style=\"text-align: justify;\">The cast includes the following actors: Florian Silaghi (The Child - Vlad), Zentania Lup\u0219e (the mother), Alexandru Pop (the father), Andrei Fazeca\u0219 (the doctor and the mayor), Armanca Serac (the journalist) and Igor Lungu (the Influencer).<\/p>\n<p style=\"text-align: justify;\">&quot;The Boy Who Could Bit His Nose&quot;, in addition to the exclusive premiere and the novelty that the mechanical puppets bring, is also the first show created specifically to be performed outdoors by the Arcadia Troupe. The next performance of the show is scheduled for Tuesday, July 13, at 7:00 PM, also in Or\u0103\u0219elul Copiilor.<\/p>\n<p style=\"text-align: justify;\">Tickets can be purchased from the Theatre Agency (Tuesday-Friday: 3:00 PM-7:00 PM), online on Eventim.ro or starting one hour before the show in Or\u0103\u0219elul Copiilor. Being an outdoor show, in order to participate, spectators must meet one of four access conditions: vaccine against the SARS-CoV-2 virus (+10 days from completing the full vaccination schedule), negative result of an RT-PCR test no older than 72 hours, certified negative result of a rapid antigen test no older than 24 hours or certificate attesting that they are between the 15th and 90th day following confirmation of infection with SARS-CoV-2. Minors are exempt from presenting this medical evidence. Wearing a mask remains mandatory for all participants, except for minors under 5 years of age.<\/p>\n<p style=\"text-align: justify;\">We look forward to seeing you!<\/p>","protected":false},"excerpt":{"rendered":"<p>Trupa Arcadia a Teatrului Regina Maria v\u0103 invit\u0103 vineri, 9 iulie, de ora 19:00 \u0219i s\u00e2mb\u0103t\u0103 10 iulie, de la ora 10:00, \u00een Or\u0103\u0219elul Copiilor, pentru a v\u0103 bucura de premiera estival\u0103 outdoor (\u00een aer liber) a spectacolului \u201eB\u0103ie\u021belul care se putea mu\u0219ca de nas\u201d, de Alex Moldovan, un spectacol de Selma Drago\u0219 (regie) \u0219i [&hellip;]<\/p>\n","protected":false},"author":6,"featured_media":4907,"comment_status":"open","ping_status":"open","sticky":false,"template":"","format":"standard","meta":{"_acf_changed":false,"footnotes":""},"categories":[37],"tags":[],"class_list":["post-4909","post","type-post","status-publish","format-standard","has-post-thumbnail","hentry","category-noutati-trupa-arcadia"],"aioseo_notices":[],"aioseo_head":"\n\t\t<!-- All in One SEO Pro 5.0.1.1 - aioseo.com -->\n\t<meta name=\"description\" content=\"Trupa Arcadia a Teatrului Regina Maria v\u0103 invit\u0103 vineri, 9 iulie, de ora 19:00 \u0219i s\u00e2mb\u0103t\u0103 10 iulie, de la ora 10:00, \u00een Or\u0103\u0219elul Copiilor, pentru a v\u0103 bucura de premiera estival\u0103 outdoor (\u00een aer liber) a spectacolului \u201eB\u0103ie\u021belul care se putea mu\u0219ca de nas\u201d, de Alex Moldovan, un spectacol de Selma Drago\u0219 (regie) \u0219i\" \/>\n\t<meta name=\"robots\" content=\"max-image-preview:large\" \/>\n\t<meta name=\"author\" content=\"Teatrul Regina Maria\"\/>\n\t<link rel=\"canonical\" href=\"https:\/\/www.teatrulreginamaria.ro\/en\/comunicat-de-presa-premiera-trupa-arcadia-baietelul-care-se-putea-musca-de-nas\/\" \/>\n\t<meta name=\"generator\" content=\"All in One SEO Pro (AIOSEO) 5.0.1.1\" \/>\n\t\t<meta property=\"og:locale\" content=\"en_GB\" \/>\n\t\t<meta property=\"og:site_name\" content=\"Teatrul Regina Maria Oradea - Trupa Iosif Vulcan \u0219i Trupa Arcadia\" \/>\n\t\t<meta property=\"og:type\" content=\"article\" \/>\n\t\t<meta property=\"og:title\" content=\"Comunicat de pres\u0103 \u01c0 Premier\u0103 Trupa Arcadia: \u201eB\u0103ie\u021belul care se putea mu\u0219ca de nas\u201d - Teatrul Regina Maria Oradea\" \/>\n\t\t<meta property=\"og:description\" content=\"Trupa Arcadia a Teatrului Regina Maria v\u0103 invit\u0103 vineri, 9 iulie, de ora 19:00 \u0219i s\u00e2mb\u0103t\u0103 10 iulie, de la ora 10:00, \u00een Or\u0103\u0219elul Copiilor, pentru a v\u0103 bucura de premiera estival\u0103 outdoor (\u00een aer liber) a spectacolului \u201eB\u0103ie\u021belul care se putea mu\u0219ca de nas\u201d, de Alex Moldovan, un spectacol de Selma Drago\u0219 (regie) \u0219i\" \/>\n\t\t<meta property=\"og:url\" content=\"https:\/\/www.teatrulreginamaria.ro\/en\/comunicat-de-presa-premiera-trupa-arcadia-baietelul-care-se-putea-musca-de-nas\/\" \/>\n\t\t<meta property=\"og:image\" content=\"https:\/\/www.teatrulreginamaria.ro\/wp-content\/uploads\/2025\/03\/trm-istoric-01.jpg\" \/>\n\t\t<meta property=\"og:image:secure_url\" content=\"https:\/\/www.teatrulreginamaria.ro\/wp-content\/uploads\/2025\/03\/trm-istoric-01.jpg\" \/>\n\t\t<meta property=\"og:image:width\" content=\"1200\" \/>\n\t\t<meta property=\"og:image:height\" content=\"800\" \/>\n\t\t<meta property=\"article:published_time\" content=\"2021-07-07T08:51:58+00:00\" \/>\n\t\t<meta property=\"article:modified_time\" content=\"2021-07-07T08:51:58+00:00\" \/>\n\t\t<meta property=\"article:publisher\" content=\"https:\/\/www.facebook.com\/TRMTrupaIosifVulcan\/\" \/>\n\t\t<meta name=\"twitter:card\" content=\"summary_large_image\" \/>\n\t\t<meta name=\"twitter:site\" content=\"@TRMOradea\" \/>\n\t\t<meta name=\"twitter:title\" content=\"Comunicat de pres\u0103 \u01c0 Premier\u0103 Trupa Arcadia: \u201eB\u0103ie\u021belul care se putea mu\u0219ca de nas\u201d - Teatrul Regina Maria Oradea\" \/>\n\t\t<meta name=\"twitter:description\" content=\"Trupa Arcadia a Teatrului Regina Maria v\u0103 invit\u0103 vineri, 9 iulie, de ora 19:00 \u0219i s\u00e2mb\u0103t\u0103 10 iulie, de la ora 10:00, \u00een Or\u0103\u0219elul Copiilor, pentru a v\u0103 bucura de premiera estival\u0103 outdoor (\u00een aer liber) a spectacolului \u201eB\u0103ie\u021belul care se putea mu\u0219ca de nas\u201d, de Alex Moldovan, un spectacol de Selma Drago\u0219 (regie) \u0219i\" \/>\n\t\t<meta name=\"twitter:creator\" content=\"@TRMOradea\" \/>\n\t\t<meta name=\"twitter:image\" content=\"https:\/\/www.teatrulreginamaria.ro\/wp-content\/uploads\/2025\/03\/trm-istoric-01.jpg\" \/>\n\t\t<script type=\"application\/ld+json\" class=\"aioseo-schema\">\n\t\t\t{\"@context\":\"https:\\\/\\\/schema.org\",\"@graph\":[{\"@type\":\"BlogPosting\",\"@id\":\"https:\\\/\\\/www.teatrulreginamaria.ro\\\/en\\\/comunicat-de-presa-premiera-trupa-arcadia-baietelul-care-se-putea-musca-de-nas\\\/#blogposting\",\"name\":\"Comunicat de pres\\u0103 \\u01c0 Premier\\u0103 Trupa Arcadia: \\u201eB\\u0103ie\\u021belul care se putea mu\\u0219ca de nas\\u201d - Teatrul Regina Maria Oradea\",\"headline\":\"Comunicat de pres\\u0103 \\u01c0 Premier\\u0103 Trupa Arcadia: \\u201eB\\u0103ie\\u021belul care se putea mu\\u0219ca de nas\\u201d\",\"author\":{\"@id\":\"https:\\\/\\\/www.teatrulreginamaria.ro\\\/en\\\/author\\\/w3bmaster\\\/#author\"},\"publisher\":{\"@id\":\"https:\\\/\\\/www.teatrulreginamaria.ro\\\/en\\\/#organization\"},\"image\":{\"@type\":\"ImageObject\",\"url\":\"https:\\\/\\\/www.teatrulreginamaria.ro\\\/wp-content\\\/uploads\\\/2021\\\/07\\\/afis-baietelul-care-se-putea-musca-de-nas_2.jpg\",\"width\":1060,\"height\":1500},\"datePublished\":\"2021-07-07T08:51:58+03:00\",\"dateModified\":\"2021-07-07T08:51:58+03:00\",\"inLanguage\":\"en-GB\",\"mainEntityOfPage\":{\"@id\":\"https:\\\/\\\/www.teatrulreginamaria.ro\\\/en\\\/comunicat-de-presa-premiera-trupa-arcadia-baietelul-care-se-putea-musca-de-nas\\\/#webpage\"},\"isPartOf\":{\"@id\":\"https:\\\/\\\/www.teatrulreginamaria.ro\\\/en\\\/comunicat-de-presa-premiera-trupa-arcadia-baietelul-care-se-putea-musca-de-nas\\\/#webpage\"},\"articleSection\":\"Nout\\u0103\\u021bi - Trupa Arcadia\"},{\"@type\":\"BreadcrumbList\",\"@id\":\"https:\\\/\\\/www.teatrulreginamaria.ro\\\/en\\\/comunicat-de-presa-premiera-trupa-arcadia-baietelul-care-se-putea-musca-de-nas\\\/#breadcrumblist\",\"itemListElement\":[{\"@type\":\"ListItem\",\"@id\":\"https:\\\/\\\/www.teatrulreginamaria.ro\\\/en#listItem\",\"position\":1,\"name\":\"Home\",\"item\":\"https:\\\/\\\/www.teatrulreginamaria.ro\\\/en\",\"nextItem\":{\"@type\":\"ListItem\",\"@id\":\"https:\\\/\\\/www.teatrulreginamaria.ro\\\/en\\\/categorie\\\/noutati\\\/#listItem\",\"name\":\"Nout\\u0103\\u021bi\"}},{\"@type\":\"ListItem\",\"@id\":\"https:\\\/\\\/www.teatrulreginamaria.ro\\\/en\\\/categorie\\\/noutati\\\/#listItem\",\"position\":2,\"name\":\"Nout\\u0103\\u021bi\",\"item\":\"https:\\\/\\\/www.teatrulreginamaria.ro\\\/en\\\/categorie\\\/noutati\\\/\",\"nextItem\":{\"@type\":\"ListItem\",\"@id\":\"https:\\\/\\\/www.teatrulreginamaria.ro\\\/en\\\/categorie\\\/noutati\\\/noutati-trupa-arcadia\\\/#listItem\",\"name\":\"Nout\\u0103\\u021bi - Trupa Arcadia\"},\"previousItem\":{\"@type\":\"ListItem\",\"@id\":\"https:\\\/\\\/www.teatrulreginamaria.ro\\\/en#listItem\",\"name\":\"Home\"}},{\"@type\":\"ListItem\",\"@id\":\"https:\\\/\\\/www.teatrulreginamaria.ro\\\/en\\\/categorie\\\/noutati\\\/noutati-trupa-arcadia\\\/#listItem\",\"position\":3,\"name\":\"Nout\\u0103\\u021bi - Trupa Arcadia\",\"item\":\"https:\\\/\\\/www.teatrulreginamaria.ro\\\/en\\\/categorie\\\/noutati\\\/noutati-trupa-arcadia\\\/\",\"nextItem\":{\"@type\":\"ListItem\",\"@id\":\"https:\\\/\\\/www.teatrulreginamaria.ro\\\/en\\\/comunicat-de-presa-premiera-trupa-arcadia-baietelul-care-se-putea-musca-de-nas\\\/#listItem\",\"name\":\"Comunicat de pres\\u0103 \\u01c0 Premier\\u0103 Trupa Arcadia: \\u201eB\\u0103ie\\u021belul care se putea mu\\u0219ca de nas\\u201d\"},\"previousItem\":{\"@type\":\"ListItem\",\"@id\":\"https:\\\/\\\/www.teatrulreginamaria.ro\\\/en\\\/categorie\\\/noutati\\\/#listItem\",\"name\":\"Nout\\u0103\\u021bi\"}},{\"@type\":\"ListItem\",\"@id\":\"https:\\\/\\\/www.teatrulreginamaria.ro\\\/en\\\/comunicat-de-presa-premiera-trupa-arcadia-baietelul-care-se-putea-musca-de-nas\\\/#listItem\",\"position\":4,\"name\":\"Comunicat de pres\\u0103 \\u01c0 Premier\\u0103 Trupa Arcadia: \\u201eB\\u0103ie\\u021belul care se putea mu\\u0219ca de nas\\u201d\",\"previousItem\":{\"@type\":\"ListItem\",\"@id\":\"https:\\\/\\\/www.teatrulreginamaria.ro\\\/en\\\/categorie\\\/noutati\\\/noutati-trupa-arcadia\\\/#listItem\",\"name\":\"Nout\\u0103\\u021bi - Trupa Arcadia\"}}]},{\"@type\":\"Organization\",\"@id\":\"https:\\\/\\\/www.teatrulreginamaria.ro\\\/en\\\/#organization\",\"name\":\"Teatrul Regina Maria Oradea\",\"description\":\"Trupa Iosif Vulcan \\u0219i Trupa Arcadia\",\"url\":\"https:\\\/\\\/www.teatrulreginamaria.ro\\\/en\\\/\",\"email\":\"marketing@teatrulreginamaria.ro\",\"telephone\":\"+40359411534\",\"numberOfEmployees\":{\"@type\":\"QuantitativeValue\",\"minValue\":0,\"maxValue\":150},\"logo\":{\"@type\":\"ImageObject\",\"url\":\"https:\\\/\\\/www.teatrulreginamaria.ro\\\/wp-content\\\/uploads\\\/2025\\\/06\\\/logo-trm-01-dark.png\",\"@id\":\"https:\\\/\\\/www.teatrulreginamaria.ro\\\/en\\\/comunicat-de-presa-premiera-trupa-arcadia-baietelul-care-se-putea-musca-de-nas\\\/#organizationLogo\",\"width\":300,\"height\":148},\"image\":{\"@id\":\"https:\\\/\\\/www.teatrulreginamaria.ro\\\/en\\\/comunicat-de-presa-premiera-trupa-arcadia-baietelul-care-se-putea-musca-de-nas\\\/#organizationLogo\"},\"sameAs\":[\"https:\\\/\\\/www.facebook.com\\\/TRMTrupaIosifVulcan\\\/\",\"https:\\\/\\\/x.com\\\/TRMOradea\",\"https:\\\/\\\/www.instagram.com\\\/teatrul_regina_maria\\\/\",\"https:\\\/\\\/www.youtube.com\\\/c\\\/TeatrulReginaMariaOradea\",\"https:\\\/\\\/www.linkedin.com\\\/company\\\/teatrul-regina-maria\"]},{\"@type\":\"Person\",\"@id\":\"https:\\\/\\\/www.teatrulreginamaria.ro\\\/en\\\/author\\\/w3bmaster\\\/#author\",\"url\":\"https:\\\/\\\/www.teatrulreginamaria.ro\\\/en\\\/author\\\/w3bmaster\\\/\",\"name\":\"Teatrul Regina Maria\",\"image\":{\"@type\":\"ImageObject\",\"@id\":\"https:\\\/\\\/www.teatrulreginamaria.ro\\\/en\\\/comunicat-de-presa-premiera-trupa-arcadia-baietelul-care-se-putea-musca-de-nas\\\/#authorImage\",\"url\":\"https:\\\/\\\/secure.gravatar.com\\\/avatar\\\/5884139d508ae3f0bafe45e60563b48a9640146d3b08ccc6278c305ff9329305?s=96&d=mm&r=g\",\"width\":96,\"height\":96,\"caption\":\"Teatrul Regina Maria\"}},{\"@type\":\"WebPage\",\"@id\":\"https:\\\/\\\/www.teatrulreginamaria.ro\\\/en\\\/comunicat-de-presa-premiera-trupa-arcadia-baietelul-care-se-putea-musca-de-nas\\\/#webpage\",\"url\":\"https:\\\/\\\/www.teatrulreginamaria.ro\\\/en\\\/comunicat-de-presa-premiera-trupa-arcadia-baietelul-care-se-putea-musca-de-nas\\\/\",\"name\":\"Comunicat de pres\\u0103 \\u01c0 Premier\\u0103 Trupa Arcadia: \\u201eB\\u0103ie\\u021belul care se putea mu\\u0219ca de nas\\u201d - Teatrul Regina Maria Oradea\",\"description\":\"Trupa Arcadia a Teatrului Regina Maria v\\u0103 invit\\u0103 vineri, 9 iulie, de ora 19:00 \\u0219i s\\u00e2mb\\u0103t\\u0103 10 iulie, de la ora 10:00, \\u00een Or\\u0103\\u0219elul Copiilor, pentru a v\\u0103 bucura de premiera estival\\u0103 outdoor (\\u00een aer liber) a spectacolului \\u201eB\\u0103ie\\u021belul care se putea mu\\u0219ca de nas\\u201d, de Alex Moldovan, un spectacol de Selma Drago\\u0219 (regie) \\u0219i\",\"inLanguage\":\"en-GB\",\"isPartOf\":{\"@id\":\"https:\\\/\\\/www.teatrulreginamaria.ro\\\/en\\\/#website\"},\"breadcrumb\":{\"@id\":\"https:\\\/\\\/www.teatrulreginamaria.ro\\\/en\\\/comunicat-de-presa-premiera-trupa-arcadia-baietelul-care-se-putea-musca-de-nas\\\/#breadcrumblist\"},\"author\":{\"@id\":\"https:\\\/\\\/www.teatrulreginamaria.ro\\\/en\\\/author\\\/w3bmaster\\\/#author\"},\"creator\":{\"@id\":\"https:\\\/\\\/www.teatrulreginamaria.ro\\\/en\\\/author\\\/w3bmaster\\\/#author\"},\"image\":{\"@type\":\"ImageObject\",\"url\":\"https:\\\/\\\/www.teatrulreginamaria.ro\\\/wp-content\\\/uploads\\\/2021\\\/07\\\/afis-baietelul-care-se-putea-musca-de-nas_2.jpg\",\"@id\":\"https:\\\/\\\/www.teatrulreginamaria.ro\\\/en\\\/comunicat-de-presa-premiera-trupa-arcadia-baietelul-care-se-putea-musca-de-nas\\\/#mainImage\",\"width\":1060,\"height\":1500},\"primaryImageOfPage\":{\"@id\":\"https:\\\/\\\/www.teatrulreginamaria.ro\\\/en\\\/comunicat-de-presa-premiera-trupa-arcadia-baietelul-care-se-putea-musca-de-nas\\\/#mainImage\"},\"datePublished\":\"2021-07-07T08:51:58+03:00\",\"dateModified\":\"2021-07-07T08:51:58+03:00\"},{\"@type\":\"WebSite\",\"@id\":\"https:\\\/\\\/www.teatrulreginamaria.ro\\\/en\\\/#website\",\"url\":\"https:\\\/\\\/www.teatrulreginamaria.ro\\\/en\\\/\",\"name\":\"Teatrul Regina Maria Oradea\",\"alternateName\":\"TRM Oradea\",\"description\":\"Trupa Iosif Vulcan \\u0219i Trupa Arcadia\",\"inLanguage\":\"en-GB\",\"publisher\":{\"@id\":\"https:\\\/\\\/www.teatrulreginamaria.ro\\\/en\\\/#organization\"}}]}\n\t\t<\/script>\n\t\t<!-- All in One SEO Pro -->\r\n\t\t<title>Comunicat de pres\u0103 \u01c0 Premier\u0103 Trupa Arcadia: \u201eB\u0103ie\u021belul care se putea mu\u0219ca de nas\u201d - Teatrul Regina Maria Oradea<\/title>\n\n","aioseo_head_json":{"title":"Press release \u01c0 Premiere Arcadia Troupe: &quot;The Little Boy Who Could Bite His Nose&quot; - Regina Maria Theatre Oradea","description":"The Arcadia troupe of the Regina Maria Theatre invites you on Friday, July 9, from 7:00 PM and Saturday, July 10, from 10:00 AM, in Or\u0103\u0219elul Copiilor, to enjoy the outdoor summer premiere of the show &quot;The Boy Who Could Bite His Nose&quot;, by Alex Moldovan, a show by Selma Drago\u0219 (director) and","canonical_url":"https:\/\/www.teatrulreginamaria.ro\/en\/comunicat-de-presa-premiera-trupa-arcadia-baietelul-care-se-putea-musca-de-nas\/","robots":"max-image-preview:large","keywords":"","webmasterTools":{"miscellaneous":""},"schema":{"@context":"https:\/\/schema.org","@graph":[{"@type":"BlogPosting","@id":"https:\/\/www.teatrulreginamaria.ro\/en\/comunicat-de-presa-premiera-trupa-arcadia-baietelul-care-se-putea-musca-de-nas\/#blogposting","name":"Comunicat de pres\u0103 \u01c0 Premier\u0103 Trupa Arcadia: \u201eB\u0103ie\u021belul care se putea mu\u0219ca de nas\u201d - Teatrul Regina Maria Oradea","headline":"Comunicat de pres\u0103 \u01c0 Premier\u0103 Trupa Arcadia: \u201eB\u0103ie\u021belul care se putea mu\u0219ca de nas\u201d","author":{"@id":"https:\/\/www.teatrulreginamaria.ro\/en\/author\/w3bmaster\/#author"},"publisher":{"@id":"https:\/\/www.teatrulreginamaria.ro\/en\/#organization"},"image":{"@type":"ImageObject","url":"https:\/\/www.teatrulreginamaria.ro\/wp-content\/uploads\/2021\/07\/afis-baietelul-care-se-putea-musca-de-nas_2.jpg","width":1060,"height":1500},"datePublished":"2021-07-07T08:51:58+03:00","dateModified":"2021-07-07T08:51:58+03:00","inLanguage":"en-GB","mainEntityOfPage":{"@id":"https:\/\/www.teatrulreginamaria.ro\/en\/comunicat-de-presa-premiera-trupa-arcadia-baietelul-care-se-putea-musca-de-nas\/#webpage"},"isPartOf":{"@id":"https:\/\/www.teatrulreginamaria.ro\/en\/comunicat-de-presa-premiera-trupa-arcadia-baietelul-care-se-putea-musca-de-nas\/#webpage"},"articleSection":"Nout\u0103\u021bi - Trupa Arcadia"},{"@type":"BreadcrumbList","@id":"https:\/\/www.teatrulreginamaria.ro\/en\/comunicat-de-presa-premiera-trupa-arcadia-baietelul-care-se-putea-musca-de-nas\/#breadcrumblist","itemListElement":[{"@type":"ListItem","@id":"https:\/\/www.teatrulreginamaria.ro\/en#listItem","position":1,"name":"Home","item":"https:\/\/www.teatrulreginamaria.ro\/en","nextItem":{"@type":"ListItem","@id":"https:\/\/www.teatrulreginamaria.ro\/en\/categorie\/noutati\/#listItem","name":"Nout\u0103\u021bi"}},{"@type":"ListItem","@id":"https:\/\/www.teatrulreginamaria.ro\/en\/categorie\/noutati\/#listItem","position":2,"name":"Nout\u0103\u021bi","item":"https:\/\/www.teatrulreginamaria.ro\/en\/categorie\/noutati\/","nextItem":{"@type":"ListItem","@id":"https:\/\/www.teatrulreginamaria.ro\/en\/categorie\/noutati\/noutati-trupa-arcadia\/#listItem","name":"Nout\u0103\u021bi - Trupa Arcadia"},"previousItem":{"@type":"ListItem","@id":"https:\/\/www.teatrulreginamaria.ro\/en#listItem","name":"Home"}},{"@type":"ListItem","@id":"https:\/\/www.teatrulreginamaria.ro\/en\/categorie\/noutati\/noutati-trupa-arcadia\/#listItem","position":3,"name":"Nout\u0103\u021bi - Trupa Arcadia","item":"https:\/\/www.teatrulreginamaria.ro\/en\/categorie\/noutati\/noutati-trupa-arcadia\/","nextItem":{"@type":"ListItem","@id":"https:\/\/www.teatrulreginamaria.ro\/en\/comunicat-de-presa-premiera-trupa-arcadia-baietelul-care-se-putea-musca-de-nas\/#listItem","name":"Comunicat de pres\u0103 \u01c0 Premier\u0103 Trupa Arcadia: \u201eB\u0103ie\u021belul care se putea mu\u0219ca de nas\u201d"},"previousItem":{"@type":"ListItem","@id":"https:\/\/www.teatrulreginamaria.ro\/en\/categorie\/noutati\/#listItem","name":"Nout\u0103\u021bi"}},{"@type":"ListItem","@id":"https:\/\/www.teatrulreginamaria.ro\/en\/comunicat-de-presa-premiera-trupa-arcadia-baietelul-care-se-putea-musca-de-nas\/#listItem","position":4,"name":"Comunicat de pres\u0103 \u01c0 Premier\u0103 Trupa Arcadia: \u201eB\u0103ie\u021belul care se putea mu\u0219ca de nas\u201d","previousItem":{"@type":"ListItem","@id":"https:\/\/www.teatrulreginamaria.ro\/en\/categorie\/noutati\/noutati-trupa-arcadia\/#listItem","name":"Nout\u0103\u021bi - Trupa Arcadia"}}]},{"@type":"Organization","@id":"https:\/\/www.teatrulreginamaria.ro\/en\/#organization","name":"Teatrul Regina Maria Oradea","description":"Trupa Iosif Vulcan \u0219i Trupa Arcadia","url":"https:\/\/www.teatrulreginamaria.ro\/en\/","email":"marketing@teatrulreginamaria.ro","telephone":"+40359411534","numberOfEmployees":{"@type":"QuantitativeValue","minValue":0,"maxValue":150},"logo":{"@type":"ImageObject","url":"https:\/\/www.teatrulreginamaria.ro\/wp-content\/uploads\/2025\/06\/logo-trm-01-dark.png","@id":"https:\/\/www.teatrulreginamaria.ro\/en\/comunicat-de-presa-premiera-trupa-arcadia-baietelul-care-se-putea-musca-de-nas\/#organizationLogo","width":300,"height":148},"image":{"@id":"https:\/\/www.teatrulreginamaria.ro\/en\/comunicat-de-presa-premiera-trupa-arcadia-baietelul-care-se-putea-musca-de-nas\/#organizationLogo"},"sameAs":["https:\/\/www.facebook.com\/TRMTrupaIosifVulcan\/","https:\/\/x.com\/TRMOradea","https:\/\/www.instagram.com\/teatrul_regina_maria\/","https:\/\/www.youtube.com\/c\/TeatrulReginaMariaOradea","https:\/\/www.linkedin.com\/company\/teatrul-regina-maria"]},{"@type":"Person","@id":"https:\/\/www.teatrulreginamaria.ro\/en\/author\/w3bmaster\/#author","url":"https:\/\/www.teatrulreginamaria.ro\/en\/author\/w3bmaster\/","name":"Teatrul Regina Maria","image":{"@type":"ImageObject","@id":"https:\/\/www.teatrulreginamaria.ro\/en\/comunicat-de-presa-premiera-trupa-arcadia-baietelul-care-se-putea-musca-de-nas\/#authorImage","url":"https:\/\/secure.gravatar.com\/avatar\/5884139d508ae3f0bafe45e60563b48a9640146d3b08ccc6278c305ff9329305?s=96&d=mm&r=g","width":96,"height":96,"caption":"Teatrul Regina Maria"}},{"@type":"WebPage","@id":"https:\/\/www.teatrulreginamaria.ro\/en\/comunicat-de-presa-premiera-trupa-arcadia-baietelul-care-se-putea-musca-de-nas\/#webpage","url":"https:\/\/www.teatrulreginamaria.ro\/en\/comunicat-de-presa-premiera-trupa-arcadia-baietelul-care-se-putea-musca-de-nas\/","name":"Comunicat de pres\u0103 \u01c0 Premier\u0103 Trupa Arcadia: \u201eB\u0103ie\u021belul care se putea mu\u0219ca de nas\u201d - Teatrul Regina Maria Oradea","description":"Trupa Arcadia a Teatrului Regina Maria v\u0103 invit\u0103 vineri, 9 iulie, de ora 19:00 \u0219i s\u00e2mb\u0103t\u0103 10 iulie, de la ora 10:00, \u00een Or\u0103\u0219elul Copiilor, pentru a v\u0103 bucura de premiera estival\u0103 outdoor (\u00een aer liber) a spectacolului \u201eB\u0103ie\u021belul care se putea mu\u0219ca de nas\u201d, de Alex Moldovan, un spectacol de Selma Drago\u0219 (regie) \u0219i","inLanguage":"en-GB","isPartOf":{"@id":"https:\/\/www.teatrulreginamaria.ro\/en\/#website"},"breadcrumb":{"@id":"https:\/\/www.teatrulreginamaria.ro\/en\/comunicat-de-presa-premiera-trupa-arcadia-baietelul-care-se-putea-musca-de-nas\/#breadcrumblist"},"author":{"@id":"https:\/\/www.teatrulreginamaria.ro\/en\/author\/w3bmaster\/#author"},"creator":{"@id":"https:\/\/www.teatrulreginamaria.ro\/en\/author\/w3bmaster\/#author"},"image":{"@type":"ImageObject","url":"https:\/\/www.teatrulreginamaria.ro\/wp-content\/uploads\/2021\/07\/afis-baietelul-care-se-putea-musca-de-nas_2.jpg","@id":"https:\/\/www.teatrulreginamaria.ro\/en\/comunicat-de-presa-premiera-trupa-arcadia-baietelul-care-se-putea-musca-de-nas\/#mainImage","width":1060,"height":1500},"primaryImageOfPage":{"@id":"https:\/\/www.teatrulreginamaria.ro\/en\/comunicat-de-presa-premiera-trupa-arcadia-baietelul-care-se-putea-musca-de-nas\/#mainImage"},"datePublished":"2021-07-07T08:51:58+03:00","dateModified":"2021-07-07T08:51:58+03:00"},{"@type":"WebSite","@id":"https:\/\/www.teatrulreginamaria.ro\/en\/#website","url":"https:\/\/www.teatrulreginamaria.ro\/en\/","name":"Teatrul Regina Maria Oradea","alternateName":"TRM Oradea","description":"Trupa Iosif Vulcan \u0219i Trupa Arcadia","inLanguage":"en-GB","publisher":{"@id":"https:\/\/www.teatrulreginamaria.ro\/en\/#organization"}}]},"og:locale":"en_GB","og:site_name":"Teatrul Regina Maria Oradea - Trupa Iosif Vulcan \u0219i Trupa Arcadia","og:type":"article","og:title":"Comunicat de pres\u0103 \u01c0 Premier\u0103 Trupa Arcadia: \u201eB\u0103ie\u021belul care se putea mu\u0219ca de nas\u201d - Teatrul Regina Maria Oradea","og:description":"Trupa Arcadia a Teatrului Regina Maria v\u0103 invit\u0103 vineri, 9 iulie, de ora 19:00 \u0219i s\u00e2mb\u0103t\u0103 10 iulie, de la ora 10:00, \u00een Or\u0103\u0219elul Copiilor, pentru a v\u0103 bucura de premiera estival\u0103 outdoor (\u00een aer liber) a spectacolului \u201eB\u0103ie\u021belul care se putea mu\u0219ca de nas\u201d, de Alex Moldovan, un spectacol de Selma Drago\u0219 (regie) \u0219i","og:url":"https:\/\/www.teatrulreginamaria.ro\/en\/comunicat-de-presa-premiera-trupa-arcadia-baietelul-care-se-putea-musca-de-nas\/","og:image":"https:\/\/www.teatrulreginamaria.ro\/wp-content\/uploads\/2025\/03\/trm-istoric-01.jpg","og:image:secure_url":"https:\/\/www.teatrulreginamaria.ro\/wp-content\/uploads\/2025\/03\/trm-istoric-01.jpg","og:image:width":1200,"og:image:height":800,"article:published_time":"2021-07-07T08:51:58+00:00","article:modified_time":"2021-07-07T08:51:58+00:00","article:publisher":"https:\/\/www.facebook.com\/TRMTrupaIosifVulcan\/","twitter:card":"summary_large_image","twitter:site":"@TRMOradea","twitter:title":"Comunicat de pres\u0103 \u01c0 Premier\u0103 Trupa Arcadia: \u201eB\u0103ie\u021belul care se putea mu\u0219ca de nas\u201d - Teatrul Regina Maria Oradea","twitter:description":"Trupa Arcadia a Teatrului Regina Maria v\u0103 invit\u0103 vineri, 9 iulie, de ora 19:00 \u0219i s\u00e2mb\u0103t\u0103 10 iulie, de la ora 10:00, \u00een Or\u0103\u0219elul Copiilor, pentru a v\u0103 bucura de premiera estival\u0103 outdoor (\u00een aer liber) a spectacolului \u201eB\u0103ie\u021belul care se putea mu\u0219ca de nas\u201d, de Alex Moldovan, un spectacol de Selma Drago\u0219 (regie) \u0219i","twitter:creator":"@TRMOradea","twitter:image":"https:\/\/www.teatrulreginamaria.ro\/wp-content\/uploads\/2025\/03\/trm-istoric-01.jpg"},"aioseo_meta_data":{"post_id":"4909","title":null,"description":null,"keywords":null,"keyphrases":null,"primary_term":null,"canonical_url":null,"og_title":null,"og_description":null,"og_object_type":"default","og_image_type":"default","og_image_url":null,"og_image_width":null,"og_image_height":null,"og_image_custom_url":null,"og_image_custom_fields":null,"og_video":null,"og_custom_url":null,"og_article_section":null,"og_article_tags":null,"twitter_use_og":false,"twitter_card":"default","twitter_image_type":"default","twitter_image_url":null,"twitter_image_custom_url":null,"twitter_image_custom_fields":null,"twitter_title":null,"twitter_description":null,"schema":{"blockGraphs":[],"customGraphs":[],"default":{"data":{"Article":[],"Course":[],"Dataset":[],"FAQPage":[],"Movie":[],"Person":[],"Product":[],"ProductReview":[],"Car":[],"Recipe":[],"Service":[],"SoftwareApplication":[],"WebPage":[]},"graphName":"","isEnabled":true},"graphs":[]},"schema_type":"default","schema_type_options":null,"pillar_content":false,"robots_default":true,"robots_noindex":false,"robots_noarchive":false,"robots_nosnippet":false,"robots_nofollow":false,"robots_noimageindex":false,"robots_noodp":false,"robots_notranslate":false,"robots_max_snippet":null,"robots_max_videopreview":null,"robots_max_imagepreview":"large","priority":null,"frequency":null,"local_seo":null,"seo_analyzer_scan_date":"2026-05-13 02:46:59","breadcrumb_settings":null,"limit_modified_date":false,"reviewed_by":null,"open_ai":null,"ai":null,"created":"2025-04-09 17:42:43","updated":"2026-05-13 02:46:59","focus_keyword":null,"additional_keywords":null,"truseo_locale":null},"aioseo_breadcrumb":"<div class=\"aioseo-breadcrumbs\"><span class=\"aioseo-breadcrumb\">\n\t<a href=\"https:\/\/www.teatrulreginamaria.ro\/en\" title=\"Home\">Home<\/a>\n<\/span><span class=\"aioseo-breadcrumb-separator\">&raquo;<\/span><span class=\"aioseo-breadcrumb\">\n\t<a href=\"https:\/\/www.teatrulreginamaria.ro\/en\/categorie\/noutati\/\" title=\"Nout\u0103\u021bi\">Nout\u0103\u021bi<\/a>\n<\/span><span class=\"aioseo-breadcrumb-separator\">&raquo;<\/span><span class=\"aioseo-breadcrumb\">\n\t<a href=\"https:\/\/www.teatrulreginamaria.ro\/en\/categorie\/noutati\/noutati-trupa-arcadia\/\" title=\"Nout\u0103\u021bi - Trupa Arcadia\">Nout\u0103\u021bi - Trupa Arcadia<\/a>\n<\/span><span class=\"aioseo-breadcrumb-separator\">&raquo;<\/span><span class=\"aioseo-breadcrumb\">\n\tComunicat de pres\u0103 \u01c0 Premier\u0103 Trupa Arcadia: \u201eB\u0103ie\u021belul care se putea mu\u0219ca de nas\u201d\n<\/span><\/div>","aioseo_breadcrumb_json":[{"label":"Home","link":"https:\/\/www.teatrulreginamaria.ro\/en"},{"label":"Nout\u0103\u021bi","link":"https:\/\/www.teatrulreginamaria.ro\/en\/categorie\/noutati\/"},{"label":"Nout\u0103\u021bi - Trupa Arcadia","link":"https:\/\/www.teatrulreginamaria.ro\/en\/categorie\/noutati\/noutati-trupa-arcadia\/"},{"label":"Comunicat de pres\u0103 \u01c0 Premier\u0103 Trupa Arcadia: \u201eB\u0103ie\u021belul care se putea mu\u0219ca de nas\u201d","link":"https:\/\/www.teatrulreginamaria.ro\/en\/comunicat-de-presa-premiera-trupa-arcadia-baietelul-care-se-putea-musca-de-nas\/"}],"acf":[],"_links":{"self":[{"href":"https:\/\/www.teatrulreginamaria.ro\/en\/wp-json\/wp\/v2\/posts\/4909","targetHints":{"allow":["GET"]}}],"collection":[{"href":"https:\/\/www.teatrulreginamaria.ro\/en\/wp-json\/wp\/v2\/posts"}],"about":[{"href":"https:\/\/www.teatrulreginamaria.ro\/en\/wp-json\/wp\/v2\/types\/post"}],"author":[{"embeddable":true,"href":"https:\/\/www.teatrulreginamaria.ro\/en\/wp-json\/wp\/v2\/users\/6"}],"replies":[{"embeddable":true,"href":"https:\/\/www.teatrulreginamaria.ro\/en\/wp-json\/wp\/v2\/comments?post=4909"}],"version-history":[{"count":0,"href":"https:\/\/www.teatrulreginamaria.ro\/en\/wp-json\/wp\/v2\/posts\/4909\/revisions"}],"wp:featuredmedia":[{"embeddable":true,"href":"https:\/\/www.teatrulreginamaria.ro\/en\/wp-json\/wp\/v2\/media\/4907"}],"wp:attachment":[{"href":"https:\/\/www.teatrulreginamaria.ro\/en\/wp-json\/wp\/v2\/media?parent=4909"}],"wp:term":[{"taxonomy":"category","embeddable":true,"href":"https:\/\/www.teatrulreginamaria.ro\/en\/wp-json\/wp\/v2\/categories?post=4909"},{"taxonomy":"post_tag","embeddable":true,"href":"https:\/\/www.teatrulreginamaria.ro\/en\/wp-json\/wp\/v2\/tags?post=4909"}],"curies":[{"name":"wp","href":"https:\/\/api.w.org\/{rel}","templated":true}]}}