{"id":4977,"date":"2021-11-12T13:19:52","date_gmt":"2021-11-12T13:19:52","guid":{"rendered":"https:\/\/teatrulreginamaria.ro\/2021\/11\/12\/comunicat-de-presa-armonii-de-toamna-premiera-a-ansamblului-artistic-profesionist-crisana\/"},"modified":"2021-11-12T13:19:52","modified_gmt":"2021-11-12T13:19:52","slug":"press-release-autumn-harmonies-premiere-of-the-professional-artistic-ensemble-crisana","status":"publish","type":"post","link":"https:\/\/www.teatrulreginamaria.ro\/en\/comunicat-de-presa-armonii-de-toamna-premiera-a-ansamblului-artistic-profesionist-crisana\/","title":{"rendered":"PRESS RELEASE AUTUMN HARMONIES | premiere of the Professional Artistic Ensemble &quot;Cri\u0219ana&quot;"},"content":{"rendered":"<p>The &quot;Cri\u0219ana&quot; Professional Artistic Ensemble of the Regina Maria Theater invites you on Friday, November 12, from 6:00 PM, at the Great Hall to enjoy a thematic folklore show: &quot;Autumn Harmonies&quot;.<\/p>\n<p>The ensemble&#039;s beloved artists: Otilia Harago\u0219 Seghedi, Petric\u0103 Popa, Leontin Ciucur, St\u00e2ngaciu, the orchestra and the dance troupe will present folklore moments that harmoniously combine folk music and dance, starting from the two characteristic features of autumn: the play and good will that bring people together during the harvest period, but also the melancholy of long, cool evenings, which invite deep contemplation and dreaming.<\/p>\n<p>The special guests of the event are the Cluj folk music soloists Valeria and Traian Ilea, who form a beautiful couple both on stage and in their personal lives. They have been singing together since 1999, during which time they managed to stand out all over the world, being known especially for the famous song &quot;Pu\u0219ca \u0219i cureaua lat\u0103&quot;.<\/p>\n<p>Tickets are already on sale at the theater agency, open from Tuesday to Friday between 10:00 and 14:00 or one hour before the show, and online at Eventim.ro.<\/p>\n<p>According to the new regulations in force, access to the performance halls is allowed only for people vaccinated against the SARS-COV-2 virus, for whom 10 days have passed since the completion of the complete vaccination schedule, people who present a certificate attesting that they are between the 15th and 180th day following confirmation of infection with SARS-CoV-2, and minors under 12 years of age. Wearing a protective mask is mandatory for the entire duration of the event (from entering the foyer until leaving the building).<\/p>\n<p>We look forward to spending a charming autumn evening together, in the Romanian spirit!<\/p>","protected":false},"excerpt":{"rendered":"<p>Ansamblul Artistic Profesionist \u201eCri\u0219ana\u201d al Teatrului Regina Maria v\u0103 invit\u0103 vineri, 12 noiembrie, de la ora 18:00, la Sala Mare s\u0103 v\u0103 bucura\u021bi de un spectacol folcloric tematic: \u201eArmonii de toamn\u0103\u201d. \u00cendr\u0103gi\u021bii arti\u0219ti ai ansamblului: Otilia Harago\u0219 Seghedi, Petric\u0103 Popa, Leontin Ciucur, St\u00e2ngaciu, orchestra \u0219i corpul de dans vor prezenta momente folclorice care \u00eembin\u0103 armonios [&hellip;]<\/p>\n","protected":false},"author":6,"featured_media":4968,"comment_status":"open","ping_status":"open","sticky":false,"template":"","format":"standard","meta":{"_acf_changed":false,"footnotes":""},"categories":[32],"tags":[],"class_list":["post-4977","post","type-post","status-publish","format-standard","has-post-thumbnail","hentry","category-noutati-ansamblul-crisana"],"aioseo_notices":[],"aioseo_head":"\n\t\t<!-- All in One SEO Pro 5.0.1.1 - aioseo.com -->\n\t<meta name=\"description\" content=\"Ansamblul Artistic Profesionist \u201eCri\u0219ana\u201d al Teatrului Regina Maria v\u0103 invit\u0103 vineri, 12 noiembrie, de la ora 18:00, la Sala Mare s\u0103 v\u0103 bucura\u021bi de un spectacol folcloric tematic: \u201eArmonii de toamn\u0103\u201d. \u00cendr\u0103gi\u021bii arti\u0219ti ai ansamblului: Otilia Harago\u0219 Seghedi, Petric\u0103 Popa, Leontin Ciucur, St\u00e2ngaciu, orchestra \u0219i corpul de dans vor prezenta momente folclorice care \u00eembin\u0103 armonios\" \/>\n\t<meta name=\"robots\" content=\"max-image-preview:large\" \/>\n\t<meta name=\"author\" content=\"Teatrul Regina Maria\"\/>\n\t<link rel=\"canonical\" href=\"https:\/\/www.teatrulreginamaria.ro\/en\/comunicat-de-presa-armonii-de-toamna-premiera-a-ansamblului-artistic-profesionist-crisana\/\" \/>\n\t<meta name=\"generator\" content=\"All in One SEO Pro (AIOSEO) 5.0.1.1\" \/>\n\t\t<meta property=\"og:locale\" content=\"en_GB\" \/>\n\t\t<meta property=\"og:site_name\" content=\"Teatrul Regina Maria Oradea - Trupa Iosif Vulcan \u0219i Trupa Arcadia\" \/>\n\t\t<meta property=\"og:type\" content=\"article\" \/>\n\t\t<meta property=\"og:title\" content=\"COMUNICAT DE PRES\u0102 ARMONII DE TOAMN\u0102 | premier\u0103 a Ansamblului Artistic Profesionist \u201eCri\u0219ana\u201d - Teatrul Regina Maria Oradea\" \/>\n\t\t<meta property=\"og:description\" content=\"Ansamblul Artistic Profesionist \u201eCri\u0219ana\u201d al Teatrului Regina Maria v\u0103 invit\u0103 vineri, 12 noiembrie, de la ora 18:00, la Sala Mare s\u0103 v\u0103 bucura\u021bi de un spectacol folcloric tematic: \u201eArmonii de toamn\u0103\u201d. \u00cendr\u0103gi\u021bii arti\u0219ti ai ansamblului: Otilia Harago\u0219 Seghedi, Petric\u0103 Popa, Leontin Ciucur, St\u00e2ngaciu, orchestra \u0219i corpul de dans vor prezenta momente folclorice care \u00eembin\u0103 armonios\" \/>\n\t\t<meta property=\"og:url\" content=\"https:\/\/www.teatrulreginamaria.ro\/en\/comunicat-de-presa-armonii-de-toamna-premiera-a-ansamblului-artistic-profesionist-crisana\/\" \/>\n\t\t<meta property=\"og:image\" content=\"https:\/\/www.teatrulreginamaria.ro\/wp-content\/uploads\/2025\/03\/trm-istoric-01.jpg\" \/>\n\t\t<meta property=\"og:image:secure_url\" content=\"https:\/\/www.teatrulreginamaria.ro\/wp-content\/uploads\/2025\/03\/trm-istoric-01.jpg\" \/>\n\t\t<meta property=\"og:image:width\" content=\"1200\" \/>\n\t\t<meta property=\"og:image:height\" content=\"800\" \/>\n\t\t<meta property=\"article:published_time\" content=\"2021-11-12T13:19:52+00:00\" \/>\n\t\t<meta property=\"article:modified_time\" content=\"2021-11-12T13:19:52+00:00\" \/>\n\t\t<meta property=\"article:publisher\" content=\"https:\/\/www.facebook.com\/TRMTrupaIosifVulcan\/\" \/>\n\t\t<meta name=\"twitter:card\" content=\"summary_large_image\" \/>\n\t\t<meta name=\"twitter:site\" content=\"@TRMOradea\" \/>\n\t\t<meta name=\"twitter:title\" content=\"COMUNICAT DE PRES\u0102 ARMONII DE TOAMN\u0102 | premier\u0103 a Ansamblului Artistic Profesionist \u201eCri\u0219ana\u201d - Teatrul Regina Maria Oradea\" \/>\n\t\t<meta name=\"twitter:description\" content=\"Ansamblul Artistic Profesionist \u201eCri\u0219ana\u201d al Teatrului Regina Maria v\u0103 invit\u0103 vineri, 12 noiembrie, de la ora 18:00, la Sala Mare s\u0103 v\u0103 bucura\u021bi de un spectacol folcloric tematic: \u201eArmonii de toamn\u0103\u201d. \u00cendr\u0103gi\u021bii arti\u0219ti ai ansamblului: Otilia Harago\u0219 Seghedi, Petric\u0103 Popa, Leontin Ciucur, St\u00e2ngaciu, orchestra \u0219i corpul de dans vor prezenta momente folclorice care \u00eembin\u0103 armonios\" \/>\n\t\t<meta name=\"twitter:creator\" content=\"@TRMOradea\" \/>\n\t\t<meta name=\"twitter:image\" content=\"https:\/\/www.teatrulreginamaria.ro\/wp-content\/uploads\/2025\/03\/trm-istoric-01.jpg\" \/>\n\t\t<script type=\"application\/ld+json\" class=\"aioseo-schema\">\n\t\t\t{\"@context\":\"https:\\\/\\\/schema.org\",\"@graph\":[{\"@type\":\"BlogPosting\",\"@id\":\"https:\\\/\\\/www.teatrulreginamaria.ro\\\/en\\\/comunicat-de-presa-armonii-de-toamna-premiera-a-ansamblului-artistic-profesionist-crisana\\\/#blogposting\",\"name\":\"COMUNICAT DE PRES\\u0102 ARMONII DE TOAMN\\u0102 | premier\\u0103 a Ansamblului Artistic Profesionist \\u201eCri\\u0219ana\\u201d - Teatrul Regina Maria Oradea\",\"headline\":\"COMUNICAT DE PRES\\u0102 ARMONII DE TOAMN\\u0102 | premier\\u0103 a Ansamblului Artistic Profesionist \\u201eCri\\u0219ana\\u201d\",\"author\":{\"@id\":\"https:\\\/\\\/www.teatrulreginamaria.ro\\\/en\\\/author\\\/w3bmaster\\\/#author\"},\"publisher\":{\"@id\":\"https:\\\/\\\/www.teatrulreginamaria.ro\\\/en\\\/#organization\"},\"image\":{\"@type\":\"ImageObject\",\"url\":\"https:\\\/\\\/www.teatrulreginamaria.ro\\\/wp-content\\\/uploads\\\/2021\\\/11\\\/Armonii_de_toamn_afi.jpeg\",\"width\":1244,\"height\":1600},\"datePublished\":\"2021-11-12T13:19:52+02:00\",\"dateModified\":\"2021-11-12T13:19:52+02:00\",\"inLanguage\":\"en-GB\",\"mainEntityOfPage\":{\"@id\":\"https:\\\/\\\/www.teatrulreginamaria.ro\\\/en\\\/comunicat-de-presa-armonii-de-toamna-premiera-a-ansamblului-artistic-profesionist-crisana\\\/#webpage\"},\"isPartOf\":{\"@id\":\"https:\\\/\\\/www.teatrulreginamaria.ro\\\/en\\\/comunicat-de-presa-armonii-de-toamna-premiera-a-ansamblului-artistic-profesionist-crisana\\\/#webpage\"},\"articleSection\":\"Nout\\u0103\\u021bi - Ansamblul Cri\\u0219ana\"},{\"@type\":\"BreadcrumbList\",\"@id\":\"https:\\\/\\\/www.teatrulreginamaria.ro\\\/en\\\/comunicat-de-presa-armonii-de-toamna-premiera-a-ansamblului-artistic-profesionist-crisana\\\/#breadcrumblist\",\"itemListElement\":[{\"@type\":\"ListItem\",\"@id\":\"https:\\\/\\\/www.teatrulreginamaria.ro\\\/en#listItem\",\"position\":1,\"name\":\"Home\",\"item\":\"https:\\\/\\\/www.teatrulreginamaria.ro\\\/en\",\"nextItem\":{\"@type\":\"ListItem\",\"@id\":\"https:\\\/\\\/www.teatrulreginamaria.ro\\\/en\\\/categorie\\\/noutati\\\/#listItem\",\"name\":\"Nout\\u0103\\u021bi\"}},{\"@type\":\"ListItem\",\"@id\":\"https:\\\/\\\/www.teatrulreginamaria.ro\\\/en\\\/categorie\\\/noutati\\\/#listItem\",\"position\":2,\"name\":\"Nout\\u0103\\u021bi\",\"item\":\"https:\\\/\\\/www.teatrulreginamaria.ro\\\/en\\\/categorie\\\/noutati\\\/\",\"nextItem\":{\"@type\":\"ListItem\",\"@id\":\"https:\\\/\\\/www.teatrulreginamaria.ro\\\/en\\\/categorie\\\/noutati\\\/noutati-ansamblul-crisana\\\/#listItem\",\"name\":\"Nout\\u0103\\u021bi - Ansamblul Cri\\u0219ana\"},\"previousItem\":{\"@type\":\"ListItem\",\"@id\":\"https:\\\/\\\/www.teatrulreginamaria.ro\\\/en#listItem\",\"name\":\"Home\"}},{\"@type\":\"ListItem\",\"@id\":\"https:\\\/\\\/www.teatrulreginamaria.ro\\\/en\\\/categorie\\\/noutati\\\/noutati-ansamblul-crisana\\\/#listItem\",\"position\":3,\"name\":\"Nout\\u0103\\u021bi - Ansamblul Cri\\u0219ana\",\"item\":\"https:\\\/\\\/www.teatrulreginamaria.ro\\\/en\\\/categorie\\\/noutati\\\/noutati-ansamblul-crisana\\\/\",\"nextItem\":{\"@type\":\"ListItem\",\"@id\":\"https:\\\/\\\/www.teatrulreginamaria.ro\\\/en\\\/comunicat-de-presa-armonii-de-toamna-premiera-a-ansamblului-artistic-profesionist-crisana\\\/#listItem\",\"name\":\"COMUNICAT DE PRES\\u0102 ARMONII DE TOAMN\\u0102 | premier\\u0103 a Ansamblului Artistic Profesionist \\u201eCri\\u0219ana\\u201d\"},\"previousItem\":{\"@type\":\"ListItem\",\"@id\":\"https:\\\/\\\/www.teatrulreginamaria.ro\\\/en\\\/categorie\\\/noutati\\\/#listItem\",\"name\":\"Nout\\u0103\\u021bi\"}},{\"@type\":\"ListItem\",\"@id\":\"https:\\\/\\\/www.teatrulreginamaria.ro\\\/en\\\/comunicat-de-presa-armonii-de-toamna-premiera-a-ansamblului-artistic-profesionist-crisana\\\/#listItem\",\"position\":4,\"name\":\"COMUNICAT DE PRES\\u0102 ARMONII DE TOAMN\\u0102 | premier\\u0103 a Ansamblului Artistic Profesionist \\u201eCri\\u0219ana\\u201d\",\"previousItem\":{\"@type\":\"ListItem\",\"@id\":\"https:\\\/\\\/www.teatrulreginamaria.ro\\\/en\\\/categorie\\\/noutati\\\/noutati-ansamblul-crisana\\\/#listItem\",\"name\":\"Nout\\u0103\\u021bi - Ansamblul Cri\\u0219ana\"}}]},{\"@type\":\"Organization\",\"@id\":\"https:\\\/\\\/www.teatrulreginamaria.ro\\\/en\\\/#organization\",\"name\":\"Teatrul Regina Maria Oradea\",\"description\":\"Trupa Iosif Vulcan \\u0219i Trupa Arcadia\",\"url\":\"https:\\\/\\\/www.teatrulreginamaria.ro\\\/en\\\/\",\"email\":\"marketing@teatrulreginamaria.ro\",\"telephone\":\"+40359411534\",\"numberOfEmployees\":{\"@type\":\"QuantitativeValue\",\"minValue\":0,\"maxValue\":150},\"logo\":{\"@type\":\"ImageObject\",\"url\":\"https:\\\/\\\/www.teatrulreginamaria.ro\\\/wp-content\\\/uploads\\\/2025\\\/06\\\/logo-trm-01-dark.png\",\"@id\":\"https:\\\/\\\/www.teatrulreginamaria.ro\\\/en\\\/comunicat-de-presa-armonii-de-toamna-premiera-a-ansamblului-artistic-profesionist-crisana\\\/#organizationLogo\",\"width\":300,\"height\":148},\"image\":{\"@id\":\"https:\\\/\\\/www.teatrulreginamaria.ro\\\/en\\\/comunicat-de-presa-armonii-de-toamna-premiera-a-ansamblului-artistic-profesionist-crisana\\\/#organizationLogo\"},\"sameAs\":[\"https:\\\/\\\/www.facebook.com\\\/TRMTrupaIosifVulcan\\\/\",\"https:\\\/\\\/x.com\\\/TRMOradea\",\"https:\\\/\\\/www.instagram.com\\\/teatrul_regina_maria\\\/\",\"https:\\\/\\\/www.youtube.com\\\/c\\\/TeatrulReginaMariaOradea\",\"https:\\\/\\\/www.linkedin.com\\\/company\\\/teatrul-regina-maria\"]},{\"@type\":\"Person\",\"@id\":\"https:\\\/\\\/www.teatrulreginamaria.ro\\\/en\\\/author\\\/w3bmaster\\\/#author\",\"url\":\"https:\\\/\\\/www.teatrulreginamaria.ro\\\/en\\\/author\\\/w3bmaster\\\/\",\"name\":\"Teatrul Regina Maria\",\"image\":{\"@type\":\"ImageObject\",\"@id\":\"https:\\\/\\\/www.teatrulreginamaria.ro\\\/en\\\/comunicat-de-presa-armonii-de-toamna-premiera-a-ansamblului-artistic-profesionist-crisana\\\/#authorImage\",\"url\":\"https:\\\/\\\/secure.gravatar.com\\\/avatar\\\/5884139d508ae3f0bafe45e60563b48a9640146d3b08ccc6278c305ff9329305?s=96&d=mm&r=g\",\"width\":96,\"height\":96,\"caption\":\"Teatrul Regina Maria\"}},{\"@type\":\"WebPage\",\"@id\":\"https:\\\/\\\/www.teatrulreginamaria.ro\\\/en\\\/comunicat-de-presa-armonii-de-toamna-premiera-a-ansamblului-artistic-profesionist-crisana\\\/#webpage\",\"url\":\"https:\\\/\\\/www.teatrulreginamaria.ro\\\/en\\\/comunicat-de-presa-armonii-de-toamna-premiera-a-ansamblului-artistic-profesionist-crisana\\\/\",\"name\":\"COMUNICAT DE PRES\\u0102 ARMONII DE TOAMN\\u0102 | premier\\u0103 a Ansamblului Artistic Profesionist \\u201eCri\\u0219ana\\u201d - Teatrul Regina Maria Oradea\",\"description\":\"Ansamblul Artistic Profesionist \\u201eCri\\u0219ana\\u201d al Teatrului Regina Maria v\\u0103 invit\\u0103 vineri, 12 noiembrie, de la ora 18:00, la Sala Mare s\\u0103 v\\u0103 bucura\\u021bi de un spectacol folcloric tematic: \\u201eArmonii de toamn\\u0103\\u201d. \\u00cendr\\u0103gi\\u021bii arti\\u0219ti ai ansamblului: Otilia Harago\\u0219 Seghedi, Petric\\u0103 Popa, Leontin Ciucur, St\\u00e2ngaciu, orchestra \\u0219i corpul de dans vor prezenta momente folclorice care \\u00eembin\\u0103 armonios\",\"inLanguage\":\"en-GB\",\"isPartOf\":{\"@id\":\"https:\\\/\\\/www.teatrulreginamaria.ro\\\/en\\\/#website\"},\"breadcrumb\":{\"@id\":\"https:\\\/\\\/www.teatrulreginamaria.ro\\\/en\\\/comunicat-de-presa-armonii-de-toamna-premiera-a-ansamblului-artistic-profesionist-crisana\\\/#breadcrumblist\"},\"author\":{\"@id\":\"https:\\\/\\\/www.teatrulreginamaria.ro\\\/en\\\/author\\\/w3bmaster\\\/#author\"},\"creator\":{\"@id\":\"https:\\\/\\\/www.teatrulreginamaria.ro\\\/en\\\/author\\\/w3bmaster\\\/#author\"},\"image\":{\"@type\":\"ImageObject\",\"url\":\"https:\\\/\\\/www.teatrulreginamaria.ro\\\/wp-content\\\/uploads\\\/2021\\\/11\\\/Armonii_de_toamn_afi.jpeg\",\"@id\":\"https:\\\/\\\/www.teatrulreginamaria.ro\\\/en\\\/comunicat-de-presa-armonii-de-toamna-premiera-a-ansamblului-artistic-profesionist-crisana\\\/#mainImage\",\"width\":1244,\"height\":1600},\"primaryImageOfPage\":{\"@id\":\"https:\\\/\\\/www.teatrulreginamaria.ro\\\/en\\\/comunicat-de-presa-armonii-de-toamna-premiera-a-ansamblului-artistic-profesionist-crisana\\\/#mainImage\"},\"datePublished\":\"2021-11-12T13:19:52+02:00\",\"dateModified\":\"2021-11-12T13:19:52+02:00\"},{\"@type\":\"WebSite\",\"@id\":\"https:\\\/\\\/www.teatrulreginamaria.ro\\\/en\\\/#website\",\"url\":\"https:\\\/\\\/www.teatrulreginamaria.ro\\\/en\\\/\",\"name\":\"Teatrul Regina Maria Oradea\",\"alternateName\":\"TRM Oradea\",\"description\":\"Trupa Iosif Vulcan \\u0219i Trupa Arcadia\",\"inLanguage\":\"en-GB\",\"publisher\":{\"@id\":\"https:\\\/\\\/www.teatrulreginamaria.ro\\\/en\\\/#organization\"}}]}\n\t\t<\/script>\n\t\t<!-- All in One SEO Pro -->\r\n\t\t<title>COMUNICAT DE PRES\u0102 ARMONII DE TOAMN\u0102 | premier\u0103 a Ansamblului Artistic Profesionist \u201eCri\u0219ana\u201d - Teatrul Regina Maria Oradea<\/title>\n\n","aioseo_head_json":{"title":"PRESS RELEASE AUTUMN HARMONIES | premiere of the Professional Artistic Ensemble &quot;Cri\u0219ana&quot; - Regina Maria Theater Oradea","description":"The Professional Artistic Ensemble &quot;Cri\u0219ana&quot; of the Regina Maria Theatre invites you on Friday, November 12, from 6:00 PM, at the Great Hall to enjoy a thematic folklore show: &quot;Autumn Harmonies&quot;. The ensemble&#039;s beloved artists: Otilia Harago\u0219 Seghedi, Petric\u0103 Popa, Leontin Ciucur, St\u00e2ngaciu, the orchestra and the dance troupe will present folklore moments that harmoniously combine","canonical_url":"https:\/\/www.teatrulreginamaria.ro\/en\/comunicat-de-presa-armonii-de-toamna-premiera-a-ansamblului-artistic-profesionist-crisana\/","robots":"max-image-preview:large","keywords":"","webmasterTools":{"miscellaneous":""},"schema":{"@context":"https:\/\/schema.org","@graph":[{"@type":"BlogPosting","@id":"https:\/\/www.teatrulreginamaria.ro\/en\/comunicat-de-presa-armonii-de-toamna-premiera-a-ansamblului-artistic-profesionist-crisana\/#blogposting","name":"COMUNICAT DE PRES\u0102 ARMONII DE TOAMN\u0102 | premier\u0103 a Ansamblului Artistic Profesionist \u201eCri\u0219ana\u201d - Teatrul Regina Maria Oradea","headline":"COMUNICAT DE PRES\u0102 ARMONII DE TOAMN\u0102 | premier\u0103 a Ansamblului Artistic Profesionist \u201eCri\u0219ana\u201d","author":{"@id":"https:\/\/www.teatrulreginamaria.ro\/en\/author\/w3bmaster\/#author"},"publisher":{"@id":"https:\/\/www.teatrulreginamaria.ro\/en\/#organization"},"image":{"@type":"ImageObject","url":"https:\/\/www.teatrulreginamaria.ro\/wp-content\/uploads\/2021\/11\/Armonii_de_toamn_afi.jpeg","width":1244,"height":1600},"datePublished":"2021-11-12T13:19:52+02:00","dateModified":"2021-11-12T13:19:52+02:00","inLanguage":"en-GB","mainEntityOfPage":{"@id":"https:\/\/www.teatrulreginamaria.ro\/en\/comunicat-de-presa-armonii-de-toamna-premiera-a-ansamblului-artistic-profesionist-crisana\/#webpage"},"isPartOf":{"@id":"https:\/\/www.teatrulreginamaria.ro\/en\/comunicat-de-presa-armonii-de-toamna-premiera-a-ansamblului-artistic-profesionist-crisana\/#webpage"},"articleSection":"Nout\u0103\u021bi - Ansamblul Cri\u0219ana"},{"@type":"BreadcrumbList","@id":"https:\/\/www.teatrulreginamaria.ro\/en\/comunicat-de-presa-armonii-de-toamna-premiera-a-ansamblului-artistic-profesionist-crisana\/#breadcrumblist","itemListElement":[{"@type":"ListItem","@id":"https:\/\/www.teatrulreginamaria.ro\/en#listItem","position":1,"name":"Home","item":"https:\/\/www.teatrulreginamaria.ro\/en","nextItem":{"@type":"ListItem","@id":"https:\/\/www.teatrulreginamaria.ro\/en\/categorie\/noutati\/#listItem","name":"Nout\u0103\u021bi"}},{"@type":"ListItem","@id":"https:\/\/www.teatrulreginamaria.ro\/en\/categorie\/noutati\/#listItem","position":2,"name":"Nout\u0103\u021bi","item":"https:\/\/www.teatrulreginamaria.ro\/en\/categorie\/noutati\/","nextItem":{"@type":"ListItem","@id":"https:\/\/www.teatrulreginamaria.ro\/en\/categorie\/noutati\/noutati-ansamblul-crisana\/#listItem","name":"Nout\u0103\u021bi - Ansamblul Cri\u0219ana"},"previousItem":{"@type":"ListItem","@id":"https:\/\/www.teatrulreginamaria.ro\/en#listItem","name":"Home"}},{"@type":"ListItem","@id":"https:\/\/www.teatrulreginamaria.ro\/en\/categorie\/noutati\/noutati-ansamblul-crisana\/#listItem","position":3,"name":"Nout\u0103\u021bi - Ansamblul Cri\u0219ana","item":"https:\/\/www.teatrulreginamaria.ro\/en\/categorie\/noutati\/noutati-ansamblul-crisana\/","nextItem":{"@type":"ListItem","@id":"https:\/\/www.teatrulreginamaria.ro\/en\/comunicat-de-presa-armonii-de-toamna-premiera-a-ansamblului-artistic-profesionist-crisana\/#listItem","name":"COMUNICAT DE PRES\u0102 ARMONII DE TOAMN\u0102 | premier\u0103 a Ansamblului Artistic Profesionist \u201eCri\u0219ana\u201d"},"previousItem":{"@type":"ListItem","@id":"https:\/\/www.teatrulreginamaria.ro\/en\/categorie\/noutati\/#listItem","name":"Nout\u0103\u021bi"}},{"@type":"ListItem","@id":"https:\/\/www.teatrulreginamaria.ro\/en\/comunicat-de-presa-armonii-de-toamna-premiera-a-ansamblului-artistic-profesionist-crisana\/#listItem","position":4,"name":"COMUNICAT DE PRES\u0102 ARMONII DE TOAMN\u0102 | premier\u0103 a Ansamblului Artistic Profesionist \u201eCri\u0219ana\u201d","previousItem":{"@type":"ListItem","@id":"https:\/\/www.teatrulreginamaria.ro\/en\/categorie\/noutati\/noutati-ansamblul-crisana\/#listItem","name":"Nout\u0103\u021bi - Ansamblul Cri\u0219ana"}}]},{"@type":"Organization","@id":"https:\/\/www.teatrulreginamaria.ro\/en\/#organization","name":"Teatrul Regina Maria Oradea","description":"Trupa Iosif Vulcan \u0219i Trupa Arcadia","url":"https:\/\/www.teatrulreginamaria.ro\/en\/","email":"marketing@teatrulreginamaria.ro","telephone":"+40359411534","numberOfEmployees":{"@type":"QuantitativeValue","minValue":0,"maxValue":150},"logo":{"@type":"ImageObject","url":"https:\/\/www.teatrulreginamaria.ro\/wp-content\/uploads\/2025\/06\/logo-trm-01-dark.png","@id":"https:\/\/www.teatrulreginamaria.ro\/en\/comunicat-de-presa-armonii-de-toamna-premiera-a-ansamblului-artistic-profesionist-crisana\/#organizationLogo","width":300,"height":148},"image":{"@id":"https:\/\/www.teatrulreginamaria.ro\/en\/comunicat-de-presa-armonii-de-toamna-premiera-a-ansamblului-artistic-profesionist-crisana\/#organizationLogo"},"sameAs":["https:\/\/www.facebook.com\/TRMTrupaIosifVulcan\/","https:\/\/x.com\/TRMOradea","https:\/\/www.instagram.com\/teatrul_regina_maria\/","https:\/\/www.youtube.com\/c\/TeatrulReginaMariaOradea","https:\/\/www.linkedin.com\/company\/teatrul-regina-maria"]},{"@type":"Person","@id":"https:\/\/www.teatrulreginamaria.ro\/en\/author\/w3bmaster\/#author","url":"https:\/\/www.teatrulreginamaria.ro\/en\/author\/w3bmaster\/","name":"Teatrul Regina Maria","image":{"@type":"ImageObject","@id":"https:\/\/www.teatrulreginamaria.ro\/en\/comunicat-de-presa-armonii-de-toamna-premiera-a-ansamblului-artistic-profesionist-crisana\/#authorImage","url":"https:\/\/secure.gravatar.com\/avatar\/5884139d508ae3f0bafe45e60563b48a9640146d3b08ccc6278c305ff9329305?s=96&d=mm&r=g","width":96,"height":96,"caption":"Teatrul Regina Maria"}},{"@type":"WebPage","@id":"https:\/\/www.teatrulreginamaria.ro\/en\/comunicat-de-presa-armonii-de-toamna-premiera-a-ansamblului-artistic-profesionist-crisana\/#webpage","url":"https:\/\/www.teatrulreginamaria.ro\/en\/comunicat-de-presa-armonii-de-toamna-premiera-a-ansamblului-artistic-profesionist-crisana\/","name":"COMUNICAT DE PRES\u0102 ARMONII DE TOAMN\u0102 | premier\u0103 a Ansamblului Artistic Profesionist \u201eCri\u0219ana\u201d - Teatrul Regina Maria Oradea","description":"Ansamblul Artistic Profesionist \u201eCri\u0219ana\u201d al Teatrului Regina Maria v\u0103 invit\u0103 vineri, 12 noiembrie, de la ora 18:00, la Sala Mare s\u0103 v\u0103 bucura\u021bi de un spectacol folcloric tematic: \u201eArmonii de toamn\u0103\u201d. \u00cendr\u0103gi\u021bii arti\u0219ti ai ansamblului: Otilia Harago\u0219 Seghedi, Petric\u0103 Popa, Leontin Ciucur, St\u00e2ngaciu, orchestra \u0219i corpul de dans vor prezenta momente folclorice care \u00eembin\u0103 armonios","inLanguage":"en-GB","isPartOf":{"@id":"https:\/\/www.teatrulreginamaria.ro\/en\/#website"},"breadcrumb":{"@id":"https:\/\/www.teatrulreginamaria.ro\/en\/comunicat-de-presa-armonii-de-toamna-premiera-a-ansamblului-artistic-profesionist-crisana\/#breadcrumblist"},"author":{"@id":"https:\/\/www.teatrulreginamaria.ro\/en\/author\/w3bmaster\/#author"},"creator":{"@id":"https:\/\/www.teatrulreginamaria.ro\/en\/author\/w3bmaster\/#author"},"image":{"@type":"ImageObject","url":"https:\/\/www.teatrulreginamaria.ro\/wp-content\/uploads\/2021\/11\/Armonii_de_toamn_afi.jpeg","@id":"https:\/\/www.teatrulreginamaria.ro\/en\/comunicat-de-presa-armonii-de-toamna-premiera-a-ansamblului-artistic-profesionist-crisana\/#mainImage","width":1244,"height":1600},"primaryImageOfPage":{"@id":"https:\/\/www.teatrulreginamaria.ro\/en\/comunicat-de-presa-armonii-de-toamna-premiera-a-ansamblului-artistic-profesionist-crisana\/#mainImage"},"datePublished":"2021-11-12T13:19:52+02:00","dateModified":"2021-11-12T13:19:52+02:00"},{"@type":"WebSite","@id":"https:\/\/www.teatrulreginamaria.ro\/en\/#website","url":"https:\/\/www.teatrulreginamaria.ro\/en\/","name":"Teatrul Regina Maria Oradea","alternateName":"TRM Oradea","description":"Trupa Iosif Vulcan \u0219i Trupa Arcadia","inLanguage":"en-GB","publisher":{"@id":"https:\/\/www.teatrulreginamaria.ro\/en\/#organization"}}]},"og:locale":"en_GB","og:site_name":"Teatrul Regina Maria Oradea - Trupa Iosif Vulcan \u0219i Trupa Arcadia","og:type":"article","og:title":"COMUNICAT DE PRES\u0102 ARMONII DE TOAMN\u0102 | premier\u0103 a Ansamblului Artistic Profesionist \u201eCri\u0219ana\u201d - Teatrul Regina Maria Oradea","og:description":"Ansamblul Artistic Profesionist \u201eCri\u0219ana\u201d al Teatrului Regina Maria v\u0103 invit\u0103 vineri, 12 noiembrie, de la ora 18:00, la Sala Mare s\u0103 v\u0103 bucura\u021bi de un spectacol folcloric tematic: \u201eArmonii de toamn\u0103\u201d. \u00cendr\u0103gi\u021bii arti\u0219ti ai ansamblului: Otilia Harago\u0219 Seghedi, Petric\u0103 Popa, Leontin Ciucur, St\u00e2ngaciu, orchestra \u0219i corpul de dans vor prezenta momente folclorice care \u00eembin\u0103 armonios","og:url":"https:\/\/www.teatrulreginamaria.ro\/en\/comunicat-de-presa-armonii-de-toamna-premiera-a-ansamblului-artistic-profesionist-crisana\/","og:image":"https:\/\/www.teatrulreginamaria.ro\/wp-content\/uploads\/2025\/03\/trm-istoric-01.jpg","og:image:secure_url":"https:\/\/www.teatrulreginamaria.ro\/wp-content\/uploads\/2025\/03\/trm-istoric-01.jpg","og:image:width":1200,"og:image:height":800,"article:published_time":"2021-11-12T13:19:52+00:00","article:modified_time":"2021-11-12T13:19:52+00:00","article:publisher":"https:\/\/www.facebook.com\/TRMTrupaIosifVulcan\/","twitter:card":"summary_large_image","twitter:site":"@TRMOradea","twitter:title":"COMUNICAT DE PRES\u0102 ARMONII DE TOAMN\u0102 | premier\u0103 a Ansamblului Artistic Profesionist \u201eCri\u0219ana\u201d - Teatrul Regina Maria Oradea","twitter:description":"Ansamblul Artistic Profesionist \u201eCri\u0219ana\u201d al Teatrului Regina Maria v\u0103 invit\u0103 vineri, 12 noiembrie, de la ora 18:00, la Sala Mare s\u0103 v\u0103 bucura\u021bi de un spectacol folcloric tematic: \u201eArmonii de toamn\u0103\u201d. \u00cendr\u0103gi\u021bii arti\u0219ti ai ansamblului: Otilia Harago\u0219 Seghedi, Petric\u0103 Popa, Leontin Ciucur, St\u00e2ngaciu, orchestra \u0219i corpul de dans vor prezenta momente folclorice care \u00eembin\u0103 armonios","twitter:creator":"@TRMOradea","twitter:image":"https:\/\/www.teatrulreginamaria.ro\/wp-content\/uploads\/2025\/03\/trm-istoric-01.jpg"},"aioseo_meta_data":{"post_id":"4977","title":null,"description":null,"keywords":null,"keyphrases":null,"primary_term":null,"canonical_url":null,"og_title":null,"og_description":null,"og_object_type":"default","og_image_type":"default","og_image_url":null,"og_image_width":null,"og_image_height":null,"og_image_custom_url":null,"og_image_custom_fields":null,"og_video":null,"og_custom_url":null,"og_article_section":null,"og_article_tags":null,"twitter_use_og":false,"twitter_card":"default","twitter_image_type":"default","twitter_image_url":null,"twitter_image_custom_url":null,"twitter_image_custom_fields":null,"twitter_title":null,"twitter_description":null,"schema":{"blockGraphs":[],"customGraphs":[],"default":{"data":{"Article":[],"Course":[],"Dataset":[],"FAQPage":[],"Movie":[],"Person":[],"Product":[],"ProductReview":[],"Car":[],"Recipe":[],"Service":[],"SoftwareApplication":[],"WebPage":[]},"graphName":"","isEnabled":true},"graphs":[]},"schema_type":"default","schema_type_options":null,"pillar_content":false,"robots_default":true,"robots_noindex":false,"robots_noarchive":false,"robots_nosnippet":false,"robots_nofollow":false,"robots_noimageindex":false,"robots_noodp":false,"robots_notranslate":false,"robots_max_snippet":null,"robots_max_videopreview":null,"robots_max_imagepreview":"large","priority":null,"frequency":null,"local_seo":null,"seo_analyzer_scan_date":"2026-05-13 02:50:32","breadcrumb_settings":null,"limit_modified_date":false,"reviewed_by":null,"open_ai":null,"ai":null,"created":"2025-04-09 17:42:43","updated":"2026-05-13 02:50:32","focus_keyword":null,"additional_keywords":null,"truseo_locale":null},"aioseo_breadcrumb":"<div class=\"aioseo-breadcrumbs\"><span class=\"aioseo-breadcrumb\">\n\t<a href=\"https:\/\/www.teatrulreginamaria.ro\/en\" title=\"Home\">Home<\/a>\n<\/span><span class=\"aioseo-breadcrumb-separator\">&raquo;<\/span><span class=\"aioseo-breadcrumb\">\n\t<a href=\"https:\/\/www.teatrulreginamaria.ro\/en\/categorie\/noutati\/\" title=\"Nout\u0103\u021bi\">Nout\u0103\u021bi<\/a>\n<\/span><span class=\"aioseo-breadcrumb-separator\">&raquo;<\/span><span class=\"aioseo-breadcrumb\">\n\t<a href=\"https:\/\/www.teatrulreginamaria.ro\/en\/categorie\/noutati\/noutati-ansamblul-crisana\/\" title=\"Nout\u0103\u021bi - Ansamblul Cri\u0219ana\">Nout\u0103\u021bi - Ansamblul Cri\u0219ana<\/a>\n<\/span><span class=\"aioseo-breadcrumb-separator\">&raquo;<\/span><span class=\"aioseo-breadcrumb\">\n\tCOMUNICAT DE PRES\u0102 ARMONII DE TOAMN\u0102 | premier\u0103 a Ansamblului Artistic Profesionist \u201eCri\u0219ana\u201d\n<\/span><\/div>","aioseo_breadcrumb_json":[{"label":"Home","link":"https:\/\/www.teatrulreginamaria.ro\/en"},{"label":"Nout\u0103\u021bi","link":"https:\/\/www.teatrulreginamaria.ro\/en\/categorie\/noutati\/"},{"label":"Nout\u0103\u021bi - Ansamblul Cri\u0219ana","link":"https:\/\/www.teatrulreginamaria.ro\/en\/categorie\/noutati\/noutati-ansamblul-crisana\/"},{"label":"COMUNICAT DE PRES\u0102 ARMONII DE TOAMN\u0102 | premier\u0103 a Ansamblului Artistic Profesionist \u201eCri\u0219ana\u201d","link":"https:\/\/www.teatrulreginamaria.ro\/en\/comunicat-de-presa-armonii-de-toamna-premiera-a-ansamblului-artistic-profesionist-crisana\/"}],"acf":[],"_links":{"self":[{"href":"https:\/\/www.teatrulreginamaria.ro\/en\/wp-json\/wp\/v2\/posts\/4977","targetHints":{"allow":["GET"]}}],"collection":[{"href":"https:\/\/www.teatrulreginamaria.ro\/en\/wp-json\/wp\/v2\/posts"}],"about":[{"href":"https:\/\/www.teatrulreginamaria.ro\/en\/wp-json\/wp\/v2\/types\/post"}],"author":[{"embeddable":true,"href":"https:\/\/www.teatrulreginamaria.ro\/en\/wp-json\/wp\/v2\/users\/6"}],"replies":[{"embeddable":true,"href":"https:\/\/www.teatrulreginamaria.ro\/en\/wp-json\/wp\/v2\/comments?post=4977"}],"version-history":[{"count":0,"href":"https:\/\/www.teatrulreginamaria.ro\/en\/wp-json\/wp\/v2\/posts\/4977\/revisions"}],"wp:featuredmedia":[{"embeddable":true,"href":"https:\/\/www.teatrulreginamaria.ro\/en\/wp-json\/wp\/v2\/media\/4968"}],"wp:attachment":[{"href":"https:\/\/www.teatrulreginamaria.ro\/en\/wp-json\/wp\/v2\/media?parent=4977"}],"wp:term":[{"taxonomy":"category","embeddable":true,"href":"https:\/\/www.teatrulreginamaria.ro\/en\/wp-json\/wp\/v2\/categories?post=4977"},{"taxonomy":"post_tag","embeddable":true,"href":"https:\/\/www.teatrulreginamaria.ro\/en\/wp-json\/wp\/v2\/tags?post=4977"}],"curies":[{"name":"wp","href":"https:\/\/api.w.org\/{rel}","templated":true}]}}