{"id":4990,"date":"2021-11-18T10:35:09","date_gmt":"2021-11-18T10:35:09","guid":{"rendered":"https:\/\/teatrulreginamaria.ro\/2021\/11\/18\/comunicat-de-presa-premiera-eva-heyman\/"},"modified":"2021-11-18T10:35:09","modified_gmt":"2021-11-18T10:35:09","slug":"press-release-premiere-eva-heyman","status":"publish","type":"post","link":"https:\/\/www.teatrulreginamaria.ro\/en\/comunicat-de-presa-premiera-eva-heyman\/","title":{"rendered":"PRESS RELEASE | Premiere of &quot;Eva Heyman&quot;"},"content":{"rendered":"<p style=\"text-align: center;\">\u00a0<strong>Eva Heyman \u2013 premiere<br \/><\/strong><strong>&quot;We&#039;re thinking of you, Eva Heyman!&quot;<\/strong><strong>\u00a0<\/strong><\/p>\n<p>The Regina Maria Theater invites you to the premiere of a special show, which illustrates a fragment of the history of the city of Oradea, but also of the entire world: &quot;Eva Heyman&quot;, dramatization, concept and direction: Emil Sauciuc and Ioana-Maria Repciuc, which will take place on Sunday, November 21, from 6:00 PM, at the Arcadia Hall.<\/p>\n<p><!--more--><\/p>\n<p>Eva Heyman, often associated with Anne Frank, who suffered the same cruel fate, is a Jewish girl from Oradea, who meets her tragic end at the age of 13 in the Auschwitz camp. A few months before being deported, she begins to write a diary, where she records thoughts, feelings, aspirations, but also incidents and events that capture and recreate the reality of a changing world, generated by the Nazi invasion and the anti-Semitic hatred that they spread around them. Thus, among the lines written, with great lucidity, by a child-observer, who hopes, loves, dreams, one reads her fear, despair and helplessness, that of her peers, marginalized and condemned, but also the attitude of the others, the so-called &quot;Aryans&quot;, some transformed into executioners, others into helpers. The diary was smuggled out of the ghetto where the Jews were forcibly moved by the family&#039;s cook and then given to Eva&#039;s mother, who survived the Holocaust. Agnes Heyman decided to publish her daughter&#039;s notes, which are an authentic testimony that will always stand guard so that such atrocities are not forgotten and never repeated.<\/p>\n<p>The show staged at the Regina Maria Theater is a dramatization of the diary and has a double mission: to pay homage to Eva Heyman, the brave and insightful little girl who fell victim to a coercive system, and to join, along with other notes, documents, historical monuments and Jewish buildings in Oradea, in the circuit of testimonies-manifesto against such atrocities.<\/p>\n<p>The show takes the form of a monodrama, which respects the chronology of the biographical notes, oscillating between revealing the little girl&#039;s most intimate thoughts and recording events that reconstruct a complex historical picture, in which Oradea in 1944 and the tragedy of a people, despised and unjustly massacred, are portrayed, thus also assuming a fundamentally bibliographical aspect.<\/p>\n<p>The role of Eva Heyman is played by actress Ioana-Maria Repciuc, also from Oradea, who is performing for the first time as a professional actor on the stage of the Regina Maria Theater:<\/p>\n<p><em>Eva is definitely a big challenge for me. I always get totally involved in every role I approach. With Eva it was something more than that. From the first moment I felt an immense responsibility and a kind of duty towards this little girl. She wanted her story to be known by leaving a diary that she guarded sacredly. I try, as I can, to fulfill her wish. (Ioana-Maria Repciuc)<\/em><\/p>\n<p>\u00a0The dramatization and direction are signed by actor Emil Sauciuc, in collaboration with Ioana-Maria Repciuc:<\/p>\n<p><em>A few years ago I discovered Eva Heyman&#039;s diary and read it, devouring it. It captivated me so much that I started dramatizing it immediately after reading it. It was perfect for the stage... Working on it I discovered a lot about Eva&#039;s character, about her relationship with her parents and relatives, with her friends, but also with the partially demented, bloody society that was permeated with death and dehumanization.<\/em><\/p>\n<p><em>Our show is a manifesto against the horrors of the contemporary world. The murder of Jews by torture and gassing happened so close to us, to this era, that it terrifies me. (Emil Sauciuc)<\/em><\/p>\n<p>The scenography is by Ilinca Ghimbasan, and the projection and soundtrack by Ioana-Maria Repciuc.<\/p>\n<p>Tickets for the premiere have already been sold, but you can still purchase them for the next performance, which will take place on November 30, from 6:00 PM, at the Arcadia Hall, either at the theater&#039;s agency, open from Tuesday to Friday between 10:00 AM and 2:00 PM, or online at Eventim.ro, or one hour before at the Arcadia Hall (within the limit of available seats).<\/p>\n<p>According to the new regulations in force, access to the performance halls is allowed only for people vaccinated against the SARS-COV-2 virus, for whom 10 days have passed since the completion of the complete vaccination schedule, people who present a certificate attesting that they are between the 15th and 180th day following confirmation of infection with SARS-CoV-2, and minors under 12 years of age. Wearing a protective mask is mandatory for the entire duration of the event (from entering the foyer until leaving the building).<\/p>\n<p>We look forward to seeing you!<\/p>\n<p>\u00a0<\/p>\n<p>\u00a0<\/p>","protected":false},"excerpt":{"rendered":"<p>\u00a0Eva Heyman \u2013 premier\u0103\u201eNe g\u00e2ndim la tine, Eva Heyman!\u201d\u00a0 Teatrul Regina Maria v\u0103 invit\u0103 la premiera unui spectacol aparte, care ilustreaz\u0103 un fragment din istoria ora\u0219ului Oradea, dar \u0219i a \u00eentregii lumi: \u201eEva Heyman\u201d, dramatizare, concept \u0219i regie: Emil Sauciuc \u0219i Ioana-Maria Repciuc, care va avea loc duminic\u0103, 21 noiembrie, de la ora 18:00, la [&hellip;]<\/p>\n","protected":false},"author":6,"featured_media":4984,"comment_status":"open","ping_status":"open","sticky":false,"template":"","format":"standard","meta":{"_acf_changed":false,"footnotes":""},"categories":[22],"tags":[],"class_list":["post-4990","post","type-post","status-publish","format-standard","has-post-thumbnail","hentry","category-noutati-trupa-iosif-vulcan"],"aioseo_notices":[],"aioseo_head":"\n\t\t<!-- All in One SEO Pro 5.0.1.1 - aioseo.com -->\n\t<meta name=\"description\" content=\"Eva Heyman \u2013 premier\u0103\u201eNe g\u00e2ndim la tine, Eva Heyman!\u201d Teatrul Regina Maria v\u0103 invit\u0103 la premiera unui spectacol aparte, care ilustreaz\u0103 un fragment din istoria ora\u0219ului Oradea, dar \u0219i a \u00eentregii lumi: \u201eEva Heyman\u201d, dramatizare, concept \u0219i regie: Emil Sauciuc \u0219i Ioana-Maria Repciuc, care va avea loc duminic\u0103, 21 noiembrie, de la ora 18:00, la\" \/>\n\t<meta name=\"robots\" content=\"max-image-preview:large\" \/>\n\t<meta name=\"author\" content=\"Teatrul Regina Maria\"\/>\n\t<link rel=\"canonical\" href=\"https:\/\/www.teatrulreginamaria.ro\/en\/comunicat-de-presa-premiera-eva-heyman\/\" \/>\n\t<meta name=\"generator\" content=\"All in One SEO Pro (AIOSEO) 5.0.1.1\" \/>\n\t\t<meta property=\"og:locale\" content=\"en_GB\" \/>\n\t\t<meta property=\"og:site_name\" content=\"Teatrul Regina Maria Oradea - Trupa Iosif Vulcan \u0219i Trupa Arcadia\" \/>\n\t\t<meta property=\"og:type\" content=\"article\" \/>\n\t\t<meta property=\"og:title\" content=\"COMUNICAT DE PRES\u0102 | Premier\u0103 \u201eEva Heyman\u201d - Teatrul Regina Maria Oradea\" \/>\n\t\t<meta property=\"og:description\" content=\"Eva Heyman \u2013 premier\u0103\u201eNe g\u00e2ndim la tine, Eva Heyman!\u201d Teatrul Regina Maria v\u0103 invit\u0103 la premiera unui spectacol aparte, care ilustreaz\u0103 un fragment din istoria ora\u0219ului Oradea, dar \u0219i a \u00eentregii lumi: \u201eEva Heyman\u201d, dramatizare, concept \u0219i regie: Emil Sauciuc \u0219i Ioana-Maria Repciuc, care va avea loc duminic\u0103, 21 noiembrie, de la ora 18:00, la\" \/>\n\t\t<meta property=\"og:url\" content=\"https:\/\/www.teatrulreginamaria.ro\/en\/comunicat-de-presa-premiera-eva-heyman\/\" \/>\n\t\t<meta property=\"og:image\" content=\"https:\/\/www.teatrulreginamaria.ro\/wp-content\/uploads\/2025\/03\/trm-istoric-01.jpg\" \/>\n\t\t<meta property=\"og:image:secure_url\" content=\"https:\/\/www.teatrulreginamaria.ro\/wp-content\/uploads\/2025\/03\/trm-istoric-01.jpg\" \/>\n\t\t<meta property=\"og:image:width\" content=\"1200\" \/>\n\t\t<meta property=\"og:image:height\" content=\"800\" \/>\n\t\t<meta property=\"article:published_time\" content=\"2021-11-18T10:35:09+00:00\" \/>\n\t\t<meta property=\"article:modified_time\" content=\"2021-11-18T10:35:09+00:00\" \/>\n\t\t<meta property=\"article:publisher\" content=\"https:\/\/www.facebook.com\/TRMTrupaIosifVulcan\/\" \/>\n\t\t<meta name=\"twitter:card\" content=\"summary_large_image\" \/>\n\t\t<meta name=\"twitter:site\" content=\"@TRMOradea\" \/>\n\t\t<meta name=\"twitter:title\" content=\"COMUNICAT DE PRES\u0102 | Premier\u0103 \u201eEva Heyman\u201d - Teatrul Regina Maria Oradea\" \/>\n\t\t<meta name=\"twitter:description\" content=\"Eva Heyman \u2013 premier\u0103\u201eNe g\u00e2ndim la tine, Eva Heyman!\u201d Teatrul Regina Maria v\u0103 invit\u0103 la premiera unui spectacol aparte, care ilustreaz\u0103 un fragment din istoria ora\u0219ului Oradea, dar \u0219i a \u00eentregii lumi: \u201eEva Heyman\u201d, dramatizare, concept \u0219i regie: Emil Sauciuc \u0219i Ioana-Maria Repciuc, care va avea loc duminic\u0103, 21 noiembrie, de la ora 18:00, la\" \/>\n\t\t<meta name=\"twitter:creator\" content=\"@TRMOradea\" \/>\n\t\t<meta name=\"twitter:image\" content=\"https:\/\/www.teatrulreginamaria.ro\/wp-content\/uploads\/2025\/03\/trm-istoric-01.jpg\" \/>\n\t\t<script type=\"application\/ld+json\" class=\"aioseo-schema\">\n\t\t\t{\"@context\":\"https:\\\/\\\/schema.org\",\"@graph\":[{\"@type\":\"BlogPosting\",\"@id\":\"https:\\\/\\\/www.teatrulreginamaria.ro\\\/en\\\/comunicat-de-presa-premiera-eva-heyman\\\/#blogposting\",\"name\":\"COMUNICAT DE PRES\\u0102 | Premier\\u0103 \\u201eEva Heyman\\u201d - Teatrul Regina Maria Oradea\",\"headline\":\"COMUNICAT DE PRES\\u0102 | Premier\\u0103 \\u201eEva Heyman\\u201d\",\"author\":{\"@id\":\"https:\\\/\\\/www.teatrulreginamaria.ro\\\/en\\\/author\\\/w3bmaster\\\/#author\"},\"publisher\":{\"@id\":\"https:\\\/\\\/www.teatrulreginamaria.ro\\\/en\\\/#organization\"},\"image\":{\"@type\":\"ImageObject\",\"url\":\"https:\\\/\\\/www.teatrulreginamaria.ro\\\/wp-content\\\/uploads\\\/2021\\\/11\\\/Eva_Heyman_31-scaled.jpg\",\"width\":2560,\"height\":1707},\"datePublished\":\"2021-11-18T10:35:09+02:00\",\"dateModified\":\"2021-11-18T10:35:09+02:00\",\"inLanguage\":\"en-GB\",\"mainEntityOfPage\":{\"@id\":\"https:\\\/\\\/www.teatrulreginamaria.ro\\\/en\\\/comunicat-de-presa-premiera-eva-heyman\\\/#webpage\"},\"isPartOf\":{\"@id\":\"https:\\\/\\\/www.teatrulreginamaria.ro\\\/en\\\/comunicat-de-presa-premiera-eva-heyman\\\/#webpage\"},\"articleSection\":\"Nout\\u0103\\u021bi - Trupa Iosif Vulcan\"},{\"@type\":\"BreadcrumbList\",\"@id\":\"https:\\\/\\\/www.teatrulreginamaria.ro\\\/en\\\/comunicat-de-presa-premiera-eva-heyman\\\/#breadcrumblist\",\"itemListElement\":[{\"@type\":\"ListItem\",\"@id\":\"https:\\\/\\\/www.teatrulreginamaria.ro\\\/en#listItem\",\"position\":1,\"name\":\"Home\",\"item\":\"https:\\\/\\\/www.teatrulreginamaria.ro\\\/en\",\"nextItem\":{\"@type\":\"ListItem\",\"@id\":\"https:\\\/\\\/www.teatrulreginamaria.ro\\\/en\\\/categorie\\\/noutati\\\/#listItem\",\"name\":\"Nout\\u0103\\u021bi\"}},{\"@type\":\"ListItem\",\"@id\":\"https:\\\/\\\/www.teatrulreginamaria.ro\\\/en\\\/categorie\\\/noutati\\\/#listItem\",\"position\":2,\"name\":\"Nout\\u0103\\u021bi\",\"item\":\"https:\\\/\\\/www.teatrulreginamaria.ro\\\/en\\\/categorie\\\/noutati\\\/\",\"nextItem\":{\"@type\":\"ListItem\",\"@id\":\"https:\\\/\\\/www.teatrulreginamaria.ro\\\/en\\\/categorie\\\/noutati\\\/noutati-trupa-iosif-vulcan\\\/#listItem\",\"name\":\"Nout\\u0103\\u021bi - Trupa Iosif Vulcan\"},\"previousItem\":{\"@type\":\"ListItem\",\"@id\":\"https:\\\/\\\/www.teatrulreginamaria.ro\\\/en#listItem\",\"name\":\"Home\"}},{\"@type\":\"ListItem\",\"@id\":\"https:\\\/\\\/www.teatrulreginamaria.ro\\\/en\\\/categorie\\\/noutati\\\/noutati-trupa-iosif-vulcan\\\/#listItem\",\"position\":3,\"name\":\"Nout\\u0103\\u021bi - Trupa Iosif Vulcan\",\"item\":\"https:\\\/\\\/www.teatrulreginamaria.ro\\\/en\\\/categorie\\\/noutati\\\/noutati-trupa-iosif-vulcan\\\/\",\"nextItem\":{\"@type\":\"ListItem\",\"@id\":\"https:\\\/\\\/www.teatrulreginamaria.ro\\\/en\\\/comunicat-de-presa-premiera-eva-heyman\\\/#listItem\",\"name\":\"COMUNICAT DE PRES\\u0102 | Premier\\u0103 \\u201eEva Heyman\\u201d\"},\"previousItem\":{\"@type\":\"ListItem\",\"@id\":\"https:\\\/\\\/www.teatrulreginamaria.ro\\\/en\\\/categorie\\\/noutati\\\/#listItem\",\"name\":\"Nout\\u0103\\u021bi\"}},{\"@type\":\"ListItem\",\"@id\":\"https:\\\/\\\/www.teatrulreginamaria.ro\\\/en\\\/comunicat-de-presa-premiera-eva-heyman\\\/#listItem\",\"position\":4,\"name\":\"COMUNICAT DE PRES\\u0102 | Premier\\u0103 \\u201eEva Heyman\\u201d\",\"previousItem\":{\"@type\":\"ListItem\",\"@id\":\"https:\\\/\\\/www.teatrulreginamaria.ro\\\/en\\\/categorie\\\/noutati\\\/noutati-trupa-iosif-vulcan\\\/#listItem\",\"name\":\"Nout\\u0103\\u021bi - Trupa Iosif Vulcan\"}}]},{\"@type\":\"Organization\",\"@id\":\"https:\\\/\\\/www.teatrulreginamaria.ro\\\/en\\\/#organization\",\"name\":\"Teatrul Regina Maria Oradea\",\"description\":\"Trupa Iosif Vulcan \\u0219i Trupa Arcadia\",\"url\":\"https:\\\/\\\/www.teatrulreginamaria.ro\\\/en\\\/\",\"email\":\"marketing@teatrulreginamaria.ro\",\"telephone\":\"+40359411534\",\"numberOfEmployees\":{\"@type\":\"QuantitativeValue\",\"minValue\":0,\"maxValue\":150},\"logo\":{\"@type\":\"ImageObject\",\"url\":\"https:\\\/\\\/www.teatrulreginamaria.ro\\\/wp-content\\\/uploads\\\/2025\\\/06\\\/logo-trm-01-dark.png\",\"@id\":\"https:\\\/\\\/www.teatrulreginamaria.ro\\\/en\\\/comunicat-de-presa-premiera-eva-heyman\\\/#organizationLogo\",\"width\":300,\"height\":148},\"image\":{\"@id\":\"https:\\\/\\\/www.teatrulreginamaria.ro\\\/en\\\/comunicat-de-presa-premiera-eva-heyman\\\/#organizationLogo\"},\"sameAs\":[\"https:\\\/\\\/www.facebook.com\\\/TRMTrupaIosifVulcan\\\/\",\"https:\\\/\\\/x.com\\\/TRMOradea\",\"https:\\\/\\\/www.instagram.com\\\/teatrul_regina_maria\\\/\",\"https:\\\/\\\/www.youtube.com\\\/c\\\/TeatrulReginaMariaOradea\",\"https:\\\/\\\/www.linkedin.com\\\/company\\\/teatrul-regina-maria\"]},{\"@type\":\"Person\",\"@id\":\"https:\\\/\\\/www.teatrulreginamaria.ro\\\/en\\\/author\\\/w3bmaster\\\/#author\",\"url\":\"https:\\\/\\\/www.teatrulreginamaria.ro\\\/en\\\/author\\\/w3bmaster\\\/\",\"name\":\"Teatrul Regina Maria\",\"image\":{\"@type\":\"ImageObject\",\"@id\":\"https:\\\/\\\/www.teatrulreginamaria.ro\\\/en\\\/comunicat-de-presa-premiera-eva-heyman\\\/#authorImage\",\"url\":\"https:\\\/\\\/secure.gravatar.com\\\/avatar\\\/5884139d508ae3f0bafe45e60563b48a9640146d3b08ccc6278c305ff9329305?s=96&d=mm&r=g\",\"width\":96,\"height\":96,\"caption\":\"Teatrul Regina Maria\"}},{\"@type\":\"WebPage\",\"@id\":\"https:\\\/\\\/www.teatrulreginamaria.ro\\\/en\\\/comunicat-de-presa-premiera-eva-heyman\\\/#webpage\",\"url\":\"https:\\\/\\\/www.teatrulreginamaria.ro\\\/en\\\/comunicat-de-presa-premiera-eva-heyman\\\/\",\"name\":\"COMUNICAT DE PRES\\u0102 | Premier\\u0103 \\u201eEva Heyman\\u201d - Teatrul Regina Maria Oradea\",\"description\":\"Eva Heyman \\u2013 premier\\u0103\\u201eNe g\\u00e2ndim la tine, Eva Heyman!\\u201d Teatrul Regina Maria v\\u0103 invit\\u0103 la premiera unui spectacol aparte, care ilustreaz\\u0103 un fragment din istoria ora\\u0219ului Oradea, dar \\u0219i a \\u00eentregii lumi: \\u201eEva Heyman\\u201d, dramatizare, concept \\u0219i regie: Emil Sauciuc \\u0219i Ioana-Maria Repciuc, care va avea loc duminic\\u0103, 21 noiembrie, de la ora 18:00, la\",\"inLanguage\":\"en-GB\",\"isPartOf\":{\"@id\":\"https:\\\/\\\/www.teatrulreginamaria.ro\\\/en\\\/#website\"},\"breadcrumb\":{\"@id\":\"https:\\\/\\\/www.teatrulreginamaria.ro\\\/en\\\/comunicat-de-presa-premiera-eva-heyman\\\/#breadcrumblist\"},\"author\":{\"@id\":\"https:\\\/\\\/www.teatrulreginamaria.ro\\\/en\\\/author\\\/w3bmaster\\\/#author\"},\"creator\":{\"@id\":\"https:\\\/\\\/www.teatrulreginamaria.ro\\\/en\\\/author\\\/w3bmaster\\\/#author\"},\"image\":{\"@type\":\"ImageObject\",\"url\":\"https:\\\/\\\/www.teatrulreginamaria.ro\\\/wp-content\\\/uploads\\\/2021\\\/11\\\/Eva_Heyman_31-scaled.jpg\",\"@id\":\"https:\\\/\\\/www.teatrulreginamaria.ro\\\/en\\\/comunicat-de-presa-premiera-eva-heyman\\\/#mainImage\",\"width\":2560,\"height\":1707},\"primaryImageOfPage\":{\"@id\":\"https:\\\/\\\/www.teatrulreginamaria.ro\\\/en\\\/comunicat-de-presa-premiera-eva-heyman\\\/#mainImage\"},\"datePublished\":\"2021-11-18T10:35:09+02:00\",\"dateModified\":\"2021-11-18T10:35:09+02:00\"},{\"@type\":\"WebSite\",\"@id\":\"https:\\\/\\\/www.teatrulreginamaria.ro\\\/en\\\/#website\",\"url\":\"https:\\\/\\\/www.teatrulreginamaria.ro\\\/en\\\/\",\"name\":\"Teatrul Regina Maria Oradea\",\"alternateName\":\"TRM Oradea\",\"description\":\"Trupa Iosif Vulcan \\u0219i Trupa Arcadia\",\"inLanguage\":\"en-GB\",\"publisher\":{\"@id\":\"https:\\\/\\\/www.teatrulreginamaria.ro\\\/en\\\/#organization\"}}]}\n\t\t<\/script>\n\t\t<!-- All in One SEO Pro -->\r\n\t\t<title>COMUNICAT DE PRES\u0102 | Premier\u0103 \u201eEva Heyman\u201d - Teatrul Regina Maria Oradea<\/title>\n\n","aioseo_head_json":{"title":"PRESS RELEASE | Premiere &quot;Eva Heyman&quot; - Regina Maria Theater Oradea","description":"Eva Heyman \u2013 premiere &quot;We are thinking of you, Eva Heyman!&quot; The Regina Maria Theatre invites you to the premiere of a special show, which illustrates a fragment of the history of the city of Oradea, but also of the entire world: &quot;Eva Heyman&quot;, dramatization, concept and direction: Emil Sauciuc and Ioana-Maria Repciuc, which will take place on Sunday, November 21, from 6:00 PM, at","canonical_url":"https:\/\/www.teatrulreginamaria.ro\/en\/comunicat-de-presa-premiera-eva-heyman\/","robots":"max-image-preview:large","keywords":"","webmasterTools":{"miscellaneous":""},"schema":{"@context":"https:\/\/schema.org","@graph":[{"@type":"BlogPosting","@id":"https:\/\/www.teatrulreginamaria.ro\/en\/comunicat-de-presa-premiera-eva-heyman\/#blogposting","name":"COMUNICAT DE PRES\u0102 | Premier\u0103 \u201eEva Heyman\u201d - Teatrul Regina Maria Oradea","headline":"COMUNICAT DE PRES\u0102 | Premier\u0103 \u201eEva Heyman\u201d","author":{"@id":"https:\/\/www.teatrulreginamaria.ro\/en\/author\/w3bmaster\/#author"},"publisher":{"@id":"https:\/\/www.teatrulreginamaria.ro\/en\/#organization"},"image":{"@type":"ImageObject","url":"https:\/\/www.teatrulreginamaria.ro\/wp-content\/uploads\/2021\/11\/Eva_Heyman_31-scaled.jpg","width":2560,"height":1707},"datePublished":"2021-11-18T10:35:09+02:00","dateModified":"2021-11-18T10:35:09+02:00","inLanguage":"en-GB","mainEntityOfPage":{"@id":"https:\/\/www.teatrulreginamaria.ro\/en\/comunicat-de-presa-premiera-eva-heyman\/#webpage"},"isPartOf":{"@id":"https:\/\/www.teatrulreginamaria.ro\/en\/comunicat-de-presa-premiera-eva-heyman\/#webpage"},"articleSection":"Nout\u0103\u021bi - Trupa Iosif Vulcan"},{"@type":"BreadcrumbList","@id":"https:\/\/www.teatrulreginamaria.ro\/en\/comunicat-de-presa-premiera-eva-heyman\/#breadcrumblist","itemListElement":[{"@type":"ListItem","@id":"https:\/\/www.teatrulreginamaria.ro\/en#listItem","position":1,"name":"Home","item":"https:\/\/www.teatrulreginamaria.ro\/en","nextItem":{"@type":"ListItem","@id":"https:\/\/www.teatrulreginamaria.ro\/en\/categorie\/noutati\/#listItem","name":"Nout\u0103\u021bi"}},{"@type":"ListItem","@id":"https:\/\/www.teatrulreginamaria.ro\/en\/categorie\/noutati\/#listItem","position":2,"name":"Nout\u0103\u021bi","item":"https:\/\/www.teatrulreginamaria.ro\/en\/categorie\/noutati\/","nextItem":{"@type":"ListItem","@id":"https:\/\/www.teatrulreginamaria.ro\/en\/categorie\/noutati\/noutati-trupa-iosif-vulcan\/#listItem","name":"Nout\u0103\u021bi - Trupa Iosif Vulcan"},"previousItem":{"@type":"ListItem","@id":"https:\/\/www.teatrulreginamaria.ro\/en#listItem","name":"Home"}},{"@type":"ListItem","@id":"https:\/\/www.teatrulreginamaria.ro\/en\/categorie\/noutati\/noutati-trupa-iosif-vulcan\/#listItem","position":3,"name":"Nout\u0103\u021bi - Trupa Iosif Vulcan","item":"https:\/\/www.teatrulreginamaria.ro\/en\/categorie\/noutati\/noutati-trupa-iosif-vulcan\/","nextItem":{"@type":"ListItem","@id":"https:\/\/www.teatrulreginamaria.ro\/en\/comunicat-de-presa-premiera-eva-heyman\/#listItem","name":"COMUNICAT DE PRES\u0102 | Premier\u0103 \u201eEva Heyman\u201d"},"previousItem":{"@type":"ListItem","@id":"https:\/\/www.teatrulreginamaria.ro\/en\/categorie\/noutati\/#listItem","name":"Nout\u0103\u021bi"}},{"@type":"ListItem","@id":"https:\/\/www.teatrulreginamaria.ro\/en\/comunicat-de-presa-premiera-eva-heyman\/#listItem","position":4,"name":"COMUNICAT DE PRES\u0102 | Premier\u0103 \u201eEva Heyman\u201d","previousItem":{"@type":"ListItem","@id":"https:\/\/www.teatrulreginamaria.ro\/en\/categorie\/noutati\/noutati-trupa-iosif-vulcan\/#listItem","name":"Nout\u0103\u021bi - Trupa Iosif Vulcan"}}]},{"@type":"Organization","@id":"https:\/\/www.teatrulreginamaria.ro\/en\/#organization","name":"Teatrul Regina Maria Oradea","description":"Trupa Iosif Vulcan \u0219i Trupa Arcadia","url":"https:\/\/www.teatrulreginamaria.ro\/en\/","email":"marketing@teatrulreginamaria.ro","telephone":"+40359411534","numberOfEmployees":{"@type":"QuantitativeValue","minValue":0,"maxValue":150},"logo":{"@type":"ImageObject","url":"https:\/\/www.teatrulreginamaria.ro\/wp-content\/uploads\/2025\/06\/logo-trm-01-dark.png","@id":"https:\/\/www.teatrulreginamaria.ro\/en\/comunicat-de-presa-premiera-eva-heyman\/#organizationLogo","width":300,"height":148},"image":{"@id":"https:\/\/www.teatrulreginamaria.ro\/en\/comunicat-de-presa-premiera-eva-heyman\/#organizationLogo"},"sameAs":["https:\/\/www.facebook.com\/TRMTrupaIosifVulcan\/","https:\/\/x.com\/TRMOradea","https:\/\/www.instagram.com\/teatrul_regina_maria\/","https:\/\/www.youtube.com\/c\/TeatrulReginaMariaOradea","https:\/\/www.linkedin.com\/company\/teatrul-regina-maria"]},{"@type":"Person","@id":"https:\/\/www.teatrulreginamaria.ro\/en\/author\/w3bmaster\/#author","url":"https:\/\/www.teatrulreginamaria.ro\/en\/author\/w3bmaster\/","name":"Teatrul Regina Maria","image":{"@type":"ImageObject","@id":"https:\/\/www.teatrulreginamaria.ro\/en\/comunicat-de-presa-premiera-eva-heyman\/#authorImage","url":"https:\/\/secure.gravatar.com\/avatar\/5884139d508ae3f0bafe45e60563b48a9640146d3b08ccc6278c305ff9329305?s=96&d=mm&r=g","width":96,"height":96,"caption":"Teatrul Regina Maria"}},{"@type":"WebPage","@id":"https:\/\/www.teatrulreginamaria.ro\/en\/comunicat-de-presa-premiera-eva-heyman\/#webpage","url":"https:\/\/www.teatrulreginamaria.ro\/en\/comunicat-de-presa-premiera-eva-heyman\/","name":"COMUNICAT DE PRES\u0102 | Premier\u0103 \u201eEva Heyman\u201d - Teatrul Regina Maria Oradea","description":"Eva Heyman \u2013 premier\u0103\u201eNe g\u00e2ndim la tine, Eva Heyman!\u201d Teatrul Regina Maria v\u0103 invit\u0103 la premiera unui spectacol aparte, care ilustreaz\u0103 un fragment din istoria ora\u0219ului Oradea, dar \u0219i a \u00eentregii lumi: \u201eEva Heyman\u201d, dramatizare, concept \u0219i regie: Emil Sauciuc \u0219i Ioana-Maria Repciuc, care va avea loc duminic\u0103, 21 noiembrie, de la ora 18:00, la","inLanguage":"en-GB","isPartOf":{"@id":"https:\/\/www.teatrulreginamaria.ro\/en\/#website"},"breadcrumb":{"@id":"https:\/\/www.teatrulreginamaria.ro\/en\/comunicat-de-presa-premiera-eva-heyman\/#breadcrumblist"},"author":{"@id":"https:\/\/www.teatrulreginamaria.ro\/en\/author\/w3bmaster\/#author"},"creator":{"@id":"https:\/\/www.teatrulreginamaria.ro\/en\/author\/w3bmaster\/#author"},"image":{"@type":"ImageObject","url":"https:\/\/www.teatrulreginamaria.ro\/wp-content\/uploads\/2021\/11\/Eva_Heyman_31-scaled.jpg","@id":"https:\/\/www.teatrulreginamaria.ro\/en\/comunicat-de-presa-premiera-eva-heyman\/#mainImage","width":2560,"height":1707},"primaryImageOfPage":{"@id":"https:\/\/www.teatrulreginamaria.ro\/en\/comunicat-de-presa-premiera-eva-heyman\/#mainImage"},"datePublished":"2021-11-18T10:35:09+02:00","dateModified":"2021-11-18T10:35:09+02:00"},{"@type":"WebSite","@id":"https:\/\/www.teatrulreginamaria.ro\/en\/#website","url":"https:\/\/www.teatrulreginamaria.ro\/en\/","name":"Teatrul Regina Maria Oradea","alternateName":"TRM Oradea","description":"Trupa Iosif Vulcan \u0219i Trupa Arcadia","inLanguage":"en-GB","publisher":{"@id":"https:\/\/www.teatrulreginamaria.ro\/en\/#organization"}}]},"og:locale":"en_GB","og:site_name":"Teatrul Regina Maria Oradea - Trupa Iosif Vulcan \u0219i Trupa Arcadia","og:type":"article","og:title":"COMUNICAT DE PRES\u0102 | Premier\u0103 \u201eEva Heyman\u201d - Teatrul Regina Maria Oradea","og:description":"Eva Heyman \u2013 premier\u0103\u201eNe g\u00e2ndim la tine, Eva Heyman!\u201d Teatrul Regina Maria v\u0103 invit\u0103 la premiera unui spectacol aparte, care ilustreaz\u0103 un fragment din istoria ora\u0219ului Oradea, dar \u0219i a \u00eentregii lumi: \u201eEva Heyman\u201d, dramatizare, concept \u0219i regie: Emil Sauciuc \u0219i Ioana-Maria Repciuc, care va avea loc duminic\u0103, 21 noiembrie, de la ora 18:00, la","og:url":"https:\/\/www.teatrulreginamaria.ro\/en\/comunicat-de-presa-premiera-eva-heyman\/","og:image":"https:\/\/www.teatrulreginamaria.ro\/wp-content\/uploads\/2025\/03\/trm-istoric-01.jpg","og:image:secure_url":"https:\/\/www.teatrulreginamaria.ro\/wp-content\/uploads\/2025\/03\/trm-istoric-01.jpg","og:image:width":1200,"og:image:height":800,"article:published_time":"2021-11-18T10:35:09+00:00","article:modified_time":"2021-11-18T10:35:09+00:00","article:publisher":"https:\/\/www.facebook.com\/TRMTrupaIosifVulcan\/","twitter:card":"summary_large_image","twitter:site":"@TRMOradea","twitter:title":"COMUNICAT DE PRES\u0102 | Premier\u0103 \u201eEva Heyman\u201d - Teatrul Regina Maria Oradea","twitter:description":"Eva Heyman \u2013 premier\u0103\u201eNe g\u00e2ndim la tine, Eva Heyman!\u201d Teatrul Regina Maria v\u0103 invit\u0103 la premiera unui spectacol aparte, care ilustreaz\u0103 un fragment din istoria ora\u0219ului Oradea, dar \u0219i a \u00eentregii lumi: \u201eEva Heyman\u201d, dramatizare, concept \u0219i regie: Emil Sauciuc \u0219i Ioana-Maria Repciuc, care va avea loc duminic\u0103, 21 noiembrie, de la ora 18:00, la","twitter:creator":"@TRMOradea","twitter:image":"https:\/\/www.teatrulreginamaria.ro\/wp-content\/uploads\/2025\/03\/trm-istoric-01.jpg"},"aioseo_meta_data":{"post_id":"4990","title":null,"description":null,"keywords":null,"keyphrases":null,"primary_term":null,"canonical_url":null,"og_title":null,"og_description":null,"og_object_type":"default","og_image_type":"default","og_image_url":null,"og_image_width":null,"og_image_height":null,"og_image_custom_url":null,"og_image_custom_fields":null,"og_video":null,"og_custom_url":null,"og_article_section":null,"og_article_tags":null,"twitter_use_og":false,"twitter_card":"default","twitter_image_type":"default","twitter_image_url":null,"twitter_image_custom_url":null,"twitter_image_custom_fields":null,"twitter_title":null,"twitter_description":null,"schema":{"blockGraphs":[],"customGraphs":[],"default":{"data":{"Article":[],"Course":[],"Dataset":[],"FAQPage":[],"Movie":[],"Person":[],"Product":[],"ProductReview":[],"Car":[],"Recipe":[],"Service":[],"SoftwareApplication":[],"WebPage":[]},"graphName":"","isEnabled":true},"graphs":[]},"schema_type":"default","schema_type_options":null,"pillar_content":false,"robots_default":true,"robots_noindex":false,"robots_noarchive":false,"robots_nosnippet":false,"robots_nofollow":false,"robots_noimageindex":false,"robots_noodp":false,"robots_notranslate":false,"robots_max_snippet":null,"robots_max_videopreview":null,"robots_max_imagepreview":"large","priority":null,"frequency":null,"local_seo":null,"seo_analyzer_scan_date":"2026-05-13 02:50:37","breadcrumb_settings":null,"limit_modified_date":false,"reviewed_by":null,"open_ai":null,"ai":null,"created":"2025-04-09 17:42:43","updated":"2026-05-13 02:50:37","focus_keyword":null,"additional_keywords":null,"truseo_locale":null},"aioseo_breadcrumb":"<div class=\"aioseo-breadcrumbs\"><span class=\"aioseo-breadcrumb\">\n\t<a href=\"https:\/\/www.teatrulreginamaria.ro\/en\" title=\"Home\">Home<\/a>\n<\/span><span class=\"aioseo-breadcrumb-separator\">&raquo;<\/span><span class=\"aioseo-breadcrumb\">\n\t<a href=\"https:\/\/www.teatrulreginamaria.ro\/en\/categorie\/noutati\/\" title=\"Nout\u0103\u021bi\">Nout\u0103\u021bi<\/a>\n<\/span><span class=\"aioseo-breadcrumb-separator\">&raquo;<\/span><span class=\"aioseo-breadcrumb\">\n\t<a href=\"https:\/\/www.teatrulreginamaria.ro\/en\/categorie\/noutati\/noutati-trupa-iosif-vulcan\/\" title=\"Nout\u0103\u021bi - Trupa Iosif Vulcan\">Nout\u0103\u021bi - Trupa Iosif Vulcan<\/a>\n<\/span><span class=\"aioseo-breadcrumb-separator\">&raquo;<\/span><span class=\"aioseo-breadcrumb\">\n\tCOMUNICAT DE PRES\u0102 | Premier\u0103 \u201eEva Heyman\u201d\n<\/span><\/div>","aioseo_breadcrumb_json":[{"label":"Home","link":"https:\/\/www.teatrulreginamaria.ro\/en"},{"label":"Nout\u0103\u021bi","link":"https:\/\/www.teatrulreginamaria.ro\/en\/categorie\/noutati\/"},{"label":"Nout\u0103\u021bi - Trupa Iosif Vulcan","link":"https:\/\/www.teatrulreginamaria.ro\/en\/categorie\/noutati\/noutati-trupa-iosif-vulcan\/"},{"label":"COMUNICAT DE PRES\u0102 | Premier\u0103 \u201eEva Heyman\u201d","link":"https:\/\/www.teatrulreginamaria.ro\/en\/comunicat-de-presa-premiera-eva-heyman\/"}],"acf":[],"_links":{"self":[{"href":"https:\/\/www.teatrulreginamaria.ro\/en\/wp-json\/wp\/v2\/posts\/4990","targetHints":{"allow":["GET"]}}],"collection":[{"href":"https:\/\/www.teatrulreginamaria.ro\/en\/wp-json\/wp\/v2\/posts"}],"about":[{"href":"https:\/\/www.teatrulreginamaria.ro\/en\/wp-json\/wp\/v2\/types\/post"}],"author":[{"embeddable":true,"href":"https:\/\/www.teatrulreginamaria.ro\/en\/wp-json\/wp\/v2\/users\/6"}],"replies":[{"embeddable":true,"href":"https:\/\/www.teatrulreginamaria.ro\/en\/wp-json\/wp\/v2\/comments?post=4990"}],"version-history":[{"count":0,"href":"https:\/\/www.teatrulreginamaria.ro\/en\/wp-json\/wp\/v2\/posts\/4990\/revisions"}],"wp:featuredmedia":[{"embeddable":true,"href":"https:\/\/www.teatrulreginamaria.ro\/en\/wp-json\/wp\/v2\/media\/4984"}],"wp:attachment":[{"href":"https:\/\/www.teatrulreginamaria.ro\/en\/wp-json\/wp\/v2\/media?parent=4990"}],"wp:term":[{"taxonomy":"category","embeddable":true,"href":"https:\/\/www.teatrulreginamaria.ro\/en\/wp-json\/wp\/v2\/categories?post=4990"},{"taxonomy":"post_tag","embeddable":true,"href":"https:\/\/www.teatrulreginamaria.ro\/en\/wp-json\/wp\/v2\/tags?post=4990"}],"curies":[{"name":"wp","href":"https:\/\/api.w.org\/{rel}","templated":true}]}}