{"id":5002,"date":"2021-11-26T14:23:31","date_gmt":"2021-11-26T14:23:31","guid":{"rendered":"https:\/\/teatrulreginamaria.ro\/2021\/11\/26\/comunicat-de-presa-un-pamant-numit-romania-spectacol-dedicat-zilei-nationale-a-romaniei\/"},"modified":"2021-11-26T14:23:31","modified_gmt":"2021-11-26T14:23:31","slug":"press-release-a-land-called-romania-show-dedicated-to-romanias-national-day","status":"publish","type":"post","link":"https:\/\/www.teatrulreginamaria.ro\/en\/comunicat-de-presa-un-pamant-numit-romania-spectacol-dedicat-zilei-nationale-a-romaniei\/","title":{"rendered":"PRESS RELEASE | &quot;A Land Called Romania&quot; \u2013 a show dedicated to Romania&#039;s National Day"},"content":{"rendered":"<p>\u00a0<\/p>\n<p>The Regina Maria Theater and the Bihor County Cultural Center have the great pleasure of inviting you to the anniversary show &quot;A Land Called Romania&quot;, which will take place on December 1, from 6:00 PM, at the Great Hall of the Theater, on the occasion of the celebration of Romania&#039;s National Day.<\/p>\n<p>The program includes artistic moments with a folklore specific, which will be interspersed with short poetic recitals performed by actors Giorgiana Coman and David Constantinescu. The show will be opened by the Folk Ensemble &quot;Datina&quot; from Ale\u0219d with a moment entitled &quot;<strong>When was the catana wake up \u2013 Thunder, Lord, what thunder!\u201d<\/strong> and presents the departure of the young men and women in the village during the First World War, but also captures the longing, the doina, the horit and the corinda that remain in the village after their departure. The special guests of the Folk Ensemble &quot;Datina&quot; are the vocalist Maria Casandra Hau\u0219i - laureate of the &quot;Maria T\u0103nase&quot; Festival and Mrs. Mariana Gligor, from Tulnica in Apuseni, a living human treasure. The moment will be followed by the Vocal Group &quot;Lioara&quot; of the &quot;Francis Hubic&quot; School of Arts in Oradea, and at the end the Professional Artistic Ensemble &quot;Cri\u0219ana&quot; will take the stage, which has prepared a comprehensive and emotional artistic moment, in which we will be delighted by the orchestra and the dance troupe of the ensemble, the vocalist Otilia Harago\u0219 Seghedi, the instrumental artists Petric\u0103 Popa, St\u00e2ngaciu and Teodorescu Mihail.<\/p>\n<p>Tickets for the show can be purchased from the theater agency, open from Tuesday to Friday between 10:00 and 14:00, or one hour before the performance and online at Eventim.ro.<\/p>\n<p>According to the new regulations in force, access to the performance halls is allowed only for people vaccinated against the SARS-COV-2 virus, for whom 10 days have passed since the completion of the complete vaccination schedule, people who present a certificate attesting that they are between the 15th and 180th day following confirmation of infection with SARS-CoV-2, and minors under 12 years of age. Wearing a protective mask is mandatory for the entire duration of the event (from entering the foyer until leaving the building).<\/p>\n<p>We look forward to celebrating Romania&#039;s National Day together!<\/p>\n<p>\u00a0<\/p>","protected":false},"excerpt":{"rendered":"<p>\u00a0 Teatrul Regina Maria \u0219i Centrul de Cultur\u0103 al Jude\u021bului Bihor au deosebita pl\u0103cere de a v\u0103 invita la spectacolul aniversar \u201eUn p\u0103m\u00e2nt numit Rom\u00e2nia\u201d, care va avea loc \u00een data de 1 decembrie, de la ora 18:00, la Sala Mare a Teatrului, cu prilejul s\u0103rb\u0103toririi Zilei Na\u021bionale a Rom\u00e2niei. Programul cuprinde momente artistice cu [&hellip;]<\/p>\n","protected":false},"author":6,"featured_media":5000,"comment_status":"open","ping_status":"open","sticky":false,"template":"","format":"standard","meta":{"_acf_changed":false,"footnotes":""},"categories":[32],"tags":[],"class_list":["post-5002","post","type-post","status-publish","format-standard","has-post-thumbnail","hentry","category-noutati-ansamblul-crisana"],"aioseo_notices":[],"aioseo_head":"\n\t\t<!-- All in One SEO Pro 5.0.1.1 - aioseo.com -->\n\t<meta name=\"description\" content=\"Teatrul Regina Maria \u0219i Centrul de Cultur\u0103 al Jude\u021bului Bihor au deosebita pl\u0103cere de a v\u0103 invita la spectacolul aniversar \u201eUn p\u0103m\u00e2nt numit Rom\u00e2nia\u201d, care va avea loc \u00een data de 1 decembrie, de la ora 18:00, la Sala Mare a Teatrului, cu prilejul s\u0103rb\u0103toririi Zilei Na\u021bionale a Rom\u00e2niei. Programul cuprinde momente artistice cu\" \/>\n\t<meta name=\"robots\" content=\"max-image-preview:large\" \/>\n\t<meta name=\"author\" content=\"Teatrul Regina Maria\"\/>\n\t<link rel=\"canonical\" href=\"https:\/\/www.teatrulreginamaria.ro\/en\/comunicat-de-presa-un-pamant-numit-romania-spectacol-dedicat-zilei-nationale-a-romaniei\/\" \/>\n\t<meta name=\"generator\" content=\"All in One SEO Pro (AIOSEO) 5.0.1.1\" \/>\n\t\t<meta property=\"og:locale\" content=\"en_GB\" \/>\n\t\t<meta property=\"og:site_name\" content=\"Teatrul Regina Maria Oradea - Trupa Iosif Vulcan \u0219i Trupa Arcadia\" \/>\n\t\t<meta property=\"og:type\" content=\"article\" \/>\n\t\t<meta property=\"og:title\" content=\"COMUNICAT DE PRES\u0102 | \u201eUn p\u0103m\u00e2nt numit Rom\u00e2nia\u201d \u2013 spectacol dedicat Zilei Na\u021bionale a Rom\u00e2niei - Teatrul Regina Maria Oradea\" \/>\n\t\t<meta property=\"og:description\" content=\"Teatrul Regina Maria \u0219i Centrul de Cultur\u0103 al Jude\u021bului Bihor au deosebita pl\u0103cere de a v\u0103 invita la spectacolul aniversar \u201eUn p\u0103m\u00e2nt numit Rom\u00e2nia\u201d, care va avea loc \u00een data de 1 decembrie, de la ora 18:00, la Sala Mare a Teatrului, cu prilejul s\u0103rb\u0103toririi Zilei Na\u021bionale a Rom\u00e2niei. Programul cuprinde momente artistice cu\" \/>\n\t\t<meta property=\"og:url\" content=\"https:\/\/www.teatrulreginamaria.ro\/en\/comunicat-de-presa-un-pamant-numit-romania-spectacol-dedicat-zilei-nationale-a-romaniei\/\" \/>\n\t\t<meta property=\"og:image\" content=\"https:\/\/www.teatrulreginamaria.ro\/wp-content\/uploads\/2025\/03\/trm-istoric-01.jpg\" \/>\n\t\t<meta property=\"og:image:secure_url\" content=\"https:\/\/www.teatrulreginamaria.ro\/wp-content\/uploads\/2025\/03\/trm-istoric-01.jpg\" \/>\n\t\t<meta property=\"og:image:width\" content=\"1200\" \/>\n\t\t<meta property=\"og:image:height\" content=\"800\" \/>\n\t\t<meta property=\"article:published_time\" content=\"2021-11-26T14:23:31+00:00\" \/>\n\t\t<meta property=\"article:modified_time\" content=\"2021-11-26T14:23:31+00:00\" \/>\n\t\t<meta property=\"article:publisher\" content=\"https:\/\/www.facebook.com\/TRMTrupaIosifVulcan\/\" \/>\n\t\t<meta name=\"twitter:card\" content=\"summary_large_image\" \/>\n\t\t<meta name=\"twitter:site\" content=\"@TRMOradea\" \/>\n\t\t<meta name=\"twitter:title\" content=\"COMUNICAT DE PRES\u0102 | \u201eUn p\u0103m\u00e2nt numit Rom\u00e2nia\u201d \u2013 spectacol dedicat Zilei Na\u021bionale a Rom\u00e2niei - Teatrul Regina Maria Oradea\" \/>\n\t\t<meta name=\"twitter:description\" content=\"Teatrul Regina Maria \u0219i Centrul de Cultur\u0103 al Jude\u021bului Bihor au deosebita pl\u0103cere de a v\u0103 invita la spectacolul aniversar \u201eUn p\u0103m\u00e2nt numit Rom\u00e2nia\u201d, care va avea loc \u00een data de 1 decembrie, de la ora 18:00, la Sala Mare a Teatrului, cu prilejul s\u0103rb\u0103toririi Zilei Na\u021bionale a Rom\u00e2niei. Programul cuprinde momente artistice cu\" \/>\n\t\t<meta name=\"twitter:creator\" content=\"@TRMOradea\" \/>\n\t\t<meta name=\"twitter:image\" content=\"https:\/\/www.teatrulreginamaria.ro\/wp-content\/uploads\/2025\/03\/trm-istoric-01.jpg\" \/>\n\t\t<script type=\"application\/ld+json\" class=\"aioseo-schema\">\n\t\t\t{\"@context\":\"https:\\\/\\\/schema.org\",\"@graph\":[{\"@type\":\"BlogPosting\",\"@id\":\"https:\\\/\\\/www.teatrulreginamaria.ro\\\/en\\\/comunicat-de-presa-un-pamant-numit-romania-spectacol-dedicat-zilei-nationale-a-romaniei\\\/#blogposting\",\"name\":\"COMUNICAT DE PRES\\u0102 | \\u201eUn p\\u0103m\\u00e2nt numit Rom\\u00e2nia\\u201d \\u2013 spectacol dedicat Zilei Na\\u021bionale a Rom\\u00e2niei - Teatrul Regina Maria Oradea\",\"headline\":\"COMUNICAT DE PRES\\u0102 | \\u201eUn p\\u0103m\\u00e2nt numit Rom\\u00e2nia\\u201d \\u2013 spectacol dedicat Zilei Na\\u021bionale a Rom\\u00e2niei\",\"author\":{\"@id\":\"https:\\\/\\\/www.teatrulreginamaria.ro\\\/en\\\/author\\\/w3bmaster\\\/#author\"},\"publisher\":{\"@id\":\"https:\\\/\\\/www.teatrulreginamaria.ro\\\/en\\\/#organization\"},\"image\":{\"@type\":\"ImageObject\",\"url\":\"https:\\\/\\\/www.teatrulreginamaria.ro\\\/wp-content\\\/uploads\\\/2021\\\/11\\\/Un_pmnt_numit_Romnia_event_cover.png\",\"width\":1640,\"height\":924},\"datePublished\":\"2021-11-26T14:23:31+02:00\",\"dateModified\":\"2021-11-26T14:23:31+02:00\",\"inLanguage\":\"en-GB\",\"mainEntityOfPage\":{\"@id\":\"https:\\\/\\\/www.teatrulreginamaria.ro\\\/en\\\/comunicat-de-presa-un-pamant-numit-romania-spectacol-dedicat-zilei-nationale-a-romaniei\\\/#webpage\"},\"isPartOf\":{\"@id\":\"https:\\\/\\\/www.teatrulreginamaria.ro\\\/en\\\/comunicat-de-presa-un-pamant-numit-romania-spectacol-dedicat-zilei-nationale-a-romaniei\\\/#webpage\"},\"articleSection\":\"Nout\\u0103\\u021bi - Ansamblul Cri\\u0219ana\"},{\"@type\":\"BreadcrumbList\",\"@id\":\"https:\\\/\\\/www.teatrulreginamaria.ro\\\/en\\\/comunicat-de-presa-un-pamant-numit-romania-spectacol-dedicat-zilei-nationale-a-romaniei\\\/#breadcrumblist\",\"itemListElement\":[{\"@type\":\"ListItem\",\"@id\":\"https:\\\/\\\/www.teatrulreginamaria.ro\\\/en#listItem\",\"position\":1,\"name\":\"Home\",\"item\":\"https:\\\/\\\/www.teatrulreginamaria.ro\\\/en\",\"nextItem\":{\"@type\":\"ListItem\",\"@id\":\"https:\\\/\\\/www.teatrulreginamaria.ro\\\/en\\\/categorie\\\/noutati\\\/#listItem\",\"name\":\"Nout\\u0103\\u021bi\"}},{\"@type\":\"ListItem\",\"@id\":\"https:\\\/\\\/www.teatrulreginamaria.ro\\\/en\\\/categorie\\\/noutati\\\/#listItem\",\"position\":2,\"name\":\"Nout\\u0103\\u021bi\",\"item\":\"https:\\\/\\\/www.teatrulreginamaria.ro\\\/en\\\/categorie\\\/noutati\\\/\",\"nextItem\":{\"@type\":\"ListItem\",\"@id\":\"https:\\\/\\\/www.teatrulreginamaria.ro\\\/en\\\/categorie\\\/noutati\\\/noutati-ansamblul-crisana\\\/#listItem\",\"name\":\"Nout\\u0103\\u021bi - Ansamblul Cri\\u0219ana\"},\"previousItem\":{\"@type\":\"ListItem\",\"@id\":\"https:\\\/\\\/www.teatrulreginamaria.ro\\\/en#listItem\",\"name\":\"Home\"}},{\"@type\":\"ListItem\",\"@id\":\"https:\\\/\\\/www.teatrulreginamaria.ro\\\/en\\\/categorie\\\/noutati\\\/noutati-ansamblul-crisana\\\/#listItem\",\"position\":3,\"name\":\"Nout\\u0103\\u021bi - Ansamblul Cri\\u0219ana\",\"item\":\"https:\\\/\\\/www.teatrulreginamaria.ro\\\/en\\\/categorie\\\/noutati\\\/noutati-ansamblul-crisana\\\/\",\"nextItem\":{\"@type\":\"ListItem\",\"@id\":\"https:\\\/\\\/www.teatrulreginamaria.ro\\\/en\\\/comunicat-de-presa-un-pamant-numit-romania-spectacol-dedicat-zilei-nationale-a-romaniei\\\/#listItem\",\"name\":\"COMUNICAT DE PRES\\u0102 | \\u201eUn p\\u0103m\\u00e2nt numit Rom\\u00e2nia\\u201d \\u2013 spectacol dedicat Zilei Na\\u021bionale a Rom\\u00e2niei\"},\"previousItem\":{\"@type\":\"ListItem\",\"@id\":\"https:\\\/\\\/www.teatrulreginamaria.ro\\\/en\\\/categorie\\\/noutati\\\/#listItem\",\"name\":\"Nout\\u0103\\u021bi\"}},{\"@type\":\"ListItem\",\"@id\":\"https:\\\/\\\/www.teatrulreginamaria.ro\\\/en\\\/comunicat-de-presa-un-pamant-numit-romania-spectacol-dedicat-zilei-nationale-a-romaniei\\\/#listItem\",\"position\":4,\"name\":\"COMUNICAT DE PRES\\u0102 | \\u201eUn p\\u0103m\\u00e2nt numit Rom\\u00e2nia\\u201d \\u2013 spectacol dedicat Zilei Na\\u021bionale a Rom\\u00e2niei\",\"previousItem\":{\"@type\":\"ListItem\",\"@id\":\"https:\\\/\\\/www.teatrulreginamaria.ro\\\/en\\\/categorie\\\/noutati\\\/noutati-ansamblul-crisana\\\/#listItem\",\"name\":\"Nout\\u0103\\u021bi - Ansamblul Cri\\u0219ana\"}}]},{\"@type\":\"Organization\",\"@id\":\"https:\\\/\\\/www.teatrulreginamaria.ro\\\/en\\\/#organization\",\"name\":\"Teatrul Regina Maria Oradea\",\"description\":\"Trupa Iosif Vulcan \\u0219i Trupa Arcadia\",\"url\":\"https:\\\/\\\/www.teatrulreginamaria.ro\\\/en\\\/\",\"email\":\"marketing@teatrulreginamaria.ro\",\"telephone\":\"+40359411534\",\"numberOfEmployees\":{\"@type\":\"QuantitativeValue\",\"minValue\":0,\"maxValue\":150},\"logo\":{\"@type\":\"ImageObject\",\"url\":\"https:\\\/\\\/www.teatrulreginamaria.ro\\\/wp-content\\\/uploads\\\/2025\\\/06\\\/logo-trm-01-dark.png\",\"@id\":\"https:\\\/\\\/www.teatrulreginamaria.ro\\\/en\\\/comunicat-de-presa-un-pamant-numit-romania-spectacol-dedicat-zilei-nationale-a-romaniei\\\/#organizationLogo\",\"width\":300,\"height\":148},\"image\":{\"@id\":\"https:\\\/\\\/www.teatrulreginamaria.ro\\\/en\\\/comunicat-de-presa-un-pamant-numit-romania-spectacol-dedicat-zilei-nationale-a-romaniei\\\/#organizationLogo\"},\"sameAs\":[\"https:\\\/\\\/www.facebook.com\\\/TRMTrupaIosifVulcan\\\/\",\"https:\\\/\\\/x.com\\\/TRMOradea\",\"https:\\\/\\\/www.instagram.com\\\/teatrul_regina_maria\\\/\",\"https:\\\/\\\/www.youtube.com\\\/c\\\/TeatrulReginaMariaOradea\",\"https:\\\/\\\/www.linkedin.com\\\/company\\\/teatrul-regina-maria\"]},{\"@type\":\"Person\",\"@id\":\"https:\\\/\\\/www.teatrulreginamaria.ro\\\/en\\\/author\\\/w3bmaster\\\/#author\",\"url\":\"https:\\\/\\\/www.teatrulreginamaria.ro\\\/en\\\/author\\\/w3bmaster\\\/\",\"name\":\"Teatrul Regina Maria\",\"image\":{\"@type\":\"ImageObject\",\"@id\":\"https:\\\/\\\/www.teatrulreginamaria.ro\\\/en\\\/comunicat-de-presa-un-pamant-numit-romania-spectacol-dedicat-zilei-nationale-a-romaniei\\\/#authorImage\",\"url\":\"https:\\\/\\\/secure.gravatar.com\\\/avatar\\\/5884139d508ae3f0bafe45e60563b48a9640146d3b08ccc6278c305ff9329305?s=96&d=mm&r=g\",\"width\":96,\"height\":96,\"caption\":\"Teatrul Regina Maria\"}},{\"@type\":\"WebPage\",\"@id\":\"https:\\\/\\\/www.teatrulreginamaria.ro\\\/en\\\/comunicat-de-presa-un-pamant-numit-romania-spectacol-dedicat-zilei-nationale-a-romaniei\\\/#webpage\",\"url\":\"https:\\\/\\\/www.teatrulreginamaria.ro\\\/en\\\/comunicat-de-presa-un-pamant-numit-romania-spectacol-dedicat-zilei-nationale-a-romaniei\\\/\",\"name\":\"COMUNICAT DE PRES\\u0102 | \\u201eUn p\\u0103m\\u00e2nt numit Rom\\u00e2nia\\u201d \\u2013 spectacol dedicat Zilei Na\\u021bionale a Rom\\u00e2niei - Teatrul Regina Maria Oradea\",\"description\":\"Teatrul Regina Maria \\u0219i Centrul de Cultur\\u0103 al Jude\\u021bului Bihor au deosebita pl\\u0103cere de a v\\u0103 invita la spectacolul aniversar \\u201eUn p\\u0103m\\u00e2nt numit Rom\\u00e2nia\\u201d, care va avea loc \\u00een data de 1 decembrie, de la ora 18:00, la Sala Mare a Teatrului, cu prilejul s\\u0103rb\\u0103toririi Zilei Na\\u021bionale a Rom\\u00e2niei. Programul cuprinde momente artistice cu\",\"inLanguage\":\"en-GB\",\"isPartOf\":{\"@id\":\"https:\\\/\\\/www.teatrulreginamaria.ro\\\/en\\\/#website\"},\"breadcrumb\":{\"@id\":\"https:\\\/\\\/www.teatrulreginamaria.ro\\\/en\\\/comunicat-de-presa-un-pamant-numit-romania-spectacol-dedicat-zilei-nationale-a-romaniei\\\/#breadcrumblist\"},\"author\":{\"@id\":\"https:\\\/\\\/www.teatrulreginamaria.ro\\\/en\\\/author\\\/w3bmaster\\\/#author\"},\"creator\":{\"@id\":\"https:\\\/\\\/www.teatrulreginamaria.ro\\\/en\\\/author\\\/w3bmaster\\\/#author\"},\"image\":{\"@type\":\"ImageObject\",\"url\":\"https:\\\/\\\/www.teatrulreginamaria.ro\\\/wp-content\\\/uploads\\\/2021\\\/11\\\/Un_pmnt_numit_Romnia_event_cover.png\",\"@id\":\"https:\\\/\\\/www.teatrulreginamaria.ro\\\/en\\\/comunicat-de-presa-un-pamant-numit-romania-spectacol-dedicat-zilei-nationale-a-romaniei\\\/#mainImage\",\"width\":1640,\"height\":924},\"primaryImageOfPage\":{\"@id\":\"https:\\\/\\\/www.teatrulreginamaria.ro\\\/en\\\/comunicat-de-presa-un-pamant-numit-romania-spectacol-dedicat-zilei-nationale-a-romaniei\\\/#mainImage\"},\"datePublished\":\"2021-11-26T14:23:31+02:00\",\"dateModified\":\"2021-11-26T14:23:31+02:00\"},{\"@type\":\"WebSite\",\"@id\":\"https:\\\/\\\/www.teatrulreginamaria.ro\\\/en\\\/#website\",\"url\":\"https:\\\/\\\/www.teatrulreginamaria.ro\\\/en\\\/\",\"name\":\"Teatrul Regina Maria Oradea\",\"alternateName\":\"TRM Oradea\",\"description\":\"Trupa Iosif Vulcan \\u0219i Trupa Arcadia\",\"inLanguage\":\"en-GB\",\"publisher\":{\"@id\":\"https:\\\/\\\/www.teatrulreginamaria.ro\\\/en\\\/#organization\"}}]}\n\t\t<\/script>\n\t\t<!-- All in One SEO Pro -->\r\n\t\t<title>COMUNICAT DE PRES\u0102 | \u201eUn p\u0103m\u00e2nt numit Rom\u00e2nia\u201d \u2013 spectacol dedicat Zilei Na\u021bionale a Rom\u00e2niei - Teatrul Regina Maria Oradea<\/title>\n\n","aioseo_head_json":{"title":"PRESS RELEASE | &quot;A Land Called Romania&quot; \u2013 a show dedicated to the National Day of Romania - Regina Maria Theater Oradea","description":"The Regina Maria Theatre and the Bihor County Cultural Centre have the great pleasure of inviting you to the anniversary show &quot;A Land Called Romania&quot;, which will take place on December 1, from 6:00 PM, at the Great Hall of the Theatre, on the occasion of the celebration of Romania&#039;s National Day. The program includes artistic moments with","canonical_url":"https:\/\/www.teatrulreginamaria.ro\/en\/comunicat-de-presa-un-pamant-numit-romania-spectacol-dedicat-zilei-nationale-a-romaniei\/","robots":"max-image-preview:large","keywords":"","webmasterTools":{"miscellaneous":""},"schema":{"@context":"https:\/\/schema.org","@graph":[{"@type":"BlogPosting","@id":"https:\/\/www.teatrulreginamaria.ro\/en\/comunicat-de-presa-un-pamant-numit-romania-spectacol-dedicat-zilei-nationale-a-romaniei\/#blogposting","name":"COMUNICAT DE PRES\u0102 | \u201eUn p\u0103m\u00e2nt numit Rom\u00e2nia\u201d \u2013 spectacol dedicat Zilei Na\u021bionale a Rom\u00e2niei - Teatrul Regina Maria Oradea","headline":"COMUNICAT DE PRES\u0102 | \u201eUn p\u0103m\u00e2nt numit Rom\u00e2nia\u201d \u2013 spectacol dedicat Zilei Na\u021bionale a Rom\u00e2niei","author":{"@id":"https:\/\/www.teatrulreginamaria.ro\/en\/author\/w3bmaster\/#author"},"publisher":{"@id":"https:\/\/www.teatrulreginamaria.ro\/en\/#organization"},"image":{"@type":"ImageObject","url":"https:\/\/www.teatrulreginamaria.ro\/wp-content\/uploads\/2021\/11\/Un_pmnt_numit_Romnia_event_cover.png","width":1640,"height":924},"datePublished":"2021-11-26T14:23:31+02:00","dateModified":"2021-11-26T14:23:31+02:00","inLanguage":"en-GB","mainEntityOfPage":{"@id":"https:\/\/www.teatrulreginamaria.ro\/en\/comunicat-de-presa-un-pamant-numit-romania-spectacol-dedicat-zilei-nationale-a-romaniei\/#webpage"},"isPartOf":{"@id":"https:\/\/www.teatrulreginamaria.ro\/en\/comunicat-de-presa-un-pamant-numit-romania-spectacol-dedicat-zilei-nationale-a-romaniei\/#webpage"},"articleSection":"Nout\u0103\u021bi - Ansamblul Cri\u0219ana"},{"@type":"BreadcrumbList","@id":"https:\/\/www.teatrulreginamaria.ro\/en\/comunicat-de-presa-un-pamant-numit-romania-spectacol-dedicat-zilei-nationale-a-romaniei\/#breadcrumblist","itemListElement":[{"@type":"ListItem","@id":"https:\/\/www.teatrulreginamaria.ro\/en#listItem","position":1,"name":"Home","item":"https:\/\/www.teatrulreginamaria.ro\/en","nextItem":{"@type":"ListItem","@id":"https:\/\/www.teatrulreginamaria.ro\/en\/categorie\/noutati\/#listItem","name":"Nout\u0103\u021bi"}},{"@type":"ListItem","@id":"https:\/\/www.teatrulreginamaria.ro\/en\/categorie\/noutati\/#listItem","position":2,"name":"Nout\u0103\u021bi","item":"https:\/\/www.teatrulreginamaria.ro\/en\/categorie\/noutati\/","nextItem":{"@type":"ListItem","@id":"https:\/\/www.teatrulreginamaria.ro\/en\/categorie\/noutati\/noutati-ansamblul-crisana\/#listItem","name":"Nout\u0103\u021bi - Ansamblul Cri\u0219ana"},"previousItem":{"@type":"ListItem","@id":"https:\/\/www.teatrulreginamaria.ro\/en#listItem","name":"Home"}},{"@type":"ListItem","@id":"https:\/\/www.teatrulreginamaria.ro\/en\/categorie\/noutati\/noutati-ansamblul-crisana\/#listItem","position":3,"name":"Nout\u0103\u021bi - Ansamblul Cri\u0219ana","item":"https:\/\/www.teatrulreginamaria.ro\/en\/categorie\/noutati\/noutati-ansamblul-crisana\/","nextItem":{"@type":"ListItem","@id":"https:\/\/www.teatrulreginamaria.ro\/en\/comunicat-de-presa-un-pamant-numit-romania-spectacol-dedicat-zilei-nationale-a-romaniei\/#listItem","name":"COMUNICAT DE PRES\u0102 | \u201eUn p\u0103m\u00e2nt numit Rom\u00e2nia\u201d \u2013 spectacol dedicat Zilei Na\u021bionale a Rom\u00e2niei"},"previousItem":{"@type":"ListItem","@id":"https:\/\/www.teatrulreginamaria.ro\/en\/categorie\/noutati\/#listItem","name":"Nout\u0103\u021bi"}},{"@type":"ListItem","@id":"https:\/\/www.teatrulreginamaria.ro\/en\/comunicat-de-presa-un-pamant-numit-romania-spectacol-dedicat-zilei-nationale-a-romaniei\/#listItem","position":4,"name":"COMUNICAT DE PRES\u0102 | \u201eUn p\u0103m\u00e2nt numit Rom\u00e2nia\u201d \u2013 spectacol dedicat Zilei Na\u021bionale a Rom\u00e2niei","previousItem":{"@type":"ListItem","@id":"https:\/\/www.teatrulreginamaria.ro\/en\/categorie\/noutati\/noutati-ansamblul-crisana\/#listItem","name":"Nout\u0103\u021bi - Ansamblul Cri\u0219ana"}}]},{"@type":"Organization","@id":"https:\/\/www.teatrulreginamaria.ro\/en\/#organization","name":"Teatrul Regina Maria Oradea","description":"Trupa Iosif Vulcan \u0219i Trupa Arcadia","url":"https:\/\/www.teatrulreginamaria.ro\/en\/","email":"marketing@teatrulreginamaria.ro","telephone":"+40359411534","numberOfEmployees":{"@type":"QuantitativeValue","minValue":0,"maxValue":150},"logo":{"@type":"ImageObject","url":"https:\/\/www.teatrulreginamaria.ro\/wp-content\/uploads\/2025\/06\/logo-trm-01-dark.png","@id":"https:\/\/www.teatrulreginamaria.ro\/en\/comunicat-de-presa-un-pamant-numit-romania-spectacol-dedicat-zilei-nationale-a-romaniei\/#organizationLogo","width":300,"height":148},"image":{"@id":"https:\/\/www.teatrulreginamaria.ro\/en\/comunicat-de-presa-un-pamant-numit-romania-spectacol-dedicat-zilei-nationale-a-romaniei\/#organizationLogo"},"sameAs":["https:\/\/www.facebook.com\/TRMTrupaIosifVulcan\/","https:\/\/x.com\/TRMOradea","https:\/\/www.instagram.com\/teatrul_regina_maria\/","https:\/\/www.youtube.com\/c\/TeatrulReginaMariaOradea","https:\/\/www.linkedin.com\/company\/teatrul-regina-maria"]},{"@type":"Person","@id":"https:\/\/www.teatrulreginamaria.ro\/en\/author\/w3bmaster\/#author","url":"https:\/\/www.teatrulreginamaria.ro\/en\/author\/w3bmaster\/","name":"Teatrul Regina Maria","image":{"@type":"ImageObject","@id":"https:\/\/www.teatrulreginamaria.ro\/en\/comunicat-de-presa-un-pamant-numit-romania-spectacol-dedicat-zilei-nationale-a-romaniei\/#authorImage","url":"https:\/\/secure.gravatar.com\/avatar\/5884139d508ae3f0bafe45e60563b48a9640146d3b08ccc6278c305ff9329305?s=96&d=mm&r=g","width":96,"height":96,"caption":"Teatrul Regina Maria"}},{"@type":"WebPage","@id":"https:\/\/www.teatrulreginamaria.ro\/en\/comunicat-de-presa-un-pamant-numit-romania-spectacol-dedicat-zilei-nationale-a-romaniei\/#webpage","url":"https:\/\/www.teatrulreginamaria.ro\/en\/comunicat-de-presa-un-pamant-numit-romania-spectacol-dedicat-zilei-nationale-a-romaniei\/","name":"COMUNICAT DE PRES\u0102 | \u201eUn p\u0103m\u00e2nt numit Rom\u00e2nia\u201d \u2013 spectacol dedicat Zilei Na\u021bionale a Rom\u00e2niei - Teatrul Regina Maria Oradea","description":"Teatrul Regina Maria \u0219i Centrul de Cultur\u0103 al Jude\u021bului Bihor au deosebita pl\u0103cere de a v\u0103 invita la spectacolul aniversar \u201eUn p\u0103m\u00e2nt numit Rom\u00e2nia\u201d, care va avea loc \u00een data de 1 decembrie, de la ora 18:00, la Sala Mare a Teatrului, cu prilejul s\u0103rb\u0103toririi Zilei Na\u021bionale a Rom\u00e2niei. Programul cuprinde momente artistice cu","inLanguage":"en-GB","isPartOf":{"@id":"https:\/\/www.teatrulreginamaria.ro\/en\/#website"},"breadcrumb":{"@id":"https:\/\/www.teatrulreginamaria.ro\/en\/comunicat-de-presa-un-pamant-numit-romania-spectacol-dedicat-zilei-nationale-a-romaniei\/#breadcrumblist"},"author":{"@id":"https:\/\/www.teatrulreginamaria.ro\/en\/author\/w3bmaster\/#author"},"creator":{"@id":"https:\/\/www.teatrulreginamaria.ro\/en\/author\/w3bmaster\/#author"},"image":{"@type":"ImageObject","url":"https:\/\/www.teatrulreginamaria.ro\/wp-content\/uploads\/2021\/11\/Un_pmnt_numit_Romnia_event_cover.png","@id":"https:\/\/www.teatrulreginamaria.ro\/en\/comunicat-de-presa-un-pamant-numit-romania-spectacol-dedicat-zilei-nationale-a-romaniei\/#mainImage","width":1640,"height":924},"primaryImageOfPage":{"@id":"https:\/\/www.teatrulreginamaria.ro\/en\/comunicat-de-presa-un-pamant-numit-romania-spectacol-dedicat-zilei-nationale-a-romaniei\/#mainImage"},"datePublished":"2021-11-26T14:23:31+02:00","dateModified":"2021-11-26T14:23:31+02:00"},{"@type":"WebSite","@id":"https:\/\/www.teatrulreginamaria.ro\/en\/#website","url":"https:\/\/www.teatrulreginamaria.ro\/en\/","name":"Teatrul Regina Maria Oradea","alternateName":"TRM Oradea","description":"Trupa Iosif Vulcan \u0219i Trupa Arcadia","inLanguage":"en-GB","publisher":{"@id":"https:\/\/www.teatrulreginamaria.ro\/en\/#organization"}}]},"og:locale":"en_GB","og:site_name":"Teatrul Regina Maria Oradea - Trupa Iosif Vulcan \u0219i Trupa Arcadia","og:type":"article","og:title":"COMUNICAT DE PRES\u0102 | \u201eUn p\u0103m\u00e2nt numit Rom\u00e2nia\u201d \u2013 spectacol dedicat Zilei Na\u021bionale a Rom\u00e2niei - Teatrul Regina Maria Oradea","og:description":"Teatrul Regina Maria \u0219i Centrul de Cultur\u0103 al Jude\u021bului Bihor au deosebita pl\u0103cere de a v\u0103 invita la spectacolul aniversar \u201eUn p\u0103m\u00e2nt numit Rom\u00e2nia\u201d, care va avea loc \u00een data de 1 decembrie, de la ora 18:00, la Sala Mare a Teatrului, cu prilejul s\u0103rb\u0103toririi Zilei Na\u021bionale a Rom\u00e2niei. Programul cuprinde momente artistice cu","og:url":"https:\/\/www.teatrulreginamaria.ro\/en\/comunicat-de-presa-un-pamant-numit-romania-spectacol-dedicat-zilei-nationale-a-romaniei\/","og:image":"https:\/\/www.teatrulreginamaria.ro\/wp-content\/uploads\/2025\/03\/trm-istoric-01.jpg","og:image:secure_url":"https:\/\/www.teatrulreginamaria.ro\/wp-content\/uploads\/2025\/03\/trm-istoric-01.jpg","og:image:width":1200,"og:image:height":800,"article:published_time":"2021-11-26T14:23:31+00:00","article:modified_time":"2021-11-26T14:23:31+00:00","article:publisher":"https:\/\/www.facebook.com\/TRMTrupaIosifVulcan\/","twitter:card":"summary_large_image","twitter:site":"@TRMOradea","twitter:title":"COMUNICAT DE PRES\u0102 | \u201eUn p\u0103m\u00e2nt numit Rom\u00e2nia\u201d \u2013 spectacol dedicat Zilei Na\u021bionale a Rom\u00e2niei - Teatrul Regina Maria Oradea","twitter:description":"Teatrul Regina Maria \u0219i Centrul de Cultur\u0103 al Jude\u021bului Bihor au deosebita pl\u0103cere de a v\u0103 invita la spectacolul aniversar \u201eUn p\u0103m\u00e2nt numit Rom\u00e2nia\u201d, care va avea loc \u00een data de 1 decembrie, de la ora 18:00, la Sala Mare a Teatrului, cu prilejul s\u0103rb\u0103toririi Zilei Na\u021bionale a Rom\u00e2niei. Programul cuprinde momente artistice cu","twitter:creator":"@TRMOradea","twitter:image":"https:\/\/www.teatrulreginamaria.ro\/wp-content\/uploads\/2025\/03\/trm-istoric-01.jpg"},"aioseo_meta_data":{"post_id":"5002","title":null,"description":null,"keywords":null,"keyphrases":null,"primary_term":null,"canonical_url":null,"og_title":null,"og_description":null,"og_object_type":"default","og_image_type":"default","og_image_url":null,"og_image_width":null,"og_image_height":null,"og_image_custom_url":null,"og_image_custom_fields":null,"og_video":null,"og_custom_url":null,"og_article_section":null,"og_article_tags":null,"twitter_use_og":false,"twitter_card":"default","twitter_image_type":"default","twitter_image_url":null,"twitter_image_custom_url":null,"twitter_image_custom_fields":null,"twitter_title":null,"twitter_description":null,"schema":{"blockGraphs":[],"customGraphs":[],"default":{"data":{"Article":[],"Course":[],"Dataset":[],"FAQPage":[],"Movie":[],"Person":[],"Product":[],"ProductReview":[],"Car":[],"Recipe":[],"Service":[],"SoftwareApplication":[],"WebPage":[]},"graphName":"","isEnabled":true},"graphs":[]},"schema_type":"default","schema_type_options":null,"pillar_content":false,"robots_default":true,"robots_noindex":false,"robots_noarchive":false,"robots_nosnippet":false,"robots_nofollow":false,"robots_noimageindex":false,"robots_noodp":false,"robots_notranslate":false,"robots_max_snippet":null,"robots_max_videopreview":null,"robots_max_imagepreview":"large","priority":null,"frequency":null,"local_seo":null,"seo_analyzer_scan_date":"2026-05-13 02:52:05","breadcrumb_settings":null,"limit_modified_date":false,"reviewed_by":null,"open_ai":null,"ai":null,"created":"2025-04-09 17:42:43","updated":"2026-05-13 02:52:05","focus_keyword":null,"additional_keywords":null,"truseo_locale":null},"aioseo_breadcrumb":"<div class=\"aioseo-breadcrumbs\"><span class=\"aioseo-breadcrumb\">\n\t<a href=\"https:\/\/www.teatrulreginamaria.ro\/en\" title=\"Home\">Home<\/a>\n<\/span><span class=\"aioseo-breadcrumb-separator\">&raquo;<\/span><span class=\"aioseo-breadcrumb\">\n\t<a href=\"https:\/\/www.teatrulreginamaria.ro\/en\/categorie\/noutati\/\" title=\"Nout\u0103\u021bi\">Nout\u0103\u021bi<\/a>\n<\/span><span class=\"aioseo-breadcrumb-separator\">&raquo;<\/span><span class=\"aioseo-breadcrumb\">\n\t<a href=\"https:\/\/www.teatrulreginamaria.ro\/en\/categorie\/noutati\/noutati-ansamblul-crisana\/\" title=\"Nout\u0103\u021bi - Ansamblul Cri\u0219ana\">Nout\u0103\u021bi - Ansamblul Cri\u0219ana<\/a>\n<\/span><span class=\"aioseo-breadcrumb-separator\">&raquo;<\/span><span class=\"aioseo-breadcrumb\">\n\tCOMUNICAT DE PRES\u0102 | \u201eUn p\u0103m\u00e2nt numit Rom\u00e2nia\u201d \u2013 spectacol dedicat Zilei Na\u021bionale a Rom\u00e2niei\n<\/span><\/div>","aioseo_breadcrumb_json":[{"label":"Home","link":"https:\/\/www.teatrulreginamaria.ro\/en"},{"label":"Nout\u0103\u021bi","link":"https:\/\/www.teatrulreginamaria.ro\/en\/categorie\/noutati\/"},{"label":"Nout\u0103\u021bi - Ansamblul Cri\u0219ana","link":"https:\/\/www.teatrulreginamaria.ro\/en\/categorie\/noutati\/noutati-ansamblul-crisana\/"},{"label":"COMUNICAT DE PRES\u0102 | \u201eUn p\u0103m\u00e2nt numit Rom\u00e2nia\u201d \u2013 spectacol dedicat Zilei Na\u021bionale a Rom\u00e2niei","link":"https:\/\/www.teatrulreginamaria.ro\/en\/comunicat-de-presa-un-pamant-numit-romania-spectacol-dedicat-zilei-nationale-a-romaniei\/"}],"acf":[],"_links":{"self":[{"href":"https:\/\/www.teatrulreginamaria.ro\/en\/wp-json\/wp\/v2\/posts\/5002","targetHints":{"allow":["GET"]}}],"collection":[{"href":"https:\/\/www.teatrulreginamaria.ro\/en\/wp-json\/wp\/v2\/posts"}],"about":[{"href":"https:\/\/www.teatrulreginamaria.ro\/en\/wp-json\/wp\/v2\/types\/post"}],"author":[{"embeddable":true,"href":"https:\/\/www.teatrulreginamaria.ro\/en\/wp-json\/wp\/v2\/users\/6"}],"replies":[{"embeddable":true,"href":"https:\/\/www.teatrulreginamaria.ro\/en\/wp-json\/wp\/v2\/comments?post=5002"}],"version-history":[{"count":0,"href":"https:\/\/www.teatrulreginamaria.ro\/en\/wp-json\/wp\/v2\/posts\/5002\/revisions"}],"wp:featuredmedia":[{"embeddable":true,"href":"https:\/\/www.teatrulreginamaria.ro\/en\/wp-json\/wp\/v2\/media\/5000"}],"wp:attachment":[{"href":"https:\/\/www.teatrulreginamaria.ro\/en\/wp-json\/wp\/v2\/media?parent=5002"}],"wp:term":[{"taxonomy":"category","embeddable":true,"href":"https:\/\/www.teatrulreginamaria.ro\/en\/wp-json\/wp\/v2\/categories?post=5002"},{"taxonomy":"post_tag","embeddable":true,"href":"https:\/\/www.teatrulreginamaria.ro\/en\/wp-json\/wp\/v2\/tags?post=5002"}],"curies":[{"name":"wp","href":"https:\/\/api.w.org\/{rel}","templated":true}]}}