{"id":5230,"date":"2022-10-18T12:06:47","date_gmt":"2022-10-18T12:06:47","guid":{"rendered":"https:\/\/teatrulreginamaria.ro\/2022\/10\/18\/comunicat-de-presa-final-de-festival-portret-de-autor\/"},"modified":"2022-10-18T12:06:47","modified_gmt":"2022-10-18T12:06:47","slug":"final-press-release-of-the-authors-portrait-festival","status":"publish","type":"post","link":"https:\/\/www.teatrulreginamaria.ro\/en\/comunicat-de-presa-final-de-festival-portret-de-autor\/","title":{"rendered":"Festival finale \u2013 &quot;Portrait of the author&quot;"},"content":{"rendered":"<p>The first edition of the &quot;Portret de autor&quot; Festival, organized by the Iosif Vulcan Troupe of the Regina Maria Theater, in partnership with the Bihor County Council, has come to an end, after eight days in which spectators and theater people were able to enjoy beautiful performances and artistic encounters.<\/p>\n<p>During this event, the Transilvania Hall was inaugurated, in the space of the old Transilvania Cinema, a new studio-type theater, which officially opened with the premiere of the show &quot;The Son&quot;. The event was attended by theater critics, casting directors, and Oradea officials, such as Mayor Florin Birta and Vice President of the County Council C\u0103lin Gal.<\/p>\n<p>&quot;The idea of organizing this festival emerged with the &quot;Son&quot; project, proposed to the Regina Maria Theater by director Bobi Pricop, but also from the impossibility of organizing the Oradea International Theater Festival, a large-scale event with a tradition in the Romanian theatrical landscape.<\/p>\n<p>&quot;As the text &quot;The Son&quot; is part of a trilogy signed by Zeller and knowing that the other two plays, &quot;Mother&quot; and &quot;Father&quot;, were staged in Romania, we considered it an opportunity that we should take advantage of to recreate a little of the atmosphere of the Oradea theater festival, to highlight an important project: the premiere of the show &quot;The Son&quot; and to initiate a new theatrical event, which we hope will grow even more in the years to come under the dome of the Oradea International Theater Festival&quot;, says Daniel Vulcu, manager of the Regina Maria Theater, about the new Oradea theater festival.<\/p>\n<p><!--more--><\/p>\n<p>The first four days of the &quot;Portret de autor&quot; Festival were dedicated to the French writer, playwright and filmmaker Florian Zeller, bringing together the trilogy that established him both in the world of theater and film, including two guest performances: &quot;Father&quot;, from the &quot;Ioan Slavici&quot; Classical Theater in Arad, directed by Radu Iacoban, and &quot;Mother&quot;, from the &quot;Nottara&quot; Theater in Bucharest, directed by Cristi Juncu, and the national premiere of the show &quot;The Son&quot;, a production of the Iosif Vulcan Troupe of the Regina Maria Theater, directed by Bobi Pricop. The performances were received by the Oradea audience with enthusiasm and emotion. Congratulations from viewers on social networks were not long in coming, and the first positive reactions in the press for the premiere of the Iosif Vulcan Troupe were not long in coming.<\/p>\n<p>The second part of the festival was dedicated to the Iosif Vulcan Troupe and brought together three of the most representative performances from the last season: &quot;Vinegar Tom&quot;, &quot;Genul acustativ&quot; and &quot;Opera de trei parale&quot; and a premiere &quot;Pan\u0103 c\u00e2nd moar\u0103 ne va despar\u021bi (Liselotte \u0219i luna mai)&quot;, which took place in the presence of the author.<\/p>\n<p>The interest in the performances was high, both among the mature audience and the young. The two premieres of the Iosif Vulcan Troupe were played to a closed house, and tickets were sold out immediately after they went on sale.<\/p>\n<p>The festival program was completed by two related events: the book launch of &quot;Ariel behind the scenes&quot;, a volume coordinated by Elisabeta Pop and Raluca Sas R\u0103dulescu, attended by people of theater and literature, journalists, but also theater-loving spectators, and the meeting with the author of the text &quot;Liselotte and May&quot;, playwright Pozsgai Zsolt, who spoke to us about theater, film, dramaturgy, the source of inspiration for the play &quot;Liselotte in May&quot; and the joy of creating.<\/p>\n<p>Thank you all for your involvement and dedication! Special thanks go to the director of the Iosif Vulcan Troupe, Balint Victoria, who coordinated the realization of this event.<\/p>\n<p>We can&#039;t wait to see you at the theater!<\/p>\n<p>\u00a0<\/p>\n<p>\u00a0<\/p>","protected":false},"excerpt":{"rendered":"<p>Prima edi\u021bie a Festivalului \u201ePortret de autor\u201d, organizat de Trupa Iosif Vulcan a Teatrului Regina Maria, \u00een parteneriat cu Consiliul Jude\u021bean Bihor, a ajuns la final, dup\u0103 opt zile \u00een care spectatorii \u0219i oamenii de teatru s-au putut bucura de spectacole \u0219i \u00eent\u00e2lniri artistice frumoase. \u00cen cadrul acestui eveniment a fost inaugurat\u0103 Sala Transilvania, \u00een [&hellip;]<\/p>\n","protected":false},"author":6,"featured_media":5227,"comment_status":"open","ping_status":"open","sticky":false,"template":"","format":"standard","meta":{"_acf_changed":false,"footnotes":""},"categories":[22],"tags":[],"class_list":["post-5230","post","type-post","status-publish","format-standard","has-post-thumbnail","hentry","category-noutati-trupa-iosif-vulcan"],"aioseo_notices":[],"aioseo_head":"\n\t\t<!-- All in One SEO Pro 5.0.1.1 - aioseo.com -->\n\t<meta name=\"description\" content=\"Prima edi\u021bie a Festivalului \u201ePortret de autor\u201d, organizat de Trupa Iosif Vulcan a Teatrului Regina Maria, \u00een parteneriat cu Consiliul Jude\u021bean Bihor, a ajuns la final, dup\u0103 opt zile \u00een care spectatorii \u0219i oamenii de teatru s-au putut bucura de spectacole \u0219i \u00eent\u00e2lniri artistice frumoase. \u00cen cadrul acestui eveniment a fost inaugurat\u0103 Sala Transilvania, \u00een\" \/>\n\t<meta name=\"robots\" content=\"max-image-preview:large\" \/>\n\t<meta name=\"author\" content=\"Teatrul Regina Maria\"\/>\n\t<link rel=\"canonical\" href=\"https:\/\/www.teatrulreginamaria.ro\/en\/comunicat-de-presa-final-de-festival-portret-de-autor\/\" \/>\n\t<meta name=\"generator\" content=\"All in One SEO Pro (AIOSEO) 5.0.1.1\" \/>\n\t\t<meta property=\"og:locale\" content=\"en_GB\" \/>\n\t\t<meta property=\"og:site_name\" content=\"Teatrul Regina Maria Oradea - Trupa Iosif Vulcan \u0219i Trupa Arcadia\" \/>\n\t\t<meta property=\"og:type\" content=\"article\" \/>\n\t\t<meta property=\"og:title\" content=\"Final de festival \u2013 \u201ePortret de autor\u201d - Teatrul Regina Maria Oradea\" \/>\n\t\t<meta property=\"og:description\" content=\"Prima edi\u021bie a Festivalului \u201ePortret de autor\u201d, organizat de Trupa Iosif Vulcan a Teatrului Regina Maria, \u00een parteneriat cu Consiliul Jude\u021bean Bihor, a ajuns la final, dup\u0103 opt zile \u00een care spectatorii \u0219i oamenii de teatru s-au putut bucura de spectacole \u0219i \u00eent\u00e2lniri artistice frumoase. \u00cen cadrul acestui eveniment a fost inaugurat\u0103 Sala Transilvania, \u00een\" \/>\n\t\t<meta property=\"og:url\" content=\"https:\/\/www.teatrulreginamaria.ro\/en\/comunicat-de-presa-final-de-festival-portret-de-autor\/\" \/>\n\t\t<meta property=\"og:image\" content=\"https:\/\/www.teatrulreginamaria.ro\/wp-content\/uploads\/2025\/03\/trm-istoric-01.jpg\" \/>\n\t\t<meta property=\"og:image:secure_url\" content=\"https:\/\/www.teatrulreginamaria.ro\/wp-content\/uploads\/2025\/03\/trm-istoric-01.jpg\" \/>\n\t\t<meta property=\"og:image:width\" content=\"1200\" \/>\n\t\t<meta property=\"og:image:height\" content=\"800\" \/>\n\t\t<meta property=\"article:published_time\" content=\"2022-10-18T12:06:47+00:00\" \/>\n\t\t<meta property=\"article:modified_time\" content=\"2022-10-18T12:06:47+00:00\" \/>\n\t\t<meta property=\"article:publisher\" content=\"https:\/\/www.facebook.com\/TRMTrupaIosifVulcan\/\" \/>\n\t\t<meta name=\"twitter:card\" content=\"summary_large_image\" \/>\n\t\t<meta name=\"twitter:site\" content=\"@TRMOradea\" \/>\n\t\t<meta name=\"twitter:title\" content=\"Final de festival \u2013 \u201ePortret de autor\u201d - Teatrul Regina Maria Oradea\" \/>\n\t\t<meta name=\"twitter:description\" content=\"Prima edi\u021bie a Festivalului \u201ePortret de autor\u201d, organizat de Trupa Iosif Vulcan a Teatrului Regina Maria, \u00een parteneriat cu Consiliul Jude\u021bean Bihor, a ajuns la final, dup\u0103 opt zile \u00een care spectatorii \u0219i oamenii de teatru s-au putut bucura de spectacole \u0219i \u00eent\u00e2lniri artistice frumoase. \u00cen cadrul acestui eveniment a fost inaugurat\u0103 Sala Transilvania, \u00een\" \/>\n\t\t<meta name=\"twitter:creator\" content=\"@TRMOradea\" \/>\n\t\t<meta name=\"twitter:image\" content=\"https:\/\/www.teatrulreginamaria.ro\/wp-content\/uploads\/2025\/03\/trm-istoric-01.jpg\" \/>\n\t\t<script type=\"application\/ld+json\" class=\"aioseo-schema\">\n\t\t\t{\"@context\":\"https:\\\/\\\/schema.org\",\"@graph\":[{\"@type\":\"BlogPosting\",\"@id\":\"https:\\\/\\\/www.teatrulreginamaria.ro\\\/en\\\/comunicat-de-presa-final-de-festival-portret-de-autor\\\/#blogposting\",\"name\":\"Final de festival \\u2013 \\u201ePortret de autor\\u201d - Teatrul Regina Maria Oradea\",\"headline\":\"Final de festival &#8211; \\u201ePortret de autor\\u201d\",\"author\":{\"@id\":\"https:\\\/\\\/www.teatrulreginamaria.ro\\\/en\\\/author\\\/w3bmaster\\\/#author\"},\"publisher\":{\"@id\":\"https:\\\/\\\/www.teatrulreginamaria.ro\\\/en\\\/#organization\"},\"image\":{\"@type\":\"ImageObject\",\"url\":\"https:\\\/\\\/www.teatrulreginamaria.ro\\\/wp-content\\\/uploads\\\/2022\\\/10\\\/Afis_PORTRET_DE_AUTOR_mic.png\",\"width\":1034,\"height\":1477},\"datePublished\":\"2022-10-18T12:06:47+03:00\",\"dateModified\":\"2022-10-18T12:06:47+03:00\",\"inLanguage\":\"en-GB\",\"mainEntityOfPage\":{\"@id\":\"https:\\\/\\\/www.teatrulreginamaria.ro\\\/en\\\/comunicat-de-presa-final-de-festival-portret-de-autor\\\/#webpage\"},\"isPartOf\":{\"@id\":\"https:\\\/\\\/www.teatrulreginamaria.ro\\\/en\\\/comunicat-de-presa-final-de-festival-portret-de-autor\\\/#webpage\"},\"articleSection\":\"Nout\\u0103\\u021bi - Trupa Iosif Vulcan\"},{\"@type\":\"BreadcrumbList\",\"@id\":\"https:\\\/\\\/www.teatrulreginamaria.ro\\\/en\\\/comunicat-de-presa-final-de-festival-portret-de-autor\\\/#breadcrumblist\",\"itemListElement\":[{\"@type\":\"ListItem\",\"@id\":\"https:\\\/\\\/www.teatrulreginamaria.ro\\\/en#listItem\",\"position\":1,\"name\":\"Home\",\"item\":\"https:\\\/\\\/www.teatrulreginamaria.ro\\\/en\",\"nextItem\":{\"@type\":\"ListItem\",\"@id\":\"https:\\\/\\\/www.teatrulreginamaria.ro\\\/en\\\/categorie\\\/noutati\\\/#listItem\",\"name\":\"Nout\\u0103\\u021bi\"}},{\"@type\":\"ListItem\",\"@id\":\"https:\\\/\\\/www.teatrulreginamaria.ro\\\/en\\\/categorie\\\/noutati\\\/#listItem\",\"position\":2,\"name\":\"Nout\\u0103\\u021bi\",\"item\":\"https:\\\/\\\/www.teatrulreginamaria.ro\\\/en\\\/categorie\\\/noutati\\\/\",\"nextItem\":{\"@type\":\"ListItem\",\"@id\":\"https:\\\/\\\/www.teatrulreginamaria.ro\\\/en\\\/categorie\\\/noutati\\\/noutati-trupa-iosif-vulcan\\\/#listItem\",\"name\":\"Nout\\u0103\\u021bi - Trupa Iosif Vulcan\"},\"previousItem\":{\"@type\":\"ListItem\",\"@id\":\"https:\\\/\\\/www.teatrulreginamaria.ro\\\/en#listItem\",\"name\":\"Home\"}},{\"@type\":\"ListItem\",\"@id\":\"https:\\\/\\\/www.teatrulreginamaria.ro\\\/en\\\/categorie\\\/noutati\\\/noutati-trupa-iosif-vulcan\\\/#listItem\",\"position\":3,\"name\":\"Nout\\u0103\\u021bi - Trupa Iosif Vulcan\",\"item\":\"https:\\\/\\\/www.teatrulreginamaria.ro\\\/en\\\/categorie\\\/noutati\\\/noutati-trupa-iosif-vulcan\\\/\",\"nextItem\":{\"@type\":\"ListItem\",\"@id\":\"https:\\\/\\\/www.teatrulreginamaria.ro\\\/en\\\/comunicat-de-presa-final-de-festival-portret-de-autor\\\/#listItem\",\"name\":\"Final de festival &#8211; \\u201ePortret de autor\\u201d\"},\"previousItem\":{\"@type\":\"ListItem\",\"@id\":\"https:\\\/\\\/www.teatrulreginamaria.ro\\\/en\\\/categorie\\\/noutati\\\/#listItem\",\"name\":\"Nout\\u0103\\u021bi\"}},{\"@type\":\"ListItem\",\"@id\":\"https:\\\/\\\/www.teatrulreginamaria.ro\\\/en\\\/comunicat-de-presa-final-de-festival-portret-de-autor\\\/#listItem\",\"position\":4,\"name\":\"Final de festival &#8211; \\u201ePortret de autor\\u201d\",\"previousItem\":{\"@type\":\"ListItem\",\"@id\":\"https:\\\/\\\/www.teatrulreginamaria.ro\\\/en\\\/categorie\\\/noutati\\\/noutati-trupa-iosif-vulcan\\\/#listItem\",\"name\":\"Nout\\u0103\\u021bi - Trupa Iosif Vulcan\"}}]},{\"@type\":\"Organization\",\"@id\":\"https:\\\/\\\/www.teatrulreginamaria.ro\\\/en\\\/#organization\",\"name\":\"Teatrul Regina Maria Oradea\",\"description\":\"Trupa Iosif Vulcan \\u0219i Trupa Arcadia\",\"url\":\"https:\\\/\\\/www.teatrulreginamaria.ro\\\/en\\\/\",\"email\":\"marketing@teatrulreginamaria.ro\",\"telephone\":\"+40359411534\",\"numberOfEmployees\":{\"@type\":\"QuantitativeValue\",\"minValue\":0,\"maxValue\":150},\"logo\":{\"@type\":\"ImageObject\",\"url\":\"https:\\\/\\\/www.teatrulreginamaria.ro\\\/wp-content\\\/uploads\\\/2025\\\/06\\\/logo-trm-01-dark.png\",\"@id\":\"https:\\\/\\\/www.teatrulreginamaria.ro\\\/en\\\/comunicat-de-presa-final-de-festival-portret-de-autor\\\/#organizationLogo\",\"width\":300,\"height\":148},\"image\":{\"@id\":\"https:\\\/\\\/www.teatrulreginamaria.ro\\\/en\\\/comunicat-de-presa-final-de-festival-portret-de-autor\\\/#organizationLogo\"},\"sameAs\":[\"https:\\\/\\\/www.facebook.com\\\/TRMTrupaIosifVulcan\\\/\",\"https:\\\/\\\/x.com\\\/TRMOradea\",\"https:\\\/\\\/www.instagram.com\\\/teatrul_regina_maria\\\/\",\"https:\\\/\\\/www.youtube.com\\\/c\\\/TeatrulReginaMariaOradea\",\"https:\\\/\\\/www.linkedin.com\\\/company\\\/teatrul-regina-maria\"]},{\"@type\":\"Person\",\"@id\":\"https:\\\/\\\/www.teatrulreginamaria.ro\\\/en\\\/author\\\/w3bmaster\\\/#author\",\"url\":\"https:\\\/\\\/www.teatrulreginamaria.ro\\\/en\\\/author\\\/w3bmaster\\\/\",\"name\":\"Teatrul Regina Maria\",\"image\":{\"@type\":\"ImageObject\",\"@id\":\"https:\\\/\\\/www.teatrulreginamaria.ro\\\/en\\\/comunicat-de-presa-final-de-festival-portret-de-autor\\\/#authorImage\",\"url\":\"https:\\\/\\\/secure.gravatar.com\\\/avatar\\\/5884139d508ae3f0bafe45e60563b48a9640146d3b08ccc6278c305ff9329305?s=96&d=mm&r=g\",\"width\":96,\"height\":96,\"caption\":\"Teatrul Regina Maria\"}},{\"@type\":\"WebPage\",\"@id\":\"https:\\\/\\\/www.teatrulreginamaria.ro\\\/en\\\/comunicat-de-presa-final-de-festival-portret-de-autor\\\/#webpage\",\"url\":\"https:\\\/\\\/www.teatrulreginamaria.ro\\\/en\\\/comunicat-de-presa-final-de-festival-portret-de-autor\\\/\",\"name\":\"Final de festival \\u2013 \\u201ePortret de autor\\u201d - Teatrul Regina Maria Oradea\",\"description\":\"Prima edi\\u021bie a Festivalului \\u201ePortret de autor\\u201d, organizat de Trupa Iosif Vulcan a Teatrului Regina Maria, \\u00een parteneriat cu Consiliul Jude\\u021bean Bihor, a ajuns la final, dup\\u0103 opt zile \\u00een care spectatorii \\u0219i oamenii de teatru s-au putut bucura de spectacole \\u0219i \\u00eent\\u00e2lniri artistice frumoase. \\u00cen cadrul acestui eveniment a fost inaugurat\\u0103 Sala Transilvania, \\u00een\",\"inLanguage\":\"en-GB\",\"isPartOf\":{\"@id\":\"https:\\\/\\\/www.teatrulreginamaria.ro\\\/en\\\/#website\"},\"breadcrumb\":{\"@id\":\"https:\\\/\\\/www.teatrulreginamaria.ro\\\/en\\\/comunicat-de-presa-final-de-festival-portret-de-autor\\\/#breadcrumblist\"},\"author\":{\"@id\":\"https:\\\/\\\/www.teatrulreginamaria.ro\\\/en\\\/author\\\/w3bmaster\\\/#author\"},\"creator\":{\"@id\":\"https:\\\/\\\/www.teatrulreginamaria.ro\\\/en\\\/author\\\/w3bmaster\\\/#author\"},\"image\":{\"@type\":\"ImageObject\",\"url\":\"https:\\\/\\\/www.teatrulreginamaria.ro\\\/wp-content\\\/uploads\\\/2022\\\/10\\\/Afis_PORTRET_DE_AUTOR_mic.png\",\"@id\":\"https:\\\/\\\/www.teatrulreginamaria.ro\\\/en\\\/comunicat-de-presa-final-de-festival-portret-de-autor\\\/#mainImage\",\"width\":1034,\"height\":1477},\"primaryImageOfPage\":{\"@id\":\"https:\\\/\\\/www.teatrulreginamaria.ro\\\/en\\\/comunicat-de-presa-final-de-festival-portret-de-autor\\\/#mainImage\"},\"datePublished\":\"2022-10-18T12:06:47+03:00\",\"dateModified\":\"2022-10-18T12:06:47+03:00\"},{\"@type\":\"WebSite\",\"@id\":\"https:\\\/\\\/www.teatrulreginamaria.ro\\\/en\\\/#website\",\"url\":\"https:\\\/\\\/www.teatrulreginamaria.ro\\\/en\\\/\",\"name\":\"Teatrul Regina Maria Oradea\",\"alternateName\":\"TRM Oradea\",\"description\":\"Trupa Iosif Vulcan \\u0219i Trupa Arcadia\",\"inLanguage\":\"en-GB\",\"publisher\":{\"@id\":\"https:\\\/\\\/www.teatrulreginamaria.ro\\\/en\\\/#organization\"}}]}\n\t\t<\/script>\n\t\t<!-- All in One SEO Pro -->\r\n\t\t<title>Final de festival \u2013 \u201ePortret de autor\u201d - Teatrul Regina Maria Oradea<\/title>\n\n","aioseo_head_json":{"title":"Festival Finale \u2013 &quot;Portrait of an Author&quot; - Regina Maria Theatre Oradea","description":"The first edition of the &quot;Portret de autor&quot; Festival, organized by the Iosif Vulcan Troupe of the Regina Maria Theatre, in partnership with the Bihor County Council, has come to an end, after eight days in which spectators and theatre people could enjoy beautiful performances and artistic encounters. During this event, the Transilvania Hall was inaugurated, in","canonical_url":"https:\/\/www.teatrulreginamaria.ro\/en\/comunicat-de-presa-final-de-festival-portret-de-autor\/","robots":"max-image-preview:large","keywords":"","webmasterTools":{"miscellaneous":""},"schema":{"@context":"https:\/\/schema.org","@graph":[{"@type":"BlogPosting","@id":"https:\/\/www.teatrulreginamaria.ro\/en\/comunicat-de-presa-final-de-festival-portret-de-autor\/#blogposting","name":"Final de festival \u2013 \u201ePortret de autor\u201d - Teatrul Regina Maria Oradea","headline":"Final de festival &#8211; \u201ePortret de autor\u201d","author":{"@id":"https:\/\/www.teatrulreginamaria.ro\/en\/author\/w3bmaster\/#author"},"publisher":{"@id":"https:\/\/www.teatrulreginamaria.ro\/en\/#organization"},"image":{"@type":"ImageObject","url":"https:\/\/www.teatrulreginamaria.ro\/wp-content\/uploads\/2022\/10\/Afis_PORTRET_DE_AUTOR_mic.png","width":1034,"height":1477},"datePublished":"2022-10-18T12:06:47+03:00","dateModified":"2022-10-18T12:06:47+03:00","inLanguage":"en-GB","mainEntityOfPage":{"@id":"https:\/\/www.teatrulreginamaria.ro\/en\/comunicat-de-presa-final-de-festival-portret-de-autor\/#webpage"},"isPartOf":{"@id":"https:\/\/www.teatrulreginamaria.ro\/en\/comunicat-de-presa-final-de-festival-portret-de-autor\/#webpage"},"articleSection":"Nout\u0103\u021bi - Trupa Iosif Vulcan"},{"@type":"BreadcrumbList","@id":"https:\/\/www.teatrulreginamaria.ro\/en\/comunicat-de-presa-final-de-festival-portret-de-autor\/#breadcrumblist","itemListElement":[{"@type":"ListItem","@id":"https:\/\/www.teatrulreginamaria.ro\/en#listItem","position":1,"name":"Home","item":"https:\/\/www.teatrulreginamaria.ro\/en","nextItem":{"@type":"ListItem","@id":"https:\/\/www.teatrulreginamaria.ro\/en\/categorie\/noutati\/#listItem","name":"Nout\u0103\u021bi"}},{"@type":"ListItem","@id":"https:\/\/www.teatrulreginamaria.ro\/en\/categorie\/noutati\/#listItem","position":2,"name":"Nout\u0103\u021bi","item":"https:\/\/www.teatrulreginamaria.ro\/en\/categorie\/noutati\/","nextItem":{"@type":"ListItem","@id":"https:\/\/www.teatrulreginamaria.ro\/en\/categorie\/noutati\/noutati-trupa-iosif-vulcan\/#listItem","name":"Nout\u0103\u021bi - Trupa Iosif Vulcan"},"previousItem":{"@type":"ListItem","@id":"https:\/\/www.teatrulreginamaria.ro\/en#listItem","name":"Home"}},{"@type":"ListItem","@id":"https:\/\/www.teatrulreginamaria.ro\/en\/categorie\/noutati\/noutati-trupa-iosif-vulcan\/#listItem","position":3,"name":"Nout\u0103\u021bi - Trupa Iosif Vulcan","item":"https:\/\/www.teatrulreginamaria.ro\/en\/categorie\/noutati\/noutati-trupa-iosif-vulcan\/","nextItem":{"@type":"ListItem","@id":"https:\/\/www.teatrulreginamaria.ro\/en\/comunicat-de-presa-final-de-festival-portret-de-autor\/#listItem","name":"Final de festival &#8211; \u201ePortret de autor\u201d"},"previousItem":{"@type":"ListItem","@id":"https:\/\/www.teatrulreginamaria.ro\/en\/categorie\/noutati\/#listItem","name":"Nout\u0103\u021bi"}},{"@type":"ListItem","@id":"https:\/\/www.teatrulreginamaria.ro\/en\/comunicat-de-presa-final-de-festival-portret-de-autor\/#listItem","position":4,"name":"Final de festival &#8211; \u201ePortret de autor\u201d","previousItem":{"@type":"ListItem","@id":"https:\/\/www.teatrulreginamaria.ro\/en\/categorie\/noutati\/noutati-trupa-iosif-vulcan\/#listItem","name":"Nout\u0103\u021bi - Trupa Iosif Vulcan"}}]},{"@type":"Organization","@id":"https:\/\/www.teatrulreginamaria.ro\/en\/#organization","name":"Teatrul Regina Maria Oradea","description":"Trupa Iosif Vulcan \u0219i Trupa Arcadia","url":"https:\/\/www.teatrulreginamaria.ro\/en\/","email":"marketing@teatrulreginamaria.ro","telephone":"+40359411534","numberOfEmployees":{"@type":"QuantitativeValue","minValue":0,"maxValue":150},"logo":{"@type":"ImageObject","url":"https:\/\/www.teatrulreginamaria.ro\/wp-content\/uploads\/2025\/06\/logo-trm-01-dark.png","@id":"https:\/\/www.teatrulreginamaria.ro\/en\/comunicat-de-presa-final-de-festival-portret-de-autor\/#organizationLogo","width":300,"height":148},"image":{"@id":"https:\/\/www.teatrulreginamaria.ro\/en\/comunicat-de-presa-final-de-festival-portret-de-autor\/#organizationLogo"},"sameAs":["https:\/\/www.facebook.com\/TRMTrupaIosifVulcan\/","https:\/\/x.com\/TRMOradea","https:\/\/www.instagram.com\/teatrul_regina_maria\/","https:\/\/www.youtube.com\/c\/TeatrulReginaMariaOradea","https:\/\/www.linkedin.com\/company\/teatrul-regina-maria"]},{"@type":"Person","@id":"https:\/\/www.teatrulreginamaria.ro\/en\/author\/w3bmaster\/#author","url":"https:\/\/www.teatrulreginamaria.ro\/en\/author\/w3bmaster\/","name":"Teatrul Regina Maria","image":{"@type":"ImageObject","@id":"https:\/\/www.teatrulreginamaria.ro\/en\/comunicat-de-presa-final-de-festival-portret-de-autor\/#authorImage","url":"https:\/\/secure.gravatar.com\/avatar\/5884139d508ae3f0bafe45e60563b48a9640146d3b08ccc6278c305ff9329305?s=96&d=mm&r=g","width":96,"height":96,"caption":"Teatrul Regina Maria"}},{"@type":"WebPage","@id":"https:\/\/www.teatrulreginamaria.ro\/en\/comunicat-de-presa-final-de-festival-portret-de-autor\/#webpage","url":"https:\/\/www.teatrulreginamaria.ro\/en\/comunicat-de-presa-final-de-festival-portret-de-autor\/","name":"Final de festival \u2013 \u201ePortret de autor\u201d - Teatrul Regina Maria Oradea","description":"Prima edi\u021bie a Festivalului \u201ePortret de autor\u201d, organizat de Trupa Iosif Vulcan a Teatrului Regina Maria, \u00een parteneriat cu Consiliul Jude\u021bean Bihor, a ajuns la final, dup\u0103 opt zile \u00een care spectatorii \u0219i oamenii de teatru s-au putut bucura de spectacole \u0219i \u00eent\u00e2lniri artistice frumoase. \u00cen cadrul acestui eveniment a fost inaugurat\u0103 Sala Transilvania, \u00een","inLanguage":"en-GB","isPartOf":{"@id":"https:\/\/www.teatrulreginamaria.ro\/en\/#website"},"breadcrumb":{"@id":"https:\/\/www.teatrulreginamaria.ro\/en\/comunicat-de-presa-final-de-festival-portret-de-autor\/#breadcrumblist"},"author":{"@id":"https:\/\/www.teatrulreginamaria.ro\/en\/author\/w3bmaster\/#author"},"creator":{"@id":"https:\/\/www.teatrulreginamaria.ro\/en\/author\/w3bmaster\/#author"},"image":{"@type":"ImageObject","url":"https:\/\/www.teatrulreginamaria.ro\/wp-content\/uploads\/2022\/10\/Afis_PORTRET_DE_AUTOR_mic.png","@id":"https:\/\/www.teatrulreginamaria.ro\/en\/comunicat-de-presa-final-de-festival-portret-de-autor\/#mainImage","width":1034,"height":1477},"primaryImageOfPage":{"@id":"https:\/\/www.teatrulreginamaria.ro\/en\/comunicat-de-presa-final-de-festival-portret-de-autor\/#mainImage"},"datePublished":"2022-10-18T12:06:47+03:00","dateModified":"2022-10-18T12:06:47+03:00"},{"@type":"WebSite","@id":"https:\/\/www.teatrulreginamaria.ro\/en\/#website","url":"https:\/\/www.teatrulreginamaria.ro\/en\/","name":"Teatrul Regina Maria Oradea","alternateName":"TRM Oradea","description":"Trupa Iosif Vulcan \u0219i Trupa Arcadia","inLanguage":"en-GB","publisher":{"@id":"https:\/\/www.teatrulreginamaria.ro\/en\/#organization"}}]},"og:locale":"en_GB","og:site_name":"Teatrul Regina Maria Oradea - Trupa Iosif Vulcan \u0219i Trupa Arcadia","og:type":"article","og:title":"Final de festival \u2013 \u201ePortret de autor\u201d - Teatrul Regina Maria Oradea","og:description":"Prima edi\u021bie a Festivalului \u201ePortret de autor\u201d, organizat de Trupa Iosif Vulcan a Teatrului Regina Maria, \u00een parteneriat cu Consiliul Jude\u021bean Bihor, a ajuns la final, dup\u0103 opt zile \u00een care spectatorii \u0219i oamenii de teatru s-au putut bucura de spectacole \u0219i \u00eent\u00e2lniri artistice frumoase. \u00cen cadrul acestui eveniment a fost inaugurat\u0103 Sala Transilvania, \u00een","og:url":"https:\/\/www.teatrulreginamaria.ro\/en\/comunicat-de-presa-final-de-festival-portret-de-autor\/","og:image":"https:\/\/www.teatrulreginamaria.ro\/wp-content\/uploads\/2025\/03\/trm-istoric-01.jpg","og:image:secure_url":"https:\/\/www.teatrulreginamaria.ro\/wp-content\/uploads\/2025\/03\/trm-istoric-01.jpg","og:image:width":1200,"og:image:height":800,"article:published_time":"2022-10-18T12:06:47+00:00","article:modified_time":"2022-10-18T12:06:47+00:00","article:publisher":"https:\/\/www.facebook.com\/TRMTrupaIosifVulcan\/","twitter:card":"summary_large_image","twitter:site":"@TRMOradea","twitter:title":"Final de festival \u2013 \u201ePortret de autor\u201d - Teatrul Regina Maria Oradea","twitter:description":"Prima edi\u021bie a Festivalului \u201ePortret de autor\u201d, organizat de Trupa Iosif Vulcan a Teatrului Regina Maria, \u00een parteneriat cu Consiliul Jude\u021bean Bihor, a ajuns la final, dup\u0103 opt zile \u00een care spectatorii \u0219i oamenii de teatru s-au putut bucura de spectacole \u0219i \u00eent\u00e2lniri artistice frumoase. \u00cen cadrul acestui eveniment a fost inaugurat\u0103 Sala Transilvania, \u00een","twitter:creator":"@TRMOradea","twitter:image":"https:\/\/www.teatrulreginamaria.ro\/wp-content\/uploads\/2025\/03\/trm-istoric-01.jpg"},"aioseo_meta_data":{"post_id":"5230","title":null,"description":null,"keywords":null,"keyphrases":null,"primary_term":null,"canonical_url":null,"og_title":null,"og_description":null,"og_object_type":"default","og_image_type":"default","og_image_url":null,"og_image_width":null,"og_image_height":null,"og_image_custom_url":null,"og_image_custom_fields":null,"og_video":null,"og_custom_url":null,"og_article_section":null,"og_article_tags":null,"twitter_use_og":false,"twitter_card":"default","twitter_image_type":"default","twitter_image_url":null,"twitter_image_custom_url":null,"twitter_image_custom_fields":null,"twitter_title":null,"twitter_description":null,"schema":{"blockGraphs":[],"customGraphs":[],"default":{"data":{"Article":[],"Course":[],"Dataset":[],"FAQPage":[],"Movie":[],"Person":[],"Product":[],"ProductReview":[],"Car":[],"Recipe":[],"Service":[],"SoftwareApplication":[],"WebPage":[]},"graphName":"","isEnabled":true},"graphs":[]},"schema_type":"default","schema_type_options":null,"pillar_content":false,"robots_default":true,"robots_noindex":false,"robots_noarchive":false,"robots_nosnippet":false,"robots_nofollow":false,"robots_noimageindex":false,"robots_noodp":false,"robots_notranslate":false,"robots_max_snippet":null,"robots_max_videopreview":null,"robots_max_imagepreview":"large","priority":null,"frequency":null,"local_seo":null,"seo_analyzer_scan_date":"2026-05-13 03:03:32","breadcrumb_settings":null,"limit_modified_date":false,"reviewed_by":null,"open_ai":null,"ai":null,"created":"2025-04-09 17:42:44","updated":"2026-05-13 03:03:32","focus_keyword":null,"additional_keywords":null,"truseo_locale":null},"aioseo_breadcrumb":"<div class=\"aioseo-breadcrumbs\"><span class=\"aioseo-breadcrumb\">\n\t<a href=\"https:\/\/www.teatrulreginamaria.ro\/en\" title=\"Home\">Home<\/a>\n<\/span><span class=\"aioseo-breadcrumb-separator\">&raquo;<\/span><span class=\"aioseo-breadcrumb\">\n\t<a href=\"https:\/\/www.teatrulreginamaria.ro\/en\/categorie\/noutati\/\" title=\"Nout\u0103\u021bi\">Nout\u0103\u021bi<\/a>\n<\/span><span class=\"aioseo-breadcrumb-separator\">&raquo;<\/span><span class=\"aioseo-breadcrumb\">\n\t<a href=\"https:\/\/www.teatrulreginamaria.ro\/en\/categorie\/noutati\/noutati-trupa-iosif-vulcan\/\" title=\"Nout\u0103\u021bi - Trupa Iosif Vulcan\">Nout\u0103\u021bi - Trupa Iosif Vulcan<\/a>\n<\/span><span class=\"aioseo-breadcrumb-separator\">&raquo;<\/span><span class=\"aioseo-breadcrumb\">\n\tFinal de festival \u2013 \u201ePortret de autor\u201d\n<\/span><\/div>","aioseo_breadcrumb_json":[{"label":"Home","link":"https:\/\/www.teatrulreginamaria.ro\/en"},{"label":"Nout\u0103\u021bi","link":"https:\/\/www.teatrulreginamaria.ro\/en\/categorie\/noutati\/"},{"label":"Nout\u0103\u021bi - Trupa Iosif Vulcan","link":"https:\/\/www.teatrulreginamaria.ro\/en\/categorie\/noutati\/noutati-trupa-iosif-vulcan\/"},{"label":"Final de festival &#8211; \u201ePortret de autor\u201d","link":"https:\/\/www.teatrulreginamaria.ro\/en\/comunicat-de-presa-final-de-festival-portret-de-autor\/"}],"acf":[],"_links":{"self":[{"href":"https:\/\/www.teatrulreginamaria.ro\/en\/wp-json\/wp\/v2\/posts\/5230","targetHints":{"allow":["GET"]}}],"collection":[{"href":"https:\/\/www.teatrulreginamaria.ro\/en\/wp-json\/wp\/v2\/posts"}],"about":[{"href":"https:\/\/www.teatrulreginamaria.ro\/en\/wp-json\/wp\/v2\/types\/post"}],"author":[{"embeddable":true,"href":"https:\/\/www.teatrulreginamaria.ro\/en\/wp-json\/wp\/v2\/users\/6"}],"replies":[{"embeddable":true,"href":"https:\/\/www.teatrulreginamaria.ro\/en\/wp-json\/wp\/v2\/comments?post=5230"}],"version-history":[{"count":0,"href":"https:\/\/www.teatrulreginamaria.ro\/en\/wp-json\/wp\/v2\/posts\/5230\/revisions"}],"wp:featuredmedia":[{"embeddable":true,"href":"https:\/\/www.teatrulreginamaria.ro\/en\/wp-json\/wp\/v2\/media\/5227"}],"wp:attachment":[{"href":"https:\/\/www.teatrulreginamaria.ro\/en\/wp-json\/wp\/v2\/media?parent=5230"}],"wp:term":[{"taxonomy":"category","embeddable":true,"href":"https:\/\/www.teatrulreginamaria.ro\/en\/wp-json\/wp\/v2\/categories?post=5230"},{"taxonomy":"post_tag","embeddable":true,"href":"https:\/\/www.teatrulreginamaria.ro\/en\/wp-json\/wp\/v2\/tags?post=5230"}],"curies":[{"name":"wp","href":"https:\/\/api.w.org\/{rel}","templated":true}]}}