{"id":5288,"date":"2023-01-20T07:18:32","date_gmt":"2023-01-20T07:18:32","guid":{"rendered":"https:\/\/teatrulreginamaria.ro\/2023\/01\/20\/comunicat-de-presa-scripcarul-pe-acoperis-revine-pe-scena-la-cererea-publicului\/"},"modified":"2023-01-20T07:18:32","modified_gmt":"2023-01-20T07:18:32","slug":"press-release-fiddler-on-the-roof-returns-to-the-stage-by-public-demand","status":"publish","type":"post","link":"https:\/\/www.teatrulreginamaria.ro\/en\/comunicat-de-presa-scripcarul-pe-acoperis-revine-pe-scena-la-cererea-publicului\/","title":{"rendered":"PRESS RELEASE | Fiddler on the Roof returns to the stage by popular demand"},"content":{"rendered":"<p>The famous musical &quot;The Fiddler on the Roof&quot; returns to the stage of the Regina Maria Theater at the request of the audience. An emblematic show of recent years for the Romanian theater in Oradea, the musical premiered on September 25, 2011 and has always been performed to full houses since then. The audience&#039;s interest in the Oradea production quickly expanded and it soon became a cultural tourist attraction for theater lovers from all over the country.<\/p>\n<p><!--more--><\/p>\n<p>Due to its success, &quot;The Fiddler on the Roof&quot; was invited to participate in eight major festivals in the country, had national tours in important cities, such as Bucharest, Cluj-Napoca, Craiova, Pite\u0219ti, and crossed the country&#039;s borders, playing in Budapest on the occasion of the Romanian Community Days, at the invitation of the Romanian Embassy in Hungary.<\/p>\n<p>A significant contribution to the phenomenon that was born around the show was also brought by the specialized criticism, &quot;The Fiddler on the Roof&quot; being crowned with nominations and awards, among which we mention the two nominations at the UNITER Awards Gala in 2012, for Ioana Drago\u015f Gajdo (Golde) and Vioara Bara (scenographer), and the special jury award at the &quot;Atelier&quot; Festival in 2012 for Richard Balint (Tevye).<\/p>\n<p>With short interruptions, &quot;The Fiddler on the Roof&quot; has been performed with the same verve for 12 years and remains a benchmark show in the repertoire of the Regina Maria Theatre. Considering the scale of the project, with a large cast, slightly modified now compared to previous years, imposing sets, complex choreography, live orchestra and authentic costumes, its resumption required a sustained effort from the team, but this did not steal from the enthusiasm of the reunion.<\/p>\n<p>At the same time, the return of &quot;Fiddler on the Roof&quot; at this time also has a commemorative significance, being dedicated to director Gy\u00f6rgy Korcsm\u00e1ros, who recently passed away, on October 25, 2022.<\/p>\n<p>The first performance was scheduled for January 21, 2023, and tickets sold out in just three days after the show was announced. The next performance will take place on February 17, at 7:00 PM, at the Great Hall of the Regina Maria Theater, and tickets will soon go on sale at the theater&#039;s agency (0359\/452.324) and online at Eventim.ro.<\/p>","protected":false},"excerpt":{"rendered":"<p>Celebrul musical \u201eScripcarul pe acoperi\u0219\u201d se re\u00eentoarce pe scena Teatrului Regina Maria la cererea publicului. Spectacol emblematic al ultimilor ani pentru teatrul rom\u00e2nesc or\u0103dean, musicalul a avut premiera \u00een 25 septembrie 2011 \u0219i din acel moment s-a jucat mereu cu sala plin\u0103. Interesul publicului pentru produc\u021bia or\u0103dean\u0103 s-a extins repede \u0219i a devenit \u00een scurt [&hellip;]<\/p>\n","protected":false},"author":6,"featured_media":5287,"comment_status":"open","ping_status":"open","sticky":false,"template":"","format":"standard","meta":{"_acf_changed":false,"footnotes":""},"categories":[22],"tags":[],"class_list":["post-5288","post","type-post","status-publish","format-standard","has-post-thumbnail","hentry","category-noutati-trupa-iosif-vulcan"],"aioseo_notices":[],"aioseo_head":"\n\t\t<!-- All in One SEO Pro 5.0.1.1 - aioseo.com -->\n\t<meta name=\"description\" content=\"Celebrul musical \u201eScripcarul pe acoperi\u0219\u201d se re\u00eentoarce pe scena Teatrului Regina Maria la cererea publicului. Spectacol emblematic al ultimilor ani pentru teatrul rom\u00e2nesc or\u0103dean, musicalul a avut premiera \u00een 25 septembrie 2011 \u0219i din acel moment s-a jucat mereu cu sala plin\u0103. Interesul publicului pentru produc\u021bia or\u0103dean\u0103 s-a extins repede \u0219i a devenit \u00een scurt\" \/>\n\t<meta name=\"robots\" content=\"max-image-preview:large\" \/>\n\t<meta name=\"author\" content=\"Teatrul Regina Maria\"\/>\n\t<link rel=\"canonical\" href=\"https:\/\/www.teatrulreginamaria.ro\/en\/comunicat-de-presa-scripcarul-pe-acoperis-revine-pe-scena-la-cererea-publicului\/\" \/>\n\t<meta name=\"generator\" content=\"All in One SEO Pro (AIOSEO) 5.0.1.1\" \/>\n\t\t<meta property=\"og:locale\" content=\"en_GB\" \/>\n\t\t<meta property=\"og:site_name\" content=\"Teatrul Regina Maria Oradea - Trupa Iosif Vulcan \u0219i Trupa Arcadia\" \/>\n\t\t<meta property=\"og:type\" content=\"article\" \/>\n\t\t<meta property=\"og:title\" content=\"COMUNICAT DE PRES\u0102 | Scripcarul pe acoperi\u0219 revine pe scen\u0103 la cererea publicului - Teatrul Regina Maria Oradea\" \/>\n\t\t<meta property=\"og:description\" content=\"Celebrul musical \u201eScripcarul pe acoperi\u0219\u201d se re\u00eentoarce pe scena Teatrului Regina Maria la cererea publicului. Spectacol emblematic al ultimilor ani pentru teatrul rom\u00e2nesc or\u0103dean, musicalul a avut premiera \u00een 25 septembrie 2011 \u0219i din acel moment s-a jucat mereu cu sala plin\u0103. Interesul publicului pentru produc\u021bia or\u0103dean\u0103 s-a extins repede \u0219i a devenit \u00een scurt\" \/>\n\t\t<meta property=\"og:url\" content=\"https:\/\/www.teatrulreginamaria.ro\/en\/comunicat-de-presa-scripcarul-pe-acoperis-revine-pe-scena-la-cererea-publicului\/\" \/>\n\t\t<meta property=\"og:image\" content=\"https:\/\/www.teatrulreginamaria.ro\/wp-content\/uploads\/2025\/03\/trm-istoric-01.jpg\" \/>\n\t\t<meta property=\"og:image:secure_url\" content=\"https:\/\/www.teatrulreginamaria.ro\/wp-content\/uploads\/2025\/03\/trm-istoric-01.jpg\" \/>\n\t\t<meta property=\"og:image:width\" content=\"1200\" \/>\n\t\t<meta property=\"og:image:height\" content=\"800\" \/>\n\t\t<meta property=\"article:published_time\" content=\"2023-01-20T07:18:32+00:00\" \/>\n\t\t<meta property=\"article:modified_time\" content=\"2023-01-20T07:18:32+00:00\" \/>\n\t\t<meta property=\"article:publisher\" content=\"https:\/\/www.facebook.com\/TRMTrupaIosifVulcan\/\" \/>\n\t\t<meta name=\"twitter:card\" content=\"summary_large_image\" \/>\n\t\t<meta name=\"twitter:site\" content=\"@TRMOradea\" \/>\n\t\t<meta name=\"twitter:title\" content=\"COMUNICAT DE PRES\u0102 | Scripcarul pe acoperi\u0219 revine pe scen\u0103 la cererea publicului - Teatrul Regina Maria Oradea\" \/>\n\t\t<meta name=\"twitter:description\" content=\"Celebrul musical \u201eScripcarul pe acoperi\u0219\u201d se re\u00eentoarce pe scena Teatrului Regina Maria la cererea publicului. Spectacol emblematic al ultimilor ani pentru teatrul rom\u00e2nesc or\u0103dean, musicalul a avut premiera \u00een 25 septembrie 2011 \u0219i din acel moment s-a jucat mereu cu sala plin\u0103. Interesul publicului pentru produc\u021bia or\u0103dean\u0103 s-a extins repede \u0219i a devenit \u00een scurt\" \/>\n\t\t<meta name=\"twitter:creator\" content=\"@TRMOradea\" \/>\n\t\t<meta name=\"twitter:image\" content=\"https:\/\/www.teatrulreginamaria.ro\/wp-content\/uploads\/2025\/03\/trm-istoric-01.jpg\" \/>\n\t\t<script type=\"application\/ld+json\" class=\"aioseo-schema\">\n\t\t\t{\"@context\":\"https:\\\/\\\/schema.org\",\"@graph\":[{\"@type\":\"BlogPosting\",\"@id\":\"https:\\\/\\\/www.teatrulreginamaria.ro\\\/en\\\/comunicat-de-presa-scripcarul-pe-acoperis-revine-pe-scena-la-cererea-publicului\\\/#blogposting\",\"name\":\"COMUNICAT DE PRES\\u0102 | Scripcarul pe acoperi\\u0219 revine pe scen\\u0103 la cererea publicului - Teatrul Regina Maria Oradea\",\"headline\":\"COMUNICAT DE PRES\\u0102 | Scripcarul pe acoperi\\u0219 revine pe scen\\u0103 la cererea publicului\",\"author\":{\"@id\":\"https:\\\/\\\/www.teatrulreginamaria.ro\\\/en\\\/author\\\/w3bmaster\\\/#author\"},\"publisher\":{\"@id\":\"https:\\\/\\\/www.teatrulreginamaria.ro\\\/en\\\/#organization\"},\"image\":{\"@type\":\"ImageObject\",\"url\":\"https:\\\/\\\/www.teatrulreginamaria.ro\\\/wp-content\\\/uploads\\\/2023\\\/01\\\/Scripcarul-64.jpg\",\"width\":1365,\"height\":2048},\"datePublished\":\"2023-01-20T07:18:32+02:00\",\"dateModified\":\"2023-01-20T07:18:32+02:00\",\"inLanguage\":\"en-GB\",\"mainEntityOfPage\":{\"@id\":\"https:\\\/\\\/www.teatrulreginamaria.ro\\\/en\\\/comunicat-de-presa-scripcarul-pe-acoperis-revine-pe-scena-la-cererea-publicului\\\/#webpage\"},\"isPartOf\":{\"@id\":\"https:\\\/\\\/www.teatrulreginamaria.ro\\\/en\\\/comunicat-de-presa-scripcarul-pe-acoperis-revine-pe-scena-la-cererea-publicului\\\/#webpage\"},\"articleSection\":\"Nout\\u0103\\u021bi - Trupa Iosif Vulcan\"},{\"@type\":\"BreadcrumbList\",\"@id\":\"https:\\\/\\\/www.teatrulreginamaria.ro\\\/en\\\/comunicat-de-presa-scripcarul-pe-acoperis-revine-pe-scena-la-cererea-publicului\\\/#breadcrumblist\",\"itemListElement\":[{\"@type\":\"ListItem\",\"@id\":\"https:\\\/\\\/www.teatrulreginamaria.ro\\\/en#listItem\",\"position\":1,\"name\":\"Home\",\"item\":\"https:\\\/\\\/www.teatrulreginamaria.ro\\\/en\",\"nextItem\":{\"@type\":\"ListItem\",\"@id\":\"https:\\\/\\\/www.teatrulreginamaria.ro\\\/en\\\/categorie\\\/noutati\\\/#listItem\",\"name\":\"Nout\\u0103\\u021bi\"}},{\"@type\":\"ListItem\",\"@id\":\"https:\\\/\\\/www.teatrulreginamaria.ro\\\/en\\\/categorie\\\/noutati\\\/#listItem\",\"position\":2,\"name\":\"Nout\\u0103\\u021bi\",\"item\":\"https:\\\/\\\/www.teatrulreginamaria.ro\\\/en\\\/categorie\\\/noutati\\\/\",\"nextItem\":{\"@type\":\"ListItem\",\"@id\":\"https:\\\/\\\/www.teatrulreginamaria.ro\\\/en\\\/categorie\\\/noutati\\\/noutati-trupa-iosif-vulcan\\\/#listItem\",\"name\":\"Nout\\u0103\\u021bi - Trupa Iosif Vulcan\"},\"previousItem\":{\"@type\":\"ListItem\",\"@id\":\"https:\\\/\\\/www.teatrulreginamaria.ro\\\/en#listItem\",\"name\":\"Home\"}},{\"@type\":\"ListItem\",\"@id\":\"https:\\\/\\\/www.teatrulreginamaria.ro\\\/en\\\/categorie\\\/noutati\\\/noutati-trupa-iosif-vulcan\\\/#listItem\",\"position\":3,\"name\":\"Nout\\u0103\\u021bi - Trupa Iosif Vulcan\",\"item\":\"https:\\\/\\\/www.teatrulreginamaria.ro\\\/en\\\/categorie\\\/noutati\\\/noutati-trupa-iosif-vulcan\\\/\",\"nextItem\":{\"@type\":\"ListItem\",\"@id\":\"https:\\\/\\\/www.teatrulreginamaria.ro\\\/en\\\/comunicat-de-presa-scripcarul-pe-acoperis-revine-pe-scena-la-cererea-publicului\\\/#listItem\",\"name\":\"COMUNICAT DE PRES\\u0102 | Scripcarul pe acoperi\\u0219 revine pe scen\\u0103 la cererea publicului\"},\"previousItem\":{\"@type\":\"ListItem\",\"@id\":\"https:\\\/\\\/www.teatrulreginamaria.ro\\\/en\\\/categorie\\\/noutati\\\/#listItem\",\"name\":\"Nout\\u0103\\u021bi\"}},{\"@type\":\"ListItem\",\"@id\":\"https:\\\/\\\/www.teatrulreginamaria.ro\\\/en\\\/comunicat-de-presa-scripcarul-pe-acoperis-revine-pe-scena-la-cererea-publicului\\\/#listItem\",\"position\":4,\"name\":\"COMUNICAT DE PRES\\u0102 | Scripcarul pe acoperi\\u0219 revine pe scen\\u0103 la cererea publicului\",\"previousItem\":{\"@type\":\"ListItem\",\"@id\":\"https:\\\/\\\/www.teatrulreginamaria.ro\\\/en\\\/categorie\\\/noutati\\\/noutati-trupa-iosif-vulcan\\\/#listItem\",\"name\":\"Nout\\u0103\\u021bi - Trupa Iosif Vulcan\"}}]},{\"@type\":\"Organization\",\"@id\":\"https:\\\/\\\/www.teatrulreginamaria.ro\\\/en\\\/#organization\",\"name\":\"Teatrul Regina Maria Oradea\",\"description\":\"Trupa Iosif Vulcan \\u0219i Trupa Arcadia\",\"url\":\"https:\\\/\\\/www.teatrulreginamaria.ro\\\/en\\\/\",\"email\":\"marketing@teatrulreginamaria.ro\",\"telephone\":\"+40359411534\",\"numberOfEmployees\":{\"@type\":\"QuantitativeValue\",\"minValue\":0,\"maxValue\":150},\"logo\":{\"@type\":\"ImageObject\",\"url\":\"https:\\\/\\\/www.teatrulreginamaria.ro\\\/wp-content\\\/uploads\\\/2025\\\/06\\\/logo-trm-01-dark.png\",\"@id\":\"https:\\\/\\\/www.teatrulreginamaria.ro\\\/en\\\/comunicat-de-presa-scripcarul-pe-acoperis-revine-pe-scena-la-cererea-publicului\\\/#organizationLogo\",\"width\":300,\"height\":148},\"image\":{\"@id\":\"https:\\\/\\\/www.teatrulreginamaria.ro\\\/en\\\/comunicat-de-presa-scripcarul-pe-acoperis-revine-pe-scena-la-cererea-publicului\\\/#organizationLogo\"},\"sameAs\":[\"https:\\\/\\\/www.facebook.com\\\/TRMTrupaIosifVulcan\\\/\",\"https:\\\/\\\/x.com\\\/TRMOradea\",\"https:\\\/\\\/www.instagram.com\\\/teatrul_regina_maria\\\/\",\"https:\\\/\\\/www.youtube.com\\\/c\\\/TeatrulReginaMariaOradea\",\"https:\\\/\\\/www.linkedin.com\\\/company\\\/teatrul-regina-maria\"]},{\"@type\":\"Person\",\"@id\":\"https:\\\/\\\/www.teatrulreginamaria.ro\\\/en\\\/author\\\/w3bmaster\\\/#author\",\"url\":\"https:\\\/\\\/www.teatrulreginamaria.ro\\\/en\\\/author\\\/w3bmaster\\\/\",\"name\":\"Teatrul Regina Maria\",\"image\":{\"@type\":\"ImageObject\",\"@id\":\"https:\\\/\\\/www.teatrulreginamaria.ro\\\/en\\\/comunicat-de-presa-scripcarul-pe-acoperis-revine-pe-scena-la-cererea-publicului\\\/#authorImage\",\"url\":\"https:\\\/\\\/secure.gravatar.com\\\/avatar\\\/5884139d508ae3f0bafe45e60563b48a9640146d3b08ccc6278c305ff9329305?s=96&d=mm&r=g\",\"width\":96,\"height\":96,\"caption\":\"Teatrul Regina Maria\"}},{\"@type\":\"WebPage\",\"@id\":\"https:\\\/\\\/www.teatrulreginamaria.ro\\\/en\\\/comunicat-de-presa-scripcarul-pe-acoperis-revine-pe-scena-la-cererea-publicului\\\/#webpage\",\"url\":\"https:\\\/\\\/www.teatrulreginamaria.ro\\\/en\\\/comunicat-de-presa-scripcarul-pe-acoperis-revine-pe-scena-la-cererea-publicului\\\/\",\"name\":\"COMUNICAT DE PRES\\u0102 | Scripcarul pe acoperi\\u0219 revine pe scen\\u0103 la cererea publicului - Teatrul Regina Maria Oradea\",\"description\":\"Celebrul musical \\u201eScripcarul pe acoperi\\u0219\\u201d se re\\u00eentoarce pe scena Teatrului Regina Maria la cererea publicului. Spectacol emblematic al ultimilor ani pentru teatrul rom\\u00e2nesc or\\u0103dean, musicalul a avut premiera \\u00een 25 septembrie 2011 \\u0219i din acel moment s-a jucat mereu cu sala plin\\u0103. Interesul publicului pentru produc\\u021bia or\\u0103dean\\u0103 s-a extins repede \\u0219i a devenit \\u00een scurt\",\"inLanguage\":\"en-GB\",\"isPartOf\":{\"@id\":\"https:\\\/\\\/www.teatrulreginamaria.ro\\\/en\\\/#website\"},\"breadcrumb\":{\"@id\":\"https:\\\/\\\/www.teatrulreginamaria.ro\\\/en\\\/comunicat-de-presa-scripcarul-pe-acoperis-revine-pe-scena-la-cererea-publicului\\\/#breadcrumblist\"},\"author\":{\"@id\":\"https:\\\/\\\/www.teatrulreginamaria.ro\\\/en\\\/author\\\/w3bmaster\\\/#author\"},\"creator\":{\"@id\":\"https:\\\/\\\/www.teatrulreginamaria.ro\\\/en\\\/author\\\/w3bmaster\\\/#author\"},\"image\":{\"@type\":\"ImageObject\",\"url\":\"https:\\\/\\\/www.teatrulreginamaria.ro\\\/wp-content\\\/uploads\\\/2023\\\/01\\\/Scripcarul-64.jpg\",\"@id\":\"https:\\\/\\\/www.teatrulreginamaria.ro\\\/en\\\/comunicat-de-presa-scripcarul-pe-acoperis-revine-pe-scena-la-cererea-publicului\\\/#mainImage\",\"width\":1365,\"height\":2048},\"primaryImageOfPage\":{\"@id\":\"https:\\\/\\\/www.teatrulreginamaria.ro\\\/en\\\/comunicat-de-presa-scripcarul-pe-acoperis-revine-pe-scena-la-cererea-publicului\\\/#mainImage\"},\"datePublished\":\"2023-01-20T07:18:32+02:00\",\"dateModified\":\"2023-01-20T07:18:32+02:00\"},{\"@type\":\"WebSite\",\"@id\":\"https:\\\/\\\/www.teatrulreginamaria.ro\\\/en\\\/#website\",\"url\":\"https:\\\/\\\/www.teatrulreginamaria.ro\\\/en\\\/\",\"name\":\"Teatrul Regina Maria Oradea\",\"alternateName\":\"TRM Oradea\",\"description\":\"Trupa Iosif Vulcan \\u0219i Trupa Arcadia\",\"inLanguage\":\"en-GB\",\"publisher\":{\"@id\":\"https:\\\/\\\/www.teatrulreginamaria.ro\\\/en\\\/#organization\"}}]}\n\t\t<\/script>\n\t\t<!-- All in One SEO Pro -->\r\n\t\t<title>COMUNICAT DE PRES\u0102 | Scripcarul pe acoperi\u0219 revine pe scen\u0103 la cererea publicului - Teatrul Regina Maria Oradea<\/title>\n\n","aioseo_head_json":{"title":"PRESS RELEASE | Fiddler on the Roof returns to the stage at the request of the audience - Regina Maria Theatre Oradea","description":"The famous musical &quot;The Fiddler on the Roof&quot; returns to the stage of the Regina Maria Theater at the request of the audience. An emblematic show of recent years for the Romanian theater in Oradea, the musical premiered on September 25, 2011 and has always been played to a full house since then. The audience&#039;s interest in the Oradea production quickly expanded and it quickly became","canonical_url":"https:\/\/www.teatrulreginamaria.ro\/en\/comunicat-de-presa-scripcarul-pe-acoperis-revine-pe-scena-la-cererea-publicului\/","robots":"max-image-preview:large","keywords":"","webmasterTools":{"miscellaneous":""},"schema":{"@context":"https:\/\/schema.org","@graph":[{"@type":"BlogPosting","@id":"https:\/\/www.teatrulreginamaria.ro\/en\/comunicat-de-presa-scripcarul-pe-acoperis-revine-pe-scena-la-cererea-publicului\/#blogposting","name":"COMUNICAT DE PRES\u0102 | Scripcarul pe acoperi\u0219 revine pe scen\u0103 la cererea publicului - Teatrul Regina Maria Oradea","headline":"COMUNICAT DE PRES\u0102 | Scripcarul pe acoperi\u0219 revine pe scen\u0103 la cererea publicului","author":{"@id":"https:\/\/www.teatrulreginamaria.ro\/en\/author\/w3bmaster\/#author"},"publisher":{"@id":"https:\/\/www.teatrulreginamaria.ro\/en\/#organization"},"image":{"@type":"ImageObject","url":"https:\/\/www.teatrulreginamaria.ro\/wp-content\/uploads\/2023\/01\/Scripcarul-64.jpg","width":1365,"height":2048},"datePublished":"2023-01-20T07:18:32+02:00","dateModified":"2023-01-20T07:18:32+02:00","inLanguage":"en-GB","mainEntityOfPage":{"@id":"https:\/\/www.teatrulreginamaria.ro\/en\/comunicat-de-presa-scripcarul-pe-acoperis-revine-pe-scena-la-cererea-publicului\/#webpage"},"isPartOf":{"@id":"https:\/\/www.teatrulreginamaria.ro\/en\/comunicat-de-presa-scripcarul-pe-acoperis-revine-pe-scena-la-cererea-publicului\/#webpage"},"articleSection":"Nout\u0103\u021bi - Trupa Iosif Vulcan"},{"@type":"BreadcrumbList","@id":"https:\/\/www.teatrulreginamaria.ro\/en\/comunicat-de-presa-scripcarul-pe-acoperis-revine-pe-scena-la-cererea-publicului\/#breadcrumblist","itemListElement":[{"@type":"ListItem","@id":"https:\/\/www.teatrulreginamaria.ro\/en#listItem","position":1,"name":"Home","item":"https:\/\/www.teatrulreginamaria.ro\/en","nextItem":{"@type":"ListItem","@id":"https:\/\/www.teatrulreginamaria.ro\/en\/categorie\/noutati\/#listItem","name":"Nout\u0103\u021bi"}},{"@type":"ListItem","@id":"https:\/\/www.teatrulreginamaria.ro\/en\/categorie\/noutati\/#listItem","position":2,"name":"Nout\u0103\u021bi","item":"https:\/\/www.teatrulreginamaria.ro\/en\/categorie\/noutati\/","nextItem":{"@type":"ListItem","@id":"https:\/\/www.teatrulreginamaria.ro\/en\/categorie\/noutati\/noutati-trupa-iosif-vulcan\/#listItem","name":"Nout\u0103\u021bi - Trupa Iosif Vulcan"},"previousItem":{"@type":"ListItem","@id":"https:\/\/www.teatrulreginamaria.ro\/en#listItem","name":"Home"}},{"@type":"ListItem","@id":"https:\/\/www.teatrulreginamaria.ro\/en\/categorie\/noutati\/noutati-trupa-iosif-vulcan\/#listItem","position":3,"name":"Nout\u0103\u021bi - Trupa Iosif Vulcan","item":"https:\/\/www.teatrulreginamaria.ro\/en\/categorie\/noutati\/noutati-trupa-iosif-vulcan\/","nextItem":{"@type":"ListItem","@id":"https:\/\/www.teatrulreginamaria.ro\/en\/comunicat-de-presa-scripcarul-pe-acoperis-revine-pe-scena-la-cererea-publicului\/#listItem","name":"COMUNICAT DE PRES\u0102 | Scripcarul pe acoperi\u0219 revine pe scen\u0103 la cererea publicului"},"previousItem":{"@type":"ListItem","@id":"https:\/\/www.teatrulreginamaria.ro\/en\/categorie\/noutati\/#listItem","name":"Nout\u0103\u021bi"}},{"@type":"ListItem","@id":"https:\/\/www.teatrulreginamaria.ro\/en\/comunicat-de-presa-scripcarul-pe-acoperis-revine-pe-scena-la-cererea-publicului\/#listItem","position":4,"name":"COMUNICAT DE PRES\u0102 | Scripcarul pe acoperi\u0219 revine pe scen\u0103 la cererea publicului","previousItem":{"@type":"ListItem","@id":"https:\/\/www.teatrulreginamaria.ro\/en\/categorie\/noutati\/noutati-trupa-iosif-vulcan\/#listItem","name":"Nout\u0103\u021bi - Trupa Iosif Vulcan"}}]},{"@type":"Organization","@id":"https:\/\/www.teatrulreginamaria.ro\/en\/#organization","name":"Teatrul Regina Maria Oradea","description":"Trupa Iosif Vulcan \u0219i Trupa Arcadia","url":"https:\/\/www.teatrulreginamaria.ro\/en\/","email":"marketing@teatrulreginamaria.ro","telephone":"+40359411534","numberOfEmployees":{"@type":"QuantitativeValue","minValue":0,"maxValue":150},"logo":{"@type":"ImageObject","url":"https:\/\/www.teatrulreginamaria.ro\/wp-content\/uploads\/2025\/06\/logo-trm-01-dark.png","@id":"https:\/\/www.teatrulreginamaria.ro\/en\/comunicat-de-presa-scripcarul-pe-acoperis-revine-pe-scena-la-cererea-publicului\/#organizationLogo","width":300,"height":148},"image":{"@id":"https:\/\/www.teatrulreginamaria.ro\/en\/comunicat-de-presa-scripcarul-pe-acoperis-revine-pe-scena-la-cererea-publicului\/#organizationLogo"},"sameAs":["https:\/\/www.facebook.com\/TRMTrupaIosifVulcan\/","https:\/\/x.com\/TRMOradea","https:\/\/www.instagram.com\/teatrul_regina_maria\/","https:\/\/www.youtube.com\/c\/TeatrulReginaMariaOradea","https:\/\/www.linkedin.com\/company\/teatrul-regina-maria"]},{"@type":"Person","@id":"https:\/\/www.teatrulreginamaria.ro\/en\/author\/w3bmaster\/#author","url":"https:\/\/www.teatrulreginamaria.ro\/en\/author\/w3bmaster\/","name":"Teatrul Regina Maria","image":{"@type":"ImageObject","@id":"https:\/\/www.teatrulreginamaria.ro\/en\/comunicat-de-presa-scripcarul-pe-acoperis-revine-pe-scena-la-cererea-publicului\/#authorImage","url":"https:\/\/secure.gravatar.com\/avatar\/5884139d508ae3f0bafe45e60563b48a9640146d3b08ccc6278c305ff9329305?s=96&d=mm&r=g","width":96,"height":96,"caption":"Teatrul Regina Maria"}},{"@type":"WebPage","@id":"https:\/\/www.teatrulreginamaria.ro\/en\/comunicat-de-presa-scripcarul-pe-acoperis-revine-pe-scena-la-cererea-publicului\/#webpage","url":"https:\/\/www.teatrulreginamaria.ro\/en\/comunicat-de-presa-scripcarul-pe-acoperis-revine-pe-scena-la-cererea-publicului\/","name":"COMUNICAT DE PRES\u0102 | Scripcarul pe acoperi\u0219 revine pe scen\u0103 la cererea publicului - Teatrul Regina Maria Oradea","description":"Celebrul musical \u201eScripcarul pe acoperi\u0219\u201d se re\u00eentoarce pe scena Teatrului Regina Maria la cererea publicului. Spectacol emblematic al ultimilor ani pentru teatrul rom\u00e2nesc or\u0103dean, musicalul a avut premiera \u00een 25 septembrie 2011 \u0219i din acel moment s-a jucat mereu cu sala plin\u0103. Interesul publicului pentru produc\u021bia or\u0103dean\u0103 s-a extins repede \u0219i a devenit \u00een scurt","inLanguage":"en-GB","isPartOf":{"@id":"https:\/\/www.teatrulreginamaria.ro\/en\/#website"},"breadcrumb":{"@id":"https:\/\/www.teatrulreginamaria.ro\/en\/comunicat-de-presa-scripcarul-pe-acoperis-revine-pe-scena-la-cererea-publicului\/#breadcrumblist"},"author":{"@id":"https:\/\/www.teatrulreginamaria.ro\/en\/author\/w3bmaster\/#author"},"creator":{"@id":"https:\/\/www.teatrulreginamaria.ro\/en\/author\/w3bmaster\/#author"},"image":{"@type":"ImageObject","url":"https:\/\/www.teatrulreginamaria.ro\/wp-content\/uploads\/2023\/01\/Scripcarul-64.jpg","@id":"https:\/\/www.teatrulreginamaria.ro\/en\/comunicat-de-presa-scripcarul-pe-acoperis-revine-pe-scena-la-cererea-publicului\/#mainImage","width":1365,"height":2048},"primaryImageOfPage":{"@id":"https:\/\/www.teatrulreginamaria.ro\/en\/comunicat-de-presa-scripcarul-pe-acoperis-revine-pe-scena-la-cererea-publicului\/#mainImage"},"datePublished":"2023-01-20T07:18:32+02:00","dateModified":"2023-01-20T07:18:32+02:00"},{"@type":"WebSite","@id":"https:\/\/www.teatrulreginamaria.ro\/en\/#website","url":"https:\/\/www.teatrulreginamaria.ro\/en\/","name":"Teatrul Regina Maria Oradea","alternateName":"TRM Oradea","description":"Trupa Iosif Vulcan \u0219i Trupa Arcadia","inLanguage":"en-GB","publisher":{"@id":"https:\/\/www.teatrulreginamaria.ro\/en\/#organization"}}]},"og:locale":"en_GB","og:site_name":"Teatrul Regina Maria Oradea - Trupa Iosif Vulcan \u0219i Trupa Arcadia","og:type":"article","og:title":"COMUNICAT DE PRES\u0102 | Scripcarul pe acoperi\u0219 revine pe scen\u0103 la cererea publicului - Teatrul Regina Maria Oradea","og:description":"Celebrul musical \u201eScripcarul pe acoperi\u0219\u201d se re\u00eentoarce pe scena Teatrului Regina Maria la cererea publicului. Spectacol emblematic al ultimilor ani pentru teatrul rom\u00e2nesc or\u0103dean, musicalul a avut premiera \u00een 25 septembrie 2011 \u0219i din acel moment s-a jucat mereu cu sala plin\u0103. Interesul publicului pentru produc\u021bia or\u0103dean\u0103 s-a extins repede \u0219i a devenit \u00een scurt","og:url":"https:\/\/www.teatrulreginamaria.ro\/en\/comunicat-de-presa-scripcarul-pe-acoperis-revine-pe-scena-la-cererea-publicului\/","og:image":"https:\/\/www.teatrulreginamaria.ro\/wp-content\/uploads\/2025\/03\/trm-istoric-01.jpg","og:image:secure_url":"https:\/\/www.teatrulreginamaria.ro\/wp-content\/uploads\/2025\/03\/trm-istoric-01.jpg","og:image:width":1200,"og:image:height":800,"article:published_time":"2023-01-20T07:18:32+00:00","article:modified_time":"2023-01-20T07:18:32+00:00","article:publisher":"https:\/\/www.facebook.com\/TRMTrupaIosifVulcan\/","twitter:card":"summary_large_image","twitter:site":"@TRMOradea","twitter:title":"COMUNICAT DE PRES\u0102 | Scripcarul pe acoperi\u0219 revine pe scen\u0103 la cererea publicului - Teatrul Regina Maria Oradea","twitter:description":"Celebrul musical \u201eScripcarul pe acoperi\u0219\u201d se re\u00eentoarce pe scena Teatrului Regina Maria la cererea publicului. Spectacol emblematic al ultimilor ani pentru teatrul rom\u00e2nesc or\u0103dean, musicalul a avut premiera \u00een 25 septembrie 2011 \u0219i din acel moment s-a jucat mereu cu sala plin\u0103. Interesul publicului pentru produc\u021bia or\u0103dean\u0103 s-a extins repede \u0219i a devenit \u00een scurt","twitter:creator":"@TRMOradea","twitter:image":"https:\/\/www.teatrulreginamaria.ro\/wp-content\/uploads\/2025\/03\/trm-istoric-01.jpg"},"aioseo_meta_data":{"post_id":"5288","title":null,"description":null,"keywords":null,"keyphrases":null,"primary_term":null,"canonical_url":null,"og_title":null,"og_description":null,"og_object_type":"default","og_image_type":"default","og_image_url":null,"og_image_width":null,"og_image_height":null,"og_image_custom_url":null,"og_image_custom_fields":null,"og_video":null,"og_custom_url":null,"og_article_section":null,"og_article_tags":null,"twitter_use_og":false,"twitter_card":"default","twitter_image_type":"default","twitter_image_url":null,"twitter_image_custom_url":null,"twitter_image_custom_fields":null,"twitter_title":null,"twitter_description":null,"schema":{"blockGraphs":[],"customGraphs":[],"default":{"data":{"Article":[],"Course":[],"Dataset":[],"FAQPage":[],"Movie":[],"Person":[],"Product":[],"ProductReview":[],"Car":[],"Recipe":[],"Service":[],"SoftwareApplication":[],"WebPage":[]},"graphName":"","isEnabled":true},"graphs":[]},"schema_type":"default","schema_type_options":null,"pillar_content":false,"robots_default":true,"robots_noindex":false,"robots_noarchive":false,"robots_nosnippet":false,"robots_nofollow":false,"robots_noimageindex":false,"robots_noodp":false,"robots_notranslate":false,"robots_max_snippet":null,"robots_max_videopreview":null,"robots_max_imagepreview":"large","priority":null,"frequency":null,"local_seo":null,"seo_analyzer_scan_date":"2026-05-13 03:07:39","breadcrumb_settings":null,"limit_modified_date":false,"reviewed_by":null,"open_ai":null,"ai":null,"created":"2025-04-09 17:42:44","updated":"2026-05-13 03:07:39","focus_keyword":null,"additional_keywords":null,"truseo_locale":null},"aioseo_breadcrumb":"<div class=\"aioseo-breadcrumbs\"><span class=\"aioseo-breadcrumb\">\n\t<a href=\"https:\/\/www.teatrulreginamaria.ro\/en\" title=\"Home\">Home<\/a>\n<\/span><span class=\"aioseo-breadcrumb-separator\">&raquo;<\/span><span class=\"aioseo-breadcrumb\">\n\t<a href=\"https:\/\/www.teatrulreginamaria.ro\/en\/categorie\/noutati\/\" title=\"Nout\u0103\u021bi\">Nout\u0103\u021bi<\/a>\n<\/span><span class=\"aioseo-breadcrumb-separator\">&raquo;<\/span><span class=\"aioseo-breadcrumb\">\n\t<a href=\"https:\/\/www.teatrulreginamaria.ro\/en\/categorie\/noutati\/noutati-trupa-iosif-vulcan\/\" title=\"Nout\u0103\u021bi - Trupa Iosif Vulcan\">Nout\u0103\u021bi - Trupa Iosif Vulcan<\/a>\n<\/span><span class=\"aioseo-breadcrumb-separator\">&raquo;<\/span><span class=\"aioseo-breadcrumb\">\n\tCOMUNICAT DE PRES\u0102 | Scripcarul pe acoperi\u0219 revine pe scen\u0103 la cererea publicului\n<\/span><\/div>","aioseo_breadcrumb_json":[{"label":"Home","link":"https:\/\/www.teatrulreginamaria.ro\/en"},{"label":"Nout\u0103\u021bi","link":"https:\/\/www.teatrulreginamaria.ro\/en\/categorie\/noutati\/"},{"label":"Nout\u0103\u021bi - Trupa Iosif Vulcan","link":"https:\/\/www.teatrulreginamaria.ro\/en\/categorie\/noutati\/noutati-trupa-iosif-vulcan\/"},{"label":"COMUNICAT DE PRES\u0102 | Scripcarul pe acoperi\u0219 revine pe scen\u0103 la cererea publicului","link":"https:\/\/www.teatrulreginamaria.ro\/en\/comunicat-de-presa-scripcarul-pe-acoperis-revine-pe-scena-la-cererea-publicului\/"}],"acf":[],"_links":{"self":[{"href":"https:\/\/www.teatrulreginamaria.ro\/en\/wp-json\/wp\/v2\/posts\/5288","targetHints":{"allow":["GET"]}}],"collection":[{"href":"https:\/\/www.teatrulreginamaria.ro\/en\/wp-json\/wp\/v2\/posts"}],"about":[{"href":"https:\/\/www.teatrulreginamaria.ro\/en\/wp-json\/wp\/v2\/types\/post"}],"author":[{"embeddable":true,"href":"https:\/\/www.teatrulreginamaria.ro\/en\/wp-json\/wp\/v2\/users\/6"}],"replies":[{"embeddable":true,"href":"https:\/\/www.teatrulreginamaria.ro\/en\/wp-json\/wp\/v2\/comments?post=5288"}],"version-history":[{"count":0,"href":"https:\/\/www.teatrulreginamaria.ro\/en\/wp-json\/wp\/v2\/posts\/5288\/revisions"}],"wp:featuredmedia":[{"embeddable":true,"href":"https:\/\/www.teatrulreginamaria.ro\/en\/wp-json\/wp\/v2\/media\/5287"}],"wp:attachment":[{"href":"https:\/\/www.teatrulreginamaria.ro\/en\/wp-json\/wp\/v2\/media?parent=5288"}],"wp:term":[{"taxonomy":"category","embeddable":true,"href":"https:\/\/www.teatrulreginamaria.ro\/en\/wp-json\/wp\/v2\/categories?post=5288"},{"taxonomy":"post_tag","embeddable":true,"href":"https:\/\/www.teatrulreginamaria.ro\/en\/wp-json\/wp\/v2\/tags?post=5288"}],"curies":[{"name":"wp","href":"https:\/\/api.w.org\/{rel}","templated":true}]}}