{"id":5475,"date":"2023-12-04T10:32:18","date_gmt":"2023-12-04T10:32:18","guid":{"rendered":"https:\/\/teatrulreginamaria.ro\/2023\/12\/04\/cyrano-de-bergerac-decembrie-2023-mircea-morariu-contributors-ro\/"},"modified":"2025-04-22T12:22:58","modified_gmt":"2025-04-22T09:22:58","slug":"cyrano-de-bergerac-december-2023-mircea-morariu-contributors-ro","status":"publish","type":"post","link":"https:\/\/www.teatrulreginamaria.ro\/en\/cyrano-de-bergerac-decembrie-2023-mircea-morariu-contributors-ro\/","title":{"rendered":"CYRANO DE BERGERAC \u2013 Feelings, attitudes, history and literature"},"content":{"rendered":"<p class=\"wp-block-paragraph\">Text taken from\u00a0<a href=\"https:\/\/www.contributors.ro\/sentimente-atitudini-istorie-si-literatura\/\">contributors.ro<\/a> \/ author: Mircea Morariu<\/p>\n\n\n\n<p class=\"wp-block-paragraph\">For many years, certainly many over 30, I have tried to explain to successive series of students that the French 17th century is neither (or is not only) the Classical Century, nor the Great Century, nor the Century of Louis XIV. That all these labels only partially cover its historical, artistic, philosophical, aesthetic and literary complexity, and that once criticism and literary history have discovered the beauties and delights of the Baroque, and have also found a good part of its preciousness (as opposed to the ridiculousness in which it failed), it would be appropriate to set aside many of the statements in the old textbooks, products of academics from the old Sorbonne tradition and from the old criticism. After all, rules, order, balance dominated only part of the century in question.<\/p>\n\n\n\n<!--more-->\n\n\n\n<p class=\"wp-block-paragraph\">Classicism was not a monolith either, because, for example, even the great tragedian Racine, who was often said to have been a glove to the rules, allowed himself to be contaminated from time to time by the beautiful oddities of the only apparent unpolished Baroque. Corneille, Racine, Moli\u00e8re were not even remotely like brothers, beyond their great merits Richelieu and the Sun King wanted the unconditional submission of artists to official aesthetics. La Fontaine, for example, was not at all liked by Louis XIV, and Moli\u00e8re exercised a secret dissent not only towards the Church and openly regarding the countless les faux d\u00e9vots, but also in relation to the dramaturgical formulas agreed upon at Court. La Princesse de Cl\u00e8ves was both a classic novel, as well as Jansenist and Baroque, the public enjoyed what the so-called great classics wrote, as well as the creations of Paul Scarron, Charles Sorel and - last but not least - Cyrano de Bergerac.<\/p>\n\n\n\n<p class=\"wp-block-paragraph\">I was thinking about all this while watching the performance of the play Cyrano de Bergerac, a modern, lively, inspired, at times even iconoclastic rewriting of the score of the same name by Edmond Rostand, thanks to the British Martin Crimp. The show was staged in the Great Hall of the Regina Maria Theater in Oradea by Horia Suru. The same one who staged Noduri \u0219i placii here years ago, a production that Alexandra Felseghi, Andrei M\u0103jeri and Ioana Gajd\u00f3 reminded me of only two weeks ago in Goddesses of Category B.<\/p>\n\n\n\n<p class=\"wp-block-paragraph\">Martin Crimp probably has a certain passion for French culture since he has translated quite a few texts and, in addition to Cyrano...he also wrote a personal version of Moliere&#039;s The Misanthrope.<\/p>\n\n\n\n<p class=\"wp-block-paragraph\">It&#039;s true, I was also thinking about the fact that it&#039;s not exactly okay that another play by the same playwright appears in the Theatre&#039;s repertoire just two months after Cruelty and Tenderness, that diversity, alternation are or should be basic considerations of the very concept of repertoire. That the repertoire is not a collection of titles. And that it is not made by directors. I will not elaborate further.<br>Now the idea, I&#039;ve done it before and still in vain.<\/p>\n\n\n\n<p class=\"wp-block-paragraph\">How is Crimp&#039;s play? How is Horia Suru&#039;s show? The play is undoubtedly good. At least in its first part it respects the sought-after disorder, that artistic irregularity that characterized the creation, insofar as it is, of Cyrano. Horia Suru tried to manage the disorder in question as efficiently as possible. One in the specifics of the baroque, but also of a way of making theater that depends mainly on the taste of the audience. The show begins in the foyer, where we meet a good part of the actors in the cast dressed in civilian clothes. Once inside the hall, the one called Ligni\u00e8re (seemingly too expansive, too noisy in the role of Sebastian Lupu), introduces us to the newest recruit. Christian, a young, handsome, frustrated, clearly uneducated boy, who doesn&#039;t really understand what&#039;s happening to him, why he&#039;s being turned on all sides, applauded, mocked, booed, taken in retaliation by the assistants. The initial silence will be replaced further by the verbiage, the courage, the disarming naturalness of the character, the revolt in the face of falsehood, whether it is done with or out of good intentions. All well captured by R\u0103zvan Vicoveanu&#039;s acting. All kinds of noisy characters from the audience appear. Leila Ragueneau, a literature teacher and confectioner, has an explosive entrance (I liked Elvira R\u00eembu, however, especially in the last ten to fifteen minutes of the show when I seemed to find the actress from Hey, good people!), and later, when we are in the middle of a theater within a theater (a fact effectively suggested by Tudor Prodan&#039;s set design that resorts to a few red chairs placed on the sides of the stage) we see the veteran actor Montfleury playing Hamlet (Petre Ghimb\u0103\u0219an) badly, as badly as one could possibly play him). Deliberately so. We also see the versatile and immoral director of the Theater (\u0218erban Borda), De Guiche, Richelieu&#039;s reliable man with the tics of a sugary old man who still wants to have sex (Daniel Vulcu), accompanied by the beautiful Roxane (Alina Leonte, very good in the role). Also appearing is a certain De Bret (a rather bored little Sorin Ionescu, obviously unconvinced of what he is doing), De Guiche&#039;s quasi-ridiculous deputy named Valvert (the impetuous and kind George Dometi), a cajon priest and a bit of a fool (the tasty Pavel S\u00eerghi), Literature students (Georgiana Coman, Carina Bunea, Denisa Irina Vlad, Anda T\u0103m\u0103\u0219anu, Adelina Tripa), soldiers (Ciprian Ciuciu, Alin Stanciu, Eugen Neag, Paul Tripon, David Constantinescu, Tudor Manea, Cosmin Petru\u021b).<\/p>\n\n\n\n<p class=\"wp-block-paragraph\">Horia Suru coordinates the mass scenes well, convincingly transposes the throbbing of the crowds onto the stage, despite the fact that some actors and especially actresses are not as concerned with their roles as they should be (in some cases, the fault lies in the overestimation of the professional capabilities of some actors and especially actresses who yearn for leading roles without real artistic grounds and want to show us at all costs that they have professional developments), and a little later, that is, in the second part, helped by the set designer, Adrian Dominte, who prepared the actors remarkably well for the moments of artistic fencing, he transposes the war onto the stage in a relevant way. This is by no means and never a simple task. War is both classic and modern. Deliberately indecisive,<\/p>\n\n\n\n<p class=\"wp-block-paragraph\">Naturally, Cyrano also appears. With his big nose, with his iconoclastic spirit, with all the rebellion in his endowment, with the madness of chasing Montfleury off the stage, even if it costs him a fortune, with the unparalleled art of handling words. All of this is well captured by Richard Balint. A good thing, however, situated rather in the area of correctness than in that of the desired excellence. It&#039;s as if I would have wanted even more madness in the construction of the character. A greater dose of histrionics. Of non-conformism. Ingredients that would place the character in opposition to that Cyrano from the second part, the one in which the iconoclast (well, the jemenficist) will prove to be hypersensitive, to the point of sacrificing himself in love with Roxane. To show us who Cyrano really is, how sentimental, in love and how sad, I don&#039;t think there was a need for the two songs that seem too visibly to be a tribute to a fashion from the time of the Flac\u0103ra circle and the glory days of Nicu Alifantis.<\/p>\n\n\n\n<p class=\"wp-block-paragraph\">The second part of the editing is undoubtedly more connected. And clearer. Not linear. Maybe because it only has two big clear themes. Love and war. And the ending is warm, human, beautiful, moving.<\/p>\n\n\n\n<p class=\"wp-block-paragraph\">REGINA MARIA Theater in Oradea<\/p>\n\n\n\n<p class=\"wp-block-paragraph\">CYRANO DE BERGERAC by Martin Crimp<br>Free adaptation of the play by Edmond Rostand<br>Translation: Marian Popescu<br>Artistic director: Horia Suru<br>Scenography: Tudor Prodan<br>Artistic fencing: Andrei Dominte<\/p>\n\n\n\n<p class=\"wp-block-paragraph\">With: Richard Balint (Cyrano de Bergerac), R\u0103zvan Vicoveanu (Christian), Elvira R\u00eembu (Leila Ragueneau), Alina Leonte (Roxane), Daniel Vulcu (De Guiche), Sebastian Lupu (Ligni\u00e8re), Sorin Ionescu (De Bret), \u0218erban Borda (Theatre Director), Petre Ghimba\u0219an (Montfleury), Pavel S\u00eerghi (An Annoying Person, A Priest), George Dometi (Valvert), Georgiana Coman, Carina Bunea, Denisa Irina Vlad, Anda T\u0103m\u0103\u0219anu, Adelina Tripa (Students at the Faculty of Letters, Other roles), Ciprian Ciuciu, Alin Stanciu, Eugen Neag, Paul Tripon, David Constantinescu, Tudor Manea, Cosmin Petru\u021b (Soldiers, Other roles)<\/p>","protected":false},"excerpt":{"rendered":"<p>Text preluat de pe\u00a0contributors.ro \/ autor:\u00a0Mircea Morariu Ani buni la num\u0103r, cu siguran\u021b\u0103 mul\u021bi peste 30, m-am str\u0103duit s\u0103 le explic succesivelor serii de studen\u021bi c\u0103 veacul al XVII lea francez nu e nici, (sau nu e numai) Secolul clasic, nici Marele Secol, nici Secolul lui Ludovic al XIV lea. C\u0103 toate aceste etichete nu [&hellip;]<\/p>\n","protected":false},"author":6,"featured_media":0,"comment_status":"open","ping_status":"open","sticky":false,"template":"","format":"standard","meta":{"_acf_changed":false,"footnotes":""},"categories":[213],"tags":[],"class_list":["post-5475","post","type-post","status-publish","format-standard","hentry","category-aparitii-media"],"aioseo_notices":[],"aioseo_head":"\n\t\t<!-- All in One SEO Pro 5.0.1.1 - aioseo.com -->\n\t<meta name=\"description\" content=\"Text preluat de pe contributors.ro \/ autor: Mircea Morariu Ani buni la num\u0103r, cu siguran\u021b\u0103 mul\u021bi peste 30, m-am str\u0103duit s\u0103 le explic succesivelor serii de studen\u021bi c\u0103 veacul al XVII lea francez nu e nici, (sau nu e numai) Secolul clasic, nici Marele Secol, nici Secolul lui Ludovic al XIV lea. C\u0103 toate aceste etichete nu\" \/>\n\t<meta name=\"robots\" content=\"max-image-preview:large\" \/>\n\t<meta name=\"author\" content=\"Teatrul Regina Maria\"\/>\n\t<link rel=\"canonical\" href=\"https:\/\/www.teatrulreginamaria.ro\/en\/cyrano-de-bergerac-decembrie-2023-mircea-morariu-contributors-ro\/\" \/>\n\t<meta name=\"generator\" content=\"All in One SEO Pro (AIOSEO) 5.0.1.1\" \/>\n\t\t<meta property=\"og:locale\" content=\"en_GB\" \/>\n\t\t<meta property=\"og:site_name\" content=\"Teatrul Regina Maria Oradea - Trupa Iosif Vulcan \u0219i Trupa Arcadia\" \/>\n\t\t<meta property=\"og:type\" content=\"article\" \/>\n\t\t<meta property=\"og:title\" content=\"CYRANO DE BERGERAC \u2013 Sentimente, atitudini, istorie \u0219i literatur\u0103 - Teatrul Regina Maria Oradea\" \/>\n\t\t<meta property=\"og:description\" content=\"Text preluat de pe contributors.ro \/ autor: Mircea Morariu Ani buni la num\u0103r, cu siguran\u021b\u0103 mul\u021bi peste 30, m-am str\u0103duit s\u0103 le explic succesivelor serii de studen\u021bi c\u0103 veacul al XVII lea francez nu e nici, (sau nu e numai) Secolul clasic, nici Marele Secol, nici Secolul lui Ludovic al XIV lea. C\u0103 toate aceste etichete nu\" \/>\n\t\t<meta property=\"og:url\" content=\"https:\/\/www.teatrulreginamaria.ro\/en\/cyrano-de-bergerac-decembrie-2023-mircea-morariu-contributors-ro\/\" \/>\n\t\t<meta property=\"og:image\" content=\"https:\/\/www.teatrulreginamaria.ro\/wp-content\/uploads\/2025\/03\/trm-istoric-01.jpg\" \/>\n\t\t<meta property=\"og:image:secure_url\" content=\"https:\/\/www.teatrulreginamaria.ro\/wp-content\/uploads\/2025\/03\/trm-istoric-01.jpg\" \/>\n\t\t<meta property=\"og:image:width\" content=\"1200\" \/>\n\t\t<meta property=\"og:image:height\" content=\"800\" \/>\n\t\t<meta property=\"article:published_time\" content=\"2023-12-04T10:32:18+00:00\" \/>\n\t\t<meta property=\"article:modified_time\" content=\"2025-04-22T09:22:58+00:00\" \/>\n\t\t<meta property=\"article:publisher\" content=\"https:\/\/www.facebook.com\/TRMTrupaIosifVulcan\/\" \/>\n\t\t<meta name=\"twitter:card\" content=\"summary_large_image\" \/>\n\t\t<meta name=\"twitter:site\" content=\"@TRMOradea\" \/>\n\t\t<meta name=\"twitter:title\" content=\"CYRANO DE BERGERAC \u2013 Sentimente, atitudini, istorie \u0219i literatur\u0103 - Teatrul Regina Maria Oradea\" \/>\n\t\t<meta name=\"twitter:description\" content=\"Text preluat de pe contributors.ro \/ autor: Mircea Morariu Ani buni la num\u0103r, cu siguran\u021b\u0103 mul\u021bi peste 30, m-am str\u0103duit s\u0103 le explic succesivelor serii de studen\u021bi c\u0103 veacul al XVII lea francez nu e nici, (sau nu e numai) Secolul clasic, nici Marele Secol, nici Secolul lui Ludovic al XIV lea. C\u0103 toate aceste etichete nu\" \/>\n\t\t<meta name=\"twitter:creator\" content=\"@TRMOradea\" \/>\n\t\t<meta name=\"twitter:image\" content=\"https:\/\/www.teatrulreginamaria.ro\/wp-content\/uploads\/2025\/03\/trm-istoric-01.jpg\" \/>\n\t\t<script type=\"application\/ld+json\" class=\"aioseo-schema\">\n\t\t\t{\"@context\":\"https:\\\/\\\/schema.org\",\"@graph\":[{\"@type\":\"BlogPosting\",\"@id\":\"https:\\\/\\\/www.teatrulreginamaria.ro\\\/en\\\/cyrano-de-bergerac-decembrie-2023-mircea-morariu-contributors-ro\\\/#blogposting\",\"name\":\"CYRANO DE BERGERAC \\u2013 Sentimente, atitudini, istorie \\u0219i literatur\\u0103 - Teatrul Regina Maria Oradea\",\"headline\":\"CYRANO DE BERGERAC &#8211; Sentimente, atitudini, istorie \\u0219i literatur\\u0103\",\"author\":{\"@id\":\"https:\\\/\\\/www.teatrulreginamaria.ro\\\/en\\\/author\\\/w3bmaster\\\/#author\"},\"publisher\":{\"@id\":\"https:\\\/\\\/www.teatrulreginamaria.ro\\\/en\\\/#organization\"},\"image\":{\"@type\":\"ImageObject\",\"url\":\"https:\\\/\\\/www.teatrulreginamaria.ro\\\/wp-content\\\/uploads\\\/2025\\\/06\\\/logo-trm-01-dark.png\",\"@id\":\"https:\\\/\\\/www.teatrulreginamaria.ro\\\/en\\\/#articleImage\",\"width\":300,\"height\":148},\"datePublished\":\"2023-12-04T10:32:18+02:00\",\"dateModified\":\"2025-04-22T12:22:58+03:00\",\"inLanguage\":\"en-GB\",\"mainEntityOfPage\":{\"@id\":\"https:\\\/\\\/www.teatrulreginamaria.ro\\\/en\\\/cyrano-de-bergerac-decembrie-2023-mircea-morariu-contributors-ro\\\/#webpage\"},\"isPartOf\":{\"@id\":\"https:\\\/\\\/www.teatrulreginamaria.ro\\\/en\\\/cyrano-de-bergerac-decembrie-2023-mircea-morariu-contributors-ro\\\/#webpage\"},\"articleSection\":\"Apari\\u021bii media\"},{\"@type\":\"BreadcrumbList\",\"@id\":\"https:\\\/\\\/www.teatrulreginamaria.ro\\\/en\\\/cyrano-de-bergerac-decembrie-2023-mircea-morariu-contributors-ro\\\/#breadcrumblist\",\"itemListElement\":[{\"@type\":\"ListItem\",\"@id\":\"https:\\\/\\\/www.teatrulreginamaria.ro\\\/en#listItem\",\"position\":1,\"name\":\"Home\",\"item\":\"https:\\\/\\\/www.teatrulreginamaria.ro\\\/en\",\"nextItem\":{\"@type\":\"ListItem\",\"@id\":\"https:\\\/\\\/www.teatrulreginamaria.ro\\\/en\\\/categorie\\\/aparitii-media\\\/#listItem\",\"name\":\"Apari\\u021bii media\"}},{\"@type\":\"ListItem\",\"@id\":\"https:\\\/\\\/www.teatrulreginamaria.ro\\\/en\\\/categorie\\\/aparitii-media\\\/#listItem\",\"position\":2,\"name\":\"Apari\\u021bii media\",\"item\":\"https:\\\/\\\/www.teatrulreginamaria.ro\\\/en\\\/categorie\\\/aparitii-media\\\/\",\"nextItem\":{\"@type\":\"ListItem\",\"@id\":\"https:\\\/\\\/www.teatrulreginamaria.ro\\\/en\\\/cyrano-de-bergerac-decembrie-2023-mircea-morariu-contributors-ro\\\/#listItem\",\"name\":\"CYRANO DE BERGERAC &#8211; Sentimente, atitudini, istorie \\u0219i literatur\\u0103\"},\"previousItem\":{\"@type\":\"ListItem\",\"@id\":\"https:\\\/\\\/www.teatrulreginamaria.ro\\\/en#listItem\",\"name\":\"Home\"}},{\"@type\":\"ListItem\",\"@id\":\"https:\\\/\\\/www.teatrulreginamaria.ro\\\/en\\\/cyrano-de-bergerac-decembrie-2023-mircea-morariu-contributors-ro\\\/#listItem\",\"position\":3,\"name\":\"CYRANO DE BERGERAC &#8211; Sentimente, atitudini, istorie \\u0219i literatur\\u0103\",\"previousItem\":{\"@type\":\"ListItem\",\"@id\":\"https:\\\/\\\/www.teatrulreginamaria.ro\\\/en\\\/categorie\\\/aparitii-media\\\/#listItem\",\"name\":\"Apari\\u021bii media\"}}]},{\"@type\":\"Organization\",\"@id\":\"https:\\\/\\\/www.teatrulreginamaria.ro\\\/en\\\/#organization\",\"name\":\"Teatrul Regina Maria Oradea\",\"description\":\"Trupa Iosif Vulcan \\u0219i Trupa Arcadia\",\"url\":\"https:\\\/\\\/www.teatrulreginamaria.ro\\\/en\\\/\",\"email\":\"marketing@teatrulreginamaria.ro\",\"telephone\":\"+40359411534\",\"numberOfEmployees\":{\"@type\":\"QuantitativeValue\",\"minValue\":0,\"maxValue\":150},\"logo\":{\"@type\":\"ImageObject\",\"url\":\"https:\\\/\\\/www.teatrulreginamaria.ro\\\/wp-content\\\/uploads\\\/2025\\\/06\\\/logo-trm-01-dark.png\",\"@id\":\"https:\\\/\\\/www.teatrulreginamaria.ro\\\/en\\\/cyrano-de-bergerac-decembrie-2023-mircea-morariu-contributors-ro\\\/#organizationLogo\",\"width\":300,\"height\":148},\"image\":{\"@id\":\"https:\\\/\\\/www.teatrulreginamaria.ro\\\/en\\\/cyrano-de-bergerac-decembrie-2023-mircea-morariu-contributors-ro\\\/#organizationLogo\"},\"sameAs\":[\"https:\\\/\\\/www.facebook.com\\\/TRMTrupaIosifVulcan\\\/\",\"https:\\\/\\\/x.com\\\/TRMOradea\",\"https:\\\/\\\/www.instagram.com\\\/teatrul_regina_maria\\\/\",\"https:\\\/\\\/www.youtube.com\\\/c\\\/TeatrulReginaMariaOradea\",\"https:\\\/\\\/www.linkedin.com\\\/company\\\/teatrul-regina-maria\"]},{\"@type\":\"Person\",\"@id\":\"https:\\\/\\\/www.teatrulreginamaria.ro\\\/en\\\/author\\\/w3bmaster\\\/#author\",\"url\":\"https:\\\/\\\/www.teatrulreginamaria.ro\\\/en\\\/author\\\/w3bmaster\\\/\",\"name\":\"Teatrul Regina Maria\",\"image\":{\"@type\":\"ImageObject\",\"@id\":\"https:\\\/\\\/www.teatrulreginamaria.ro\\\/en\\\/cyrano-de-bergerac-decembrie-2023-mircea-morariu-contributors-ro\\\/#authorImage\",\"url\":\"https:\\\/\\\/secure.gravatar.com\\\/avatar\\\/5884139d508ae3f0bafe45e60563b48a9640146d3b08ccc6278c305ff9329305?s=96&d=mm&r=g\",\"width\":96,\"height\":96,\"caption\":\"Teatrul Regina Maria\"}},{\"@type\":\"WebPage\",\"@id\":\"https:\\\/\\\/www.teatrulreginamaria.ro\\\/en\\\/cyrano-de-bergerac-decembrie-2023-mircea-morariu-contributors-ro\\\/#webpage\",\"url\":\"https:\\\/\\\/www.teatrulreginamaria.ro\\\/en\\\/cyrano-de-bergerac-decembrie-2023-mircea-morariu-contributors-ro\\\/\",\"name\":\"CYRANO DE BERGERAC \\u2013 Sentimente, atitudini, istorie \\u0219i literatur\\u0103 - Teatrul Regina Maria Oradea\",\"description\":\"Text preluat de pe contributors.ro \\\/ autor: Mircea Morariu Ani buni la num\\u0103r, cu siguran\\u021b\\u0103 mul\\u021bi peste 30, m-am str\\u0103duit s\\u0103 le explic succesivelor serii de studen\\u021bi c\\u0103 veacul al XVII lea francez nu e nici, (sau nu e numai) Secolul clasic, nici Marele Secol, nici Secolul lui Ludovic al XIV lea. C\\u0103 toate aceste etichete nu\",\"inLanguage\":\"en-GB\",\"isPartOf\":{\"@id\":\"https:\\\/\\\/www.teatrulreginamaria.ro\\\/en\\\/#website\"},\"breadcrumb\":{\"@id\":\"https:\\\/\\\/www.teatrulreginamaria.ro\\\/en\\\/cyrano-de-bergerac-decembrie-2023-mircea-morariu-contributors-ro\\\/#breadcrumblist\"},\"author\":{\"@id\":\"https:\\\/\\\/www.teatrulreginamaria.ro\\\/en\\\/author\\\/w3bmaster\\\/#author\"},\"creator\":{\"@id\":\"https:\\\/\\\/www.teatrulreginamaria.ro\\\/en\\\/author\\\/w3bmaster\\\/#author\"},\"datePublished\":\"2023-12-04T10:32:18+02:00\",\"dateModified\":\"2025-04-22T12:22:58+03:00\"},{\"@type\":\"WebSite\",\"@id\":\"https:\\\/\\\/www.teatrulreginamaria.ro\\\/en\\\/#website\",\"url\":\"https:\\\/\\\/www.teatrulreginamaria.ro\\\/en\\\/\",\"name\":\"Teatrul Regina Maria Oradea\",\"alternateName\":\"TRM Oradea\",\"description\":\"Trupa Iosif Vulcan \\u0219i Trupa Arcadia\",\"inLanguage\":\"en-GB\",\"publisher\":{\"@id\":\"https:\\\/\\\/www.teatrulreginamaria.ro\\\/en\\\/#organization\"}}]}\n\t\t<\/script>\n\t\t<!-- All in One SEO Pro -->\r\n\t\t<title>CYRANO DE BERGERAC \u2013 Sentimente, atitudini, istorie \u0219i literatur\u0103 - Teatrul Regina Maria Oradea<\/title>\n\n","aioseo_head_json":{"title":"CYRANO DE BERGERAC \u2013 Feelings, attitudes, history and literature - Regina Maria Theatre Oradea","description":"Text taken from contributors.ro \/ author: Mircea Morariu For many years, certainly many over 30, I have striven to explain to successive series of students that the French 17th century is neither (or is not only) the Classical Century, nor the Great Century, nor the Century of Louis XIV. That all these labels do not","canonical_url":"https:\/\/www.teatrulreginamaria.ro\/en\/cyrano-de-bergerac-decembrie-2023-mircea-morariu-contributors-ro\/","robots":"max-image-preview:large","keywords":"","webmasterTools":{"miscellaneous":""},"schema":{"@context":"https:\/\/schema.org","@graph":[{"@type":"BlogPosting","@id":"https:\/\/www.teatrulreginamaria.ro\/en\/cyrano-de-bergerac-decembrie-2023-mircea-morariu-contributors-ro\/#blogposting","name":"CYRANO DE BERGERAC \u2013 Sentimente, atitudini, istorie \u0219i literatur\u0103 - Teatrul Regina Maria Oradea","headline":"CYRANO DE BERGERAC &#8211; Sentimente, atitudini, istorie \u0219i literatur\u0103","author":{"@id":"https:\/\/www.teatrulreginamaria.ro\/en\/author\/w3bmaster\/#author"},"publisher":{"@id":"https:\/\/www.teatrulreginamaria.ro\/en\/#organization"},"image":{"@type":"ImageObject","url":"https:\/\/www.teatrulreginamaria.ro\/wp-content\/uploads\/2025\/06\/logo-trm-01-dark.png","@id":"https:\/\/www.teatrulreginamaria.ro\/en\/#articleImage","width":300,"height":148},"datePublished":"2023-12-04T10:32:18+02:00","dateModified":"2025-04-22T12:22:58+03:00","inLanguage":"en-GB","mainEntityOfPage":{"@id":"https:\/\/www.teatrulreginamaria.ro\/en\/cyrano-de-bergerac-decembrie-2023-mircea-morariu-contributors-ro\/#webpage"},"isPartOf":{"@id":"https:\/\/www.teatrulreginamaria.ro\/en\/cyrano-de-bergerac-decembrie-2023-mircea-morariu-contributors-ro\/#webpage"},"articleSection":"Apari\u021bii media"},{"@type":"BreadcrumbList","@id":"https:\/\/www.teatrulreginamaria.ro\/en\/cyrano-de-bergerac-decembrie-2023-mircea-morariu-contributors-ro\/#breadcrumblist","itemListElement":[{"@type":"ListItem","@id":"https:\/\/www.teatrulreginamaria.ro\/en#listItem","position":1,"name":"Home","item":"https:\/\/www.teatrulreginamaria.ro\/en","nextItem":{"@type":"ListItem","@id":"https:\/\/www.teatrulreginamaria.ro\/en\/categorie\/aparitii-media\/#listItem","name":"Apari\u021bii media"}},{"@type":"ListItem","@id":"https:\/\/www.teatrulreginamaria.ro\/en\/categorie\/aparitii-media\/#listItem","position":2,"name":"Apari\u021bii media","item":"https:\/\/www.teatrulreginamaria.ro\/en\/categorie\/aparitii-media\/","nextItem":{"@type":"ListItem","@id":"https:\/\/www.teatrulreginamaria.ro\/en\/cyrano-de-bergerac-decembrie-2023-mircea-morariu-contributors-ro\/#listItem","name":"CYRANO DE BERGERAC &#8211; Sentimente, atitudini, istorie \u0219i literatur\u0103"},"previousItem":{"@type":"ListItem","@id":"https:\/\/www.teatrulreginamaria.ro\/en#listItem","name":"Home"}},{"@type":"ListItem","@id":"https:\/\/www.teatrulreginamaria.ro\/en\/cyrano-de-bergerac-decembrie-2023-mircea-morariu-contributors-ro\/#listItem","position":3,"name":"CYRANO DE BERGERAC &#8211; Sentimente, atitudini, istorie \u0219i literatur\u0103","previousItem":{"@type":"ListItem","@id":"https:\/\/www.teatrulreginamaria.ro\/en\/categorie\/aparitii-media\/#listItem","name":"Apari\u021bii media"}}]},{"@type":"Organization","@id":"https:\/\/www.teatrulreginamaria.ro\/en\/#organization","name":"Teatrul Regina Maria Oradea","description":"Trupa Iosif Vulcan \u0219i Trupa Arcadia","url":"https:\/\/www.teatrulreginamaria.ro\/en\/","email":"marketing@teatrulreginamaria.ro","telephone":"+40359411534","numberOfEmployees":{"@type":"QuantitativeValue","minValue":0,"maxValue":150},"logo":{"@type":"ImageObject","url":"https:\/\/www.teatrulreginamaria.ro\/wp-content\/uploads\/2025\/06\/logo-trm-01-dark.png","@id":"https:\/\/www.teatrulreginamaria.ro\/en\/cyrano-de-bergerac-decembrie-2023-mircea-morariu-contributors-ro\/#organizationLogo","width":300,"height":148},"image":{"@id":"https:\/\/www.teatrulreginamaria.ro\/en\/cyrano-de-bergerac-decembrie-2023-mircea-morariu-contributors-ro\/#organizationLogo"},"sameAs":["https:\/\/www.facebook.com\/TRMTrupaIosifVulcan\/","https:\/\/x.com\/TRMOradea","https:\/\/www.instagram.com\/teatrul_regina_maria\/","https:\/\/www.youtube.com\/c\/TeatrulReginaMariaOradea","https:\/\/www.linkedin.com\/company\/teatrul-regina-maria"]},{"@type":"Person","@id":"https:\/\/www.teatrulreginamaria.ro\/en\/author\/w3bmaster\/#author","url":"https:\/\/www.teatrulreginamaria.ro\/en\/author\/w3bmaster\/","name":"Teatrul Regina Maria","image":{"@type":"ImageObject","@id":"https:\/\/www.teatrulreginamaria.ro\/en\/cyrano-de-bergerac-decembrie-2023-mircea-morariu-contributors-ro\/#authorImage","url":"https:\/\/secure.gravatar.com\/avatar\/5884139d508ae3f0bafe45e60563b48a9640146d3b08ccc6278c305ff9329305?s=96&d=mm&r=g","width":96,"height":96,"caption":"Teatrul Regina Maria"}},{"@type":"WebPage","@id":"https:\/\/www.teatrulreginamaria.ro\/en\/cyrano-de-bergerac-decembrie-2023-mircea-morariu-contributors-ro\/#webpage","url":"https:\/\/www.teatrulreginamaria.ro\/en\/cyrano-de-bergerac-decembrie-2023-mircea-morariu-contributors-ro\/","name":"CYRANO DE BERGERAC \u2013 Sentimente, atitudini, istorie \u0219i literatur\u0103 - Teatrul Regina Maria Oradea","description":"Text preluat de pe contributors.ro \/ autor: Mircea Morariu Ani buni la num\u0103r, cu siguran\u021b\u0103 mul\u021bi peste 30, m-am str\u0103duit s\u0103 le explic succesivelor serii de studen\u021bi c\u0103 veacul al XVII lea francez nu e nici, (sau nu e numai) Secolul clasic, nici Marele Secol, nici Secolul lui Ludovic al XIV lea. C\u0103 toate aceste etichete nu","inLanguage":"en-GB","isPartOf":{"@id":"https:\/\/www.teatrulreginamaria.ro\/en\/#website"},"breadcrumb":{"@id":"https:\/\/www.teatrulreginamaria.ro\/en\/cyrano-de-bergerac-decembrie-2023-mircea-morariu-contributors-ro\/#breadcrumblist"},"author":{"@id":"https:\/\/www.teatrulreginamaria.ro\/en\/author\/w3bmaster\/#author"},"creator":{"@id":"https:\/\/www.teatrulreginamaria.ro\/en\/author\/w3bmaster\/#author"},"datePublished":"2023-12-04T10:32:18+02:00","dateModified":"2025-04-22T12:22:58+03:00"},{"@type":"WebSite","@id":"https:\/\/www.teatrulreginamaria.ro\/en\/#website","url":"https:\/\/www.teatrulreginamaria.ro\/en\/","name":"Teatrul Regina Maria Oradea","alternateName":"TRM Oradea","description":"Trupa Iosif Vulcan \u0219i Trupa Arcadia","inLanguage":"en-GB","publisher":{"@id":"https:\/\/www.teatrulreginamaria.ro\/en\/#organization"}}]},"og:locale":"en_GB","og:site_name":"Teatrul Regina Maria Oradea - Trupa Iosif Vulcan \u0219i Trupa Arcadia","og:type":"article","og:title":"CYRANO DE BERGERAC \u2013 Sentimente, atitudini, istorie \u0219i literatur\u0103 - Teatrul Regina Maria Oradea","og:description":"Text preluat de pe contributors.ro \/ autor: Mircea Morariu Ani buni la num\u0103r, cu siguran\u021b\u0103 mul\u021bi peste 30, m-am str\u0103duit s\u0103 le explic succesivelor serii de studen\u021bi c\u0103 veacul al XVII lea francez nu e nici, (sau nu e numai) Secolul clasic, nici Marele Secol, nici Secolul lui Ludovic al XIV lea. C\u0103 toate aceste etichete nu","og:url":"https:\/\/www.teatrulreginamaria.ro\/en\/cyrano-de-bergerac-decembrie-2023-mircea-morariu-contributors-ro\/","og:image":"https:\/\/www.teatrulreginamaria.ro\/wp-content\/uploads\/2025\/03\/trm-istoric-01.jpg","og:image:secure_url":"https:\/\/www.teatrulreginamaria.ro\/wp-content\/uploads\/2025\/03\/trm-istoric-01.jpg","og:image:width":1200,"og:image:height":800,"article:published_time":"2023-12-04T10:32:18+00:00","article:modified_time":"2025-04-22T09:22:58+00:00","article:publisher":"https:\/\/www.facebook.com\/TRMTrupaIosifVulcan\/","twitter:card":"summary_large_image","twitter:site":"@TRMOradea","twitter:title":"CYRANO DE BERGERAC \u2013 Sentimente, atitudini, istorie \u0219i literatur\u0103 - Teatrul Regina Maria Oradea","twitter:description":"Text preluat de pe contributors.ro \/ autor: Mircea Morariu Ani buni la num\u0103r, cu siguran\u021b\u0103 mul\u021bi peste 30, m-am str\u0103duit s\u0103 le explic succesivelor serii de studen\u021bi c\u0103 veacul al XVII lea francez nu e nici, (sau nu e numai) Secolul clasic, nici Marele Secol, nici Secolul lui Ludovic al XIV lea. C\u0103 toate aceste etichete nu","twitter:creator":"@TRMOradea","twitter:image":"https:\/\/www.teatrulreginamaria.ro\/wp-content\/uploads\/2025\/03\/trm-istoric-01.jpg"},"aioseo_meta_data":{"post_id":"5475","title":null,"description":null,"keywords":null,"keyphrases":{"focus":{"keyphrase":"","score":0,"analysis":{"keyphraseInTitle":{"score":0,"maxScore":9,"error":1}}},"additional":[]},"primary_term":null,"canonical_url":null,"og_title":null,"og_description":null,"og_object_type":"default","og_image_type":"default","og_image_url":null,"og_image_width":null,"og_image_height":null,"og_image_custom_url":null,"og_image_custom_fields":null,"og_video":"","og_custom_url":null,"og_article_section":null,"og_article_tags":null,"twitter_use_og":false,"twitter_card":"default","twitter_image_type":"default","twitter_image_url":null,"twitter_image_custom_url":null,"twitter_image_custom_fields":null,"twitter_title":null,"twitter_description":null,"schema":{"blockGraphs":[],"customGraphs":[],"default":{"data":{"Article":[],"Course":[],"Dataset":[],"FAQPage":[],"Movie":[],"Person":[],"Product":[],"ProductReview":[],"Car":[],"Recipe":[],"Service":[],"SoftwareApplication":[],"WebPage":[]},"graphName":"BlogPosting","isEnabled":true},"graphs":[]},"schema_type":"default","schema_type_options":null,"pillar_content":false,"robots_default":true,"robots_noindex":false,"robots_noarchive":false,"robots_nosnippet":false,"robots_nofollow":false,"robots_noimageindex":false,"robots_noodp":false,"robots_notranslate":false,"robots_max_snippet":"-1","robots_max_videopreview":"-1","robots_max_imagepreview":"large","priority":null,"frequency":"default","local_seo":null,"seo_analyzer_scan_date":"2026-05-13 03:20:43","breadcrumb_settings":null,"limit_modified_date":false,"reviewed_by":null,"open_ai":"{\"title\":{\"suggestions\":[],\"usage\":0},\"description\":{\"suggestions\":[],\"usage\":0}}","ai":null,"created":"2025-04-09 17:42:45","updated":"2026-05-13 03:20:43","focus_keyword":null,"additional_keywords":null,"truseo_locale":null},"aioseo_breadcrumb":"<div class=\"aioseo-breadcrumbs\"><span class=\"aioseo-breadcrumb\">\n\t<a href=\"https:\/\/www.teatrulreginamaria.ro\/en\" title=\"Home\">Home<\/a>\n<\/span><span class=\"aioseo-breadcrumb-separator\">&raquo;<\/span><span class=\"aioseo-breadcrumb\">\n\t<a href=\"https:\/\/www.teatrulreginamaria.ro\/en\/categorie\/aparitii-media\/\" title=\"Apari\u021bii media\">Apari\u021bii media<\/a>\n<\/span><span class=\"aioseo-breadcrumb-separator\">&raquo;<\/span><span class=\"aioseo-breadcrumb\">\n\tCYRANO DE BERGERAC \u2013 Sentimente, atitudini, istorie \u0219i literatur\u0103\n<\/span><\/div>","aioseo_breadcrumb_json":[{"label":"Home","link":"https:\/\/www.teatrulreginamaria.ro\/en"},{"label":"Apari\u021bii media","link":"https:\/\/www.teatrulreginamaria.ro\/en\/categorie\/aparitii-media\/"},{"label":"CYRANO DE BERGERAC &#8211; Sentimente, atitudini, istorie \u0219i literatur\u0103","link":"https:\/\/www.teatrulreginamaria.ro\/en\/cyrano-de-bergerac-decembrie-2023-mircea-morariu-contributors-ro\/"}],"acf":[],"_links":{"self":[{"href":"https:\/\/www.teatrulreginamaria.ro\/en\/wp-json\/wp\/v2\/posts\/5475","targetHints":{"allow":["GET"]}}],"collection":[{"href":"https:\/\/www.teatrulreginamaria.ro\/en\/wp-json\/wp\/v2\/posts"}],"about":[{"href":"https:\/\/www.teatrulreginamaria.ro\/en\/wp-json\/wp\/v2\/types\/post"}],"author":[{"embeddable":true,"href":"https:\/\/www.teatrulreginamaria.ro\/en\/wp-json\/wp\/v2\/users\/6"}],"replies":[{"embeddable":true,"href":"https:\/\/www.teatrulreginamaria.ro\/en\/wp-json\/wp\/v2\/comments?post=5475"}],"version-history":[{"count":2,"href":"https:\/\/www.teatrulreginamaria.ro\/en\/wp-json\/wp\/v2\/posts\/5475\/revisions"}],"predecessor-version":[{"id":13189,"href":"https:\/\/www.teatrulreginamaria.ro\/en\/wp-json\/wp\/v2\/posts\/5475\/revisions\/13189"}],"wp:attachment":[{"href":"https:\/\/www.teatrulreginamaria.ro\/en\/wp-json\/wp\/v2\/media?parent=5475"}],"wp:term":[{"taxonomy":"category","embeddable":true,"href":"https:\/\/www.teatrulreginamaria.ro\/en\/wp-json\/wp\/v2\/categories?post=5475"},{"taxonomy":"post_tag","embeddable":true,"href":"https:\/\/www.teatrulreginamaria.ro\/en\/wp-json\/wp\/v2\/tags?post=5475"}],"curies":[{"name":"wp","href":"https:\/\/api.w.org\/{rel}","templated":true}]}}