{"id":5621,"date":"2024-10-18T08:39:05","date_gmt":"2024-10-18T08:39:05","guid":{"rendered":"https:\/\/teatrulreginamaria.ro\/2024\/10\/18\/comunicat-de-presa-prima-premiera-a-noii-stagiuni-la-trupa-arcadia-o-raza-de-soare-in-regia-lui-toma-hogea\/"},"modified":"2024-10-18T08:39:05","modified_gmt":"2024-10-18T08:39:05","slug":"press-release-first-premiere-of-the-new-season-at-the-arcadia-troupe-a-ray-of-sunshine-directed-by-toma-hogea","status":"publish","type":"post","link":"https:\/\/www.teatrulreginamaria.ro\/en\/comunicat-de-presa-prima-premiera-a-noii-stagiuni-la-trupa-arcadia-o-raza-de-soare-in-regia-lui-toma-hogea\/","title":{"rendered":"PRESS RELEASE | First premiere of the new season at Arcadia Troupe: &quot;A Ray of Sun&quot;, directed by Toma Hogea"},"content":{"rendered":"<p><strong>The Arcadia troupe of the Regina Maria Theatre announces a story season, in which they will stage shows by some of the most appreciated animation theatre directors in the country of the moment. The first premiere brings back to the stage a sensitive, playful story, which has the gift of returning us to cardinal human values: &quot;A ray of sunshine&quot; by Al.T. Popescu, directed by Toma Hogea.<\/strong><\/p>\n<p><!--more--><\/p>\n<p>Toma Hogea is a complex creator: a puppeteer gifted with the joy of creating, who has performed hundreds of roles in numerous shows from different registers over time, an artistic director with a repertoire of high-quality shows that he has staged all over the country, author of essential volumes on the art of puppetry and professor at the University of Arts in Ia\u0219i, a personality of the animation theater, rewarded over time with numerous national and international awards for his artistic activity. He stages for the first time at the Arcadia Troupe, but he is no stranger to the Oradea puppet theater, to which he was indirectly linked through the artist Maria Mierlu\u021b.<\/p>\n<p>The text &quot;A Ray of Sun&quot; fascinated him from the moment he discovered it and, 27 years after he staged it at the &quot;Luceaf\u0103rul&quot; Theater in Ia\u0219i, where it had a long life, he finds it to be just as current and perhaps even more relevant, because it explores fundamental human values that risk being diluted, but through the beauty and playfulness of theater, they can be passed on to children and reminded to adults.<\/p>\n<p><em>\u201e&quot;A ray of sunshine&quot;, text written by Al.T. Popescu, is a story that is addressed, predominantly, to children (preschoolers and young schoolchildren). It is a story full of candor, lyricism, emotion, sometimes even suspense, having as its fundamental theme the theme of FRIENDSHIP! The dramatization and lyrics, the set design (Oana Cernea), the original music (C\u00e1ri Tibor) bring to the fore a puppet show, which involves different types of handling (bibabo, bunraku, marionette), in a play space that is unique to animation theater, but specific to drama theater. This happy association between the play space, the delicacy and fragility of the characters\/puppets, gives originality and emotion... so necessary to the show for children. The theme of FRIENDSHIP is seconded, in our case, by the theme of SACRIFICE (for fellow human beings, even more so for a friend) in a natural way, with sensitivity, candor, playfulness, humor and the joy of the game, everything being well supported by the ACTORS dedicated to the stage, the character, the audience, <\/em>Toma Hogea confesses.<\/p>\n<p>The creative team also includes C\u00e1ri Tibor, a UNITER award-winning composer, who signs the show&#039;s original music and with whom director Toma Hogea has a long and beautiful collaboration.<\/p>\n<p><em>C\u00e1ri Tibor is the composer who understands me and responds to me completely.<\/em> <em>He has my feeling, my structure, understanding all my thoughts and stage aspirations. I have worked with him in all the productions in the country and he brilliantly copes with any text \u2013 whether dramatic or for children,<\/em> adds director Toma Hogea.<\/p>\n<p>Scenography, <em>vital element in a children&#039;s show and in theaters intended for them<\/em>, is signed by Oana Cernea, whom the Ia\u0219i director says is a set designer with great potential, with whom he would like to meet again.<\/p>\n<p>The cast of the show consists of the actors: Florian Silaghi (the mouse Muf), Consuela Egyed (the ballerina Pitt) and Igor Lungu (the Cat).<\/p>\n<p>The show will premiere on October 19, at 11:00, at the Arcadia Hall, and the next performance is scheduled for October 26. All tickets for both performances scheduled for the general public in October are already sold out. The show will also be performed during the &quot;School Differently&quot; Week organized especially for kindergartens and schools.<\/p>\n<p>We look forward to seeing you at the theater!<\/p>","protected":false},"excerpt":{"rendered":"<p>Trupa Arcadia a Teatrului Regina Maria anun\u021b\u0103 o stagiune de poveste, \u00een care vor pune \u00een scen\u0103 spectacole unii dintre cei mai aprecia\u021bi regizori de teatru de anima\u021bie din \u021bar\u0103 ai momentului. Prima premier\u0103 readuce pe scen\u0103 o poveste sensibil\u0103, juc\u0103u\u0219\u0103, care are darul de a ne re\u00eentoarce spre valori umane cardinale: \u201eO raz\u0103 de [&hellip;]<\/p>\n","protected":false},"author":6,"featured_media":5609,"comment_status":"open","ping_status":"open","sticky":false,"template":"","format":"standard","meta":{"_acf_changed":false,"footnotes":""},"categories":[41],"tags":[],"class_list":["post-5621","post","type-post","status-publish","format-standard","has-post-thumbnail","hentry","category-noutati"],"aioseo_notices":[],"aioseo_head":"\n\t\t<!-- All in One SEO Pro 5.0.1.1 - aioseo.com -->\n\t<meta name=\"description\" content=\"Trupa Arcadia a Teatrului Regina Maria anun\u021b\u0103 o stagiune de poveste, \u00een care vor pune \u00een scen\u0103 spectacole unii dintre cei mai aprecia\u021bi regizori de teatru de anima\u021bie din \u021bar\u0103 ai momentului. Prima premier\u0103 readuce pe scen\u0103 o poveste sensibil\u0103, juc\u0103u\u0219\u0103, care are darul de a ne re\u00eentoarce spre valori umane cardinale: \u201eO raz\u0103 de\" \/>\n\t<meta name=\"robots\" content=\"max-image-preview:large\" \/>\n\t<meta name=\"author\" content=\"Teatrul Regina Maria\"\/>\n\t<link rel=\"canonical\" href=\"https:\/\/www.teatrulreginamaria.ro\/en\/comunicat-de-presa-prima-premiera-a-noii-stagiuni-la-trupa-arcadia-o-raza-de-soare-in-regia-lui-toma-hogea\/\" \/>\n\t<meta name=\"generator\" content=\"All in One SEO Pro (AIOSEO) 5.0.1.1\" \/>\n\t\t<meta property=\"og:locale\" content=\"en_GB\" \/>\n\t\t<meta property=\"og:site_name\" content=\"Teatrul Regina Maria Oradea - Trupa Iosif Vulcan \u0219i Trupa Arcadia\" \/>\n\t\t<meta property=\"og:type\" content=\"article\" \/>\n\t\t<meta property=\"og:title\" content=\"COMUNICAT DE PRES\u0102 | Prima premier\u0103 a noii stagiuni la Trupa Arcadia: \u201eO raz\u0103 de soare\u201d, \u00een regia lui Toma Hogea - Teatrul Regina Maria Oradea\" \/>\n\t\t<meta property=\"og:description\" content=\"Trupa Arcadia a Teatrului Regina Maria anun\u021b\u0103 o stagiune de poveste, \u00een care vor pune \u00een scen\u0103 spectacole unii dintre cei mai aprecia\u021bi regizori de teatru de anima\u021bie din \u021bar\u0103 ai momentului. Prima premier\u0103 readuce pe scen\u0103 o poveste sensibil\u0103, juc\u0103u\u0219\u0103, care are darul de a ne re\u00eentoarce spre valori umane cardinale: \u201eO raz\u0103 de\" \/>\n\t\t<meta property=\"og:url\" content=\"https:\/\/www.teatrulreginamaria.ro\/en\/comunicat-de-presa-prima-premiera-a-noii-stagiuni-la-trupa-arcadia-o-raza-de-soare-in-regia-lui-toma-hogea\/\" \/>\n\t\t<meta property=\"og:image\" content=\"https:\/\/www.teatrulreginamaria.ro\/wp-content\/uploads\/2025\/03\/trm-istoric-01.jpg\" \/>\n\t\t<meta property=\"og:image:secure_url\" content=\"https:\/\/www.teatrulreginamaria.ro\/wp-content\/uploads\/2025\/03\/trm-istoric-01.jpg\" \/>\n\t\t<meta property=\"og:image:width\" content=\"1200\" \/>\n\t\t<meta property=\"og:image:height\" content=\"800\" \/>\n\t\t<meta property=\"article:published_time\" content=\"2024-10-18T08:39:05+00:00\" \/>\n\t\t<meta property=\"article:modified_time\" content=\"2024-10-18T08:39:05+00:00\" \/>\n\t\t<meta property=\"article:publisher\" content=\"https:\/\/www.facebook.com\/TRMTrupaIosifVulcan\/\" \/>\n\t\t<meta name=\"twitter:card\" content=\"summary_large_image\" \/>\n\t\t<meta name=\"twitter:site\" content=\"@TRMOradea\" \/>\n\t\t<meta name=\"twitter:title\" content=\"COMUNICAT DE PRES\u0102 | Prima premier\u0103 a noii stagiuni la Trupa Arcadia: \u201eO raz\u0103 de soare\u201d, \u00een regia lui Toma Hogea - Teatrul Regina Maria Oradea\" \/>\n\t\t<meta name=\"twitter:description\" content=\"Trupa Arcadia a Teatrului Regina Maria anun\u021b\u0103 o stagiune de poveste, \u00een care vor pune \u00een scen\u0103 spectacole unii dintre cei mai aprecia\u021bi regizori de teatru de anima\u021bie din \u021bar\u0103 ai momentului. Prima premier\u0103 readuce pe scen\u0103 o poveste sensibil\u0103, juc\u0103u\u0219\u0103, care are darul de a ne re\u00eentoarce spre valori umane cardinale: \u201eO raz\u0103 de\" \/>\n\t\t<meta name=\"twitter:creator\" content=\"@TRMOradea\" \/>\n\t\t<meta name=\"twitter:image\" content=\"https:\/\/www.teatrulreginamaria.ro\/wp-content\/uploads\/2025\/03\/trm-istoric-01.jpg\" \/>\n\t\t<script type=\"application\/ld+json\" class=\"aioseo-schema\">\n\t\t\t{\"@context\":\"https:\\\/\\\/schema.org\",\"@graph\":[{\"@type\":\"BlogPosting\",\"@id\":\"https:\\\/\\\/www.teatrulreginamaria.ro\\\/en\\\/comunicat-de-presa-prima-premiera-a-noii-stagiuni-la-trupa-arcadia-o-raza-de-soare-in-regia-lui-toma-hogea\\\/#blogposting\",\"name\":\"COMUNICAT DE PRES\\u0102 | Prima premier\\u0103 a noii stagiuni la Trupa Arcadia: \\u201eO raz\\u0103 de soare\\u201d, \\u00een regia lui Toma Hogea - Teatrul Regina Maria Oradea\",\"headline\":\"COMUNICAT DE PRES\\u0102 | Prima premier\\u0103 a noii stagiuni la Trupa Arcadia: \\u201eO raz\\u0103 de soare\\u201d, \\u00een regia lui Toma Hogea\",\"author\":{\"@id\":\"https:\\\/\\\/www.teatrulreginamaria.ro\\\/en\\\/author\\\/w3bmaster\\\/#author\"},\"publisher\":{\"@id\":\"https:\\\/\\\/www.teatrulreginamaria.ro\\\/en\\\/#organization\"},\"image\":{\"@type\":\"ImageObject\",\"url\":\"https:\\\/\\\/www.teatrulreginamaria.ro\\\/wp-content\\\/uploads\\\/2024\\\/10\\\/AFIS_O_RAZA_DE_SOARE_2024_5_MIC-scaled.jpg\",\"width\":1792,\"height\":2560},\"datePublished\":\"2024-10-18T08:39:05+03:00\",\"dateModified\":\"2024-10-18T08:39:05+03:00\",\"inLanguage\":\"en-GB\",\"mainEntityOfPage\":{\"@id\":\"https:\\\/\\\/www.teatrulreginamaria.ro\\\/en\\\/comunicat-de-presa-prima-premiera-a-noii-stagiuni-la-trupa-arcadia-o-raza-de-soare-in-regia-lui-toma-hogea\\\/#webpage\"},\"isPartOf\":{\"@id\":\"https:\\\/\\\/www.teatrulreginamaria.ro\\\/en\\\/comunicat-de-presa-prima-premiera-a-noii-stagiuni-la-trupa-arcadia-o-raza-de-soare-in-regia-lui-toma-hogea\\\/#webpage\"},\"articleSection\":\"Nout\\u0103\\u021bi\"},{\"@type\":\"BreadcrumbList\",\"@id\":\"https:\\\/\\\/www.teatrulreginamaria.ro\\\/en\\\/comunicat-de-presa-prima-premiera-a-noii-stagiuni-la-trupa-arcadia-o-raza-de-soare-in-regia-lui-toma-hogea\\\/#breadcrumblist\",\"itemListElement\":[{\"@type\":\"ListItem\",\"@id\":\"https:\\\/\\\/www.teatrulreginamaria.ro\\\/en#listItem\",\"position\":1,\"name\":\"Home\",\"item\":\"https:\\\/\\\/www.teatrulreginamaria.ro\\\/en\",\"nextItem\":{\"@type\":\"ListItem\",\"@id\":\"https:\\\/\\\/www.teatrulreginamaria.ro\\\/en\\\/categorie\\\/noutati\\\/#listItem\",\"name\":\"Nout\\u0103\\u021bi\"}},{\"@type\":\"ListItem\",\"@id\":\"https:\\\/\\\/www.teatrulreginamaria.ro\\\/en\\\/categorie\\\/noutati\\\/#listItem\",\"position\":2,\"name\":\"Nout\\u0103\\u021bi\",\"item\":\"https:\\\/\\\/www.teatrulreginamaria.ro\\\/en\\\/categorie\\\/noutati\\\/\",\"nextItem\":{\"@type\":\"ListItem\",\"@id\":\"https:\\\/\\\/www.teatrulreginamaria.ro\\\/en\\\/comunicat-de-presa-prima-premiera-a-noii-stagiuni-la-trupa-arcadia-o-raza-de-soare-in-regia-lui-toma-hogea\\\/#listItem\",\"name\":\"COMUNICAT DE PRES\\u0102 | Prima premier\\u0103 a noii stagiuni la Trupa Arcadia: \\u201eO raz\\u0103 de soare\\u201d, \\u00een regia lui Toma Hogea\"},\"previousItem\":{\"@type\":\"ListItem\",\"@id\":\"https:\\\/\\\/www.teatrulreginamaria.ro\\\/en#listItem\",\"name\":\"Home\"}},{\"@type\":\"ListItem\",\"@id\":\"https:\\\/\\\/www.teatrulreginamaria.ro\\\/en\\\/comunicat-de-presa-prima-premiera-a-noii-stagiuni-la-trupa-arcadia-o-raza-de-soare-in-regia-lui-toma-hogea\\\/#listItem\",\"position\":3,\"name\":\"COMUNICAT DE PRES\\u0102 | Prima premier\\u0103 a noii stagiuni la Trupa Arcadia: \\u201eO raz\\u0103 de soare\\u201d, \\u00een regia lui Toma Hogea\",\"previousItem\":{\"@type\":\"ListItem\",\"@id\":\"https:\\\/\\\/www.teatrulreginamaria.ro\\\/en\\\/categorie\\\/noutati\\\/#listItem\",\"name\":\"Nout\\u0103\\u021bi\"}}]},{\"@type\":\"Organization\",\"@id\":\"https:\\\/\\\/www.teatrulreginamaria.ro\\\/en\\\/#organization\",\"name\":\"Teatrul Regina Maria Oradea\",\"description\":\"Trupa Iosif Vulcan \\u0219i Trupa Arcadia\",\"url\":\"https:\\\/\\\/www.teatrulreginamaria.ro\\\/en\\\/\",\"email\":\"marketing@teatrulreginamaria.ro\",\"telephone\":\"+40359411534\",\"numberOfEmployees\":{\"@type\":\"QuantitativeValue\",\"minValue\":0,\"maxValue\":150},\"logo\":{\"@type\":\"ImageObject\",\"url\":\"https:\\\/\\\/www.teatrulreginamaria.ro\\\/wp-content\\\/uploads\\\/2025\\\/06\\\/logo-trm-01-dark.png\",\"@id\":\"https:\\\/\\\/www.teatrulreginamaria.ro\\\/en\\\/comunicat-de-presa-prima-premiera-a-noii-stagiuni-la-trupa-arcadia-o-raza-de-soare-in-regia-lui-toma-hogea\\\/#organizationLogo\",\"width\":300,\"height\":148},\"image\":{\"@id\":\"https:\\\/\\\/www.teatrulreginamaria.ro\\\/en\\\/comunicat-de-presa-prima-premiera-a-noii-stagiuni-la-trupa-arcadia-o-raza-de-soare-in-regia-lui-toma-hogea\\\/#organizationLogo\"},\"sameAs\":[\"https:\\\/\\\/www.facebook.com\\\/TRMTrupaIosifVulcan\\\/\",\"https:\\\/\\\/x.com\\\/TRMOradea\",\"https:\\\/\\\/www.instagram.com\\\/teatrul_regina_maria\\\/\",\"https:\\\/\\\/www.youtube.com\\\/c\\\/TeatrulReginaMariaOradea\",\"https:\\\/\\\/www.linkedin.com\\\/company\\\/teatrul-regina-maria\"]},{\"@type\":\"Person\",\"@id\":\"https:\\\/\\\/www.teatrulreginamaria.ro\\\/en\\\/author\\\/w3bmaster\\\/#author\",\"url\":\"https:\\\/\\\/www.teatrulreginamaria.ro\\\/en\\\/author\\\/w3bmaster\\\/\",\"name\":\"Teatrul Regina Maria\",\"image\":{\"@type\":\"ImageObject\",\"@id\":\"https:\\\/\\\/www.teatrulreginamaria.ro\\\/en\\\/comunicat-de-presa-prima-premiera-a-noii-stagiuni-la-trupa-arcadia-o-raza-de-soare-in-regia-lui-toma-hogea\\\/#authorImage\",\"url\":\"https:\\\/\\\/secure.gravatar.com\\\/avatar\\\/5884139d508ae3f0bafe45e60563b48a9640146d3b08ccc6278c305ff9329305?s=96&d=mm&r=g\",\"width\":96,\"height\":96,\"caption\":\"Teatrul Regina Maria\"}},{\"@type\":\"WebPage\",\"@id\":\"https:\\\/\\\/www.teatrulreginamaria.ro\\\/en\\\/comunicat-de-presa-prima-premiera-a-noii-stagiuni-la-trupa-arcadia-o-raza-de-soare-in-regia-lui-toma-hogea\\\/#webpage\",\"url\":\"https:\\\/\\\/www.teatrulreginamaria.ro\\\/en\\\/comunicat-de-presa-prima-premiera-a-noii-stagiuni-la-trupa-arcadia-o-raza-de-soare-in-regia-lui-toma-hogea\\\/\",\"name\":\"COMUNICAT DE PRES\\u0102 | Prima premier\\u0103 a noii stagiuni la Trupa Arcadia: \\u201eO raz\\u0103 de soare\\u201d, \\u00een regia lui Toma Hogea - Teatrul Regina Maria Oradea\",\"description\":\"Trupa Arcadia a Teatrului Regina Maria anun\\u021b\\u0103 o stagiune de poveste, \\u00een care vor pune \\u00een scen\\u0103 spectacole unii dintre cei mai aprecia\\u021bi regizori de teatru de anima\\u021bie din \\u021bar\\u0103 ai momentului. Prima premier\\u0103 readuce pe scen\\u0103 o poveste sensibil\\u0103, juc\\u0103u\\u0219\\u0103, care are darul de a ne re\\u00eentoarce spre valori umane cardinale: \\u201eO raz\\u0103 de\",\"inLanguage\":\"en-GB\",\"isPartOf\":{\"@id\":\"https:\\\/\\\/www.teatrulreginamaria.ro\\\/en\\\/#website\"},\"breadcrumb\":{\"@id\":\"https:\\\/\\\/www.teatrulreginamaria.ro\\\/en\\\/comunicat-de-presa-prima-premiera-a-noii-stagiuni-la-trupa-arcadia-o-raza-de-soare-in-regia-lui-toma-hogea\\\/#breadcrumblist\"},\"author\":{\"@id\":\"https:\\\/\\\/www.teatrulreginamaria.ro\\\/en\\\/author\\\/w3bmaster\\\/#author\"},\"creator\":{\"@id\":\"https:\\\/\\\/www.teatrulreginamaria.ro\\\/en\\\/author\\\/w3bmaster\\\/#author\"},\"image\":{\"@type\":\"ImageObject\",\"url\":\"https:\\\/\\\/www.teatrulreginamaria.ro\\\/wp-content\\\/uploads\\\/2024\\\/10\\\/AFIS_O_RAZA_DE_SOARE_2024_5_MIC-scaled.jpg\",\"@id\":\"https:\\\/\\\/www.teatrulreginamaria.ro\\\/en\\\/comunicat-de-presa-prima-premiera-a-noii-stagiuni-la-trupa-arcadia-o-raza-de-soare-in-regia-lui-toma-hogea\\\/#mainImage\",\"width\":1792,\"height\":2560},\"primaryImageOfPage\":{\"@id\":\"https:\\\/\\\/www.teatrulreginamaria.ro\\\/en\\\/comunicat-de-presa-prima-premiera-a-noii-stagiuni-la-trupa-arcadia-o-raza-de-soare-in-regia-lui-toma-hogea\\\/#mainImage\"},\"datePublished\":\"2024-10-18T08:39:05+03:00\",\"dateModified\":\"2024-10-18T08:39:05+03:00\"},{\"@type\":\"WebSite\",\"@id\":\"https:\\\/\\\/www.teatrulreginamaria.ro\\\/en\\\/#website\",\"url\":\"https:\\\/\\\/www.teatrulreginamaria.ro\\\/en\\\/\",\"name\":\"Teatrul Regina Maria Oradea\",\"alternateName\":\"TRM Oradea\",\"description\":\"Trupa Iosif Vulcan \\u0219i Trupa Arcadia\",\"inLanguage\":\"en-GB\",\"publisher\":{\"@id\":\"https:\\\/\\\/www.teatrulreginamaria.ro\\\/en\\\/#organization\"}}]}\n\t\t<\/script>\n\t\t<!-- All in One SEO Pro -->\r\n\t\t<title>COMUNICAT DE PRES\u0102 | Prima premier\u0103 a noii stagiuni la Trupa Arcadia: \u201eO raz\u0103 de soare\u201d, \u00een regia lui Toma Hogea - Teatrul Regina Maria Oradea<\/title>\n\n","aioseo_head_json":{"title":"PRESS RELEASE | First premiere of the new season at the Arcadia Troupe: &quot;A Ray of Sun&quot;, directed by Toma Hogea - Regina Maria Theatre Oradea","description":"The Arcadia troupe of the Regina Maria Theatre announces a season of storytelling, in which some of the most acclaimed animation theatre directors in the country of the moment will stage performances. The first premiere brings back to the stage a sensitive, playful story, which has the gift of returning us to cardinal human values: &quot;A ray of","canonical_url":"https:\/\/www.teatrulreginamaria.ro\/en\/comunicat-de-presa-prima-premiera-a-noii-stagiuni-la-trupa-arcadia-o-raza-de-soare-in-regia-lui-toma-hogea\/","robots":"max-image-preview:large","keywords":"","webmasterTools":{"miscellaneous":""},"schema":{"@context":"https:\/\/schema.org","@graph":[{"@type":"BlogPosting","@id":"https:\/\/www.teatrulreginamaria.ro\/en\/comunicat-de-presa-prima-premiera-a-noii-stagiuni-la-trupa-arcadia-o-raza-de-soare-in-regia-lui-toma-hogea\/#blogposting","name":"COMUNICAT DE PRES\u0102 | Prima premier\u0103 a noii stagiuni la Trupa Arcadia: \u201eO raz\u0103 de soare\u201d, \u00een regia lui Toma Hogea - Teatrul Regina Maria Oradea","headline":"COMUNICAT DE PRES\u0102 | Prima premier\u0103 a noii stagiuni la Trupa Arcadia: \u201eO raz\u0103 de soare\u201d, \u00een regia lui Toma Hogea","author":{"@id":"https:\/\/www.teatrulreginamaria.ro\/en\/author\/w3bmaster\/#author"},"publisher":{"@id":"https:\/\/www.teatrulreginamaria.ro\/en\/#organization"},"image":{"@type":"ImageObject","url":"https:\/\/www.teatrulreginamaria.ro\/wp-content\/uploads\/2024\/10\/AFIS_O_RAZA_DE_SOARE_2024_5_MIC-scaled.jpg","width":1792,"height":2560},"datePublished":"2024-10-18T08:39:05+03:00","dateModified":"2024-10-18T08:39:05+03:00","inLanguage":"en-GB","mainEntityOfPage":{"@id":"https:\/\/www.teatrulreginamaria.ro\/en\/comunicat-de-presa-prima-premiera-a-noii-stagiuni-la-trupa-arcadia-o-raza-de-soare-in-regia-lui-toma-hogea\/#webpage"},"isPartOf":{"@id":"https:\/\/www.teatrulreginamaria.ro\/en\/comunicat-de-presa-prima-premiera-a-noii-stagiuni-la-trupa-arcadia-o-raza-de-soare-in-regia-lui-toma-hogea\/#webpage"},"articleSection":"Nout\u0103\u021bi"},{"@type":"BreadcrumbList","@id":"https:\/\/www.teatrulreginamaria.ro\/en\/comunicat-de-presa-prima-premiera-a-noii-stagiuni-la-trupa-arcadia-o-raza-de-soare-in-regia-lui-toma-hogea\/#breadcrumblist","itemListElement":[{"@type":"ListItem","@id":"https:\/\/www.teatrulreginamaria.ro\/en#listItem","position":1,"name":"Home","item":"https:\/\/www.teatrulreginamaria.ro\/en","nextItem":{"@type":"ListItem","@id":"https:\/\/www.teatrulreginamaria.ro\/en\/categorie\/noutati\/#listItem","name":"Nout\u0103\u021bi"}},{"@type":"ListItem","@id":"https:\/\/www.teatrulreginamaria.ro\/en\/categorie\/noutati\/#listItem","position":2,"name":"Nout\u0103\u021bi","item":"https:\/\/www.teatrulreginamaria.ro\/en\/categorie\/noutati\/","nextItem":{"@type":"ListItem","@id":"https:\/\/www.teatrulreginamaria.ro\/en\/comunicat-de-presa-prima-premiera-a-noii-stagiuni-la-trupa-arcadia-o-raza-de-soare-in-regia-lui-toma-hogea\/#listItem","name":"COMUNICAT DE PRES\u0102 | Prima premier\u0103 a noii stagiuni la Trupa Arcadia: \u201eO raz\u0103 de soare\u201d, \u00een regia lui Toma Hogea"},"previousItem":{"@type":"ListItem","@id":"https:\/\/www.teatrulreginamaria.ro\/en#listItem","name":"Home"}},{"@type":"ListItem","@id":"https:\/\/www.teatrulreginamaria.ro\/en\/comunicat-de-presa-prima-premiera-a-noii-stagiuni-la-trupa-arcadia-o-raza-de-soare-in-regia-lui-toma-hogea\/#listItem","position":3,"name":"COMUNICAT DE PRES\u0102 | Prima premier\u0103 a noii stagiuni la Trupa Arcadia: \u201eO raz\u0103 de soare\u201d, \u00een regia lui Toma Hogea","previousItem":{"@type":"ListItem","@id":"https:\/\/www.teatrulreginamaria.ro\/en\/categorie\/noutati\/#listItem","name":"Nout\u0103\u021bi"}}]},{"@type":"Organization","@id":"https:\/\/www.teatrulreginamaria.ro\/en\/#organization","name":"Teatrul Regina Maria Oradea","description":"Trupa Iosif Vulcan \u0219i Trupa Arcadia","url":"https:\/\/www.teatrulreginamaria.ro\/en\/","email":"marketing@teatrulreginamaria.ro","telephone":"+40359411534","numberOfEmployees":{"@type":"QuantitativeValue","minValue":0,"maxValue":150},"logo":{"@type":"ImageObject","url":"https:\/\/www.teatrulreginamaria.ro\/wp-content\/uploads\/2025\/06\/logo-trm-01-dark.png","@id":"https:\/\/www.teatrulreginamaria.ro\/en\/comunicat-de-presa-prima-premiera-a-noii-stagiuni-la-trupa-arcadia-o-raza-de-soare-in-regia-lui-toma-hogea\/#organizationLogo","width":300,"height":148},"image":{"@id":"https:\/\/www.teatrulreginamaria.ro\/en\/comunicat-de-presa-prima-premiera-a-noii-stagiuni-la-trupa-arcadia-o-raza-de-soare-in-regia-lui-toma-hogea\/#organizationLogo"},"sameAs":["https:\/\/www.facebook.com\/TRMTrupaIosifVulcan\/","https:\/\/x.com\/TRMOradea","https:\/\/www.instagram.com\/teatrul_regina_maria\/","https:\/\/www.youtube.com\/c\/TeatrulReginaMariaOradea","https:\/\/www.linkedin.com\/company\/teatrul-regina-maria"]},{"@type":"Person","@id":"https:\/\/www.teatrulreginamaria.ro\/en\/author\/w3bmaster\/#author","url":"https:\/\/www.teatrulreginamaria.ro\/en\/author\/w3bmaster\/","name":"Teatrul Regina Maria","image":{"@type":"ImageObject","@id":"https:\/\/www.teatrulreginamaria.ro\/en\/comunicat-de-presa-prima-premiera-a-noii-stagiuni-la-trupa-arcadia-o-raza-de-soare-in-regia-lui-toma-hogea\/#authorImage","url":"https:\/\/secure.gravatar.com\/avatar\/5884139d508ae3f0bafe45e60563b48a9640146d3b08ccc6278c305ff9329305?s=96&d=mm&r=g","width":96,"height":96,"caption":"Teatrul Regina Maria"}},{"@type":"WebPage","@id":"https:\/\/www.teatrulreginamaria.ro\/en\/comunicat-de-presa-prima-premiera-a-noii-stagiuni-la-trupa-arcadia-o-raza-de-soare-in-regia-lui-toma-hogea\/#webpage","url":"https:\/\/www.teatrulreginamaria.ro\/en\/comunicat-de-presa-prima-premiera-a-noii-stagiuni-la-trupa-arcadia-o-raza-de-soare-in-regia-lui-toma-hogea\/","name":"COMUNICAT DE PRES\u0102 | Prima premier\u0103 a noii stagiuni la Trupa Arcadia: \u201eO raz\u0103 de soare\u201d, \u00een regia lui Toma Hogea - Teatrul Regina Maria Oradea","description":"Trupa Arcadia a Teatrului Regina Maria anun\u021b\u0103 o stagiune de poveste, \u00een care vor pune \u00een scen\u0103 spectacole unii dintre cei mai aprecia\u021bi regizori de teatru de anima\u021bie din \u021bar\u0103 ai momentului. Prima premier\u0103 readuce pe scen\u0103 o poveste sensibil\u0103, juc\u0103u\u0219\u0103, care are darul de a ne re\u00eentoarce spre valori umane cardinale: \u201eO raz\u0103 de","inLanguage":"en-GB","isPartOf":{"@id":"https:\/\/www.teatrulreginamaria.ro\/en\/#website"},"breadcrumb":{"@id":"https:\/\/www.teatrulreginamaria.ro\/en\/comunicat-de-presa-prima-premiera-a-noii-stagiuni-la-trupa-arcadia-o-raza-de-soare-in-regia-lui-toma-hogea\/#breadcrumblist"},"author":{"@id":"https:\/\/www.teatrulreginamaria.ro\/en\/author\/w3bmaster\/#author"},"creator":{"@id":"https:\/\/www.teatrulreginamaria.ro\/en\/author\/w3bmaster\/#author"},"image":{"@type":"ImageObject","url":"https:\/\/www.teatrulreginamaria.ro\/wp-content\/uploads\/2024\/10\/AFIS_O_RAZA_DE_SOARE_2024_5_MIC-scaled.jpg","@id":"https:\/\/www.teatrulreginamaria.ro\/en\/comunicat-de-presa-prima-premiera-a-noii-stagiuni-la-trupa-arcadia-o-raza-de-soare-in-regia-lui-toma-hogea\/#mainImage","width":1792,"height":2560},"primaryImageOfPage":{"@id":"https:\/\/www.teatrulreginamaria.ro\/en\/comunicat-de-presa-prima-premiera-a-noii-stagiuni-la-trupa-arcadia-o-raza-de-soare-in-regia-lui-toma-hogea\/#mainImage"},"datePublished":"2024-10-18T08:39:05+03:00","dateModified":"2024-10-18T08:39:05+03:00"},{"@type":"WebSite","@id":"https:\/\/www.teatrulreginamaria.ro\/en\/#website","url":"https:\/\/www.teatrulreginamaria.ro\/en\/","name":"Teatrul Regina Maria Oradea","alternateName":"TRM Oradea","description":"Trupa Iosif Vulcan \u0219i Trupa Arcadia","inLanguage":"en-GB","publisher":{"@id":"https:\/\/www.teatrulreginamaria.ro\/en\/#organization"}}]},"og:locale":"en_GB","og:site_name":"Teatrul Regina Maria Oradea - Trupa Iosif Vulcan \u0219i Trupa Arcadia","og:type":"article","og:title":"COMUNICAT DE PRES\u0102 | Prima premier\u0103 a noii stagiuni la Trupa Arcadia: \u201eO raz\u0103 de soare\u201d, \u00een regia lui Toma Hogea - Teatrul Regina Maria Oradea","og:description":"Trupa Arcadia a Teatrului Regina Maria anun\u021b\u0103 o stagiune de poveste, \u00een care vor pune \u00een scen\u0103 spectacole unii dintre cei mai aprecia\u021bi regizori de teatru de anima\u021bie din \u021bar\u0103 ai momentului. Prima premier\u0103 readuce pe scen\u0103 o poveste sensibil\u0103, juc\u0103u\u0219\u0103, care are darul de a ne re\u00eentoarce spre valori umane cardinale: \u201eO raz\u0103 de","og:url":"https:\/\/www.teatrulreginamaria.ro\/en\/comunicat-de-presa-prima-premiera-a-noii-stagiuni-la-trupa-arcadia-o-raza-de-soare-in-regia-lui-toma-hogea\/","og:image":"https:\/\/www.teatrulreginamaria.ro\/wp-content\/uploads\/2025\/03\/trm-istoric-01.jpg","og:image:secure_url":"https:\/\/www.teatrulreginamaria.ro\/wp-content\/uploads\/2025\/03\/trm-istoric-01.jpg","og:image:width":1200,"og:image:height":800,"article:published_time":"2024-10-18T08:39:05+00:00","article:modified_time":"2024-10-18T08:39:05+00:00","article:publisher":"https:\/\/www.facebook.com\/TRMTrupaIosifVulcan\/","twitter:card":"summary_large_image","twitter:site":"@TRMOradea","twitter:title":"COMUNICAT DE PRES\u0102 | Prima premier\u0103 a noii stagiuni la Trupa Arcadia: \u201eO raz\u0103 de soare\u201d, \u00een regia lui Toma Hogea - Teatrul Regina Maria Oradea","twitter:description":"Trupa Arcadia a Teatrului Regina Maria anun\u021b\u0103 o stagiune de poveste, \u00een care vor pune \u00een scen\u0103 spectacole unii dintre cei mai aprecia\u021bi regizori de teatru de anima\u021bie din \u021bar\u0103 ai momentului. Prima premier\u0103 readuce pe scen\u0103 o poveste sensibil\u0103, juc\u0103u\u0219\u0103, care are darul de a ne re\u00eentoarce spre valori umane cardinale: \u201eO raz\u0103 de","twitter:creator":"@TRMOradea","twitter:image":"https:\/\/www.teatrulreginamaria.ro\/wp-content\/uploads\/2025\/03\/trm-istoric-01.jpg"},"aioseo_meta_data":{"post_id":"5621","title":null,"description":null,"keywords":null,"keyphrases":null,"primary_term":null,"canonical_url":null,"og_title":null,"og_description":null,"og_object_type":"default","og_image_type":"default","og_image_url":null,"og_image_width":null,"og_image_height":null,"og_image_custom_url":null,"og_image_custom_fields":null,"og_video":null,"og_custom_url":null,"og_article_section":null,"og_article_tags":null,"twitter_use_og":false,"twitter_card":"default","twitter_image_type":"default","twitter_image_url":null,"twitter_image_custom_url":null,"twitter_image_custom_fields":null,"twitter_title":null,"twitter_description":null,"schema":{"blockGraphs":[],"customGraphs":[],"default":{"data":{"Article":[],"Course":[],"Dataset":[],"FAQPage":[],"Movie":[],"Person":[],"Product":[],"ProductReview":[],"Car":[],"Recipe":[],"Service":[],"SoftwareApplication":[],"WebPage":[]},"graphName":"","isEnabled":true},"graphs":[]},"schema_type":"default","schema_type_options":null,"pillar_content":false,"robots_default":true,"robots_noindex":false,"robots_noarchive":false,"robots_nosnippet":false,"robots_nofollow":false,"robots_noimageindex":false,"robots_noodp":false,"robots_notranslate":false,"robots_max_snippet":null,"robots_max_videopreview":null,"robots_max_imagepreview":"large","priority":null,"frequency":null,"local_seo":null,"seo_analyzer_scan_date":"2026-05-13 03:32:56","breadcrumb_settings":null,"limit_modified_date":false,"reviewed_by":null,"open_ai":null,"ai":null,"created":"2025-04-09 17:42:45","updated":"2026-05-13 03:32:56","focus_keyword":null,"additional_keywords":null,"truseo_locale":null},"aioseo_breadcrumb":"<div class=\"aioseo-breadcrumbs\"><span class=\"aioseo-breadcrumb\">\n\t<a href=\"https:\/\/www.teatrulreginamaria.ro\/en\" title=\"Home\">Home<\/a>\n<\/span><span class=\"aioseo-breadcrumb-separator\">&raquo;<\/span><span class=\"aioseo-breadcrumb\">\n\t<a href=\"https:\/\/www.teatrulreginamaria.ro\/en\/categorie\/noutati\/\" title=\"Nout\u0103\u021bi\">Nout\u0103\u021bi<\/a>\n<\/span><span class=\"aioseo-breadcrumb-separator\">&raquo;<\/span><span class=\"aioseo-breadcrumb\">\n\tCOMUNICAT DE PRES\u0102 | Prima premier\u0103 a noii stagiuni la Trupa Arcadia: \u201eO raz\u0103 de soare\u201d, \u00een regia lui Toma Hogea\n<\/span><\/div>","aioseo_breadcrumb_json":[{"label":"Home","link":"https:\/\/www.teatrulreginamaria.ro\/en"},{"label":"Nout\u0103\u021bi","link":"https:\/\/www.teatrulreginamaria.ro\/en\/categorie\/noutati\/"},{"label":"COMUNICAT DE PRES\u0102 | Prima premier\u0103 a noii stagiuni la Trupa Arcadia: \u201eO raz\u0103 de soare\u201d, \u00een regia lui Toma Hogea","link":"https:\/\/www.teatrulreginamaria.ro\/en\/comunicat-de-presa-prima-premiera-a-noii-stagiuni-la-trupa-arcadia-o-raza-de-soare-in-regia-lui-toma-hogea\/"}],"acf":[],"_links":{"self":[{"href":"https:\/\/www.teatrulreginamaria.ro\/en\/wp-json\/wp\/v2\/posts\/5621","targetHints":{"allow":["GET"]}}],"collection":[{"href":"https:\/\/www.teatrulreginamaria.ro\/en\/wp-json\/wp\/v2\/posts"}],"about":[{"href":"https:\/\/www.teatrulreginamaria.ro\/en\/wp-json\/wp\/v2\/types\/post"}],"author":[{"embeddable":true,"href":"https:\/\/www.teatrulreginamaria.ro\/en\/wp-json\/wp\/v2\/users\/6"}],"replies":[{"embeddable":true,"href":"https:\/\/www.teatrulreginamaria.ro\/en\/wp-json\/wp\/v2\/comments?post=5621"}],"version-history":[{"count":0,"href":"https:\/\/www.teatrulreginamaria.ro\/en\/wp-json\/wp\/v2\/posts\/5621\/revisions"}],"wp:featuredmedia":[{"embeddable":true,"href":"https:\/\/www.teatrulreginamaria.ro\/en\/wp-json\/wp\/v2\/media\/5609"}],"wp:attachment":[{"href":"https:\/\/www.teatrulreginamaria.ro\/en\/wp-json\/wp\/v2\/media?parent=5621"}],"wp:term":[{"taxonomy":"category","embeddable":true,"href":"https:\/\/www.teatrulreginamaria.ro\/en\/wp-json\/wp\/v2\/categories?post=5621"},{"taxonomy":"post_tag","embeddable":true,"href":"https:\/\/www.teatrulreginamaria.ro\/en\/wp-json\/wp\/v2\/tags?post=5621"}],"curies":[{"name":"wp","href":"https:\/\/api.w.org\/{rel}","templated":true}]}}