{"id":887,"date":"2012-06-29T10:52:21","date_gmt":"2012-06-29T10:52:21","guid":{"rendered":"https:\/\/teatrulreginamaria.ro\/2012\/06\/29\/o-vara-plina-cu-proiecte-la-teatrul-regina-maria\/"},"modified":"2012-06-29T10:52:21","modified_gmt":"2012-06-29T10:52:21","slug":"a-summer-full-of-projects-at-the-queen-maria-theater","status":"publish","type":"post","link":"https:\/\/www.teatrulreginamaria.ro\/en\/o-vara-plina-cu-proiecte-la-teatrul-regina-maria\/","title":{"rendered":"A SUMMER FULL OF PROJECTS AT THE REGINA MARIA THEATRE"},"content":{"rendered":"<p style=\"text-align: justify;\">Even though some have already gone on vacation, the entire staff of the Regina Maria Theater is on the barricades! They are intensively rehearsing the projects that will appear in the fall, in the Short Theater Festival and in the new season.<\/p>\n<p style=\"text-align: justify;\"><strong>Three premieres at the Great Hall<\/strong><\/p>\n<p style=\"text-align: justify;\">So, it is repeated for the show EQUUS (by Peter Shaffer), under the artistic direction of Szabo K. Istvan, the show that will open this year&#039;s 18th Edition of the FTS (on September 23). The cast includes the beloved actors: Richard Balint, Ciprian Ciuciu, Alina Vicoveanu, Suzana Macovei, Corina Cernea, Petre Ghimb\u0103\u015fan, Sebastian Lupu, Angela Tanko and the choir includes: R\u0103zvan Vicoveanu, Pavel S\u00eerghi, Denisa Vlad, Mihaela Gherdan and Dania \u0162inca (a new collaborator of the Iosif Vulcan Troupe). Ovidiu Iloc will be in charge of the musical illustration, the choreography is by M\u0103lina Andrei. The sets will be made by Mira Janos Tamas (Hungary), and the costumes bear the signature of the Oradea artist Vioara Bara.<\/p>\n<p><!--more--><\/p>\n<p style=\"text-align: justify;\">On Friday, June 15, rehearsals began for the show TIME IS COMING SOON (by Line Knutzon), under the artistic direction of Radu Afrim, set design by Cristina Milea, a show with which the Regina Maria Theatre will participate in the competition section of this year&#039;s Short Theatre Festival. The cast includes: Liliana Ghi\u0163\u0103 (guest actress from the &quot;Maria Filotti&quot; Theatre in Br\u0103ila), Richard Balint, Pavel S\u00eerghi, Ioana Drago\u015f-Gajdo, Ioana Dag\u0103u and Mirela Corbeanu.<\/p>\n<p style=\"text-align: justify;\">Also this fall, the premiere of the show BORDEL (by Gabriel Barylli) will take place, the first co-production with a foreign theater: the Regina Maria Theater will collaborate with the Pygmalion Theater in Vienna. It is a first project of the Oradea theater that, we hope, will open the way to many other collaborations with theaters abroad. The show is a two-character show, directed by Geirun Tino and will be performed both in Oradea and Vienna, with the cast including Daniel Vulcu, Georgia C\u0103pr\u0103rin (for the Oradea show \u2013 a new collaborator of the Arcadia Troupe) and Julia Prock-Schauer (for the Viennese one).<\/p>\n<p style=\"text-align: justify;\"><strong>Two premieres at Arcadia Hall<\/strong><\/p>\n<p style=\"text-align: justify;\">Rehearsals for the show END OF THE GAME (by Samuel Beckett), directed by the actor of the Iosif Vulcan Troupe, Emil Sauciuc, with a cast consisting of: Petre Ghimb\u0103\u015fan, \u015eerban Borda, Tiberiu Covaci and Mirela Lupu, along with a team of figures formed by the Theatre&#039;s volunteers, have ended. The set design was done by Vioara Bara, and the musical illustration also belongs to Emil Sauciuc. The premiere of this show is scheduled to take place in the fall, immediately after the Short Theatre Festival.<\/p>\n<p style=\"text-align: justify;\">And at the Arcadia Troupe we announce a premiere, a show made entirely with the help of puppets, something that has not happened in Oradea for a very long time \u2013 the show ALB\u0102 CA Z\u0102PADA (adaptation from the Brothers Grimm), directed by Traian Savinescu, and the scenography belongs to Mihai Pastramagiu. Among the actors of the Arcadia Troupe who will play, alongside the puppets: Georgia C\u0103pr\u0103rin, Florian Silaghi, Andrei Fazeca\u0219, Alexandru Pop, Florin Stan, Rin Tripa, Igor Lungu, Mirela Corbeanu, Marlena Prigoreanu, Zentania Lup\u0219e and Ioana Dag\u0103u.<\/p>\n<p style=\"text-align: justify;\"><strong>A premiere in an unconventional space<\/strong><\/p>\n<p style=\"text-align: justify;\">On the last hundred meters are also the rehearsals for the show PHANTOM PAINS (by Vasilii Sigariov), under the artistic direction of Bogdan Hu\u015fanu, a show-event that will be played in a tram from the OTL tram depot. The scenography belongs to Ianis Vasilatos, and the cast includes Mihaela Gherdan, Pavel S\u00eerghi and Alexandru Rusu, and the premiere is also scheduled for autumn.<\/p>\n<p style=\"text-align: justify;\">As for the Short Theatre Festival, its 18th edition, it will take place between September 23-30, and will contain, as we have become accustomed to, the three performance sections (competition performances, major invited performances and the pub and street theatre section), as well as the dramaturgy competition, organized in collaboration with Familia Magazine.<\/p>","protected":false},"excerpt":{"rendered":"<p>Chiar dac\u0103 unii au intrat deja \u00een vacan\u021b\u0103, \u00eentreg colectivul Teatrului Regina Maria se afl\u0103 pe baricade! Se repet\u0103 intens proiectele care urmeaz\u0103 s\u0103 apar\u0103 \u00een toamn\u0103, \u00een Festivalul de Teatru Scurt \u0219i \u00een noua stagiune. Trei premiere la Sala Mare A\u0219adar, se repet\u0103 pentru spectacolul EQUUS (de Peter Shaffer), \u00een regia artistic\u0103 a lui [&hellip;]<\/p>\n","protected":false},"author":6,"featured_media":0,"comment_status":"open","ping_status":"open","sticky":false,"template":"","format":"standard","meta":{"_acf_changed":false,"footnotes":""},"categories":[22],"tags":[],"class_list":["post-887","post","type-post","status-publish","format-standard","hentry","category-noutati-trupa-iosif-vulcan"],"aioseo_notices":[],"aioseo_head":"\n\t\t<!-- All in One SEO Pro 5.0.1.1 - aioseo.com -->\n\t<meta name=\"description\" content=\"Chiar dac\u0103 unii au intrat deja \u00een vacan\u021b\u0103, \u00eentreg colectivul Teatrului Regina Maria se afl\u0103 pe baricade! Se repet\u0103 intens proiectele care urmeaz\u0103 s\u0103 apar\u0103 \u00een toamn\u0103, \u00een Festivalul de Teatru Scurt \u0219i \u00een noua stagiune. Trei premiere la Sala Mare A\u0219adar, se repet\u0103 pentru spectacolul EQUUS (de Peter Shaffer), \u00een regia artistic\u0103 a lui\" \/>\n\t<meta name=\"robots\" content=\"max-image-preview:large\" \/>\n\t<meta name=\"author\" content=\"Teatrul Regina Maria\"\/>\n\t<link rel=\"canonical\" href=\"https:\/\/www.teatrulreginamaria.ro\/en\/o-vara-plina-cu-proiecte-la-teatrul-regina-maria\/\" \/>\n\t<meta name=\"generator\" content=\"All in One SEO Pro (AIOSEO) 5.0.1.1\" \/>\n\t\t<meta property=\"og:locale\" content=\"en_GB\" \/>\n\t\t<meta property=\"og:site_name\" content=\"Teatrul Regina Maria Oradea - Trupa Iosif Vulcan \u0219i Trupa Arcadia\" \/>\n\t\t<meta property=\"og:type\" content=\"article\" \/>\n\t\t<meta property=\"og:title\" content=\"O VAR\u0102 PLIN\u0102 CU PROIECTE LA TEATRUL REGINA MARIA - Teatrul Regina Maria Oradea\" \/>\n\t\t<meta property=\"og:description\" content=\"Chiar dac\u0103 unii au intrat deja \u00een vacan\u021b\u0103, \u00eentreg colectivul Teatrului Regina Maria se afl\u0103 pe baricade! Se repet\u0103 intens proiectele care urmeaz\u0103 s\u0103 apar\u0103 \u00een toamn\u0103, \u00een Festivalul de Teatru Scurt \u0219i \u00een noua stagiune. Trei premiere la Sala Mare A\u0219adar, se repet\u0103 pentru spectacolul EQUUS (de Peter Shaffer), \u00een regia artistic\u0103 a lui\" \/>\n\t\t<meta property=\"og:url\" content=\"https:\/\/www.teatrulreginamaria.ro\/en\/o-vara-plina-cu-proiecte-la-teatrul-regina-maria\/\" \/>\n\t\t<meta property=\"og:image\" content=\"https:\/\/www.teatrulreginamaria.ro\/wp-content\/uploads\/2025\/03\/trm-istoric-01.jpg\" \/>\n\t\t<meta property=\"og:image:secure_url\" content=\"https:\/\/www.teatrulreginamaria.ro\/wp-content\/uploads\/2025\/03\/trm-istoric-01.jpg\" \/>\n\t\t<meta property=\"og:image:width\" content=\"1200\" \/>\n\t\t<meta property=\"og:image:height\" content=\"800\" \/>\n\t\t<meta property=\"article:published_time\" content=\"2012-06-29T10:52:21+00:00\" \/>\n\t\t<meta property=\"article:modified_time\" content=\"2012-06-29T10:52:21+00:00\" \/>\n\t\t<meta property=\"article:publisher\" content=\"https:\/\/www.facebook.com\/TRMTrupaIosifVulcan\/\" \/>\n\t\t<meta name=\"twitter:card\" content=\"summary_large_image\" \/>\n\t\t<meta name=\"twitter:site\" content=\"@TRMOradea\" \/>\n\t\t<meta name=\"twitter:title\" content=\"O VAR\u0102 PLIN\u0102 CU PROIECTE LA TEATRUL REGINA MARIA - Teatrul Regina Maria Oradea\" \/>\n\t\t<meta name=\"twitter:description\" content=\"Chiar dac\u0103 unii au intrat deja \u00een vacan\u021b\u0103, \u00eentreg colectivul Teatrului Regina Maria se afl\u0103 pe baricade! Se repet\u0103 intens proiectele care urmeaz\u0103 s\u0103 apar\u0103 \u00een toamn\u0103, \u00een Festivalul de Teatru Scurt \u0219i \u00een noua stagiune. Trei premiere la Sala Mare A\u0219adar, se repet\u0103 pentru spectacolul EQUUS (de Peter Shaffer), \u00een regia artistic\u0103 a lui\" \/>\n\t\t<meta name=\"twitter:creator\" content=\"@TRMOradea\" \/>\n\t\t<meta name=\"twitter:image\" content=\"https:\/\/www.teatrulreginamaria.ro\/wp-content\/uploads\/2025\/03\/trm-istoric-01.jpg\" \/>\n\t\t<script type=\"application\/ld+json\" class=\"aioseo-schema\">\n\t\t\t{\"@context\":\"https:\\\/\\\/schema.org\",\"@graph\":[{\"@type\":\"BlogPosting\",\"@id\":\"https:\\\/\\\/www.teatrulreginamaria.ro\\\/en\\\/o-vara-plina-cu-proiecte-la-teatrul-regina-maria\\\/#blogposting\",\"name\":\"O VAR\\u0102 PLIN\\u0102 CU PROIECTE LA TEATRUL REGINA MARIA - Teatrul Regina Maria Oradea\",\"headline\":\"O VAR\\u0102 PLIN\\u0102 CU PROIECTE LA TEATRUL REGINA MARIA\",\"author\":{\"@id\":\"https:\\\/\\\/www.teatrulreginamaria.ro\\\/en\\\/author\\\/w3bmaster\\\/#author\"},\"publisher\":{\"@id\":\"https:\\\/\\\/www.teatrulreginamaria.ro\\\/en\\\/#organization\"},\"image\":{\"@type\":\"ImageObject\",\"url\":\"https:\\\/\\\/www.teatrulreginamaria.ro\\\/wp-content\\\/uploads\\\/2025\\\/06\\\/logo-trm-01-dark.png\",\"@id\":\"https:\\\/\\\/www.teatrulreginamaria.ro\\\/en\\\/#articleImage\",\"width\":300,\"height\":148},\"datePublished\":\"2012-06-29T10:52:21+03:00\",\"dateModified\":\"2012-06-29T10:52:21+03:00\",\"inLanguage\":\"en-GB\",\"mainEntityOfPage\":{\"@id\":\"https:\\\/\\\/www.teatrulreginamaria.ro\\\/en\\\/o-vara-plina-cu-proiecte-la-teatrul-regina-maria\\\/#webpage\"},\"isPartOf\":{\"@id\":\"https:\\\/\\\/www.teatrulreginamaria.ro\\\/en\\\/o-vara-plina-cu-proiecte-la-teatrul-regina-maria\\\/#webpage\"},\"articleSection\":\"Nout\\u0103\\u021bi - Trupa Iosif Vulcan\"},{\"@type\":\"BreadcrumbList\",\"@id\":\"https:\\\/\\\/www.teatrulreginamaria.ro\\\/en\\\/o-vara-plina-cu-proiecte-la-teatrul-regina-maria\\\/#breadcrumblist\",\"itemListElement\":[{\"@type\":\"ListItem\",\"@id\":\"https:\\\/\\\/www.teatrulreginamaria.ro\\\/en#listItem\",\"position\":1,\"name\":\"Home\",\"item\":\"https:\\\/\\\/www.teatrulreginamaria.ro\\\/en\",\"nextItem\":{\"@type\":\"ListItem\",\"@id\":\"https:\\\/\\\/www.teatrulreginamaria.ro\\\/en\\\/categorie\\\/noutati\\\/#listItem\",\"name\":\"Nout\\u0103\\u021bi\"}},{\"@type\":\"ListItem\",\"@id\":\"https:\\\/\\\/www.teatrulreginamaria.ro\\\/en\\\/categorie\\\/noutati\\\/#listItem\",\"position\":2,\"name\":\"Nout\\u0103\\u021bi\",\"item\":\"https:\\\/\\\/www.teatrulreginamaria.ro\\\/en\\\/categorie\\\/noutati\\\/\",\"nextItem\":{\"@type\":\"ListItem\",\"@id\":\"https:\\\/\\\/www.teatrulreginamaria.ro\\\/en\\\/categorie\\\/noutati\\\/noutati-trupa-iosif-vulcan\\\/#listItem\",\"name\":\"Nout\\u0103\\u021bi - Trupa Iosif Vulcan\"},\"previousItem\":{\"@type\":\"ListItem\",\"@id\":\"https:\\\/\\\/www.teatrulreginamaria.ro\\\/en#listItem\",\"name\":\"Home\"}},{\"@type\":\"ListItem\",\"@id\":\"https:\\\/\\\/www.teatrulreginamaria.ro\\\/en\\\/categorie\\\/noutati\\\/noutati-trupa-iosif-vulcan\\\/#listItem\",\"position\":3,\"name\":\"Nout\\u0103\\u021bi - Trupa Iosif Vulcan\",\"item\":\"https:\\\/\\\/www.teatrulreginamaria.ro\\\/en\\\/categorie\\\/noutati\\\/noutati-trupa-iosif-vulcan\\\/\",\"nextItem\":{\"@type\":\"ListItem\",\"@id\":\"https:\\\/\\\/www.teatrulreginamaria.ro\\\/en\\\/o-vara-plina-cu-proiecte-la-teatrul-regina-maria\\\/#listItem\",\"name\":\"O VAR\\u0102 PLIN\\u0102 CU PROIECTE LA TEATRUL REGINA MARIA\"},\"previousItem\":{\"@type\":\"ListItem\",\"@id\":\"https:\\\/\\\/www.teatrulreginamaria.ro\\\/en\\\/categorie\\\/noutati\\\/#listItem\",\"name\":\"Nout\\u0103\\u021bi\"}},{\"@type\":\"ListItem\",\"@id\":\"https:\\\/\\\/www.teatrulreginamaria.ro\\\/en\\\/o-vara-plina-cu-proiecte-la-teatrul-regina-maria\\\/#listItem\",\"position\":4,\"name\":\"O VAR\\u0102 PLIN\\u0102 CU PROIECTE LA TEATRUL REGINA MARIA\",\"previousItem\":{\"@type\":\"ListItem\",\"@id\":\"https:\\\/\\\/www.teatrulreginamaria.ro\\\/en\\\/categorie\\\/noutati\\\/noutati-trupa-iosif-vulcan\\\/#listItem\",\"name\":\"Nout\\u0103\\u021bi - Trupa Iosif Vulcan\"}}]},{\"@type\":\"Organization\",\"@id\":\"https:\\\/\\\/www.teatrulreginamaria.ro\\\/en\\\/#organization\",\"name\":\"Teatrul Regina Maria Oradea\",\"description\":\"Trupa Iosif Vulcan \\u0219i Trupa Arcadia\",\"url\":\"https:\\\/\\\/www.teatrulreginamaria.ro\\\/en\\\/\",\"email\":\"marketing@teatrulreginamaria.ro\",\"telephone\":\"+40359411534\",\"numberOfEmployees\":{\"@type\":\"QuantitativeValue\",\"minValue\":0,\"maxValue\":150},\"logo\":{\"@type\":\"ImageObject\",\"url\":\"https:\\\/\\\/www.teatrulreginamaria.ro\\\/wp-content\\\/uploads\\\/2025\\\/06\\\/logo-trm-01-dark.png\",\"@id\":\"https:\\\/\\\/www.teatrulreginamaria.ro\\\/en\\\/o-vara-plina-cu-proiecte-la-teatrul-regina-maria\\\/#organizationLogo\",\"width\":300,\"height\":148},\"image\":{\"@id\":\"https:\\\/\\\/www.teatrulreginamaria.ro\\\/en\\\/o-vara-plina-cu-proiecte-la-teatrul-regina-maria\\\/#organizationLogo\"},\"sameAs\":[\"https:\\\/\\\/www.facebook.com\\\/TRMTrupaIosifVulcan\\\/\",\"https:\\\/\\\/x.com\\\/TRMOradea\",\"https:\\\/\\\/www.instagram.com\\\/teatrul_regina_maria\\\/\",\"https:\\\/\\\/www.youtube.com\\\/c\\\/TeatrulReginaMariaOradea\",\"https:\\\/\\\/www.linkedin.com\\\/company\\\/teatrul-regina-maria\"]},{\"@type\":\"Person\",\"@id\":\"https:\\\/\\\/www.teatrulreginamaria.ro\\\/en\\\/author\\\/w3bmaster\\\/#author\",\"url\":\"https:\\\/\\\/www.teatrulreginamaria.ro\\\/en\\\/author\\\/w3bmaster\\\/\",\"name\":\"Teatrul Regina Maria\",\"image\":{\"@type\":\"ImageObject\",\"@id\":\"https:\\\/\\\/www.teatrulreginamaria.ro\\\/en\\\/o-vara-plina-cu-proiecte-la-teatrul-regina-maria\\\/#authorImage\",\"url\":\"https:\\\/\\\/secure.gravatar.com\\\/avatar\\\/5884139d508ae3f0bafe45e60563b48a9640146d3b08ccc6278c305ff9329305?s=96&d=mm&r=g\",\"width\":96,\"height\":96,\"caption\":\"Teatrul Regina Maria\"}},{\"@type\":\"WebPage\",\"@id\":\"https:\\\/\\\/www.teatrulreginamaria.ro\\\/en\\\/o-vara-plina-cu-proiecte-la-teatrul-regina-maria\\\/#webpage\",\"url\":\"https:\\\/\\\/www.teatrulreginamaria.ro\\\/en\\\/o-vara-plina-cu-proiecte-la-teatrul-regina-maria\\\/\",\"name\":\"O VAR\\u0102 PLIN\\u0102 CU PROIECTE LA TEATRUL REGINA MARIA - Teatrul Regina Maria Oradea\",\"description\":\"Chiar dac\\u0103 unii au intrat deja \\u00een vacan\\u021b\\u0103, \\u00eentreg colectivul Teatrului Regina Maria se afl\\u0103 pe baricade! Se repet\\u0103 intens proiectele care urmeaz\\u0103 s\\u0103 apar\\u0103 \\u00een toamn\\u0103, \\u00een Festivalul de Teatru Scurt \\u0219i \\u00een noua stagiune. Trei premiere la Sala Mare A\\u0219adar, se repet\\u0103 pentru spectacolul EQUUS (de Peter Shaffer), \\u00een regia artistic\\u0103 a lui\",\"inLanguage\":\"en-GB\",\"isPartOf\":{\"@id\":\"https:\\\/\\\/www.teatrulreginamaria.ro\\\/en\\\/#website\"},\"breadcrumb\":{\"@id\":\"https:\\\/\\\/www.teatrulreginamaria.ro\\\/en\\\/o-vara-plina-cu-proiecte-la-teatrul-regina-maria\\\/#breadcrumblist\"},\"author\":{\"@id\":\"https:\\\/\\\/www.teatrulreginamaria.ro\\\/en\\\/author\\\/w3bmaster\\\/#author\"},\"creator\":{\"@id\":\"https:\\\/\\\/www.teatrulreginamaria.ro\\\/en\\\/author\\\/w3bmaster\\\/#author\"},\"datePublished\":\"2012-06-29T10:52:21+03:00\",\"dateModified\":\"2012-06-29T10:52:21+03:00\"},{\"@type\":\"WebSite\",\"@id\":\"https:\\\/\\\/www.teatrulreginamaria.ro\\\/en\\\/#website\",\"url\":\"https:\\\/\\\/www.teatrulreginamaria.ro\\\/en\\\/\",\"name\":\"Teatrul Regina Maria Oradea\",\"alternateName\":\"TRM Oradea\",\"description\":\"Trupa Iosif Vulcan \\u0219i Trupa Arcadia\",\"inLanguage\":\"en-GB\",\"publisher\":{\"@id\":\"https:\\\/\\\/www.teatrulreginamaria.ro\\\/en\\\/#organization\"}}]}\n\t\t<\/script>\n\t\t<!-- All in One SEO Pro -->\r\n\t\t<title>O VAR\u0102 PLIN\u0102 CU PROIECTE LA TEATRUL REGINA MARIA - Teatrul Regina Maria Oradea<\/title>\n\n","aioseo_head_json":{"title":"A SUMMER FULL OF PROJECTS AT THE REGINA MARIA THEATRE - Regina Maria Theatre Oradea","description":"Even though some have already gone on vacation, the entire Regina Maria Theatre team is on the barricades! The projects that are to appear in the fall, in the Short Theatre Festival and in the new season are being intensively rehearsed. Three premieres at the Great Hall So, rehearsing is underway for the show EQUUS (by Peter Shaffer), under the artistic direction of","canonical_url":"https:\/\/www.teatrulreginamaria.ro\/en\/o-vara-plina-cu-proiecte-la-teatrul-regina-maria\/","robots":"max-image-preview:large","keywords":"","webmasterTools":{"miscellaneous":""},"schema":{"@context":"https:\/\/schema.org","@graph":[{"@type":"BlogPosting","@id":"https:\/\/www.teatrulreginamaria.ro\/en\/o-vara-plina-cu-proiecte-la-teatrul-regina-maria\/#blogposting","name":"O VAR\u0102 PLIN\u0102 CU PROIECTE LA TEATRUL REGINA MARIA - Teatrul Regina Maria Oradea","headline":"O VAR\u0102 PLIN\u0102 CU PROIECTE LA TEATRUL REGINA MARIA","author":{"@id":"https:\/\/www.teatrulreginamaria.ro\/en\/author\/w3bmaster\/#author"},"publisher":{"@id":"https:\/\/www.teatrulreginamaria.ro\/en\/#organization"},"image":{"@type":"ImageObject","url":"https:\/\/www.teatrulreginamaria.ro\/wp-content\/uploads\/2025\/06\/logo-trm-01-dark.png","@id":"https:\/\/www.teatrulreginamaria.ro\/en\/#articleImage","width":300,"height":148},"datePublished":"2012-06-29T10:52:21+03:00","dateModified":"2012-06-29T10:52:21+03:00","inLanguage":"en-GB","mainEntityOfPage":{"@id":"https:\/\/www.teatrulreginamaria.ro\/en\/o-vara-plina-cu-proiecte-la-teatrul-regina-maria\/#webpage"},"isPartOf":{"@id":"https:\/\/www.teatrulreginamaria.ro\/en\/o-vara-plina-cu-proiecte-la-teatrul-regina-maria\/#webpage"},"articleSection":"Nout\u0103\u021bi - Trupa Iosif Vulcan"},{"@type":"BreadcrumbList","@id":"https:\/\/www.teatrulreginamaria.ro\/en\/o-vara-plina-cu-proiecte-la-teatrul-regina-maria\/#breadcrumblist","itemListElement":[{"@type":"ListItem","@id":"https:\/\/www.teatrulreginamaria.ro\/en#listItem","position":1,"name":"Home","item":"https:\/\/www.teatrulreginamaria.ro\/en","nextItem":{"@type":"ListItem","@id":"https:\/\/www.teatrulreginamaria.ro\/en\/categorie\/noutati\/#listItem","name":"Nout\u0103\u021bi"}},{"@type":"ListItem","@id":"https:\/\/www.teatrulreginamaria.ro\/en\/categorie\/noutati\/#listItem","position":2,"name":"Nout\u0103\u021bi","item":"https:\/\/www.teatrulreginamaria.ro\/en\/categorie\/noutati\/","nextItem":{"@type":"ListItem","@id":"https:\/\/www.teatrulreginamaria.ro\/en\/categorie\/noutati\/noutati-trupa-iosif-vulcan\/#listItem","name":"Nout\u0103\u021bi - Trupa Iosif Vulcan"},"previousItem":{"@type":"ListItem","@id":"https:\/\/www.teatrulreginamaria.ro\/en#listItem","name":"Home"}},{"@type":"ListItem","@id":"https:\/\/www.teatrulreginamaria.ro\/en\/categorie\/noutati\/noutati-trupa-iosif-vulcan\/#listItem","position":3,"name":"Nout\u0103\u021bi - Trupa Iosif Vulcan","item":"https:\/\/www.teatrulreginamaria.ro\/en\/categorie\/noutati\/noutati-trupa-iosif-vulcan\/","nextItem":{"@type":"ListItem","@id":"https:\/\/www.teatrulreginamaria.ro\/en\/o-vara-plina-cu-proiecte-la-teatrul-regina-maria\/#listItem","name":"O VAR\u0102 PLIN\u0102 CU PROIECTE LA TEATRUL REGINA MARIA"},"previousItem":{"@type":"ListItem","@id":"https:\/\/www.teatrulreginamaria.ro\/en\/categorie\/noutati\/#listItem","name":"Nout\u0103\u021bi"}},{"@type":"ListItem","@id":"https:\/\/www.teatrulreginamaria.ro\/en\/o-vara-plina-cu-proiecte-la-teatrul-regina-maria\/#listItem","position":4,"name":"O VAR\u0102 PLIN\u0102 CU PROIECTE LA TEATRUL REGINA MARIA","previousItem":{"@type":"ListItem","@id":"https:\/\/www.teatrulreginamaria.ro\/en\/categorie\/noutati\/noutati-trupa-iosif-vulcan\/#listItem","name":"Nout\u0103\u021bi - Trupa Iosif Vulcan"}}]},{"@type":"Organization","@id":"https:\/\/www.teatrulreginamaria.ro\/en\/#organization","name":"Teatrul Regina Maria Oradea","description":"Trupa Iosif Vulcan \u0219i Trupa Arcadia","url":"https:\/\/www.teatrulreginamaria.ro\/en\/","email":"marketing@teatrulreginamaria.ro","telephone":"+40359411534","numberOfEmployees":{"@type":"QuantitativeValue","minValue":0,"maxValue":150},"logo":{"@type":"ImageObject","url":"https:\/\/www.teatrulreginamaria.ro\/wp-content\/uploads\/2025\/06\/logo-trm-01-dark.png","@id":"https:\/\/www.teatrulreginamaria.ro\/en\/o-vara-plina-cu-proiecte-la-teatrul-regina-maria\/#organizationLogo","width":300,"height":148},"image":{"@id":"https:\/\/www.teatrulreginamaria.ro\/en\/o-vara-plina-cu-proiecte-la-teatrul-regina-maria\/#organizationLogo"},"sameAs":["https:\/\/www.facebook.com\/TRMTrupaIosifVulcan\/","https:\/\/x.com\/TRMOradea","https:\/\/www.instagram.com\/teatrul_regina_maria\/","https:\/\/www.youtube.com\/c\/TeatrulReginaMariaOradea","https:\/\/www.linkedin.com\/company\/teatrul-regina-maria"]},{"@type":"Person","@id":"https:\/\/www.teatrulreginamaria.ro\/en\/author\/w3bmaster\/#author","url":"https:\/\/www.teatrulreginamaria.ro\/en\/author\/w3bmaster\/","name":"Teatrul Regina Maria","image":{"@type":"ImageObject","@id":"https:\/\/www.teatrulreginamaria.ro\/en\/o-vara-plina-cu-proiecte-la-teatrul-regina-maria\/#authorImage","url":"https:\/\/secure.gravatar.com\/avatar\/5884139d508ae3f0bafe45e60563b48a9640146d3b08ccc6278c305ff9329305?s=96&d=mm&r=g","width":96,"height":96,"caption":"Teatrul Regina Maria"}},{"@type":"WebPage","@id":"https:\/\/www.teatrulreginamaria.ro\/en\/o-vara-plina-cu-proiecte-la-teatrul-regina-maria\/#webpage","url":"https:\/\/www.teatrulreginamaria.ro\/en\/o-vara-plina-cu-proiecte-la-teatrul-regina-maria\/","name":"O VAR\u0102 PLIN\u0102 CU PROIECTE LA TEATRUL REGINA MARIA - Teatrul Regina Maria Oradea","description":"Chiar dac\u0103 unii au intrat deja \u00een vacan\u021b\u0103, \u00eentreg colectivul Teatrului Regina Maria se afl\u0103 pe baricade! Se repet\u0103 intens proiectele care urmeaz\u0103 s\u0103 apar\u0103 \u00een toamn\u0103, \u00een Festivalul de Teatru Scurt \u0219i \u00een noua stagiune. Trei premiere la Sala Mare A\u0219adar, se repet\u0103 pentru spectacolul EQUUS (de Peter Shaffer), \u00een regia artistic\u0103 a lui","inLanguage":"en-GB","isPartOf":{"@id":"https:\/\/www.teatrulreginamaria.ro\/en\/#website"},"breadcrumb":{"@id":"https:\/\/www.teatrulreginamaria.ro\/en\/o-vara-plina-cu-proiecte-la-teatrul-regina-maria\/#breadcrumblist"},"author":{"@id":"https:\/\/www.teatrulreginamaria.ro\/en\/author\/w3bmaster\/#author"},"creator":{"@id":"https:\/\/www.teatrulreginamaria.ro\/en\/author\/w3bmaster\/#author"},"datePublished":"2012-06-29T10:52:21+03:00","dateModified":"2012-06-29T10:52:21+03:00"},{"@type":"WebSite","@id":"https:\/\/www.teatrulreginamaria.ro\/en\/#website","url":"https:\/\/www.teatrulreginamaria.ro\/en\/","name":"Teatrul Regina Maria Oradea","alternateName":"TRM Oradea","description":"Trupa Iosif Vulcan \u0219i Trupa Arcadia","inLanguage":"en-GB","publisher":{"@id":"https:\/\/www.teatrulreginamaria.ro\/en\/#organization"}}]},"og:locale":"en_GB","og:site_name":"Teatrul Regina Maria Oradea - Trupa Iosif Vulcan \u0219i Trupa Arcadia","og:type":"article","og:title":"O VAR\u0102 PLIN\u0102 CU PROIECTE LA TEATRUL REGINA MARIA - Teatrul Regina Maria Oradea","og:description":"Chiar dac\u0103 unii au intrat deja \u00een vacan\u021b\u0103, \u00eentreg colectivul Teatrului Regina Maria se afl\u0103 pe baricade! Se repet\u0103 intens proiectele care urmeaz\u0103 s\u0103 apar\u0103 \u00een toamn\u0103, \u00een Festivalul de Teatru Scurt \u0219i \u00een noua stagiune. Trei premiere la Sala Mare A\u0219adar, se repet\u0103 pentru spectacolul EQUUS (de Peter Shaffer), \u00een regia artistic\u0103 a lui","og:url":"https:\/\/www.teatrulreginamaria.ro\/en\/o-vara-plina-cu-proiecte-la-teatrul-regina-maria\/","og:image":"https:\/\/www.teatrulreginamaria.ro\/wp-content\/uploads\/2025\/03\/trm-istoric-01.jpg","og:image:secure_url":"https:\/\/www.teatrulreginamaria.ro\/wp-content\/uploads\/2025\/03\/trm-istoric-01.jpg","og:image:width":1200,"og:image:height":800,"article:published_time":"2012-06-29T10:52:21+00:00","article:modified_time":"2012-06-29T10:52:21+00:00","article:publisher":"https:\/\/www.facebook.com\/TRMTrupaIosifVulcan\/","twitter:card":"summary_large_image","twitter:site":"@TRMOradea","twitter:title":"O VAR\u0102 PLIN\u0102 CU PROIECTE LA TEATRUL REGINA MARIA - Teatrul Regina Maria Oradea","twitter:description":"Chiar dac\u0103 unii au intrat deja \u00een vacan\u021b\u0103, \u00eentreg colectivul Teatrului Regina Maria se afl\u0103 pe baricade! Se repet\u0103 intens proiectele care urmeaz\u0103 s\u0103 apar\u0103 \u00een toamn\u0103, \u00een Festivalul de Teatru Scurt \u0219i \u00een noua stagiune. Trei premiere la Sala Mare A\u0219adar, se repet\u0103 pentru spectacolul EQUUS (de Peter Shaffer), \u00een regia artistic\u0103 a lui","twitter:creator":"@TRMOradea","twitter:image":"https:\/\/www.teatrulreginamaria.ro\/wp-content\/uploads\/2025\/03\/trm-istoric-01.jpg"},"aioseo_meta_data":{"post_id":"887","title":null,"description":null,"keywords":null,"keyphrases":null,"primary_term":null,"canonical_url":null,"og_title":null,"og_description":null,"og_object_type":"default","og_image_type":"default","og_image_url":null,"og_image_width":null,"og_image_height":null,"og_image_custom_url":null,"og_image_custom_fields":null,"og_video":null,"og_custom_url":null,"og_article_section":null,"og_article_tags":null,"twitter_use_og":false,"twitter_card":"default","twitter_image_type":"default","twitter_image_url":null,"twitter_image_custom_url":null,"twitter_image_custom_fields":null,"twitter_title":null,"twitter_description":null,"schema":{"blockGraphs":[],"customGraphs":[],"default":{"data":{"Article":[],"Course":[],"Dataset":[],"FAQPage":[],"Movie":[],"Person":[],"Product":[],"ProductReview":[],"Car":[],"Recipe":[],"Service":[],"SoftwareApplication":[],"WebPage":[]},"graphName":"","isEnabled":true},"graphs":[]},"schema_type":"default","schema_type_options":null,"pillar_content":false,"robots_default":true,"robots_noindex":false,"robots_noarchive":false,"robots_nosnippet":false,"robots_nofollow":false,"robots_noimageindex":false,"robots_noodp":false,"robots_notranslate":false,"robots_max_snippet":null,"robots_max_videopreview":null,"robots_max_imagepreview":"large","priority":null,"frequency":null,"local_seo":null,"seo_analyzer_scan_date":"2026-05-12 23:34:34","breadcrumb_settings":null,"limit_modified_date":false,"reviewed_by":null,"open_ai":null,"ai":null,"created":"2025-04-09 17:40:54","updated":"2026-05-12 23:34:34","focus_keyword":null,"additional_keywords":null,"truseo_locale":null},"aioseo_breadcrumb":"<div class=\"aioseo-breadcrumbs\"><span class=\"aioseo-breadcrumb\">\n\t<a href=\"https:\/\/www.teatrulreginamaria.ro\/en\" title=\"Home\">Home<\/a>\n<\/span><span class=\"aioseo-breadcrumb-separator\">&raquo;<\/span><span class=\"aioseo-breadcrumb\">\n\t<a href=\"https:\/\/www.teatrulreginamaria.ro\/en\/categorie\/noutati\/\" title=\"Nout\u0103\u021bi\">Nout\u0103\u021bi<\/a>\n<\/span><span class=\"aioseo-breadcrumb-separator\">&raquo;<\/span><span class=\"aioseo-breadcrumb\">\n\t<a href=\"https:\/\/www.teatrulreginamaria.ro\/en\/categorie\/noutati\/noutati-trupa-iosif-vulcan\/\" title=\"Nout\u0103\u021bi - Trupa Iosif Vulcan\">Nout\u0103\u021bi - Trupa Iosif Vulcan<\/a>\n<\/span><span class=\"aioseo-breadcrumb-separator\">&raquo;<\/span><span class=\"aioseo-breadcrumb\">\n\tO VAR\u0102 PLIN\u0102 CU PROIECTE LA TEATRUL REGINA MARIA\n<\/span><\/div>","aioseo_breadcrumb_json":[{"label":"Home","link":"https:\/\/www.teatrulreginamaria.ro\/en"},{"label":"Nout\u0103\u021bi","link":"https:\/\/www.teatrulreginamaria.ro\/en\/categorie\/noutati\/"},{"label":"Nout\u0103\u021bi - Trupa Iosif Vulcan","link":"https:\/\/www.teatrulreginamaria.ro\/en\/categorie\/noutati\/noutati-trupa-iosif-vulcan\/"},{"label":"O VAR\u0102 PLIN\u0102 CU PROIECTE LA TEATRUL REGINA MARIA","link":"https:\/\/www.teatrulreginamaria.ro\/en\/o-vara-plina-cu-proiecte-la-teatrul-regina-maria\/"}],"acf":[],"_links":{"self":[{"href":"https:\/\/www.teatrulreginamaria.ro\/en\/wp-json\/wp\/v2\/posts\/887","targetHints":{"allow":["GET"]}}],"collection":[{"href":"https:\/\/www.teatrulreginamaria.ro\/en\/wp-json\/wp\/v2\/posts"}],"about":[{"href":"https:\/\/www.teatrulreginamaria.ro\/en\/wp-json\/wp\/v2\/types\/post"}],"author":[{"embeddable":true,"href":"https:\/\/www.teatrulreginamaria.ro\/en\/wp-json\/wp\/v2\/users\/6"}],"replies":[{"embeddable":true,"href":"https:\/\/www.teatrulreginamaria.ro\/en\/wp-json\/wp\/v2\/comments?post=887"}],"version-history":[{"count":0,"href":"https:\/\/www.teatrulreginamaria.ro\/en\/wp-json\/wp\/v2\/posts\/887\/revisions"}],"wp:attachment":[{"href":"https:\/\/www.teatrulreginamaria.ro\/en\/wp-json\/wp\/v2\/media?parent=887"}],"wp:term":[{"taxonomy":"category","embeddable":true,"href":"https:\/\/www.teatrulreginamaria.ro\/en\/wp-json\/wp\/v2\/categories?post=887"},{"taxonomy":"post_tag","embeddable":true,"href":"https:\/\/www.teatrulreginamaria.ro\/en\/wp-json\/wp\/v2\/tags?post=887"}],"curies":[{"name":"wp","href":"https:\/\/api.w.org\/{rel}","templated":true}]}}