{"id":92,"date":"2012-03-19T10:22:30","date_gmt":"2012-03-19T10:22:30","guid":{"rendered":"https:\/\/teatrulreginamaria.ro\/2012\/03\/19\/premiera-luth-compagnon\/"},"modified":"2012-03-19T10:22:30","modified_gmt":"2012-03-19T10:22:30","slug":"companion-lute-premiere","status":"publish","type":"post","link":"https:\/\/www.teatrulreginamaria.ro\/en\/premiera-luth-compagnon\/","title":{"rendered":"PREMIERE: LUTH, COMPAGNON"},"content":{"rendered":"<p style=\"text-align: justify;\">The Regina Maria Theatre, in collaboration with the Rock Filarmonica Foundation, cordially invites you to a unique show of theatre, music, dance and poetry, on a chosen day: March 21, International Poetry Day. At the same time, this day also coincides with the birthday of the Oradea artist Florian Chelu Madeva, which we will celebrate with friends and collaborators. The book and CD \u201cLuth, compagnon\u2026\u201d will also be launched on the same evening.<\/p>\n<p style=\"text-align: justify;\">We are therefore waiting for you at a show with a Renaissance atmosphere of the 16th century, when the great poets were in full emancipation and art was at its peak. The favorite of art circles was the poetess Louise Lab\u00e9, a renowned Renaissance artist. In the show \u201cLuth, compagnon\u2026\u201d, artistic director Emil Sauciuc will recreate a symposium-cenacle type evening, trying to bring back the spirit of those times, a creation based on words, sound, light and color.<\/p>\n<p><!--more--><\/p>\n<p style=\"text-align: justify;\">INTERPRET:<\/p>\n<p style=\"text-align: justify;\">Alexandrina Chelu, Iuliana Chelu, Zentania Lup\u015fe, Anca Turcut, Florian Chelu Madeva, Mircia Covaci, Andrei Fazeca\u015f, Igor Lungu, Stefan Postol, Emil Sauciuc, Florin Stan, Rin Tripa, Maria Trendler, Monica Trendler.<\/p>\n<p style=\"text-align: justify;\">Script, choreography and artistic direction: Emil Sauciuc<\/p>\n<p style=\"text-align: justify;\">Set design and costumes: Oana Cernea and Iuliana Chelu<\/p>\n<p style=\"text-align: justify;\">Music: Florian Chelu Madeva<\/p>","protected":false},"excerpt":{"rendered":"<p>Teatrul Regina Maria, \u00een colaborare cu Funda\u021bia Rock Filarmonica, v\u0103 invit\u0103 cu drag la un spectacol inedit de teatru, muzic\u0103, dans \u0219i poezie, \u00eentr-o zi aleas\u0103: 21 martie, Ziua Interna\u021bional\u0103 a Poeziei. Totodat\u0103, aceast\u0103 zi coincide \u0219i cu ziua de na\u0219tere a artistului or\u0103dean Florian Chelu Madeva, pe care-l vom s\u0103rb\u0103tori al\u0103turi de prieteni \u0219i [&hellip;]<\/p>\n","protected":false},"author":6,"featured_media":0,"comment_status":"open","ping_status":"open","sticky":false,"template":"","format":"standard","meta":{"_acf_changed":false,"footnotes":""},"categories":[22],"tags":[],"class_list":["post-92","post","type-post","status-publish","format-standard","hentry","category-noutati-trupa-iosif-vulcan"],"aioseo_notices":[],"aioseo_head":"\n\t\t<!-- All in One SEO Pro 5.0.1.1 - aioseo.com -->\n\t<meta name=\"description\" content=\"Teatrul Regina Maria, \u00een colaborare cu Funda\u021bia Rock Filarmonica, v\u0103 invit\u0103 cu drag la un spectacol inedit de teatru, muzic\u0103, dans \u0219i poezie, \u00eentr-o zi aleas\u0103: 21 martie, Ziua Interna\u021bional\u0103 a Poeziei. Totodat\u0103, aceast\u0103 zi coincide \u0219i cu ziua de na\u0219tere a artistului or\u0103dean Florian Chelu Madeva, pe care-l vom s\u0103rb\u0103tori al\u0103turi de prieteni \u0219i\" \/>\n\t<meta name=\"robots\" content=\"max-image-preview:large\" \/>\n\t<meta name=\"author\" content=\"Teatrul Regina Maria\"\/>\n\t<link rel=\"canonical\" href=\"https:\/\/www.teatrulreginamaria.ro\/en\/premiera-luth-compagnon\/\" \/>\n\t<meta name=\"generator\" content=\"All in One SEO Pro (AIOSEO) 5.0.1.1\" \/>\n\t\t<meta property=\"og:locale\" content=\"en_GB\" \/>\n\t\t<meta property=\"og:site_name\" content=\"Teatrul Regina Maria Oradea - Trupa Iosif Vulcan \u0219i Trupa Arcadia\" \/>\n\t\t<meta property=\"og:type\" content=\"article\" \/>\n\t\t<meta property=\"og:title\" content=\"PREMIER\u0102: LUTH, COMPAGNON - Teatrul Regina Maria Oradea\" \/>\n\t\t<meta property=\"og:description\" content=\"Teatrul Regina Maria, \u00een colaborare cu Funda\u021bia Rock Filarmonica, v\u0103 invit\u0103 cu drag la un spectacol inedit de teatru, muzic\u0103, dans \u0219i poezie, \u00eentr-o zi aleas\u0103: 21 martie, Ziua Interna\u021bional\u0103 a Poeziei. Totodat\u0103, aceast\u0103 zi coincide \u0219i cu ziua de na\u0219tere a artistului or\u0103dean Florian Chelu Madeva, pe care-l vom s\u0103rb\u0103tori al\u0103turi de prieteni \u0219i\" \/>\n\t\t<meta property=\"og:url\" content=\"https:\/\/www.teatrulreginamaria.ro\/en\/premiera-luth-compagnon\/\" \/>\n\t\t<meta property=\"og:image\" content=\"https:\/\/www.teatrulreginamaria.ro\/wp-content\/uploads\/2025\/03\/trm-istoric-01.jpg\" \/>\n\t\t<meta property=\"og:image:secure_url\" content=\"https:\/\/www.teatrulreginamaria.ro\/wp-content\/uploads\/2025\/03\/trm-istoric-01.jpg\" \/>\n\t\t<meta property=\"og:image:width\" content=\"1200\" \/>\n\t\t<meta property=\"og:image:height\" content=\"800\" \/>\n\t\t<meta property=\"article:published_time\" content=\"2012-03-19T10:22:30+00:00\" \/>\n\t\t<meta property=\"article:modified_time\" content=\"2012-03-19T10:22:30+00:00\" \/>\n\t\t<meta property=\"article:publisher\" content=\"https:\/\/www.facebook.com\/TRMTrupaIosifVulcan\/\" \/>\n\t\t<meta name=\"twitter:card\" content=\"summary_large_image\" \/>\n\t\t<meta name=\"twitter:site\" content=\"@TRMOradea\" \/>\n\t\t<meta name=\"twitter:title\" content=\"PREMIER\u0102: LUTH, COMPAGNON - Teatrul Regina Maria Oradea\" \/>\n\t\t<meta name=\"twitter:description\" content=\"Teatrul Regina Maria, \u00een colaborare cu Funda\u021bia Rock Filarmonica, v\u0103 invit\u0103 cu drag la un spectacol inedit de teatru, muzic\u0103, dans \u0219i poezie, \u00eentr-o zi aleas\u0103: 21 martie, Ziua Interna\u021bional\u0103 a Poeziei. Totodat\u0103, aceast\u0103 zi coincide \u0219i cu ziua de na\u0219tere a artistului or\u0103dean Florian Chelu Madeva, pe care-l vom s\u0103rb\u0103tori al\u0103turi de prieteni \u0219i\" \/>\n\t\t<meta name=\"twitter:creator\" content=\"@TRMOradea\" \/>\n\t\t<meta name=\"twitter:image\" content=\"https:\/\/www.teatrulreginamaria.ro\/wp-content\/uploads\/2025\/03\/trm-istoric-01.jpg\" \/>\n\t\t<script type=\"application\/ld+json\" class=\"aioseo-schema\">\n\t\t\t{\"@context\":\"https:\\\/\\\/schema.org\",\"@graph\":[{\"@type\":\"BlogPosting\",\"@id\":\"https:\\\/\\\/www.teatrulreginamaria.ro\\\/en\\\/premiera-luth-compagnon\\\/#blogposting\",\"name\":\"PREMIER\\u0102: LUTH, COMPAGNON - Teatrul Regina Maria Oradea\",\"headline\":\"PREMIER\\u0102: LUTH, COMPAGNON\",\"author\":{\"@id\":\"https:\\\/\\\/www.teatrulreginamaria.ro\\\/en\\\/author\\\/w3bmaster\\\/#author\"},\"publisher\":{\"@id\":\"https:\\\/\\\/www.teatrulreginamaria.ro\\\/en\\\/#organization\"},\"image\":{\"@type\":\"ImageObject\",\"url\":\"https:\\\/\\\/www.teatrulreginamaria.ro\\\/wp-content\\\/uploads\\\/2025\\\/06\\\/logo-trm-01-dark.png\",\"@id\":\"https:\\\/\\\/www.teatrulreginamaria.ro\\\/en\\\/#articleImage\",\"width\":300,\"height\":148},\"datePublished\":\"2012-03-19T10:22:30+02:00\",\"dateModified\":\"2012-03-19T10:22:30+02:00\",\"inLanguage\":\"en-GB\",\"mainEntityOfPage\":{\"@id\":\"https:\\\/\\\/www.teatrulreginamaria.ro\\\/en\\\/premiera-luth-compagnon\\\/#webpage\"},\"isPartOf\":{\"@id\":\"https:\\\/\\\/www.teatrulreginamaria.ro\\\/en\\\/premiera-luth-compagnon\\\/#webpage\"},\"articleSection\":\"Nout\\u0103\\u021bi - Trupa Iosif Vulcan\"},{\"@type\":\"BreadcrumbList\",\"@id\":\"https:\\\/\\\/www.teatrulreginamaria.ro\\\/en\\\/premiera-luth-compagnon\\\/#breadcrumblist\",\"itemListElement\":[{\"@type\":\"ListItem\",\"@id\":\"https:\\\/\\\/www.teatrulreginamaria.ro\\\/en#listItem\",\"position\":1,\"name\":\"Home\",\"item\":\"https:\\\/\\\/www.teatrulreginamaria.ro\\\/en\",\"nextItem\":{\"@type\":\"ListItem\",\"@id\":\"https:\\\/\\\/www.teatrulreginamaria.ro\\\/en\\\/categorie\\\/noutati\\\/#listItem\",\"name\":\"Nout\\u0103\\u021bi\"}},{\"@type\":\"ListItem\",\"@id\":\"https:\\\/\\\/www.teatrulreginamaria.ro\\\/en\\\/categorie\\\/noutati\\\/#listItem\",\"position\":2,\"name\":\"Nout\\u0103\\u021bi\",\"item\":\"https:\\\/\\\/www.teatrulreginamaria.ro\\\/en\\\/categorie\\\/noutati\\\/\",\"nextItem\":{\"@type\":\"ListItem\",\"@id\":\"https:\\\/\\\/www.teatrulreginamaria.ro\\\/en\\\/categorie\\\/noutati\\\/noutati-trupa-iosif-vulcan\\\/#listItem\",\"name\":\"Nout\\u0103\\u021bi - Trupa Iosif Vulcan\"},\"previousItem\":{\"@type\":\"ListItem\",\"@id\":\"https:\\\/\\\/www.teatrulreginamaria.ro\\\/en#listItem\",\"name\":\"Home\"}},{\"@type\":\"ListItem\",\"@id\":\"https:\\\/\\\/www.teatrulreginamaria.ro\\\/en\\\/categorie\\\/noutati\\\/noutati-trupa-iosif-vulcan\\\/#listItem\",\"position\":3,\"name\":\"Nout\\u0103\\u021bi - Trupa Iosif Vulcan\",\"item\":\"https:\\\/\\\/www.teatrulreginamaria.ro\\\/en\\\/categorie\\\/noutati\\\/noutati-trupa-iosif-vulcan\\\/\",\"nextItem\":{\"@type\":\"ListItem\",\"@id\":\"https:\\\/\\\/www.teatrulreginamaria.ro\\\/en\\\/premiera-luth-compagnon\\\/#listItem\",\"name\":\"PREMIER\\u0102: LUTH, COMPAGNON\"},\"previousItem\":{\"@type\":\"ListItem\",\"@id\":\"https:\\\/\\\/www.teatrulreginamaria.ro\\\/en\\\/categorie\\\/noutati\\\/#listItem\",\"name\":\"Nout\\u0103\\u021bi\"}},{\"@type\":\"ListItem\",\"@id\":\"https:\\\/\\\/www.teatrulreginamaria.ro\\\/en\\\/premiera-luth-compagnon\\\/#listItem\",\"position\":4,\"name\":\"PREMIER\\u0102: LUTH, COMPAGNON\",\"previousItem\":{\"@type\":\"ListItem\",\"@id\":\"https:\\\/\\\/www.teatrulreginamaria.ro\\\/en\\\/categorie\\\/noutati\\\/noutati-trupa-iosif-vulcan\\\/#listItem\",\"name\":\"Nout\\u0103\\u021bi - Trupa Iosif Vulcan\"}}]},{\"@type\":\"Organization\",\"@id\":\"https:\\\/\\\/www.teatrulreginamaria.ro\\\/en\\\/#organization\",\"name\":\"Teatrul Regina Maria Oradea\",\"description\":\"Trupa Iosif Vulcan \\u0219i Trupa Arcadia\",\"url\":\"https:\\\/\\\/www.teatrulreginamaria.ro\\\/en\\\/\",\"email\":\"marketing@teatrulreginamaria.ro\",\"telephone\":\"+40359411534\",\"numberOfEmployees\":{\"@type\":\"QuantitativeValue\",\"minValue\":0,\"maxValue\":150},\"logo\":{\"@type\":\"ImageObject\",\"url\":\"https:\\\/\\\/www.teatrulreginamaria.ro\\\/wp-content\\\/uploads\\\/2025\\\/06\\\/logo-trm-01-dark.png\",\"@id\":\"https:\\\/\\\/www.teatrulreginamaria.ro\\\/en\\\/premiera-luth-compagnon\\\/#organizationLogo\",\"width\":300,\"height\":148},\"image\":{\"@id\":\"https:\\\/\\\/www.teatrulreginamaria.ro\\\/en\\\/premiera-luth-compagnon\\\/#organizationLogo\"},\"sameAs\":[\"https:\\\/\\\/www.facebook.com\\\/TRMTrupaIosifVulcan\\\/\",\"https:\\\/\\\/x.com\\\/TRMOradea\",\"https:\\\/\\\/www.instagram.com\\\/teatrul_regina_maria\\\/\",\"https:\\\/\\\/www.youtube.com\\\/c\\\/TeatrulReginaMariaOradea\",\"https:\\\/\\\/www.linkedin.com\\\/company\\\/teatrul-regina-maria\"]},{\"@type\":\"Person\",\"@id\":\"https:\\\/\\\/www.teatrulreginamaria.ro\\\/en\\\/author\\\/w3bmaster\\\/#author\",\"url\":\"https:\\\/\\\/www.teatrulreginamaria.ro\\\/en\\\/author\\\/w3bmaster\\\/\",\"name\":\"Teatrul Regina Maria\",\"image\":{\"@type\":\"ImageObject\",\"@id\":\"https:\\\/\\\/www.teatrulreginamaria.ro\\\/en\\\/premiera-luth-compagnon\\\/#authorImage\",\"url\":\"https:\\\/\\\/secure.gravatar.com\\\/avatar\\\/5884139d508ae3f0bafe45e60563b48a9640146d3b08ccc6278c305ff9329305?s=96&d=mm&r=g\",\"width\":96,\"height\":96,\"caption\":\"Teatrul Regina Maria\"}},{\"@type\":\"WebPage\",\"@id\":\"https:\\\/\\\/www.teatrulreginamaria.ro\\\/en\\\/premiera-luth-compagnon\\\/#webpage\",\"url\":\"https:\\\/\\\/www.teatrulreginamaria.ro\\\/en\\\/premiera-luth-compagnon\\\/\",\"name\":\"PREMIER\\u0102: LUTH, COMPAGNON - Teatrul Regina Maria Oradea\",\"description\":\"Teatrul Regina Maria, \\u00een colaborare cu Funda\\u021bia Rock Filarmonica, v\\u0103 invit\\u0103 cu drag la un spectacol inedit de teatru, muzic\\u0103, dans \\u0219i poezie, \\u00eentr-o zi aleas\\u0103: 21 martie, Ziua Interna\\u021bional\\u0103 a Poeziei. Totodat\\u0103, aceast\\u0103 zi coincide \\u0219i cu ziua de na\\u0219tere a artistului or\\u0103dean Florian Chelu Madeva, pe care-l vom s\\u0103rb\\u0103tori al\\u0103turi de prieteni \\u0219i\",\"inLanguage\":\"en-GB\",\"isPartOf\":{\"@id\":\"https:\\\/\\\/www.teatrulreginamaria.ro\\\/en\\\/#website\"},\"breadcrumb\":{\"@id\":\"https:\\\/\\\/www.teatrulreginamaria.ro\\\/en\\\/premiera-luth-compagnon\\\/#breadcrumblist\"},\"author\":{\"@id\":\"https:\\\/\\\/www.teatrulreginamaria.ro\\\/en\\\/author\\\/w3bmaster\\\/#author\"},\"creator\":{\"@id\":\"https:\\\/\\\/www.teatrulreginamaria.ro\\\/en\\\/author\\\/w3bmaster\\\/#author\"},\"datePublished\":\"2012-03-19T10:22:30+02:00\",\"dateModified\":\"2012-03-19T10:22:30+02:00\"},{\"@type\":\"WebSite\",\"@id\":\"https:\\\/\\\/www.teatrulreginamaria.ro\\\/en\\\/#website\",\"url\":\"https:\\\/\\\/www.teatrulreginamaria.ro\\\/en\\\/\",\"name\":\"Teatrul Regina Maria Oradea\",\"alternateName\":\"TRM Oradea\",\"description\":\"Trupa Iosif Vulcan \\u0219i Trupa Arcadia\",\"inLanguage\":\"en-GB\",\"publisher\":{\"@id\":\"https:\\\/\\\/www.teatrulreginamaria.ro\\\/en\\\/#organization\"}}]}\n\t\t<\/script>\n\t\t<!-- All in One SEO Pro -->\r\n\t\t<title>PREMIER\u0102: LUTH, COMPAGNON - Teatrul Regina Maria Oradea<\/title>\n\n","aioseo_head_json":{"title":"PREMIERE: LUTH, COMPAGNON - Regina Maria Theatre Oradea","description":"The Regina Maria Theatre, in collaboration with the Rock Filarmonica Foundation, cordially invites you to a unique show of theatre, music, dance and poetry, on a chosen day: March 21, International Poetry Day. At the same time, this day also coincides with the birthday of the Oradea artist Florian Chelu Madeva, which we will celebrate with friends and","canonical_url":"https:\/\/www.teatrulreginamaria.ro\/en\/premiera-luth-compagnon\/","robots":"max-image-preview:large","keywords":"","webmasterTools":{"miscellaneous":""},"schema":{"@context":"https:\/\/schema.org","@graph":[{"@type":"BlogPosting","@id":"https:\/\/www.teatrulreginamaria.ro\/en\/premiera-luth-compagnon\/#blogposting","name":"PREMIER\u0102: LUTH, COMPAGNON - Teatrul Regina Maria Oradea","headline":"PREMIER\u0102: LUTH, COMPAGNON","author":{"@id":"https:\/\/www.teatrulreginamaria.ro\/en\/author\/w3bmaster\/#author"},"publisher":{"@id":"https:\/\/www.teatrulreginamaria.ro\/en\/#organization"},"image":{"@type":"ImageObject","url":"https:\/\/www.teatrulreginamaria.ro\/wp-content\/uploads\/2025\/06\/logo-trm-01-dark.png","@id":"https:\/\/www.teatrulreginamaria.ro\/en\/#articleImage","width":300,"height":148},"datePublished":"2012-03-19T10:22:30+02:00","dateModified":"2012-03-19T10:22:30+02:00","inLanguage":"en-GB","mainEntityOfPage":{"@id":"https:\/\/www.teatrulreginamaria.ro\/en\/premiera-luth-compagnon\/#webpage"},"isPartOf":{"@id":"https:\/\/www.teatrulreginamaria.ro\/en\/premiera-luth-compagnon\/#webpage"},"articleSection":"Nout\u0103\u021bi - Trupa Iosif Vulcan"},{"@type":"BreadcrumbList","@id":"https:\/\/www.teatrulreginamaria.ro\/en\/premiera-luth-compagnon\/#breadcrumblist","itemListElement":[{"@type":"ListItem","@id":"https:\/\/www.teatrulreginamaria.ro\/en#listItem","position":1,"name":"Home","item":"https:\/\/www.teatrulreginamaria.ro\/en","nextItem":{"@type":"ListItem","@id":"https:\/\/www.teatrulreginamaria.ro\/en\/categorie\/noutati\/#listItem","name":"Nout\u0103\u021bi"}},{"@type":"ListItem","@id":"https:\/\/www.teatrulreginamaria.ro\/en\/categorie\/noutati\/#listItem","position":2,"name":"Nout\u0103\u021bi","item":"https:\/\/www.teatrulreginamaria.ro\/en\/categorie\/noutati\/","nextItem":{"@type":"ListItem","@id":"https:\/\/www.teatrulreginamaria.ro\/en\/categorie\/noutati\/noutati-trupa-iosif-vulcan\/#listItem","name":"Nout\u0103\u021bi - Trupa Iosif Vulcan"},"previousItem":{"@type":"ListItem","@id":"https:\/\/www.teatrulreginamaria.ro\/en#listItem","name":"Home"}},{"@type":"ListItem","@id":"https:\/\/www.teatrulreginamaria.ro\/en\/categorie\/noutati\/noutati-trupa-iosif-vulcan\/#listItem","position":3,"name":"Nout\u0103\u021bi - Trupa Iosif Vulcan","item":"https:\/\/www.teatrulreginamaria.ro\/en\/categorie\/noutati\/noutati-trupa-iosif-vulcan\/","nextItem":{"@type":"ListItem","@id":"https:\/\/www.teatrulreginamaria.ro\/en\/premiera-luth-compagnon\/#listItem","name":"PREMIER\u0102: LUTH, COMPAGNON"},"previousItem":{"@type":"ListItem","@id":"https:\/\/www.teatrulreginamaria.ro\/en\/categorie\/noutati\/#listItem","name":"Nout\u0103\u021bi"}},{"@type":"ListItem","@id":"https:\/\/www.teatrulreginamaria.ro\/en\/premiera-luth-compagnon\/#listItem","position":4,"name":"PREMIER\u0102: LUTH, COMPAGNON","previousItem":{"@type":"ListItem","@id":"https:\/\/www.teatrulreginamaria.ro\/en\/categorie\/noutati\/noutati-trupa-iosif-vulcan\/#listItem","name":"Nout\u0103\u021bi - Trupa Iosif Vulcan"}}]},{"@type":"Organization","@id":"https:\/\/www.teatrulreginamaria.ro\/en\/#organization","name":"Teatrul Regina Maria Oradea","description":"Trupa Iosif Vulcan \u0219i Trupa Arcadia","url":"https:\/\/www.teatrulreginamaria.ro\/en\/","email":"marketing@teatrulreginamaria.ro","telephone":"+40359411534","numberOfEmployees":{"@type":"QuantitativeValue","minValue":0,"maxValue":150},"logo":{"@type":"ImageObject","url":"https:\/\/www.teatrulreginamaria.ro\/wp-content\/uploads\/2025\/06\/logo-trm-01-dark.png","@id":"https:\/\/www.teatrulreginamaria.ro\/en\/premiera-luth-compagnon\/#organizationLogo","width":300,"height":148},"image":{"@id":"https:\/\/www.teatrulreginamaria.ro\/en\/premiera-luth-compagnon\/#organizationLogo"},"sameAs":["https:\/\/www.facebook.com\/TRMTrupaIosifVulcan\/","https:\/\/x.com\/TRMOradea","https:\/\/www.instagram.com\/teatrul_regina_maria\/","https:\/\/www.youtube.com\/c\/TeatrulReginaMariaOradea","https:\/\/www.linkedin.com\/company\/teatrul-regina-maria"]},{"@type":"Person","@id":"https:\/\/www.teatrulreginamaria.ro\/en\/author\/w3bmaster\/#author","url":"https:\/\/www.teatrulreginamaria.ro\/en\/author\/w3bmaster\/","name":"Teatrul Regina Maria","image":{"@type":"ImageObject","@id":"https:\/\/www.teatrulreginamaria.ro\/en\/premiera-luth-compagnon\/#authorImage","url":"https:\/\/secure.gravatar.com\/avatar\/5884139d508ae3f0bafe45e60563b48a9640146d3b08ccc6278c305ff9329305?s=96&d=mm&r=g","width":96,"height":96,"caption":"Teatrul Regina Maria"}},{"@type":"WebPage","@id":"https:\/\/www.teatrulreginamaria.ro\/en\/premiera-luth-compagnon\/#webpage","url":"https:\/\/www.teatrulreginamaria.ro\/en\/premiera-luth-compagnon\/","name":"PREMIER\u0102: LUTH, COMPAGNON - Teatrul Regina Maria Oradea","description":"Teatrul Regina Maria, \u00een colaborare cu Funda\u021bia Rock Filarmonica, v\u0103 invit\u0103 cu drag la un spectacol inedit de teatru, muzic\u0103, dans \u0219i poezie, \u00eentr-o zi aleas\u0103: 21 martie, Ziua Interna\u021bional\u0103 a Poeziei. Totodat\u0103, aceast\u0103 zi coincide \u0219i cu ziua de na\u0219tere a artistului or\u0103dean Florian Chelu Madeva, pe care-l vom s\u0103rb\u0103tori al\u0103turi de prieteni \u0219i","inLanguage":"en-GB","isPartOf":{"@id":"https:\/\/www.teatrulreginamaria.ro\/en\/#website"},"breadcrumb":{"@id":"https:\/\/www.teatrulreginamaria.ro\/en\/premiera-luth-compagnon\/#breadcrumblist"},"author":{"@id":"https:\/\/www.teatrulreginamaria.ro\/en\/author\/w3bmaster\/#author"},"creator":{"@id":"https:\/\/www.teatrulreginamaria.ro\/en\/author\/w3bmaster\/#author"},"datePublished":"2012-03-19T10:22:30+02:00","dateModified":"2012-03-19T10:22:30+02:00"},{"@type":"WebSite","@id":"https:\/\/www.teatrulreginamaria.ro\/en\/#website","url":"https:\/\/www.teatrulreginamaria.ro\/en\/","name":"Teatrul Regina Maria Oradea","alternateName":"TRM Oradea","description":"Trupa Iosif Vulcan \u0219i Trupa Arcadia","inLanguage":"en-GB","publisher":{"@id":"https:\/\/www.teatrulreginamaria.ro\/en\/#organization"}}]},"og:locale":"en_GB","og:site_name":"Teatrul Regina Maria Oradea - Trupa Iosif Vulcan \u0219i Trupa Arcadia","og:type":"article","og:title":"PREMIER\u0102: LUTH, COMPAGNON - Teatrul Regina Maria Oradea","og:description":"Teatrul Regina Maria, \u00een colaborare cu Funda\u021bia Rock Filarmonica, v\u0103 invit\u0103 cu drag la un spectacol inedit de teatru, muzic\u0103, dans \u0219i poezie, \u00eentr-o zi aleas\u0103: 21 martie, Ziua Interna\u021bional\u0103 a Poeziei. Totodat\u0103, aceast\u0103 zi coincide \u0219i cu ziua de na\u0219tere a artistului or\u0103dean Florian Chelu Madeva, pe care-l vom s\u0103rb\u0103tori al\u0103turi de prieteni \u0219i","og:url":"https:\/\/www.teatrulreginamaria.ro\/en\/premiera-luth-compagnon\/","og:image":"https:\/\/www.teatrulreginamaria.ro\/wp-content\/uploads\/2025\/03\/trm-istoric-01.jpg","og:image:secure_url":"https:\/\/www.teatrulreginamaria.ro\/wp-content\/uploads\/2025\/03\/trm-istoric-01.jpg","og:image:width":1200,"og:image:height":800,"article:published_time":"2012-03-19T10:22:30+00:00","article:modified_time":"2012-03-19T10:22:30+00:00","article:publisher":"https:\/\/www.facebook.com\/TRMTrupaIosifVulcan\/","twitter:card":"summary_large_image","twitter:site":"@TRMOradea","twitter:title":"PREMIER\u0102: LUTH, COMPAGNON - Teatrul Regina Maria Oradea","twitter:description":"Teatrul Regina Maria, \u00een colaborare cu Funda\u021bia Rock Filarmonica, v\u0103 invit\u0103 cu drag la un spectacol inedit de teatru, muzic\u0103, dans \u0219i poezie, \u00eentr-o zi aleas\u0103: 21 martie, Ziua Interna\u021bional\u0103 a Poeziei. Totodat\u0103, aceast\u0103 zi coincide \u0219i cu ziua de na\u0219tere a artistului or\u0103dean Florian Chelu Madeva, pe care-l vom s\u0103rb\u0103tori al\u0103turi de prieteni \u0219i","twitter:creator":"@TRMOradea","twitter:image":"https:\/\/www.teatrulreginamaria.ro\/wp-content\/uploads\/2025\/03\/trm-istoric-01.jpg"},"aioseo_meta_data":{"post_id":"92","title":null,"description":null,"keywords":null,"keyphrases":null,"primary_term":null,"canonical_url":null,"og_title":null,"og_description":null,"og_object_type":"default","og_image_type":"default","og_image_url":null,"og_image_width":null,"og_image_height":null,"og_image_custom_url":null,"og_image_custom_fields":null,"og_video":null,"og_custom_url":null,"og_article_section":null,"og_article_tags":null,"twitter_use_og":false,"twitter_card":"default","twitter_image_type":"default","twitter_image_url":null,"twitter_image_custom_url":null,"twitter_image_custom_fields":null,"twitter_title":null,"twitter_description":null,"schema":{"blockGraphs":[],"customGraphs":[],"default":{"data":{"Article":[],"Course":[],"Dataset":[],"FAQPage":[],"Movie":[],"Person":[],"Product":[],"ProductReview":[],"Car":[],"Recipe":[],"Service":[],"SoftwareApplication":[],"WebPage":[]},"graphName":"","isEnabled":true},"graphs":[]},"schema_type":"default","schema_type_options":null,"pillar_content":false,"robots_default":true,"robots_noindex":false,"robots_noarchive":false,"robots_nosnippet":false,"robots_nofollow":false,"robots_noimageindex":false,"robots_noodp":false,"robots_notranslate":false,"robots_max_snippet":null,"robots_max_videopreview":null,"robots_max_imagepreview":"large","priority":null,"frequency":null,"local_seo":null,"seo_analyzer_scan_date":"2026-05-12 23:23:41","breadcrumb_settings":null,"limit_modified_date":false,"reviewed_by":null,"open_ai":null,"ai":null,"created":"2025-04-09 17:40:54","updated":"2026-05-12 23:23:41","focus_keyword":null,"additional_keywords":null,"truseo_locale":null},"aioseo_breadcrumb":"<div class=\"aioseo-breadcrumbs\"><span class=\"aioseo-breadcrumb\">\n\t<a href=\"https:\/\/www.teatrulreginamaria.ro\/en\" title=\"Home\">Home<\/a>\n<\/span><span class=\"aioseo-breadcrumb-separator\">&raquo;<\/span><span class=\"aioseo-breadcrumb\">\n\t<a href=\"https:\/\/www.teatrulreginamaria.ro\/en\/categorie\/noutati\/\" title=\"Nout\u0103\u021bi\">Nout\u0103\u021bi<\/a>\n<\/span><span class=\"aioseo-breadcrumb-separator\">&raquo;<\/span><span class=\"aioseo-breadcrumb\">\n\t<a href=\"https:\/\/www.teatrulreginamaria.ro\/en\/categorie\/noutati\/noutati-trupa-iosif-vulcan\/\" title=\"Nout\u0103\u021bi - Trupa Iosif Vulcan\">Nout\u0103\u021bi - Trupa Iosif Vulcan<\/a>\n<\/span><span class=\"aioseo-breadcrumb-separator\">&raquo;<\/span><span class=\"aioseo-breadcrumb\">\n\tPREMIER\u0102: LUTH, COMPAGNON\n<\/span><\/div>","aioseo_breadcrumb_json":[{"label":"Home","link":"https:\/\/www.teatrulreginamaria.ro\/en"},{"label":"Nout\u0103\u021bi","link":"https:\/\/www.teatrulreginamaria.ro\/en\/categorie\/noutati\/"},{"label":"Nout\u0103\u021bi - Trupa Iosif Vulcan","link":"https:\/\/www.teatrulreginamaria.ro\/en\/categorie\/noutati\/noutati-trupa-iosif-vulcan\/"},{"label":"PREMIER\u0102: LUTH, COMPAGNON","link":"https:\/\/www.teatrulreginamaria.ro\/en\/premiera-luth-compagnon\/"}],"acf":[],"_links":{"self":[{"href":"https:\/\/www.teatrulreginamaria.ro\/en\/wp-json\/wp\/v2\/posts\/92","targetHints":{"allow":["GET"]}}],"collection":[{"href":"https:\/\/www.teatrulreginamaria.ro\/en\/wp-json\/wp\/v2\/posts"}],"about":[{"href":"https:\/\/www.teatrulreginamaria.ro\/en\/wp-json\/wp\/v2\/types\/post"}],"author":[{"embeddable":true,"href":"https:\/\/www.teatrulreginamaria.ro\/en\/wp-json\/wp\/v2\/users\/6"}],"replies":[{"embeddable":true,"href":"https:\/\/www.teatrulreginamaria.ro\/en\/wp-json\/wp\/v2\/comments?post=92"}],"version-history":[{"count":0,"href":"https:\/\/www.teatrulreginamaria.ro\/en\/wp-json\/wp\/v2\/posts\/92\/revisions"}],"wp:attachment":[{"href":"https:\/\/www.teatrulreginamaria.ro\/en\/wp-json\/wp\/v2\/media?parent=92"}],"wp:term":[{"taxonomy":"category","embeddable":true,"href":"https:\/\/www.teatrulreginamaria.ro\/en\/wp-json\/wp\/v2\/categories?post=92"},{"taxonomy":"post_tag","embeddable":true,"href":"https:\/\/www.teatrulreginamaria.ro\/en\/wp-json\/wp\/v2\/tags?post=92"}],"curies":[{"name":"wp","href":"https:\/\/api.w.org\/{rel}","templated":true}]}}