{"id":924,"date":"2013-03-26T09:48:31","date_gmt":"2013-03-26T09:48:31","guid":{"rendered":"https:\/\/teatrulreginamaria.ro\/2013\/03\/26\/ziua-mondiala-a-teatrului-artistii-pentru-artisti\/"},"modified":"2013-03-26T09:48:31","modified_gmt":"2013-03-26T09:48:31","slug":"world-theatre-day-artists-for-artists","status":"publish","type":"post","link":"https:\/\/www.teatrulreginamaria.ro\/en\/ziua-mondiala-a-teatrului-artistii-pentru-artisti\/","title":{"rendered":"WORLD THEATRE DAY \u2013 ARTISTS FOR ARTISTS"},"content":{"rendered":"<p style=\"text-align: justify;\" align=\"center\">As every year, the Regina Maria Theatre responds to the National Campaign launched by UNITER \u2013 &quot;Artists for Artists&quot;, so this year, on the occasion of World Theatre Day, celebrated on March 27, the show chosen for this special day is EQUUS* (by Peter Shaffer, under the artistic direction of Szab\u00f3 K. Istv\u00e1n) \u2013 which will be performed on March 28, from 6 pm, at the Great Hall.<\/p>\n<p style=\"text-align: justify;\">On World Theatre Day, the international message was formulated by playwright Dario Fo, and the national one by Ion Caramitru. These messages will be read to the audience before the performances that are part of the Campaign launched by UNITER.<\/p>\n<p><!--more--><\/p>\n<p style=\"text-align: justify;\">The National Campaign &quot;Artists for Artists&quot; is organized by UNITER, together with theaters in Bucharest and across the country, with the aim of raising funds for elderly artists with health problems.<\/p>\n<p style=\"text-align: justify;\">Initiated and organized since 2002, the National Campaign &quot;Artists for Artists&quot; is a stimulator of guild solidarity, a financial resource for elderly artists with health problems, and a signal to the public and authorities regarding their situation and their dignity.<\/p>\n<p style=\"text-align: justify;\">Every year, UNITER, together with important artists and theatrical institutions, and partners who have joined this program, has managed to make possible the National Campaign &quot;Artists for Artists&quot; through which the necessary funds are raised to support elderly artists from all over the country. The funds raised by theaters from ticket sales are directed to a specially established fund - the Theater Solidarity Fund.<\/p>\n<p style=\"text-align: justify;\">*EQUUS (1973) is a play written by the English playwright Peter Shaffer, and is the story of a psychiatrist who tries to treat a young man who has a pathological religious fascination with horses. Shaffer was inspired to write Equus after hearing about a shocking incident: a 17-year-old boy blinded six horses in a small town near Suffolk. The playwright built a fictional history of the possible causes of the incident, without knowing any other details about it. The plot of the play is similar to a detective story, in which psychiatrist Martin Dysart tries to understand the causes of the boy&#039;s actions, while struggling with conflicting feelings about his personal life.<\/p>","protected":false},"excerpt":{"rendered":"<p>Ca \u00een fiecare an, Teatrul Regina Maria r\u0103spunde Campaniei Na\u021bionale lansate de UNITER &#8211; \u201eArti\u015ftii pentru arti\u015fti\u201d, astfel c\u0103 anul acesta, cu prilejul Zilei Mondiale a Teatrului, celebrat\u0103 \u00een 27 martie, spectacolul ales cu ocazia acestei zile speciale e EQUUS* (de Peter Shaffer, \u00een regia artistic\u0103 a lui Szab\u00f3 K. Istv\u00e1n) \u2013 care se va [&hellip;]<\/p>\n","protected":false},"author":6,"featured_media":0,"comment_status":"open","ping_status":"open","sticky":false,"template":"","format":"standard","meta":{"_acf_changed":false,"footnotes":""},"categories":[22],"tags":[],"class_list":["post-924","post","type-post","status-publish","format-standard","hentry","category-noutati-trupa-iosif-vulcan"],"aioseo_notices":[],"aioseo_head":"\n\t\t<!-- All in One SEO Pro 5.0.1.1 - aioseo.com -->\n\t<meta name=\"description\" content=\"Ca \u00een fiecare an, Teatrul Regina Maria r\u0103spunde Campaniei Na\u021bionale lansate de UNITER - \u201eArti\u015ftii pentru arti\u015fti\u201d, astfel c\u0103 anul acesta, cu prilejul Zilei Mondiale a Teatrului, celebrat\u0103 \u00een 27 martie, spectacolul ales cu ocazia acestei zile speciale e EQUUS* (de Peter Shaffer, \u00een regia artistic\u0103 a lui Szab\u00f3 K. Istv\u00e1n) \u2013 care se va\" \/>\n\t<meta name=\"robots\" content=\"max-image-preview:large\" \/>\n\t<meta name=\"author\" content=\"Teatrul Regina Maria\"\/>\n\t<link rel=\"canonical\" href=\"https:\/\/www.teatrulreginamaria.ro\/en\/ziua-mondiala-a-teatrului-artistii-pentru-artisti\/\" \/>\n\t<meta name=\"generator\" content=\"All in One SEO Pro (AIOSEO) 5.0.1.1\" \/>\n\t\t<meta property=\"og:locale\" content=\"en_GB\" \/>\n\t\t<meta property=\"og:site_name\" content=\"Teatrul Regina Maria Oradea - Trupa Iosif Vulcan \u0219i Trupa Arcadia\" \/>\n\t\t<meta property=\"og:type\" content=\"article\" \/>\n\t\t<meta property=\"og:title\" content=\"ZIUA MONDIAL\u0102 A TEATRULUI \u2013 ARTI\u0218TII PENTRU ARTI\u0218TI - Teatrul Regina Maria Oradea\" \/>\n\t\t<meta property=\"og:description\" content=\"Ca \u00een fiecare an, Teatrul Regina Maria r\u0103spunde Campaniei Na\u021bionale lansate de UNITER - \u201eArti\u015ftii pentru arti\u015fti\u201d, astfel c\u0103 anul acesta, cu prilejul Zilei Mondiale a Teatrului, celebrat\u0103 \u00een 27 martie, spectacolul ales cu ocazia acestei zile speciale e EQUUS* (de Peter Shaffer, \u00een regia artistic\u0103 a lui Szab\u00f3 K. Istv\u00e1n) \u2013 care se va\" \/>\n\t\t<meta property=\"og:url\" content=\"https:\/\/www.teatrulreginamaria.ro\/en\/ziua-mondiala-a-teatrului-artistii-pentru-artisti\/\" \/>\n\t\t<meta property=\"og:image\" content=\"https:\/\/www.teatrulreginamaria.ro\/wp-content\/uploads\/2025\/03\/trm-istoric-01.jpg\" \/>\n\t\t<meta property=\"og:image:secure_url\" content=\"https:\/\/www.teatrulreginamaria.ro\/wp-content\/uploads\/2025\/03\/trm-istoric-01.jpg\" \/>\n\t\t<meta property=\"og:image:width\" content=\"1200\" \/>\n\t\t<meta property=\"og:image:height\" content=\"800\" \/>\n\t\t<meta property=\"article:published_time\" content=\"2013-03-26T09:48:31+00:00\" \/>\n\t\t<meta property=\"article:modified_time\" content=\"2013-03-26T09:48:31+00:00\" \/>\n\t\t<meta property=\"article:publisher\" content=\"https:\/\/www.facebook.com\/TRMTrupaIosifVulcan\/\" \/>\n\t\t<meta name=\"twitter:card\" content=\"summary_large_image\" \/>\n\t\t<meta name=\"twitter:site\" content=\"@TRMOradea\" \/>\n\t\t<meta name=\"twitter:title\" content=\"ZIUA MONDIAL\u0102 A TEATRULUI \u2013 ARTI\u0218TII PENTRU ARTI\u0218TI - Teatrul Regina Maria Oradea\" \/>\n\t\t<meta name=\"twitter:description\" content=\"Ca \u00een fiecare an, Teatrul Regina Maria r\u0103spunde Campaniei Na\u021bionale lansate de UNITER - \u201eArti\u015ftii pentru arti\u015fti\u201d, astfel c\u0103 anul acesta, cu prilejul Zilei Mondiale a Teatrului, celebrat\u0103 \u00een 27 martie, spectacolul ales cu ocazia acestei zile speciale e EQUUS* (de Peter Shaffer, \u00een regia artistic\u0103 a lui Szab\u00f3 K. Istv\u00e1n) \u2013 care se va\" \/>\n\t\t<meta name=\"twitter:creator\" content=\"@TRMOradea\" \/>\n\t\t<meta name=\"twitter:image\" content=\"https:\/\/www.teatrulreginamaria.ro\/wp-content\/uploads\/2025\/03\/trm-istoric-01.jpg\" \/>\n\t\t<script type=\"application\/ld+json\" class=\"aioseo-schema\">\n\t\t\t{\"@context\":\"https:\\\/\\\/schema.org\",\"@graph\":[{\"@type\":\"BlogPosting\",\"@id\":\"https:\\\/\\\/www.teatrulreginamaria.ro\\\/en\\\/ziua-mondiala-a-teatrului-artistii-pentru-artisti\\\/#blogposting\",\"name\":\"ZIUA MONDIAL\\u0102 A TEATRULUI \\u2013 ARTI\\u0218TII PENTRU ARTI\\u0218TI - Teatrul Regina Maria Oradea\",\"headline\":\"ZIUA MONDIAL\\u0102 A TEATRULUI &#8211; ARTI\\u0218TII PENTRU ARTI\\u0218TI\",\"author\":{\"@id\":\"https:\\\/\\\/www.teatrulreginamaria.ro\\\/en\\\/author\\\/w3bmaster\\\/#author\"},\"publisher\":{\"@id\":\"https:\\\/\\\/www.teatrulreginamaria.ro\\\/en\\\/#organization\"},\"image\":{\"@type\":\"ImageObject\",\"url\":\"https:\\\/\\\/www.teatrulreginamaria.ro\\\/wp-content\\\/uploads\\\/2025\\\/06\\\/logo-trm-01-dark.png\",\"@id\":\"https:\\\/\\\/www.teatrulreginamaria.ro\\\/en\\\/#articleImage\",\"width\":300,\"height\":148},\"datePublished\":\"2013-03-26T09:48:31+02:00\",\"dateModified\":\"2013-03-26T09:48:31+02:00\",\"inLanguage\":\"en-GB\",\"mainEntityOfPage\":{\"@id\":\"https:\\\/\\\/www.teatrulreginamaria.ro\\\/en\\\/ziua-mondiala-a-teatrului-artistii-pentru-artisti\\\/#webpage\"},\"isPartOf\":{\"@id\":\"https:\\\/\\\/www.teatrulreginamaria.ro\\\/en\\\/ziua-mondiala-a-teatrului-artistii-pentru-artisti\\\/#webpage\"},\"articleSection\":\"Nout\\u0103\\u021bi - Trupa Iosif Vulcan\"},{\"@type\":\"BreadcrumbList\",\"@id\":\"https:\\\/\\\/www.teatrulreginamaria.ro\\\/en\\\/ziua-mondiala-a-teatrului-artistii-pentru-artisti\\\/#breadcrumblist\",\"itemListElement\":[{\"@type\":\"ListItem\",\"@id\":\"https:\\\/\\\/www.teatrulreginamaria.ro\\\/en#listItem\",\"position\":1,\"name\":\"Home\",\"item\":\"https:\\\/\\\/www.teatrulreginamaria.ro\\\/en\",\"nextItem\":{\"@type\":\"ListItem\",\"@id\":\"https:\\\/\\\/www.teatrulreginamaria.ro\\\/en\\\/categorie\\\/noutati\\\/#listItem\",\"name\":\"Nout\\u0103\\u021bi\"}},{\"@type\":\"ListItem\",\"@id\":\"https:\\\/\\\/www.teatrulreginamaria.ro\\\/en\\\/categorie\\\/noutati\\\/#listItem\",\"position\":2,\"name\":\"Nout\\u0103\\u021bi\",\"item\":\"https:\\\/\\\/www.teatrulreginamaria.ro\\\/en\\\/categorie\\\/noutati\\\/\",\"nextItem\":{\"@type\":\"ListItem\",\"@id\":\"https:\\\/\\\/www.teatrulreginamaria.ro\\\/en\\\/categorie\\\/noutati\\\/noutati-trupa-iosif-vulcan\\\/#listItem\",\"name\":\"Nout\\u0103\\u021bi - Trupa Iosif Vulcan\"},\"previousItem\":{\"@type\":\"ListItem\",\"@id\":\"https:\\\/\\\/www.teatrulreginamaria.ro\\\/en#listItem\",\"name\":\"Home\"}},{\"@type\":\"ListItem\",\"@id\":\"https:\\\/\\\/www.teatrulreginamaria.ro\\\/en\\\/categorie\\\/noutati\\\/noutati-trupa-iosif-vulcan\\\/#listItem\",\"position\":3,\"name\":\"Nout\\u0103\\u021bi - Trupa Iosif Vulcan\",\"item\":\"https:\\\/\\\/www.teatrulreginamaria.ro\\\/en\\\/categorie\\\/noutati\\\/noutati-trupa-iosif-vulcan\\\/\",\"nextItem\":{\"@type\":\"ListItem\",\"@id\":\"https:\\\/\\\/www.teatrulreginamaria.ro\\\/en\\\/ziua-mondiala-a-teatrului-artistii-pentru-artisti\\\/#listItem\",\"name\":\"ZIUA MONDIAL\\u0102 A TEATRULUI &#8211; ARTI\\u0218TII PENTRU ARTI\\u0218TI\"},\"previousItem\":{\"@type\":\"ListItem\",\"@id\":\"https:\\\/\\\/www.teatrulreginamaria.ro\\\/en\\\/categorie\\\/noutati\\\/#listItem\",\"name\":\"Nout\\u0103\\u021bi\"}},{\"@type\":\"ListItem\",\"@id\":\"https:\\\/\\\/www.teatrulreginamaria.ro\\\/en\\\/ziua-mondiala-a-teatrului-artistii-pentru-artisti\\\/#listItem\",\"position\":4,\"name\":\"ZIUA MONDIAL\\u0102 A TEATRULUI &#8211; ARTI\\u0218TII PENTRU ARTI\\u0218TI\",\"previousItem\":{\"@type\":\"ListItem\",\"@id\":\"https:\\\/\\\/www.teatrulreginamaria.ro\\\/en\\\/categorie\\\/noutati\\\/noutati-trupa-iosif-vulcan\\\/#listItem\",\"name\":\"Nout\\u0103\\u021bi - Trupa Iosif Vulcan\"}}]},{\"@type\":\"Organization\",\"@id\":\"https:\\\/\\\/www.teatrulreginamaria.ro\\\/en\\\/#organization\",\"name\":\"Teatrul Regina Maria Oradea\",\"description\":\"Trupa Iosif Vulcan \\u0219i Trupa Arcadia\",\"url\":\"https:\\\/\\\/www.teatrulreginamaria.ro\\\/en\\\/\",\"email\":\"marketing@teatrulreginamaria.ro\",\"telephone\":\"+40359411534\",\"numberOfEmployees\":{\"@type\":\"QuantitativeValue\",\"minValue\":0,\"maxValue\":150},\"logo\":{\"@type\":\"ImageObject\",\"url\":\"https:\\\/\\\/www.teatrulreginamaria.ro\\\/wp-content\\\/uploads\\\/2025\\\/06\\\/logo-trm-01-dark.png\",\"@id\":\"https:\\\/\\\/www.teatrulreginamaria.ro\\\/en\\\/ziua-mondiala-a-teatrului-artistii-pentru-artisti\\\/#organizationLogo\",\"width\":300,\"height\":148},\"image\":{\"@id\":\"https:\\\/\\\/www.teatrulreginamaria.ro\\\/en\\\/ziua-mondiala-a-teatrului-artistii-pentru-artisti\\\/#organizationLogo\"},\"sameAs\":[\"https:\\\/\\\/www.facebook.com\\\/TRMTrupaIosifVulcan\\\/\",\"https:\\\/\\\/x.com\\\/TRMOradea\",\"https:\\\/\\\/www.instagram.com\\\/teatrul_regina_maria\\\/\",\"https:\\\/\\\/www.youtube.com\\\/c\\\/TeatrulReginaMariaOradea\",\"https:\\\/\\\/www.linkedin.com\\\/company\\\/teatrul-regina-maria\"]},{\"@type\":\"Person\",\"@id\":\"https:\\\/\\\/www.teatrulreginamaria.ro\\\/en\\\/author\\\/w3bmaster\\\/#author\",\"url\":\"https:\\\/\\\/www.teatrulreginamaria.ro\\\/en\\\/author\\\/w3bmaster\\\/\",\"name\":\"Teatrul Regina Maria\",\"image\":{\"@type\":\"ImageObject\",\"@id\":\"https:\\\/\\\/www.teatrulreginamaria.ro\\\/en\\\/ziua-mondiala-a-teatrului-artistii-pentru-artisti\\\/#authorImage\",\"url\":\"https:\\\/\\\/secure.gravatar.com\\\/avatar\\\/5884139d508ae3f0bafe45e60563b48a9640146d3b08ccc6278c305ff9329305?s=96&d=mm&r=g\",\"width\":96,\"height\":96,\"caption\":\"Teatrul Regina Maria\"}},{\"@type\":\"WebPage\",\"@id\":\"https:\\\/\\\/www.teatrulreginamaria.ro\\\/en\\\/ziua-mondiala-a-teatrului-artistii-pentru-artisti\\\/#webpage\",\"url\":\"https:\\\/\\\/www.teatrulreginamaria.ro\\\/en\\\/ziua-mondiala-a-teatrului-artistii-pentru-artisti\\\/\",\"name\":\"ZIUA MONDIAL\\u0102 A TEATRULUI \\u2013 ARTI\\u0218TII PENTRU ARTI\\u0218TI - Teatrul Regina Maria Oradea\",\"description\":\"Ca \\u00een fiecare an, Teatrul Regina Maria r\\u0103spunde Campaniei Na\\u021bionale lansate de UNITER - \\u201eArti\\u015ftii pentru arti\\u015fti\\u201d, astfel c\\u0103 anul acesta, cu prilejul Zilei Mondiale a Teatrului, celebrat\\u0103 \\u00een 27 martie, spectacolul ales cu ocazia acestei zile speciale e EQUUS* (de Peter Shaffer, \\u00een regia artistic\\u0103 a lui Szab\\u00f3 K. Istv\\u00e1n) \\u2013 care se va\",\"inLanguage\":\"en-GB\",\"isPartOf\":{\"@id\":\"https:\\\/\\\/www.teatrulreginamaria.ro\\\/en\\\/#website\"},\"breadcrumb\":{\"@id\":\"https:\\\/\\\/www.teatrulreginamaria.ro\\\/en\\\/ziua-mondiala-a-teatrului-artistii-pentru-artisti\\\/#breadcrumblist\"},\"author\":{\"@id\":\"https:\\\/\\\/www.teatrulreginamaria.ro\\\/en\\\/author\\\/w3bmaster\\\/#author\"},\"creator\":{\"@id\":\"https:\\\/\\\/www.teatrulreginamaria.ro\\\/en\\\/author\\\/w3bmaster\\\/#author\"},\"datePublished\":\"2013-03-26T09:48:31+02:00\",\"dateModified\":\"2013-03-26T09:48:31+02:00\"},{\"@type\":\"WebSite\",\"@id\":\"https:\\\/\\\/www.teatrulreginamaria.ro\\\/en\\\/#website\",\"url\":\"https:\\\/\\\/www.teatrulreginamaria.ro\\\/en\\\/\",\"name\":\"Teatrul Regina Maria Oradea\",\"alternateName\":\"TRM Oradea\",\"description\":\"Trupa Iosif Vulcan \\u0219i Trupa Arcadia\",\"inLanguage\":\"en-GB\",\"publisher\":{\"@id\":\"https:\\\/\\\/www.teatrulreginamaria.ro\\\/en\\\/#organization\"}}]}\n\t\t<\/script>\n\t\t<!-- All in One SEO Pro -->\r\n\t\t<title>ZIUA MONDIAL\u0102 A TEATRULUI \u2013 ARTI\u0218TII PENTRU ARTI\u0218TI - Teatrul Regina Maria Oradea<\/title>\n\n","aioseo_head_json":{"title":"WORLD THEATRE DAY \u2013 ARTISTS FOR ARTISTS - Regina Maria Theatre Oradea","description":"As every year, the Regina Maria Theatre responds to the National Campaign launched by UNITER - &quot;Artists for Artists&quot;, so this year, on the occasion of World Theatre Day, celebrated on March 27, the show chosen for this special day is EQUUS* (by Peter Shaffer, under the artistic direction of Szab\u00f3 K. Istv\u00e1n) - which will","canonical_url":"https:\/\/www.teatrulreginamaria.ro\/en\/ziua-mondiala-a-teatrului-artistii-pentru-artisti\/","robots":"max-image-preview:large","keywords":"","webmasterTools":{"miscellaneous":""},"schema":{"@context":"https:\/\/schema.org","@graph":[{"@type":"BlogPosting","@id":"https:\/\/www.teatrulreginamaria.ro\/en\/ziua-mondiala-a-teatrului-artistii-pentru-artisti\/#blogposting","name":"ZIUA MONDIAL\u0102 A TEATRULUI \u2013 ARTI\u0218TII PENTRU ARTI\u0218TI - Teatrul Regina Maria Oradea","headline":"ZIUA MONDIAL\u0102 A TEATRULUI &#8211; ARTI\u0218TII PENTRU ARTI\u0218TI","author":{"@id":"https:\/\/www.teatrulreginamaria.ro\/en\/author\/w3bmaster\/#author"},"publisher":{"@id":"https:\/\/www.teatrulreginamaria.ro\/en\/#organization"},"image":{"@type":"ImageObject","url":"https:\/\/www.teatrulreginamaria.ro\/wp-content\/uploads\/2025\/06\/logo-trm-01-dark.png","@id":"https:\/\/www.teatrulreginamaria.ro\/en\/#articleImage","width":300,"height":148},"datePublished":"2013-03-26T09:48:31+02:00","dateModified":"2013-03-26T09:48:31+02:00","inLanguage":"en-GB","mainEntityOfPage":{"@id":"https:\/\/www.teatrulreginamaria.ro\/en\/ziua-mondiala-a-teatrului-artistii-pentru-artisti\/#webpage"},"isPartOf":{"@id":"https:\/\/www.teatrulreginamaria.ro\/en\/ziua-mondiala-a-teatrului-artistii-pentru-artisti\/#webpage"},"articleSection":"Nout\u0103\u021bi - Trupa Iosif Vulcan"},{"@type":"BreadcrumbList","@id":"https:\/\/www.teatrulreginamaria.ro\/en\/ziua-mondiala-a-teatrului-artistii-pentru-artisti\/#breadcrumblist","itemListElement":[{"@type":"ListItem","@id":"https:\/\/www.teatrulreginamaria.ro\/en#listItem","position":1,"name":"Home","item":"https:\/\/www.teatrulreginamaria.ro\/en","nextItem":{"@type":"ListItem","@id":"https:\/\/www.teatrulreginamaria.ro\/en\/categorie\/noutati\/#listItem","name":"Nout\u0103\u021bi"}},{"@type":"ListItem","@id":"https:\/\/www.teatrulreginamaria.ro\/en\/categorie\/noutati\/#listItem","position":2,"name":"Nout\u0103\u021bi","item":"https:\/\/www.teatrulreginamaria.ro\/en\/categorie\/noutati\/","nextItem":{"@type":"ListItem","@id":"https:\/\/www.teatrulreginamaria.ro\/en\/categorie\/noutati\/noutati-trupa-iosif-vulcan\/#listItem","name":"Nout\u0103\u021bi - Trupa Iosif Vulcan"},"previousItem":{"@type":"ListItem","@id":"https:\/\/www.teatrulreginamaria.ro\/en#listItem","name":"Home"}},{"@type":"ListItem","@id":"https:\/\/www.teatrulreginamaria.ro\/en\/categorie\/noutati\/noutati-trupa-iosif-vulcan\/#listItem","position":3,"name":"Nout\u0103\u021bi - Trupa Iosif Vulcan","item":"https:\/\/www.teatrulreginamaria.ro\/en\/categorie\/noutati\/noutati-trupa-iosif-vulcan\/","nextItem":{"@type":"ListItem","@id":"https:\/\/www.teatrulreginamaria.ro\/en\/ziua-mondiala-a-teatrului-artistii-pentru-artisti\/#listItem","name":"ZIUA MONDIAL\u0102 A TEATRULUI &#8211; ARTI\u0218TII PENTRU ARTI\u0218TI"},"previousItem":{"@type":"ListItem","@id":"https:\/\/www.teatrulreginamaria.ro\/en\/categorie\/noutati\/#listItem","name":"Nout\u0103\u021bi"}},{"@type":"ListItem","@id":"https:\/\/www.teatrulreginamaria.ro\/en\/ziua-mondiala-a-teatrului-artistii-pentru-artisti\/#listItem","position":4,"name":"ZIUA MONDIAL\u0102 A TEATRULUI &#8211; ARTI\u0218TII PENTRU ARTI\u0218TI","previousItem":{"@type":"ListItem","@id":"https:\/\/www.teatrulreginamaria.ro\/en\/categorie\/noutati\/noutati-trupa-iosif-vulcan\/#listItem","name":"Nout\u0103\u021bi - Trupa Iosif Vulcan"}}]},{"@type":"Organization","@id":"https:\/\/www.teatrulreginamaria.ro\/en\/#organization","name":"Teatrul Regina Maria Oradea","description":"Trupa Iosif Vulcan \u0219i Trupa Arcadia","url":"https:\/\/www.teatrulreginamaria.ro\/en\/","email":"marketing@teatrulreginamaria.ro","telephone":"+40359411534","numberOfEmployees":{"@type":"QuantitativeValue","minValue":0,"maxValue":150},"logo":{"@type":"ImageObject","url":"https:\/\/www.teatrulreginamaria.ro\/wp-content\/uploads\/2025\/06\/logo-trm-01-dark.png","@id":"https:\/\/www.teatrulreginamaria.ro\/en\/ziua-mondiala-a-teatrului-artistii-pentru-artisti\/#organizationLogo","width":300,"height":148},"image":{"@id":"https:\/\/www.teatrulreginamaria.ro\/en\/ziua-mondiala-a-teatrului-artistii-pentru-artisti\/#organizationLogo"},"sameAs":["https:\/\/www.facebook.com\/TRMTrupaIosifVulcan\/","https:\/\/x.com\/TRMOradea","https:\/\/www.instagram.com\/teatrul_regina_maria\/","https:\/\/www.youtube.com\/c\/TeatrulReginaMariaOradea","https:\/\/www.linkedin.com\/company\/teatrul-regina-maria"]},{"@type":"Person","@id":"https:\/\/www.teatrulreginamaria.ro\/en\/author\/w3bmaster\/#author","url":"https:\/\/www.teatrulreginamaria.ro\/en\/author\/w3bmaster\/","name":"Teatrul Regina Maria","image":{"@type":"ImageObject","@id":"https:\/\/www.teatrulreginamaria.ro\/en\/ziua-mondiala-a-teatrului-artistii-pentru-artisti\/#authorImage","url":"https:\/\/secure.gravatar.com\/avatar\/5884139d508ae3f0bafe45e60563b48a9640146d3b08ccc6278c305ff9329305?s=96&d=mm&r=g","width":96,"height":96,"caption":"Teatrul Regina Maria"}},{"@type":"WebPage","@id":"https:\/\/www.teatrulreginamaria.ro\/en\/ziua-mondiala-a-teatrului-artistii-pentru-artisti\/#webpage","url":"https:\/\/www.teatrulreginamaria.ro\/en\/ziua-mondiala-a-teatrului-artistii-pentru-artisti\/","name":"ZIUA MONDIAL\u0102 A TEATRULUI \u2013 ARTI\u0218TII PENTRU ARTI\u0218TI - Teatrul Regina Maria Oradea","description":"Ca \u00een fiecare an, Teatrul Regina Maria r\u0103spunde Campaniei Na\u021bionale lansate de UNITER - \u201eArti\u015ftii pentru arti\u015fti\u201d, astfel c\u0103 anul acesta, cu prilejul Zilei Mondiale a Teatrului, celebrat\u0103 \u00een 27 martie, spectacolul ales cu ocazia acestei zile speciale e EQUUS* (de Peter Shaffer, \u00een regia artistic\u0103 a lui Szab\u00f3 K. Istv\u00e1n) \u2013 care se va","inLanguage":"en-GB","isPartOf":{"@id":"https:\/\/www.teatrulreginamaria.ro\/en\/#website"},"breadcrumb":{"@id":"https:\/\/www.teatrulreginamaria.ro\/en\/ziua-mondiala-a-teatrului-artistii-pentru-artisti\/#breadcrumblist"},"author":{"@id":"https:\/\/www.teatrulreginamaria.ro\/en\/author\/w3bmaster\/#author"},"creator":{"@id":"https:\/\/www.teatrulreginamaria.ro\/en\/author\/w3bmaster\/#author"},"datePublished":"2013-03-26T09:48:31+02:00","dateModified":"2013-03-26T09:48:31+02:00"},{"@type":"WebSite","@id":"https:\/\/www.teatrulreginamaria.ro\/en\/#website","url":"https:\/\/www.teatrulreginamaria.ro\/en\/","name":"Teatrul Regina Maria Oradea","alternateName":"TRM Oradea","description":"Trupa Iosif Vulcan \u0219i Trupa Arcadia","inLanguage":"en-GB","publisher":{"@id":"https:\/\/www.teatrulreginamaria.ro\/en\/#organization"}}]},"og:locale":"en_GB","og:site_name":"Teatrul Regina Maria Oradea - Trupa Iosif Vulcan \u0219i Trupa Arcadia","og:type":"article","og:title":"ZIUA MONDIAL\u0102 A TEATRULUI \u2013 ARTI\u0218TII PENTRU ARTI\u0218TI - Teatrul Regina Maria Oradea","og:description":"Ca \u00een fiecare an, Teatrul Regina Maria r\u0103spunde Campaniei Na\u021bionale lansate de UNITER - \u201eArti\u015ftii pentru arti\u015fti\u201d, astfel c\u0103 anul acesta, cu prilejul Zilei Mondiale a Teatrului, celebrat\u0103 \u00een 27 martie, spectacolul ales cu ocazia acestei zile speciale e EQUUS* (de Peter Shaffer, \u00een regia artistic\u0103 a lui Szab\u00f3 K. Istv\u00e1n) \u2013 care se va","og:url":"https:\/\/www.teatrulreginamaria.ro\/en\/ziua-mondiala-a-teatrului-artistii-pentru-artisti\/","og:image":"https:\/\/www.teatrulreginamaria.ro\/wp-content\/uploads\/2025\/03\/trm-istoric-01.jpg","og:image:secure_url":"https:\/\/www.teatrulreginamaria.ro\/wp-content\/uploads\/2025\/03\/trm-istoric-01.jpg","og:image:width":1200,"og:image:height":800,"article:published_time":"2013-03-26T09:48:31+00:00","article:modified_time":"2013-03-26T09:48:31+00:00","article:publisher":"https:\/\/www.facebook.com\/TRMTrupaIosifVulcan\/","twitter:card":"summary_large_image","twitter:site":"@TRMOradea","twitter:title":"ZIUA MONDIAL\u0102 A TEATRULUI \u2013 ARTI\u0218TII PENTRU ARTI\u0218TI - Teatrul Regina Maria Oradea","twitter:description":"Ca \u00een fiecare an, Teatrul Regina Maria r\u0103spunde Campaniei Na\u021bionale lansate de UNITER - \u201eArti\u015ftii pentru arti\u015fti\u201d, astfel c\u0103 anul acesta, cu prilejul Zilei Mondiale a Teatrului, celebrat\u0103 \u00een 27 martie, spectacolul ales cu ocazia acestei zile speciale e EQUUS* (de Peter Shaffer, \u00een regia artistic\u0103 a lui Szab\u00f3 K. Istv\u00e1n) \u2013 care se va","twitter:creator":"@TRMOradea","twitter:image":"https:\/\/www.teatrulreginamaria.ro\/wp-content\/uploads\/2025\/03\/trm-istoric-01.jpg"},"aioseo_meta_data":{"post_id":"924","title":null,"description":null,"keywords":null,"keyphrases":null,"primary_term":null,"canonical_url":null,"og_title":null,"og_description":null,"og_object_type":"default","og_image_type":"default","og_image_url":null,"og_image_width":null,"og_image_height":null,"og_image_custom_url":null,"og_image_custom_fields":null,"og_video":null,"og_custom_url":null,"og_article_section":null,"og_article_tags":null,"twitter_use_og":false,"twitter_card":"default","twitter_image_type":"default","twitter_image_url":null,"twitter_image_custom_url":null,"twitter_image_custom_fields":null,"twitter_title":null,"twitter_description":null,"schema":{"blockGraphs":[],"customGraphs":[],"default":{"data":{"Article":[],"Course":[],"Dataset":[],"FAQPage":[],"Movie":[],"Person":[],"Product":[],"ProductReview":[],"Car":[],"Recipe":[],"Service":[],"SoftwareApplication":[],"WebPage":[]},"graphName":"","isEnabled":true},"graphs":[]},"schema_type":"default","schema_type_options":null,"pillar_content":false,"robots_default":true,"robots_noindex":false,"robots_noarchive":false,"robots_nosnippet":false,"robots_nofollow":false,"robots_noimageindex":false,"robots_noodp":false,"robots_notranslate":false,"robots_max_snippet":null,"robots_max_videopreview":null,"robots_max_imagepreview":"large","priority":null,"frequency":null,"local_seo":null,"seo_analyzer_scan_date":"2026-05-12 23:45:34","breadcrumb_settings":null,"limit_modified_date":false,"reviewed_by":null,"open_ai":null,"ai":null,"created":"2025-04-09 17:40:54","updated":"2026-05-12 23:45:34","focus_keyword":null,"additional_keywords":null,"truseo_locale":null},"aioseo_breadcrumb":"<div class=\"aioseo-breadcrumbs\"><span class=\"aioseo-breadcrumb\">\n\t<a href=\"https:\/\/www.teatrulreginamaria.ro\/en\" title=\"Home\">Home<\/a>\n<\/span><span class=\"aioseo-breadcrumb-separator\">&raquo;<\/span><span class=\"aioseo-breadcrumb\">\n\t<a href=\"https:\/\/www.teatrulreginamaria.ro\/en\/categorie\/noutati\/\" title=\"Nout\u0103\u021bi\">Nout\u0103\u021bi<\/a>\n<\/span><span class=\"aioseo-breadcrumb-separator\">&raquo;<\/span><span class=\"aioseo-breadcrumb\">\n\t<a href=\"https:\/\/www.teatrulreginamaria.ro\/en\/categorie\/noutati\/noutati-trupa-iosif-vulcan\/\" title=\"Nout\u0103\u021bi - Trupa Iosif Vulcan\">Nout\u0103\u021bi - Trupa Iosif Vulcan<\/a>\n<\/span><span class=\"aioseo-breadcrumb-separator\">&raquo;<\/span><span class=\"aioseo-breadcrumb\">\n\tZIUA MONDIAL\u0102 A TEATRULUI \u2013 ARTI\u0218TII PENTRU ARTI\u0218TI\n<\/span><\/div>","aioseo_breadcrumb_json":[{"label":"Home","link":"https:\/\/www.teatrulreginamaria.ro\/en"},{"label":"Nout\u0103\u021bi","link":"https:\/\/www.teatrulreginamaria.ro\/en\/categorie\/noutati\/"},{"label":"Nout\u0103\u021bi - Trupa Iosif Vulcan","link":"https:\/\/www.teatrulreginamaria.ro\/en\/categorie\/noutati\/noutati-trupa-iosif-vulcan\/"},{"label":"ZIUA MONDIAL\u0102 A TEATRULUI &#8211; ARTI\u0218TII PENTRU ARTI\u0218TI","link":"https:\/\/www.teatrulreginamaria.ro\/en\/ziua-mondiala-a-teatrului-artistii-pentru-artisti\/"}],"acf":[],"_links":{"self":[{"href":"https:\/\/www.teatrulreginamaria.ro\/en\/wp-json\/wp\/v2\/posts\/924","targetHints":{"allow":["GET"]}}],"collection":[{"href":"https:\/\/www.teatrulreginamaria.ro\/en\/wp-json\/wp\/v2\/posts"}],"about":[{"href":"https:\/\/www.teatrulreginamaria.ro\/en\/wp-json\/wp\/v2\/types\/post"}],"author":[{"embeddable":true,"href":"https:\/\/www.teatrulreginamaria.ro\/en\/wp-json\/wp\/v2\/users\/6"}],"replies":[{"embeddable":true,"href":"https:\/\/www.teatrulreginamaria.ro\/en\/wp-json\/wp\/v2\/comments?post=924"}],"version-history":[{"count":0,"href":"https:\/\/www.teatrulreginamaria.ro\/en\/wp-json\/wp\/v2\/posts\/924\/revisions"}],"wp:attachment":[{"href":"https:\/\/www.teatrulreginamaria.ro\/en\/wp-json\/wp\/v2\/media?parent=924"}],"wp:term":[{"taxonomy":"category","embeddable":true,"href":"https:\/\/www.teatrulreginamaria.ro\/en\/wp-json\/wp\/v2\/categories?post=924"},{"taxonomy":"post_tag","embeddable":true,"href":"https:\/\/www.teatrulreginamaria.ro\/en\/wp-json\/wp\/v2\/tags?post=924"}],"curies":[{"name":"wp","href":"https:\/\/api.w.org\/{rel}","templated":true}]}}