{"id":960,"date":"2013-09-20T13:37:01","date_gmt":"2013-09-20T13:37:01","guid":{"rendered":"https:\/\/teatrulreginamaria.ro\/2013\/09\/20\/spectacole-la-fito-sambata-21-septembrie\/"},"modified":"2013-09-20T13:37:01","modified_gmt":"2013-09-20T13:37:01","slug":"shows-at-fito-saturday-september-21","status":"publish","type":"post","link":"https:\/\/www.teatrulreginamaria.ro\/en\/spectacole-la-fito-sambata-21-septembrie\/","title":{"rendered":"SHOWS AT FITO: SATURDAY, SEPTEMBER 21"},"content":{"rendered":"<p>The second day of the Oradea International Theater Festival, Saturday, September 21, starts at 2 pm with a street show: living statues on Corso - the costumed members of the Become Theater Company from Sibiu.<\/p>\n<p style=\"text-align: justify;\">From 5 pm we invite you to the first show in the competition organized within the Short Theater Festival: THE LESSON (by Eug\u00e8ne Ionesco, directed by Florin Vidamski), by the Athanor Theater in Germany - the absurd play that proposes a burlesque text but with dramatic play.<\/p>\n<p><!--more--><\/p>\n<p style=\"text-align: justify;\">On the Corso, from 6 pm, you are welcome to the Mexican fiesta: together with the Mexican Folkloric Dance Group \u201cAztl\u00e1n\u201d. Its sources of inspiration come from the daily activities of rural Mexicans, from the flora and fauna of the region.<\/p>\n<p style=\"text-align: justify;\">From 7 pm, at the Great Hall, a new show from the FTS competition is being played: LEONIDA GEM SESSION, by the Hungarian State Theatre in Cluj! The stars of Hungarian theatre, Andr\u00e1s Hath\u00e1zi and Zsolt Bogd\u00e1n, come with a show led by one of the best directors of the moment, G\u00e1bor Tompa, dedicated to the incomparable Caragiale.<\/p>\n<p style=\"text-align: justify;\">From 8 pm, we invite you to two shows from the FRINGE section, which are playing in parallel: INSOMNIACII (Become Theater Company from Sibiu), in Stage and TOM &amp; JERRY (Teatrek Cultural Association, T\u00e2rgu Mure\u0219), in Moszkva Cafe.<\/p>\n<p style=\"text-align: justify;\">We end the second evening of FITO with a super show of Russian music: beloved actress Tania Popa comes with the RUSSIAN NIGHT concert (from 10 pm at Arcadia Hall).<\/p>\n<p style=\"text-align: justify;\">Tickets (except for FRINGE performances) are on sale at the Theatre Ticket Agency (open Monday to Friday between 10am and 7pm and on weekends between 10am and 1pm, and also one hour before the performance), as well as online, at <span style=\"color: #ff0000;\"><a href=\"http:\/\/www.biletmaster.ro\/\"><span style=\"color: #ff0000;\">www.biletmaster.ro<\/span><\/a><\/span>. Tickets for the performances in the FRINGE section can be purchased from the venue where the performances are performed (Stage or Moszkva Cafe).<\/p>\n<p style=\"text-align: justify;\">We look forward to seeing you at the theater!<\/p>","protected":false},"excerpt":{"rendered":"<p>Cea de-a doua zi a Festivalului Interna\u021bional de Teatru Oradea, s\u00e2mb\u0103t\u0103, 21 septembrie, \u00eencepe de la ora 14 cu un spectacol de strad\u0103: statui vivante pe Corso \u2013 costuma\u021bi sunt membrii Companiei de Teatru Become din Sibiu. De la ora 17 v\u0103 invit\u0103m la primul spectacol din concursul organizat \u00een cadrul Festivalului de Teatru Scurt: [&hellip;]<\/p>\n","protected":false},"author":6,"featured_media":0,"comment_status":"open","ping_status":"open","sticky":false,"template":"","format":"standard","meta":{"_acf_changed":false,"footnotes":""},"categories":[22],"tags":[],"class_list":["post-960","post","type-post","status-publish","format-standard","hentry","category-noutati-trupa-iosif-vulcan"],"aioseo_notices":[],"aioseo_head":"\n\t\t<!-- All in One SEO Pro 5.0.1.1 - aioseo.com -->\n\t<meta name=\"description\" content=\"Cea de-a doua zi a Festivalului Interna\u021bional de Teatru Oradea, s\u00e2mb\u0103t\u0103, 21 septembrie, \u00eencepe de la ora 14 cu un spectacol de strad\u0103: statui vivante pe Corso \u2013 costuma\u021bi sunt membrii Companiei de Teatru Become din Sibiu. De la ora 17 v\u0103 invit\u0103m la primul spectacol din concursul organizat \u00een cadrul Festivalului de Teatru Scurt:\" \/>\n\t<meta name=\"robots\" content=\"max-image-preview:large\" \/>\n\t<meta name=\"author\" content=\"Teatrul Regina Maria\"\/>\n\t<link rel=\"canonical\" href=\"https:\/\/www.teatrulreginamaria.ro\/en\/spectacole-la-fito-sambata-21-septembrie\/\" \/>\n\t<meta name=\"generator\" content=\"All in One SEO Pro (AIOSEO) 5.0.1.1\" \/>\n\t\t<meta property=\"og:locale\" content=\"en_GB\" \/>\n\t\t<meta property=\"og:site_name\" content=\"Teatrul Regina Maria Oradea - Trupa Iosif Vulcan \u0219i Trupa Arcadia\" \/>\n\t\t<meta property=\"og:type\" content=\"article\" \/>\n\t\t<meta property=\"og:title\" content=\"SPECTACOLE LA FITO: S\u00c2MB\u0102T\u0102, 21 SEPTEMBRIE - Teatrul Regina Maria Oradea\" \/>\n\t\t<meta property=\"og:description\" content=\"Cea de-a doua zi a Festivalului Interna\u021bional de Teatru Oradea, s\u00e2mb\u0103t\u0103, 21 septembrie, \u00eencepe de la ora 14 cu un spectacol de strad\u0103: statui vivante pe Corso \u2013 costuma\u021bi sunt membrii Companiei de Teatru Become din Sibiu. De la ora 17 v\u0103 invit\u0103m la primul spectacol din concursul organizat \u00een cadrul Festivalului de Teatru Scurt:\" \/>\n\t\t<meta property=\"og:url\" content=\"https:\/\/www.teatrulreginamaria.ro\/en\/spectacole-la-fito-sambata-21-septembrie\/\" \/>\n\t\t<meta property=\"og:image\" content=\"https:\/\/www.teatrulreginamaria.ro\/wp-content\/uploads\/2025\/03\/trm-istoric-01.jpg\" \/>\n\t\t<meta property=\"og:image:secure_url\" content=\"https:\/\/www.teatrulreginamaria.ro\/wp-content\/uploads\/2025\/03\/trm-istoric-01.jpg\" \/>\n\t\t<meta property=\"og:image:width\" content=\"1200\" \/>\n\t\t<meta property=\"og:image:height\" content=\"800\" \/>\n\t\t<meta property=\"article:published_time\" content=\"2013-09-20T13:37:01+00:00\" \/>\n\t\t<meta property=\"article:modified_time\" content=\"2013-09-20T13:37:01+00:00\" \/>\n\t\t<meta property=\"article:publisher\" content=\"https:\/\/www.facebook.com\/TRMTrupaIosifVulcan\/\" \/>\n\t\t<meta name=\"twitter:card\" content=\"summary_large_image\" \/>\n\t\t<meta name=\"twitter:site\" content=\"@TRMOradea\" \/>\n\t\t<meta name=\"twitter:title\" content=\"SPECTACOLE LA FITO: S\u00c2MB\u0102T\u0102, 21 SEPTEMBRIE - Teatrul Regina Maria Oradea\" \/>\n\t\t<meta name=\"twitter:description\" content=\"Cea de-a doua zi a Festivalului Interna\u021bional de Teatru Oradea, s\u00e2mb\u0103t\u0103, 21 septembrie, \u00eencepe de la ora 14 cu un spectacol de strad\u0103: statui vivante pe Corso \u2013 costuma\u021bi sunt membrii Companiei de Teatru Become din Sibiu. De la ora 17 v\u0103 invit\u0103m la primul spectacol din concursul organizat \u00een cadrul Festivalului de Teatru Scurt:\" \/>\n\t\t<meta name=\"twitter:creator\" content=\"@TRMOradea\" \/>\n\t\t<meta name=\"twitter:image\" content=\"https:\/\/www.teatrulreginamaria.ro\/wp-content\/uploads\/2025\/03\/trm-istoric-01.jpg\" \/>\n\t\t<script type=\"application\/ld+json\" class=\"aioseo-schema\">\n\t\t\t{\"@context\":\"https:\\\/\\\/schema.org\",\"@graph\":[{\"@type\":\"BlogPosting\",\"@id\":\"https:\\\/\\\/www.teatrulreginamaria.ro\\\/en\\\/spectacole-la-fito-sambata-21-septembrie\\\/#blogposting\",\"name\":\"SPECTACOLE LA FITO: S\\u00c2MB\\u0102T\\u0102, 21 SEPTEMBRIE - Teatrul Regina Maria Oradea\",\"headline\":\"SPECTACOLE LA FITO: S\\u00c2MB\\u0102T\\u0102, 21 SEPTEMBRIE\",\"author\":{\"@id\":\"https:\\\/\\\/www.teatrulreginamaria.ro\\\/en\\\/author\\\/w3bmaster\\\/#author\"},\"publisher\":{\"@id\":\"https:\\\/\\\/www.teatrulreginamaria.ro\\\/en\\\/#organization\"},\"image\":{\"@type\":\"ImageObject\",\"url\":\"https:\\\/\\\/www.teatrulreginamaria.ro\\\/wp-content\\\/uploads\\\/2025\\\/06\\\/logo-trm-01-dark.png\",\"@id\":\"https:\\\/\\\/www.teatrulreginamaria.ro\\\/en\\\/#articleImage\",\"width\":300,\"height\":148},\"datePublished\":\"2013-09-20T13:37:01+03:00\",\"dateModified\":\"2013-09-20T13:37:01+03:00\",\"inLanguage\":\"en-GB\",\"mainEntityOfPage\":{\"@id\":\"https:\\\/\\\/www.teatrulreginamaria.ro\\\/en\\\/spectacole-la-fito-sambata-21-septembrie\\\/#webpage\"},\"isPartOf\":{\"@id\":\"https:\\\/\\\/www.teatrulreginamaria.ro\\\/en\\\/spectacole-la-fito-sambata-21-septembrie\\\/#webpage\"},\"articleSection\":\"Nout\\u0103\\u021bi - Trupa Iosif Vulcan\"},{\"@type\":\"BreadcrumbList\",\"@id\":\"https:\\\/\\\/www.teatrulreginamaria.ro\\\/en\\\/spectacole-la-fito-sambata-21-septembrie\\\/#breadcrumblist\",\"itemListElement\":[{\"@type\":\"ListItem\",\"@id\":\"https:\\\/\\\/www.teatrulreginamaria.ro\\\/en#listItem\",\"position\":1,\"name\":\"Home\",\"item\":\"https:\\\/\\\/www.teatrulreginamaria.ro\\\/en\",\"nextItem\":{\"@type\":\"ListItem\",\"@id\":\"https:\\\/\\\/www.teatrulreginamaria.ro\\\/en\\\/categorie\\\/noutati\\\/#listItem\",\"name\":\"Nout\\u0103\\u021bi\"}},{\"@type\":\"ListItem\",\"@id\":\"https:\\\/\\\/www.teatrulreginamaria.ro\\\/en\\\/categorie\\\/noutati\\\/#listItem\",\"position\":2,\"name\":\"Nout\\u0103\\u021bi\",\"item\":\"https:\\\/\\\/www.teatrulreginamaria.ro\\\/en\\\/categorie\\\/noutati\\\/\",\"nextItem\":{\"@type\":\"ListItem\",\"@id\":\"https:\\\/\\\/www.teatrulreginamaria.ro\\\/en\\\/categorie\\\/noutati\\\/noutati-trupa-iosif-vulcan\\\/#listItem\",\"name\":\"Nout\\u0103\\u021bi - Trupa Iosif Vulcan\"},\"previousItem\":{\"@type\":\"ListItem\",\"@id\":\"https:\\\/\\\/www.teatrulreginamaria.ro\\\/en#listItem\",\"name\":\"Home\"}},{\"@type\":\"ListItem\",\"@id\":\"https:\\\/\\\/www.teatrulreginamaria.ro\\\/en\\\/categorie\\\/noutati\\\/noutati-trupa-iosif-vulcan\\\/#listItem\",\"position\":3,\"name\":\"Nout\\u0103\\u021bi - Trupa Iosif Vulcan\",\"item\":\"https:\\\/\\\/www.teatrulreginamaria.ro\\\/en\\\/categorie\\\/noutati\\\/noutati-trupa-iosif-vulcan\\\/\",\"nextItem\":{\"@type\":\"ListItem\",\"@id\":\"https:\\\/\\\/www.teatrulreginamaria.ro\\\/en\\\/spectacole-la-fito-sambata-21-septembrie\\\/#listItem\",\"name\":\"SPECTACOLE LA FITO: S\\u00c2MB\\u0102T\\u0102, 21 SEPTEMBRIE\"},\"previousItem\":{\"@type\":\"ListItem\",\"@id\":\"https:\\\/\\\/www.teatrulreginamaria.ro\\\/en\\\/categorie\\\/noutati\\\/#listItem\",\"name\":\"Nout\\u0103\\u021bi\"}},{\"@type\":\"ListItem\",\"@id\":\"https:\\\/\\\/www.teatrulreginamaria.ro\\\/en\\\/spectacole-la-fito-sambata-21-septembrie\\\/#listItem\",\"position\":4,\"name\":\"SPECTACOLE LA FITO: S\\u00c2MB\\u0102T\\u0102, 21 SEPTEMBRIE\",\"previousItem\":{\"@type\":\"ListItem\",\"@id\":\"https:\\\/\\\/www.teatrulreginamaria.ro\\\/en\\\/categorie\\\/noutati\\\/noutati-trupa-iosif-vulcan\\\/#listItem\",\"name\":\"Nout\\u0103\\u021bi - Trupa Iosif Vulcan\"}}]},{\"@type\":\"Organization\",\"@id\":\"https:\\\/\\\/www.teatrulreginamaria.ro\\\/en\\\/#organization\",\"name\":\"Teatrul Regina Maria Oradea\",\"description\":\"Trupa Iosif Vulcan \\u0219i Trupa Arcadia\",\"url\":\"https:\\\/\\\/www.teatrulreginamaria.ro\\\/en\\\/\",\"email\":\"marketing@teatrulreginamaria.ro\",\"telephone\":\"+40359411534\",\"numberOfEmployees\":{\"@type\":\"QuantitativeValue\",\"minValue\":0,\"maxValue\":150},\"logo\":{\"@type\":\"ImageObject\",\"url\":\"https:\\\/\\\/www.teatrulreginamaria.ro\\\/wp-content\\\/uploads\\\/2025\\\/06\\\/logo-trm-01-dark.png\",\"@id\":\"https:\\\/\\\/www.teatrulreginamaria.ro\\\/en\\\/spectacole-la-fito-sambata-21-septembrie\\\/#organizationLogo\",\"width\":300,\"height\":148},\"image\":{\"@id\":\"https:\\\/\\\/www.teatrulreginamaria.ro\\\/en\\\/spectacole-la-fito-sambata-21-septembrie\\\/#organizationLogo\"},\"sameAs\":[\"https:\\\/\\\/www.facebook.com\\\/TRMTrupaIosifVulcan\\\/\",\"https:\\\/\\\/x.com\\\/TRMOradea\",\"https:\\\/\\\/www.instagram.com\\\/teatrul_regina_maria\\\/\",\"https:\\\/\\\/www.youtube.com\\\/c\\\/TeatrulReginaMariaOradea\",\"https:\\\/\\\/www.linkedin.com\\\/company\\\/teatrul-regina-maria\"]},{\"@type\":\"Person\",\"@id\":\"https:\\\/\\\/www.teatrulreginamaria.ro\\\/en\\\/author\\\/w3bmaster\\\/#author\",\"url\":\"https:\\\/\\\/www.teatrulreginamaria.ro\\\/en\\\/author\\\/w3bmaster\\\/\",\"name\":\"Teatrul Regina Maria\",\"image\":{\"@type\":\"ImageObject\",\"@id\":\"https:\\\/\\\/www.teatrulreginamaria.ro\\\/en\\\/spectacole-la-fito-sambata-21-septembrie\\\/#authorImage\",\"url\":\"https:\\\/\\\/secure.gravatar.com\\\/avatar\\\/5884139d508ae3f0bafe45e60563b48a9640146d3b08ccc6278c305ff9329305?s=96&d=mm&r=g\",\"width\":96,\"height\":96,\"caption\":\"Teatrul Regina Maria\"}},{\"@type\":\"WebPage\",\"@id\":\"https:\\\/\\\/www.teatrulreginamaria.ro\\\/en\\\/spectacole-la-fito-sambata-21-septembrie\\\/#webpage\",\"url\":\"https:\\\/\\\/www.teatrulreginamaria.ro\\\/en\\\/spectacole-la-fito-sambata-21-septembrie\\\/\",\"name\":\"SPECTACOLE LA FITO: S\\u00c2MB\\u0102T\\u0102, 21 SEPTEMBRIE - Teatrul Regina Maria Oradea\",\"description\":\"Cea de-a doua zi a Festivalului Interna\\u021bional de Teatru Oradea, s\\u00e2mb\\u0103t\\u0103, 21 septembrie, \\u00eencepe de la ora 14 cu un spectacol de strad\\u0103: statui vivante pe Corso \\u2013 costuma\\u021bi sunt membrii Companiei de Teatru Become din Sibiu. De la ora 17 v\\u0103 invit\\u0103m la primul spectacol din concursul organizat \\u00een cadrul Festivalului de Teatru Scurt:\",\"inLanguage\":\"en-GB\",\"isPartOf\":{\"@id\":\"https:\\\/\\\/www.teatrulreginamaria.ro\\\/en\\\/#website\"},\"breadcrumb\":{\"@id\":\"https:\\\/\\\/www.teatrulreginamaria.ro\\\/en\\\/spectacole-la-fito-sambata-21-septembrie\\\/#breadcrumblist\"},\"author\":{\"@id\":\"https:\\\/\\\/www.teatrulreginamaria.ro\\\/en\\\/author\\\/w3bmaster\\\/#author\"},\"creator\":{\"@id\":\"https:\\\/\\\/www.teatrulreginamaria.ro\\\/en\\\/author\\\/w3bmaster\\\/#author\"},\"datePublished\":\"2013-09-20T13:37:01+03:00\",\"dateModified\":\"2013-09-20T13:37:01+03:00\"},{\"@type\":\"WebSite\",\"@id\":\"https:\\\/\\\/www.teatrulreginamaria.ro\\\/en\\\/#website\",\"url\":\"https:\\\/\\\/www.teatrulreginamaria.ro\\\/en\\\/\",\"name\":\"Teatrul Regina Maria Oradea\",\"alternateName\":\"TRM Oradea\",\"description\":\"Trupa Iosif Vulcan \\u0219i Trupa Arcadia\",\"inLanguage\":\"en-GB\",\"publisher\":{\"@id\":\"https:\\\/\\\/www.teatrulreginamaria.ro\\\/en\\\/#organization\"}}]}\n\t\t<\/script>\n\t\t<!-- All in One SEO Pro -->\r\n\t\t<title>SPECTACOLE LA FITO: S\u00c2MB\u0102T\u0102, 21 SEPTEMBRIE - Teatrul Regina Maria Oradea<\/title>\n\n","aioseo_head_json":{"title":"SHOWS AT FITO: SATURDAY, SEPTEMBER 21 - Regina Maria Theater Oradea","description":"The second day of the Oradea International Theatre Festival, Saturday, September 21, starts at 2 pm with a street show: living statues on Corso \u2013 the costumed members of the Become Theatre Company from Sibiu. From 5 pm we invite you to the first show in the competition organized within the Short Theatre Festival:","canonical_url":"https:\/\/www.teatrulreginamaria.ro\/en\/spectacole-la-fito-sambata-21-septembrie\/","robots":"max-image-preview:large","keywords":"","webmasterTools":{"miscellaneous":""},"schema":{"@context":"https:\/\/schema.org","@graph":[{"@type":"BlogPosting","@id":"https:\/\/www.teatrulreginamaria.ro\/en\/spectacole-la-fito-sambata-21-septembrie\/#blogposting","name":"SPECTACOLE LA FITO: S\u00c2MB\u0102T\u0102, 21 SEPTEMBRIE - Teatrul Regina Maria Oradea","headline":"SPECTACOLE LA FITO: S\u00c2MB\u0102T\u0102, 21 SEPTEMBRIE","author":{"@id":"https:\/\/www.teatrulreginamaria.ro\/en\/author\/w3bmaster\/#author"},"publisher":{"@id":"https:\/\/www.teatrulreginamaria.ro\/en\/#organization"},"image":{"@type":"ImageObject","url":"https:\/\/www.teatrulreginamaria.ro\/wp-content\/uploads\/2025\/06\/logo-trm-01-dark.png","@id":"https:\/\/www.teatrulreginamaria.ro\/en\/#articleImage","width":300,"height":148},"datePublished":"2013-09-20T13:37:01+03:00","dateModified":"2013-09-20T13:37:01+03:00","inLanguage":"en-GB","mainEntityOfPage":{"@id":"https:\/\/www.teatrulreginamaria.ro\/en\/spectacole-la-fito-sambata-21-septembrie\/#webpage"},"isPartOf":{"@id":"https:\/\/www.teatrulreginamaria.ro\/en\/spectacole-la-fito-sambata-21-septembrie\/#webpage"},"articleSection":"Nout\u0103\u021bi - Trupa Iosif Vulcan"},{"@type":"BreadcrumbList","@id":"https:\/\/www.teatrulreginamaria.ro\/en\/spectacole-la-fito-sambata-21-septembrie\/#breadcrumblist","itemListElement":[{"@type":"ListItem","@id":"https:\/\/www.teatrulreginamaria.ro\/en#listItem","position":1,"name":"Home","item":"https:\/\/www.teatrulreginamaria.ro\/en","nextItem":{"@type":"ListItem","@id":"https:\/\/www.teatrulreginamaria.ro\/en\/categorie\/noutati\/#listItem","name":"Nout\u0103\u021bi"}},{"@type":"ListItem","@id":"https:\/\/www.teatrulreginamaria.ro\/en\/categorie\/noutati\/#listItem","position":2,"name":"Nout\u0103\u021bi","item":"https:\/\/www.teatrulreginamaria.ro\/en\/categorie\/noutati\/","nextItem":{"@type":"ListItem","@id":"https:\/\/www.teatrulreginamaria.ro\/en\/categorie\/noutati\/noutati-trupa-iosif-vulcan\/#listItem","name":"Nout\u0103\u021bi - Trupa Iosif Vulcan"},"previousItem":{"@type":"ListItem","@id":"https:\/\/www.teatrulreginamaria.ro\/en#listItem","name":"Home"}},{"@type":"ListItem","@id":"https:\/\/www.teatrulreginamaria.ro\/en\/categorie\/noutati\/noutati-trupa-iosif-vulcan\/#listItem","position":3,"name":"Nout\u0103\u021bi - Trupa Iosif Vulcan","item":"https:\/\/www.teatrulreginamaria.ro\/en\/categorie\/noutati\/noutati-trupa-iosif-vulcan\/","nextItem":{"@type":"ListItem","@id":"https:\/\/www.teatrulreginamaria.ro\/en\/spectacole-la-fito-sambata-21-septembrie\/#listItem","name":"SPECTACOLE LA FITO: S\u00c2MB\u0102T\u0102, 21 SEPTEMBRIE"},"previousItem":{"@type":"ListItem","@id":"https:\/\/www.teatrulreginamaria.ro\/en\/categorie\/noutati\/#listItem","name":"Nout\u0103\u021bi"}},{"@type":"ListItem","@id":"https:\/\/www.teatrulreginamaria.ro\/en\/spectacole-la-fito-sambata-21-septembrie\/#listItem","position":4,"name":"SPECTACOLE LA FITO: S\u00c2MB\u0102T\u0102, 21 SEPTEMBRIE","previousItem":{"@type":"ListItem","@id":"https:\/\/www.teatrulreginamaria.ro\/en\/categorie\/noutati\/noutati-trupa-iosif-vulcan\/#listItem","name":"Nout\u0103\u021bi - Trupa Iosif Vulcan"}}]},{"@type":"Organization","@id":"https:\/\/www.teatrulreginamaria.ro\/en\/#organization","name":"Teatrul Regina Maria Oradea","description":"Trupa Iosif Vulcan \u0219i Trupa Arcadia","url":"https:\/\/www.teatrulreginamaria.ro\/en\/","email":"marketing@teatrulreginamaria.ro","telephone":"+40359411534","numberOfEmployees":{"@type":"QuantitativeValue","minValue":0,"maxValue":150},"logo":{"@type":"ImageObject","url":"https:\/\/www.teatrulreginamaria.ro\/wp-content\/uploads\/2025\/06\/logo-trm-01-dark.png","@id":"https:\/\/www.teatrulreginamaria.ro\/en\/spectacole-la-fito-sambata-21-septembrie\/#organizationLogo","width":300,"height":148},"image":{"@id":"https:\/\/www.teatrulreginamaria.ro\/en\/spectacole-la-fito-sambata-21-septembrie\/#organizationLogo"},"sameAs":["https:\/\/www.facebook.com\/TRMTrupaIosifVulcan\/","https:\/\/x.com\/TRMOradea","https:\/\/www.instagram.com\/teatrul_regina_maria\/","https:\/\/www.youtube.com\/c\/TeatrulReginaMariaOradea","https:\/\/www.linkedin.com\/company\/teatrul-regina-maria"]},{"@type":"Person","@id":"https:\/\/www.teatrulreginamaria.ro\/en\/author\/w3bmaster\/#author","url":"https:\/\/www.teatrulreginamaria.ro\/en\/author\/w3bmaster\/","name":"Teatrul Regina Maria","image":{"@type":"ImageObject","@id":"https:\/\/www.teatrulreginamaria.ro\/en\/spectacole-la-fito-sambata-21-septembrie\/#authorImage","url":"https:\/\/secure.gravatar.com\/avatar\/5884139d508ae3f0bafe45e60563b48a9640146d3b08ccc6278c305ff9329305?s=96&d=mm&r=g","width":96,"height":96,"caption":"Teatrul Regina Maria"}},{"@type":"WebPage","@id":"https:\/\/www.teatrulreginamaria.ro\/en\/spectacole-la-fito-sambata-21-septembrie\/#webpage","url":"https:\/\/www.teatrulreginamaria.ro\/en\/spectacole-la-fito-sambata-21-septembrie\/","name":"SPECTACOLE LA FITO: S\u00c2MB\u0102T\u0102, 21 SEPTEMBRIE - Teatrul Regina Maria Oradea","description":"Cea de-a doua zi a Festivalului Interna\u021bional de Teatru Oradea, s\u00e2mb\u0103t\u0103, 21 septembrie, \u00eencepe de la ora 14 cu un spectacol de strad\u0103: statui vivante pe Corso \u2013 costuma\u021bi sunt membrii Companiei de Teatru Become din Sibiu. De la ora 17 v\u0103 invit\u0103m la primul spectacol din concursul organizat \u00een cadrul Festivalului de Teatru Scurt:","inLanguage":"en-GB","isPartOf":{"@id":"https:\/\/www.teatrulreginamaria.ro\/en\/#website"},"breadcrumb":{"@id":"https:\/\/www.teatrulreginamaria.ro\/en\/spectacole-la-fito-sambata-21-septembrie\/#breadcrumblist"},"author":{"@id":"https:\/\/www.teatrulreginamaria.ro\/en\/author\/w3bmaster\/#author"},"creator":{"@id":"https:\/\/www.teatrulreginamaria.ro\/en\/author\/w3bmaster\/#author"},"datePublished":"2013-09-20T13:37:01+03:00","dateModified":"2013-09-20T13:37:01+03:00"},{"@type":"WebSite","@id":"https:\/\/www.teatrulreginamaria.ro\/en\/#website","url":"https:\/\/www.teatrulreginamaria.ro\/en\/","name":"Teatrul Regina Maria Oradea","alternateName":"TRM Oradea","description":"Trupa Iosif Vulcan \u0219i Trupa Arcadia","inLanguage":"en-GB","publisher":{"@id":"https:\/\/www.teatrulreginamaria.ro\/en\/#organization"}}]},"og:locale":"en_GB","og:site_name":"Teatrul Regina Maria Oradea - Trupa Iosif Vulcan \u0219i Trupa Arcadia","og:type":"article","og:title":"SPECTACOLE LA FITO: S\u00c2MB\u0102T\u0102, 21 SEPTEMBRIE - Teatrul Regina Maria Oradea","og:description":"Cea de-a doua zi a Festivalului Interna\u021bional de Teatru Oradea, s\u00e2mb\u0103t\u0103, 21 septembrie, \u00eencepe de la ora 14 cu un spectacol de strad\u0103: statui vivante pe Corso \u2013 costuma\u021bi sunt membrii Companiei de Teatru Become din Sibiu. De la ora 17 v\u0103 invit\u0103m la primul spectacol din concursul organizat \u00een cadrul Festivalului de Teatru Scurt:","og:url":"https:\/\/www.teatrulreginamaria.ro\/en\/spectacole-la-fito-sambata-21-septembrie\/","og:image":"https:\/\/www.teatrulreginamaria.ro\/wp-content\/uploads\/2025\/03\/trm-istoric-01.jpg","og:image:secure_url":"https:\/\/www.teatrulreginamaria.ro\/wp-content\/uploads\/2025\/03\/trm-istoric-01.jpg","og:image:width":1200,"og:image:height":800,"article:published_time":"2013-09-20T13:37:01+00:00","article:modified_time":"2013-09-20T13:37:01+00:00","article:publisher":"https:\/\/www.facebook.com\/TRMTrupaIosifVulcan\/","twitter:card":"summary_large_image","twitter:site":"@TRMOradea","twitter:title":"SPECTACOLE LA FITO: S\u00c2MB\u0102T\u0102, 21 SEPTEMBRIE - Teatrul Regina Maria Oradea","twitter:description":"Cea de-a doua zi a Festivalului Interna\u021bional de Teatru Oradea, s\u00e2mb\u0103t\u0103, 21 septembrie, \u00eencepe de la ora 14 cu un spectacol de strad\u0103: statui vivante pe Corso \u2013 costuma\u021bi sunt membrii Companiei de Teatru Become din Sibiu. De la ora 17 v\u0103 invit\u0103m la primul spectacol din concursul organizat \u00een cadrul Festivalului de Teatru Scurt:","twitter:creator":"@TRMOradea","twitter:image":"https:\/\/www.teatrulreginamaria.ro\/wp-content\/uploads\/2025\/03\/trm-istoric-01.jpg"},"aioseo_meta_data":{"post_id":"960","title":null,"description":null,"keywords":null,"keyphrases":null,"primary_term":null,"canonical_url":null,"og_title":null,"og_description":null,"og_object_type":"default","og_image_type":"default","og_image_url":null,"og_image_width":null,"og_image_height":null,"og_image_custom_url":null,"og_image_custom_fields":null,"og_video":null,"og_custom_url":null,"og_article_section":null,"og_article_tags":null,"twitter_use_og":false,"twitter_card":"default","twitter_image_type":"default","twitter_image_url":null,"twitter_image_custom_url":null,"twitter_image_custom_fields":null,"twitter_title":null,"twitter_description":null,"schema":{"blockGraphs":[],"customGraphs":[],"default":{"data":{"Article":[],"Course":[],"Dataset":[],"FAQPage":[],"Movie":[],"Person":[],"Product":[],"ProductReview":[],"Car":[],"Recipe":[],"Service":[],"SoftwareApplication":[],"WebPage":[]},"graphName":"","isEnabled":true},"graphs":[]},"schema_type":"default","schema_type_options":null,"pillar_content":false,"robots_default":true,"robots_noindex":false,"robots_noarchive":false,"robots_nosnippet":false,"robots_nofollow":false,"robots_noimageindex":false,"robots_noodp":false,"robots_notranslate":false,"robots_max_snippet":null,"robots_max_videopreview":null,"robots_max_imagepreview":"large","priority":null,"frequency":null,"local_seo":null,"seo_analyzer_scan_date":"2026-05-12 23:55:36","breadcrumb_settings":null,"limit_modified_date":false,"reviewed_by":null,"open_ai":null,"ai":null,"created":"2025-04-09 17:40:55","updated":"2026-05-12 23:55:36","focus_keyword":null,"additional_keywords":null,"truseo_locale":null},"aioseo_breadcrumb":"<div class=\"aioseo-breadcrumbs\"><span class=\"aioseo-breadcrumb\">\n\t<a href=\"https:\/\/www.teatrulreginamaria.ro\/en\" title=\"Home\">Home<\/a>\n<\/span><span class=\"aioseo-breadcrumb-separator\">&raquo;<\/span><span class=\"aioseo-breadcrumb\">\n\t<a href=\"https:\/\/www.teatrulreginamaria.ro\/en\/categorie\/noutati\/\" title=\"Nout\u0103\u021bi\">Nout\u0103\u021bi<\/a>\n<\/span><span class=\"aioseo-breadcrumb-separator\">&raquo;<\/span><span class=\"aioseo-breadcrumb\">\n\t<a href=\"https:\/\/www.teatrulreginamaria.ro\/en\/categorie\/noutati\/noutati-trupa-iosif-vulcan\/\" title=\"Nout\u0103\u021bi - Trupa Iosif Vulcan\">Nout\u0103\u021bi - Trupa Iosif Vulcan<\/a>\n<\/span><span class=\"aioseo-breadcrumb-separator\">&raquo;<\/span><span class=\"aioseo-breadcrumb\">\n\tSPECTACOLE LA FITO: S\u00c2MB\u0102T\u0102, 21 SEPTEMBRIE\n<\/span><\/div>","aioseo_breadcrumb_json":[{"label":"Home","link":"https:\/\/www.teatrulreginamaria.ro\/en"},{"label":"Nout\u0103\u021bi","link":"https:\/\/www.teatrulreginamaria.ro\/en\/categorie\/noutati\/"},{"label":"Nout\u0103\u021bi - Trupa Iosif Vulcan","link":"https:\/\/www.teatrulreginamaria.ro\/en\/categorie\/noutati\/noutati-trupa-iosif-vulcan\/"},{"label":"SPECTACOLE LA FITO: S\u00c2MB\u0102T\u0102, 21 SEPTEMBRIE","link":"https:\/\/www.teatrulreginamaria.ro\/en\/spectacole-la-fito-sambata-21-septembrie\/"}],"acf":[],"_links":{"self":[{"href":"https:\/\/www.teatrulreginamaria.ro\/en\/wp-json\/wp\/v2\/posts\/960","targetHints":{"allow":["GET"]}}],"collection":[{"href":"https:\/\/www.teatrulreginamaria.ro\/en\/wp-json\/wp\/v2\/posts"}],"about":[{"href":"https:\/\/www.teatrulreginamaria.ro\/en\/wp-json\/wp\/v2\/types\/post"}],"author":[{"embeddable":true,"href":"https:\/\/www.teatrulreginamaria.ro\/en\/wp-json\/wp\/v2\/users\/6"}],"replies":[{"embeddable":true,"href":"https:\/\/www.teatrulreginamaria.ro\/en\/wp-json\/wp\/v2\/comments?post=960"}],"version-history":[{"count":0,"href":"https:\/\/www.teatrulreginamaria.ro\/en\/wp-json\/wp\/v2\/posts\/960\/revisions"}],"wp:attachment":[{"href":"https:\/\/www.teatrulreginamaria.ro\/en\/wp-json\/wp\/v2\/media?parent=960"}],"wp:term":[{"taxonomy":"category","embeddable":true,"href":"https:\/\/www.teatrulreginamaria.ro\/en\/wp-json\/wp\/v2\/categories?post=960"},{"taxonomy":"post_tag","embeddable":true,"href":"https:\/\/www.teatrulreginamaria.ro\/en\/wp-json\/wp\/v2\/tags?post=960"}],"curies":[{"name":"wp","href":"https:\/\/api.w.org\/{rel}","templated":true}]}}