{"id":1009,"date":"2014-03-25T09:25:39","date_gmt":"2014-03-25T09:25:39","guid":{"rendered":"https:\/\/teatrulreginamaria.ro\/2014\/03\/25\/ziua-mondiala-a-teatrului-campania-nationala-uniter-artistii-pentru-artisti\/"},"modified":"2014-03-25T09:25:39","modified_gmt":"2014-03-25T09:25:39","slug":"szinhazi-vilagnap-orszagos-kampany-muveszek-osszefogasa-a-muveszekert","status":"publish","type":"post","link":"https:\/\/www.teatrulreginamaria.ro\/hu\/ziua-mondiala-a-teatrului-campania-nationala-uniter-artistii-pentru-artisti\/","title":{"rendered":"SZ\u00cdNH\u00c1ZI VIL\u00c1GNAP \u2013 NEMZETI KAMP\u00c1NY UNITER \u2013 M\u0170V\u00c9SZEK A M\u0170V\u00c9SZEK\u00c9RT"},"content":{"rendered":"<p style=\"text-align: justify;\" align=\"center\"><strong>A sz\u00ednh\u00e1zi vil\u00e1gnap \u2013 m\u00e1rcius 27<\/strong><\/p>\n<p style=\"text-align: justify;\" align=\"center\"><strong>\u00a0<\/strong><\/p>\n<p style=\"text-align: justify;\" align=\"center\"><strong>UNITER Nemzeti Kamp\u00e1ny \u2013 M\u0171v\u00e9szek a M\u0171v\u00e9szek\u00e9rt<\/strong><\/p>\n<p style=\"text-align: justify;\">Mint minden \u00e9vben, a Regina Maria Sz\u00ednh\u00e1z is reag\u00e1l az UNITER \u00e1ltal elind\u00edtott Orsz\u00e1gos Kamp\u00e1nyra - &quot;M\u0171v\u00e9szek a M\u0171v\u00e9szek\u00e9rt&quot;, \u00edgy id\u00e9n is a m\u00e1rcius 27-\u00e9n meg\u00fcnnepelt Sz\u00ednh\u00e1zi Vil\u00e1gnap alkalm\u00e1b\u00f3l a BILOXI BLUES* (Neil Simon, rendezte: Ovidiu Cai\u021ba) c\u00edm\u0171 m\u0171sora id\u00e9n is a Nagyteremben lesz l\u00e1that\u00f3 m\u00e1rcius 27-\u00e9n, cs\u00fct\u00f6rt\u00f6k\u00f6n.<\/p>\n<p style=\"text-align: justify;\">A Sz\u00ednh\u00e1z Vil\u00e1gnapj\u00e1n a nemzetk\u00f6zi \u00fczenetet Brett Bailey fogalmazta meg. Brett Bailey d\u00e9l-afrikai dr\u00e1ma\u00edr\u00f3, rendez\u0151, install\u00e1ci\u00f3 alkot\u00f3ja \u00e9s a THIRD WORLD BUNFIGHT m\u0171v\u00e9szeti vezet\u0151je. Dolgozott D\u00e9l-Afrik\u00e1ban, Zimbabw\u00e9ban, Ugand\u00e1ban, Haitin, a Kong\u00f3i Demokratikus K\u00f6zt\u00e1rsas\u00e1gban, az Egyes\u00fclt Kir\u00e1lys\u00e1gban \u00e9s Eur\u00f3p\u00e1ban. Sikeres ikonoklasztikus darabjai k\u00f6z\u00fcl, amelyek a posztkoloni\u00e1lis vil\u00e1g dinamik\u00e1j\u00e1t faggatj\u00e1k, a BIG DADA, az IPI ZOMBI?, az iMUMBO JUMBO, a medEia \u00e9s az ORFEUS. Install\u00e1ci\u00f3i k\u00f6z\u00e9 tartozik az A \u00e9s B KI\u00c1LL\u00cdT\u00c1S. Dr\u00e1m\u00e1it Eur\u00f3p\u00e1ban, Ausztr\u00e1li\u00e1ban \u00e9s Afrik\u00e1ban adt\u00e1k el\u0151, \u00e9s sz\u00e1mos d\u00edjat nyert, k\u00f6zt\u00fck a Pr\u00e1gai Quadrenn\u00e1l\u00e9 szcenogr\u00e1fiai arany\u00e9rm\u00e9t (2007).<\/p>\n<p><!--more--><\/p>\n<p style=\"text-align: justify;\">A \u201eM\u0171v\u00e9szek a m\u0171v\u00e9szek\u00e9rt\u201d orsz\u00e1gos kamp\u00e1nyt az UNITER szervezi bukaresti \u00e9s orsz\u00e1gszerte m\u0171k\u00f6d\u0151 sz\u00ednh\u00e1zakkal k\u00f6z\u00f6sen, azzal a c\u00e9llal, hogy adom\u00e1nyokat gy\u0171jtsenek eg\u00e9szs\u00e9g\u00fcgyi probl\u00e9m\u00e1kkal k\u00fczd\u0151 id\u0151s m\u0171v\u00e9szek sz\u00e1m\u00e1ra.<\/p>\n<p style=\"text-align: justify;\">A 2002 \u00f3ta ind\u00edtott \u00e9s szervezett \u201eM\u0171v\u00e9szek a M\u0171v\u00e9szek\u00e9rt\u201d orsz\u00e1gos kamp\u00e1ny a c\u00e9hek k\u00f6z\u00f6tti szolidarit\u00e1s \u00f6szt\u00f6nz\u0151je, p\u00e9nz\u00fcgyi forr\u00e1s az eg\u00e9szs\u00e9g\u00fcgyi probl\u00e9m\u00e1kkal k\u00fczd\u0151 id\u0151s m\u0171v\u00e9szek sz\u00e1m\u00e1ra, valamint jelz\u00e9s a nyilv\u00e1noss\u00e1g \u00e9s a hat\u00f3s\u00e1gok sz\u00e1m\u00e1ra helyzet\u00fckkel \u00e9s m\u00e9lt\u00f3s\u00e1gukkal kapcsolatban.<\/p>\n<p style=\"text-align: justify;\">Az UNITER minden \u00e9vben jelent\u0151s m\u0171v\u00e9szekkel \u00e9s sz\u00ednh\u00e1zi int\u00e9zm\u00e9nyekkel, valamint a programhoz csatlakozott partnerekkel egy\u00fcttm\u0171k\u00f6dve lehet\u0151v\u00e9 teszi a \u201eM\u0171v\u00e9szek a m\u0171v\u00e9szek\u00e9rt\u201d orsz\u00e1gos kamp\u00e1nyt, amelynek keret\u00e9ben el\u0151teremtik a sz\u00fcks\u00e9ges forr\u00e1sokat az orsz\u00e1g minden t\u00e1j\u00e1r\u00f3l \u00e9rkez\u0151 id\u0151s m\u0171v\u00e9szek t\u00e1mogat\u00e1s\u00e1ra. A sz\u00ednh\u00e1zak \u00e1ltal a jegyelad\u00e1sokb\u00f3l befolyt \u00f6sszegeket egy erre a c\u00e9lra l\u00e9trehozott alapba, a Sz\u00ednh\u00e1zi Szolidarit\u00e1si Alapba utalj\u00e1k.<\/p>\n<p style=\"text-align: justify;\">*A komikum \u00e9s a tragikus ingatag hat\u00e1r\u00e1n j\u00e1tsz\u00f3d\u00f3 \u201eBiloxi Blues\u201d c\u00edm\u0171 darab a Neil Simon \u00e1ltal \u00edrt \u201eEugene-tril\u00f3gia\u201d (\u201eBrighton Beach Memoirs\u201d, \u201eBiloxi Blues\u201d \u00e9s \u201eBroadway Bound\u201d) m\u00e1sodik m\u0171v\u00e9szi alkot\u00e1sa, amely ugyanazon k\u00f6zponti szerepl\u0151 \u2013 Eugene Morris Jerome \u2013 k\u00f6r\u00e9 \u00e9p\u00fcl, \u00e9s nyomon k\u00f6veti \u00e9r\u00e9s\u00e9nek \u00e9s a vil\u00e1gba l\u00e9p\u00e9s\u00e9nek k\u00fcl\u00f6nb\u00f6z\u0151 szakaszait, gyakran konfliktusos csal\u00e1di, katonai \u00e9s szerelmi kapcsolatain kereszt\u00fcl.<\/p>\n<p style=\"text-align: justify;\">Amerikai Egyes\u00fclt \u00c1llamok, 1943, m\u00e1sodik vil\u00e1gh\u00e1bor\u00fa. Miel\u0151tt N\u00e9metorsz\u00e1ggal vagy Jap\u00e1nnal harcoln\u00e1nak, az \u00fajoncok csoportj\u00e1t, k\u00f6zt\u00fck Eugene-t is, Biloxiba, Mississippi \u00e1llamba k\u00fcldik, ahol szembes\u00fclnek els\u0151 f\u00e9lelmetes ellenfel\u00fckkel, Toomey \u0151rmesterrel, aki a kik\u00e9pz\u00e9s\u00fck\u00e9rt felel\u0151s. Az \u0151rmester kegyetlens\u00e9ge, rosszindulata \u00e9s k\u00f6z\u00f6ns\u00e9gess\u00e9ge ellentmond minden logik\u00e1nak \u00e9s j\u00f3zan \u00e9sznek, dehumaniz\u00e1lja a katon\u00e1kat, \u00e9s fokozatosan megsemmis\u00edti szem\u00e9lyis\u00e9g\u00fcket. Az \u00fajoncok csoportj\u00e1n bel\u00fcli kapcsolatok sem a legharmonikusabbak. Az elviselhetetlens\u00e9g hat\u00e1r\u00e1ig feszegetett \u00e9let, a k\u00f6zt\u00fck l\u00e9v\u0151 t\u00e1rsadalmi, vall\u00e1si vagy iskolai v\u00e9gzetts\u00e9gbeli k\u00fcl\u00f6nbs\u00e9gek zaklat\u00e1shoz, par\u00e1zsl\u00f3 vagy ny\u00edlt konfliktusokhoz vezetnek, amelyekben az \u00e1lmokat \u00e9s a m\u00e9lt\u00f3s\u00e1got egyszer\u0171en l\u00e1bbal tiporj\u00e1k.<\/p>","protected":false},"excerpt":{"rendered":"<p>Ziua Mondial\u0103 a Teatrului \u2013 27 martie \u00a0 Campania Na\u021bional\u0103 UNITER \u2013 Arti\u0219tii pentru arti\u0219ti Ca \u00een fiecare an, Teatrul Regina Maria r\u0103spunde Campaniei Na\u021bionale lansate de UNITER &#8211; \u201eArti\u015ftii pentru arti\u015fti\u201d, astfel c\u0103 anul acesta, cu prilejul Zilei Mondiale a Teatrului, celebrat\u0103 \u00een 27 martie, spectacolul ales cu ocazia acestei zile speciale e BILOXI [&hellip;]<\/p>\n","protected":false},"author":6,"featured_media":0,"comment_status":"open","ping_status":"open","sticky":false,"template":"","format":"standard","meta":{"_acf_changed":false,"footnotes":""},"categories":[22],"tags":[],"class_list":["post-1009","post","type-post","status-publish","format-standard","hentry","category-noutati-trupa-iosif-vulcan"],"aioseo_notices":[],"aioseo_head":"\n\t\t<!-- All in One SEO Pro 5.0.1.1 - aioseo.com -->\n\t<meta name=\"description\" content=\"Ziua Mondial\u0103 a Teatrului \u2013 27 martie Campania Na\u021bional\u0103 UNITER \u2013 Arti\u0219tii pentru arti\u0219ti Ca \u00een fiecare an, Teatrul Regina Maria r\u0103spunde Campaniei Na\u021bionale lansate de UNITER - \u201eArti\u015ftii pentru arti\u015fti\u201d, astfel c\u0103 anul acesta, cu prilejul Zilei Mondiale a Teatrului, celebrat\u0103 \u00een 27 martie, spectacolul ales cu ocazia acestei zile speciale e BILOXI\" \/>\n\t<meta name=\"robots\" content=\"max-image-preview:large\" \/>\n\t<meta name=\"author\" content=\"Teatrul Regina Maria\"\/>\n\t<link rel=\"canonical\" href=\"https:\/\/www.teatrulreginamaria.ro\/hu\/ziua-mondiala-a-teatrului-campania-nationala-uniter-artistii-pentru-artisti\/\" \/>\n\t<meta name=\"generator\" content=\"All in One SEO Pro (AIOSEO) 5.0.1.1\" \/>\n\t\t<meta property=\"og:locale\" content=\"hu_HU\" \/>\n\t\t<meta property=\"og:site_name\" content=\"Teatrul Regina Maria Oradea - Trupa Iosif Vulcan \u0219i Trupa Arcadia\" \/>\n\t\t<meta property=\"og:type\" content=\"article\" \/>\n\t\t<meta property=\"og:title\" content=\"ZIUA MONDIAL\u0102 A TEATRULUI \u2013 CAMPANIA NA\u021aIONAL\u0102 UNITER \u2013 ARTI\u0218TII PENTRU ARTI\u0218TI - Teatrul Regina Maria Oradea\" \/>\n\t\t<meta property=\"og:description\" content=\"Ziua Mondial\u0103 a Teatrului \u2013 27 martie Campania Na\u021bional\u0103 UNITER \u2013 Arti\u0219tii pentru arti\u0219ti Ca \u00een fiecare an, Teatrul Regina Maria r\u0103spunde Campaniei Na\u021bionale lansate de UNITER - \u201eArti\u015ftii pentru arti\u015fti\u201d, astfel c\u0103 anul acesta, cu prilejul Zilei Mondiale a Teatrului, celebrat\u0103 \u00een 27 martie, spectacolul ales cu ocazia acestei zile speciale e BILOXI\" \/>\n\t\t<meta property=\"og:url\" content=\"https:\/\/www.teatrulreginamaria.ro\/hu\/ziua-mondiala-a-teatrului-campania-nationala-uniter-artistii-pentru-artisti\/\" \/>\n\t\t<meta property=\"og:image\" content=\"https:\/\/www.teatrulreginamaria.ro\/wp-content\/uploads\/2025\/03\/trm-istoric-01.jpg\" \/>\n\t\t<meta property=\"og:image:secure_url\" content=\"https:\/\/www.teatrulreginamaria.ro\/wp-content\/uploads\/2025\/03\/trm-istoric-01.jpg\" \/>\n\t\t<meta property=\"og:image:width\" content=\"1200\" \/>\n\t\t<meta property=\"og:image:height\" content=\"800\" \/>\n\t\t<meta property=\"article:published_time\" content=\"2014-03-25T09:25:39+00:00\" \/>\n\t\t<meta property=\"article:modified_time\" content=\"2014-03-25T09:25:39+00:00\" \/>\n\t\t<meta property=\"article:publisher\" content=\"https:\/\/www.facebook.com\/TRMTrupaIosifVulcan\/\" \/>\n\t\t<meta name=\"twitter:card\" content=\"summary_large_image\" \/>\n\t\t<meta name=\"twitter:site\" content=\"@TRMOradea\" \/>\n\t\t<meta name=\"twitter:title\" content=\"ZIUA MONDIAL\u0102 A TEATRULUI \u2013 CAMPANIA NA\u021aIONAL\u0102 UNITER \u2013 ARTI\u0218TII PENTRU ARTI\u0218TI - Teatrul Regina Maria Oradea\" \/>\n\t\t<meta name=\"twitter:description\" content=\"Ziua Mondial\u0103 a Teatrului \u2013 27 martie Campania Na\u021bional\u0103 UNITER \u2013 Arti\u0219tii pentru arti\u0219ti Ca \u00een fiecare an, Teatrul Regina Maria r\u0103spunde Campaniei Na\u021bionale lansate de UNITER - \u201eArti\u015ftii pentru arti\u015fti\u201d, astfel c\u0103 anul acesta, cu prilejul Zilei Mondiale a Teatrului, celebrat\u0103 \u00een 27 martie, spectacolul ales cu ocazia acestei zile speciale e BILOXI\" \/>\n\t\t<meta name=\"twitter:creator\" content=\"@TRMOradea\" \/>\n\t\t<meta name=\"twitter:image\" content=\"https:\/\/www.teatrulreginamaria.ro\/wp-content\/uploads\/2025\/03\/trm-istoric-01.jpg\" \/>\n\t\t<script type=\"application\/ld+json\" class=\"aioseo-schema\">\n\t\t\t{\"@context\":\"https:\\\/\\\/schema.org\",\"@graph\":[{\"@type\":\"BlogPosting\",\"@id\":\"https:\\\/\\\/www.teatrulreginamaria.ro\\\/hu\\\/ziua-mondiala-a-teatrului-campania-nationala-uniter-artistii-pentru-artisti\\\/#blogposting\",\"name\":\"ZIUA MONDIAL\\u0102 A TEATRULUI \\u2013 CAMPANIA NA\\u021aIONAL\\u0102 UNITER \\u2013 ARTI\\u0218TII PENTRU ARTI\\u0218TI - Teatrul Regina Maria Oradea\",\"headline\":\"ZIUA MONDIAL\\u0102 A TEATRULUI &#8211; CAMPANIA NA\\u021aIONAL\\u0102 UNITER \\u2013 ARTI\\u0218TII PENTRU ARTI\\u0218TI\",\"author\":{\"@id\":\"https:\\\/\\\/www.teatrulreginamaria.ro\\\/hu\\\/author\\\/w3bmaster\\\/#author\"},\"publisher\":{\"@id\":\"https:\\\/\\\/www.teatrulreginamaria.ro\\\/hu\\\/#organization\"},\"image\":{\"@type\":\"ImageObject\",\"url\":\"https:\\\/\\\/www.teatrulreginamaria.ro\\\/wp-content\\\/uploads\\\/2025\\\/06\\\/logo-trm-01-dark.png\",\"@id\":\"https:\\\/\\\/www.teatrulreginamaria.ro\\\/hu\\\/#articleImage\",\"width\":300,\"height\":148},\"datePublished\":\"2014-03-25T09:25:39+02:00\",\"dateModified\":\"2014-03-25T09:25:39+02:00\",\"inLanguage\":\"hu-HU\",\"mainEntityOfPage\":{\"@id\":\"https:\\\/\\\/www.teatrulreginamaria.ro\\\/hu\\\/ziua-mondiala-a-teatrului-campania-nationala-uniter-artistii-pentru-artisti\\\/#webpage\"},\"isPartOf\":{\"@id\":\"https:\\\/\\\/www.teatrulreginamaria.ro\\\/hu\\\/ziua-mondiala-a-teatrului-campania-nationala-uniter-artistii-pentru-artisti\\\/#webpage\"},\"articleSection\":\"Nout\\u0103\\u021bi - Trupa Iosif Vulcan\"},{\"@type\":\"BreadcrumbList\",\"@id\":\"https:\\\/\\\/www.teatrulreginamaria.ro\\\/hu\\\/ziua-mondiala-a-teatrului-campania-nationala-uniter-artistii-pentru-artisti\\\/#breadcrumblist\",\"itemListElement\":[{\"@type\":\"ListItem\",\"@id\":\"https:\\\/\\\/www.teatrulreginamaria.ro\\\/hu#listItem\",\"position\":1,\"name\":\"Home\",\"item\":\"https:\\\/\\\/www.teatrulreginamaria.ro\\\/hu\",\"nextItem\":{\"@type\":\"ListItem\",\"@id\":\"https:\\\/\\\/www.teatrulreginamaria.ro\\\/hu\\\/categorie\\\/noutati\\\/#listItem\",\"name\":\"Nout\\u0103\\u021bi\"}},{\"@type\":\"ListItem\",\"@id\":\"https:\\\/\\\/www.teatrulreginamaria.ro\\\/hu\\\/categorie\\\/noutati\\\/#listItem\",\"position\":2,\"name\":\"Nout\\u0103\\u021bi\",\"item\":\"https:\\\/\\\/www.teatrulreginamaria.ro\\\/hu\\\/categorie\\\/noutati\\\/\",\"nextItem\":{\"@type\":\"ListItem\",\"@id\":\"https:\\\/\\\/www.teatrulreginamaria.ro\\\/hu\\\/categorie\\\/noutati\\\/noutati-trupa-iosif-vulcan\\\/#listItem\",\"name\":\"Nout\\u0103\\u021bi - Trupa Iosif Vulcan\"},\"previousItem\":{\"@type\":\"ListItem\",\"@id\":\"https:\\\/\\\/www.teatrulreginamaria.ro\\\/hu#listItem\",\"name\":\"Home\"}},{\"@type\":\"ListItem\",\"@id\":\"https:\\\/\\\/www.teatrulreginamaria.ro\\\/hu\\\/categorie\\\/noutati\\\/noutati-trupa-iosif-vulcan\\\/#listItem\",\"position\":3,\"name\":\"Nout\\u0103\\u021bi - Trupa Iosif Vulcan\",\"item\":\"https:\\\/\\\/www.teatrulreginamaria.ro\\\/hu\\\/categorie\\\/noutati\\\/noutati-trupa-iosif-vulcan\\\/\",\"nextItem\":{\"@type\":\"ListItem\",\"@id\":\"https:\\\/\\\/www.teatrulreginamaria.ro\\\/hu\\\/ziua-mondiala-a-teatrului-campania-nationala-uniter-artistii-pentru-artisti\\\/#listItem\",\"name\":\"ZIUA MONDIAL\\u0102 A TEATRULUI &#8211; CAMPANIA NA\\u021aIONAL\\u0102 UNITER \\u2013 ARTI\\u0218TII PENTRU ARTI\\u0218TI\"},\"previousItem\":{\"@type\":\"ListItem\",\"@id\":\"https:\\\/\\\/www.teatrulreginamaria.ro\\\/hu\\\/categorie\\\/noutati\\\/#listItem\",\"name\":\"Nout\\u0103\\u021bi\"}},{\"@type\":\"ListItem\",\"@id\":\"https:\\\/\\\/www.teatrulreginamaria.ro\\\/hu\\\/ziua-mondiala-a-teatrului-campania-nationala-uniter-artistii-pentru-artisti\\\/#listItem\",\"position\":4,\"name\":\"ZIUA MONDIAL\\u0102 A TEATRULUI &#8211; CAMPANIA NA\\u021aIONAL\\u0102 UNITER \\u2013 ARTI\\u0218TII PENTRU ARTI\\u0218TI\",\"previousItem\":{\"@type\":\"ListItem\",\"@id\":\"https:\\\/\\\/www.teatrulreginamaria.ro\\\/hu\\\/categorie\\\/noutati\\\/noutati-trupa-iosif-vulcan\\\/#listItem\",\"name\":\"Nout\\u0103\\u021bi - Trupa Iosif Vulcan\"}}]},{\"@type\":\"Organization\",\"@id\":\"https:\\\/\\\/www.teatrulreginamaria.ro\\\/hu\\\/#organization\",\"name\":\"Teatrul Regina Maria Oradea\",\"description\":\"Trupa Iosif Vulcan \\u0219i Trupa Arcadia\",\"url\":\"https:\\\/\\\/www.teatrulreginamaria.ro\\\/hu\\\/\",\"email\":\"marketing@teatrulreginamaria.ro\",\"telephone\":\"+40359411534\",\"numberOfEmployees\":{\"@type\":\"QuantitativeValue\",\"minValue\":0,\"maxValue\":150},\"logo\":{\"@type\":\"ImageObject\",\"url\":\"https:\\\/\\\/www.teatrulreginamaria.ro\\\/wp-content\\\/uploads\\\/2025\\\/06\\\/logo-trm-01-dark.png\",\"@id\":\"https:\\\/\\\/www.teatrulreginamaria.ro\\\/hu\\\/ziua-mondiala-a-teatrului-campania-nationala-uniter-artistii-pentru-artisti\\\/#organizationLogo\",\"width\":300,\"height\":148},\"image\":{\"@id\":\"https:\\\/\\\/www.teatrulreginamaria.ro\\\/hu\\\/ziua-mondiala-a-teatrului-campania-nationala-uniter-artistii-pentru-artisti\\\/#organizationLogo\"},\"sameAs\":[\"https:\\\/\\\/www.facebook.com\\\/TRMTrupaIosifVulcan\\\/\",\"https:\\\/\\\/x.com\\\/TRMOradea\",\"https:\\\/\\\/www.instagram.com\\\/teatrul_regina_maria\\\/\",\"https:\\\/\\\/www.youtube.com\\\/c\\\/TeatrulReginaMariaOradea\",\"https:\\\/\\\/www.linkedin.com\\\/company\\\/teatrul-regina-maria\"]},{\"@type\":\"Person\",\"@id\":\"https:\\\/\\\/www.teatrulreginamaria.ro\\\/hu\\\/author\\\/w3bmaster\\\/#author\",\"url\":\"https:\\\/\\\/www.teatrulreginamaria.ro\\\/hu\\\/author\\\/w3bmaster\\\/\",\"name\":\"Teatrul Regina Maria\",\"image\":{\"@type\":\"ImageObject\",\"@id\":\"https:\\\/\\\/www.teatrulreginamaria.ro\\\/hu\\\/ziua-mondiala-a-teatrului-campania-nationala-uniter-artistii-pentru-artisti\\\/#authorImage\",\"url\":\"https:\\\/\\\/secure.gravatar.com\\\/avatar\\\/5884139d508ae3f0bafe45e60563b48a9640146d3b08ccc6278c305ff9329305?s=96&d=mm&r=g\",\"width\":96,\"height\":96,\"caption\":\"Teatrul Regina Maria\"}},{\"@type\":\"WebPage\",\"@id\":\"https:\\\/\\\/www.teatrulreginamaria.ro\\\/hu\\\/ziua-mondiala-a-teatrului-campania-nationala-uniter-artistii-pentru-artisti\\\/#webpage\",\"url\":\"https:\\\/\\\/www.teatrulreginamaria.ro\\\/hu\\\/ziua-mondiala-a-teatrului-campania-nationala-uniter-artistii-pentru-artisti\\\/\",\"name\":\"ZIUA MONDIAL\\u0102 A TEATRULUI \\u2013 CAMPANIA NA\\u021aIONAL\\u0102 UNITER \\u2013 ARTI\\u0218TII PENTRU ARTI\\u0218TI - Teatrul Regina Maria Oradea\",\"description\":\"Ziua Mondial\\u0103 a Teatrului \\u2013 27 martie Campania Na\\u021bional\\u0103 UNITER \\u2013 Arti\\u0219tii pentru arti\\u0219ti Ca \\u00een fiecare an, Teatrul Regina Maria r\\u0103spunde Campaniei Na\\u021bionale lansate de UNITER - \\u201eArti\\u015ftii pentru arti\\u015fti\\u201d, astfel c\\u0103 anul acesta, cu prilejul Zilei Mondiale a Teatrului, celebrat\\u0103 \\u00een 27 martie, spectacolul ales cu ocazia acestei zile speciale e BILOXI\",\"inLanguage\":\"hu-HU\",\"isPartOf\":{\"@id\":\"https:\\\/\\\/www.teatrulreginamaria.ro\\\/hu\\\/#website\"},\"breadcrumb\":{\"@id\":\"https:\\\/\\\/www.teatrulreginamaria.ro\\\/hu\\\/ziua-mondiala-a-teatrului-campania-nationala-uniter-artistii-pentru-artisti\\\/#breadcrumblist\"},\"author\":{\"@id\":\"https:\\\/\\\/www.teatrulreginamaria.ro\\\/hu\\\/author\\\/w3bmaster\\\/#author\"},\"creator\":{\"@id\":\"https:\\\/\\\/www.teatrulreginamaria.ro\\\/hu\\\/author\\\/w3bmaster\\\/#author\"},\"datePublished\":\"2014-03-25T09:25:39+02:00\",\"dateModified\":\"2014-03-25T09:25:39+02:00\"},{\"@type\":\"WebSite\",\"@id\":\"https:\\\/\\\/www.teatrulreginamaria.ro\\\/hu\\\/#website\",\"url\":\"https:\\\/\\\/www.teatrulreginamaria.ro\\\/hu\\\/\",\"name\":\"Teatrul Regina Maria Oradea\",\"alternateName\":\"TRM Oradea\",\"description\":\"Trupa Iosif Vulcan \\u0219i Trupa Arcadia\",\"inLanguage\":\"hu-HU\",\"publisher\":{\"@id\":\"https:\\\/\\\/www.teatrulreginamaria.ro\\\/hu\\\/#organization\"}}]}\n\t\t<\/script>\n\t\t<!-- All in One SEO Pro -->\r\n\t\t<title>ZIUA MONDIAL\u0102 A TEATRULUI \u2013 CAMPANIA NA\u021aIONAL\u0102 UNITER \u2013 ARTI\u0218TII PENTRU ARTI\u0218TI - Teatrul Regina Maria Oradea<\/title>\n\n","aioseo_head_json":{"title":"VIL\u00c1GSZ\u00cdNH\u00c1ZI NAP \u2013 NEMZETI KAMP\u00c1NY EGYES\u00cdT\u00c9S \u2013 M\u0170V\u00c9SZEK A M\u0170V\u00c9SZEKNEK - Regina Maria Sz\u00ednh\u00e1z, Nagyv\u00e1radi","description":"Sz\u00ednh\u00e1zi Vil\u00e1gnap \u2013 m\u00e1rcius 27. UNITER Orsz\u00e1gos Kamp\u00e1ny \u2013 M\u0171v\u00e9szek a M\u0171v\u00e9szek\u00e9rt Mint minden \u00e9vben, a Regina Maria Sz\u00ednh\u00e1z v\u00e1laszol az UNITER \u00e1ltal ind\u00edtott Orsz\u00e1gos Kamp\u00e1nyra - \u201eM\u0171v\u00e9szek a M\u0171v\u00e9szek\u00e9rt\u201d, \u00edgy id\u00e9n, a m\u00e1rcius 27-\u00e9n \u00fcnnepelt Sz\u00ednh\u00e1zi Vil\u00e1gnap alkalm\u00e1b\u00f3l a k\u00fcl\u00f6nleges napra v\u00e1lasztott el\u0151ad\u00e1s a BILOXI.","canonical_url":"https:\/\/www.teatrulreginamaria.ro\/hu\/ziua-mondiala-a-teatrului-campania-nationala-uniter-artistii-pentru-artisti\/","robots":"max-image-preview:large","keywords":"","webmasterTools":{"miscellaneous":""},"schema":{"@context":"https:\/\/schema.org","@graph":[{"@type":"BlogPosting","@id":"https:\/\/www.teatrulreginamaria.ro\/hu\/ziua-mondiala-a-teatrului-campania-nationala-uniter-artistii-pentru-artisti\/#blogposting","name":"ZIUA MONDIAL\u0102 A TEATRULUI \u2013 CAMPANIA NA\u021aIONAL\u0102 UNITER \u2013 ARTI\u0218TII PENTRU ARTI\u0218TI - Teatrul Regina Maria Oradea","headline":"ZIUA MONDIAL\u0102 A TEATRULUI &#8211; CAMPANIA NA\u021aIONAL\u0102 UNITER \u2013 ARTI\u0218TII PENTRU ARTI\u0218TI","author":{"@id":"https:\/\/www.teatrulreginamaria.ro\/hu\/author\/w3bmaster\/#author"},"publisher":{"@id":"https:\/\/www.teatrulreginamaria.ro\/hu\/#organization"},"image":{"@type":"ImageObject","url":"https:\/\/www.teatrulreginamaria.ro\/wp-content\/uploads\/2025\/06\/logo-trm-01-dark.png","@id":"https:\/\/www.teatrulreginamaria.ro\/hu\/#articleImage","width":300,"height":148},"datePublished":"2014-03-25T09:25:39+02:00","dateModified":"2014-03-25T09:25:39+02:00","inLanguage":"hu-HU","mainEntityOfPage":{"@id":"https:\/\/www.teatrulreginamaria.ro\/hu\/ziua-mondiala-a-teatrului-campania-nationala-uniter-artistii-pentru-artisti\/#webpage"},"isPartOf":{"@id":"https:\/\/www.teatrulreginamaria.ro\/hu\/ziua-mondiala-a-teatrului-campania-nationala-uniter-artistii-pentru-artisti\/#webpage"},"articleSection":"Nout\u0103\u021bi - Trupa Iosif Vulcan"},{"@type":"BreadcrumbList","@id":"https:\/\/www.teatrulreginamaria.ro\/hu\/ziua-mondiala-a-teatrului-campania-nationala-uniter-artistii-pentru-artisti\/#breadcrumblist","itemListElement":[{"@type":"ListItem","@id":"https:\/\/www.teatrulreginamaria.ro\/hu#listItem","position":1,"name":"Home","item":"https:\/\/www.teatrulreginamaria.ro\/hu","nextItem":{"@type":"ListItem","@id":"https:\/\/www.teatrulreginamaria.ro\/hu\/categorie\/noutati\/#listItem","name":"Nout\u0103\u021bi"}},{"@type":"ListItem","@id":"https:\/\/www.teatrulreginamaria.ro\/hu\/categorie\/noutati\/#listItem","position":2,"name":"Nout\u0103\u021bi","item":"https:\/\/www.teatrulreginamaria.ro\/hu\/categorie\/noutati\/","nextItem":{"@type":"ListItem","@id":"https:\/\/www.teatrulreginamaria.ro\/hu\/categorie\/noutati\/noutati-trupa-iosif-vulcan\/#listItem","name":"Nout\u0103\u021bi - Trupa Iosif Vulcan"},"previousItem":{"@type":"ListItem","@id":"https:\/\/www.teatrulreginamaria.ro\/hu#listItem","name":"Home"}},{"@type":"ListItem","@id":"https:\/\/www.teatrulreginamaria.ro\/hu\/categorie\/noutati\/noutati-trupa-iosif-vulcan\/#listItem","position":3,"name":"Nout\u0103\u021bi - Trupa Iosif Vulcan","item":"https:\/\/www.teatrulreginamaria.ro\/hu\/categorie\/noutati\/noutati-trupa-iosif-vulcan\/","nextItem":{"@type":"ListItem","@id":"https:\/\/www.teatrulreginamaria.ro\/hu\/ziua-mondiala-a-teatrului-campania-nationala-uniter-artistii-pentru-artisti\/#listItem","name":"ZIUA MONDIAL\u0102 A TEATRULUI &#8211; CAMPANIA NA\u021aIONAL\u0102 UNITER \u2013 ARTI\u0218TII PENTRU ARTI\u0218TI"},"previousItem":{"@type":"ListItem","@id":"https:\/\/www.teatrulreginamaria.ro\/hu\/categorie\/noutati\/#listItem","name":"Nout\u0103\u021bi"}},{"@type":"ListItem","@id":"https:\/\/www.teatrulreginamaria.ro\/hu\/ziua-mondiala-a-teatrului-campania-nationala-uniter-artistii-pentru-artisti\/#listItem","position":4,"name":"ZIUA MONDIAL\u0102 A TEATRULUI &#8211; CAMPANIA NA\u021aIONAL\u0102 UNITER \u2013 ARTI\u0218TII PENTRU ARTI\u0218TI","previousItem":{"@type":"ListItem","@id":"https:\/\/www.teatrulreginamaria.ro\/hu\/categorie\/noutati\/noutati-trupa-iosif-vulcan\/#listItem","name":"Nout\u0103\u021bi - Trupa Iosif Vulcan"}}]},{"@type":"Organization","@id":"https:\/\/www.teatrulreginamaria.ro\/hu\/#organization","name":"Teatrul Regina Maria Oradea","description":"Trupa Iosif Vulcan \u0219i Trupa Arcadia","url":"https:\/\/www.teatrulreginamaria.ro\/hu\/","email":"marketing@teatrulreginamaria.ro","telephone":"+40359411534","numberOfEmployees":{"@type":"QuantitativeValue","minValue":0,"maxValue":150},"logo":{"@type":"ImageObject","url":"https:\/\/www.teatrulreginamaria.ro\/wp-content\/uploads\/2025\/06\/logo-trm-01-dark.png","@id":"https:\/\/www.teatrulreginamaria.ro\/hu\/ziua-mondiala-a-teatrului-campania-nationala-uniter-artistii-pentru-artisti\/#organizationLogo","width":300,"height":148},"image":{"@id":"https:\/\/www.teatrulreginamaria.ro\/hu\/ziua-mondiala-a-teatrului-campania-nationala-uniter-artistii-pentru-artisti\/#organizationLogo"},"sameAs":["https:\/\/www.facebook.com\/TRMTrupaIosifVulcan\/","https:\/\/x.com\/TRMOradea","https:\/\/www.instagram.com\/teatrul_regina_maria\/","https:\/\/www.youtube.com\/c\/TeatrulReginaMariaOradea","https:\/\/www.linkedin.com\/company\/teatrul-regina-maria"]},{"@type":"Person","@id":"https:\/\/www.teatrulreginamaria.ro\/hu\/author\/w3bmaster\/#author","url":"https:\/\/www.teatrulreginamaria.ro\/hu\/author\/w3bmaster\/","name":"Teatrul Regina Maria","image":{"@type":"ImageObject","@id":"https:\/\/www.teatrulreginamaria.ro\/hu\/ziua-mondiala-a-teatrului-campania-nationala-uniter-artistii-pentru-artisti\/#authorImage","url":"https:\/\/secure.gravatar.com\/avatar\/5884139d508ae3f0bafe45e60563b48a9640146d3b08ccc6278c305ff9329305?s=96&d=mm&r=g","width":96,"height":96,"caption":"Teatrul Regina Maria"}},{"@type":"WebPage","@id":"https:\/\/www.teatrulreginamaria.ro\/hu\/ziua-mondiala-a-teatrului-campania-nationala-uniter-artistii-pentru-artisti\/#webpage","url":"https:\/\/www.teatrulreginamaria.ro\/hu\/ziua-mondiala-a-teatrului-campania-nationala-uniter-artistii-pentru-artisti\/","name":"ZIUA MONDIAL\u0102 A TEATRULUI \u2013 CAMPANIA NA\u021aIONAL\u0102 UNITER \u2013 ARTI\u0218TII PENTRU ARTI\u0218TI - Teatrul Regina Maria Oradea","description":"Ziua Mondial\u0103 a Teatrului \u2013 27 martie Campania Na\u021bional\u0103 UNITER \u2013 Arti\u0219tii pentru arti\u0219ti Ca \u00een fiecare an, Teatrul Regina Maria r\u0103spunde Campaniei Na\u021bionale lansate de UNITER - \u201eArti\u015ftii pentru arti\u015fti\u201d, astfel c\u0103 anul acesta, cu prilejul Zilei Mondiale a Teatrului, celebrat\u0103 \u00een 27 martie, spectacolul ales cu ocazia acestei zile speciale e BILOXI","inLanguage":"hu-HU","isPartOf":{"@id":"https:\/\/www.teatrulreginamaria.ro\/hu\/#website"},"breadcrumb":{"@id":"https:\/\/www.teatrulreginamaria.ro\/hu\/ziua-mondiala-a-teatrului-campania-nationala-uniter-artistii-pentru-artisti\/#breadcrumblist"},"author":{"@id":"https:\/\/www.teatrulreginamaria.ro\/hu\/author\/w3bmaster\/#author"},"creator":{"@id":"https:\/\/www.teatrulreginamaria.ro\/hu\/author\/w3bmaster\/#author"},"datePublished":"2014-03-25T09:25:39+02:00","dateModified":"2014-03-25T09:25:39+02:00"},{"@type":"WebSite","@id":"https:\/\/www.teatrulreginamaria.ro\/hu\/#website","url":"https:\/\/www.teatrulreginamaria.ro\/hu\/","name":"Teatrul Regina Maria Oradea","alternateName":"TRM Oradea","description":"Trupa Iosif Vulcan \u0219i Trupa Arcadia","inLanguage":"hu-HU","publisher":{"@id":"https:\/\/www.teatrulreginamaria.ro\/hu\/#organization"}}]},"og:locale":"hu_HU","og:site_name":"Teatrul Regina Maria Oradea - Trupa Iosif Vulcan \u0219i Trupa Arcadia","og:type":"article","og:title":"ZIUA MONDIAL\u0102 A TEATRULUI \u2013 CAMPANIA NA\u021aIONAL\u0102 UNITER \u2013 ARTI\u0218TII PENTRU ARTI\u0218TI - Teatrul Regina Maria Oradea","og:description":"Ziua Mondial\u0103 a Teatrului \u2013 27 martie Campania Na\u021bional\u0103 UNITER \u2013 Arti\u0219tii pentru arti\u0219ti Ca \u00een fiecare an, Teatrul Regina Maria r\u0103spunde Campaniei Na\u021bionale lansate de UNITER - \u201eArti\u015ftii pentru arti\u015fti\u201d, astfel c\u0103 anul acesta, cu prilejul Zilei Mondiale a Teatrului, celebrat\u0103 \u00een 27 martie, spectacolul ales cu ocazia acestei zile speciale e BILOXI","og:url":"https:\/\/www.teatrulreginamaria.ro\/hu\/ziua-mondiala-a-teatrului-campania-nationala-uniter-artistii-pentru-artisti\/","og:image":"https:\/\/www.teatrulreginamaria.ro\/wp-content\/uploads\/2025\/03\/trm-istoric-01.jpg","og:image:secure_url":"https:\/\/www.teatrulreginamaria.ro\/wp-content\/uploads\/2025\/03\/trm-istoric-01.jpg","og:image:width":1200,"og:image:height":800,"article:published_time":"2014-03-25T09:25:39+00:00","article:modified_time":"2014-03-25T09:25:39+00:00","article:publisher":"https:\/\/www.facebook.com\/TRMTrupaIosifVulcan\/","twitter:card":"summary_large_image","twitter:site":"@TRMOradea","twitter:title":"ZIUA MONDIAL\u0102 A TEATRULUI \u2013 CAMPANIA NA\u021aIONAL\u0102 UNITER \u2013 ARTI\u0218TII PENTRU ARTI\u0218TI - Teatrul Regina Maria Oradea","twitter:description":"Ziua Mondial\u0103 a Teatrului \u2013 27 martie Campania Na\u021bional\u0103 UNITER \u2013 Arti\u0219tii pentru arti\u0219ti Ca \u00een fiecare an, Teatrul Regina Maria r\u0103spunde Campaniei Na\u021bionale lansate de UNITER - \u201eArti\u015ftii pentru arti\u015fti\u201d, astfel c\u0103 anul acesta, cu prilejul Zilei Mondiale a Teatrului, celebrat\u0103 \u00een 27 martie, spectacolul ales cu ocazia acestei zile speciale e BILOXI","twitter:creator":"@TRMOradea","twitter:image":"https:\/\/www.teatrulreginamaria.ro\/wp-content\/uploads\/2025\/03\/trm-istoric-01.jpg"},"aioseo_meta_data":{"post_id":"1009","title":null,"description":null,"keywords":null,"keyphrases":null,"primary_term":null,"canonical_url":null,"og_title":null,"og_description":null,"og_object_type":"default","og_image_type":"default","og_image_url":null,"og_image_width":null,"og_image_height":null,"og_image_custom_url":null,"og_image_custom_fields":null,"og_video":null,"og_custom_url":null,"og_article_section":null,"og_article_tags":null,"twitter_use_og":false,"twitter_card":"default","twitter_image_type":"default","twitter_image_url":null,"twitter_image_custom_url":null,"twitter_image_custom_fields":null,"twitter_title":null,"twitter_description":null,"schema":{"blockGraphs":[],"customGraphs":[],"default":{"data":{"Article":[],"Course":[],"Dataset":[],"FAQPage":[],"Movie":[],"Person":[],"Product":[],"ProductReview":[],"Car":[],"Recipe":[],"Service":[],"SoftwareApplication":[],"WebPage":[]},"graphName":"","isEnabled":true},"graphs":[]},"schema_type":"default","schema_type_options":null,"pillar_content":false,"robots_default":true,"robots_noindex":false,"robots_noarchive":false,"robots_nosnippet":false,"robots_nofollow":false,"robots_noimageindex":false,"robots_noodp":false,"robots_notranslate":false,"robots_max_snippet":null,"robots_max_videopreview":null,"robots_max_imagepreview":"large","priority":null,"frequency":null,"local_seo":null,"seo_analyzer_scan_date":"2026-05-13 00:12:20","breadcrumb_settings":null,"limit_modified_date":false,"reviewed_by":null,"open_ai":null,"ai":null,"created":"2025-04-09 17:40:55","updated":"2026-05-13 00:12:20","focus_keyword":null,"additional_keywords":null,"truseo_locale":null},"aioseo_breadcrumb":"<div class=\"aioseo-breadcrumbs\"><span class=\"aioseo-breadcrumb\">\n\t<a href=\"https:\/\/www.teatrulreginamaria.ro\/hu\" title=\"Home\">Home<\/a>\n<\/span><span class=\"aioseo-breadcrumb-separator\">&raquo;<\/span><span class=\"aioseo-breadcrumb\">\n\t<a href=\"https:\/\/www.teatrulreginamaria.ro\/hu\/categorie\/noutati\/\" title=\"Nout\u0103\u021bi\">Nout\u0103\u021bi<\/a>\n<\/span><span class=\"aioseo-breadcrumb-separator\">&raquo;<\/span><span class=\"aioseo-breadcrumb\">\n\t<a href=\"https:\/\/www.teatrulreginamaria.ro\/hu\/categorie\/noutati\/noutati-trupa-iosif-vulcan\/\" title=\"Nout\u0103\u021bi - Trupa Iosif Vulcan\">Nout\u0103\u021bi - Trupa Iosif Vulcan<\/a>\n<\/span><span class=\"aioseo-breadcrumb-separator\">&raquo;<\/span><span class=\"aioseo-breadcrumb\">\n\tZIUA MONDIAL\u0102 A TEATRULUI \u2013 CAMPANIA NA\u021aIONAL\u0102 UNITER \u2013 ARTI\u0218TII PENTRU ARTI\u0218TI\n<\/span><\/div>","aioseo_breadcrumb_json":[{"label":"Home","link":"https:\/\/www.teatrulreginamaria.ro\/hu"},{"label":"Nout\u0103\u021bi","link":"https:\/\/www.teatrulreginamaria.ro\/hu\/categorie\/noutati\/"},{"label":"Nout\u0103\u021bi - Trupa Iosif Vulcan","link":"https:\/\/www.teatrulreginamaria.ro\/hu\/categorie\/noutati\/noutati-trupa-iosif-vulcan\/"},{"label":"ZIUA MONDIAL\u0102 A TEATRULUI &#8211; CAMPANIA NA\u021aIONAL\u0102 UNITER \u2013 ARTI\u0218TII PENTRU ARTI\u0218TI","link":"https:\/\/www.teatrulreginamaria.ro\/hu\/ziua-mondiala-a-teatrului-campania-nationala-uniter-artistii-pentru-artisti\/"}],"acf":[],"_links":{"self":[{"href":"https:\/\/www.teatrulreginamaria.ro\/hu\/wp-json\/wp\/v2\/posts\/1009","targetHints":{"allow":["GET"]}}],"collection":[{"href":"https:\/\/www.teatrulreginamaria.ro\/hu\/wp-json\/wp\/v2\/posts"}],"about":[{"href":"https:\/\/www.teatrulreginamaria.ro\/hu\/wp-json\/wp\/v2\/types\/post"}],"author":[{"embeddable":true,"href":"https:\/\/www.teatrulreginamaria.ro\/hu\/wp-json\/wp\/v2\/users\/6"}],"replies":[{"embeddable":true,"href":"https:\/\/www.teatrulreginamaria.ro\/hu\/wp-json\/wp\/v2\/comments?post=1009"}],"version-history":[{"count":0,"href":"https:\/\/www.teatrulreginamaria.ro\/hu\/wp-json\/wp\/v2\/posts\/1009\/revisions"}],"wp:attachment":[{"href":"https:\/\/www.teatrulreginamaria.ro\/hu\/wp-json\/wp\/v2\/media?parent=1009"}],"wp:term":[{"taxonomy":"category","embeddable":true,"href":"https:\/\/www.teatrulreginamaria.ro\/hu\/wp-json\/wp\/v2\/categories?post=1009"},{"taxonomy":"post_tag","embeddable":true,"href":"https:\/\/www.teatrulreginamaria.ro\/hu\/wp-json\/wp\/v2\/tags?post=1009"}],"curies":[{"name":"munkaf\u00fczet","href":"https:\/\/api.w.org\/{rel}","templated":true}]}}