{"id":1010,"date":"2014-03-27T07:32:10","date_gmt":"2014-03-27T07:32:10","guid":{"rendered":"https:\/\/teatrulreginamaria.ro\/2014\/03\/27\/lansare-de-carte-mircea-diaconu-la-oradea\/"},"modified":"2014-03-27T07:32:10","modified_gmt":"2014-03-27T07:32:10","slug":"mircea-diaconu-konyvbemutato-nagyvaradon","status":"publish","type":"post","link":"https:\/\/www.teatrulreginamaria.ro\/hu\/lansare-de-carte-mircea-diaconu-la-oradea\/","title":{"rendered":"K\u00d6NYVBEIND\u00cdT\u00c1S \u2013 MIRCEA DIACONU NAGYV\u00c1RADON"},"content":{"rendered":"<p style=\"text-align: justify;\">2014. m\u00e1rcius 28-\u00e1n, p\u00e9nteken Mircea Diaconu Nagyv\u00e1radon lesz jelen, hogy n\u00e9pszer\u0171s\u00edtse a reg\u00e9nyt. <em>Amikor hozz\u00e1nk j\u00f6n a t\u00e9l<\/em>, nemr\u00e9g jelent meg, \u00e1tdolgozott kiad\u00e1sban a Polirom Kiad\u00f3 &quot;Fiction Ltd.&quot; gy\u0171jtem\u00e9ny\u00e9ben, digit\u00e1lis kiad\u00e1sban is el\u00e9rhet\u0151.<\/p>\n<p style=\"text-align: justify;\">Mircea Diaconu sz\u00edn\u00e9sz \u00e9s \u00edr\u00f3 e k\u00f6tet n\u00e9pszer\u0171s\u00edt\u00e9s\u00e9re indult k\u00f6r\u00fatra, olvas\u00f3kkal tal\u00e1lkozott \u00e9s nyilv\u00e1nos felolvas\u00e1sokat tartott Bukarestben, Br\u0103il\u00e1ban, Brass\u00f3ban, Gura Humoruluiban, Ia\u015fiban, Piatra Neamtben, Kolozsv\u00e1ron, Nagyv\u00e1radon.<\/p>\n<p style=\"text-align: justify;\">Egy gyermek szemsz\u00f6g\u00e9b\u0151l n\u00e9zve az \u00e9let szebbnek t\u0171nik. \u00c9s ha a k\u00eds\u00e9rteties \u00e9vtizedben egy faluban \u00e9l\u0151 gyerek egy reg\u00e9ny narr\u00e1tor-szerepl\u0151j\u00e9v\u00e9 v\u00e1lik, a korszak trag\u00e9di\u00e1j\u00e1t semleges\u00edtik a naivit\u00e1sa \u00e1ltal teremtett komikus helyzetek.<\/p>\n<p><!--more--><\/p>\n<p style=\"text-align: justify;\">A szomsz\u00e9d kisl\u00e1ny\u00e1nak els\u0151 szerelm\u00e9nek izgalma k\u00e9pzeletbeli kast\u00e9lyok \u00e9s term\u00e9szeti kalandok k\u00f6z\u00f6tt vir\u00e1gzik, a hely, ahol \u00e9l, a paradicsom szeglete, \u00e9s az apr\u00f3s\u00e1gok, mint az \u00faj pizsama, a b\u0151 &quot;feln\u0151tt&quot; nadr\u00e1g vagy a fondant cukork\u00e1k, az \u00e9let legnagyobb \u00f6r\u00f6mei.<\/p>\n<p style=\"text-align: justify;\">Minden megv\u00e1ltozik azonban, amikor az ap\u00e1t b\u0171ncselekm\u00e9nnyel v\u00e1dolj\u00e1k, \u00e9s a kisfi\u00fa, a b\u00e1tyja \u00e9s az anyjuk nemk\u00edv\u00e1natos szem\u00e9lyekk\u00e9 v\u00e1lnak. Ez azonban nem akad\u00e1lyozza meg a f\u0151szerepl\u0151t abban, hogy olyan b\u00e1tors\u00e1got \u00e9s \u00e1ldozatk\u00e9szs\u00e9get tan\u00fas\u00edtson, amely egy feln\u0151ttnek is becs\u00fclet\u00e9re v\u00e1lna.<\/p>\n<p style=\"text-align: justify;\">Egy reg\u00e9ny nagyb\u00e1csikkal \u00e9s nagyn\u00e9nikkel, nagysz\u00fcl\u0151kkel \u00e9s szomsz\u00e9dokkal \u2013 n\u00e9melyik v\u00e9delmez\u0151 angyal, m\u00e1sok emberi arc\u00fa d\u00e9monok \u2013, amelyben egy \u00e1rtatlan l\u00e9lek megmutatja nek\u00fcnk, hogy az emberekben rejl\u0151 j\u00f3s\u00e1g m\u00e9g a legs\u00f6t\u00e9tebb id\u0151kben is gy\u0151zedelmeskedhet.<\/p>\n<p style=\"text-align: justify;\">Mircea Diaconu (1949. december 24.) sz\u00edn\u00e9sz, politikus, \u00edr\u00f3 \u00e9s a bukaresti &quot;Ion Luca Caragiale&quot; Nemzeti Sz\u00ednh\u00e1z- \u00e9s Filmm\u0171v\u00e9szeti Egyetem professzora. 2011-ig a &quot;Nottara&quot; Sz\u00ednh\u00e1z igazgat\u00f3ja volt. J\u00e1tszott nemzeti sz\u00ednpadok darabjaiban, valamint olyan h\u00edres filmes produkci\u00f3kban, mint a De ce trag clopotele, Mitic\u0103?, Buletin de Bucure\u0219ti, Asfalt Tango, Cum mi-am sper\u021bat fif\u0219ritul lumii, Legavic\u0103tropica.<\/p>\n<p style=\"text-align: justify;\">Ezenk\u00edv\u00fcl megjelentek m\u00e9g: \u015eugubina (1977), A sz\u00edn\u00e9sz v\u00e1szonsz\u00e9ke (1985) \u00e9s A r\u00e9gi Bukarestben Mircea Diaconuval (1998).<\/p>\n<p style=\"text-align: justify;\">A \u015eugubina c\u00edm\u0171 novell\u00e1sk\u00f6tetet jelenleg a Polirom Kiad\u00f3 adja ki, a &quot;Fiction Ltd.&quot; gy\u0171jtem\u00e9nyes kiad\u00e1sban.\u201e<\/p>\n<p style=\"text-align: justify;\">ESEM\u00c9NYPROGRAM:<\/p>\n<p style=\"text-align: justify;\">NAGYV\u00c1RAD \u2013 M\u00e1rcius 28., p\u00e9ntek, 15:00<\/p>\n<p style=\"text-align: justify;\">K\u00f6nyvbemutat\u00f3 a Nagyv\u00e1radi Egyetem B\u00f6lcs\u00e9szettudom\u00e1nyi Kar\u00e1nak C023-as term\u00e9ben<\/p>\n<p style=\"text-align: justify;\">Vend\u00e9gek: Marius Mihe\u0163, Mircea Pricajan<\/p>","protected":false},"excerpt":{"rendered":"<p>Vineri, 28 martie 2014, Mircea Diaconu va fi prezent la Oradea pentru a promova romanul La noi, c\u00eend vine iarna, ap\u0103rut recent, \u00een edi\u0163ie rev\u0103zut\u0103, \u00een colec\u0163ia \u201eFiction Ltd.\u201d a Editurii Polirom, disponibil \u015fi \u00een edi\u0163ie digital\u0103. Actorul \u015fi scriitorul Mircea Diaconu a pornit \u00een turneu de promovare a acestui volum, \u00eent\u00e2lnindu-se cu cititori \u015fi [&hellip;]<\/p>\n","protected":false},"author":6,"featured_media":0,"comment_status":"open","ping_status":"open","sticky":false,"template":"","format":"standard","meta":{"_acf_changed":false,"footnotes":""},"categories":[22],"tags":[],"class_list":["post-1010","post","type-post","status-publish","format-standard","hentry","category-noutati-trupa-iosif-vulcan"],"aioseo_notices":[],"aioseo_head":"\n\t\t<!-- All in One SEO Pro 5.0.1.1 - aioseo.com -->\n\t<meta name=\"description\" content=\"Vineri, 28 martie 2014, Mircea Diaconu va fi prezent la Oradea pentru a promova romanul La noi, c\u00eend vine iarna, ap\u0103rut recent, \u00een edi\u0163ie rev\u0103zut\u0103, \u00een colec\u0163ia \u201eFiction Ltd.\u201d a Editurii Polirom, disponibil \u015fi \u00een edi\u0163ie digital\u0103. Actorul \u015fi scriitorul Mircea Diaconu a pornit \u00een turneu de promovare a acestui volum, \u00eent\u00e2lnindu-se cu cititori \u015fi\" \/>\n\t<meta name=\"robots\" content=\"max-image-preview:large\" \/>\n\t<meta name=\"author\" content=\"Teatrul Regina Maria\"\/>\n\t<link rel=\"canonical\" href=\"https:\/\/www.teatrulreginamaria.ro\/hu\/lansare-de-carte-mircea-diaconu-la-oradea\/\" \/>\n\t<meta name=\"generator\" content=\"All in One SEO Pro (AIOSEO) 5.0.1.1\" \/>\n\t\t<meta property=\"og:locale\" content=\"hu_HU\" \/>\n\t\t<meta property=\"og:site_name\" content=\"Teatrul Regina Maria Oradea - Trupa Iosif Vulcan \u0219i Trupa Arcadia\" \/>\n\t\t<meta property=\"og:type\" content=\"article\" \/>\n\t\t<meta property=\"og:title\" content=\"LANSARE DE CARTE \u2013 MIRCEA DIACONU LA ORADEA - Teatrul Regina Maria Oradea\" \/>\n\t\t<meta property=\"og:description\" content=\"Vineri, 28 martie 2014, Mircea Diaconu va fi prezent la Oradea pentru a promova romanul La noi, c\u00eend vine iarna, ap\u0103rut recent, \u00een edi\u0163ie rev\u0103zut\u0103, \u00een colec\u0163ia \u201eFiction Ltd.\u201d a Editurii Polirom, disponibil \u015fi \u00een edi\u0163ie digital\u0103. Actorul \u015fi scriitorul Mircea Diaconu a pornit \u00een turneu de promovare a acestui volum, \u00eent\u00e2lnindu-se cu cititori \u015fi\" \/>\n\t\t<meta property=\"og:url\" content=\"https:\/\/www.teatrulreginamaria.ro\/hu\/lansare-de-carte-mircea-diaconu-la-oradea\/\" \/>\n\t\t<meta property=\"og:image\" content=\"https:\/\/www.teatrulreginamaria.ro\/wp-content\/uploads\/2025\/03\/trm-istoric-01.jpg\" \/>\n\t\t<meta property=\"og:image:secure_url\" content=\"https:\/\/www.teatrulreginamaria.ro\/wp-content\/uploads\/2025\/03\/trm-istoric-01.jpg\" \/>\n\t\t<meta property=\"og:image:width\" content=\"1200\" \/>\n\t\t<meta property=\"og:image:height\" content=\"800\" \/>\n\t\t<meta property=\"article:published_time\" content=\"2014-03-27T07:32:10+00:00\" \/>\n\t\t<meta property=\"article:modified_time\" content=\"2014-03-27T07:32:10+00:00\" \/>\n\t\t<meta property=\"article:publisher\" content=\"https:\/\/www.facebook.com\/TRMTrupaIosifVulcan\/\" \/>\n\t\t<meta name=\"twitter:card\" content=\"summary_large_image\" \/>\n\t\t<meta name=\"twitter:site\" content=\"@TRMOradea\" \/>\n\t\t<meta name=\"twitter:title\" content=\"LANSARE DE CARTE \u2013 MIRCEA DIACONU LA ORADEA - Teatrul Regina Maria Oradea\" \/>\n\t\t<meta name=\"twitter:description\" content=\"Vineri, 28 martie 2014, Mircea Diaconu va fi prezent la Oradea pentru a promova romanul La noi, c\u00eend vine iarna, ap\u0103rut recent, \u00een edi\u0163ie rev\u0103zut\u0103, \u00een colec\u0163ia \u201eFiction Ltd.\u201d a Editurii Polirom, disponibil \u015fi \u00een edi\u0163ie digital\u0103. Actorul \u015fi scriitorul Mircea Diaconu a pornit \u00een turneu de promovare a acestui volum, \u00eent\u00e2lnindu-se cu cititori \u015fi\" \/>\n\t\t<meta name=\"twitter:creator\" content=\"@TRMOradea\" \/>\n\t\t<meta name=\"twitter:image\" content=\"https:\/\/www.teatrulreginamaria.ro\/wp-content\/uploads\/2025\/03\/trm-istoric-01.jpg\" \/>\n\t\t<script type=\"application\/ld+json\" class=\"aioseo-schema\">\n\t\t\t{\"@context\":\"https:\\\/\\\/schema.org\",\"@graph\":[{\"@type\":\"BlogPosting\",\"@id\":\"https:\\\/\\\/www.teatrulreginamaria.ro\\\/hu\\\/lansare-de-carte-mircea-diaconu-la-oradea\\\/#blogposting\",\"name\":\"LANSARE DE CARTE \\u2013 MIRCEA DIACONU LA ORADEA - Teatrul Regina Maria Oradea\",\"headline\":\"LANSARE DE CARTE &#8211; MIRCEA DIACONU LA ORADEA\",\"author\":{\"@id\":\"https:\\\/\\\/www.teatrulreginamaria.ro\\\/hu\\\/author\\\/w3bmaster\\\/#author\"},\"publisher\":{\"@id\":\"https:\\\/\\\/www.teatrulreginamaria.ro\\\/hu\\\/#organization\"},\"image\":{\"@type\":\"ImageObject\",\"url\":\"https:\\\/\\\/www.teatrulreginamaria.ro\\\/wp-content\\\/uploads\\\/2025\\\/06\\\/logo-trm-01-dark.png\",\"@id\":\"https:\\\/\\\/www.teatrulreginamaria.ro\\\/hu\\\/#articleImage\",\"width\":300,\"height\":148},\"datePublished\":\"2014-03-27T07:32:10+02:00\",\"dateModified\":\"2014-03-27T07:32:10+02:00\",\"inLanguage\":\"hu-HU\",\"mainEntityOfPage\":{\"@id\":\"https:\\\/\\\/www.teatrulreginamaria.ro\\\/hu\\\/lansare-de-carte-mircea-diaconu-la-oradea\\\/#webpage\"},\"isPartOf\":{\"@id\":\"https:\\\/\\\/www.teatrulreginamaria.ro\\\/hu\\\/lansare-de-carte-mircea-diaconu-la-oradea\\\/#webpage\"},\"articleSection\":\"Nout\\u0103\\u021bi - Trupa Iosif Vulcan\"},{\"@type\":\"BreadcrumbList\",\"@id\":\"https:\\\/\\\/www.teatrulreginamaria.ro\\\/hu\\\/lansare-de-carte-mircea-diaconu-la-oradea\\\/#breadcrumblist\",\"itemListElement\":[{\"@type\":\"ListItem\",\"@id\":\"https:\\\/\\\/www.teatrulreginamaria.ro\\\/hu#listItem\",\"position\":1,\"name\":\"Home\",\"item\":\"https:\\\/\\\/www.teatrulreginamaria.ro\\\/hu\",\"nextItem\":{\"@type\":\"ListItem\",\"@id\":\"https:\\\/\\\/www.teatrulreginamaria.ro\\\/hu\\\/categorie\\\/noutati\\\/#listItem\",\"name\":\"Nout\\u0103\\u021bi\"}},{\"@type\":\"ListItem\",\"@id\":\"https:\\\/\\\/www.teatrulreginamaria.ro\\\/hu\\\/categorie\\\/noutati\\\/#listItem\",\"position\":2,\"name\":\"Nout\\u0103\\u021bi\",\"item\":\"https:\\\/\\\/www.teatrulreginamaria.ro\\\/hu\\\/categorie\\\/noutati\\\/\",\"nextItem\":{\"@type\":\"ListItem\",\"@id\":\"https:\\\/\\\/www.teatrulreginamaria.ro\\\/hu\\\/categorie\\\/noutati\\\/noutati-trupa-iosif-vulcan\\\/#listItem\",\"name\":\"Nout\\u0103\\u021bi - Trupa Iosif Vulcan\"},\"previousItem\":{\"@type\":\"ListItem\",\"@id\":\"https:\\\/\\\/www.teatrulreginamaria.ro\\\/hu#listItem\",\"name\":\"Home\"}},{\"@type\":\"ListItem\",\"@id\":\"https:\\\/\\\/www.teatrulreginamaria.ro\\\/hu\\\/categorie\\\/noutati\\\/noutati-trupa-iosif-vulcan\\\/#listItem\",\"position\":3,\"name\":\"Nout\\u0103\\u021bi - Trupa Iosif Vulcan\",\"item\":\"https:\\\/\\\/www.teatrulreginamaria.ro\\\/hu\\\/categorie\\\/noutati\\\/noutati-trupa-iosif-vulcan\\\/\",\"nextItem\":{\"@type\":\"ListItem\",\"@id\":\"https:\\\/\\\/www.teatrulreginamaria.ro\\\/hu\\\/lansare-de-carte-mircea-diaconu-la-oradea\\\/#listItem\",\"name\":\"LANSARE DE CARTE &#8211; MIRCEA DIACONU LA ORADEA\"},\"previousItem\":{\"@type\":\"ListItem\",\"@id\":\"https:\\\/\\\/www.teatrulreginamaria.ro\\\/hu\\\/categorie\\\/noutati\\\/#listItem\",\"name\":\"Nout\\u0103\\u021bi\"}},{\"@type\":\"ListItem\",\"@id\":\"https:\\\/\\\/www.teatrulreginamaria.ro\\\/hu\\\/lansare-de-carte-mircea-diaconu-la-oradea\\\/#listItem\",\"position\":4,\"name\":\"LANSARE DE CARTE &#8211; MIRCEA DIACONU LA ORADEA\",\"previousItem\":{\"@type\":\"ListItem\",\"@id\":\"https:\\\/\\\/www.teatrulreginamaria.ro\\\/hu\\\/categorie\\\/noutati\\\/noutati-trupa-iosif-vulcan\\\/#listItem\",\"name\":\"Nout\\u0103\\u021bi - Trupa Iosif Vulcan\"}}]},{\"@type\":\"Organization\",\"@id\":\"https:\\\/\\\/www.teatrulreginamaria.ro\\\/hu\\\/#organization\",\"name\":\"Teatrul Regina Maria Oradea\",\"description\":\"Trupa Iosif Vulcan \\u0219i Trupa Arcadia\",\"url\":\"https:\\\/\\\/www.teatrulreginamaria.ro\\\/hu\\\/\",\"email\":\"marketing@teatrulreginamaria.ro\",\"telephone\":\"+40359411534\",\"numberOfEmployees\":{\"@type\":\"QuantitativeValue\",\"minValue\":0,\"maxValue\":150},\"logo\":{\"@type\":\"ImageObject\",\"url\":\"https:\\\/\\\/www.teatrulreginamaria.ro\\\/wp-content\\\/uploads\\\/2025\\\/06\\\/logo-trm-01-dark.png\",\"@id\":\"https:\\\/\\\/www.teatrulreginamaria.ro\\\/hu\\\/lansare-de-carte-mircea-diaconu-la-oradea\\\/#organizationLogo\",\"width\":300,\"height\":148},\"image\":{\"@id\":\"https:\\\/\\\/www.teatrulreginamaria.ro\\\/hu\\\/lansare-de-carte-mircea-diaconu-la-oradea\\\/#organizationLogo\"},\"sameAs\":[\"https:\\\/\\\/www.facebook.com\\\/TRMTrupaIosifVulcan\\\/\",\"https:\\\/\\\/x.com\\\/TRMOradea\",\"https:\\\/\\\/www.instagram.com\\\/teatrul_regina_maria\\\/\",\"https:\\\/\\\/www.youtube.com\\\/c\\\/TeatrulReginaMariaOradea\",\"https:\\\/\\\/www.linkedin.com\\\/company\\\/teatrul-regina-maria\"]},{\"@type\":\"Person\",\"@id\":\"https:\\\/\\\/www.teatrulreginamaria.ro\\\/hu\\\/author\\\/w3bmaster\\\/#author\",\"url\":\"https:\\\/\\\/www.teatrulreginamaria.ro\\\/hu\\\/author\\\/w3bmaster\\\/\",\"name\":\"Teatrul Regina Maria\",\"image\":{\"@type\":\"ImageObject\",\"@id\":\"https:\\\/\\\/www.teatrulreginamaria.ro\\\/hu\\\/lansare-de-carte-mircea-diaconu-la-oradea\\\/#authorImage\",\"url\":\"https:\\\/\\\/secure.gravatar.com\\\/avatar\\\/5884139d508ae3f0bafe45e60563b48a9640146d3b08ccc6278c305ff9329305?s=96&d=mm&r=g\",\"width\":96,\"height\":96,\"caption\":\"Teatrul Regina Maria\"}},{\"@type\":\"WebPage\",\"@id\":\"https:\\\/\\\/www.teatrulreginamaria.ro\\\/hu\\\/lansare-de-carte-mircea-diaconu-la-oradea\\\/#webpage\",\"url\":\"https:\\\/\\\/www.teatrulreginamaria.ro\\\/hu\\\/lansare-de-carte-mircea-diaconu-la-oradea\\\/\",\"name\":\"LANSARE DE CARTE \\u2013 MIRCEA DIACONU LA ORADEA - Teatrul Regina Maria Oradea\",\"description\":\"Vineri, 28 martie 2014, Mircea Diaconu va fi prezent la Oradea pentru a promova romanul La noi, c\\u00eend vine iarna, ap\\u0103rut recent, \\u00een edi\\u0163ie rev\\u0103zut\\u0103, \\u00een colec\\u0163ia \\u201eFiction Ltd.\\u201d a Editurii Polirom, disponibil \\u015fi \\u00een edi\\u0163ie digital\\u0103. Actorul \\u015fi scriitorul Mircea Diaconu a pornit \\u00een turneu de promovare a acestui volum, \\u00eent\\u00e2lnindu-se cu cititori \\u015fi\",\"inLanguage\":\"hu-HU\",\"isPartOf\":{\"@id\":\"https:\\\/\\\/www.teatrulreginamaria.ro\\\/hu\\\/#website\"},\"breadcrumb\":{\"@id\":\"https:\\\/\\\/www.teatrulreginamaria.ro\\\/hu\\\/lansare-de-carte-mircea-diaconu-la-oradea\\\/#breadcrumblist\"},\"author\":{\"@id\":\"https:\\\/\\\/www.teatrulreginamaria.ro\\\/hu\\\/author\\\/w3bmaster\\\/#author\"},\"creator\":{\"@id\":\"https:\\\/\\\/www.teatrulreginamaria.ro\\\/hu\\\/author\\\/w3bmaster\\\/#author\"},\"datePublished\":\"2014-03-27T07:32:10+02:00\",\"dateModified\":\"2014-03-27T07:32:10+02:00\"},{\"@type\":\"WebSite\",\"@id\":\"https:\\\/\\\/www.teatrulreginamaria.ro\\\/hu\\\/#website\",\"url\":\"https:\\\/\\\/www.teatrulreginamaria.ro\\\/hu\\\/\",\"name\":\"Teatrul Regina Maria Oradea\",\"alternateName\":\"TRM Oradea\",\"description\":\"Trupa Iosif Vulcan \\u0219i Trupa Arcadia\",\"inLanguage\":\"hu-HU\",\"publisher\":{\"@id\":\"https:\\\/\\\/www.teatrulreginamaria.ro\\\/hu\\\/#organization\"}}]}\n\t\t<\/script>\n\t\t<!-- All in One SEO Pro -->\r\n\t\t<title>LANSARE DE CARTE \u2013 MIRCEA DIACONU LA ORADEA - Teatrul Regina Maria Oradea<\/title>\n\n","aioseo_head_json":{"title":"K\u00d6NYVBEmutat\u00f3 \u2013 MIRCEA DIACONU NAGYV\u00c1RADON \u2013 Regina Maria Sz\u00ednh\u00e1z Nagyv\u00e1radi","description":"2014. m\u00e1rcius 28-\u00e1n, p\u00e9nteken Mircea Diaconu Nagyv\u00e1radon lesz jelen, hogy bemutassa a La noi, q\u00eend vine iarna c\u00edm\u0171 reg\u00e9nyt, amely nemr\u00e9g jelent meg \u00e1tdolgozott kiad\u00e1sban a Polirom Kiad\u00f3 \u201eFiction Ltd.\u201d gy\u0171jtem\u00e9ny\u00e9ben, \u00e9s digit\u00e1lis v\u00e1ltozatban is el\u00e9rhet\u0151. Mircea Diaconu sz\u00edn\u00e9sz \u00e9s \u00edr\u00f3 prom\u00f3ci\u00f3s k\u00f6r\u00fatra indult a k\u00f6tet sz\u00e1m\u00e1ra, tal\u00e1lkozott az olvas\u00f3kkal \u00e9s","canonical_url":"https:\/\/www.teatrulreginamaria.ro\/hu\/lansare-de-carte-mircea-diaconu-la-oradea\/","robots":"max-image-preview:large","keywords":"","webmasterTools":{"miscellaneous":""},"schema":{"@context":"https:\/\/schema.org","@graph":[{"@type":"BlogPosting","@id":"https:\/\/www.teatrulreginamaria.ro\/hu\/lansare-de-carte-mircea-diaconu-la-oradea\/#blogposting","name":"LANSARE DE CARTE \u2013 MIRCEA DIACONU LA ORADEA - Teatrul Regina Maria Oradea","headline":"LANSARE DE CARTE &#8211; MIRCEA DIACONU LA ORADEA","author":{"@id":"https:\/\/www.teatrulreginamaria.ro\/hu\/author\/w3bmaster\/#author"},"publisher":{"@id":"https:\/\/www.teatrulreginamaria.ro\/hu\/#organization"},"image":{"@type":"ImageObject","url":"https:\/\/www.teatrulreginamaria.ro\/wp-content\/uploads\/2025\/06\/logo-trm-01-dark.png","@id":"https:\/\/www.teatrulreginamaria.ro\/hu\/#articleImage","width":300,"height":148},"datePublished":"2014-03-27T07:32:10+02:00","dateModified":"2014-03-27T07:32:10+02:00","inLanguage":"hu-HU","mainEntityOfPage":{"@id":"https:\/\/www.teatrulreginamaria.ro\/hu\/lansare-de-carte-mircea-diaconu-la-oradea\/#webpage"},"isPartOf":{"@id":"https:\/\/www.teatrulreginamaria.ro\/hu\/lansare-de-carte-mircea-diaconu-la-oradea\/#webpage"},"articleSection":"Nout\u0103\u021bi - Trupa Iosif Vulcan"},{"@type":"BreadcrumbList","@id":"https:\/\/www.teatrulreginamaria.ro\/hu\/lansare-de-carte-mircea-diaconu-la-oradea\/#breadcrumblist","itemListElement":[{"@type":"ListItem","@id":"https:\/\/www.teatrulreginamaria.ro\/hu#listItem","position":1,"name":"Home","item":"https:\/\/www.teatrulreginamaria.ro\/hu","nextItem":{"@type":"ListItem","@id":"https:\/\/www.teatrulreginamaria.ro\/hu\/categorie\/noutati\/#listItem","name":"Nout\u0103\u021bi"}},{"@type":"ListItem","@id":"https:\/\/www.teatrulreginamaria.ro\/hu\/categorie\/noutati\/#listItem","position":2,"name":"Nout\u0103\u021bi","item":"https:\/\/www.teatrulreginamaria.ro\/hu\/categorie\/noutati\/","nextItem":{"@type":"ListItem","@id":"https:\/\/www.teatrulreginamaria.ro\/hu\/categorie\/noutati\/noutati-trupa-iosif-vulcan\/#listItem","name":"Nout\u0103\u021bi - Trupa Iosif Vulcan"},"previousItem":{"@type":"ListItem","@id":"https:\/\/www.teatrulreginamaria.ro\/hu#listItem","name":"Home"}},{"@type":"ListItem","@id":"https:\/\/www.teatrulreginamaria.ro\/hu\/categorie\/noutati\/noutati-trupa-iosif-vulcan\/#listItem","position":3,"name":"Nout\u0103\u021bi - Trupa Iosif Vulcan","item":"https:\/\/www.teatrulreginamaria.ro\/hu\/categorie\/noutati\/noutati-trupa-iosif-vulcan\/","nextItem":{"@type":"ListItem","@id":"https:\/\/www.teatrulreginamaria.ro\/hu\/lansare-de-carte-mircea-diaconu-la-oradea\/#listItem","name":"LANSARE DE CARTE &#8211; MIRCEA DIACONU LA ORADEA"},"previousItem":{"@type":"ListItem","@id":"https:\/\/www.teatrulreginamaria.ro\/hu\/categorie\/noutati\/#listItem","name":"Nout\u0103\u021bi"}},{"@type":"ListItem","@id":"https:\/\/www.teatrulreginamaria.ro\/hu\/lansare-de-carte-mircea-diaconu-la-oradea\/#listItem","position":4,"name":"LANSARE DE CARTE &#8211; MIRCEA DIACONU LA ORADEA","previousItem":{"@type":"ListItem","@id":"https:\/\/www.teatrulreginamaria.ro\/hu\/categorie\/noutati\/noutati-trupa-iosif-vulcan\/#listItem","name":"Nout\u0103\u021bi - Trupa Iosif Vulcan"}}]},{"@type":"Organization","@id":"https:\/\/www.teatrulreginamaria.ro\/hu\/#organization","name":"Teatrul Regina Maria Oradea","description":"Trupa Iosif Vulcan \u0219i Trupa Arcadia","url":"https:\/\/www.teatrulreginamaria.ro\/hu\/","email":"marketing@teatrulreginamaria.ro","telephone":"+40359411534","numberOfEmployees":{"@type":"QuantitativeValue","minValue":0,"maxValue":150},"logo":{"@type":"ImageObject","url":"https:\/\/www.teatrulreginamaria.ro\/wp-content\/uploads\/2025\/06\/logo-trm-01-dark.png","@id":"https:\/\/www.teatrulreginamaria.ro\/hu\/lansare-de-carte-mircea-diaconu-la-oradea\/#organizationLogo","width":300,"height":148},"image":{"@id":"https:\/\/www.teatrulreginamaria.ro\/hu\/lansare-de-carte-mircea-diaconu-la-oradea\/#organizationLogo"},"sameAs":["https:\/\/www.facebook.com\/TRMTrupaIosifVulcan\/","https:\/\/x.com\/TRMOradea","https:\/\/www.instagram.com\/teatrul_regina_maria\/","https:\/\/www.youtube.com\/c\/TeatrulReginaMariaOradea","https:\/\/www.linkedin.com\/company\/teatrul-regina-maria"]},{"@type":"Person","@id":"https:\/\/www.teatrulreginamaria.ro\/hu\/author\/w3bmaster\/#author","url":"https:\/\/www.teatrulreginamaria.ro\/hu\/author\/w3bmaster\/","name":"Teatrul Regina Maria","image":{"@type":"ImageObject","@id":"https:\/\/www.teatrulreginamaria.ro\/hu\/lansare-de-carte-mircea-diaconu-la-oradea\/#authorImage","url":"https:\/\/secure.gravatar.com\/avatar\/5884139d508ae3f0bafe45e60563b48a9640146d3b08ccc6278c305ff9329305?s=96&d=mm&r=g","width":96,"height":96,"caption":"Teatrul Regina Maria"}},{"@type":"WebPage","@id":"https:\/\/www.teatrulreginamaria.ro\/hu\/lansare-de-carte-mircea-diaconu-la-oradea\/#webpage","url":"https:\/\/www.teatrulreginamaria.ro\/hu\/lansare-de-carte-mircea-diaconu-la-oradea\/","name":"LANSARE DE CARTE \u2013 MIRCEA DIACONU LA ORADEA - Teatrul Regina Maria Oradea","description":"Vineri, 28 martie 2014, Mircea Diaconu va fi prezent la Oradea pentru a promova romanul La noi, c\u00eend vine iarna, ap\u0103rut recent, \u00een edi\u0163ie rev\u0103zut\u0103, \u00een colec\u0163ia \u201eFiction Ltd.\u201d a Editurii Polirom, disponibil \u015fi \u00een edi\u0163ie digital\u0103. Actorul \u015fi scriitorul Mircea Diaconu a pornit \u00een turneu de promovare a acestui volum, \u00eent\u00e2lnindu-se cu cititori \u015fi","inLanguage":"hu-HU","isPartOf":{"@id":"https:\/\/www.teatrulreginamaria.ro\/hu\/#website"},"breadcrumb":{"@id":"https:\/\/www.teatrulreginamaria.ro\/hu\/lansare-de-carte-mircea-diaconu-la-oradea\/#breadcrumblist"},"author":{"@id":"https:\/\/www.teatrulreginamaria.ro\/hu\/author\/w3bmaster\/#author"},"creator":{"@id":"https:\/\/www.teatrulreginamaria.ro\/hu\/author\/w3bmaster\/#author"},"datePublished":"2014-03-27T07:32:10+02:00","dateModified":"2014-03-27T07:32:10+02:00"},{"@type":"WebSite","@id":"https:\/\/www.teatrulreginamaria.ro\/hu\/#website","url":"https:\/\/www.teatrulreginamaria.ro\/hu\/","name":"Teatrul Regina Maria Oradea","alternateName":"TRM Oradea","description":"Trupa Iosif Vulcan \u0219i Trupa Arcadia","inLanguage":"hu-HU","publisher":{"@id":"https:\/\/www.teatrulreginamaria.ro\/hu\/#organization"}}]},"og:locale":"hu_HU","og:site_name":"Teatrul Regina Maria Oradea - Trupa Iosif Vulcan \u0219i Trupa Arcadia","og:type":"article","og:title":"LANSARE DE CARTE \u2013 MIRCEA DIACONU LA ORADEA - Teatrul Regina Maria Oradea","og:description":"Vineri, 28 martie 2014, Mircea Diaconu va fi prezent la Oradea pentru a promova romanul La noi, c\u00eend vine iarna, ap\u0103rut recent, \u00een edi\u0163ie rev\u0103zut\u0103, \u00een colec\u0163ia \u201eFiction Ltd.\u201d a Editurii Polirom, disponibil \u015fi \u00een edi\u0163ie digital\u0103. Actorul \u015fi scriitorul Mircea Diaconu a pornit \u00een turneu de promovare a acestui volum, \u00eent\u00e2lnindu-se cu cititori \u015fi","og:url":"https:\/\/www.teatrulreginamaria.ro\/hu\/lansare-de-carte-mircea-diaconu-la-oradea\/","og:image":"https:\/\/www.teatrulreginamaria.ro\/wp-content\/uploads\/2025\/03\/trm-istoric-01.jpg","og:image:secure_url":"https:\/\/www.teatrulreginamaria.ro\/wp-content\/uploads\/2025\/03\/trm-istoric-01.jpg","og:image:width":1200,"og:image:height":800,"article:published_time":"2014-03-27T07:32:10+00:00","article:modified_time":"2014-03-27T07:32:10+00:00","article:publisher":"https:\/\/www.facebook.com\/TRMTrupaIosifVulcan\/","twitter:card":"summary_large_image","twitter:site":"@TRMOradea","twitter:title":"LANSARE DE CARTE \u2013 MIRCEA DIACONU LA ORADEA - Teatrul Regina Maria Oradea","twitter:description":"Vineri, 28 martie 2014, Mircea Diaconu va fi prezent la Oradea pentru a promova romanul La noi, c\u00eend vine iarna, ap\u0103rut recent, \u00een edi\u0163ie rev\u0103zut\u0103, \u00een colec\u0163ia \u201eFiction Ltd.\u201d a Editurii Polirom, disponibil \u015fi \u00een edi\u0163ie digital\u0103. Actorul \u015fi scriitorul Mircea Diaconu a pornit \u00een turneu de promovare a acestui volum, \u00eent\u00e2lnindu-se cu cititori \u015fi","twitter:creator":"@TRMOradea","twitter:image":"https:\/\/www.teatrulreginamaria.ro\/wp-content\/uploads\/2025\/03\/trm-istoric-01.jpg"},"aioseo_meta_data":{"post_id":"1010","title":null,"description":null,"keywords":null,"keyphrases":null,"primary_term":null,"canonical_url":null,"og_title":null,"og_description":null,"og_object_type":"default","og_image_type":"default","og_image_url":null,"og_image_width":null,"og_image_height":null,"og_image_custom_url":null,"og_image_custom_fields":null,"og_video":null,"og_custom_url":null,"og_article_section":null,"og_article_tags":null,"twitter_use_og":false,"twitter_card":"default","twitter_image_type":"default","twitter_image_url":null,"twitter_image_custom_url":null,"twitter_image_custom_fields":null,"twitter_title":null,"twitter_description":null,"schema":{"blockGraphs":[],"customGraphs":[],"default":{"data":{"Article":[],"Course":[],"Dataset":[],"FAQPage":[],"Movie":[],"Person":[],"Product":[],"ProductReview":[],"Car":[],"Recipe":[],"Service":[],"SoftwareApplication":[],"WebPage":[]},"graphName":"","isEnabled":true},"graphs":[]},"schema_type":"default","schema_type_options":null,"pillar_content":false,"robots_default":true,"robots_noindex":false,"robots_noarchive":false,"robots_nosnippet":false,"robots_nofollow":false,"robots_noimageindex":false,"robots_noodp":false,"robots_notranslate":false,"robots_max_snippet":null,"robots_max_videopreview":null,"robots_max_imagepreview":"large","priority":null,"frequency":null,"local_seo":null,"seo_analyzer_scan_date":"2026-05-13 00:12:22","breadcrumb_settings":null,"limit_modified_date":false,"reviewed_by":null,"open_ai":null,"ai":null,"created":"2025-04-09 17:40:55","updated":"2026-05-13 00:12:22","focus_keyword":null,"additional_keywords":null,"truseo_locale":null},"aioseo_breadcrumb":"<div class=\"aioseo-breadcrumbs\"><span class=\"aioseo-breadcrumb\">\n\t<a href=\"https:\/\/www.teatrulreginamaria.ro\/hu\" title=\"Home\">Home<\/a>\n<\/span><span class=\"aioseo-breadcrumb-separator\">&raquo;<\/span><span class=\"aioseo-breadcrumb\">\n\t<a href=\"https:\/\/www.teatrulreginamaria.ro\/hu\/categorie\/noutati\/\" title=\"Nout\u0103\u021bi\">Nout\u0103\u021bi<\/a>\n<\/span><span class=\"aioseo-breadcrumb-separator\">&raquo;<\/span><span class=\"aioseo-breadcrumb\">\n\t<a href=\"https:\/\/www.teatrulreginamaria.ro\/hu\/categorie\/noutati\/noutati-trupa-iosif-vulcan\/\" title=\"Nout\u0103\u021bi - Trupa Iosif Vulcan\">Nout\u0103\u021bi - Trupa Iosif Vulcan<\/a>\n<\/span><span class=\"aioseo-breadcrumb-separator\">&raquo;<\/span><span class=\"aioseo-breadcrumb\">\n\tLANSARE DE CARTE \u2013 MIRCEA DIACONU LA ORADEA\n<\/span><\/div>","aioseo_breadcrumb_json":[{"label":"Home","link":"https:\/\/www.teatrulreginamaria.ro\/hu"},{"label":"Nout\u0103\u021bi","link":"https:\/\/www.teatrulreginamaria.ro\/hu\/categorie\/noutati\/"},{"label":"Nout\u0103\u021bi - Trupa Iosif Vulcan","link":"https:\/\/www.teatrulreginamaria.ro\/hu\/categorie\/noutati\/noutati-trupa-iosif-vulcan\/"},{"label":"LANSARE DE CARTE &#8211; MIRCEA DIACONU LA ORADEA","link":"https:\/\/www.teatrulreginamaria.ro\/hu\/lansare-de-carte-mircea-diaconu-la-oradea\/"}],"acf":[],"_links":{"self":[{"href":"https:\/\/www.teatrulreginamaria.ro\/hu\/wp-json\/wp\/v2\/posts\/1010","targetHints":{"allow":["GET"]}}],"collection":[{"href":"https:\/\/www.teatrulreginamaria.ro\/hu\/wp-json\/wp\/v2\/posts"}],"about":[{"href":"https:\/\/www.teatrulreginamaria.ro\/hu\/wp-json\/wp\/v2\/types\/post"}],"author":[{"embeddable":true,"href":"https:\/\/www.teatrulreginamaria.ro\/hu\/wp-json\/wp\/v2\/users\/6"}],"replies":[{"embeddable":true,"href":"https:\/\/www.teatrulreginamaria.ro\/hu\/wp-json\/wp\/v2\/comments?post=1010"}],"version-history":[{"count":0,"href":"https:\/\/www.teatrulreginamaria.ro\/hu\/wp-json\/wp\/v2\/posts\/1010\/revisions"}],"wp:attachment":[{"href":"https:\/\/www.teatrulreginamaria.ro\/hu\/wp-json\/wp\/v2\/media?parent=1010"}],"wp:term":[{"taxonomy":"category","embeddable":true,"href":"https:\/\/www.teatrulreginamaria.ro\/hu\/wp-json\/wp\/v2\/categories?post=1010"},{"taxonomy":"post_tag","embeddable":true,"href":"https:\/\/www.teatrulreginamaria.ro\/hu\/wp-json\/wp\/v2\/tags?post=1010"}],"curies":[{"name":"munkaf\u00fczet","href":"https:\/\/api.w.org\/{rel}","templated":true}]}}