{"id":1012,"date":"2014-04-02T08:01:28","date_gmt":"2014-04-02T08:01:28","guid":{"rendered":"https:\/\/teatrulreginamaria.ro\/2014\/04\/02\/teatrul-din-oradea-albastru\/"},"modified":"2014-04-02T08:01:28","modified_gmt":"2014-04-02T08:01:28","slug":"a-nagyvaradi-kek-szinhaz","status":"publish","type":"post","link":"https:\/\/www.teatrulreginamaria.ro\/hu\/teatrul-din-oradea-albastru\/","title":{"rendered":"NAGYV\u00c1RADI SZ\u00cdNH\u00c1Z, K\u00c9K"},"content":{"rendered":"<p style=\"text-align: justify;\">A Regina Maria Sz\u00ednh\u00e1z bejelenti r\u00e9szv\u00e9tel\u00e9t az Autizmus Vil\u00e1gnapj\u00e1n.<\/p>\n<p style=\"text-align: justify;\">Ma, 2014. \u00e1prilis 2-\u00e1n, este 8:00 \u00e9s 22:00 \u00f3ra k\u00f6z\u00f6tt a Regina Maria Sz\u00ednh\u00e1z \u00e9p\u00fclet\u00e9t k\u00e9kbe \u00f6lt\u00f6ztetik, tiszteletb\u0151l az autizmussal \u00e9l\u0151k ir\u00e1nt. Az akci\u00f3t az SOS Autizmus Bihor Egyes\u00fclet szervezi, \u00e9s a v\u00e1ros t\u00f6bb \u00e9p\u00fclet\u00e9t, k\u00f6zt\u00fck a Regina Maria Sz\u00ednh\u00e1zat is k\u00e9kre vil\u00e1g\u00edtj\u00e1k meg.<\/p>","protected":false},"excerpt":{"rendered":"<p>Teatrul Regina Maria \u00ee\u015fi anun\u0163\u0103 participarea la Ziua Mondial\u0103 de Con\u015ftientizare a Autismului. Ast\u0103zi, 2 aprilie 2014, \u00eentre orele 20.00 \u015fi 22.00, cl\u0103direa Teatrului Regina Maria va fi \u201e\u00eembr\u0103cat\u0103\u201d \u00een culoarea albastr\u0103 \u00een semn de respect fa\u0163\u0103 de cei care sufer\u0103 de autism. Ac\u0163iunea este organizat\u0103 de Asocia\u0163ia SOS Autism Bihor \u015fi presupune iluminarea \u00een [&hellip;]<\/p>\n","protected":false},"author":6,"featured_media":0,"comment_status":"open","ping_status":"open","sticky":false,"template":"","format":"standard","meta":{"_acf_changed":false,"footnotes":""},"categories":[22],"tags":[],"class_list":["post-1012","post","type-post","status-publish","format-standard","hentry","category-noutati-trupa-iosif-vulcan"],"aioseo_notices":[],"aioseo_head":"\n\t\t<!-- All in One SEO Pro 5.0.1.1 - aioseo.com -->\n\t<meta name=\"description\" content=\"Teatrul Regina Maria \u00ee\u015fi anun\u0163\u0103 participarea la Ziua Mondial\u0103 de Con\u015ftientizare a Autismului. Ast\u0103zi, 2 aprilie 2014, \u00eentre orele 20.00 \u015fi 22.00, cl\u0103direa Teatrului Regina Maria va fi \u201e\u00eembr\u0103cat\u0103\u201d \u00een culoarea albastr\u0103 \u00een semn de respect fa\u0163\u0103 de cei care sufer\u0103 de autism. Ac\u0163iunea este organizat\u0103 de Asocia\u0163ia SOS Autism Bihor \u015fi presupune iluminarea \u00een\" \/>\n\t<meta name=\"robots\" content=\"max-image-preview:large\" \/>\n\t<meta name=\"author\" content=\"Teatrul Regina Maria\"\/>\n\t<link rel=\"canonical\" href=\"https:\/\/www.teatrulreginamaria.ro\/hu\/teatrul-din-oradea-albastru\/\" \/>\n\t<meta name=\"generator\" content=\"All in One SEO Pro (AIOSEO) 5.0.1.1\" \/>\n\t\t<meta property=\"og:locale\" content=\"hu_HU\" \/>\n\t\t<meta property=\"og:site_name\" content=\"Teatrul Regina Maria Oradea - Trupa Iosif Vulcan \u0219i Trupa Arcadia\" \/>\n\t\t<meta property=\"og:type\" content=\"article\" \/>\n\t\t<meta property=\"og:title\" content=\"TEATRUL DIN ORADEA, ALBASTRU - Teatrul Regina Maria Oradea\" \/>\n\t\t<meta property=\"og:description\" content=\"Teatrul Regina Maria \u00ee\u015fi anun\u0163\u0103 participarea la Ziua Mondial\u0103 de Con\u015ftientizare a Autismului. Ast\u0103zi, 2 aprilie 2014, \u00eentre orele 20.00 \u015fi 22.00, cl\u0103direa Teatrului Regina Maria va fi \u201e\u00eembr\u0103cat\u0103\u201d \u00een culoarea albastr\u0103 \u00een semn de respect fa\u0163\u0103 de cei care sufer\u0103 de autism. Ac\u0163iunea este organizat\u0103 de Asocia\u0163ia SOS Autism Bihor \u015fi presupune iluminarea \u00een\" \/>\n\t\t<meta property=\"og:url\" content=\"https:\/\/www.teatrulreginamaria.ro\/hu\/teatrul-din-oradea-albastru\/\" \/>\n\t\t<meta property=\"og:image\" content=\"https:\/\/www.teatrulreginamaria.ro\/wp-content\/uploads\/2025\/03\/trm-istoric-01.jpg\" \/>\n\t\t<meta property=\"og:image:secure_url\" content=\"https:\/\/www.teatrulreginamaria.ro\/wp-content\/uploads\/2025\/03\/trm-istoric-01.jpg\" \/>\n\t\t<meta property=\"og:image:width\" content=\"1200\" \/>\n\t\t<meta property=\"og:image:height\" content=\"800\" \/>\n\t\t<meta property=\"article:published_time\" content=\"2014-04-02T08:01:28+00:00\" \/>\n\t\t<meta property=\"article:modified_time\" content=\"2014-04-02T08:01:28+00:00\" \/>\n\t\t<meta property=\"article:publisher\" content=\"https:\/\/www.facebook.com\/TRMTrupaIosifVulcan\/\" \/>\n\t\t<meta name=\"twitter:card\" content=\"summary_large_image\" \/>\n\t\t<meta name=\"twitter:site\" content=\"@TRMOradea\" \/>\n\t\t<meta name=\"twitter:title\" content=\"TEATRUL DIN ORADEA, ALBASTRU - Teatrul Regina Maria Oradea\" \/>\n\t\t<meta name=\"twitter:description\" content=\"Teatrul Regina Maria \u00ee\u015fi anun\u0163\u0103 participarea la Ziua Mondial\u0103 de Con\u015ftientizare a Autismului. Ast\u0103zi, 2 aprilie 2014, \u00eentre orele 20.00 \u015fi 22.00, cl\u0103direa Teatrului Regina Maria va fi \u201e\u00eembr\u0103cat\u0103\u201d \u00een culoarea albastr\u0103 \u00een semn de respect fa\u0163\u0103 de cei care sufer\u0103 de autism. Ac\u0163iunea este organizat\u0103 de Asocia\u0163ia SOS Autism Bihor \u015fi presupune iluminarea \u00een\" \/>\n\t\t<meta name=\"twitter:creator\" content=\"@TRMOradea\" \/>\n\t\t<meta name=\"twitter:image\" content=\"https:\/\/www.teatrulreginamaria.ro\/wp-content\/uploads\/2025\/03\/trm-istoric-01.jpg\" \/>\n\t\t<script type=\"application\/ld+json\" class=\"aioseo-schema\">\n\t\t\t{\"@context\":\"https:\\\/\\\/schema.org\",\"@graph\":[{\"@type\":\"BlogPosting\",\"@id\":\"https:\\\/\\\/www.teatrulreginamaria.ro\\\/hu\\\/teatrul-din-oradea-albastru\\\/#blogposting\",\"name\":\"TEATRUL DIN ORADEA, ALBASTRU - Teatrul Regina Maria Oradea\",\"headline\":\"TEATRUL DIN ORADEA, ALBASTRU\",\"author\":{\"@id\":\"https:\\\/\\\/www.teatrulreginamaria.ro\\\/hu\\\/author\\\/w3bmaster\\\/#author\"},\"publisher\":{\"@id\":\"https:\\\/\\\/www.teatrulreginamaria.ro\\\/hu\\\/#organization\"},\"image\":{\"@type\":\"ImageObject\",\"url\":\"https:\\\/\\\/www.teatrulreginamaria.ro\\\/wp-content\\\/uploads\\\/2025\\\/06\\\/logo-trm-01-dark.png\",\"@id\":\"https:\\\/\\\/www.teatrulreginamaria.ro\\\/hu\\\/#articleImage\",\"width\":300,\"height\":148},\"datePublished\":\"2014-04-02T08:01:28+03:00\",\"dateModified\":\"2014-04-02T08:01:28+03:00\",\"inLanguage\":\"hu-HU\",\"mainEntityOfPage\":{\"@id\":\"https:\\\/\\\/www.teatrulreginamaria.ro\\\/hu\\\/teatrul-din-oradea-albastru\\\/#webpage\"},\"isPartOf\":{\"@id\":\"https:\\\/\\\/www.teatrulreginamaria.ro\\\/hu\\\/teatrul-din-oradea-albastru\\\/#webpage\"},\"articleSection\":\"Nout\\u0103\\u021bi - Trupa Iosif Vulcan\"},{\"@type\":\"BreadcrumbList\",\"@id\":\"https:\\\/\\\/www.teatrulreginamaria.ro\\\/hu\\\/teatrul-din-oradea-albastru\\\/#breadcrumblist\",\"itemListElement\":[{\"@type\":\"ListItem\",\"@id\":\"https:\\\/\\\/www.teatrulreginamaria.ro\\\/hu#listItem\",\"position\":1,\"name\":\"Home\",\"item\":\"https:\\\/\\\/www.teatrulreginamaria.ro\\\/hu\",\"nextItem\":{\"@type\":\"ListItem\",\"@id\":\"https:\\\/\\\/www.teatrulreginamaria.ro\\\/hu\\\/categorie\\\/noutati\\\/#listItem\",\"name\":\"Nout\\u0103\\u021bi\"}},{\"@type\":\"ListItem\",\"@id\":\"https:\\\/\\\/www.teatrulreginamaria.ro\\\/hu\\\/categorie\\\/noutati\\\/#listItem\",\"position\":2,\"name\":\"Nout\\u0103\\u021bi\",\"item\":\"https:\\\/\\\/www.teatrulreginamaria.ro\\\/hu\\\/categorie\\\/noutati\\\/\",\"nextItem\":{\"@type\":\"ListItem\",\"@id\":\"https:\\\/\\\/www.teatrulreginamaria.ro\\\/hu\\\/categorie\\\/noutati\\\/noutati-trupa-iosif-vulcan\\\/#listItem\",\"name\":\"Nout\\u0103\\u021bi - Trupa Iosif Vulcan\"},\"previousItem\":{\"@type\":\"ListItem\",\"@id\":\"https:\\\/\\\/www.teatrulreginamaria.ro\\\/hu#listItem\",\"name\":\"Home\"}},{\"@type\":\"ListItem\",\"@id\":\"https:\\\/\\\/www.teatrulreginamaria.ro\\\/hu\\\/categorie\\\/noutati\\\/noutati-trupa-iosif-vulcan\\\/#listItem\",\"position\":3,\"name\":\"Nout\\u0103\\u021bi - Trupa Iosif Vulcan\",\"item\":\"https:\\\/\\\/www.teatrulreginamaria.ro\\\/hu\\\/categorie\\\/noutati\\\/noutati-trupa-iosif-vulcan\\\/\",\"nextItem\":{\"@type\":\"ListItem\",\"@id\":\"https:\\\/\\\/www.teatrulreginamaria.ro\\\/hu\\\/teatrul-din-oradea-albastru\\\/#listItem\",\"name\":\"TEATRUL DIN ORADEA, ALBASTRU\"},\"previousItem\":{\"@type\":\"ListItem\",\"@id\":\"https:\\\/\\\/www.teatrulreginamaria.ro\\\/hu\\\/categorie\\\/noutati\\\/#listItem\",\"name\":\"Nout\\u0103\\u021bi\"}},{\"@type\":\"ListItem\",\"@id\":\"https:\\\/\\\/www.teatrulreginamaria.ro\\\/hu\\\/teatrul-din-oradea-albastru\\\/#listItem\",\"position\":4,\"name\":\"TEATRUL DIN ORADEA, ALBASTRU\",\"previousItem\":{\"@type\":\"ListItem\",\"@id\":\"https:\\\/\\\/www.teatrulreginamaria.ro\\\/hu\\\/categorie\\\/noutati\\\/noutati-trupa-iosif-vulcan\\\/#listItem\",\"name\":\"Nout\\u0103\\u021bi - Trupa Iosif Vulcan\"}}]},{\"@type\":\"Organization\",\"@id\":\"https:\\\/\\\/www.teatrulreginamaria.ro\\\/hu\\\/#organization\",\"name\":\"Teatrul Regina Maria Oradea\",\"description\":\"Trupa Iosif Vulcan \\u0219i Trupa Arcadia\",\"url\":\"https:\\\/\\\/www.teatrulreginamaria.ro\\\/hu\\\/\",\"email\":\"marketing@teatrulreginamaria.ro\",\"telephone\":\"+40359411534\",\"numberOfEmployees\":{\"@type\":\"QuantitativeValue\",\"minValue\":0,\"maxValue\":150},\"logo\":{\"@type\":\"ImageObject\",\"url\":\"https:\\\/\\\/www.teatrulreginamaria.ro\\\/wp-content\\\/uploads\\\/2025\\\/06\\\/logo-trm-01-dark.png\",\"@id\":\"https:\\\/\\\/www.teatrulreginamaria.ro\\\/hu\\\/teatrul-din-oradea-albastru\\\/#organizationLogo\",\"width\":300,\"height\":148},\"image\":{\"@id\":\"https:\\\/\\\/www.teatrulreginamaria.ro\\\/hu\\\/teatrul-din-oradea-albastru\\\/#organizationLogo\"},\"sameAs\":[\"https:\\\/\\\/www.facebook.com\\\/TRMTrupaIosifVulcan\\\/\",\"https:\\\/\\\/x.com\\\/TRMOradea\",\"https:\\\/\\\/www.instagram.com\\\/teatrul_regina_maria\\\/\",\"https:\\\/\\\/www.youtube.com\\\/c\\\/TeatrulReginaMariaOradea\",\"https:\\\/\\\/www.linkedin.com\\\/company\\\/teatrul-regina-maria\"]},{\"@type\":\"Person\",\"@id\":\"https:\\\/\\\/www.teatrulreginamaria.ro\\\/hu\\\/author\\\/w3bmaster\\\/#author\",\"url\":\"https:\\\/\\\/www.teatrulreginamaria.ro\\\/hu\\\/author\\\/w3bmaster\\\/\",\"name\":\"Teatrul Regina Maria\",\"image\":{\"@type\":\"ImageObject\",\"@id\":\"https:\\\/\\\/www.teatrulreginamaria.ro\\\/hu\\\/teatrul-din-oradea-albastru\\\/#authorImage\",\"url\":\"https:\\\/\\\/secure.gravatar.com\\\/avatar\\\/5884139d508ae3f0bafe45e60563b48a9640146d3b08ccc6278c305ff9329305?s=96&d=mm&r=g\",\"width\":96,\"height\":96,\"caption\":\"Teatrul Regina Maria\"}},{\"@type\":\"WebPage\",\"@id\":\"https:\\\/\\\/www.teatrulreginamaria.ro\\\/hu\\\/teatrul-din-oradea-albastru\\\/#webpage\",\"url\":\"https:\\\/\\\/www.teatrulreginamaria.ro\\\/hu\\\/teatrul-din-oradea-albastru\\\/\",\"name\":\"TEATRUL DIN ORADEA, ALBASTRU - Teatrul Regina Maria Oradea\",\"description\":\"Teatrul Regina Maria \\u00ee\\u015fi anun\\u0163\\u0103 participarea la Ziua Mondial\\u0103 de Con\\u015ftientizare a Autismului. Ast\\u0103zi, 2 aprilie 2014, \\u00eentre orele 20.00 \\u015fi 22.00, cl\\u0103direa Teatrului Regina Maria va fi \\u201e\\u00eembr\\u0103cat\\u0103\\u201d \\u00een culoarea albastr\\u0103 \\u00een semn de respect fa\\u0163\\u0103 de cei care sufer\\u0103 de autism. Ac\\u0163iunea este organizat\\u0103 de Asocia\\u0163ia SOS Autism Bihor \\u015fi presupune iluminarea \\u00een\",\"inLanguage\":\"hu-HU\",\"isPartOf\":{\"@id\":\"https:\\\/\\\/www.teatrulreginamaria.ro\\\/hu\\\/#website\"},\"breadcrumb\":{\"@id\":\"https:\\\/\\\/www.teatrulreginamaria.ro\\\/hu\\\/teatrul-din-oradea-albastru\\\/#breadcrumblist\"},\"author\":{\"@id\":\"https:\\\/\\\/www.teatrulreginamaria.ro\\\/hu\\\/author\\\/w3bmaster\\\/#author\"},\"creator\":{\"@id\":\"https:\\\/\\\/www.teatrulreginamaria.ro\\\/hu\\\/author\\\/w3bmaster\\\/#author\"},\"datePublished\":\"2014-04-02T08:01:28+03:00\",\"dateModified\":\"2014-04-02T08:01:28+03:00\"},{\"@type\":\"WebSite\",\"@id\":\"https:\\\/\\\/www.teatrulreginamaria.ro\\\/hu\\\/#website\",\"url\":\"https:\\\/\\\/www.teatrulreginamaria.ro\\\/hu\\\/\",\"name\":\"Teatrul Regina Maria Oradea\",\"alternateName\":\"TRM Oradea\",\"description\":\"Trupa Iosif Vulcan \\u0219i Trupa Arcadia\",\"inLanguage\":\"hu-HU\",\"publisher\":{\"@id\":\"https:\\\/\\\/www.teatrulreginamaria.ro\\\/hu\\\/#organization\"}}]}\n\t\t<\/script>\n\t\t<!-- All in One SEO Pro -->\r\n\t\t<title>TEATRUL DIN ORADEA, ALBASTRU - Teatrul Regina Maria Oradea<\/title>\n\n","aioseo_head_json":{"title":"V\u00c1RADI SZ\u00cdNH\u00c1Z, K\u00c9K - Regina Maria Sz\u00ednh\u00e1z Nagyv\u00e1radi","description":"A Regina Maria Sz\u00ednh\u00e1z bejelenti r\u00e9szv\u00e9tel\u00e9t az Autizmus Vil\u00e1gnapj\u00e1n. Ma, 2014. \u00e1prilis 2-\u00e1n, este 8:00 \u00e9s 22:00 \u00f3ra k\u00f6z\u00f6tt a Regina Maria Sz\u00ednh\u00e1z \u00e9p\u00fclete k\u00e9kbe \u00f6lt\u00f6zik, tiszteletteljesen az autizmussal \u00e9l\u0151k ir\u00e1nt. Az akci\u00f3t az SOS Autizmus Bihor Egyes\u00fclet szervezi, \u00e9s a k\u00f6vetkez\u0151kben vil\u00e1g\u00edtanak:","canonical_url":"https:\/\/www.teatrulreginamaria.ro\/hu\/teatrul-din-oradea-albastru\/","robots":"max-image-preview:large","keywords":"","webmasterTools":{"miscellaneous":""},"schema":{"@context":"https:\/\/schema.org","@graph":[{"@type":"BlogPosting","@id":"https:\/\/www.teatrulreginamaria.ro\/hu\/teatrul-din-oradea-albastru\/#blogposting","name":"TEATRUL DIN ORADEA, ALBASTRU - Teatrul Regina Maria Oradea","headline":"TEATRUL DIN ORADEA, ALBASTRU","author":{"@id":"https:\/\/www.teatrulreginamaria.ro\/hu\/author\/w3bmaster\/#author"},"publisher":{"@id":"https:\/\/www.teatrulreginamaria.ro\/hu\/#organization"},"image":{"@type":"ImageObject","url":"https:\/\/www.teatrulreginamaria.ro\/wp-content\/uploads\/2025\/06\/logo-trm-01-dark.png","@id":"https:\/\/www.teatrulreginamaria.ro\/hu\/#articleImage","width":300,"height":148},"datePublished":"2014-04-02T08:01:28+03:00","dateModified":"2014-04-02T08:01:28+03:00","inLanguage":"hu-HU","mainEntityOfPage":{"@id":"https:\/\/www.teatrulreginamaria.ro\/hu\/teatrul-din-oradea-albastru\/#webpage"},"isPartOf":{"@id":"https:\/\/www.teatrulreginamaria.ro\/hu\/teatrul-din-oradea-albastru\/#webpage"},"articleSection":"Nout\u0103\u021bi - Trupa Iosif Vulcan"},{"@type":"BreadcrumbList","@id":"https:\/\/www.teatrulreginamaria.ro\/hu\/teatrul-din-oradea-albastru\/#breadcrumblist","itemListElement":[{"@type":"ListItem","@id":"https:\/\/www.teatrulreginamaria.ro\/hu#listItem","position":1,"name":"Home","item":"https:\/\/www.teatrulreginamaria.ro\/hu","nextItem":{"@type":"ListItem","@id":"https:\/\/www.teatrulreginamaria.ro\/hu\/categorie\/noutati\/#listItem","name":"Nout\u0103\u021bi"}},{"@type":"ListItem","@id":"https:\/\/www.teatrulreginamaria.ro\/hu\/categorie\/noutati\/#listItem","position":2,"name":"Nout\u0103\u021bi","item":"https:\/\/www.teatrulreginamaria.ro\/hu\/categorie\/noutati\/","nextItem":{"@type":"ListItem","@id":"https:\/\/www.teatrulreginamaria.ro\/hu\/categorie\/noutati\/noutati-trupa-iosif-vulcan\/#listItem","name":"Nout\u0103\u021bi - Trupa Iosif Vulcan"},"previousItem":{"@type":"ListItem","@id":"https:\/\/www.teatrulreginamaria.ro\/hu#listItem","name":"Home"}},{"@type":"ListItem","@id":"https:\/\/www.teatrulreginamaria.ro\/hu\/categorie\/noutati\/noutati-trupa-iosif-vulcan\/#listItem","position":3,"name":"Nout\u0103\u021bi - Trupa Iosif Vulcan","item":"https:\/\/www.teatrulreginamaria.ro\/hu\/categorie\/noutati\/noutati-trupa-iosif-vulcan\/","nextItem":{"@type":"ListItem","@id":"https:\/\/www.teatrulreginamaria.ro\/hu\/teatrul-din-oradea-albastru\/#listItem","name":"TEATRUL DIN ORADEA, ALBASTRU"},"previousItem":{"@type":"ListItem","@id":"https:\/\/www.teatrulreginamaria.ro\/hu\/categorie\/noutati\/#listItem","name":"Nout\u0103\u021bi"}},{"@type":"ListItem","@id":"https:\/\/www.teatrulreginamaria.ro\/hu\/teatrul-din-oradea-albastru\/#listItem","position":4,"name":"TEATRUL DIN ORADEA, ALBASTRU","previousItem":{"@type":"ListItem","@id":"https:\/\/www.teatrulreginamaria.ro\/hu\/categorie\/noutati\/noutati-trupa-iosif-vulcan\/#listItem","name":"Nout\u0103\u021bi - Trupa Iosif Vulcan"}}]},{"@type":"Organization","@id":"https:\/\/www.teatrulreginamaria.ro\/hu\/#organization","name":"Teatrul Regina Maria Oradea","description":"Trupa Iosif Vulcan \u0219i Trupa Arcadia","url":"https:\/\/www.teatrulreginamaria.ro\/hu\/","email":"marketing@teatrulreginamaria.ro","telephone":"+40359411534","numberOfEmployees":{"@type":"QuantitativeValue","minValue":0,"maxValue":150},"logo":{"@type":"ImageObject","url":"https:\/\/www.teatrulreginamaria.ro\/wp-content\/uploads\/2025\/06\/logo-trm-01-dark.png","@id":"https:\/\/www.teatrulreginamaria.ro\/hu\/teatrul-din-oradea-albastru\/#organizationLogo","width":300,"height":148},"image":{"@id":"https:\/\/www.teatrulreginamaria.ro\/hu\/teatrul-din-oradea-albastru\/#organizationLogo"},"sameAs":["https:\/\/www.facebook.com\/TRMTrupaIosifVulcan\/","https:\/\/x.com\/TRMOradea","https:\/\/www.instagram.com\/teatrul_regina_maria\/","https:\/\/www.youtube.com\/c\/TeatrulReginaMariaOradea","https:\/\/www.linkedin.com\/company\/teatrul-regina-maria"]},{"@type":"Person","@id":"https:\/\/www.teatrulreginamaria.ro\/hu\/author\/w3bmaster\/#author","url":"https:\/\/www.teatrulreginamaria.ro\/hu\/author\/w3bmaster\/","name":"Teatrul Regina Maria","image":{"@type":"ImageObject","@id":"https:\/\/www.teatrulreginamaria.ro\/hu\/teatrul-din-oradea-albastru\/#authorImage","url":"https:\/\/secure.gravatar.com\/avatar\/5884139d508ae3f0bafe45e60563b48a9640146d3b08ccc6278c305ff9329305?s=96&d=mm&r=g","width":96,"height":96,"caption":"Teatrul Regina Maria"}},{"@type":"WebPage","@id":"https:\/\/www.teatrulreginamaria.ro\/hu\/teatrul-din-oradea-albastru\/#webpage","url":"https:\/\/www.teatrulreginamaria.ro\/hu\/teatrul-din-oradea-albastru\/","name":"TEATRUL DIN ORADEA, ALBASTRU - Teatrul Regina Maria Oradea","description":"Teatrul Regina Maria \u00ee\u015fi anun\u0163\u0103 participarea la Ziua Mondial\u0103 de Con\u015ftientizare a Autismului. Ast\u0103zi, 2 aprilie 2014, \u00eentre orele 20.00 \u015fi 22.00, cl\u0103direa Teatrului Regina Maria va fi \u201e\u00eembr\u0103cat\u0103\u201d \u00een culoarea albastr\u0103 \u00een semn de respect fa\u0163\u0103 de cei care sufer\u0103 de autism. Ac\u0163iunea este organizat\u0103 de Asocia\u0163ia SOS Autism Bihor \u015fi presupune iluminarea \u00een","inLanguage":"hu-HU","isPartOf":{"@id":"https:\/\/www.teatrulreginamaria.ro\/hu\/#website"},"breadcrumb":{"@id":"https:\/\/www.teatrulreginamaria.ro\/hu\/teatrul-din-oradea-albastru\/#breadcrumblist"},"author":{"@id":"https:\/\/www.teatrulreginamaria.ro\/hu\/author\/w3bmaster\/#author"},"creator":{"@id":"https:\/\/www.teatrulreginamaria.ro\/hu\/author\/w3bmaster\/#author"},"datePublished":"2014-04-02T08:01:28+03:00","dateModified":"2014-04-02T08:01:28+03:00"},{"@type":"WebSite","@id":"https:\/\/www.teatrulreginamaria.ro\/hu\/#website","url":"https:\/\/www.teatrulreginamaria.ro\/hu\/","name":"Teatrul Regina Maria Oradea","alternateName":"TRM Oradea","description":"Trupa Iosif Vulcan \u0219i Trupa Arcadia","inLanguage":"hu-HU","publisher":{"@id":"https:\/\/www.teatrulreginamaria.ro\/hu\/#organization"}}]},"og:locale":"hu_HU","og:site_name":"Teatrul Regina Maria Oradea - Trupa Iosif Vulcan \u0219i Trupa Arcadia","og:type":"article","og:title":"TEATRUL DIN ORADEA, ALBASTRU - Teatrul Regina Maria Oradea","og:description":"Teatrul Regina Maria \u00ee\u015fi anun\u0163\u0103 participarea la Ziua Mondial\u0103 de Con\u015ftientizare a Autismului. Ast\u0103zi, 2 aprilie 2014, \u00eentre orele 20.00 \u015fi 22.00, cl\u0103direa Teatrului Regina Maria va fi \u201e\u00eembr\u0103cat\u0103\u201d \u00een culoarea albastr\u0103 \u00een semn de respect fa\u0163\u0103 de cei care sufer\u0103 de autism. Ac\u0163iunea este organizat\u0103 de Asocia\u0163ia SOS Autism Bihor \u015fi presupune iluminarea \u00een","og:url":"https:\/\/www.teatrulreginamaria.ro\/hu\/teatrul-din-oradea-albastru\/","og:image":"https:\/\/www.teatrulreginamaria.ro\/wp-content\/uploads\/2025\/03\/trm-istoric-01.jpg","og:image:secure_url":"https:\/\/www.teatrulreginamaria.ro\/wp-content\/uploads\/2025\/03\/trm-istoric-01.jpg","og:image:width":1200,"og:image:height":800,"article:published_time":"2014-04-02T08:01:28+00:00","article:modified_time":"2014-04-02T08:01:28+00:00","article:publisher":"https:\/\/www.facebook.com\/TRMTrupaIosifVulcan\/","twitter:card":"summary_large_image","twitter:site":"@TRMOradea","twitter:title":"TEATRUL DIN ORADEA, ALBASTRU - Teatrul Regina Maria Oradea","twitter:description":"Teatrul Regina Maria \u00ee\u015fi anun\u0163\u0103 participarea la Ziua Mondial\u0103 de Con\u015ftientizare a Autismului. Ast\u0103zi, 2 aprilie 2014, \u00eentre orele 20.00 \u015fi 22.00, cl\u0103direa Teatrului Regina Maria va fi \u201e\u00eembr\u0103cat\u0103\u201d \u00een culoarea albastr\u0103 \u00een semn de respect fa\u0163\u0103 de cei care sufer\u0103 de autism. Ac\u0163iunea este organizat\u0103 de Asocia\u0163ia SOS Autism Bihor \u015fi presupune iluminarea \u00een","twitter:creator":"@TRMOradea","twitter:image":"https:\/\/www.teatrulreginamaria.ro\/wp-content\/uploads\/2025\/03\/trm-istoric-01.jpg"},"aioseo_meta_data":{"post_id":"1012","title":null,"description":null,"keywords":null,"keyphrases":null,"primary_term":null,"canonical_url":null,"og_title":null,"og_description":null,"og_object_type":"default","og_image_type":"default","og_image_url":null,"og_image_width":null,"og_image_height":null,"og_image_custom_url":null,"og_image_custom_fields":null,"og_video":null,"og_custom_url":null,"og_article_section":null,"og_article_tags":null,"twitter_use_og":false,"twitter_card":"default","twitter_image_type":"default","twitter_image_url":null,"twitter_image_custom_url":null,"twitter_image_custom_fields":null,"twitter_title":null,"twitter_description":null,"schema":{"blockGraphs":[],"customGraphs":[],"default":{"data":{"Article":[],"Course":[],"Dataset":[],"FAQPage":[],"Movie":[],"Person":[],"Product":[],"ProductReview":[],"Car":[],"Recipe":[],"Service":[],"SoftwareApplication":[],"WebPage":[]},"graphName":"","isEnabled":true},"graphs":[]},"schema_type":"default","schema_type_options":null,"pillar_content":false,"robots_default":true,"robots_noindex":false,"robots_noarchive":false,"robots_nosnippet":false,"robots_nofollow":false,"robots_noimageindex":false,"robots_noodp":false,"robots_notranslate":false,"robots_max_snippet":null,"robots_max_videopreview":null,"robots_max_imagepreview":"large","priority":null,"frequency":null,"local_seo":null,"seo_analyzer_scan_date":"2026-05-13 00:13:48","breadcrumb_settings":null,"limit_modified_date":false,"reviewed_by":null,"open_ai":null,"ai":null,"created":"2025-04-09 17:40:55","updated":"2026-05-13 00:13:48","focus_keyword":null,"additional_keywords":null,"truseo_locale":null},"aioseo_breadcrumb":"<div class=\"aioseo-breadcrumbs\"><span class=\"aioseo-breadcrumb\">\n\t<a href=\"https:\/\/www.teatrulreginamaria.ro\/hu\" title=\"Home\">Home<\/a>\n<\/span><span class=\"aioseo-breadcrumb-separator\">&raquo;<\/span><span class=\"aioseo-breadcrumb\">\n\t<a href=\"https:\/\/www.teatrulreginamaria.ro\/hu\/categorie\/noutati\/\" title=\"Nout\u0103\u021bi\">Nout\u0103\u021bi<\/a>\n<\/span><span class=\"aioseo-breadcrumb-separator\">&raquo;<\/span><span class=\"aioseo-breadcrumb\">\n\t<a href=\"https:\/\/www.teatrulreginamaria.ro\/hu\/categorie\/noutati\/noutati-trupa-iosif-vulcan\/\" title=\"Nout\u0103\u021bi - Trupa Iosif Vulcan\">Nout\u0103\u021bi - Trupa Iosif Vulcan<\/a>\n<\/span><span class=\"aioseo-breadcrumb-separator\">&raquo;<\/span><span class=\"aioseo-breadcrumb\">\n\tTEATRUL DIN ORADEA, ALBASTRU\n<\/span><\/div>","aioseo_breadcrumb_json":[{"label":"Home","link":"https:\/\/www.teatrulreginamaria.ro\/hu"},{"label":"Nout\u0103\u021bi","link":"https:\/\/www.teatrulreginamaria.ro\/hu\/categorie\/noutati\/"},{"label":"Nout\u0103\u021bi - Trupa Iosif Vulcan","link":"https:\/\/www.teatrulreginamaria.ro\/hu\/categorie\/noutati\/noutati-trupa-iosif-vulcan\/"},{"label":"TEATRUL DIN ORADEA, ALBASTRU","link":"https:\/\/www.teatrulreginamaria.ro\/hu\/teatrul-din-oradea-albastru\/"}],"acf":[],"_links":{"self":[{"href":"https:\/\/www.teatrulreginamaria.ro\/hu\/wp-json\/wp\/v2\/posts\/1012","targetHints":{"allow":["GET"]}}],"collection":[{"href":"https:\/\/www.teatrulreginamaria.ro\/hu\/wp-json\/wp\/v2\/posts"}],"about":[{"href":"https:\/\/www.teatrulreginamaria.ro\/hu\/wp-json\/wp\/v2\/types\/post"}],"author":[{"embeddable":true,"href":"https:\/\/www.teatrulreginamaria.ro\/hu\/wp-json\/wp\/v2\/users\/6"}],"replies":[{"embeddable":true,"href":"https:\/\/www.teatrulreginamaria.ro\/hu\/wp-json\/wp\/v2\/comments?post=1012"}],"version-history":[{"count":0,"href":"https:\/\/www.teatrulreginamaria.ro\/hu\/wp-json\/wp\/v2\/posts\/1012\/revisions"}],"wp:attachment":[{"href":"https:\/\/www.teatrulreginamaria.ro\/hu\/wp-json\/wp\/v2\/media?parent=1012"}],"wp:term":[{"taxonomy":"category","embeddable":true,"href":"https:\/\/www.teatrulreginamaria.ro\/hu\/wp-json\/wp\/v2\/categories?post=1012"},{"taxonomy":"post_tag","embeddable":true,"href":"https:\/\/www.teatrulreginamaria.ro\/hu\/wp-json\/wp\/v2\/tags?post=1012"}],"curies":[{"name":"munkaf\u00fczet","href":"https:\/\/api.w.org\/{rel}","templated":true}]}}