{"id":1055,"date":"2014-12-03T09:12:34","date_gmt":"2014-12-03T09:12:34","guid":{"rendered":"https:\/\/teatrulreginamaria.ro\/2014\/12\/03\/fabrica-lui-mos-craciun\/"},"modified":"2014-12-03T09:12:34","modified_gmt":"2014-12-03T09:12:34","slug":"a-mikulas-gyara","status":"publish","type":"post","link":"https:\/\/www.teatrulreginamaria.ro\/hu\/fabrica-lui-mos-craciun\/","title":{"rendered":"A T\u00c9LAPULA GY\u00c1RA"},"content":{"rendered":"<p style=\"text-align: justify;\">\u00cen perioa\u200bda\u200b 19 noiembrie \u2013 21 decembrie 2014, Teatrul Regina Maria \u0219i Funda\u021bia Cultural\u0103 Festivalul Interna\u021bional de Teatru Oradea, \u00a0\u00een parteneriat cu\u00a0Funda\u021bia Comunitar\u0103 Oradea\u00a0\u200bdesf\u0103\u0219oar\u0103 proiectul \u201dFabrica lui Mo\u0219\u00a0Cr\u0103ciun\u201d \u2013 un proiect caritabil prin care dorim s\u0103 sensibiliz\u0103m publicul cu privire la puterea care rezid\u0103 \u00een fiecare dintre noi de a-i ajuta pe ceilal\u021bi.<\/p>\n<p><!--more--><\/p>\n<p style=\"text-align: justify;\">Proiectul este conceput \u00een a\u0219a fel \u00eenc\u00e2t fiecare participant s\u0103 contribuie activ la ajutorarea altora, fiind astfel o lec\u021bie de empatie, \u00een\u021belegere \u0219i participare activ\u0103, n\u0103scut\u0103 din convingerea c\u0103 \u00een fiecare dintre noi exist\u0103 o mic\u0103 fabric\u0103 a lui Mo\u0219 Cr\u0103ciun.<\/p>\n<p style=\"text-align: justify;\">Toate activit\u0103\u021bile cuprinse \u00een proiect se vor reflecta \u00een spectacolul interactiv <strong>Dorin\u021ba de Cr\u0103ciun<\/strong>, \u00een care vor juca actori ai Teatrului Regina Maria, voluntari \u0219i copii din public. Spectacolul va avea mai multe reprezenta\u021bii:<\/p>\n<ul style=\"text-align: justify;\">\n<li>18 decembrie, ora 17.00 \u00een Era Shopping Park Oradea \u2013 spectacol cu intrare liber\u0103 pe baz\u0103 de rezervare la num\u0103rul de telefon 0772 298 962 sau pe adresa de e-mail fundatiafito[@]<a href=\"http:\/\/gmail.com\/\" target=\"_blank\" rel=\"noopener noreferrer\">gmail.com<\/a><\/li>\n<li>21 decembrie, ora 11.00 \u0219i ora 13.00 \u00een Sala Arcadia. Biletele pentru aceast\u0103 dat\u0103 pot fi achizi\u021bionate de la Agen\u021bia Teatrului Regina Maria.<\/li>\n<\/ul>\n<p style=\"text-align: justify;\">\u00cen prim\u0103 faz\u0103, ne propunem s\u0103 colect\u0103m haine, \u00eenc\u0103l\u021b\u0103minte, c\u0103r\u021bi, creioane de colorat, dulciuri, juc\u0103rii sau produse alimentare care vor fi d\u0103ruite unui num\u0103r de 30 de copii cu v\u00e2rsta \u00eentre 3-16 ani din comunele Au\u0219eu, Chi\u0219laz, Holod, Biharia, Hidi\u0219elu de Sus.<\/p>\n<p style=\"text-align: justify;\"><strong>Pentru cei interesa\u021bi, se mai pot face dona\u021bii, pentru etapa I p\u00e2n\u0103 \u00een 5 decembrie, \u00eentre orele 9.00 &#8211; 13.00 la Secretariatul Teatrului Regina Maria (Pia\u0163a Regele Ferdinand I, nr. 6 \u2013 etajul II). <\/strong><\/p>\n<p style=\"text-align: justify;\"><strong>Coletele str\u00e2nse dup\u0103 data de 5 decembrie vor fi donate \u00eentr-o ac\u021biune ulterioar\u0103 spectacolelor.\u00a0<\/strong><\/p>\n","protected":false},"excerpt":{"rendered":"<p>2014. november 19. \u00e9s december 21. k\u00f6z\u00f6tt a Regina Maria Sz\u00ednh\u00e1z \u00e9s a Nagyv\u00e1radi Nemzetk\u00f6zi Sz\u00ednh\u00e1zi Fesztiv\u00e1l Kultur\u00e1lis Alap\u00edtv\u00e1ny a Nagyv\u00e1radi K\u00f6z\u00f6ss\u00e9gi Alap\u00edtv\u00e1nnyal egy\u00fcttm\u0171k\u00f6dve megval\u00f3s\u00edtja a \u201dMikul\u00e1s Gy\u00e1ra\u201d elnevez\u00e9s\u0171 j\u00f3t\u00e9konys\u00e1gi projektet, amelynek keret\u00e9ben szeretn\u00e9nk felh\u00edvni a nyilv\u00e1noss\u00e1g figyelm\u00e9t arra az er\u0151re, amely mindannyiunkban rejlik, hogy seg\u00edts\u00fcnk m\u00e1sokon.<\/p>","protected":false},"author":6,"featured_media":0,"comment_status":"open","ping_status":"open","sticky":false,"template":"","format":"standard","meta":{"_acf_changed":false,"footnotes":""},"categories":[22],"tags":[],"class_list":["post-1055","post","type-post","status-publish","format-standard","hentry","category-noutati-trupa-iosif-vulcan"],"aioseo_notices":[],"aioseo_head":"\n\t\t<!-- All in One SEO Pro 5.0.1.1 - aioseo.com -->\n\t<meta name=\"description\" content=\"\u00cen perioa\u200bda\u200b 19 noiembrie \u2013 21 decembrie 2014, Teatrul Regina Maria \u0219i Funda\u021bia Cultural\u0103 Festivalul Interna\u021bional de Teatru Oradea, \u00een parteneriat cu Funda\u021bia Comunitar\u0103 Oradea \u200bdesf\u0103\u0219oar\u0103 proiectul \u201dFabrica lui Mo\u0219 Cr\u0103ciun\u201d \u2013 un proiect caritabil prin care dorim s\u0103 sensibiliz\u0103m publicul cu privire la puterea care rezid\u0103 \u00een fiecare dintre noi de a-i ajuta pe ceilal\u021bi. Proiectul este\" \/>\n\t<meta name=\"robots\" content=\"max-image-preview:large\" \/>\n\t<meta name=\"author\" content=\"Teatrul Regina Maria\"\/>\n\t<link rel=\"canonical\" href=\"https:\/\/www.teatrulreginamaria.ro\/hu\/fabrica-lui-mos-craciun\/\" \/>\n\t<meta name=\"generator\" content=\"All in One SEO Pro (AIOSEO) 5.0.1.1\" \/>\n\t\t<meta property=\"og:locale\" content=\"hu_HU\" \/>\n\t\t<meta property=\"og:site_name\" content=\"Teatrul Regina Maria Oradea - Trupa Iosif Vulcan \u0219i Trupa Arcadia\" \/>\n\t\t<meta property=\"og:type\" content=\"article\" \/>\n\t\t<meta property=\"og:title\" content=\"FABRICA LUI MO\u0218 CR\u0102CIUN - Teatrul Regina Maria Oradea\" \/>\n\t\t<meta property=\"og:description\" content=\"\u00cen perioa\u200bda\u200b 19 noiembrie \u2013 21 decembrie 2014, Teatrul Regina Maria \u0219i Funda\u021bia Cultural\u0103 Festivalul Interna\u021bional de Teatru Oradea, \u00een parteneriat cu Funda\u021bia Comunitar\u0103 Oradea \u200bdesf\u0103\u0219oar\u0103 proiectul \u201dFabrica lui Mo\u0219 Cr\u0103ciun\u201d \u2013 un proiect caritabil prin care dorim s\u0103 sensibiliz\u0103m publicul cu privire la puterea care rezid\u0103 \u00een fiecare dintre noi de a-i ajuta pe ceilal\u021bi. Proiectul este\" \/>\n\t\t<meta property=\"og:url\" content=\"https:\/\/www.teatrulreginamaria.ro\/hu\/fabrica-lui-mos-craciun\/\" \/>\n\t\t<meta property=\"og:image\" content=\"https:\/\/www.teatrulreginamaria.ro\/wp-content\/uploads\/2025\/03\/trm-istoric-01.jpg\" \/>\n\t\t<meta property=\"og:image:secure_url\" content=\"https:\/\/www.teatrulreginamaria.ro\/wp-content\/uploads\/2025\/03\/trm-istoric-01.jpg\" \/>\n\t\t<meta property=\"og:image:width\" content=\"1200\" \/>\n\t\t<meta property=\"og:image:height\" content=\"800\" \/>\n\t\t<meta property=\"article:published_time\" content=\"2014-12-03T09:12:34+00:00\" \/>\n\t\t<meta property=\"article:modified_time\" content=\"2014-12-03T09:12:34+00:00\" \/>\n\t\t<meta property=\"article:publisher\" content=\"https:\/\/www.facebook.com\/TRMTrupaIosifVulcan\/\" \/>\n\t\t<meta name=\"twitter:card\" content=\"summary_large_image\" \/>\n\t\t<meta name=\"twitter:site\" content=\"@TRMOradea\" \/>\n\t\t<meta name=\"twitter:title\" content=\"FABRICA LUI MO\u0218 CR\u0102CIUN - Teatrul Regina Maria Oradea\" \/>\n\t\t<meta name=\"twitter:description\" content=\"\u00cen perioa\u200bda\u200b 19 noiembrie \u2013 21 decembrie 2014, Teatrul Regina Maria \u0219i Funda\u021bia Cultural\u0103 Festivalul Interna\u021bional de Teatru Oradea, \u00een parteneriat cu Funda\u021bia Comunitar\u0103 Oradea \u200bdesf\u0103\u0219oar\u0103 proiectul \u201dFabrica lui Mo\u0219 Cr\u0103ciun\u201d \u2013 un proiect caritabil prin care dorim s\u0103 sensibiliz\u0103m publicul cu privire la puterea care rezid\u0103 \u00een fiecare dintre noi de a-i ajuta pe ceilal\u021bi. Proiectul este\" \/>\n\t\t<meta name=\"twitter:creator\" content=\"@TRMOradea\" \/>\n\t\t<meta name=\"twitter:image\" content=\"https:\/\/www.teatrulreginamaria.ro\/wp-content\/uploads\/2025\/03\/trm-istoric-01.jpg\" \/>\n\t\t<script type=\"application\/ld+json\" class=\"aioseo-schema\">\n\t\t\t{\"@context\":\"https:\\\/\\\/schema.org\",\"@graph\":[{\"@type\":\"BlogPosting\",\"@id\":\"https:\\\/\\\/www.teatrulreginamaria.ro\\\/hu\\\/fabrica-lui-mos-craciun\\\/#blogposting\",\"name\":\"FABRICA LUI MO\\u0218 CR\\u0102CIUN - Teatrul Regina Maria Oradea\",\"headline\":\"FABRICA LUI MO\\u0218 CR\\u0102CIUN\",\"author\":{\"@id\":\"https:\\\/\\\/www.teatrulreginamaria.ro\\\/hu\\\/author\\\/w3bmaster\\\/#author\"},\"publisher\":{\"@id\":\"https:\\\/\\\/www.teatrulreginamaria.ro\\\/hu\\\/#organization\"},\"image\":{\"@type\":\"ImageObject\",\"url\":\"https:\\\/\\\/www.teatrulreginamaria.ro\\\/wp-content\\\/uploads\\\/2025\\\/06\\\/logo-trm-01-dark.png\",\"@id\":\"https:\\\/\\\/www.teatrulreginamaria.ro\\\/hu\\\/#articleImage\",\"width\":300,\"height\":148},\"datePublished\":\"2014-12-03T09:12:34+02:00\",\"dateModified\":\"2014-12-03T09:12:34+02:00\",\"inLanguage\":\"hu-HU\",\"mainEntityOfPage\":{\"@id\":\"https:\\\/\\\/www.teatrulreginamaria.ro\\\/hu\\\/fabrica-lui-mos-craciun\\\/#webpage\"},\"isPartOf\":{\"@id\":\"https:\\\/\\\/www.teatrulreginamaria.ro\\\/hu\\\/fabrica-lui-mos-craciun\\\/#webpage\"},\"articleSection\":\"Nout\\u0103\\u021bi - Trupa Iosif Vulcan\"},{\"@type\":\"BreadcrumbList\",\"@id\":\"https:\\\/\\\/www.teatrulreginamaria.ro\\\/hu\\\/fabrica-lui-mos-craciun\\\/#breadcrumblist\",\"itemListElement\":[{\"@type\":\"ListItem\",\"@id\":\"https:\\\/\\\/www.teatrulreginamaria.ro\\\/hu#listItem\",\"position\":1,\"name\":\"Home\",\"item\":\"https:\\\/\\\/www.teatrulreginamaria.ro\\\/hu\",\"nextItem\":{\"@type\":\"ListItem\",\"@id\":\"https:\\\/\\\/www.teatrulreginamaria.ro\\\/hu\\\/categorie\\\/noutati\\\/#listItem\",\"name\":\"Nout\\u0103\\u021bi\"}},{\"@type\":\"ListItem\",\"@id\":\"https:\\\/\\\/www.teatrulreginamaria.ro\\\/hu\\\/categorie\\\/noutati\\\/#listItem\",\"position\":2,\"name\":\"Nout\\u0103\\u021bi\",\"item\":\"https:\\\/\\\/www.teatrulreginamaria.ro\\\/hu\\\/categorie\\\/noutati\\\/\",\"nextItem\":{\"@type\":\"ListItem\",\"@id\":\"https:\\\/\\\/www.teatrulreginamaria.ro\\\/hu\\\/categorie\\\/noutati\\\/noutati-trupa-iosif-vulcan\\\/#listItem\",\"name\":\"Nout\\u0103\\u021bi - Trupa Iosif Vulcan\"},\"previousItem\":{\"@type\":\"ListItem\",\"@id\":\"https:\\\/\\\/www.teatrulreginamaria.ro\\\/hu#listItem\",\"name\":\"Home\"}},{\"@type\":\"ListItem\",\"@id\":\"https:\\\/\\\/www.teatrulreginamaria.ro\\\/hu\\\/categorie\\\/noutati\\\/noutati-trupa-iosif-vulcan\\\/#listItem\",\"position\":3,\"name\":\"Nout\\u0103\\u021bi - Trupa Iosif Vulcan\",\"item\":\"https:\\\/\\\/www.teatrulreginamaria.ro\\\/hu\\\/categorie\\\/noutati\\\/noutati-trupa-iosif-vulcan\\\/\",\"nextItem\":{\"@type\":\"ListItem\",\"@id\":\"https:\\\/\\\/www.teatrulreginamaria.ro\\\/hu\\\/fabrica-lui-mos-craciun\\\/#listItem\",\"name\":\"FABRICA LUI MO\\u0218 CR\\u0102CIUN\"},\"previousItem\":{\"@type\":\"ListItem\",\"@id\":\"https:\\\/\\\/www.teatrulreginamaria.ro\\\/hu\\\/categorie\\\/noutati\\\/#listItem\",\"name\":\"Nout\\u0103\\u021bi\"}},{\"@type\":\"ListItem\",\"@id\":\"https:\\\/\\\/www.teatrulreginamaria.ro\\\/hu\\\/fabrica-lui-mos-craciun\\\/#listItem\",\"position\":4,\"name\":\"FABRICA LUI MO\\u0218 CR\\u0102CIUN\",\"previousItem\":{\"@type\":\"ListItem\",\"@id\":\"https:\\\/\\\/www.teatrulreginamaria.ro\\\/hu\\\/categorie\\\/noutati\\\/noutati-trupa-iosif-vulcan\\\/#listItem\",\"name\":\"Nout\\u0103\\u021bi - Trupa Iosif Vulcan\"}}]},{\"@type\":\"Organization\",\"@id\":\"https:\\\/\\\/www.teatrulreginamaria.ro\\\/hu\\\/#organization\",\"name\":\"Teatrul Regina Maria Oradea\",\"description\":\"Trupa Iosif Vulcan \\u0219i Trupa Arcadia\",\"url\":\"https:\\\/\\\/www.teatrulreginamaria.ro\\\/hu\\\/\",\"email\":\"marketing@teatrulreginamaria.ro\",\"telephone\":\"+40359411534\",\"numberOfEmployees\":{\"@type\":\"QuantitativeValue\",\"minValue\":0,\"maxValue\":150},\"logo\":{\"@type\":\"ImageObject\",\"url\":\"https:\\\/\\\/www.teatrulreginamaria.ro\\\/wp-content\\\/uploads\\\/2025\\\/06\\\/logo-trm-01-dark.png\",\"@id\":\"https:\\\/\\\/www.teatrulreginamaria.ro\\\/hu\\\/fabrica-lui-mos-craciun\\\/#organizationLogo\",\"width\":300,\"height\":148},\"image\":{\"@id\":\"https:\\\/\\\/www.teatrulreginamaria.ro\\\/hu\\\/fabrica-lui-mos-craciun\\\/#organizationLogo\"},\"sameAs\":[\"https:\\\/\\\/www.facebook.com\\\/TRMTrupaIosifVulcan\\\/\",\"https:\\\/\\\/x.com\\\/TRMOradea\",\"https:\\\/\\\/www.instagram.com\\\/teatrul_regina_maria\\\/\",\"https:\\\/\\\/www.youtube.com\\\/c\\\/TeatrulReginaMariaOradea\",\"https:\\\/\\\/www.linkedin.com\\\/company\\\/teatrul-regina-maria\"]},{\"@type\":\"Person\",\"@id\":\"https:\\\/\\\/www.teatrulreginamaria.ro\\\/hu\\\/author\\\/w3bmaster\\\/#author\",\"url\":\"https:\\\/\\\/www.teatrulreginamaria.ro\\\/hu\\\/author\\\/w3bmaster\\\/\",\"name\":\"Teatrul Regina Maria\",\"image\":{\"@type\":\"ImageObject\",\"@id\":\"https:\\\/\\\/www.teatrulreginamaria.ro\\\/hu\\\/fabrica-lui-mos-craciun\\\/#authorImage\",\"url\":\"https:\\\/\\\/secure.gravatar.com\\\/avatar\\\/5884139d508ae3f0bafe45e60563b48a9640146d3b08ccc6278c305ff9329305?s=96&d=mm&r=g\",\"width\":96,\"height\":96,\"caption\":\"Teatrul Regina Maria\"}},{\"@type\":\"WebPage\",\"@id\":\"https:\\\/\\\/www.teatrulreginamaria.ro\\\/hu\\\/fabrica-lui-mos-craciun\\\/#webpage\",\"url\":\"https:\\\/\\\/www.teatrulreginamaria.ro\\\/hu\\\/fabrica-lui-mos-craciun\\\/\",\"name\":\"FABRICA LUI MO\\u0218 CR\\u0102CIUN - Teatrul Regina Maria Oradea\",\"description\":\"\\u00cen perioa\\u200bda\\u200b 19 noiembrie \\u2013 21 decembrie 2014, Teatrul Regina Maria \\u0219i Funda\\u021bia Cultural\\u0103 Festivalul Interna\\u021bional de Teatru Oradea, \\u00een parteneriat cu Funda\\u021bia Comunitar\\u0103 Oradea \\u200bdesf\\u0103\\u0219oar\\u0103 proiectul \\u201dFabrica lui Mo\\u0219 Cr\\u0103ciun\\u201d \\u2013 un proiect caritabil prin care dorim s\\u0103 sensibiliz\\u0103m publicul cu privire la puterea care rezid\\u0103 \\u00een fiecare dintre noi de a-i ajuta pe ceilal\\u021bi. Proiectul este\",\"inLanguage\":\"hu-HU\",\"isPartOf\":{\"@id\":\"https:\\\/\\\/www.teatrulreginamaria.ro\\\/hu\\\/#website\"},\"breadcrumb\":{\"@id\":\"https:\\\/\\\/www.teatrulreginamaria.ro\\\/hu\\\/fabrica-lui-mos-craciun\\\/#breadcrumblist\"},\"author\":{\"@id\":\"https:\\\/\\\/www.teatrulreginamaria.ro\\\/hu\\\/author\\\/w3bmaster\\\/#author\"},\"creator\":{\"@id\":\"https:\\\/\\\/www.teatrulreginamaria.ro\\\/hu\\\/author\\\/w3bmaster\\\/#author\"},\"datePublished\":\"2014-12-03T09:12:34+02:00\",\"dateModified\":\"2014-12-03T09:12:34+02:00\"},{\"@type\":\"WebSite\",\"@id\":\"https:\\\/\\\/www.teatrulreginamaria.ro\\\/hu\\\/#website\",\"url\":\"https:\\\/\\\/www.teatrulreginamaria.ro\\\/hu\\\/\",\"name\":\"Teatrul Regina Maria Oradea\",\"alternateName\":\"TRM Oradea\",\"description\":\"Trupa Iosif Vulcan \\u0219i Trupa Arcadia\",\"inLanguage\":\"hu-HU\",\"publisher\":{\"@id\":\"https:\\\/\\\/www.teatrulreginamaria.ro\\\/hu\\\/#organization\"}}]}\n\t\t<\/script>\n\t\t<!-- All in One SEO Pro -->\r\n\t\t<title>FABRICA LUI MO\u0218 CR\u0102CIUN - Teatrul Regina Maria Oradea<\/title>\n\n","aioseo_head_json":{"title":"MIKUL\u00c1SGY\u00c1R - Nagyv\u00e1radi Regina Maria Sz\u00ednh\u00e1z","description":"2014. november 19. \u00e9s december 21. k\u00f6z\u00f6tt a Regina Maria Sz\u00ednh\u00e1z \u00e9s a Nagyv\u00e1radi Nemzetk\u00f6zi Sz\u00ednh\u00e1zi Fesztiv\u00e1l Kultur\u00e1lis Alap\u00edtv\u00e1ny a Nagyv\u00e1radi K\u00f6z\u00f6ss\u00e9gi Alap\u00edtv\u00e1nnyal egy\u00fcttm\u0171k\u00f6dve megval\u00f3s\u00edtja a \u201dMikul\u00e1s Gy\u00e1ra\u201d c\u00edm\u0171 j\u00f3t\u00e9konys\u00e1gi projektet, amelynek keret\u00e9ben szeretn\u00e9nk felh\u00edvni a nyilv\u00e1noss\u00e1g figyelm\u00e9t arra az er\u0151re, amely mindannyiunkban rejlik, hogy seg\u00edts\u00fcnk m\u00e1sokon. A projekt\u2026","canonical_url":"https:\/\/www.teatrulreginamaria.ro\/hu\/fabrica-lui-mos-craciun\/","robots":"max-image-preview:large","keywords":"","webmasterTools":{"miscellaneous":""},"schema":{"@context":"https:\/\/schema.org","@graph":[{"@type":"BlogPosting","@id":"https:\/\/www.teatrulreginamaria.ro\/hu\/fabrica-lui-mos-craciun\/#blogposting","name":"FABRICA LUI MO\u0218 CR\u0102CIUN - Teatrul Regina Maria Oradea","headline":"FABRICA LUI MO\u0218 CR\u0102CIUN","author":{"@id":"https:\/\/www.teatrulreginamaria.ro\/hu\/author\/w3bmaster\/#author"},"publisher":{"@id":"https:\/\/www.teatrulreginamaria.ro\/hu\/#organization"},"image":{"@type":"ImageObject","url":"https:\/\/www.teatrulreginamaria.ro\/wp-content\/uploads\/2025\/06\/logo-trm-01-dark.png","@id":"https:\/\/www.teatrulreginamaria.ro\/hu\/#articleImage","width":300,"height":148},"datePublished":"2014-12-03T09:12:34+02:00","dateModified":"2014-12-03T09:12:34+02:00","inLanguage":"hu-HU","mainEntityOfPage":{"@id":"https:\/\/www.teatrulreginamaria.ro\/hu\/fabrica-lui-mos-craciun\/#webpage"},"isPartOf":{"@id":"https:\/\/www.teatrulreginamaria.ro\/hu\/fabrica-lui-mos-craciun\/#webpage"},"articleSection":"Nout\u0103\u021bi - Trupa Iosif Vulcan"},{"@type":"BreadcrumbList","@id":"https:\/\/www.teatrulreginamaria.ro\/hu\/fabrica-lui-mos-craciun\/#breadcrumblist","itemListElement":[{"@type":"ListItem","@id":"https:\/\/www.teatrulreginamaria.ro\/hu#listItem","position":1,"name":"Home","item":"https:\/\/www.teatrulreginamaria.ro\/hu","nextItem":{"@type":"ListItem","@id":"https:\/\/www.teatrulreginamaria.ro\/hu\/categorie\/noutati\/#listItem","name":"Nout\u0103\u021bi"}},{"@type":"ListItem","@id":"https:\/\/www.teatrulreginamaria.ro\/hu\/categorie\/noutati\/#listItem","position":2,"name":"Nout\u0103\u021bi","item":"https:\/\/www.teatrulreginamaria.ro\/hu\/categorie\/noutati\/","nextItem":{"@type":"ListItem","@id":"https:\/\/www.teatrulreginamaria.ro\/hu\/categorie\/noutati\/noutati-trupa-iosif-vulcan\/#listItem","name":"Nout\u0103\u021bi - Trupa Iosif Vulcan"},"previousItem":{"@type":"ListItem","@id":"https:\/\/www.teatrulreginamaria.ro\/hu#listItem","name":"Home"}},{"@type":"ListItem","@id":"https:\/\/www.teatrulreginamaria.ro\/hu\/categorie\/noutati\/noutati-trupa-iosif-vulcan\/#listItem","position":3,"name":"Nout\u0103\u021bi - Trupa Iosif Vulcan","item":"https:\/\/www.teatrulreginamaria.ro\/hu\/categorie\/noutati\/noutati-trupa-iosif-vulcan\/","nextItem":{"@type":"ListItem","@id":"https:\/\/www.teatrulreginamaria.ro\/hu\/fabrica-lui-mos-craciun\/#listItem","name":"FABRICA LUI MO\u0218 CR\u0102CIUN"},"previousItem":{"@type":"ListItem","@id":"https:\/\/www.teatrulreginamaria.ro\/hu\/categorie\/noutati\/#listItem","name":"Nout\u0103\u021bi"}},{"@type":"ListItem","@id":"https:\/\/www.teatrulreginamaria.ro\/hu\/fabrica-lui-mos-craciun\/#listItem","position":4,"name":"FABRICA LUI MO\u0218 CR\u0102CIUN","previousItem":{"@type":"ListItem","@id":"https:\/\/www.teatrulreginamaria.ro\/hu\/categorie\/noutati\/noutati-trupa-iosif-vulcan\/#listItem","name":"Nout\u0103\u021bi - Trupa Iosif Vulcan"}}]},{"@type":"Organization","@id":"https:\/\/www.teatrulreginamaria.ro\/hu\/#organization","name":"Teatrul Regina Maria Oradea","description":"Trupa Iosif Vulcan \u0219i Trupa Arcadia","url":"https:\/\/www.teatrulreginamaria.ro\/hu\/","email":"marketing@teatrulreginamaria.ro","telephone":"+40359411534","numberOfEmployees":{"@type":"QuantitativeValue","minValue":0,"maxValue":150},"logo":{"@type":"ImageObject","url":"https:\/\/www.teatrulreginamaria.ro\/wp-content\/uploads\/2025\/06\/logo-trm-01-dark.png","@id":"https:\/\/www.teatrulreginamaria.ro\/hu\/fabrica-lui-mos-craciun\/#organizationLogo","width":300,"height":148},"image":{"@id":"https:\/\/www.teatrulreginamaria.ro\/hu\/fabrica-lui-mos-craciun\/#organizationLogo"},"sameAs":["https:\/\/www.facebook.com\/TRMTrupaIosifVulcan\/","https:\/\/x.com\/TRMOradea","https:\/\/www.instagram.com\/teatrul_regina_maria\/","https:\/\/www.youtube.com\/c\/TeatrulReginaMariaOradea","https:\/\/www.linkedin.com\/company\/teatrul-regina-maria"]},{"@type":"Person","@id":"https:\/\/www.teatrulreginamaria.ro\/hu\/author\/w3bmaster\/#author","url":"https:\/\/www.teatrulreginamaria.ro\/hu\/author\/w3bmaster\/","name":"Teatrul Regina Maria","image":{"@type":"ImageObject","@id":"https:\/\/www.teatrulreginamaria.ro\/hu\/fabrica-lui-mos-craciun\/#authorImage","url":"https:\/\/secure.gravatar.com\/avatar\/5884139d508ae3f0bafe45e60563b48a9640146d3b08ccc6278c305ff9329305?s=96&d=mm&r=g","width":96,"height":96,"caption":"Teatrul Regina Maria"}},{"@type":"WebPage","@id":"https:\/\/www.teatrulreginamaria.ro\/hu\/fabrica-lui-mos-craciun\/#webpage","url":"https:\/\/www.teatrulreginamaria.ro\/hu\/fabrica-lui-mos-craciun\/","name":"FABRICA LUI MO\u0218 CR\u0102CIUN - Teatrul Regina Maria Oradea","description":"\u00cen perioa\u200bda\u200b 19 noiembrie \u2013 21 decembrie 2014, Teatrul Regina Maria \u0219i Funda\u021bia Cultural\u0103 Festivalul Interna\u021bional de Teatru Oradea, \u00een parteneriat cu Funda\u021bia Comunitar\u0103 Oradea \u200bdesf\u0103\u0219oar\u0103 proiectul \u201dFabrica lui Mo\u0219 Cr\u0103ciun\u201d \u2013 un proiect caritabil prin care dorim s\u0103 sensibiliz\u0103m publicul cu privire la puterea care rezid\u0103 \u00een fiecare dintre noi de a-i ajuta pe ceilal\u021bi. Proiectul este","inLanguage":"hu-HU","isPartOf":{"@id":"https:\/\/www.teatrulreginamaria.ro\/hu\/#website"},"breadcrumb":{"@id":"https:\/\/www.teatrulreginamaria.ro\/hu\/fabrica-lui-mos-craciun\/#breadcrumblist"},"author":{"@id":"https:\/\/www.teatrulreginamaria.ro\/hu\/author\/w3bmaster\/#author"},"creator":{"@id":"https:\/\/www.teatrulreginamaria.ro\/hu\/author\/w3bmaster\/#author"},"datePublished":"2014-12-03T09:12:34+02:00","dateModified":"2014-12-03T09:12:34+02:00"},{"@type":"WebSite","@id":"https:\/\/www.teatrulreginamaria.ro\/hu\/#website","url":"https:\/\/www.teatrulreginamaria.ro\/hu\/","name":"Teatrul Regina Maria Oradea","alternateName":"TRM Oradea","description":"Trupa Iosif Vulcan \u0219i Trupa Arcadia","inLanguage":"hu-HU","publisher":{"@id":"https:\/\/www.teatrulreginamaria.ro\/hu\/#organization"}}]},"og:locale":"hu_HU","og:site_name":"Teatrul Regina Maria Oradea - Trupa Iosif Vulcan \u0219i Trupa Arcadia","og:type":"article","og:title":"FABRICA LUI MO\u0218 CR\u0102CIUN - Teatrul Regina Maria Oradea","og:description":"\u00cen perioa\u200bda\u200b 19 noiembrie \u2013 21 decembrie 2014, Teatrul Regina Maria \u0219i Funda\u021bia Cultural\u0103 Festivalul Interna\u021bional de Teatru Oradea, \u00een parteneriat cu Funda\u021bia Comunitar\u0103 Oradea \u200bdesf\u0103\u0219oar\u0103 proiectul \u201dFabrica lui Mo\u0219 Cr\u0103ciun\u201d \u2013 un proiect caritabil prin care dorim s\u0103 sensibiliz\u0103m publicul cu privire la puterea care rezid\u0103 \u00een fiecare dintre noi de a-i ajuta pe ceilal\u021bi. Proiectul este","og:url":"https:\/\/www.teatrulreginamaria.ro\/hu\/fabrica-lui-mos-craciun\/","og:image":"https:\/\/www.teatrulreginamaria.ro\/wp-content\/uploads\/2025\/03\/trm-istoric-01.jpg","og:image:secure_url":"https:\/\/www.teatrulreginamaria.ro\/wp-content\/uploads\/2025\/03\/trm-istoric-01.jpg","og:image:width":1200,"og:image:height":800,"article:published_time":"2014-12-03T09:12:34+00:00","article:modified_time":"2014-12-03T09:12:34+00:00","article:publisher":"https:\/\/www.facebook.com\/TRMTrupaIosifVulcan\/","twitter:card":"summary_large_image","twitter:site":"@TRMOradea","twitter:title":"FABRICA LUI MO\u0218 CR\u0102CIUN - Teatrul Regina Maria Oradea","twitter:description":"\u00cen perioa\u200bda\u200b 19 noiembrie \u2013 21 decembrie 2014, Teatrul Regina Maria \u0219i Funda\u021bia Cultural\u0103 Festivalul Interna\u021bional de Teatru Oradea, \u00een parteneriat cu Funda\u021bia Comunitar\u0103 Oradea \u200bdesf\u0103\u0219oar\u0103 proiectul \u201dFabrica lui Mo\u0219 Cr\u0103ciun\u201d \u2013 un proiect caritabil prin care dorim s\u0103 sensibiliz\u0103m publicul cu privire la puterea care rezid\u0103 \u00een fiecare dintre noi de a-i ajuta pe ceilal\u021bi. Proiectul este","twitter:creator":"@TRMOradea","twitter:image":"https:\/\/www.teatrulreginamaria.ro\/wp-content\/uploads\/2025\/03\/trm-istoric-01.jpg"},"aioseo_meta_data":{"post_id":"1055","title":null,"description":null,"keywords":null,"keyphrases":null,"primary_term":null,"canonical_url":null,"og_title":null,"og_description":null,"og_object_type":"default","og_image_type":"default","og_image_url":null,"og_image_width":null,"og_image_height":null,"og_image_custom_url":null,"og_image_custom_fields":null,"og_video":null,"og_custom_url":null,"og_article_section":null,"og_article_tags":null,"twitter_use_og":false,"twitter_card":"default","twitter_image_type":"default","twitter_image_url":null,"twitter_image_custom_url":null,"twitter_image_custom_fields":null,"twitter_title":null,"twitter_description":null,"schema":{"blockGraphs":[],"customGraphs":[],"default":{"data":{"Article":[],"Course":[],"Dataset":[],"FAQPage":[],"Movie":[],"Person":[],"Product":[],"ProductReview":[],"Car":[],"Recipe":[],"Service":[],"SoftwareApplication":[],"WebPage":[]},"graphName":"","isEnabled":true},"graphs":[]},"schema_type":"default","schema_type_options":null,"pillar_content":false,"robots_default":true,"robots_noindex":false,"robots_noarchive":false,"robots_nosnippet":false,"robots_nofollow":false,"robots_noimageindex":false,"robots_noodp":false,"robots_notranslate":false,"robots_max_snippet":null,"robots_max_videopreview":null,"robots_max_imagepreview":"large","priority":null,"frequency":null,"local_seo":null,"seo_analyzer_scan_date":"2026-05-13 00:25:42","breadcrumb_settings":null,"limit_modified_date":false,"reviewed_by":null,"open_ai":null,"ai":null,"created":"2025-04-09 17:40:55","updated":"2026-05-13 00:25:42","focus_keyword":null,"additional_keywords":null,"truseo_locale":null},"aioseo_breadcrumb":"<div class=\"aioseo-breadcrumbs\"><span class=\"aioseo-breadcrumb\">\n\t<a href=\"https:\/\/www.teatrulreginamaria.ro\/hu\" title=\"Home\">Home<\/a>\n<\/span><span class=\"aioseo-breadcrumb-separator\">&raquo;<\/span><span class=\"aioseo-breadcrumb\">\n\t<a href=\"https:\/\/www.teatrulreginamaria.ro\/hu\/categorie\/noutati\/\" title=\"Nout\u0103\u021bi\">Nout\u0103\u021bi<\/a>\n<\/span><span class=\"aioseo-breadcrumb-separator\">&raquo;<\/span><span class=\"aioseo-breadcrumb\">\n\t<a href=\"https:\/\/www.teatrulreginamaria.ro\/hu\/categorie\/noutati\/noutati-trupa-iosif-vulcan\/\" title=\"Nout\u0103\u021bi - Trupa Iosif Vulcan\">Nout\u0103\u021bi - Trupa Iosif Vulcan<\/a>\n<\/span><span class=\"aioseo-breadcrumb-separator\">&raquo;<\/span><span class=\"aioseo-breadcrumb\">\n\tFABRICA LUI MO\u0218 CR\u0102CIUN\n<\/span><\/div>","aioseo_breadcrumb_json":[{"label":"Home","link":"https:\/\/www.teatrulreginamaria.ro\/hu"},{"label":"Nout\u0103\u021bi","link":"https:\/\/www.teatrulreginamaria.ro\/hu\/categorie\/noutati\/"},{"label":"Nout\u0103\u021bi - Trupa Iosif Vulcan","link":"https:\/\/www.teatrulreginamaria.ro\/hu\/categorie\/noutati\/noutati-trupa-iosif-vulcan\/"},{"label":"FABRICA LUI MO\u0218 CR\u0102CIUN","link":"https:\/\/www.teatrulreginamaria.ro\/hu\/fabrica-lui-mos-craciun\/"}],"acf":[],"_links":{"self":[{"href":"https:\/\/www.teatrulreginamaria.ro\/hu\/wp-json\/wp\/v2\/posts\/1055","targetHints":{"allow":["GET"]}}],"collection":[{"href":"https:\/\/www.teatrulreginamaria.ro\/hu\/wp-json\/wp\/v2\/posts"}],"about":[{"href":"https:\/\/www.teatrulreginamaria.ro\/hu\/wp-json\/wp\/v2\/types\/post"}],"author":[{"embeddable":true,"href":"https:\/\/www.teatrulreginamaria.ro\/hu\/wp-json\/wp\/v2\/users\/6"}],"replies":[{"embeddable":true,"href":"https:\/\/www.teatrulreginamaria.ro\/hu\/wp-json\/wp\/v2\/comments?post=1055"}],"version-history":[{"count":0,"href":"https:\/\/www.teatrulreginamaria.ro\/hu\/wp-json\/wp\/v2\/posts\/1055\/revisions"}],"wp:attachment":[{"href":"https:\/\/www.teatrulreginamaria.ro\/hu\/wp-json\/wp\/v2\/media?parent=1055"}],"wp:term":[{"taxonomy":"category","embeddable":true,"href":"https:\/\/www.teatrulreginamaria.ro\/hu\/wp-json\/wp\/v2\/categories?post=1055"},{"taxonomy":"post_tag","embeddable":true,"href":"https:\/\/www.teatrulreginamaria.ro\/hu\/wp-json\/wp\/v2\/tags?post=1055"}],"curies":[{"name":"munkaf\u00fczet","href":"https:\/\/api.w.org\/{rel}","templated":true}]}}