{"id":1101,"date":"2015-05-26T11:12:10","date_gmt":"2015-05-26T11:12:10","guid":{"rendered":"https:\/\/teatrulreginamaria.ro\/2015\/05\/26\/gala-premiilor-uniter-2016-la-oradea\/"},"modified":"2015-05-26T11:12:10","modified_gmt":"2015-05-26T11:12:10","slug":"uniter-dijatado-gala-2016-nagyvaradon","status":"publish","type":"post","link":"https:\/\/www.teatrulreginamaria.ro\/hu\/gala-premiilor-uniter-2016-la-oradea\/","title":{"rendered":"UNITER D\u00cdJAK G\u00c1LA 2016, NAGYV\u00c1RADON!"},"content":{"rendered":"<p style=\"text-align: justify;\">A Regina Maria Sz\u00ednh\u00e1z b\u00fcszk\u00e9n jelenti be, hogy 2016-ban otthont ad az UNITER D\u00edj\u00e1tad\u00f3 G\u00e1l\u00e1nak. Az UNITER-r\u0151l sz\u00f3l\u00f3 d\u00f6nt\u00e9s azut\u00e1n sz\u00fcletett meg, hogy a Regina Maria Sz\u00ednh\u00e1z vezet\u0151s\u00e9ge kifejezte sz\u00e1nd\u00e9k\u00e1t a g\u00e1la megszervez\u00e9s\u00e9re, \u00e9s beny\u00fajtotta jel\u00f6lts\u00e9g\u00e9t. A folyamat 2013-ban kezd\u0151d\u00f6tt, amikor a Regina Maria Sz\u00ednh\u00e1z elk\u00e9sz\u00edtette a sz\u00fcks\u00e9ges dokument\u00e1ci\u00f3t. Ennek felt\u00e9tele az volt, hogy a helyi \u00e9s megyei \u00f6nkorm\u00e1nyzat t\u00e1mogat\u00e1st ny\u00fajtson a g\u00e1la megrendez\u00e9s\u00e9hez.<\/p>\n<p><!--more--><\/p>\n<p style=\"text-align: justify;\">Az \u00e9rvel\u00e9st t\u00f6bb ponttal is al\u00e1t\u00e1masztott\u00e1k:<\/p>\n<p style=\"text-align: justify;\">\u2013 a Regina Maria Sz\u00ednh\u00e1z \u00e9p\u00fclet\u00e9nek \u00e9rt\u00e9ke<\/p>\n<p style=\"text-align: justify;\">\u2013 az a t\u00e9ny, hogy a nagyv\u00e1radi sz\u00ednh\u00e1z olyan rendez\u0151ket ind\u00edtott, akik az id\u0151k sor\u00e1n ragyog\u00f3 karriert futottak be (Victor Ioan Frunz\u0103, Alexandru Darie, Alexandru Colpacci)<\/p>\n<p style=\"text-align: justify;\">\u2013 egy\u00fcttm\u0171k\u00f6d\u00e9s a rom\u00e1n filmgy\u00e1rt\u00e1s nagy neveivel (Alexandru Dabija, Mihai M\u0103niu\u0163iu, Alexandru Hausvater, Theodor Cristian Popescu stb.)<\/p>\n<p style=\"text-align: justify;\">\u2013 az Uniter D\u00edj\u00e1tad\u00f3 G\u00e1l\u00e1n el\u00e9rt jel\u00f6l\u00e9sek \u00e9s a k\u00fcl\u00f6nb\u00f6z\u0151 fesztiv\u00e1lokon val\u00f3 r\u00e9szv\u00e9tel belf\u00f6ld\u00f6n \u00e9s k\u00fclf\u00f6ld\u00f6n<\/p>\n<p style=\"text-align: justify;\">\u2013 az el\u0151ad\u00e1sok min\u0151s\u00e9gi \u00e9s \u00e1lland\u00f3 k\u00f6z\u00f6ns\u00e9g\u00e9nek megl\u00e9te (a sz\u00ednh\u00e1z \u00fajranyit\u00e1sa, 2011 \u00f3ta t\u00f6bb mint 701 darabot j\u00e1tszottak telth\u00e1zas k\u00f6z\u00f6ns\u00e9g el\u0151tt)<\/p>\n<p style=\"text-align: justify;\">Mivel az \u00e9rvel\u00e9st jogosnak \u00edt\u00e9lt\u00e9k, az UNITER tagjai \u00fagy d\u00f6nt\u00f6ttek, hogy a j\u00f6v\u0151 \u00e9vi g\u00e1l\u00e1t Nagyv\u00e1radon szervezik meg, a Nagyv\u00e1radi V\u00e1rosh\u00e1za \u00e9s a Bihar Megyei Tan\u00e1cs teljes t\u00e1mogat\u00e1s\u00e1val.<\/p>","protected":false},"excerpt":{"rendered":"<p>Teatrul Regina Maria are onoarea de a anun\u0163a c\u0103 va fi gazda Galei premiilor UNITER 2016. Hot\u0103r\u00e2rea UNITER a fost luat\u0103 dup\u0103 ce conducerea Teatrului Regina Maria \u015fi-a ar\u0103tat disponibilitatea de a organiza gala \u015fi \u015fi-a depus candidatura. Demersurile au \u00eenceput \u00een anul 2013, c\u00e2nd Teatrul Regina Maria a preg\u0103tit documenta\u0163ia necesar\u0103. O condi\u0163ie \u00een [&hellip;]<\/p>\n","protected":false},"author":6,"featured_media":0,"comment_status":"open","ping_status":"open","sticky":false,"template":"","format":"standard","meta":{"_acf_changed":false,"footnotes":""},"categories":[22],"tags":[],"class_list":["post-1101","post","type-post","status-publish","format-standard","hentry","category-noutati-trupa-iosif-vulcan"],"aioseo_notices":[],"aioseo_head":"\n\t\t<!-- All in One SEO Pro 5.0.1.1 - aioseo.com -->\n\t<meta name=\"description\" content=\"Teatrul Regina Maria are onoarea de a anun\u0163a c\u0103 va fi gazda Galei premiilor UNITER 2016. Hot\u0103r\u00e2rea UNITER a fost luat\u0103 dup\u0103 ce conducerea Teatrului Regina Maria \u015fi-a ar\u0103tat disponibilitatea de a organiza gala \u015fi \u015fi-a depus candidatura. Demersurile au \u00eenceput \u00een anul 2013, c\u00e2nd Teatrul Regina Maria a preg\u0103tit documenta\u0163ia necesar\u0103. O condi\u0163ie \u00een\" \/>\n\t<meta name=\"robots\" content=\"max-image-preview:large\" \/>\n\t<meta name=\"author\" content=\"Teatrul Regina Maria\"\/>\n\t<link rel=\"canonical\" href=\"https:\/\/www.teatrulreginamaria.ro\/hu\/gala-premiilor-uniter-2016-la-oradea\/\" \/>\n\t<meta name=\"generator\" content=\"All in One SEO Pro (AIOSEO) 5.0.1.1\" \/>\n\t\t<meta property=\"og:locale\" content=\"hu_HU\" \/>\n\t\t<meta property=\"og:site_name\" content=\"Teatrul Regina Maria Oradea - Trupa Iosif Vulcan \u0219i Trupa Arcadia\" \/>\n\t\t<meta property=\"og:type\" content=\"article\" \/>\n\t\t<meta property=\"og:title\" content=\"GALA PREMIILOR UNITER 2016, LA ORADEA! - Teatrul Regina Maria Oradea\" \/>\n\t\t<meta property=\"og:description\" content=\"Teatrul Regina Maria are onoarea de a anun\u0163a c\u0103 va fi gazda Galei premiilor UNITER 2016. Hot\u0103r\u00e2rea UNITER a fost luat\u0103 dup\u0103 ce conducerea Teatrului Regina Maria \u015fi-a ar\u0103tat disponibilitatea de a organiza gala \u015fi \u015fi-a depus candidatura. Demersurile au \u00eenceput \u00een anul 2013, c\u00e2nd Teatrul Regina Maria a preg\u0103tit documenta\u0163ia necesar\u0103. O condi\u0163ie \u00een\" \/>\n\t\t<meta property=\"og:url\" content=\"https:\/\/www.teatrulreginamaria.ro\/hu\/gala-premiilor-uniter-2016-la-oradea\/\" \/>\n\t\t<meta property=\"og:image\" content=\"https:\/\/www.teatrulreginamaria.ro\/wp-content\/uploads\/2025\/03\/trm-istoric-01.jpg\" \/>\n\t\t<meta property=\"og:image:secure_url\" content=\"https:\/\/www.teatrulreginamaria.ro\/wp-content\/uploads\/2025\/03\/trm-istoric-01.jpg\" \/>\n\t\t<meta property=\"og:image:width\" content=\"1200\" \/>\n\t\t<meta property=\"og:image:height\" content=\"800\" \/>\n\t\t<meta property=\"article:published_time\" content=\"2015-05-26T11:12:10+00:00\" \/>\n\t\t<meta property=\"article:modified_time\" content=\"2015-05-26T11:12:10+00:00\" \/>\n\t\t<meta property=\"article:publisher\" content=\"https:\/\/www.facebook.com\/TRMTrupaIosifVulcan\/\" \/>\n\t\t<meta name=\"twitter:card\" content=\"summary_large_image\" \/>\n\t\t<meta name=\"twitter:site\" content=\"@TRMOradea\" \/>\n\t\t<meta name=\"twitter:title\" content=\"GALA PREMIILOR UNITER 2016, LA ORADEA! - Teatrul Regina Maria Oradea\" \/>\n\t\t<meta name=\"twitter:description\" content=\"Teatrul Regina Maria are onoarea de a anun\u0163a c\u0103 va fi gazda Galei premiilor UNITER 2016. Hot\u0103r\u00e2rea UNITER a fost luat\u0103 dup\u0103 ce conducerea Teatrului Regina Maria \u015fi-a ar\u0103tat disponibilitatea de a organiza gala \u015fi \u015fi-a depus candidatura. Demersurile au \u00eenceput \u00een anul 2013, c\u00e2nd Teatrul Regina Maria a preg\u0103tit documenta\u0163ia necesar\u0103. O condi\u0163ie \u00een\" \/>\n\t\t<meta name=\"twitter:creator\" content=\"@TRMOradea\" \/>\n\t\t<meta name=\"twitter:image\" content=\"https:\/\/www.teatrulreginamaria.ro\/wp-content\/uploads\/2025\/03\/trm-istoric-01.jpg\" \/>\n\t\t<script type=\"application\/ld+json\" class=\"aioseo-schema\">\n\t\t\t{\"@context\":\"https:\\\/\\\/schema.org\",\"@graph\":[{\"@type\":\"BlogPosting\",\"@id\":\"https:\\\/\\\/www.teatrulreginamaria.ro\\\/hu\\\/gala-premiilor-uniter-2016-la-oradea\\\/#blogposting\",\"name\":\"GALA PREMIILOR UNITER 2016, LA ORADEA! - Teatrul Regina Maria Oradea\",\"headline\":\"GALA PREMIILOR UNITER 2016, LA ORADEA!\",\"author\":{\"@id\":\"https:\\\/\\\/www.teatrulreginamaria.ro\\\/hu\\\/author\\\/w3bmaster\\\/#author\"},\"publisher\":{\"@id\":\"https:\\\/\\\/www.teatrulreginamaria.ro\\\/hu\\\/#organization\"},\"image\":{\"@type\":\"ImageObject\",\"url\":\"https:\\\/\\\/www.teatrulreginamaria.ro\\\/wp-content\\\/uploads\\\/2025\\\/06\\\/logo-trm-01-dark.png\",\"@id\":\"https:\\\/\\\/www.teatrulreginamaria.ro\\\/hu\\\/#articleImage\",\"width\":300,\"height\":148},\"datePublished\":\"2015-05-26T11:12:10+03:00\",\"dateModified\":\"2015-05-26T11:12:10+03:00\",\"inLanguage\":\"hu-HU\",\"mainEntityOfPage\":{\"@id\":\"https:\\\/\\\/www.teatrulreginamaria.ro\\\/hu\\\/gala-premiilor-uniter-2016-la-oradea\\\/#webpage\"},\"isPartOf\":{\"@id\":\"https:\\\/\\\/www.teatrulreginamaria.ro\\\/hu\\\/gala-premiilor-uniter-2016-la-oradea\\\/#webpage\"},\"articleSection\":\"Nout\\u0103\\u021bi - Trupa Iosif Vulcan\"},{\"@type\":\"BreadcrumbList\",\"@id\":\"https:\\\/\\\/www.teatrulreginamaria.ro\\\/hu\\\/gala-premiilor-uniter-2016-la-oradea\\\/#breadcrumblist\",\"itemListElement\":[{\"@type\":\"ListItem\",\"@id\":\"https:\\\/\\\/www.teatrulreginamaria.ro\\\/hu#listItem\",\"position\":1,\"name\":\"Home\",\"item\":\"https:\\\/\\\/www.teatrulreginamaria.ro\\\/hu\",\"nextItem\":{\"@type\":\"ListItem\",\"@id\":\"https:\\\/\\\/www.teatrulreginamaria.ro\\\/hu\\\/categorie\\\/noutati\\\/#listItem\",\"name\":\"Nout\\u0103\\u021bi\"}},{\"@type\":\"ListItem\",\"@id\":\"https:\\\/\\\/www.teatrulreginamaria.ro\\\/hu\\\/categorie\\\/noutati\\\/#listItem\",\"position\":2,\"name\":\"Nout\\u0103\\u021bi\",\"item\":\"https:\\\/\\\/www.teatrulreginamaria.ro\\\/hu\\\/categorie\\\/noutati\\\/\",\"nextItem\":{\"@type\":\"ListItem\",\"@id\":\"https:\\\/\\\/www.teatrulreginamaria.ro\\\/hu\\\/categorie\\\/noutati\\\/noutati-trupa-iosif-vulcan\\\/#listItem\",\"name\":\"Nout\\u0103\\u021bi - Trupa Iosif Vulcan\"},\"previousItem\":{\"@type\":\"ListItem\",\"@id\":\"https:\\\/\\\/www.teatrulreginamaria.ro\\\/hu#listItem\",\"name\":\"Home\"}},{\"@type\":\"ListItem\",\"@id\":\"https:\\\/\\\/www.teatrulreginamaria.ro\\\/hu\\\/categorie\\\/noutati\\\/noutati-trupa-iosif-vulcan\\\/#listItem\",\"position\":3,\"name\":\"Nout\\u0103\\u021bi - Trupa Iosif Vulcan\",\"item\":\"https:\\\/\\\/www.teatrulreginamaria.ro\\\/hu\\\/categorie\\\/noutati\\\/noutati-trupa-iosif-vulcan\\\/\",\"nextItem\":{\"@type\":\"ListItem\",\"@id\":\"https:\\\/\\\/www.teatrulreginamaria.ro\\\/hu\\\/gala-premiilor-uniter-2016-la-oradea\\\/#listItem\",\"name\":\"GALA PREMIILOR UNITER 2016, LA ORADEA!\"},\"previousItem\":{\"@type\":\"ListItem\",\"@id\":\"https:\\\/\\\/www.teatrulreginamaria.ro\\\/hu\\\/categorie\\\/noutati\\\/#listItem\",\"name\":\"Nout\\u0103\\u021bi\"}},{\"@type\":\"ListItem\",\"@id\":\"https:\\\/\\\/www.teatrulreginamaria.ro\\\/hu\\\/gala-premiilor-uniter-2016-la-oradea\\\/#listItem\",\"position\":4,\"name\":\"GALA PREMIILOR UNITER 2016, LA ORADEA!\",\"previousItem\":{\"@type\":\"ListItem\",\"@id\":\"https:\\\/\\\/www.teatrulreginamaria.ro\\\/hu\\\/categorie\\\/noutati\\\/noutati-trupa-iosif-vulcan\\\/#listItem\",\"name\":\"Nout\\u0103\\u021bi - Trupa Iosif Vulcan\"}}]},{\"@type\":\"Organization\",\"@id\":\"https:\\\/\\\/www.teatrulreginamaria.ro\\\/hu\\\/#organization\",\"name\":\"Teatrul Regina Maria Oradea\",\"description\":\"Trupa Iosif Vulcan \\u0219i Trupa Arcadia\",\"url\":\"https:\\\/\\\/www.teatrulreginamaria.ro\\\/hu\\\/\",\"email\":\"marketing@teatrulreginamaria.ro\",\"telephone\":\"+40359411534\",\"numberOfEmployees\":{\"@type\":\"QuantitativeValue\",\"minValue\":0,\"maxValue\":150},\"logo\":{\"@type\":\"ImageObject\",\"url\":\"https:\\\/\\\/www.teatrulreginamaria.ro\\\/wp-content\\\/uploads\\\/2025\\\/06\\\/logo-trm-01-dark.png\",\"@id\":\"https:\\\/\\\/www.teatrulreginamaria.ro\\\/hu\\\/gala-premiilor-uniter-2016-la-oradea\\\/#organizationLogo\",\"width\":300,\"height\":148},\"image\":{\"@id\":\"https:\\\/\\\/www.teatrulreginamaria.ro\\\/hu\\\/gala-premiilor-uniter-2016-la-oradea\\\/#organizationLogo\"},\"sameAs\":[\"https:\\\/\\\/www.facebook.com\\\/TRMTrupaIosifVulcan\\\/\",\"https:\\\/\\\/x.com\\\/TRMOradea\",\"https:\\\/\\\/www.instagram.com\\\/teatrul_regina_maria\\\/\",\"https:\\\/\\\/www.youtube.com\\\/c\\\/TeatrulReginaMariaOradea\",\"https:\\\/\\\/www.linkedin.com\\\/company\\\/teatrul-regina-maria\"]},{\"@type\":\"Person\",\"@id\":\"https:\\\/\\\/www.teatrulreginamaria.ro\\\/hu\\\/author\\\/w3bmaster\\\/#author\",\"url\":\"https:\\\/\\\/www.teatrulreginamaria.ro\\\/hu\\\/author\\\/w3bmaster\\\/\",\"name\":\"Teatrul Regina Maria\",\"image\":{\"@type\":\"ImageObject\",\"@id\":\"https:\\\/\\\/www.teatrulreginamaria.ro\\\/hu\\\/gala-premiilor-uniter-2016-la-oradea\\\/#authorImage\",\"url\":\"https:\\\/\\\/secure.gravatar.com\\\/avatar\\\/5884139d508ae3f0bafe45e60563b48a9640146d3b08ccc6278c305ff9329305?s=96&d=mm&r=g\",\"width\":96,\"height\":96,\"caption\":\"Teatrul Regina Maria\"}},{\"@type\":\"WebPage\",\"@id\":\"https:\\\/\\\/www.teatrulreginamaria.ro\\\/hu\\\/gala-premiilor-uniter-2016-la-oradea\\\/#webpage\",\"url\":\"https:\\\/\\\/www.teatrulreginamaria.ro\\\/hu\\\/gala-premiilor-uniter-2016-la-oradea\\\/\",\"name\":\"GALA PREMIILOR UNITER 2016, LA ORADEA! - Teatrul Regina Maria Oradea\",\"description\":\"Teatrul Regina Maria are onoarea de a anun\\u0163a c\\u0103 va fi gazda Galei premiilor UNITER 2016. Hot\\u0103r\\u00e2rea UNITER a fost luat\\u0103 dup\\u0103 ce conducerea Teatrului Regina Maria \\u015fi-a ar\\u0103tat disponibilitatea de a organiza gala \\u015fi \\u015fi-a depus candidatura. Demersurile au \\u00eenceput \\u00een anul 2013, c\\u00e2nd Teatrul Regina Maria a preg\\u0103tit documenta\\u0163ia necesar\\u0103. O condi\\u0163ie \\u00een\",\"inLanguage\":\"hu-HU\",\"isPartOf\":{\"@id\":\"https:\\\/\\\/www.teatrulreginamaria.ro\\\/hu\\\/#website\"},\"breadcrumb\":{\"@id\":\"https:\\\/\\\/www.teatrulreginamaria.ro\\\/hu\\\/gala-premiilor-uniter-2016-la-oradea\\\/#breadcrumblist\"},\"author\":{\"@id\":\"https:\\\/\\\/www.teatrulreginamaria.ro\\\/hu\\\/author\\\/w3bmaster\\\/#author\"},\"creator\":{\"@id\":\"https:\\\/\\\/www.teatrulreginamaria.ro\\\/hu\\\/author\\\/w3bmaster\\\/#author\"},\"datePublished\":\"2015-05-26T11:12:10+03:00\",\"dateModified\":\"2015-05-26T11:12:10+03:00\"},{\"@type\":\"WebSite\",\"@id\":\"https:\\\/\\\/www.teatrulreginamaria.ro\\\/hu\\\/#website\",\"url\":\"https:\\\/\\\/www.teatrulreginamaria.ro\\\/hu\\\/\",\"name\":\"Teatrul Regina Maria Oradea\",\"alternateName\":\"TRM Oradea\",\"description\":\"Trupa Iosif Vulcan \\u0219i Trupa Arcadia\",\"inLanguage\":\"hu-HU\",\"publisher\":{\"@id\":\"https:\\\/\\\/www.teatrulreginamaria.ro\\\/hu\\\/#organization\"}}]}\n\t\t<\/script>\n\t\t<!-- All in One SEO Pro -->\r\n\t\t<title>GALA PREMIILOR UNITER 2016, LA ORADEA! - Teatrul Regina Maria Oradea<\/title>\n\n","aioseo_head_json":{"title":"UNITER D\u00cdJAK G\u00c1LA 2016, NAGYV\u00c1RADON! - Nagyv\u00e1radi Regina M\u00e1ria Sz\u00ednh\u00e1z","description":"A Regina Maria Sz\u00ednh\u00e1z b\u00fcszk\u00e9n jelenti be, hogy 2016-ban otthont ad az UNITER D\u00edj\u00e1tad\u00f3 G\u00e1l\u00e1nak. Az UNITER d\u00f6nt\u00e9s\u00e9t azut\u00e1n hozt\u00e1k meg, hogy a Regina Maria Sz\u00ednh\u00e1z vezet\u0151s\u00e9ge kifejezte sz\u00e1nd\u00e9k\u00e1t a g\u00e1la megszervez\u00e9s\u00e9re, \u00e9s beny\u00fajtotta jel\u00f6lts\u00e9g\u00e9t. A folyamat 2013-ban kezd\u0151d\u00f6tt, amikor a Regina Maria Sz\u00ednh\u00e1z elk\u00e9sz\u00edtette a sz\u00fcks\u00e9ges dokument\u00e1ci\u00f3t. A felt\u00e9tel az volt, hogy...","canonical_url":"https:\/\/www.teatrulreginamaria.ro\/hu\/gala-premiilor-uniter-2016-la-oradea\/","robots":"max-image-preview:large","keywords":"","webmasterTools":{"miscellaneous":""},"schema":{"@context":"https:\/\/schema.org","@graph":[{"@type":"BlogPosting","@id":"https:\/\/www.teatrulreginamaria.ro\/hu\/gala-premiilor-uniter-2016-la-oradea\/#blogposting","name":"GALA PREMIILOR UNITER 2016, LA ORADEA! - Teatrul Regina Maria Oradea","headline":"GALA PREMIILOR UNITER 2016, LA ORADEA!","author":{"@id":"https:\/\/www.teatrulreginamaria.ro\/hu\/author\/w3bmaster\/#author"},"publisher":{"@id":"https:\/\/www.teatrulreginamaria.ro\/hu\/#organization"},"image":{"@type":"ImageObject","url":"https:\/\/www.teatrulreginamaria.ro\/wp-content\/uploads\/2025\/06\/logo-trm-01-dark.png","@id":"https:\/\/www.teatrulreginamaria.ro\/hu\/#articleImage","width":300,"height":148},"datePublished":"2015-05-26T11:12:10+03:00","dateModified":"2015-05-26T11:12:10+03:00","inLanguage":"hu-HU","mainEntityOfPage":{"@id":"https:\/\/www.teatrulreginamaria.ro\/hu\/gala-premiilor-uniter-2016-la-oradea\/#webpage"},"isPartOf":{"@id":"https:\/\/www.teatrulreginamaria.ro\/hu\/gala-premiilor-uniter-2016-la-oradea\/#webpage"},"articleSection":"Nout\u0103\u021bi - Trupa Iosif Vulcan"},{"@type":"BreadcrumbList","@id":"https:\/\/www.teatrulreginamaria.ro\/hu\/gala-premiilor-uniter-2016-la-oradea\/#breadcrumblist","itemListElement":[{"@type":"ListItem","@id":"https:\/\/www.teatrulreginamaria.ro\/hu#listItem","position":1,"name":"Home","item":"https:\/\/www.teatrulreginamaria.ro\/hu","nextItem":{"@type":"ListItem","@id":"https:\/\/www.teatrulreginamaria.ro\/hu\/categorie\/noutati\/#listItem","name":"Nout\u0103\u021bi"}},{"@type":"ListItem","@id":"https:\/\/www.teatrulreginamaria.ro\/hu\/categorie\/noutati\/#listItem","position":2,"name":"Nout\u0103\u021bi","item":"https:\/\/www.teatrulreginamaria.ro\/hu\/categorie\/noutati\/","nextItem":{"@type":"ListItem","@id":"https:\/\/www.teatrulreginamaria.ro\/hu\/categorie\/noutati\/noutati-trupa-iosif-vulcan\/#listItem","name":"Nout\u0103\u021bi - Trupa Iosif Vulcan"},"previousItem":{"@type":"ListItem","@id":"https:\/\/www.teatrulreginamaria.ro\/hu#listItem","name":"Home"}},{"@type":"ListItem","@id":"https:\/\/www.teatrulreginamaria.ro\/hu\/categorie\/noutati\/noutati-trupa-iosif-vulcan\/#listItem","position":3,"name":"Nout\u0103\u021bi - Trupa Iosif Vulcan","item":"https:\/\/www.teatrulreginamaria.ro\/hu\/categorie\/noutati\/noutati-trupa-iosif-vulcan\/","nextItem":{"@type":"ListItem","@id":"https:\/\/www.teatrulreginamaria.ro\/hu\/gala-premiilor-uniter-2016-la-oradea\/#listItem","name":"GALA PREMIILOR UNITER 2016, LA ORADEA!"},"previousItem":{"@type":"ListItem","@id":"https:\/\/www.teatrulreginamaria.ro\/hu\/categorie\/noutati\/#listItem","name":"Nout\u0103\u021bi"}},{"@type":"ListItem","@id":"https:\/\/www.teatrulreginamaria.ro\/hu\/gala-premiilor-uniter-2016-la-oradea\/#listItem","position":4,"name":"GALA PREMIILOR UNITER 2016, LA ORADEA!","previousItem":{"@type":"ListItem","@id":"https:\/\/www.teatrulreginamaria.ro\/hu\/categorie\/noutati\/noutati-trupa-iosif-vulcan\/#listItem","name":"Nout\u0103\u021bi - Trupa Iosif Vulcan"}}]},{"@type":"Organization","@id":"https:\/\/www.teatrulreginamaria.ro\/hu\/#organization","name":"Teatrul Regina Maria Oradea","description":"Trupa Iosif Vulcan \u0219i Trupa Arcadia","url":"https:\/\/www.teatrulreginamaria.ro\/hu\/","email":"marketing@teatrulreginamaria.ro","telephone":"+40359411534","numberOfEmployees":{"@type":"QuantitativeValue","minValue":0,"maxValue":150},"logo":{"@type":"ImageObject","url":"https:\/\/www.teatrulreginamaria.ro\/wp-content\/uploads\/2025\/06\/logo-trm-01-dark.png","@id":"https:\/\/www.teatrulreginamaria.ro\/hu\/gala-premiilor-uniter-2016-la-oradea\/#organizationLogo","width":300,"height":148},"image":{"@id":"https:\/\/www.teatrulreginamaria.ro\/hu\/gala-premiilor-uniter-2016-la-oradea\/#organizationLogo"},"sameAs":["https:\/\/www.facebook.com\/TRMTrupaIosifVulcan\/","https:\/\/x.com\/TRMOradea","https:\/\/www.instagram.com\/teatrul_regina_maria\/","https:\/\/www.youtube.com\/c\/TeatrulReginaMariaOradea","https:\/\/www.linkedin.com\/company\/teatrul-regina-maria"]},{"@type":"Person","@id":"https:\/\/www.teatrulreginamaria.ro\/hu\/author\/w3bmaster\/#author","url":"https:\/\/www.teatrulreginamaria.ro\/hu\/author\/w3bmaster\/","name":"Teatrul Regina Maria","image":{"@type":"ImageObject","@id":"https:\/\/www.teatrulreginamaria.ro\/hu\/gala-premiilor-uniter-2016-la-oradea\/#authorImage","url":"https:\/\/secure.gravatar.com\/avatar\/5884139d508ae3f0bafe45e60563b48a9640146d3b08ccc6278c305ff9329305?s=96&d=mm&r=g","width":96,"height":96,"caption":"Teatrul Regina Maria"}},{"@type":"WebPage","@id":"https:\/\/www.teatrulreginamaria.ro\/hu\/gala-premiilor-uniter-2016-la-oradea\/#webpage","url":"https:\/\/www.teatrulreginamaria.ro\/hu\/gala-premiilor-uniter-2016-la-oradea\/","name":"GALA PREMIILOR UNITER 2016, LA ORADEA! - Teatrul Regina Maria Oradea","description":"Teatrul Regina Maria are onoarea de a anun\u0163a c\u0103 va fi gazda Galei premiilor UNITER 2016. Hot\u0103r\u00e2rea UNITER a fost luat\u0103 dup\u0103 ce conducerea Teatrului Regina Maria \u015fi-a ar\u0103tat disponibilitatea de a organiza gala \u015fi \u015fi-a depus candidatura. Demersurile au \u00eenceput \u00een anul 2013, c\u00e2nd Teatrul Regina Maria a preg\u0103tit documenta\u0163ia necesar\u0103. O condi\u0163ie \u00een","inLanguage":"hu-HU","isPartOf":{"@id":"https:\/\/www.teatrulreginamaria.ro\/hu\/#website"},"breadcrumb":{"@id":"https:\/\/www.teatrulreginamaria.ro\/hu\/gala-premiilor-uniter-2016-la-oradea\/#breadcrumblist"},"author":{"@id":"https:\/\/www.teatrulreginamaria.ro\/hu\/author\/w3bmaster\/#author"},"creator":{"@id":"https:\/\/www.teatrulreginamaria.ro\/hu\/author\/w3bmaster\/#author"},"datePublished":"2015-05-26T11:12:10+03:00","dateModified":"2015-05-26T11:12:10+03:00"},{"@type":"WebSite","@id":"https:\/\/www.teatrulreginamaria.ro\/hu\/#website","url":"https:\/\/www.teatrulreginamaria.ro\/hu\/","name":"Teatrul Regina Maria Oradea","alternateName":"TRM Oradea","description":"Trupa Iosif Vulcan \u0219i Trupa Arcadia","inLanguage":"hu-HU","publisher":{"@id":"https:\/\/www.teatrulreginamaria.ro\/hu\/#organization"}}]},"og:locale":"hu_HU","og:site_name":"Teatrul Regina Maria Oradea - Trupa Iosif Vulcan \u0219i Trupa Arcadia","og:type":"article","og:title":"GALA PREMIILOR UNITER 2016, LA ORADEA! - Teatrul Regina Maria Oradea","og:description":"Teatrul Regina Maria are onoarea de a anun\u0163a c\u0103 va fi gazda Galei premiilor UNITER 2016. Hot\u0103r\u00e2rea UNITER a fost luat\u0103 dup\u0103 ce conducerea Teatrului Regina Maria \u015fi-a ar\u0103tat disponibilitatea de a organiza gala \u015fi \u015fi-a depus candidatura. Demersurile au \u00eenceput \u00een anul 2013, c\u00e2nd Teatrul Regina Maria a preg\u0103tit documenta\u0163ia necesar\u0103. O condi\u0163ie \u00een","og:url":"https:\/\/www.teatrulreginamaria.ro\/hu\/gala-premiilor-uniter-2016-la-oradea\/","og:image":"https:\/\/www.teatrulreginamaria.ro\/wp-content\/uploads\/2025\/03\/trm-istoric-01.jpg","og:image:secure_url":"https:\/\/www.teatrulreginamaria.ro\/wp-content\/uploads\/2025\/03\/trm-istoric-01.jpg","og:image:width":1200,"og:image:height":800,"article:published_time":"2015-05-26T11:12:10+00:00","article:modified_time":"2015-05-26T11:12:10+00:00","article:publisher":"https:\/\/www.facebook.com\/TRMTrupaIosifVulcan\/","twitter:card":"summary_large_image","twitter:site":"@TRMOradea","twitter:title":"GALA PREMIILOR UNITER 2016, LA ORADEA! - Teatrul Regina Maria Oradea","twitter:description":"Teatrul Regina Maria are onoarea de a anun\u0163a c\u0103 va fi gazda Galei premiilor UNITER 2016. Hot\u0103r\u00e2rea UNITER a fost luat\u0103 dup\u0103 ce conducerea Teatrului Regina Maria \u015fi-a ar\u0103tat disponibilitatea de a organiza gala \u015fi \u015fi-a depus candidatura. Demersurile au \u00eenceput \u00een anul 2013, c\u00e2nd Teatrul Regina Maria a preg\u0103tit documenta\u0163ia necesar\u0103. O condi\u0163ie \u00een","twitter:creator":"@TRMOradea","twitter:image":"https:\/\/www.teatrulreginamaria.ro\/wp-content\/uploads\/2025\/03\/trm-istoric-01.jpg"},"aioseo_meta_data":{"post_id":"1101","title":null,"description":null,"keywords":null,"keyphrases":null,"primary_term":null,"canonical_url":null,"og_title":null,"og_description":null,"og_object_type":"default","og_image_type":"default","og_image_url":null,"og_image_width":null,"og_image_height":null,"og_image_custom_url":null,"og_image_custom_fields":null,"og_video":null,"og_custom_url":null,"og_article_section":null,"og_article_tags":null,"twitter_use_og":false,"twitter_card":"default","twitter_image_type":"default","twitter_image_url":null,"twitter_image_custom_url":null,"twitter_image_custom_fields":null,"twitter_title":null,"twitter_description":null,"schema":{"blockGraphs":[],"customGraphs":[],"default":{"data":{"Article":[],"Course":[],"Dataset":[],"FAQPage":[],"Movie":[],"Person":[],"Product":[],"ProductReview":[],"Car":[],"Recipe":[],"Service":[],"SoftwareApplication":[],"WebPage":[]},"graphName":"","isEnabled":true},"graphs":[]},"schema_type":"default","schema_type_options":null,"pillar_content":false,"robots_default":true,"robots_noindex":false,"robots_noarchive":false,"robots_nosnippet":false,"robots_nofollow":false,"robots_noimageindex":false,"robots_noodp":false,"robots_notranslate":false,"robots_max_snippet":null,"robots_max_videopreview":null,"robots_max_imagepreview":"large","priority":null,"frequency":null,"local_seo":null,"seo_analyzer_scan_date":"2026-05-13 00:46:01","breadcrumb_settings":null,"limit_modified_date":false,"reviewed_by":null,"open_ai":null,"ai":null,"created":"2025-04-09 17:40:56","updated":"2026-05-13 00:46:01","focus_keyword":null,"additional_keywords":null,"truseo_locale":null},"aioseo_breadcrumb":"<div class=\"aioseo-breadcrumbs\"><span class=\"aioseo-breadcrumb\">\n\t<a href=\"https:\/\/www.teatrulreginamaria.ro\/hu\" title=\"Home\">Home<\/a>\n<\/span><span class=\"aioseo-breadcrumb-separator\">&raquo;<\/span><span class=\"aioseo-breadcrumb\">\n\t<a href=\"https:\/\/www.teatrulreginamaria.ro\/hu\/categorie\/noutati\/\" title=\"Nout\u0103\u021bi\">Nout\u0103\u021bi<\/a>\n<\/span><span class=\"aioseo-breadcrumb-separator\">&raquo;<\/span><span class=\"aioseo-breadcrumb\">\n\t<a href=\"https:\/\/www.teatrulreginamaria.ro\/hu\/categorie\/noutati\/noutati-trupa-iosif-vulcan\/\" title=\"Nout\u0103\u021bi - Trupa Iosif Vulcan\">Nout\u0103\u021bi - Trupa Iosif Vulcan<\/a>\n<\/span><span class=\"aioseo-breadcrumb-separator\">&raquo;<\/span><span class=\"aioseo-breadcrumb\">\n\tGALA PREMIILOR UNITER 2016, LA ORADEA!\n<\/span><\/div>","aioseo_breadcrumb_json":[{"label":"Home","link":"https:\/\/www.teatrulreginamaria.ro\/hu"},{"label":"Nout\u0103\u021bi","link":"https:\/\/www.teatrulreginamaria.ro\/hu\/categorie\/noutati\/"},{"label":"Nout\u0103\u021bi - Trupa Iosif Vulcan","link":"https:\/\/www.teatrulreginamaria.ro\/hu\/categorie\/noutati\/noutati-trupa-iosif-vulcan\/"},{"label":"GALA PREMIILOR UNITER 2016, LA ORADEA!","link":"https:\/\/www.teatrulreginamaria.ro\/hu\/gala-premiilor-uniter-2016-la-oradea\/"}],"acf":[],"_links":{"self":[{"href":"https:\/\/www.teatrulreginamaria.ro\/hu\/wp-json\/wp\/v2\/posts\/1101","targetHints":{"allow":["GET"]}}],"collection":[{"href":"https:\/\/www.teatrulreginamaria.ro\/hu\/wp-json\/wp\/v2\/posts"}],"about":[{"href":"https:\/\/www.teatrulreginamaria.ro\/hu\/wp-json\/wp\/v2\/types\/post"}],"author":[{"embeddable":true,"href":"https:\/\/www.teatrulreginamaria.ro\/hu\/wp-json\/wp\/v2\/users\/6"}],"replies":[{"embeddable":true,"href":"https:\/\/www.teatrulreginamaria.ro\/hu\/wp-json\/wp\/v2\/comments?post=1101"}],"version-history":[{"count":0,"href":"https:\/\/www.teatrulreginamaria.ro\/hu\/wp-json\/wp\/v2\/posts\/1101\/revisions"}],"wp:attachment":[{"href":"https:\/\/www.teatrulreginamaria.ro\/hu\/wp-json\/wp\/v2\/media?parent=1101"}],"wp:term":[{"taxonomy":"category","embeddable":true,"href":"https:\/\/www.teatrulreginamaria.ro\/hu\/wp-json\/wp\/v2\/categories?post=1101"},{"taxonomy":"post_tag","embeddable":true,"href":"https:\/\/www.teatrulreginamaria.ro\/hu\/wp-json\/wp\/v2\/tags?post=1101"}],"curies":[{"name":"munkaf\u00fczet","href":"https:\/\/api.w.org\/{rel}","templated":true}]}}