{"id":1110,"date":"2015-09-04T08:07:28","date_gmt":"2015-09-04T08:07:28","guid":{"rendered":"https:\/\/teatrulreginamaria.ro\/2015\/09\/04\/prima-premiera-a-stagiunii-seara-de-ajun\/"},"modified":"2015-09-04T08:07:28","modified_gmt":"2015-09-04T08:07:28","slug":"az-evad-elso-premierje-eloestejen","status":"publish","type":"post","link":"https:\/\/www.teatrulreginamaria.ro\/hu\/prima-premiera-a-stagiunii-seara-de-ajun\/","title":{"rendered":"AZ \u00c9VAD ELS\u0150 PREMIERJE \u2013 AJUN ESTJE"},"content":{"rendered":"<p style=\"text-align: justify;\" align=\"center\"><a href=\"https:\/\/www.teatrulreginamaria.ro\/hu\/zenekar-josif-vulcan\/files\/2015\/09\/elf.jpg\/\"><\/a>A &quot;Regina Maria&quot; Sz\u00ednh\u00e1z szeretettel megh\u00edvja \u00d6nt a &quot;Seara de ajun&quot; c\u00edm\u0171 el\u0151ad\u00e1s premierj\u00e9re, amelyre szeptember 8-\u00e1n, kedden 19 \u00f3rakor ker\u00fcl sor a Moara de R\u0103s\u0103ritban. Anthony Neilson kort\u00e1rs sz\u00f6veg\u00e9t, a &quot;Seara de ajun&quot;-t Ovidiu Cai\u0163a rendez\u0151 \u00e1ll\u00edtja sz\u00ednpadra, aki m\u00e1r m\u00e1sodik egy\u00fcttm\u0171k\u00f6d\u00e9se a sz\u00ednh\u00e1zzal. Az els\u0151 itt megval\u00f3s\u00edtott projekt a 2011-2012-es \u00e9vadban bemutatott BILOXI BLUES c\u00edm\u0171 el\u0151ad\u00e1s volt, amely rendk\u00edv\u00fcli sikert aratott.<\/p>\n<p><!--more--><\/p>\n<p style=\"text-align: justify;\">A dr\u00e1mai sz\u00f6veg szerz\u0151je,<strong> Anthony Neilson <\/strong>(sz\u00fcletett 1967-ben Edinburgh-ben) sk\u00f3t dr\u00e1ma\u00edr\u00f3 \u00e9s rendez\u0151, akit a kort\u00e1rs sz\u00ednh\u00e1z zsigeri erej\u00e9nek tekintenek. A dolgokat a nev\u00e9n nevez\u0151 sz\u00ednh\u00e1z h\u00edvek\u00e9nt provokat\u00edv darabokat \u00e9s el\u0151ad\u00e1sokat alkotott, olyan t\u00e9m\u00e1kat dolgozva fel, mint a szex, az er\u0151szak \u00e9s a ment\u00e1lis betegs\u00e9gek.<\/p>\n<p style=\"text-align: justify;\">\u201eA kar\u00e1csony el\u0151tti \u00e9jszaka\u201d egy fergeteges antipantomim, amely a kar\u00e1csonyi \u00fcnnephez kapcsol\u00f3d\u00f3 kereskedelmi klis\u00e9k \u2013 aj\u00e1nd\u00e9kok, j\u00e1t\u00e9kok, man\u00f3k, f\u00e9nyek, var\u00e1zspor, k\u00edv\u00e1ns\u00e1gok \u2013 \u00fcr\u00fcgy\u00e9n kiindulva egy, az \u00fcnnep l\u00e1tsz\u00f3lagos var\u00e1zs\u00e1t\u00f3l elt\u00e9r\u0151 val\u00f3s\u00e1gba hatol be, nevezetesen a ki\u00e1br\u00e1ndult emberek val\u00f3s\u00e1g\u00e1ba, akik a hit\u00fck \u00e9s az \u00e1lmaik\u00e9rt val\u00f3 k\u00fczdelem v\u00e1gy\u00e1nak teljes elveszt\u00e9s\u00e9nek sz\u00e9l\u00e9n \u00e1llnak. Egy ilyen val\u00f3s\u00e1gban a kar\u00e1csony demisztifik\u00e1l\u00f3dik, megfoszt\u00f3dik m\u00e1gikus h\u00e1tter\u00e9t\u0151l, \u00e9s csak kereskedelmi form\u00e1j\u00e1t \u0151rzi meg. Emiatt egy (lehets\u00e9ges) man\u00f3 megjelen\u00e9se eg\u00e9sz vit\u00e1t v\u00e1lt ki. Az eg\u00e9sz konfliktus a csod\u00e1latos betolakod\u00f3 kil\u00e9t\u00e9nek bizonytalans\u00e1ga k\u00f6r\u00fcl forog: \u0151-e, vagy a Mikul\u00e1s man\u00f3ja? M\u00e1sr\u00e9szt felmer\u00fcl a k\u00e9rd\u00e9s, hogy vajon a h\u00e1rom ember \u2013 a j\u00e1t\u00e9kbolt tulajdonosa, Gary, szkeptikus bar\u00e1tja, Simon \u00e9s a prostitu\u00e1lt, Cherry \u2013 visszanyeri-e rem\u00e9ny\u00e9t.<\/p>\n<p style=\"text-align: justify;\">A st\u00e1bban a k\u00f6vetkez\u0151 sz\u00edn\u00e9szek szerepelnek: R\u0103zvan Vicoveanu, Alin Stanciu, Andrei Sab\u0103u \u00e9s Mihaela Gherdan. Az el\u0151ad\u00e1s k\u00f6vetkez\u0151 el\u0151ad\u00e1sa szeptember 10-\u00e9n, cs\u00fct\u00f6rt\u00f6k\u00f6n 19:00 \u00f3rakor lesz Moara R\u0103s\u0103ritban.<\/p>\n<p style=\"text-align: justify;\">A jegyek h\u00e9tf\u0151t\u0151l p\u00e9ntekig 10:00 \u00e9s 16:00 \u00f3ra k\u00f6z\u00f6tt, szombaton \u00e9s vas\u00e1rnap 10:00 \u00e9s 13:00 \u00f3ra k\u00f6z\u00f6tt kaphat\u00f3k a sz\u00ednh\u00e1z Jegyirod\u00e1j\u00e1ban, valamint online a ... c\u00edmen. <span style=\"color: #ff0000;\"><a href=\"http:\/\/www.biletmaster.ro\/\"><span style=\"color: #ff0000;\">www.biletmaster.ro<\/span><\/a><\/span>. Szeptember 1-j\u00e9t\u0151l a Jegyiroda visszat\u00e9r a szok\u00e1sos nyitvatart\u00e1si idej\u00e9hez, nevezetesen: h\u00e9tf\u0151t\u0151l p\u00e9ntekig 10:00 \u00e9s 19:00 \u00f3ra k\u00f6z\u00f6tt, h\u00e9tv\u00e9g\u00e9n pedig 10:00 \u00e9s 13:00 \u00f3ra k\u00f6z\u00f6tt. Tov\u00e1bbi inform\u00e1ci\u00f3\u00e9rt \u00e9s jegyfoglal\u00e1s\u00e9rt k\u00e9rj\u00fck, h\u00edvja a 0259\/440.742-es telefonsz\u00e1mot.<\/p>\n<p style=\"text-align: justify;\">V\u00e1runk a sz\u00ednh\u00e1zban!<\/p>","protected":false},"excerpt":{"rendered":"<p>Teatrul \u201eRegina Maria\u201d v\u0103 invit\u0103 la premiera spectacolului \u201eSeara de ajun\u201d, care va avea loc mar\u0163i, 8 septembrie, de la ora 19:00, la Moara de R\u0103s\u0103rit. \u201eSeara de ajun\u201d, un text contemporan de Anthony Neilson, este pus \u00een scen\u0103 de regizorul Ovidiu Cai\u0163a, care se afl\u0103 la cea de-a doua colaborare cu teatrul, primul proiect [&hellip;]<\/p>\n","protected":false},"author":6,"featured_media":0,"comment_status":"open","ping_status":"open","sticky":false,"template":"","format":"standard","meta":{"_acf_changed":false,"footnotes":""},"categories":[22],"tags":[],"class_list":["post-1110","post","type-post","status-publish","format-standard","hentry","category-noutati-trupa-iosif-vulcan"],"aioseo_notices":[],"aioseo_head":"\n\t\t<!-- All in One SEO Pro 5.0.1.1 - aioseo.com -->\n\t<meta name=\"description\" content=\"Teatrul \u201eRegina Maria\u201d v\u0103 invit\u0103 la premiera spectacolului \u201eSeara de ajun\u201d, care va avea loc mar\u0163i, 8 septembrie, de la ora 19:00, la Moara de R\u0103s\u0103rit. \u201eSeara de ajun\u201d, un text contemporan de Anthony Neilson, este pus \u00een scen\u0103 de regizorul Ovidiu Cai\u0163a, care se afl\u0103 la cea de-a doua colaborare cu teatrul, primul proiect\" \/>\n\t<meta name=\"robots\" content=\"max-image-preview:large\" \/>\n\t<meta name=\"author\" content=\"Teatrul Regina Maria\"\/>\n\t<link rel=\"canonical\" href=\"https:\/\/www.teatrulreginamaria.ro\/hu\/prima-premiera-a-stagiunii-seara-de-ajun\/\" \/>\n\t<meta name=\"generator\" content=\"All in One SEO Pro (AIOSEO) 5.0.1.1\" \/>\n\t\t<meta property=\"og:locale\" content=\"hu_HU\" \/>\n\t\t<meta property=\"og:site_name\" content=\"Teatrul Regina Maria Oradea - Trupa Iosif Vulcan \u0219i Trupa Arcadia\" \/>\n\t\t<meta property=\"og:type\" content=\"article\" \/>\n\t\t<meta property=\"og:title\" content=\"PRIMA PREMIER\u0102 A STAGIUNII \u2013 SEARA DE AJUN - Teatrul Regina Maria Oradea\" \/>\n\t\t<meta property=\"og:description\" content=\"Teatrul \u201eRegina Maria\u201d v\u0103 invit\u0103 la premiera spectacolului \u201eSeara de ajun\u201d, care va avea loc mar\u0163i, 8 septembrie, de la ora 19:00, la Moara de R\u0103s\u0103rit. \u201eSeara de ajun\u201d, un text contemporan de Anthony Neilson, este pus \u00een scen\u0103 de regizorul Ovidiu Cai\u0163a, care se afl\u0103 la cea de-a doua colaborare cu teatrul, primul proiect\" \/>\n\t\t<meta property=\"og:url\" content=\"https:\/\/www.teatrulreginamaria.ro\/hu\/prima-premiera-a-stagiunii-seara-de-ajun\/\" \/>\n\t\t<meta property=\"og:image\" content=\"https:\/\/www.teatrulreginamaria.ro\/wp-content\/uploads\/2025\/03\/trm-istoric-01.jpg\" \/>\n\t\t<meta property=\"og:image:secure_url\" content=\"https:\/\/www.teatrulreginamaria.ro\/wp-content\/uploads\/2025\/03\/trm-istoric-01.jpg\" \/>\n\t\t<meta property=\"og:image:width\" content=\"1200\" \/>\n\t\t<meta property=\"og:image:height\" content=\"800\" \/>\n\t\t<meta property=\"article:published_time\" content=\"2015-09-04T08:07:28+00:00\" \/>\n\t\t<meta property=\"article:modified_time\" content=\"2015-09-04T08:07:28+00:00\" \/>\n\t\t<meta property=\"article:publisher\" content=\"https:\/\/www.facebook.com\/TRMTrupaIosifVulcan\/\" \/>\n\t\t<meta name=\"twitter:card\" content=\"summary_large_image\" \/>\n\t\t<meta name=\"twitter:site\" content=\"@TRMOradea\" \/>\n\t\t<meta name=\"twitter:title\" content=\"PRIMA PREMIER\u0102 A STAGIUNII \u2013 SEARA DE AJUN - Teatrul Regina Maria Oradea\" \/>\n\t\t<meta name=\"twitter:description\" content=\"Teatrul \u201eRegina Maria\u201d v\u0103 invit\u0103 la premiera spectacolului \u201eSeara de ajun\u201d, care va avea loc mar\u0163i, 8 septembrie, de la ora 19:00, la Moara de R\u0103s\u0103rit. \u201eSeara de ajun\u201d, un text contemporan de Anthony Neilson, este pus \u00een scen\u0103 de regizorul Ovidiu Cai\u0163a, care se afl\u0103 la cea de-a doua colaborare cu teatrul, primul proiect\" \/>\n\t\t<meta name=\"twitter:creator\" content=\"@TRMOradea\" \/>\n\t\t<meta name=\"twitter:image\" content=\"https:\/\/www.teatrulreginamaria.ro\/wp-content\/uploads\/2025\/03\/trm-istoric-01.jpg\" \/>\n\t\t<script type=\"application\/ld+json\" class=\"aioseo-schema\">\n\t\t\t{\"@context\":\"https:\\\/\\\/schema.org\",\"@graph\":[{\"@type\":\"BlogPosting\",\"@id\":\"https:\\\/\\\/www.teatrulreginamaria.ro\\\/hu\\\/prima-premiera-a-stagiunii-seara-de-ajun\\\/#blogposting\",\"name\":\"PRIMA PREMIER\\u0102 A STAGIUNII \\u2013 SEARA DE AJUN - Teatrul Regina Maria Oradea\",\"headline\":\"PRIMA PREMIER\\u0102 A STAGIUNII &#8211; SEARA DE AJUN\",\"author\":{\"@id\":\"https:\\\/\\\/www.teatrulreginamaria.ro\\\/hu\\\/author\\\/w3bmaster\\\/#author\"},\"publisher\":{\"@id\":\"https:\\\/\\\/www.teatrulreginamaria.ro\\\/hu\\\/#organization\"},\"image\":{\"@type\":\"ImageObject\",\"url\":\"https:\\\/\\\/www.teatrulreginamaria.ro\\\/wp-content\\\/uploads\\\/2025\\\/06\\\/logo-trm-01-dark.png\",\"@id\":\"https:\\\/\\\/www.teatrulreginamaria.ro\\\/hu\\\/#articleImage\",\"width\":300,\"height\":148},\"datePublished\":\"2015-09-04T08:07:28+03:00\",\"dateModified\":\"2015-09-04T08:07:28+03:00\",\"inLanguage\":\"hu-HU\",\"mainEntityOfPage\":{\"@id\":\"https:\\\/\\\/www.teatrulreginamaria.ro\\\/hu\\\/prima-premiera-a-stagiunii-seara-de-ajun\\\/#webpage\"},\"isPartOf\":{\"@id\":\"https:\\\/\\\/www.teatrulreginamaria.ro\\\/hu\\\/prima-premiera-a-stagiunii-seara-de-ajun\\\/#webpage\"},\"articleSection\":\"Nout\\u0103\\u021bi - Trupa Iosif Vulcan\"},{\"@type\":\"BreadcrumbList\",\"@id\":\"https:\\\/\\\/www.teatrulreginamaria.ro\\\/hu\\\/prima-premiera-a-stagiunii-seara-de-ajun\\\/#breadcrumblist\",\"itemListElement\":[{\"@type\":\"ListItem\",\"@id\":\"https:\\\/\\\/www.teatrulreginamaria.ro\\\/hu#listItem\",\"position\":1,\"name\":\"Home\",\"item\":\"https:\\\/\\\/www.teatrulreginamaria.ro\\\/hu\",\"nextItem\":{\"@type\":\"ListItem\",\"@id\":\"https:\\\/\\\/www.teatrulreginamaria.ro\\\/hu\\\/categorie\\\/noutati\\\/#listItem\",\"name\":\"Nout\\u0103\\u021bi\"}},{\"@type\":\"ListItem\",\"@id\":\"https:\\\/\\\/www.teatrulreginamaria.ro\\\/hu\\\/categorie\\\/noutati\\\/#listItem\",\"position\":2,\"name\":\"Nout\\u0103\\u021bi\",\"item\":\"https:\\\/\\\/www.teatrulreginamaria.ro\\\/hu\\\/categorie\\\/noutati\\\/\",\"nextItem\":{\"@type\":\"ListItem\",\"@id\":\"https:\\\/\\\/www.teatrulreginamaria.ro\\\/hu\\\/categorie\\\/noutati\\\/noutati-trupa-iosif-vulcan\\\/#listItem\",\"name\":\"Nout\\u0103\\u021bi - Trupa Iosif Vulcan\"},\"previousItem\":{\"@type\":\"ListItem\",\"@id\":\"https:\\\/\\\/www.teatrulreginamaria.ro\\\/hu#listItem\",\"name\":\"Home\"}},{\"@type\":\"ListItem\",\"@id\":\"https:\\\/\\\/www.teatrulreginamaria.ro\\\/hu\\\/categorie\\\/noutati\\\/noutati-trupa-iosif-vulcan\\\/#listItem\",\"position\":3,\"name\":\"Nout\\u0103\\u021bi - Trupa Iosif Vulcan\",\"item\":\"https:\\\/\\\/www.teatrulreginamaria.ro\\\/hu\\\/categorie\\\/noutati\\\/noutati-trupa-iosif-vulcan\\\/\",\"nextItem\":{\"@type\":\"ListItem\",\"@id\":\"https:\\\/\\\/www.teatrulreginamaria.ro\\\/hu\\\/prima-premiera-a-stagiunii-seara-de-ajun\\\/#listItem\",\"name\":\"PRIMA PREMIER\\u0102 A STAGIUNII &#8211; SEARA DE AJUN\"},\"previousItem\":{\"@type\":\"ListItem\",\"@id\":\"https:\\\/\\\/www.teatrulreginamaria.ro\\\/hu\\\/categorie\\\/noutati\\\/#listItem\",\"name\":\"Nout\\u0103\\u021bi\"}},{\"@type\":\"ListItem\",\"@id\":\"https:\\\/\\\/www.teatrulreginamaria.ro\\\/hu\\\/prima-premiera-a-stagiunii-seara-de-ajun\\\/#listItem\",\"position\":4,\"name\":\"PRIMA PREMIER\\u0102 A STAGIUNII &#8211; SEARA DE AJUN\",\"previousItem\":{\"@type\":\"ListItem\",\"@id\":\"https:\\\/\\\/www.teatrulreginamaria.ro\\\/hu\\\/categorie\\\/noutati\\\/noutati-trupa-iosif-vulcan\\\/#listItem\",\"name\":\"Nout\\u0103\\u021bi - Trupa Iosif Vulcan\"}}]},{\"@type\":\"Organization\",\"@id\":\"https:\\\/\\\/www.teatrulreginamaria.ro\\\/hu\\\/#organization\",\"name\":\"Teatrul Regina Maria Oradea\",\"description\":\"Trupa Iosif Vulcan \\u0219i Trupa Arcadia\",\"url\":\"https:\\\/\\\/www.teatrulreginamaria.ro\\\/hu\\\/\",\"email\":\"marketing@teatrulreginamaria.ro\",\"telephone\":\"+40359411534\",\"numberOfEmployees\":{\"@type\":\"QuantitativeValue\",\"minValue\":0,\"maxValue\":150},\"logo\":{\"@type\":\"ImageObject\",\"url\":\"https:\\\/\\\/www.teatrulreginamaria.ro\\\/wp-content\\\/uploads\\\/2025\\\/06\\\/logo-trm-01-dark.png\",\"@id\":\"https:\\\/\\\/www.teatrulreginamaria.ro\\\/hu\\\/prima-premiera-a-stagiunii-seara-de-ajun\\\/#organizationLogo\",\"width\":300,\"height\":148},\"image\":{\"@id\":\"https:\\\/\\\/www.teatrulreginamaria.ro\\\/hu\\\/prima-premiera-a-stagiunii-seara-de-ajun\\\/#organizationLogo\"},\"sameAs\":[\"https:\\\/\\\/www.facebook.com\\\/TRMTrupaIosifVulcan\\\/\",\"https:\\\/\\\/x.com\\\/TRMOradea\",\"https:\\\/\\\/www.instagram.com\\\/teatrul_regina_maria\\\/\",\"https:\\\/\\\/www.youtube.com\\\/c\\\/TeatrulReginaMariaOradea\",\"https:\\\/\\\/www.linkedin.com\\\/company\\\/teatrul-regina-maria\"]},{\"@type\":\"Person\",\"@id\":\"https:\\\/\\\/www.teatrulreginamaria.ro\\\/hu\\\/author\\\/w3bmaster\\\/#author\",\"url\":\"https:\\\/\\\/www.teatrulreginamaria.ro\\\/hu\\\/author\\\/w3bmaster\\\/\",\"name\":\"Teatrul Regina Maria\",\"image\":{\"@type\":\"ImageObject\",\"@id\":\"https:\\\/\\\/www.teatrulreginamaria.ro\\\/hu\\\/prima-premiera-a-stagiunii-seara-de-ajun\\\/#authorImage\",\"url\":\"https:\\\/\\\/secure.gravatar.com\\\/avatar\\\/5884139d508ae3f0bafe45e60563b48a9640146d3b08ccc6278c305ff9329305?s=96&d=mm&r=g\",\"width\":96,\"height\":96,\"caption\":\"Teatrul Regina Maria\"}},{\"@type\":\"WebPage\",\"@id\":\"https:\\\/\\\/www.teatrulreginamaria.ro\\\/hu\\\/prima-premiera-a-stagiunii-seara-de-ajun\\\/#webpage\",\"url\":\"https:\\\/\\\/www.teatrulreginamaria.ro\\\/hu\\\/prima-premiera-a-stagiunii-seara-de-ajun\\\/\",\"name\":\"PRIMA PREMIER\\u0102 A STAGIUNII \\u2013 SEARA DE AJUN - Teatrul Regina Maria Oradea\",\"description\":\"Teatrul \\u201eRegina Maria\\u201d v\\u0103 invit\\u0103 la premiera spectacolului \\u201eSeara de ajun\\u201d, care va avea loc mar\\u0163i, 8 septembrie, de la ora 19:00, la Moara de R\\u0103s\\u0103rit. \\u201eSeara de ajun\\u201d, un text contemporan de Anthony Neilson, este pus \\u00een scen\\u0103 de regizorul Ovidiu Cai\\u0163a, care se afl\\u0103 la cea de-a doua colaborare cu teatrul, primul proiect\",\"inLanguage\":\"hu-HU\",\"isPartOf\":{\"@id\":\"https:\\\/\\\/www.teatrulreginamaria.ro\\\/hu\\\/#website\"},\"breadcrumb\":{\"@id\":\"https:\\\/\\\/www.teatrulreginamaria.ro\\\/hu\\\/prima-premiera-a-stagiunii-seara-de-ajun\\\/#breadcrumblist\"},\"author\":{\"@id\":\"https:\\\/\\\/www.teatrulreginamaria.ro\\\/hu\\\/author\\\/w3bmaster\\\/#author\"},\"creator\":{\"@id\":\"https:\\\/\\\/www.teatrulreginamaria.ro\\\/hu\\\/author\\\/w3bmaster\\\/#author\"},\"datePublished\":\"2015-09-04T08:07:28+03:00\",\"dateModified\":\"2015-09-04T08:07:28+03:00\"},{\"@type\":\"WebSite\",\"@id\":\"https:\\\/\\\/www.teatrulreginamaria.ro\\\/hu\\\/#website\",\"url\":\"https:\\\/\\\/www.teatrulreginamaria.ro\\\/hu\\\/\",\"name\":\"Teatrul Regina Maria Oradea\",\"alternateName\":\"TRM Oradea\",\"description\":\"Trupa Iosif Vulcan \\u0219i Trupa Arcadia\",\"inLanguage\":\"hu-HU\",\"publisher\":{\"@id\":\"https:\\\/\\\/www.teatrulreginamaria.ro\\\/hu\\\/#organization\"}}]}\n\t\t<\/script>\n\t\t<!-- All in One SEO Pro -->\r\n\t\t<title>PRIMA PREMIER\u0102 A STAGIUNII \u2013 SEARA DE AJUN - Teatrul Regina Maria Oradea<\/title>\n\n","aioseo_head_json":{"title":"AZ \u00c9VAD ELS\u0150 PREMIERJE \u2013 AJUN ESTJE - Regina Maria Sz\u00ednh\u00e1z, Nagyv\u00e1radi","description":"A Regina Maria Sz\u00ednh\u00e1z szeretettel megh\u00edvja \u00d6nt a &quot;Seara de ajun&quot; c\u00edm\u0171 el\u0151ad\u00e1s premierj\u00e9re, amely szeptember 8-\u00e1n, kedden 19 \u00f3rakor lesz a Moara de R\u0103s\u0103ritban. A &quot;Seara de ajun&quot; c\u00edm\u0171 darabot, Anthony Neilson kort\u00e1rs sz\u00f6veg\u00e9t, Ovidiu Cai\u0163a rendezte, aki ez a m\u00e1sodik egy\u00fcttm\u0171k\u00f6d\u00e9se a sz\u00ednh\u00e1zzal, \u00e9s az els\u0151 projektje.","canonical_url":"https:\/\/www.teatrulreginamaria.ro\/hu\/prima-premiera-a-stagiunii-seara-de-ajun\/","robots":"max-image-preview:large","keywords":"","webmasterTools":{"miscellaneous":""},"schema":{"@context":"https:\/\/schema.org","@graph":[{"@type":"BlogPosting","@id":"https:\/\/www.teatrulreginamaria.ro\/hu\/prima-premiera-a-stagiunii-seara-de-ajun\/#blogposting","name":"PRIMA PREMIER\u0102 A STAGIUNII \u2013 SEARA DE AJUN - Teatrul Regina Maria Oradea","headline":"PRIMA PREMIER\u0102 A STAGIUNII &#8211; SEARA DE AJUN","author":{"@id":"https:\/\/www.teatrulreginamaria.ro\/hu\/author\/w3bmaster\/#author"},"publisher":{"@id":"https:\/\/www.teatrulreginamaria.ro\/hu\/#organization"},"image":{"@type":"ImageObject","url":"https:\/\/www.teatrulreginamaria.ro\/wp-content\/uploads\/2025\/06\/logo-trm-01-dark.png","@id":"https:\/\/www.teatrulreginamaria.ro\/hu\/#articleImage","width":300,"height":148},"datePublished":"2015-09-04T08:07:28+03:00","dateModified":"2015-09-04T08:07:28+03:00","inLanguage":"hu-HU","mainEntityOfPage":{"@id":"https:\/\/www.teatrulreginamaria.ro\/hu\/prima-premiera-a-stagiunii-seara-de-ajun\/#webpage"},"isPartOf":{"@id":"https:\/\/www.teatrulreginamaria.ro\/hu\/prima-premiera-a-stagiunii-seara-de-ajun\/#webpage"},"articleSection":"Nout\u0103\u021bi - Trupa Iosif Vulcan"},{"@type":"BreadcrumbList","@id":"https:\/\/www.teatrulreginamaria.ro\/hu\/prima-premiera-a-stagiunii-seara-de-ajun\/#breadcrumblist","itemListElement":[{"@type":"ListItem","@id":"https:\/\/www.teatrulreginamaria.ro\/hu#listItem","position":1,"name":"Home","item":"https:\/\/www.teatrulreginamaria.ro\/hu","nextItem":{"@type":"ListItem","@id":"https:\/\/www.teatrulreginamaria.ro\/hu\/categorie\/noutati\/#listItem","name":"Nout\u0103\u021bi"}},{"@type":"ListItem","@id":"https:\/\/www.teatrulreginamaria.ro\/hu\/categorie\/noutati\/#listItem","position":2,"name":"Nout\u0103\u021bi","item":"https:\/\/www.teatrulreginamaria.ro\/hu\/categorie\/noutati\/","nextItem":{"@type":"ListItem","@id":"https:\/\/www.teatrulreginamaria.ro\/hu\/categorie\/noutati\/noutati-trupa-iosif-vulcan\/#listItem","name":"Nout\u0103\u021bi - Trupa Iosif Vulcan"},"previousItem":{"@type":"ListItem","@id":"https:\/\/www.teatrulreginamaria.ro\/hu#listItem","name":"Home"}},{"@type":"ListItem","@id":"https:\/\/www.teatrulreginamaria.ro\/hu\/categorie\/noutati\/noutati-trupa-iosif-vulcan\/#listItem","position":3,"name":"Nout\u0103\u021bi - Trupa Iosif Vulcan","item":"https:\/\/www.teatrulreginamaria.ro\/hu\/categorie\/noutati\/noutati-trupa-iosif-vulcan\/","nextItem":{"@type":"ListItem","@id":"https:\/\/www.teatrulreginamaria.ro\/hu\/prima-premiera-a-stagiunii-seara-de-ajun\/#listItem","name":"PRIMA PREMIER\u0102 A STAGIUNII &#8211; SEARA DE AJUN"},"previousItem":{"@type":"ListItem","@id":"https:\/\/www.teatrulreginamaria.ro\/hu\/categorie\/noutati\/#listItem","name":"Nout\u0103\u021bi"}},{"@type":"ListItem","@id":"https:\/\/www.teatrulreginamaria.ro\/hu\/prima-premiera-a-stagiunii-seara-de-ajun\/#listItem","position":4,"name":"PRIMA PREMIER\u0102 A STAGIUNII &#8211; SEARA DE AJUN","previousItem":{"@type":"ListItem","@id":"https:\/\/www.teatrulreginamaria.ro\/hu\/categorie\/noutati\/noutati-trupa-iosif-vulcan\/#listItem","name":"Nout\u0103\u021bi - Trupa Iosif Vulcan"}}]},{"@type":"Organization","@id":"https:\/\/www.teatrulreginamaria.ro\/hu\/#organization","name":"Teatrul Regina Maria Oradea","description":"Trupa Iosif Vulcan \u0219i Trupa Arcadia","url":"https:\/\/www.teatrulreginamaria.ro\/hu\/","email":"marketing@teatrulreginamaria.ro","telephone":"+40359411534","numberOfEmployees":{"@type":"QuantitativeValue","minValue":0,"maxValue":150},"logo":{"@type":"ImageObject","url":"https:\/\/www.teatrulreginamaria.ro\/wp-content\/uploads\/2025\/06\/logo-trm-01-dark.png","@id":"https:\/\/www.teatrulreginamaria.ro\/hu\/prima-premiera-a-stagiunii-seara-de-ajun\/#organizationLogo","width":300,"height":148},"image":{"@id":"https:\/\/www.teatrulreginamaria.ro\/hu\/prima-premiera-a-stagiunii-seara-de-ajun\/#organizationLogo"},"sameAs":["https:\/\/www.facebook.com\/TRMTrupaIosifVulcan\/","https:\/\/x.com\/TRMOradea","https:\/\/www.instagram.com\/teatrul_regina_maria\/","https:\/\/www.youtube.com\/c\/TeatrulReginaMariaOradea","https:\/\/www.linkedin.com\/company\/teatrul-regina-maria"]},{"@type":"Person","@id":"https:\/\/www.teatrulreginamaria.ro\/hu\/author\/w3bmaster\/#author","url":"https:\/\/www.teatrulreginamaria.ro\/hu\/author\/w3bmaster\/","name":"Teatrul Regina Maria","image":{"@type":"ImageObject","@id":"https:\/\/www.teatrulreginamaria.ro\/hu\/prima-premiera-a-stagiunii-seara-de-ajun\/#authorImage","url":"https:\/\/secure.gravatar.com\/avatar\/5884139d508ae3f0bafe45e60563b48a9640146d3b08ccc6278c305ff9329305?s=96&d=mm&r=g","width":96,"height":96,"caption":"Teatrul Regina Maria"}},{"@type":"WebPage","@id":"https:\/\/www.teatrulreginamaria.ro\/hu\/prima-premiera-a-stagiunii-seara-de-ajun\/#webpage","url":"https:\/\/www.teatrulreginamaria.ro\/hu\/prima-premiera-a-stagiunii-seara-de-ajun\/","name":"PRIMA PREMIER\u0102 A STAGIUNII \u2013 SEARA DE AJUN - Teatrul Regina Maria Oradea","description":"Teatrul \u201eRegina Maria\u201d v\u0103 invit\u0103 la premiera spectacolului \u201eSeara de ajun\u201d, care va avea loc mar\u0163i, 8 septembrie, de la ora 19:00, la Moara de R\u0103s\u0103rit. \u201eSeara de ajun\u201d, un text contemporan de Anthony Neilson, este pus \u00een scen\u0103 de regizorul Ovidiu Cai\u0163a, care se afl\u0103 la cea de-a doua colaborare cu teatrul, primul proiect","inLanguage":"hu-HU","isPartOf":{"@id":"https:\/\/www.teatrulreginamaria.ro\/hu\/#website"},"breadcrumb":{"@id":"https:\/\/www.teatrulreginamaria.ro\/hu\/prima-premiera-a-stagiunii-seara-de-ajun\/#breadcrumblist"},"author":{"@id":"https:\/\/www.teatrulreginamaria.ro\/hu\/author\/w3bmaster\/#author"},"creator":{"@id":"https:\/\/www.teatrulreginamaria.ro\/hu\/author\/w3bmaster\/#author"},"datePublished":"2015-09-04T08:07:28+03:00","dateModified":"2015-09-04T08:07:28+03:00"},{"@type":"WebSite","@id":"https:\/\/www.teatrulreginamaria.ro\/hu\/#website","url":"https:\/\/www.teatrulreginamaria.ro\/hu\/","name":"Teatrul Regina Maria Oradea","alternateName":"TRM Oradea","description":"Trupa Iosif Vulcan \u0219i Trupa Arcadia","inLanguage":"hu-HU","publisher":{"@id":"https:\/\/www.teatrulreginamaria.ro\/hu\/#organization"}}]},"og:locale":"hu_HU","og:site_name":"Teatrul Regina Maria Oradea - Trupa Iosif Vulcan \u0219i Trupa Arcadia","og:type":"article","og:title":"PRIMA PREMIER\u0102 A STAGIUNII \u2013 SEARA DE AJUN - Teatrul Regina Maria Oradea","og:description":"Teatrul \u201eRegina Maria\u201d v\u0103 invit\u0103 la premiera spectacolului \u201eSeara de ajun\u201d, care va avea loc mar\u0163i, 8 septembrie, de la ora 19:00, la Moara de R\u0103s\u0103rit. \u201eSeara de ajun\u201d, un text contemporan de Anthony Neilson, este pus \u00een scen\u0103 de regizorul Ovidiu Cai\u0163a, care se afl\u0103 la cea de-a doua colaborare cu teatrul, primul proiect","og:url":"https:\/\/www.teatrulreginamaria.ro\/hu\/prima-premiera-a-stagiunii-seara-de-ajun\/","og:image":"https:\/\/www.teatrulreginamaria.ro\/wp-content\/uploads\/2025\/03\/trm-istoric-01.jpg","og:image:secure_url":"https:\/\/www.teatrulreginamaria.ro\/wp-content\/uploads\/2025\/03\/trm-istoric-01.jpg","og:image:width":1200,"og:image:height":800,"article:published_time":"2015-09-04T08:07:28+00:00","article:modified_time":"2015-09-04T08:07:28+00:00","article:publisher":"https:\/\/www.facebook.com\/TRMTrupaIosifVulcan\/","twitter:card":"summary_large_image","twitter:site":"@TRMOradea","twitter:title":"PRIMA PREMIER\u0102 A STAGIUNII \u2013 SEARA DE AJUN - Teatrul Regina Maria Oradea","twitter:description":"Teatrul \u201eRegina Maria\u201d v\u0103 invit\u0103 la premiera spectacolului \u201eSeara de ajun\u201d, care va avea loc mar\u0163i, 8 septembrie, de la ora 19:00, la Moara de R\u0103s\u0103rit. \u201eSeara de ajun\u201d, un text contemporan de Anthony Neilson, este pus \u00een scen\u0103 de regizorul Ovidiu Cai\u0163a, care se afl\u0103 la cea de-a doua colaborare cu teatrul, primul proiect","twitter:creator":"@TRMOradea","twitter:image":"https:\/\/www.teatrulreginamaria.ro\/wp-content\/uploads\/2025\/03\/trm-istoric-01.jpg"},"aioseo_meta_data":{"post_id":"1110","title":null,"description":null,"keywords":null,"keyphrases":null,"primary_term":null,"canonical_url":null,"og_title":null,"og_description":null,"og_object_type":"default","og_image_type":"default","og_image_url":null,"og_image_width":null,"og_image_height":null,"og_image_custom_url":null,"og_image_custom_fields":null,"og_video":null,"og_custom_url":null,"og_article_section":null,"og_article_tags":null,"twitter_use_og":false,"twitter_card":"default","twitter_image_type":"default","twitter_image_url":null,"twitter_image_custom_url":null,"twitter_image_custom_fields":null,"twitter_title":null,"twitter_description":null,"schema":{"blockGraphs":[],"customGraphs":[],"default":{"data":{"Article":[],"Course":[],"Dataset":[],"FAQPage":[],"Movie":[],"Person":[],"Product":[],"ProductReview":[],"Car":[],"Recipe":[],"Service":[],"SoftwareApplication":[],"WebPage":[]},"graphName":"","isEnabled":true},"graphs":[]},"schema_type":"default","schema_type_options":null,"pillar_content":false,"robots_default":true,"robots_noindex":false,"robots_noarchive":false,"robots_nosnippet":false,"robots_nofollow":false,"robots_noimageindex":false,"robots_noodp":false,"robots_notranslate":false,"robots_max_snippet":null,"robots_max_videopreview":null,"robots_max_imagepreview":"large","priority":null,"frequency":null,"local_seo":null,"seo_analyzer_scan_date":"2026-05-13 00:51:39","breadcrumb_settings":null,"limit_modified_date":false,"reviewed_by":null,"open_ai":null,"ai":null,"created":"2025-04-09 17:40:56","updated":"2026-05-13 00:51:39","focus_keyword":null,"additional_keywords":null,"truseo_locale":null},"aioseo_breadcrumb":"<div class=\"aioseo-breadcrumbs\"><span class=\"aioseo-breadcrumb\">\n\t<a href=\"https:\/\/www.teatrulreginamaria.ro\/hu\" title=\"Home\">Home<\/a>\n<\/span><span class=\"aioseo-breadcrumb-separator\">&raquo;<\/span><span class=\"aioseo-breadcrumb\">\n\t<a href=\"https:\/\/www.teatrulreginamaria.ro\/hu\/categorie\/noutati\/\" title=\"Nout\u0103\u021bi\">Nout\u0103\u021bi<\/a>\n<\/span><span class=\"aioseo-breadcrumb-separator\">&raquo;<\/span><span class=\"aioseo-breadcrumb\">\n\t<a href=\"https:\/\/www.teatrulreginamaria.ro\/hu\/categorie\/noutati\/noutati-trupa-iosif-vulcan\/\" title=\"Nout\u0103\u021bi - Trupa Iosif Vulcan\">Nout\u0103\u021bi - Trupa Iosif Vulcan<\/a>\n<\/span><span class=\"aioseo-breadcrumb-separator\">&raquo;<\/span><span class=\"aioseo-breadcrumb\">\n\tPRIMA PREMIER\u0102 A STAGIUNII \u2013 SEARA DE AJUN\n<\/span><\/div>","aioseo_breadcrumb_json":[{"label":"Home","link":"https:\/\/www.teatrulreginamaria.ro\/hu"},{"label":"Nout\u0103\u021bi","link":"https:\/\/www.teatrulreginamaria.ro\/hu\/categorie\/noutati\/"},{"label":"Nout\u0103\u021bi - Trupa Iosif Vulcan","link":"https:\/\/www.teatrulreginamaria.ro\/hu\/categorie\/noutati\/noutati-trupa-iosif-vulcan\/"},{"label":"PRIMA PREMIER\u0102 A STAGIUNII &#8211; SEARA DE AJUN","link":"https:\/\/www.teatrulreginamaria.ro\/hu\/prima-premiera-a-stagiunii-seara-de-ajun\/"}],"acf":[],"_links":{"self":[{"href":"https:\/\/www.teatrulreginamaria.ro\/hu\/wp-json\/wp\/v2\/posts\/1110","targetHints":{"allow":["GET"]}}],"collection":[{"href":"https:\/\/www.teatrulreginamaria.ro\/hu\/wp-json\/wp\/v2\/posts"}],"about":[{"href":"https:\/\/www.teatrulreginamaria.ro\/hu\/wp-json\/wp\/v2\/types\/post"}],"author":[{"embeddable":true,"href":"https:\/\/www.teatrulreginamaria.ro\/hu\/wp-json\/wp\/v2\/users\/6"}],"replies":[{"embeddable":true,"href":"https:\/\/www.teatrulreginamaria.ro\/hu\/wp-json\/wp\/v2\/comments?post=1110"}],"version-history":[{"count":0,"href":"https:\/\/www.teatrulreginamaria.ro\/hu\/wp-json\/wp\/v2\/posts\/1110\/revisions"}],"wp:attachment":[{"href":"https:\/\/www.teatrulreginamaria.ro\/hu\/wp-json\/wp\/v2\/media?parent=1110"}],"wp:term":[{"taxonomy":"category","embeddable":true,"href":"https:\/\/www.teatrulreginamaria.ro\/hu\/wp-json\/wp\/v2\/categories?post=1110"},{"taxonomy":"post_tag","embeddable":true,"href":"https:\/\/www.teatrulreginamaria.ro\/hu\/wp-json\/wp\/v2\/tags?post=1110"}],"curies":[{"name":"munkaf\u00fczet","href":"https:\/\/api.w.org\/{rel}","templated":true}]}}