{"id":1115,"date":"2015-09-17T08:50:49","date_gmt":"2015-09-17T08:50:49","guid":{"rendered":"https:\/\/teatrulreginamaria.ro\/2015\/09\/17\/programul-fito-2015\/"},"modified":"2025-04-21T20:32:01","modified_gmt":"2025-04-21T17:32:01","slug":"fito-program-2015","status":"publish","type":"post","link":"https:\/\/www.teatrulreginamaria.ro\/hu\/programul-fito-2015\/","title":{"rendered":"FITO PROGRAM 2015"},"content":{"rendered":"<p>A 2015-\u00f6s NAGYV\u00c1RADI NEMZETK\u00d6ZI SZ\u00cdNH\u00c1ZI FESZTIV\u00c1L programja a FITO alap\u00edtv\u00e1ny honlapj\u00e1n is el\u00e9rhet\u0151.<\/p>\n<p align=\"center\"><span style=\"text-decoration: underline;\">Nagyv\u00e1radi Nemzetk\u00f6zi Sz\u00ednh\u00e1zi Fesztiv\u00e1l<\/span><\/p>\n<p align=\"center\"><em>Harmadik kiad\u00e1s<\/em><\/p>\n<p align=\"center\"><span style=\"text-decoration: underline;\">Program<\/span><\/p>\n<p><!--more--><\/p>\n<p><strong>Szombat, szeptember 19.<\/strong><\/p>\n<ul>\n<li><span style=\"text-decoration: underline;\">21.00 \u2013 Mobilsz\u00ednpad a Ferdin\u00e1nd kir\u00e1ly t\u00e9ren<\/span> \u2013 <strong>LEONCE \u00c9S L\u00c9NA<\/strong> (forgat\u00f3k\u00f6nyv: Mihai M\u0103niu\u021biu \u00e9s Ada Milea, m\u0171v\u00e9szeti rendez\u00e9s: Mihai M\u0103niu\u021biu), Regina Maria Sz\u00ednh\u00e1z, Nagyv\u00e1rad<\/li>\n<\/ul>\n<p><strong>Vas\u00e1rnap, szeptember 20.<\/strong><\/p>\n<ul>\n<li><span style=\"text-decoration: underline;\">19.00 \u2013 Nagyterem<\/span> \u2013 <strong>CSERESZNYEGYES<\/strong> (\u00edr\u00f3: AP Csehov, Alexandru Dabija m\u0171v\u00e9szeti vezet\u0151), Regina Maria Sz\u00ednh\u00e1z, Nagyv\u00e1rad \u2013 PREMIE<\/li>\n<\/ul>\n<p><strong>H\u00e9tf\u0151, szeptember 21.<\/strong><\/p>\n<ul>\n<li><span style=\"text-decoration: underline;\">17:00 \u2013 Arcadia St\u00fadi\u00f3terem<\/span> \u2013 <strong>HOGYAN \u00cdRUNK A SZ\u00cdNH\u00c1ZR\u00d3L \u00c9S A SZ\u00cdNH\u00c1ZR\u00d3L<\/strong> <strong>INTERAKT\u00cdV M\u0170HELY \u2013 GYAKORLATOK, MEGBESZ\u00c9LGET\u00c9SEK, V\u00c9LEM\u00c9NYEK<\/strong> \u2013 t\u00e1mogatja Dr. Raluca Sas-Marinescu oktat\u00f3, a kolozsv\u00e1ri Babe\u0219-Bolyai Tudom\u00e1nyegyetem Sz\u00ednh\u00e1z- \u00e9s Telev\u00edzi\u00f3tudom\u00e1nyi Kara<\/li>\n<li><span style=\"text-decoration: underline;\">19.00 \u2013 Szakszervezeti M\u0171vel\u0151d\u00e9si H\u00e1z<\/span> \u2013 <strong>K\u00d6ZEL HOZZ\u00c1D, M\u00c9G EGYSZER!<\/strong> (John Cariani, m\u0171v\u00e9szeti vezet\u0151 Antonella Cornici), &quot;Ioan Slavici&quot; Klasszikus Sz\u00ednh\u00e1z, Arad<\/li>\n<\/ul>\n<p><strong>Kedd, szeptember 22.<\/strong><\/p>\n<ul>\n<li><span style=\"text-decoration: underline;\">10.00 \u2013 \u00c1rk\u00e1dia Csarnok<\/span> \u2013 <strong>OROSZ N\u00c9PMES\u00c9K <\/strong>(Igor Lungu m\u0171sora), Regina Maria Sz\u00ednh\u00e1z, Nagyv\u00e1rad<\/li>\n<li><span style=\"text-decoration: underline;\">17:00 \u2013 Arcadia St\u00fadi\u00f3terem<\/span> \u2013 <strong>HOGYAN \u00cdRUNK A SZ\u00cdNH\u00c1ZR\u00d3L \u00c9S A SZ\u00cdNH\u00c1ZR\u00d3L<\/strong> <strong>INTERAKT\u00cdV M\u0170HELY \u2013 GYAKORLATOK, MEGBESZ\u00c9LGET\u00c9SEK, V\u00c9LEM\u00c9NYEK<\/strong> \u2013 t\u00e1mogatja Dr. Raluca Sas-Marinescu oktat\u00f3, a kolozsv\u00e1ri Babe\u0219-Bolyai Tudom\u00e1nyegyetem Sz\u00ednh\u00e1z- \u00e9s Telev\u00edzi\u00f3tudom\u00e1nyi Kara<\/li>\n<li><span style=\"text-decoration: underline;\">19.00 \u2013 Szakszervezetek M\u0171vel\u0151d\u00e9si H\u00e1za (el\u0151ad\u00e1s a k\u00f6z\u00f6ns\u00e9ggel a sz\u00ednpadon)<\/span> \u2013 <strong>A DEMOKR\u00c1CIA ELLEN<\/strong> (\u00edr\u00f3: Esteve Soler, m\u0171v\u00e9szeti vezet\u0151 Alexandru Dabija), Odeon Sz\u00ednh\u00e1z, Bukarest<\/li>\n<li><span style=\"text-decoration: underline;\">21.00 \u2013 \u00c1rk\u00e1dia Csarnok<\/span> \u2013 <strong>K\u00c9K SZEG<\/strong> (Valeriu Butulescu, m\u0171v\u00e9szeti vezet\u0151 Nicoleta D\u0103nil\u0103), ID S\u00eerbu Sz\u00ednh\u00e1z, Petrozs\u00e9ny<\/li>\n<li><span style=\"text-decoration: underline;\">21.00 \u2013 Klub a Iosif Vulcan M\u00fazeumban<\/span> \u2013 <strong>4D-ben <\/strong>(Alexa B\u0103canu, m\u0171v\u00e9szeti vezet\u0151 Ovidiu Cai\u021ba) \u2013 Reactor Cluj<\/li>\n<\/ul>\n<p><strong>Szerda, szeptember 23.<\/strong><\/p>\n<ul>\n<li><span style=\"text-decoration: underline;\">17:00 \u2013 Arcadia St\u00fadi\u00f3terem<\/span> \u2013 <strong>HOGYAN \u00cdRUNK A SZ\u00cdNH\u00c1ZR\u00d3L \u00c9S A SZ\u00cdNH\u00c1ZR\u00d3L<\/strong> <strong>INTERAKT\u00cdV M\u0170HELY \u2013 GYAKORLATOK, MEGBESZ\u00c9LGET\u00c9SEK, V\u00c9LEM\u00c9NYEK<\/strong> \u2013 t\u00e1mogatja Dr. Raluca Sas-Marinescu oktat\u00f3, a kolozsv\u00e1ri Babe\u0219-Bolyai Tudom\u00e1nyegyetem Sz\u00ednh\u00e1z- \u00e9s Telev\u00edzi\u00f3tudom\u00e1nyi Kara<\/li>\n<li><span style=\"text-decoration: underline;\">18.00 \u2013 Napkelte Malom<\/span> \u2013 <strong>B\u00d6JT\u00d6LI ESTE <\/strong>(Anthony Neilson, Ovidiu Cai\u021ba m\u0171v\u00e9szeti vezet\u0151), Regina Maria Sz\u00ednh\u00e1z, Nagyv\u00e1rad<\/li>\n<li><span style=\"text-decoration: underline;\">19.00 \u2013 Nagyterem<\/span> \u2013 <strong>szajk\u00f3k<\/strong> (Alexandru Kiri\u021bescu, Alexandru Dabija m\u0171v\u00e9szeti vezet\u0151), Odeon Sz\u00ednh\u00e1z, Bukarest<\/li>\n<\/ul>\n<p>Szerepl\u0151k: Dorina Lazar, Ionel Mihailescu, Constantin Cojocaru, Pavel Bartos<\/p>\n<ul>\n<li><span style=\"text-decoration: underline;\">20.00 \u2013 Szakszervezetek M\u0171vel\u0151d\u00e9si H\u00e1za (el\u0151ad\u00e1s a k\u00f6z\u00f6ns\u00e9ggel a sz\u00ednpadon)<\/span> \u2013 <strong>\u00c1LLAT VAGY, VISKOVITZ!<\/strong> (Alessandro Boffa, Tudor Lucanu m\u0171v\u00e9szeti vezet\u00e9s), &quot;Anton Pann&quot; Sz\u00ednh\u00e1z, R\u00e2mnicu V\u00e2lcea<\/li>\n<li><span style=\"text-decoration: underline;\">21.00 \u2013 Mobilsz\u00ednpad a Ferdin\u00e1nd kir\u00e1ly t\u00e9ren<\/span> \u2013 <strong>AZ \u00c9JSZAKA SZ\u00cdV\u00c9BEN \u2013 A HAMLET-EPIZ\u00d3D<\/strong> (forgat\u00f3k\u00f6nyv: Gavriil Pinte, bet\u00e9tekkel: George Banu \u00e9s Monique Borie, m\u0171v\u00e9szi vezet\u00e9s: Gavriil Pinte), Regina Maria Sz\u00ednh\u00e1z, Nagyv\u00e1rad<\/li>\n<\/ul>\n<p><strong>Cs\u00fct\u00f6rt\u00f6k, szeptember 24. <\/strong><\/p>\n<ul>\n<li><span style=\"text-decoration: underline;\">18.00 \u2013 Napkelte Malom<\/span> \u2013<strong> AZ \u00c9LETED 65 PERC ALATT<\/strong> (Albert Espinosa, Ovidiu Cai\u021ba m\u0171v\u00e9szeti vezet\u0151), Szatm\u00e1rn\u00e9meti \u00c9szaki Sz\u00ednh\u00e1z<\/li>\n<li><span style=\"text-decoration: underline;\">20.00 \u2013 Arcadia Hall (el\u0151ad\u00e1s a k\u00f6z\u00f6ns\u00e9ggel a sz\u00ednpadon)<\/span> \u2013 <strong>bev\u00e1ndorl\u00f3k<\/strong> (S\u0142awomir Mro\u017cek, Tudor Lucanu m\u0171v\u00e9szeti vezet\u0151), Kolozsv\u00e1ri Nemzeti Sz\u00ednh\u00e1z<\/li>\n<li><span style=\"text-decoration: underline;\">21.00 \u2013 Mobilsz\u00ednpad a Ferdin\u00e1nd kir\u00e1ly t\u00e9ren<\/span> \u2013 <strong>ANCONAI SZERELMESEK<\/strong> (\u00edr\u00f3: Vajda Katalin, m\u0171v\u00e9szeti vezet\u0151 Andrei Mihalache), Regina Maria Sz\u00ednh\u00e1z, Nagyv\u00e1rad<\/li>\n<li><span style=\"text-decoration: underline;\">21.00 \u2013 K\u00f3ser bor, k\u00e1v\u00e9 \u00e9s jazz<\/span> \u2013 <strong>IMPROPATZAN SHOW<\/strong> (sz\u00ednh\u00e1zi improviz\u00e1ci\u00f3s el\u0151ad\u00e1s), Impro Patzan<\/li>\n<\/ul>\n<p><strong>P\u00e9ntek, szeptember 25.<\/strong><\/p>\n<ul>\n<li><span style=\"text-decoration: underline;\">17:00 \u2013 Arcadia Hall<\/span> \u2013<strong> 39 L\u00c9P\u00c9S<\/strong> (John Buchan \u00e9s Alfred Hitchcock azonos c\u00edm\u0171 filmje alapj\u00e1n, Patrick Barlow adapt\u00e1ci\u00f3j\u00e1ban, Simon Corble \u00e9s Nobby Dimon eredeti \u00f6tlete alapj\u00e1n, m\u0171v\u00e9szeti vezet\u0151: Gabriela Dumitru), Teatrul Mic, Bukarest<\/li>\n<li><span style=\"text-decoration: underline;\">21.00 \u2013 Korona Pub<\/span> \u2013 <strong>TAPS LEN\u00c1NAK<\/strong> (Valentin Nicolau, Andrei Mihalache m\u0171v\u00e9szeti vezet\u0151), Artemotion Sz\u00ednh\u00e1z, Nagyv\u00e1rad<\/li>\n<\/ul>\n<p><strong>Szombat, szeptember 26.<\/strong><\/p>\n<ul>\n<li><span style=\"text-decoration: underline;\">11.00 \u2013 Mobilsz\u00ednpad a Ferdin\u00e1nd kir\u00e1ly t\u00e9ren <\/span>\u2013 <strong>OROSZ N\u00c9PMES\u00c9K <\/strong>(Igor Lungu m\u0171sora), Regina Maria Sz\u00ednh\u00e1z, Nagyv\u00e1rad<\/li>\n<li><span style=\"text-decoration: underline;\">19.00 \u2013 \u00c1rk\u00e1dia Csarnok<\/span> \u2013 <strong>A KOLOSTOR TITKA <\/strong>(Adapt\u00e1ci\u00f3 John Pielmeier nyom\u00e1n, m\u0171v\u00e9szeti vezet\u00e9s Marius Oltean), D\u00e9vai M\u0171v\u00e9szeti Sz\u00ednh\u00e1z<\/li>\n<\/ul>\n<p><strong>Vas\u00e1rnap, szeptember 27.<\/strong><\/p>\n<ul>\n<li><span style=\"text-decoration: underline;\">19.00 \u2013 Nagyterem<\/span> \u2013 <strong>A LA MANCHAI F\u00c9RFI<\/strong> (Dale Wasserman musicalje, m\u0171v\u00e9szeti vezet\u0151: Korcsmaros Gy\u00f6rgy), Regina Maria Sz\u00ednh\u00e1z, Nagyv\u00e1rad \u2013 PREMIER<\/li>\n<\/ul>","protected":false},"excerpt":{"rendered":"<p>A 2015-\u00f6s NAGYV\u00c1RADI NEMZETK\u00d6ZI SZ\u00cdNH\u00c1ZI FESZTIV\u00c1L programja a FITO alap\u00edtv\u00e1ny honlapj\u00e1n is el\u00e9rhet\u0151. A Nagyv\u00e1radi Nemzetk\u00f6zi Sz\u00ednh\u00e1zi Fesztiv\u00e1l 3. kiad\u00e1s\u00e1nak programja<\/p>","protected":false},"author":6,"featured_media":0,"comment_status":"open","ping_status":"open","sticky":false,"template":"","format":"standard","meta":{"_acf_changed":false,"footnotes":""},"categories":[22],"tags":[],"class_list":["post-1115","post","type-post","status-publish","format-standard","hentry","category-noutati-trupa-iosif-vulcan"],"aioseo_notices":[],"aioseo_head":"\n\t\t<!-- All in One SEO Pro 5.0.1.1 - aioseo.com -->\n\t<meta name=\"description\" content=\"Programul FESTIVALULUI INTERNA\u021aIONAL DE TEATRU ORADEA, edi\u021bia 2015, poate fi accesat \u0219i pe site-ul funda\u021biei FITO. Festivalul Interna\u021bional de Teatru Oradea Edi\u021bia a III-a Program S\u00e2mb\u0103t\u0103, 19 septembrie 21.00 \u2013 Scena Mobil\u0103 din Pia\u021ba Regele Ferdinand \u2013 LEONCE \u0218I LENA (un scenariu de Mihai M\u0103niu\u021biu \u0219i Ada Milea, regia artistic\u0103 Mihai M\u0103niu\u021biu), Teatrul Regina Maria,\" \/>\n\t<meta name=\"robots\" content=\"max-image-preview:large\" \/>\n\t<meta name=\"author\" content=\"Teatrul Regina Maria\"\/>\n\t<link rel=\"canonical\" href=\"https:\/\/www.teatrulreginamaria.ro\/hu\/programul-fito-2015\/\" \/>\n\t<meta name=\"generator\" content=\"All in One SEO Pro (AIOSEO) 5.0.1.1\" \/>\n\t\t<meta property=\"og:locale\" content=\"hu_HU\" \/>\n\t\t<meta property=\"og:site_name\" content=\"Teatrul Regina Maria Oradea - Trupa Iosif Vulcan \u0219i Trupa Arcadia\" \/>\n\t\t<meta property=\"og:type\" content=\"article\" \/>\n\t\t<meta property=\"og:title\" content=\"PROGRAMUL FITO 2015 - Teatrul Regina Maria Oradea\" \/>\n\t\t<meta property=\"og:description\" content=\"Programul FESTIVALULUI INTERNA\u021aIONAL DE TEATRU ORADEA, edi\u021bia 2015, poate fi accesat \u0219i pe site-ul funda\u021biei FITO. Festivalul Interna\u021bional de Teatru Oradea Edi\u021bia a III-a Program S\u00e2mb\u0103t\u0103, 19 septembrie 21.00 \u2013 Scena Mobil\u0103 din Pia\u021ba Regele Ferdinand \u2013 LEONCE \u0218I LENA (un scenariu de Mihai M\u0103niu\u021biu \u0219i Ada Milea, regia artistic\u0103 Mihai M\u0103niu\u021biu), Teatrul Regina Maria,\" \/>\n\t\t<meta property=\"og:url\" content=\"https:\/\/www.teatrulreginamaria.ro\/hu\/programul-fito-2015\/\" \/>\n\t\t<meta property=\"og:image\" content=\"https:\/\/www.teatrulreginamaria.ro\/wp-content\/uploads\/2025\/03\/trm-istoric-01.jpg\" \/>\n\t\t<meta property=\"og:image:secure_url\" content=\"https:\/\/www.teatrulreginamaria.ro\/wp-content\/uploads\/2025\/03\/trm-istoric-01.jpg\" \/>\n\t\t<meta property=\"og:image:width\" content=\"1200\" \/>\n\t\t<meta property=\"og:image:height\" content=\"800\" \/>\n\t\t<meta property=\"article:published_time\" content=\"2015-09-17T08:50:49+00:00\" \/>\n\t\t<meta property=\"article:modified_time\" content=\"2025-04-21T17:32:01+00:00\" \/>\n\t\t<meta property=\"article:publisher\" content=\"https:\/\/www.facebook.com\/TRMTrupaIosifVulcan\/\" \/>\n\t\t<meta name=\"twitter:card\" content=\"summary_large_image\" \/>\n\t\t<meta name=\"twitter:site\" content=\"@TRMOradea\" \/>\n\t\t<meta name=\"twitter:title\" content=\"PROGRAMUL FITO 2015 - Teatrul Regina Maria Oradea\" \/>\n\t\t<meta name=\"twitter:description\" content=\"Programul FESTIVALULUI INTERNA\u021aIONAL DE TEATRU ORADEA, edi\u021bia 2015, poate fi accesat \u0219i pe site-ul funda\u021biei FITO. Festivalul Interna\u021bional de Teatru Oradea Edi\u021bia a III-a Program S\u00e2mb\u0103t\u0103, 19 septembrie 21.00 \u2013 Scena Mobil\u0103 din Pia\u021ba Regele Ferdinand \u2013 LEONCE \u0218I LENA (un scenariu de Mihai M\u0103niu\u021biu \u0219i Ada Milea, regia artistic\u0103 Mihai M\u0103niu\u021biu), Teatrul Regina Maria,\" \/>\n\t\t<meta name=\"twitter:creator\" content=\"@TRMOradea\" \/>\n\t\t<meta name=\"twitter:image\" content=\"https:\/\/www.teatrulreginamaria.ro\/wp-content\/uploads\/2025\/03\/trm-istoric-01.jpg\" \/>\n\t\t<script type=\"application\/ld+json\" class=\"aioseo-schema\">\n\t\t\t{\"@context\":\"https:\\\/\\\/schema.org\",\"@graph\":[{\"@type\":\"BlogPosting\",\"@id\":\"https:\\\/\\\/www.teatrulreginamaria.ro\\\/hu\\\/programul-fito-2015\\\/#blogposting\",\"name\":\"PROGRAMUL FITO 2015 - Teatrul Regina Maria Oradea\",\"headline\":\"PROGRAMUL FITO 2015\",\"author\":{\"@id\":\"https:\\\/\\\/www.teatrulreginamaria.ro\\\/hu\\\/author\\\/w3bmaster\\\/#author\"},\"publisher\":{\"@id\":\"https:\\\/\\\/www.teatrulreginamaria.ro\\\/hu\\\/#organization\"},\"image\":{\"@type\":\"ImageObject\",\"url\":\"https:\\\/\\\/www.teatrulreginamaria.ro\\\/wp-content\\\/uploads\\\/2025\\\/06\\\/logo-trm-01-dark.png\",\"@id\":\"https:\\\/\\\/www.teatrulreginamaria.ro\\\/hu\\\/#articleImage\",\"width\":300,\"height\":148},\"datePublished\":\"2015-09-17T08:50:49+03:00\",\"dateModified\":\"2025-04-21T20:32:01+03:00\",\"inLanguage\":\"hu-HU\",\"mainEntityOfPage\":{\"@id\":\"https:\\\/\\\/www.teatrulreginamaria.ro\\\/hu\\\/programul-fito-2015\\\/#webpage\"},\"isPartOf\":{\"@id\":\"https:\\\/\\\/www.teatrulreginamaria.ro\\\/hu\\\/programul-fito-2015\\\/#webpage\"},\"articleSection\":\"Nout\\u0103\\u021bi - Trupa Iosif Vulcan\"},{\"@type\":\"BreadcrumbList\",\"@id\":\"https:\\\/\\\/www.teatrulreginamaria.ro\\\/hu\\\/programul-fito-2015\\\/#breadcrumblist\",\"itemListElement\":[{\"@type\":\"ListItem\",\"@id\":\"https:\\\/\\\/www.teatrulreginamaria.ro\\\/hu#listItem\",\"position\":1,\"name\":\"Home\",\"item\":\"https:\\\/\\\/www.teatrulreginamaria.ro\\\/hu\",\"nextItem\":{\"@type\":\"ListItem\",\"@id\":\"https:\\\/\\\/www.teatrulreginamaria.ro\\\/hu\\\/categorie\\\/noutati\\\/#listItem\",\"name\":\"Nout\\u0103\\u021bi\"}},{\"@type\":\"ListItem\",\"@id\":\"https:\\\/\\\/www.teatrulreginamaria.ro\\\/hu\\\/categorie\\\/noutati\\\/#listItem\",\"position\":2,\"name\":\"Nout\\u0103\\u021bi\",\"item\":\"https:\\\/\\\/www.teatrulreginamaria.ro\\\/hu\\\/categorie\\\/noutati\\\/\",\"nextItem\":{\"@type\":\"ListItem\",\"@id\":\"https:\\\/\\\/www.teatrulreginamaria.ro\\\/hu\\\/categorie\\\/noutati\\\/noutati-trupa-iosif-vulcan\\\/#listItem\",\"name\":\"Nout\\u0103\\u021bi - Trupa Iosif Vulcan\"},\"previousItem\":{\"@type\":\"ListItem\",\"@id\":\"https:\\\/\\\/www.teatrulreginamaria.ro\\\/hu#listItem\",\"name\":\"Home\"}},{\"@type\":\"ListItem\",\"@id\":\"https:\\\/\\\/www.teatrulreginamaria.ro\\\/hu\\\/categorie\\\/noutati\\\/noutati-trupa-iosif-vulcan\\\/#listItem\",\"position\":3,\"name\":\"Nout\\u0103\\u021bi - Trupa Iosif Vulcan\",\"item\":\"https:\\\/\\\/www.teatrulreginamaria.ro\\\/hu\\\/categorie\\\/noutati\\\/noutati-trupa-iosif-vulcan\\\/\",\"nextItem\":{\"@type\":\"ListItem\",\"@id\":\"https:\\\/\\\/www.teatrulreginamaria.ro\\\/hu\\\/programul-fito-2015\\\/#listItem\",\"name\":\"PROGRAMUL FITO 2015\"},\"previousItem\":{\"@type\":\"ListItem\",\"@id\":\"https:\\\/\\\/www.teatrulreginamaria.ro\\\/hu\\\/categorie\\\/noutati\\\/#listItem\",\"name\":\"Nout\\u0103\\u021bi\"}},{\"@type\":\"ListItem\",\"@id\":\"https:\\\/\\\/www.teatrulreginamaria.ro\\\/hu\\\/programul-fito-2015\\\/#listItem\",\"position\":4,\"name\":\"PROGRAMUL FITO 2015\",\"previousItem\":{\"@type\":\"ListItem\",\"@id\":\"https:\\\/\\\/www.teatrulreginamaria.ro\\\/hu\\\/categorie\\\/noutati\\\/noutati-trupa-iosif-vulcan\\\/#listItem\",\"name\":\"Nout\\u0103\\u021bi - Trupa Iosif Vulcan\"}}]},{\"@type\":\"Organization\",\"@id\":\"https:\\\/\\\/www.teatrulreginamaria.ro\\\/hu\\\/#organization\",\"name\":\"Teatrul Regina Maria Oradea\",\"description\":\"Trupa Iosif Vulcan \\u0219i Trupa Arcadia\",\"url\":\"https:\\\/\\\/www.teatrulreginamaria.ro\\\/hu\\\/\",\"email\":\"marketing@teatrulreginamaria.ro\",\"telephone\":\"+40359411534\",\"numberOfEmployees\":{\"@type\":\"QuantitativeValue\",\"minValue\":0,\"maxValue\":150},\"logo\":{\"@type\":\"ImageObject\",\"url\":\"https:\\\/\\\/www.teatrulreginamaria.ro\\\/wp-content\\\/uploads\\\/2025\\\/06\\\/logo-trm-01-dark.png\",\"@id\":\"https:\\\/\\\/www.teatrulreginamaria.ro\\\/hu\\\/programul-fito-2015\\\/#organizationLogo\",\"width\":300,\"height\":148},\"image\":{\"@id\":\"https:\\\/\\\/www.teatrulreginamaria.ro\\\/hu\\\/programul-fito-2015\\\/#organizationLogo\"},\"sameAs\":[\"https:\\\/\\\/www.facebook.com\\\/TRMTrupaIosifVulcan\\\/\",\"https:\\\/\\\/x.com\\\/TRMOradea\",\"https:\\\/\\\/www.instagram.com\\\/teatrul_regina_maria\\\/\",\"https:\\\/\\\/www.youtube.com\\\/c\\\/TeatrulReginaMariaOradea\",\"https:\\\/\\\/www.linkedin.com\\\/company\\\/teatrul-regina-maria\"]},{\"@type\":\"Person\",\"@id\":\"https:\\\/\\\/www.teatrulreginamaria.ro\\\/hu\\\/author\\\/w3bmaster\\\/#author\",\"url\":\"https:\\\/\\\/www.teatrulreginamaria.ro\\\/hu\\\/author\\\/w3bmaster\\\/\",\"name\":\"Teatrul Regina Maria\",\"image\":{\"@type\":\"ImageObject\",\"@id\":\"https:\\\/\\\/www.teatrulreginamaria.ro\\\/hu\\\/programul-fito-2015\\\/#authorImage\",\"url\":\"https:\\\/\\\/secure.gravatar.com\\\/avatar\\\/5884139d508ae3f0bafe45e60563b48a9640146d3b08ccc6278c305ff9329305?s=96&d=mm&r=g\",\"width\":96,\"height\":96,\"caption\":\"Teatrul Regina Maria\"}},{\"@type\":\"WebPage\",\"@id\":\"https:\\\/\\\/www.teatrulreginamaria.ro\\\/hu\\\/programul-fito-2015\\\/#webpage\",\"url\":\"https:\\\/\\\/www.teatrulreginamaria.ro\\\/hu\\\/programul-fito-2015\\\/\",\"name\":\"PROGRAMUL FITO 2015 - Teatrul Regina Maria Oradea\",\"description\":\"Programul FESTIVALULUI INTERNA\\u021aIONAL DE TEATRU ORADEA, edi\\u021bia 2015, poate fi accesat \\u0219i pe site-ul funda\\u021biei FITO. Festivalul Interna\\u021bional de Teatru Oradea Edi\\u021bia a III-a Program S\\u00e2mb\\u0103t\\u0103, 19 septembrie 21.00 \\u2013 Scena Mobil\\u0103 din Pia\\u021ba Regele Ferdinand \\u2013 LEONCE \\u0218I LENA (un scenariu de Mihai M\\u0103niu\\u021biu \\u0219i Ada Milea, regia artistic\\u0103 Mihai M\\u0103niu\\u021biu), Teatrul Regina Maria,\",\"inLanguage\":\"hu-HU\",\"isPartOf\":{\"@id\":\"https:\\\/\\\/www.teatrulreginamaria.ro\\\/hu\\\/#website\"},\"breadcrumb\":{\"@id\":\"https:\\\/\\\/www.teatrulreginamaria.ro\\\/hu\\\/programul-fito-2015\\\/#breadcrumblist\"},\"author\":{\"@id\":\"https:\\\/\\\/www.teatrulreginamaria.ro\\\/hu\\\/author\\\/w3bmaster\\\/#author\"},\"creator\":{\"@id\":\"https:\\\/\\\/www.teatrulreginamaria.ro\\\/hu\\\/author\\\/w3bmaster\\\/#author\"},\"datePublished\":\"2015-09-17T08:50:49+03:00\",\"dateModified\":\"2025-04-21T20:32:01+03:00\"},{\"@type\":\"WebSite\",\"@id\":\"https:\\\/\\\/www.teatrulreginamaria.ro\\\/hu\\\/#website\",\"url\":\"https:\\\/\\\/www.teatrulreginamaria.ro\\\/hu\\\/\",\"name\":\"Teatrul Regina Maria Oradea\",\"alternateName\":\"TRM Oradea\",\"description\":\"Trupa Iosif Vulcan \\u0219i Trupa Arcadia\",\"inLanguage\":\"hu-HU\",\"publisher\":{\"@id\":\"https:\\\/\\\/www.teatrulreginamaria.ro\\\/hu\\\/#organization\"}}]}\n\t\t<\/script>\n\t\t<!-- All in One SEO Pro -->\r\n\t\t<title>PROGRAMUL FITO 2015 - Teatrul Regina Maria Oradea<\/title>\n\n","aioseo_head_json":{"title":"FITO PROGRAM 2015 - Regina Maria Sz\u00ednh\u00e1z Nagyv\u00e1radi","description":"A NAGYV\u00c1RADI NEMZETK\u00d6ZI SZ\u00cdNH\u00c1ZI FESZTIV\u00c1L 2015-\u00f6s kiad\u00e1s\u00e1nak programja a FITO alap\u00edtv\u00e1ny honlapj\u00e1n is el\u00e9rhet\u0151. Nagyv\u00e1radi Nemzetk\u00f6zi Sz\u00ednh\u00e1zi Fesztiv\u00e1l 3. kiad\u00e1s\u00e1nak programja Szombat, szeptember 19. 21:00 \u2013 Mobil Sz\u00ednpad a Ferdin\u00e1nd kir\u00e1ly t\u00e9ren \u2013 LEONCE \u00c9S LENA (forgat\u00f3k\u00f6nyv: Mihai M\u0103niu\u021biu \u00e9s Ada Milea, m\u0171v\u00e9szeti vezet\u0151: Mihai M\u0103niu\u021biu), Regina Maria Sz\u00ednh\u00e1z,","canonical_url":"https:\/\/www.teatrulreginamaria.ro\/hu\/programul-fito-2015\/","robots":"max-image-preview:large","keywords":"","webmasterTools":{"miscellaneous":""},"schema":{"@context":"https:\/\/schema.org","@graph":[{"@type":"BlogPosting","@id":"https:\/\/www.teatrulreginamaria.ro\/hu\/programul-fito-2015\/#blogposting","name":"PROGRAMUL FITO 2015 - Teatrul Regina Maria Oradea","headline":"PROGRAMUL FITO 2015","author":{"@id":"https:\/\/www.teatrulreginamaria.ro\/hu\/author\/w3bmaster\/#author"},"publisher":{"@id":"https:\/\/www.teatrulreginamaria.ro\/hu\/#organization"},"image":{"@type":"ImageObject","url":"https:\/\/www.teatrulreginamaria.ro\/wp-content\/uploads\/2025\/06\/logo-trm-01-dark.png","@id":"https:\/\/www.teatrulreginamaria.ro\/hu\/#articleImage","width":300,"height":148},"datePublished":"2015-09-17T08:50:49+03:00","dateModified":"2025-04-21T20:32:01+03:00","inLanguage":"hu-HU","mainEntityOfPage":{"@id":"https:\/\/www.teatrulreginamaria.ro\/hu\/programul-fito-2015\/#webpage"},"isPartOf":{"@id":"https:\/\/www.teatrulreginamaria.ro\/hu\/programul-fito-2015\/#webpage"},"articleSection":"Nout\u0103\u021bi - Trupa Iosif Vulcan"},{"@type":"BreadcrumbList","@id":"https:\/\/www.teatrulreginamaria.ro\/hu\/programul-fito-2015\/#breadcrumblist","itemListElement":[{"@type":"ListItem","@id":"https:\/\/www.teatrulreginamaria.ro\/hu#listItem","position":1,"name":"Home","item":"https:\/\/www.teatrulreginamaria.ro\/hu","nextItem":{"@type":"ListItem","@id":"https:\/\/www.teatrulreginamaria.ro\/hu\/categorie\/noutati\/#listItem","name":"Nout\u0103\u021bi"}},{"@type":"ListItem","@id":"https:\/\/www.teatrulreginamaria.ro\/hu\/categorie\/noutati\/#listItem","position":2,"name":"Nout\u0103\u021bi","item":"https:\/\/www.teatrulreginamaria.ro\/hu\/categorie\/noutati\/","nextItem":{"@type":"ListItem","@id":"https:\/\/www.teatrulreginamaria.ro\/hu\/categorie\/noutati\/noutati-trupa-iosif-vulcan\/#listItem","name":"Nout\u0103\u021bi - Trupa Iosif Vulcan"},"previousItem":{"@type":"ListItem","@id":"https:\/\/www.teatrulreginamaria.ro\/hu#listItem","name":"Home"}},{"@type":"ListItem","@id":"https:\/\/www.teatrulreginamaria.ro\/hu\/categorie\/noutati\/noutati-trupa-iosif-vulcan\/#listItem","position":3,"name":"Nout\u0103\u021bi - Trupa Iosif Vulcan","item":"https:\/\/www.teatrulreginamaria.ro\/hu\/categorie\/noutati\/noutati-trupa-iosif-vulcan\/","nextItem":{"@type":"ListItem","@id":"https:\/\/www.teatrulreginamaria.ro\/hu\/programul-fito-2015\/#listItem","name":"PROGRAMUL FITO 2015"},"previousItem":{"@type":"ListItem","@id":"https:\/\/www.teatrulreginamaria.ro\/hu\/categorie\/noutati\/#listItem","name":"Nout\u0103\u021bi"}},{"@type":"ListItem","@id":"https:\/\/www.teatrulreginamaria.ro\/hu\/programul-fito-2015\/#listItem","position":4,"name":"PROGRAMUL FITO 2015","previousItem":{"@type":"ListItem","@id":"https:\/\/www.teatrulreginamaria.ro\/hu\/categorie\/noutati\/noutati-trupa-iosif-vulcan\/#listItem","name":"Nout\u0103\u021bi - Trupa Iosif Vulcan"}}]},{"@type":"Organization","@id":"https:\/\/www.teatrulreginamaria.ro\/hu\/#organization","name":"Teatrul Regina Maria Oradea","description":"Trupa Iosif Vulcan \u0219i Trupa Arcadia","url":"https:\/\/www.teatrulreginamaria.ro\/hu\/","email":"marketing@teatrulreginamaria.ro","telephone":"+40359411534","numberOfEmployees":{"@type":"QuantitativeValue","minValue":0,"maxValue":150},"logo":{"@type":"ImageObject","url":"https:\/\/www.teatrulreginamaria.ro\/wp-content\/uploads\/2025\/06\/logo-trm-01-dark.png","@id":"https:\/\/www.teatrulreginamaria.ro\/hu\/programul-fito-2015\/#organizationLogo","width":300,"height":148},"image":{"@id":"https:\/\/www.teatrulreginamaria.ro\/hu\/programul-fito-2015\/#organizationLogo"},"sameAs":["https:\/\/www.facebook.com\/TRMTrupaIosifVulcan\/","https:\/\/x.com\/TRMOradea","https:\/\/www.instagram.com\/teatrul_regina_maria\/","https:\/\/www.youtube.com\/c\/TeatrulReginaMariaOradea","https:\/\/www.linkedin.com\/company\/teatrul-regina-maria"]},{"@type":"Person","@id":"https:\/\/www.teatrulreginamaria.ro\/hu\/author\/w3bmaster\/#author","url":"https:\/\/www.teatrulreginamaria.ro\/hu\/author\/w3bmaster\/","name":"Teatrul Regina Maria","image":{"@type":"ImageObject","@id":"https:\/\/www.teatrulreginamaria.ro\/hu\/programul-fito-2015\/#authorImage","url":"https:\/\/secure.gravatar.com\/avatar\/5884139d508ae3f0bafe45e60563b48a9640146d3b08ccc6278c305ff9329305?s=96&d=mm&r=g","width":96,"height":96,"caption":"Teatrul Regina Maria"}},{"@type":"WebPage","@id":"https:\/\/www.teatrulreginamaria.ro\/hu\/programul-fito-2015\/#webpage","url":"https:\/\/www.teatrulreginamaria.ro\/hu\/programul-fito-2015\/","name":"PROGRAMUL FITO 2015 - Teatrul Regina Maria Oradea","description":"Programul FESTIVALULUI INTERNA\u021aIONAL DE TEATRU ORADEA, edi\u021bia 2015, poate fi accesat \u0219i pe site-ul funda\u021biei FITO. Festivalul Interna\u021bional de Teatru Oradea Edi\u021bia a III-a Program S\u00e2mb\u0103t\u0103, 19 septembrie 21.00 \u2013 Scena Mobil\u0103 din Pia\u021ba Regele Ferdinand \u2013 LEONCE \u0218I LENA (un scenariu de Mihai M\u0103niu\u021biu \u0219i Ada Milea, regia artistic\u0103 Mihai M\u0103niu\u021biu), Teatrul Regina Maria,","inLanguage":"hu-HU","isPartOf":{"@id":"https:\/\/www.teatrulreginamaria.ro\/hu\/#website"},"breadcrumb":{"@id":"https:\/\/www.teatrulreginamaria.ro\/hu\/programul-fito-2015\/#breadcrumblist"},"author":{"@id":"https:\/\/www.teatrulreginamaria.ro\/hu\/author\/w3bmaster\/#author"},"creator":{"@id":"https:\/\/www.teatrulreginamaria.ro\/hu\/author\/w3bmaster\/#author"},"datePublished":"2015-09-17T08:50:49+03:00","dateModified":"2025-04-21T20:32:01+03:00"},{"@type":"WebSite","@id":"https:\/\/www.teatrulreginamaria.ro\/hu\/#website","url":"https:\/\/www.teatrulreginamaria.ro\/hu\/","name":"Teatrul Regina Maria Oradea","alternateName":"TRM Oradea","description":"Trupa Iosif Vulcan \u0219i Trupa Arcadia","inLanguage":"hu-HU","publisher":{"@id":"https:\/\/www.teatrulreginamaria.ro\/hu\/#organization"}}]},"og:locale":"hu_HU","og:site_name":"Teatrul Regina Maria Oradea - Trupa Iosif Vulcan \u0219i Trupa Arcadia","og:type":"article","og:title":"PROGRAMUL FITO 2015 - Teatrul Regina Maria Oradea","og:description":"Programul FESTIVALULUI INTERNA\u021aIONAL DE TEATRU ORADEA, edi\u021bia 2015, poate fi accesat \u0219i pe site-ul funda\u021biei FITO. Festivalul Interna\u021bional de Teatru Oradea Edi\u021bia a III-a Program S\u00e2mb\u0103t\u0103, 19 septembrie 21.00 \u2013 Scena Mobil\u0103 din Pia\u021ba Regele Ferdinand \u2013 LEONCE \u0218I LENA (un scenariu de Mihai M\u0103niu\u021biu \u0219i Ada Milea, regia artistic\u0103 Mihai M\u0103niu\u021biu), Teatrul Regina Maria,","og:url":"https:\/\/www.teatrulreginamaria.ro\/hu\/programul-fito-2015\/","og:image":"https:\/\/www.teatrulreginamaria.ro\/wp-content\/uploads\/2025\/03\/trm-istoric-01.jpg","og:image:secure_url":"https:\/\/www.teatrulreginamaria.ro\/wp-content\/uploads\/2025\/03\/trm-istoric-01.jpg","og:image:width":1200,"og:image:height":800,"article:published_time":"2015-09-17T08:50:49+00:00","article:modified_time":"2025-04-21T17:32:01+00:00","article:publisher":"https:\/\/www.facebook.com\/TRMTrupaIosifVulcan\/","twitter:card":"summary_large_image","twitter:site":"@TRMOradea","twitter:title":"PROGRAMUL FITO 2015 - Teatrul Regina Maria Oradea","twitter:description":"Programul FESTIVALULUI INTERNA\u021aIONAL DE TEATRU ORADEA, edi\u021bia 2015, poate fi accesat \u0219i pe site-ul funda\u021biei FITO. Festivalul Interna\u021bional de Teatru Oradea Edi\u021bia a III-a Program S\u00e2mb\u0103t\u0103, 19 septembrie 21.00 \u2013 Scena Mobil\u0103 din Pia\u021ba Regele Ferdinand \u2013 LEONCE \u0218I LENA (un scenariu de Mihai M\u0103niu\u021biu \u0219i Ada Milea, regia artistic\u0103 Mihai M\u0103niu\u021biu), Teatrul Regina Maria,","twitter:creator":"@TRMOradea","twitter:image":"https:\/\/www.teatrulreginamaria.ro\/wp-content\/uploads\/2025\/03\/trm-istoric-01.jpg"},"aioseo_meta_data":{"post_id":"1115","title":null,"description":null,"keywords":null,"keyphrases":{"focus":{"keyphrase":"","score":0,"analysis":{"keyphraseInTitle":{"score":0,"maxScore":9,"error":1}}},"additional":[]},"primary_term":null,"canonical_url":null,"og_title":null,"og_description":null,"og_object_type":"default","og_image_type":"default","og_image_url":null,"og_image_width":null,"og_image_height":null,"og_image_custom_url":null,"og_image_custom_fields":null,"og_video":"","og_custom_url":null,"og_article_section":null,"og_article_tags":null,"twitter_use_og":false,"twitter_card":"default","twitter_image_type":"default","twitter_image_url":null,"twitter_image_custom_url":null,"twitter_image_custom_fields":null,"twitter_title":null,"twitter_description":null,"schema":{"blockGraphs":[],"customGraphs":[],"default":{"data":{"Article":[],"Course":[],"Dataset":[],"FAQPage":[],"Movie":[],"Person":[],"Product":[],"ProductReview":[],"Car":[],"Recipe":[],"Service":[],"SoftwareApplication":[],"WebPage":[]},"graphName":"BlogPosting","isEnabled":true},"graphs":[]},"schema_type":"default","schema_type_options":null,"pillar_content":false,"robots_default":true,"robots_noindex":false,"robots_noarchive":false,"robots_nosnippet":false,"robots_nofollow":false,"robots_noimageindex":false,"robots_noodp":false,"robots_notranslate":false,"robots_max_snippet":"-1","robots_max_videopreview":"-1","robots_max_imagepreview":"large","priority":null,"frequency":"default","local_seo":null,"seo_analyzer_scan_date":"2026-05-13 00:53:57","breadcrumb_settings":null,"limit_modified_date":false,"reviewed_by":null,"open_ai":"{\"title\":{\"suggestions\":[],\"usage\":0},\"description\":{\"suggestions\":[],\"usage\":0}}","ai":null,"created":"2025-04-09 17:40:56","updated":"2026-05-13 00:53:57","focus_keyword":null,"additional_keywords":null,"truseo_locale":null},"aioseo_breadcrumb":"<div class=\"aioseo-breadcrumbs\"><span class=\"aioseo-breadcrumb\">\n\t<a href=\"https:\/\/www.teatrulreginamaria.ro\/hu\" title=\"Home\">Home<\/a>\n<\/span><span class=\"aioseo-breadcrumb-separator\">&raquo;<\/span><span class=\"aioseo-breadcrumb\">\n\t<a href=\"https:\/\/www.teatrulreginamaria.ro\/hu\/categorie\/noutati\/\" title=\"Nout\u0103\u021bi\">Nout\u0103\u021bi<\/a>\n<\/span><span class=\"aioseo-breadcrumb-separator\">&raquo;<\/span><span class=\"aioseo-breadcrumb\">\n\t<a href=\"https:\/\/www.teatrulreginamaria.ro\/hu\/categorie\/noutati\/noutati-trupa-iosif-vulcan\/\" title=\"Nout\u0103\u021bi - Trupa Iosif Vulcan\">Nout\u0103\u021bi - Trupa Iosif Vulcan<\/a>\n<\/span><span class=\"aioseo-breadcrumb-separator\">&raquo;<\/span><span class=\"aioseo-breadcrumb\">\n\tPROGRAMUL FITO 2015\n<\/span><\/div>","aioseo_breadcrumb_json":[{"label":"Home","link":"https:\/\/www.teatrulreginamaria.ro\/hu"},{"label":"Nout\u0103\u021bi","link":"https:\/\/www.teatrulreginamaria.ro\/hu\/categorie\/noutati\/"},{"label":"Nout\u0103\u021bi - Trupa Iosif Vulcan","link":"https:\/\/www.teatrulreginamaria.ro\/hu\/categorie\/noutati\/noutati-trupa-iosif-vulcan\/"},{"label":"PROGRAMUL FITO 2015","link":"https:\/\/www.teatrulreginamaria.ro\/hu\/programul-fito-2015\/"}],"acf":[],"_links":{"self":[{"href":"https:\/\/www.teatrulreginamaria.ro\/hu\/wp-json\/wp\/v2\/posts\/1115","targetHints":{"allow":["GET"]}}],"collection":[{"href":"https:\/\/www.teatrulreginamaria.ro\/hu\/wp-json\/wp\/v2\/posts"}],"about":[{"href":"https:\/\/www.teatrulreginamaria.ro\/hu\/wp-json\/wp\/v2\/types\/post"}],"author":[{"embeddable":true,"href":"https:\/\/www.teatrulreginamaria.ro\/hu\/wp-json\/wp\/v2\/users\/6"}],"replies":[{"embeddable":true,"href":"https:\/\/www.teatrulreginamaria.ro\/hu\/wp-json\/wp\/v2\/comments?post=1115"}],"version-history":[{"count":1,"href":"https:\/\/www.teatrulreginamaria.ro\/hu\/wp-json\/wp\/v2\/posts\/1115\/revisions"}],"predecessor-version":[{"id":13129,"href":"https:\/\/www.teatrulreginamaria.ro\/hu\/wp-json\/wp\/v2\/posts\/1115\/revisions\/13129"}],"wp:attachment":[{"href":"https:\/\/www.teatrulreginamaria.ro\/hu\/wp-json\/wp\/v2\/media?parent=1115"}],"wp:term":[{"taxonomy":"category","embeddable":true,"href":"https:\/\/www.teatrulreginamaria.ro\/hu\/wp-json\/wp\/v2\/categories?post=1115"},{"taxonomy":"post_tag","embeddable":true,"href":"https:\/\/www.teatrulreginamaria.ro\/hu\/wp-json\/wp\/v2\/tags?post=1115"}],"curies":[{"name":"munkaf\u00fczet","href":"https:\/\/api.w.org\/{rel}","templated":true}]}}