{"id":1150,"date":"2016-04-08T08:54:32","date_gmt":"2016-04-08T08:54:32","guid":{"rendered":"https:\/\/teatrulreginamaria.ro\/2016\/04\/08\/oradea-impresie-variatii-artistice\/"},"modified":"2016-04-08T08:54:32","modified_gmt":"2016-04-08T08:54:32","slug":"varadi-impresszio-muveszi-valtozatai","status":"publish","type":"post","link":"https:\/\/www.teatrulreginamaria.ro\/hu\/oradea-impresie-variatii-artistice\/","title":{"rendered":"NAGYV\u00c1RAD \u2013 IMPRESSZI\u00d3. M\u0170V\u00c9SZI V\u00c1LTOZATOK"},"content":{"rendered":"<p><a href=\"https:\/\/www.teatrulreginamaria.ro\/hu\/zenekar-josif-vulcan\/files\/2016\/04\/facebookuniter-concurs-2-.jpg\/\"><\/a> \u00a0 A Rom\u00e1n Sz\u00ednh\u00e1zi Uni\u00f3 \u2013 UNITER, a Regina Maria Sz\u00ednh\u00e1zzal, a Nagyv\u00e1radi \u00e9s R\u00e9gi\u00f3 Turisztikai El\u0151mozd\u00edt\u00e1s\u00e1\u00e9rt Egyes\u00fclettel, a Nagyv\u00e1radi V\u00e1rosh\u00e1z\u00e1val \u00e9s a Bihar Megyei Tan\u00e1ccsal egy\u00fcttm\u0171k\u00f6dve szervezi a<\/p>\n<p align=\"center\"><strong>UNITER D\u00cdJAK G\u00c1L\u00c1JA 2016<\/strong><\/p>\n<p><!--more--><\/p>\n<p align=\"center\"><strong>m\u00e1jus 9-\u00e9n, h\u00e9tf\u0151n, 21:00 \u00f3rakor megrendez\u00e9sre ker\u00fcl\u0151 esem\u00e9nyre<\/strong><\/p>\n<p align=\"center\"><strong>a nagyv\u00e1radi Regina Maria Sz\u00ednh\u00e1z nagyterm\u00e9ben<\/strong><strong>\u00a0<\/strong><\/p>\n<p align=\"center\">Az \u00e9v legfontosabb sz\u00ednh\u00e1zi esem\u00e9nye \u00e9rkezik Nagyv\u00e1radra.<\/p>\n<p align=\"center\">A rom\u00e1n sz\u00ednh\u00e1z elitj\u00e9vel lehet majd itt tal\u00e1lkozni.<\/p>\n<p>Az UNITER D\u00edj\u00e1tad\u00f3 G\u00e1la el\u0151fut\u00e1rak\u00e9nt a szervez\u0151k elind\u00edtj\u00e1k a kamp\u00e1nyt <strong>\u201e&quot;Nagyv\u00e1rad \u2013 Impresszi\u00f3. M\u0171v\u00e9szi vari\u00e1ci\u00f3k&quot;. <\/strong> Mindenkit, aki szereti Nagyv\u00e1radot, vagy felfedezi Nagyv\u00e1radot, arra k\u00e9r\u00fcnk, hogy vegyen r\u00e9szt a kamp\u00e1nyban, \u00e9s k\u00fcldj\u00f6n fot\u00f3kat, amelyek bemutatj\u00e1k a v\u00e1ros \u00e9s az eg\u00e9sz r\u00e9gi\u00f3 sz\u00e9ps\u00e9g\u00e9t. <strong>Mi\u00e9rt pont Nagyv\u00e1radon rendezik meg az UNITER G\u00e1l\u00e1t?<\/strong> Ennek a v\u00e1rosnak a kiv\u00e1laszt\u00e1sa nem v\u00e9letlen, tekintve, hogy Nagyv\u00e1rad nemcsak sz\u00e9ps\u00e9ge miatt k\u00fcl\u00f6nleges v\u00e1ros. Nagyv\u00e1rad egy \u00e9l\u0151 v\u00e1ros, egy t\u00f6rt\u00e9net, amely mindig felfedez\u00e9sre vagy \u00fajrafelfedez\u00e9sre v\u00e1r, Nagyv\u00e1rad m\u0171v\u00e9szetet \u00e9s multikulturalizmust l\u00e9legzik. Csak ki kell nyitni a szem\u00fcnket \u00e9s a lelk\u00fcnket, hogy felfedezz\u00fck t\u00f6rt\u00e9nelm\u00e9t \u00e9s a minden l\u00e9p\u00e9sn\u00e9l rejt\u0151z\u0151 sz\u00e9ps\u00e9geket. Gyakran hasonl\u00edtjuk ezt a v\u00e1rost egy szabadt\u00e9ri m\u00fazeumhoz. Mi\u00e9rt? Ha legal\u00e1bb egyszer j\u00e1rt m\u00e1r Nagyv\u00e1radon, akkor tudja, hogy a v\u00e1ros minden szeglete \u00e9p\u00edt\u00e9szeti kincseket \u00e9s rengeteg r\u00e9szletet rejt. N\u00e9zzen k\u00f6r\u00fcl, \u00e9s m\u0171v\u00e9szetet \u00e9s \u00e9letet fog l\u00e1tni! Felfedez egy olyan v\u00e1rost, amely harm\u00f3ni\u00e1ban l\u00e9legzik a modernit\u00e1ssal, mik\u00f6zben meg\u0151rzi \u0151si \u00e9rt\u00e9keit. Nagyv\u00e1rad, Nagyv\u00e1rad vagy Gro\u00dfwardein \u2013 t\u00f6bb n\u00e9v is ugyanazon v\u00e1rosnak, amelyben a multikulturalizmus egy olyan k\u00f6z\u00f6ss\u00e9g lelk\u00e9v\u00e9 v\u00e1lik, amely \u00e9vr\u0151l \u00e9vre bebizony\u00edtja, hogy az \u00e9let nem csak a megszokott impulzusokr\u00f3l sz\u00f3l. Nagyv\u00e1rad n\u00e9pe megtanulta, hogy a sz\u00e9pen \u00e9lt \u00e9let az, amely els\u0151sorban a l\u00e9lek \u00e9s az elme \u00f6r\u00f6m\u00e9t v\u00e1lasztja. Csak n\u00e9zni kell \u00e9s \u00e9lvezni azt, ami k\u00f6r\u00fclvesz. Vannak m\u0171v\u00e9szeteink, vannak el\u0151ad\u00e1saink, zen\u00e9nk, csod\u00e1latos m\u0171v\u00e9szeink, leny\u0171g\u00f6z\u0151 \u00e9p\u00fcleteink \u00e9s vannak olyan emberek, akik tudj\u00e1k, hogyan \u00e9lvezz\u00e9k az \u00e9letet. Ak\u00e1r Nagyv\u00e1rad lakosa, ak\u00e1r csak turista, megh\u00edvunk, hogy fot\u00f3kon kereszt\u00fcl mutassa meg, mi\u00e9rt szereti ezt a v\u00e1rost. Szeretn\u00e9nk felfedezni azokat a k\u00e9peket, amelyek sz\u00e9pen meg\u00e9lt t\u00f6rt\u00e9neteket, \u00f6r\u00f6m\u00f6ket \u00e9s t\u00f6rt\u00e9nelmet mes\u00e9lnek el nek\u00fcnk. Ebben az \u00e9rtelemben a r\u00e9sztvev\u0151knek maximum h\u00e1rom (3) figyelemfelkelt\u0151 fot\u00f3t kell bek\u00fcldeni\u00fck, r\u00f6vid le\u00edr\u00e1ssal k\u00eds\u00e9rve, a... <strong>2016. \u00e1prilis 8\u201325.<\/strong>. A t\u00edz legjobb k\u00e9pet kiv\u00e1lasztjuk \u00e9s k\u00f6zz\u00e9tessz\u00fck a weboldalon. <a href=\"http:\/\/www.uniter.ro\/\">www.uniter.ro<\/a>\u00a0\u00e9s az UNITER Facebook oldal\u00e1n, \u00e1prilis 26-t\u00f3l kezd\u0151d\u0151en. Az els\u0151 h\u00e1rom k\u00e9p, amely a k\u00f6z\u00f6ss\u00e9gi oldalakon a legt\u00f6bb l\u00e1jkot kapja, dupla megh\u00edv\u00f3t kap az UNITER D\u00edj\u00e1tad\u00f3 G\u00e1l\u00e1ra. Emellett a v\u00e9gs\u0151 v\u00e1logat\u00e1s 10 k\u00e9p\u00e9b\u0151l \u00e1ll\u00f3 fot\u00f3gal\u00e9ri\u00e1t videovet\u00edt\u00e9seken kereszt\u00fcl mutatj\u00e1k be a nagyk\u00f6z\u00f6ns\u00e9gnek, amelyek a rendezv\u00e9ny k\u00f6rny\u00e9k\u00e9n, a v\u00e1rosk\u00f6zpontban ker\u00fclnek megrendez\u00e9sre. Tov\u00e1bbi inform\u00e1ci\u00f3k\u00e9rt k\u00e9rj\u00fck, tekintse meg a kamp\u00e1nyban r\u00e9szt vev\u0151 int\u00e9zm\u00e9nyek weboldalain \u00e9s k\u00f6z\u00f6ss\u00e9gi oldalain k\u00f6zz\u00e9tett szab\u00e1lyzatot. <strong>\u00a0<\/strong><\/p>\n<p align=\"center\"><strong>KAMP\u00c1NYSZAB\u00c1LYZAT<\/strong><\/p>\n<ol start=\"1\">\n<li><strong>Szervezet:<\/strong><\/li>\n<\/ol>\n<p>A versenyt a Rom\u00e1n Sz\u00ednh\u00e1zi Uni\u00f3, a Nagyv\u00e1radi &quot;Regina Maria&quot; Sz\u00ednh\u00e1z \u00e9s a Nagyv\u00e1radi \u00e9s R\u00e9gi\u00f3 Turisztikai El\u0151mozd\u00edt\u00e1s\u00e1\u00e9rt Egyes\u00fclet szervezi. A verseny kiz\u00e1r\u00f3lag online, a Visit Oradea Facebook oldal\u00e1n ker\u00fcl megrendez\u00e9sre egy erre a c\u00e9lra l\u00e9trehozott esem\u00e9nyen kereszt\u00fcl. B\u00e1rmely kamerafelhaszn\u00e1l\u00f3 r\u00e9szt vehet a versenyen, m\u00e1rk\u00e1t\u00f3l \u00e9s modellt\u0151l f\u00fcggetlen\u00fcl. A verseny r\u00e9sztvev\u0151i tudom\u00e1sul veszik (k\u00f6telesek betartani) a hivatalos versenyki\u00edr\u00e1s felt\u00e9teleit.<\/p>\n<ol start=\"2\">\n<li><strong>A verseny t\u00e9m\u00e1ja \u00e9s id\u0151tartama:<\/strong><\/li>\n<\/ol>\n<p>A verseny t\u00e9m\u00e1ja a k\u00f6vetkez\u0151: <strong><em>Fot\u00f3p\u00e1ly\u00e1zat Nagyv\u00e1raddal<\/em><\/strong> <strong><em>Versenynapt\u00e1r: <\/em><\/strong> <strong>2016. \u00e1prilis 8. \u2013 \u00e1prilis 25.<\/strong>: fot\u00f3k k\u00fcld\u00e9se \u00e9s felt\u00f6lt\u00e9se a Visit Oradea oldalra <strong>\u00c1prilis 26. \u2013 <\/strong>10 fot\u00f3 v\u00e1logat\u00e1s, a legn\u00e9pszer\u0171bbek (l\u00e1jkok alapj\u00e1n) <strong>\u00c1prilis 26. \u2013 m\u00e1jus 6. <\/strong>szavaz\u00e1s a 10 fot\u00f3ra l\u00e1jkkal <strong>M\u00e1jus 7.<\/strong> \u2013 a 3 nyertes kihirdet\u00e9se.<\/p>\n<ol start=\"3\">\n<li><strong>Fot\u00f3 bek\u00fcld\u00e9se:<\/strong><\/li>\n<\/ol>\n<p>Minden felhaszn\u00e1l\u00f3 maximum ennyit regisztr\u00e1lhat <strong><em>3 figyelemfelkelt\u0151 fot\u00f3 Nagyv\u00e1rad v\u00e1ros\u00e1r\u00f3l<\/em><\/strong>. A fot\u00f3kat e-mailben k\u00fcldj\u00fck a c\u00edmre <strong><em><a href=\"mailto:oradeaturism@gmail.com\">oradeaturism@gmail.com<\/a><\/em><\/strong><em>,<\/em> ak\u00e1r \u00e1t <strong><em>\u00fczenet<\/em><\/strong> priv\u00e1t az oldalon <strong><em>Facebook L\u00e1togasson el Nagyv\u00e1radra, &quot;UNITER - fot\u00f3p\u00e1ly\u00e1zat Nagyv\u00e1raddal&quot; c\u00edmmel.<\/em><\/strong> Minden fot\u00f3hoz tartozik egy legal\u00e1bb 3 soros le\u00edr\u00e1s \u00e9s el\u00e9rhet\u0151s\u00e9gek. A fot\u00f3 bek\u00fcld\u00e9s\u00e9vel a r\u00e9sztvev\u0151 hozz\u00e1j\u00e1rul ahhoz, hogy az megjelenjen a verseny Facebook oldal\u00e1n. A f\u00e9nyk\u00e9peken semmilyen feldolgoz\u00e1s nem megengedett, p\u00e9ld\u00e1ul: mesters\u00e9gesen a k\u00e9pbe helyezett szem\u00e9lyek vagy t\u00e1rgyak. A fot\u00f3 nagyobbik oldal\u00e1nak minimum 1000 \u00e9s maximum 1500 pixelesnek kell lennie (maximum 1 MB f\u00e1jlm\u00e9ret aj\u00e1nlott!), a felbont\u00e1snak pedig 72 dpi-nek (RGB) kell lennie. A p\u00e1ly\u00e1zaton val\u00f3 r\u00e9szv\u00e9telhez minden fot\u00f3nak JPG form\u00e1tum\u00fanak kell lennie (.jpg vagy .jpeg kiterjeszt\u00e9ssel). A felhaszn\u00e1l\u00f3k nem szavazhatnak saj\u00e1t fot\u00f3ikra, csak m\u00e1s r\u00e9sztvev\u0151k fot\u00f3ira. A szervez\u0151k fenntartj\u00e1k a jogot, hogy megtagadj\u00e1k a k\u00e9tes technikai min\u0151s\u00e9g\u0171 fot\u00f3k bek\u00fcld\u00e9s\u00e9t (mobiltelefonnal k\u00e9sz\u00edtett fot\u00f3k, hom\u00e1lyos fot\u00f3k stb.). A szervez\u0151k fenntartj\u00e1k a jogot, hogy megtagadj\u00e1k a n\u00e9vtelen felhaszn\u00e1l\u00f3khoz tartoz\u00f3 fot\u00f3k bek\u00fcld\u00e9s\u00e9t (vagy olyanok\u00e9, akik a regisztr\u00e1ci\u00f3 sor\u00e1n nem adt\u00e1k meg val\u00f3di nev\u00fcket \u00e9s \u00e9rv\u00e9nyes e-mail c\u00edm\u00fcket). A k\u00e9p p\u00e1ly\u00e1zatra val\u00f3 nevez\u00e9s\u00e9vel a r\u00e9sztvev\u0151 hallgat\u00f3lagosan kijelenti, hogy \u0151 a szerz\u0151i jog tulajdonosa, \u00e9s v\u00e1llalja az \u00f6sszes jogi k\u00f6vetkezm\u00e9nyt, ha bebizonyosodik, hogy nem \u0151 a fot\u00f3 szellemi tulajdonjogainak tulajdonosa. A versenyz\u0151 kiz\u00e1r\u00f3lagosan felel\u0151s minden k\u00f6zvetlen vagy k\u00f6zvetett k\u00f6vetkezm\u00e9ny\u00e9rt, amely a p\u00e1ly\u00e1zaton val\u00f3 r\u00e9szv\u00e9telb\u0151l eredhet. Tov\u00e1bb\u00e1, ha a felhaszn\u00e1l\u00f3 nem a fot\u00f3 szerz\u0151i jogainak tulajdonosa, nem kapja meg a megalap\u00edtott d\u00edjat, \u00e9s kiz\u00e1r\u00e1sra ker\u00fcl. A bek\u00fcld\u00f6tt fot\u00f3knak eredetinek kell lenni\u00fck, a versenyz\u0151k \u00e1ltal k\u00e9sz\u00edtetteknek. A verseny szervez\u0151je nem v\u00e1llal felel\u0151ss\u00e9get a versenyz\u0151k \u00e1ltal illeg\u00e1lisan eltulajdon\u00edtott f\u00e9nyk\u00e9pek\u00e9rt. Azok a f\u00e9nyk\u00e9pek, amelyek er\u0151szakot tartalmaznak vagy arra buzd\u00edtanak, illetve s\u00e9rt\u0151ek, vissza\u00e9l\u00e9sszer\u0171ek, illetlenek, r\u00e1galmaz\u00f3ak vagy obszc\u00e9nek, nem vehet\u0151k r\u00e9szt a versenyen. A verseny szervez\u0151je indokl\u00e1s n\u00e9lk\u00fcl megtagadhatja egy f\u00e9nyk\u00e9p p\u00e1ly\u00e1zatra val\u00f3 nevez\u00e9s\u00e9t, ha az nem felel meg a szab\u00e1lyzat felt\u00e9teleinek. A p\u00e1ly\u00e1zatra benevezett k\u00e9pek jogai a szerz\u0151ket illetik. A versenyz\u0151k szem\u00e9lyes adatait kiz\u00e1r\u00f3lag a verseny lebonyol\u00edt\u00e1sa \u00e9rdek\u00e9ben haszn\u00e1ljuk fel. A verseny szervez\u0151je semmilyen felel\u0151ss\u00e9get nem v\u00e1llal, ha harmadik felek a verseny Facebookj\u00e1r\u00f3l vagy m\u00e1s forr\u00e1sb\u00f3l let\u00f6ltik\/felhaszn\u00e1lj\u00e1k az anyagokat. <strong>4. \u00c1tadott d\u00edjak:<\/strong> <strong><em>F\u0151d\u00edj (3 nyertes)<\/em><\/strong> \u2013 az els\u0151 3 fot\u00f3 k\u00e9sz\u00edt\u0151i dupla megh\u00edv\u00f3t kapnak az UNITER D\u00edj\u00e1tad\u00f3 G\u00e1l\u00e1ra, amely m\u00e1jus 9-\u00e9n, 21:00 \u00f3r\u00e1t\u00f3l ker\u00fcl megrendez\u00e9sre a &quot;Regina Maria&quot; Sz\u00ednh\u00e1zban. <strong><em>M\u00e1sodlagos d\u00edj <\/em><\/strong>\u2013 a 10 d\u00f6nt\u0151s fot\u00f3t a rendezv\u00e9ny helysz\u00edn\u00e9n vet\u00edtett vide\u00f3kon kereszt\u00fcl mutatj\u00e1k be a nagyk\u00f6z\u00f6ns\u00e9gnek. A nyerteseket a Facebook-oldalon \u00e9s e-mailben hirdetik ki. <strong>5. Zs\u0171riz\u00e9s \u2013 K\u00f6z\u00f6ns\u00e9gszavaz\u00e1s<\/strong> <strong>A k\u00f6z\u00f6ns\u00e9gszavaz\u00e1s a fot\u00f3k l\u00e1jkol\u00e1s\u00e1val t\u00f6rt\u00e9nik a Visit Oradea Facebook oldal\u00e1n.<\/strong><\/p>\n<ul>\n<li>A legjobb 3 k\u00e9p, a legelismertebb fot\u00f3k f\u0151d\u00edjat nyernek (3 nyertes)<\/li>\n<li>A legjobb 10 k\u00e9p, a legelismertebbek, elnyerik a m\u00e1sodlagos d\u00edjat (bele\u00e9rtve a legjobb 3-at is).<\/li>\n<\/ul>\n<p><strong>6. Z\u00e1r\u00f3 rendelkez\u00e9sek<\/strong> Azok a k\u00e9pek, amelyek nem felelnek meg ezen szab\u00e1lyzat rendelkez\u00e9seinek, kiz\u00e1r\u00e1sra ker\u00fclnek a versenyb\u0151l. A versenyen val\u00f3 regisztr\u00e1ci\u00f3val \u00e9s r\u00e9szv\u00e9tellel a versenyz\u0151 kijelenti, hogy elolvasta \u00e9s elfogadja ezeket a szab\u00e1lyzatokat. A verseny szervez\u0151je fenntartja a jogot, hogy a szab\u00e1lyzatot b\u00e1rmikor \u00e9s b\u00e1rmikor, k\u00f6telezetts\u00e9g \u00e9s el\u0151zetes \u00e9rtes\u00edt\u00e9s n\u00e9lk\u00fcl m\u00f3dos\u00edtsa. \u00a0 \u00a0<\/p>","protected":false},"excerpt":{"rendered":"<p>\u00a0 A Rom\u00e1n Sz\u00ednh\u00e1zi Uni\u00f3 \u2013 UNITER, a Regina Maria Sz\u00ednh\u00e1zzal, a Nagyv\u00e1radi \u00e9s R\u00e9gi\u00f3 Turisztikai El\u0151mozd\u00edt\u00e1s\u00e1\u00e9rt Egyes\u00fclettel, a Nagyv\u00e1radi V\u00e1rosh\u00e1z\u00e1val \u00e9s a Bihar Megyei Tan\u00e1ccsal egy\u00fcttm\u0171k\u00f6dve szervezi meg a 2016-os UNITER D\u00cdJ\u00c1TSZ\u00d3 G\u00c1L\u00c1T.<\/p>","protected":false},"author":6,"featured_media":0,"comment_status":"open","ping_status":"open","sticky":false,"template":"","format":"standard","meta":{"_acf_changed":false,"footnotes":""},"categories":[22],"tags":[],"class_list":["post-1150","post","type-post","status-publish","format-standard","hentry","category-noutati-trupa-iosif-vulcan"],"aioseo_notices":[],"aioseo_head":"\n\t\t<!-- All in One SEO Pro 5.0.1.1 - aioseo.com -->\n\t<meta name=\"description\" content=\"Uniunea Teatral\u0103 din Rom\u00e2nia \u2013 UNITER, \u00een parteneriat cu Teatrul \u201eRegina Maria\u201d, Asocia\u0163ia pentru Promovarea Turismului din Oradea \u015fi Regiune, Prim\u0103ria Oradea \u015fi Consiliul Jude\u0163ean Bihor, organizeaz\u0103 GALA PREMIILOR UNITER 2016 eveniment care va avea loc luni, 9 mai, orele 21.00 \u00een Sala Mare a Teatrului \u201eRegina Maria\u201d din Oradea Cel mai important eveniment\" \/>\n\t<meta name=\"robots\" content=\"max-image-preview:large\" \/>\n\t<meta name=\"author\" content=\"Teatrul Regina Maria\"\/>\n\t<link rel=\"canonical\" href=\"https:\/\/www.teatrulreginamaria.ro\/hu\/oradea-impresie-variatii-artistice\/\" \/>\n\t<meta name=\"generator\" content=\"All in One SEO Pro (AIOSEO) 5.0.1.1\" \/>\n\t\t<meta property=\"og:locale\" content=\"hu_HU\" \/>\n\t\t<meta property=\"og:site_name\" content=\"Teatrul Regina Maria Oradea - Trupa Iosif Vulcan \u0219i Trupa Arcadia\" \/>\n\t\t<meta property=\"og:type\" content=\"article\" \/>\n\t\t<meta property=\"og:title\" content=\"ORADEA \u2013 IMPRESIE. VARIA\u0162II ARTISTICE - Teatrul Regina Maria Oradea\" \/>\n\t\t<meta property=\"og:description\" content=\"Uniunea Teatral\u0103 din Rom\u00e2nia \u2013 UNITER, \u00een parteneriat cu Teatrul \u201eRegina Maria\u201d, Asocia\u0163ia pentru Promovarea Turismului din Oradea \u015fi Regiune, Prim\u0103ria Oradea \u015fi Consiliul Jude\u0163ean Bihor, organizeaz\u0103 GALA PREMIILOR UNITER 2016 eveniment care va avea loc luni, 9 mai, orele 21.00 \u00een Sala Mare a Teatrului \u201eRegina Maria\u201d din Oradea Cel mai important eveniment\" \/>\n\t\t<meta property=\"og:url\" content=\"https:\/\/www.teatrulreginamaria.ro\/hu\/oradea-impresie-variatii-artistice\/\" \/>\n\t\t<meta property=\"og:image\" content=\"https:\/\/www.teatrulreginamaria.ro\/wp-content\/uploads\/2025\/03\/trm-istoric-01.jpg\" \/>\n\t\t<meta property=\"og:image:secure_url\" content=\"https:\/\/www.teatrulreginamaria.ro\/wp-content\/uploads\/2025\/03\/trm-istoric-01.jpg\" \/>\n\t\t<meta property=\"og:image:width\" content=\"1200\" \/>\n\t\t<meta property=\"og:image:height\" content=\"800\" \/>\n\t\t<meta property=\"article:published_time\" content=\"2016-04-08T08:54:32+00:00\" \/>\n\t\t<meta property=\"article:modified_time\" content=\"2016-04-08T08:54:32+00:00\" \/>\n\t\t<meta property=\"article:publisher\" content=\"https:\/\/www.facebook.com\/TRMTrupaIosifVulcan\/\" \/>\n\t\t<meta name=\"twitter:card\" content=\"summary_large_image\" \/>\n\t\t<meta name=\"twitter:site\" content=\"@TRMOradea\" \/>\n\t\t<meta name=\"twitter:title\" content=\"ORADEA \u2013 IMPRESIE. VARIA\u0162II ARTISTICE - Teatrul Regina Maria Oradea\" \/>\n\t\t<meta name=\"twitter:description\" content=\"Uniunea Teatral\u0103 din Rom\u00e2nia \u2013 UNITER, \u00een parteneriat cu Teatrul \u201eRegina Maria\u201d, Asocia\u0163ia pentru Promovarea Turismului din Oradea \u015fi Regiune, Prim\u0103ria Oradea \u015fi Consiliul Jude\u0163ean Bihor, organizeaz\u0103 GALA PREMIILOR UNITER 2016 eveniment care va avea loc luni, 9 mai, orele 21.00 \u00een Sala Mare a Teatrului \u201eRegina Maria\u201d din Oradea Cel mai important eveniment\" \/>\n\t\t<meta name=\"twitter:creator\" content=\"@TRMOradea\" \/>\n\t\t<meta name=\"twitter:image\" content=\"https:\/\/www.teatrulreginamaria.ro\/wp-content\/uploads\/2025\/03\/trm-istoric-01.jpg\" \/>\n\t\t<script type=\"application\/ld+json\" class=\"aioseo-schema\">\n\t\t\t{\"@context\":\"https:\\\/\\\/schema.org\",\"@graph\":[{\"@type\":\"BlogPosting\",\"@id\":\"https:\\\/\\\/www.teatrulreginamaria.ro\\\/hu\\\/oradea-impresie-variatii-artistice\\\/#blogposting\",\"name\":\"ORADEA \\u2013 IMPRESIE. VARIA\\u0162II ARTISTICE - Teatrul Regina Maria Oradea\",\"headline\":\"ORADEA &#8211; IMPRESIE. VARIA\\u0162II ARTISTICE\",\"author\":{\"@id\":\"https:\\\/\\\/www.teatrulreginamaria.ro\\\/hu\\\/author\\\/w3bmaster\\\/#author\"},\"publisher\":{\"@id\":\"https:\\\/\\\/www.teatrulreginamaria.ro\\\/hu\\\/#organization\"},\"image\":{\"@type\":\"ImageObject\",\"url\":\"https:\\\/\\\/www.teatrulreginamaria.ro\\\/wp-content\\\/uploads\\\/2025\\\/06\\\/logo-trm-01-dark.png\",\"@id\":\"https:\\\/\\\/www.teatrulreginamaria.ro\\\/hu\\\/#articleImage\",\"width\":300,\"height\":148},\"datePublished\":\"2016-04-08T08:54:32+03:00\",\"dateModified\":\"2016-04-08T08:54:32+03:00\",\"inLanguage\":\"hu-HU\",\"mainEntityOfPage\":{\"@id\":\"https:\\\/\\\/www.teatrulreginamaria.ro\\\/hu\\\/oradea-impresie-variatii-artistice\\\/#webpage\"},\"isPartOf\":{\"@id\":\"https:\\\/\\\/www.teatrulreginamaria.ro\\\/hu\\\/oradea-impresie-variatii-artistice\\\/#webpage\"},\"articleSection\":\"Nout\\u0103\\u021bi - Trupa Iosif Vulcan\"},{\"@type\":\"BreadcrumbList\",\"@id\":\"https:\\\/\\\/www.teatrulreginamaria.ro\\\/hu\\\/oradea-impresie-variatii-artistice\\\/#breadcrumblist\",\"itemListElement\":[{\"@type\":\"ListItem\",\"@id\":\"https:\\\/\\\/www.teatrulreginamaria.ro\\\/hu#listItem\",\"position\":1,\"name\":\"Home\",\"item\":\"https:\\\/\\\/www.teatrulreginamaria.ro\\\/hu\",\"nextItem\":{\"@type\":\"ListItem\",\"@id\":\"https:\\\/\\\/www.teatrulreginamaria.ro\\\/hu\\\/categorie\\\/noutati\\\/#listItem\",\"name\":\"Nout\\u0103\\u021bi\"}},{\"@type\":\"ListItem\",\"@id\":\"https:\\\/\\\/www.teatrulreginamaria.ro\\\/hu\\\/categorie\\\/noutati\\\/#listItem\",\"position\":2,\"name\":\"Nout\\u0103\\u021bi\",\"item\":\"https:\\\/\\\/www.teatrulreginamaria.ro\\\/hu\\\/categorie\\\/noutati\\\/\",\"nextItem\":{\"@type\":\"ListItem\",\"@id\":\"https:\\\/\\\/www.teatrulreginamaria.ro\\\/hu\\\/categorie\\\/noutati\\\/noutati-trupa-iosif-vulcan\\\/#listItem\",\"name\":\"Nout\\u0103\\u021bi - Trupa Iosif Vulcan\"},\"previousItem\":{\"@type\":\"ListItem\",\"@id\":\"https:\\\/\\\/www.teatrulreginamaria.ro\\\/hu#listItem\",\"name\":\"Home\"}},{\"@type\":\"ListItem\",\"@id\":\"https:\\\/\\\/www.teatrulreginamaria.ro\\\/hu\\\/categorie\\\/noutati\\\/noutati-trupa-iosif-vulcan\\\/#listItem\",\"position\":3,\"name\":\"Nout\\u0103\\u021bi - Trupa Iosif Vulcan\",\"item\":\"https:\\\/\\\/www.teatrulreginamaria.ro\\\/hu\\\/categorie\\\/noutati\\\/noutati-trupa-iosif-vulcan\\\/\",\"nextItem\":{\"@type\":\"ListItem\",\"@id\":\"https:\\\/\\\/www.teatrulreginamaria.ro\\\/hu\\\/oradea-impresie-variatii-artistice\\\/#listItem\",\"name\":\"ORADEA &#8211; IMPRESIE. VARIA\\u0162II ARTISTICE\"},\"previousItem\":{\"@type\":\"ListItem\",\"@id\":\"https:\\\/\\\/www.teatrulreginamaria.ro\\\/hu\\\/categorie\\\/noutati\\\/#listItem\",\"name\":\"Nout\\u0103\\u021bi\"}},{\"@type\":\"ListItem\",\"@id\":\"https:\\\/\\\/www.teatrulreginamaria.ro\\\/hu\\\/oradea-impresie-variatii-artistice\\\/#listItem\",\"position\":4,\"name\":\"ORADEA &#8211; IMPRESIE. VARIA\\u0162II ARTISTICE\",\"previousItem\":{\"@type\":\"ListItem\",\"@id\":\"https:\\\/\\\/www.teatrulreginamaria.ro\\\/hu\\\/categorie\\\/noutati\\\/noutati-trupa-iosif-vulcan\\\/#listItem\",\"name\":\"Nout\\u0103\\u021bi - Trupa Iosif Vulcan\"}}]},{\"@type\":\"Organization\",\"@id\":\"https:\\\/\\\/www.teatrulreginamaria.ro\\\/hu\\\/#organization\",\"name\":\"Teatrul Regina Maria Oradea\",\"description\":\"Trupa Iosif Vulcan \\u0219i Trupa Arcadia\",\"url\":\"https:\\\/\\\/www.teatrulreginamaria.ro\\\/hu\\\/\",\"email\":\"marketing@teatrulreginamaria.ro\",\"telephone\":\"+40359411534\",\"numberOfEmployees\":{\"@type\":\"QuantitativeValue\",\"minValue\":0,\"maxValue\":150},\"logo\":{\"@type\":\"ImageObject\",\"url\":\"https:\\\/\\\/www.teatrulreginamaria.ro\\\/wp-content\\\/uploads\\\/2025\\\/06\\\/logo-trm-01-dark.png\",\"@id\":\"https:\\\/\\\/www.teatrulreginamaria.ro\\\/hu\\\/oradea-impresie-variatii-artistice\\\/#organizationLogo\",\"width\":300,\"height\":148},\"image\":{\"@id\":\"https:\\\/\\\/www.teatrulreginamaria.ro\\\/hu\\\/oradea-impresie-variatii-artistice\\\/#organizationLogo\"},\"sameAs\":[\"https:\\\/\\\/www.facebook.com\\\/TRMTrupaIosifVulcan\\\/\",\"https:\\\/\\\/x.com\\\/TRMOradea\",\"https:\\\/\\\/www.instagram.com\\\/teatrul_regina_maria\\\/\",\"https:\\\/\\\/www.youtube.com\\\/c\\\/TeatrulReginaMariaOradea\",\"https:\\\/\\\/www.linkedin.com\\\/company\\\/teatrul-regina-maria\"]},{\"@type\":\"Person\",\"@id\":\"https:\\\/\\\/www.teatrulreginamaria.ro\\\/hu\\\/author\\\/w3bmaster\\\/#author\",\"url\":\"https:\\\/\\\/www.teatrulreginamaria.ro\\\/hu\\\/author\\\/w3bmaster\\\/\",\"name\":\"Teatrul Regina Maria\",\"image\":{\"@type\":\"ImageObject\",\"@id\":\"https:\\\/\\\/www.teatrulreginamaria.ro\\\/hu\\\/oradea-impresie-variatii-artistice\\\/#authorImage\",\"url\":\"https:\\\/\\\/secure.gravatar.com\\\/avatar\\\/5884139d508ae3f0bafe45e60563b48a9640146d3b08ccc6278c305ff9329305?s=96&d=mm&r=g\",\"width\":96,\"height\":96,\"caption\":\"Teatrul Regina Maria\"}},{\"@type\":\"WebPage\",\"@id\":\"https:\\\/\\\/www.teatrulreginamaria.ro\\\/hu\\\/oradea-impresie-variatii-artistice\\\/#webpage\",\"url\":\"https:\\\/\\\/www.teatrulreginamaria.ro\\\/hu\\\/oradea-impresie-variatii-artistice\\\/\",\"name\":\"ORADEA \\u2013 IMPRESIE. VARIA\\u0162II ARTISTICE - Teatrul Regina Maria Oradea\",\"description\":\"Uniunea Teatral\\u0103 din Rom\\u00e2nia \\u2013 UNITER, \\u00een parteneriat cu Teatrul \\u201eRegina Maria\\u201d, Asocia\\u0163ia pentru Promovarea Turismului din Oradea \\u015fi Regiune, Prim\\u0103ria Oradea \\u015fi Consiliul Jude\\u0163ean Bihor, organizeaz\\u0103 GALA PREMIILOR UNITER 2016 eveniment care va avea loc luni, 9 mai, orele 21.00 \\u00een Sala Mare a Teatrului \\u201eRegina Maria\\u201d din Oradea Cel mai important eveniment\",\"inLanguage\":\"hu-HU\",\"isPartOf\":{\"@id\":\"https:\\\/\\\/www.teatrulreginamaria.ro\\\/hu\\\/#website\"},\"breadcrumb\":{\"@id\":\"https:\\\/\\\/www.teatrulreginamaria.ro\\\/hu\\\/oradea-impresie-variatii-artistice\\\/#breadcrumblist\"},\"author\":{\"@id\":\"https:\\\/\\\/www.teatrulreginamaria.ro\\\/hu\\\/author\\\/w3bmaster\\\/#author\"},\"creator\":{\"@id\":\"https:\\\/\\\/www.teatrulreginamaria.ro\\\/hu\\\/author\\\/w3bmaster\\\/#author\"},\"datePublished\":\"2016-04-08T08:54:32+03:00\",\"dateModified\":\"2016-04-08T08:54:32+03:00\"},{\"@type\":\"WebSite\",\"@id\":\"https:\\\/\\\/www.teatrulreginamaria.ro\\\/hu\\\/#website\",\"url\":\"https:\\\/\\\/www.teatrulreginamaria.ro\\\/hu\\\/\",\"name\":\"Teatrul Regina Maria Oradea\",\"alternateName\":\"TRM Oradea\",\"description\":\"Trupa Iosif Vulcan \\u0219i Trupa Arcadia\",\"inLanguage\":\"hu-HU\",\"publisher\":{\"@id\":\"https:\\\/\\\/www.teatrulreginamaria.ro\\\/hu\\\/#organization\"}}]}\n\t\t<\/script>\n\t\t<!-- All in One SEO Pro -->\r\n\t\t<title>ORADEA \u2013 IMPRESIE. VARIA\u0162II ARTISTICE - Teatrul Regina Maria Oradea<\/title>\n\n","aioseo_head_json":{"title":"NAGYV\u00c1RAD \u2013 IMPRESSZI\u00d3. M\u0170V\u00c9SZI V\u00c1LTOZATOK - Nagyv\u00e1radi Regina Maria Sz\u00ednh\u00e1z","description":"A Rom\u00e1n Sz\u00ednh\u00e1zi Uni\u00f3 \u2013 UNITER, a \u201eRegina Maria\u201d Sz\u00ednh\u00e1zzal, a Nagyv\u00e1radi \u00e9s R\u00e9gi\u00f3 Turisztikai El\u0151mozd\u00edt\u00e1s\u00e1\u00e9rt Egyes\u00fclettel, a Nagyv\u00e1radi V\u00e1rosh\u00e1z\u00e1val \u00e9s a Bihar Megyei Tan\u00e1ccsal egy\u00fcttm\u0171k\u00f6dve megszervezi a 2016-os UNITER D\u00cdJ\u00c1TSZ\u00d3 G\u00c1L\u00c1T, amelyre m\u00e1jus 9-\u00e9n, h\u00e9tf\u0151n 21:00 \u00f3rakor ker\u00fcl sor a nagyv\u00e1radi \u201eRegina Maria\u201d Sz\u00ednh\u00e1z nagyterm\u00e9ben. A legfontosabb esem\u00e9ny...","canonical_url":"https:\/\/www.teatrulreginamaria.ro\/hu\/oradea-impresie-variatii-artistice\/","robots":"max-image-preview:large","keywords":"","webmasterTools":{"miscellaneous":""},"schema":{"@context":"https:\/\/schema.org","@graph":[{"@type":"BlogPosting","@id":"https:\/\/www.teatrulreginamaria.ro\/hu\/oradea-impresie-variatii-artistice\/#blogposting","name":"ORADEA \u2013 IMPRESIE. VARIA\u0162II ARTISTICE - Teatrul Regina Maria Oradea","headline":"ORADEA &#8211; IMPRESIE. VARIA\u0162II ARTISTICE","author":{"@id":"https:\/\/www.teatrulreginamaria.ro\/hu\/author\/w3bmaster\/#author"},"publisher":{"@id":"https:\/\/www.teatrulreginamaria.ro\/hu\/#organization"},"image":{"@type":"ImageObject","url":"https:\/\/www.teatrulreginamaria.ro\/wp-content\/uploads\/2025\/06\/logo-trm-01-dark.png","@id":"https:\/\/www.teatrulreginamaria.ro\/hu\/#articleImage","width":300,"height":148},"datePublished":"2016-04-08T08:54:32+03:00","dateModified":"2016-04-08T08:54:32+03:00","inLanguage":"hu-HU","mainEntityOfPage":{"@id":"https:\/\/www.teatrulreginamaria.ro\/hu\/oradea-impresie-variatii-artistice\/#webpage"},"isPartOf":{"@id":"https:\/\/www.teatrulreginamaria.ro\/hu\/oradea-impresie-variatii-artistice\/#webpage"},"articleSection":"Nout\u0103\u021bi - Trupa Iosif Vulcan"},{"@type":"BreadcrumbList","@id":"https:\/\/www.teatrulreginamaria.ro\/hu\/oradea-impresie-variatii-artistice\/#breadcrumblist","itemListElement":[{"@type":"ListItem","@id":"https:\/\/www.teatrulreginamaria.ro\/hu#listItem","position":1,"name":"Home","item":"https:\/\/www.teatrulreginamaria.ro\/hu","nextItem":{"@type":"ListItem","@id":"https:\/\/www.teatrulreginamaria.ro\/hu\/categorie\/noutati\/#listItem","name":"Nout\u0103\u021bi"}},{"@type":"ListItem","@id":"https:\/\/www.teatrulreginamaria.ro\/hu\/categorie\/noutati\/#listItem","position":2,"name":"Nout\u0103\u021bi","item":"https:\/\/www.teatrulreginamaria.ro\/hu\/categorie\/noutati\/","nextItem":{"@type":"ListItem","@id":"https:\/\/www.teatrulreginamaria.ro\/hu\/categorie\/noutati\/noutati-trupa-iosif-vulcan\/#listItem","name":"Nout\u0103\u021bi - Trupa Iosif Vulcan"},"previousItem":{"@type":"ListItem","@id":"https:\/\/www.teatrulreginamaria.ro\/hu#listItem","name":"Home"}},{"@type":"ListItem","@id":"https:\/\/www.teatrulreginamaria.ro\/hu\/categorie\/noutati\/noutati-trupa-iosif-vulcan\/#listItem","position":3,"name":"Nout\u0103\u021bi - Trupa Iosif Vulcan","item":"https:\/\/www.teatrulreginamaria.ro\/hu\/categorie\/noutati\/noutati-trupa-iosif-vulcan\/","nextItem":{"@type":"ListItem","@id":"https:\/\/www.teatrulreginamaria.ro\/hu\/oradea-impresie-variatii-artistice\/#listItem","name":"ORADEA &#8211; IMPRESIE. VARIA\u0162II ARTISTICE"},"previousItem":{"@type":"ListItem","@id":"https:\/\/www.teatrulreginamaria.ro\/hu\/categorie\/noutati\/#listItem","name":"Nout\u0103\u021bi"}},{"@type":"ListItem","@id":"https:\/\/www.teatrulreginamaria.ro\/hu\/oradea-impresie-variatii-artistice\/#listItem","position":4,"name":"ORADEA &#8211; IMPRESIE. VARIA\u0162II ARTISTICE","previousItem":{"@type":"ListItem","@id":"https:\/\/www.teatrulreginamaria.ro\/hu\/categorie\/noutati\/noutati-trupa-iosif-vulcan\/#listItem","name":"Nout\u0103\u021bi - Trupa Iosif Vulcan"}}]},{"@type":"Organization","@id":"https:\/\/www.teatrulreginamaria.ro\/hu\/#organization","name":"Teatrul Regina Maria Oradea","description":"Trupa Iosif Vulcan \u0219i Trupa Arcadia","url":"https:\/\/www.teatrulreginamaria.ro\/hu\/","email":"marketing@teatrulreginamaria.ro","telephone":"+40359411534","numberOfEmployees":{"@type":"QuantitativeValue","minValue":0,"maxValue":150},"logo":{"@type":"ImageObject","url":"https:\/\/www.teatrulreginamaria.ro\/wp-content\/uploads\/2025\/06\/logo-trm-01-dark.png","@id":"https:\/\/www.teatrulreginamaria.ro\/hu\/oradea-impresie-variatii-artistice\/#organizationLogo","width":300,"height":148},"image":{"@id":"https:\/\/www.teatrulreginamaria.ro\/hu\/oradea-impresie-variatii-artistice\/#organizationLogo"},"sameAs":["https:\/\/www.facebook.com\/TRMTrupaIosifVulcan\/","https:\/\/x.com\/TRMOradea","https:\/\/www.instagram.com\/teatrul_regina_maria\/","https:\/\/www.youtube.com\/c\/TeatrulReginaMariaOradea","https:\/\/www.linkedin.com\/company\/teatrul-regina-maria"]},{"@type":"Person","@id":"https:\/\/www.teatrulreginamaria.ro\/hu\/author\/w3bmaster\/#author","url":"https:\/\/www.teatrulreginamaria.ro\/hu\/author\/w3bmaster\/","name":"Teatrul Regina Maria","image":{"@type":"ImageObject","@id":"https:\/\/www.teatrulreginamaria.ro\/hu\/oradea-impresie-variatii-artistice\/#authorImage","url":"https:\/\/secure.gravatar.com\/avatar\/5884139d508ae3f0bafe45e60563b48a9640146d3b08ccc6278c305ff9329305?s=96&d=mm&r=g","width":96,"height":96,"caption":"Teatrul Regina Maria"}},{"@type":"WebPage","@id":"https:\/\/www.teatrulreginamaria.ro\/hu\/oradea-impresie-variatii-artistice\/#webpage","url":"https:\/\/www.teatrulreginamaria.ro\/hu\/oradea-impresie-variatii-artistice\/","name":"ORADEA \u2013 IMPRESIE. VARIA\u0162II ARTISTICE - Teatrul Regina Maria Oradea","description":"Uniunea Teatral\u0103 din Rom\u00e2nia \u2013 UNITER, \u00een parteneriat cu Teatrul \u201eRegina Maria\u201d, Asocia\u0163ia pentru Promovarea Turismului din Oradea \u015fi Regiune, Prim\u0103ria Oradea \u015fi Consiliul Jude\u0163ean Bihor, organizeaz\u0103 GALA PREMIILOR UNITER 2016 eveniment care va avea loc luni, 9 mai, orele 21.00 \u00een Sala Mare a Teatrului \u201eRegina Maria\u201d din Oradea Cel mai important eveniment","inLanguage":"hu-HU","isPartOf":{"@id":"https:\/\/www.teatrulreginamaria.ro\/hu\/#website"},"breadcrumb":{"@id":"https:\/\/www.teatrulreginamaria.ro\/hu\/oradea-impresie-variatii-artistice\/#breadcrumblist"},"author":{"@id":"https:\/\/www.teatrulreginamaria.ro\/hu\/author\/w3bmaster\/#author"},"creator":{"@id":"https:\/\/www.teatrulreginamaria.ro\/hu\/author\/w3bmaster\/#author"},"datePublished":"2016-04-08T08:54:32+03:00","dateModified":"2016-04-08T08:54:32+03:00"},{"@type":"WebSite","@id":"https:\/\/www.teatrulreginamaria.ro\/hu\/#website","url":"https:\/\/www.teatrulreginamaria.ro\/hu\/","name":"Teatrul Regina Maria Oradea","alternateName":"TRM Oradea","description":"Trupa Iosif Vulcan \u0219i Trupa Arcadia","inLanguage":"hu-HU","publisher":{"@id":"https:\/\/www.teatrulreginamaria.ro\/hu\/#organization"}}]},"og:locale":"hu_HU","og:site_name":"Teatrul Regina Maria Oradea - Trupa Iosif Vulcan \u0219i Trupa Arcadia","og:type":"article","og:title":"ORADEA \u2013 IMPRESIE. VARIA\u0162II ARTISTICE - Teatrul Regina Maria Oradea","og:description":"Uniunea Teatral\u0103 din Rom\u00e2nia \u2013 UNITER, \u00een parteneriat cu Teatrul \u201eRegina Maria\u201d, Asocia\u0163ia pentru Promovarea Turismului din Oradea \u015fi Regiune, Prim\u0103ria Oradea \u015fi Consiliul Jude\u0163ean Bihor, organizeaz\u0103 GALA PREMIILOR UNITER 2016 eveniment care va avea loc luni, 9 mai, orele 21.00 \u00een Sala Mare a Teatrului \u201eRegina Maria\u201d din Oradea Cel mai important eveniment","og:url":"https:\/\/www.teatrulreginamaria.ro\/hu\/oradea-impresie-variatii-artistice\/","og:image":"https:\/\/www.teatrulreginamaria.ro\/wp-content\/uploads\/2025\/03\/trm-istoric-01.jpg","og:image:secure_url":"https:\/\/www.teatrulreginamaria.ro\/wp-content\/uploads\/2025\/03\/trm-istoric-01.jpg","og:image:width":1200,"og:image:height":800,"article:published_time":"2016-04-08T08:54:32+00:00","article:modified_time":"2016-04-08T08:54:32+00:00","article:publisher":"https:\/\/www.facebook.com\/TRMTrupaIosifVulcan\/","twitter:card":"summary_large_image","twitter:site":"@TRMOradea","twitter:title":"ORADEA \u2013 IMPRESIE. VARIA\u0162II ARTISTICE - Teatrul Regina Maria Oradea","twitter:description":"Uniunea Teatral\u0103 din Rom\u00e2nia \u2013 UNITER, \u00een parteneriat cu Teatrul \u201eRegina Maria\u201d, Asocia\u0163ia pentru Promovarea Turismului din Oradea \u015fi Regiune, Prim\u0103ria Oradea \u015fi Consiliul Jude\u0163ean Bihor, organizeaz\u0103 GALA PREMIILOR UNITER 2016 eveniment care va avea loc luni, 9 mai, orele 21.00 \u00een Sala Mare a Teatrului \u201eRegina Maria\u201d din Oradea Cel mai important eveniment","twitter:creator":"@TRMOradea","twitter:image":"https:\/\/www.teatrulreginamaria.ro\/wp-content\/uploads\/2025\/03\/trm-istoric-01.jpg"},"aioseo_meta_data":{"post_id":"1150","title":null,"description":null,"keywords":null,"keyphrases":null,"primary_term":null,"canonical_url":null,"og_title":null,"og_description":null,"og_object_type":"default","og_image_type":"default","og_image_url":null,"og_image_width":null,"og_image_height":null,"og_image_custom_url":null,"og_image_custom_fields":null,"og_video":null,"og_custom_url":null,"og_article_section":null,"og_article_tags":null,"twitter_use_og":false,"twitter_card":"default","twitter_image_type":"default","twitter_image_url":null,"twitter_image_custom_url":null,"twitter_image_custom_fields":null,"twitter_title":null,"twitter_description":null,"schema":{"blockGraphs":[],"customGraphs":[],"default":{"data":{"Article":[],"Course":[],"Dataset":[],"FAQPage":[],"Movie":[],"Person":[],"Product":[],"ProductReview":[],"Car":[],"Recipe":[],"Service":[],"SoftwareApplication":[],"WebPage":[]},"graphName":"","isEnabled":true},"graphs":[]},"schema_type":"default","schema_type_options":null,"pillar_content":false,"robots_default":true,"robots_noindex":false,"robots_noarchive":false,"robots_nosnippet":false,"robots_nofollow":false,"robots_noimageindex":false,"robots_noodp":false,"robots_notranslate":false,"robots_max_snippet":null,"robots_max_videopreview":null,"robots_max_imagepreview":"large","priority":null,"frequency":null,"local_seo":null,"seo_analyzer_scan_date":"2026-05-13 01:08:46","breadcrumb_settings":null,"limit_modified_date":false,"reviewed_by":null,"open_ai":null,"ai":null,"created":"2025-04-09 17:40:57","updated":"2026-05-13 01:08:46","focus_keyword":null,"additional_keywords":null,"truseo_locale":null},"aioseo_breadcrumb":"<div class=\"aioseo-breadcrumbs\"><span class=\"aioseo-breadcrumb\">\n\t<a href=\"https:\/\/www.teatrulreginamaria.ro\/hu\" title=\"Home\">Home<\/a>\n<\/span><span class=\"aioseo-breadcrumb-separator\">&raquo;<\/span><span class=\"aioseo-breadcrumb\">\n\t<a href=\"https:\/\/www.teatrulreginamaria.ro\/hu\/categorie\/noutati\/\" title=\"Nout\u0103\u021bi\">Nout\u0103\u021bi<\/a>\n<\/span><span class=\"aioseo-breadcrumb-separator\">&raquo;<\/span><span class=\"aioseo-breadcrumb\">\n\t<a href=\"https:\/\/www.teatrulreginamaria.ro\/hu\/categorie\/noutati\/noutati-trupa-iosif-vulcan\/\" title=\"Nout\u0103\u021bi - Trupa Iosif Vulcan\">Nout\u0103\u021bi - Trupa Iosif Vulcan<\/a>\n<\/span><span class=\"aioseo-breadcrumb-separator\">&raquo;<\/span><span class=\"aioseo-breadcrumb\">\n\tORADEA \u2013 IMPRESIE. VARIA\u0162II ARTISTICE\n<\/span><\/div>","aioseo_breadcrumb_json":[{"label":"Home","link":"https:\/\/www.teatrulreginamaria.ro\/hu"},{"label":"Nout\u0103\u021bi","link":"https:\/\/www.teatrulreginamaria.ro\/hu\/categorie\/noutati\/"},{"label":"Nout\u0103\u021bi - Trupa Iosif Vulcan","link":"https:\/\/www.teatrulreginamaria.ro\/hu\/categorie\/noutati\/noutati-trupa-iosif-vulcan\/"},{"label":"ORADEA &#8211; IMPRESIE. VARIA\u0162II ARTISTICE","link":"https:\/\/www.teatrulreginamaria.ro\/hu\/oradea-impresie-variatii-artistice\/"}],"acf":[],"_links":{"self":[{"href":"https:\/\/www.teatrulreginamaria.ro\/hu\/wp-json\/wp\/v2\/posts\/1150","targetHints":{"allow":["GET"]}}],"collection":[{"href":"https:\/\/www.teatrulreginamaria.ro\/hu\/wp-json\/wp\/v2\/posts"}],"about":[{"href":"https:\/\/www.teatrulreginamaria.ro\/hu\/wp-json\/wp\/v2\/types\/post"}],"author":[{"embeddable":true,"href":"https:\/\/www.teatrulreginamaria.ro\/hu\/wp-json\/wp\/v2\/users\/6"}],"replies":[{"embeddable":true,"href":"https:\/\/www.teatrulreginamaria.ro\/hu\/wp-json\/wp\/v2\/comments?post=1150"}],"version-history":[{"count":0,"href":"https:\/\/www.teatrulreginamaria.ro\/hu\/wp-json\/wp\/v2\/posts\/1150\/revisions"}],"wp:attachment":[{"href":"https:\/\/www.teatrulreginamaria.ro\/hu\/wp-json\/wp\/v2\/media?parent=1150"}],"wp:term":[{"taxonomy":"category","embeddable":true,"href":"https:\/\/www.teatrulreginamaria.ro\/hu\/wp-json\/wp\/v2\/categories?post=1150"},{"taxonomy":"post_tag","embeddable":true,"href":"https:\/\/www.teatrulreginamaria.ro\/hu\/wp-json\/wp\/v2\/tags?post=1150"}],"curies":[{"name":"munkaf\u00fczet","href":"https:\/\/api.w.org\/{rel}","templated":true}]}}