{"id":1160,"date":"2016-05-10T08:11:39","date_gmt":"2016-05-10T08:11:39","guid":{"rendered":"https:\/\/teatrulreginamaria.ro\/2016\/05\/10\/castigatorii-galei-premiilor-uniter-2016\/"},"modified":"2016-05-10T08:11:39","modified_gmt":"2016-05-10T08:11:39","slug":"a-2016-os-uniter-awards-gala-nyertesei","status":"publish","type":"post","link":"https:\/\/www.teatrulreginamaria.ro\/hu\/castigatorii-galei-premiilor-uniter-2016\/","title":{"rendered":"A 2016-os UNITER D\u00edj\u00e1tad\u00f3 G\u00e1la nyertesei"},"content":{"rendered":"<p style=\"text-align: justify;\">Az UNITER D\u00edj\u00e1tad\u00f3 G\u00e1l\u00e1ra, imm\u00e1r 24. kiad\u00e1s\u00e1ra, 2016. m\u00e1jus 9-\u00e9n, h\u00e9tf\u0151n ker\u00fclt sor a nagyv\u00e1radi &quot;Regina Maria&quot; Sz\u00ednh\u00e1z nagyterm\u00e9ben. Bemutatjuk a jelenlegi kiad\u00e1s nyerteseinek list\u00e1j\u00e1t.<\/p>\n<p><!--more--><\/p>\n<p style=\"text-align: justify;\">Az UNITER-d\u00edj\u00e1tad\u00f3 g\u00e1la 24. kiad\u00e1s\u00e1n a jel\u00f6l\u0151zs\u0171rit sz\u00ednh\u00e1zkritikusok alkott\u00e1k: Claudiu Groza, Doina Papp \u00e9s Cristina Rusiecki.<\/p>\n<p style=\"text-align: justify;\">A gy\u0151zteseket kijel\u00f6l\u0151 v\u00e9gs\u0151 zs\u0171ri Alice Georgescu sz\u00ednh\u00e1zi kritikus, Mircea Morariu sz\u00ednh\u00e1zi kritikus, Ozana Oancea sz\u00edn\u00e9szn\u0151, Viorica Petrovici d\u00edszlettervez\u0151, Alexa Visarion rendez\u0151 alkotta.<\/p>\n<p style=\"text-align: justify;\"><strong>jel\u00f6l\u00e9sek<\/strong>\u00a0Az UNITER D\u00edj\u00e1tad\u00f3 G\u00e1la idei kiad\u00e1s\u00e1nak d\u00edjai a k\u00f6vetkez\u0151k voltak. Az egyes kateg\u00f3ri\u00e1k gy\u0151zteseit, akiket a g\u00e1la sor\u00e1n hirdetnek ki, karakterekkel jel\u00f6lik. <strong>full\u00e1nk<\/strong>.<\/p>\n<p style=\"text-align: justify;\"><strong>Bemutatkoz\u00e1s:<\/strong><\/p>\n<p style=\"text-align: justify;\"><strong>Ada Gale\u015f a szerep\u00e9rt\u00a0<em>esti istentisztelet a szenved\u00e9ly het\u00e9ben<\/em>\u00a0a m\u0171sorb\u00f3l\u00a0<em>A probl\u00e9m\u00e1s gyerek<\/em>, rendezte Adrian Iclenzan, d\u00edszlettervez\u0151: Bogdan Sp\u0103taru, a brass\u00f3i &quot;Sic\u0103 Alexandrescu&quot; Sz\u00ednh\u00e1zban<\/strong><\/p>\n<p style=\"text-align: justify;\"><strong>Andreea Tanase<\/strong>\u00a0a szerep\u00e9rt\u00a0<em>Szamir\u00a0<\/em>a m\u0171sorb\u00f3l\u00a0<em>A Balk\u00e1n<\/em>, rendezte Alexander Hausvater, d\u00edszlettervez\u0151: Feh\u00e9rv\u00e1ri Zsolt, a T\u00e2rgovi\u015ftei &quot;Tony Bulandra&quot; Sz\u00ednh\u00e1zban<\/p>\n<p style=\"text-align: justify;\"><strong>Alexander Voicu<\/strong>\u00a0a szerep\u00e9rt\u00a0<em>A m\u00e1sodik f\u00e9rfi, Albert<\/em>\u00a0a m\u0171sorb\u00f3l\u00a0<em>ILL\u00daZI\u00d3K<\/em><strong>,\u00a0<\/strong>rendezte: Andreea Vulpe<em>,\u00a0<\/em>a Godot K\u00e1v\u00e9z\u00f3-Sz\u00ednh\u00e1zban<\/p>\n<p style=\"text-align: justify;\"><strong>Legjobb r\u00e1di\u00f3s dr\u00e1mam\u0171sor:<\/strong><\/p>\n<p style=\"text-align: justify;\"><strong>Henri Mathias Berthelot, a t\u00e1bornokok t\u00e1bornoka<\/strong>, forgat\u00f3k\u00f6nyv: Victor Cilinc\u0103, m\u0171v\u00e9szeti vezet\u0151: Vizauer Attila, produkci\u00f3: a Rom\u00e1n M\u0171sorsz\u00f3r\u00f3 V\u00e1llalat<\/p>\n<p style=\"text-align: justify;\"><strong>A Backgammon Player, rendezte George Arion, r\u00e1di\u00f3dramatiz\u00e1l\u00e1s \u00e9s m\u0171v\u00e9szeti vezet\u00e9s: Cezarina Udrescu, produkci\u00f3: a Rom\u00e1n R\u00e1di\u00f3t\u00e1rsas\u00e1g<\/strong><\/p>\n<p style=\"text-align: justify;\"><strong>Rapunzel\u00a0<\/strong>Grimm testv\u00e9rek, r\u00e1di\u00f3forgat\u00f3k\u00f6nyv \u00e9s m\u0171v\u00e9szeti vezet\u00e9s: Gavriil Pinte, a Rom\u00e1n R\u00e1di\u00f3t\u00e1rsas\u00e1g produkci\u00f3ja<\/p>\n<p style=\"text-align: justify;\"><strong>Legjobb t\u00e9v\u00e9sorozat:<\/strong><\/p>\n<p style=\"text-align: justify;\"><strong>A keny\u00e9rzseb, Matei Vi\u015fniec, rendezte: Tudor Chiril\u0103, a Rom\u00e1n Telev\u00edzi\u00f3 T\u00e1rsas\u00e1g produkci\u00f3ja<\/strong><\/p>\n<p style=\"text-align: justify;\"><strong>A t\u00f6k\u00e9letes n\u0151<\/strong>\u00a0Jean Barbier toll\u00e1b\u00f3l, Marius Bodochi rendez\u00e9s\u00e9ben, a Rom\u00e1n Telev\u00edzi\u00f3s T\u00e1rsas\u00e1g produkci\u00f3ja<\/p>\n<p style=\"text-align: justify;\"><strong>Sz\u00ednh\u00e1zi Kritika D\u00edj:<\/strong><\/p>\n<p style=\"text-align: justify;\">Silvia Dumitrache<\/p>\n<p style=\"text-align: justify;\">Oana Stoica<\/p>\n<p style=\"text-align: justify;\"><strong>Maria Zarnescu<\/strong><\/p>\n<p style=\"text-align: justify;\"><strong>Legjobb d\u00edszlet:<\/strong><\/p>\n<p style=\"text-align: justify;\"><strong>Adrian Damian a m\u0171sor d\u00edszletei\u00e9rt\u00a0<em>A kopasz \u00e9nekesn\u0151<\/em>, Radu Nica rendez\u00e9s\u00e9ben, a j\u00e1szv\u00e1s\u00e1ri &quot;Vasile Alecsandri&quot; Nemzeti Sz\u00ednh\u00e1zban<\/strong><\/p>\n<p style=\"text-align: justify;\"><strong>Andu Dumitrescu<\/strong>\u00a0a m\u0171sor d\u00edszlet\u00e9hez\u00a0<em>Szentiv\u00e1n\u00e9ji \u00e1lom<\/em>, rendezte: Vlad Massaci, a Marosv\u00e1s\u00e1rhelyi Nemzeti Sz\u00ednh\u00e1zban, &quot;Liviu Rebreanu&quot; T\u00e1rsulat\u201e<\/p>\n<p style=\"text-align: justify;\"><strong>Octavianus Neculai<\/strong>\u00a0a m\u0171sor d\u00edszlet\u00e9hez\u00a0<em>Bach-akt\u00e1k<\/em>, rendezte: Alexandru Darie, a bukaresti Bulandra Sz\u00ednh\u00e1zban<\/p>\n<p style=\"text-align: justify;\"><strong>Legjobb n\u0151i mell\u00e9kszerepl\u0151:<\/strong><\/p>\n<p style=\"text-align: justify;\"><strong>Ida Jarcsek-G\u00e1za<\/strong>\u00a0a szerep\u00e9rt\u00a0<em>Kl\u00fctaimn\u00e9sztra\u00a0<\/em>a m\u0171sorb\u00f3l\u00a0<em>elektromosan<\/em>, rendezte Bocs\u00e1rdi L\u00e1szl\u00f3, d\u00edszlet \u00e9s jelmezek Bartha J\u00f3zsef \u00e9s Kiss Zsuzsanna, a Temesv\u00e1ri N\u00e9met \u00c1llami Sz\u00ednh\u00e1zban<\/p>\n<p style=\"text-align: justify;\"><strong>Ilinca Manolache a sorozatban ny\u00fajtott szerepei\u00e9rt\u00a0<em>Az elt\u0171nt \u00e9v. 1989<\/em>, rendezte: Ana M\u0103rgineanu, d\u00edszlettervez\u0151: Anda Pop, a bukaresti Kissz\u00ednh\u00e1zban<\/strong><\/p>\n<p style=\"text-align: justify;\"><strong>Florentina Nastase<\/strong>\u00a0a szerep\u00e9rt\u00a0<em>bab\u00e9r<\/em>\u00a0a m\u0171sorb\u00f3l\u00a0<em>Az \u00fcveg \u00e1llatkert<\/em>, rendezte S\u00e2nziana Stoican, d\u00edszlettervez\u0151: Valentin V\u00e2rlan, a ploie\u015fti &quot;Toma Caragiu&quot; Sz\u00ednh\u00e1zban<\/p>\n<p style=\"text-align: justify;\"><strong>Legjobb f\u00e9rfi mell\u00e9kszerepl\u0151:<\/strong><\/p>\n<p style=\"text-align: justify;\"><strong>George Albert Costea\u00a0<\/strong>a szerep\u00e9rt<em>\u00a0Posner\u00a0<\/em>a m\u0171sorb\u00f3l<em>\u00a0A t\u00f6rt\u00e9nelem fi\u00fak. T\u00f6rt\u00e9netek k\u00f6z\u00e9piskol\u00e1s hangulattal.<\/em>, rendezte \u00e9s d\u00edszletet tervezett Vlad Cristache, a bukaresti Excelsior Sz\u00ednh\u00e1zban<\/p>\n<p style=\"text-align: justify;\"><strong>Konstantin Keidel\u00a0<\/strong>a szerep\u00e9rt\u00a0<em>\u00f6regember<\/em>\u00a0a m\u0171sorb\u00f3l\u00a0<em>elektromosan<\/em>, rendezte Bocs\u00e1rdi L\u00e1szl\u00f3, d\u00edszlet \u00e9s jelmezek Bartha J\u00f3zsef \u00e9s Kiss Zsuzsanna, a Temesv\u00e1ri N\u00e9met \u00c1llami Sz\u00ednh\u00e1zban<\/p>\n<p style=\"text-align: justify;\"><strong>Marius Manole a szerepek\u00e9rt\u00a0<em>Az apatikus \u00f6regasszony, a sz\u00edn\u00e9sz\u00a0<\/em>a m\u0171sorb\u00f3l<em>\u00a0Minden rendben van k\u00f6zt\u00fcnk.<\/em>, rendezte: Radu Afrim, d\u00edszlettervez\u0151: Irina Moscu, a bukaresti &quot;IL Caragiale&quot; Nemzeti Sz\u00ednh\u00e1zban<\/strong><\/p>\n<p style=\"text-align: justify;\"><strong>Legjobb n\u0151i f\u0151szerepl\u0151:<\/strong><\/p>\n<p style=\"text-align: justify;\"><strong>Dorina Chiriac<\/strong>\u00a0a szerepek\u00e9rt\u00a0<em>A f\u00e9ml\u00e1ny, a rendez\u0151<\/em>\u00a0a m\u0171sorb\u00f3l\u00a0<em>Minden rendben van k\u00f6zt\u00fcnk.<\/em>, rendezte: Radu Afrim, d\u00edszlettervez\u0151: Irina Moscu, a bukaresti &quot;IL Caragiale&quot; Nemzeti Sz\u00ednh\u00e1zban<\/p>\n<p style=\"text-align: justify;\"><strong>Emilia Dobrin a szerep\u00e9rt\u00a0<em>Elena<\/em>\u00a0a m\u0171sorb\u00f3l\u00a0<em>H\u00e1z macsk\u00e1kkal<\/em>, rendezte: Radu Iacoban, d\u00edszlettervez\u0151: Mihaela Ularu, a bukaresti Kissz\u00ednh\u00e1zban<\/strong><\/p>\n<p style=\"text-align: justify;\"><strong>B. F\u00fcl\u00f6p Erzs\u00e9bet<\/strong>\u00a0a szerep\u00e9rt<em>\u00a0Sz\u00fcl\u0151<\/em>\u00a0a m\u0171sorb\u00f3l\u00a0<em>Csendes<\/em>, rendez\u0151: Radu Afrim, d\u00edszlet \u00e9s jelmezek: Adrian Damian \u00e9s M\u00e1rton Erika, a Marosv\u00e1s\u00e1rhelyi Nemzeti Sz\u00ednh\u00e1zban, a Tompa Mikl\u00f3s T\u00e1rsulat\u201e<\/p>\n<p style=\"text-align: justify;\"><strong>Legjobb f\u00e9rfi f\u0151szerepl\u0151:<\/strong><\/p>\n<p style=\"text-align: justify;\"><strong>B\u00e1lint Rich\u00e1rd<\/strong>\u00a0a szerep\u00e9rt\u00a0<em>Szurdok\u00a0<\/em>a m\u0171sorb\u00f3l\u00a0<em>A szurdok mastromas\u00e1nak ritu\u00e1lis meggyilkol\u00e1sa<\/em>, rendezte: Bobi Pricop, d\u00edszlettervez\u0151: Irina Moscu, a nagyv\u00e1radi Regina Maria Sz\u00ednh\u00e1zban<\/p>\n<p style=\"text-align: justify;\"><strong>Florin Piersic Jr.<\/strong>\u00a0a szerep\u00e9rt\u00a0<em>Coleman<\/em>\u00a0a m\u0171sorb\u00f3l\u00a0<em>A Mag\u00e1nyos Nyugat<\/em>, rendezte: Cristi Juncu, d\u00edszlettervez\u0151: Carmencita Brojboiu, a bukaresti &quot;Nottara&quot; Sz\u00ednh\u00e1zban<\/p>\n<p style=\"text-align: justify;\"><strong>Marian R\u00e2lea a szerep\u00e9rt\u00a0<em>Tullius<\/em>\u00a0a M\u00e1rv\u00e1ny c\u00edm\u0171 el\u0151ad\u00e1sb\u00f3l, rendezte: Jurij Kordonszkij, d\u00edszlet \u00e9s jelmezek: Nina Brumu\u015fil\u0103, a bukaresti Bulandra Sz\u00ednh\u00e1zban<\/strong><\/p>\n<p style=\"text-align: justify;\"><strong>Legjobb ir\u00e1ny:<\/strong><\/p>\n<p style=\"text-align: justify;\"><strong>Radu Afrim a m\u0171sor rendez\u00e9s\u00e9\u00e9rt\u00a0<em>Csendes<\/em>, d\u00edszlet \u00e9s jelmezek Adrian Damian \u00e9s M\u00e1rton Erika, a Marosv\u00e1s\u00e1rhelyi Nemzeti Sz\u00ednh\u00e1zban, &quot;Tompa Mikl\u00f3s&quot; T\u00e1rsulat\u201e<\/strong><\/p>\n<p style=\"text-align: justify;\"><strong>Cristi Juncu\u00a0<\/strong>a m\u0171sor rendez\u00e9s\u00e9\u00e9rt\u00a0<em>A Mag\u00e1nyos Nyugat<\/em>, d\u00edszlettervez\u0151: Carmencita Brojboiu, a bukaresti &quot;Nottara&quot; Sz\u00ednh\u00e1zban<\/p>\n<p style=\"text-align: justify;\"><strong>Bobi Pricop\u00a0<\/strong>a m\u0171sor rendez\u00e9s\u00e9\u00e9rt\u00a0<em>Z\u00f6ld macska<\/em>, d\u00edszlet Irina Moscu, a j\u00e1szv\u00e1s\u00e1ri &quot;Luceaf\u0103rul&quot; Sz\u00ednh\u00e1zban<\/p>\n<p style=\"text-align: justify;\"><strong>Legjobb m\u0171sor:<\/strong><\/p>\n<p style=\"text-align: justify;\"><strong>Tadeusz S\u0142obodzianek \u00f3r\u00e1ja, Bocs\u00e1rdi L\u00e1szl\u00f3 rendez\u00e9s\u00e9ben, Bartha J\u00f3zsef \u00e9s Kiss Zsuzsanna d\u00edszleteivel \u00e9s jelmezeivel a kolozsv\u00e1ri &quot;Lucian Blaga&quot; Nemzeti Sz\u00ednh\u00e1zban<\/strong><\/p>\n<p style=\"text-align: justify;\"><strong>The Sunset Limited\u00a0<\/strong>Cormac McCarthy, rendezte: Andrei \u00e9s Andreea Grosu, d\u00edszlettervez\u0151: Vladimir Turturic\u0103, a bukaresti UNTEATRU Sz\u00ednh\u00e1zban<\/p>\n<p style=\"text-align: justify;\"><strong>Csendes\u00a0<\/strong>Bartis Attila ut\u00e1n, Radu Afrim rendez\u00e9s\u00e9ben, Adrian Damian \u00e9s M\u00e1rton Erika d\u00edszleteiben \u00e9s jelmezeiben a Marosv\u00e1s\u00e1rhelyi Nemzeti Sz\u00ednh\u00e1zban a Tompa Mikl\u00f3s T\u00e1rsulat\u201e<\/p>\n<p style=\"text-align: justify;\"><strong>UNITER Szen\u00e1tusi D\u00edjak<\/strong><\/p>\n<p style=\"text-align: justify;\">A Rom\u00e1n Sz\u00ednh\u00e1zi Uni\u00f3 alapszab\u00e1lya szerint az UNITER Szen\u00e1tusa az UNITER D\u00edj\u00e1tad\u00f3 G\u00e1l\u00e1n \u00edt\u00e9li oda a kiv\u00e1l\u00f3s\u00e1gi d\u00edjat, a teljes tev\u00e9kenys\u00e9g\u00e9rt j\u00e1r\u00f3 d\u00edjakat \u00e9s a k\u00fcl\u00f6nd\u00edjakat.<\/p>\n<p style=\"text-align: justify;\">A sz\u00ednh\u00e1zakt\u00f3l be\u00e9rkezett javaslatok \u00e9s az UNITER Szen\u00e1tus tagjainak javaslatai alapj\u00e1n a Szen\u00e1tus a 2016.02.29-i \u00fcl\u00e9s\u00e9n a k\u00f6vetkez\u0151 d\u00edjakat \u00edt\u00e9lte oda:<\/p>\n<p style=\"text-align: justify;\"><strong>Kiv\u00e1l\u00f3s\u00e1gi D\u00edj:<\/strong>\u00a0GIGI C\u0115CIULEANU<\/p>\n<p style=\"text-align: justify;\">A teljes tev\u00e9kenys\u00e9g\u00e9rt j\u00e1r\u00f3 d\u00edj:<\/p>\n<p style=\"text-align: justify;\"><strong>Sz\u00edn\u00e9szn\u0151:<\/strong>\u00a0LUMINITA GHEORGHIU<\/p>\n<p style=\"text-align: justify;\"><strong>Sz\u00edn\u00e9sz:<\/strong>\u00a0VLADIMIR GAITAN<\/p>\n<p style=\"text-align: justify;\"><strong>Igazgat\u00f3:<\/strong>\u00a0VIKTOR IOAN FRUNZA<\/p>\n<p style=\"text-align: justify;\"><strong>D\u00edszlettervez\u0151:<\/strong>\u00a0M\u00c1RIA MIU<\/p>\n<p style=\"text-align: justify;\"><strong>Sz\u00ednh\u00e1zi kritika \u00e9s t\u00f6rt\u00e9net:<\/strong>\u00a0ANCA MANIUTIU<\/p>\n<p style=\"text-align: justify;\">K\u00dcL\u00d6NLEGES D\u00cdJAK<\/p>\n<p style=\"text-align: justify;\"><strong>Sz\u00ednh\u00e1zi zen\u00e9\u00e9rt j\u00e1r\u00f3 k\u00fcl\u00f6nd\u00edj:<\/strong>\u00a0ADRIAN ENESCU<\/p>\n<p style=\"text-align: justify;\"><strong>K\u00fcl\u00f6nd\u00edj:<\/strong>\u00a0B\u00c1CS MIKL\u00d3S, a fiatalabb sz\u00edn\u00e9szgener\u00e1ci\u00f3k mentora<\/p>\n<p style=\"text-align: justify;\"><strong>K\u00fcl\u00f6nd\u00edj a legt\u00f6bbet j\u00e1tszott kort\u00e1rs rom\u00e1n dr\u00e1ma\u00edr\u00f3nak:<\/strong>\u00a0MATEI VI\u015eNIEC<\/p>\n<p style=\"text-align: justify;\"><strong>K\u00fcl\u00f6nd\u00edj a sz\u00ednh\u00e1znak \u00e9s a k\u00f6lt\u00e9szetnek szentelt \u00e9letm\u0171\u00e9rt:<\/strong>\u00a0EUGEN \u0162UGULEA<\/p>\n<p style=\"text-align: justify;\">Az UNITER eln\u00f6k\u00e9nek, Ion Caramitru-nak j\u00e1r\u00f3 d\u00edjat Emil Boroghin\u0103, a Craiovai Shakespeare Fesztiv\u00e1l igazgat\u00f3ja kapta.<\/p>\n<p style=\"text-align: justify;\">K\u00e9t fiatal sz\u00edn\u00e9szt, Alexandra R\u0103descut \u00e9s Dorin Eugen Ionescut d\u00edjazta a British Council a 2016-os UNITER G\u00e1l\u00e1n. Az 1998 \u00f3ta minden UNITER D\u00edj\u00e1tad\u00f3 G\u00e1l\u00e1n \u00e1tadott hagyom\u00e1nyos d\u00edj c\u00e9lja, hogy \u00f6szt\u00f6n\u00f6zze a fiatal sz\u00edn\u00e9szeket Shakespeare \u00fajraolvas\u00e1s\u00e1ra \u00e9s sz\u00ednpadi megalkot\u00e1s\u00e1ra r\u00f6vid el\u0151ad\u00e1si pillanatokban. A k\u00e9t el\u0151ad\u00e1s a bukaresti &quot;IL Caragiale&quot; Nemzeti Sz\u00ednh\u00e1z Kisterm\u00e9nek reperto\u00e1rj\u00e1nak r\u00e9sze lesz.<\/p>\n<p style=\"text-align: justify;\"><strong>\u201eDiana-Florina Avr\u0103mu\u0163 \u201cNadia\u201d c\u00edm\u0171 darabja a 2015-\u00f6s \u00e9v darabja.<\/strong>\u00a0A Rom\u00e1n Sz\u00ednh\u00e1zi Uni\u00f3 \u2013 UNITER \u00c9v Sz\u00edndarabja programj\u00e1t a Rom\u00e1n Kir\u00e1lyi H\u00e1z v\u00e9dn\u00f6ks\u00e9ge alatt rendezik meg. Az UNITER UNITEXT Kiad\u00f3ja k\u00f6tetben adta ki a nyertes darabot.<\/p>\n<p style=\"text-align: justify;\"><span style=\"color: #ff0000;\"><a href=\"http:\/\/www.uniter.ro\/votul-publicului-gala-uniter-2016\/\" target=\"_blank\" rel=\"noopener noreferrer\"><span style=\"color: #ff0000;\">A k\u00f6z\u00f6ns\u00e9gszavaz\u00e1s eredm\u00e9ny\u00e9t a www.uniter.ro weboldalon itt tekintheti meg.<\/span><\/a><\/span><\/p>","protected":false},"excerpt":{"rendered":"<p>Az UNITER D\u00edj\u00e1tad\u00f3 G\u00e1l\u00e1ra, imm\u00e1r 24. kiad\u00e1s\u00e1ra, 2016. m\u00e1jus 9-\u00e9n, h\u00e9tf\u0151n ker\u00fclt sor a nagyv\u00e1radi &quot;Regina Maria&quot; Sz\u00ednh\u00e1z nagyterm\u00e9ben. Bemutatjuk a jelenlegi kiad\u00e1s nyerteseinek list\u00e1j\u00e1t.<\/p>","protected":false},"author":6,"featured_media":0,"comment_status":"open","ping_status":"open","sticky":false,"template":"","format":"standard","meta":{"_acf_changed":false,"footnotes":""},"categories":[22],"tags":[],"class_list":["post-1160","post","type-post","status-publish","format-standard","hentry","category-noutati-trupa-iosif-vulcan"],"aioseo_notices":[],"aioseo_head":"\n\t\t<!-- All in One SEO Pro 5.0.1.1 - aioseo.com -->\n\t<meta name=\"description\" content=\"Gala Premiilor UNITER, ajuns\u0103 la cea de-a XXIV-a edi\u0163ie, s-a desf\u0103\u0219urat luni, 9 mai 2016, la Sala Mare a Teatrului \u201eRegina Maria\u201d din Oradea. V\u0103 prezent\u0103m lista c\u00e2\u0219tig\u0103torilor actualei edi\u021bii. Pentru a XXIV-a edi\u0163ie a Galei Premiilor UNITER, juriul de nominaliz\u0103ri a fost alc\u0103tuit din criticii de teatru: Claudiu Groza, Doina Papp, Cristina Rusiecki. Juriul\" \/>\n\t<meta name=\"robots\" content=\"max-image-preview:large\" \/>\n\t<meta name=\"author\" content=\"Teatrul Regina Maria\"\/>\n\t<link rel=\"canonical\" href=\"https:\/\/www.teatrulreginamaria.ro\/hu\/castigatorii-galei-premiilor-uniter-2016\/\" \/>\n\t<meta name=\"generator\" content=\"All in One SEO Pro (AIOSEO) 5.0.1.1\" \/>\n\t\t<meta property=\"og:locale\" content=\"hu_HU\" \/>\n\t\t<meta property=\"og:site_name\" content=\"Teatrul Regina Maria Oradea - Trupa Iosif Vulcan \u0219i Trupa Arcadia\" \/>\n\t\t<meta property=\"og:type\" content=\"article\" \/>\n\t\t<meta property=\"og:title\" content=\"C\u00e2\u0219tig\u0103torii Galei Premiilor UNITER 2016 - Teatrul Regina Maria Oradea\" \/>\n\t\t<meta property=\"og:description\" content=\"Gala Premiilor UNITER, ajuns\u0103 la cea de-a XXIV-a edi\u0163ie, s-a desf\u0103\u0219urat luni, 9 mai 2016, la Sala Mare a Teatrului \u201eRegina Maria\u201d din Oradea. V\u0103 prezent\u0103m lista c\u00e2\u0219tig\u0103torilor actualei edi\u021bii. Pentru a XXIV-a edi\u0163ie a Galei Premiilor UNITER, juriul de nominaliz\u0103ri a fost alc\u0103tuit din criticii de teatru: Claudiu Groza, Doina Papp, Cristina Rusiecki. Juriul\" \/>\n\t\t<meta property=\"og:url\" content=\"https:\/\/www.teatrulreginamaria.ro\/hu\/castigatorii-galei-premiilor-uniter-2016\/\" \/>\n\t\t<meta property=\"og:image\" content=\"https:\/\/www.teatrulreginamaria.ro\/wp-content\/uploads\/2025\/03\/trm-istoric-01.jpg\" \/>\n\t\t<meta property=\"og:image:secure_url\" content=\"https:\/\/www.teatrulreginamaria.ro\/wp-content\/uploads\/2025\/03\/trm-istoric-01.jpg\" \/>\n\t\t<meta property=\"og:image:width\" content=\"1200\" \/>\n\t\t<meta property=\"og:image:height\" content=\"800\" \/>\n\t\t<meta property=\"article:published_time\" content=\"2016-05-10T08:11:39+00:00\" \/>\n\t\t<meta property=\"article:modified_time\" content=\"2016-05-10T08:11:39+00:00\" \/>\n\t\t<meta property=\"article:publisher\" content=\"https:\/\/www.facebook.com\/TRMTrupaIosifVulcan\/\" \/>\n\t\t<meta name=\"twitter:card\" content=\"summary_large_image\" \/>\n\t\t<meta name=\"twitter:site\" content=\"@TRMOradea\" \/>\n\t\t<meta name=\"twitter:title\" content=\"C\u00e2\u0219tig\u0103torii Galei Premiilor UNITER 2016 - Teatrul Regina Maria Oradea\" \/>\n\t\t<meta name=\"twitter:description\" content=\"Gala Premiilor UNITER, ajuns\u0103 la cea de-a XXIV-a edi\u0163ie, s-a desf\u0103\u0219urat luni, 9 mai 2016, la Sala Mare a Teatrului \u201eRegina Maria\u201d din Oradea. V\u0103 prezent\u0103m lista c\u00e2\u0219tig\u0103torilor actualei edi\u021bii. Pentru a XXIV-a edi\u0163ie a Galei Premiilor UNITER, juriul de nominaliz\u0103ri a fost alc\u0103tuit din criticii de teatru: Claudiu Groza, Doina Papp, Cristina Rusiecki. Juriul\" \/>\n\t\t<meta name=\"twitter:creator\" content=\"@TRMOradea\" \/>\n\t\t<meta name=\"twitter:image\" content=\"https:\/\/www.teatrulreginamaria.ro\/wp-content\/uploads\/2025\/03\/trm-istoric-01.jpg\" \/>\n\t\t<script type=\"application\/ld+json\" class=\"aioseo-schema\">\n\t\t\t{\"@context\":\"https:\\\/\\\/schema.org\",\"@graph\":[{\"@type\":\"BlogPosting\",\"@id\":\"https:\\\/\\\/www.teatrulreginamaria.ro\\\/hu\\\/castigatorii-galei-premiilor-uniter-2016\\\/#blogposting\",\"name\":\"C\\u00e2\\u0219tig\\u0103torii Galei Premiilor UNITER 2016 - Teatrul Regina Maria Oradea\",\"headline\":\"C\\u00e2\\u0219tig\\u0103torii Galei Premiilor UNITER 2016\",\"author\":{\"@id\":\"https:\\\/\\\/www.teatrulreginamaria.ro\\\/hu\\\/author\\\/w3bmaster\\\/#author\"},\"publisher\":{\"@id\":\"https:\\\/\\\/www.teatrulreginamaria.ro\\\/hu\\\/#organization\"},\"image\":{\"@type\":\"ImageObject\",\"url\":\"https:\\\/\\\/www.teatrulreginamaria.ro\\\/wp-content\\\/uploads\\\/2025\\\/06\\\/logo-trm-01-dark.png\",\"@id\":\"https:\\\/\\\/www.teatrulreginamaria.ro\\\/hu\\\/#articleImage\",\"width\":300,\"height\":148},\"datePublished\":\"2016-05-10T08:11:39+03:00\",\"dateModified\":\"2016-05-10T08:11:39+03:00\",\"inLanguage\":\"hu-HU\",\"mainEntityOfPage\":{\"@id\":\"https:\\\/\\\/www.teatrulreginamaria.ro\\\/hu\\\/castigatorii-galei-premiilor-uniter-2016\\\/#webpage\"},\"isPartOf\":{\"@id\":\"https:\\\/\\\/www.teatrulreginamaria.ro\\\/hu\\\/castigatorii-galei-premiilor-uniter-2016\\\/#webpage\"},\"articleSection\":\"Nout\\u0103\\u021bi - Trupa Iosif Vulcan\"},{\"@type\":\"BreadcrumbList\",\"@id\":\"https:\\\/\\\/www.teatrulreginamaria.ro\\\/hu\\\/castigatorii-galei-premiilor-uniter-2016\\\/#breadcrumblist\",\"itemListElement\":[{\"@type\":\"ListItem\",\"@id\":\"https:\\\/\\\/www.teatrulreginamaria.ro\\\/hu#listItem\",\"position\":1,\"name\":\"Home\",\"item\":\"https:\\\/\\\/www.teatrulreginamaria.ro\\\/hu\",\"nextItem\":{\"@type\":\"ListItem\",\"@id\":\"https:\\\/\\\/www.teatrulreginamaria.ro\\\/hu\\\/categorie\\\/noutati\\\/#listItem\",\"name\":\"Nout\\u0103\\u021bi\"}},{\"@type\":\"ListItem\",\"@id\":\"https:\\\/\\\/www.teatrulreginamaria.ro\\\/hu\\\/categorie\\\/noutati\\\/#listItem\",\"position\":2,\"name\":\"Nout\\u0103\\u021bi\",\"item\":\"https:\\\/\\\/www.teatrulreginamaria.ro\\\/hu\\\/categorie\\\/noutati\\\/\",\"nextItem\":{\"@type\":\"ListItem\",\"@id\":\"https:\\\/\\\/www.teatrulreginamaria.ro\\\/hu\\\/categorie\\\/noutati\\\/noutati-trupa-iosif-vulcan\\\/#listItem\",\"name\":\"Nout\\u0103\\u021bi - Trupa Iosif Vulcan\"},\"previousItem\":{\"@type\":\"ListItem\",\"@id\":\"https:\\\/\\\/www.teatrulreginamaria.ro\\\/hu#listItem\",\"name\":\"Home\"}},{\"@type\":\"ListItem\",\"@id\":\"https:\\\/\\\/www.teatrulreginamaria.ro\\\/hu\\\/categorie\\\/noutati\\\/noutati-trupa-iosif-vulcan\\\/#listItem\",\"position\":3,\"name\":\"Nout\\u0103\\u021bi - Trupa Iosif Vulcan\",\"item\":\"https:\\\/\\\/www.teatrulreginamaria.ro\\\/hu\\\/categorie\\\/noutati\\\/noutati-trupa-iosif-vulcan\\\/\",\"nextItem\":{\"@type\":\"ListItem\",\"@id\":\"https:\\\/\\\/www.teatrulreginamaria.ro\\\/hu\\\/castigatorii-galei-premiilor-uniter-2016\\\/#listItem\",\"name\":\"C\\u00e2\\u0219tig\\u0103torii Galei Premiilor UNITER 2016\"},\"previousItem\":{\"@type\":\"ListItem\",\"@id\":\"https:\\\/\\\/www.teatrulreginamaria.ro\\\/hu\\\/categorie\\\/noutati\\\/#listItem\",\"name\":\"Nout\\u0103\\u021bi\"}},{\"@type\":\"ListItem\",\"@id\":\"https:\\\/\\\/www.teatrulreginamaria.ro\\\/hu\\\/castigatorii-galei-premiilor-uniter-2016\\\/#listItem\",\"position\":4,\"name\":\"C\\u00e2\\u0219tig\\u0103torii Galei Premiilor UNITER 2016\",\"previousItem\":{\"@type\":\"ListItem\",\"@id\":\"https:\\\/\\\/www.teatrulreginamaria.ro\\\/hu\\\/categorie\\\/noutati\\\/noutati-trupa-iosif-vulcan\\\/#listItem\",\"name\":\"Nout\\u0103\\u021bi - Trupa Iosif Vulcan\"}}]},{\"@type\":\"Organization\",\"@id\":\"https:\\\/\\\/www.teatrulreginamaria.ro\\\/hu\\\/#organization\",\"name\":\"Teatrul Regina Maria Oradea\",\"description\":\"Trupa Iosif Vulcan \\u0219i Trupa Arcadia\",\"url\":\"https:\\\/\\\/www.teatrulreginamaria.ro\\\/hu\\\/\",\"email\":\"marketing@teatrulreginamaria.ro\",\"telephone\":\"+40359411534\",\"numberOfEmployees\":{\"@type\":\"QuantitativeValue\",\"minValue\":0,\"maxValue\":150},\"logo\":{\"@type\":\"ImageObject\",\"url\":\"https:\\\/\\\/www.teatrulreginamaria.ro\\\/wp-content\\\/uploads\\\/2025\\\/06\\\/logo-trm-01-dark.png\",\"@id\":\"https:\\\/\\\/www.teatrulreginamaria.ro\\\/hu\\\/castigatorii-galei-premiilor-uniter-2016\\\/#organizationLogo\",\"width\":300,\"height\":148},\"image\":{\"@id\":\"https:\\\/\\\/www.teatrulreginamaria.ro\\\/hu\\\/castigatorii-galei-premiilor-uniter-2016\\\/#organizationLogo\"},\"sameAs\":[\"https:\\\/\\\/www.facebook.com\\\/TRMTrupaIosifVulcan\\\/\",\"https:\\\/\\\/x.com\\\/TRMOradea\",\"https:\\\/\\\/www.instagram.com\\\/teatrul_regina_maria\\\/\",\"https:\\\/\\\/www.youtube.com\\\/c\\\/TeatrulReginaMariaOradea\",\"https:\\\/\\\/www.linkedin.com\\\/company\\\/teatrul-regina-maria\"]},{\"@type\":\"Person\",\"@id\":\"https:\\\/\\\/www.teatrulreginamaria.ro\\\/hu\\\/author\\\/w3bmaster\\\/#author\",\"url\":\"https:\\\/\\\/www.teatrulreginamaria.ro\\\/hu\\\/author\\\/w3bmaster\\\/\",\"name\":\"Teatrul Regina Maria\",\"image\":{\"@type\":\"ImageObject\",\"@id\":\"https:\\\/\\\/www.teatrulreginamaria.ro\\\/hu\\\/castigatorii-galei-premiilor-uniter-2016\\\/#authorImage\",\"url\":\"https:\\\/\\\/secure.gravatar.com\\\/avatar\\\/5884139d508ae3f0bafe45e60563b48a9640146d3b08ccc6278c305ff9329305?s=96&d=mm&r=g\",\"width\":96,\"height\":96,\"caption\":\"Teatrul Regina Maria\"}},{\"@type\":\"WebPage\",\"@id\":\"https:\\\/\\\/www.teatrulreginamaria.ro\\\/hu\\\/castigatorii-galei-premiilor-uniter-2016\\\/#webpage\",\"url\":\"https:\\\/\\\/www.teatrulreginamaria.ro\\\/hu\\\/castigatorii-galei-premiilor-uniter-2016\\\/\",\"name\":\"C\\u00e2\\u0219tig\\u0103torii Galei Premiilor UNITER 2016 - Teatrul Regina Maria Oradea\",\"description\":\"Gala Premiilor UNITER, ajuns\\u0103 la cea de-a XXIV-a edi\\u0163ie, s-a desf\\u0103\\u0219urat luni, 9 mai 2016, la Sala Mare a Teatrului \\u201eRegina Maria\\u201d din Oradea. V\\u0103 prezent\\u0103m lista c\\u00e2\\u0219tig\\u0103torilor actualei edi\\u021bii. Pentru a XXIV-a edi\\u0163ie a Galei Premiilor UNITER, juriul de nominaliz\\u0103ri a fost alc\\u0103tuit din criticii de teatru: Claudiu Groza, Doina Papp, Cristina Rusiecki. Juriul\",\"inLanguage\":\"hu-HU\",\"isPartOf\":{\"@id\":\"https:\\\/\\\/www.teatrulreginamaria.ro\\\/hu\\\/#website\"},\"breadcrumb\":{\"@id\":\"https:\\\/\\\/www.teatrulreginamaria.ro\\\/hu\\\/castigatorii-galei-premiilor-uniter-2016\\\/#breadcrumblist\"},\"author\":{\"@id\":\"https:\\\/\\\/www.teatrulreginamaria.ro\\\/hu\\\/author\\\/w3bmaster\\\/#author\"},\"creator\":{\"@id\":\"https:\\\/\\\/www.teatrulreginamaria.ro\\\/hu\\\/author\\\/w3bmaster\\\/#author\"},\"datePublished\":\"2016-05-10T08:11:39+03:00\",\"dateModified\":\"2016-05-10T08:11:39+03:00\"},{\"@type\":\"WebSite\",\"@id\":\"https:\\\/\\\/www.teatrulreginamaria.ro\\\/hu\\\/#website\",\"url\":\"https:\\\/\\\/www.teatrulreginamaria.ro\\\/hu\\\/\",\"name\":\"Teatrul Regina Maria Oradea\",\"alternateName\":\"TRM Oradea\",\"description\":\"Trupa Iosif Vulcan \\u0219i Trupa Arcadia\",\"inLanguage\":\"hu-HU\",\"publisher\":{\"@id\":\"https:\\\/\\\/www.teatrulreginamaria.ro\\\/hu\\\/#organization\"}}]}\n\t\t<\/script>\n\t\t<!-- All in One SEO Pro -->\r\n\t\t<title>C\u00e2\u0219tig\u0103torii Galei Premiilor UNITER 2016 - Teatrul Regina Maria Oradea<\/title>\n\n","aioseo_head_json":{"title":"A 2016-os UNITER-d\u00edj\u00e1tad\u00f3 g\u00e1la nyertesei - Regina Maria Sz\u00ednh\u00e1z, Nagyv\u00e1radi","description":"Az UNITER D\u00edj\u00e1tad\u00f3 G\u00e1la, imm\u00e1r 24. kiad\u00e1sa, 2016. m\u00e1jus 9-\u00e9n, h\u00e9tf\u0151n ker\u00fclt megrendez\u00e9sre a nagyv\u00e1radi \u201eRegina Maria\u201d Sz\u00ednh\u00e1z nagyterm\u00e9ben. Bemutatjuk a jelenlegi kiad\u00e1s nyerteseinek list\u00e1j\u00e1t. Az UNITER D\u00edj\u00e1tad\u00f3 G\u00e1la 24. kiad\u00e1s\u00e1nak jel\u00f6l\u0151zs\u0171rij\u00e9t sz\u00ednh\u00e1zkritikusok alkott\u00e1k: Claudiu Groza, Doina Papp \u00e9s Cristina Rusiecki. A zs\u0171ri","canonical_url":"https:\/\/www.teatrulreginamaria.ro\/hu\/castigatorii-galei-premiilor-uniter-2016\/","robots":"max-image-preview:large","keywords":"","webmasterTools":{"miscellaneous":""},"schema":{"@context":"https:\/\/schema.org","@graph":[{"@type":"BlogPosting","@id":"https:\/\/www.teatrulreginamaria.ro\/hu\/castigatorii-galei-premiilor-uniter-2016\/#blogposting","name":"C\u00e2\u0219tig\u0103torii Galei Premiilor UNITER 2016 - Teatrul Regina Maria Oradea","headline":"C\u00e2\u0219tig\u0103torii Galei Premiilor UNITER 2016","author":{"@id":"https:\/\/www.teatrulreginamaria.ro\/hu\/author\/w3bmaster\/#author"},"publisher":{"@id":"https:\/\/www.teatrulreginamaria.ro\/hu\/#organization"},"image":{"@type":"ImageObject","url":"https:\/\/www.teatrulreginamaria.ro\/wp-content\/uploads\/2025\/06\/logo-trm-01-dark.png","@id":"https:\/\/www.teatrulreginamaria.ro\/hu\/#articleImage","width":300,"height":148},"datePublished":"2016-05-10T08:11:39+03:00","dateModified":"2016-05-10T08:11:39+03:00","inLanguage":"hu-HU","mainEntityOfPage":{"@id":"https:\/\/www.teatrulreginamaria.ro\/hu\/castigatorii-galei-premiilor-uniter-2016\/#webpage"},"isPartOf":{"@id":"https:\/\/www.teatrulreginamaria.ro\/hu\/castigatorii-galei-premiilor-uniter-2016\/#webpage"},"articleSection":"Nout\u0103\u021bi - Trupa Iosif Vulcan"},{"@type":"BreadcrumbList","@id":"https:\/\/www.teatrulreginamaria.ro\/hu\/castigatorii-galei-premiilor-uniter-2016\/#breadcrumblist","itemListElement":[{"@type":"ListItem","@id":"https:\/\/www.teatrulreginamaria.ro\/hu#listItem","position":1,"name":"Home","item":"https:\/\/www.teatrulreginamaria.ro\/hu","nextItem":{"@type":"ListItem","@id":"https:\/\/www.teatrulreginamaria.ro\/hu\/categorie\/noutati\/#listItem","name":"Nout\u0103\u021bi"}},{"@type":"ListItem","@id":"https:\/\/www.teatrulreginamaria.ro\/hu\/categorie\/noutati\/#listItem","position":2,"name":"Nout\u0103\u021bi","item":"https:\/\/www.teatrulreginamaria.ro\/hu\/categorie\/noutati\/","nextItem":{"@type":"ListItem","@id":"https:\/\/www.teatrulreginamaria.ro\/hu\/categorie\/noutati\/noutati-trupa-iosif-vulcan\/#listItem","name":"Nout\u0103\u021bi - Trupa Iosif Vulcan"},"previousItem":{"@type":"ListItem","@id":"https:\/\/www.teatrulreginamaria.ro\/hu#listItem","name":"Home"}},{"@type":"ListItem","@id":"https:\/\/www.teatrulreginamaria.ro\/hu\/categorie\/noutati\/noutati-trupa-iosif-vulcan\/#listItem","position":3,"name":"Nout\u0103\u021bi - Trupa Iosif Vulcan","item":"https:\/\/www.teatrulreginamaria.ro\/hu\/categorie\/noutati\/noutati-trupa-iosif-vulcan\/","nextItem":{"@type":"ListItem","@id":"https:\/\/www.teatrulreginamaria.ro\/hu\/castigatorii-galei-premiilor-uniter-2016\/#listItem","name":"C\u00e2\u0219tig\u0103torii Galei Premiilor UNITER 2016"},"previousItem":{"@type":"ListItem","@id":"https:\/\/www.teatrulreginamaria.ro\/hu\/categorie\/noutati\/#listItem","name":"Nout\u0103\u021bi"}},{"@type":"ListItem","@id":"https:\/\/www.teatrulreginamaria.ro\/hu\/castigatorii-galei-premiilor-uniter-2016\/#listItem","position":4,"name":"C\u00e2\u0219tig\u0103torii Galei Premiilor UNITER 2016","previousItem":{"@type":"ListItem","@id":"https:\/\/www.teatrulreginamaria.ro\/hu\/categorie\/noutati\/noutati-trupa-iosif-vulcan\/#listItem","name":"Nout\u0103\u021bi - Trupa Iosif Vulcan"}}]},{"@type":"Organization","@id":"https:\/\/www.teatrulreginamaria.ro\/hu\/#organization","name":"Teatrul Regina Maria Oradea","description":"Trupa Iosif Vulcan \u0219i Trupa Arcadia","url":"https:\/\/www.teatrulreginamaria.ro\/hu\/","email":"marketing@teatrulreginamaria.ro","telephone":"+40359411534","numberOfEmployees":{"@type":"QuantitativeValue","minValue":0,"maxValue":150},"logo":{"@type":"ImageObject","url":"https:\/\/www.teatrulreginamaria.ro\/wp-content\/uploads\/2025\/06\/logo-trm-01-dark.png","@id":"https:\/\/www.teatrulreginamaria.ro\/hu\/castigatorii-galei-premiilor-uniter-2016\/#organizationLogo","width":300,"height":148},"image":{"@id":"https:\/\/www.teatrulreginamaria.ro\/hu\/castigatorii-galei-premiilor-uniter-2016\/#organizationLogo"},"sameAs":["https:\/\/www.facebook.com\/TRMTrupaIosifVulcan\/","https:\/\/x.com\/TRMOradea","https:\/\/www.instagram.com\/teatrul_regina_maria\/","https:\/\/www.youtube.com\/c\/TeatrulReginaMariaOradea","https:\/\/www.linkedin.com\/company\/teatrul-regina-maria"]},{"@type":"Person","@id":"https:\/\/www.teatrulreginamaria.ro\/hu\/author\/w3bmaster\/#author","url":"https:\/\/www.teatrulreginamaria.ro\/hu\/author\/w3bmaster\/","name":"Teatrul Regina Maria","image":{"@type":"ImageObject","@id":"https:\/\/www.teatrulreginamaria.ro\/hu\/castigatorii-galei-premiilor-uniter-2016\/#authorImage","url":"https:\/\/secure.gravatar.com\/avatar\/5884139d508ae3f0bafe45e60563b48a9640146d3b08ccc6278c305ff9329305?s=96&d=mm&r=g","width":96,"height":96,"caption":"Teatrul Regina Maria"}},{"@type":"WebPage","@id":"https:\/\/www.teatrulreginamaria.ro\/hu\/castigatorii-galei-premiilor-uniter-2016\/#webpage","url":"https:\/\/www.teatrulreginamaria.ro\/hu\/castigatorii-galei-premiilor-uniter-2016\/","name":"C\u00e2\u0219tig\u0103torii Galei Premiilor UNITER 2016 - Teatrul Regina Maria Oradea","description":"Gala Premiilor UNITER, ajuns\u0103 la cea de-a XXIV-a edi\u0163ie, s-a desf\u0103\u0219urat luni, 9 mai 2016, la Sala Mare a Teatrului \u201eRegina Maria\u201d din Oradea. V\u0103 prezent\u0103m lista c\u00e2\u0219tig\u0103torilor actualei edi\u021bii. Pentru a XXIV-a edi\u0163ie a Galei Premiilor UNITER, juriul de nominaliz\u0103ri a fost alc\u0103tuit din criticii de teatru: Claudiu Groza, Doina Papp, Cristina Rusiecki. Juriul","inLanguage":"hu-HU","isPartOf":{"@id":"https:\/\/www.teatrulreginamaria.ro\/hu\/#website"},"breadcrumb":{"@id":"https:\/\/www.teatrulreginamaria.ro\/hu\/castigatorii-galei-premiilor-uniter-2016\/#breadcrumblist"},"author":{"@id":"https:\/\/www.teatrulreginamaria.ro\/hu\/author\/w3bmaster\/#author"},"creator":{"@id":"https:\/\/www.teatrulreginamaria.ro\/hu\/author\/w3bmaster\/#author"},"datePublished":"2016-05-10T08:11:39+03:00","dateModified":"2016-05-10T08:11:39+03:00"},{"@type":"WebSite","@id":"https:\/\/www.teatrulreginamaria.ro\/hu\/#website","url":"https:\/\/www.teatrulreginamaria.ro\/hu\/","name":"Teatrul Regina Maria Oradea","alternateName":"TRM Oradea","description":"Trupa Iosif Vulcan \u0219i Trupa Arcadia","inLanguage":"hu-HU","publisher":{"@id":"https:\/\/www.teatrulreginamaria.ro\/hu\/#organization"}}]},"og:locale":"hu_HU","og:site_name":"Teatrul Regina Maria Oradea - Trupa Iosif Vulcan \u0219i Trupa Arcadia","og:type":"article","og:title":"C\u00e2\u0219tig\u0103torii Galei Premiilor UNITER 2016 - Teatrul Regina Maria Oradea","og:description":"Gala Premiilor UNITER, ajuns\u0103 la cea de-a XXIV-a edi\u0163ie, s-a desf\u0103\u0219urat luni, 9 mai 2016, la Sala Mare a Teatrului \u201eRegina Maria\u201d din Oradea. V\u0103 prezent\u0103m lista c\u00e2\u0219tig\u0103torilor actualei edi\u021bii. Pentru a XXIV-a edi\u0163ie a Galei Premiilor UNITER, juriul de nominaliz\u0103ri a fost alc\u0103tuit din criticii de teatru: Claudiu Groza, Doina Papp, Cristina Rusiecki. Juriul","og:url":"https:\/\/www.teatrulreginamaria.ro\/hu\/castigatorii-galei-premiilor-uniter-2016\/","og:image":"https:\/\/www.teatrulreginamaria.ro\/wp-content\/uploads\/2025\/03\/trm-istoric-01.jpg","og:image:secure_url":"https:\/\/www.teatrulreginamaria.ro\/wp-content\/uploads\/2025\/03\/trm-istoric-01.jpg","og:image:width":1200,"og:image:height":800,"article:published_time":"2016-05-10T08:11:39+00:00","article:modified_time":"2016-05-10T08:11:39+00:00","article:publisher":"https:\/\/www.facebook.com\/TRMTrupaIosifVulcan\/","twitter:card":"summary_large_image","twitter:site":"@TRMOradea","twitter:title":"C\u00e2\u0219tig\u0103torii Galei Premiilor UNITER 2016 - Teatrul Regina Maria Oradea","twitter:description":"Gala Premiilor UNITER, ajuns\u0103 la cea de-a XXIV-a edi\u0163ie, s-a desf\u0103\u0219urat luni, 9 mai 2016, la Sala Mare a Teatrului \u201eRegina Maria\u201d din Oradea. V\u0103 prezent\u0103m lista c\u00e2\u0219tig\u0103torilor actualei edi\u021bii. Pentru a XXIV-a edi\u0163ie a Galei Premiilor UNITER, juriul de nominaliz\u0103ri a fost alc\u0103tuit din criticii de teatru: Claudiu Groza, Doina Papp, Cristina Rusiecki. Juriul","twitter:creator":"@TRMOradea","twitter:image":"https:\/\/www.teatrulreginamaria.ro\/wp-content\/uploads\/2025\/03\/trm-istoric-01.jpg"},"aioseo_meta_data":{"post_id":"1160","title":null,"description":null,"keywords":null,"keyphrases":null,"primary_term":null,"canonical_url":null,"og_title":null,"og_description":null,"og_object_type":"default","og_image_type":"default","og_image_url":null,"og_image_width":null,"og_image_height":null,"og_image_custom_url":null,"og_image_custom_fields":null,"og_video":null,"og_custom_url":null,"og_article_section":null,"og_article_tags":null,"twitter_use_og":false,"twitter_card":"default","twitter_image_type":"default","twitter_image_url":null,"twitter_image_custom_url":null,"twitter_image_custom_fields":null,"twitter_title":null,"twitter_description":null,"schema":{"blockGraphs":[],"customGraphs":[],"default":{"data":{"Article":[],"Course":[],"Dataset":[],"FAQPage":[],"Movie":[],"Person":[],"Product":[],"ProductReview":[],"Car":[],"Recipe":[],"Service":[],"SoftwareApplication":[],"WebPage":[]},"graphName":"","isEnabled":true},"graphs":[]},"schema_type":"default","schema_type_options":null,"pillar_content":false,"robots_default":true,"robots_noindex":false,"robots_noarchive":false,"robots_nosnippet":false,"robots_nofollow":false,"robots_noimageindex":false,"robots_noodp":false,"robots_notranslate":false,"robots_max_snippet":null,"robots_max_videopreview":null,"robots_max_imagepreview":"large","priority":null,"frequency":null,"local_seo":null,"seo_analyzer_scan_date":"2026-05-13 01:11:20","breadcrumb_settings":null,"limit_modified_date":false,"reviewed_by":null,"open_ai":null,"ai":null,"created":"2025-04-09 17:40:57","updated":"2026-05-13 01:11:20","focus_keyword":null,"additional_keywords":null,"truseo_locale":null},"aioseo_breadcrumb":"<div class=\"aioseo-breadcrumbs\"><span class=\"aioseo-breadcrumb\">\n\t<a href=\"https:\/\/www.teatrulreginamaria.ro\/hu\" title=\"Home\">Home<\/a>\n<\/span><span class=\"aioseo-breadcrumb-separator\">&raquo;<\/span><span class=\"aioseo-breadcrumb\">\n\t<a href=\"https:\/\/www.teatrulreginamaria.ro\/hu\/categorie\/noutati\/\" title=\"Nout\u0103\u021bi\">Nout\u0103\u021bi<\/a>\n<\/span><span class=\"aioseo-breadcrumb-separator\">&raquo;<\/span><span class=\"aioseo-breadcrumb\">\n\t<a href=\"https:\/\/www.teatrulreginamaria.ro\/hu\/categorie\/noutati\/noutati-trupa-iosif-vulcan\/\" title=\"Nout\u0103\u021bi - Trupa Iosif Vulcan\">Nout\u0103\u021bi - Trupa Iosif Vulcan<\/a>\n<\/span><span class=\"aioseo-breadcrumb-separator\">&raquo;<\/span><span class=\"aioseo-breadcrumb\">\n\tC\u00e2\u0219tig\u0103torii Galei Premiilor UNITER 2016\n<\/span><\/div>","aioseo_breadcrumb_json":[{"label":"Home","link":"https:\/\/www.teatrulreginamaria.ro\/hu"},{"label":"Nout\u0103\u021bi","link":"https:\/\/www.teatrulreginamaria.ro\/hu\/categorie\/noutati\/"},{"label":"Nout\u0103\u021bi - Trupa Iosif Vulcan","link":"https:\/\/www.teatrulreginamaria.ro\/hu\/categorie\/noutati\/noutati-trupa-iosif-vulcan\/"},{"label":"C\u00e2\u0219tig\u0103torii Galei Premiilor UNITER 2016","link":"https:\/\/www.teatrulreginamaria.ro\/hu\/castigatorii-galei-premiilor-uniter-2016\/"}],"acf":[],"_links":{"self":[{"href":"https:\/\/www.teatrulreginamaria.ro\/hu\/wp-json\/wp\/v2\/posts\/1160","targetHints":{"allow":["GET"]}}],"collection":[{"href":"https:\/\/www.teatrulreginamaria.ro\/hu\/wp-json\/wp\/v2\/posts"}],"about":[{"href":"https:\/\/www.teatrulreginamaria.ro\/hu\/wp-json\/wp\/v2\/types\/post"}],"author":[{"embeddable":true,"href":"https:\/\/www.teatrulreginamaria.ro\/hu\/wp-json\/wp\/v2\/users\/6"}],"replies":[{"embeddable":true,"href":"https:\/\/www.teatrulreginamaria.ro\/hu\/wp-json\/wp\/v2\/comments?post=1160"}],"version-history":[{"count":0,"href":"https:\/\/www.teatrulreginamaria.ro\/hu\/wp-json\/wp\/v2\/posts\/1160\/revisions"}],"wp:attachment":[{"href":"https:\/\/www.teatrulreginamaria.ro\/hu\/wp-json\/wp\/v2\/media?parent=1160"}],"wp:term":[{"taxonomy":"category","embeddable":true,"href":"https:\/\/www.teatrulreginamaria.ro\/hu\/wp-json\/wp\/v2\/categories?post=1160"},{"taxonomy":"post_tag","embeddable":true,"href":"https:\/\/www.teatrulreginamaria.ro\/hu\/wp-json\/wp\/v2\/tags?post=1160"}],"curies":[{"name":"munkaf\u00fczet","href":"https:\/\/api.w.org\/{rel}","templated":true}]}}