{"id":1168,"date":"2016-07-06T09:44:26","date_gmt":"2016-07-06T09:44:26","guid":{"rendered":"https:\/\/teatrulreginamaria.ro\/2016\/07\/06\/selectia-oficiala-a-festivalului-de-teatru-scurt-2016\/"},"modified":"2016-07-06T09:44:26","modified_gmt":"2016-07-06T09:44:26","slug":"a-2016-os-rovidszinhazi-fesztival-hivatalos-valogatasan","status":"publish","type":"post","link":"https:\/\/www.teatrulreginamaria.ro\/hu\/selectia-oficiala-a-festivalului-de-teatru-scurt-2016\/","title":{"rendered":"A 2016-OS R\u00d6VID SZ\u00cdNH\u00c1ZI FESZTIV\u00c1L HIVATALOS V\u00c1LOGAT\u00c1SA"},"content":{"rendered":"<p style=\"text-align: justify;\">A nagyv\u00e1radi Regina Maria Sz\u00ednh\u00e1z hivatalosan is kihirdette a Nagyv\u00e1radi Nemzetk\u00f6zi Sz\u00ednh\u00e1zi Fesztiv\u00e1l XXII. kiad\u00e1s\u00e1nak el\u0151ad\u00e1sai k\u00f6z\u00fcl a negyedik alkalommal megrendez\u00e9sre ker\u00fcl\u0151 R\u00f6vidj\u00e1t\u00e9kok Fesztiv\u00e1lj\u00e1nak v\u00e1logatott darabjait. A fesztiv\u00e1l VERSENY szekci\u00f3j\u00e1nak el\u0151ad\u00e1sait Doru Mare\u0219 sz\u00ednh\u00e1zkritikus v\u00e1logatta. A FITO 2016 szeptember 25. \u00e9s okt\u00f3ber 2. k\u00f6z\u00f6tt ker\u00fcl megrendez\u00e9sre.<\/p>\n<p><!--more--><\/p>\n<p style=\"text-align: justify;\">Az idei \u00e9vben a VERSENY szekci\u00f3ban jelenl\u00e9t\u00fckkel megtisztel\u0151 el\u0151ad\u00e1sok a k\u00f6vetkez\u0151k (c\u00edm\u00fck szerinti \u00e1b\u00e9c\u00e9sorrendben):<\/p>\n<p style=\"text-align: justify;\">1. &quot;Lucian Blaga&quot; Nemzeti Sz\u00ednh\u00e1z, Kolozsv\u00e1r: <strong>Agamemn\u00f3n<\/strong>, Rodrigo Garcia, rendez\u0151: Andrei M\u0103jeri 2. V\u00e1rosi Sz\u00ednh\u00e1z, Nagyb\u00e1nya: <strong>K\u00e9k. S\u00e1rga. Piros.<\/strong>, Radu Macrinici el\u0151ad\u00e1sa 3. &quot;Mihai Eminescu&quot; Sz\u00ednh\u00e1z, Boto\u015fani: <strong>\u00c9vfordul\u00f3<\/strong>, Jeroen Van Den Berg, rendez\u0151: Erwin \u0218im\u0219ensohn 4. Act &amp; Scena 9 Theatre, Bukarest: <strong>B\u00e1nyav\u00edz<\/strong>, Sz\u00e9kely Csaba el\u0151ad\u00e1sa, Oana Stoica koordin\u00e1l\u00e1s\u00e1val zajl\u00f3 projekt 5. Szatm\u00e1rn\u00e9meti \u00c9szaki Sz\u00ednh\u00e1z: <strong>Aut\u00f3p\u00e1lya<\/strong>, Neil LaBute, rendez\u0151: Laura Moldovan 6. \u00c1llami Magyar Sz\u00ednh\u00e1z, Kolozsv\u00e1r: <strong>Az \u00d6regek K\u00f6nyve<\/strong>, Szil\u00e1gyi Domokos verse alapj\u00e1n, rendezte: Mihaela Panainte 7. N\u00e9met \u00c1llami Sz\u00ednh\u00e1z, Temesv\u00e1r: <strong>Val\u00f3j\u00e1ban gy\u00f6ny\u00f6r\u0171.<\/strong>, Volker Schmidt m\u0171sora 8. &quot;George Bacovia&quot; V\u00e1rosi Sz\u00ednh\u00e1z, B\u00e1k\u00f3: <strong>\u00c9n vagyok Of\u00e9lia.<\/strong>, Gertrud Fussenegger, rendez\u0151: Sorin Militaru 9. &quot;Marin Sorescu&quot; Nemzeti Sz\u00ednh\u00e1z, Craiova: <strong>ILL\u00daZI\u00d3K<\/strong>, Ivan V\u00eer\u00eepaev, rendezte: Bobi Pricop 10. Regina Maria Sz\u00ednh\u00e1z, Nagyv\u00e1rad: <strong>Az \u00e9jszaka sz\u00edv\u00e9ben \u2013 Lear-epiz\u00f3d<\/strong>, forgat\u00f3k\u00f6nyv: Gavriil Pinte, George Banu \u00e9s Monique Borie William Shakespeare-alap\u00fa bet\u00e9teivel, rendezte: Gavriil Pinte 11. Bukaresti Nemzeti Sz\u00ednh\u00e1z: <strong>Furcsa eset t\u00f6rt\u00e9nt egy kuty\u00e1val az \u00e9jszaka k\u00f6zep\u00e9n<\/strong>, Mark Haddon reg\u00e9nye alapj\u00e1n, Bobi Pricop rendez\u00e9s\u00e9ben. 12. ARCUB Bukarest: <strong>Megsz\u00e1ll\u00e1sok<\/strong>, Claudiu Sfirschi-Dics\u00e9rte Margarita Karapanou sz\u00f6vegei ut\u00e1n, rendezte: Yannis Paraskevopoulos 13. Csokonai Nemzeti Sz\u00ednh\u00e1z, Debrecen, Magyarorsz\u00e1g: <strong>Orlando<\/strong>, Virginia Woolf ut\u00e1n, rendezte: Anca Bradu 14. &quot;Alexandru Davila&quot; Sz\u00ednh\u00e1z, Pite\u0219ti: <strong>Prah vagy a Nagy Sok<\/strong>, Spiro Gy\u00f6rgy, rendezte: Matei Varodi 15. &quot;Fani Tardini&quot; Dr\u00e1ma Sz\u00ednh\u00e1z, Gala\u021bi: <strong>A Belgr\u00e1d-tril\u00f3gia<\/strong>, Biljana Srbljanovic, rendez\u0151: Erwin \u0218im\u0219ensohn 16. &quot;Ioan Slavici&quot; Klasszikus Sz\u00ednh\u00e1z, Arad: <strong>A j\u00e9ghegy cs\u00facsa<\/strong>, \u00edrta: Antonio Tabares, rendezte: Theodor Cristian Popescu 17. Excelsior Sz\u00ednh\u00e1z, Bukarest: <strong>Egy kis seg\u00edts\u00e9ggel a bar\u00e1taimt\u00f3l<\/strong>, Maria Manolescu, rendez\u0151: Alexandru M\u00e2zg\u0103reanu<\/p>","protected":false},"excerpt":{"rendered":"<p>Teatrul Regina Maria din Oradea anun\u0163\u0103 selec\u0163ia oficial\u0103 a spectacolelor care vor participa la cea de XXII-a edi\u0163ie a Festivalului de Teatru Scurt, component al Festivalului Interna\u021bional de Teatru Oradea, aflat la cea de-a IV-a edi\u021bie. Pentru spectacolele din sec\u0163iunea CONCURS a festivalului, selec\u0163ia a fost realizat\u0103 de c\u0103tre criticul de teatru Doru Mare\u0219. FITO [&hellip;]<\/p>\n","protected":false},"author":6,"featured_media":0,"comment_status":"open","ping_status":"open","sticky":false,"template":"","format":"standard","meta":{"_acf_changed":false,"footnotes":""},"categories":[22],"tags":[],"class_list":["post-1168","post","type-post","status-publish","format-standard","hentry","category-noutati-trupa-iosif-vulcan"],"aioseo_notices":[],"aioseo_head":"\n\t\t<!-- All in One SEO Pro 5.0.1.1 - aioseo.com -->\n\t<meta name=\"description\" content=\"Teatrul Regina Maria din Oradea anun\u0163\u0103 selec\u0163ia oficial\u0103 a spectacolelor care vor participa la cea de XXII-a edi\u0163ie a Festivalului de Teatru Scurt, component al Festivalului Interna\u021bional de Teatru Oradea, aflat la cea de-a IV-a edi\u021bie. Pentru spectacolele din sec\u0163iunea CONCURS a festivalului, selec\u0163ia a fost realizat\u0103 de c\u0103tre criticul de teatru Doru Mare\u0219. FITO\" \/>\n\t<meta name=\"robots\" content=\"max-image-preview:large\" \/>\n\t<meta name=\"author\" content=\"Teatrul Regina Maria\"\/>\n\t<link rel=\"canonical\" href=\"https:\/\/www.teatrulreginamaria.ro\/hu\/selectia-oficiala-a-festivalului-de-teatru-scurt-2016\/\" \/>\n\t<meta name=\"generator\" content=\"All in One SEO Pro (AIOSEO) 5.0.1.1\" \/>\n\t\t<meta property=\"og:locale\" content=\"hu_HU\" \/>\n\t\t<meta property=\"og:site_name\" content=\"Teatrul Regina Maria Oradea - Trupa Iosif Vulcan \u0219i Trupa Arcadia\" \/>\n\t\t<meta property=\"og:type\" content=\"article\" \/>\n\t\t<meta property=\"og:title\" content=\"SELEC\u021aIA OFICIAL\u0102 A FESTIVALULUI DE TEATRU SCURT 2016 - Teatrul Regina Maria Oradea\" \/>\n\t\t<meta property=\"og:description\" content=\"Teatrul Regina Maria din Oradea anun\u0163\u0103 selec\u0163ia oficial\u0103 a spectacolelor care vor participa la cea de XXII-a edi\u0163ie a Festivalului de Teatru Scurt, component al Festivalului Interna\u021bional de Teatru Oradea, aflat la cea de-a IV-a edi\u021bie. Pentru spectacolele din sec\u0163iunea CONCURS a festivalului, selec\u0163ia a fost realizat\u0103 de c\u0103tre criticul de teatru Doru Mare\u0219. FITO\" \/>\n\t\t<meta property=\"og:url\" content=\"https:\/\/www.teatrulreginamaria.ro\/hu\/selectia-oficiala-a-festivalului-de-teatru-scurt-2016\/\" \/>\n\t\t<meta property=\"og:image\" content=\"https:\/\/www.teatrulreginamaria.ro\/wp-content\/uploads\/2025\/03\/trm-istoric-01.jpg\" \/>\n\t\t<meta property=\"og:image:secure_url\" content=\"https:\/\/www.teatrulreginamaria.ro\/wp-content\/uploads\/2025\/03\/trm-istoric-01.jpg\" \/>\n\t\t<meta property=\"og:image:width\" content=\"1200\" \/>\n\t\t<meta property=\"og:image:height\" content=\"800\" \/>\n\t\t<meta property=\"article:published_time\" content=\"2016-07-06T09:44:26+00:00\" \/>\n\t\t<meta property=\"article:modified_time\" content=\"2016-07-06T09:44:26+00:00\" \/>\n\t\t<meta property=\"article:publisher\" content=\"https:\/\/www.facebook.com\/TRMTrupaIosifVulcan\/\" \/>\n\t\t<meta name=\"twitter:card\" content=\"summary_large_image\" \/>\n\t\t<meta name=\"twitter:site\" content=\"@TRMOradea\" \/>\n\t\t<meta name=\"twitter:title\" content=\"SELEC\u021aIA OFICIAL\u0102 A FESTIVALULUI DE TEATRU SCURT 2016 - Teatrul Regina Maria Oradea\" \/>\n\t\t<meta name=\"twitter:description\" content=\"Teatrul Regina Maria din Oradea anun\u0163\u0103 selec\u0163ia oficial\u0103 a spectacolelor care vor participa la cea de XXII-a edi\u0163ie a Festivalului de Teatru Scurt, component al Festivalului Interna\u021bional de Teatru Oradea, aflat la cea de-a IV-a edi\u021bie. Pentru spectacolele din sec\u0163iunea CONCURS a festivalului, selec\u0163ia a fost realizat\u0103 de c\u0103tre criticul de teatru Doru Mare\u0219. FITO\" \/>\n\t\t<meta name=\"twitter:creator\" content=\"@TRMOradea\" \/>\n\t\t<meta name=\"twitter:image\" content=\"https:\/\/www.teatrulreginamaria.ro\/wp-content\/uploads\/2025\/03\/trm-istoric-01.jpg\" \/>\n\t\t<script type=\"application\/ld+json\" class=\"aioseo-schema\">\n\t\t\t{\"@context\":\"https:\\\/\\\/schema.org\",\"@graph\":[{\"@type\":\"BlogPosting\",\"@id\":\"https:\\\/\\\/www.teatrulreginamaria.ro\\\/hu\\\/selectia-oficiala-a-festivalului-de-teatru-scurt-2016\\\/#blogposting\",\"name\":\"SELEC\\u021aIA OFICIAL\\u0102 A FESTIVALULUI DE TEATRU SCURT 2016 - Teatrul Regina Maria Oradea\",\"headline\":\"SELEC\\u021aIA OFICIAL\\u0102 A FESTIVALULUI DE TEATRU SCURT 2016\",\"author\":{\"@id\":\"https:\\\/\\\/www.teatrulreginamaria.ro\\\/hu\\\/author\\\/w3bmaster\\\/#author\"},\"publisher\":{\"@id\":\"https:\\\/\\\/www.teatrulreginamaria.ro\\\/hu\\\/#organization\"},\"image\":{\"@type\":\"ImageObject\",\"url\":\"https:\\\/\\\/www.teatrulreginamaria.ro\\\/wp-content\\\/uploads\\\/2025\\\/06\\\/logo-trm-01-dark.png\",\"@id\":\"https:\\\/\\\/www.teatrulreginamaria.ro\\\/hu\\\/#articleImage\",\"width\":300,\"height\":148},\"datePublished\":\"2016-07-06T09:44:26+03:00\",\"dateModified\":\"2016-07-06T09:44:26+03:00\",\"inLanguage\":\"hu-HU\",\"mainEntityOfPage\":{\"@id\":\"https:\\\/\\\/www.teatrulreginamaria.ro\\\/hu\\\/selectia-oficiala-a-festivalului-de-teatru-scurt-2016\\\/#webpage\"},\"isPartOf\":{\"@id\":\"https:\\\/\\\/www.teatrulreginamaria.ro\\\/hu\\\/selectia-oficiala-a-festivalului-de-teatru-scurt-2016\\\/#webpage\"},\"articleSection\":\"Nout\\u0103\\u021bi - Trupa Iosif Vulcan\"},{\"@type\":\"BreadcrumbList\",\"@id\":\"https:\\\/\\\/www.teatrulreginamaria.ro\\\/hu\\\/selectia-oficiala-a-festivalului-de-teatru-scurt-2016\\\/#breadcrumblist\",\"itemListElement\":[{\"@type\":\"ListItem\",\"@id\":\"https:\\\/\\\/www.teatrulreginamaria.ro\\\/hu#listItem\",\"position\":1,\"name\":\"Home\",\"item\":\"https:\\\/\\\/www.teatrulreginamaria.ro\\\/hu\",\"nextItem\":{\"@type\":\"ListItem\",\"@id\":\"https:\\\/\\\/www.teatrulreginamaria.ro\\\/hu\\\/categorie\\\/noutati\\\/#listItem\",\"name\":\"Nout\\u0103\\u021bi\"}},{\"@type\":\"ListItem\",\"@id\":\"https:\\\/\\\/www.teatrulreginamaria.ro\\\/hu\\\/categorie\\\/noutati\\\/#listItem\",\"position\":2,\"name\":\"Nout\\u0103\\u021bi\",\"item\":\"https:\\\/\\\/www.teatrulreginamaria.ro\\\/hu\\\/categorie\\\/noutati\\\/\",\"nextItem\":{\"@type\":\"ListItem\",\"@id\":\"https:\\\/\\\/www.teatrulreginamaria.ro\\\/hu\\\/categorie\\\/noutati\\\/noutati-trupa-iosif-vulcan\\\/#listItem\",\"name\":\"Nout\\u0103\\u021bi - Trupa Iosif Vulcan\"},\"previousItem\":{\"@type\":\"ListItem\",\"@id\":\"https:\\\/\\\/www.teatrulreginamaria.ro\\\/hu#listItem\",\"name\":\"Home\"}},{\"@type\":\"ListItem\",\"@id\":\"https:\\\/\\\/www.teatrulreginamaria.ro\\\/hu\\\/categorie\\\/noutati\\\/noutati-trupa-iosif-vulcan\\\/#listItem\",\"position\":3,\"name\":\"Nout\\u0103\\u021bi - Trupa Iosif Vulcan\",\"item\":\"https:\\\/\\\/www.teatrulreginamaria.ro\\\/hu\\\/categorie\\\/noutati\\\/noutati-trupa-iosif-vulcan\\\/\",\"nextItem\":{\"@type\":\"ListItem\",\"@id\":\"https:\\\/\\\/www.teatrulreginamaria.ro\\\/hu\\\/selectia-oficiala-a-festivalului-de-teatru-scurt-2016\\\/#listItem\",\"name\":\"SELEC\\u021aIA OFICIAL\\u0102 A FESTIVALULUI DE TEATRU SCURT 2016\"},\"previousItem\":{\"@type\":\"ListItem\",\"@id\":\"https:\\\/\\\/www.teatrulreginamaria.ro\\\/hu\\\/categorie\\\/noutati\\\/#listItem\",\"name\":\"Nout\\u0103\\u021bi\"}},{\"@type\":\"ListItem\",\"@id\":\"https:\\\/\\\/www.teatrulreginamaria.ro\\\/hu\\\/selectia-oficiala-a-festivalului-de-teatru-scurt-2016\\\/#listItem\",\"position\":4,\"name\":\"SELEC\\u021aIA OFICIAL\\u0102 A FESTIVALULUI DE TEATRU SCURT 2016\",\"previousItem\":{\"@type\":\"ListItem\",\"@id\":\"https:\\\/\\\/www.teatrulreginamaria.ro\\\/hu\\\/categorie\\\/noutati\\\/noutati-trupa-iosif-vulcan\\\/#listItem\",\"name\":\"Nout\\u0103\\u021bi - Trupa Iosif Vulcan\"}}]},{\"@type\":\"Organization\",\"@id\":\"https:\\\/\\\/www.teatrulreginamaria.ro\\\/hu\\\/#organization\",\"name\":\"Teatrul Regina Maria Oradea\",\"description\":\"Trupa Iosif Vulcan \\u0219i Trupa Arcadia\",\"url\":\"https:\\\/\\\/www.teatrulreginamaria.ro\\\/hu\\\/\",\"email\":\"marketing@teatrulreginamaria.ro\",\"telephone\":\"+40359411534\",\"numberOfEmployees\":{\"@type\":\"QuantitativeValue\",\"minValue\":0,\"maxValue\":150},\"logo\":{\"@type\":\"ImageObject\",\"url\":\"https:\\\/\\\/www.teatrulreginamaria.ro\\\/wp-content\\\/uploads\\\/2025\\\/06\\\/logo-trm-01-dark.png\",\"@id\":\"https:\\\/\\\/www.teatrulreginamaria.ro\\\/hu\\\/selectia-oficiala-a-festivalului-de-teatru-scurt-2016\\\/#organizationLogo\",\"width\":300,\"height\":148},\"image\":{\"@id\":\"https:\\\/\\\/www.teatrulreginamaria.ro\\\/hu\\\/selectia-oficiala-a-festivalului-de-teatru-scurt-2016\\\/#organizationLogo\"},\"sameAs\":[\"https:\\\/\\\/www.facebook.com\\\/TRMTrupaIosifVulcan\\\/\",\"https:\\\/\\\/x.com\\\/TRMOradea\",\"https:\\\/\\\/www.instagram.com\\\/teatrul_regina_maria\\\/\",\"https:\\\/\\\/www.youtube.com\\\/c\\\/TeatrulReginaMariaOradea\",\"https:\\\/\\\/www.linkedin.com\\\/company\\\/teatrul-regina-maria\"]},{\"@type\":\"Person\",\"@id\":\"https:\\\/\\\/www.teatrulreginamaria.ro\\\/hu\\\/author\\\/w3bmaster\\\/#author\",\"url\":\"https:\\\/\\\/www.teatrulreginamaria.ro\\\/hu\\\/author\\\/w3bmaster\\\/\",\"name\":\"Teatrul Regina Maria\",\"image\":{\"@type\":\"ImageObject\",\"@id\":\"https:\\\/\\\/www.teatrulreginamaria.ro\\\/hu\\\/selectia-oficiala-a-festivalului-de-teatru-scurt-2016\\\/#authorImage\",\"url\":\"https:\\\/\\\/secure.gravatar.com\\\/avatar\\\/5884139d508ae3f0bafe45e60563b48a9640146d3b08ccc6278c305ff9329305?s=96&d=mm&r=g\",\"width\":96,\"height\":96,\"caption\":\"Teatrul Regina Maria\"}},{\"@type\":\"WebPage\",\"@id\":\"https:\\\/\\\/www.teatrulreginamaria.ro\\\/hu\\\/selectia-oficiala-a-festivalului-de-teatru-scurt-2016\\\/#webpage\",\"url\":\"https:\\\/\\\/www.teatrulreginamaria.ro\\\/hu\\\/selectia-oficiala-a-festivalului-de-teatru-scurt-2016\\\/\",\"name\":\"SELEC\\u021aIA OFICIAL\\u0102 A FESTIVALULUI DE TEATRU SCURT 2016 - Teatrul Regina Maria Oradea\",\"description\":\"Teatrul Regina Maria din Oradea anun\\u0163\\u0103 selec\\u0163ia oficial\\u0103 a spectacolelor care vor participa la cea de XXII-a edi\\u0163ie a Festivalului de Teatru Scurt, component al Festivalului Interna\\u021bional de Teatru Oradea, aflat la cea de-a IV-a edi\\u021bie. Pentru spectacolele din sec\\u0163iunea CONCURS a festivalului, selec\\u0163ia a fost realizat\\u0103 de c\\u0103tre criticul de teatru Doru Mare\\u0219. FITO\",\"inLanguage\":\"hu-HU\",\"isPartOf\":{\"@id\":\"https:\\\/\\\/www.teatrulreginamaria.ro\\\/hu\\\/#website\"},\"breadcrumb\":{\"@id\":\"https:\\\/\\\/www.teatrulreginamaria.ro\\\/hu\\\/selectia-oficiala-a-festivalului-de-teatru-scurt-2016\\\/#breadcrumblist\"},\"author\":{\"@id\":\"https:\\\/\\\/www.teatrulreginamaria.ro\\\/hu\\\/author\\\/w3bmaster\\\/#author\"},\"creator\":{\"@id\":\"https:\\\/\\\/www.teatrulreginamaria.ro\\\/hu\\\/author\\\/w3bmaster\\\/#author\"},\"datePublished\":\"2016-07-06T09:44:26+03:00\",\"dateModified\":\"2016-07-06T09:44:26+03:00\"},{\"@type\":\"WebSite\",\"@id\":\"https:\\\/\\\/www.teatrulreginamaria.ro\\\/hu\\\/#website\",\"url\":\"https:\\\/\\\/www.teatrulreginamaria.ro\\\/hu\\\/\",\"name\":\"Teatrul Regina Maria Oradea\",\"alternateName\":\"TRM Oradea\",\"description\":\"Trupa Iosif Vulcan \\u0219i Trupa Arcadia\",\"inLanguage\":\"hu-HU\",\"publisher\":{\"@id\":\"https:\\\/\\\/www.teatrulreginamaria.ro\\\/hu\\\/#organization\"}}]}\n\t\t<\/script>\n\t\t<!-- All in One SEO Pro -->\r\n\t\t<title>SELEC\u021aIA OFICIAL\u0102 A FESTIVALULUI DE TEATRU SCURT 2016 - Teatrul Regina Maria Oradea<\/title>\n\n","aioseo_head_json":{"title":"A 2016-OS R\u00d6VID SZ\u00cdNH\u00c1ZI FESZTIV\u00c1L HIVATALOS V\u00c1LOGAT\u00c1SA - Regina Maria Sz\u00ednh\u00e1z, Nagyv\u00e1radi","description":"A nagyv\u00e1radi Regina Maria Sz\u00ednh\u00e1z hivatalosan is kihirdette a R\u00f6vidsz\u00ednh\u00e1zi Fesztiv\u00e1l XXII. kiad\u00e1s\u00e1nak el\u0151ad\u00e1sait, amely a Nagyv\u00e1radi Nemzetk\u00f6zi Sz\u00ednh\u00e1zi Fesztiv\u00e1l r\u00e9sze, imm\u00e1r 4. alkalommal. A fesztiv\u00e1l VERSENY szekci\u00f3j\u00e1nak el\u0151ad\u00e1sait Doru Mare\u0219 sz\u00ednh\u00e1zkritikus v\u00e1logatta. FITO","canonical_url":"https:\/\/www.teatrulreginamaria.ro\/hu\/selectia-oficiala-a-festivalului-de-teatru-scurt-2016\/","robots":"max-image-preview:large","keywords":"","webmasterTools":{"miscellaneous":""},"schema":{"@context":"https:\/\/schema.org","@graph":[{"@type":"BlogPosting","@id":"https:\/\/www.teatrulreginamaria.ro\/hu\/selectia-oficiala-a-festivalului-de-teatru-scurt-2016\/#blogposting","name":"SELEC\u021aIA OFICIAL\u0102 A FESTIVALULUI DE TEATRU SCURT 2016 - Teatrul Regina Maria Oradea","headline":"SELEC\u021aIA OFICIAL\u0102 A FESTIVALULUI DE TEATRU SCURT 2016","author":{"@id":"https:\/\/www.teatrulreginamaria.ro\/hu\/author\/w3bmaster\/#author"},"publisher":{"@id":"https:\/\/www.teatrulreginamaria.ro\/hu\/#organization"},"image":{"@type":"ImageObject","url":"https:\/\/www.teatrulreginamaria.ro\/wp-content\/uploads\/2025\/06\/logo-trm-01-dark.png","@id":"https:\/\/www.teatrulreginamaria.ro\/hu\/#articleImage","width":300,"height":148},"datePublished":"2016-07-06T09:44:26+03:00","dateModified":"2016-07-06T09:44:26+03:00","inLanguage":"hu-HU","mainEntityOfPage":{"@id":"https:\/\/www.teatrulreginamaria.ro\/hu\/selectia-oficiala-a-festivalului-de-teatru-scurt-2016\/#webpage"},"isPartOf":{"@id":"https:\/\/www.teatrulreginamaria.ro\/hu\/selectia-oficiala-a-festivalului-de-teatru-scurt-2016\/#webpage"},"articleSection":"Nout\u0103\u021bi - Trupa Iosif Vulcan"},{"@type":"BreadcrumbList","@id":"https:\/\/www.teatrulreginamaria.ro\/hu\/selectia-oficiala-a-festivalului-de-teatru-scurt-2016\/#breadcrumblist","itemListElement":[{"@type":"ListItem","@id":"https:\/\/www.teatrulreginamaria.ro\/hu#listItem","position":1,"name":"Home","item":"https:\/\/www.teatrulreginamaria.ro\/hu","nextItem":{"@type":"ListItem","@id":"https:\/\/www.teatrulreginamaria.ro\/hu\/categorie\/noutati\/#listItem","name":"Nout\u0103\u021bi"}},{"@type":"ListItem","@id":"https:\/\/www.teatrulreginamaria.ro\/hu\/categorie\/noutati\/#listItem","position":2,"name":"Nout\u0103\u021bi","item":"https:\/\/www.teatrulreginamaria.ro\/hu\/categorie\/noutati\/","nextItem":{"@type":"ListItem","@id":"https:\/\/www.teatrulreginamaria.ro\/hu\/categorie\/noutati\/noutati-trupa-iosif-vulcan\/#listItem","name":"Nout\u0103\u021bi - Trupa Iosif Vulcan"},"previousItem":{"@type":"ListItem","@id":"https:\/\/www.teatrulreginamaria.ro\/hu#listItem","name":"Home"}},{"@type":"ListItem","@id":"https:\/\/www.teatrulreginamaria.ro\/hu\/categorie\/noutati\/noutati-trupa-iosif-vulcan\/#listItem","position":3,"name":"Nout\u0103\u021bi - Trupa Iosif Vulcan","item":"https:\/\/www.teatrulreginamaria.ro\/hu\/categorie\/noutati\/noutati-trupa-iosif-vulcan\/","nextItem":{"@type":"ListItem","@id":"https:\/\/www.teatrulreginamaria.ro\/hu\/selectia-oficiala-a-festivalului-de-teatru-scurt-2016\/#listItem","name":"SELEC\u021aIA OFICIAL\u0102 A FESTIVALULUI DE TEATRU SCURT 2016"},"previousItem":{"@type":"ListItem","@id":"https:\/\/www.teatrulreginamaria.ro\/hu\/categorie\/noutati\/#listItem","name":"Nout\u0103\u021bi"}},{"@type":"ListItem","@id":"https:\/\/www.teatrulreginamaria.ro\/hu\/selectia-oficiala-a-festivalului-de-teatru-scurt-2016\/#listItem","position":4,"name":"SELEC\u021aIA OFICIAL\u0102 A FESTIVALULUI DE TEATRU SCURT 2016","previousItem":{"@type":"ListItem","@id":"https:\/\/www.teatrulreginamaria.ro\/hu\/categorie\/noutati\/noutati-trupa-iosif-vulcan\/#listItem","name":"Nout\u0103\u021bi - Trupa Iosif Vulcan"}}]},{"@type":"Organization","@id":"https:\/\/www.teatrulreginamaria.ro\/hu\/#organization","name":"Teatrul Regina Maria Oradea","description":"Trupa Iosif Vulcan \u0219i Trupa Arcadia","url":"https:\/\/www.teatrulreginamaria.ro\/hu\/","email":"marketing@teatrulreginamaria.ro","telephone":"+40359411534","numberOfEmployees":{"@type":"QuantitativeValue","minValue":0,"maxValue":150},"logo":{"@type":"ImageObject","url":"https:\/\/www.teatrulreginamaria.ro\/wp-content\/uploads\/2025\/06\/logo-trm-01-dark.png","@id":"https:\/\/www.teatrulreginamaria.ro\/hu\/selectia-oficiala-a-festivalului-de-teatru-scurt-2016\/#organizationLogo","width":300,"height":148},"image":{"@id":"https:\/\/www.teatrulreginamaria.ro\/hu\/selectia-oficiala-a-festivalului-de-teatru-scurt-2016\/#organizationLogo"},"sameAs":["https:\/\/www.facebook.com\/TRMTrupaIosifVulcan\/","https:\/\/x.com\/TRMOradea","https:\/\/www.instagram.com\/teatrul_regina_maria\/","https:\/\/www.youtube.com\/c\/TeatrulReginaMariaOradea","https:\/\/www.linkedin.com\/company\/teatrul-regina-maria"]},{"@type":"Person","@id":"https:\/\/www.teatrulreginamaria.ro\/hu\/author\/w3bmaster\/#author","url":"https:\/\/www.teatrulreginamaria.ro\/hu\/author\/w3bmaster\/","name":"Teatrul Regina Maria","image":{"@type":"ImageObject","@id":"https:\/\/www.teatrulreginamaria.ro\/hu\/selectia-oficiala-a-festivalului-de-teatru-scurt-2016\/#authorImage","url":"https:\/\/secure.gravatar.com\/avatar\/5884139d508ae3f0bafe45e60563b48a9640146d3b08ccc6278c305ff9329305?s=96&d=mm&r=g","width":96,"height":96,"caption":"Teatrul Regina Maria"}},{"@type":"WebPage","@id":"https:\/\/www.teatrulreginamaria.ro\/hu\/selectia-oficiala-a-festivalului-de-teatru-scurt-2016\/#webpage","url":"https:\/\/www.teatrulreginamaria.ro\/hu\/selectia-oficiala-a-festivalului-de-teatru-scurt-2016\/","name":"SELEC\u021aIA OFICIAL\u0102 A FESTIVALULUI DE TEATRU SCURT 2016 - Teatrul Regina Maria Oradea","description":"Teatrul Regina Maria din Oradea anun\u0163\u0103 selec\u0163ia oficial\u0103 a spectacolelor care vor participa la cea de XXII-a edi\u0163ie a Festivalului de Teatru Scurt, component al Festivalului Interna\u021bional de Teatru Oradea, aflat la cea de-a IV-a edi\u021bie. Pentru spectacolele din sec\u0163iunea CONCURS a festivalului, selec\u0163ia a fost realizat\u0103 de c\u0103tre criticul de teatru Doru Mare\u0219. FITO","inLanguage":"hu-HU","isPartOf":{"@id":"https:\/\/www.teatrulreginamaria.ro\/hu\/#website"},"breadcrumb":{"@id":"https:\/\/www.teatrulreginamaria.ro\/hu\/selectia-oficiala-a-festivalului-de-teatru-scurt-2016\/#breadcrumblist"},"author":{"@id":"https:\/\/www.teatrulreginamaria.ro\/hu\/author\/w3bmaster\/#author"},"creator":{"@id":"https:\/\/www.teatrulreginamaria.ro\/hu\/author\/w3bmaster\/#author"},"datePublished":"2016-07-06T09:44:26+03:00","dateModified":"2016-07-06T09:44:26+03:00"},{"@type":"WebSite","@id":"https:\/\/www.teatrulreginamaria.ro\/hu\/#website","url":"https:\/\/www.teatrulreginamaria.ro\/hu\/","name":"Teatrul Regina Maria Oradea","alternateName":"TRM Oradea","description":"Trupa Iosif Vulcan \u0219i Trupa Arcadia","inLanguage":"hu-HU","publisher":{"@id":"https:\/\/www.teatrulreginamaria.ro\/hu\/#organization"}}]},"og:locale":"hu_HU","og:site_name":"Teatrul Regina Maria Oradea - Trupa Iosif Vulcan \u0219i Trupa Arcadia","og:type":"article","og:title":"SELEC\u021aIA OFICIAL\u0102 A FESTIVALULUI DE TEATRU SCURT 2016 - Teatrul Regina Maria Oradea","og:description":"Teatrul Regina Maria din Oradea anun\u0163\u0103 selec\u0163ia oficial\u0103 a spectacolelor care vor participa la cea de XXII-a edi\u0163ie a Festivalului de Teatru Scurt, component al Festivalului Interna\u021bional de Teatru Oradea, aflat la cea de-a IV-a edi\u021bie. Pentru spectacolele din sec\u0163iunea CONCURS a festivalului, selec\u0163ia a fost realizat\u0103 de c\u0103tre criticul de teatru Doru Mare\u0219. FITO","og:url":"https:\/\/www.teatrulreginamaria.ro\/hu\/selectia-oficiala-a-festivalului-de-teatru-scurt-2016\/","og:image":"https:\/\/www.teatrulreginamaria.ro\/wp-content\/uploads\/2025\/03\/trm-istoric-01.jpg","og:image:secure_url":"https:\/\/www.teatrulreginamaria.ro\/wp-content\/uploads\/2025\/03\/trm-istoric-01.jpg","og:image:width":1200,"og:image:height":800,"article:published_time":"2016-07-06T09:44:26+00:00","article:modified_time":"2016-07-06T09:44:26+00:00","article:publisher":"https:\/\/www.facebook.com\/TRMTrupaIosifVulcan\/","twitter:card":"summary_large_image","twitter:site":"@TRMOradea","twitter:title":"SELEC\u021aIA OFICIAL\u0102 A FESTIVALULUI DE TEATRU SCURT 2016 - Teatrul Regina Maria Oradea","twitter:description":"Teatrul Regina Maria din Oradea anun\u0163\u0103 selec\u0163ia oficial\u0103 a spectacolelor care vor participa la cea de XXII-a edi\u0163ie a Festivalului de Teatru Scurt, component al Festivalului Interna\u021bional de Teatru Oradea, aflat la cea de-a IV-a edi\u021bie. Pentru spectacolele din sec\u0163iunea CONCURS a festivalului, selec\u0163ia a fost realizat\u0103 de c\u0103tre criticul de teatru Doru Mare\u0219. FITO","twitter:creator":"@TRMOradea","twitter:image":"https:\/\/www.teatrulreginamaria.ro\/wp-content\/uploads\/2025\/03\/trm-istoric-01.jpg"},"aioseo_meta_data":{"post_id":"1168","title":null,"description":null,"keywords":null,"keyphrases":null,"primary_term":null,"canonical_url":null,"og_title":null,"og_description":null,"og_object_type":"default","og_image_type":"default","og_image_url":null,"og_image_width":null,"og_image_height":null,"og_image_custom_url":null,"og_image_custom_fields":null,"og_video":null,"og_custom_url":null,"og_article_section":null,"og_article_tags":null,"twitter_use_og":false,"twitter_card":"default","twitter_image_type":"default","twitter_image_url":null,"twitter_image_custom_url":null,"twitter_image_custom_fields":null,"twitter_title":null,"twitter_description":null,"schema":{"blockGraphs":[],"customGraphs":[],"default":{"data":{"Article":[],"Course":[],"Dataset":[],"FAQPage":[],"Movie":[],"Person":[],"Product":[],"ProductReview":[],"Car":[],"Recipe":[],"Service":[],"SoftwareApplication":[],"WebPage":[]},"graphName":"","isEnabled":true},"graphs":[]},"schema_type":"default","schema_type_options":null,"pillar_content":false,"robots_default":true,"robots_noindex":false,"robots_noarchive":false,"robots_nosnippet":false,"robots_nofollow":false,"robots_noimageindex":false,"robots_noodp":false,"robots_notranslate":false,"robots_max_snippet":null,"robots_max_videopreview":null,"robots_max_imagepreview":"large","priority":null,"frequency":null,"local_seo":null,"seo_analyzer_scan_date":"2026-05-13 01:16:51","breadcrumb_settings":null,"limit_modified_date":false,"reviewed_by":null,"open_ai":null,"ai":null,"created":"2025-04-09 17:42:39","updated":"2026-05-13 01:16:51","focus_keyword":null,"additional_keywords":null,"truseo_locale":null},"aioseo_breadcrumb":"<div class=\"aioseo-breadcrumbs\"><span class=\"aioseo-breadcrumb\">\n\t<a href=\"https:\/\/www.teatrulreginamaria.ro\/hu\" title=\"Home\">Home<\/a>\n<\/span><span class=\"aioseo-breadcrumb-separator\">&raquo;<\/span><span class=\"aioseo-breadcrumb\">\n\t<a href=\"https:\/\/www.teatrulreginamaria.ro\/hu\/categorie\/noutati\/\" title=\"Nout\u0103\u021bi\">Nout\u0103\u021bi<\/a>\n<\/span><span class=\"aioseo-breadcrumb-separator\">&raquo;<\/span><span class=\"aioseo-breadcrumb\">\n\t<a href=\"https:\/\/www.teatrulreginamaria.ro\/hu\/categorie\/noutati\/noutati-trupa-iosif-vulcan\/\" title=\"Nout\u0103\u021bi - Trupa Iosif Vulcan\">Nout\u0103\u021bi - Trupa Iosif Vulcan<\/a>\n<\/span><span class=\"aioseo-breadcrumb-separator\">&raquo;<\/span><span class=\"aioseo-breadcrumb\">\n\tSELEC\u021aIA OFICIAL\u0102 A FESTIVALULUI DE TEATRU SCURT 2016\n<\/span><\/div>","aioseo_breadcrumb_json":[{"label":"Home","link":"https:\/\/www.teatrulreginamaria.ro\/hu"},{"label":"Nout\u0103\u021bi","link":"https:\/\/www.teatrulreginamaria.ro\/hu\/categorie\/noutati\/"},{"label":"Nout\u0103\u021bi - Trupa Iosif Vulcan","link":"https:\/\/www.teatrulreginamaria.ro\/hu\/categorie\/noutati\/noutati-trupa-iosif-vulcan\/"},{"label":"SELEC\u021aIA OFICIAL\u0102 A FESTIVALULUI DE TEATRU SCURT 2016","link":"https:\/\/www.teatrulreginamaria.ro\/hu\/selectia-oficiala-a-festivalului-de-teatru-scurt-2016\/"}],"acf":[],"_links":{"self":[{"href":"https:\/\/www.teatrulreginamaria.ro\/hu\/wp-json\/wp\/v2\/posts\/1168","targetHints":{"allow":["GET"]}}],"collection":[{"href":"https:\/\/www.teatrulreginamaria.ro\/hu\/wp-json\/wp\/v2\/posts"}],"about":[{"href":"https:\/\/www.teatrulreginamaria.ro\/hu\/wp-json\/wp\/v2\/types\/post"}],"author":[{"embeddable":true,"href":"https:\/\/www.teatrulreginamaria.ro\/hu\/wp-json\/wp\/v2\/users\/6"}],"replies":[{"embeddable":true,"href":"https:\/\/www.teatrulreginamaria.ro\/hu\/wp-json\/wp\/v2\/comments?post=1168"}],"version-history":[{"count":0,"href":"https:\/\/www.teatrulreginamaria.ro\/hu\/wp-json\/wp\/v2\/posts\/1168\/revisions"}],"wp:attachment":[{"href":"https:\/\/www.teatrulreginamaria.ro\/hu\/wp-json\/wp\/v2\/media?parent=1168"}],"wp:term":[{"taxonomy":"category","embeddable":true,"href":"https:\/\/www.teatrulreginamaria.ro\/hu\/wp-json\/wp\/v2\/categories?post=1168"},{"taxonomy":"post_tag","embeddable":true,"href":"https:\/\/www.teatrulreginamaria.ro\/hu\/wp-json\/wp\/v2\/tags?post=1168"}],"curies":[{"name":"munkaf\u00fczet","href":"https:\/\/api.w.org\/{rel}","templated":true}]}}