{"id":1170,"date":"2016-08-17T10:33:50","date_gmt":"2016-08-17T10:33:50","guid":{"rendered":"https:\/\/teatrulreginamaria.ro\/2016\/08\/17\/microstagiunea-de-vara\/"},"modified":"2016-08-17T10:33:50","modified_gmt":"2016-08-17T10:33:50","slug":"nyari-mikroszezon","status":"publish","type":"post","link":"https:\/\/www.teatrulreginamaria.ro\/hu\/microstagiunea-de-vara\/","title":{"rendered":"NY\u00c1RI MIKROSZEZON A REGINA MARIA SZ\u00cdNH\u00c1ZBAN"},"content":{"rendered":"<p style=\"text-align: justify;\">Augusztusban \u00fajra megny\u00edlik a Regina Maria Sz\u00ednh\u00e1z kapui, \u00e9s felg\u00f6rd\u00fcl a f\u00fcgg\u00f6ny a ny\u00e1ri mikroszezon kezdet\u00e9re. A sz\u00ednh\u00e1zkedvel\u0151k minden koroszt\u00e1ly \u00e9s \u00edzl\u00e9s sz\u00e1m\u00e1ra tartanak el\u0151ad\u00e1sokat, hogy folytathass\u00e1k a ny\u00e1ri szezon \u00e9lvezet\u00e9t.<\/p>\n<p><!--more--><\/p>\n<p style=\"text-align: justify;\">Megsz\u00f3lal az els\u0151 gong <strong>Vas\u00e1rnap, augusztus 21.<\/strong>, arra buzd\u00edtva a fiatal n\u00e9z\u0151ket, hogy b\u00e1tran induljanak el egy halhatatlan mese \u00f6sv\u00e9nyein: JANCSIK \u00c9S JULISKA \u2013 Hanyecz-Debelka R\u00f3bert toll\u00e1b\u00f3l, a Grimm testv\u00e9rek \u00f6tlete alapj\u00e1n, Sz\u0151ke Kavinszki Andr\u00e1s rendez\u00e9s\u00e9ben \u2013 <strong>11:00-t\u00f3l a Sala Arcadi\u00e1ban<\/strong>.<\/p>\n<p style=\"text-align: justify;\"><strong>Augusztus 25-\u00e9n, cs\u00fct\u00f6rt\u00f6k\u00f6n, 19:00-t\u00f3l a Nagyteremben<\/strong>, egy \u00ednycsikland\u00f3 v\u00edgj\u00e1t\u00e9kra v\u00e1runk, amelyben bebizony\u00edtjuk, hogy a t\u00f6rt\u00e9n\u00e9szek t\u00e9vedtek, mert NAP\u00d3LEON\u2026 EGY L\u00c1NY VOLT! \u2013 Sic\u0103 Alexandrescu adapt\u00e1ci\u00f3ja egy amerikai boh\u00f3zat alapj\u00e1n, Andrei Mihalache rendez\u00e9s\u00e9ben.<\/p>\n<p style=\"text-align: justify;\"><strong>Augusztus 27-\u00e9n, szombaton, 11:00-t\u00f3l az Arcadia Hallban<\/strong>, PIROSKA \u00c9S A FARKOL\u00d3 ism\u00e9t magabiztosan indul el nagymam\u00e1ja h\u00e1za fel\u00e9. De ne f\u00e9lj\u00fcnk a nagy gonosz farkast\u00f3l, mert t\u0171t sz\u00fartunk a bund\u00e1j\u00e1ba. Charles Perrault \u00e9s a Grimm testv\u00e9rek alapj\u00e1n k\u00e9sz\u00fclt adapt\u00e1ci\u00f3, rendezte: Maria Mierlu\u0163.<\/p>\n<p style=\"text-align: justify;\"><strong>Kedd, augusztus 30. <\/strong>\u00e9s<strong> Szerd\u00e1n, augusztus 31-\u00e9n, este 9 \u00f3r\u00e1t\u00f3l a nagyv\u00e1radi Citadell\u00e1ban tal\u00e1lhat\u00f3 mobil sz\u00ednpadon, <\/strong>Lear kir\u00e1ly lemond a tr\u00f3nr\u00f3l \u00e9s felosztja kir\u00e1lys\u00e1g\u00e1t l\u00e1nyai k\u00f6z\u00f6tt: AZ \u00c9JSZAKA SZ\u00cdV\u00c9BEN \u2013 A LEAR-EPIZ\u00d3D, Gavriil Pinte forgat\u00f3k\u00f6nyve, George Banu \u00e9s Monique Borie bet\u00e9teivel, Gavriil Pinte rendez\u00e9s\u00e9ben.<\/p>\n<p style=\"text-align: justify;\"><strong>szeptember 1-j\u00e9n, cs\u00fct\u00f6rt\u00f6k\u00f6n, 19:00-t\u00f3l a Nagyteremben<\/strong>, k\u00e9zzelfoghat\u00f3 bizony\u00edt\u00e9kunk van arra, hogy m\u00e9g A MINISZTEREK IS CSELEKVENEK \u2013 Ray Cooney \u00f6tlete alapj\u00e1n, Daniel Vulcu rendez\u00e9s\u00e9ben.<\/p>\n<p style=\"text-align: justify;\"><strong>Szeptember 3-\u00e1n, szombaton, 11:00-t\u00f3l az Arcadia Hallban<\/strong>, STAN BOLOVAN \u2013 A LOVAGOK F\u00c9LELEM c\u00edm\u0171 darab a b\u00e1trak seg\u00edts\u00e9g\u00e9re int minden akad\u00e1ly lek\u00fczd\u00e9s\u00e9ben \u2013 Maria Mierlu\u0163 dramatiz\u00e1l\u00e1sa Ioan Slavici nyom\u00e1n, Maria Mierlu\u0163 m\u0171v\u00e9szeti vezet\u00e9s\u00e9vel.<\/p>\n<p style=\"text-align: justify;\"><strong>szeptember 8-\u00e1n, cs\u00fct\u00f6rt\u00f6k\u00f6n, 19:00-t\u00f3l a Nagyteremben<\/strong>, a CSERESZNYESKERT c\u00edm\u0171 darab csehovi szerepl\u0151i a v\u00e9gs\u0151 \u00edt\u00e9letre v\u00e1rnak: kiv\u00e1gj\u00e1k-e vagy sem a h\u00edres gy\u00fcm\u00f6lcs\u00f6st, amely sok\u00e1ig a gy\u00f6ny\u00f6r\u0171 gyermekkor tere \u00e9s a helyi b\u00fcszkes\u00e9g forr\u00e1sa volt \u2013 A. P. Csehov klasszikus sz\u00f6vege, Alexandru Dabija rendez\u00e9s\u00e9ben.<\/p>\n<p style=\"text-align: justify;\"><strong>Vas\u00e1rnap, szeptember 11.,<\/strong> <strong>11:00-t\u00f3l, a Sala Studio Arcadi\u00e1ban<\/strong>, megh\u00edvjuk \u00d6nt az OMULE\u0162 c\u00edm\u0171 el\u0151ad\u00e1s PREMIERJ\u00c9RE \u2013 forgat\u00f3k\u00f6nyv\u00edr\u00f3: Petronela Ionescu, rendez\u0151: Delia Gavli\u0163chi.<\/p>\n<p style=\"text-align: justify;\"><strong>szeptember 14-\u00e9n, szerd\u00e1n, 19:00-t\u00f3l a Nagyteremben<\/strong>, megh\u00edvunk, hogy l\u00e9pj be a b\u00e1jos Alonso Quijana k\u00e9pzelet\u00e9be, \u00e9s indulj Don Quijot\u00e9val \u00e9s h\u0171s\u00e9ges fegyverhordoz\u00f3j\u00e1val, Sancho Panz\u00e1val egy kalandokkal teli kalandra a Dale Wasserman \u00e1ltal \u00edrt A LA MANCHAI EMBER c\u00edm\u0171 musical megtekint\u00e9s\u00e9vel, Korcsmaros Gy\u00f6rgy rendez\u00e9s\u00e9ben.<\/p>\n<p style=\"text-align: justify;\">Jegyek kaphat\u00f3k a sz\u00ednh\u00e1z Jegyirod\u00e1j\u00e1ban (h\u00e9tf\u0151t\u0151l p\u00e9ntekig 10:00 \u00e9s 19:00 \u00f3ra k\u00f6z\u00f6tt, h\u00e9tv\u00e9g\u00e9n pedig 10:00 \u00e9s 13:00 \u00f3ra k\u00f6z\u00f6tt). Jegyek minden el\u0151ad\u00e1s el\u0151tt egy \u00f3r\u00e1val, vagy online a www.biletmaster.ro weboldalon is megv\u00e1s\u00e1rolhat\u00f3k. Tov\u00e1bbi inform\u00e1ci\u00f3\u00e9rt \u00e9s jegyfoglal\u00e1s\u00e9rt k\u00e9rj\u00fck, h\u00edvja a 0259\/440.742-es telefonsz\u00e1mot.<\/p>\n<p style=\"text-align: justify;\">V\u00e1runk a sz\u00ednh\u00e1zban!<\/p>","protected":false},"excerpt":{"rendered":"<p>Augusztusban \u00fajra megny\u00edlik a Regina Maria Sz\u00ednh\u00e1z kapui, \u00e9s felg\u00f6rd\u00fcl a f\u00fcgg\u00f6ny a ny\u00e1ri mikroszezon kezdet\u00e9re. A sz\u00ednh\u00e1zkedvel\u0151k minden koroszt\u00e1ly \u00e9s \u00edzl\u00e9s sz\u00e1m\u00e1ra tartanak el\u0151ad\u00e1sokat, hogy folytathass\u00e1k a ny\u00e1ri szezon \u00e9lvezet\u00e9t.<\/p>","protected":false},"author":6,"featured_media":0,"comment_status":"open","ping_status":"open","sticky":false,"template":"","format":"standard","meta":{"_acf_changed":false,"footnotes":""},"categories":[22],"tags":[],"class_list":["post-1170","post","type-post","status-publish","format-standard","hentry","category-noutati-trupa-iosif-vulcan"],"aioseo_notices":[],"aioseo_head":"\n\t\t<!-- All in One SEO Pro 5.0.1.1 - aioseo.com -->\n\t<meta name=\"description\" content=\"Por\u0163ile Teatrului Regina Maria se redeschid \u015fi cortina se ridic\u0103 \u00een luna august pentru microstagiunea de var\u0103. Iubitorii de teatru sunt invita\u0163i s\u0103 se bucure \u00een continuare de sezonul estival urm\u0103rind spectacole pentru toate v\u00e2rstele \u015fi pentru toate gusturile. Primul gong va suna duminic\u0103, 21 august, \u00eendemn\u00e2nd micii spectatori s\u0103 porneasc\u0103 cu mult curaj pe\" \/>\n\t<meta name=\"robots\" content=\"max-image-preview:large\" \/>\n\t<meta name=\"author\" content=\"Teatrul Regina Maria\"\/>\n\t<link rel=\"canonical\" href=\"https:\/\/www.teatrulreginamaria.ro\/hu\/microstagiunea-de-vara\/\" \/>\n\t<meta name=\"generator\" content=\"All in One SEO Pro (AIOSEO) 5.0.1.1\" \/>\n\t\t<meta property=\"og:locale\" content=\"hu_HU\" \/>\n\t\t<meta property=\"og:site_name\" content=\"Teatrul Regina Maria Oradea - Trupa Iosif Vulcan \u0219i Trupa Arcadia\" \/>\n\t\t<meta property=\"og:type\" content=\"article\" \/>\n\t\t<meta property=\"og:title\" content=\"MICROSTAGIUNEA DE VAR\u0102 LA TEATRUL REGINA MARIA - Teatrul Regina Maria Oradea\" \/>\n\t\t<meta property=\"og:description\" content=\"Por\u0163ile Teatrului Regina Maria se redeschid \u015fi cortina se ridic\u0103 \u00een luna august pentru microstagiunea de var\u0103. Iubitorii de teatru sunt invita\u0163i s\u0103 se bucure \u00een continuare de sezonul estival urm\u0103rind spectacole pentru toate v\u00e2rstele \u015fi pentru toate gusturile. Primul gong va suna duminic\u0103, 21 august, \u00eendemn\u00e2nd micii spectatori s\u0103 porneasc\u0103 cu mult curaj pe\" \/>\n\t\t<meta property=\"og:url\" content=\"https:\/\/www.teatrulreginamaria.ro\/hu\/microstagiunea-de-vara\/\" \/>\n\t\t<meta property=\"og:image\" content=\"https:\/\/www.teatrulreginamaria.ro\/wp-content\/uploads\/2025\/03\/trm-istoric-01.jpg\" \/>\n\t\t<meta property=\"og:image:secure_url\" content=\"https:\/\/www.teatrulreginamaria.ro\/wp-content\/uploads\/2025\/03\/trm-istoric-01.jpg\" \/>\n\t\t<meta property=\"og:image:width\" content=\"1200\" \/>\n\t\t<meta property=\"og:image:height\" content=\"800\" \/>\n\t\t<meta property=\"article:published_time\" content=\"2016-08-17T10:33:50+00:00\" \/>\n\t\t<meta property=\"article:modified_time\" content=\"2016-08-17T10:33:50+00:00\" \/>\n\t\t<meta property=\"article:publisher\" content=\"https:\/\/www.facebook.com\/TRMTrupaIosifVulcan\/\" \/>\n\t\t<meta name=\"twitter:card\" content=\"summary_large_image\" \/>\n\t\t<meta name=\"twitter:site\" content=\"@TRMOradea\" \/>\n\t\t<meta name=\"twitter:title\" content=\"MICROSTAGIUNEA DE VAR\u0102 LA TEATRUL REGINA MARIA - Teatrul Regina Maria Oradea\" \/>\n\t\t<meta name=\"twitter:description\" content=\"Por\u0163ile Teatrului Regina Maria se redeschid \u015fi cortina se ridic\u0103 \u00een luna august pentru microstagiunea de var\u0103. Iubitorii de teatru sunt invita\u0163i s\u0103 se bucure \u00een continuare de sezonul estival urm\u0103rind spectacole pentru toate v\u00e2rstele \u015fi pentru toate gusturile. Primul gong va suna duminic\u0103, 21 august, \u00eendemn\u00e2nd micii spectatori s\u0103 porneasc\u0103 cu mult curaj pe\" \/>\n\t\t<meta name=\"twitter:creator\" content=\"@TRMOradea\" \/>\n\t\t<meta name=\"twitter:image\" content=\"https:\/\/www.teatrulreginamaria.ro\/wp-content\/uploads\/2025\/03\/trm-istoric-01.jpg\" \/>\n\t\t<script type=\"application\/ld+json\" class=\"aioseo-schema\">\n\t\t\t{\"@context\":\"https:\\\/\\\/schema.org\",\"@graph\":[{\"@type\":\"BlogPosting\",\"@id\":\"https:\\\/\\\/www.teatrulreginamaria.ro\\\/hu\\\/microstagiunea-de-vara\\\/#blogposting\",\"name\":\"MICROSTAGIUNEA DE VAR\\u0102 LA TEATRUL REGINA MARIA - Teatrul Regina Maria Oradea\",\"headline\":\"MICROSTAGIUNEA DE VAR\\u0102 LA TEATRUL REGINA MARIA\",\"author\":{\"@id\":\"https:\\\/\\\/www.teatrulreginamaria.ro\\\/hu\\\/author\\\/w3bmaster\\\/#author\"},\"publisher\":{\"@id\":\"https:\\\/\\\/www.teatrulreginamaria.ro\\\/hu\\\/#organization\"},\"image\":{\"@type\":\"ImageObject\",\"url\":\"https:\\\/\\\/www.teatrulreginamaria.ro\\\/wp-content\\\/uploads\\\/2025\\\/06\\\/logo-trm-01-dark.png\",\"@id\":\"https:\\\/\\\/www.teatrulreginamaria.ro\\\/hu\\\/#articleImage\",\"width\":300,\"height\":148},\"datePublished\":\"2016-08-17T10:33:50+03:00\",\"dateModified\":\"2016-08-17T10:33:50+03:00\",\"inLanguage\":\"hu-HU\",\"mainEntityOfPage\":{\"@id\":\"https:\\\/\\\/www.teatrulreginamaria.ro\\\/hu\\\/microstagiunea-de-vara\\\/#webpage\"},\"isPartOf\":{\"@id\":\"https:\\\/\\\/www.teatrulreginamaria.ro\\\/hu\\\/microstagiunea-de-vara\\\/#webpage\"},\"articleSection\":\"Nout\\u0103\\u021bi - Trupa Iosif Vulcan\"},{\"@type\":\"BreadcrumbList\",\"@id\":\"https:\\\/\\\/www.teatrulreginamaria.ro\\\/hu\\\/microstagiunea-de-vara\\\/#breadcrumblist\",\"itemListElement\":[{\"@type\":\"ListItem\",\"@id\":\"https:\\\/\\\/www.teatrulreginamaria.ro\\\/hu#listItem\",\"position\":1,\"name\":\"Home\",\"item\":\"https:\\\/\\\/www.teatrulreginamaria.ro\\\/hu\",\"nextItem\":{\"@type\":\"ListItem\",\"@id\":\"https:\\\/\\\/www.teatrulreginamaria.ro\\\/hu\\\/categorie\\\/noutati\\\/#listItem\",\"name\":\"Nout\\u0103\\u021bi\"}},{\"@type\":\"ListItem\",\"@id\":\"https:\\\/\\\/www.teatrulreginamaria.ro\\\/hu\\\/categorie\\\/noutati\\\/#listItem\",\"position\":2,\"name\":\"Nout\\u0103\\u021bi\",\"item\":\"https:\\\/\\\/www.teatrulreginamaria.ro\\\/hu\\\/categorie\\\/noutati\\\/\",\"nextItem\":{\"@type\":\"ListItem\",\"@id\":\"https:\\\/\\\/www.teatrulreginamaria.ro\\\/hu\\\/categorie\\\/noutati\\\/noutati-trupa-iosif-vulcan\\\/#listItem\",\"name\":\"Nout\\u0103\\u021bi - Trupa Iosif Vulcan\"},\"previousItem\":{\"@type\":\"ListItem\",\"@id\":\"https:\\\/\\\/www.teatrulreginamaria.ro\\\/hu#listItem\",\"name\":\"Home\"}},{\"@type\":\"ListItem\",\"@id\":\"https:\\\/\\\/www.teatrulreginamaria.ro\\\/hu\\\/categorie\\\/noutati\\\/noutati-trupa-iosif-vulcan\\\/#listItem\",\"position\":3,\"name\":\"Nout\\u0103\\u021bi - Trupa Iosif Vulcan\",\"item\":\"https:\\\/\\\/www.teatrulreginamaria.ro\\\/hu\\\/categorie\\\/noutati\\\/noutati-trupa-iosif-vulcan\\\/\",\"nextItem\":{\"@type\":\"ListItem\",\"@id\":\"https:\\\/\\\/www.teatrulreginamaria.ro\\\/hu\\\/microstagiunea-de-vara\\\/#listItem\",\"name\":\"MICROSTAGIUNEA DE VAR\\u0102 LA TEATRUL REGINA MARIA\"},\"previousItem\":{\"@type\":\"ListItem\",\"@id\":\"https:\\\/\\\/www.teatrulreginamaria.ro\\\/hu\\\/categorie\\\/noutati\\\/#listItem\",\"name\":\"Nout\\u0103\\u021bi\"}},{\"@type\":\"ListItem\",\"@id\":\"https:\\\/\\\/www.teatrulreginamaria.ro\\\/hu\\\/microstagiunea-de-vara\\\/#listItem\",\"position\":4,\"name\":\"MICROSTAGIUNEA DE VAR\\u0102 LA TEATRUL REGINA MARIA\",\"previousItem\":{\"@type\":\"ListItem\",\"@id\":\"https:\\\/\\\/www.teatrulreginamaria.ro\\\/hu\\\/categorie\\\/noutati\\\/noutati-trupa-iosif-vulcan\\\/#listItem\",\"name\":\"Nout\\u0103\\u021bi - Trupa Iosif Vulcan\"}}]},{\"@type\":\"Organization\",\"@id\":\"https:\\\/\\\/www.teatrulreginamaria.ro\\\/hu\\\/#organization\",\"name\":\"Teatrul Regina Maria Oradea\",\"description\":\"Trupa Iosif Vulcan \\u0219i Trupa Arcadia\",\"url\":\"https:\\\/\\\/www.teatrulreginamaria.ro\\\/hu\\\/\",\"email\":\"marketing@teatrulreginamaria.ro\",\"telephone\":\"+40359411534\",\"numberOfEmployees\":{\"@type\":\"QuantitativeValue\",\"minValue\":0,\"maxValue\":150},\"logo\":{\"@type\":\"ImageObject\",\"url\":\"https:\\\/\\\/www.teatrulreginamaria.ro\\\/wp-content\\\/uploads\\\/2025\\\/06\\\/logo-trm-01-dark.png\",\"@id\":\"https:\\\/\\\/www.teatrulreginamaria.ro\\\/hu\\\/microstagiunea-de-vara\\\/#organizationLogo\",\"width\":300,\"height\":148},\"image\":{\"@id\":\"https:\\\/\\\/www.teatrulreginamaria.ro\\\/hu\\\/microstagiunea-de-vara\\\/#organizationLogo\"},\"sameAs\":[\"https:\\\/\\\/www.facebook.com\\\/TRMTrupaIosifVulcan\\\/\",\"https:\\\/\\\/x.com\\\/TRMOradea\",\"https:\\\/\\\/www.instagram.com\\\/teatrul_regina_maria\\\/\",\"https:\\\/\\\/www.youtube.com\\\/c\\\/TeatrulReginaMariaOradea\",\"https:\\\/\\\/www.linkedin.com\\\/company\\\/teatrul-regina-maria\"]},{\"@type\":\"Person\",\"@id\":\"https:\\\/\\\/www.teatrulreginamaria.ro\\\/hu\\\/author\\\/w3bmaster\\\/#author\",\"url\":\"https:\\\/\\\/www.teatrulreginamaria.ro\\\/hu\\\/author\\\/w3bmaster\\\/\",\"name\":\"Teatrul Regina Maria\",\"image\":{\"@type\":\"ImageObject\",\"@id\":\"https:\\\/\\\/www.teatrulreginamaria.ro\\\/hu\\\/microstagiunea-de-vara\\\/#authorImage\",\"url\":\"https:\\\/\\\/secure.gravatar.com\\\/avatar\\\/5884139d508ae3f0bafe45e60563b48a9640146d3b08ccc6278c305ff9329305?s=96&d=mm&r=g\",\"width\":96,\"height\":96,\"caption\":\"Teatrul Regina Maria\"}},{\"@type\":\"WebPage\",\"@id\":\"https:\\\/\\\/www.teatrulreginamaria.ro\\\/hu\\\/microstagiunea-de-vara\\\/#webpage\",\"url\":\"https:\\\/\\\/www.teatrulreginamaria.ro\\\/hu\\\/microstagiunea-de-vara\\\/\",\"name\":\"MICROSTAGIUNEA DE VAR\\u0102 LA TEATRUL REGINA MARIA - Teatrul Regina Maria Oradea\",\"description\":\"Por\\u0163ile Teatrului Regina Maria se redeschid \\u015fi cortina se ridic\\u0103 \\u00een luna august pentru microstagiunea de var\\u0103. Iubitorii de teatru sunt invita\\u0163i s\\u0103 se bucure \\u00een continuare de sezonul estival urm\\u0103rind spectacole pentru toate v\\u00e2rstele \\u015fi pentru toate gusturile. Primul gong va suna duminic\\u0103, 21 august, \\u00eendemn\\u00e2nd micii spectatori s\\u0103 porneasc\\u0103 cu mult curaj pe\",\"inLanguage\":\"hu-HU\",\"isPartOf\":{\"@id\":\"https:\\\/\\\/www.teatrulreginamaria.ro\\\/hu\\\/#website\"},\"breadcrumb\":{\"@id\":\"https:\\\/\\\/www.teatrulreginamaria.ro\\\/hu\\\/microstagiunea-de-vara\\\/#breadcrumblist\"},\"author\":{\"@id\":\"https:\\\/\\\/www.teatrulreginamaria.ro\\\/hu\\\/author\\\/w3bmaster\\\/#author\"},\"creator\":{\"@id\":\"https:\\\/\\\/www.teatrulreginamaria.ro\\\/hu\\\/author\\\/w3bmaster\\\/#author\"},\"datePublished\":\"2016-08-17T10:33:50+03:00\",\"dateModified\":\"2016-08-17T10:33:50+03:00\"},{\"@type\":\"WebSite\",\"@id\":\"https:\\\/\\\/www.teatrulreginamaria.ro\\\/hu\\\/#website\",\"url\":\"https:\\\/\\\/www.teatrulreginamaria.ro\\\/hu\\\/\",\"name\":\"Teatrul Regina Maria Oradea\",\"alternateName\":\"TRM Oradea\",\"description\":\"Trupa Iosif Vulcan \\u0219i Trupa Arcadia\",\"inLanguage\":\"hu-HU\",\"publisher\":{\"@id\":\"https:\\\/\\\/www.teatrulreginamaria.ro\\\/hu\\\/#organization\"}}]}\n\t\t<\/script>\n\t\t<!-- All in One SEO Pro -->\r\n\t\t<title>MICROSTAGIUNEA DE VAR\u0102 LA TEATRUL REGINA MARIA - Teatrul Regina Maria Oradea<\/title>\n\n","aioseo_head_json":{"title":"NY\u00c1RI MIKROSZEZON A REGINA MARIA SZ\u00cdNH\u00c1ZBAN - Regina Maria Sz\u00ednh\u00e1z Nagyv\u00e1radon","description":"A Regina Maria Sz\u00ednh\u00e1z kapui \u00fajra megny\u00edlnak, \u00e9s augusztusban felg\u00f6rd\u00fcl a f\u00fcgg\u00f6ny a ny\u00e1ri mikroszezon kezdet\u00e9re. A sz\u00ednh\u00e1zkedvel\u0151ket szeretettel v\u00e1rjuk, hogy folytass\u00e1k a ny\u00e1ri szezon \u00e9lvezet\u00e9t minden koroszt\u00e1ly \u00e9s \u00edzl\u00e9s sz\u00e1m\u00e1ra megfelel\u0151 el\u0151ad\u00e1sok megtekint\u00e9s\u00e9vel. Az els\u0151 gong augusztus 21-\u00e9n, vas\u00e1rnap megsz\u00f3lal, arra buzd\u00edtva a kis n\u00e9z\u0151ket, hogy b\u00e1tran induljanak \u00fatnak.","canonical_url":"https:\/\/www.teatrulreginamaria.ro\/hu\/microstagiunea-de-vara\/","robots":"max-image-preview:large","keywords":"","webmasterTools":{"miscellaneous":""},"schema":{"@context":"https:\/\/schema.org","@graph":[{"@type":"BlogPosting","@id":"https:\/\/www.teatrulreginamaria.ro\/hu\/microstagiunea-de-vara\/#blogposting","name":"MICROSTAGIUNEA DE VAR\u0102 LA TEATRUL REGINA MARIA - Teatrul Regina Maria Oradea","headline":"MICROSTAGIUNEA DE VAR\u0102 LA TEATRUL REGINA MARIA","author":{"@id":"https:\/\/www.teatrulreginamaria.ro\/hu\/author\/w3bmaster\/#author"},"publisher":{"@id":"https:\/\/www.teatrulreginamaria.ro\/hu\/#organization"},"image":{"@type":"ImageObject","url":"https:\/\/www.teatrulreginamaria.ro\/wp-content\/uploads\/2025\/06\/logo-trm-01-dark.png","@id":"https:\/\/www.teatrulreginamaria.ro\/hu\/#articleImage","width":300,"height":148},"datePublished":"2016-08-17T10:33:50+03:00","dateModified":"2016-08-17T10:33:50+03:00","inLanguage":"hu-HU","mainEntityOfPage":{"@id":"https:\/\/www.teatrulreginamaria.ro\/hu\/microstagiunea-de-vara\/#webpage"},"isPartOf":{"@id":"https:\/\/www.teatrulreginamaria.ro\/hu\/microstagiunea-de-vara\/#webpage"},"articleSection":"Nout\u0103\u021bi - Trupa Iosif Vulcan"},{"@type":"BreadcrumbList","@id":"https:\/\/www.teatrulreginamaria.ro\/hu\/microstagiunea-de-vara\/#breadcrumblist","itemListElement":[{"@type":"ListItem","@id":"https:\/\/www.teatrulreginamaria.ro\/hu#listItem","position":1,"name":"Home","item":"https:\/\/www.teatrulreginamaria.ro\/hu","nextItem":{"@type":"ListItem","@id":"https:\/\/www.teatrulreginamaria.ro\/hu\/categorie\/noutati\/#listItem","name":"Nout\u0103\u021bi"}},{"@type":"ListItem","@id":"https:\/\/www.teatrulreginamaria.ro\/hu\/categorie\/noutati\/#listItem","position":2,"name":"Nout\u0103\u021bi","item":"https:\/\/www.teatrulreginamaria.ro\/hu\/categorie\/noutati\/","nextItem":{"@type":"ListItem","@id":"https:\/\/www.teatrulreginamaria.ro\/hu\/categorie\/noutati\/noutati-trupa-iosif-vulcan\/#listItem","name":"Nout\u0103\u021bi - Trupa Iosif Vulcan"},"previousItem":{"@type":"ListItem","@id":"https:\/\/www.teatrulreginamaria.ro\/hu#listItem","name":"Home"}},{"@type":"ListItem","@id":"https:\/\/www.teatrulreginamaria.ro\/hu\/categorie\/noutati\/noutati-trupa-iosif-vulcan\/#listItem","position":3,"name":"Nout\u0103\u021bi - Trupa Iosif Vulcan","item":"https:\/\/www.teatrulreginamaria.ro\/hu\/categorie\/noutati\/noutati-trupa-iosif-vulcan\/","nextItem":{"@type":"ListItem","@id":"https:\/\/www.teatrulreginamaria.ro\/hu\/microstagiunea-de-vara\/#listItem","name":"MICROSTAGIUNEA DE VAR\u0102 LA TEATRUL REGINA MARIA"},"previousItem":{"@type":"ListItem","@id":"https:\/\/www.teatrulreginamaria.ro\/hu\/categorie\/noutati\/#listItem","name":"Nout\u0103\u021bi"}},{"@type":"ListItem","@id":"https:\/\/www.teatrulreginamaria.ro\/hu\/microstagiunea-de-vara\/#listItem","position":4,"name":"MICROSTAGIUNEA DE VAR\u0102 LA TEATRUL REGINA MARIA","previousItem":{"@type":"ListItem","@id":"https:\/\/www.teatrulreginamaria.ro\/hu\/categorie\/noutati\/noutati-trupa-iosif-vulcan\/#listItem","name":"Nout\u0103\u021bi - Trupa Iosif Vulcan"}}]},{"@type":"Organization","@id":"https:\/\/www.teatrulreginamaria.ro\/hu\/#organization","name":"Teatrul Regina Maria Oradea","description":"Trupa Iosif Vulcan \u0219i Trupa Arcadia","url":"https:\/\/www.teatrulreginamaria.ro\/hu\/","email":"marketing@teatrulreginamaria.ro","telephone":"+40359411534","numberOfEmployees":{"@type":"QuantitativeValue","minValue":0,"maxValue":150},"logo":{"@type":"ImageObject","url":"https:\/\/www.teatrulreginamaria.ro\/wp-content\/uploads\/2025\/06\/logo-trm-01-dark.png","@id":"https:\/\/www.teatrulreginamaria.ro\/hu\/microstagiunea-de-vara\/#organizationLogo","width":300,"height":148},"image":{"@id":"https:\/\/www.teatrulreginamaria.ro\/hu\/microstagiunea-de-vara\/#organizationLogo"},"sameAs":["https:\/\/www.facebook.com\/TRMTrupaIosifVulcan\/","https:\/\/x.com\/TRMOradea","https:\/\/www.instagram.com\/teatrul_regina_maria\/","https:\/\/www.youtube.com\/c\/TeatrulReginaMariaOradea","https:\/\/www.linkedin.com\/company\/teatrul-regina-maria"]},{"@type":"Person","@id":"https:\/\/www.teatrulreginamaria.ro\/hu\/author\/w3bmaster\/#author","url":"https:\/\/www.teatrulreginamaria.ro\/hu\/author\/w3bmaster\/","name":"Teatrul Regina Maria","image":{"@type":"ImageObject","@id":"https:\/\/www.teatrulreginamaria.ro\/hu\/microstagiunea-de-vara\/#authorImage","url":"https:\/\/secure.gravatar.com\/avatar\/5884139d508ae3f0bafe45e60563b48a9640146d3b08ccc6278c305ff9329305?s=96&d=mm&r=g","width":96,"height":96,"caption":"Teatrul Regina Maria"}},{"@type":"WebPage","@id":"https:\/\/www.teatrulreginamaria.ro\/hu\/microstagiunea-de-vara\/#webpage","url":"https:\/\/www.teatrulreginamaria.ro\/hu\/microstagiunea-de-vara\/","name":"MICROSTAGIUNEA DE VAR\u0102 LA TEATRUL REGINA MARIA - Teatrul Regina Maria Oradea","description":"Por\u0163ile Teatrului Regina Maria se redeschid \u015fi cortina se ridic\u0103 \u00een luna august pentru microstagiunea de var\u0103. Iubitorii de teatru sunt invita\u0163i s\u0103 se bucure \u00een continuare de sezonul estival urm\u0103rind spectacole pentru toate v\u00e2rstele \u015fi pentru toate gusturile. Primul gong va suna duminic\u0103, 21 august, \u00eendemn\u00e2nd micii spectatori s\u0103 porneasc\u0103 cu mult curaj pe","inLanguage":"hu-HU","isPartOf":{"@id":"https:\/\/www.teatrulreginamaria.ro\/hu\/#website"},"breadcrumb":{"@id":"https:\/\/www.teatrulreginamaria.ro\/hu\/microstagiunea-de-vara\/#breadcrumblist"},"author":{"@id":"https:\/\/www.teatrulreginamaria.ro\/hu\/author\/w3bmaster\/#author"},"creator":{"@id":"https:\/\/www.teatrulreginamaria.ro\/hu\/author\/w3bmaster\/#author"},"datePublished":"2016-08-17T10:33:50+03:00","dateModified":"2016-08-17T10:33:50+03:00"},{"@type":"WebSite","@id":"https:\/\/www.teatrulreginamaria.ro\/hu\/#website","url":"https:\/\/www.teatrulreginamaria.ro\/hu\/","name":"Teatrul Regina Maria Oradea","alternateName":"TRM Oradea","description":"Trupa Iosif Vulcan \u0219i Trupa Arcadia","inLanguage":"hu-HU","publisher":{"@id":"https:\/\/www.teatrulreginamaria.ro\/hu\/#organization"}}]},"og:locale":"hu_HU","og:site_name":"Teatrul Regina Maria Oradea - Trupa Iosif Vulcan \u0219i Trupa Arcadia","og:type":"article","og:title":"MICROSTAGIUNEA DE VAR\u0102 LA TEATRUL REGINA MARIA - Teatrul Regina Maria Oradea","og:description":"Por\u0163ile Teatrului Regina Maria se redeschid \u015fi cortina se ridic\u0103 \u00een luna august pentru microstagiunea de var\u0103. Iubitorii de teatru sunt invita\u0163i s\u0103 se bucure \u00een continuare de sezonul estival urm\u0103rind spectacole pentru toate v\u00e2rstele \u015fi pentru toate gusturile. Primul gong va suna duminic\u0103, 21 august, \u00eendemn\u00e2nd micii spectatori s\u0103 porneasc\u0103 cu mult curaj pe","og:url":"https:\/\/www.teatrulreginamaria.ro\/hu\/microstagiunea-de-vara\/","og:image":"https:\/\/www.teatrulreginamaria.ro\/wp-content\/uploads\/2025\/03\/trm-istoric-01.jpg","og:image:secure_url":"https:\/\/www.teatrulreginamaria.ro\/wp-content\/uploads\/2025\/03\/trm-istoric-01.jpg","og:image:width":1200,"og:image:height":800,"article:published_time":"2016-08-17T10:33:50+00:00","article:modified_time":"2016-08-17T10:33:50+00:00","article:publisher":"https:\/\/www.facebook.com\/TRMTrupaIosifVulcan\/","twitter:card":"summary_large_image","twitter:site":"@TRMOradea","twitter:title":"MICROSTAGIUNEA DE VAR\u0102 LA TEATRUL REGINA MARIA - Teatrul Regina Maria Oradea","twitter:description":"Por\u0163ile Teatrului Regina Maria se redeschid \u015fi cortina se ridic\u0103 \u00een luna august pentru microstagiunea de var\u0103. Iubitorii de teatru sunt invita\u0163i s\u0103 se bucure \u00een continuare de sezonul estival urm\u0103rind spectacole pentru toate v\u00e2rstele \u015fi pentru toate gusturile. Primul gong va suna duminic\u0103, 21 august, \u00eendemn\u00e2nd micii spectatori s\u0103 porneasc\u0103 cu mult curaj pe","twitter:creator":"@TRMOradea","twitter:image":"https:\/\/www.teatrulreginamaria.ro\/wp-content\/uploads\/2025\/03\/trm-istoric-01.jpg"},"aioseo_meta_data":{"post_id":"1170","title":null,"description":null,"keywords":null,"keyphrases":null,"primary_term":null,"canonical_url":null,"og_title":null,"og_description":null,"og_object_type":"default","og_image_type":"default","og_image_url":null,"og_image_width":null,"og_image_height":null,"og_image_custom_url":null,"og_image_custom_fields":null,"og_video":null,"og_custom_url":null,"og_article_section":null,"og_article_tags":null,"twitter_use_og":false,"twitter_card":"default","twitter_image_type":"default","twitter_image_url":null,"twitter_image_custom_url":null,"twitter_image_custom_fields":null,"twitter_title":null,"twitter_description":null,"schema":{"blockGraphs":[],"customGraphs":[],"default":{"data":{"Article":[],"Course":[],"Dataset":[],"FAQPage":[],"Movie":[],"Person":[],"Product":[],"ProductReview":[],"Car":[],"Recipe":[],"Service":[],"SoftwareApplication":[],"WebPage":[]},"graphName":"","isEnabled":true},"graphs":[]},"schema_type":"default","schema_type_options":null,"pillar_content":false,"robots_default":true,"robots_noindex":false,"robots_noarchive":false,"robots_nosnippet":false,"robots_nofollow":false,"robots_noimageindex":false,"robots_noodp":false,"robots_notranslate":false,"robots_max_snippet":null,"robots_max_videopreview":null,"robots_max_imagepreview":"large","priority":null,"frequency":null,"local_seo":null,"seo_analyzer_scan_date":"2026-05-13 01:18:35","breadcrumb_settings":null,"limit_modified_date":false,"reviewed_by":null,"open_ai":null,"ai":null,"created":"2025-04-09 17:42:39","updated":"2026-05-13 01:18:35","focus_keyword":null,"additional_keywords":null,"truseo_locale":null},"aioseo_breadcrumb":"<div class=\"aioseo-breadcrumbs\"><span class=\"aioseo-breadcrumb\">\n\t<a href=\"https:\/\/www.teatrulreginamaria.ro\/hu\" title=\"Home\">Home<\/a>\n<\/span><span class=\"aioseo-breadcrumb-separator\">&raquo;<\/span><span class=\"aioseo-breadcrumb\">\n\t<a href=\"https:\/\/www.teatrulreginamaria.ro\/hu\/categorie\/noutati\/\" title=\"Nout\u0103\u021bi\">Nout\u0103\u021bi<\/a>\n<\/span><span class=\"aioseo-breadcrumb-separator\">&raquo;<\/span><span class=\"aioseo-breadcrumb\">\n\t<a href=\"https:\/\/www.teatrulreginamaria.ro\/hu\/categorie\/noutati\/noutati-trupa-iosif-vulcan\/\" title=\"Nout\u0103\u021bi - Trupa Iosif Vulcan\">Nout\u0103\u021bi - Trupa Iosif Vulcan<\/a>\n<\/span><span class=\"aioseo-breadcrumb-separator\">&raquo;<\/span><span class=\"aioseo-breadcrumb\">\n\tMICROSTAGIUNEA DE VAR\u0102 LA TEATRUL REGINA MARIA\n<\/span><\/div>","aioseo_breadcrumb_json":[{"label":"Home","link":"https:\/\/www.teatrulreginamaria.ro\/hu"},{"label":"Nout\u0103\u021bi","link":"https:\/\/www.teatrulreginamaria.ro\/hu\/categorie\/noutati\/"},{"label":"Nout\u0103\u021bi - Trupa Iosif Vulcan","link":"https:\/\/www.teatrulreginamaria.ro\/hu\/categorie\/noutati\/noutati-trupa-iosif-vulcan\/"},{"label":"MICROSTAGIUNEA DE VAR\u0102 LA TEATRUL REGINA MARIA","link":"https:\/\/www.teatrulreginamaria.ro\/hu\/microstagiunea-de-vara\/"}],"acf":[],"_links":{"self":[{"href":"https:\/\/www.teatrulreginamaria.ro\/hu\/wp-json\/wp\/v2\/posts\/1170","targetHints":{"allow":["GET"]}}],"collection":[{"href":"https:\/\/www.teatrulreginamaria.ro\/hu\/wp-json\/wp\/v2\/posts"}],"about":[{"href":"https:\/\/www.teatrulreginamaria.ro\/hu\/wp-json\/wp\/v2\/types\/post"}],"author":[{"embeddable":true,"href":"https:\/\/www.teatrulreginamaria.ro\/hu\/wp-json\/wp\/v2\/users\/6"}],"replies":[{"embeddable":true,"href":"https:\/\/www.teatrulreginamaria.ro\/hu\/wp-json\/wp\/v2\/comments?post=1170"}],"version-history":[{"count":0,"href":"https:\/\/www.teatrulreginamaria.ro\/hu\/wp-json\/wp\/v2\/posts\/1170\/revisions"}],"wp:attachment":[{"href":"https:\/\/www.teatrulreginamaria.ro\/hu\/wp-json\/wp\/v2\/media?parent=1170"}],"wp:term":[{"taxonomy":"category","embeddable":true,"href":"https:\/\/www.teatrulreginamaria.ro\/hu\/wp-json\/wp\/v2\/categories?post=1170"},{"taxonomy":"post_tag","embeddable":true,"href":"https:\/\/www.teatrulreginamaria.ro\/hu\/wp-json\/wp\/v2\/tags?post=1170"}],"curies":[{"name":"munkaf\u00fczet","href":"https:\/\/api.w.org\/{rel}","templated":true}]}}