{"id":1172,"date":"2016-09-15T06:51:27","date_gmt":"2016-09-15T06:51:27","guid":{"rendered":"https:\/\/teatrulreginamaria.ro\/2016\/09\/15\/programul-festivalului-international-de-teatru-oradea-editia-2016\/"},"modified":"2016-09-15T06:51:27","modified_gmt":"2016-09-15T06:51:27","slug":"a-2016-os-nagyvaradi-nemzetkozi-szinhazi-fesztival-programja","status":"publish","type":"post","link":"https:\/\/www.teatrulreginamaria.ro\/hu\/programul-festivalului-international-de-teatru-oradea-editia-2016\/","title":{"rendered":"A NAGYV\u00c1RADI NEMZETK\u00d6ZI SZ\u00cdNH\u00c1ZI FESZTIV\u00c1L PROGRAMJA, 2016"},"content":{"rendered":"<p><strong><u>Vas\u00e1rnap, szeptember 25.<\/u><\/strong><\/p>\n<ul>\n<li><strong>19:00, Regina Maria Sz\u00ednh\u00e1z nagyterme \u2013 \u00dcnnep\u00e9lyes megnyit\u00f3<\/strong><\/li>\n<\/ul>\n<ul>\n<li><strong>19:15 Nagyterem<\/strong> <strong>a Queen Maria Sz\u00ednh\u00e1zb\u00f3l \u2013 <em>Mr. Jordan<\/em><\/strong><em>, <\/em>ut\u00e1n <em>A polg\u00e1ri \u00fariember <\/em>Jean-Baptiste Poquelin (Moli\u00e8re), sz\u00ednpadi rendez\u0151: Victor Ioan Frunz\u0103<strong>, Sz\u00ednh\u00e1z <em>M\u00e1ria kir\u00e1lyn\u0151<\/em><\/strong>, <strong>Nagyv\u00e1rad \u2013 KI<\/strong><\/li>\n<\/ul>\n<p><!--more--><\/p>\n<p><strong><u>H\u00e9tf\u0151, szeptember 26.<\/u><\/strong><\/p>\n<ul>\n<li><strong>17:00, Arcadia Hall \u2013 <em>Prah vagy a Nagy Sok<\/em>,<\/strong> Spiro Gy\u00f6rgy, rendezte: M\u00e1t\u00e9 Varodi, &quot;Alexandru Davila&quot; Sz\u00ednh\u00e1z,<strong> Pit\u00e9k<\/strong><strong>\u00c9S<\/strong><strong>te \u2013 FTS-verseny<\/strong><\/li>\n<\/ul>\n<ul>\n<li><strong>19:00, a Queen Maria Sz\u00ednh\u00e1z nagyterme (<\/strong><em>el\u0151ad\u00e1s a k\u00f6z\u00f6ns\u00e9ggel a sz\u00ednpadon) <\/em><strong>\u2013 <em>A j\u00e9ghegy cs\u00facsa<\/em><\/strong>, Antonio Tabares ut\u00e1n, Theodor Cristian Popescu rendez\u00e9s\u00e9ben, &quot;Ioan Slavici&quot; Klasszikus Sz\u00ednh\u00e1z\u201e<strong> Arad \u2013 FTS-verseny<\/strong><\/li>\n<\/ul>\n<ul>\n<li><strong>20:00, V\u00e1rosi \u2013 <em>Cs\u00f3kolj meg kezet, miel\u0151tt elindulok, <\/em><\/strong>Mihaela Mihai rendez\u00e9s\u00e9ben <strong>Sebastian Wolf<\/strong>, Artemotion Sz\u00ednh\u00e1z, <strong>Nagyv\u00e1rad \u2013 KI<\/strong><\/li>\n<\/ul>\n<ul>\n<li><strong>21:00,<\/strong> <strong>Turisztikai Prom\u00f3ci\u00f3s K\u00f6zpont <\/strong><em>\u2013 <strong>Aut\u00f3p\u00e1lya<\/strong><\/em><strong>, <\/strong>Neil LaBute rendez\u00e9s\u00e9ben <strong>Laura Moldovan, <\/strong>\u00c9szaki Sz\u00ednh\u00e1z <strong>Szatm\u00e1rn\u00e9meti<\/strong><em> \u2013 <\/em><strong>FTS-verseny<\/strong><\/li>\n<\/ul>\n<p><strong><u>Kedd, szeptember 27.<\/u><\/strong><\/p>\n<ul>\n<li><strong>17:00, Arcadia Hall \u2013 <em>Egy kis seg\u00edts\u00e9ggel a bar\u00e1taimt\u00f3l<\/em><\/strong>, Maria Manolescu nyom\u00e1n, rendezte:<strong> Alexandru M\u00e2zg\u0103reanu, Excelsior Sz\u00ednh\u00e1z, Bukarest \u2013 FTS- verseny<\/strong><\/li>\n<\/ul>\n<ul>\n<li><strong>19:00, a Queen Maria Sz\u00ednh\u00e1z nagyterme (<\/strong><em>el\u0151ad\u00e1s a k\u00f6z\u00f6ns\u00e9ggel a sz\u00ednpadon) \u2013 <strong>A Belgr\u00e1d-tril\u00f3gia<\/strong><\/em><strong>,<\/strong> Biljana Srbljanovic ut\u00e1n, Erwin \u015eim\u015fensohn rendez\u00e9s\u00e9ben a &quot;Fani Tardini&quot; Dr\u00e1masz\u00ednh\u00e1z, <strong>\u00dcnnepi<\/strong><strong>\u00de<\/strong><strong>i<\/strong> <strong>\u2013 FTS \u2013 verseny<\/strong><\/li>\n<\/ul>\n<ul>\n<li><strong>19:00, St\u00fadi\u00f3terem \u2013 <em>Okok a sz\u00e9p\u00fcl\u00e9sre, <\/em><\/strong>Neil LaBute \u00e1ltal<strong>, <\/strong>ir\u00e1ny <strong>Radu Horghidan, <\/strong>St\u00fadi\u00f3 T\u00f6rv\u00e9ny Nagyv\u00e1radon<strong> \u2013 KI<\/strong><\/li>\n<\/ul>\n<ul>\n<li><strong>21:00, Szakszervezeti M\u0171vel\u0151d\u00e9si H\u00e1z \u2013 <em>Furcsa eset egy kuty\u00e1val \u00e9jf\u00e9lkor<\/em><\/strong><strong><em>\u00de<\/em><\/strong><strong><em>yl<\/em><\/strong><strong>,<\/strong> Mark Haddon reg\u00e9nye alapj\u00e1n, rendezte:<strong> Bobi Pricop, <\/strong>Nemzeti Sz\u00ednh\u00e1z <strong>\u00e9lvez<\/strong><strong>\u00c9S<\/strong><strong>te \u2013 FTS \u2013 verseny<\/strong><\/li>\n<\/ul>\n<p><strong><u>Szerda, szeptember 28.<\/u><\/strong><\/p>\n<ul>\n<li><strong>17:00, Szakszervezeti Kult\u00farh\u00e1z (<\/strong><em>el\u0151ad\u00e1s a k\u00f6z\u00f6ns\u00e9ggel a sz\u00ednpadon) \u2013<strong>\u00c9vfordul\u00f3<\/strong><\/em><strong>,<\/strong> Jeroen Van Den Berg ut\u00e1n, rendezte <strong>Erwin <\/strong><strong>\u00c9S<\/strong><strong>\u00e9n<\/strong><strong>\u00c9S<\/strong><strong>ensohn,<\/strong> Mihai Eminescu Sz\u00ednh\u00e1z, <strong>Boto\u0219ani \u2013 FTS-verseny<\/strong><\/li>\n<\/ul>\n<ul>\n<li><strong>19:00, Sala St\u00fadi\u00f3 Szigligeti \u2013 <em>Az \u00d6regek K\u00f6nyve<\/em><\/strong>, Szil\u00e1gyi Domokos verse alapj\u00e1n, rendezte <strong>Mihaela Panainte, <\/strong>Magyar \u00c1llami Sz\u00ednh\u00e1z<strong>, Kolozsv\u00e1r \u2013 FTS- verseny<\/strong><\/li>\n<\/ul>\n<ul>\n<li><strong>19:00, a Queen Maria Sz\u00ednh\u00e1z nagyterme \u2013 <em>\u00c1larcosb\u00e1l,<\/em> <\/strong>Giuseppe Verdi, Rom\u00e1n Nemzeti Operah\u00e1z <strong>Kolozsv\u00e1r<\/strong> <strong>\u2013 KI<\/strong><\/li>\n<\/ul>\n<ul>\n<li><strong>20:00, St\u00fadi\u00f3terem \u2013 <em>CSIT!<\/em>, <\/strong>\u0218erban Borda pantomim-el\u0151ad\u00e1sa<strong> \u2013 KI<\/strong><\/li>\n<\/ul>\n<ul>\n<li><strong>21:00, Mobil Sz\u00ednpad - Union Square \u2013 <em>Az anconai szerelmesek, <\/em><\/strong>szerz\u0151: Vajda Katalin, Andrei Mihalache, M\u00e1ria Kir\u00e1lyn\u0151 Sz\u00ednh\u00e1z, <strong>V\u00e1rosok \u2013 KI<\/strong><\/li>\n<\/ul>\n<p><strong><u>Cs\u00fct\u00f6rt\u00f6k, szeptember 29.<\/u><\/strong><\/p>\n<ul>\n<li><strong>19:00, a Queen Maria Sz\u00ednh\u00e1z nagyterme \u2013<\/strong><em> <strong>Svejk<\/strong><\/em><strong>,<\/strong> Jaroslav Ha\u0161ek ut\u00e1n, rendezte <strong>Alexandru Dabija, <\/strong>Sz\u00ednh\u00e1z <em>\u00d3kori g\u00f6r\u00f6g sz\u00ednh\u00e1z<\/em>, <strong>\u00e9lvez<\/strong><strong>\u00c9S<\/strong><strong>te \u2013 KI<\/strong><\/li>\n<\/ul>\n<ul>\n<li><strong>19:00, Szakszervezeti M\u0171vel\u0151d\u00e9si H\u00e1z \u2013 <em>Val\u00f3j\u00e1ban gy\u00f6ny\u00f6r\u0171.<\/em><\/strong>, egy m\u0171sor <strong>Volker Schmidt, <\/strong>N\u00e9met \u00c1llami Sz\u00ednh\u00e1z, <strong>Temesv\u00e1r \u2013 FTS- verseny<\/strong><\/li>\n<\/ul>\n<ul>\n<li><strong>21:00, Mobil Sz\u00ednpad \u2013 Union Square \u2013 <em>Orlando<\/em><\/strong><em>,<\/em> Virginia Woolf ut\u00e1n, rendezte: Anca Bradu Csokonai Nemzeti Sz\u00ednh\u00e1z, Debrecen, Magyarorsz\u00e1g<strong> \u2013 FTS-verseny<\/strong><\/li>\n<\/ul>\n<p><strong><u>P\u00e9ntek, szeptember 30.<\/u><\/strong><\/p>\n<ul>\n<li><strong>17:00, Arcadia Hall \u2013 <em>\u00c9n vagyok Of\u00e9lia.<\/em><\/strong>, Gertrud Fussenegger nyom\u00e1n, rendezte: <strong>Sorin Militaru, <\/strong>&quot;George Bacovia&quot; V\u00e1rosi Sz\u00ednh\u00e1z, <strong>B\u00e1k\u00f3 \u2013 FTS-verseny<\/strong><\/li>\n<\/ul>\n<ul>\n<li><strong>19:00, a Queen Maria Sz\u00ednh\u00e1z nagyterme \u2013 <em>V\u00edzkereszt<\/em><\/strong>, William Shakespeare, rendez\u0151 <strong>Viktor Ioan Frunza, <\/strong>Sz\u00ednh\u00e1z <em>Vil\u00e1gv\u00e1ros<\/em>, <strong>\u00e9lvez<\/strong><strong>\u00c9S<\/strong><strong>te \u2013 KI<\/strong><\/li>\n<\/ul>\n<ul>\n<li><strong>19:00, Sala St\u00fadi\u00f3 Szigligeti \u2013 <em>Az eset,<\/em><\/strong> \u00edrta: Sz\u00edj\u00e1rt\u00f3 T\u00edmea-Aletta, rendezte: Sardar Tagirovsky, Szigligeti Sz\u00ednh\u00e1z, <strong>Nagyv\u00e1rad<\/strong> <strong>\u2013 KI<\/strong><\/li>\n<\/ul>\n<ul>\n<li><strong>19:00, Szakszervezeti M\u0171vel\u0151d\u00e9si H\u00e1z (<\/strong><em>el\u0151ad\u00e1s a k\u00f6z\u00f6ns\u00e9ggel a sz\u00ednpadon) \u2013 <strong>S\u00e1rga.Ro<\/strong><\/em><strong><em>\u00c9S<\/em><\/strong><strong><em>u<\/em><\/strong><em>.<\/em>, a m\u0171sor <strong>Radu Macrinici,<\/strong> V\u00e1rosi Sz\u00ednh\u00e1z, <strong>Nagyb\u00e1nya \u2013 FTS- verseny<\/strong><\/li>\n<\/ul>\n<ul>\n<li><strong>20:00, Turisztikai Prom\u00f3ci\u00f3s K\u00f6zpont<\/strong>, <strong><em>A Szent R\u00e9szeg legend\u00e1ja<\/em><\/strong>, Joseph Roth rendez\u00e9s\u00e9ben <strong>Geirun Tino<\/strong>, Pygmalion Sz\u00ednh\u00e1z, <strong>B\u00e9cs \u2013 KI<\/strong><\/li>\n<\/ul>\n<ul>\n<li><strong>21:00, Mobil Sz\u00ednpad \u2013 Union Square \u2013 <em>Az \u00e9jszaka sz\u00edv\u00e9ben<\/em><\/strong><strong><em>\u00de<\/em><\/strong><strong><em>ii \u2013 A Lear-epiz\u00f3d,<\/em><\/strong> forgat\u00f3k\u00f6nyv: Gavriil Pinte, bet\u00e9tekkel George Banu \u00e9s Monique Borie, rendez\u0151: Gavriil Pinte, Regina Maria Sz\u00ednh\u00e1z, <strong>Nagyv\u00e1rad \u2013 FTS-verseny<\/strong><\/li>\n<\/ul>\n<p><strong><u>Szombat, okt\u00f3ber 1.<\/u><\/strong><\/p>\n<ul>\n<li><strong>17:00, Arcadia Hall \u2013 <em>Agamemn\u00f3n<\/em>,<\/strong> Rodrigo Garcia nyom\u00e1n, rendezte: <strong>Andrei Majeri, <\/strong>Lucian Blaga Nemzeti Sz\u00ednh\u00e1z\u201e <strong>Kolozsv\u00e1r \u2013 FTS- verseny<\/strong><\/li>\n<\/ul>\n<ul>\n<li><strong>19:00, Szakszervezeti M\u0171vel\u0151d\u00e9si H\u00e1z (<\/strong><em>el\u0151ad\u00e1s a k\u00f6z\u00f6ns\u00e9ggel a sz\u00ednpadon) \u2013<strong>ILL\u00daZI\u00d3K<\/strong><\/em><strong>,<\/strong> Ivan Vyripajev nyom\u00e1n, rendezte:<strong> Bobi Pricop, <\/strong>&quot;Marin Sorescu&quot; Nemzeti Sz\u00ednh\u00e1z\u201e <strong>Craiova \u2013 FTS-verseny<\/strong><\/li>\n<\/ul>\n<ul>\n<li><strong>19:00, a Queen Maria Sz\u00ednh\u00e1z nagyterme \u2013 <em>Nasztaszja \u2013 Szomsz\u00e9ds\u00e1gi t\u00f6rt\u00e9net,<\/em><\/strong> George Mihail Zamfirescu &quot;Miss Nastasia&quot; ut\u00e1n, sz\u00ednpadi rendez\u00e9s <strong>Viktor Ioan Frunza,<\/strong> ID S\u00e2rbu Sz\u00ednh\u00e1z,<strong> Petrozs\u00e1ny <\/strong><strong>\u2013 KI<\/strong><\/li>\n<\/ul>\n<ul>\n<li><strong>20:00, St\u00fadi\u00f3terem \u2013 <em>Szeretsz, fizetsz!, <\/em><\/strong>rendezte: Denisa Vlad<strong> \u2013 KI<\/strong><\/li>\n<\/ul>\n<ul>\n<li><strong>21:00, Mobil Sz\u00ednpad \u2013 Union Square \u2013 <em>LEONCE \u00c9S L\u00c9NA,<\/em><\/strong> forgat\u00f3k\u00f6nyv: Mihai M\u0103niu\u021biu \u00e9s Ada Milea Georg B\u00fcchner nyom\u00e1n, rendezte: Mihai M\u0103niu\u021biu, Regina Maria Sz\u00ednh\u00e1z, Nagyv\u00e1rad<strong> \u2013 KI<\/strong><\/li>\n<\/ul>\n<p><strong>D\u00cdJAK<\/strong> Jegyek kaphat\u00f3k a sz\u00ednh\u00e1z Jegyirod\u00e1j\u00e1ban h\u00e9tf\u0151t\u0151l p\u00e9ntekig 10:00 \u00e9s 19:00 \u00f3ra k\u00f6z\u00f6tt, h\u00e9tv\u00e9g\u00e9n pedig 10:00 \u00e9s 13:00 \u00f3ra k\u00f6z\u00f6tt. Jegyek minden el\u0151ad\u00e1s el\u0151tt egy \u00f3r\u00e1val vagy online is v\u00e1s\u00e1rolhat\u00f3k a k\u00f6vetkez\u0151 c\u00edmen: <a href=\"http:\/\/www.biletmaster.ro\/\" target=\"_blank\" rel=\"nofollow noopener noreferrer\">www.biletmaster.ro.<\/a> Tov\u00e1bbi inform\u00e1ci\u00f3k\u00e9rt \u00e9s jegyfoglal\u00e1s\u00e9rt k\u00e9rj\u00fck, h\u00edvja a 0259\/440.742-es telefonsz\u00e1mot. V\u00e1rjuk \u00d6nt szeretettel a sz\u00ednh\u00e1zban!<\/p>","protected":false},"excerpt":{"rendered":"<p>Vas\u00e1rnap, szeptember 25., 19:00, Regina Maria Sz\u00ednh\u00e1z nagyterme \u2013 \u00dcnnepi megnyit\u00f3 19:15, Regina Maria Sz\u00ednh\u00e1z nagyterme \u2013 Mr. Jurdan, Jean-Baptiste Poquelin (Moli\u00e8re) A polg\u00e1ri \u00far c\u00edm\u0171 m\u0171ve alapj\u00e1n, rendez\u0151: Victor Ioan Frunz\u0103, Regina Maria Sz\u00ednh\u00e1z, Nagyv\u00e1rad \u2013 KI<\/p>","protected":false},"author":6,"featured_media":0,"comment_status":"open","ping_status":"open","sticky":false,"template":"","format":"standard","meta":{"_acf_changed":false,"footnotes":""},"categories":[22],"tags":[],"class_list":["post-1172","post","type-post","status-publish","format-standard","hentry","category-noutati-trupa-iosif-vulcan"],"aioseo_notices":[],"aioseo_head":"\n\t\t<!-- All in One SEO Pro 5.0.1.1 - aioseo.com -->\n\t<meta name=\"description\" content=\"Duminic\u0103, 25 septembrie 19:00, Sala Mare a Teatrului Regina Maria \u2013 Deschiderea festiv\u0103 19:15 Sala Mare a Teatrului Regina Maria \u2013 Domnul Jurdan, dup\u0103 Burghezul Gentilom de Jean-Baptiste Poquelin (Moli\u00e8re), direc\u021bia de scen\u0103 Victor Ioan Frunz\u0103, Teatrul Regina Maria, Oradea \u2013 OFF Luni, 26 septembrie 17:00, Sala Arcadia \u2013 Prah sau Lozul cel mare, de\" \/>\n\t<meta name=\"robots\" content=\"max-image-preview:large\" \/>\n\t<meta name=\"author\" content=\"Teatrul Regina Maria\"\/>\n\t<link rel=\"canonical\" href=\"https:\/\/www.teatrulreginamaria.ro\/hu\/programul-festivalului-international-de-teatru-oradea-editia-2016\/\" \/>\n\t<meta name=\"generator\" content=\"All in One SEO Pro (AIOSEO) 5.0.1.1\" \/>\n\t\t<meta property=\"og:locale\" content=\"hu_HU\" \/>\n\t\t<meta property=\"og:site_name\" content=\"Teatrul Regina Maria Oradea - Trupa Iosif Vulcan \u0219i Trupa Arcadia\" \/>\n\t\t<meta property=\"og:type\" content=\"article\" \/>\n\t\t<meta property=\"og:title\" content=\"PROGRAMUL FESTIVALULUI INTERNA\u0162IONAL DE TEATRU ORADEA, edi\u021bia 2016 - Teatrul Regina Maria Oradea\" \/>\n\t\t<meta property=\"og:description\" content=\"Duminic\u0103, 25 septembrie 19:00, Sala Mare a Teatrului Regina Maria \u2013 Deschiderea festiv\u0103 19:15 Sala Mare a Teatrului Regina Maria \u2013 Domnul Jurdan, dup\u0103 Burghezul Gentilom de Jean-Baptiste Poquelin (Moli\u00e8re), direc\u021bia de scen\u0103 Victor Ioan Frunz\u0103, Teatrul Regina Maria, Oradea \u2013 OFF Luni, 26 septembrie 17:00, Sala Arcadia \u2013 Prah sau Lozul cel mare, de\" \/>\n\t\t<meta property=\"og:url\" content=\"https:\/\/www.teatrulreginamaria.ro\/hu\/programul-festivalului-international-de-teatru-oradea-editia-2016\/\" \/>\n\t\t<meta property=\"og:image\" content=\"https:\/\/www.teatrulreginamaria.ro\/wp-content\/uploads\/2025\/03\/trm-istoric-01.jpg\" \/>\n\t\t<meta property=\"og:image:secure_url\" content=\"https:\/\/www.teatrulreginamaria.ro\/wp-content\/uploads\/2025\/03\/trm-istoric-01.jpg\" \/>\n\t\t<meta property=\"og:image:width\" content=\"1200\" \/>\n\t\t<meta property=\"og:image:height\" content=\"800\" \/>\n\t\t<meta property=\"article:published_time\" content=\"2016-09-15T06:51:27+00:00\" \/>\n\t\t<meta property=\"article:modified_time\" content=\"2016-09-15T06:51:27+00:00\" \/>\n\t\t<meta property=\"article:publisher\" content=\"https:\/\/www.facebook.com\/TRMTrupaIosifVulcan\/\" \/>\n\t\t<meta name=\"twitter:card\" content=\"summary_large_image\" \/>\n\t\t<meta name=\"twitter:site\" content=\"@TRMOradea\" \/>\n\t\t<meta name=\"twitter:title\" content=\"PROGRAMUL FESTIVALULUI INTERNA\u0162IONAL DE TEATRU ORADEA, edi\u021bia 2016 - Teatrul Regina Maria Oradea\" \/>\n\t\t<meta name=\"twitter:description\" content=\"Duminic\u0103, 25 septembrie 19:00, Sala Mare a Teatrului Regina Maria \u2013 Deschiderea festiv\u0103 19:15 Sala Mare a Teatrului Regina Maria \u2013 Domnul Jurdan, dup\u0103 Burghezul Gentilom de Jean-Baptiste Poquelin (Moli\u00e8re), direc\u021bia de scen\u0103 Victor Ioan Frunz\u0103, Teatrul Regina Maria, Oradea \u2013 OFF Luni, 26 septembrie 17:00, Sala Arcadia \u2013 Prah sau Lozul cel mare, de\" \/>\n\t\t<meta name=\"twitter:creator\" content=\"@TRMOradea\" \/>\n\t\t<meta name=\"twitter:image\" content=\"https:\/\/www.teatrulreginamaria.ro\/wp-content\/uploads\/2025\/03\/trm-istoric-01.jpg\" \/>\n\t\t<script type=\"application\/ld+json\" class=\"aioseo-schema\">\n\t\t\t{\"@context\":\"https:\\\/\\\/schema.org\",\"@graph\":[{\"@type\":\"BlogPosting\",\"@id\":\"https:\\\/\\\/www.teatrulreginamaria.ro\\\/hu\\\/programul-festivalului-international-de-teatru-oradea-editia-2016\\\/#blogposting\",\"name\":\"PROGRAMUL FESTIVALULUI INTERNA\\u0162IONAL DE TEATRU ORADEA, edi\\u021bia 2016 - Teatrul Regina Maria Oradea\",\"headline\":\"PROGRAMUL FESTIVALULUI INTERNA\\u0162IONAL DE TEATRU ORADEA, edi\\u021bia 2016\",\"author\":{\"@id\":\"https:\\\/\\\/www.teatrulreginamaria.ro\\\/hu\\\/author\\\/w3bmaster\\\/#author\"},\"publisher\":{\"@id\":\"https:\\\/\\\/www.teatrulreginamaria.ro\\\/hu\\\/#organization\"},\"image\":{\"@type\":\"ImageObject\",\"url\":\"https:\\\/\\\/www.teatrulreginamaria.ro\\\/wp-content\\\/uploads\\\/2025\\\/06\\\/logo-trm-01-dark.png\",\"@id\":\"https:\\\/\\\/www.teatrulreginamaria.ro\\\/hu\\\/#articleImage\",\"width\":300,\"height\":148},\"datePublished\":\"2016-09-15T06:51:27+03:00\",\"dateModified\":\"2016-09-15T06:51:27+03:00\",\"inLanguage\":\"hu-HU\",\"mainEntityOfPage\":{\"@id\":\"https:\\\/\\\/www.teatrulreginamaria.ro\\\/hu\\\/programul-festivalului-international-de-teatru-oradea-editia-2016\\\/#webpage\"},\"isPartOf\":{\"@id\":\"https:\\\/\\\/www.teatrulreginamaria.ro\\\/hu\\\/programul-festivalului-international-de-teatru-oradea-editia-2016\\\/#webpage\"},\"articleSection\":\"Nout\\u0103\\u021bi - Trupa Iosif Vulcan\"},{\"@type\":\"BreadcrumbList\",\"@id\":\"https:\\\/\\\/www.teatrulreginamaria.ro\\\/hu\\\/programul-festivalului-international-de-teatru-oradea-editia-2016\\\/#breadcrumblist\",\"itemListElement\":[{\"@type\":\"ListItem\",\"@id\":\"https:\\\/\\\/www.teatrulreginamaria.ro\\\/hu#listItem\",\"position\":1,\"name\":\"Home\",\"item\":\"https:\\\/\\\/www.teatrulreginamaria.ro\\\/hu\",\"nextItem\":{\"@type\":\"ListItem\",\"@id\":\"https:\\\/\\\/www.teatrulreginamaria.ro\\\/hu\\\/categorie\\\/noutati\\\/#listItem\",\"name\":\"Nout\\u0103\\u021bi\"}},{\"@type\":\"ListItem\",\"@id\":\"https:\\\/\\\/www.teatrulreginamaria.ro\\\/hu\\\/categorie\\\/noutati\\\/#listItem\",\"position\":2,\"name\":\"Nout\\u0103\\u021bi\",\"item\":\"https:\\\/\\\/www.teatrulreginamaria.ro\\\/hu\\\/categorie\\\/noutati\\\/\",\"nextItem\":{\"@type\":\"ListItem\",\"@id\":\"https:\\\/\\\/www.teatrulreginamaria.ro\\\/hu\\\/categorie\\\/noutati\\\/noutati-trupa-iosif-vulcan\\\/#listItem\",\"name\":\"Nout\\u0103\\u021bi - Trupa Iosif Vulcan\"},\"previousItem\":{\"@type\":\"ListItem\",\"@id\":\"https:\\\/\\\/www.teatrulreginamaria.ro\\\/hu#listItem\",\"name\":\"Home\"}},{\"@type\":\"ListItem\",\"@id\":\"https:\\\/\\\/www.teatrulreginamaria.ro\\\/hu\\\/categorie\\\/noutati\\\/noutati-trupa-iosif-vulcan\\\/#listItem\",\"position\":3,\"name\":\"Nout\\u0103\\u021bi - Trupa Iosif Vulcan\",\"item\":\"https:\\\/\\\/www.teatrulreginamaria.ro\\\/hu\\\/categorie\\\/noutati\\\/noutati-trupa-iosif-vulcan\\\/\",\"nextItem\":{\"@type\":\"ListItem\",\"@id\":\"https:\\\/\\\/www.teatrulreginamaria.ro\\\/hu\\\/programul-festivalului-international-de-teatru-oradea-editia-2016\\\/#listItem\",\"name\":\"PROGRAMUL FESTIVALULUI INTERNA\\u0162IONAL DE TEATRU ORADEA, edi\\u021bia 2016\"},\"previousItem\":{\"@type\":\"ListItem\",\"@id\":\"https:\\\/\\\/www.teatrulreginamaria.ro\\\/hu\\\/categorie\\\/noutati\\\/#listItem\",\"name\":\"Nout\\u0103\\u021bi\"}},{\"@type\":\"ListItem\",\"@id\":\"https:\\\/\\\/www.teatrulreginamaria.ro\\\/hu\\\/programul-festivalului-international-de-teatru-oradea-editia-2016\\\/#listItem\",\"position\":4,\"name\":\"PROGRAMUL FESTIVALULUI INTERNA\\u0162IONAL DE TEATRU ORADEA, edi\\u021bia 2016\",\"previousItem\":{\"@type\":\"ListItem\",\"@id\":\"https:\\\/\\\/www.teatrulreginamaria.ro\\\/hu\\\/categorie\\\/noutati\\\/noutati-trupa-iosif-vulcan\\\/#listItem\",\"name\":\"Nout\\u0103\\u021bi - Trupa Iosif Vulcan\"}}]},{\"@type\":\"Organization\",\"@id\":\"https:\\\/\\\/www.teatrulreginamaria.ro\\\/hu\\\/#organization\",\"name\":\"Teatrul Regina Maria Oradea\",\"description\":\"Trupa Iosif Vulcan \\u0219i Trupa Arcadia\",\"url\":\"https:\\\/\\\/www.teatrulreginamaria.ro\\\/hu\\\/\",\"email\":\"marketing@teatrulreginamaria.ro\",\"telephone\":\"+40359411534\",\"numberOfEmployees\":{\"@type\":\"QuantitativeValue\",\"minValue\":0,\"maxValue\":150},\"logo\":{\"@type\":\"ImageObject\",\"url\":\"https:\\\/\\\/www.teatrulreginamaria.ro\\\/wp-content\\\/uploads\\\/2025\\\/06\\\/logo-trm-01-dark.png\",\"@id\":\"https:\\\/\\\/www.teatrulreginamaria.ro\\\/hu\\\/programul-festivalului-international-de-teatru-oradea-editia-2016\\\/#organizationLogo\",\"width\":300,\"height\":148},\"image\":{\"@id\":\"https:\\\/\\\/www.teatrulreginamaria.ro\\\/hu\\\/programul-festivalului-international-de-teatru-oradea-editia-2016\\\/#organizationLogo\"},\"sameAs\":[\"https:\\\/\\\/www.facebook.com\\\/TRMTrupaIosifVulcan\\\/\",\"https:\\\/\\\/x.com\\\/TRMOradea\",\"https:\\\/\\\/www.instagram.com\\\/teatrul_regina_maria\\\/\",\"https:\\\/\\\/www.youtube.com\\\/c\\\/TeatrulReginaMariaOradea\",\"https:\\\/\\\/www.linkedin.com\\\/company\\\/teatrul-regina-maria\"]},{\"@type\":\"Person\",\"@id\":\"https:\\\/\\\/www.teatrulreginamaria.ro\\\/hu\\\/author\\\/w3bmaster\\\/#author\",\"url\":\"https:\\\/\\\/www.teatrulreginamaria.ro\\\/hu\\\/author\\\/w3bmaster\\\/\",\"name\":\"Teatrul Regina Maria\",\"image\":{\"@type\":\"ImageObject\",\"@id\":\"https:\\\/\\\/www.teatrulreginamaria.ro\\\/hu\\\/programul-festivalului-international-de-teatru-oradea-editia-2016\\\/#authorImage\",\"url\":\"https:\\\/\\\/secure.gravatar.com\\\/avatar\\\/5884139d508ae3f0bafe45e60563b48a9640146d3b08ccc6278c305ff9329305?s=96&d=mm&r=g\",\"width\":96,\"height\":96,\"caption\":\"Teatrul Regina Maria\"}},{\"@type\":\"WebPage\",\"@id\":\"https:\\\/\\\/www.teatrulreginamaria.ro\\\/hu\\\/programul-festivalului-international-de-teatru-oradea-editia-2016\\\/#webpage\",\"url\":\"https:\\\/\\\/www.teatrulreginamaria.ro\\\/hu\\\/programul-festivalului-international-de-teatru-oradea-editia-2016\\\/\",\"name\":\"PROGRAMUL FESTIVALULUI INTERNA\\u0162IONAL DE TEATRU ORADEA, edi\\u021bia 2016 - Teatrul Regina Maria Oradea\",\"description\":\"Duminic\\u0103, 25 septembrie 19:00, Sala Mare a Teatrului Regina Maria \\u2013 Deschiderea festiv\\u0103 19:15 Sala Mare a Teatrului Regina Maria \\u2013 Domnul Jurdan, dup\\u0103 Burghezul Gentilom de Jean-Baptiste Poquelin (Moli\\u00e8re), direc\\u021bia de scen\\u0103 Victor Ioan Frunz\\u0103, Teatrul Regina Maria, Oradea \\u2013 OFF Luni, 26 septembrie 17:00, Sala Arcadia \\u2013 Prah sau Lozul cel mare, de\",\"inLanguage\":\"hu-HU\",\"isPartOf\":{\"@id\":\"https:\\\/\\\/www.teatrulreginamaria.ro\\\/hu\\\/#website\"},\"breadcrumb\":{\"@id\":\"https:\\\/\\\/www.teatrulreginamaria.ro\\\/hu\\\/programul-festivalului-international-de-teatru-oradea-editia-2016\\\/#breadcrumblist\"},\"author\":{\"@id\":\"https:\\\/\\\/www.teatrulreginamaria.ro\\\/hu\\\/author\\\/w3bmaster\\\/#author\"},\"creator\":{\"@id\":\"https:\\\/\\\/www.teatrulreginamaria.ro\\\/hu\\\/author\\\/w3bmaster\\\/#author\"},\"datePublished\":\"2016-09-15T06:51:27+03:00\",\"dateModified\":\"2016-09-15T06:51:27+03:00\"},{\"@type\":\"WebSite\",\"@id\":\"https:\\\/\\\/www.teatrulreginamaria.ro\\\/hu\\\/#website\",\"url\":\"https:\\\/\\\/www.teatrulreginamaria.ro\\\/hu\\\/\",\"name\":\"Teatrul Regina Maria Oradea\",\"alternateName\":\"TRM Oradea\",\"description\":\"Trupa Iosif Vulcan \\u0219i Trupa Arcadia\",\"inLanguage\":\"hu-HU\",\"publisher\":{\"@id\":\"https:\\\/\\\/www.teatrulreginamaria.ro\\\/hu\\\/#organization\"}}]}\n\t\t<\/script>\n\t\t<!-- All in One SEO Pro -->\r\n\t\t<title>PROGRAMUL FESTIVALULUI INTERNA\u0162IONAL DE TEATRU ORADEA, edi\u021bia 2016 - Teatrul Regina Maria Oradea<\/title>\n\n","aioseo_head_json":{"title":"A NAGYV\u00c1RADI NEMZETK\u00d6ZI SZ\u00cdNH\u00c1ZI FESZTIV\u00c1L PROGRAMJA, 2016-os kiad\u00e1s - Regina Maria Sz\u00ednh\u00e1z Nagyv\u00e1radi","description":"Vas\u00e1rnap, szeptember 25., 19:00, Regina Maria Sz\u00ednh\u00e1z nagyterme \u2013 \u00dcnnepi megnyit\u00f3 19:15 Regina Maria Sz\u00ednh\u00e1z nagyterme \u2013 Mr. Jurdan, Jean-Baptiste Poquelin (Moli\u00e8re) A polg\u00e1ri \u00far c\u00edm\u0171 m\u0171ve alapj\u00e1n, rendez\u0151: Victor Ioan Frunz\u0103, Regina Maria Sz\u00ednh\u00e1z, Nagyv\u00e1rad \u2013 KI H\u00e9tf\u0151, szeptember 26., 17:00, Arcadia terem \u2013 Por vagy a nagy t\u00e9tel, rendez\u0151","canonical_url":"https:\/\/www.teatrulreginamaria.ro\/hu\/programul-festivalului-international-de-teatru-oradea-editia-2016\/","robots":"max-image-preview:large","keywords":"","webmasterTools":{"miscellaneous":""},"schema":{"@context":"https:\/\/schema.org","@graph":[{"@type":"BlogPosting","@id":"https:\/\/www.teatrulreginamaria.ro\/hu\/programul-festivalului-international-de-teatru-oradea-editia-2016\/#blogposting","name":"PROGRAMUL FESTIVALULUI INTERNA\u0162IONAL DE TEATRU ORADEA, edi\u021bia 2016 - Teatrul Regina Maria Oradea","headline":"PROGRAMUL FESTIVALULUI INTERNA\u0162IONAL DE TEATRU ORADEA, edi\u021bia 2016","author":{"@id":"https:\/\/www.teatrulreginamaria.ro\/hu\/author\/w3bmaster\/#author"},"publisher":{"@id":"https:\/\/www.teatrulreginamaria.ro\/hu\/#organization"},"image":{"@type":"ImageObject","url":"https:\/\/www.teatrulreginamaria.ro\/wp-content\/uploads\/2025\/06\/logo-trm-01-dark.png","@id":"https:\/\/www.teatrulreginamaria.ro\/hu\/#articleImage","width":300,"height":148},"datePublished":"2016-09-15T06:51:27+03:00","dateModified":"2016-09-15T06:51:27+03:00","inLanguage":"hu-HU","mainEntityOfPage":{"@id":"https:\/\/www.teatrulreginamaria.ro\/hu\/programul-festivalului-international-de-teatru-oradea-editia-2016\/#webpage"},"isPartOf":{"@id":"https:\/\/www.teatrulreginamaria.ro\/hu\/programul-festivalului-international-de-teatru-oradea-editia-2016\/#webpage"},"articleSection":"Nout\u0103\u021bi - Trupa Iosif Vulcan"},{"@type":"BreadcrumbList","@id":"https:\/\/www.teatrulreginamaria.ro\/hu\/programul-festivalului-international-de-teatru-oradea-editia-2016\/#breadcrumblist","itemListElement":[{"@type":"ListItem","@id":"https:\/\/www.teatrulreginamaria.ro\/hu#listItem","position":1,"name":"Home","item":"https:\/\/www.teatrulreginamaria.ro\/hu","nextItem":{"@type":"ListItem","@id":"https:\/\/www.teatrulreginamaria.ro\/hu\/categorie\/noutati\/#listItem","name":"Nout\u0103\u021bi"}},{"@type":"ListItem","@id":"https:\/\/www.teatrulreginamaria.ro\/hu\/categorie\/noutati\/#listItem","position":2,"name":"Nout\u0103\u021bi","item":"https:\/\/www.teatrulreginamaria.ro\/hu\/categorie\/noutati\/","nextItem":{"@type":"ListItem","@id":"https:\/\/www.teatrulreginamaria.ro\/hu\/categorie\/noutati\/noutati-trupa-iosif-vulcan\/#listItem","name":"Nout\u0103\u021bi - Trupa Iosif Vulcan"},"previousItem":{"@type":"ListItem","@id":"https:\/\/www.teatrulreginamaria.ro\/hu#listItem","name":"Home"}},{"@type":"ListItem","@id":"https:\/\/www.teatrulreginamaria.ro\/hu\/categorie\/noutati\/noutati-trupa-iosif-vulcan\/#listItem","position":3,"name":"Nout\u0103\u021bi - Trupa Iosif Vulcan","item":"https:\/\/www.teatrulreginamaria.ro\/hu\/categorie\/noutati\/noutati-trupa-iosif-vulcan\/","nextItem":{"@type":"ListItem","@id":"https:\/\/www.teatrulreginamaria.ro\/hu\/programul-festivalului-international-de-teatru-oradea-editia-2016\/#listItem","name":"PROGRAMUL FESTIVALULUI INTERNA\u0162IONAL DE TEATRU ORADEA, edi\u021bia 2016"},"previousItem":{"@type":"ListItem","@id":"https:\/\/www.teatrulreginamaria.ro\/hu\/categorie\/noutati\/#listItem","name":"Nout\u0103\u021bi"}},{"@type":"ListItem","@id":"https:\/\/www.teatrulreginamaria.ro\/hu\/programul-festivalului-international-de-teatru-oradea-editia-2016\/#listItem","position":4,"name":"PROGRAMUL FESTIVALULUI INTERNA\u0162IONAL DE TEATRU ORADEA, edi\u021bia 2016","previousItem":{"@type":"ListItem","@id":"https:\/\/www.teatrulreginamaria.ro\/hu\/categorie\/noutati\/noutati-trupa-iosif-vulcan\/#listItem","name":"Nout\u0103\u021bi - Trupa Iosif Vulcan"}}]},{"@type":"Organization","@id":"https:\/\/www.teatrulreginamaria.ro\/hu\/#organization","name":"Teatrul Regina Maria Oradea","description":"Trupa Iosif Vulcan \u0219i Trupa Arcadia","url":"https:\/\/www.teatrulreginamaria.ro\/hu\/","email":"marketing@teatrulreginamaria.ro","telephone":"+40359411534","numberOfEmployees":{"@type":"QuantitativeValue","minValue":0,"maxValue":150},"logo":{"@type":"ImageObject","url":"https:\/\/www.teatrulreginamaria.ro\/wp-content\/uploads\/2025\/06\/logo-trm-01-dark.png","@id":"https:\/\/www.teatrulreginamaria.ro\/hu\/programul-festivalului-international-de-teatru-oradea-editia-2016\/#organizationLogo","width":300,"height":148},"image":{"@id":"https:\/\/www.teatrulreginamaria.ro\/hu\/programul-festivalului-international-de-teatru-oradea-editia-2016\/#organizationLogo"},"sameAs":["https:\/\/www.facebook.com\/TRMTrupaIosifVulcan\/","https:\/\/x.com\/TRMOradea","https:\/\/www.instagram.com\/teatrul_regina_maria\/","https:\/\/www.youtube.com\/c\/TeatrulReginaMariaOradea","https:\/\/www.linkedin.com\/company\/teatrul-regina-maria"]},{"@type":"Person","@id":"https:\/\/www.teatrulreginamaria.ro\/hu\/author\/w3bmaster\/#author","url":"https:\/\/www.teatrulreginamaria.ro\/hu\/author\/w3bmaster\/","name":"Teatrul Regina Maria","image":{"@type":"ImageObject","@id":"https:\/\/www.teatrulreginamaria.ro\/hu\/programul-festivalului-international-de-teatru-oradea-editia-2016\/#authorImage","url":"https:\/\/secure.gravatar.com\/avatar\/5884139d508ae3f0bafe45e60563b48a9640146d3b08ccc6278c305ff9329305?s=96&d=mm&r=g","width":96,"height":96,"caption":"Teatrul Regina Maria"}},{"@type":"WebPage","@id":"https:\/\/www.teatrulreginamaria.ro\/hu\/programul-festivalului-international-de-teatru-oradea-editia-2016\/#webpage","url":"https:\/\/www.teatrulreginamaria.ro\/hu\/programul-festivalului-international-de-teatru-oradea-editia-2016\/","name":"PROGRAMUL FESTIVALULUI INTERNA\u0162IONAL DE TEATRU ORADEA, edi\u021bia 2016 - Teatrul Regina Maria Oradea","description":"Duminic\u0103, 25 septembrie 19:00, Sala Mare a Teatrului Regina Maria \u2013 Deschiderea festiv\u0103 19:15 Sala Mare a Teatrului Regina Maria \u2013 Domnul Jurdan, dup\u0103 Burghezul Gentilom de Jean-Baptiste Poquelin (Moli\u00e8re), direc\u021bia de scen\u0103 Victor Ioan Frunz\u0103, Teatrul Regina Maria, Oradea \u2013 OFF Luni, 26 septembrie 17:00, Sala Arcadia \u2013 Prah sau Lozul cel mare, de","inLanguage":"hu-HU","isPartOf":{"@id":"https:\/\/www.teatrulreginamaria.ro\/hu\/#website"},"breadcrumb":{"@id":"https:\/\/www.teatrulreginamaria.ro\/hu\/programul-festivalului-international-de-teatru-oradea-editia-2016\/#breadcrumblist"},"author":{"@id":"https:\/\/www.teatrulreginamaria.ro\/hu\/author\/w3bmaster\/#author"},"creator":{"@id":"https:\/\/www.teatrulreginamaria.ro\/hu\/author\/w3bmaster\/#author"},"datePublished":"2016-09-15T06:51:27+03:00","dateModified":"2016-09-15T06:51:27+03:00"},{"@type":"WebSite","@id":"https:\/\/www.teatrulreginamaria.ro\/hu\/#website","url":"https:\/\/www.teatrulreginamaria.ro\/hu\/","name":"Teatrul Regina Maria Oradea","alternateName":"TRM Oradea","description":"Trupa Iosif Vulcan \u0219i Trupa Arcadia","inLanguage":"hu-HU","publisher":{"@id":"https:\/\/www.teatrulreginamaria.ro\/hu\/#organization"}}]},"og:locale":"hu_HU","og:site_name":"Teatrul Regina Maria Oradea - Trupa Iosif Vulcan \u0219i Trupa Arcadia","og:type":"article","og:title":"PROGRAMUL FESTIVALULUI INTERNA\u0162IONAL DE TEATRU ORADEA, edi\u021bia 2016 - Teatrul Regina Maria Oradea","og:description":"Duminic\u0103, 25 septembrie 19:00, Sala Mare a Teatrului Regina Maria \u2013 Deschiderea festiv\u0103 19:15 Sala Mare a Teatrului Regina Maria \u2013 Domnul Jurdan, dup\u0103 Burghezul Gentilom de Jean-Baptiste Poquelin (Moli\u00e8re), direc\u021bia de scen\u0103 Victor Ioan Frunz\u0103, Teatrul Regina Maria, Oradea \u2013 OFF Luni, 26 septembrie 17:00, Sala Arcadia \u2013 Prah sau Lozul cel mare, de","og:url":"https:\/\/www.teatrulreginamaria.ro\/hu\/programul-festivalului-international-de-teatru-oradea-editia-2016\/","og:image":"https:\/\/www.teatrulreginamaria.ro\/wp-content\/uploads\/2025\/03\/trm-istoric-01.jpg","og:image:secure_url":"https:\/\/www.teatrulreginamaria.ro\/wp-content\/uploads\/2025\/03\/trm-istoric-01.jpg","og:image:width":1200,"og:image:height":800,"article:published_time":"2016-09-15T06:51:27+00:00","article:modified_time":"2016-09-15T06:51:27+00:00","article:publisher":"https:\/\/www.facebook.com\/TRMTrupaIosifVulcan\/","twitter:card":"summary_large_image","twitter:site":"@TRMOradea","twitter:title":"PROGRAMUL FESTIVALULUI INTERNA\u0162IONAL DE TEATRU ORADEA, edi\u021bia 2016 - Teatrul Regina Maria Oradea","twitter:description":"Duminic\u0103, 25 septembrie 19:00, Sala Mare a Teatrului Regina Maria \u2013 Deschiderea festiv\u0103 19:15 Sala Mare a Teatrului Regina Maria \u2013 Domnul Jurdan, dup\u0103 Burghezul Gentilom de Jean-Baptiste Poquelin (Moli\u00e8re), direc\u021bia de scen\u0103 Victor Ioan Frunz\u0103, Teatrul Regina Maria, Oradea \u2013 OFF Luni, 26 septembrie 17:00, Sala Arcadia \u2013 Prah sau Lozul cel mare, de","twitter:creator":"@TRMOradea","twitter:image":"https:\/\/www.teatrulreginamaria.ro\/wp-content\/uploads\/2025\/03\/trm-istoric-01.jpg"},"aioseo_meta_data":{"post_id":"1172","title":null,"description":null,"keywords":null,"keyphrases":null,"primary_term":null,"canonical_url":null,"og_title":null,"og_description":null,"og_object_type":"default","og_image_type":"default","og_image_url":null,"og_image_width":null,"og_image_height":null,"og_image_custom_url":null,"og_image_custom_fields":null,"og_video":null,"og_custom_url":null,"og_article_section":null,"og_article_tags":null,"twitter_use_og":false,"twitter_card":"default","twitter_image_type":"default","twitter_image_url":null,"twitter_image_custom_url":null,"twitter_image_custom_fields":null,"twitter_title":null,"twitter_description":null,"schema":{"blockGraphs":[],"customGraphs":[],"default":{"data":{"Article":[],"Course":[],"Dataset":[],"FAQPage":[],"Movie":[],"Person":[],"Product":[],"ProductReview":[],"Car":[],"Recipe":[],"Service":[],"SoftwareApplication":[],"WebPage":[]},"graphName":"","isEnabled":true},"graphs":[]},"schema_type":"default","schema_type_options":null,"pillar_content":false,"robots_default":true,"robots_noindex":false,"robots_noarchive":false,"robots_nosnippet":false,"robots_nofollow":false,"robots_noimageindex":false,"robots_noodp":false,"robots_notranslate":false,"robots_max_snippet":null,"robots_max_videopreview":null,"robots_max_imagepreview":"large","priority":null,"frequency":null,"local_seo":null,"seo_analyzer_scan_date":"2026-05-13 01:20:41","breadcrumb_settings":null,"limit_modified_date":false,"reviewed_by":null,"open_ai":null,"ai":null,"created":"2025-04-09 17:42:39","updated":"2026-05-13 01:20:41","focus_keyword":null,"additional_keywords":null,"truseo_locale":null},"aioseo_breadcrumb":"<div class=\"aioseo-breadcrumbs\"><span class=\"aioseo-breadcrumb\">\n\t<a href=\"https:\/\/www.teatrulreginamaria.ro\/hu\" title=\"Home\">Home<\/a>\n<\/span><span class=\"aioseo-breadcrumb-separator\">&raquo;<\/span><span class=\"aioseo-breadcrumb\">\n\t<a href=\"https:\/\/www.teatrulreginamaria.ro\/hu\/categorie\/noutati\/\" title=\"Nout\u0103\u021bi\">Nout\u0103\u021bi<\/a>\n<\/span><span class=\"aioseo-breadcrumb-separator\">&raquo;<\/span><span class=\"aioseo-breadcrumb\">\n\t<a href=\"https:\/\/www.teatrulreginamaria.ro\/hu\/categorie\/noutati\/noutati-trupa-iosif-vulcan\/\" title=\"Nout\u0103\u021bi - Trupa Iosif Vulcan\">Nout\u0103\u021bi - Trupa Iosif Vulcan<\/a>\n<\/span><span class=\"aioseo-breadcrumb-separator\">&raquo;<\/span><span class=\"aioseo-breadcrumb\">\n\tPROGRAMUL FESTIVALULUI INTERNA\u0162IONAL DE TEATRU ORADEA, edi\u021bia 2016\n<\/span><\/div>","aioseo_breadcrumb_json":[{"label":"Home","link":"https:\/\/www.teatrulreginamaria.ro\/hu"},{"label":"Nout\u0103\u021bi","link":"https:\/\/www.teatrulreginamaria.ro\/hu\/categorie\/noutati\/"},{"label":"Nout\u0103\u021bi - Trupa Iosif Vulcan","link":"https:\/\/www.teatrulreginamaria.ro\/hu\/categorie\/noutati\/noutati-trupa-iosif-vulcan\/"},{"label":"PROGRAMUL FESTIVALULUI INTERNA\u0162IONAL DE TEATRU ORADEA, edi\u021bia 2016","link":"https:\/\/www.teatrulreginamaria.ro\/hu\/programul-festivalului-international-de-teatru-oradea-editia-2016\/"}],"acf":[],"_links":{"self":[{"href":"https:\/\/www.teatrulreginamaria.ro\/hu\/wp-json\/wp\/v2\/posts\/1172","targetHints":{"allow":["GET"]}}],"collection":[{"href":"https:\/\/www.teatrulreginamaria.ro\/hu\/wp-json\/wp\/v2\/posts"}],"about":[{"href":"https:\/\/www.teatrulreginamaria.ro\/hu\/wp-json\/wp\/v2\/types\/post"}],"author":[{"embeddable":true,"href":"https:\/\/www.teatrulreginamaria.ro\/hu\/wp-json\/wp\/v2\/users\/6"}],"replies":[{"embeddable":true,"href":"https:\/\/www.teatrulreginamaria.ro\/hu\/wp-json\/wp\/v2\/comments?post=1172"}],"version-history":[{"count":0,"href":"https:\/\/www.teatrulreginamaria.ro\/hu\/wp-json\/wp\/v2\/posts\/1172\/revisions"}],"wp:attachment":[{"href":"https:\/\/www.teatrulreginamaria.ro\/hu\/wp-json\/wp\/v2\/media?parent=1172"}],"wp:term":[{"taxonomy":"category","embeddable":true,"href":"https:\/\/www.teatrulreginamaria.ro\/hu\/wp-json\/wp\/v2\/categories?post=1172"},{"taxonomy":"post_tag","embeddable":true,"href":"https:\/\/www.teatrulreginamaria.ro\/hu\/wp-json\/wp\/v2\/tags?post=1172"}],"curies":[{"name":"munkaf\u00fczet","href":"https:\/\/api.w.org\/{rel}","templated":true}]}}