{"id":1176,"date":"2016-09-29T12:44:54","date_gmt":"2016-09-29T12:44:54","guid":{"rendered":"https:\/\/teatrulreginamaria.ro\/2016\/09\/29\/ziua-a-v-a-a-festivalului-international-de-teatru-oradea-editia-2016\/"},"modified":"2016-09-29T12:44:54","modified_gmt":"2016-09-29T12:44:54","slug":"a-2016-os-nagyvaradi-nemzetkozi-szinhazi-fesztival-elso-napja","status":"publish","type":"post","link":"https:\/\/www.teatrulreginamaria.ro\/hu\/ziua-a-v-a-a-festivalului-international-de-teatru-oradea-editia-2016\/","title":{"rendered":"A NAGYV\u00c1RADI NEMZETK\u00d6ZI SZ\u00cdNH\u00c1ZI FESZTIV\u00c1L 5. NAPJA, 2016-OS KIAD\u00c1S"},"content":{"rendered":"<p style=\"text-align: justify\">\n<p style=\"text-align: justify\">A Nagyv\u00e1radi Nemzetk\u00f6zi Sz\u00ednh\u00e1zi Fesztiv\u00e1l \u00f6t\u00f6dik napj\u00e1hoz \u00e9rkezett, a v\u00e1rost egy grandi\u00f3zus sz\u00ednh\u00e1zi sz\u00ednpadd\u00e1 var\u00e1zsolva, ahol sz\u00edn\u00e9szek, rendez\u0151k, sz\u00ednh\u00e1zkritikusok \u00e9s n\u00e9z\u0151k egyar\u00e1nt \u00e1t\u00e9lhett\u00e9k a rendk\u00edv\u00fcli kultur\u00e1lis tal\u00e1lkoz\u00e1s izgalm\u00e1t. N\u00e9gy nap eml\u00e9kezetes esem\u00e9nyek, amelyek ma, szeptember 29-\u00e9n folytat\u00f3dnak izgalmas sz\u00ednh\u00e1zi k\u00edn\u00e1lattal.<\/p>\n<p style=\"text-align: justify\">A nap egy ellen\u00e1llhatatlan megh\u00edv\u00e1ssal kezd\u0151dik: sz\u00ednh\u00e1z- \u00e9s filmrendez\u0151, Dr. Alexa Visarion egyetemi professzor minden sz\u00ednh\u00e1zkedvel\u0151t szeretettel v\u00e1r... <strong>13:00<\/strong>, a &quot;Mihai Eminescu&quot; Nemzeti Koll\u00e9gium \u00fcnnepi term\u00e9ben, a mai sz\u00edn\u00e9sz soksz\u00edn\u0171s\u00e9g\u00e9r\u0151l sz\u00f3l\u00f3 p\u00e1rbesz\u00e9den: <strong>\u201eA sz\u00edn\u00e9sz \u00e9s rejt\u00e9lye most \u2013 a m\u0171v\u00e9szi alkot\u00e1s \u00fatjai\u201d. <\/strong>Emellett ezen a tal\u00e1lkoz\u00f3n ker\u00fcl sor a &quot;&quot; k\u00f6tet bemutat\u00f3j\u00e1ra Nagyv\u00e1radon.\u201d<strong>Alexa Visarion, avagy a hang sorsa<\/strong><strong>\u00de<\/strong><strong>&quot;vesz&quot;,<\/strong> az Elena Saulea koordin\u00e1l\u00e1s\u00e1val k\u00e9sz\u00fclt, a Junimea Kiad\u00f3 gondoz\u00e1s\u00e1ban 2015-ben megjelent kiad\u00e1st maga a mester fogja bemutatni a k\u00f6z\u00f6ns\u00e9gnek.<\/p>\n<p style=\"text-align: justify\">T\u00f3l <strong>19:00, a Regina Maria Sz\u00ednh\u00e1z nagyterm\u00e9ben<\/strong>, a b\u00e1tor katona <strong>\u201e&quot;Svejk&quot;\u201d <\/strong>megh\u00edvja \u00d6nt, hogy sz\u00f3rakoztassa katonai kalandjait Alexandru Dabija v\u00edgj\u00e1t\u00e9k\u00e1ban. Kiv\u00e9teles szerepl\u0151g\u00e1rd\u00e1val, k\u00f6zt\u00fck Pavel Barto\u015f \u00e9s Alexandru Papadopol sz\u00edn\u00e9szekkel, a bukaresti Odeon Sz\u00ednh\u00e1zban megrendezett el\u0151ad\u00e1s nevet\u00e9st \u00e9s tapsot fog kiv\u00e1ltani.<\/p>\n<p style=\"text-align: justify\">A napot a Verseny szekci\u00f3 k\u00e9t el\u0151ad\u00e1sa teszi teljess\u00e9: <strong>\u201eVal\u00f3j\u00e1ban gy\u00f6ny\u00f6r\u0171,\u201d, <\/strong>Volker Schmidt m\u0171sora, innen <strong>19:00 \u00f3rakor, a Szakszervezetek Kult\u00farh\u00e1z\u00e1ban, <\/strong>a Temesv\u00e1ri N\u00e9met \u00c1llami Sz\u00ednh\u00e1z produkci\u00f3ja \u00e9s <strong>\u201eOrlando\u201d, <\/strong>Virgia Wolf nyom\u00e1n, Anca Bradu rendez\u00e9s\u00e9ben, <strong>21:00, a Mobil Sz\u00ednpadon \u2013 Unirii t\u00e9ren<\/strong>, a Debreceni Csokonai Sz\u00ednh\u00e1z produkci\u00f3ja.<\/p>\n<p style=\"text-align: justify\">A jegyek a sz\u00ednh\u00e1z Jegyirod\u00e1j\u00e1ban h\u00e9tf\u0151t\u0151l p\u00e9ntekig 10:00 \u00e9s 19:00 \u00f3ra k\u00f6z\u00f6tt, h\u00e9tv\u00e9g\u00e9n pedig 10:00 \u00e9s 13:00 \u00f3ra k\u00f6z\u00f6tt, illetve minden el\u0151ad\u00e1s el\u0151tt egy \u00f3r\u00e1val voltak kaphat\u00f3k. Jegyeket online is v\u00e1s\u00e1rolhat a www.biletmaster.ro oldalon.<\/p>\n<p style=\"text-align: justify\">Tov\u00e1bbi inform\u00e1ci\u00f3\u00e9rt \u00e9s jegyfoglal\u00e1s\u00e9rt k\u00e9rj\u00fck, h\u00edvja a 0259\/440.742-es telefonsz\u00e1mot.<\/p>\n<p style=\"text-align: justify\">V\u00e1runk a sz\u00ednh\u00e1zban!<\/p>\n<p>\u00a0<\/p>","protected":false},"excerpt":{"rendered":"<p>Festivalul Interna\u0163ional de Teatru Oradea a ajuns \u00een cea de-a cincea zi \u00een care a transformat ora\u015ful \u00eentr-o mare scen\u0103 de teatru, unde actorii, regizorii, criticii teatrali \u015fi spectatorii deopotriv\u0103, au tr\u0103it emo\u0163ia unei \u00eent\u00e2lniri culturale extraordinare. Patru zile de evenimente memorabile, care continu\u0103 \u015fi ast\u0103zi, 29 septembrie, cu o ofert\u0103 teatral\u0103 incitant\u0103. Ziua \u00eencepe [&hellip;]<\/p>\n","protected":false},"author":6,"featured_media":0,"comment_status":"open","ping_status":"open","sticky":false,"template":"","format":"standard","meta":{"_acf_changed":false,"footnotes":""},"categories":[22],"tags":[],"class_list":["post-1176","post","type-post","status-publish","format-standard","hentry","category-noutati-trupa-iosif-vulcan"],"aioseo_notices":[],"aioseo_head":"\n\t\t<!-- All in One SEO Pro 5.0.1.1 - aioseo.com -->\n\t<meta name=\"description\" content=\"Festivalul Interna\u0163ional de Teatru Oradea a ajuns \u00een cea de-a cincea zi \u00een care a transformat ora\u015ful \u00eentr-o mare scen\u0103 de teatru, unde actorii, regizorii, criticii teatrali \u015fi spectatorii deopotriv\u0103, au tr\u0103it emo\u0163ia unei \u00eent\u00e2lniri culturale extraordinare. Patru zile de evenimente memorabile, care continu\u0103 \u015fi ast\u0103zi, 29 septembrie, cu o ofert\u0103 teatral\u0103 incitant\u0103. Ziua \u00eencepe\" \/>\n\t<meta name=\"robots\" content=\"max-image-preview:large\" \/>\n\t<meta name=\"author\" content=\"Teatrul Regina Maria\"\/>\n\t<link rel=\"canonical\" href=\"https:\/\/www.teatrulreginamaria.ro\/hu\/ziua-a-v-a-a-festivalului-international-de-teatru-oradea-editia-2016\/\" \/>\n\t<meta name=\"generator\" content=\"All in One SEO Pro (AIOSEO) 5.0.1.1\" \/>\n\t\t<meta property=\"og:locale\" content=\"hu_HU\" \/>\n\t\t<meta property=\"og:site_name\" content=\"Teatrul Regina Maria Oradea - Trupa Iosif Vulcan \u0219i Trupa Arcadia\" \/>\n\t\t<meta property=\"og:type\" content=\"article\" \/>\n\t\t<meta property=\"og:title\" content=\"ZIUA A V-A A FESTIVALULUI INTERNA\u0162IONAL DE TEATRU ORADEA, EDI\u0162IA 2016 - Teatrul Regina Maria Oradea\" \/>\n\t\t<meta property=\"og:description\" content=\"Festivalul Interna\u0163ional de Teatru Oradea a ajuns \u00een cea de-a cincea zi \u00een care a transformat ora\u015ful \u00eentr-o mare scen\u0103 de teatru, unde actorii, regizorii, criticii teatrali \u015fi spectatorii deopotriv\u0103, au tr\u0103it emo\u0163ia unei \u00eent\u00e2lniri culturale extraordinare. Patru zile de evenimente memorabile, care continu\u0103 \u015fi ast\u0103zi, 29 septembrie, cu o ofert\u0103 teatral\u0103 incitant\u0103. Ziua \u00eencepe\" \/>\n\t\t<meta property=\"og:url\" content=\"https:\/\/www.teatrulreginamaria.ro\/hu\/ziua-a-v-a-a-festivalului-international-de-teatru-oradea-editia-2016\/\" \/>\n\t\t<meta property=\"og:image\" content=\"https:\/\/www.teatrulreginamaria.ro\/wp-content\/uploads\/2025\/03\/trm-istoric-01.jpg\" \/>\n\t\t<meta property=\"og:image:secure_url\" content=\"https:\/\/www.teatrulreginamaria.ro\/wp-content\/uploads\/2025\/03\/trm-istoric-01.jpg\" \/>\n\t\t<meta property=\"og:image:width\" content=\"1200\" \/>\n\t\t<meta property=\"og:image:height\" content=\"800\" \/>\n\t\t<meta property=\"article:published_time\" content=\"2016-09-29T12:44:54+00:00\" \/>\n\t\t<meta property=\"article:modified_time\" content=\"2016-09-29T12:44:54+00:00\" \/>\n\t\t<meta property=\"article:publisher\" content=\"https:\/\/www.facebook.com\/TRMTrupaIosifVulcan\/\" \/>\n\t\t<meta name=\"twitter:card\" content=\"summary_large_image\" \/>\n\t\t<meta name=\"twitter:site\" content=\"@TRMOradea\" \/>\n\t\t<meta name=\"twitter:title\" content=\"ZIUA A V-A A FESTIVALULUI INTERNA\u0162IONAL DE TEATRU ORADEA, EDI\u0162IA 2016 - Teatrul Regina Maria Oradea\" \/>\n\t\t<meta name=\"twitter:description\" content=\"Festivalul Interna\u0163ional de Teatru Oradea a ajuns \u00een cea de-a cincea zi \u00een care a transformat ora\u015ful \u00eentr-o mare scen\u0103 de teatru, unde actorii, regizorii, criticii teatrali \u015fi spectatorii deopotriv\u0103, au tr\u0103it emo\u0163ia unei \u00eent\u00e2lniri culturale extraordinare. Patru zile de evenimente memorabile, care continu\u0103 \u015fi ast\u0103zi, 29 septembrie, cu o ofert\u0103 teatral\u0103 incitant\u0103. Ziua \u00eencepe\" \/>\n\t\t<meta name=\"twitter:creator\" content=\"@TRMOradea\" \/>\n\t\t<meta name=\"twitter:image\" content=\"https:\/\/www.teatrulreginamaria.ro\/wp-content\/uploads\/2025\/03\/trm-istoric-01.jpg\" \/>\n\t\t<script type=\"application\/ld+json\" class=\"aioseo-schema\">\n\t\t\t{\"@context\":\"https:\\\/\\\/schema.org\",\"@graph\":[{\"@type\":\"BlogPosting\",\"@id\":\"https:\\\/\\\/www.teatrulreginamaria.ro\\\/hu\\\/ziua-a-v-a-a-festivalului-international-de-teatru-oradea-editia-2016\\\/#blogposting\",\"name\":\"ZIUA A V-A A FESTIVALULUI INTERNA\\u0162IONAL DE TEATRU ORADEA, EDI\\u0162IA 2016 - Teatrul Regina Maria Oradea\",\"headline\":\"ZIUA A V-A A FESTIVALULUI INTERNA\\u0162IONAL DE TEATRU ORADEA, EDI\\u0162IA 2016\",\"author\":{\"@id\":\"https:\\\/\\\/www.teatrulreginamaria.ro\\\/hu\\\/author\\\/w3bmaster\\\/#author\"},\"publisher\":{\"@id\":\"https:\\\/\\\/www.teatrulreginamaria.ro\\\/hu\\\/#organization\"},\"image\":{\"@type\":\"ImageObject\",\"url\":\"https:\\\/\\\/www.teatrulreginamaria.ro\\\/wp-content\\\/uploads\\\/2025\\\/06\\\/logo-trm-01-dark.png\",\"@id\":\"https:\\\/\\\/www.teatrulreginamaria.ro\\\/hu\\\/#articleImage\",\"width\":300,\"height\":148},\"datePublished\":\"2016-09-29T12:44:54+03:00\",\"dateModified\":\"2016-09-29T12:44:54+03:00\",\"inLanguage\":\"hu-HU\",\"mainEntityOfPage\":{\"@id\":\"https:\\\/\\\/www.teatrulreginamaria.ro\\\/hu\\\/ziua-a-v-a-a-festivalului-international-de-teatru-oradea-editia-2016\\\/#webpage\"},\"isPartOf\":{\"@id\":\"https:\\\/\\\/www.teatrulreginamaria.ro\\\/hu\\\/ziua-a-v-a-a-festivalului-international-de-teatru-oradea-editia-2016\\\/#webpage\"},\"articleSection\":\"Nout\\u0103\\u021bi - Trupa Iosif Vulcan\"},{\"@type\":\"BreadcrumbList\",\"@id\":\"https:\\\/\\\/www.teatrulreginamaria.ro\\\/hu\\\/ziua-a-v-a-a-festivalului-international-de-teatru-oradea-editia-2016\\\/#breadcrumblist\",\"itemListElement\":[{\"@type\":\"ListItem\",\"@id\":\"https:\\\/\\\/www.teatrulreginamaria.ro\\\/hu#listItem\",\"position\":1,\"name\":\"Home\",\"item\":\"https:\\\/\\\/www.teatrulreginamaria.ro\\\/hu\",\"nextItem\":{\"@type\":\"ListItem\",\"@id\":\"https:\\\/\\\/www.teatrulreginamaria.ro\\\/hu\\\/categorie\\\/noutati\\\/#listItem\",\"name\":\"Nout\\u0103\\u021bi\"}},{\"@type\":\"ListItem\",\"@id\":\"https:\\\/\\\/www.teatrulreginamaria.ro\\\/hu\\\/categorie\\\/noutati\\\/#listItem\",\"position\":2,\"name\":\"Nout\\u0103\\u021bi\",\"item\":\"https:\\\/\\\/www.teatrulreginamaria.ro\\\/hu\\\/categorie\\\/noutati\\\/\",\"nextItem\":{\"@type\":\"ListItem\",\"@id\":\"https:\\\/\\\/www.teatrulreginamaria.ro\\\/hu\\\/categorie\\\/noutati\\\/noutati-trupa-iosif-vulcan\\\/#listItem\",\"name\":\"Nout\\u0103\\u021bi - Trupa Iosif Vulcan\"},\"previousItem\":{\"@type\":\"ListItem\",\"@id\":\"https:\\\/\\\/www.teatrulreginamaria.ro\\\/hu#listItem\",\"name\":\"Home\"}},{\"@type\":\"ListItem\",\"@id\":\"https:\\\/\\\/www.teatrulreginamaria.ro\\\/hu\\\/categorie\\\/noutati\\\/noutati-trupa-iosif-vulcan\\\/#listItem\",\"position\":3,\"name\":\"Nout\\u0103\\u021bi - Trupa Iosif Vulcan\",\"item\":\"https:\\\/\\\/www.teatrulreginamaria.ro\\\/hu\\\/categorie\\\/noutati\\\/noutati-trupa-iosif-vulcan\\\/\",\"nextItem\":{\"@type\":\"ListItem\",\"@id\":\"https:\\\/\\\/www.teatrulreginamaria.ro\\\/hu\\\/ziua-a-v-a-a-festivalului-international-de-teatru-oradea-editia-2016\\\/#listItem\",\"name\":\"ZIUA A V-A A FESTIVALULUI INTERNA\\u0162IONAL DE TEATRU ORADEA, EDI\\u0162IA 2016\"},\"previousItem\":{\"@type\":\"ListItem\",\"@id\":\"https:\\\/\\\/www.teatrulreginamaria.ro\\\/hu\\\/categorie\\\/noutati\\\/#listItem\",\"name\":\"Nout\\u0103\\u021bi\"}},{\"@type\":\"ListItem\",\"@id\":\"https:\\\/\\\/www.teatrulreginamaria.ro\\\/hu\\\/ziua-a-v-a-a-festivalului-international-de-teatru-oradea-editia-2016\\\/#listItem\",\"position\":4,\"name\":\"ZIUA A V-A A FESTIVALULUI INTERNA\\u0162IONAL DE TEATRU ORADEA, EDI\\u0162IA 2016\",\"previousItem\":{\"@type\":\"ListItem\",\"@id\":\"https:\\\/\\\/www.teatrulreginamaria.ro\\\/hu\\\/categorie\\\/noutati\\\/noutati-trupa-iosif-vulcan\\\/#listItem\",\"name\":\"Nout\\u0103\\u021bi - Trupa Iosif Vulcan\"}}]},{\"@type\":\"Organization\",\"@id\":\"https:\\\/\\\/www.teatrulreginamaria.ro\\\/hu\\\/#organization\",\"name\":\"Teatrul Regina Maria Oradea\",\"description\":\"Trupa Iosif Vulcan \\u0219i Trupa Arcadia\",\"url\":\"https:\\\/\\\/www.teatrulreginamaria.ro\\\/hu\\\/\",\"email\":\"marketing@teatrulreginamaria.ro\",\"telephone\":\"+40359411534\",\"numberOfEmployees\":{\"@type\":\"QuantitativeValue\",\"minValue\":0,\"maxValue\":150},\"logo\":{\"@type\":\"ImageObject\",\"url\":\"https:\\\/\\\/www.teatrulreginamaria.ro\\\/wp-content\\\/uploads\\\/2025\\\/06\\\/logo-trm-01-dark.png\",\"@id\":\"https:\\\/\\\/www.teatrulreginamaria.ro\\\/hu\\\/ziua-a-v-a-a-festivalului-international-de-teatru-oradea-editia-2016\\\/#organizationLogo\",\"width\":300,\"height\":148},\"image\":{\"@id\":\"https:\\\/\\\/www.teatrulreginamaria.ro\\\/hu\\\/ziua-a-v-a-a-festivalului-international-de-teatru-oradea-editia-2016\\\/#organizationLogo\"},\"sameAs\":[\"https:\\\/\\\/www.facebook.com\\\/TRMTrupaIosifVulcan\\\/\",\"https:\\\/\\\/x.com\\\/TRMOradea\",\"https:\\\/\\\/www.instagram.com\\\/teatrul_regina_maria\\\/\",\"https:\\\/\\\/www.youtube.com\\\/c\\\/TeatrulReginaMariaOradea\",\"https:\\\/\\\/www.linkedin.com\\\/company\\\/teatrul-regina-maria\"]},{\"@type\":\"Person\",\"@id\":\"https:\\\/\\\/www.teatrulreginamaria.ro\\\/hu\\\/author\\\/w3bmaster\\\/#author\",\"url\":\"https:\\\/\\\/www.teatrulreginamaria.ro\\\/hu\\\/author\\\/w3bmaster\\\/\",\"name\":\"Teatrul Regina Maria\",\"image\":{\"@type\":\"ImageObject\",\"@id\":\"https:\\\/\\\/www.teatrulreginamaria.ro\\\/hu\\\/ziua-a-v-a-a-festivalului-international-de-teatru-oradea-editia-2016\\\/#authorImage\",\"url\":\"https:\\\/\\\/secure.gravatar.com\\\/avatar\\\/5884139d508ae3f0bafe45e60563b48a9640146d3b08ccc6278c305ff9329305?s=96&d=mm&r=g\",\"width\":96,\"height\":96,\"caption\":\"Teatrul Regina Maria\"}},{\"@type\":\"WebPage\",\"@id\":\"https:\\\/\\\/www.teatrulreginamaria.ro\\\/hu\\\/ziua-a-v-a-a-festivalului-international-de-teatru-oradea-editia-2016\\\/#webpage\",\"url\":\"https:\\\/\\\/www.teatrulreginamaria.ro\\\/hu\\\/ziua-a-v-a-a-festivalului-international-de-teatru-oradea-editia-2016\\\/\",\"name\":\"ZIUA A V-A A FESTIVALULUI INTERNA\\u0162IONAL DE TEATRU ORADEA, EDI\\u0162IA 2016 - Teatrul Regina Maria Oradea\",\"description\":\"Festivalul Interna\\u0163ional de Teatru Oradea a ajuns \\u00een cea de-a cincea zi \\u00een care a transformat ora\\u015ful \\u00eentr-o mare scen\\u0103 de teatru, unde actorii, regizorii, criticii teatrali \\u015fi spectatorii deopotriv\\u0103, au tr\\u0103it emo\\u0163ia unei \\u00eent\\u00e2lniri culturale extraordinare. Patru zile de evenimente memorabile, care continu\\u0103 \\u015fi ast\\u0103zi, 29 septembrie, cu o ofert\\u0103 teatral\\u0103 incitant\\u0103. Ziua \\u00eencepe\",\"inLanguage\":\"hu-HU\",\"isPartOf\":{\"@id\":\"https:\\\/\\\/www.teatrulreginamaria.ro\\\/hu\\\/#website\"},\"breadcrumb\":{\"@id\":\"https:\\\/\\\/www.teatrulreginamaria.ro\\\/hu\\\/ziua-a-v-a-a-festivalului-international-de-teatru-oradea-editia-2016\\\/#breadcrumblist\"},\"author\":{\"@id\":\"https:\\\/\\\/www.teatrulreginamaria.ro\\\/hu\\\/author\\\/w3bmaster\\\/#author\"},\"creator\":{\"@id\":\"https:\\\/\\\/www.teatrulreginamaria.ro\\\/hu\\\/author\\\/w3bmaster\\\/#author\"},\"datePublished\":\"2016-09-29T12:44:54+03:00\",\"dateModified\":\"2016-09-29T12:44:54+03:00\"},{\"@type\":\"WebSite\",\"@id\":\"https:\\\/\\\/www.teatrulreginamaria.ro\\\/hu\\\/#website\",\"url\":\"https:\\\/\\\/www.teatrulreginamaria.ro\\\/hu\\\/\",\"name\":\"Teatrul Regina Maria Oradea\",\"alternateName\":\"TRM Oradea\",\"description\":\"Trupa Iosif Vulcan \\u0219i Trupa Arcadia\",\"inLanguage\":\"hu-HU\",\"publisher\":{\"@id\":\"https:\\\/\\\/www.teatrulreginamaria.ro\\\/hu\\\/#organization\"}}]}\n\t\t<\/script>\n\t\t<!-- All in One SEO Pro -->\r\n\t\t<title>ZIUA A V-A A FESTIVALULUI INTERNA\u0162IONAL DE TEATRU ORADEA, EDI\u0162IA 2016 - Teatrul Regina Maria Oradea<\/title>\n\n","aioseo_head_json":{"title":"A NAGYV\u00c1RADI NEMZETK\u00d6ZI SZ\u00cdNH\u00c1ZI FESZTIV\u00c1L 5. NAPJA, 2016 - Regina Maria Sz\u00ednh\u00e1z, Nagyv\u00e1radi","description":"A Nagyv\u00e1radi Nemzetk\u00f6zi Sz\u00ednh\u00e1zi Fesztiv\u00e1l \u00f6t\u00f6dik napj\u00e1hoz \u00e9rkezett, a v\u00e1rost egy grandi\u00f3zus sz\u00ednh\u00e1zi sz\u00ednpadd\u00e1 var\u00e1zsolva, ahol sz\u00edn\u00e9szek, rendez\u0151k, sz\u00ednh\u00e1zi kritikusok \u00e9s n\u00e9z\u0151k egyar\u00e1nt \u00e1t\u00e9lhett\u00e9k a rendk\u00edv\u00fcli kultur\u00e1lis tal\u00e1lkoz\u00e1s izgalm\u00e1t. N\u00e9gy nap eml\u00e9kezetes esem\u00e9nyekkel, amelyek ma, szeptember 29-\u00e9n folytat\u00f3dnak izgalmas sz\u00ednh\u00e1zi k\u00edn\u00e1lattal. A nap elkezd\u0151dik","canonical_url":"https:\/\/www.teatrulreginamaria.ro\/hu\/ziua-a-v-a-a-festivalului-international-de-teatru-oradea-editia-2016\/","robots":"max-image-preview:large","keywords":"","webmasterTools":{"miscellaneous":""},"schema":{"@context":"https:\/\/schema.org","@graph":[{"@type":"BlogPosting","@id":"https:\/\/www.teatrulreginamaria.ro\/hu\/ziua-a-v-a-a-festivalului-international-de-teatru-oradea-editia-2016\/#blogposting","name":"ZIUA A V-A A FESTIVALULUI INTERNA\u0162IONAL DE TEATRU ORADEA, EDI\u0162IA 2016 - Teatrul Regina Maria Oradea","headline":"ZIUA A V-A A FESTIVALULUI INTERNA\u0162IONAL DE TEATRU ORADEA, EDI\u0162IA 2016","author":{"@id":"https:\/\/www.teatrulreginamaria.ro\/hu\/author\/w3bmaster\/#author"},"publisher":{"@id":"https:\/\/www.teatrulreginamaria.ro\/hu\/#organization"},"image":{"@type":"ImageObject","url":"https:\/\/www.teatrulreginamaria.ro\/wp-content\/uploads\/2025\/06\/logo-trm-01-dark.png","@id":"https:\/\/www.teatrulreginamaria.ro\/hu\/#articleImage","width":300,"height":148},"datePublished":"2016-09-29T12:44:54+03:00","dateModified":"2016-09-29T12:44:54+03:00","inLanguage":"hu-HU","mainEntityOfPage":{"@id":"https:\/\/www.teatrulreginamaria.ro\/hu\/ziua-a-v-a-a-festivalului-international-de-teatru-oradea-editia-2016\/#webpage"},"isPartOf":{"@id":"https:\/\/www.teatrulreginamaria.ro\/hu\/ziua-a-v-a-a-festivalului-international-de-teatru-oradea-editia-2016\/#webpage"},"articleSection":"Nout\u0103\u021bi - Trupa Iosif Vulcan"},{"@type":"BreadcrumbList","@id":"https:\/\/www.teatrulreginamaria.ro\/hu\/ziua-a-v-a-a-festivalului-international-de-teatru-oradea-editia-2016\/#breadcrumblist","itemListElement":[{"@type":"ListItem","@id":"https:\/\/www.teatrulreginamaria.ro\/hu#listItem","position":1,"name":"Home","item":"https:\/\/www.teatrulreginamaria.ro\/hu","nextItem":{"@type":"ListItem","@id":"https:\/\/www.teatrulreginamaria.ro\/hu\/categorie\/noutati\/#listItem","name":"Nout\u0103\u021bi"}},{"@type":"ListItem","@id":"https:\/\/www.teatrulreginamaria.ro\/hu\/categorie\/noutati\/#listItem","position":2,"name":"Nout\u0103\u021bi","item":"https:\/\/www.teatrulreginamaria.ro\/hu\/categorie\/noutati\/","nextItem":{"@type":"ListItem","@id":"https:\/\/www.teatrulreginamaria.ro\/hu\/categorie\/noutati\/noutati-trupa-iosif-vulcan\/#listItem","name":"Nout\u0103\u021bi - Trupa Iosif Vulcan"},"previousItem":{"@type":"ListItem","@id":"https:\/\/www.teatrulreginamaria.ro\/hu#listItem","name":"Home"}},{"@type":"ListItem","@id":"https:\/\/www.teatrulreginamaria.ro\/hu\/categorie\/noutati\/noutati-trupa-iosif-vulcan\/#listItem","position":3,"name":"Nout\u0103\u021bi - Trupa Iosif Vulcan","item":"https:\/\/www.teatrulreginamaria.ro\/hu\/categorie\/noutati\/noutati-trupa-iosif-vulcan\/","nextItem":{"@type":"ListItem","@id":"https:\/\/www.teatrulreginamaria.ro\/hu\/ziua-a-v-a-a-festivalului-international-de-teatru-oradea-editia-2016\/#listItem","name":"ZIUA A V-A A FESTIVALULUI INTERNA\u0162IONAL DE TEATRU ORADEA, EDI\u0162IA 2016"},"previousItem":{"@type":"ListItem","@id":"https:\/\/www.teatrulreginamaria.ro\/hu\/categorie\/noutati\/#listItem","name":"Nout\u0103\u021bi"}},{"@type":"ListItem","@id":"https:\/\/www.teatrulreginamaria.ro\/hu\/ziua-a-v-a-a-festivalului-international-de-teatru-oradea-editia-2016\/#listItem","position":4,"name":"ZIUA A V-A A FESTIVALULUI INTERNA\u0162IONAL DE TEATRU ORADEA, EDI\u0162IA 2016","previousItem":{"@type":"ListItem","@id":"https:\/\/www.teatrulreginamaria.ro\/hu\/categorie\/noutati\/noutati-trupa-iosif-vulcan\/#listItem","name":"Nout\u0103\u021bi - Trupa Iosif Vulcan"}}]},{"@type":"Organization","@id":"https:\/\/www.teatrulreginamaria.ro\/hu\/#organization","name":"Teatrul Regina Maria Oradea","description":"Trupa Iosif Vulcan \u0219i Trupa Arcadia","url":"https:\/\/www.teatrulreginamaria.ro\/hu\/","email":"marketing@teatrulreginamaria.ro","telephone":"+40359411534","numberOfEmployees":{"@type":"QuantitativeValue","minValue":0,"maxValue":150},"logo":{"@type":"ImageObject","url":"https:\/\/www.teatrulreginamaria.ro\/wp-content\/uploads\/2025\/06\/logo-trm-01-dark.png","@id":"https:\/\/www.teatrulreginamaria.ro\/hu\/ziua-a-v-a-a-festivalului-international-de-teatru-oradea-editia-2016\/#organizationLogo","width":300,"height":148},"image":{"@id":"https:\/\/www.teatrulreginamaria.ro\/hu\/ziua-a-v-a-a-festivalului-international-de-teatru-oradea-editia-2016\/#organizationLogo"},"sameAs":["https:\/\/www.facebook.com\/TRMTrupaIosifVulcan\/","https:\/\/x.com\/TRMOradea","https:\/\/www.instagram.com\/teatrul_regina_maria\/","https:\/\/www.youtube.com\/c\/TeatrulReginaMariaOradea","https:\/\/www.linkedin.com\/company\/teatrul-regina-maria"]},{"@type":"Person","@id":"https:\/\/www.teatrulreginamaria.ro\/hu\/author\/w3bmaster\/#author","url":"https:\/\/www.teatrulreginamaria.ro\/hu\/author\/w3bmaster\/","name":"Teatrul Regina Maria","image":{"@type":"ImageObject","@id":"https:\/\/www.teatrulreginamaria.ro\/hu\/ziua-a-v-a-a-festivalului-international-de-teatru-oradea-editia-2016\/#authorImage","url":"https:\/\/secure.gravatar.com\/avatar\/5884139d508ae3f0bafe45e60563b48a9640146d3b08ccc6278c305ff9329305?s=96&d=mm&r=g","width":96,"height":96,"caption":"Teatrul Regina Maria"}},{"@type":"WebPage","@id":"https:\/\/www.teatrulreginamaria.ro\/hu\/ziua-a-v-a-a-festivalului-international-de-teatru-oradea-editia-2016\/#webpage","url":"https:\/\/www.teatrulreginamaria.ro\/hu\/ziua-a-v-a-a-festivalului-international-de-teatru-oradea-editia-2016\/","name":"ZIUA A V-A A FESTIVALULUI INTERNA\u0162IONAL DE TEATRU ORADEA, EDI\u0162IA 2016 - Teatrul Regina Maria Oradea","description":"Festivalul Interna\u0163ional de Teatru Oradea a ajuns \u00een cea de-a cincea zi \u00een care a transformat ora\u015ful \u00eentr-o mare scen\u0103 de teatru, unde actorii, regizorii, criticii teatrali \u015fi spectatorii deopotriv\u0103, au tr\u0103it emo\u0163ia unei \u00eent\u00e2lniri culturale extraordinare. Patru zile de evenimente memorabile, care continu\u0103 \u015fi ast\u0103zi, 29 septembrie, cu o ofert\u0103 teatral\u0103 incitant\u0103. Ziua \u00eencepe","inLanguage":"hu-HU","isPartOf":{"@id":"https:\/\/www.teatrulreginamaria.ro\/hu\/#website"},"breadcrumb":{"@id":"https:\/\/www.teatrulreginamaria.ro\/hu\/ziua-a-v-a-a-festivalului-international-de-teatru-oradea-editia-2016\/#breadcrumblist"},"author":{"@id":"https:\/\/www.teatrulreginamaria.ro\/hu\/author\/w3bmaster\/#author"},"creator":{"@id":"https:\/\/www.teatrulreginamaria.ro\/hu\/author\/w3bmaster\/#author"},"datePublished":"2016-09-29T12:44:54+03:00","dateModified":"2016-09-29T12:44:54+03:00"},{"@type":"WebSite","@id":"https:\/\/www.teatrulreginamaria.ro\/hu\/#website","url":"https:\/\/www.teatrulreginamaria.ro\/hu\/","name":"Teatrul Regina Maria Oradea","alternateName":"TRM Oradea","description":"Trupa Iosif Vulcan \u0219i Trupa Arcadia","inLanguage":"hu-HU","publisher":{"@id":"https:\/\/www.teatrulreginamaria.ro\/hu\/#organization"}}]},"og:locale":"hu_HU","og:site_name":"Teatrul Regina Maria Oradea - Trupa Iosif Vulcan \u0219i Trupa Arcadia","og:type":"article","og:title":"ZIUA A V-A A FESTIVALULUI INTERNA\u0162IONAL DE TEATRU ORADEA, EDI\u0162IA 2016 - Teatrul Regina Maria Oradea","og:description":"Festivalul Interna\u0163ional de Teatru Oradea a ajuns \u00een cea de-a cincea zi \u00een care a transformat ora\u015ful \u00eentr-o mare scen\u0103 de teatru, unde actorii, regizorii, criticii teatrali \u015fi spectatorii deopotriv\u0103, au tr\u0103it emo\u0163ia unei \u00eent\u00e2lniri culturale extraordinare. Patru zile de evenimente memorabile, care continu\u0103 \u015fi ast\u0103zi, 29 septembrie, cu o ofert\u0103 teatral\u0103 incitant\u0103. Ziua \u00eencepe","og:url":"https:\/\/www.teatrulreginamaria.ro\/hu\/ziua-a-v-a-a-festivalului-international-de-teatru-oradea-editia-2016\/","og:image":"https:\/\/www.teatrulreginamaria.ro\/wp-content\/uploads\/2025\/03\/trm-istoric-01.jpg","og:image:secure_url":"https:\/\/www.teatrulreginamaria.ro\/wp-content\/uploads\/2025\/03\/trm-istoric-01.jpg","og:image:width":1200,"og:image:height":800,"article:published_time":"2016-09-29T12:44:54+00:00","article:modified_time":"2016-09-29T12:44:54+00:00","article:publisher":"https:\/\/www.facebook.com\/TRMTrupaIosifVulcan\/","twitter:card":"summary_large_image","twitter:site":"@TRMOradea","twitter:title":"ZIUA A V-A A FESTIVALULUI INTERNA\u0162IONAL DE TEATRU ORADEA, EDI\u0162IA 2016 - Teatrul Regina Maria Oradea","twitter:description":"Festivalul Interna\u0163ional de Teatru Oradea a ajuns \u00een cea de-a cincea zi \u00een care a transformat ora\u015ful \u00eentr-o mare scen\u0103 de teatru, unde actorii, regizorii, criticii teatrali \u015fi spectatorii deopotriv\u0103, au tr\u0103it emo\u0163ia unei \u00eent\u00e2lniri culturale extraordinare. Patru zile de evenimente memorabile, care continu\u0103 \u015fi ast\u0103zi, 29 septembrie, cu o ofert\u0103 teatral\u0103 incitant\u0103. Ziua \u00eencepe","twitter:creator":"@TRMOradea","twitter:image":"https:\/\/www.teatrulreginamaria.ro\/wp-content\/uploads\/2025\/03\/trm-istoric-01.jpg"},"aioseo_meta_data":{"post_id":"1176","title":null,"description":null,"keywords":null,"keyphrases":null,"primary_term":null,"canonical_url":null,"og_title":null,"og_description":null,"og_object_type":"default","og_image_type":"default","og_image_url":null,"og_image_width":null,"og_image_height":null,"og_image_custom_url":null,"og_image_custom_fields":null,"og_video":null,"og_custom_url":null,"og_article_section":null,"og_article_tags":null,"twitter_use_og":false,"twitter_card":"default","twitter_image_type":"default","twitter_image_url":null,"twitter_image_custom_url":null,"twitter_image_custom_fields":null,"twitter_title":null,"twitter_description":null,"schema":{"blockGraphs":[],"customGraphs":[],"default":{"data":{"Article":[],"Course":[],"Dataset":[],"FAQPage":[],"Movie":[],"Person":[],"Product":[],"ProductReview":[],"Car":[],"Recipe":[],"Service":[],"SoftwareApplication":[],"WebPage":[]},"graphName":"","isEnabled":true},"graphs":[]},"schema_type":"default","schema_type_options":null,"pillar_content":false,"robots_default":true,"robots_noindex":false,"robots_noarchive":false,"robots_nosnippet":false,"robots_nofollow":false,"robots_noimageindex":false,"robots_noodp":false,"robots_notranslate":false,"robots_max_snippet":null,"robots_max_videopreview":null,"robots_max_imagepreview":"large","priority":null,"frequency":null,"local_seo":null,"seo_analyzer_scan_date":"2026-05-13 01:20:48","breadcrumb_settings":null,"limit_modified_date":false,"reviewed_by":null,"open_ai":null,"ai":null,"created":"2025-04-09 17:42:39","updated":"2026-05-13 01:20:48","focus_keyword":null,"additional_keywords":null,"truseo_locale":null},"aioseo_breadcrumb":"<div class=\"aioseo-breadcrumbs\"><span class=\"aioseo-breadcrumb\">\n\t<a href=\"https:\/\/www.teatrulreginamaria.ro\/hu\" title=\"Home\">Home<\/a>\n<\/span><span class=\"aioseo-breadcrumb-separator\">&raquo;<\/span><span class=\"aioseo-breadcrumb\">\n\t<a href=\"https:\/\/www.teatrulreginamaria.ro\/hu\/categorie\/noutati\/\" title=\"Nout\u0103\u021bi\">Nout\u0103\u021bi<\/a>\n<\/span><span class=\"aioseo-breadcrumb-separator\">&raquo;<\/span><span class=\"aioseo-breadcrumb\">\n\t<a href=\"https:\/\/www.teatrulreginamaria.ro\/hu\/categorie\/noutati\/noutati-trupa-iosif-vulcan\/\" title=\"Nout\u0103\u021bi - Trupa Iosif Vulcan\">Nout\u0103\u021bi - Trupa Iosif Vulcan<\/a>\n<\/span><span class=\"aioseo-breadcrumb-separator\">&raquo;<\/span><span class=\"aioseo-breadcrumb\">\n\tZIUA A V-A A FESTIVALULUI INTERNA\u0162IONAL DE TEATRU ORADEA, EDI\u0162IA 2016\n<\/span><\/div>","aioseo_breadcrumb_json":[{"label":"Home","link":"https:\/\/www.teatrulreginamaria.ro\/hu"},{"label":"Nout\u0103\u021bi","link":"https:\/\/www.teatrulreginamaria.ro\/hu\/categorie\/noutati\/"},{"label":"Nout\u0103\u021bi - Trupa Iosif Vulcan","link":"https:\/\/www.teatrulreginamaria.ro\/hu\/categorie\/noutati\/noutati-trupa-iosif-vulcan\/"},{"label":"ZIUA A V-A A FESTIVALULUI INTERNA\u0162IONAL DE TEATRU ORADEA, EDI\u0162IA 2016","link":"https:\/\/www.teatrulreginamaria.ro\/hu\/ziua-a-v-a-a-festivalului-international-de-teatru-oradea-editia-2016\/"}],"acf":[],"_links":{"self":[{"href":"https:\/\/www.teatrulreginamaria.ro\/hu\/wp-json\/wp\/v2\/posts\/1176","targetHints":{"allow":["GET"]}}],"collection":[{"href":"https:\/\/www.teatrulreginamaria.ro\/hu\/wp-json\/wp\/v2\/posts"}],"about":[{"href":"https:\/\/www.teatrulreginamaria.ro\/hu\/wp-json\/wp\/v2\/types\/post"}],"author":[{"embeddable":true,"href":"https:\/\/www.teatrulreginamaria.ro\/hu\/wp-json\/wp\/v2\/users\/6"}],"replies":[{"embeddable":true,"href":"https:\/\/www.teatrulreginamaria.ro\/hu\/wp-json\/wp\/v2\/comments?post=1176"}],"version-history":[{"count":0,"href":"https:\/\/www.teatrulreginamaria.ro\/hu\/wp-json\/wp\/v2\/posts\/1176\/revisions"}],"wp:attachment":[{"href":"https:\/\/www.teatrulreginamaria.ro\/hu\/wp-json\/wp\/v2\/media?parent=1176"}],"wp:term":[{"taxonomy":"category","embeddable":true,"href":"https:\/\/www.teatrulreginamaria.ro\/hu\/wp-json\/wp\/v2\/categories?post=1176"},{"taxonomy":"post_tag","embeddable":true,"href":"https:\/\/www.teatrulreginamaria.ro\/hu\/wp-json\/wp\/v2\/tags?post=1176"}],"curies":[{"name":"munkaf\u00fczet","href":"https:\/\/api.w.org\/{rel}","templated":true}]}}