{"id":1194,"date":"2016-11-29T10:00:51","date_gmt":"2016-11-29T10:00:51","guid":{"rendered":"https:\/\/teatrulreginamaria.ro\/2016\/11\/29\/teatrul-regina-maria-la-festivalurile-de-la-arad-si-cluj-napoca\/"},"modified":"2016-11-29T10:00:51","modified_gmt":"2016-11-29T10:00:51","slug":"maria-kiralyno-szinhaz-az-aradi-es-a-kolozsvari-fesztivalon","status":"publish","type":"post","link":"https:\/\/www.teatrulreginamaria.ro\/hu\/teatrul-regina-maria-la-festivalurile-de-la-arad-si-cluj-napoca\/","title":{"rendered":"M\u00c1RIA KIR\u00c1LYN\u00c9 SZ\u00cdNH\u00c1Z AZ ARADI \u00c9S KOLOZSV\u00c1RI FESZTIV\u00c1LON"},"content":{"rendered":"<p style=\"text-align: justify\">Egy el\u0151ad\u00e1s siker\u00e9t a k\u00f6z\u00f6ns\u00e9g hosszan tart\u00f3 tapsvihara \u00e9s a kritikusok elismer\u00e9se is igazolja. A Regina Maria Sz\u00ednh\u00e1z m\u00e1r r\u00e9gen t\u00fall\u00e9pte saj\u00e1t hat\u00e1rait, \u00e9s mindenhol, ahol meg\u00e1llt, ilyen nagyszer\u0171 \u00e9lm\u00e9nyekben volt r\u00e9sze. Gala\u0219r\u00f3l gy\u0151ztesen \u00e9s d\u00edjazva t\u00e9rt\u00fcnk vissza, de az aradi k\u00f6z\u00f6ns\u00e9g is ugyanolyan szeretettel fogadott minket, mint minden \u00e9vben.<\/p>\n<p style=\"text-align: justify\">\u201eMr. Jurdan\u201d mindenki sz\u00edv\u00e9t megh\u00f3d\u00edtotta, aki \u00e1tl\u00e9pte pazar h\u00e1z\u00e1nak k\u00fcsz\u00f6b\u00e9t, \u00e9s rengeteg nevet\u00e9ssel \u00e9s jutalommal jutalmazt\u00e1k. <em>meg\u00e9rdemelt taps a v\u00e9g\u00e9n <\/em>(Marius Oliviu, \u201eRom\u00e1n Sz\u00ednh\u00e1z\u201d). Empatikus szelleme energi\u00e1val telt, \u00e9s szenz\u00e1ci\u00f3t keltett november 18-\u00e1n, p\u00e9nteken az Aradi Nemzetk\u00f6zi Klasszikus Sz\u00ednh\u00e1zi Fesztiv\u00e1l 22. kiad\u00e1s\u00e1n.<\/p>\n<p style=\"text-align: justify\">\u201eA \u201dMr. Jourdain\u201d Jean Baptiste Poquelin Moli\u00e8re \u201dA polg\u00e1ri \u00far\u201d \u00e9s Mihail Bulgakov \u201dAz el\u00e1tkozott Jourdain\u201d c\u00edm\u0171 v\u00edgj\u00e1t\u00e9kainak dr\u00e1mai \u00e1tdolgoz\u00e1sa, Victor Ioan Frunz\u0103 rendez\u00e9s\u00e9ben. <em>siker\u00fclt<\/em><em>\u00c9S<\/em><em>hogy l\u00e9trehozzon egy m\u0171k\u00f6d\u0151 v\u00e1ltozatot<\/em><em>\u00de<\/em><em>kiv\u00e1l\u00f3an berendezett, ahol giccses <\/em><em>\u00c9S<\/em><em>\u00e9s a tudatlans\u00e1g<\/em><em>\u00de<\/em><em>Otthon vagyok, ahol semmi sem t\u00fal sok, t\u00fal hivalkod\u00f3 vagy t\u00fal bombasztikus. Egy darab, ami boldog befejez\u00e9shez vezetett.<\/em><em>\u00c9S<\/em><em>ez az, ami <\/em><em>\u00c9S<\/em><em>azt javasolta: mutasd meg pontosan, mennyire k\u00ednos-<\/em><em>\u00de<\/em><em>Olyasmit v\u00e1llalsz, ami nem hat\u00e1roz meg t\u00e9ged.<\/em><em>\u00c9S<\/em><em>te. <\/em>(Raluca Medeleanu<em>, \u201e<\/em>A csill\u00e1mos giccs kir\u00e1lya \u2013 rengeteg-sok csill\u00e1mmal.<\/p>\n<p style=\"text-align: justify\">Aradr\u00f3l egy m\u00e1sik hagyom\u00e1nyos fesztiv\u00e1lra, a Kolozsv\u00e1ri \u00c1llami Magyar Sz\u00ednh\u00e1z \u00e1ltal szervezett \u201eInterferenci\u00e1k\u201d Nemzetk\u00f6zi Sz\u00ednh\u00e1zi Fesztiv\u00e1lra utaztunk az \u201e\u00c9jszaka sz\u00edv\u00e9ben \u2013 Lear epiz\u00f3d\u201d c\u00edm\u0171 el\u0151ad\u00e1ssal. Egy posztindusztri\u00e1lis, apokaliptikus t\u00e9rben \u2013 nevezetesen a Hala Remarulban \u2013 bemutatott el\u0151ad\u00e1s \u00faj \u00e9rt\u00e9keket, \u00faj \u00e9rtelmez\u00e9si perspekt\u00edv\u00e1kat t\u00e1rt fel, amelyek egyszerre meglepet\u00e9st \u00e9s kih\u00edv\u00e1st jelentettek. Jelent\u0151s\u00e9ggel teli, egy k\u00e9pzeletbeli \u00e9s ritu\u00e1lis univerzumot k\u00edn\u00e1l\u00f3 \u201eLear epiz\u00f3d\u201d annyira leny\u0171g\u00f6zte a k\u00f6z\u00f6ns\u00e9get, hogy a saj\u00e1t k\u00e9nyelm\u00e9n t\u00falra is elment, hogy kedv\u00e9re \u00e9lvezze az apr\u00f3 r\u00e9szleteket. K\u00e9t el\u0151ad\u00e1sra ker\u00fclt sor november 26-\u00e1n, 16:00 \u00e9s 22:00 \u00f3rakor, mindkett\u0151 nagy k\u00f6z\u00f6ns\u00e9g el\u0151tt, k\u00f6zt\u00fck k\u00fclf\u00f6ldi vend\u00e9gekkel is.<\/p>\n<p style=\"text-align: justify\">Megtiszteltet\u00e9s\u00fcnkre szolg\u00e1lt jelenl\u00e9t\u00e9vel George Banu neves sz\u00ednh\u00e1ztud\u00f3s \u00e9s Sorin Alexandrescu irodalomkritikus is, akik Gavriil Pinte rendez\u0151vel, Visky Andr\u00e1s dr\u00e1ma\u00edr\u00f3val \u00e9s Tompa G\u00e1bor rendez\u0151vel \u2013 a Magyar Sz\u00ednh\u00e1z igazgat\u00f3j\u00e1val \u2013 a fesztiv\u00e1l m\u00e1snapj\u00e1n a Casa Tiffben konferenci\u00e1t tartottak az el\u0151ad\u00e1sr\u00f3l.<\/p>\n<p style=\"text-align: justify\">Ennyi siker ut\u00e1n magabiztosan \u00e9s megtisztelve t\u00e9r\u00fcnk haza, alaposan felk\u00e9sz\u00fclve az el\u0151tt\u00fcnk \u00e1ll\u00f3 h\u00f3napra, egy h\u00f3napra, amely tele van csod\u00e1latos el\u0151ad\u00e1sokkal, melyeket egy k\u00fcl\u00f6nleges k\u00f6z\u00f6ns\u00e9gnek szentel\u00fcnk!<\/p>","protected":false},"excerpt":{"rendered":"<p>Succesul unui spectacol este confirmat de aplauzele \u00eendelungate ale publicului \u015fi de aprecierea criticilor. Teatrul Regina Maria a dep\u0103\u015fit de mult grani\u0163ele proprii \u015fi s-a bucurat de astfel de experien\u0163e magnifice peste tot pe unde a poposit. De la Gala\u0163i ne-am \u00eentors victorio\u015fi \u015fi premia\u0163i, dar \u015fi publicul ar\u0103dean ne-a primit la fel de iubitor [&hellip;]<\/p>\n","protected":false},"author":6,"featured_media":0,"comment_status":"open","ping_status":"open","sticky":false,"template":"","format":"standard","meta":{"_acf_changed":false,"footnotes":""},"categories":[22],"tags":[],"class_list":["post-1194","post","type-post","status-publish","format-standard","hentry","category-noutati-trupa-iosif-vulcan"],"aioseo_notices":[],"aioseo_head":"\n\t\t<!-- All in One SEO Pro 5.0.1.1 - aioseo.com -->\n\t<meta name=\"description\" content=\"Succesul unui spectacol este confirmat de aplauzele \u00eendelungate ale publicului \u015fi de aprecierea criticilor. Teatrul Regina Maria a dep\u0103\u015fit de mult grani\u0163ele proprii \u015fi s-a bucurat de astfel de experien\u0163e magnifice peste tot pe unde a poposit. De la Gala\u0163i ne-am \u00eentors victorio\u015fi \u015fi premia\u0163i, dar \u015fi publicul ar\u0103dean ne-a primit la fel de iubitor\" \/>\n\t<meta name=\"robots\" content=\"max-image-preview:large\" \/>\n\t<meta name=\"author\" content=\"Teatrul Regina Maria\"\/>\n\t<link rel=\"canonical\" href=\"https:\/\/www.teatrulreginamaria.ro\/hu\/teatrul-regina-maria-la-festivalurile-de-la-arad-si-cluj-napoca\/\" \/>\n\t<meta name=\"generator\" content=\"All in One SEO Pro (AIOSEO) 5.0.1.1\" \/>\n\t\t<meta property=\"og:locale\" content=\"hu_HU\" \/>\n\t\t<meta property=\"og:site_name\" content=\"Teatrul Regina Maria Oradea - Trupa Iosif Vulcan \u0219i Trupa Arcadia\" \/>\n\t\t<meta property=\"og:type\" content=\"article\" \/>\n\t\t<meta property=\"og:title\" content=\"TEATRUL REGINA MARIA LA FESTIVALURILE DE LA ARAD \u015eI CLUJ-NAPOCA - Teatrul Regina Maria Oradea\" \/>\n\t\t<meta property=\"og:description\" content=\"Succesul unui spectacol este confirmat de aplauzele \u00eendelungate ale publicului \u015fi de aprecierea criticilor. Teatrul Regina Maria a dep\u0103\u015fit de mult grani\u0163ele proprii \u015fi s-a bucurat de astfel de experien\u0163e magnifice peste tot pe unde a poposit. De la Gala\u0163i ne-am \u00eentors victorio\u015fi \u015fi premia\u0163i, dar \u015fi publicul ar\u0103dean ne-a primit la fel de iubitor\" \/>\n\t\t<meta property=\"og:url\" content=\"https:\/\/www.teatrulreginamaria.ro\/hu\/teatrul-regina-maria-la-festivalurile-de-la-arad-si-cluj-napoca\/\" \/>\n\t\t<meta property=\"og:image\" content=\"https:\/\/www.teatrulreginamaria.ro\/wp-content\/uploads\/2025\/03\/trm-istoric-01.jpg\" \/>\n\t\t<meta property=\"og:image:secure_url\" content=\"https:\/\/www.teatrulreginamaria.ro\/wp-content\/uploads\/2025\/03\/trm-istoric-01.jpg\" \/>\n\t\t<meta property=\"og:image:width\" content=\"1200\" \/>\n\t\t<meta property=\"og:image:height\" content=\"800\" \/>\n\t\t<meta property=\"article:published_time\" content=\"2016-11-29T10:00:51+00:00\" \/>\n\t\t<meta property=\"article:modified_time\" content=\"2016-11-29T10:00:51+00:00\" \/>\n\t\t<meta property=\"article:publisher\" content=\"https:\/\/www.facebook.com\/TRMTrupaIosifVulcan\/\" \/>\n\t\t<meta name=\"twitter:card\" content=\"summary_large_image\" \/>\n\t\t<meta name=\"twitter:site\" content=\"@TRMOradea\" \/>\n\t\t<meta name=\"twitter:title\" content=\"TEATRUL REGINA MARIA LA FESTIVALURILE DE LA ARAD \u015eI CLUJ-NAPOCA - Teatrul Regina Maria Oradea\" \/>\n\t\t<meta name=\"twitter:description\" content=\"Succesul unui spectacol este confirmat de aplauzele \u00eendelungate ale publicului \u015fi de aprecierea criticilor. Teatrul Regina Maria a dep\u0103\u015fit de mult grani\u0163ele proprii \u015fi s-a bucurat de astfel de experien\u0163e magnifice peste tot pe unde a poposit. De la Gala\u0163i ne-am \u00eentors victorio\u015fi \u015fi premia\u0163i, dar \u015fi publicul ar\u0103dean ne-a primit la fel de iubitor\" \/>\n\t\t<meta name=\"twitter:creator\" content=\"@TRMOradea\" \/>\n\t\t<meta name=\"twitter:image\" content=\"https:\/\/www.teatrulreginamaria.ro\/wp-content\/uploads\/2025\/03\/trm-istoric-01.jpg\" \/>\n\t\t<script type=\"application\/ld+json\" class=\"aioseo-schema\">\n\t\t\t{\"@context\":\"https:\\\/\\\/schema.org\",\"@graph\":[{\"@type\":\"BlogPosting\",\"@id\":\"https:\\\/\\\/www.teatrulreginamaria.ro\\\/hu\\\/teatrul-regina-maria-la-festivalurile-de-la-arad-si-cluj-napoca\\\/#blogposting\",\"name\":\"TEATRUL REGINA MARIA LA FESTIVALURILE DE LA ARAD \\u015eI CLUJ-NAPOCA - Teatrul Regina Maria Oradea\",\"headline\":\"TEATRUL REGINA MARIA LA FESTIVALURILE DE LA ARAD \\u015eI CLUJ-NAPOCA\",\"author\":{\"@id\":\"https:\\\/\\\/www.teatrulreginamaria.ro\\\/hu\\\/author\\\/w3bmaster\\\/#author\"},\"publisher\":{\"@id\":\"https:\\\/\\\/www.teatrulreginamaria.ro\\\/hu\\\/#organization\"},\"image\":{\"@type\":\"ImageObject\",\"url\":\"https:\\\/\\\/www.teatrulreginamaria.ro\\\/wp-content\\\/uploads\\\/2025\\\/06\\\/logo-trm-01-dark.png\",\"@id\":\"https:\\\/\\\/www.teatrulreginamaria.ro\\\/hu\\\/#articleImage\",\"width\":300,\"height\":148},\"datePublished\":\"2016-11-29T10:00:51+02:00\",\"dateModified\":\"2016-11-29T10:00:51+02:00\",\"inLanguage\":\"hu-HU\",\"mainEntityOfPage\":{\"@id\":\"https:\\\/\\\/www.teatrulreginamaria.ro\\\/hu\\\/teatrul-regina-maria-la-festivalurile-de-la-arad-si-cluj-napoca\\\/#webpage\"},\"isPartOf\":{\"@id\":\"https:\\\/\\\/www.teatrulreginamaria.ro\\\/hu\\\/teatrul-regina-maria-la-festivalurile-de-la-arad-si-cluj-napoca\\\/#webpage\"},\"articleSection\":\"Nout\\u0103\\u021bi - Trupa Iosif Vulcan\"},{\"@type\":\"BreadcrumbList\",\"@id\":\"https:\\\/\\\/www.teatrulreginamaria.ro\\\/hu\\\/teatrul-regina-maria-la-festivalurile-de-la-arad-si-cluj-napoca\\\/#breadcrumblist\",\"itemListElement\":[{\"@type\":\"ListItem\",\"@id\":\"https:\\\/\\\/www.teatrulreginamaria.ro\\\/hu#listItem\",\"position\":1,\"name\":\"Home\",\"item\":\"https:\\\/\\\/www.teatrulreginamaria.ro\\\/hu\",\"nextItem\":{\"@type\":\"ListItem\",\"@id\":\"https:\\\/\\\/www.teatrulreginamaria.ro\\\/hu\\\/categorie\\\/noutati\\\/#listItem\",\"name\":\"Nout\\u0103\\u021bi\"}},{\"@type\":\"ListItem\",\"@id\":\"https:\\\/\\\/www.teatrulreginamaria.ro\\\/hu\\\/categorie\\\/noutati\\\/#listItem\",\"position\":2,\"name\":\"Nout\\u0103\\u021bi\",\"item\":\"https:\\\/\\\/www.teatrulreginamaria.ro\\\/hu\\\/categorie\\\/noutati\\\/\",\"nextItem\":{\"@type\":\"ListItem\",\"@id\":\"https:\\\/\\\/www.teatrulreginamaria.ro\\\/hu\\\/categorie\\\/noutati\\\/noutati-trupa-iosif-vulcan\\\/#listItem\",\"name\":\"Nout\\u0103\\u021bi - Trupa Iosif Vulcan\"},\"previousItem\":{\"@type\":\"ListItem\",\"@id\":\"https:\\\/\\\/www.teatrulreginamaria.ro\\\/hu#listItem\",\"name\":\"Home\"}},{\"@type\":\"ListItem\",\"@id\":\"https:\\\/\\\/www.teatrulreginamaria.ro\\\/hu\\\/categorie\\\/noutati\\\/noutati-trupa-iosif-vulcan\\\/#listItem\",\"position\":3,\"name\":\"Nout\\u0103\\u021bi - Trupa Iosif Vulcan\",\"item\":\"https:\\\/\\\/www.teatrulreginamaria.ro\\\/hu\\\/categorie\\\/noutati\\\/noutati-trupa-iosif-vulcan\\\/\",\"nextItem\":{\"@type\":\"ListItem\",\"@id\":\"https:\\\/\\\/www.teatrulreginamaria.ro\\\/hu\\\/teatrul-regina-maria-la-festivalurile-de-la-arad-si-cluj-napoca\\\/#listItem\",\"name\":\"TEATRUL REGINA MARIA LA FESTIVALURILE DE LA ARAD \\u015eI CLUJ-NAPOCA\"},\"previousItem\":{\"@type\":\"ListItem\",\"@id\":\"https:\\\/\\\/www.teatrulreginamaria.ro\\\/hu\\\/categorie\\\/noutati\\\/#listItem\",\"name\":\"Nout\\u0103\\u021bi\"}},{\"@type\":\"ListItem\",\"@id\":\"https:\\\/\\\/www.teatrulreginamaria.ro\\\/hu\\\/teatrul-regina-maria-la-festivalurile-de-la-arad-si-cluj-napoca\\\/#listItem\",\"position\":4,\"name\":\"TEATRUL REGINA MARIA LA FESTIVALURILE DE LA ARAD \\u015eI CLUJ-NAPOCA\",\"previousItem\":{\"@type\":\"ListItem\",\"@id\":\"https:\\\/\\\/www.teatrulreginamaria.ro\\\/hu\\\/categorie\\\/noutati\\\/noutati-trupa-iosif-vulcan\\\/#listItem\",\"name\":\"Nout\\u0103\\u021bi - Trupa Iosif Vulcan\"}}]},{\"@type\":\"Organization\",\"@id\":\"https:\\\/\\\/www.teatrulreginamaria.ro\\\/hu\\\/#organization\",\"name\":\"Teatrul Regina Maria Oradea\",\"description\":\"Trupa Iosif Vulcan \\u0219i Trupa Arcadia\",\"url\":\"https:\\\/\\\/www.teatrulreginamaria.ro\\\/hu\\\/\",\"email\":\"marketing@teatrulreginamaria.ro\",\"telephone\":\"+40359411534\",\"numberOfEmployees\":{\"@type\":\"QuantitativeValue\",\"minValue\":0,\"maxValue\":150},\"logo\":{\"@type\":\"ImageObject\",\"url\":\"https:\\\/\\\/www.teatrulreginamaria.ro\\\/wp-content\\\/uploads\\\/2025\\\/06\\\/logo-trm-01-dark.png\",\"@id\":\"https:\\\/\\\/www.teatrulreginamaria.ro\\\/hu\\\/teatrul-regina-maria-la-festivalurile-de-la-arad-si-cluj-napoca\\\/#organizationLogo\",\"width\":300,\"height\":148},\"image\":{\"@id\":\"https:\\\/\\\/www.teatrulreginamaria.ro\\\/hu\\\/teatrul-regina-maria-la-festivalurile-de-la-arad-si-cluj-napoca\\\/#organizationLogo\"},\"sameAs\":[\"https:\\\/\\\/www.facebook.com\\\/TRMTrupaIosifVulcan\\\/\",\"https:\\\/\\\/x.com\\\/TRMOradea\",\"https:\\\/\\\/www.instagram.com\\\/teatrul_regina_maria\\\/\",\"https:\\\/\\\/www.youtube.com\\\/c\\\/TeatrulReginaMariaOradea\",\"https:\\\/\\\/www.linkedin.com\\\/company\\\/teatrul-regina-maria\"]},{\"@type\":\"Person\",\"@id\":\"https:\\\/\\\/www.teatrulreginamaria.ro\\\/hu\\\/author\\\/w3bmaster\\\/#author\",\"url\":\"https:\\\/\\\/www.teatrulreginamaria.ro\\\/hu\\\/author\\\/w3bmaster\\\/\",\"name\":\"Teatrul Regina Maria\",\"image\":{\"@type\":\"ImageObject\",\"@id\":\"https:\\\/\\\/www.teatrulreginamaria.ro\\\/hu\\\/teatrul-regina-maria-la-festivalurile-de-la-arad-si-cluj-napoca\\\/#authorImage\",\"url\":\"https:\\\/\\\/secure.gravatar.com\\\/avatar\\\/5884139d508ae3f0bafe45e60563b48a9640146d3b08ccc6278c305ff9329305?s=96&d=mm&r=g\",\"width\":96,\"height\":96,\"caption\":\"Teatrul Regina Maria\"}},{\"@type\":\"WebPage\",\"@id\":\"https:\\\/\\\/www.teatrulreginamaria.ro\\\/hu\\\/teatrul-regina-maria-la-festivalurile-de-la-arad-si-cluj-napoca\\\/#webpage\",\"url\":\"https:\\\/\\\/www.teatrulreginamaria.ro\\\/hu\\\/teatrul-regina-maria-la-festivalurile-de-la-arad-si-cluj-napoca\\\/\",\"name\":\"TEATRUL REGINA MARIA LA FESTIVALURILE DE LA ARAD \\u015eI CLUJ-NAPOCA - Teatrul Regina Maria Oradea\",\"description\":\"Succesul unui spectacol este confirmat de aplauzele \\u00eendelungate ale publicului \\u015fi de aprecierea criticilor. Teatrul Regina Maria a dep\\u0103\\u015fit de mult grani\\u0163ele proprii \\u015fi s-a bucurat de astfel de experien\\u0163e magnifice peste tot pe unde a poposit. De la Gala\\u0163i ne-am \\u00eentors victorio\\u015fi \\u015fi premia\\u0163i, dar \\u015fi publicul ar\\u0103dean ne-a primit la fel de iubitor\",\"inLanguage\":\"hu-HU\",\"isPartOf\":{\"@id\":\"https:\\\/\\\/www.teatrulreginamaria.ro\\\/hu\\\/#website\"},\"breadcrumb\":{\"@id\":\"https:\\\/\\\/www.teatrulreginamaria.ro\\\/hu\\\/teatrul-regina-maria-la-festivalurile-de-la-arad-si-cluj-napoca\\\/#breadcrumblist\"},\"author\":{\"@id\":\"https:\\\/\\\/www.teatrulreginamaria.ro\\\/hu\\\/author\\\/w3bmaster\\\/#author\"},\"creator\":{\"@id\":\"https:\\\/\\\/www.teatrulreginamaria.ro\\\/hu\\\/author\\\/w3bmaster\\\/#author\"},\"datePublished\":\"2016-11-29T10:00:51+02:00\",\"dateModified\":\"2016-11-29T10:00:51+02:00\"},{\"@type\":\"WebSite\",\"@id\":\"https:\\\/\\\/www.teatrulreginamaria.ro\\\/hu\\\/#website\",\"url\":\"https:\\\/\\\/www.teatrulreginamaria.ro\\\/hu\\\/\",\"name\":\"Teatrul Regina Maria Oradea\",\"alternateName\":\"TRM Oradea\",\"description\":\"Trupa Iosif Vulcan \\u0219i Trupa Arcadia\",\"inLanguage\":\"hu-HU\",\"publisher\":{\"@id\":\"https:\\\/\\\/www.teatrulreginamaria.ro\\\/hu\\\/#organization\"}}]}\n\t\t<\/script>\n\t\t<!-- All in One SEO Pro -->\r\n\t\t<title>TEATRUL REGINA MARIA LA FESTIVALURILE DE LA ARAD \u015eI CLUJ-NAPOCA - Teatrul Regina Maria Oradea<\/title>\n\n","aioseo_head_json":{"title":"M\u00c1RIA KIR\u00c1LYN\u00c9 SZ\u00cdNH\u00c1Z AZ ARADI \u00c9S KOLOZSV\u00c1RI FESZTIV\u00c1LON - Regina Maria Sz\u00ednh\u00e1z Nagyv\u00e1radi","description":"Egy el\u0151ad\u00e1s siker\u00e9t a k\u00f6z\u00f6ns\u00e9g hosszan tart\u00f3 tapsvihara \u00e9s a kritikusok elismer\u00e9se is bizony\u00edtja. A Regina Maria Sz\u00ednh\u00e1z m\u00e1r r\u00e9gen t\u00fall\u00e9pte saj\u00e1t hat\u00e1rait, \u00e9s mindenhol, ahol meg\u00e1llt, ilyen nagyszer\u0171 \u00e9lm\u00e9nyekben volt r\u00e9sze. Gy\u0151ztesen \u00e9s d\u00edjazva t\u00e9rt\u00fcnk vissza Gala\u0219ib\u00f3l, de az aradi k\u00f6z\u00f6ns\u00e9g is ugyanilyen szeretettel fogadott minket.","canonical_url":"https:\/\/www.teatrulreginamaria.ro\/hu\/teatrul-regina-maria-la-festivalurile-de-la-arad-si-cluj-napoca\/","robots":"max-image-preview:large","keywords":"","webmasterTools":{"miscellaneous":""},"schema":{"@context":"https:\/\/schema.org","@graph":[{"@type":"BlogPosting","@id":"https:\/\/www.teatrulreginamaria.ro\/hu\/teatrul-regina-maria-la-festivalurile-de-la-arad-si-cluj-napoca\/#blogposting","name":"TEATRUL REGINA MARIA LA FESTIVALURILE DE LA ARAD \u015eI CLUJ-NAPOCA - Teatrul Regina Maria Oradea","headline":"TEATRUL REGINA MARIA LA FESTIVALURILE DE LA ARAD \u015eI CLUJ-NAPOCA","author":{"@id":"https:\/\/www.teatrulreginamaria.ro\/hu\/author\/w3bmaster\/#author"},"publisher":{"@id":"https:\/\/www.teatrulreginamaria.ro\/hu\/#organization"},"image":{"@type":"ImageObject","url":"https:\/\/www.teatrulreginamaria.ro\/wp-content\/uploads\/2025\/06\/logo-trm-01-dark.png","@id":"https:\/\/www.teatrulreginamaria.ro\/hu\/#articleImage","width":300,"height":148},"datePublished":"2016-11-29T10:00:51+02:00","dateModified":"2016-11-29T10:00:51+02:00","inLanguage":"hu-HU","mainEntityOfPage":{"@id":"https:\/\/www.teatrulreginamaria.ro\/hu\/teatrul-regina-maria-la-festivalurile-de-la-arad-si-cluj-napoca\/#webpage"},"isPartOf":{"@id":"https:\/\/www.teatrulreginamaria.ro\/hu\/teatrul-regina-maria-la-festivalurile-de-la-arad-si-cluj-napoca\/#webpage"},"articleSection":"Nout\u0103\u021bi - Trupa Iosif Vulcan"},{"@type":"BreadcrumbList","@id":"https:\/\/www.teatrulreginamaria.ro\/hu\/teatrul-regina-maria-la-festivalurile-de-la-arad-si-cluj-napoca\/#breadcrumblist","itemListElement":[{"@type":"ListItem","@id":"https:\/\/www.teatrulreginamaria.ro\/hu#listItem","position":1,"name":"Home","item":"https:\/\/www.teatrulreginamaria.ro\/hu","nextItem":{"@type":"ListItem","@id":"https:\/\/www.teatrulreginamaria.ro\/hu\/categorie\/noutati\/#listItem","name":"Nout\u0103\u021bi"}},{"@type":"ListItem","@id":"https:\/\/www.teatrulreginamaria.ro\/hu\/categorie\/noutati\/#listItem","position":2,"name":"Nout\u0103\u021bi","item":"https:\/\/www.teatrulreginamaria.ro\/hu\/categorie\/noutati\/","nextItem":{"@type":"ListItem","@id":"https:\/\/www.teatrulreginamaria.ro\/hu\/categorie\/noutati\/noutati-trupa-iosif-vulcan\/#listItem","name":"Nout\u0103\u021bi - Trupa Iosif Vulcan"},"previousItem":{"@type":"ListItem","@id":"https:\/\/www.teatrulreginamaria.ro\/hu#listItem","name":"Home"}},{"@type":"ListItem","@id":"https:\/\/www.teatrulreginamaria.ro\/hu\/categorie\/noutati\/noutati-trupa-iosif-vulcan\/#listItem","position":3,"name":"Nout\u0103\u021bi - Trupa Iosif Vulcan","item":"https:\/\/www.teatrulreginamaria.ro\/hu\/categorie\/noutati\/noutati-trupa-iosif-vulcan\/","nextItem":{"@type":"ListItem","@id":"https:\/\/www.teatrulreginamaria.ro\/hu\/teatrul-regina-maria-la-festivalurile-de-la-arad-si-cluj-napoca\/#listItem","name":"TEATRUL REGINA MARIA LA FESTIVALURILE DE LA ARAD \u015eI CLUJ-NAPOCA"},"previousItem":{"@type":"ListItem","@id":"https:\/\/www.teatrulreginamaria.ro\/hu\/categorie\/noutati\/#listItem","name":"Nout\u0103\u021bi"}},{"@type":"ListItem","@id":"https:\/\/www.teatrulreginamaria.ro\/hu\/teatrul-regina-maria-la-festivalurile-de-la-arad-si-cluj-napoca\/#listItem","position":4,"name":"TEATRUL REGINA MARIA LA FESTIVALURILE DE LA ARAD \u015eI CLUJ-NAPOCA","previousItem":{"@type":"ListItem","@id":"https:\/\/www.teatrulreginamaria.ro\/hu\/categorie\/noutati\/noutati-trupa-iosif-vulcan\/#listItem","name":"Nout\u0103\u021bi - Trupa Iosif Vulcan"}}]},{"@type":"Organization","@id":"https:\/\/www.teatrulreginamaria.ro\/hu\/#organization","name":"Teatrul Regina Maria Oradea","description":"Trupa Iosif Vulcan \u0219i Trupa Arcadia","url":"https:\/\/www.teatrulreginamaria.ro\/hu\/","email":"marketing@teatrulreginamaria.ro","telephone":"+40359411534","numberOfEmployees":{"@type":"QuantitativeValue","minValue":0,"maxValue":150},"logo":{"@type":"ImageObject","url":"https:\/\/www.teatrulreginamaria.ro\/wp-content\/uploads\/2025\/06\/logo-trm-01-dark.png","@id":"https:\/\/www.teatrulreginamaria.ro\/hu\/teatrul-regina-maria-la-festivalurile-de-la-arad-si-cluj-napoca\/#organizationLogo","width":300,"height":148},"image":{"@id":"https:\/\/www.teatrulreginamaria.ro\/hu\/teatrul-regina-maria-la-festivalurile-de-la-arad-si-cluj-napoca\/#organizationLogo"},"sameAs":["https:\/\/www.facebook.com\/TRMTrupaIosifVulcan\/","https:\/\/x.com\/TRMOradea","https:\/\/www.instagram.com\/teatrul_regina_maria\/","https:\/\/www.youtube.com\/c\/TeatrulReginaMariaOradea","https:\/\/www.linkedin.com\/company\/teatrul-regina-maria"]},{"@type":"Person","@id":"https:\/\/www.teatrulreginamaria.ro\/hu\/author\/w3bmaster\/#author","url":"https:\/\/www.teatrulreginamaria.ro\/hu\/author\/w3bmaster\/","name":"Teatrul Regina Maria","image":{"@type":"ImageObject","@id":"https:\/\/www.teatrulreginamaria.ro\/hu\/teatrul-regina-maria-la-festivalurile-de-la-arad-si-cluj-napoca\/#authorImage","url":"https:\/\/secure.gravatar.com\/avatar\/5884139d508ae3f0bafe45e60563b48a9640146d3b08ccc6278c305ff9329305?s=96&d=mm&r=g","width":96,"height":96,"caption":"Teatrul Regina Maria"}},{"@type":"WebPage","@id":"https:\/\/www.teatrulreginamaria.ro\/hu\/teatrul-regina-maria-la-festivalurile-de-la-arad-si-cluj-napoca\/#webpage","url":"https:\/\/www.teatrulreginamaria.ro\/hu\/teatrul-regina-maria-la-festivalurile-de-la-arad-si-cluj-napoca\/","name":"TEATRUL REGINA MARIA LA FESTIVALURILE DE LA ARAD \u015eI CLUJ-NAPOCA - Teatrul Regina Maria Oradea","description":"Succesul unui spectacol este confirmat de aplauzele \u00eendelungate ale publicului \u015fi de aprecierea criticilor. Teatrul Regina Maria a dep\u0103\u015fit de mult grani\u0163ele proprii \u015fi s-a bucurat de astfel de experien\u0163e magnifice peste tot pe unde a poposit. De la Gala\u0163i ne-am \u00eentors victorio\u015fi \u015fi premia\u0163i, dar \u015fi publicul ar\u0103dean ne-a primit la fel de iubitor","inLanguage":"hu-HU","isPartOf":{"@id":"https:\/\/www.teatrulreginamaria.ro\/hu\/#website"},"breadcrumb":{"@id":"https:\/\/www.teatrulreginamaria.ro\/hu\/teatrul-regina-maria-la-festivalurile-de-la-arad-si-cluj-napoca\/#breadcrumblist"},"author":{"@id":"https:\/\/www.teatrulreginamaria.ro\/hu\/author\/w3bmaster\/#author"},"creator":{"@id":"https:\/\/www.teatrulreginamaria.ro\/hu\/author\/w3bmaster\/#author"},"datePublished":"2016-11-29T10:00:51+02:00","dateModified":"2016-11-29T10:00:51+02:00"},{"@type":"WebSite","@id":"https:\/\/www.teatrulreginamaria.ro\/hu\/#website","url":"https:\/\/www.teatrulreginamaria.ro\/hu\/","name":"Teatrul Regina Maria Oradea","alternateName":"TRM Oradea","description":"Trupa Iosif Vulcan \u0219i Trupa Arcadia","inLanguage":"hu-HU","publisher":{"@id":"https:\/\/www.teatrulreginamaria.ro\/hu\/#organization"}}]},"og:locale":"hu_HU","og:site_name":"Teatrul Regina Maria Oradea - Trupa Iosif Vulcan \u0219i Trupa Arcadia","og:type":"article","og:title":"TEATRUL REGINA MARIA LA FESTIVALURILE DE LA ARAD \u015eI CLUJ-NAPOCA - Teatrul Regina Maria Oradea","og:description":"Succesul unui spectacol este confirmat de aplauzele \u00eendelungate ale publicului \u015fi de aprecierea criticilor. Teatrul Regina Maria a dep\u0103\u015fit de mult grani\u0163ele proprii \u015fi s-a bucurat de astfel de experien\u0163e magnifice peste tot pe unde a poposit. De la Gala\u0163i ne-am \u00eentors victorio\u015fi \u015fi premia\u0163i, dar \u015fi publicul ar\u0103dean ne-a primit la fel de iubitor","og:url":"https:\/\/www.teatrulreginamaria.ro\/hu\/teatrul-regina-maria-la-festivalurile-de-la-arad-si-cluj-napoca\/","og:image":"https:\/\/www.teatrulreginamaria.ro\/wp-content\/uploads\/2025\/03\/trm-istoric-01.jpg","og:image:secure_url":"https:\/\/www.teatrulreginamaria.ro\/wp-content\/uploads\/2025\/03\/trm-istoric-01.jpg","og:image:width":1200,"og:image:height":800,"article:published_time":"2016-11-29T10:00:51+00:00","article:modified_time":"2016-11-29T10:00:51+00:00","article:publisher":"https:\/\/www.facebook.com\/TRMTrupaIosifVulcan\/","twitter:card":"summary_large_image","twitter:site":"@TRMOradea","twitter:title":"TEATRUL REGINA MARIA LA FESTIVALURILE DE LA ARAD \u015eI CLUJ-NAPOCA - Teatrul Regina Maria Oradea","twitter:description":"Succesul unui spectacol este confirmat de aplauzele \u00eendelungate ale publicului \u015fi de aprecierea criticilor. Teatrul Regina Maria a dep\u0103\u015fit de mult grani\u0163ele proprii \u015fi s-a bucurat de astfel de experien\u0163e magnifice peste tot pe unde a poposit. De la Gala\u0163i ne-am \u00eentors victorio\u015fi \u015fi premia\u0163i, dar \u015fi publicul ar\u0103dean ne-a primit la fel de iubitor","twitter:creator":"@TRMOradea","twitter:image":"https:\/\/www.teatrulreginamaria.ro\/wp-content\/uploads\/2025\/03\/trm-istoric-01.jpg"},"aioseo_meta_data":{"post_id":"1194","title":null,"description":null,"keywords":null,"keyphrases":null,"primary_term":null,"canonical_url":null,"og_title":null,"og_description":null,"og_object_type":"default","og_image_type":"default","og_image_url":null,"og_image_width":null,"og_image_height":null,"og_image_custom_url":null,"og_image_custom_fields":null,"og_video":null,"og_custom_url":null,"og_article_section":null,"og_article_tags":null,"twitter_use_og":false,"twitter_card":"default","twitter_image_type":"default","twitter_image_url":null,"twitter_image_custom_url":null,"twitter_image_custom_fields":null,"twitter_title":null,"twitter_description":null,"schema":{"blockGraphs":[],"customGraphs":[],"default":{"data":{"Article":[],"Course":[],"Dataset":[],"FAQPage":[],"Movie":[],"Person":[],"Product":[],"ProductReview":[],"Car":[],"Recipe":[],"Service":[],"SoftwareApplication":[],"WebPage":[]},"graphName":"","isEnabled":true},"graphs":[]},"schema_type":"default","schema_type_options":null,"pillar_content":false,"robots_default":true,"robots_noindex":false,"robots_noarchive":false,"robots_nosnippet":false,"robots_nofollow":false,"robots_noimageindex":false,"robots_noodp":false,"robots_notranslate":false,"robots_max_snippet":null,"robots_max_videopreview":null,"robots_max_imagepreview":"large","priority":null,"frequency":null,"local_seo":null,"seo_analyzer_scan_date":"2026-05-13 01:24:52","breadcrumb_settings":null,"limit_modified_date":false,"reviewed_by":null,"open_ai":null,"ai":null,"created":"2025-04-09 17:42:39","updated":"2026-05-13 01:24:52","focus_keyword":null,"additional_keywords":null,"truseo_locale":null},"aioseo_breadcrumb":"<div class=\"aioseo-breadcrumbs\"><span class=\"aioseo-breadcrumb\">\n\t<a href=\"https:\/\/www.teatrulreginamaria.ro\/hu\" title=\"Home\">Home<\/a>\n<\/span><span class=\"aioseo-breadcrumb-separator\">&raquo;<\/span><span class=\"aioseo-breadcrumb\">\n\t<a href=\"https:\/\/www.teatrulreginamaria.ro\/hu\/categorie\/noutati\/\" title=\"Nout\u0103\u021bi\">Nout\u0103\u021bi<\/a>\n<\/span><span class=\"aioseo-breadcrumb-separator\">&raquo;<\/span><span class=\"aioseo-breadcrumb\">\n\t<a href=\"https:\/\/www.teatrulreginamaria.ro\/hu\/categorie\/noutati\/noutati-trupa-iosif-vulcan\/\" title=\"Nout\u0103\u021bi - Trupa Iosif Vulcan\">Nout\u0103\u021bi - Trupa Iosif Vulcan<\/a>\n<\/span><span class=\"aioseo-breadcrumb-separator\">&raquo;<\/span><span class=\"aioseo-breadcrumb\">\n\tTEATRUL REGINA MARIA LA FESTIVALURILE DE LA ARAD \u015eI CLUJ-NAPOCA\n<\/span><\/div>","aioseo_breadcrumb_json":[{"label":"Home","link":"https:\/\/www.teatrulreginamaria.ro\/hu"},{"label":"Nout\u0103\u021bi","link":"https:\/\/www.teatrulreginamaria.ro\/hu\/categorie\/noutati\/"},{"label":"Nout\u0103\u021bi - Trupa Iosif Vulcan","link":"https:\/\/www.teatrulreginamaria.ro\/hu\/categorie\/noutati\/noutati-trupa-iosif-vulcan\/"},{"label":"TEATRUL REGINA MARIA LA FESTIVALURILE DE LA ARAD \u015eI CLUJ-NAPOCA","link":"https:\/\/www.teatrulreginamaria.ro\/hu\/teatrul-regina-maria-la-festivalurile-de-la-arad-si-cluj-napoca\/"}],"acf":[],"_links":{"self":[{"href":"https:\/\/www.teatrulreginamaria.ro\/hu\/wp-json\/wp\/v2\/posts\/1194","targetHints":{"allow":["GET"]}}],"collection":[{"href":"https:\/\/www.teatrulreginamaria.ro\/hu\/wp-json\/wp\/v2\/posts"}],"about":[{"href":"https:\/\/www.teatrulreginamaria.ro\/hu\/wp-json\/wp\/v2\/types\/post"}],"author":[{"embeddable":true,"href":"https:\/\/www.teatrulreginamaria.ro\/hu\/wp-json\/wp\/v2\/users\/6"}],"replies":[{"embeddable":true,"href":"https:\/\/www.teatrulreginamaria.ro\/hu\/wp-json\/wp\/v2\/comments?post=1194"}],"version-history":[{"count":0,"href":"https:\/\/www.teatrulreginamaria.ro\/hu\/wp-json\/wp\/v2\/posts\/1194\/revisions"}],"wp:attachment":[{"href":"https:\/\/www.teatrulreginamaria.ro\/hu\/wp-json\/wp\/v2\/media?parent=1194"}],"wp:term":[{"taxonomy":"category","embeddable":true,"href":"https:\/\/www.teatrulreginamaria.ro\/hu\/wp-json\/wp\/v2\/categories?post=1194"},{"taxonomy":"post_tag","embeddable":true,"href":"https:\/\/www.teatrulreginamaria.ro\/hu\/wp-json\/wp\/v2\/tags?post=1194"}],"curies":[{"name":"munkaf\u00fczet","href":"https:\/\/api.w.org\/{rel}","templated":true}]}}