{"id":1204,"date":"2017-07-02T12:16:10","date_gmt":"2017-07-02T12:16:10","guid":{"rendered":"https:\/\/teatrulreginamaria.ro\/2017\/07\/02\/suntem-in-vacanta\/"},"modified":"2017-07-02T12:16:10","modified_gmt":"2017-07-02T12:16:10","slug":"szabadsagon-vagyunk","status":"publish","type":"post","link":"https:\/\/www.teatrulreginamaria.ro\/hu\/suntem-in-vacanta\/","title":{"rendered":"Nyaralunk!"},"content":{"rendered":"<p style=\"text-align: justify;\">Kedves n\u00e9z\u0151k,<\/p>\n<p style=\"text-align: justify;\">\u00a0 \u00a0 \u00a0 \u00a0 Gazdag \u00e9vadon vagyunk t\u00fal, sz\u00e1mos premierrel \u00e9s rendk\u00edv\u00fcli el\u0151ad\u00e1ssal, amelyeket az el\u0151z\u0151 \u00e9vadokb\u00f3l folytattunk, de most itt az ideje egy kis pihen\u00e9snek \u00e9s egy r\u00f6vid vak\u00e1ci\u00f3nak. Hamarosan visszat\u00e9r\u00fcnk a szeptember 23. \u00e9s 30. k\u00f6z\u00f6tt megrendez\u00e9sre ker\u00fcl\u0151 NAGYV\u00c1RADI NEMZETK\u00d6ZI SZ\u00cdNH\u00c1ZI FESZTIV\u00c1L 6. kiad\u00e1s\u00e1nak el\u0151k\u00e9sz\u00fcleteivel \u00e9s egy sz\u00ednh\u00e1zi meglepet\u00e9sekkel teli \u00faj \u00e9vad kezdet\u00e9vel.<\/p>\n<p style=\"text-align: justify;\">Kellemes vak\u00e1ci\u00f3t, felejthetetlen nyarat \u00e9s tal\u00e1lkozunk \u0151sszel!<\/p>\n<p style=\"text-align: justify;\">Szeretettel,<\/p>\n<p style=\"text-align: justify;\">A Queen Maria Sz\u00ednh\u00e1z csapata<\/p>","protected":false},"excerpt":{"rendered":"<p>Dragi spectatori, \u00a0 \u00a0 \u00a0 \u00a0 Am avut o stagiune bogat\u0103, cu multe premiere \u0219i spectacole extraordinare care s-au reluat din stagiunile trecute, \u00eens\u0103 acum e timpul s\u0103 ne odihnim pu\u021bin \u0219i intr\u0103m \u00eentr-o scurt\u0103 vacan\u021b\u0103. Revenim cur\u00e2nd cu preg\u0103tirile pentru a VI-a edi\u021bie a FESTIVALULUI INTERNA\u021aIONAL DE TEATRU ORADEA, care se va desf\u0103\u0219ura \u00een [&hellip;]<\/p>\n","protected":false},"author":6,"featured_media":0,"comment_status":"open","ping_status":"open","sticky":false,"template":"","format":"standard","meta":{"_acf_changed":false,"footnotes":""},"categories":[22],"tags":[],"class_list":["post-1204","post","type-post","status-publish","format-standard","hentry","category-noutati-trupa-iosif-vulcan"],"aioseo_notices":[],"aioseo_head":"\n\t\t<!-- All in One SEO Pro 5.0.1.1 - aioseo.com -->\n\t<meta name=\"description\" content=\"Dragi spectatori, Am avut o stagiune bogat\u0103, cu multe premiere \u0219i spectacole extraordinare care s-au reluat din stagiunile trecute, \u00eens\u0103 acum e timpul s\u0103 ne odihnim pu\u021bin \u0219i intr\u0103m \u00eentr-o scurt\u0103 vacan\u021b\u0103. Revenim cur\u00e2nd cu preg\u0103tirile pentru a VI-a edi\u021bie a FESTIVALULUI INTERNA\u021aIONAL DE TEATRU ORADEA, care se va desf\u0103\u0219ura \u00een\" \/>\n\t<meta name=\"robots\" content=\"max-image-preview:large\" \/>\n\t<meta name=\"author\" content=\"Teatrul Regina Maria\"\/>\n\t<link rel=\"canonical\" href=\"https:\/\/www.teatrulreginamaria.ro\/hu\/suntem-in-vacanta\/\" \/>\n\t<meta name=\"generator\" content=\"All in One SEO Pro (AIOSEO) 5.0.1.1\" \/>\n\t\t<meta property=\"og:locale\" content=\"hu_HU\" \/>\n\t\t<meta property=\"og:site_name\" content=\"Teatrul Regina Maria Oradea - Trupa Iosif Vulcan \u0219i Trupa Arcadia\" \/>\n\t\t<meta property=\"og:type\" content=\"article\" \/>\n\t\t<meta property=\"og:title\" content=\"Suntem \u00een vacan\u0163\u0103! - Teatrul Regina Maria Oradea\" \/>\n\t\t<meta property=\"og:description\" content=\"Dragi spectatori, Am avut o stagiune bogat\u0103, cu multe premiere \u0219i spectacole extraordinare care s-au reluat din stagiunile trecute, \u00eens\u0103 acum e timpul s\u0103 ne odihnim pu\u021bin \u0219i intr\u0103m \u00eentr-o scurt\u0103 vacan\u021b\u0103. Revenim cur\u00e2nd cu preg\u0103tirile pentru a VI-a edi\u021bie a FESTIVALULUI INTERNA\u021aIONAL DE TEATRU ORADEA, care se va desf\u0103\u0219ura \u00een\" \/>\n\t\t<meta property=\"og:url\" content=\"https:\/\/www.teatrulreginamaria.ro\/hu\/suntem-in-vacanta\/\" \/>\n\t\t<meta property=\"og:image\" content=\"https:\/\/www.teatrulreginamaria.ro\/wp-content\/uploads\/2025\/03\/trm-istoric-01.jpg\" \/>\n\t\t<meta property=\"og:image:secure_url\" content=\"https:\/\/www.teatrulreginamaria.ro\/wp-content\/uploads\/2025\/03\/trm-istoric-01.jpg\" \/>\n\t\t<meta property=\"og:image:width\" content=\"1200\" \/>\n\t\t<meta property=\"og:image:height\" content=\"800\" \/>\n\t\t<meta property=\"article:published_time\" content=\"2017-07-02T12:16:10+00:00\" \/>\n\t\t<meta property=\"article:modified_time\" content=\"2017-07-02T12:16:10+00:00\" \/>\n\t\t<meta property=\"article:publisher\" content=\"https:\/\/www.facebook.com\/TRMTrupaIosifVulcan\/\" \/>\n\t\t<meta name=\"twitter:card\" content=\"summary_large_image\" \/>\n\t\t<meta name=\"twitter:site\" content=\"@TRMOradea\" \/>\n\t\t<meta name=\"twitter:title\" content=\"Suntem \u00een vacan\u0163\u0103! - Teatrul Regina Maria Oradea\" \/>\n\t\t<meta name=\"twitter:description\" content=\"Dragi spectatori, Am avut o stagiune bogat\u0103, cu multe premiere \u0219i spectacole extraordinare care s-au reluat din stagiunile trecute, \u00eens\u0103 acum e timpul s\u0103 ne odihnim pu\u021bin \u0219i intr\u0103m \u00eentr-o scurt\u0103 vacan\u021b\u0103. Revenim cur\u00e2nd cu preg\u0103tirile pentru a VI-a edi\u021bie a FESTIVALULUI INTERNA\u021aIONAL DE TEATRU ORADEA, care se va desf\u0103\u0219ura \u00een\" \/>\n\t\t<meta name=\"twitter:creator\" content=\"@TRMOradea\" \/>\n\t\t<meta name=\"twitter:image\" content=\"https:\/\/www.teatrulreginamaria.ro\/wp-content\/uploads\/2025\/03\/trm-istoric-01.jpg\" \/>\n\t\t<script type=\"application\/ld+json\" class=\"aioseo-schema\">\n\t\t\t{\"@context\":\"https:\\\/\\\/schema.org\",\"@graph\":[{\"@type\":\"BlogPosting\",\"@id\":\"https:\\\/\\\/www.teatrulreginamaria.ro\\\/hu\\\/suntem-in-vacanta\\\/#blogposting\",\"name\":\"Suntem \\u00een vacan\\u0163\\u0103! - Teatrul Regina Maria Oradea\",\"headline\":\"Suntem \\u00een vacan\\u0163\\u0103!\",\"author\":{\"@id\":\"https:\\\/\\\/www.teatrulreginamaria.ro\\\/hu\\\/author\\\/w3bmaster\\\/#author\"},\"publisher\":{\"@id\":\"https:\\\/\\\/www.teatrulreginamaria.ro\\\/hu\\\/#organization\"},\"image\":{\"@type\":\"ImageObject\",\"url\":\"https:\\\/\\\/www.teatrulreginamaria.ro\\\/wp-content\\\/uploads\\\/2025\\\/06\\\/logo-trm-01-dark.png\",\"@id\":\"https:\\\/\\\/www.teatrulreginamaria.ro\\\/hu\\\/#articleImage\",\"width\":300,\"height\":148},\"datePublished\":\"2017-07-02T12:16:10+03:00\",\"dateModified\":\"2017-07-02T12:16:10+03:00\",\"inLanguage\":\"hu-HU\",\"mainEntityOfPage\":{\"@id\":\"https:\\\/\\\/www.teatrulreginamaria.ro\\\/hu\\\/suntem-in-vacanta\\\/#webpage\"},\"isPartOf\":{\"@id\":\"https:\\\/\\\/www.teatrulreginamaria.ro\\\/hu\\\/suntem-in-vacanta\\\/#webpage\"},\"articleSection\":\"Nout\\u0103\\u021bi - Trupa Iosif Vulcan\"},{\"@type\":\"BreadcrumbList\",\"@id\":\"https:\\\/\\\/www.teatrulreginamaria.ro\\\/hu\\\/suntem-in-vacanta\\\/#breadcrumblist\",\"itemListElement\":[{\"@type\":\"ListItem\",\"@id\":\"https:\\\/\\\/www.teatrulreginamaria.ro\\\/hu#listItem\",\"position\":1,\"name\":\"Home\",\"item\":\"https:\\\/\\\/www.teatrulreginamaria.ro\\\/hu\",\"nextItem\":{\"@type\":\"ListItem\",\"@id\":\"https:\\\/\\\/www.teatrulreginamaria.ro\\\/hu\\\/categorie\\\/noutati\\\/#listItem\",\"name\":\"Nout\\u0103\\u021bi\"}},{\"@type\":\"ListItem\",\"@id\":\"https:\\\/\\\/www.teatrulreginamaria.ro\\\/hu\\\/categorie\\\/noutati\\\/#listItem\",\"position\":2,\"name\":\"Nout\\u0103\\u021bi\",\"item\":\"https:\\\/\\\/www.teatrulreginamaria.ro\\\/hu\\\/categorie\\\/noutati\\\/\",\"nextItem\":{\"@type\":\"ListItem\",\"@id\":\"https:\\\/\\\/www.teatrulreginamaria.ro\\\/hu\\\/categorie\\\/noutati\\\/noutati-trupa-iosif-vulcan\\\/#listItem\",\"name\":\"Nout\\u0103\\u021bi - Trupa Iosif Vulcan\"},\"previousItem\":{\"@type\":\"ListItem\",\"@id\":\"https:\\\/\\\/www.teatrulreginamaria.ro\\\/hu#listItem\",\"name\":\"Home\"}},{\"@type\":\"ListItem\",\"@id\":\"https:\\\/\\\/www.teatrulreginamaria.ro\\\/hu\\\/categorie\\\/noutati\\\/noutati-trupa-iosif-vulcan\\\/#listItem\",\"position\":3,\"name\":\"Nout\\u0103\\u021bi - Trupa Iosif Vulcan\",\"item\":\"https:\\\/\\\/www.teatrulreginamaria.ro\\\/hu\\\/categorie\\\/noutati\\\/noutati-trupa-iosif-vulcan\\\/\",\"nextItem\":{\"@type\":\"ListItem\",\"@id\":\"https:\\\/\\\/www.teatrulreginamaria.ro\\\/hu\\\/suntem-in-vacanta\\\/#listItem\",\"name\":\"Suntem \\u00een vacan\\u0163\\u0103!\"},\"previousItem\":{\"@type\":\"ListItem\",\"@id\":\"https:\\\/\\\/www.teatrulreginamaria.ro\\\/hu\\\/categorie\\\/noutati\\\/#listItem\",\"name\":\"Nout\\u0103\\u021bi\"}},{\"@type\":\"ListItem\",\"@id\":\"https:\\\/\\\/www.teatrulreginamaria.ro\\\/hu\\\/suntem-in-vacanta\\\/#listItem\",\"position\":4,\"name\":\"Suntem \\u00een vacan\\u0163\\u0103!\",\"previousItem\":{\"@type\":\"ListItem\",\"@id\":\"https:\\\/\\\/www.teatrulreginamaria.ro\\\/hu\\\/categorie\\\/noutati\\\/noutati-trupa-iosif-vulcan\\\/#listItem\",\"name\":\"Nout\\u0103\\u021bi - Trupa Iosif Vulcan\"}}]},{\"@type\":\"Organization\",\"@id\":\"https:\\\/\\\/www.teatrulreginamaria.ro\\\/hu\\\/#organization\",\"name\":\"Teatrul Regina Maria Oradea\",\"description\":\"Trupa Iosif Vulcan \\u0219i Trupa Arcadia\",\"url\":\"https:\\\/\\\/www.teatrulreginamaria.ro\\\/hu\\\/\",\"email\":\"marketing@teatrulreginamaria.ro\",\"telephone\":\"+40359411534\",\"numberOfEmployees\":{\"@type\":\"QuantitativeValue\",\"minValue\":0,\"maxValue\":150},\"logo\":{\"@type\":\"ImageObject\",\"url\":\"https:\\\/\\\/www.teatrulreginamaria.ro\\\/wp-content\\\/uploads\\\/2025\\\/06\\\/logo-trm-01-dark.png\",\"@id\":\"https:\\\/\\\/www.teatrulreginamaria.ro\\\/hu\\\/suntem-in-vacanta\\\/#organizationLogo\",\"width\":300,\"height\":148},\"image\":{\"@id\":\"https:\\\/\\\/www.teatrulreginamaria.ro\\\/hu\\\/suntem-in-vacanta\\\/#organizationLogo\"},\"sameAs\":[\"https:\\\/\\\/www.facebook.com\\\/TRMTrupaIosifVulcan\\\/\",\"https:\\\/\\\/x.com\\\/TRMOradea\",\"https:\\\/\\\/www.instagram.com\\\/teatrul_regina_maria\\\/\",\"https:\\\/\\\/www.youtube.com\\\/c\\\/TeatrulReginaMariaOradea\",\"https:\\\/\\\/www.linkedin.com\\\/company\\\/teatrul-regina-maria\"]},{\"@type\":\"Person\",\"@id\":\"https:\\\/\\\/www.teatrulreginamaria.ro\\\/hu\\\/author\\\/w3bmaster\\\/#author\",\"url\":\"https:\\\/\\\/www.teatrulreginamaria.ro\\\/hu\\\/author\\\/w3bmaster\\\/\",\"name\":\"Teatrul Regina Maria\",\"image\":{\"@type\":\"ImageObject\",\"@id\":\"https:\\\/\\\/www.teatrulreginamaria.ro\\\/hu\\\/suntem-in-vacanta\\\/#authorImage\",\"url\":\"https:\\\/\\\/secure.gravatar.com\\\/avatar\\\/5884139d508ae3f0bafe45e60563b48a9640146d3b08ccc6278c305ff9329305?s=96&d=mm&r=g\",\"width\":96,\"height\":96,\"caption\":\"Teatrul Regina Maria\"}},{\"@type\":\"WebPage\",\"@id\":\"https:\\\/\\\/www.teatrulreginamaria.ro\\\/hu\\\/suntem-in-vacanta\\\/#webpage\",\"url\":\"https:\\\/\\\/www.teatrulreginamaria.ro\\\/hu\\\/suntem-in-vacanta\\\/\",\"name\":\"Suntem \\u00een vacan\\u0163\\u0103! - Teatrul Regina Maria Oradea\",\"description\":\"Dragi spectatori, Am avut o stagiune bogat\\u0103, cu multe premiere \\u0219i spectacole extraordinare care s-au reluat din stagiunile trecute, \\u00eens\\u0103 acum e timpul s\\u0103 ne odihnim pu\\u021bin \\u0219i intr\\u0103m \\u00eentr-o scurt\\u0103 vacan\\u021b\\u0103. Revenim cur\\u00e2nd cu preg\\u0103tirile pentru a VI-a edi\\u021bie a FESTIVALULUI INTERNA\\u021aIONAL DE TEATRU ORADEA, care se va desf\\u0103\\u0219ura \\u00een\",\"inLanguage\":\"hu-HU\",\"isPartOf\":{\"@id\":\"https:\\\/\\\/www.teatrulreginamaria.ro\\\/hu\\\/#website\"},\"breadcrumb\":{\"@id\":\"https:\\\/\\\/www.teatrulreginamaria.ro\\\/hu\\\/suntem-in-vacanta\\\/#breadcrumblist\"},\"author\":{\"@id\":\"https:\\\/\\\/www.teatrulreginamaria.ro\\\/hu\\\/author\\\/w3bmaster\\\/#author\"},\"creator\":{\"@id\":\"https:\\\/\\\/www.teatrulreginamaria.ro\\\/hu\\\/author\\\/w3bmaster\\\/#author\"},\"datePublished\":\"2017-07-02T12:16:10+03:00\",\"dateModified\":\"2017-07-02T12:16:10+03:00\"},{\"@type\":\"WebSite\",\"@id\":\"https:\\\/\\\/www.teatrulreginamaria.ro\\\/hu\\\/#website\",\"url\":\"https:\\\/\\\/www.teatrulreginamaria.ro\\\/hu\\\/\",\"name\":\"Teatrul Regina Maria Oradea\",\"alternateName\":\"TRM Oradea\",\"description\":\"Trupa Iosif Vulcan \\u0219i Trupa Arcadia\",\"inLanguage\":\"hu-HU\",\"publisher\":{\"@id\":\"https:\\\/\\\/www.teatrulreginamaria.ro\\\/hu\\\/#organization\"}}]}\n\t\t<\/script>\n\t\t<!-- All in One SEO Pro -->\r\n\t\t<title>Suntem \u00een vacan\u0163\u0103! - Teatrul Regina Maria Oradea<\/title>\n\n","aioseo_head_json":{"title":"Vak\u00e1ci\u00f3n vagyunk! - Regina Maria Sz\u00ednh\u00e1z Nagyv\u00e1radon","description":"Kedves n\u00e9z\u0151k! Gazdag \u00e9vadot z\u00e1rtunk, sz\u00e1mos premierrel \u00e9s rendk\u00edv\u00fcli el\u0151ad\u00e1ssal, amelyeket az el\u0151z\u0151 \u00e9vadokb\u00f3l folytattunk, de most itt az ideje egy kis pihen\u00e9snek \u00e9s egy r\u00f6vid vak\u00e1ci\u00f3nak. Hamarosan visszat\u00e9r\u00fcnk a 6. NAGYV\u00c1RADI NEMZETK\u00d6ZI SZ\u00cdNH\u00c1ZI FESZTIV\u00c1L el\u0151k\u00e9sz\u00fcleteivel, amelyre ... ker\u00fcl sor.","canonical_url":"https:\/\/www.teatrulreginamaria.ro\/hu\/suntem-in-vacanta\/","robots":"max-image-preview:large","keywords":"","webmasterTools":{"miscellaneous":""},"schema":{"@context":"https:\/\/schema.org","@graph":[{"@type":"BlogPosting","@id":"https:\/\/www.teatrulreginamaria.ro\/hu\/suntem-in-vacanta\/#blogposting","name":"Suntem \u00een vacan\u0163\u0103! - Teatrul Regina Maria Oradea","headline":"Suntem \u00een vacan\u0163\u0103!","author":{"@id":"https:\/\/www.teatrulreginamaria.ro\/hu\/author\/w3bmaster\/#author"},"publisher":{"@id":"https:\/\/www.teatrulreginamaria.ro\/hu\/#organization"},"image":{"@type":"ImageObject","url":"https:\/\/www.teatrulreginamaria.ro\/wp-content\/uploads\/2025\/06\/logo-trm-01-dark.png","@id":"https:\/\/www.teatrulreginamaria.ro\/hu\/#articleImage","width":300,"height":148},"datePublished":"2017-07-02T12:16:10+03:00","dateModified":"2017-07-02T12:16:10+03:00","inLanguage":"hu-HU","mainEntityOfPage":{"@id":"https:\/\/www.teatrulreginamaria.ro\/hu\/suntem-in-vacanta\/#webpage"},"isPartOf":{"@id":"https:\/\/www.teatrulreginamaria.ro\/hu\/suntem-in-vacanta\/#webpage"},"articleSection":"Nout\u0103\u021bi - Trupa Iosif Vulcan"},{"@type":"BreadcrumbList","@id":"https:\/\/www.teatrulreginamaria.ro\/hu\/suntem-in-vacanta\/#breadcrumblist","itemListElement":[{"@type":"ListItem","@id":"https:\/\/www.teatrulreginamaria.ro\/hu#listItem","position":1,"name":"Home","item":"https:\/\/www.teatrulreginamaria.ro\/hu","nextItem":{"@type":"ListItem","@id":"https:\/\/www.teatrulreginamaria.ro\/hu\/categorie\/noutati\/#listItem","name":"Nout\u0103\u021bi"}},{"@type":"ListItem","@id":"https:\/\/www.teatrulreginamaria.ro\/hu\/categorie\/noutati\/#listItem","position":2,"name":"Nout\u0103\u021bi","item":"https:\/\/www.teatrulreginamaria.ro\/hu\/categorie\/noutati\/","nextItem":{"@type":"ListItem","@id":"https:\/\/www.teatrulreginamaria.ro\/hu\/categorie\/noutati\/noutati-trupa-iosif-vulcan\/#listItem","name":"Nout\u0103\u021bi - Trupa Iosif Vulcan"},"previousItem":{"@type":"ListItem","@id":"https:\/\/www.teatrulreginamaria.ro\/hu#listItem","name":"Home"}},{"@type":"ListItem","@id":"https:\/\/www.teatrulreginamaria.ro\/hu\/categorie\/noutati\/noutati-trupa-iosif-vulcan\/#listItem","position":3,"name":"Nout\u0103\u021bi - Trupa Iosif Vulcan","item":"https:\/\/www.teatrulreginamaria.ro\/hu\/categorie\/noutati\/noutati-trupa-iosif-vulcan\/","nextItem":{"@type":"ListItem","@id":"https:\/\/www.teatrulreginamaria.ro\/hu\/suntem-in-vacanta\/#listItem","name":"Suntem \u00een vacan\u0163\u0103!"},"previousItem":{"@type":"ListItem","@id":"https:\/\/www.teatrulreginamaria.ro\/hu\/categorie\/noutati\/#listItem","name":"Nout\u0103\u021bi"}},{"@type":"ListItem","@id":"https:\/\/www.teatrulreginamaria.ro\/hu\/suntem-in-vacanta\/#listItem","position":4,"name":"Suntem \u00een vacan\u0163\u0103!","previousItem":{"@type":"ListItem","@id":"https:\/\/www.teatrulreginamaria.ro\/hu\/categorie\/noutati\/noutati-trupa-iosif-vulcan\/#listItem","name":"Nout\u0103\u021bi - Trupa Iosif Vulcan"}}]},{"@type":"Organization","@id":"https:\/\/www.teatrulreginamaria.ro\/hu\/#organization","name":"Teatrul Regina Maria Oradea","description":"Trupa Iosif Vulcan \u0219i Trupa Arcadia","url":"https:\/\/www.teatrulreginamaria.ro\/hu\/","email":"marketing@teatrulreginamaria.ro","telephone":"+40359411534","numberOfEmployees":{"@type":"QuantitativeValue","minValue":0,"maxValue":150},"logo":{"@type":"ImageObject","url":"https:\/\/www.teatrulreginamaria.ro\/wp-content\/uploads\/2025\/06\/logo-trm-01-dark.png","@id":"https:\/\/www.teatrulreginamaria.ro\/hu\/suntem-in-vacanta\/#organizationLogo","width":300,"height":148},"image":{"@id":"https:\/\/www.teatrulreginamaria.ro\/hu\/suntem-in-vacanta\/#organizationLogo"},"sameAs":["https:\/\/www.facebook.com\/TRMTrupaIosifVulcan\/","https:\/\/x.com\/TRMOradea","https:\/\/www.instagram.com\/teatrul_regina_maria\/","https:\/\/www.youtube.com\/c\/TeatrulReginaMariaOradea","https:\/\/www.linkedin.com\/company\/teatrul-regina-maria"]},{"@type":"Person","@id":"https:\/\/www.teatrulreginamaria.ro\/hu\/author\/w3bmaster\/#author","url":"https:\/\/www.teatrulreginamaria.ro\/hu\/author\/w3bmaster\/","name":"Teatrul Regina Maria","image":{"@type":"ImageObject","@id":"https:\/\/www.teatrulreginamaria.ro\/hu\/suntem-in-vacanta\/#authorImage","url":"https:\/\/secure.gravatar.com\/avatar\/5884139d508ae3f0bafe45e60563b48a9640146d3b08ccc6278c305ff9329305?s=96&d=mm&r=g","width":96,"height":96,"caption":"Teatrul Regina Maria"}},{"@type":"WebPage","@id":"https:\/\/www.teatrulreginamaria.ro\/hu\/suntem-in-vacanta\/#webpage","url":"https:\/\/www.teatrulreginamaria.ro\/hu\/suntem-in-vacanta\/","name":"Suntem \u00een vacan\u0163\u0103! - Teatrul Regina Maria Oradea","description":"Dragi spectatori, Am avut o stagiune bogat\u0103, cu multe premiere \u0219i spectacole extraordinare care s-au reluat din stagiunile trecute, \u00eens\u0103 acum e timpul s\u0103 ne odihnim pu\u021bin \u0219i intr\u0103m \u00eentr-o scurt\u0103 vacan\u021b\u0103. Revenim cur\u00e2nd cu preg\u0103tirile pentru a VI-a edi\u021bie a FESTIVALULUI INTERNA\u021aIONAL DE TEATRU ORADEA, care se va desf\u0103\u0219ura \u00een","inLanguage":"hu-HU","isPartOf":{"@id":"https:\/\/www.teatrulreginamaria.ro\/hu\/#website"},"breadcrumb":{"@id":"https:\/\/www.teatrulreginamaria.ro\/hu\/suntem-in-vacanta\/#breadcrumblist"},"author":{"@id":"https:\/\/www.teatrulreginamaria.ro\/hu\/author\/w3bmaster\/#author"},"creator":{"@id":"https:\/\/www.teatrulreginamaria.ro\/hu\/author\/w3bmaster\/#author"},"datePublished":"2017-07-02T12:16:10+03:00","dateModified":"2017-07-02T12:16:10+03:00"},{"@type":"WebSite","@id":"https:\/\/www.teatrulreginamaria.ro\/hu\/#website","url":"https:\/\/www.teatrulreginamaria.ro\/hu\/","name":"Teatrul Regina Maria Oradea","alternateName":"TRM Oradea","description":"Trupa Iosif Vulcan \u0219i Trupa Arcadia","inLanguage":"hu-HU","publisher":{"@id":"https:\/\/www.teatrulreginamaria.ro\/hu\/#organization"}}]},"og:locale":"hu_HU","og:site_name":"Teatrul Regina Maria Oradea - Trupa Iosif Vulcan \u0219i Trupa Arcadia","og:type":"article","og:title":"Suntem \u00een vacan\u0163\u0103! - Teatrul Regina Maria Oradea","og:description":"Dragi spectatori, Am avut o stagiune bogat\u0103, cu multe premiere \u0219i spectacole extraordinare care s-au reluat din stagiunile trecute, \u00eens\u0103 acum e timpul s\u0103 ne odihnim pu\u021bin \u0219i intr\u0103m \u00eentr-o scurt\u0103 vacan\u021b\u0103. Revenim cur\u00e2nd cu preg\u0103tirile pentru a VI-a edi\u021bie a FESTIVALULUI INTERNA\u021aIONAL DE TEATRU ORADEA, care se va desf\u0103\u0219ura \u00een","og:url":"https:\/\/www.teatrulreginamaria.ro\/hu\/suntem-in-vacanta\/","og:image":"https:\/\/www.teatrulreginamaria.ro\/wp-content\/uploads\/2025\/03\/trm-istoric-01.jpg","og:image:secure_url":"https:\/\/www.teatrulreginamaria.ro\/wp-content\/uploads\/2025\/03\/trm-istoric-01.jpg","og:image:width":1200,"og:image:height":800,"article:published_time":"2017-07-02T12:16:10+00:00","article:modified_time":"2017-07-02T12:16:10+00:00","article:publisher":"https:\/\/www.facebook.com\/TRMTrupaIosifVulcan\/","twitter:card":"summary_large_image","twitter:site":"@TRMOradea","twitter:title":"Suntem \u00een vacan\u0163\u0103! - Teatrul Regina Maria Oradea","twitter:description":"Dragi spectatori, Am avut o stagiune bogat\u0103, cu multe premiere \u0219i spectacole extraordinare care s-au reluat din stagiunile trecute, \u00eens\u0103 acum e timpul s\u0103 ne odihnim pu\u021bin \u0219i intr\u0103m \u00eentr-o scurt\u0103 vacan\u021b\u0103. Revenim cur\u00e2nd cu preg\u0103tirile pentru a VI-a edi\u021bie a FESTIVALULUI INTERNA\u021aIONAL DE TEATRU ORADEA, care se va desf\u0103\u0219ura \u00een","twitter:creator":"@TRMOradea","twitter:image":"https:\/\/www.teatrulreginamaria.ro\/wp-content\/uploads\/2025\/03\/trm-istoric-01.jpg"},"aioseo_meta_data":{"post_id":"1204","title":null,"description":null,"keywords":null,"keyphrases":null,"primary_term":null,"canonical_url":null,"og_title":null,"og_description":null,"og_object_type":"default","og_image_type":"default","og_image_url":null,"og_image_width":null,"og_image_height":null,"og_image_custom_url":null,"og_image_custom_fields":null,"og_video":null,"og_custom_url":null,"og_article_section":null,"og_article_tags":null,"twitter_use_og":false,"twitter_card":"default","twitter_image_type":"default","twitter_image_url":null,"twitter_image_custom_url":null,"twitter_image_custom_fields":null,"twitter_title":null,"twitter_description":null,"schema":{"blockGraphs":[],"customGraphs":[],"default":{"data":{"Article":[],"Course":[],"Dataset":[],"FAQPage":[],"Movie":[],"Person":[],"Product":[],"ProductReview":[],"Car":[],"Recipe":[],"Service":[],"SoftwareApplication":[],"WebPage":[]},"graphName":"","isEnabled":true},"graphs":[]},"schema_type":"default","schema_type_options":null,"pillar_content":false,"robots_default":true,"robots_noindex":false,"robots_noarchive":false,"robots_nosnippet":false,"robots_nofollow":false,"robots_noimageindex":false,"robots_noodp":false,"robots_notranslate":false,"robots_max_snippet":null,"robots_max_videopreview":null,"robots_max_imagepreview":"large","priority":null,"frequency":null,"local_seo":null,"seo_analyzer_scan_date":"2026-05-13 01:39:39","breadcrumb_settings":null,"limit_modified_date":false,"reviewed_by":null,"open_ai":null,"ai":null,"created":"2025-04-09 17:42:40","updated":"2026-05-13 01:39:39","focus_keyword":null,"additional_keywords":null,"truseo_locale":null},"aioseo_breadcrumb":"<div class=\"aioseo-breadcrumbs\"><span class=\"aioseo-breadcrumb\">\n\t<a href=\"https:\/\/www.teatrulreginamaria.ro\/hu\" title=\"Home\">Home<\/a>\n<\/span><span class=\"aioseo-breadcrumb-separator\">&raquo;<\/span><span class=\"aioseo-breadcrumb\">\n\t<a href=\"https:\/\/www.teatrulreginamaria.ro\/hu\/categorie\/noutati\/\" title=\"Nout\u0103\u021bi\">Nout\u0103\u021bi<\/a>\n<\/span><span class=\"aioseo-breadcrumb-separator\">&raquo;<\/span><span class=\"aioseo-breadcrumb\">\n\t<a href=\"https:\/\/www.teatrulreginamaria.ro\/hu\/categorie\/noutati\/noutati-trupa-iosif-vulcan\/\" title=\"Nout\u0103\u021bi - Trupa Iosif Vulcan\">Nout\u0103\u021bi - Trupa Iosif Vulcan<\/a>\n<\/span><span class=\"aioseo-breadcrumb-separator\">&raquo;<\/span><span class=\"aioseo-breadcrumb\">\n\tSuntem \u00een vacan\u0163\u0103!\n<\/span><\/div>","aioseo_breadcrumb_json":[{"label":"Home","link":"https:\/\/www.teatrulreginamaria.ro\/hu"},{"label":"Nout\u0103\u021bi","link":"https:\/\/www.teatrulreginamaria.ro\/hu\/categorie\/noutati\/"},{"label":"Nout\u0103\u021bi - Trupa Iosif Vulcan","link":"https:\/\/www.teatrulreginamaria.ro\/hu\/categorie\/noutati\/noutati-trupa-iosif-vulcan\/"},{"label":"Suntem \u00een vacan\u0163\u0103!","link":"https:\/\/www.teatrulreginamaria.ro\/hu\/suntem-in-vacanta\/"}],"acf":[],"_links":{"self":[{"href":"https:\/\/www.teatrulreginamaria.ro\/hu\/wp-json\/wp\/v2\/posts\/1204","targetHints":{"allow":["GET"]}}],"collection":[{"href":"https:\/\/www.teatrulreginamaria.ro\/hu\/wp-json\/wp\/v2\/posts"}],"about":[{"href":"https:\/\/www.teatrulreginamaria.ro\/hu\/wp-json\/wp\/v2\/types\/post"}],"author":[{"embeddable":true,"href":"https:\/\/www.teatrulreginamaria.ro\/hu\/wp-json\/wp\/v2\/users\/6"}],"replies":[{"embeddable":true,"href":"https:\/\/www.teatrulreginamaria.ro\/hu\/wp-json\/wp\/v2\/comments?post=1204"}],"version-history":[{"count":0,"href":"https:\/\/www.teatrulreginamaria.ro\/hu\/wp-json\/wp\/v2\/posts\/1204\/revisions"}],"wp:attachment":[{"href":"https:\/\/www.teatrulreginamaria.ro\/hu\/wp-json\/wp\/v2\/media?parent=1204"}],"wp:term":[{"taxonomy":"category","embeddable":true,"href":"https:\/\/www.teatrulreginamaria.ro\/hu\/wp-json\/wp\/v2\/categories?post=1204"},{"taxonomy":"post_tag","embeddable":true,"href":"https:\/\/www.teatrulreginamaria.ro\/hu\/wp-json\/wp\/v2\/tags?post=1204"}],"curies":[{"name":"munkaf\u00fczet","href":"https:\/\/api.w.org\/{rel}","templated":true}]}}