{"id":1219,"date":"2017-05-22T07:29:17","date_gmt":"2017-05-22T07:29:17","guid":{"rendered":"https:\/\/teatrulreginamaria.ro\/2017\/05\/22\/cabaretul-dada-la-prima-editie-a-zilelor-teatrului-matei-visniec-din-suceava\/"},"modified":"2017-05-22T07:29:17","modified_gmt":"2017-05-22T07:29:17","slug":"dada-kabare-a-matei-visniec-szinhazi-napok-elso-kiadasan-szucsavan","status":"publish","type":"post","link":"https:\/\/www.teatrulreginamaria.ro\/hu\/cabaretul-dada-la-prima-editie-a-zilelor-teatrului-matei-visniec-din-suceava\/","title":{"rendered":"DADA KABAR\u00c9 a szucs\u00e1vai &quot;Matei Vi\u0219niec Sz\u00ednh\u00e1zi Napok&quot; els\u0151 kiad\u00e1s\u00e1n"},"content":{"rendered":"<p style=\"text-align: justify;\">A Regina Maria Sz\u00ednh\u00e1z megh\u00edv\u00e1st kapott a szucs\u00e1vai \u201eMatei Vi\u0219niec\u201d V\u00e1rosi Sz\u00ednh\u00e1z \u00e1ltal szervezett \u201eMatei Vi\u0219niec Sz\u00ednh\u00e1zi Napok\u201d fesztiv\u00e1l els\u0151 kiad\u00e1s\u00e1ra a neves dr\u00e1ma\u00edr\u00f3 \u00e1ltal \u00edrt \u00e9s Anca Bradu rendez\u00e9s\u00e9ben k\u00e9sz\u00fclt \u201eDada kabar\u00e9\u201d c\u00edm\u0171 el\u0151ad\u00e1ssal.<\/p>\n<p style=\"text-align: justify;\">A nagyv\u00e1radi el\u0151ad\u00e1st m\u00e1jus 19-\u00e9n, p\u00e9nteken 19 \u00f3rakor mutatt\u00e1k be a szucs\u00e1vai Szakszervezetek Kult\u00farh\u00e1z\u00e1nak sz\u00ednpad\u00e1n, \u00e9s rendk\u00edv\u00fcli sikert aratott, t\u00f6bb mint 500 n\u00e9z\u0151 j\u00f6tt el a dadaista sz\u00ednh\u00e1zi est\u00e9re. A k\u00f6z\u00f6ns\u00e9g soraiban a rom\u00e1n sz\u00ednh\u00e1zi vil\u00e1g neves vend\u00e9gei is helyet kaptak, k\u00f6zt\u00fck Matei Vi\u0219niec dr\u00e1ma\u00edr\u00f3, aki nem tudott ellen\u00e1llni a k\u00eds\u00e9rt\u00e9snek, hogy \u00fajra megn\u00e9zze az el\u0151ad\u00e1st, Ion Parhon \u00e9s Doru Mare\u0219 sz\u00ednh\u00e1zkritikusok, a j\u00e1szv\u00e1s\u00e1ri &quot;Vasile Alecsandri&quot; Sz\u00ednh\u00e1z vez\u00e9rigazgat\u00f3ja, Cristian Hadji-Culea, valamint a j\u00e1szv\u00e1s\u00e1ri \u00e9s a piatraneam\u021bi sz\u00ednh\u00e1zak sz\u00edn\u00e9szei.<\/p>\n<p><!--more--><\/p>\n<p style=\"text-align: justify;\">Akik nem tudtak elj\u00f6nni Szucs\u00e1v\u00e1ra az el\u0151ad\u00e1sra, \u00e9s volt internet-hozz\u00e1f\u00e9r\u00e9s\u00fck, azok otthonuk k\u00e9nyelmes fotelj\u00e9b\u0151l \u00e9lvezhett\u00e9k a sz\u00ednh\u00e1zat, mivel a &quot;Cabaretul Dada&quot;-t \u00e9l\u0151ben k\u00f6zvet\u00edtette a R\u0103d\u0103u\u021bi-Ziar.<\/p>\n<p style=\"text-align: justify;\">\u201eA \u201dMatei Vi\u0219niec Sz\u00ednh\u00e1zi Napok\u201e egy m\u00e1jus 16. \u00e9s 21. k\u00f6z\u00f6tt megrendezett esem\u00e9ny, amelynek f\u0151 c\u00e9lja \u201deur\u00f3pai dimenzi\u00f3t vinni a szucs\u00e1vai kultur\u00e1lis t\u00e9rbe a kort\u00e1rs el\u0151ad\u00f3m\u0171v\u00e9szet n\u00e9pszer\u0171s\u00edt\u00e9s\u00e9vel v\u00edgj\u00e1t\u00e9k, trag\u00e9dia, tragikom\u00e9dia, gyermekel\u0151ad\u00e1sok, sz\u00ednh\u00e1zi-t\u00e1ncel\u0151ad\u00e1sok, Matei Vi\u0219nieckel val\u00f3 tal\u00e1lkoz\u00f3 \u2013 el\u0151ad\u00e1s-konferencia: A besz\u00e9d m\u0171v\u00e9szet\u00e9r\u0151l, el\u0151ad\u00f3i install\u00e1ci\u00f3, film, mobil sz\u00ednh\u00e1z a buszon, musical\u201d r\u00e9v\u00e9n\u201d.\u201d <em>(A fesztiv\u00e1l szervez\u0151i)<\/em><\/p>\n<p style=\"text-align: justify;\">M\u00e9g sok ilyen kiad\u00e1st k\u00edv\u00e1nunk szucs\u00e1vai koll\u00e9g\u00e1inknak!<\/p>\n<p style=\"text-align: justify;\">J\u00faniusban k\u00e9sz\u00fcl\u00fcnk a nagyb\u00e1nyai &quot;Atelier&quot; Nemzetk\u00f6zi Fesztiv\u00e1lra, ahol a &quot;Leonce \u00e9s L\u00e9na&quot; \u00e9s a &quot;Baraca&quot; c\u00edm\u0171 el\u0151ad\u00e1sokkal vesz\u00fcnk r\u00e9szt, valamint a konstancai &quot;Az er\u0151d m\u00edtoszai&quot; Nemzetk\u00f6zi Fesztiv\u00e1lra, ahol a &quot;A la manchai ember&quot; c\u00edm\u0171 el\u0151ad\u00e1ssal szerepel\u00fcnk.<\/p>","protected":false},"excerpt":{"rendered":"<p>Teatrul Regina Maria a fost invitat la prima edi\u021bie a festivalului \u201eZilele Teatrului Matei Vi\u0219niec\u201d, organizat de Teatrul Municipal \u201eMatei Vi\u0219niec\u201d Suceava, cu spectacolul \u201eCabaretul Dada\u201d, scris de reputatul dramaturg \u0219i regizat de Anca Bradu. Spectacolul or\u0103dean s-a jucat pe scena Casei de Cultur\u0103 a Sindicatelor Suceava vineri, 19 mai, de la ora 19:00 \u0219i [&hellip;]<\/p>\n","protected":false},"author":6,"featured_media":0,"comment_status":"open","ping_status":"open","sticky":false,"template":"","format":"standard","meta":{"_acf_changed":false,"footnotes":""},"categories":[22],"tags":[],"class_list":["post-1219","post","type-post","status-publish","format-standard","hentry","category-noutati-trupa-iosif-vulcan"],"aioseo_notices":[],"aioseo_head":"\n\t\t<!-- All in One SEO Pro 5.0.1.1 - aioseo.com -->\n\t<meta name=\"description\" content=\"Teatrul Regina Maria a fost invitat la prima edi\u021bie a festivalului \u201eZilele Teatrului Matei Vi\u0219niec\u201d, organizat de Teatrul Municipal \u201eMatei Vi\u0219niec\u201d Suceava, cu spectacolul \u201eCabaretul Dada\u201d, scris de reputatul dramaturg \u0219i regizat de Anca Bradu. Spectacolul or\u0103dean s-a jucat pe scena Casei de Cultur\u0103 a Sindicatelor Suceava vineri, 19 mai, de la ora 19:00 \u0219i\" \/>\n\t<meta name=\"robots\" content=\"max-image-preview:large\" \/>\n\t<meta name=\"author\" content=\"Teatrul Regina Maria\"\/>\n\t<link rel=\"canonical\" href=\"https:\/\/www.teatrulreginamaria.ro\/hu\/cabaretul-dada-la-prima-editie-a-zilelor-teatrului-matei-visniec-din-suceava\/\" \/>\n\t<meta name=\"generator\" content=\"All in One SEO Pro (AIOSEO) 5.0.1.1\" \/>\n\t\t<meta property=\"og:locale\" content=\"hu_HU\" \/>\n\t\t<meta property=\"og:site_name\" content=\"Teatrul Regina Maria Oradea - Trupa Iosif Vulcan \u0219i Trupa Arcadia\" \/>\n\t\t<meta property=\"og:type\" content=\"article\" \/>\n\t\t<meta property=\"og:title\" content=\"CABARETUL DADA la prima edi\u021bie a \u201eZilelor Teatrului Matei Vi\u0219niec\u201d din Suceava - Teatrul Regina Maria Oradea\" \/>\n\t\t<meta property=\"og:description\" content=\"Teatrul Regina Maria a fost invitat la prima edi\u021bie a festivalului \u201eZilele Teatrului Matei Vi\u0219niec\u201d, organizat de Teatrul Municipal \u201eMatei Vi\u0219niec\u201d Suceava, cu spectacolul \u201eCabaretul Dada\u201d, scris de reputatul dramaturg \u0219i regizat de Anca Bradu. Spectacolul or\u0103dean s-a jucat pe scena Casei de Cultur\u0103 a Sindicatelor Suceava vineri, 19 mai, de la ora 19:00 \u0219i\" \/>\n\t\t<meta property=\"og:url\" content=\"https:\/\/www.teatrulreginamaria.ro\/hu\/cabaretul-dada-la-prima-editie-a-zilelor-teatrului-matei-visniec-din-suceava\/\" \/>\n\t\t<meta property=\"og:image\" content=\"https:\/\/www.teatrulreginamaria.ro\/wp-content\/uploads\/2025\/03\/trm-istoric-01.jpg\" \/>\n\t\t<meta property=\"og:image:secure_url\" content=\"https:\/\/www.teatrulreginamaria.ro\/wp-content\/uploads\/2025\/03\/trm-istoric-01.jpg\" \/>\n\t\t<meta property=\"og:image:width\" content=\"1200\" \/>\n\t\t<meta property=\"og:image:height\" content=\"800\" \/>\n\t\t<meta property=\"article:published_time\" content=\"2017-05-22T07:29:17+00:00\" \/>\n\t\t<meta property=\"article:modified_time\" content=\"2017-05-22T07:29:17+00:00\" \/>\n\t\t<meta property=\"article:publisher\" content=\"https:\/\/www.facebook.com\/TRMTrupaIosifVulcan\/\" \/>\n\t\t<meta name=\"twitter:card\" content=\"summary_large_image\" \/>\n\t\t<meta name=\"twitter:site\" content=\"@TRMOradea\" \/>\n\t\t<meta name=\"twitter:title\" content=\"CABARETUL DADA la prima edi\u021bie a \u201eZilelor Teatrului Matei Vi\u0219niec\u201d din Suceava - Teatrul Regina Maria Oradea\" \/>\n\t\t<meta name=\"twitter:description\" content=\"Teatrul Regina Maria a fost invitat la prima edi\u021bie a festivalului \u201eZilele Teatrului Matei Vi\u0219niec\u201d, organizat de Teatrul Municipal \u201eMatei Vi\u0219niec\u201d Suceava, cu spectacolul \u201eCabaretul Dada\u201d, scris de reputatul dramaturg \u0219i regizat de Anca Bradu. Spectacolul or\u0103dean s-a jucat pe scena Casei de Cultur\u0103 a Sindicatelor Suceava vineri, 19 mai, de la ora 19:00 \u0219i\" \/>\n\t\t<meta name=\"twitter:creator\" content=\"@TRMOradea\" \/>\n\t\t<meta name=\"twitter:image\" content=\"https:\/\/www.teatrulreginamaria.ro\/wp-content\/uploads\/2025\/03\/trm-istoric-01.jpg\" \/>\n\t\t<script type=\"application\/ld+json\" class=\"aioseo-schema\">\n\t\t\t{\"@context\":\"https:\\\/\\\/schema.org\",\"@graph\":[{\"@type\":\"BlogPosting\",\"@id\":\"https:\\\/\\\/www.teatrulreginamaria.ro\\\/hu\\\/cabaretul-dada-la-prima-editie-a-zilelor-teatrului-matei-visniec-din-suceava\\\/#blogposting\",\"name\":\"CABARETUL DADA la prima edi\\u021bie a \\u201eZilelor Teatrului Matei Vi\\u0219niec\\u201d din Suceava - Teatrul Regina Maria Oradea\",\"headline\":\"CABARETUL DADA la prima edi\\u021bie a \\u201eZilelor Teatrului Matei Vi\\u0219niec\\u201d din Suceava\",\"author\":{\"@id\":\"https:\\\/\\\/www.teatrulreginamaria.ro\\\/hu\\\/author\\\/w3bmaster\\\/#author\"},\"publisher\":{\"@id\":\"https:\\\/\\\/www.teatrulreginamaria.ro\\\/hu\\\/#organization\"},\"image\":{\"@type\":\"ImageObject\",\"url\":\"https:\\\/\\\/www.teatrulreginamaria.ro\\\/wp-content\\\/uploads\\\/2025\\\/06\\\/logo-trm-01-dark.png\",\"@id\":\"https:\\\/\\\/www.teatrulreginamaria.ro\\\/hu\\\/#articleImage\",\"width\":300,\"height\":148},\"datePublished\":\"2017-05-22T07:29:17+03:00\",\"dateModified\":\"2017-05-22T07:29:17+03:00\",\"inLanguage\":\"hu-HU\",\"mainEntityOfPage\":{\"@id\":\"https:\\\/\\\/www.teatrulreginamaria.ro\\\/hu\\\/cabaretul-dada-la-prima-editie-a-zilelor-teatrului-matei-visniec-din-suceava\\\/#webpage\"},\"isPartOf\":{\"@id\":\"https:\\\/\\\/www.teatrulreginamaria.ro\\\/hu\\\/cabaretul-dada-la-prima-editie-a-zilelor-teatrului-matei-visniec-din-suceava\\\/#webpage\"},\"articleSection\":\"Nout\\u0103\\u021bi - Trupa Iosif Vulcan\"},{\"@type\":\"BreadcrumbList\",\"@id\":\"https:\\\/\\\/www.teatrulreginamaria.ro\\\/hu\\\/cabaretul-dada-la-prima-editie-a-zilelor-teatrului-matei-visniec-din-suceava\\\/#breadcrumblist\",\"itemListElement\":[{\"@type\":\"ListItem\",\"@id\":\"https:\\\/\\\/www.teatrulreginamaria.ro\\\/hu#listItem\",\"position\":1,\"name\":\"Home\",\"item\":\"https:\\\/\\\/www.teatrulreginamaria.ro\\\/hu\",\"nextItem\":{\"@type\":\"ListItem\",\"@id\":\"https:\\\/\\\/www.teatrulreginamaria.ro\\\/hu\\\/categorie\\\/noutati\\\/#listItem\",\"name\":\"Nout\\u0103\\u021bi\"}},{\"@type\":\"ListItem\",\"@id\":\"https:\\\/\\\/www.teatrulreginamaria.ro\\\/hu\\\/categorie\\\/noutati\\\/#listItem\",\"position\":2,\"name\":\"Nout\\u0103\\u021bi\",\"item\":\"https:\\\/\\\/www.teatrulreginamaria.ro\\\/hu\\\/categorie\\\/noutati\\\/\",\"nextItem\":{\"@type\":\"ListItem\",\"@id\":\"https:\\\/\\\/www.teatrulreginamaria.ro\\\/hu\\\/categorie\\\/noutati\\\/noutati-trupa-iosif-vulcan\\\/#listItem\",\"name\":\"Nout\\u0103\\u021bi - Trupa Iosif Vulcan\"},\"previousItem\":{\"@type\":\"ListItem\",\"@id\":\"https:\\\/\\\/www.teatrulreginamaria.ro\\\/hu#listItem\",\"name\":\"Home\"}},{\"@type\":\"ListItem\",\"@id\":\"https:\\\/\\\/www.teatrulreginamaria.ro\\\/hu\\\/categorie\\\/noutati\\\/noutati-trupa-iosif-vulcan\\\/#listItem\",\"position\":3,\"name\":\"Nout\\u0103\\u021bi - Trupa Iosif Vulcan\",\"item\":\"https:\\\/\\\/www.teatrulreginamaria.ro\\\/hu\\\/categorie\\\/noutati\\\/noutati-trupa-iosif-vulcan\\\/\",\"nextItem\":{\"@type\":\"ListItem\",\"@id\":\"https:\\\/\\\/www.teatrulreginamaria.ro\\\/hu\\\/cabaretul-dada-la-prima-editie-a-zilelor-teatrului-matei-visniec-din-suceava\\\/#listItem\",\"name\":\"CABARETUL DADA la prima edi\\u021bie a \\u201eZilelor Teatrului Matei Vi\\u0219niec\\u201d din Suceava\"},\"previousItem\":{\"@type\":\"ListItem\",\"@id\":\"https:\\\/\\\/www.teatrulreginamaria.ro\\\/hu\\\/categorie\\\/noutati\\\/#listItem\",\"name\":\"Nout\\u0103\\u021bi\"}},{\"@type\":\"ListItem\",\"@id\":\"https:\\\/\\\/www.teatrulreginamaria.ro\\\/hu\\\/cabaretul-dada-la-prima-editie-a-zilelor-teatrului-matei-visniec-din-suceava\\\/#listItem\",\"position\":4,\"name\":\"CABARETUL DADA la prima edi\\u021bie a \\u201eZilelor Teatrului Matei Vi\\u0219niec\\u201d din Suceava\",\"previousItem\":{\"@type\":\"ListItem\",\"@id\":\"https:\\\/\\\/www.teatrulreginamaria.ro\\\/hu\\\/categorie\\\/noutati\\\/noutati-trupa-iosif-vulcan\\\/#listItem\",\"name\":\"Nout\\u0103\\u021bi - Trupa Iosif Vulcan\"}}]},{\"@type\":\"Organization\",\"@id\":\"https:\\\/\\\/www.teatrulreginamaria.ro\\\/hu\\\/#organization\",\"name\":\"Teatrul Regina Maria Oradea\",\"description\":\"Trupa Iosif Vulcan \\u0219i Trupa Arcadia\",\"url\":\"https:\\\/\\\/www.teatrulreginamaria.ro\\\/hu\\\/\",\"email\":\"marketing@teatrulreginamaria.ro\",\"telephone\":\"+40359411534\",\"numberOfEmployees\":{\"@type\":\"QuantitativeValue\",\"minValue\":0,\"maxValue\":150},\"logo\":{\"@type\":\"ImageObject\",\"url\":\"https:\\\/\\\/www.teatrulreginamaria.ro\\\/wp-content\\\/uploads\\\/2025\\\/06\\\/logo-trm-01-dark.png\",\"@id\":\"https:\\\/\\\/www.teatrulreginamaria.ro\\\/hu\\\/cabaretul-dada-la-prima-editie-a-zilelor-teatrului-matei-visniec-din-suceava\\\/#organizationLogo\",\"width\":300,\"height\":148},\"image\":{\"@id\":\"https:\\\/\\\/www.teatrulreginamaria.ro\\\/hu\\\/cabaretul-dada-la-prima-editie-a-zilelor-teatrului-matei-visniec-din-suceava\\\/#organizationLogo\"},\"sameAs\":[\"https:\\\/\\\/www.facebook.com\\\/TRMTrupaIosifVulcan\\\/\",\"https:\\\/\\\/x.com\\\/TRMOradea\",\"https:\\\/\\\/www.instagram.com\\\/teatrul_regina_maria\\\/\",\"https:\\\/\\\/www.youtube.com\\\/c\\\/TeatrulReginaMariaOradea\",\"https:\\\/\\\/www.linkedin.com\\\/company\\\/teatrul-regina-maria\"]},{\"@type\":\"Person\",\"@id\":\"https:\\\/\\\/www.teatrulreginamaria.ro\\\/hu\\\/author\\\/w3bmaster\\\/#author\",\"url\":\"https:\\\/\\\/www.teatrulreginamaria.ro\\\/hu\\\/author\\\/w3bmaster\\\/\",\"name\":\"Teatrul Regina Maria\",\"image\":{\"@type\":\"ImageObject\",\"@id\":\"https:\\\/\\\/www.teatrulreginamaria.ro\\\/hu\\\/cabaretul-dada-la-prima-editie-a-zilelor-teatrului-matei-visniec-din-suceava\\\/#authorImage\",\"url\":\"https:\\\/\\\/secure.gravatar.com\\\/avatar\\\/5884139d508ae3f0bafe45e60563b48a9640146d3b08ccc6278c305ff9329305?s=96&d=mm&r=g\",\"width\":96,\"height\":96,\"caption\":\"Teatrul Regina Maria\"}},{\"@type\":\"WebPage\",\"@id\":\"https:\\\/\\\/www.teatrulreginamaria.ro\\\/hu\\\/cabaretul-dada-la-prima-editie-a-zilelor-teatrului-matei-visniec-din-suceava\\\/#webpage\",\"url\":\"https:\\\/\\\/www.teatrulreginamaria.ro\\\/hu\\\/cabaretul-dada-la-prima-editie-a-zilelor-teatrului-matei-visniec-din-suceava\\\/\",\"name\":\"CABARETUL DADA la prima edi\\u021bie a \\u201eZilelor Teatrului Matei Vi\\u0219niec\\u201d din Suceava - Teatrul Regina Maria Oradea\",\"description\":\"Teatrul Regina Maria a fost invitat la prima edi\\u021bie a festivalului \\u201eZilele Teatrului Matei Vi\\u0219niec\\u201d, organizat de Teatrul Municipal \\u201eMatei Vi\\u0219niec\\u201d Suceava, cu spectacolul \\u201eCabaretul Dada\\u201d, scris de reputatul dramaturg \\u0219i regizat de Anca Bradu. Spectacolul or\\u0103dean s-a jucat pe scena Casei de Cultur\\u0103 a Sindicatelor Suceava vineri, 19 mai, de la ora 19:00 \\u0219i\",\"inLanguage\":\"hu-HU\",\"isPartOf\":{\"@id\":\"https:\\\/\\\/www.teatrulreginamaria.ro\\\/hu\\\/#website\"},\"breadcrumb\":{\"@id\":\"https:\\\/\\\/www.teatrulreginamaria.ro\\\/hu\\\/cabaretul-dada-la-prima-editie-a-zilelor-teatrului-matei-visniec-din-suceava\\\/#breadcrumblist\"},\"author\":{\"@id\":\"https:\\\/\\\/www.teatrulreginamaria.ro\\\/hu\\\/author\\\/w3bmaster\\\/#author\"},\"creator\":{\"@id\":\"https:\\\/\\\/www.teatrulreginamaria.ro\\\/hu\\\/author\\\/w3bmaster\\\/#author\"},\"datePublished\":\"2017-05-22T07:29:17+03:00\",\"dateModified\":\"2017-05-22T07:29:17+03:00\"},{\"@type\":\"WebSite\",\"@id\":\"https:\\\/\\\/www.teatrulreginamaria.ro\\\/hu\\\/#website\",\"url\":\"https:\\\/\\\/www.teatrulreginamaria.ro\\\/hu\\\/\",\"name\":\"Teatrul Regina Maria Oradea\",\"alternateName\":\"TRM Oradea\",\"description\":\"Trupa Iosif Vulcan \\u0219i Trupa Arcadia\",\"inLanguage\":\"hu-HU\",\"publisher\":{\"@id\":\"https:\\\/\\\/www.teatrulreginamaria.ro\\\/hu\\\/#organization\"}}]}\n\t\t<\/script>\n\t\t<!-- All in One SEO Pro -->\r\n\t\t<title>CABARETUL DADA la prima edi\u021bie a \u201eZilelor Teatrului Matei Vi\u0219niec\u201d din Suceava - Teatrul Regina Maria Oradea<\/title>\n\n","aioseo_head_json":{"title":"DADA KABAR\u00c9 a szucs\u00e1vai &quot;Matei Vi\u0219niec Sz\u00ednh\u00e1zi Napok&quot; els\u0151 kiad\u00e1s\u00e1n - Regina Maria Sz\u00ednh\u00e1z Nagyv\u00e1radon","description":"A Regina Maria Sz\u00ednh\u00e1z megh\u00edv\u00e1st kapott a szucs\u00e1vai &quot;Matei Vi\u0219niec&quot; V\u00e1rosi Sz\u00ednh\u00e1z \u00e1ltal szervezett &quot;Matei Vi\u0219niec Sz\u00ednh\u00e1zi Napok&quot; fesztiv\u00e1l els\u0151 kiad\u00e1s\u00e1ra a neves dr\u00e1ma\u00edr\u00f3 \u00e1ltal \u00edrt \u00e9s Anca Bradu rendezte &quot;Dada kabar\u00e9&quot; c\u00edm\u0171 el\u0151ad\u00e1ssal. A nagyv\u00e1radi el\u0151ad\u00e1st a szucs\u00e1vai Szakszervezetek M\u0171vel\u0151d\u00e9si H\u00e1z\u00e1nak sz\u00ednpad\u00e1n mutatt\u00e1k be m\u00e1jus 19-\u00e9n, p\u00e9nteken 19:00 \u00f3r\u00e1t\u00f3l.","canonical_url":"https:\/\/www.teatrulreginamaria.ro\/hu\/cabaretul-dada-la-prima-editie-a-zilelor-teatrului-matei-visniec-din-suceava\/","robots":"max-image-preview:large","keywords":"","webmasterTools":{"miscellaneous":""},"schema":{"@context":"https:\/\/schema.org","@graph":[{"@type":"BlogPosting","@id":"https:\/\/www.teatrulreginamaria.ro\/hu\/cabaretul-dada-la-prima-editie-a-zilelor-teatrului-matei-visniec-din-suceava\/#blogposting","name":"CABARETUL DADA la prima edi\u021bie a \u201eZilelor Teatrului Matei Vi\u0219niec\u201d din Suceava - Teatrul Regina Maria Oradea","headline":"CABARETUL DADA la prima edi\u021bie a \u201eZilelor Teatrului Matei Vi\u0219niec\u201d din Suceava","author":{"@id":"https:\/\/www.teatrulreginamaria.ro\/hu\/author\/w3bmaster\/#author"},"publisher":{"@id":"https:\/\/www.teatrulreginamaria.ro\/hu\/#organization"},"image":{"@type":"ImageObject","url":"https:\/\/www.teatrulreginamaria.ro\/wp-content\/uploads\/2025\/06\/logo-trm-01-dark.png","@id":"https:\/\/www.teatrulreginamaria.ro\/hu\/#articleImage","width":300,"height":148},"datePublished":"2017-05-22T07:29:17+03:00","dateModified":"2017-05-22T07:29:17+03:00","inLanguage":"hu-HU","mainEntityOfPage":{"@id":"https:\/\/www.teatrulreginamaria.ro\/hu\/cabaretul-dada-la-prima-editie-a-zilelor-teatrului-matei-visniec-din-suceava\/#webpage"},"isPartOf":{"@id":"https:\/\/www.teatrulreginamaria.ro\/hu\/cabaretul-dada-la-prima-editie-a-zilelor-teatrului-matei-visniec-din-suceava\/#webpage"},"articleSection":"Nout\u0103\u021bi - Trupa Iosif Vulcan"},{"@type":"BreadcrumbList","@id":"https:\/\/www.teatrulreginamaria.ro\/hu\/cabaretul-dada-la-prima-editie-a-zilelor-teatrului-matei-visniec-din-suceava\/#breadcrumblist","itemListElement":[{"@type":"ListItem","@id":"https:\/\/www.teatrulreginamaria.ro\/hu#listItem","position":1,"name":"Home","item":"https:\/\/www.teatrulreginamaria.ro\/hu","nextItem":{"@type":"ListItem","@id":"https:\/\/www.teatrulreginamaria.ro\/hu\/categorie\/noutati\/#listItem","name":"Nout\u0103\u021bi"}},{"@type":"ListItem","@id":"https:\/\/www.teatrulreginamaria.ro\/hu\/categorie\/noutati\/#listItem","position":2,"name":"Nout\u0103\u021bi","item":"https:\/\/www.teatrulreginamaria.ro\/hu\/categorie\/noutati\/","nextItem":{"@type":"ListItem","@id":"https:\/\/www.teatrulreginamaria.ro\/hu\/categorie\/noutati\/noutati-trupa-iosif-vulcan\/#listItem","name":"Nout\u0103\u021bi - Trupa Iosif Vulcan"},"previousItem":{"@type":"ListItem","@id":"https:\/\/www.teatrulreginamaria.ro\/hu#listItem","name":"Home"}},{"@type":"ListItem","@id":"https:\/\/www.teatrulreginamaria.ro\/hu\/categorie\/noutati\/noutati-trupa-iosif-vulcan\/#listItem","position":3,"name":"Nout\u0103\u021bi - Trupa Iosif Vulcan","item":"https:\/\/www.teatrulreginamaria.ro\/hu\/categorie\/noutati\/noutati-trupa-iosif-vulcan\/","nextItem":{"@type":"ListItem","@id":"https:\/\/www.teatrulreginamaria.ro\/hu\/cabaretul-dada-la-prima-editie-a-zilelor-teatrului-matei-visniec-din-suceava\/#listItem","name":"CABARETUL DADA la prima edi\u021bie a \u201eZilelor Teatrului Matei Vi\u0219niec\u201d din Suceava"},"previousItem":{"@type":"ListItem","@id":"https:\/\/www.teatrulreginamaria.ro\/hu\/categorie\/noutati\/#listItem","name":"Nout\u0103\u021bi"}},{"@type":"ListItem","@id":"https:\/\/www.teatrulreginamaria.ro\/hu\/cabaretul-dada-la-prima-editie-a-zilelor-teatrului-matei-visniec-din-suceava\/#listItem","position":4,"name":"CABARETUL DADA la prima edi\u021bie a \u201eZilelor Teatrului Matei Vi\u0219niec\u201d din Suceava","previousItem":{"@type":"ListItem","@id":"https:\/\/www.teatrulreginamaria.ro\/hu\/categorie\/noutati\/noutati-trupa-iosif-vulcan\/#listItem","name":"Nout\u0103\u021bi - Trupa Iosif Vulcan"}}]},{"@type":"Organization","@id":"https:\/\/www.teatrulreginamaria.ro\/hu\/#organization","name":"Teatrul Regina Maria Oradea","description":"Trupa Iosif Vulcan \u0219i Trupa Arcadia","url":"https:\/\/www.teatrulreginamaria.ro\/hu\/","email":"marketing@teatrulreginamaria.ro","telephone":"+40359411534","numberOfEmployees":{"@type":"QuantitativeValue","minValue":0,"maxValue":150},"logo":{"@type":"ImageObject","url":"https:\/\/www.teatrulreginamaria.ro\/wp-content\/uploads\/2025\/06\/logo-trm-01-dark.png","@id":"https:\/\/www.teatrulreginamaria.ro\/hu\/cabaretul-dada-la-prima-editie-a-zilelor-teatrului-matei-visniec-din-suceava\/#organizationLogo","width":300,"height":148},"image":{"@id":"https:\/\/www.teatrulreginamaria.ro\/hu\/cabaretul-dada-la-prima-editie-a-zilelor-teatrului-matei-visniec-din-suceava\/#organizationLogo"},"sameAs":["https:\/\/www.facebook.com\/TRMTrupaIosifVulcan\/","https:\/\/x.com\/TRMOradea","https:\/\/www.instagram.com\/teatrul_regina_maria\/","https:\/\/www.youtube.com\/c\/TeatrulReginaMariaOradea","https:\/\/www.linkedin.com\/company\/teatrul-regina-maria"]},{"@type":"Person","@id":"https:\/\/www.teatrulreginamaria.ro\/hu\/author\/w3bmaster\/#author","url":"https:\/\/www.teatrulreginamaria.ro\/hu\/author\/w3bmaster\/","name":"Teatrul Regina Maria","image":{"@type":"ImageObject","@id":"https:\/\/www.teatrulreginamaria.ro\/hu\/cabaretul-dada-la-prima-editie-a-zilelor-teatrului-matei-visniec-din-suceava\/#authorImage","url":"https:\/\/secure.gravatar.com\/avatar\/5884139d508ae3f0bafe45e60563b48a9640146d3b08ccc6278c305ff9329305?s=96&d=mm&r=g","width":96,"height":96,"caption":"Teatrul Regina Maria"}},{"@type":"WebPage","@id":"https:\/\/www.teatrulreginamaria.ro\/hu\/cabaretul-dada-la-prima-editie-a-zilelor-teatrului-matei-visniec-din-suceava\/#webpage","url":"https:\/\/www.teatrulreginamaria.ro\/hu\/cabaretul-dada-la-prima-editie-a-zilelor-teatrului-matei-visniec-din-suceava\/","name":"CABARETUL DADA la prima edi\u021bie a \u201eZilelor Teatrului Matei Vi\u0219niec\u201d din Suceava - Teatrul Regina Maria Oradea","description":"Teatrul Regina Maria a fost invitat la prima edi\u021bie a festivalului \u201eZilele Teatrului Matei Vi\u0219niec\u201d, organizat de Teatrul Municipal \u201eMatei Vi\u0219niec\u201d Suceava, cu spectacolul \u201eCabaretul Dada\u201d, scris de reputatul dramaturg \u0219i regizat de Anca Bradu. Spectacolul or\u0103dean s-a jucat pe scena Casei de Cultur\u0103 a Sindicatelor Suceava vineri, 19 mai, de la ora 19:00 \u0219i","inLanguage":"hu-HU","isPartOf":{"@id":"https:\/\/www.teatrulreginamaria.ro\/hu\/#website"},"breadcrumb":{"@id":"https:\/\/www.teatrulreginamaria.ro\/hu\/cabaretul-dada-la-prima-editie-a-zilelor-teatrului-matei-visniec-din-suceava\/#breadcrumblist"},"author":{"@id":"https:\/\/www.teatrulreginamaria.ro\/hu\/author\/w3bmaster\/#author"},"creator":{"@id":"https:\/\/www.teatrulreginamaria.ro\/hu\/author\/w3bmaster\/#author"},"datePublished":"2017-05-22T07:29:17+03:00","dateModified":"2017-05-22T07:29:17+03:00"},{"@type":"WebSite","@id":"https:\/\/www.teatrulreginamaria.ro\/hu\/#website","url":"https:\/\/www.teatrulreginamaria.ro\/hu\/","name":"Teatrul Regina Maria Oradea","alternateName":"TRM Oradea","description":"Trupa Iosif Vulcan \u0219i Trupa Arcadia","inLanguage":"hu-HU","publisher":{"@id":"https:\/\/www.teatrulreginamaria.ro\/hu\/#organization"}}]},"og:locale":"hu_HU","og:site_name":"Teatrul Regina Maria Oradea - Trupa Iosif Vulcan \u0219i Trupa Arcadia","og:type":"article","og:title":"CABARETUL DADA la prima edi\u021bie a \u201eZilelor Teatrului Matei Vi\u0219niec\u201d din Suceava - Teatrul Regina Maria Oradea","og:description":"Teatrul Regina Maria a fost invitat la prima edi\u021bie a festivalului \u201eZilele Teatrului Matei Vi\u0219niec\u201d, organizat de Teatrul Municipal \u201eMatei Vi\u0219niec\u201d Suceava, cu spectacolul \u201eCabaretul Dada\u201d, scris de reputatul dramaturg \u0219i regizat de Anca Bradu. Spectacolul or\u0103dean s-a jucat pe scena Casei de Cultur\u0103 a Sindicatelor Suceava vineri, 19 mai, de la ora 19:00 \u0219i","og:url":"https:\/\/www.teatrulreginamaria.ro\/hu\/cabaretul-dada-la-prima-editie-a-zilelor-teatrului-matei-visniec-din-suceava\/","og:image":"https:\/\/www.teatrulreginamaria.ro\/wp-content\/uploads\/2025\/03\/trm-istoric-01.jpg","og:image:secure_url":"https:\/\/www.teatrulreginamaria.ro\/wp-content\/uploads\/2025\/03\/trm-istoric-01.jpg","og:image:width":1200,"og:image:height":800,"article:published_time":"2017-05-22T07:29:17+00:00","article:modified_time":"2017-05-22T07:29:17+00:00","article:publisher":"https:\/\/www.facebook.com\/TRMTrupaIosifVulcan\/","twitter:card":"summary_large_image","twitter:site":"@TRMOradea","twitter:title":"CABARETUL DADA la prima edi\u021bie a \u201eZilelor Teatrului Matei Vi\u0219niec\u201d din Suceava - Teatrul Regina Maria Oradea","twitter:description":"Teatrul Regina Maria a fost invitat la prima edi\u021bie a festivalului \u201eZilele Teatrului Matei Vi\u0219niec\u201d, organizat de Teatrul Municipal \u201eMatei Vi\u0219niec\u201d Suceava, cu spectacolul \u201eCabaretul Dada\u201d, scris de reputatul dramaturg \u0219i regizat de Anca Bradu. Spectacolul or\u0103dean s-a jucat pe scena Casei de Cultur\u0103 a Sindicatelor Suceava vineri, 19 mai, de la ora 19:00 \u0219i","twitter:creator":"@TRMOradea","twitter:image":"https:\/\/www.teatrulreginamaria.ro\/wp-content\/uploads\/2025\/03\/trm-istoric-01.jpg"},"aioseo_meta_data":{"post_id":"1219","title":null,"description":null,"keywords":null,"keyphrases":null,"primary_term":null,"canonical_url":null,"og_title":null,"og_description":null,"og_object_type":"default","og_image_type":"default","og_image_url":null,"og_image_width":null,"og_image_height":null,"og_image_custom_url":null,"og_image_custom_fields":null,"og_video":null,"og_custom_url":null,"og_article_section":null,"og_article_tags":null,"twitter_use_og":false,"twitter_card":"default","twitter_image_type":"default","twitter_image_url":null,"twitter_image_custom_url":null,"twitter_image_custom_fields":null,"twitter_title":null,"twitter_description":null,"schema":{"blockGraphs":[],"customGraphs":[],"default":{"data":{"Article":[],"Course":[],"Dataset":[],"FAQPage":[],"Movie":[],"Person":[],"Product":[],"ProductReview":[],"Car":[],"Recipe":[],"Service":[],"SoftwareApplication":[],"WebPage":[]},"graphName":"","isEnabled":true},"graphs":[]},"schema_type":"default","schema_type_options":null,"pillar_content":false,"robots_default":true,"robots_noindex":false,"robots_noarchive":false,"robots_nosnippet":false,"robots_nofollow":false,"robots_noimageindex":false,"robots_noodp":false,"robots_notranslate":false,"robots_max_snippet":null,"robots_max_videopreview":null,"robots_max_imagepreview":"large","priority":null,"frequency":null,"local_seo":null,"seo_analyzer_scan_date":"2026-05-13 01:35:13","breadcrumb_settings":null,"limit_modified_date":false,"reviewed_by":null,"open_ai":null,"ai":null,"created":"2025-04-09 17:42:40","updated":"2026-05-13 01:35:13","focus_keyword":null,"additional_keywords":null,"truseo_locale":null},"aioseo_breadcrumb":"<div class=\"aioseo-breadcrumbs\"><span class=\"aioseo-breadcrumb\">\n\t<a href=\"https:\/\/www.teatrulreginamaria.ro\/hu\" title=\"Home\">Home<\/a>\n<\/span><span class=\"aioseo-breadcrumb-separator\">&raquo;<\/span><span class=\"aioseo-breadcrumb\">\n\t<a href=\"https:\/\/www.teatrulreginamaria.ro\/hu\/categorie\/noutati\/\" title=\"Nout\u0103\u021bi\">Nout\u0103\u021bi<\/a>\n<\/span><span class=\"aioseo-breadcrumb-separator\">&raquo;<\/span><span class=\"aioseo-breadcrumb\">\n\t<a href=\"https:\/\/www.teatrulreginamaria.ro\/hu\/categorie\/noutati\/noutati-trupa-iosif-vulcan\/\" title=\"Nout\u0103\u021bi - Trupa Iosif Vulcan\">Nout\u0103\u021bi - Trupa Iosif Vulcan<\/a>\n<\/span><span class=\"aioseo-breadcrumb-separator\">&raquo;<\/span><span class=\"aioseo-breadcrumb\">\n\tCABARETUL DADA la prima edi\u021bie a \u201eZilelor Teatrului Matei Vi\u0219niec\u201d din Suceava\n<\/span><\/div>","aioseo_breadcrumb_json":[{"label":"Home","link":"https:\/\/www.teatrulreginamaria.ro\/hu"},{"label":"Nout\u0103\u021bi","link":"https:\/\/www.teatrulreginamaria.ro\/hu\/categorie\/noutati\/"},{"label":"Nout\u0103\u021bi - Trupa Iosif Vulcan","link":"https:\/\/www.teatrulreginamaria.ro\/hu\/categorie\/noutati\/noutati-trupa-iosif-vulcan\/"},{"label":"CABARETUL DADA la prima edi\u021bie a \u201eZilelor Teatrului Matei Vi\u0219niec\u201d din Suceava","link":"https:\/\/www.teatrulreginamaria.ro\/hu\/cabaretul-dada-la-prima-editie-a-zilelor-teatrului-matei-visniec-din-suceava\/"}],"acf":[],"_links":{"self":[{"href":"https:\/\/www.teatrulreginamaria.ro\/hu\/wp-json\/wp\/v2\/posts\/1219","targetHints":{"allow":["GET"]}}],"collection":[{"href":"https:\/\/www.teatrulreginamaria.ro\/hu\/wp-json\/wp\/v2\/posts"}],"about":[{"href":"https:\/\/www.teatrulreginamaria.ro\/hu\/wp-json\/wp\/v2\/types\/post"}],"author":[{"embeddable":true,"href":"https:\/\/www.teatrulreginamaria.ro\/hu\/wp-json\/wp\/v2\/users\/6"}],"replies":[{"embeddable":true,"href":"https:\/\/www.teatrulreginamaria.ro\/hu\/wp-json\/wp\/v2\/comments?post=1219"}],"version-history":[{"count":0,"href":"https:\/\/www.teatrulreginamaria.ro\/hu\/wp-json\/wp\/v2\/posts\/1219\/revisions"}],"wp:attachment":[{"href":"https:\/\/www.teatrulreginamaria.ro\/hu\/wp-json\/wp\/v2\/media?parent=1219"}],"wp:term":[{"taxonomy":"category","embeddable":true,"href":"https:\/\/www.teatrulreginamaria.ro\/hu\/wp-json\/wp\/v2\/categories?post=1219"},{"taxonomy":"post_tag","embeddable":true,"href":"https:\/\/www.teatrulreginamaria.ro\/hu\/wp-json\/wp\/v2\/tags?post=1219"}],"curies":[{"name":"munkaf\u00fczet","href":"https:\/\/api.w.org\/{rel}","templated":true}]}}