{"id":1224,"date":"2017-06-28T08:37:32","date_gmt":"2017-06-28T08:37:32","guid":{"rendered":"https:\/\/teatrulreginamaria.ro\/2017\/06\/28\/teatrul-regina-maria-la-festivalul-international-de-teatru-miturile-cetatii-din-constanta\/"},"modified":"2017-06-28T08:37:32","modified_gmt":"2017-06-28T08:37:32","slug":"queen-maria-szinhaz-a-konstancai-az-erod-mitoszai-nemzetkozi-szinhazi-fesztivalon","status":"publish","type":"post","link":"https:\/\/www.teatrulreginamaria.ro\/hu\/teatrul-regina-maria-la-festivalul-international-de-teatru-miturile-cetatii-din-constanta\/","title":{"rendered":"QUEEN MARIA SZ\u00cdNH\u00c1Z A KONSTANCAI &quot;AZ ER\u0150D M\u00cdTOSZAI&quot; C\u00cdM\u0170 NEMZETK\u00d6ZI SZ\u00cdNH\u00c1ZI FESZTIV\u00c1LON"},"content":{"rendered":"<p>A 2016\u20132017-es \u00e9vad hivatalosan is v\u00e9get \u00e9rt a Regina Maria Sz\u00ednh\u00e1zban, de b\u00e1r hagytuk, hogy lehulljon a f\u00fcgg\u00f6ny, \u00e9s egy r\u00f6vid vak\u00e1ci\u00f3t tartsunk, sz\u00edn\u00e9szeink mitikus birodalmakba utaztak, hogy csod\u00e1latos sz\u00ednh\u00e1zi aj\u00e1nd\u00e9kot ny\u00fajtsanak a konstancai k\u00f6z\u00f6ns\u00e9gnek.<\/p>\n<p><!--more--><\/p>\n<p style=\"text-align: justify;\">A Regina Maria Sz\u00ednh\u00e1z megh\u00edv\u00e1st kapott a konstancai \u201eAz er\u0151d m\u00edtoszai\u201d Nemzetk\u00f6zi Sz\u00ednh\u00e1zi Fesztiv\u00e1l 2. kiad\u00e1s\u00e1ra, amelyre j\u00fanius 19. \u00e9s 27. k\u00f6z\u00f6tt ker\u00fclt sor. K\u00e9t el\u0151ad\u00e1ssal vett r\u00e9szt: a Jonathan Swift alapj\u00e1n \u00e1tdolgozott \u201eGulliver\u201d c\u00edm\u0171 darabbal, Radu Dinulescu m\u0171v\u00e9szeti vezet\u00e9s\u00e9vel, az Arcadia T\u00e1rsulat el\u0151ad\u00e1s\u00e1ban, valamint Dale Wasserman musicalj\u00e9vel, a La Mancha-i f\u00e9rfival, Korcsmaros Gy\u00f6rgy m\u0171v\u00e9szeti vezet\u00e9s\u00e9vel, az Iosif Vulcan T\u00e1rsulat el\u0151ad\u00e1s\u00e1ban. Mindk\u00e9t el\u0151ad\u00e1st j\u00fanius 23-\u00e1n mutatt\u00e1k be, hatalmas tapsviharral \u00e9s lelkesed\u00e9ssel jutalmazva.<\/p>\n<p style=\"text-align: justify;\">Megtiszteltet\u00e9s sz\u00e1munkra, hogy id\u00e9n r\u00e9szt vehett\u00fcnk a konstancai sz\u00ednh\u00e1zi fesztiv\u00e1lon, Rom\u00e1nia egyetlen \u00f3kori sz\u00ednh\u00e1znak szentelt m\u0171v\u00e9szeti esem\u00e9ny\u00e9n, \u00e9s rem\u00e9lj\u00fck, hogy \u00e9vr\u0151l \u00e9vre \u00fajra tal\u00e1lkozunk a tengerparton, hogy hagyjuk, hogy mag\u00e1val ragadjon minket a sz\u00ednh\u00e1z var\u00e1zsa, \u00e9s bel\u00e9pj\u00fcnk a m\u00edtoszok univerzum\u00e1ba. \u00a0<\/p>\n<p style=\"text-align: justify;\">Utunk azonban itt nem \u00e9r v\u00e9get, \u00e9s miel\u0151tt igaz\u00e1n nyaralni induln\u00e1nk, m\u00e9g egy meg\u00e1ll\u00f3t tesz\u00fcnk Gyul\u00e1n, ahol j\u00falius 13-\u00e1n r\u00e9szt vesz\u00fcnk az &quot;\u00c9jszaka sz\u00edv\u00e9ben - Lear epiz\u00f3d&quot; c\u00edm\u0171 el\u0151ad\u00e1ssal a Citadella Sz\u00ednh\u00e1z \u00e1ltal szervezett 13. Shakespeare Fesztiv\u00e1lon.<\/p>\n<p style=\"text-align: justify;\">Tal\u00e1lkozunk \u0151sszel \u00fajra, Nagyv\u00e1rad! Legyen csod\u00e1latos \u00e9s pihentet\u0151 nyarad!<\/p>","protected":false},"excerpt":{"rendered":"<p>A 2016\u20132017-es \u00e9vad hivatalosan is v\u00e9get \u00e9rt a Regina Maria Sz\u00ednh\u00e1zban, de b\u00e1r hagytuk, hogy lehulljon a f\u00fcgg\u00f6ny, \u00e9s egy r\u00f6vid vak\u00e1ci\u00f3t tartsunk, sz\u00edn\u00e9szeink mitikus birodalmakba utaztak, hogy csod\u00e1latos sz\u00ednh\u00e1zi aj\u00e1nd\u00e9kot ny\u00fajtsanak a konstancai k\u00f6z\u00f6ns\u00e9gnek.<\/p>","protected":false},"author":6,"featured_media":0,"comment_status":"open","ping_status":"open","sticky":false,"template":"","format":"standard","meta":{"_acf_changed":false,"footnotes":""},"categories":[22],"tags":[],"class_list":["post-1224","post","type-post","status-publish","format-standard","hentry","category-noutati-trupa-iosif-vulcan"],"aioseo_notices":[],"aioseo_head":"\n\t\t<!-- All in One SEO Pro 5.0.1.1 - aioseo.com -->\n\t<meta name=\"description\" content=\"Stagiunea 2016-2017 s-a \u00eencheiat oficial la Teatrul Regina Maria, \u00eens\u0103 chiar dac\u0103 am l\u0103sat faldurile cortinei s\u0103 cad\u0103 pentru a lua o scurt\u0103 vacan\u021b\u0103, actorii no\u0219tri au c\u0103l\u0103torit spre t\u0103r\u00e2muri mitice pentru a oferi un cadou teatral minunat publicului const\u0103n\u021bean. Teatrul Regina Maria a fost invitat la cea de-a II-a edi\u021bie a Festivalului Interna\u021bional de\" \/>\n\t<meta name=\"robots\" content=\"max-image-preview:large\" \/>\n\t<meta name=\"author\" content=\"Teatrul Regina Maria\"\/>\n\t<link rel=\"canonical\" href=\"https:\/\/www.teatrulreginamaria.ro\/hu\/teatrul-regina-maria-la-festivalul-international-de-teatru-miturile-cetatii-din-constanta\/\" \/>\n\t<meta name=\"generator\" content=\"All in One SEO Pro (AIOSEO) 5.0.1.1\" \/>\n\t\t<meta property=\"og:locale\" content=\"hu_HU\" \/>\n\t\t<meta property=\"og:site_name\" content=\"Teatrul Regina Maria Oradea - Trupa Iosif Vulcan \u0219i Trupa Arcadia\" \/>\n\t\t<meta property=\"og:type\" content=\"article\" \/>\n\t\t<meta property=\"og:title\" content=\"TEATRUL REGINA MARIA LA FESTIVALUL INTERNA\u021aIONAL DE TEATRU \u201eMITURILE CET\u0102\u021aII\u201d DIN CONSTAN\u021aA - Teatrul Regina Maria Oradea\" \/>\n\t\t<meta property=\"og:description\" content=\"Stagiunea 2016-2017 s-a \u00eencheiat oficial la Teatrul Regina Maria, \u00eens\u0103 chiar dac\u0103 am l\u0103sat faldurile cortinei s\u0103 cad\u0103 pentru a lua o scurt\u0103 vacan\u021b\u0103, actorii no\u0219tri au c\u0103l\u0103torit spre t\u0103r\u00e2muri mitice pentru a oferi un cadou teatral minunat publicului const\u0103n\u021bean. Teatrul Regina Maria a fost invitat la cea de-a II-a edi\u021bie a Festivalului Interna\u021bional de\" \/>\n\t\t<meta property=\"og:url\" content=\"https:\/\/www.teatrulreginamaria.ro\/hu\/teatrul-regina-maria-la-festivalul-international-de-teatru-miturile-cetatii-din-constanta\/\" \/>\n\t\t<meta property=\"og:image\" content=\"https:\/\/www.teatrulreginamaria.ro\/wp-content\/uploads\/2025\/03\/trm-istoric-01.jpg\" \/>\n\t\t<meta property=\"og:image:secure_url\" content=\"https:\/\/www.teatrulreginamaria.ro\/wp-content\/uploads\/2025\/03\/trm-istoric-01.jpg\" \/>\n\t\t<meta property=\"og:image:width\" content=\"1200\" \/>\n\t\t<meta property=\"og:image:height\" content=\"800\" \/>\n\t\t<meta property=\"article:published_time\" content=\"2017-06-28T08:37:32+00:00\" \/>\n\t\t<meta property=\"article:modified_time\" content=\"2017-06-28T08:37:32+00:00\" \/>\n\t\t<meta property=\"article:publisher\" content=\"https:\/\/www.facebook.com\/TRMTrupaIosifVulcan\/\" \/>\n\t\t<meta name=\"twitter:card\" content=\"summary_large_image\" \/>\n\t\t<meta name=\"twitter:site\" content=\"@TRMOradea\" \/>\n\t\t<meta name=\"twitter:title\" content=\"TEATRUL REGINA MARIA LA FESTIVALUL INTERNA\u021aIONAL DE TEATRU \u201eMITURILE CET\u0102\u021aII\u201d DIN CONSTAN\u021aA - Teatrul Regina Maria Oradea\" \/>\n\t\t<meta name=\"twitter:description\" content=\"Stagiunea 2016-2017 s-a \u00eencheiat oficial la Teatrul Regina Maria, \u00eens\u0103 chiar dac\u0103 am l\u0103sat faldurile cortinei s\u0103 cad\u0103 pentru a lua o scurt\u0103 vacan\u021b\u0103, actorii no\u0219tri au c\u0103l\u0103torit spre t\u0103r\u00e2muri mitice pentru a oferi un cadou teatral minunat publicului const\u0103n\u021bean. Teatrul Regina Maria a fost invitat la cea de-a II-a edi\u021bie a Festivalului Interna\u021bional de\" \/>\n\t\t<meta name=\"twitter:creator\" content=\"@TRMOradea\" \/>\n\t\t<meta name=\"twitter:image\" content=\"https:\/\/www.teatrulreginamaria.ro\/wp-content\/uploads\/2025\/03\/trm-istoric-01.jpg\" \/>\n\t\t<script type=\"application\/ld+json\" class=\"aioseo-schema\">\n\t\t\t{\"@context\":\"https:\\\/\\\/schema.org\",\"@graph\":[{\"@type\":\"BlogPosting\",\"@id\":\"https:\\\/\\\/www.teatrulreginamaria.ro\\\/hu\\\/teatrul-regina-maria-la-festivalul-international-de-teatru-miturile-cetatii-din-constanta\\\/#blogposting\",\"name\":\"TEATRUL REGINA MARIA LA FESTIVALUL INTERNA\\u021aIONAL DE TEATRU \\u201eMITURILE CET\\u0102\\u021aII\\u201d DIN CONSTAN\\u021aA - Teatrul Regina Maria Oradea\",\"headline\":\"TEATRUL REGINA MARIA LA FESTIVALUL INTERNA\\u021aIONAL DE TEATRU \\u201eMITURILE CET\\u0102\\u021aII\\u201d DIN CONSTAN\\u021aA\",\"author\":{\"@id\":\"https:\\\/\\\/www.teatrulreginamaria.ro\\\/hu\\\/author\\\/w3bmaster\\\/#author\"},\"publisher\":{\"@id\":\"https:\\\/\\\/www.teatrulreginamaria.ro\\\/hu\\\/#organization\"},\"image\":{\"@type\":\"ImageObject\",\"url\":\"https:\\\/\\\/www.teatrulreginamaria.ro\\\/wp-content\\\/uploads\\\/2025\\\/06\\\/logo-trm-01-dark.png\",\"@id\":\"https:\\\/\\\/www.teatrulreginamaria.ro\\\/hu\\\/#articleImage\",\"width\":300,\"height\":148},\"datePublished\":\"2017-06-28T08:37:32+03:00\",\"dateModified\":\"2017-06-28T08:37:32+03:00\",\"inLanguage\":\"hu-HU\",\"mainEntityOfPage\":{\"@id\":\"https:\\\/\\\/www.teatrulreginamaria.ro\\\/hu\\\/teatrul-regina-maria-la-festivalul-international-de-teatru-miturile-cetatii-din-constanta\\\/#webpage\"},\"isPartOf\":{\"@id\":\"https:\\\/\\\/www.teatrulreginamaria.ro\\\/hu\\\/teatrul-regina-maria-la-festivalul-international-de-teatru-miturile-cetatii-din-constanta\\\/#webpage\"},\"articleSection\":\"Nout\\u0103\\u021bi - Trupa Iosif Vulcan\"},{\"@type\":\"BreadcrumbList\",\"@id\":\"https:\\\/\\\/www.teatrulreginamaria.ro\\\/hu\\\/teatrul-regina-maria-la-festivalul-international-de-teatru-miturile-cetatii-din-constanta\\\/#breadcrumblist\",\"itemListElement\":[{\"@type\":\"ListItem\",\"@id\":\"https:\\\/\\\/www.teatrulreginamaria.ro\\\/hu#listItem\",\"position\":1,\"name\":\"Home\",\"item\":\"https:\\\/\\\/www.teatrulreginamaria.ro\\\/hu\",\"nextItem\":{\"@type\":\"ListItem\",\"@id\":\"https:\\\/\\\/www.teatrulreginamaria.ro\\\/hu\\\/categorie\\\/noutati\\\/#listItem\",\"name\":\"Nout\\u0103\\u021bi\"}},{\"@type\":\"ListItem\",\"@id\":\"https:\\\/\\\/www.teatrulreginamaria.ro\\\/hu\\\/categorie\\\/noutati\\\/#listItem\",\"position\":2,\"name\":\"Nout\\u0103\\u021bi\",\"item\":\"https:\\\/\\\/www.teatrulreginamaria.ro\\\/hu\\\/categorie\\\/noutati\\\/\",\"nextItem\":{\"@type\":\"ListItem\",\"@id\":\"https:\\\/\\\/www.teatrulreginamaria.ro\\\/hu\\\/categorie\\\/noutati\\\/noutati-trupa-iosif-vulcan\\\/#listItem\",\"name\":\"Nout\\u0103\\u021bi - Trupa Iosif Vulcan\"},\"previousItem\":{\"@type\":\"ListItem\",\"@id\":\"https:\\\/\\\/www.teatrulreginamaria.ro\\\/hu#listItem\",\"name\":\"Home\"}},{\"@type\":\"ListItem\",\"@id\":\"https:\\\/\\\/www.teatrulreginamaria.ro\\\/hu\\\/categorie\\\/noutati\\\/noutati-trupa-iosif-vulcan\\\/#listItem\",\"position\":3,\"name\":\"Nout\\u0103\\u021bi - Trupa Iosif Vulcan\",\"item\":\"https:\\\/\\\/www.teatrulreginamaria.ro\\\/hu\\\/categorie\\\/noutati\\\/noutati-trupa-iosif-vulcan\\\/\",\"nextItem\":{\"@type\":\"ListItem\",\"@id\":\"https:\\\/\\\/www.teatrulreginamaria.ro\\\/hu\\\/teatrul-regina-maria-la-festivalul-international-de-teatru-miturile-cetatii-din-constanta\\\/#listItem\",\"name\":\"TEATRUL REGINA MARIA LA FESTIVALUL INTERNA\\u021aIONAL DE TEATRU \\u201eMITURILE CET\\u0102\\u021aII\\u201d DIN CONSTAN\\u021aA\"},\"previousItem\":{\"@type\":\"ListItem\",\"@id\":\"https:\\\/\\\/www.teatrulreginamaria.ro\\\/hu\\\/categorie\\\/noutati\\\/#listItem\",\"name\":\"Nout\\u0103\\u021bi\"}},{\"@type\":\"ListItem\",\"@id\":\"https:\\\/\\\/www.teatrulreginamaria.ro\\\/hu\\\/teatrul-regina-maria-la-festivalul-international-de-teatru-miturile-cetatii-din-constanta\\\/#listItem\",\"position\":4,\"name\":\"TEATRUL REGINA MARIA LA FESTIVALUL INTERNA\\u021aIONAL DE TEATRU \\u201eMITURILE CET\\u0102\\u021aII\\u201d DIN CONSTAN\\u021aA\",\"previousItem\":{\"@type\":\"ListItem\",\"@id\":\"https:\\\/\\\/www.teatrulreginamaria.ro\\\/hu\\\/categorie\\\/noutati\\\/noutati-trupa-iosif-vulcan\\\/#listItem\",\"name\":\"Nout\\u0103\\u021bi - Trupa Iosif Vulcan\"}}]},{\"@type\":\"Organization\",\"@id\":\"https:\\\/\\\/www.teatrulreginamaria.ro\\\/hu\\\/#organization\",\"name\":\"Teatrul Regina Maria Oradea\",\"description\":\"Trupa Iosif Vulcan \\u0219i Trupa Arcadia\",\"url\":\"https:\\\/\\\/www.teatrulreginamaria.ro\\\/hu\\\/\",\"email\":\"marketing@teatrulreginamaria.ro\",\"telephone\":\"+40359411534\",\"numberOfEmployees\":{\"@type\":\"QuantitativeValue\",\"minValue\":0,\"maxValue\":150},\"logo\":{\"@type\":\"ImageObject\",\"url\":\"https:\\\/\\\/www.teatrulreginamaria.ro\\\/wp-content\\\/uploads\\\/2025\\\/06\\\/logo-trm-01-dark.png\",\"@id\":\"https:\\\/\\\/www.teatrulreginamaria.ro\\\/hu\\\/teatrul-regina-maria-la-festivalul-international-de-teatru-miturile-cetatii-din-constanta\\\/#organizationLogo\",\"width\":300,\"height\":148},\"image\":{\"@id\":\"https:\\\/\\\/www.teatrulreginamaria.ro\\\/hu\\\/teatrul-regina-maria-la-festivalul-international-de-teatru-miturile-cetatii-din-constanta\\\/#organizationLogo\"},\"sameAs\":[\"https:\\\/\\\/www.facebook.com\\\/TRMTrupaIosifVulcan\\\/\",\"https:\\\/\\\/x.com\\\/TRMOradea\",\"https:\\\/\\\/www.instagram.com\\\/teatrul_regina_maria\\\/\",\"https:\\\/\\\/www.youtube.com\\\/c\\\/TeatrulReginaMariaOradea\",\"https:\\\/\\\/www.linkedin.com\\\/company\\\/teatrul-regina-maria\"]},{\"@type\":\"Person\",\"@id\":\"https:\\\/\\\/www.teatrulreginamaria.ro\\\/hu\\\/author\\\/w3bmaster\\\/#author\",\"url\":\"https:\\\/\\\/www.teatrulreginamaria.ro\\\/hu\\\/author\\\/w3bmaster\\\/\",\"name\":\"Teatrul Regina Maria\",\"image\":{\"@type\":\"ImageObject\",\"@id\":\"https:\\\/\\\/www.teatrulreginamaria.ro\\\/hu\\\/teatrul-regina-maria-la-festivalul-international-de-teatru-miturile-cetatii-din-constanta\\\/#authorImage\",\"url\":\"https:\\\/\\\/secure.gravatar.com\\\/avatar\\\/5884139d508ae3f0bafe45e60563b48a9640146d3b08ccc6278c305ff9329305?s=96&d=mm&r=g\",\"width\":96,\"height\":96,\"caption\":\"Teatrul Regina Maria\"}},{\"@type\":\"WebPage\",\"@id\":\"https:\\\/\\\/www.teatrulreginamaria.ro\\\/hu\\\/teatrul-regina-maria-la-festivalul-international-de-teatru-miturile-cetatii-din-constanta\\\/#webpage\",\"url\":\"https:\\\/\\\/www.teatrulreginamaria.ro\\\/hu\\\/teatrul-regina-maria-la-festivalul-international-de-teatru-miturile-cetatii-din-constanta\\\/\",\"name\":\"TEATRUL REGINA MARIA LA FESTIVALUL INTERNA\\u021aIONAL DE TEATRU \\u201eMITURILE CET\\u0102\\u021aII\\u201d DIN CONSTAN\\u021aA - Teatrul Regina Maria Oradea\",\"description\":\"Stagiunea 2016-2017 s-a \\u00eencheiat oficial la Teatrul Regina Maria, \\u00eens\\u0103 chiar dac\\u0103 am l\\u0103sat faldurile cortinei s\\u0103 cad\\u0103 pentru a lua o scurt\\u0103 vacan\\u021b\\u0103, actorii no\\u0219tri au c\\u0103l\\u0103torit spre t\\u0103r\\u00e2muri mitice pentru a oferi un cadou teatral minunat publicului const\\u0103n\\u021bean. Teatrul Regina Maria a fost invitat la cea de-a II-a edi\\u021bie a Festivalului Interna\\u021bional de\",\"inLanguage\":\"hu-HU\",\"isPartOf\":{\"@id\":\"https:\\\/\\\/www.teatrulreginamaria.ro\\\/hu\\\/#website\"},\"breadcrumb\":{\"@id\":\"https:\\\/\\\/www.teatrulreginamaria.ro\\\/hu\\\/teatrul-regina-maria-la-festivalul-international-de-teatru-miturile-cetatii-din-constanta\\\/#breadcrumblist\"},\"author\":{\"@id\":\"https:\\\/\\\/www.teatrulreginamaria.ro\\\/hu\\\/author\\\/w3bmaster\\\/#author\"},\"creator\":{\"@id\":\"https:\\\/\\\/www.teatrulreginamaria.ro\\\/hu\\\/author\\\/w3bmaster\\\/#author\"},\"datePublished\":\"2017-06-28T08:37:32+03:00\",\"dateModified\":\"2017-06-28T08:37:32+03:00\"},{\"@type\":\"WebSite\",\"@id\":\"https:\\\/\\\/www.teatrulreginamaria.ro\\\/hu\\\/#website\",\"url\":\"https:\\\/\\\/www.teatrulreginamaria.ro\\\/hu\\\/\",\"name\":\"Teatrul Regina Maria Oradea\",\"alternateName\":\"TRM Oradea\",\"description\":\"Trupa Iosif Vulcan \\u0219i Trupa Arcadia\",\"inLanguage\":\"hu-HU\",\"publisher\":{\"@id\":\"https:\\\/\\\/www.teatrulreginamaria.ro\\\/hu\\\/#organization\"}}]}\n\t\t<\/script>\n\t\t<!-- All in One SEO Pro -->\r\n\t\t<title>TEATRUL REGINA MARIA LA FESTIVALUL INTERNA\u021aIONAL DE TEATRU \u201eMITURILE CET\u0102\u021aII\u201d DIN CONSTAN\u021aA - Teatrul Regina Maria Oradea<\/title>\n\n","aioseo_head_json":{"title":"QUEEN MARIA SZ\u00cdNH\u00c1Z A KONSTANCAI &quot;AZ ER\u0150D M\u00cdTOSZAI&quot; C\u00cdM\u0170 NEMZETK\u00d6ZI SZ\u00cdNH\u00c1ZI FESZTIV\u00c1LON - Regina Maria Sz\u00ednh\u00e1z, Nagyv\u00e1radi","description":"A 2016\u20132017-es \u00e9vad hivatalosan v\u00e9get \u00e9rt a Regina Maria Sz\u00ednh\u00e1zban, de b\u00e1r hagytuk, hogy a f\u00fcgg\u00f6ny\u00f6k lehulljanak egy r\u00f6vid vak\u00e1ci\u00f3ra, sz\u00edn\u00e9szeink mitikus vil\u00e1gokba utaztak, hogy csod\u00e1latos sz\u00ednh\u00e1zi aj\u00e1nd\u00e9kot ny\u00fajtsanak a konstancai k\u00f6z\u00f6ns\u00e9gnek. A Regina Maria Sz\u00ednh\u00e1z megh\u00edv\u00e1st kapott a Nemzetk\u00f6zi Sz\u00ednpadi Fesztiv\u00e1l 2. kiad\u00e1s\u00e1ra.","canonical_url":"https:\/\/www.teatrulreginamaria.ro\/hu\/teatrul-regina-maria-la-festivalul-international-de-teatru-miturile-cetatii-din-constanta\/","robots":"max-image-preview:large","keywords":"","webmasterTools":{"miscellaneous":""},"schema":{"@context":"https:\/\/schema.org","@graph":[{"@type":"BlogPosting","@id":"https:\/\/www.teatrulreginamaria.ro\/hu\/teatrul-regina-maria-la-festivalul-international-de-teatru-miturile-cetatii-din-constanta\/#blogposting","name":"TEATRUL REGINA MARIA LA FESTIVALUL INTERNA\u021aIONAL DE TEATRU \u201eMITURILE CET\u0102\u021aII\u201d DIN CONSTAN\u021aA - Teatrul Regina Maria Oradea","headline":"TEATRUL REGINA MARIA LA FESTIVALUL INTERNA\u021aIONAL DE TEATRU \u201eMITURILE CET\u0102\u021aII\u201d DIN CONSTAN\u021aA","author":{"@id":"https:\/\/www.teatrulreginamaria.ro\/hu\/author\/w3bmaster\/#author"},"publisher":{"@id":"https:\/\/www.teatrulreginamaria.ro\/hu\/#organization"},"image":{"@type":"ImageObject","url":"https:\/\/www.teatrulreginamaria.ro\/wp-content\/uploads\/2025\/06\/logo-trm-01-dark.png","@id":"https:\/\/www.teatrulreginamaria.ro\/hu\/#articleImage","width":300,"height":148},"datePublished":"2017-06-28T08:37:32+03:00","dateModified":"2017-06-28T08:37:32+03:00","inLanguage":"hu-HU","mainEntityOfPage":{"@id":"https:\/\/www.teatrulreginamaria.ro\/hu\/teatrul-regina-maria-la-festivalul-international-de-teatru-miturile-cetatii-din-constanta\/#webpage"},"isPartOf":{"@id":"https:\/\/www.teatrulreginamaria.ro\/hu\/teatrul-regina-maria-la-festivalul-international-de-teatru-miturile-cetatii-din-constanta\/#webpage"},"articleSection":"Nout\u0103\u021bi - Trupa Iosif Vulcan"},{"@type":"BreadcrumbList","@id":"https:\/\/www.teatrulreginamaria.ro\/hu\/teatrul-regina-maria-la-festivalul-international-de-teatru-miturile-cetatii-din-constanta\/#breadcrumblist","itemListElement":[{"@type":"ListItem","@id":"https:\/\/www.teatrulreginamaria.ro\/hu#listItem","position":1,"name":"Home","item":"https:\/\/www.teatrulreginamaria.ro\/hu","nextItem":{"@type":"ListItem","@id":"https:\/\/www.teatrulreginamaria.ro\/hu\/categorie\/noutati\/#listItem","name":"Nout\u0103\u021bi"}},{"@type":"ListItem","@id":"https:\/\/www.teatrulreginamaria.ro\/hu\/categorie\/noutati\/#listItem","position":2,"name":"Nout\u0103\u021bi","item":"https:\/\/www.teatrulreginamaria.ro\/hu\/categorie\/noutati\/","nextItem":{"@type":"ListItem","@id":"https:\/\/www.teatrulreginamaria.ro\/hu\/categorie\/noutati\/noutati-trupa-iosif-vulcan\/#listItem","name":"Nout\u0103\u021bi - Trupa Iosif Vulcan"},"previousItem":{"@type":"ListItem","@id":"https:\/\/www.teatrulreginamaria.ro\/hu#listItem","name":"Home"}},{"@type":"ListItem","@id":"https:\/\/www.teatrulreginamaria.ro\/hu\/categorie\/noutati\/noutati-trupa-iosif-vulcan\/#listItem","position":3,"name":"Nout\u0103\u021bi - Trupa Iosif Vulcan","item":"https:\/\/www.teatrulreginamaria.ro\/hu\/categorie\/noutati\/noutati-trupa-iosif-vulcan\/","nextItem":{"@type":"ListItem","@id":"https:\/\/www.teatrulreginamaria.ro\/hu\/teatrul-regina-maria-la-festivalul-international-de-teatru-miturile-cetatii-din-constanta\/#listItem","name":"TEATRUL REGINA MARIA LA FESTIVALUL INTERNA\u021aIONAL DE TEATRU \u201eMITURILE CET\u0102\u021aII\u201d DIN CONSTAN\u021aA"},"previousItem":{"@type":"ListItem","@id":"https:\/\/www.teatrulreginamaria.ro\/hu\/categorie\/noutati\/#listItem","name":"Nout\u0103\u021bi"}},{"@type":"ListItem","@id":"https:\/\/www.teatrulreginamaria.ro\/hu\/teatrul-regina-maria-la-festivalul-international-de-teatru-miturile-cetatii-din-constanta\/#listItem","position":4,"name":"TEATRUL REGINA MARIA LA FESTIVALUL INTERNA\u021aIONAL DE TEATRU \u201eMITURILE CET\u0102\u021aII\u201d DIN CONSTAN\u021aA","previousItem":{"@type":"ListItem","@id":"https:\/\/www.teatrulreginamaria.ro\/hu\/categorie\/noutati\/noutati-trupa-iosif-vulcan\/#listItem","name":"Nout\u0103\u021bi - Trupa Iosif Vulcan"}}]},{"@type":"Organization","@id":"https:\/\/www.teatrulreginamaria.ro\/hu\/#organization","name":"Teatrul Regina Maria Oradea","description":"Trupa Iosif Vulcan \u0219i Trupa Arcadia","url":"https:\/\/www.teatrulreginamaria.ro\/hu\/","email":"marketing@teatrulreginamaria.ro","telephone":"+40359411534","numberOfEmployees":{"@type":"QuantitativeValue","minValue":0,"maxValue":150},"logo":{"@type":"ImageObject","url":"https:\/\/www.teatrulreginamaria.ro\/wp-content\/uploads\/2025\/06\/logo-trm-01-dark.png","@id":"https:\/\/www.teatrulreginamaria.ro\/hu\/teatrul-regina-maria-la-festivalul-international-de-teatru-miturile-cetatii-din-constanta\/#organizationLogo","width":300,"height":148},"image":{"@id":"https:\/\/www.teatrulreginamaria.ro\/hu\/teatrul-regina-maria-la-festivalul-international-de-teatru-miturile-cetatii-din-constanta\/#organizationLogo"},"sameAs":["https:\/\/www.facebook.com\/TRMTrupaIosifVulcan\/","https:\/\/x.com\/TRMOradea","https:\/\/www.instagram.com\/teatrul_regina_maria\/","https:\/\/www.youtube.com\/c\/TeatrulReginaMariaOradea","https:\/\/www.linkedin.com\/company\/teatrul-regina-maria"]},{"@type":"Person","@id":"https:\/\/www.teatrulreginamaria.ro\/hu\/author\/w3bmaster\/#author","url":"https:\/\/www.teatrulreginamaria.ro\/hu\/author\/w3bmaster\/","name":"Teatrul Regina Maria","image":{"@type":"ImageObject","@id":"https:\/\/www.teatrulreginamaria.ro\/hu\/teatrul-regina-maria-la-festivalul-international-de-teatru-miturile-cetatii-din-constanta\/#authorImage","url":"https:\/\/secure.gravatar.com\/avatar\/5884139d508ae3f0bafe45e60563b48a9640146d3b08ccc6278c305ff9329305?s=96&d=mm&r=g","width":96,"height":96,"caption":"Teatrul Regina Maria"}},{"@type":"WebPage","@id":"https:\/\/www.teatrulreginamaria.ro\/hu\/teatrul-regina-maria-la-festivalul-international-de-teatru-miturile-cetatii-din-constanta\/#webpage","url":"https:\/\/www.teatrulreginamaria.ro\/hu\/teatrul-regina-maria-la-festivalul-international-de-teatru-miturile-cetatii-din-constanta\/","name":"TEATRUL REGINA MARIA LA FESTIVALUL INTERNA\u021aIONAL DE TEATRU \u201eMITURILE CET\u0102\u021aII\u201d DIN CONSTAN\u021aA - Teatrul Regina Maria Oradea","description":"Stagiunea 2016-2017 s-a \u00eencheiat oficial la Teatrul Regina Maria, \u00eens\u0103 chiar dac\u0103 am l\u0103sat faldurile cortinei s\u0103 cad\u0103 pentru a lua o scurt\u0103 vacan\u021b\u0103, actorii no\u0219tri au c\u0103l\u0103torit spre t\u0103r\u00e2muri mitice pentru a oferi un cadou teatral minunat publicului const\u0103n\u021bean. Teatrul Regina Maria a fost invitat la cea de-a II-a edi\u021bie a Festivalului Interna\u021bional de","inLanguage":"hu-HU","isPartOf":{"@id":"https:\/\/www.teatrulreginamaria.ro\/hu\/#website"},"breadcrumb":{"@id":"https:\/\/www.teatrulreginamaria.ro\/hu\/teatrul-regina-maria-la-festivalul-international-de-teatru-miturile-cetatii-din-constanta\/#breadcrumblist"},"author":{"@id":"https:\/\/www.teatrulreginamaria.ro\/hu\/author\/w3bmaster\/#author"},"creator":{"@id":"https:\/\/www.teatrulreginamaria.ro\/hu\/author\/w3bmaster\/#author"},"datePublished":"2017-06-28T08:37:32+03:00","dateModified":"2017-06-28T08:37:32+03:00"},{"@type":"WebSite","@id":"https:\/\/www.teatrulreginamaria.ro\/hu\/#website","url":"https:\/\/www.teatrulreginamaria.ro\/hu\/","name":"Teatrul Regina Maria Oradea","alternateName":"TRM Oradea","description":"Trupa Iosif Vulcan \u0219i Trupa Arcadia","inLanguage":"hu-HU","publisher":{"@id":"https:\/\/www.teatrulreginamaria.ro\/hu\/#organization"}}]},"og:locale":"hu_HU","og:site_name":"Teatrul Regina Maria Oradea - Trupa Iosif Vulcan \u0219i Trupa Arcadia","og:type":"article","og:title":"TEATRUL REGINA MARIA LA FESTIVALUL INTERNA\u021aIONAL DE TEATRU \u201eMITURILE CET\u0102\u021aII\u201d DIN CONSTAN\u021aA - Teatrul Regina Maria Oradea","og:description":"Stagiunea 2016-2017 s-a \u00eencheiat oficial la Teatrul Regina Maria, \u00eens\u0103 chiar dac\u0103 am l\u0103sat faldurile cortinei s\u0103 cad\u0103 pentru a lua o scurt\u0103 vacan\u021b\u0103, actorii no\u0219tri au c\u0103l\u0103torit spre t\u0103r\u00e2muri mitice pentru a oferi un cadou teatral minunat publicului const\u0103n\u021bean. Teatrul Regina Maria a fost invitat la cea de-a II-a edi\u021bie a Festivalului Interna\u021bional de","og:url":"https:\/\/www.teatrulreginamaria.ro\/hu\/teatrul-regina-maria-la-festivalul-international-de-teatru-miturile-cetatii-din-constanta\/","og:image":"https:\/\/www.teatrulreginamaria.ro\/wp-content\/uploads\/2025\/03\/trm-istoric-01.jpg","og:image:secure_url":"https:\/\/www.teatrulreginamaria.ro\/wp-content\/uploads\/2025\/03\/trm-istoric-01.jpg","og:image:width":1200,"og:image:height":800,"article:published_time":"2017-06-28T08:37:32+00:00","article:modified_time":"2017-06-28T08:37:32+00:00","article:publisher":"https:\/\/www.facebook.com\/TRMTrupaIosifVulcan\/","twitter:card":"summary_large_image","twitter:site":"@TRMOradea","twitter:title":"TEATRUL REGINA MARIA LA FESTIVALUL INTERNA\u021aIONAL DE TEATRU \u201eMITURILE CET\u0102\u021aII\u201d DIN CONSTAN\u021aA - Teatrul Regina Maria Oradea","twitter:description":"Stagiunea 2016-2017 s-a \u00eencheiat oficial la Teatrul Regina Maria, \u00eens\u0103 chiar dac\u0103 am l\u0103sat faldurile cortinei s\u0103 cad\u0103 pentru a lua o scurt\u0103 vacan\u021b\u0103, actorii no\u0219tri au c\u0103l\u0103torit spre t\u0103r\u00e2muri mitice pentru a oferi un cadou teatral minunat publicului const\u0103n\u021bean. Teatrul Regina Maria a fost invitat la cea de-a II-a edi\u021bie a Festivalului Interna\u021bional de","twitter:creator":"@TRMOradea","twitter:image":"https:\/\/www.teatrulreginamaria.ro\/wp-content\/uploads\/2025\/03\/trm-istoric-01.jpg"},"aioseo_meta_data":{"post_id":"1224","title":null,"description":null,"keywords":null,"keyphrases":null,"primary_term":null,"canonical_url":null,"og_title":null,"og_description":null,"og_object_type":"default","og_image_type":"default","og_image_url":null,"og_image_width":null,"og_image_height":null,"og_image_custom_url":null,"og_image_custom_fields":null,"og_video":null,"og_custom_url":null,"og_article_section":null,"og_article_tags":null,"twitter_use_og":false,"twitter_card":"default","twitter_image_type":"default","twitter_image_url":null,"twitter_image_custom_url":null,"twitter_image_custom_fields":null,"twitter_title":null,"twitter_description":null,"schema":{"blockGraphs":[],"customGraphs":[],"default":{"data":{"Article":[],"Course":[],"Dataset":[],"FAQPage":[],"Movie":[],"Person":[],"Product":[],"ProductReview":[],"Car":[],"Recipe":[],"Service":[],"SoftwareApplication":[],"WebPage":[]},"graphName":"","isEnabled":true},"graphs":[]},"schema_type":"default","schema_type_options":null,"pillar_content":false,"robots_default":true,"robots_noindex":false,"robots_noarchive":false,"robots_nosnippet":false,"robots_nofollow":false,"robots_noimageindex":false,"robots_noodp":false,"robots_notranslate":false,"robots_max_snippet":null,"robots_max_videopreview":null,"robots_max_imagepreview":"large","priority":null,"frequency":null,"local_seo":null,"seo_analyzer_scan_date":"2026-05-13 01:39:36","breadcrumb_settings":null,"limit_modified_date":false,"reviewed_by":null,"open_ai":null,"ai":null,"created":"2025-04-09 17:42:40","updated":"2026-05-13 01:39:36","focus_keyword":null,"additional_keywords":null,"truseo_locale":null},"aioseo_breadcrumb":"<div class=\"aioseo-breadcrumbs\"><span class=\"aioseo-breadcrumb\">\n\t<a href=\"https:\/\/www.teatrulreginamaria.ro\/hu\" title=\"Home\">Home<\/a>\n<\/span><span class=\"aioseo-breadcrumb-separator\">&raquo;<\/span><span class=\"aioseo-breadcrumb\">\n\t<a href=\"https:\/\/www.teatrulreginamaria.ro\/hu\/categorie\/noutati\/\" title=\"Nout\u0103\u021bi\">Nout\u0103\u021bi<\/a>\n<\/span><span class=\"aioseo-breadcrumb-separator\">&raquo;<\/span><span class=\"aioseo-breadcrumb\">\n\t<a href=\"https:\/\/www.teatrulreginamaria.ro\/hu\/categorie\/noutati\/noutati-trupa-iosif-vulcan\/\" title=\"Nout\u0103\u021bi - Trupa Iosif Vulcan\">Nout\u0103\u021bi - Trupa Iosif Vulcan<\/a>\n<\/span><span class=\"aioseo-breadcrumb-separator\">&raquo;<\/span><span class=\"aioseo-breadcrumb\">\n\tTEATRUL REGINA MARIA LA FESTIVALUL INTERNA\u021aIONAL DE TEATRU \u201eMITURILE CET\u0102\u021aII\u201d DIN CONSTAN\u021aA\n<\/span><\/div>","aioseo_breadcrumb_json":[{"label":"Home","link":"https:\/\/www.teatrulreginamaria.ro\/hu"},{"label":"Nout\u0103\u021bi","link":"https:\/\/www.teatrulreginamaria.ro\/hu\/categorie\/noutati\/"},{"label":"Nout\u0103\u021bi - Trupa Iosif Vulcan","link":"https:\/\/www.teatrulreginamaria.ro\/hu\/categorie\/noutati\/noutati-trupa-iosif-vulcan\/"},{"label":"TEATRUL REGINA MARIA LA FESTIVALUL INTERNA\u021aIONAL DE TEATRU \u201eMITURILE CET\u0102\u021aII\u201d DIN CONSTAN\u021aA","link":"https:\/\/www.teatrulreginamaria.ro\/hu\/teatrul-regina-maria-la-festivalul-international-de-teatru-miturile-cetatii-din-constanta\/"}],"acf":[],"_links":{"self":[{"href":"https:\/\/www.teatrulreginamaria.ro\/hu\/wp-json\/wp\/v2\/posts\/1224","targetHints":{"allow":["GET"]}}],"collection":[{"href":"https:\/\/www.teatrulreginamaria.ro\/hu\/wp-json\/wp\/v2\/posts"}],"about":[{"href":"https:\/\/www.teatrulreginamaria.ro\/hu\/wp-json\/wp\/v2\/types\/post"}],"author":[{"embeddable":true,"href":"https:\/\/www.teatrulreginamaria.ro\/hu\/wp-json\/wp\/v2\/users\/6"}],"replies":[{"embeddable":true,"href":"https:\/\/www.teatrulreginamaria.ro\/hu\/wp-json\/wp\/v2\/comments?post=1224"}],"version-history":[{"count":0,"href":"https:\/\/www.teatrulreginamaria.ro\/hu\/wp-json\/wp\/v2\/posts\/1224\/revisions"}],"wp:attachment":[{"href":"https:\/\/www.teatrulreginamaria.ro\/hu\/wp-json\/wp\/v2\/media?parent=1224"}],"wp:term":[{"taxonomy":"category","embeddable":true,"href":"https:\/\/www.teatrulreginamaria.ro\/hu\/wp-json\/wp\/v2\/categories?post=1224"},{"taxonomy":"post_tag","embeddable":true,"href":"https:\/\/www.teatrulreginamaria.ro\/hu\/wp-json\/wp\/v2\/tags?post=1224"}],"curies":[{"name":"munkaf\u00fczet","href":"https:\/\/api.w.org\/{rel}","templated":true}]}}