{"id":1230,"date":"2017-07-06T09:17:08","date_gmt":"2017-07-06T09:17:08","guid":{"rendered":"https:\/\/teatrulreginamaria.ro\/2017\/07\/06\/teatrul-regina-maria-la-fnt-2017-cu-doua-spectacole\/"},"modified":"2017-07-06T09:17:08","modified_gmt":"2017-07-06T09:17:08","slug":"queen-maria-szinhaz-az-fnt-2017-en-ket-eloadassal","status":"publish","type":"post","link":"https:\/\/www.teatrulreginamaria.ro\/hu\/teatrul-regina-maria-la-fnt-2017-cu-doua-spectacole\/","title":{"rendered":"REGINA MARIA SZ\u00cdNH\u00c1Z AZ FNT 2017-BEN K\u00c9T EL\u0150AD\u00c1SSAL"},"content":{"rendered":"<p>A Regina Maria Sz\u00ednh\u00e1z \u00f6r\u00f6mmel jelenti be, hogy k\u00e9t el\u0151ad\u00e1ssal vesz r\u00e9szt a 27. Orsz\u00e1gos Sz\u00ednh\u00e1zi Fesztiv\u00e1lon: A DADA KABARETUL, Matei Vi\u0219niec, rendezte Anca Bradu, \u00e9s A PIRANDELLO CAFENEAUA, dr\u00e1mai forgat\u00f3k\u00f6nyv: Anca M\u0103niu\u021biu, Pia\u021burandello sz\u00f6vegei alapj\u00e1n, Luhauigied: Luhauigied.<\/p>\n<p><!--more--><\/p>\n<p class=\"Standard\" style=\"text-align: justify;\"><span lang=\"RO\">A hivatalos v\u00e1logat\u00e1st j\u00falius 5-\u00e9n hirdette ki Marina Constantinescu kritikus, a fesztiv\u00e1l m\u0171v\u00e9szeti igazgat\u00f3ja \u00e9s v\u00e1logat\u00f3ja. Id\u00e9n okt\u00f3ber 20. \u00e9s 30. k\u00f6z\u00f6tt ker\u00fcl sor a sz\u00ednh\u00e1zi esem\u00e9nyre, amelynek sor\u00e1n 53 \u00e9rt\u00e9kes el\u0151ad\u00e1s ker\u00fcl bemutat\u00e1sra az orsz\u00e1g minden t\u00e1j\u00e1r\u00f3l a bukaresti sz\u00ednh\u00e1z sz\u00ednpad\u00e1n. Megtiszteltet\u00e9s sz\u00e1munkra, hogy ezek k\u00f6z\u00fcl kett\u0151 a Regina Maria Sz\u00ednh\u00e1z\u00e9.<\/span><\/p>\n<p class=\"Standard\" style=\"text-align: justify;\"><span lang=\"RO\">A Nemzeti Sz\u00ednh\u00e1zi Fesztiv\u00e1l Rom\u00e1nia egyik legfontosabb sz\u00ednh\u00e1zi esem\u00e9nye, amelyet az UNITER, a Bukaresti \u00d6nkorm\u00e1nyzat Kultur\u00e1lis K\u00f6zpontja \u00e9s az &quot;IL Caragiale&quot; Nemzeti Sz\u00ednh\u00e1z szervez a Rom\u00e1n Kultur\u00e1lis Int\u00e9zettel egy\u00fcttm\u0171k\u00f6dve, a Kultur\u00e1lis \u00e9s Nemzeti Identit\u00e1s Miniszt\u00e9riuma, valamint a Bukaresti V\u00e1rosh\u00e1za finansz\u00edroz\u00e1s\u00e1val. 1990 \u00f3ta rendk\u00edv\u00fcli lehet\u0151s\u00e9get k\u00edn\u00e1l a kultur\u00e1lis tal\u00e1lkoz\u00e1sokra \u00e9s a teljes rom\u00e1n kultur\u00e1lis \u00e9let sz\u00ednh\u00e1zi projektjeinek \u00e9rt\u00e9kel\u00e9s\u00e9re. A fesztiv\u00e1lt \u00e9vente rendezik meg, \u00e9s nem verseny jelleg\u0171, az ut\u00f3bbi \u00e9vekben pedig nemzetk\u00f6zi elemekkel is b\u0151v\u00fclt. <\/span><\/p>\n<p class=\"Standard\" style=\"text-align: justify;\"><span lang=\"RO\">Gratul\u00e1lok a nagyv\u00e1radi sz\u00ednh\u00e1znak \u00e9s a csapatoknak, akik \u00e9letre keltett\u00e9k a k\u00e9t el\u0151ad\u00e1st! <\/span><\/p>","protected":false},"excerpt":{"rendered":"<p>A Regina Maria Sz\u00ednh\u00e1z \u00f6r\u00f6mmel jelenti be, hogy k\u00e9t el\u0151ad\u00e1ssal vesz r\u00e9szt a 27. Orsz\u00e1gos Sz\u00ednh\u00e1zi Fesztiv\u00e1lon: A DADA KABARETUL, Matei Vi\u0219niec, rendezte Anca Bradu, \u00e9s A PIRANDELLO CAFENEAUA, dr\u00e1mai forgat\u00f3k\u00f6nyv: Anca M\u0103niu\u021biu, Pia\u021burandello sz\u00f6vegei alapj\u00e1n, Luhauigied: Luhauigied.<\/p>","protected":false},"author":6,"featured_media":0,"comment_status":"open","ping_status":"open","sticky":false,"template":"","format":"standard","meta":{"_acf_changed":false,"footnotes":""},"categories":[22],"tags":[],"class_list":["post-1230","post","type-post","status-publish","format-standard","hentry","category-noutati-trupa-iosif-vulcan"],"aioseo_notices":[],"aioseo_head":"\n\t\t<!-- All in One SEO Pro 5.0.1.1 - aioseo.com -->\n\t<meta name=\"description\" content=\"Teatrul Regina Maria are deosebita pl\u0103cere de a anun\u021ba c\u0103 va participa la cea de-a 27-a edi\u021bie a Festivalului Na\u021bional de Teatru cu dou\u0103 spectacole: CABARETUL DADA, de Matei Vi\u0219niec, regia Anca Bradu \u0219i CAFENEAUA PIRANDELLO, scenariu dramatic de Anca M\u0103niu\u021biu, dup\u0103 texte de Luigi Pirandello, regia Mihai M\u0103niu\u021biu. Selec\u021bia oficial\u0103 a fost anun\u021bat\u0103 \u00een\" \/>\n\t<meta name=\"robots\" content=\"max-image-preview:large\" \/>\n\t<meta name=\"author\" content=\"Teatrul Regina Maria\"\/>\n\t<link rel=\"canonical\" href=\"https:\/\/www.teatrulreginamaria.ro\/hu\/teatrul-regina-maria-la-fnt-2017-cu-doua-spectacole\/\" \/>\n\t<meta name=\"generator\" content=\"All in One SEO Pro (AIOSEO) 5.0.1.1\" \/>\n\t\t<meta property=\"og:locale\" content=\"hu_HU\" \/>\n\t\t<meta property=\"og:site_name\" content=\"Teatrul Regina Maria Oradea - Trupa Iosif Vulcan \u0219i Trupa Arcadia\" \/>\n\t\t<meta property=\"og:type\" content=\"article\" \/>\n\t\t<meta property=\"og:title\" content=\"TEATRUL REGINA MARIA LA FNT 2017 CU DOU\u0102 SPECTACOLE - Teatrul Regina Maria Oradea\" \/>\n\t\t<meta property=\"og:description\" content=\"Teatrul Regina Maria are deosebita pl\u0103cere de a anun\u021ba c\u0103 va participa la cea de-a 27-a edi\u021bie a Festivalului Na\u021bional de Teatru cu dou\u0103 spectacole: CABARETUL DADA, de Matei Vi\u0219niec, regia Anca Bradu \u0219i CAFENEAUA PIRANDELLO, scenariu dramatic de Anca M\u0103niu\u021biu, dup\u0103 texte de Luigi Pirandello, regia Mihai M\u0103niu\u021biu. Selec\u021bia oficial\u0103 a fost anun\u021bat\u0103 \u00een\" \/>\n\t\t<meta property=\"og:url\" content=\"https:\/\/www.teatrulreginamaria.ro\/hu\/teatrul-regina-maria-la-fnt-2017-cu-doua-spectacole\/\" \/>\n\t\t<meta property=\"og:image\" content=\"https:\/\/www.teatrulreginamaria.ro\/wp-content\/uploads\/2025\/03\/trm-istoric-01.jpg\" \/>\n\t\t<meta property=\"og:image:secure_url\" content=\"https:\/\/www.teatrulreginamaria.ro\/wp-content\/uploads\/2025\/03\/trm-istoric-01.jpg\" \/>\n\t\t<meta property=\"og:image:width\" content=\"1200\" \/>\n\t\t<meta property=\"og:image:height\" content=\"800\" \/>\n\t\t<meta property=\"article:published_time\" content=\"2017-07-06T09:17:08+00:00\" \/>\n\t\t<meta property=\"article:modified_time\" content=\"2017-07-06T09:17:08+00:00\" \/>\n\t\t<meta property=\"article:publisher\" content=\"https:\/\/www.facebook.com\/TRMTrupaIosifVulcan\/\" \/>\n\t\t<meta name=\"twitter:card\" content=\"summary_large_image\" \/>\n\t\t<meta name=\"twitter:site\" content=\"@TRMOradea\" \/>\n\t\t<meta name=\"twitter:title\" content=\"TEATRUL REGINA MARIA LA FNT 2017 CU DOU\u0102 SPECTACOLE - Teatrul Regina Maria Oradea\" \/>\n\t\t<meta name=\"twitter:description\" content=\"Teatrul Regina Maria are deosebita pl\u0103cere de a anun\u021ba c\u0103 va participa la cea de-a 27-a edi\u021bie a Festivalului Na\u021bional de Teatru cu dou\u0103 spectacole: CABARETUL DADA, de Matei Vi\u0219niec, regia Anca Bradu \u0219i CAFENEAUA PIRANDELLO, scenariu dramatic de Anca M\u0103niu\u021biu, dup\u0103 texte de Luigi Pirandello, regia Mihai M\u0103niu\u021biu. Selec\u021bia oficial\u0103 a fost anun\u021bat\u0103 \u00een\" \/>\n\t\t<meta name=\"twitter:creator\" content=\"@TRMOradea\" \/>\n\t\t<meta name=\"twitter:image\" content=\"https:\/\/www.teatrulreginamaria.ro\/wp-content\/uploads\/2025\/03\/trm-istoric-01.jpg\" \/>\n\t\t<script type=\"application\/ld+json\" class=\"aioseo-schema\">\n\t\t\t{\"@context\":\"https:\\\/\\\/schema.org\",\"@graph\":[{\"@type\":\"BlogPosting\",\"@id\":\"https:\\\/\\\/www.teatrulreginamaria.ro\\\/hu\\\/teatrul-regina-maria-la-fnt-2017-cu-doua-spectacole\\\/#blogposting\",\"name\":\"TEATRUL REGINA MARIA LA FNT 2017 CU DOU\\u0102 SPECTACOLE - Teatrul Regina Maria Oradea\",\"headline\":\"TEATRUL REGINA MARIA LA FNT 2017 CU DOU\\u0102 SPECTACOLE\",\"author\":{\"@id\":\"https:\\\/\\\/www.teatrulreginamaria.ro\\\/hu\\\/author\\\/w3bmaster\\\/#author\"},\"publisher\":{\"@id\":\"https:\\\/\\\/www.teatrulreginamaria.ro\\\/hu\\\/#organization\"},\"image\":{\"@type\":\"ImageObject\",\"url\":\"https:\\\/\\\/www.teatrulreginamaria.ro\\\/wp-content\\\/uploads\\\/2025\\\/06\\\/logo-trm-01-dark.png\",\"@id\":\"https:\\\/\\\/www.teatrulreginamaria.ro\\\/hu\\\/#articleImage\",\"width\":300,\"height\":148},\"datePublished\":\"2017-07-06T09:17:08+03:00\",\"dateModified\":\"2017-07-06T09:17:08+03:00\",\"inLanguage\":\"hu-HU\",\"mainEntityOfPage\":{\"@id\":\"https:\\\/\\\/www.teatrulreginamaria.ro\\\/hu\\\/teatrul-regina-maria-la-fnt-2017-cu-doua-spectacole\\\/#webpage\"},\"isPartOf\":{\"@id\":\"https:\\\/\\\/www.teatrulreginamaria.ro\\\/hu\\\/teatrul-regina-maria-la-fnt-2017-cu-doua-spectacole\\\/#webpage\"},\"articleSection\":\"Nout\\u0103\\u021bi - Trupa Iosif Vulcan\"},{\"@type\":\"BreadcrumbList\",\"@id\":\"https:\\\/\\\/www.teatrulreginamaria.ro\\\/hu\\\/teatrul-regina-maria-la-fnt-2017-cu-doua-spectacole\\\/#breadcrumblist\",\"itemListElement\":[{\"@type\":\"ListItem\",\"@id\":\"https:\\\/\\\/www.teatrulreginamaria.ro\\\/hu#listItem\",\"position\":1,\"name\":\"Home\",\"item\":\"https:\\\/\\\/www.teatrulreginamaria.ro\\\/hu\",\"nextItem\":{\"@type\":\"ListItem\",\"@id\":\"https:\\\/\\\/www.teatrulreginamaria.ro\\\/hu\\\/categorie\\\/noutati\\\/#listItem\",\"name\":\"Nout\\u0103\\u021bi\"}},{\"@type\":\"ListItem\",\"@id\":\"https:\\\/\\\/www.teatrulreginamaria.ro\\\/hu\\\/categorie\\\/noutati\\\/#listItem\",\"position\":2,\"name\":\"Nout\\u0103\\u021bi\",\"item\":\"https:\\\/\\\/www.teatrulreginamaria.ro\\\/hu\\\/categorie\\\/noutati\\\/\",\"nextItem\":{\"@type\":\"ListItem\",\"@id\":\"https:\\\/\\\/www.teatrulreginamaria.ro\\\/hu\\\/categorie\\\/noutati\\\/noutati-trupa-iosif-vulcan\\\/#listItem\",\"name\":\"Nout\\u0103\\u021bi - Trupa Iosif Vulcan\"},\"previousItem\":{\"@type\":\"ListItem\",\"@id\":\"https:\\\/\\\/www.teatrulreginamaria.ro\\\/hu#listItem\",\"name\":\"Home\"}},{\"@type\":\"ListItem\",\"@id\":\"https:\\\/\\\/www.teatrulreginamaria.ro\\\/hu\\\/categorie\\\/noutati\\\/noutati-trupa-iosif-vulcan\\\/#listItem\",\"position\":3,\"name\":\"Nout\\u0103\\u021bi - Trupa Iosif Vulcan\",\"item\":\"https:\\\/\\\/www.teatrulreginamaria.ro\\\/hu\\\/categorie\\\/noutati\\\/noutati-trupa-iosif-vulcan\\\/\",\"nextItem\":{\"@type\":\"ListItem\",\"@id\":\"https:\\\/\\\/www.teatrulreginamaria.ro\\\/hu\\\/teatrul-regina-maria-la-fnt-2017-cu-doua-spectacole\\\/#listItem\",\"name\":\"TEATRUL REGINA MARIA LA FNT 2017 CU DOU\\u0102 SPECTACOLE\"},\"previousItem\":{\"@type\":\"ListItem\",\"@id\":\"https:\\\/\\\/www.teatrulreginamaria.ro\\\/hu\\\/categorie\\\/noutati\\\/#listItem\",\"name\":\"Nout\\u0103\\u021bi\"}},{\"@type\":\"ListItem\",\"@id\":\"https:\\\/\\\/www.teatrulreginamaria.ro\\\/hu\\\/teatrul-regina-maria-la-fnt-2017-cu-doua-spectacole\\\/#listItem\",\"position\":4,\"name\":\"TEATRUL REGINA MARIA LA FNT 2017 CU DOU\\u0102 SPECTACOLE\",\"previousItem\":{\"@type\":\"ListItem\",\"@id\":\"https:\\\/\\\/www.teatrulreginamaria.ro\\\/hu\\\/categorie\\\/noutati\\\/noutati-trupa-iosif-vulcan\\\/#listItem\",\"name\":\"Nout\\u0103\\u021bi - Trupa Iosif Vulcan\"}}]},{\"@type\":\"Organization\",\"@id\":\"https:\\\/\\\/www.teatrulreginamaria.ro\\\/hu\\\/#organization\",\"name\":\"Teatrul Regina Maria Oradea\",\"description\":\"Trupa Iosif Vulcan \\u0219i Trupa Arcadia\",\"url\":\"https:\\\/\\\/www.teatrulreginamaria.ro\\\/hu\\\/\",\"email\":\"marketing@teatrulreginamaria.ro\",\"telephone\":\"+40359411534\",\"numberOfEmployees\":{\"@type\":\"QuantitativeValue\",\"minValue\":0,\"maxValue\":150},\"logo\":{\"@type\":\"ImageObject\",\"url\":\"https:\\\/\\\/www.teatrulreginamaria.ro\\\/wp-content\\\/uploads\\\/2025\\\/06\\\/logo-trm-01-dark.png\",\"@id\":\"https:\\\/\\\/www.teatrulreginamaria.ro\\\/hu\\\/teatrul-regina-maria-la-fnt-2017-cu-doua-spectacole\\\/#organizationLogo\",\"width\":300,\"height\":148},\"image\":{\"@id\":\"https:\\\/\\\/www.teatrulreginamaria.ro\\\/hu\\\/teatrul-regina-maria-la-fnt-2017-cu-doua-spectacole\\\/#organizationLogo\"},\"sameAs\":[\"https:\\\/\\\/www.facebook.com\\\/TRMTrupaIosifVulcan\\\/\",\"https:\\\/\\\/x.com\\\/TRMOradea\",\"https:\\\/\\\/www.instagram.com\\\/teatrul_regina_maria\\\/\",\"https:\\\/\\\/www.youtube.com\\\/c\\\/TeatrulReginaMariaOradea\",\"https:\\\/\\\/www.linkedin.com\\\/company\\\/teatrul-regina-maria\"]},{\"@type\":\"Person\",\"@id\":\"https:\\\/\\\/www.teatrulreginamaria.ro\\\/hu\\\/author\\\/w3bmaster\\\/#author\",\"url\":\"https:\\\/\\\/www.teatrulreginamaria.ro\\\/hu\\\/author\\\/w3bmaster\\\/\",\"name\":\"Teatrul Regina Maria\",\"image\":{\"@type\":\"ImageObject\",\"@id\":\"https:\\\/\\\/www.teatrulreginamaria.ro\\\/hu\\\/teatrul-regina-maria-la-fnt-2017-cu-doua-spectacole\\\/#authorImage\",\"url\":\"https:\\\/\\\/secure.gravatar.com\\\/avatar\\\/5884139d508ae3f0bafe45e60563b48a9640146d3b08ccc6278c305ff9329305?s=96&d=mm&r=g\",\"width\":96,\"height\":96,\"caption\":\"Teatrul Regina Maria\"}},{\"@type\":\"WebPage\",\"@id\":\"https:\\\/\\\/www.teatrulreginamaria.ro\\\/hu\\\/teatrul-regina-maria-la-fnt-2017-cu-doua-spectacole\\\/#webpage\",\"url\":\"https:\\\/\\\/www.teatrulreginamaria.ro\\\/hu\\\/teatrul-regina-maria-la-fnt-2017-cu-doua-spectacole\\\/\",\"name\":\"TEATRUL REGINA MARIA LA FNT 2017 CU DOU\\u0102 SPECTACOLE - Teatrul Regina Maria Oradea\",\"description\":\"Teatrul Regina Maria are deosebita pl\\u0103cere de a anun\\u021ba c\\u0103 va participa la cea de-a 27-a edi\\u021bie a Festivalului Na\\u021bional de Teatru cu dou\\u0103 spectacole: CABARETUL DADA, de Matei Vi\\u0219niec, regia Anca Bradu \\u0219i CAFENEAUA PIRANDELLO, scenariu dramatic de Anca M\\u0103niu\\u021biu, dup\\u0103 texte de Luigi Pirandello, regia Mihai M\\u0103niu\\u021biu. Selec\\u021bia oficial\\u0103 a fost anun\\u021bat\\u0103 \\u00een\",\"inLanguage\":\"hu-HU\",\"isPartOf\":{\"@id\":\"https:\\\/\\\/www.teatrulreginamaria.ro\\\/hu\\\/#website\"},\"breadcrumb\":{\"@id\":\"https:\\\/\\\/www.teatrulreginamaria.ro\\\/hu\\\/teatrul-regina-maria-la-fnt-2017-cu-doua-spectacole\\\/#breadcrumblist\"},\"author\":{\"@id\":\"https:\\\/\\\/www.teatrulreginamaria.ro\\\/hu\\\/author\\\/w3bmaster\\\/#author\"},\"creator\":{\"@id\":\"https:\\\/\\\/www.teatrulreginamaria.ro\\\/hu\\\/author\\\/w3bmaster\\\/#author\"},\"datePublished\":\"2017-07-06T09:17:08+03:00\",\"dateModified\":\"2017-07-06T09:17:08+03:00\"},{\"@type\":\"WebSite\",\"@id\":\"https:\\\/\\\/www.teatrulreginamaria.ro\\\/hu\\\/#website\",\"url\":\"https:\\\/\\\/www.teatrulreginamaria.ro\\\/hu\\\/\",\"name\":\"Teatrul Regina Maria Oradea\",\"alternateName\":\"TRM Oradea\",\"description\":\"Trupa Iosif Vulcan \\u0219i Trupa Arcadia\",\"inLanguage\":\"hu-HU\",\"publisher\":{\"@id\":\"https:\\\/\\\/www.teatrulreginamaria.ro\\\/hu\\\/#organization\"}}]}\n\t\t<\/script>\n\t\t<!-- All in One SEO Pro -->\r\n\t\t<title>TEATRUL REGINA MARIA LA FNT 2017 CU DOU\u0102 SPECTACOLE - Teatrul Regina Maria Oradea<\/title>\n\n","aioseo_head_json":{"title":"QUEEN MARIA SZ\u00cdNH\u00c1Z A 2017-ES FNT-N K\u00c9T EL\u0150AD\u00c1SSAL - Regina Maria Sz\u00ednh\u00e1z Nagyv\u00e1radon","description":"A Regina Maria Sz\u00ednh\u00e1z \u00f6r\u00f6mmel jelenti be, hogy k\u00e9t el\u0151ad\u00e1ssal vesz r\u00e9szt a 27. Orsz\u00e1gos Sz\u00ednh\u00e1zi Fesztiv\u00e1lon: A DADA KABAR\u00c9 (Matei Vi\u0219niec, rendezte: Anca Bradu) \u00e9s A PIRANDELLO CAFENEAUA (dr\u00e1mai forgat\u00f3k\u00f6nyv: Anca M\u0103niu\u021biu, Luigi Pirandello sz\u00f6vegei alapj\u00e1n, rendezte: Mihai M\u0103niu\u021biu). A hivatalos v\u00e1logat\u00e1st ...-ban hirdett\u00e9k ki.","canonical_url":"https:\/\/www.teatrulreginamaria.ro\/hu\/teatrul-regina-maria-la-fnt-2017-cu-doua-spectacole\/","robots":"max-image-preview:large","keywords":"","webmasterTools":{"miscellaneous":""},"schema":{"@context":"https:\/\/schema.org","@graph":[{"@type":"BlogPosting","@id":"https:\/\/www.teatrulreginamaria.ro\/hu\/teatrul-regina-maria-la-fnt-2017-cu-doua-spectacole\/#blogposting","name":"TEATRUL REGINA MARIA LA FNT 2017 CU DOU\u0102 SPECTACOLE - Teatrul Regina Maria Oradea","headline":"TEATRUL REGINA MARIA LA FNT 2017 CU DOU\u0102 SPECTACOLE","author":{"@id":"https:\/\/www.teatrulreginamaria.ro\/hu\/author\/w3bmaster\/#author"},"publisher":{"@id":"https:\/\/www.teatrulreginamaria.ro\/hu\/#organization"},"image":{"@type":"ImageObject","url":"https:\/\/www.teatrulreginamaria.ro\/wp-content\/uploads\/2025\/06\/logo-trm-01-dark.png","@id":"https:\/\/www.teatrulreginamaria.ro\/hu\/#articleImage","width":300,"height":148},"datePublished":"2017-07-06T09:17:08+03:00","dateModified":"2017-07-06T09:17:08+03:00","inLanguage":"hu-HU","mainEntityOfPage":{"@id":"https:\/\/www.teatrulreginamaria.ro\/hu\/teatrul-regina-maria-la-fnt-2017-cu-doua-spectacole\/#webpage"},"isPartOf":{"@id":"https:\/\/www.teatrulreginamaria.ro\/hu\/teatrul-regina-maria-la-fnt-2017-cu-doua-spectacole\/#webpage"},"articleSection":"Nout\u0103\u021bi - Trupa Iosif Vulcan"},{"@type":"BreadcrumbList","@id":"https:\/\/www.teatrulreginamaria.ro\/hu\/teatrul-regina-maria-la-fnt-2017-cu-doua-spectacole\/#breadcrumblist","itemListElement":[{"@type":"ListItem","@id":"https:\/\/www.teatrulreginamaria.ro\/hu#listItem","position":1,"name":"Home","item":"https:\/\/www.teatrulreginamaria.ro\/hu","nextItem":{"@type":"ListItem","@id":"https:\/\/www.teatrulreginamaria.ro\/hu\/categorie\/noutati\/#listItem","name":"Nout\u0103\u021bi"}},{"@type":"ListItem","@id":"https:\/\/www.teatrulreginamaria.ro\/hu\/categorie\/noutati\/#listItem","position":2,"name":"Nout\u0103\u021bi","item":"https:\/\/www.teatrulreginamaria.ro\/hu\/categorie\/noutati\/","nextItem":{"@type":"ListItem","@id":"https:\/\/www.teatrulreginamaria.ro\/hu\/categorie\/noutati\/noutati-trupa-iosif-vulcan\/#listItem","name":"Nout\u0103\u021bi - Trupa Iosif Vulcan"},"previousItem":{"@type":"ListItem","@id":"https:\/\/www.teatrulreginamaria.ro\/hu#listItem","name":"Home"}},{"@type":"ListItem","@id":"https:\/\/www.teatrulreginamaria.ro\/hu\/categorie\/noutati\/noutati-trupa-iosif-vulcan\/#listItem","position":3,"name":"Nout\u0103\u021bi - Trupa Iosif Vulcan","item":"https:\/\/www.teatrulreginamaria.ro\/hu\/categorie\/noutati\/noutati-trupa-iosif-vulcan\/","nextItem":{"@type":"ListItem","@id":"https:\/\/www.teatrulreginamaria.ro\/hu\/teatrul-regina-maria-la-fnt-2017-cu-doua-spectacole\/#listItem","name":"TEATRUL REGINA MARIA LA FNT 2017 CU DOU\u0102 SPECTACOLE"},"previousItem":{"@type":"ListItem","@id":"https:\/\/www.teatrulreginamaria.ro\/hu\/categorie\/noutati\/#listItem","name":"Nout\u0103\u021bi"}},{"@type":"ListItem","@id":"https:\/\/www.teatrulreginamaria.ro\/hu\/teatrul-regina-maria-la-fnt-2017-cu-doua-spectacole\/#listItem","position":4,"name":"TEATRUL REGINA MARIA LA FNT 2017 CU DOU\u0102 SPECTACOLE","previousItem":{"@type":"ListItem","@id":"https:\/\/www.teatrulreginamaria.ro\/hu\/categorie\/noutati\/noutati-trupa-iosif-vulcan\/#listItem","name":"Nout\u0103\u021bi - Trupa Iosif Vulcan"}}]},{"@type":"Organization","@id":"https:\/\/www.teatrulreginamaria.ro\/hu\/#organization","name":"Teatrul Regina Maria Oradea","description":"Trupa Iosif Vulcan \u0219i Trupa Arcadia","url":"https:\/\/www.teatrulreginamaria.ro\/hu\/","email":"marketing@teatrulreginamaria.ro","telephone":"+40359411534","numberOfEmployees":{"@type":"QuantitativeValue","minValue":0,"maxValue":150},"logo":{"@type":"ImageObject","url":"https:\/\/www.teatrulreginamaria.ro\/wp-content\/uploads\/2025\/06\/logo-trm-01-dark.png","@id":"https:\/\/www.teatrulreginamaria.ro\/hu\/teatrul-regina-maria-la-fnt-2017-cu-doua-spectacole\/#organizationLogo","width":300,"height":148},"image":{"@id":"https:\/\/www.teatrulreginamaria.ro\/hu\/teatrul-regina-maria-la-fnt-2017-cu-doua-spectacole\/#organizationLogo"},"sameAs":["https:\/\/www.facebook.com\/TRMTrupaIosifVulcan\/","https:\/\/x.com\/TRMOradea","https:\/\/www.instagram.com\/teatrul_regina_maria\/","https:\/\/www.youtube.com\/c\/TeatrulReginaMariaOradea","https:\/\/www.linkedin.com\/company\/teatrul-regina-maria"]},{"@type":"Person","@id":"https:\/\/www.teatrulreginamaria.ro\/hu\/author\/w3bmaster\/#author","url":"https:\/\/www.teatrulreginamaria.ro\/hu\/author\/w3bmaster\/","name":"Teatrul Regina Maria","image":{"@type":"ImageObject","@id":"https:\/\/www.teatrulreginamaria.ro\/hu\/teatrul-regina-maria-la-fnt-2017-cu-doua-spectacole\/#authorImage","url":"https:\/\/secure.gravatar.com\/avatar\/5884139d508ae3f0bafe45e60563b48a9640146d3b08ccc6278c305ff9329305?s=96&d=mm&r=g","width":96,"height":96,"caption":"Teatrul Regina Maria"}},{"@type":"WebPage","@id":"https:\/\/www.teatrulreginamaria.ro\/hu\/teatrul-regina-maria-la-fnt-2017-cu-doua-spectacole\/#webpage","url":"https:\/\/www.teatrulreginamaria.ro\/hu\/teatrul-regina-maria-la-fnt-2017-cu-doua-spectacole\/","name":"TEATRUL REGINA MARIA LA FNT 2017 CU DOU\u0102 SPECTACOLE - Teatrul Regina Maria Oradea","description":"Teatrul Regina Maria are deosebita pl\u0103cere de a anun\u021ba c\u0103 va participa la cea de-a 27-a edi\u021bie a Festivalului Na\u021bional de Teatru cu dou\u0103 spectacole: CABARETUL DADA, de Matei Vi\u0219niec, regia Anca Bradu \u0219i CAFENEAUA PIRANDELLO, scenariu dramatic de Anca M\u0103niu\u021biu, dup\u0103 texte de Luigi Pirandello, regia Mihai M\u0103niu\u021biu. Selec\u021bia oficial\u0103 a fost anun\u021bat\u0103 \u00een","inLanguage":"hu-HU","isPartOf":{"@id":"https:\/\/www.teatrulreginamaria.ro\/hu\/#website"},"breadcrumb":{"@id":"https:\/\/www.teatrulreginamaria.ro\/hu\/teatrul-regina-maria-la-fnt-2017-cu-doua-spectacole\/#breadcrumblist"},"author":{"@id":"https:\/\/www.teatrulreginamaria.ro\/hu\/author\/w3bmaster\/#author"},"creator":{"@id":"https:\/\/www.teatrulreginamaria.ro\/hu\/author\/w3bmaster\/#author"},"datePublished":"2017-07-06T09:17:08+03:00","dateModified":"2017-07-06T09:17:08+03:00"},{"@type":"WebSite","@id":"https:\/\/www.teatrulreginamaria.ro\/hu\/#website","url":"https:\/\/www.teatrulreginamaria.ro\/hu\/","name":"Teatrul Regina Maria Oradea","alternateName":"TRM Oradea","description":"Trupa Iosif Vulcan \u0219i Trupa Arcadia","inLanguage":"hu-HU","publisher":{"@id":"https:\/\/www.teatrulreginamaria.ro\/hu\/#organization"}}]},"og:locale":"hu_HU","og:site_name":"Teatrul Regina Maria Oradea - Trupa Iosif Vulcan \u0219i Trupa Arcadia","og:type":"article","og:title":"TEATRUL REGINA MARIA LA FNT 2017 CU DOU\u0102 SPECTACOLE - Teatrul Regina Maria Oradea","og:description":"Teatrul Regina Maria are deosebita pl\u0103cere de a anun\u021ba c\u0103 va participa la cea de-a 27-a edi\u021bie a Festivalului Na\u021bional de Teatru cu dou\u0103 spectacole: CABARETUL DADA, de Matei Vi\u0219niec, regia Anca Bradu \u0219i CAFENEAUA PIRANDELLO, scenariu dramatic de Anca M\u0103niu\u021biu, dup\u0103 texte de Luigi Pirandello, regia Mihai M\u0103niu\u021biu. Selec\u021bia oficial\u0103 a fost anun\u021bat\u0103 \u00een","og:url":"https:\/\/www.teatrulreginamaria.ro\/hu\/teatrul-regina-maria-la-fnt-2017-cu-doua-spectacole\/","og:image":"https:\/\/www.teatrulreginamaria.ro\/wp-content\/uploads\/2025\/03\/trm-istoric-01.jpg","og:image:secure_url":"https:\/\/www.teatrulreginamaria.ro\/wp-content\/uploads\/2025\/03\/trm-istoric-01.jpg","og:image:width":1200,"og:image:height":800,"article:published_time":"2017-07-06T09:17:08+00:00","article:modified_time":"2017-07-06T09:17:08+00:00","article:publisher":"https:\/\/www.facebook.com\/TRMTrupaIosifVulcan\/","twitter:card":"summary_large_image","twitter:site":"@TRMOradea","twitter:title":"TEATRUL REGINA MARIA LA FNT 2017 CU DOU\u0102 SPECTACOLE - Teatrul Regina Maria Oradea","twitter:description":"Teatrul Regina Maria are deosebita pl\u0103cere de a anun\u021ba c\u0103 va participa la cea de-a 27-a edi\u021bie a Festivalului Na\u021bional de Teatru cu dou\u0103 spectacole: CABARETUL DADA, de Matei Vi\u0219niec, regia Anca Bradu \u0219i CAFENEAUA PIRANDELLO, scenariu dramatic de Anca M\u0103niu\u021biu, dup\u0103 texte de Luigi Pirandello, regia Mihai M\u0103niu\u021biu. Selec\u021bia oficial\u0103 a fost anun\u021bat\u0103 \u00een","twitter:creator":"@TRMOradea","twitter:image":"https:\/\/www.teatrulreginamaria.ro\/wp-content\/uploads\/2025\/03\/trm-istoric-01.jpg"},"aioseo_meta_data":{"post_id":"1230","title":null,"description":null,"keywords":null,"keyphrases":null,"primary_term":null,"canonical_url":null,"og_title":null,"og_description":null,"og_object_type":"default","og_image_type":"default","og_image_url":null,"og_image_width":null,"og_image_height":null,"og_image_custom_url":null,"og_image_custom_fields":null,"og_video":null,"og_custom_url":null,"og_article_section":null,"og_article_tags":null,"twitter_use_og":false,"twitter_card":"default","twitter_image_type":"default","twitter_image_url":null,"twitter_image_custom_url":null,"twitter_image_custom_fields":null,"twitter_title":null,"twitter_description":null,"schema":{"blockGraphs":[],"customGraphs":[],"default":{"data":{"Article":[],"Course":[],"Dataset":[],"FAQPage":[],"Movie":[],"Person":[],"Product":[],"ProductReview":[],"Car":[],"Recipe":[],"Service":[],"SoftwareApplication":[],"WebPage":[]},"graphName":"","isEnabled":true},"graphs":[]},"schema_type":"default","schema_type_options":null,"pillar_content":false,"robots_default":true,"robots_noindex":false,"robots_noarchive":false,"robots_nosnippet":false,"robots_nofollow":false,"robots_noimageindex":false,"robots_noodp":false,"robots_notranslate":false,"robots_max_snippet":null,"robots_max_videopreview":null,"robots_max_imagepreview":"large","priority":null,"frequency":null,"local_seo":null,"seo_analyzer_scan_date":"2026-05-13 01:39:42","breadcrumb_settings":null,"limit_modified_date":false,"reviewed_by":null,"open_ai":null,"ai":null,"created":"2025-04-09 17:42:40","updated":"2026-05-13 01:39:42","focus_keyword":null,"additional_keywords":null,"truseo_locale":null},"aioseo_breadcrumb":"<div class=\"aioseo-breadcrumbs\"><span class=\"aioseo-breadcrumb\">\n\t<a href=\"https:\/\/www.teatrulreginamaria.ro\/hu\" title=\"Home\">Home<\/a>\n<\/span><span class=\"aioseo-breadcrumb-separator\">&raquo;<\/span><span class=\"aioseo-breadcrumb\">\n\t<a href=\"https:\/\/www.teatrulreginamaria.ro\/hu\/categorie\/noutati\/\" title=\"Nout\u0103\u021bi\">Nout\u0103\u021bi<\/a>\n<\/span><span class=\"aioseo-breadcrumb-separator\">&raquo;<\/span><span class=\"aioseo-breadcrumb\">\n\t<a href=\"https:\/\/www.teatrulreginamaria.ro\/hu\/categorie\/noutati\/noutati-trupa-iosif-vulcan\/\" title=\"Nout\u0103\u021bi - Trupa Iosif Vulcan\">Nout\u0103\u021bi - Trupa Iosif Vulcan<\/a>\n<\/span><span class=\"aioseo-breadcrumb-separator\">&raquo;<\/span><span class=\"aioseo-breadcrumb\">\n\tTEATRUL REGINA MARIA LA FNT 2017 CU DOU\u0102 SPECTACOLE\n<\/span><\/div>","aioseo_breadcrumb_json":[{"label":"Home","link":"https:\/\/www.teatrulreginamaria.ro\/hu"},{"label":"Nout\u0103\u021bi","link":"https:\/\/www.teatrulreginamaria.ro\/hu\/categorie\/noutati\/"},{"label":"Nout\u0103\u021bi - Trupa Iosif Vulcan","link":"https:\/\/www.teatrulreginamaria.ro\/hu\/categorie\/noutati\/noutati-trupa-iosif-vulcan\/"},{"label":"TEATRUL REGINA MARIA LA FNT 2017 CU DOU\u0102 SPECTACOLE","link":"https:\/\/www.teatrulreginamaria.ro\/hu\/teatrul-regina-maria-la-fnt-2017-cu-doua-spectacole\/"}],"acf":[],"_links":{"self":[{"href":"https:\/\/www.teatrulreginamaria.ro\/hu\/wp-json\/wp\/v2\/posts\/1230","targetHints":{"allow":["GET"]}}],"collection":[{"href":"https:\/\/www.teatrulreginamaria.ro\/hu\/wp-json\/wp\/v2\/posts"}],"about":[{"href":"https:\/\/www.teatrulreginamaria.ro\/hu\/wp-json\/wp\/v2\/types\/post"}],"author":[{"embeddable":true,"href":"https:\/\/www.teatrulreginamaria.ro\/hu\/wp-json\/wp\/v2\/users\/6"}],"replies":[{"embeddable":true,"href":"https:\/\/www.teatrulreginamaria.ro\/hu\/wp-json\/wp\/v2\/comments?post=1230"}],"version-history":[{"count":0,"href":"https:\/\/www.teatrulreginamaria.ro\/hu\/wp-json\/wp\/v2\/posts\/1230\/revisions"}],"wp:attachment":[{"href":"https:\/\/www.teatrulreginamaria.ro\/hu\/wp-json\/wp\/v2\/media?parent=1230"}],"wp:term":[{"taxonomy":"category","embeddable":true,"href":"https:\/\/www.teatrulreginamaria.ro\/hu\/wp-json\/wp\/v2\/categories?post=1230"},{"taxonomy":"post_tag","embeddable":true,"href":"https:\/\/www.teatrulreginamaria.ro\/hu\/wp-json\/wp\/v2\/tags?post=1230"}],"curies":[{"name":"munkaf\u00fczet","href":"https:\/\/api.w.org\/{rel}","templated":true}]}}